{"id":307230,"date":"2024-05-31T18:29:15","date_gmt":"2024-05-31T14:29:15","guid":{"rendered":"https:\/\/www.meydan.tv\/?p=307230"},"modified":"2024-05-31T22:27:19","modified_gmt":"2024-05-31T18:27:19","slug":"nicat-lenkeranskiye-sui-qesdde-gunahlandirilanlara-38-il-hebs-cezasi-kesilib","status":"publish","type":"post","link":"https:\/\/www.meydan.tv\/az\/article\/nicat-lenkeranskiye-sui-qesdde-gunahlandirilanlara-38-il-hebs-cezasi-kesilib\/","title":{"rendered":"\u201cNicat L\u0259nk\u0259ranski\u201dy\u0259 sui-q\u0259sdd\u0259 g\u00fcnahland\u0131r\u0131lanlara 38 il h\u0259bs c\u0259zas\u0131 k\u0259silib"},"content":{"rendered":"\n<p><\/p>\n\n\n\n<p><strong><em>T\u0259qsirl\u0259ndiril\u0259n \u015f\u0259xsl\u0259r c\u0259zan\u0131n a\u011f\u0131r oldu\u011funu deyibl\u0259r<\/em><\/strong><\/p>\n\n\n\n<p>Kriminal al\u0259md\u0259 \u201cNicat L\u0259nk\u0259ranski\u201d kimi tan\u0131nan Nicat \u018fkb\u0259rova qar\u015f\u0131 sui-q\u0259sdd\u0259 ittiham olunan \u00fc\u00e7 n\u0259f\u0259r &#8211; Ramal M\u0259mm\u0259dov, V\u00fcqar Quliyev v\u0259 \u015eahmar \u0130smay\u0131lovla ba\u011fl\u0131 bir il\u0259 yax\u0131nd\u0131r davam ed\u0259n m\u0259hk\u0259m\u0259 yekunla\u015f\u0131b.<\/p>\n\n\n\n<p>May\u0131n 31-d\u0259 Bak\u0131 A\u011f\u0131r Cinay\u0259tl\u0259r M\u0259hk\u0259m\u0259sind\u0259 onlara h\u00f6km oxunub.<\/p>\n\n\n\n<p>H\u00f6kmd\u0259n \u0259vv\u0259l is\u0259 t\u0259qsirl\u0259ndiril\u0259n \u015f\u0259xsl\u0259r son s\u00f6zl\u0259rini deyibl\u0259r.<\/p>\n\n\n\n<p>M\u0259hk\u0259m\u0259 prosesind\u0259 hakim V\u00fcqar Quliyev jurnalistl\u0259r\u0259 m\u00fcnasib\u0259td\u0259 ayr\u0131-se\u00e7kiliy\u0259 yol verib.<\/p>\n\n\n\n<p>O, televiziya kanallar\u0131n\u0131n \u0259m\u0259kda\u015flar\u0131na \u00e7\u0259kili\u015f aparma\u011fa icaz\u0259 vers\u0259 d\u0259, dig\u0259r media orqanlar\u0131n\u0131n n\u00fcmay\u0259nd\u0259l\u0259rin\u0259 imkan yaratmay\u0131b.<\/p>\n\n\n\n<p>H\u00f6km\u0259 \u0259sas\u0259n, t\u0259qsirl\u0259ndiril\u0259n \u015f\u0259xsl\u0259rd\u0259n \u015eahmar \u0130smay\u0131lov 13 il 6 ay, V\u00fcqar Quliyev 12 il 6 ay, Ramal M\u0259mm\u0259dov is\u0259 12 il azadl\u0131qdan m\u0259hrum edilib.<\/p>\n\n\n\n<p>Onlar Cinay\u0259t M\u0259c\u0259ll\u0259sinin 29,120.1 (q\u0259sd\u0259n adam \u00f6ld\u00fcrm\u0259y\u0259 c\u0259hd), 228.1 (qanunsuz silah saxlama) madd\u0259l\u0259ril\u0259 t\u0259qsirli bilinib.<\/p>\n\n\n\n<p>T\u0259qsirl\u0259ndiril\u0259n \u015f\u0259xsl\u0259rd\u0259n \u015eahmar \u0130smay\u0131lov son s\u00f6z\u00fcnd\u0259 bildirib ki, prokurorun ona ist\u0259diyi 14 il c\u0259za t\u0259l\u0259bi h\u0259ddind\u0259n art\u0131q a\u011f\u0131rd\u0131r.<\/p>\n\n\n\n<p>O etiraf edir ki, \u015f\u0259h\u0259rin m\u0259rk\u0259zind\u0259 odlu silahdan at\u0259\u015f a\u00e7maqla cinay\u0259t t\u00f6r\u0259dib, lakin bu \u0259m\u0259lin 14 il azadl\u0131qdan m\u0259hrumetm\u0259 q\u0259d\u0259r c\u0259zaya adekvat olmad\u0131\u011f\u0131n\u0131 deyir.<\/p>\n\n\n\n<p>Haz\u0131rda 28 ya\u015f\u0131 oldu\u011funu vur\u011fulayan \u015eahmar \u0130smay\u0131lovun s\u00f6zl\u0259rin\u0259 g\u00f6r\u0259, ona t\u0259l\u0259b olunan c\u0259za 40 ya\u015f\u0131nda h\u0259bsd\u0259n burax\u0131lmas\u0131 dem\u0259kdir.<\/p>\n\n\n\n<p>Bu q\u0259d\u0259r a\u011f\u0131r c\u0259za is\u0259 onun islah olunmas\u0131na xidm\u0259t etm\u0259y\u0259c\u0259k.<\/p>\n\n\n\n<p>O vur\u011fulay\u0131b ki, \u201cNicat L\u0259nk\u0259ranski\u201dni \u00f6ld\u00fcrm\u0259k niyy\u0259ti olmay\u0131b:<\/p>\n\n\n\n<p>\u201c<em>M\u0259n 40 ya\u015f\u0131nda h\u0259bsd\u0259n \u00e7\u0131xanda nec\u0259 h\u0259yat quraca\u011fam? \u00d6ld\u00fcrm\u0259k ist\u0259s\u0259ydim, onu \u00e7a\u011f\u0131rmazd\u0131m, el\u0259 \u00fcz\u00fc o biri t\u0259r\u0259f\u0259 olark\u0259n g\u00fcll\u0259l\u0259y\u0259rdim. Hadis\u0259 yerind\u0259 ma\u015f\u0131n\u0131 z\u0259d\u0259l\u0259n\u0259nl\u0259r\u0259 ziyan d\u0259ydiyin\u0259 g\u00f6r\u0259 onlardan \u00fczr ist\u0259yir\u0259m\u201d.<\/em><\/p>\n\n\n\n<p>T\u0259qsirl\u0259ndiril\u0259n V\u00fcqar Quliyev bildirib ki, o, \u00fcmumiyy\u0259tl\u0259, z\u0259r\u0259r\u00e7\u0259kmi\u015f qismind\u0259 tan\u0131nan \u201cNicat L\u0259nk\u0259ranski\u201dni tan\u0131m\u0131r. Bu s\u0259b\u0259bd\u0259n onu \u00f6ld\u00fcrm\u0259y\u0259 c\u0259hd etm\u0259si bar\u0259d\u0259 ittiham\u0131 da absurd say\u0131r:<\/p>\n\n\n\n<p>\u201c<em>M\u0259n bilmir\u0259m ki, kimin kiminl\u0259 n\u0259 d\u00fc\u015fm\u0259n\u00e7iliyi var. Ara yerd\u0259 bizi d\u0259 bu i\u015f\u0259 qatd\u0131lar. M\u0259n t\u0259l\u0259b\u0259 idim, g\u0259l\u0259c\u0259yim vard\u0131. Ham\u0131s\u0131 m\u0259hv oldu. \u0130\u015f\u0259 d\u00fczg\u00fcn baxmaq laz\u0131md\u0131r. \u0130nsan taleyind\u0259n s\u00f6hb\u0259t gedir\u201d.<\/em><\/p>\n\n\n\n<p>Ramal M\u0259mm\u0259dov \u00fcmumiyy\u0259tl\u0259, hadis\u0259 vaxt\u0131 evd\u0259 oldu\u011funu deyib.<\/p>\n\n\n\n<p>O da prokurorun a\u011f\u0131r c\u0259za t\u0259l\u0259bin\u0259 etiraz edib. Lakin q\u0131sa m\u00fc\u015favir\u0259d\u0259n sonra V\u00fcqar Quliyevin s\u0259drlik etdiyi, Ayt\u0259n \u018fliyeva v\u0259 Siyavu\u015f Hac\u0131yevd\u0259n ibar\u0259t hakiml\u0259r kollegiyas\u0131 t\u0259qsirl\u0259ndiril\u0259n \u015f\u0259xsl\u0259r\u0259 prokurorun ist\u0259diyin\u0259 yax\u0131n c\u0259za k\u0259sib.<\/p>\n\n\n\n<p>Bu cinay\u0259t i\u015find\u0259 s\u00f6hb\u0259t 2023-c\u00fc ilin mart\u0131nda Bak\u0131n\u0131n m\u0259rk\u0259zind\u0259 &#8211; \u201cT\u0259z\u0259 bazar\u201d\u0131n yax\u0131nl\u0131\u011f\u0131nda iki n\u0259f\u0259rin g\u00fcll\u0259l\u0259ndiyi hadis\u0259d\u0259n gedir.<\/p>\n\n\n\n<p>\u0130ttihama \u0259sas\u0259n, h\u0259min hadis\u0259d\u0259 Nicat \u018fkb\u0259rovun \u00f6ld\u00fcr\u00fclm\u0259si planla\u015fd\u0131r\u0131lsa da, at\u0131lan g\u00fcll\u0259l\u0259r ba\u015fqas\u0131na d\u0259ymi\u015fdi.<\/p>\n\n\n\n<p>1983-c\u00fc il t\u0259v\u0259ll\u00fcdl\u00fc Nicat \u018fkb\u0259rov bu cinay\u0259t i\u015fi \u00fczr\u0259 z\u0259r\u0259r\u00e7\u0259kmi\u015f qismind\u0259 tan\u0131n\u0131b.<\/p>\n\n\n\n<p>O, m\u0259hk\u0259m\u0259nin haz\u0131rl\u0131q iclas\u0131nda deyib ki, t\u0259qsirl\u0259ndiril\u0259n \u015f\u0259xsl\u0259rd\u0259n \u015fikay\u0259t\u00e7i deyil.<\/p>\n\n\n\n<p>Onunla yana\u015f\u0131, daha iki n\u0259f\u0259r z\u0259r\u0259r\u00e7\u0259kmi\u015f qismind\u0259 tan\u0131nan var. Bunlar F\u0259qan R\u0259himli v\u0259 Tamerlan H\u00fcseynovdur. Adlar\u0131 \u00e7\u0259kil\u0259n \u015f\u0259xsl\u0259r is\u0259 hadis\u0259 vaxt\u0131 x\u0259sar\u0259t alanlard\u0131r.<\/p>\n\n\n\n<p>\u0130ttiham akt\u0131nda g\u00f6st\u0259rilib ki, \u201cNicat L\u0259nk\u0259ranski\u201dnin q\u0259tlinin sifari\u015fini xarici \u00f6lk\u0259d\u0259 ya\u015fayan, kriminal al\u0259md\u0259 \u201cEmin Nax\u00e7\u0131vanski\u201d kimi tan\u0131nan Emin Qas\u0131mov haz\u0131rda m\u0259hk\u0259m\u0259 qar\u015f\u0131s\u0131nda dayanan \u015f\u0259xsl\u0259rd\u0259n \u015eahmar \u0130smay\u0131lova verib.<\/p>\n\n\n\n<p>Onlar bu bar\u0259d\u0259 telefonla dan\u0131\u015f\u0131blar.<\/p>\n\n\n\n<p>Emin Qas\u0131mov ona s\u00f6z verib ki, bu i\u015fi g\u00f6r\u0259nd\u0259n sonra onun \u0130stanbula \u00e7\u0131x\u0131b getm\u0259sin\u0259, orada ya\u015famas\u0131na k\u00f6m\u0259k ed\u0259c\u0259k.<\/p>\n\n\n\n<p>\u0130ddia olunur ki, \u015eahmar \u0130smay\u0131lov da \u00f6z n\u00f6vb\u0259sind\u0259 bu i\u015fi Ramal M\u0259mm\u0259dov v\u0259 V\u00fcqar Quliyevl\u0259 raz\u0131la\u015fd\u0131r\u0131b.<\/p>\n\n\n\n<p>Onlar Nicat \u018fkb\u0259rovun ya\u015fad\u0131\u011f\u0131 evi m\u00fc\u0259yy\u0259nl\u0259\u015fdiribl\u0259r, onu bir m\u00fcdd\u0259t izl\u0259yibl\u0259r.<\/p>\n\n\n\n<p>Cinay\u0259t i\u015finin materiallar\u0131nda yaz\u0131l\u0131b ki, q\u0259tlin sifari\u015fi \u00fc\u00e7\u00fcn Emin Qas\u0131mov \u015eahmar \u0130smay\u0131lova ilkin olaraq 950 manat g\u00f6nd\u0259rib.<\/p>\n\n\n\n<p>Hadis\u0259 g\u00fcn\u00fc Nicat \u018fkb\u0259rov \u201cVurgun Residence\u201dd\u0259n \u00e7\u0131x\u0131b ma\u015f\u0131n\u0131na min\u0259nd\u0259 ona t\u0259r\u0259f at\u0259\u015f a\u00e7\u0131l\u0131b. Lakin o, g\u00fcll\u0259l\u0259rd\u0259n yay\u0131n\u0131b.<\/p>\n\n\n\n<p>Hadis\u0259d\u0259n sonra t\u0259qsirl\u0259ndiril\u0259n \u015f\u0259xsl\u0259r \u00f6lk\u0259ni t\u0259rk etm\u0259k ist\u0259s\u0259l\u0259r d\u0259, hava liman\u0131nda saxlan\u0131l\u0131blar.<\/p>\n\n\n\n<p>Nicat \u018fkb\u0259rovun \u00f6z\u00fc d\u0259 bu hadis\u0259d\u0259n az sonra h\u0259bs olunub. O, m\u0259hk\u0259m\u0259y\u0259 d\u0259 t\u0259cridxanadan g\u0259tirilmi\u015fdi.<\/p>\n\n\n\n<p>Bildirmi\u015fdi ki, bundan sonrak\u0131 m\u0259hk\u0259m\u0259 iclaslar\u0131nda i\u015ftirak etm\u0259k ist\u0259mir.<\/p>\n\n\n\n<p>Nicat \u018fkb\u0259rova 2024-c\u00fc ilin mart\u0131nda h\u00f6km oxunub.<\/p>\n\n\n\n<p>O, narkotik ittiham\u0131yla 1 il 1 ay azadl\u0131qdan m\u0259hrum edilib.<\/p>\n","protected":false},"excerpt":{"rendered":"<p>T\u0259qsirl\u0259ndiril\u0259n \u015f\u0259xsl\u0259r c\u0259zan\u0131n a\u011f\u0131r oldu\u011funu deyibl\u0259r Kriminal al\u0259md\u0259 \u201cNicat L\u0259nk\u0259ranski\u201d &#8230; <\/p>\n<p class=\"read-more-container\"><a title=\"\u201cNicat L\u0259nk\u0259ranski\u201dy\u0259 sui-q\u0259sdd\u0259 g\u00fcnahland\u0131r\u0131lanlara 38 il h\u0259bs c\u0259zas\u0131 k\u0259silib\" class=\"read-more button\" href=\"https:\/\/www.meydan.tv\/az\/article\/nicat-lenkeranskiye-sui-qesdde-gunahlandirilanlara-38-il-hebs-cezasi-kesilib\/#more-307230\" aria-label=\"Read more about \u201cNicat L\u0259nk\u0259ranski\u201dy\u0259 sui-q\u0259sdd\u0259 g\u00fcnahland\u0131r\u0131lanlara 38 il h\u0259bs c\u0259zas\u0131 k\u0259silib\">Davam\u0131<\/a><\/p>\n","protected":false},"author":8,"featured_media":131384,"comment_status":"closed","ping_status":"closed","sticky":false,"template":"","format":"standard","meta":{"_acf_changed":false,"_sitemap_exclude":false,"_sitemap_priority":"","_sitemap_frequency":"","footnotes":""},"categories":[62,56],"tags":[],"class_list":["post-307230","post","type-post","status-publish","format-standard","has-post-thumbnail","hentry","category-sosial","category-xeberler","infinite-scroll-item","generate-columns","tablet-grid-50","mobile-grid-100","grid-parent","grid-33","no-featured-image-padding"],"acf":[],"yoast_head":"<!-- This site is optimized with the Yoast SEO plugin v27.5 - https:\/\/yoast.com\/product\/yoast-seo-wordpress\/ -->\n<title>\u201cNicat L\u0259nk\u0259ranski\u201dy\u0259 sui-q\u0259sdd\u0259 g\u00fcnahland\u0131r\u0131lanlara 38 il h\u0259bs c\u0259zas\u0131 k\u0259silib - MEYDAN.TV<\/title>\n<meta name=\"robots\" content=\"index, follow, max-snippet:-1, max-image-preview:large, max-video-preview:-1\" \/>\n<link rel=\"canonical\" href=\"https:\/\/www.meydan.tv\/az\/article\/nicat-lenkeranskiye-sui-qesdde-gunahlandirilanlara-38-il-hebs-cezasi-kesilib\/\" \/>\n<meta property=\"og:locale\" content=\"az_AZ\" \/>\n<meta property=\"og:type\" content=\"article\" \/>\n<meta property=\"og:title\" content=\"\u201cNicat L\u0259nk\u0259ranski\u201dy\u0259 sui-q\u0259sdd\u0259 g\u00fcnahland\u0131r\u0131lanlara 38 il h\u0259bs c\u0259zas\u0131 k\u0259silib - MEYDAN.TV\" \/>\n<meta property=\"og:description\" content=\"T\u0259qsirl\u0259ndiril\u0259n \u015f\u0259xsl\u0259r c\u0259zan\u0131n a\u011f\u0131r oldu\u011funu deyibl\u0259r Kriminal al\u0259md\u0259 \u201cNicat L\u0259nk\u0259ranski\u201d ... Davam\u0131\" \/>\n<meta property=\"og:url\" content=\"https:\/\/www.meydan.tv\/az\/article\/nicat-lenkeranskiye-sui-qesdde-gunahlandirilanlara-38-il-hebs-cezasi-kesilib\/\" \/>\n<meta property=\"og:site_name\" content=\"MEYDAN.TV\" \/>\n<meta property=\"article:published_time\" content=\"2024-05-31T14:29:15+00:00\" \/>\n<meta property=\"article:modified_time\" content=\"2024-05-31T18:27:19+00:00\" \/>\n<meta property=\"og:image\" content=\"https:\/\/www.meydan.tv\/wp-content\/uploads\/410827945_4j7bzkk.jpg\" \/>\n\t<meta property=\"og:image:width\" content=\"1000\" \/>\n\t<meta property=\"og:image:height\" content=\"541\" \/>\n\t<meta property=\"og:image:type\" content=\"image\/jpeg\" \/>\n<meta name=\"author\" content=\"elli\" \/>\n<meta name=\"twitter:card\" content=\"summary_large_image\" \/>\n<meta name=\"twitter:creator\" content=\"@elli\" \/>\n<script type=\"application\/ld+json\" class=\"yoast-schema-graph\">{\"@context\":\"https:\\\/\\\/schema.org\",\"@graph\":[{\"@type\":\"Article\",\"@id\":\"https:\\\/\\\/www.meydan.tv\\\/az\\\/article\\\/nicat-lenkeranskiye-sui-qesdde-gunahlandirilanlara-38-il-hebs-cezasi-kesilib\\\/#article\",\"isPartOf\":{\"@id\":\"https:\\\/\\\/www.meydan.tv\\\/az\\\/article\\\/nicat-lenkeranskiye-sui-qesdde-gunahlandirilanlara-38-il-hebs-cezasi-kesilib\\\/\"},\"author\":{\"name\":\"elli\",\"@id\":\"https:\\\/\\\/www.meydan.tv\\\/az\\\/#\\\/schema\\\/person\\\/9cdbecf90d17180ce1dfbd95b08dcf47\"},\"headline\":\"\u201cNicat L\u0259nk\u0259ranski\u201dy\u0259 sui-q\u0259sdd\u0259 g\u00fcnahland\u0131r\u0131lanlara 38 il h\u0259bs c\u0259zas\u0131 k\u0259silib\",\"datePublished\":\"2024-05-31T14:29:15+00:00\",\"dateModified\":\"2024-05-31T18:27:19+00:00\",\"mainEntityOfPage\":{\"@id\":\"https:\\\/\\\/www.meydan.tv\\\/az\\\/article\\\/nicat-lenkeranskiye-sui-qesdde-gunahlandirilanlara-38-il-hebs-cezasi-kesilib\\\/\"},\"wordCount\":1017,\"publisher\":{\"@id\":\"https:\\\/\\\/www.meydan.tv\\\/az\\\/#organization\"},\"image\":{\"@id\":\"https:\\\/\\\/www.meydan.tv\\\/az\\\/article\\\/nicat-lenkeranskiye-sui-qesdde-gunahlandirilanlara-38-il-hebs-cezasi-kesilib\\\/#primaryimage\"},\"thumbnailUrl\":\"https:\\\/\\\/www.meydan.tv\\\/wp-content\\\/uploads\\\/410827945_4j7bzkk.jpg\",\"articleSection\":[\"Sosial\",\"X\u0259b\u0259rl\u0259r\"],\"inLanguage\":\"az\"},{\"@type\":\"WebPage\",\"@id\":\"https:\\\/\\\/www.meydan.tv\\\/az\\\/article\\\/nicat-lenkeranskiye-sui-qesdde-gunahlandirilanlara-38-il-hebs-cezasi-kesilib\\\/\",\"url\":\"https:\\\/\\\/www.meydan.tv\\\/az\\\/article\\\/nicat-lenkeranskiye-sui-qesdde-gunahlandirilanlara-38-il-hebs-cezasi-kesilib\\\/\",\"name\":\"\u201cNicat L\u0259nk\u0259ranski\u201dy\u0259 sui-q\u0259sdd\u0259 g\u00fcnahland\u0131r\u0131lanlara 38 il h\u0259bs c\u0259zas\u0131 k\u0259silib - MEYDAN.TV\",\"isPartOf\":{\"@id\":\"https:\\\/\\\/www.meydan.tv\\\/az\\\/#website\"},\"primaryImageOfPage\":{\"@id\":\"https:\\\/\\\/www.meydan.tv\\\/az\\\/article\\\/nicat-lenkeranskiye-sui-qesdde-gunahlandirilanlara-38-il-hebs-cezasi-kesilib\\\/#primaryimage\"},\"image\":{\"@id\":\"https:\\\/\\\/www.meydan.tv\\\/az\\\/article\\\/nicat-lenkeranskiye-sui-qesdde-gunahlandirilanlara-38-il-hebs-cezasi-kesilib\\\/#primaryimage\"},\"thumbnailUrl\":\"https:\\\/\\\/www.meydan.tv\\\/wp-content\\\/uploads\\\/410827945_4j7bzkk.jpg\",\"datePublished\":\"2024-05-31T14:29:15+00:00\",\"dateModified\":\"2024-05-31T18:27:19+00:00\",\"breadcrumb\":{\"@id\":\"https:\\\/\\\/www.meydan.tv\\\/az\\\/article\\\/nicat-lenkeranskiye-sui-qesdde-gunahlandirilanlara-38-il-hebs-cezasi-kesilib\\\/#breadcrumb\"},\"inLanguage\":\"az\",\"potentialAction\":[{\"@type\":\"ReadAction\",\"target\":[\"https:\\\/\\\/www.meydan.tv\\\/az\\\/article\\\/nicat-lenkeranskiye-sui-qesdde-gunahlandirilanlara-38-il-hebs-cezasi-kesilib\\\/\"]}]},{\"@type\":\"ImageObject\",\"inLanguage\":\"az\",\"@id\":\"https:\\\/\\\/www.meydan.tv\\\/az\\\/article\\\/nicat-lenkeranskiye-sui-qesdde-gunahlandirilanlara-38-il-hebs-cezasi-kesilib\\\/#primaryimage\",\"url\":\"https:\\\/\\\/www.meydan.tv\\\/wp-content\\\/uploads\\\/410827945_4j7bzkk.jpg\",\"contentUrl\":\"https:\\\/\\\/www.meydan.tv\\\/wp-content\\\/uploads\\\/410827945_4j7bzkk.jpg\",\"width\":1000,\"height\":541,\"caption\":\"Foto: Meydan TV\"},{\"@type\":\"BreadcrumbList\",\"@id\":\"https:\\\/\\\/www.meydan.tv\\\/az\\\/article\\\/nicat-lenkeranskiye-sui-qesdde-gunahlandirilanlara-38-il-hebs-cezasi-kesilib\\\/#breadcrumb\",\"itemListElement\":[{\"@type\":\"ListItem\",\"position\":1,\"name\":\"Ana s\u0259hif\u0259\",\"item\":\"https:\\\/\\\/www.meydan.tv\\\/az\\\/\"},{\"@type\":\"ListItem\",\"position\":2,\"name\":\"Sosial\",\"item\":\"https:\\\/\\\/www.meydan.tv\\\/az\\\/section\\\/sosial\\\/\"},{\"@type\":\"ListItem\",\"position\":3,\"name\":\"\u201cNicat L\u0259nk\u0259ranski\u201dy\u0259 sui-q\u0259sdd\u0259 g\u00fcnahland\u0131r\u0131lanlara 38 il h\u0259bs c\u0259zas\u0131 k\u0259silib\"}]},{\"@type\":\"WebSite\",\"@id\":\"https:\\\/\\\/www.meydan.tv\\\/az\\\/#website\",\"url\":\"https:\\\/\\\/www.meydan.tv\\\/az\\\/\",\"name\":\"MEYDAN.TV\",\"description\":\"Meydan TV Az\u0259rbaycan\u0131n media m\u0259kan\u0131ndak\u0131 alternativ s\u0259sidir\",\"publisher\":{\"@id\":\"https:\\\/\\\/www.meydan.tv\\\/az\\\/#organization\"},\"potentialAction\":[{\"@type\":\"SearchAction\",\"target\":{\"@type\":\"EntryPoint\",\"urlTemplate\":\"https:\\\/\\\/www.meydan.tv\\\/az\\\/?s={search_term_string}\"},\"query-input\":{\"@type\":\"PropertyValueSpecification\",\"valueRequired\":true,\"valueName\":\"search_term_string\"}}],\"inLanguage\":\"az\"},{\"@type\":\"Organization\",\"@id\":\"https:\\\/\\\/www.meydan.tv\\\/az\\\/#organization\",\"name\":\"Meydan TV\",\"url\":\"https:\\\/\\\/www.meydan.tv\\\/az\\\/\",\"logo\":{\"@type\":\"ImageObject\",\"inLanguage\":\"az\",\"@id\":\"https:\\\/\\\/www.meydan.tv\\\/az\\\/#\\\/schema\\\/logo\\\/image\\\/\",\"url\":\"https:\\\/\\\/www.meydan.tv\\\/wp-content\\\/uploads\\\/2021\\\/07\\\/meydan-logo.svg\",\"contentUrl\":\"https:\\\/\\\/www.meydan.tv\\\/wp-content\\\/uploads\\\/2021\\\/07\\\/meydan-logo.svg\",\"width\":195,\"height\":46,\"caption\":\"Meydan TV\"},\"image\":{\"@id\":\"https:\\\/\\\/www.meydan.tv\\\/az\\\/#\\\/schema\\\/logo\\\/image\\\/\"}},{\"@type\":\"Person\",\"@id\":\"https:\\\/\\\/www.meydan.tv\\\/az\\\/#\\\/schema\\\/person\\\/9cdbecf90d17180ce1dfbd95b08dcf47\",\"name\":\"elli\",\"sameAs\":[\"https:\\\/\\\/x.com\\\/elli\"]}]}<\/script>\n<!-- \/ Yoast SEO plugin. -->","yoast_head_json":{"title":"\u201cNicat L\u0259nk\u0259ranski\u201dy\u0259 sui-q\u0259sdd\u0259 g\u00fcnahland\u0131r\u0131lanlara 38 il h\u0259bs c\u0259zas\u0131 k\u0259silib - MEYDAN.TV","robots":{"index":"index","follow":"follow","max-snippet":"max-snippet:-1","max-image-preview":"max-image-preview:large","max-video-preview":"max-video-preview:-1"},"canonical":"https:\/\/www.meydan.tv\/az\/article\/nicat-lenkeranskiye-sui-qesdde-gunahlandirilanlara-38-il-hebs-cezasi-kesilib\/","og_locale":"az_AZ","og_type":"article","og_title":"\u201cNicat L\u0259nk\u0259ranski\u201dy\u0259 sui-q\u0259sdd\u0259 g\u00fcnahland\u0131r\u0131lanlara 38 il h\u0259bs c\u0259zas\u0131 k\u0259silib - MEYDAN.TV","og_description":"T\u0259qsirl\u0259ndiril\u0259n \u015f\u0259xsl\u0259r c\u0259zan\u0131n a\u011f\u0131r oldu\u011funu deyibl\u0259r Kriminal al\u0259md\u0259 \u201cNicat L\u0259nk\u0259ranski\u201d ... Davam\u0131","og_url":"https:\/\/www.meydan.tv\/az\/article\/nicat-lenkeranskiye-sui-qesdde-gunahlandirilanlara-38-il-hebs-cezasi-kesilib\/","og_site_name":"MEYDAN.TV","article_published_time":"2024-05-31T14:29:15+00:00","article_modified_time":"2024-05-31T18:27:19+00:00","og_image":[{"width":1000,"height":541,"url":"https:\/\/www.meydan.tv\/wp-content\/uploads\/410827945_4j7bzkk.jpg","type":"image\/jpeg"}],"author":"elli","twitter_card":"summary_large_image","twitter_creator":"@elli","schema":{"@context":"https:\/\/schema.org","@graph":[{"@type":"Article","@id":"https:\/\/www.meydan.tv\/az\/article\/nicat-lenkeranskiye-sui-qesdde-gunahlandirilanlara-38-il-hebs-cezasi-kesilib\/#article","isPartOf":{"@id":"https:\/\/www.meydan.tv\/az\/article\/nicat-lenkeranskiye-sui-qesdde-gunahlandirilanlara-38-il-hebs-cezasi-kesilib\/"},"author":{"name":"elli","@id":"https:\/\/www.meydan.tv\/az\/#\/schema\/person\/9cdbecf90d17180ce1dfbd95b08dcf47"},"headline":"\u201cNicat L\u0259nk\u0259ranski\u201dy\u0259 sui-q\u0259sdd\u0259 g\u00fcnahland\u0131r\u0131lanlara 38 il h\u0259bs c\u0259zas\u0131 k\u0259silib","datePublished":"2024-05-31T14:29:15+00:00","dateModified":"2024-05-31T18:27:19+00:00","mainEntityOfPage":{"@id":"https:\/\/www.meydan.tv\/az\/article\/nicat-lenkeranskiye-sui-qesdde-gunahlandirilanlara-38-il-hebs-cezasi-kesilib\/"},"wordCount":1017,"publisher":{"@id":"https:\/\/www.meydan.tv\/az\/#organization"},"image":{"@id":"https:\/\/www.meydan.tv\/az\/article\/nicat-lenkeranskiye-sui-qesdde-gunahlandirilanlara-38-il-hebs-cezasi-kesilib\/#primaryimage"},"thumbnailUrl":"https:\/\/www.meydan.tv\/wp-content\/uploads\/410827945_4j7bzkk.jpg","articleSection":["Sosial","X\u0259b\u0259rl\u0259r"],"inLanguage":"az"},{"@type":"WebPage","@id":"https:\/\/www.meydan.tv\/az\/article\/nicat-lenkeranskiye-sui-qesdde-gunahlandirilanlara-38-il-hebs-cezasi-kesilib\/","url":"https:\/\/www.meydan.tv\/az\/article\/nicat-lenkeranskiye-sui-qesdde-gunahlandirilanlara-38-il-hebs-cezasi-kesilib\/","name":"\u201cNicat L\u0259nk\u0259ranski\u201dy\u0259 sui-q\u0259sdd\u0259 g\u00fcnahland\u0131r\u0131lanlara 38 il h\u0259bs c\u0259zas\u0131 k\u0259silib - MEYDAN.TV","isPartOf":{"@id":"https:\/\/www.meydan.tv\/az\/#website"},"primaryImageOfPage":{"@id":"https:\/\/www.meydan.tv\/az\/article\/nicat-lenkeranskiye-sui-qesdde-gunahlandirilanlara-38-il-hebs-cezasi-kesilib\/#primaryimage"},"image":{"@id":"https:\/\/www.meydan.tv\/az\/article\/nicat-lenkeranskiye-sui-qesdde-gunahlandirilanlara-38-il-hebs-cezasi-kesilib\/#primaryimage"},"thumbnailUrl":"https:\/\/www.meydan.tv\/wp-content\/uploads\/410827945_4j7bzkk.jpg","datePublished":"2024-05-31T14:29:15+00:00","dateModified":"2024-05-31T18:27:19+00:00","breadcrumb":{"@id":"https:\/\/www.meydan.tv\/az\/article\/nicat-lenkeranskiye-sui-qesdde-gunahlandirilanlara-38-il-hebs-cezasi-kesilib\/#breadcrumb"},"inLanguage":"az","potentialAction":[{"@type":"ReadAction","target":["https:\/\/www.meydan.tv\/az\/article\/nicat-lenkeranskiye-sui-qesdde-gunahlandirilanlara-38-il-hebs-cezasi-kesilib\/"]}]},{"@type":"ImageObject","inLanguage":"az","@id":"https:\/\/www.meydan.tv\/az\/article\/nicat-lenkeranskiye-sui-qesdde-gunahlandirilanlara-38-il-hebs-cezasi-kesilib\/#primaryimage","url":"https:\/\/www.meydan.tv\/wp-content\/uploads\/410827945_4j7bzkk.jpg","contentUrl":"https:\/\/www.meydan.tv\/wp-content\/uploads\/410827945_4j7bzkk.jpg","width":1000,"height":541,"caption":"Foto: Meydan TV"},{"@type":"BreadcrumbList","@id":"https:\/\/www.meydan.tv\/az\/article\/nicat-lenkeranskiye-sui-qesdde-gunahlandirilanlara-38-il-hebs-cezasi-kesilib\/#breadcrumb","itemListElement":[{"@type":"ListItem","position":1,"name":"Ana s\u0259hif\u0259","item":"https:\/\/www.meydan.tv\/az\/"},{"@type":"ListItem","position":2,"name":"Sosial","item":"https:\/\/www.meydan.tv\/az\/section\/sosial\/"},{"@type":"ListItem","position":3,"name":"\u201cNicat L\u0259nk\u0259ranski\u201dy\u0259 sui-q\u0259sdd\u0259 g\u00fcnahland\u0131r\u0131lanlara 38 il h\u0259bs c\u0259zas\u0131 k\u0259silib"}]},{"@type":"WebSite","@id":"https:\/\/www.meydan.tv\/az\/#website","url":"https:\/\/www.meydan.tv\/az\/","name":"MEYDAN.TV","description":"Meydan TV Az\u0259rbaycan\u0131n media m\u0259kan\u0131ndak\u0131 alternativ s\u0259sidir","publisher":{"@id":"https:\/\/www.meydan.tv\/az\/#organization"},"potentialAction":[{"@type":"SearchAction","target":{"@type":"EntryPoint","urlTemplate":"https:\/\/www.meydan.tv\/az\/?s={search_term_string}"},"query-input":{"@type":"PropertyValueSpecification","valueRequired":true,"valueName":"search_term_string"}}],"inLanguage":"az"},{"@type":"Organization","@id":"https:\/\/www.meydan.tv\/az\/#organization","name":"Meydan TV","url":"https:\/\/www.meydan.tv\/az\/","logo":{"@type":"ImageObject","inLanguage":"az","@id":"https:\/\/www.meydan.tv\/az\/#\/schema\/logo\/image\/","url":"https:\/\/www.meydan.tv\/wp-content\/uploads\/2021\/07\/meydan-logo.svg","contentUrl":"https:\/\/www.meydan.tv\/wp-content\/uploads\/2021\/07\/meydan-logo.svg","width":195,"height":46,"caption":"Meydan TV"},"image":{"@id":"https:\/\/www.meydan.tv\/az\/#\/schema\/logo\/image\/"}},{"@type":"Person","@id":"https:\/\/www.meydan.tv\/az\/#\/schema\/person\/9cdbecf90d17180ce1dfbd95b08dcf47","name":"elli","sameAs":["https:\/\/x.com\/elli"]}]}},"_links":{"self":[{"href":"https:\/\/www.meydan.tv\/az\/wp-json\/wp\/v2\/posts\/307230","targetHints":{"allow":["GET"]}}],"collection":[{"href":"https:\/\/www.meydan.tv\/az\/wp-json\/wp\/v2\/posts"}],"about":[{"href":"https:\/\/www.meydan.tv\/az\/wp-json\/wp\/v2\/types\/post"}],"author":[{"embeddable":true,"href":"https:\/\/www.meydan.tv\/az\/wp-json\/wp\/v2\/users\/8"}],"replies":[{"embeddable":true,"href":"https:\/\/www.meydan.tv\/az\/wp-json\/wp\/v2\/comments?post=307230"}],"version-history":[{"count":5,"href":"https:\/\/www.meydan.tv\/az\/wp-json\/wp\/v2\/posts\/307230\/revisions"}],"predecessor-version":[{"id":307254,"href":"https:\/\/www.meydan.tv\/az\/wp-json\/wp\/v2\/posts\/307230\/revisions\/307254"}],"wp:featuredmedia":[{"embeddable":true,"href":"https:\/\/www.meydan.tv\/az\/wp-json\/wp\/v2\/media\/131384"}],"wp:attachment":[{"href":"https:\/\/www.meydan.tv\/az\/wp-json\/wp\/v2\/media?parent=307230"}],"wp:term":[{"taxonomy":"category","embeddable":true,"href":"https:\/\/www.meydan.tv\/az\/wp-json\/wp\/v2\/categories?post=307230"},{"taxonomy":"post_tag","embeddable":true,"href":"https:\/\/www.meydan.tv\/az\/wp-json\/wp\/v2\/tags?post=307230"}],"curies":[{"name":"wp","href":"https:\/\/api.w.org\/{rel}","templated":true}]}}