{"id":307223,"date":"2024-05-31T18:09:13","date_gmt":"2024-05-31T14:09:13","guid":{"rendered":"https:\/\/www.meydan.tv\/?p=307223"},"modified":"2024-05-31T18:09:15","modified_gmt":"2024-05-31T14:09:15","slug":"avropada-rusiyanin-tebligati-ile-bagli-istintaq-ve-arasdirma-baslanilib","status":"publish","type":"post","link":"https:\/\/www.meydan.tv\/az\/article\/avropada-rusiyanin-tebligati-ile-bagli-istintaq-ve-arasdirma-baslanilib\/","title":{"rendered":"Avropada Rusiyan\u0131n t\u0259bli\u011fat\u0131 il\u0259 ba\u011fl\u0131 istintaq v\u0259 ara\u015fd\u0131rma ba\u015flan\u0131l\u0131b\u00a0"},"content":{"rendered":"\n<p><\/p>\n\n\n\n<p><strong><em>Avropa Parlamentinin deputat\u0131n\u0131n k\u00f6m\u0259k\u00e7isinin evind\u0259 v\u0259 ofisind\u0259 axtar\u0131\u015f apar\u0131l\u0131b<\/em><\/strong><\/p>\n\n\n\n<p>Br\u00fcssel v\u0259 Strasburda korrupsiya v\u0259 Rusiyan\u0131n m\u00fcdaxil\u0259si il\u0259 ba\u011fl\u0131 istintaq \u00e7\u0259r\u00e7iv\u0259sind\u0259 Avropa Parlamentinin ofisl\u0259rind\u0259 axtar\u0131\u015flar apar\u0131l\u0131b.<\/p>\n\n\n\n<p>&#8220;Figaro&#8221; bu bar\u0259d\u0259 Bel\u00e7ika Federal Prokurorlu\u011funa istinad\u0259n <a href=\"https:\/\/novayagazeta.eu\/articles\/2024\/05\/29\/v-ofisakh-evroparlamenta-proshli-obyski-po-delu-o-prodvizhenii-rossiiskoi-propagandy-cherez-izdanie-voice-of-europe-news\">x\u0259b\u0259r verir<\/a>.<\/p>\n\n\n\n<p>T\u0259hqiqata yax\u0131n m\u0259nb\u0259nin n\u0259\u015fr\u0259 verdiyi m\u0259lumata g\u00f6r\u0259, axtar\u0131\u015flar o c\u00fcml\u0259d\u0259n Avropa Parlamentinin qat\u0131 sa\u011f\u00e7\u0131 \u201cKimlik v\u0259 Demokratiya\u201d qrupundan olan deputat Marsel de Qraaf\u0131n k\u00f6m\u0259k\u00e7isi Giyom Pradurun evind\u0259 v\u0259 ofisind\u0259 apar\u0131l\u0131b.<\/p>\n\n\n\n<p>\u018fvv\u0259ll\u0259r o, \u201cAlmaniya \u00fc\u00e7\u00fcn alternativ\u201d m\u00fcxalif\u0259t partiyas\u0131n\u0131n Avropa Parlamentind\u0259ki n\u00fcmay\u0259nd\u0259si Maksimilian Kran\u0131n k\u00f6m\u0259k\u00e7isi i\u015fl\u0259yib.<\/p>\n\n\n\n<p>\u0130ttiham akt\u0131nda deyilir ki, axtar\u0131\u015flar Rusiyan\u0131n m\u00fcdaxil\u0259si il\u0259 ba\u011fl\u0131 apar\u0131lan istintaq\u0131n bir hiss\u0259sidir.<\/p>\n\n\n\n<p>&#8220;Fiqaro&#8221;nun m\u0259nb\u0259sin\u0259 g\u00f6r\u0259, Avropa Parlamentinin \u00fczvl\u0259rin\u0259 &#8220;Voice of Europe&#8221; internet sayt\u0131 vasit\u0259sil\u0259 Rusiyan\u0131 t\u0259bli\u011f etm\u0259k \u00fc\u00e7\u00fcn m\u00fcraci\u0259t edilib v\u0259 bunun qar\u015f\u0131l\u0131\u011f\u0131nda onlara m\u00fckafatlar verilib.<\/p>\n\n\n\n<p>H\u0259ms\u00f6hb\u0259t qeyd edib ki, Moskvan\u0131n maliyy\u0259l\u0259\u015fdirdiyi t\u0259sir \u015f\u0259b\u0259k\u0259si a\u015fkara \u00e7\u0131xar\u0131ld\u0131qdan sonra Bel\u00e7ika Federal Prokurorlu\u011funda istintaq ba\u015flan\u0131l\u0131b.<\/p>\n\n\n\n<p>Avropa Parlamentinin deputat\u0131 Marsel de Qraaf &#8220;Twitter&#8221; hesab\u0131nda yaz\u0131b ki, o v\u0259 k\u00f6m\u0259k\u00e7isi axtar\u0131\u015flar bar\u0259d\u0259 K\u0130V-d\u0259n \u00f6yr\u0259nibl\u0259r.<\/p>\n\n\n\n<p>Marsel de Qraaf bu x\u0259b\u0259rin onun \u00fc\u00e7\u00fcn tamamil\u0259 g\u00f6zl\u0259nilm\u0259z oldu\u011funu etiraf edib.<\/p>\n\n\n\n<p>O b\u0259yan edib ki, n\u0259 \u00f6z\u00fcn\u00fcn, n\u0259 d\u0259 Praduran\u0131n Rusiyan\u0131n t\u0259bli\u011fi il\u0259 \u0259laq\u0259si var.<\/p>\n\n\n\n<p><em>\u201cBel\u0259 ba\u015fa d\u00fc\u015f\u00fcr\u0259m ki, hakimiyy\u0259tin bu h\u0259r\u0259k\u0259ti se\u00e7kil\u0259rd\u0259 yax\u015f\u0131 n\u0259tic\u0259 ver\u0259c\u0259yind\u0259n qorxdu\u011fu \u201cAlmaniya \u00fc\u00e7\u00fcn alternativ\u201d\u0259 qar\u015f\u0131 y\u00f6n\u0259lib\u201d<\/em>, \u2013 deputat deyib.<\/p>\n\n\n\n<p>&#8220;Voice of Europe&#8221; informasiya sayt\u0131n\u0131 ukraynal\u0131 siyas\u0259t\u00e7i v\u0259 Vladimir Putinin xa\u00e7 atas\u0131 Viktor Medved\u00e7ukla \u0259laq\u0259l\u0259ndirirl\u0259r.<\/p>\n\n\n\n<p>Bundan \u0259vv\u0259l A\u0130 \u015euras\u0131 &#8220;Voice of Europe&#8221; radiosunun Avropada yay\u0131m\u0131n\u0131 qada\u011fan etmi\u015fdi.&nbsp;<\/p>\n","protected":false},"excerpt":{"rendered":"<p>Avropa Parlamentinin deputat\u0131n\u0131n k\u00f6m\u0259k\u00e7isinin evind\u0259 v\u0259 ofisind\u0259 axtar\u0131\u015f apar\u0131l\u0131b Br\u00fcssel &#8230; <\/p>\n<p class=\"read-more-container\"><a title=\"Avropada Rusiyan\u0131n t\u0259bli\u011fat\u0131 il\u0259 ba\u011fl\u0131 istintaq v\u0259 ara\u015fd\u0131rma ba\u015flan\u0131l\u0131b\u00a0\" class=\"read-more button\" href=\"https:\/\/www.meydan.tv\/az\/article\/avropada-rusiyanin-tebligati-ile-bagli-istintaq-ve-arasdirma-baslanilib\/#more-307223\" aria-label=\"Read more about Avropada Rusiyan\u0131n t\u0259bli\u011fat\u0131 il\u0259 ba\u011fl\u0131 istintaq v\u0259 ara\u015fd\u0131rma ba\u015flan\u0131l\u0131b\u00a0\">Davam\u0131<\/a><\/p>\n","protected":false},"author":16,"featured_media":268580,"comment_status":"closed","ping_status":"closed","sticky":false,"template":"","format":"standard","meta":{"_acf_changed":false,"_sitemap_exclude":false,"_sitemap_priority":"","_sitemap_frequency":"","footnotes":""},"categories":[64,56],"tags":[],"class_list":["post-307223","post","type-post","status-publish","format-standard","has-post-thumbnail","hentry","category-dunya","category-xeberler","infinite-scroll-item","generate-columns","tablet-grid-50","mobile-grid-100","grid-parent","grid-33","no-featured-image-padding"],"acf":[],"yoast_head":"<!-- This site is optimized with the Yoast SEO plugin v27.5 - https:\/\/yoast.com\/product\/yoast-seo-wordpress\/ -->\n<title>Avropada Rusiyan\u0131n t\u0259bli\u011fat\u0131 il\u0259 ba\u011fl\u0131 istintaq v\u0259 ara\u015fd\u0131rma ba\u015flan\u0131l\u0131b\u00a0 - MEYDAN.TV<\/title>\n<meta name=\"robots\" content=\"index, follow, max-snippet:-1, max-image-preview:large, max-video-preview:-1\" \/>\n<link rel=\"canonical\" href=\"https:\/\/www.meydan.tv\/az\/article\/avropada-rusiyanin-tebligati-ile-bagli-istintaq-ve-arasdirma-baslanilib\/\" \/>\n<meta property=\"og:locale\" content=\"az_AZ\" \/>\n<meta property=\"og:type\" content=\"article\" \/>\n<meta property=\"og:title\" content=\"Avropada Rusiyan\u0131n t\u0259bli\u011fat\u0131 il\u0259 ba\u011fl\u0131 istintaq v\u0259 ara\u015fd\u0131rma ba\u015flan\u0131l\u0131b\u00a0 - MEYDAN.TV\" \/>\n<meta property=\"og:description\" content=\"Avropa Parlamentinin deputat\u0131n\u0131n k\u00f6m\u0259k\u00e7isinin evind\u0259 v\u0259 ofisind\u0259 axtar\u0131\u015f apar\u0131l\u0131b Br\u00fcssel ... Davam\u0131\" \/>\n<meta property=\"og:url\" content=\"https:\/\/www.meydan.tv\/az\/article\/avropada-rusiyanin-tebligati-ile-bagli-istintaq-ve-arasdirma-baslanilib\/\" \/>\n<meta property=\"og:site_name\" content=\"MEYDAN.TV\" \/>\n<meta property=\"article:published_time\" content=\"2024-05-31T14:09:13+00:00\" \/>\n<meta property=\"article:modified_time\" content=\"2024-05-31T14:09:15+00:00\" \/>\n<meta property=\"og:image\" content=\"https:\/\/www.meydan.tv\/wp-content\/uploads\/shutterstock_2106175271.jpg\" \/>\n\t<meta property=\"og:image:width\" content=\"1000\" \/>\n\t<meta property=\"og:image:height\" content=\"667\" \/>\n\t<meta property=\"og:image:type\" content=\"image\/jpeg\" \/>\n<meta name=\"author\" content=\"sevda\" \/>\n<meta name=\"twitter:card\" content=\"summary_large_image\" \/>\n<script type=\"application\/ld+json\" class=\"yoast-schema-graph\">{\"@context\":\"https:\\\/\\\/schema.org\",\"@graph\":[{\"@type\":\"Article\",\"@id\":\"https:\\\/\\\/www.meydan.tv\\\/az\\\/article\\\/avropada-rusiyanin-tebligati-ile-bagli-istintaq-ve-arasdirma-baslanilib\\\/#article\",\"isPartOf\":{\"@id\":\"https:\\\/\\\/www.meydan.tv\\\/az\\\/article\\\/avropada-rusiyanin-tebligati-ile-bagli-istintaq-ve-arasdirma-baslanilib\\\/\"},\"author\":{\"name\":\"sevda\",\"@id\":\"https:\\\/\\\/www.meydan.tv\\\/az\\\/#\\\/schema\\\/person\\\/49b5f2bad5b126bb8ea9320eeb3e4dc9\"},\"headline\":\"Avropada Rusiyan\u0131n t\u0259bli\u011fat\u0131 il\u0259 ba\u011fl\u0131 istintaq v\u0259 ara\u015fd\u0131rma ba\u015flan\u0131l\u0131b\u00a0\",\"datePublished\":\"2024-05-31T14:09:13+00:00\",\"dateModified\":\"2024-05-31T14:09:15+00:00\",\"mainEntityOfPage\":{\"@id\":\"https:\\\/\\\/www.meydan.tv\\\/az\\\/article\\\/avropada-rusiyanin-tebligati-ile-bagli-istintaq-ve-arasdirma-baslanilib\\\/\"},\"wordCount\":388,\"publisher\":{\"@id\":\"https:\\\/\\\/www.meydan.tv\\\/az\\\/#organization\"},\"image\":{\"@id\":\"https:\\\/\\\/www.meydan.tv\\\/az\\\/article\\\/avropada-rusiyanin-tebligati-ile-bagli-istintaq-ve-arasdirma-baslanilib\\\/#primaryimage\"},\"thumbnailUrl\":\"https:\\\/\\\/www.meydan.tv\\\/wp-content\\\/uploads\\\/shutterstock_2106175271.jpg\",\"articleSection\":[\"D\u00fcnya\",\"X\u0259b\u0259rl\u0259r\"],\"inLanguage\":\"az\"},{\"@type\":\"WebPage\",\"@id\":\"https:\\\/\\\/www.meydan.tv\\\/az\\\/article\\\/avropada-rusiyanin-tebligati-ile-bagli-istintaq-ve-arasdirma-baslanilib\\\/\",\"url\":\"https:\\\/\\\/www.meydan.tv\\\/az\\\/article\\\/avropada-rusiyanin-tebligati-ile-bagli-istintaq-ve-arasdirma-baslanilib\\\/\",\"name\":\"Avropada Rusiyan\u0131n t\u0259bli\u011fat\u0131 il\u0259 ba\u011fl\u0131 istintaq v\u0259 ara\u015fd\u0131rma ba\u015flan\u0131l\u0131b\u00a0 - MEYDAN.TV\",\"isPartOf\":{\"@id\":\"https:\\\/\\\/www.meydan.tv\\\/az\\\/#website\"},\"primaryImageOfPage\":{\"@id\":\"https:\\\/\\\/www.meydan.tv\\\/az\\\/article\\\/avropada-rusiyanin-tebligati-ile-bagli-istintaq-ve-arasdirma-baslanilib\\\/#primaryimage\"},\"image\":{\"@id\":\"https:\\\/\\\/www.meydan.tv\\\/az\\\/article\\\/avropada-rusiyanin-tebligati-ile-bagli-istintaq-ve-arasdirma-baslanilib\\\/#primaryimage\"},\"thumbnailUrl\":\"https:\\\/\\\/www.meydan.tv\\\/wp-content\\\/uploads\\\/shutterstock_2106175271.jpg\",\"datePublished\":\"2024-05-31T14:09:13+00:00\",\"dateModified\":\"2024-05-31T14:09:15+00:00\",\"breadcrumb\":{\"@id\":\"https:\\\/\\\/www.meydan.tv\\\/az\\\/article\\\/avropada-rusiyanin-tebligati-ile-bagli-istintaq-ve-arasdirma-baslanilib\\\/#breadcrumb\"},\"inLanguage\":\"az\",\"potentialAction\":[{\"@type\":\"ReadAction\",\"target\":[\"https:\\\/\\\/www.meydan.tv\\\/az\\\/article\\\/avropada-rusiyanin-tebligati-ile-bagli-istintaq-ve-arasdirma-baslanilib\\\/\"]}]},{\"@type\":\"ImageObject\",\"inLanguage\":\"az\",\"@id\":\"https:\\\/\\\/www.meydan.tv\\\/az\\\/article\\\/avropada-rusiyanin-tebligati-ile-bagli-istintaq-ve-arasdirma-baslanilib\\\/#primaryimage\",\"url\":\"https:\\\/\\\/www.meydan.tv\\\/wp-content\\\/uploads\\\/shutterstock_2106175271.jpg\",\"contentUrl\":\"https:\\\/\\\/www.meydan.tv\\\/wp-content\\\/uploads\\\/shutterstock_2106175271.jpg\",\"width\":1000,\"height\":667,\"caption\":\"Avropa Parlamenti. Foto: shutterstockHadrian\"},{\"@type\":\"BreadcrumbList\",\"@id\":\"https:\\\/\\\/www.meydan.tv\\\/az\\\/article\\\/avropada-rusiyanin-tebligati-ile-bagli-istintaq-ve-arasdirma-baslanilib\\\/#breadcrumb\",\"itemListElement\":[{\"@type\":\"ListItem\",\"position\":1,\"name\":\"Ana s\u0259hif\u0259\",\"item\":\"https:\\\/\\\/www.meydan.tv\\\/az\\\/\"},{\"@type\":\"ListItem\",\"position\":2,\"name\":\"X\u0259b\u0259rl\u0259r\",\"item\":\"https:\\\/\\\/www.meydan.tv\\\/az\\\/section\\\/xeberler\\\/\"},{\"@type\":\"ListItem\",\"position\":3,\"name\":\"Avropada Rusiyan\u0131n t\u0259bli\u011fat\u0131 il\u0259 ba\u011fl\u0131 istintaq v\u0259 ara\u015fd\u0131rma ba\u015flan\u0131l\u0131b\u00a0\"}]},{\"@type\":\"WebSite\",\"@id\":\"https:\\\/\\\/www.meydan.tv\\\/az\\\/#website\",\"url\":\"https:\\\/\\\/www.meydan.tv\\\/az\\\/\",\"name\":\"MEYDAN.TV\",\"description\":\"Meydan TV Az\u0259rbaycan\u0131n media m\u0259kan\u0131ndak\u0131 alternativ s\u0259sidir\",\"publisher\":{\"@id\":\"https:\\\/\\\/www.meydan.tv\\\/az\\\/#organization\"},\"potentialAction\":[{\"@type\":\"SearchAction\",\"target\":{\"@type\":\"EntryPoint\",\"urlTemplate\":\"https:\\\/\\\/www.meydan.tv\\\/az\\\/?s={search_term_string}\"},\"query-input\":{\"@type\":\"PropertyValueSpecification\",\"valueRequired\":true,\"valueName\":\"search_term_string\"}}],\"inLanguage\":\"az\"},{\"@type\":\"Organization\",\"@id\":\"https:\\\/\\\/www.meydan.tv\\\/az\\\/#organization\",\"name\":\"Meydan TV\",\"url\":\"https:\\\/\\\/www.meydan.tv\\\/az\\\/\",\"logo\":{\"@type\":\"ImageObject\",\"inLanguage\":\"az\",\"@id\":\"https:\\\/\\\/www.meydan.tv\\\/az\\\/#\\\/schema\\\/logo\\\/image\\\/\",\"url\":\"https:\\\/\\\/www.meydan.tv\\\/wp-content\\\/uploads\\\/2021\\\/07\\\/meydan-logo.svg\",\"contentUrl\":\"https:\\\/\\\/www.meydan.tv\\\/wp-content\\\/uploads\\\/2021\\\/07\\\/meydan-logo.svg\",\"width\":195,\"height\":46,\"caption\":\"Meydan TV\"},\"image\":{\"@id\":\"https:\\\/\\\/www.meydan.tv\\\/az\\\/#\\\/schema\\\/logo\\\/image\\\/\"}},{\"@type\":\"Person\",\"@id\":\"https:\\\/\\\/www.meydan.tv\\\/az\\\/#\\\/schema\\\/person\\\/49b5f2bad5b126bb8ea9320eeb3e4dc9\",\"name\":\"sevda\"}]}<\/script>\n<!-- \/ Yoast SEO plugin. -->","yoast_head_json":{"title":"Avropada Rusiyan\u0131n t\u0259bli\u011fat\u0131 il\u0259 ba\u011fl\u0131 istintaq v\u0259 ara\u015fd\u0131rma ba\u015flan\u0131l\u0131b\u00a0 - MEYDAN.TV","robots":{"index":"index","follow":"follow","max-snippet":"max-snippet:-1","max-image-preview":"max-image-preview:large","max-video-preview":"max-video-preview:-1"},"canonical":"https:\/\/www.meydan.tv\/az\/article\/avropada-rusiyanin-tebligati-ile-bagli-istintaq-ve-arasdirma-baslanilib\/","og_locale":"az_AZ","og_type":"article","og_title":"Avropada Rusiyan\u0131n t\u0259bli\u011fat\u0131 il\u0259 ba\u011fl\u0131 istintaq v\u0259 ara\u015fd\u0131rma ba\u015flan\u0131l\u0131b\u00a0 - MEYDAN.TV","og_description":"Avropa Parlamentinin deputat\u0131n\u0131n k\u00f6m\u0259k\u00e7isinin evind\u0259 v\u0259 ofisind\u0259 axtar\u0131\u015f apar\u0131l\u0131b Br\u00fcssel ... Davam\u0131","og_url":"https:\/\/www.meydan.tv\/az\/article\/avropada-rusiyanin-tebligati-ile-bagli-istintaq-ve-arasdirma-baslanilib\/","og_site_name":"MEYDAN.TV","article_published_time":"2024-05-31T14:09:13+00:00","article_modified_time":"2024-05-31T14:09:15+00:00","og_image":[{"width":1000,"height":667,"url":"https:\/\/www.meydan.tv\/wp-content\/uploads\/shutterstock_2106175271.jpg","type":"image\/jpeg"}],"author":"sevda","twitter_card":"summary_large_image","schema":{"@context":"https:\/\/schema.org","@graph":[{"@type":"Article","@id":"https:\/\/www.meydan.tv\/az\/article\/avropada-rusiyanin-tebligati-ile-bagli-istintaq-ve-arasdirma-baslanilib\/#article","isPartOf":{"@id":"https:\/\/www.meydan.tv\/az\/article\/avropada-rusiyanin-tebligati-ile-bagli-istintaq-ve-arasdirma-baslanilib\/"},"author":{"name":"sevda","@id":"https:\/\/www.meydan.tv\/az\/#\/schema\/person\/49b5f2bad5b126bb8ea9320eeb3e4dc9"},"headline":"Avropada Rusiyan\u0131n t\u0259bli\u011fat\u0131 il\u0259 ba\u011fl\u0131 istintaq v\u0259 ara\u015fd\u0131rma ba\u015flan\u0131l\u0131b\u00a0","datePublished":"2024-05-31T14:09:13+00:00","dateModified":"2024-05-31T14:09:15+00:00","mainEntityOfPage":{"@id":"https:\/\/www.meydan.tv\/az\/article\/avropada-rusiyanin-tebligati-ile-bagli-istintaq-ve-arasdirma-baslanilib\/"},"wordCount":388,"publisher":{"@id":"https:\/\/www.meydan.tv\/az\/#organization"},"image":{"@id":"https:\/\/www.meydan.tv\/az\/article\/avropada-rusiyanin-tebligati-ile-bagli-istintaq-ve-arasdirma-baslanilib\/#primaryimage"},"thumbnailUrl":"https:\/\/www.meydan.tv\/wp-content\/uploads\/shutterstock_2106175271.jpg","articleSection":["D\u00fcnya","X\u0259b\u0259rl\u0259r"],"inLanguage":"az"},{"@type":"WebPage","@id":"https:\/\/www.meydan.tv\/az\/article\/avropada-rusiyanin-tebligati-ile-bagli-istintaq-ve-arasdirma-baslanilib\/","url":"https:\/\/www.meydan.tv\/az\/article\/avropada-rusiyanin-tebligati-ile-bagli-istintaq-ve-arasdirma-baslanilib\/","name":"Avropada Rusiyan\u0131n t\u0259bli\u011fat\u0131 il\u0259 ba\u011fl\u0131 istintaq v\u0259 ara\u015fd\u0131rma ba\u015flan\u0131l\u0131b\u00a0 - MEYDAN.TV","isPartOf":{"@id":"https:\/\/www.meydan.tv\/az\/#website"},"primaryImageOfPage":{"@id":"https:\/\/www.meydan.tv\/az\/article\/avropada-rusiyanin-tebligati-ile-bagli-istintaq-ve-arasdirma-baslanilib\/#primaryimage"},"image":{"@id":"https:\/\/www.meydan.tv\/az\/article\/avropada-rusiyanin-tebligati-ile-bagli-istintaq-ve-arasdirma-baslanilib\/#primaryimage"},"thumbnailUrl":"https:\/\/www.meydan.tv\/wp-content\/uploads\/shutterstock_2106175271.jpg","datePublished":"2024-05-31T14:09:13+00:00","dateModified":"2024-05-31T14:09:15+00:00","breadcrumb":{"@id":"https:\/\/www.meydan.tv\/az\/article\/avropada-rusiyanin-tebligati-ile-bagli-istintaq-ve-arasdirma-baslanilib\/#breadcrumb"},"inLanguage":"az","potentialAction":[{"@type":"ReadAction","target":["https:\/\/www.meydan.tv\/az\/article\/avropada-rusiyanin-tebligati-ile-bagli-istintaq-ve-arasdirma-baslanilib\/"]}]},{"@type":"ImageObject","inLanguage":"az","@id":"https:\/\/www.meydan.tv\/az\/article\/avropada-rusiyanin-tebligati-ile-bagli-istintaq-ve-arasdirma-baslanilib\/#primaryimage","url":"https:\/\/www.meydan.tv\/wp-content\/uploads\/shutterstock_2106175271.jpg","contentUrl":"https:\/\/www.meydan.tv\/wp-content\/uploads\/shutterstock_2106175271.jpg","width":1000,"height":667,"caption":"Avropa Parlamenti. Foto: shutterstockHadrian"},{"@type":"BreadcrumbList","@id":"https:\/\/www.meydan.tv\/az\/article\/avropada-rusiyanin-tebligati-ile-bagli-istintaq-ve-arasdirma-baslanilib\/#breadcrumb","itemListElement":[{"@type":"ListItem","position":1,"name":"Ana s\u0259hif\u0259","item":"https:\/\/www.meydan.tv\/az\/"},{"@type":"ListItem","position":2,"name":"X\u0259b\u0259rl\u0259r","item":"https:\/\/www.meydan.tv\/az\/section\/xeberler\/"},{"@type":"ListItem","position":3,"name":"Avropada Rusiyan\u0131n t\u0259bli\u011fat\u0131 il\u0259 ba\u011fl\u0131 istintaq v\u0259 ara\u015fd\u0131rma ba\u015flan\u0131l\u0131b\u00a0"}]},{"@type":"WebSite","@id":"https:\/\/www.meydan.tv\/az\/#website","url":"https:\/\/www.meydan.tv\/az\/","name":"MEYDAN.TV","description":"Meydan TV Az\u0259rbaycan\u0131n media m\u0259kan\u0131ndak\u0131 alternativ s\u0259sidir","publisher":{"@id":"https:\/\/www.meydan.tv\/az\/#organization"},"potentialAction":[{"@type":"SearchAction","target":{"@type":"EntryPoint","urlTemplate":"https:\/\/www.meydan.tv\/az\/?s={search_term_string}"},"query-input":{"@type":"PropertyValueSpecification","valueRequired":true,"valueName":"search_term_string"}}],"inLanguage":"az"},{"@type":"Organization","@id":"https:\/\/www.meydan.tv\/az\/#organization","name":"Meydan TV","url":"https:\/\/www.meydan.tv\/az\/","logo":{"@type":"ImageObject","inLanguage":"az","@id":"https:\/\/www.meydan.tv\/az\/#\/schema\/logo\/image\/","url":"https:\/\/www.meydan.tv\/wp-content\/uploads\/2021\/07\/meydan-logo.svg","contentUrl":"https:\/\/www.meydan.tv\/wp-content\/uploads\/2021\/07\/meydan-logo.svg","width":195,"height":46,"caption":"Meydan TV"},"image":{"@id":"https:\/\/www.meydan.tv\/az\/#\/schema\/logo\/image\/"}},{"@type":"Person","@id":"https:\/\/www.meydan.tv\/az\/#\/schema\/person\/49b5f2bad5b126bb8ea9320eeb3e4dc9","name":"sevda"}]}},"_links":{"self":[{"href":"https:\/\/www.meydan.tv\/az\/wp-json\/wp\/v2\/posts\/307223","targetHints":{"allow":["GET"]}}],"collection":[{"href":"https:\/\/www.meydan.tv\/az\/wp-json\/wp\/v2\/posts"}],"about":[{"href":"https:\/\/www.meydan.tv\/az\/wp-json\/wp\/v2\/types\/post"}],"author":[{"embeddable":true,"href":"https:\/\/www.meydan.tv\/az\/wp-json\/wp\/v2\/users\/16"}],"replies":[{"embeddable":true,"href":"https:\/\/www.meydan.tv\/az\/wp-json\/wp\/v2\/comments?post=307223"}],"version-history":[{"count":3,"href":"https:\/\/www.meydan.tv\/az\/wp-json\/wp\/v2\/posts\/307223\/revisions"}],"predecessor-version":[{"id":307228,"href":"https:\/\/www.meydan.tv\/az\/wp-json\/wp\/v2\/posts\/307223\/revisions\/307228"}],"wp:featuredmedia":[{"embeddable":true,"href":"https:\/\/www.meydan.tv\/az\/wp-json\/wp\/v2\/media\/268580"}],"wp:attachment":[{"href":"https:\/\/www.meydan.tv\/az\/wp-json\/wp\/v2\/media?parent=307223"}],"wp:term":[{"taxonomy":"category","embeddable":true,"href":"https:\/\/www.meydan.tv\/az\/wp-json\/wp\/v2\/categories?post=307223"},{"taxonomy":"post_tag","embeddable":true,"href":"https:\/\/www.meydan.tv\/az\/wp-json\/wp\/v2\/tags?post=307223"}],"curies":[{"name":"wp","href":"https:\/\/api.w.org\/{rel}","templated":true}]}}