{"id":307221,"date":"2024-05-31T17:55:41","date_gmt":"2024-05-31T13:55:41","guid":{"rendered":"https:\/\/www.meydan.tv\/?p=307221"},"modified":"2024-06-01T10:42:05","modified_gmt":"2024-06-01T06:42:05","slug":"avropali-deputatlar-azerbaycanli-memurlara-sanksiya-teleb-edir","status":"publish","type":"post","link":"https:\/\/www.meydan.tv\/az\/article\/avropali-deputatlar-azerbaycanli-memurlara-sanksiya-teleb-edir\/","title":{"rendered":"Avropal\u0131 deputatlar az\u0259rbaycanl\u0131 m\u0259murlara sanksiya t\u0259l\u0259b edir"},"content":{"rendered":"\n<p><\/p>\n\n\n\n<p><strong><em>\u201cAz\u0259rbaycanda f\u0259rqli fikrin b\u00fct\u00fcn formalar\u0131na qar\u015f\u0131 amans\u0131z repressiya var\u201d<\/em><\/strong><\/p>\n\n\n\n<p>Avropa Parlamentinin deputatlar\u0131 C\u0259nubi Qafqazda insan h\u00fcquqlar\u0131n\u0131n pozulmas\u0131 il\u0259 ba\u011fl\u0131 b\u0259yanat <a href=\"https:\/\/www.europarl.europa.eu\/delegations\/en\/dsca\/documents\/communiques\">yay\u0131b<\/a>.<\/p>\n\n\n\n<p>B\u0259yanat\u0131n Az\u0259rbaycanla ba\u011fl\u0131 hiss\u0259sind\u0259 bildirilir ki, bu \u00f6lk\u0259d\u0259 f\u0259rqli fikrin b\u00fct\u00fcn formalar\u0131na qar\u015f\u0131 amans\u0131z repressiya var.<\/p>\n\n\n\n<p><em>&#8220;Biz Qubad \u0130bado\u011flunun ibtidai istintaq\u0131n\u0131n bu yax\u0131nlarda bir ild\u0259n art\u0131q uzad\u0131lmas\u0131n\u0131 v\u0259 onun saxta ittihamlarla t\u0259qibinin davam etm\u0259sini pisl\u0259yirik. Biz Avropa Parlamentinin Az\u0259rbaycan hakimiyy\u0259tini b\u00fct\u00fcn ittihamlar\u0131 d\u0259rhal dayand\u0131rma\u011fa \u00e7a\u011f\u0131r\u0131\u015f\u0131n\u0131 t\u0259krar edirik. Ona qar\u015f\u0131 ir\u0259li s\u00fcr\u00fcl\u0259n ittiham t\u0259cili tibbi m\u00fcalic\u0259 \u00fc\u00e7\u00fcn xaric\u0259 getm\u0259sin\u0259 mane olur\u201d.<\/em><\/p>\n\n\n\n<p>Deputatlar h\u0259m\u00e7inin bildiribl\u0259r ki, onlar Az\u0259rbaycanda b\u00fct\u00fcn t\u0259nqidi s\u0259sl\u0259r\u0259 qar\u015f\u0131 davaml\u0131 repressiyalar\u0131 v\u0259 \u0259dal\u0259t m\u00fchakim\u0259sinin sistemli \u015f\u0259kild\u0259 pozulmas\u0131n\u0131 q\u0259tiyy\u0259tl\u0259 pisl\u0259yirl\u0259r:<\/p>\n\n\n<div class=\"wp-block-image\">\n<figure class=\"alignleft size-full is-resized\"><img decoding=\"async\" width=\"1000\" height=\"667\" data-src=\"https:\/\/www.meydan.tv\/wp-content\/uploads\/shutterstock_2106175271.jpg\" alt=\"\" class=\"wp-image-268580 lazyload\" style=\"--smush-placeholder-width: 1000px; --smush-placeholder-aspect-ratio: 1000\/667;width:395px;height:auto\" src=\"data:image\/svg+xml;base64,PHN2ZyB3aWR0aD0iMSIgaGVpZ2h0PSIxIiB4bWxucz0iaHR0cDovL3d3dy53My5vcmcvMjAwMC9zdmciPjwvc3ZnPg==\" \/><figcaption class=\"wp-element-caption\">Avropa Parlamenti. Foto: shutterstock\\Hadrian<\/figcaption><\/figure>\n<\/div>\n\n\n<p>\u201c<em>H\u00fcquq m\u00fcdafi\u0259\u00e7isi, Se\u00e7kil\u0259rin Monitorinqi v\u0259 Demokratiyan\u0131n T\u0259drisi M\u0259rk\u0259zinin r\u0259hb\u0259ri, Avropa \u015euras\u0131n\u0131n Vatslav Havel \u0130nsan Haqlar\u0131 M\u00fckafat\u0131 laureat\u0131 Anar M\u0259mm\u0259dli aprelin 29-da qondarma qa\u00e7aqmal\u00e7\u0131l\u0131q ittiham\u0131 il\u0259 h\u0259bs olunub. Bu da Az\u0259rbaycanda v\u0259t\u0259nda\u015f c\u0259miyy\u0259tin\u0259 v\u0259 b\u00fct\u00fcn f\u0259rqli s\u0259sl\u0259r\u0259 qar\u015f\u0131 amans\u0131z t\u0259zyiq oldu\u011funun g\u00f6st\u0259ricisidir\u201d.<\/em><\/p>\n\n\n\n<p>B\u0259yanatda m\u00fcst\u0259qil medialar \u201cAbzasMedia\u201d, \u201cKanal 13\u201d v\u0259 \u201cToplum TV\u201d d\u0259 daxil olmaqla, Az\u0259rbaycanda qalan bir ne\u00e7\u0259 m\u00fcst\u0259qil x\u0259b\u0259r orqan\u0131n\u0131n jurnalistl\u0259rinin b\u00f6y\u00fck h\u0259bs dal\u011fas\u0131 v\u0259 saxta ittihamlarla h\u0259bs edilm\u0259sind\u0259n d\u0259 b\u0259hs edilib. Bildirilib ki, h\u00fcquq m\u00fcdafi\u0259\u00e7il\u0259rinin h\u0259bsi d\u0259 medialara basq\u0131dan sonra ba\u015f verib.<\/p>\n\n\n\n<p><em>\u201cT\u0259\u0259ss\u00fcf edirik ki, haz\u0131rda 300-\u0259 yax\u0131n siyasi m\u0259hbusu olan Az\u0259rbaycan d\u00fcnyan\u0131n \u0259n repressiv \u00f6lk\u0259l\u0259rind\u0259n biridir. B\u00fct\u00fcn siyasi m\u0259hbuslar azad edilm\u0259li v\u0259 b\u00fct\u00fcn siyasi motivli ittihamlar d\u0259rhal l\u0259\u011fv edilm\u0259lidir\u201d.<\/em><\/p>\n\n\n\n<p>B\u0259yanatda Az\u0259rbaycan beyn\u0259lxalq \u00f6hd\u0259likl\u0259rin\u0259 \u0259m\u0259l etm\u0259y\u0259 \u00e7a\u011f\u0131r\u0131l\u0131b.<\/p>\n\n\n\n<p>Deputatlar t\u0259l\u0259b edibl\u0259r ki, Avropa Parlamentinin 2023-c\u00fc il mart\u0131n 15-d\u0259, sentyabr\u0131n 14-d\u0259 v\u0259 2024-c\u00fc il aprelin 25-d\u0259 q\u0259bul edil\u0259n q\u0259rarlar\u0131na uy\u011fun olaraq, bu ciddi insan h\u00fcquqlar\u0131 pozuntular\u0131nda \u0259li olan Az\u0259rbaycan m\u0259murlar\u0131na qar\u015f\u0131 c\u0259za t\u0259tbiq edilsin.<\/p>\n","protected":false},"excerpt":{"rendered":"<p>\u201cAz\u0259rbaycanda f\u0259rqli fikrin b\u00fct\u00fcn formalar\u0131na qar\u015f\u0131 amans\u0131z repressiya var\u201d Avropa &#8230; <\/p>\n<p class=\"read-more-container\"><a title=\"Avropal\u0131 deputatlar az\u0259rbaycanl\u0131 m\u0259murlara sanksiya t\u0259l\u0259b edir\" class=\"read-more button\" href=\"https:\/\/www.meydan.tv\/az\/article\/avropali-deputatlar-azerbaycanli-memurlara-sanksiya-teleb-edir\/#more-307221\" aria-label=\"Read more about Avropal\u0131 deputatlar az\u0259rbaycanl\u0131 m\u0259murlara sanksiya t\u0259l\u0259b edir\">Davam\u0131<\/a><\/p>\n","protected":false},"author":8,"featured_media":282117,"comment_status":"closed","ping_status":"closed","sticky":false,"template":"","format":"standard","meta":{"_acf_changed":false,"_sitemap_exclude":false,"_sitemap_priority":"","_sitemap_frequency":"","footnotes":""},"categories":[59,79,56],"tags":[],"class_list":["post-307221","post","type-post","status-publish","format-standard","has-post-thumbnail","hentry","category-siyaset","category-featured","category-xeberler","infinite-scroll-item","generate-columns","tablet-grid-50","mobile-grid-100","grid-parent","grid-33","no-featured-image-padding"],"acf":[],"yoast_head":"<!-- This site is optimized with the Yoast SEO plugin v27.4 - https:\/\/yoast.com\/product\/yoast-seo-wordpress\/ -->\n<title>Avropal\u0131 deputatlar az\u0259rbaycanl\u0131 m\u0259murlara sanksiya t\u0259l\u0259b edir - MEYDAN.TV<\/title>\n<meta name=\"robots\" content=\"index, follow, max-snippet:-1, max-image-preview:large, max-video-preview:-1\" \/>\n<link rel=\"canonical\" href=\"https:\/\/www.meydan.tv\/az\/article\/avropali-deputatlar-azerbaycanli-memurlara-sanksiya-teleb-edir\/\" \/>\n<meta property=\"og:locale\" content=\"az_AZ\" \/>\n<meta property=\"og:type\" content=\"article\" \/>\n<meta property=\"og:title\" content=\"Avropal\u0131 deputatlar az\u0259rbaycanl\u0131 m\u0259murlara sanksiya t\u0259l\u0259b edir - MEYDAN.TV\" \/>\n<meta property=\"og:description\" content=\"\u201cAz\u0259rbaycanda f\u0259rqli fikrin b\u00fct\u00fcn formalar\u0131na qar\u015f\u0131 amans\u0131z repressiya var\u201d Avropa ... Davam\u0131\" \/>\n<meta property=\"og:url\" content=\"https:\/\/www.meydan.tv\/az\/article\/avropali-deputatlar-azerbaycanli-memurlara-sanksiya-teleb-edir\/\" \/>\n<meta property=\"og:site_name\" content=\"MEYDAN.TV\" \/>\n<meta property=\"article:published_time\" content=\"2024-05-31T13:55:41+00:00\" \/>\n<meta property=\"article:modified_time\" content=\"2024-06-01T06:42:05+00:00\" \/>\n<meta property=\"og:image\" content=\"https:\/\/www.meydan.tv\/wp-content\/uploads\/shutterstock_2281227039.jpg\" \/>\n\t<meta property=\"og:image:width\" content=\"1200\" \/>\n\t<meta property=\"og:image:height\" content=\"675\" \/>\n\t<meta property=\"og:image:type\" content=\"image\/jpeg\" \/>\n<meta name=\"author\" content=\"elli\" \/>\n<meta name=\"twitter:card\" content=\"summary_large_image\" \/>\n<meta name=\"twitter:creator\" content=\"@elli\" \/>\n<script type=\"application\/ld+json\" class=\"yoast-schema-graph\">{\"@context\":\"https:\\\/\\\/schema.org\",\"@graph\":[{\"@type\":\"Article\",\"@id\":\"https:\\\/\\\/www.meydan.tv\\\/az\\\/article\\\/avropali-deputatlar-azerbaycanli-memurlara-sanksiya-teleb-edir\\\/#article\",\"isPartOf\":{\"@id\":\"https:\\\/\\\/www.meydan.tv\\\/az\\\/article\\\/avropali-deputatlar-azerbaycanli-memurlara-sanksiya-teleb-edir\\\/\"},\"author\":{\"name\":\"elli\",\"@id\":\"https:\\\/\\\/www.meydan.tv\\\/az\\\/#\\\/schema\\\/person\\\/9cdbecf90d17180ce1dfbd95b08dcf47\"},\"headline\":\"Avropal\u0131 deputatlar az\u0259rbaycanl\u0131 m\u0259murlara sanksiya t\u0259l\u0259b edir\",\"datePublished\":\"2024-05-31T13:55:41+00:00\",\"dateModified\":\"2024-06-01T06:42:05+00:00\",\"mainEntityOfPage\":{\"@id\":\"https:\\\/\\\/www.meydan.tv\\\/az\\\/article\\\/avropali-deputatlar-azerbaycanli-memurlara-sanksiya-teleb-edir\\\/\"},\"wordCount\":445,\"publisher\":{\"@id\":\"https:\\\/\\\/www.meydan.tv\\\/az\\\/#organization\"},\"image\":{\"@id\":\"https:\\\/\\\/www.meydan.tv\\\/az\\\/article\\\/avropali-deputatlar-azerbaycanli-memurlara-sanksiya-teleb-edir\\\/#primaryimage\"},\"thumbnailUrl\":\"https:\\\/\\\/www.meydan.tv\\\/wp-content\\\/uploads\\\/shutterstock_2281227039.jpg\",\"articleSection\":[\"Siyas\u0259t\",\"T\u00f6vsiy\u0259\",\"X\u0259b\u0259rl\u0259r\"],\"inLanguage\":\"az\"},{\"@type\":\"WebPage\",\"@id\":\"https:\\\/\\\/www.meydan.tv\\\/az\\\/article\\\/avropali-deputatlar-azerbaycanli-memurlara-sanksiya-teleb-edir\\\/\",\"url\":\"https:\\\/\\\/www.meydan.tv\\\/az\\\/article\\\/avropali-deputatlar-azerbaycanli-memurlara-sanksiya-teleb-edir\\\/\",\"name\":\"Avropal\u0131 deputatlar az\u0259rbaycanl\u0131 m\u0259murlara sanksiya t\u0259l\u0259b edir - MEYDAN.TV\",\"isPartOf\":{\"@id\":\"https:\\\/\\\/www.meydan.tv\\\/az\\\/#website\"},\"primaryImageOfPage\":{\"@id\":\"https:\\\/\\\/www.meydan.tv\\\/az\\\/article\\\/avropali-deputatlar-azerbaycanli-memurlara-sanksiya-teleb-edir\\\/#primaryimage\"},\"image\":{\"@id\":\"https:\\\/\\\/www.meydan.tv\\\/az\\\/article\\\/avropali-deputatlar-azerbaycanli-memurlara-sanksiya-teleb-edir\\\/#primaryimage\"},\"thumbnailUrl\":\"https:\\\/\\\/www.meydan.tv\\\/wp-content\\\/uploads\\\/shutterstock_2281227039.jpg\",\"datePublished\":\"2024-05-31T13:55:41+00:00\",\"dateModified\":\"2024-06-01T06:42:05+00:00\",\"breadcrumb\":{\"@id\":\"https:\\\/\\\/www.meydan.tv\\\/az\\\/article\\\/avropali-deputatlar-azerbaycanli-memurlara-sanksiya-teleb-edir\\\/#breadcrumb\"},\"inLanguage\":\"az\",\"potentialAction\":[{\"@type\":\"ReadAction\",\"target\":[\"https:\\\/\\\/www.meydan.tv\\\/az\\\/article\\\/avropali-deputatlar-azerbaycanli-memurlara-sanksiya-teleb-edir\\\/\"]}]},{\"@type\":\"ImageObject\",\"inLanguage\":\"az\",\"@id\":\"https:\\\/\\\/www.meydan.tv\\\/az\\\/article\\\/avropali-deputatlar-azerbaycanli-memurlara-sanksiya-teleb-edir\\\/#primaryimage\",\"url\":\"https:\\\/\\\/www.meydan.tv\\\/wp-content\\\/uploads\\\/shutterstock_2281227039.jpg\",\"contentUrl\":\"https:\\\/\\\/www.meydan.tv\\\/wp-content\\\/uploads\\\/shutterstock_2281227039.jpg\",\"width\":1200,\"height\":675,\"caption\":\"Az\u0259rbaycana sanksiya \u00e7a\u011f\u0131r\u0131\u015f\u0131. Foto: Postmodern Studio\\\/shutterstock\"},{\"@type\":\"BreadcrumbList\",\"@id\":\"https:\\\/\\\/www.meydan.tv\\\/az\\\/article\\\/avropali-deputatlar-azerbaycanli-memurlara-sanksiya-teleb-edir\\\/#breadcrumb\",\"itemListElement\":[{\"@type\":\"ListItem\",\"position\":1,\"name\":\"Ana s\u0259hif\u0259\",\"item\":\"https:\\\/\\\/www.meydan.tv\\\/az\\\/\"},{\"@type\":\"ListItem\",\"position\":2,\"name\":\"Siyas\u0259t\",\"item\":\"https:\\\/\\\/www.meydan.tv\\\/az\\\/section\\\/siyaset\\\/\"},{\"@type\":\"ListItem\",\"position\":3,\"name\":\"Avropal\u0131 deputatlar az\u0259rbaycanl\u0131 m\u0259murlara sanksiya t\u0259l\u0259b edir\"}]},{\"@type\":\"WebSite\",\"@id\":\"https:\\\/\\\/www.meydan.tv\\\/az\\\/#website\",\"url\":\"https:\\\/\\\/www.meydan.tv\\\/az\\\/\",\"name\":\"MEYDAN.TV\",\"description\":\"Meydan TV Az\u0259rbaycan\u0131n media m\u0259kan\u0131ndak\u0131 alternativ s\u0259sidir\",\"publisher\":{\"@id\":\"https:\\\/\\\/www.meydan.tv\\\/az\\\/#organization\"},\"potentialAction\":[{\"@type\":\"SearchAction\",\"target\":{\"@type\":\"EntryPoint\",\"urlTemplate\":\"https:\\\/\\\/www.meydan.tv\\\/az\\\/?s={search_term_string}\"},\"query-input\":{\"@type\":\"PropertyValueSpecification\",\"valueRequired\":true,\"valueName\":\"search_term_string\"}}],\"inLanguage\":\"az\"},{\"@type\":\"Organization\",\"@id\":\"https:\\\/\\\/www.meydan.tv\\\/az\\\/#organization\",\"name\":\"Meydan TV\",\"url\":\"https:\\\/\\\/www.meydan.tv\\\/az\\\/\",\"logo\":{\"@type\":\"ImageObject\",\"inLanguage\":\"az\",\"@id\":\"https:\\\/\\\/www.meydan.tv\\\/az\\\/#\\\/schema\\\/logo\\\/image\\\/\",\"url\":\"https:\\\/\\\/www.meydan.tv\\\/wp-content\\\/uploads\\\/2021\\\/07\\\/meydan-logo.svg\",\"contentUrl\":\"https:\\\/\\\/www.meydan.tv\\\/wp-content\\\/uploads\\\/2021\\\/07\\\/meydan-logo.svg\",\"width\":195,\"height\":46,\"caption\":\"Meydan TV\"},\"image\":{\"@id\":\"https:\\\/\\\/www.meydan.tv\\\/az\\\/#\\\/schema\\\/logo\\\/image\\\/\"}},{\"@type\":\"Person\",\"@id\":\"https:\\\/\\\/www.meydan.tv\\\/az\\\/#\\\/schema\\\/person\\\/9cdbecf90d17180ce1dfbd95b08dcf47\",\"name\":\"elli\",\"sameAs\":[\"https:\\\/\\\/x.com\\\/elli\"]}]}<\/script>\n<!-- \/ Yoast SEO plugin. -->","yoast_head_json":{"title":"Avropal\u0131 deputatlar az\u0259rbaycanl\u0131 m\u0259murlara sanksiya t\u0259l\u0259b edir - MEYDAN.TV","robots":{"index":"index","follow":"follow","max-snippet":"max-snippet:-1","max-image-preview":"max-image-preview:large","max-video-preview":"max-video-preview:-1"},"canonical":"https:\/\/www.meydan.tv\/az\/article\/avropali-deputatlar-azerbaycanli-memurlara-sanksiya-teleb-edir\/","og_locale":"az_AZ","og_type":"article","og_title":"Avropal\u0131 deputatlar az\u0259rbaycanl\u0131 m\u0259murlara sanksiya t\u0259l\u0259b edir - MEYDAN.TV","og_description":"\u201cAz\u0259rbaycanda f\u0259rqli fikrin b\u00fct\u00fcn formalar\u0131na qar\u015f\u0131 amans\u0131z repressiya var\u201d Avropa ... Davam\u0131","og_url":"https:\/\/www.meydan.tv\/az\/article\/avropali-deputatlar-azerbaycanli-memurlara-sanksiya-teleb-edir\/","og_site_name":"MEYDAN.TV","article_published_time":"2024-05-31T13:55:41+00:00","article_modified_time":"2024-06-01T06:42:05+00:00","og_image":[{"width":1200,"height":675,"url":"https:\/\/www.meydan.tv\/wp-content\/uploads\/shutterstock_2281227039.jpg","type":"image\/jpeg"}],"author":"elli","twitter_card":"summary_large_image","twitter_creator":"@elli","schema":{"@context":"https:\/\/schema.org","@graph":[{"@type":"Article","@id":"https:\/\/www.meydan.tv\/az\/article\/avropali-deputatlar-azerbaycanli-memurlara-sanksiya-teleb-edir\/#article","isPartOf":{"@id":"https:\/\/www.meydan.tv\/az\/article\/avropali-deputatlar-azerbaycanli-memurlara-sanksiya-teleb-edir\/"},"author":{"name":"elli","@id":"https:\/\/www.meydan.tv\/az\/#\/schema\/person\/9cdbecf90d17180ce1dfbd95b08dcf47"},"headline":"Avropal\u0131 deputatlar az\u0259rbaycanl\u0131 m\u0259murlara sanksiya t\u0259l\u0259b edir","datePublished":"2024-05-31T13:55:41+00:00","dateModified":"2024-06-01T06:42:05+00:00","mainEntityOfPage":{"@id":"https:\/\/www.meydan.tv\/az\/article\/avropali-deputatlar-azerbaycanli-memurlara-sanksiya-teleb-edir\/"},"wordCount":445,"publisher":{"@id":"https:\/\/www.meydan.tv\/az\/#organization"},"image":{"@id":"https:\/\/www.meydan.tv\/az\/article\/avropali-deputatlar-azerbaycanli-memurlara-sanksiya-teleb-edir\/#primaryimage"},"thumbnailUrl":"https:\/\/www.meydan.tv\/wp-content\/uploads\/shutterstock_2281227039.jpg","articleSection":["Siyas\u0259t","T\u00f6vsiy\u0259","X\u0259b\u0259rl\u0259r"],"inLanguage":"az"},{"@type":"WebPage","@id":"https:\/\/www.meydan.tv\/az\/article\/avropali-deputatlar-azerbaycanli-memurlara-sanksiya-teleb-edir\/","url":"https:\/\/www.meydan.tv\/az\/article\/avropali-deputatlar-azerbaycanli-memurlara-sanksiya-teleb-edir\/","name":"Avropal\u0131 deputatlar az\u0259rbaycanl\u0131 m\u0259murlara sanksiya t\u0259l\u0259b edir - MEYDAN.TV","isPartOf":{"@id":"https:\/\/www.meydan.tv\/az\/#website"},"primaryImageOfPage":{"@id":"https:\/\/www.meydan.tv\/az\/article\/avropali-deputatlar-azerbaycanli-memurlara-sanksiya-teleb-edir\/#primaryimage"},"image":{"@id":"https:\/\/www.meydan.tv\/az\/article\/avropali-deputatlar-azerbaycanli-memurlara-sanksiya-teleb-edir\/#primaryimage"},"thumbnailUrl":"https:\/\/www.meydan.tv\/wp-content\/uploads\/shutterstock_2281227039.jpg","datePublished":"2024-05-31T13:55:41+00:00","dateModified":"2024-06-01T06:42:05+00:00","breadcrumb":{"@id":"https:\/\/www.meydan.tv\/az\/article\/avropali-deputatlar-azerbaycanli-memurlara-sanksiya-teleb-edir\/#breadcrumb"},"inLanguage":"az","potentialAction":[{"@type":"ReadAction","target":["https:\/\/www.meydan.tv\/az\/article\/avropali-deputatlar-azerbaycanli-memurlara-sanksiya-teleb-edir\/"]}]},{"@type":"ImageObject","inLanguage":"az","@id":"https:\/\/www.meydan.tv\/az\/article\/avropali-deputatlar-azerbaycanli-memurlara-sanksiya-teleb-edir\/#primaryimage","url":"https:\/\/www.meydan.tv\/wp-content\/uploads\/shutterstock_2281227039.jpg","contentUrl":"https:\/\/www.meydan.tv\/wp-content\/uploads\/shutterstock_2281227039.jpg","width":1200,"height":675,"caption":"Az\u0259rbaycana sanksiya \u00e7a\u011f\u0131r\u0131\u015f\u0131. Foto: Postmodern Studio\/shutterstock"},{"@type":"BreadcrumbList","@id":"https:\/\/www.meydan.tv\/az\/article\/avropali-deputatlar-azerbaycanli-memurlara-sanksiya-teleb-edir\/#breadcrumb","itemListElement":[{"@type":"ListItem","position":1,"name":"Ana s\u0259hif\u0259","item":"https:\/\/www.meydan.tv\/az\/"},{"@type":"ListItem","position":2,"name":"Siyas\u0259t","item":"https:\/\/www.meydan.tv\/az\/section\/siyaset\/"},{"@type":"ListItem","position":3,"name":"Avropal\u0131 deputatlar az\u0259rbaycanl\u0131 m\u0259murlara sanksiya t\u0259l\u0259b edir"}]},{"@type":"WebSite","@id":"https:\/\/www.meydan.tv\/az\/#website","url":"https:\/\/www.meydan.tv\/az\/","name":"MEYDAN.TV","description":"Meydan TV Az\u0259rbaycan\u0131n media m\u0259kan\u0131ndak\u0131 alternativ s\u0259sidir","publisher":{"@id":"https:\/\/www.meydan.tv\/az\/#organization"},"potentialAction":[{"@type":"SearchAction","target":{"@type":"EntryPoint","urlTemplate":"https:\/\/www.meydan.tv\/az\/?s={search_term_string}"},"query-input":{"@type":"PropertyValueSpecification","valueRequired":true,"valueName":"search_term_string"}}],"inLanguage":"az"},{"@type":"Organization","@id":"https:\/\/www.meydan.tv\/az\/#organization","name":"Meydan TV","url":"https:\/\/www.meydan.tv\/az\/","logo":{"@type":"ImageObject","inLanguage":"az","@id":"https:\/\/www.meydan.tv\/az\/#\/schema\/logo\/image\/","url":"https:\/\/www.meydan.tv\/wp-content\/uploads\/2021\/07\/meydan-logo.svg","contentUrl":"https:\/\/www.meydan.tv\/wp-content\/uploads\/2021\/07\/meydan-logo.svg","width":195,"height":46,"caption":"Meydan TV"},"image":{"@id":"https:\/\/www.meydan.tv\/az\/#\/schema\/logo\/image\/"}},{"@type":"Person","@id":"https:\/\/www.meydan.tv\/az\/#\/schema\/person\/9cdbecf90d17180ce1dfbd95b08dcf47","name":"elli","sameAs":["https:\/\/x.com\/elli"]}]}},"_links":{"self":[{"href":"https:\/\/www.meydan.tv\/az\/wp-json\/wp\/v2\/posts\/307221","targetHints":{"allow":["GET"]}}],"collection":[{"href":"https:\/\/www.meydan.tv\/az\/wp-json\/wp\/v2\/posts"}],"about":[{"href":"https:\/\/www.meydan.tv\/az\/wp-json\/wp\/v2\/types\/post"}],"author":[{"embeddable":true,"href":"https:\/\/www.meydan.tv\/az\/wp-json\/wp\/v2\/users\/8"}],"replies":[{"embeddable":true,"href":"https:\/\/www.meydan.tv\/az\/wp-json\/wp\/v2\/comments?post=307221"}],"version-history":[{"count":4,"href":"https:\/\/www.meydan.tv\/az\/wp-json\/wp\/v2\/posts\/307221\/revisions"}],"predecessor-version":[{"id":307257,"href":"https:\/\/www.meydan.tv\/az\/wp-json\/wp\/v2\/posts\/307221\/revisions\/307257"}],"wp:featuredmedia":[{"embeddable":true,"href":"https:\/\/www.meydan.tv\/az\/wp-json\/wp\/v2\/media\/282117"}],"wp:attachment":[{"href":"https:\/\/www.meydan.tv\/az\/wp-json\/wp\/v2\/media?parent=307221"}],"wp:term":[{"taxonomy":"category","embeddable":true,"href":"https:\/\/www.meydan.tv\/az\/wp-json\/wp\/v2\/categories?post=307221"},{"taxonomy":"post_tag","embeddable":true,"href":"https:\/\/www.meydan.tv\/az\/wp-json\/wp\/v2\/tags?post=307221"}],"curies":[{"name":"wp","href":"https:\/\/api.w.org\/{rel}","templated":true}]}}