{"id":307210,"date":"2024-05-31T16:49:46","date_gmt":"2024-05-31T12:49:46","guid":{"rendered":"https:\/\/www.meydan.tv\/?p=307210"},"modified":"2024-05-31T16:49:49","modified_gmt":"2024-05-31T12:49:49","slug":"bdu-da-sabah-qruplari-legv-edilir","status":"publish","type":"post","link":"https:\/\/www.meydan.tv\/az\/article\/bdu-da-sabah-qruplari-legv-edilir\/","title":{"rendered":"BDU-da &#8220;SABAH&#8221; qruplar\u0131 l\u0259\u011fv edilir"},"content":{"rendered":"\n<p><\/p>\n\n\n\n<p><strong><em>&#8220;SABAH&#8221; qruplar\u0131na q\u0259bul Qaraba\u011f Universitetind\u0259 apar\u0131lacaq<\/em><\/strong><\/p>\n\n\n\n<p>Bak\u0131 D\u00f6vl\u0259t Universitetinin (BDU) h\u00fcquq\u015f\u00fcnasl\u0131q fak\u00fclt\u0259si \u00fczr\u0259 SABAH qruplar\u0131n\u0131n l\u0259\u011fv olundu\u011fu <a href=\"https:\/\/report.az\/elm-ve-tehsil-xeberleri\/bdu-da-huquqsunasliq-fakultesi-uzre-sabah-qruplari-legv-olunur\/\">bildirilir.<\/a><\/p>\n\n\n\n<p>BDU-dan bildirilib ki, yeni t\u0259hsil ilind\u0259n &#8220;SABAH&#8221; qruplar\u0131na q\u0259bul Qaraba\u011f Universitetind\u0259 apar\u0131lacaq.<\/p>\n\n\n\n<p><strong>&#8220;Par\u00e7an\u0131n k\u0259nar\u0131ndan k\u0259sib ortas\u0131na yamay\u0131rlar ki, g\u00f6z\u0259l g\u00f6r\u00fcns\u00fcn&#8221;<\/strong><\/p>\n\n\n\n<p>Bak\u0131 D\u00f6vl\u0259t Universitetinin m\u00fc\u0259llimi, III Respublika Platformas\u0131n\u0131n Qurucu Hey\u0259tinin \u00fczv\u00fc <a href=\"https:\/\/www.facebook.com\/fonkurin\/posts\/pfbid032osurDGJhxqYZ7XKHFbQwn18NL7MH23vQFEUL4JRRmPEHnZe2ua9XSfbespfTdynl\">Araz \u018fliyev<\/a> at\u0131lan add\u0131m\u0131n do\u011fru olmad\u0131\u011f\u0131n\u0131<a href=\" deyir:\"> <\/a>deyir:<\/p>\n\n\n<div class=\"wp-block-image\">\n<figure class=\"alignleft size-full is-resized\"><img decoding=\"async\" width=\"1200\" height=\"800\" data-src=\"https:\/\/www.meydan.tv\/wp-content\/uploads\/untitled-design-213.jpg\" alt=\"\" class=\"wp-image-288325 lazyload\" style=\"--smush-placeholder-width: 1200px; --smush-placeholder-aspect-ratio: 1200\/800;width:390px;height:auto\" src=\"data:image\/svg+xml;base64,PHN2ZyB3aWR0aD0iMSIgaGVpZ2h0PSIxIiB4bWxucz0iaHR0cDovL3d3dy53My5vcmcvMjAwMC9zdmciPjwvc3ZnPg==\" \/><figcaption class=\"wp-element-caption\">Foto: Araz \u018fliyevin \u015f\u0259xsi arxivind\u0259n<\/figcaption><\/figure>\n<\/div>\n\n\n<p>\u201c<em>S\u0131rf Qaraba\u011f Universiteti \u00fc\u00e7\u00fcn BDU-nun h\u00fcquq fak\u00fclt\u0259sind\u0259 ill\u0259rdir ki, t\u0259tbiq olunan v\u0259 oturu\u015fmu\u015f &#8220;SABAH&#8221; qruplar\u0131 sistemi l\u0259\u011fv edilir. &#8220;SABAH&#8221; qruplar\u0131 y\u00fcks\u0259k n\u0259tic\u0259 g\u00f6st\u0259r\u0259n t\u0259l\u0259b\u0259l\u0259rin topland\u0131\u011f\u0131 v\u0259 ingilisc\u0259 t\u0259drisin ke\u00e7irildiyi yerdir. Bel\u0259 des\u0259k, t\u0259l\u0259b\u0259l\u0259r \u00fc\u00e7\u00fcn daha prestijli, daha elit, keyfiyy\u0259tli bir sistemdir. \u018fn az\u0131ndan reall\u0131\u011fa n\u0259z\u0259r\u0259n \u015f\u00fck\u00fcrl\u00fc sistemdir. Bundan sonra &#8220;SABAH&#8221; qruplar\u0131nda oxumaq ist\u0259y\u0259nl\u0259r d\u0259 ged\u0259c\u0259kl\u0259r Qaraba\u011f Universitetin\u0259. \u0130nan\u0131rlar ki, bel\u0259 ets\u0259l\u0259r, Qaraba\u011f Universitetini bir ilin i\u00e7ind\u0259 \u00f6lk\u0259nin \u0259n g\u00fccl\u00fc universitetin\u0259 \u00e7evir\u0259 bil\u0259c\u0259kl\u0259r. Lakin bunu ed\u0259rk\u0259n BDU-dak\u0131 t\u0259hsilin nec\u0259 olaca\u011f\u0131n\u0131 d\u00fc\u015f\u00fcnm\u00fcrl\u0259r. Par\u00e7an\u0131n k\u0259nar\u0131ndan k\u0259sib ortas\u0131na yamay\u0131rlar ki, g\u00f6z\u0259l g\u00f6r\u00fcns\u00fcn\u201d.<\/em><\/p>\n\n\n\n<p>&#8220;&#8221;<strong>SABAH&#8221; qruplar\u0131 BDU-da da olsun, Qaraba\u011f Universitetind\u0259 d\u0259. Bunun n\u0259 ziyan\u0131 var?&#8221;<\/strong><\/p>\n\n\n\n<p><em>\u201cQaraba\u011fda yax\u015f\u0131 universitet qurmaq ist\u0259yirsiniz, lap yax\u015f\u0131 edirsiniz. Amma bu \u201cinki\u015faf\u0131\u201d ba\u015fqa universitetl\u0259ri kor etm\u0259k, onlardan t\u0259l\u0259b\u0259, i\u015fl\u0259k sistem o\u011furlamaq x\u0259trin\u0259 etm\u0259yin. &#8220;SABAH&#8221; qruplar\u0131 BDU-da da olsun, Qaraba\u011f Universitetind\u0259 d\u0259. Bunun n\u0259 ziyan\u0131 var? Onsuz da qazanan Az\u0259rbaycan t\u0259hsili deyilmi? Bu yana\u015fma il\u0259 BDU t\u0259l\u0259b\u0259l\u0259rinin t\u0259qa\u00fcd\u00fcnd\u0259n k\u0259sib ver\u0259k Qaraba\u011f Universitetinin t\u0259l\u0259b\u0259l\u0259rin\u0259. Bel\u0259 m\u0259ntiqsizlik olmur\u201d<\/em>, &#8211; dey\u0259 o bildirib.<\/p>\n\n\n\n<p>&#8220;SABAH&#8221; qruplar\u0131 2014-2015-ci t\u0259dris ilind\u0259 ke\u00e7mi\u015f t\u0259hsil naziri Mikay\u0131l Cabbarovun t\u0259\u015f\u0259bb\u00fcs\u00fc il\u0259 yarad\u0131l\u0131b.<\/p>\n\n\n\n<p>Yarad\u0131lmas\u0131nda m\u0259qs\u0259d x\u00fcsusi istedad\u0131 il\u0259 se\u00e7il\u0259n v\u0259 t\u0259hsild\u0259 g\u00f6st\u0259ricil\u0259ri il\u0259 f\u0259rql\u0259n\u0259n t\u0259l\u0259b\u0259l\u0259r\u0259 y\u00fcks\u0259k keyfiyy\u0259tli t\u0259hsil almaq \u00fc\u00e7\u00fcn \u0259lveri\u015fli \u015f\u0259raitin yarad\u0131lmas\u0131d\u0131r.<\/p>\n","protected":false},"excerpt":{"rendered":"<p>&#8220;SABAH&#8221; qruplar\u0131na q\u0259bul Qaraba\u011f Universitetind\u0259 apar\u0131lacaq Bak\u0131 D\u00f6vl\u0259t Universitetinin (BDU) &#8230; <\/p>\n<p class=\"read-more-container\"><a title=\"BDU-da &#8220;SABAH&#8221; qruplar\u0131 l\u0259\u011fv edilir\" class=\"read-more button\" href=\"https:\/\/www.meydan.tv\/az\/article\/bdu-da-sabah-qruplari-legv-edilir\/#more-307210\" aria-label=\"Read more about BDU-da &#8220;SABAH&#8221; qruplar\u0131 l\u0259\u011fv edilir\">Davam\u0131<\/a><\/p>\n","protected":false},"author":8,"featured_media":135064,"comment_status":"closed","ping_status":"closed","sticky":false,"template":"","format":"standard","meta":{"_acf_changed":false,"_sitemap_exclude":false,"_sitemap_priority":"","_sitemap_frequency":"","footnotes":""},"categories":[62,56],"tags":[],"class_list":["post-307210","post","type-post","status-publish","format-standard","has-post-thumbnail","hentry","category-sosial","category-xeberler","infinite-scroll-item","generate-columns","tablet-grid-50","mobile-grid-100","grid-parent","grid-33","no-featured-image-padding"],"acf":[],"yoast_head":"<!-- This site is optimized with the Yoast SEO plugin v27.5 - https:\/\/yoast.com\/product\/yoast-seo-wordpress\/ -->\n<title>BDU-da &quot;SABAH&quot; qruplar\u0131 l\u0259\u011fv edilir - MEYDAN.TV<\/title>\n<meta name=\"robots\" content=\"index, follow, max-snippet:-1, max-image-preview:large, max-video-preview:-1\" \/>\n<link rel=\"canonical\" href=\"https:\/\/www.meydan.tv\/az\/article\/bdu-da-sabah-qruplari-legv-edilir\/\" \/>\n<meta property=\"og:locale\" content=\"az_AZ\" \/>\n<meta property=\"og:type\" content=\"article\" \/>\n<meta property=\"og:title\" content=\"BDU-da &quot;SABAH&quot; qruplar\u0131 l\u0259\u011fv edilir - MEYDAN.TV\" \/>\n<meta property=\"og:description\" content=\"&#8220;SABAH&#8221; qruplar\u0131na q\u0259bul Qaraba\u011f Universitetind\u0259 apar\u0131lacaq Bak\u0131 D\u00f6vl\u0259t Universitetinin (BDU) ... Davam\u0131\" \/>\n<meta property=\"og:url\" content=\"https:\/\/www.meydan.tv\/az\/article\/bdu-da-sabah-qruplari-legv-edilir\/\" \/>\n<meta property=\"og:site_name\" content=\"MEYDAN.TV\" \/>\n<meta property=\"article:published_time\" content=\"2024-05-31T12:49:46+00:00\" \/>\n<meta property=\"article:modified_time\" content=\"2024-05-31T12:49:49+00:00\" \/>\n<meta property=\"og:image\" content=\"https:\/\/www.meydan.tv\/wp-content\/uploads\/828607.jpg\" \/>\n\t<meta property=\"og:image:width\" content=\"1600\" \/>\n\t<meta property=\"og:image:height\" content=\"1068\" \/>\n\t<meta property=\"og:image:type\" content=\"image\/jpeg\" \/>\n<meta name=\"author\" content=\"elli\" \/>\n<meta name=\"twitter:card\" content=\"summary_large_image\" \/>\n<meta name=\"twitter:creator\" content=\"@elli\" \/>\n<script type=\"application\/ld+json\" class=\"yoast-schema-graph\">{\"@context\":\"https:\\\/\\\/schema.org\",\"@graph\":[{\"@type\":\"Article\",\"@id\":\"https:\\\/\\\/www.meydan.tv\\\/az\\\/article\\\/bdu-da-sabah-qruplari-legv-edilir\\\/#article\",\"isPartOf\":{\"@id\":\"https:\\\/\\\/www.meydan.tv\\\/az\\\/article\\\/bdu-da-sabah-qruplari-legv-edilir\\\/\"},\"author\":{\"name\":\"elli\",\"@id\":\"https:\\\/\\\/www.meydan.tv\\\/az\\\/#\\\/schema\\\/person\\\/9cdbecf90d17180ce1dfbd95b08dcf47\"},\"headline\":\"BDU-da &#8220;SABAH&#8221; qruplar\u0131 l\u0259\u011fv edilir\",\"datePublished\":\"2024-05-31T12:49:46+00:00\",\"dateModified\":\"2024-05-31T12:49:49+00:00\",\"mainEntityOfPage\":{\"@id\":\"https:\\\/\\\/www.meydan.tv\\\/az\\\/article\\\/bdu-da-sabah-qruplari-legv-edilir\\\/\"},\"wordCount\":433,\"publisher\":{\"@id\":\"https:\\\/\\\/www.meydan.tv\\\/az\\\/#organization\"},\"image\":{\"@id\":\"https:\\\/\\\/www.meydan.tv\\\/az\\\/article\\\/bdu-da-sabah-qruplari-legv-edilir\\\/#primaryimage\"},\"thumbnailUrl\":\"https:\\\/\\\/www.meydan.tv\\\/wp-content\\\/uploads\\\/828607.jpg\",\"articleSection\":[\"Sosial\",\"X\u0259b\u0259rl\u0259r\"],\"inLanguage\":\"az\"},{\"@type\":\"WebPage\",\"@id\":\"https:\\\/\\\/www.meydan.tv\\\/az\\\/article\\\/bdu-da-sabah-qruplari-legv-edilir\\\/\",\"url\":\"https:\\\/\\\/www.meydan.tv\\\/az\\\/article\\\/bdu-da-sabah-qruplari-legv-edilir\\\/\",\"name\":\"BDU-da \\\"SABAH\\\" qruplar\u0131 l\u0259\u011fv edilir - MEYDAN.TV\",\"isPartOf\":{\"@id\":\"https:\\\/\\\/www.meydan.tv\\\/az\\\/#website\"},\"primaryImageOfPage\":{\"@id\":\"https:\\\/\\\/www.meydan.tv\\\/az\\\/article\\\/bdu-da-sabah-qruplari-legv-edilir\\\/#primaryimage\"},\"image\":{\"@id\":\"https:\\\/\\\/www.meydan.tv\\\/az\\\/article\\\/bdu-da-sabah-qruplari-legv-edilir\\\/#primaryimage\"},\"thumbnailUrl\":\"https:\\\/\\\/www.meydan.tv\\\/wp-content\\\/uploads\\\/828607.jpg\",\"datePublished\":\"2024-05-31T12:49:46+00:00\",\"dateModified\":\"2024-05-31T12:49:49+00:00\",\"breadcrumb\":{\"@id\":\"https:\\\/\\\/www.meydan.tv\\\/az\\\/article\\\/bdu-da-sabah-qruplari-legv-edilir\\\/#breadcrumb\"},\"inLanguage\":\"az\",\"potentialAction\":[{\"@type\":\"ReadAction\",\"target\":[\"https:\\\/\\\/www.meydan.tv\\\/az\\\/article\\\/bdu-da-sabah-qruplari-legv-edilir\\\/\"]}]},{\"@type\":\"ImageObject\",\"inLanguage\":\"az\",\"@id\":\"https:\\\/\\\/www.meydan.tv\\\/az\\\/article\\\/bdu-da-sabah-qruplari-legv-edilir\\\/#primaryimage\",\"url\":\"https:\\\/\\\/www.meydan.tv\\\/wp-content\\\/uploads\\\/828607.jpg\",\"contentUrl\":\"https:\\\/\\\/www.meydan.tv\\\/wp-content\\\/uploads\\\/828607.jpg\",\"width\":1600,\"height\":1068,\"caption\":\"Foto:: Meydan TV\"},{\"@type\":\"BreadcrumbList\",\"@id\":\"https:\\\/\\\/www.meydan.tv\\\/az\\\/article\\\/bdu-da-sabah-qruplari-legv-edilir\\\/#breadcrumb\",\"itemListElement\":[{\"@type\":\"ListItem\",\"position\":1,\"name\":\"Ana s\u0259hif\u0259\",\"item\":\"https:\\\/\\\/www.meydan.tv\\\/az\\\/\"},{\"@type\":\"ListItem\",\"position\":2,\"name\":\"Sosial\",\"item\":\"https:\\\/\\\/www.meydan.tv\\\/az\\\/section\\\/sosial\\\/\"},{\"@type\":\"ListItem\",\"position\":3,\"name\":\"BDU-da &#8220;SABAH&#8221; qruplar\u0131 l\u0259\u011fv edilir\"}]},{\"@type\":\"WebSite\",\"@id\":\"https:\\\/\\\/www.meydan.tv\\\/az\\\/#website\",\"url\":\"https:\\\/\\\/www.meydan.tv\\\/az\\\/\",\"name\":\"MEYDAN.TV\",\"description\":\"Meydan TV Az\u0259rbaycan\u0131n media m\u0259kan\u0131ndak\u0131 alternativ s\u0259sidir\",\"publisher\":{\"@id\":\"https:\\\/\\\/www.meydan.tv\\\/az\\\/#organization\"},\"potentialAction\":[{\"@type\":\"SearchAction\",\"target\":{\"@type\":\"EntryPoint\",\"urlTemplate\":\"https:\\\/\\\/www.meydan.tv\\\/az\\\/?s={search_term_string}\"},\"query-input\":{\"@type\":\"PropertyValueSpecification\",\"valueRequired\":true,\"valueName\":\"search_term_string\"}}],\"inLanguage\":\"az\"},{\"@type\":\"Organization\",\"@id\":\"https:\\\/\\\/www.meydan.tv\\\/az\\\/#organization\",\"name\":\"Meydan TV\",\"url\":\"https:\\\/\\\/www.meydan.tv\\\/az\\\/\",\"logo\":{\"@type\":\"ImageObject\",\"inLanguage\":\"az\",\"@id\":\"https:\\\/\\\/www.meydan.tv\\\/az\\\/#\\\/schema\\\/logo\\\/image\\\/\",\"url\":\"https:\\\/\\\/www.meydan.tv\\\/wp-content\\\/uploads\\\/2021\\\/07\\\/meydan-logo.svg\",\"contentUrl\":\"https:\\\/\\\/www.meydan.tv\\\/wp-content\\\/uploads\\\/2021\\\/07\\\/meydan-logo.svg\",\"width\":195,\"height\":46,\"caption\":\"Meydan TV\"},\"image\":{\"@id\":\"https:\\\/\\\/www.meydan.tv\\\/az\\\/#\\\/schema\\\/logo\\\/image\\\/\"}},{\"@type\":\"Person\",\"@id\":\"https:\\\/\\\/www.meydan.tv\\\/az\\\/#\\\/schema\\\/person\\\/9cdbecf90d17180ce1dfbd95b08dcf47\",\"name\":\"elli\",\"sameAs\":[\"https:\\\/\\\/x.com\\\/elli\"]}]}<\/script>\n<!-- \/ Yoast SEO plugin. -->","yoast_head_json":{"title":"BDU-da \"SABAH\" qruplar\u0131 l\u0259\u011fv edilir - MEYDAN.TV","robots":{"index":"index","follow":"follow","max-snippet":"max-snippet:-1","max-image-preview":"max-image-preview:large","max-video-preview":"max-video-preview:-1"},"canonical":"https:\/\/www.meydan.tv\/az\/article\/bdu-da-sabah-qruplari-legv-edilir\/","og_locale":"az_AZ","og_type":"article","og_title":"BDU-da \"SABAH\" qruplar\u0131 l\u0259\u011fv edilir - MEYDAN.TV","og_description":"&#8220;SABAH&#8221; qruplar\u0131na q\u0259bul Qaraba\u011f Universitetind\u0259 apar\u0131lacaq Bak\u0131 D\u00f6vl\u0259t Universitetinin (BDU) ... Davam\u0131","og_url":"https:\/\/www.meydan.tv\/az\/article\/bdu-da-sabah-qruplari-legv-edilir\/","og_site_name":"MEYDAN.TV","article_published_time":"2024-05-31T12:49:46+00:00","article_modified_time":"2024-05-31T12:49:49+00:00","og_image":[{"width":1600,"height":1068,"url":"https:\/\/www.meydan.tv\/wp-content\/uploads\/828607.jpg","type":"image\/jpeg"}],"author":"elli","twitter_card":"summary_large_image","twitter_creator":"@elli","schema":{"@context":"https:\/\/schema.org","@graph":[{"@type":"Article","@id":"https:\/\/www.meydan.tv\/az\/article\/bdu-da-sabah-qruplari-legv-edilir\/#article","isPartOf":{"@id":"https:\/\/www.meydan.tv\/az\/article\/bdu-da-sabah-qruplari-legv-edilir\/"},"author":{"name":"elli","@id":"https:\/\/www.meydan.tv\/az\/#\/schema\/person\/9cdbecf90d17180ce1dfbd95b08dcf47"},"headline":"BDU-da &#8220;SABAH&#8221; qruplar\u0131 l\u0259\u011fv edilir","datePublished":"2024-05-31T12:49:46+00:00","dateModified":"2024-05-31T12:49:49+00:00","mainEntityOfPage":{"@id":"https:\/\/www.meydan.tv\/az\/article\/bdu-da-sabah-qruplari-legv-edilir\/"},"wordCount":433,"publisher":{"@id":"https:\/\/www.meydan.tv\/az\/#organization"},"image":{"@id":"https:\/\/www.meydan.tv\/az\/article\/bdu-da-sabah-qruplari-legv-edilir\/#primaryimage"},"thumbnailUrl":"https:\/\/www.meydan.tv\/wp-content\/uploads\/828607.jpg","articleSection":["Sosial","X\u0259b\u0259rl\u0259r"],"inLanguage":"az"},{"@type":"WebPage","@id":"https:\/\/www.meydan.tv\/az\/article\/bdu-da-sabah-qruplari-legv-edilir\/","url":"https:\/\/www.meydan.tv\/az\/article\/bdu-da-sabah-qruplari-legv-edilir\/","name":"BDU-da \"SABAH\" qruplar\u0131 l\u0259\u011fv edilir - MEYDAN.TV","isPartOf":{"@id":"https:\/\/www.meydan.tv\/az\/#website"},"primaryImageOfPage":{"@id":"https:\/\/www.meydan.tv\/az\/article\/bdu-da-sabah-qruplari-legv-edilir\/#primaryimage"},"image":{"@id":"https:\/\/www.meydan.tv\/az\/article\/bdu-da-sabah-qruplari-legv-edilir\/#primaryimage"},"thumbnailUrl":"https:\/\/www.meydan.tv\/wp-content\/uploads\/828607.jpg","datePublished":"2024-05-31T12:49:46+00:00","dateModified":"2024-05-31T12:49:49+00:00","breadcrumb":{"@id":"https:\/\/www.meydan.tv\/az\/article\/bdu-da-sabah-qruplari-legv-edilir\/#breadcrumb"},"inLanguage":"az","potentialAction":[{"@type":"ReadAction","target":["https:\/\/www.meydan.tv\/az\/article\/bdu-da-sabah-qruplari-legv-edilir\/"]}]},{"@type":"ImageObject","inLanguage":"az","@id":"https:\/\/www.meydan.tv\/az\/article\/bdu-da-sabah-qruplari-legv-edilir\/#primaryimage","url":"https:\/\/www.meydan.tv\/wp-content\/uploads\/828607.jpg","contentUrl":"https:\/\/www.meydan.tv\/wp-content\/uploads\/828607.jpg","width":1600,"height":1068,"caption":"Foto:: Meydan TV"},{"@type":"BreadcrumbList","@id":"https:\/\/www.meydan.tv\/az\/article\/bdu-da-sabah-qruplari-legv-edilir\/#breadcrumb","itemListElement":[{"@type":"ListItem","position":1,"name":"Ana s\u0259hif\u0259","item":"https:\/\/www.meydan.tv\/az\/"},{"@type":"ListItem","position":2,"name":"Sosial","item":"https:\/\/www.meydan.tv\/az\/section\/sosial\/"},{"@type":"ListItem","position":3,"name":"BDU-da &#8220;SABAH&#8221; qruplar\u0131 l\u0259\u011fv edilir"}]},{"@type":"WebSite","@id":"https:\/\/www.meydan.tv\/az\/#website","url":"https:\/\/www.meydan.tv\/az\/","name":"MEYDAN.TV","description":"Meydan TV Az\u0259rbaycan\u0131n media m\u0259kan\u0131ndak\u0131 alternativ s\u0259sidir","publisher":{"@id":"https:\/\/www.meydan.tv\/az\/#organization"},"potentialAction":[{"@type":"SearchAction","target":{"@type":"EntryPoint","urlTemplate":"https:\/\/www.meydan.tv\/az\/?s={search_term_string}"},"query-input":{"@type":"PropertyValueSpecification","valueRequired":true,"valueName":"search_term_string"}}],"inLanguage":"az"},{"@type":"Organization","@id":"https:\/\/www.meydan.tv\/az\/#organization","name":"Meydan TV","url":"https:\/\/www.meydan.tv\/az\/","logo":{"@type":"ImageObject","inLanguage":"az","@id":"https:\/\/www.meydan.tv\/az\/#\/schema\/logo\/image\/","url":"https:\/\/www.meydan.tv\/wp-content\/uploads\/2021\/07\/meydan-logo.svg","contentUrl":"https:\/\/www.meydan.tv\/wp-content\/uploads\/2021\/07\/meydan-logo.svg","width":195,"height":46,"caption":"Meydan TV"},"image":{"@id":"https:\/\/www.meydan.tv\/az\/#\/schema\/logo\/image\/"}},{"@type":"Person","@id":"https:\/\/www.meydan.tv\/az\/#\/schema\/person\/9cdbecf90d17180ce1dfbd95b08dcf47","name":"elli","sameAs":["https:\/\/x.com\/elli"]}]}},"_links":{"self":[{"href":"https:\/\/www.meydan.tv\/az\/wp-json\/wp\/v2\/posts\/307210","targetHints":{"allow":["GET"]}}],"collection":[{"href":"https:\/\/www.meydan.tv\/az\/wp-json\/wp\/v2\/posts"}],"about":[{"href":"https:\/\/www.meydan.tv\/az\/wp-json\/wp\/v2\/types\/post"}],"author":[{"embeddable":true,"href":"https:\/\/www.meydan.tv\/az\/wp-json\/wp\/v2\/users\/8"}],"replies":[{"embeddable":true,"href":"https:\/\/www.meydan.tv\/az\/wp-json\/wp\/v2\/comments?post=307210"}],"version-history":[{"count":3,"href":"https:\/\/www.meydan.tv\/az\/wp-json\/wp\/v2\/posts\/307210\/revisions"}],"predecessor-version":[{"id":307218,"href":"https:\/\/www.meydan.tv\/az\/wp-json\/wp\/v2\/posts\/307210\/revisions\/307218"}],"wp:featuredmedia":[{"embeddable":true,"href":"https:\/\/www.meydan.tv\/az\/wp-json\/wp\/v2\/media\/135064"}],"wp:attachment":[{"href":"https:\/\/www.meydan.tv\/az\/wp-json\/wp\/v2\/media?parent=307210"}],"wp:term":[{"taxonomy":"category","embeddable":true,"href":"https:\/\/www.meydan.tv\/az\/wp-json\/wp\/v2\/categories?post=307210"},{"taxonomy":"post_tag","embeddable":true,"href":"https:\/\/www.meydan.tv\/az\/wp-json\/wp\/v2\/tags?post=307210"}],"curies":[{"name":"wp","href":"https:\/\/api.w.org\/{rel}","templated":true}]}}