{"id":307189,"date":"2024-05-31T16:38:10","date_gmt":"2024-05-31T12:38:10","guid":{"rendered":"https:\/\/www.meydan.tv\/?p=307189"},"modified":"2024-05-31T16:38:13","modified_gmt":"2024-05-31T12:38:13","slug":"serkar-sakinleri-belediyye-sedrini-saxtakarliqda-gunahlandirir","status":"publish","type":"post","link":"https:\/\/www.meydan.tv\/az\/article\/serkar-sakinleri-belediyye-sedrini-saxtakarliqda-gunahlandirir\/","title":{"rendered":"S\u0259rkar sakinl\u0259ri b\u0259l\u0259diyy\u0259 s\u0259drini saxtakarl\u0131qda g\u00fcnahland\u0131r\u0131r"},"content":{"rendered":"\n<p><\/p>\n\n\n\n<p><strong><em>B\u0259l\u0259diyy\u0259 s\u0259dri is\u0259 deyir, torpa\u011f\u0131 o yox, Torpaq Komit\u0259si sat\u0131b<\/em><\/strong><\/p>\n\n\n\n<p>Samuxun S\u0259rkar k\u0259nd sakinl\u0259ri Meydan TV-y\u0259 dan\u0131\u015f\u0131rlar ki, bir ne\u00e7\u0259 il \u0259vv\u0259l b\u0259l\u0259diyy\u0259 s\u0259dri onlar\u0131 torpaq alq\u0131-satq\u0131s\u0131nda aldad\u0131b.<\/p>\n\n\n\n<p>\u0130ddialar\u0131na g\u00f6r\u0259, bu yax\u0131nlarda \u00fcz\u0259 \u00e7\u0131x\u0131b ki, vaxtil\u0259 ald\u0131qlar\u0131 20 sot torpaq sah\u0259sinin 8 sotu \u00e7\u0131xar\u0131\u015fla ba\u015fqas\u0131na m\u0259xsus imi\u015f.<\/p>\n\n\n\n<p><strong>\u201cTorpaq alq\u0131-satq\u0131s\u0131nda saxtakarl\u0131\u011fa yol verilib\u201d<\/strong><\/p>\n\n\n\n<p>Bu bar\u0259d\u0259 torpaq sah\u0259sinin ilk al\u0131c\u0131s\u0131 oldu\u011funu iddia ed\u0259n k\u0259nd sakini Asim Quliyev dan\u0131\u015f\u0131r:<\/p>\n\n\n\n<p><em>\u201c10 il \u0259vv\u0259l b\u0259l\u0259diyy\u0259 s\u0259dri \u015e\u0259mistan Yusifov m\u0259ni aldad\u0131b, satd\u0131\u011f\u0131 torpa\u011fa el\u0259 s\u0259n\u0259d verib ki, torpa\u011f\u0131n bir hiss\u0259si gedib ba\u015fqas\u0131n\u0131n \u00fcnvan\u0131na \u00e7\u0131x\u0131r. M\u0259n o torpa\u011f\u0131 b\u0259l\u0259diyy\u0259 s\u0259n\u0259di il\u0259 el\u0259 o vaxtlar ba\u015fqas\u0131na, ba\u015fqas\u0131 da bir ba\u015fqas\u0131na sat\u0131b. Torpa\u011f\u0131 alan sonuncu \u015f\u0259xs indi onu \u00f6z ad\u0131na ke\u00e7irm\u0259k ist\u0259yir, m\u0259lum olur ki, vaxtil\u0259 torpaq alq\u0131-satq\u0131s\u0131nda b\u0259l\u0259diyy\u0259 saxtakatl\u0131\u011fa yol verib. \u0130ndi d\u0259 \u0259m\u0259lini boynuna almaq ist\u0259mir. Gah deyir ki, m\u0259n s\u0259n\u0259 torpaq satmam\u0131\u015fam, gah da deyir ki, m\u0259n s\u0259n\u0259 12 sot torpaq satm\u0131\u015fam. Halbuki s\u0259n\u0259d \u00fcz\u0259rind\u0259 20 sot torpaq g\u00f6st\u0259rilib, m\u0259nd\u0259n d\u0259 20 sot torpa\u011f\u0131n pulu al\u0131n\u0131b\u201d.<\/em><\/p>\n\n\n\n<p><strong>\u201cB\u0259l\u0259diyy\u0259 s\u0259n\u0259di il\u0259 al\u0131b, ba\u015fqas\u0131na satm\u0131\u015fam\u201d<\/strong><\/p>\n\n\n\n<p>Asim Quliyevd\u0259n torpaq sah\u0259sini alan \u0130sa R\u0259himov olub. Onun s\u00f6zl\u0259rin\u0259 g\u00f6r\u0259, h\u0259mk\u0259ndlisind\u0259n ald\u0131\u011f\u0131 torpaq sah\u0259sind\u0259n istifad\u0259 etm\u0259yib. Ona g\u00f6r\u0259 d\u0259 s\u0259n\u0259d \u00fcz\u0259rind\u0259ki torpaq sah\u0259sinin bir hiss\u0259sinin ba\u015fqa \u0259raziy\u0259 d\u00fc\u015fm\u0259sind\u0259n d\u0259 x\u0259b\u0259ri olmay\u0131b:<em> <\/em><\/p>\n\n\n\n<p><em>\u201c2015-ci ild\u0259n Asim Quliyevd\u0259n torpa\u011f\u0131 b\u0259l\u0259diyy\u0259 s\u0259n\u0259di il\u0259 alm\u0131\u015fam. Bu yax\u0131nlarda h\u0259mk\u0259ndlim \u018fli Abbasova satm\u0131\u015fam. \u0130ndi \u018fli Abbasov deyir ki, torpaq s\u0259n\u0259dd\u0259 20 sot g\u00f6st\u0259rils\u0259 d\u0259, realda 12 sotdur. \u00d6z ad\u0131na ke\u00e7irib s\u0259n\u0259d almaq ist\u0259yir. G\u0259lib \u00f6l\u00e7\u00fcrl\u0259r, deyirl\u0259r ki, 8 sot \u0259skik g\u0259lir. S\u0259n\u0259dl\u0259 torpa\u011f\u0131n qalan hiss\u0259si \u018fm\u0259kdar adl\u0131 ki\u015finin sah\u0259sin\u0259 d\u00fc\u015f\u00fcr, gedib baxm\u0131\u015f\u0131q, ki\u015finin d\u0259d\u0259-baba torpa\u011f\u0131d\u0131r, \u00c7\u0131xar\u0131\u015f\u0131 da var\u201d.<\/em><\/p>\n\n\n<div class=\"wp-block-image\">\n<figure class=\"aligncenter size-full\"><img decoding=\"async\" width=\"1200\" height=\"673\" data-src=\"https:\/\/www.meydan.tv\/wp-content\/uploads\/serkarlilar.jpg\" alt=\"\" class=\"wp-image-307199 lazyload\" src=\"data:image\/svg+xml;base64,PHN2ZyB3aWR0aD0iMSIgaGVpZ2h0PSIxIiB4bWxucz0iaHR0cDovL3d3dy53My5vcmcvMjAwMC9zdmciPjwvc3ZnPg==\" style=\"--smush-placeholder-width: 1200px; --smush-placeholder-aspect-ratio: 1200\/673;\" \/><\/figure>\n<\/div>\n\n\n<p><strong>B\u0259l\u0259diyy\u0259 deyir ki, problemin h\u0259lli m\u0259hk\u0259m\u0259d\u0259dir<\/strong><\/p>\n\n\n\n<p>Torpaq sah\u0259sinin sonuncu al\u0131c\u0131s\u0131 \u018fli Abbasov da Meydan TV-y\u0259 deyib ki, problemd\u0259n \u00e7\u0131xar\u0131\u015f almaq ist\u0259y\u0259nd\u0259 x\u0259b\u0259r tutub:<\/p>\n\n\n\n<p><em>\u201cS\u0259n\u0259dd\u0259 20 sot yaz\u0131lsa da, realda 12 sotdur. B\u0259l\u0259diyy\u0259d\u0259n bildirdil\u0259r ki, torpa\u011f\u0131n qalan hiss\u0259si k\u0259ndin ba\u015fqa hiss\u0259sind\u0259 yerl\u0259\u015fir. H\u0259min hiss\u0259y\u0259 bax\u0131\u015f ke\u00e7iril\u0259nd\u0259 d\u0259 m\u0259lum oldu ki, ora ba\u015fqas\u0131n\u0131n s\u0259n\u0259dli yeridir, adam torpa\u011f\u0131n \u00fcz\u0259rind\u0259 8 otaql\u0131 ev tikib, h\u0259y\u0259tyan\u0131 sah\u0259sind\u0259 t\u0259s\u0259rr\u00fcfat yarad\u0131b\u201d.<\/em><\/p>\n\n\n\n<p>S\u0259rkar k\u0259nd b\u0259l\u0259diyy\u0259sinin s\u0259dri \u015e\u0259mistan Yusifovsa iddialar\u0131 q\u0259bul etmir. Deyir ki, b\u0259l\u0259diyy\u0259 torpaq satm\u0131r v\u0259 bu m\u0259s\u0259l\u0259l\u0259rin ona aidiyy\u0259ti yoxdur:<\/p>\n\n\n\n<p>\u201c<em>Onun ald\u0131\u011f\u0131 torpaq sah\u0259sinin 8 sotu ba\u015fqa \u0259razid\u0259 yerl\u0259\u015fir. O torpa\u011f\u0131n alq\u0131-satqs\u0131nda b\u0259l\u0259diyy\u0259 i\u015ftirak etm\u0259yib, i\u015ftirak ets\u0259 d\u0259 b\u0259l\u0259diyy\u0259nin alq\u0131-satq\u0131 etm\u0259y\u0259 qanunla s\u0259lahiyy\u0259ti yoxdur. Onlara veril\u0259n \u015f\u0259had\u0259tnam\u0259, hans\u0131 ki, saxta oldu\u011funu iddia edirl\u0259r, h\u0259min \u015f\u0259had\u0259tnam\u0259 D\u00f6vl\u0259t Torpaq Komit\u0259si t\u0259r\u0259find\u0259n verilib\u201d.<\/em><\/p>\n\n\n\n<p>B\u0259l\u0259diyy\u0259 s\u0259dri problemin h\u0259llini m\u0259hk\u0259m\u0259d\u0259 g\u00f6r\u00fcr.<\/p>\n\n\n\n<p>2007-ci ilin oktyabr\u0131nda \u201cB\u0259l\u0259diyy\u0259 torpaqlar\u0131n\u0131n idar\u0259 edilm\u0259si haqq\u0131nda\u201c Qanuna d\u0259yi\u015fiklik edilib, bununla da b\u0259l\u0259diyy\u0259l\u0259r s\u0259r\u0259ncamlar\u0131ndak\u0131 torpaqlar\u0131 satmaq h\u00fcququndan m\u0259hrum olunub.<\/p>\n\n\n\n<p>Ancaq son 17 il \u0259rzind\u0259 onlarla b\u0259l\u0259diyy\u0259 s\u0259dri alq\u0131-satq\u0131 tarixini saxtala\u015fd\u0131rmaqla (alq\u0131-satq\u0131 tarixini qanundak\u0131 d\u0259yi\u015fiklikd\u0259n \u0259vv\u0259lki vaxta qeyd etm\u0259kl\u0259) torpaq alq\u0131-satq\u0131s\u0131 etdiyi \u00fc\u00e7\u00fcn cinay\u0259t m\u0259suliyy\u0259tin\u0259 c\u0259lb olunub, h\u0259bs edilib.<\/p>\n","protected":false},"excerpt":{"rendered":"<p>B\u0259l\u0259diyy\u0259 s\u0259dri is\u0259 deyir, torpa\u011f\u0131 o yox, Torpaq Komit\u0259si sat\u0131b &#8230; <\/p>\n<p class=\"read-more-container\"><a title=\"S\u0259rkar sakinl\u0259ri b\u0259l\u0259diyy\u0259 s\u0259drini saxtakarl\u0131qda g\u00fcnahland\u0131r\u0131r\" class=\"read-more button\" href=\"https:\/\/www.meydan.tv\/az\/article\/serkar-sakinleri-belediyye-sedrini-saxtakarliqda-gunahlandirir\/#more-307189\" aria-label=\"Read more about S\u0259rkar sakinl\u0259ri b\u0259l\u0259diyy\u0259 s\u0259drini saxtakarl\u0131qda g\u00fcnahland\u0131r\u0131r\">Davam\u0131<\/a><\/p>\n","protected":false},"author":8,"featured_media":307191,"comment_status":"closed","ping_status":"closed","sticky":false,"template":"","format":"standard","meta":{"_acf_changed":false,"_sitemap_exclude":false,"_sitemap_priority":"","_sitemap_frequency":"","footnotes":""},"categories":[60,79,56],"tags":[],"class_list":["post-307189","post","type-post","status-publish","format-standard","has-post-thumbnail","hentry","category-bolge","category-featured","category-xeberler","infinite-scroll-item","generate-columns","tablet-grid-50","mobile-grid-100","grid-parent","grid-33","no-featured-image-padding"],"acf":[],"yoast_head":"<!-- This site is optimized with the Yoast SEO plugin v27.4 - https:\/\/yoast.com\/product\/yoast-seo-wordpress\/ -->\n<title>S\u0259rkar sakinl\u0259ri b\u0259l\u0259diyy\u0259 s\u0259drini saxtakarl\u0131qda g\u00fcnahland\u0131r\u0131r - MEYDAN.TV<\/title>\n<meta name=\"robots\" content=\"index, follow, max-snippet:-1, max-image-preview:large, max-video-preview:-1\" \/>\n<link rel=\"canonical\" href=\"https:\/\/www.meydan.tv\/az\/article\/serkar-sakinleri-belediyye-sedrini-saxtakarliqda-gunahlandirir\/\" \/>\n<meta property=\"og:locale\" content=\"az_AZ\" \/>\n<meta property=\"og:type\" content=\"article\" \/>\n<meta property=\"og:title\" content=\"S\u0259rkar sakinl\u0259ri b\u0259l\u0259diyy\u0259 s\u0259drini saxtakarl\u0131qda g\u00fcnahland\u0131r\u0131r - MEYDAN.TV\" \/>\n<meta property=\"og:description\" content=\"B\u0259l\u0259diyy\u0259 s\u0259dri is\u0259 deyir, torpa\u011f\u0131 o yox, Torpaq Komit\u0259si sat\u0131b ... Davam\u0131\" \/>\n<meta property=\"og:url\" content=\"https:\/\/www.meydan.tv\/az\/article\/serkar-sakinleri-belediyye-sedrini-saxtakarliqda-gunahlandirir\/\" \/>\n<meta property=\"og:site_name\" content=\"MEYDAN.TV\" \/>\n<meta property=\"article:published_time\" content=\"2024-05-31T12:38:10+00:00\" \/>\n<meta property=\"article:modified_time\" content=\"2024-05-31T12:38:13+00:00\" \/>\n<meta property=\"og:image\" content=\"https:\/\/www.meydan.tv\/wp-content\/uploads\/1-77.jpg\" \/>\n\t<meta property=\"og:image:width\" content=\"1200\" \/>\n\t<meta property=\"og:image:height\" content=\"649\" \/>\n\t<meta property=\"og:image:type\" content=\"image\/jpeg\" \/>\n<meta name=\"author\" content=\"elli\" \/>\n<meta name=\"twitter:card\" content=\"summary_large_image\" \/>\n<meta name=\"twitter:creator\" content=\"@elli\" \/>\n<script type=\"application\/ld+json\" class=\"yoast-schema-graph\">{\"@context\":\"https:\\\/\\\/schema.org\",\"@graph\":[{\"@type\":\"Article\",\"@id\":\"https:\\\/\\\/www.meydan.tv\\\/az\\\/article\\\/serkar-sakinleri-belediyye-sedrini-saxtakarliqda-gunahlandirir\\\/#article\",\"isPartOf\":{\"@id\":\"https:\\\/\\\/www.meydan.tv\\\/az\\\/article\\\/serkar-sakinleri-belediyye-sedrini-saxtakarliqda-gunahlandirir\\\/\"},\"author\":{\"name\":\"elli\",\"@id\":\"https:\\\/\\\/www.meydan.tv\\\/az\\\/#\\\/schema\\\/person\\\/9cdbecf90d17180ce1dfbd95b08dcf47\"},\"headline\":\"S\u0259rkar sakinl\u0259ri b\u0259l\u0259diyy\u0259 s\u0259drini saxtakarl\u0131qda g\u00fcnahland\u0131r\u0131r\",\"datePublished\":\"2024-05-31T12:38:10+00:00\",\"dateModified\":\"2024-05-31T12:38:13+00:00\",\"mainEntityOfPage\":{\"@id\":\"https:\\\/\\\/www.meydan.tv\\\/az\\\/article\\\/serkar-sakinleri-belediyye-sedrini-saxtakarliqda-gunahlandirir\\\/\"},\"wordCount\":745,\"publisher\":{\"@id\":\"https:\\\/\\\/www.meydan.tv\\\/az\\\/#organization\"},\"image\":{\"@id\":\"https:\\\/\\\/www.meydan.tv\\\/az\\\/article\\\/serkar-sakinleri-belediyye-sedrini-saxtakarliqda-gunahlandirir\\\/#primaryimage\"},\"thumbnailUrl\":\"https:\\\/\\\/www.meydan.tv\\\/wp-content\\\/uploads\\\/1-77.jpg\",\"articleSection\":[\"B\u00f6lg\u0259\",\"T\u00f6vsiy\u0259\",\"X\u0259b\u0259rl\u0259r\"],\"inLanguage\":\"az\"},{\"@type\":\"WebPage\",\"@id\":\"https:\\\/\\\/www.meydan.tv\\\/az\\\/article\\\/serkar-sakinleri-belediyye-sedrini-saxtakarliqda-gunahlandirir\\\/\",\"url\":\"https:\\\/\\\/www.meydan.tv\\\/az\\\/article\\\/serkar-sakinleri-belediyye-sedrini-saxtakarliqda-gunahlandirir\\\/\",\"name\":\"S\u0259rkar sakinl\u0259ri b\u0259l\u0259diyy\u0259 s\u0259drini saxtakarl\u0131qda g\u00fcnahland\u0131r\u0131r - MEYDAN.TV\",\"isPartOf\":{\"@id\":\"https:\\\/\\\/www.meydan.tv\\\/az\\\/#website\"},\"primaryImageOfPage\":{\"@id\":\"https:\\\/\\\/www.meydan.tv\\\/az\\\/article\\\/serkar-sakinleri-belediyye-sedrini-saxtakarliqda-gunahlandirir\\\/#primaryimage\"},\"image\":{\"@id\":\"https:\\\/\\\/www.meydan.tv\\\/az\\\/article\\\/serkar-sakinleri-belediyye-sedrini-saxtakarliqda-gunahlandirir\\\/#primaryimage\"},\"thumbnailUrl\":\"https:\\\/\\\/www.meydan.tv\\\/wp-content\\\/uploads\\\/1-77.jpg\",\"datePublished\":\"2024-05-31T12:38:10+00:00\",\"dateModified\":\"2024-05-31T12:38:13+00:00\",\"breadcrumb\":{\"@id\":\"https:\\\/\\\/www.meydan.tv\\\/az\\\/article\\\/serkar-sakinleri-belediyye-sedrini-saxtakarliqda-gunahlandirir\\\/#breadcrumb\"},\"inLanguage\":\"az\",\"potentialAction\":[{\"@type\":\"ReadAction\",\"target\":[\"https:\\\/\\\/www.meydan.tv\\\/az\\\/article\\\/serkar-sakinleri-belediyye-sedrini-saxtakarliqda-gunahlandirir\\\/\"]}]},{\"@type\":\"ImageObject\",\"inLanguage\":\"az\",\"@id\":\"https:\\\/\\\/www.meydan.tv\\\/az\\\/article\\\/serkar-sakinleri-belediyye-sedrini-saxtakarliqda-gunahlandirir\\\/#primaryimage\",\"url\":\"https:\\\/\\\/www.meydan.tv\\\/wp-content\\\/uploads\\\/1-77.jpg\",\"contentUrl\":\"https:\\\/\\\/www.meydan.tv\\\/wp-content\\\/uploads\\\/1-77.jpg\",\"width\":1200,\"height\":649,\"caption\":\"Fotolar: Meydan TV\"},{\"@type\":\"BreadcrumbList\",\"@id\":\"https:\\\/\\\/www.meydan.tv\\\/az\\\/article\\\/serkar-sakinleri-belediyye-sedrini-saxtakarliqda-gunahlandirir\\\/#breadcrumb\",\"itemListElement\":[{\"@type\":\"ListItem\",\"position\":1,\"name\":\"Ana s\u0259hif\u0259\",\"item\":\"https:\\\/\\\/www.meydan.tv\\\/az\\\/\"},{\"@type\":\"ListItem\",\"position\":2,\"name\":\"B\u00f6lg\u0259\",\"item\":\"https:\\\/\\\/www.meydan.tv\\\/az\\\/section\\\/bolge\\\/\"},{\"@type\":\"ListItem\",\"position\":3,\"name\":\"S\u0259rkar sakinl\u0259ri b\u0259l\u0259diyy\u0259 s\u0259drini saxtakarl\u0131qda g\u00fcnahland\u0131r\u0131r\"}]},{\"@type\":\"WebSite\",\"@id\":\"https:\\\/\\\/www.meydan.tv\\\/az\\\/#website\",\"url\":\"https:\\\/\\\/www.meydan.tv\\\/az\\\/\",\"name\":\"MEYDAN.TV\",\"description\":\"Meydan TV Az\u0259rbaycan\u0131n media m\u0259kan\u0131ndak\u0131 alternativ s\u0259sidir\",\"publisher\":{\"@id\":\"https:\\\/\\\/www.meydan.tv\\\/az\\\/#organization\"},\"potentialAction\":[{\"@type\":\"SearchAction\",\"target\":{\"@type\":\"EntryPoint\",\"urlTemplate\":\"https:\\\/\\\/www.meydan.tv\\\/az\\\/?s={search_term_string}\"},\"query-input\":{\"@type\":\"PropertyValueSpecification\",\"valueRequired\":true,\"valueName\":\"search_term_string\"}}],\"inLanguage\":\"az\"},{\"@type\":\"Organization\",\"@id\":\"https:\\\/\\\/www.meydan.tv\\\/az\\\/#organization\",\"name\":\"Meydan TV\",\"url\":\"https:\\\/\\\/www.meydan.tv\\\/az\\\/\",\"logo\":{\"@type\":\"ImageObject\",\"inLanguage\":\"az\",\"@id\":\"https:\\\/\\\/www.meydan.tv\\\/az\\\/#\\\/schema\\\/logo\\\/image\\\/\",\"url\":\"https:\\\/\\\/www.meydan.tv\\\/wp-content\\\/uploads\\\/2021\\\/07\\\/meydan-logo.svg\",\"contentUrl\":\"https:\\\/\\\/www.meydan.tv\\\/wp-content\\\/uploads\\\/2021\\\/07\\\/meydan-logo.svg\",\"width\":195,\"height\":46,\"caption\":\"Meydan TV\"},\"image\":{\"@id\":\"https:\\\/\\\/www.meydan.tv\\\/az\\\/#\\\/schema\\\/logo\\\/image\\\/\"}},{\"@type\":\"Person\",\"@id\":\"https:\\\/\\\/www.meydan.tv\\\/az\\\/#\\\/schema\\\/person\\\/9cdbecf90d17180ce1dfbd95b08dcf47\",\"name\":\"elli\",\"sameAs\":[\"https:\\\/\\\/x.com\\\/elli\"]}]}<\/script>\n<!-- \/ Yoast SEO plugin. -->","yoast_head_json":{"title":"S\u0259rkar sakinl\u0259ri b\u0259l\u0259diyy\u0259 s\u0259drini saxtakarl\u0131qda g\u00fcnahland\u0131r\u0131r - MEYDAN.TV","robots":{"index":"index","follow":"follow","max-snippet":"max-snippet:-1","max-image-preview":"max-image-preview:large","max-video-preview":"max-video-preview:-1"},"canonical":"https:\/\/www.meydan.tv\/az\/article\/serkar-sakinleri-belediyye-sedrini-saxtakarliqda-gunahlandirir\/","og_locale":"az_AZ","og_type":"article","og_title":"S\u0259rkar sakinl\u0259ri b\u0259l\u0259diyy\u0259 s\u0259drini saxtakarl\u0131qda g\u00fcnahland\u0131r\u0131r - MEYDAN.TV","og_description":"B\u0259l\u0259diyy\u0259 s\u0259dri is\u0259 deyir, torpa\u011f\u0131 o yox, Torpaq Komit\u0259si sat\u0131b ... Davam\u0131","og_url":"https:\/\/www.meydan.tv\/az\/article\/serkar-sakinleri-belediyye-sedrini-saxtakarliqda-gunahlandirir\/","og_site_name":"MEYDAN.TV","article_published_time":"2024-05-31T12:38:10+00:00","article_modified_time":"2024-05-31T12:38:13+00:00","og_image":[{"width":1200,"height":649,"url":"https:\/\/www.meydan.tv\/wp-content\/uploads\/1-77.jpg","type":"image\/jpeg"}],"author":"elli","twitter_card":"summary_large_image","twitter_creator":"@elli","schema":{"@context":"https:\/\/schema.org","@graph":[{"@type":"Article","@id":"https:\/\/www.meydan.tv\/az\/article\/serkar-sakinleri-belediyye-sedrini-saxtakarliqda-gunahlandirir\/#article","isPartOf":{"@id":"https:\/\/www.meydan.tv\/az\/article\/serkar-sakinleri-belediyye-sedrini-saxtakarliqda-gunahlandirir\/"},"author":{"name":"elli","@id":"https:\/\/www.meydan.tv\/az\/#\/schema\/person\/9cdbecf90d17180ce1dfbd95b08dcf47"},"headline":"S\u0259rkar sakinl\u0259ri b\u0259l\u0259diyy\u0259 s\u0259drini saxtakarl\u0131qda g\u00fcnahland\u0131r\u0131r","datePublished":"2024-05-31T12:38:10+00:00","dateModified":"2024-05-31T12:38:13+00:00","mainEntityOfPage":{"@id":"https:\/\/www.meydan.tv\/az\/article\/serkar-sakinleri-belediyye-sedrini-saxtakarliqda-gunahlandirir\/"},"wordCount":745,"publisher":{"@id":"https:\/\/www.meydan.tv\/az\/#organization"},"image":{"@id":"https:\/\/www.meydan.tv\/az\/article\/serkar-sakinleri-belediyye-sedrini-saxtakarliqda-gunahlandirir\/#primaryimage"},"thumbnailUrl":"https:\/\/www.meydan.tv\/wp-content\/uploads\/1-77.jpg","articleSection":["B\u00f6lg\u0259","T\u00f6vsiy\u0259","X\u0259b\u0259rl\u0259r"],"inLanguage":"az"},{"@type":"WebPage","@id":"https:\/\/www.meydan.tv\/az\/article\/serkar-sakinleri-belediyye-sedrini-saxtakarliqda-gunahlandirir\/","url":"https:\/\/www.meydan.tv\/az\/article\/serkar-sakinleri-belediyye-sedrini-saxtakarliqda-gunahlandirir\/","name":"S\u0259rkar sakinl\u0259ri b\u0259l\u0259diyy\u0259 s\u0259drini saxtakarl\u0131qda g\u00fcnahland\u0131r\u0131r - MEYDAN.TV","isPartOf":{"@id":"https:\/\/www.meydan.tv\/az\/#website"},"primaryImageOfPage":{"@id":"https:\/\/www.meydan.tv\/az\/article\/serkar-sakinleri-belediyye-sedrini-saxtakarliqda-gunahlandirir\/#primaryimage"},"image":{"@id":"https:\/\/www.meydan.tv\/az\/article\/serkar-sakinleri-belediyye-sedrini-saxtakarliqda-gunahlandirir\/#primaryimage"},"thumbnailUrl":"https:\/\/www.meydan.tv\/wp-content\/uploads\/1-77.jpg","datePublished":"2024-05-31T12:38:10+00:00","dateModified":"2024-05-31T12:38:13+00:00","breadcrumb":{"@id":"https:\/\/www.meydan.tv\/az\/article\/serkar-sakinleri-belediyye-sedrini-saxtakarliqda-gunahlandirir\/#breadcrumb"},"inLanguage":"az","potentialAction":[{"@type":"ReadAction","target":["https:\/\/www.meydan.tv\/az\/article\/serkar-sakinleri-belediyye-sedrini-saxtakarliqda-gunahlandirir\/"]}]},{"@type":"ImageObject","inLanguage":"az","@id":"https:\/\/www.meydan.tv\/az\/article\/serkar-sakinleri-belediyye-sedrini-saxtakarliqda-gunahlandirir\/#primaryimage","url":"https:\/\/www.meydan.tv\/wp-content\/uploads\/1-77.jpg","contentUrl":"https:\/\/www.meydan.tv\/wp-content\/uploads\/1-77.jpg","width":1200,"height":649,"caption":"Fotolar: Meydan TV"},{"@type":"BreadcrumbList","@id":"https:\/\/www.meydan.tv\/az\/article\/serkar-sakinleri-belediyye-sedrini-saxtakarliqda-gunahlandirir\/#breadcrumb","itemListElement":[{"@type":"ListItem","position":1,"name":"Ana s\u0259hif\u0259","item":"https:\/\/www.meydan.tv\/az\/"},{"@type":"ListItem","position":2,"name":"B\u00f6lg\u0259","item":"https:\/\/www.meydan.tv\/az\/section\/bolge\/"},{"@type":"ListItem","position":3,"name":"S\u0259rkar sakinl\u0259ri b\u0259l\u0259diyy\u0259 s\u0259drini saxtakarl\u0131qda g\u00fcnahland\u0131r\u0131r"}]},{"@type":"WebSite","@id":"https:\/\/www.meydan.tv\/az\/#website","url":"https:\/\/www.meydan.tv\/az\/","name":"MEYDAN.TV","description":"Meydan TV Az\u0259rbaycan\u0131n media m\u0259kan\u0131ndak\u0131 alternativ s\u0259sidir","publisher":{"@id":"https:\/\/www.meydan.tv\/az\/#organization"},"potentialAction":[{"@type":"SearchAction","target":{"@type":"EntryPoint","urlTemplate":"https:\/\/www.meydan.tv\/az\/?s={search_term_string}"},"query-input":{"@type":"PropertyValueSpecification","valueRequired":true,"valueName":"search_term_string"}}],"inLanguage":"az"},{"@type":"Organization","@id":"https:\/\/www.meydan.tv\/az\/#organization","name":"Meydan TV","url":"https:\/\/www.meydan.tv\/az\/","logo":{"@type":"ImageObject","inLanguage":"az","@id":"https:\/\/www.meydan.tv\/az\/#\/schema\/logo\/image\/","url":"https:\/\/www.meydan.tv\/wp-content\/uploads\/2021\/07\/meydan-logo.svg","contentUrl":"https:\/\/www.meydan.tv\/wp-content\/uploads\/2021\/07\/meydan-logo.svg","width":195,"height":46,"caption":"Meydan TV"},"image":{"@id":"https:\/\/www.meydan.tv\/az\/#\/schema\/logo\/image\/"}},{"@type":"Person","@id":"https:\/\/www.meydan.tv\/az\/#\/schema\/person\/9cdbecf90d17180ce1dfbd95b08dcf47","name":"elli","sameAs":["https:\/\/x.com\/elli"]}]}},"_links":{"self":[{"href":"https:\/\/www.meydan.tv\/az\/wp-json\/wp\/v2\/posts\/307189","targetHints":{"allow":["GET"]}}],"collection":[{"href":"https:\/\/www.meydan.tv\/az\/wp-json\/wp\/v2\/posts"}],"about":[{"href":"https:\/\/www.meydan.tv\/az\/wp-json\/wp\/v2\/types\/post"}],"author":[{"embeddable":true,"href":"https:\/\/www.meydan.tv\/az\/wp-json\/wp\/v2\/users\/8"}],"replies":[{"embeddable":true,"href":"https:\/\/www.meydan.tv\/az\/wp-json\/wp\/v2\/comments?post=307189"}],"version-history":[{"count":3,"href":"https:\/\/www.meydan.tv\/az\/wp-json\/wp\/v2\/posts\/307189\/revisions"}],"predecessor-version":[{"id":307209,"href":"https:\/\/www.meydan.tv\/az\/wp-json\/wp\/v2\/posts\/307189\/revisions\/307209"}],"wp:featuredmedia":[{"embeddable":true,"href":"https:\/\/www.meydan.tv\/az\/wp-json\/wp\/v2\/media\/307191"}],"wp:attachment":[{"href":"https:\/\/www.meydan.tv\/az\/wp-json\/wp\/v2\/media?parent=307189"}],"wp:term":[{"taxonomy":"category","embeddable":true,"href":"https:\/\/www.meydan.tv\/az\/wp-json\/wp\/v2\/categories?post=307189"},{"taxonomy":"post_tag","embeddable":true,"href":"https:\/\/www.meydan.tv\/az\/wp-json\/wp\/v2\/tags?post=307189"}],"curies":[{"name":"wp","href":"https:\/\/api.w.org\/{rel}","templated":true}]}}