{"id":307099,"date":"2024-05-30T13:40:00","date_gmt":"2024-05-30T09:40:00","guid":{"rendered":"https:\/\/www.meydan.tv\/?p=307099"},"modified":"2024-05-30T13:40:04","modified_gmt":"2024-05-30T09:40:04","slug":"kurdexanida-palciqdan-yagis-sularina-qarisan-tullantilardan-kuceler-kecilmez-olur","status":"publish","type":"post","link":"https:\/\/www.meydan.tv\/az\/article\/kurdexanida-palciqdan-yagis-sularina-qarisan-tullantilardan-kuceler-kecilmez-olur\/","title":{"rendered":"K\u00fcrd\u0259xan\u0131da: Pal\u00e7\u0131qdan, ya\u011f\u0131\u015f sular\u0131na qar\u0131\u015fan tullant\u0131lardan k\u00fc\u00e7\u0259l\u0259r ke\u00e7ilm\u0259z olur"},"content":{"rendered":"\n<p><\/p>\n\n\n\n<p><strong><em>Sakinl\u0259r n\u0259mi\u015flikd\u0259n \u0259ziyy\u0259t \u00e7\u0259kdikl\u0259rini deyirl\u0259r<\/em><\/strong><\/p>\n\n\n\n<p>Sabun\u00e7u rayonunun K\u00fcrd\u0259xan\u0131 q\u0259s\u0259b\u0259sind\u0259ki ya\u015fay\u0131\u015f massivind\u0259 kanalizasiya sistemi olmad\u0131\u011f\u0131ndan \u00e7irkab sular evl\u0259rin h\u0259y\u0259tin\u0259, k\u00fc\u00e7\u0259y\u0259 dolur. Yeni massiv 24 \u00fcnvan\u0131nda evl\u0259rin i\u00e7\u0259risi n\u0259mi\u015flikdir, divarlardan su dam\u0131r.<\/p>\n\n\n\n<p>Sakinl\u0259r Meydan TV- y\u0259 bildiribl\u0259r ki, &#8220;Az\u0259rsu&#8221; ASC, Sabun\u00e7u Rayon \u0130cra Hakimiyy\u0259ti, b\u0259l\u0259diyy\u0259 problemd\u0259n x\u0259b\u0259rdard\u0131r, lakin t\u0259dbir g\u00f6r\u0259n yoxdur. Ya\u011f\u0131\u015f ya\u011fan kimi k\u00fc\u00e7\u0259l\u0259r su il\u0259 dolur. Pal\u00e7\u0131qdan, ya\u011f\u0131\u015f sular\u0131na qar\u0131\u015fan tullant\u0131lardan k\u00fc\u00e7\u0259l\u0259r ke\u00e7ilm\u0259z olur.<\/p>\n\n\n\n<p>Sakinl\u0259rd\u0259n S\u0259nan M\u0259mm\u0259dov bildirib ki, yay-q\u0131\u015f k\u00fc\u00e7\u0259d\u0259n g\u0259l\u0259n k\u0259skin qoxudan n\u0259f\u0259s almaq \u00e7\u0259tinl\u0259\u015fir.<\/p>\n\n\n\n<p>&#8220;<em>6 ya\u015fl\u0131 o\u011flum astma-bronxit x\u0259st\u0259sidir. Ev\u0259 baxsan\u0131z, divarlardan su dam\u0131r. Ham\u0131m\u0131z bir tik\u0259 \u00e7\u00f6r\u0259yin dal\u0131nca qa\u00e7\u0131r\u0131q, ev d\u0259 pula getmir ki, sat\u0131b ba\u015fqa yerd\u0259n alaq. Bizi taleyin \u00fcmidin\u0259 qoyublar&#8221;,-<\/em> \u015fikay\u0259t\u00e7i deyib.<\/p>\n\n\n\n<p>Sakinl\u0259r bildiribl\u0259r ki, h\u0259l\u0259 ill\u0259r \u0259vv\u0259l kanalizasiya x\u0259ttinin \u00e7\u0259kil\u0259c\u0259yi v\u0259d edilib. &#8220;Az\u0259rsu&#8221;nun \u0259m\u0259kda\u015flar\u0131 k\u00fc\u00e7\u0259y\u0259 axan suyun qrunt sular\u0131 oldu\u011funu, bu s\u0259b\u0259bd\u0259n d\u0259 qar\u015f\u0131s\u0131n\u0131 alma\u011f\u0131n m\u00fcmk\u00fcn olmad\u0131\u011f\u0131n\u0131 deyibl\u0259r:<\/p>\n\n\n<div class=\"wp-block-image\">\n<figure class=\"aligncenter size-full\"><img decoding=\"async\" width=\"1192\" height=\"665\" data-src=\"https:\/\/www.meydan.tv\/wp-content\/uploads\/kurdexani2.jpg\" alt=\"\" class=\"wp-image-307096 lazyload\" src=\"data:image\/svg+xml;base64,PHN2ZyB3aWR0aD0iMSIgaGVpZ2h0PSIxIiB4bWxucz0iaHR0cDovL3d3dy53My5vcmcvMjAwMC9zdmciPjwvc3ZnPg==\" style=\"--smush-placeholder-width: 1192px; --smush-placeholder-aspect-ratio: 1192\/665;\" \/><\/figure>\n<\/div>\n\n\n<p><em>&#8220;Zirz\u0259mil\u0259r\u0259 dolan suyu nasoslar vasit\u0259sil\u0259 t\u0259mizl\u0259yirik. Yen\u0259 d\u0259 evl\u0259rin divarlar\u0131 n\u0259mi\u015flikd\u0259n qaral\u0131b. Leysan ya\u011f\u0131\u015flardan sonra ma\u015f\u0131nla m\u0259h\u0259ll\u0259l\u0259r\u0259 girm\u0259k m\u00fcmk\u00fcn olmur&#8221;.<\/em><\/p>\n\n\n\n<p>Sakinl\u0259r deyirl\u0259r ki, su basd\u0131\u011f\u0131ndan k\u00fc\u00e7\u0259ni asfaltlamaq da olmur.<\/p>\n\n\n\n<p>Ba\u015fqa bir sakin is\u0259 deyib ki, bu \u0259razid\u0259n ev alanlar\u0131n ham\u0131s\u0131 ev d\u0259llallar\u0131n\u0131n qurbanlar\u0131d\u0131r. Onlara uza\u011f\u0131 bir ne\u00e7\u0259 il\u0259 kanalizasiya x\u0259ttinin \u00e7\u0259kil\u0259c\u0259yi v\u0259d edils\u0259 d\u0259, \u00fcz\u0259rind\u0259n on ild\u0259n \u00e7ox vaxt ke\u00e7ib.<\/p>\n\n\n\n<p>Sabun\u00e7u Rayon \u0130cra Hakimiyy\u0259tind\u0259n Meydan TV-y\u0259 m\u0259s\u0259l\u0259d\u0259n x\u0259b\u0259rdar olduqlar\u0131n\u0131 bildiribl\u0259r. Qurumdan onu da deyibl\u0259r ki, h\u0259min \u0259razid\u0259 evl\u0259rin \u00e7oxu qanunsuz tikilib.<\/p>\n\n\n\n<p><em>\u201cKanalizasiya x\u0259ttinin \u00e7\u0259kilm\u0259si \u00fc\u00e7\u00fcn proqram haz\u0131rlanmal\u0131d\u0131r. \u018flaq\u0259dar qurumlar t\u0259r\u0259find\u0259n rayon \u0259razisind\u0259 m\u0259rh\u0259l\u0259l\u0259rl\u0259 kanalizasiya x\u0259ttinin \u00e7\u0259kilm\u0259si n\u0259z\u0259rd\u0259 tutulub\u201d.<\/em>&nbsp;<\/p>\n\n\n\n<p>&#8220;Az\u0259rsu&#8221;-dan is\u0259 h\u0259min \u0259razinin plana sal\u0131n\u0131b- sal\u0131nmad\u0131\u011f\u0131n\u0131 \u00f6yr\u0259nm\u0259k m\u00fcmk\u00fcn olmay\u0131b.<\/p>\n","protected":false},"excerpt":{"rendered":"<p>Sakinl\u0259r n\u0259mi\u015flikd\u0259n \u0259ziyy\u0259t \u00e7\u0259kdikl\u0259rini deyirl\u0259r Sabun\u00e7u rayonunun K\u00fcrd\u0259xan\u0131 q\u0259s\u0259b\u0259sind\u0259ki ya\u015fay\u0131\u015f &#8230; <\/p>\n<p class=\"read-more-container\"><a title=\"K\u00fcrd\u0259xan\u0131da: Pal\u00e7\u0131qdan, ya\u011f\u0131\u015f sular\u0131na qar\u0131\u015fan tullant\u0131lardan k\u00fc\u00e7\u0259l\u0259r ke\u00e7ilm\u0259z olur\" class=\"read-more button\" href=\"https:\/\/www.meydan.tv\/az\/article\/kurdexanida-palciqdan-yagis-sularina-qarisan-tullantilardan-kuceler-kecilmez-olur\/#more-307099\" aria-label=\"Read more about K\u00fcrd\u0259xan\u0131da: Pal\u00e7\u0131qdan, ya\u011f\u0131\u015f sular\u0131na qar\u0131\u015fan tullant\u0131lardan k\u00fc\u00e7\u0259l\u0259r ke\u00e7ilm\u0259z olur\">Davam\u0131<\/a><\/p>\n","protected":false},"author":8,"featured_media":307092,"comment_status":"closed","ping_status":"closed","sticky":false,"template":"","format":"standard","meta":{"_acf_changed":false,"_sitemap_exclude":false,"_sitemap_priority":"","_sitemap_frequency":"","footnotes":""},"categories":[62,56],"tags":[],"class_list":["post-307099","post","type-post","status-publish","format-standard","has-post-thumbnail","hentry","category-sosial","category-xeberler","infinite-scroll-item","generate-columns","tablet-grid-50","mobile-grid-100","grid-parent","grid-33","no-featured-image-padding"],"acf":[],"yoast_head":"<!-- This site is optimized with the Yoast SEO plugin v27.5 - https:\/\/yoast.com\/product\/yoast-seo-wordpress\/ -->\n<title>K\u00fcrd\u0259xan\u0131da: Pal\u00e7\u0131qdan, ya\u011f\u0131\u015f sular\u0131na qar\u0131\u015fan tullant\u0131lardan k\u00fc\u00e7\u0259l\u0259r ke\u00e7ilm\u0259z olur - MEYDAN.TV<\/title>\n<meta name=\"robots\" content=\"index, follow, max-snippet:-1, max-image-preview:large, max-video-preview:-1\" \/>\n<link rel=\"canonical\" href=\"https:\/\/www.meydan.tv\/az\/article\/kurdexanida-palciqdan-yagis-sularina-qarisan-tullantilardan-kuceler-kecilmez-olur\/\" \/>\n<meta property=\"og:locale\" content=\"az_AZ\" \/>\n<meta property=\"og:type\" content=\"article\" \/>\n<meta property=\"og:title\" content=\"K\u00fcrd\u0259xan\u0131da: Pal\u00e7\u0131qdan, ya\u011f\u0131\u015f sular\u0131na qar\u0131\u015fan tullant\u0131lardan k\u00fc\u00e7\u0259l\u0259r ke\u00e7ilm\u0259z olur - MEYDAN.TV\" \/>\n<meta property=\"og:description\" content=\"Sakinl\u0259r n\u0259mi\u015flikd\u0259n \u0259ziyy\u0259t \u00e7\u0259kdikl\u0259rini deyirl\u0259r Sabun\u00e7u rayonunun K\u00fcrd\u0259xan\u0131 q\u0259s\u0259b\u0259sind\u0259ki ya\u015fay\u0131\u015f ... Davam\u0131\" \/>\n<meta property=\"og:url\" content=\"https:\/\/www.meydan.tv\/az\/article\/kurdexanida-palciqdan-yagis-sularina-qarisan-tullantilardan-kuceler-kecilmez-olur\/\" \/>\n<meta property=\"og:site_name\" content=\"MEYDAN.TV\" \/>\n<meta property=\"article:published_time\" content=\"2024-05-30T09:40:00+00:00\" \/>\n<meta property=\"article:modified_time\" content=\"2024-05-30T09:40:04+00:00\" \/>\n<meta property=\"og:image\" content=\"https:\/\/www.meydan.tv\/wp-content\/uploads\/kurdexani.jpg\" \/>\n\t<meta property=\"og:image:width\" content=\"1200\" \/>\n\t<meta property=\"og:image:height\" content=\"675\" \/>\n\t<meta property=\"og:image:type\" content=\"image\/jpeg\" \/>\n<meta name=\"author\" content=\"elli\" \/>\n<meta name=\"twitter:card\" content=\"summary_large_image\" \/>\n<meta name=\"twitter:creator\" content=\"@elli\" \/>\n<script type=\"application\/ld+json\" class=\"yoast-schema-graph\">{\"@context\":\"https:\\\/\\\/schema.org\",\"@graph\":[{\"@type\":\"Article\",\"@id\":\"https:\\\/\\\/www.meydan.tv\\\/az\\\/article\\\/kurdexanida-palciqdan-yagis-sularina-qarisan-tullantilardan-kuceler-kecilmez-olur\\\/#article\",\"isPartOf\":{\"@id\":\"https:\\\/\\\/www.meydan.tv\\\/az\\\/article\\\/kurdexanida-palciqdan-yagis-sularina-qarisan-tullantilardan-kuceler-kecilmez-olur\\\/\"},\"author\":{\"name\":\"elli\",\"@id\":\"https:\\\/\\\/www.meydan.tv\\\/az\\\/#\\\/schema\\\/person\\\/9cdbecf90d17180ce1dfbd95b08dcf47\"},\"headline\":\"K\u00fcrd\u0259xan\u0131da: Pal\u00e7\u0131qdan, ya\u011f\u0131\u015f sular\u0131na qar\u0131\u015fan tullant\u0131lardan k\u00fc\u00e7\u0259l\u0259r ke\u00e7ilm\u0259z olur\",\"datePublished\":\"2024-05-30T09:40:00+00:00\",\"dateModified\":\"2024-05-30T09:40:04+00:00\",\"mainEntityOfPage\":{\"@id\":\"https:\\\/\\\/www.meydan.tv\\\/az\\\/article\\\/kurdexanida-palciqdan-yagis-sularina-qarisan-tullantilardan-kuceler-kecilmez-olur\\\/\"},\"wordCount\":452,\"publisher\":{\"@id\":\"https:\\\/\\\/www.meydan.tv\\\/az\\\/#organization\"},\"image\":{\"@id\":\"https:\\\/\\\/www.meydan.tv\\\/az\\\/article\\\/kurdexanida-palciqdan-yagis-sularina-qarisan-tullantilardan-kuceler-kecilmez-olur\\\/#primaryimage\"},\"thumbnailUrl\":\"https:\\\/\\\/www.meydan.tv\\\/wp-content\\\/uploads\\\/kurdexani.jpg\",\"articleSection\":[\"Sosial\",\"X\u0259b\u0259rl\u0259r\"],\"inLanguage\":\"az\"},{\"@type\":\"WebPage\",\"@id\":\"https:\\\/\\\/www.meydan.tv\\\/az\\\/article\\\/kurdexanida-palciqdan-yagis-sularina-qarisan-tullantilardan-kuceler-kecilmez-olur\\\/\",\"url\":\"https:\\\/\\\/www.meydan.tv\\\/az\\\/article\\\/kurdexanida-palciqdan-yagis-sularina-qarisan-tullantilardan-kuceler-kecilmez-olur\\\/\",\"name\":\"K\u00fcrd\u0259xan\u0131da: Pal\u00e7\u0131qdan, ya\u011f\u0131\u015f sular\u0131na qar\u0131\u015fan tullant\u0131lardan k\u00fc\u00e7\u0259l\u0259r ke\u00e7ilm\u0259z olur - MEYDAN.TV\",\"isPartOf\":{\"@id\":\"https:\\\/\\\/www.meydan.tv\\\/az\\\/#website\"},\"primaryImageOfPage\":{\"@id\":\"https:\\\/\\\/www.meydan.tv\\\/az\\\/article\\\/kurdexanida-palciqdan-yagis-sularina-qarisan-tullantilardan-kuceler-kecilmez-olur\\\/#primaryimage\"},\"image\":{\"@id\":\"https:\\\/\\\/www.meydan.tv\\\/az\\\/article\\\/kurdexanida-palciqdan-yagis-sularina-qarisan-tullantilardan-kuceler-kecilmez-olur\\\/#primaryimage\"},\"thumbnailUrl\":\"https:\\\/\\\/www.meydan.tv\\\/wp-content\\\/uploads\\\/kurdexani.jpg\",\"datePublished\":\"2024-05-30T09:40:00+00:00\",\"dateModified\":\"2024-05-30T09:40:04+00:00\",\"breadcrumb\":{\"@id\":\"https:\\\/\\\/www.meydan.tv\\\/az\\\/article\\\/kurdexanida-palciqdan-yagis-sularina-qarisan-tullantilardan-kuceler-kecilmez-olur\\\/#breadcrumb\"},\"inLanguage\":\"az\",\"potentialAction\":[{\"@type\":\"ReadAction\",\"target\":[\"https:\\\/\\\/www.meydan.tv\\\/az\\\/article\\\/kurdexanida-palciqdan-yagis-sularina-qarisan-tullantilardan-kuceler-kecilmez-olur\\\/\"]}]},{\"@type\":\"ImageObject\",\"inLanguage\":\"az\",\"@id\":\"https:\\\/\\\/www.meydan.tv\\\/az\\\/article\\\/kurdexanida-palciqdan-yagis-sularina-qarisan-tullantilardan-kuceler-kecilmez-olur\\\/#primaryimage\",\"url\":\"https:\\\/\\\/www.meydan.tv\\\/wp-content\\\/uploads\\\/kurdexani.jpg\",\"contentUrl\":\"https:\\\/\\\/www.meydan.tv\\\/wp-content\\\/uploads\\\/kurdexani.jpg\",\"width\":1200,\"height\":675,\"caption\":\"Fotolar: Meydan TV\"},{\"@type\":\"BreadcrumbList\",\"@id\":\"https:\\\/\\\/www.meydan.tv\\\/az\\\/article\\\/kurdexanida-palciqdan-yagis-sularina-qarisan-tullantilardan-kuceler-kecilmez-olur\\\/#breadcrumb\",\"itemListElement\":[{\"@type\":\"ListItem\",\"position\":1,\"name\":\"Ana s\u0259hif\u0259\",\"item\":\"https:\\\/\\\/www.meydan.tv\\\/az\\\/\"},{\"@type\":\"ListItem\",\"position\":2,\"name\":\"Sosial\",\"item\":\"https:\\\/\\\/www.meydan.tv\\\/az\\\/section\\\/sosial\\\/\"},{\"@type\":\"ListItem\",\"position\":3,\"name\":\"K\u00fcrd\u0259xan\u0131da: Pal\u00e7\u0131qdan, ya\u011f\u0131\u015f sular\u0131na qar\u0131\u015fan tullant\u0131lardan k\u00fc\u00e7\u0259l\u0259r ke\u00e7ilm\u0259z olur\"}]},{\"@type\":\"WebSite\",\"@id\":\"https:\\\/\\\/www.meydan.tv\\\/az\\\/#website\",\"url\":\"https:\\\/\\\/www.meydan.tv\\\/az\\\/\",\"name\":\"MEYDAN.TV\",\"description\":\"Meydan TV Az\u0259rbaycan\u0131n media m\u0259kan\u0131ndak\u0131 alternativ s\u0259sidir\",\"publisher\":{\"@id\":\"https:\\\/\\\/www.meydan.tv\\\/az\\\/#organization\"},\"potentialAction\":[{\"@type\":\"SearchAction\",\"target\":{\"@type\":\"EntryPoint\",\"urlTemplate\":\"https:\\\/\\\/www.meydan.tv\\\/az\\\/?s={search_term_string}\"},\"query-input\":{\"@type\":\"PropertyValueSpecification\",\"valueRequired\":true,\"valueName\":\"search_term_string\"}}],\"inLanguage\":\"az\"},{\"@type\":\"Organization\",\"@id\":\"https:\\\/\\\/www.meydan.tv\\\/az\\\/#organization\",\"name\":\"Meydan TV\",\"url\":\"https:\\\/\\\/www.meydan.tv\\\/az\\\/\",\"logo\":{\"@type\":\"ImageObject\",\"inLanguage\":\"az\",\"@id\":\"https:\\\/\\\/www.meydan.tv\\\/az\\\/#\\\/schema\\\/logo\\\/image\\\/\",\"url\":\"https:\\\/\\\/www.meydan.tv\\\/wp-content\\\/uploads\\\/2021\\\/07\\\/meydan-logo.svg\",\"contentUrl\":\"https:\\\/\\\/www.meydan.tv\\\/wp-content\\\/uploads\\\/2021\\\/07\\\/meydan-logo.svg\",\"width\":195,\"height\":46,\"caption\":\"Meydan TV\"},\"image\":{\"@id\":\"https:\\\/\\\/www.meydan.tv\\\/az\\\/#\\\/schema\\\/logo\\\/image\\\/\"}},{\"@type\":\"Person\",\"@id\":\"https:\\\/\\\/www.meydan.tv\\\/az\\\/#\\\/schema\\\/person\\\/9cdbecf90d17180ce1dfbd95b08dcf47\",\"name\":\"elli\",\"sameAs\":[\"https:\\\/\\\/x.com\\\/elli\"]}]}<\/script>\n<!-- \/ Yoast SEO plugin. -->","yoast_head_json":{"title":"K\u00fcrd\u0259xan\u0131da: Pal\u00e7\u0131qdan, ya\u011f\u0131\u015f sular\u0131na qar\u0131\u015fan tullant\u0131lardan k\u00fc\u00e7\u0259l\u0259r ke\u00e7ilm\u0259z olur - MEYDAN.TV","robots":{"index":"index","follow":"follow","max-snippet":"max-snippet:-1","max-image-preview":"max-image-preview:large","max-video-preview":"max-video-preview:-1"},"canonical":"https:\/\/www.meydan.tv\/az\/article\/kurdexanida-palciqdan-yagis-sularina-qarisan-tullantilardan-kuceler-kecilmez-olur\/","og_locale":"az_AZ","og_type":"article","og_title":"K\u00fcrd\u0259xan\u0131da: Pal\u00e7\u0131qdan, ya\u011f\u0131\u015f sular\u0131na qar\u0131\u015fan tullant\u0131lardan k\u00fc\u00e7\u0259l\u0259r ke\u00e7ilm\u0259z olur - MEYDAN.TV","og_description":"Sakinl\u0259r n\u0259mi\u015flikd\u0259n \u0259ziyy\u0259t \u00e7\u0259kdikl\u0259rini deyirl\u0259r Sabun\u00e7u rayonunun K\u00fcrd\u0259xan\u0131 q\u0259s\u0259b\u0259sind\u0259ki ya\u015fay\u0131\u015f ... Davam\u0131","og_url":"https:\/\/www.meydan.tv\/az\/article\/kurdexanida-palciqdan-yagis-sularina-qarisan-tullantilardan-kuceler-kecilmez-olur\/","og_site_name":"MEYDAN.TV","article_published_time":"2024-05-30T09:40:00+00:00","article_modified_time":"2024-05-30T09:40:04+00:00","og_image":[{"width":1200,"height":675,"url":"https:\/\/www.meydan.tv\/wp-content\/uploads\/kurdexani.jpg","type":"image\/jpeg"}],"author":"elli","twitter_card":"summary_large_image","twitter_creator":"@elli","schema":{"@context":"https:\/\/schema.org","@graph":[{"@type":"Article","@id":"https:\/\/www.meydan.tv\/az\/article\/kurdexanida-palciqdan-yagis-sularina-qarisan-tullantilardan-kuceler-kecilmez-olur\/#article","isPartOf":{"@id":"https:\/\/www.meydan.tv\/az\/article\/kurdexanida-palciqdan-yagis-sularina-qarisan-tullantilardan-kuceler-kecilmez-olur\/"},"author":{"name":"elli","@id":"https:\/\/www.meydan.tv\/az\/#\/schema\/person\/9cdbecf90d17180ce1dfbd95b08dcf47"},"headline":"K\u00fcrd\u0259xan\u0131da: Pal\u00e7\u0131qdan, ya\u011f\u0131\u015f sular\u0131na qar\u0131\u015fan tullant\u0131lardan k\u00fc\u00e7\u0259l\u0259r ke\u00e7ilm\u0259z olur","datePublished":"2024-05-30T09:40:00+00:00","dateModified":"2024-05-30T09:40:04+00:00","mainEntityOfPage":{"@id":"https:\/\/www.meydan.tv\/az\/article\/kurdexanida-palciqdan-yagis-sularina-qarisan-tullantilardan-kuceler-kecilmez-olur\/"},"wordCount":452,"publisher":{"@id":"https:\/\/www.meydan.tv\/az\/#organization"},"image":{"@id":"https:\/\/www.meydan.tv\/az\/article\/kurdexanida-palciqdan-yagis-sularina-qarisan-tullantilardan-kuceler-kecilmez-olur\/#primaryimage"},"thumbnailUrl":"https:\/\/www.meydan.tv\/wp-content\/uploads\/kurdexani.jpg","articleSection":["Sosial","X\u0259b\u0259rl\u0259r"],"inLanguage":"az"},{"@type":"WebPage","@id":"https:\/\/www.meydan.tv\/az\/article\/kurdexanida-palciqdan-yagis-sularina-qarisan-tullantilardan-kuceler-kecilmez-olur\/","url":"https:\/\/www.meydan.tv\/az\/article\/kurdexanida-palciqdan-yagis-sularina-qarisan-tullantilardan-kuceler-kecilmez-olur\/","name":"K\u00fcrd\u0259xan\u0131da: Pal\u00e7\u0131qdan, ya\u011f\u0131\u015f sular\u0131na qar\u0131\u015fan tullant\u0131lardan k\u00fc\u00e7\u0259l\u0259r ke\u00e7ilm\u0259z olur - MEYDAN.TV","isPartOf":{"@id":"https:\/\/www.meydan.tv\/az\/#website"},"primaryImageOfPage":{"@id":"https:\/\/www.meydan.tv\/az\/article\/kurdexanida-palciqdan-yagis-sularina-qarisan-tullantilardan-kuceler-kecilmez-olur\/#primaryimage"},"image":{"@id":"https:\/\/www.meydan.tv\/az\/article\/kurdexanida-palciqdan-yagis-sularina-qarisan-tullantilardan-kuceler-kecilmez-olur\/#primaryimage"},"thumbnailUrl":"https:\/\/www.meydan.tv\/wp-content\/uploads\/kurdexani.jpg","datePublished":"2024-05-30T09:40:00+00:00","dateModified":"2024-05-30T09:40:04+00:00","breadcrumb":{"@id":"https:\/\/www.meydan.tv\/az\/article\/kurdexanida-palciqdan-yagis-sularina-qarisan-tullantilardan-kuceler-kecilmez-olur\/#breadcrumb"},"inLanguage":"az","potentialAction":[{"@type":"ReadAction","target":["https:\/\/www.meydan.tv\/az\/article\/kurdexanida-palciqdan-yagis-sularina-qarisan-tullantilardan-kuceler-kecilmez-olur\/"]}]},{"@type":"ImageObject","inLanguage":"az","@id":"https:\/\/www.meydan.tv\/az\/article\/kurdexanida-palciqdan-yagis-sularina-qarisan-tullantilardan-kuceler-kecilmez-olur\/#primaryimage","url":"https:\/\/www.meydan.tv\/wp-content\/uploads\/kurdexani.jpg","contentUrl":"https:\/\/www.meydan.tv\/wp-content\/uploads\/kurdexani.jpg","width":1200,"height":675,"caption":"Fotolar: Meydan TV"},{"@type":"BreadcrumbList","@id":"https:\/\/www.meydan.tv\/az\/article\/kurdexanida-palciqdan-yagis-sularina-qarisan-tullantilardan-kuceler-kecilmez-olur\/#breadcrumb","itemListElement":[{"@type":"ListItem","position":1,"name":"Ana s\u0259hif\u0259","item":"https:\/\/www.meydan.tv\/az\/"},{"@type":"ListItem","position":2,"name":"Sosial","item":"https:\/\/www.meydan.tv\/az\/section\/sosial\/"},{"@type":"ListItem","position":3,"name":"K\u00fcrd\u0259xan\u0131da: Pal\u00e7\u0131qdan, ya\u011f\u0131\u015f sular\u0131na qar\u0131\u015fan tullant\u0131lardan k\u00fc\u00e7\u0259l\u0259r ke\u00e7ilm\u0259z olur"}]},{"@type":"WebSite","@id":"https:\/\/www.meydan.tv\/az\/#website","url":"https:\/\/www.meydan.tv\/az\/","name":"MEYDAN.TV","description":"Meydan TV Az\u0259rbaycan\u0131n media m\u0259kan\u0131ndak\u0131 alternativ s\u0259sidir","publisher":{"@id":"https:\/\/www.meydan.tv\/az\/#organization"},"potentialAction":[{"@type":"SearchAction","target":{"@type":"EntryPoint","urlTemplate":"https:\/\/www.meydan.tv\/az\/?s={search_term_string}"},"query-input":{"@type":"PropertyValueSpecification","valueRequired":true,"valueName":"search_term_string"}}],"inLanguage":"az"},{"@type":"Organization","@id":"https:\/\/www.meydan.tv\/az\/#organization","name":"Meydan TV","url":"https:\/\/www.meydan.tv\/az\/","logo":{"@type":"ImageObject","inLanguage":"az","@id":"https:\/\/www.meydan.tv\/az\/#\/schema\/logo\/image\/","url":"https:\/\/www.meydan.tv\/wp-content\/uploads\/2021\/07\/meydan-logo.svg","contentUrl":"https:\/\/www.meydan.tv\/wp-content\/uploads\/2021\/07\/meydan-logo.svg","width":195,"height":46,"caption":"Meydan TV"},"image":{"@id":"https:\/\/www.meydan.tv\/az\/#\/schema\/logo\/image\/"}},{"@type":"Person","@id":"https:\/\/www.meydan.tv\/az\/#\/schema\/person\/9cdbecf90d17180ce1dfbd95b08dcf47","name":"elli","sameAs":["https:\/\/x.com\/elli"]}]}},"_links":{"self":[{"href":"https:\/\/www.meydan.tv\/az\/wp-json\/wp\/v2\/posts\/307099","targetHints":{"allow":["GET"]}}],"collection":[{"href":"https:\/\/www.meydan.tv\/az\/wp-json\/wp\/v2\/posts"}],"about":[{"href":"https:\/\/www.meydan.tv\/az\/wp-json\/wp\/v2\/types\/post"}],"author":[{"embeddable":true,"href":"https:\/\/www.meydan.tv\/az\/wp-json\/wp\/v2\/users\/8"}],"replies":[{"embeddable":true,"href":"https:\/\/www.meydan.tv\/az\/wp-json\/wp\/v2\/comments?post=307099"}],"version-history":[{"count":3,"href":"https:\/\/www.meydan.tv\/az\/wp-json\/wp\/v2\/posts\/307099\/revisions"}],"predecessor-version":[{"id":307103,"href":"https:\/\/www.meydan.tv\/az\/wp-json\/wp\/v2\/posts\/307099\/revisions\/307103"}],"wp:featuredmedia":[{"embeddable":true,"href":"https:\/\/www.meydan.tv\/az\/wp-json\/wp\/v2\/media\/307092"}],"wp:attachment":[{"href":"https:\/\/www.meydan.tv\/az\/wp-json\/wp\/v2\/media?parent=307099"}],"wp:term":[{"taxonomy":"category","embeddable":true,"href":"https:\/\/www.meydan.tv\/az\/wp-json\/wp\/v2\/categories?post=307099"},{"taxonomy":"post_tag","embeddable":true,"href":"https:\/\/www.meydan.tv\/az\/wp-json\/wp\/v2\/tags?post=307099"}],"curies":[{"name":"wp","href":"https:\/\/api.w.org\/{rel}","templated":true}]}}