{"id":307077,"date":"2024-05-30T13:32:19","date_gmt":"2024-05-30T09:32:19","guid":{"rendered":"https:\/\/www.meydan.tv\/?p=307077"},"modified":"2024-05-30T14:51:08","modified_gmt":"2024-05-30T10:51:08","slug":"radio-merkezinin-sokulen-hissesi-berpa-edilecekmi","status":"publish","type":"post","link":"https:\/\/www.meydan.tv\/az\/article\/radio-merkezinin-sokulen-hissesi-berpa-edilecekmi\/","title":{"rendered":"\u201cRadio M\u0259rk\u0259zi\u201dnin s\u00f6k\u00fcl\u0259n hiss\u0259si b\u0259rpa edil\u0259c\u0259kmi?"},"content":{"rendered":"\n<p><\/p>\n\n\n\n<p><strong><em>\u201c\u018fg\u0259r s\u0259s-k\u00fcy olmasayd\u0131, y\u0259qin ki, s\u00f6k\u00fcnt\u00fc davam ed\u0259c\u0259kdi&#8221;<\/em><\/strong><\/p>\n\n\n\n<p>Bak\u0131n\u0131n m\u0259rk\u0259zind\u0259- metronun &#8220;G\u0259nclik&#8221; stansiyas\u0131n\u0131n yax\u0131nl\u0131\u011f\u0131nda iri, \u00e7oxillik a\u011faclar\u0131n oldu\u011fu ya\u015f\u0131ll\u0131q \u0259razid\u0259 park sal\u0131n\u0131r. Park\u0131n i\u00e7\u0259risind\u0259 1930-cu ill\u0259rin ortalar\u0131nda tikilmi\u015f tarixi binan\u0131n bir hiss\u0259si s\u00f6k\u00fcl\u00fcb.<\/p>\n\n\n\n<p>Bu bar\u0259d\u0259 sosial \u015f\u0259b\u0259k\u0259l\u0259rd\u0259 d\u0259 m\u0259lumat yay\u0131l\u0131b. Memar, s\u0259n\u0259t\u015f\u00fcnasl\u0131q \u00fczr\u0259 elml\u0259r doktoru, professor El\u00e7in \u018fliyev bildirib ki, &#8220;Antena meydan\u00e7as\u0131&#8221; deyil\u0259n yerd\u0259 park sal\u0131n\u0131r. 2024-c\u00fc ilin \u0259vv\u0259lind\u0259n \u0259razinin planla\u015fd\u0131r\u0131lmas\u0131 il\u0259 ba\u011fl\u0131 geni\u015fmiqyasl\u0131 i\u015fl\u0259r\u0259 ba\u015flan\u0131l\u0131b.<\/p>\n\n\n\n<p>Lakin park\u0131n \u0259razisind\u0259, N\u0259sibb\u0259y Yusifb\u0259yli 121 (ke\u00e7mi\u015f 7-ci Da\u011fl\u0131) \u00fcnvan\u0131nda 1930-cu ill\u0259rin ortalar\u0131nda tikilmi\u015f memarl\u0131q abid\u0259si \u2013 \u201cRadio M\u0259rk\u0259zi\u201dnin binas\u0131 yerl\u0259\u015fir. Bug\u00fcn\u0259 q\u0259d\u0259r binan\u0131n i\u00e7\u0259risind\u0259 Sovet \u0130ttifaq\u0131 d\u00f6vr\u00fcnd\u0259 Q\u0259rb radiostansiyalar\u0131n\u0131n siqnallar\u0131n\u0131 d\u0259f etm\u0259k \u00fc\u00e7\u00fcn istifad\u0259 olunan unikal avadanl\u0131qlar qal\u0131r.<\/p>\n\n\n\n<p>M\u00fct\u0259x\u0259ssisl\u0259rin fikrinc\u0259, tarixi bina yax\u015f\u0131 texniki v\u0259ziyy\u0259td\u0259dir. Binan\u0131n fasad\u0131nda o memarl\u0131q d\u00f6vr\u00fcn\u00fcn \u00e7oxsayl\u0131 ornamentl\u0259ri var &#8211; Bak\u0131da bel\u0259 orijinal tikilil\u0259r \u00e7ox az qal\u0131b.<\/p>\n\n\n\n<p>Ya\u015fl\u0131 sakinl\u0259r deyirl\u0259r ki, h\u0259min \u0259razid\u0259n istirah\u0259t m\u0259rk\u0259zi kimi istifad\u0259 edilib. Bir ne\u00e7\u0259 ildir metronun yax\u0131nl\u0131\u011f\u0131ndak\u0131 \u0259ks\u0259r ya\u015f\u0131ll\u0131q zonas\u0131ndak\u0131 Eldar \u015fam\u0131 a\u011faclar\u0131 k\u00fctl\u0259vi quruma\u011fa ba\u015flay\u0131b. \u0130ndi d\u0259 bu \u0259razid\u0259 tikinti gedir, s\u00f6z\u00fcged\u0259n binan\u0131n bir hiss\u0259si da\u011f\u0131d\u0131l\u0131b.<\/p>\n\n\n<div class=\"wp-block-image\">\n<figure class=\"aligncenter size-large\"><img decoding=\"async\" width=\"1095\" height=\"821\" data-src=\"https:\/\/www.meydan.tv\/wp-content\/uploads\/img-20240529-wa0004-1095x821.jpg\" alt=\"\" class=\"wp-image-307074 lazyload\" src=\"data:image\/svg+xml;base64,PHN2ZyB3aWR0aD0iMSIgaGVpZ2h0PSIxIiB4bWxucz0iaHR0cDovL3d3dy53My5vcmcvMjAwMC9zdmciPjwvc3ZnPg==\" style=\"--smush-placeholder-width: 1095px; --smush-placeholder-aspect-ratio: 1095\/821;\" \/><\/figure>\n<\/div>\n\n\n<p><em>&#8220;G\u0259nclik \u0259razisind\u0259 sal\u0131nan parklarda kafel\u0259r, \u00e7ayxanalar a\u00e7\u0131l\u0131r. Bu bina tarixi abid\u0259 kimi qorunmal\u0131d\u0131r. \u018fg\u0259r s\u0259s-k\u00fcy olmasayd\u0131, y\u0259qin ki, s\u00f6k\u00fcnt\u00fc davam ed\u0259c\u0259kdi&#8221;<\/em>, &#8211; 67 ya\u015fl\u0131 bak\u0131l\u0131 Nazim \u018fzizov Meydan TV-y\u0259 deyib.<\/p>\n\n\n\n<p>Binan\u0131n varl\u0131\u011f\u0131ndan \u00e7oxu x\u0259b\u0259rsizdir. Amma \u018fzizov hesab edir ki, park\u0131n tikintisin\u0259 icaz\u0259 ver\u0259nl\u0259r binan\u0131n varl\u0131\u011f\u0131ndan x\u0259b\u0259rdard\u0131lar.<\/p>\n\n\n\n<p>Ba\u015fqa bir sakin d\u0259 deyib ki, sosial \u015f\u0259b\u0259k\u0259l\u0259rd\u0259 v\u0259 m\u0259tbuatda bu bar\u0259d\u0259 yaz\u0131landan sonra s\u00f6k\u00fcnt\u00fc i\u015fi dayand\u0131r\u0131l\u0131b.<\/p>\n\n\n\n<p>M\u0259d\u0259niyy\u0259t Nazirliyi yan\u0131nda M\u0259d\u0259ni \u0130rsin Qorunmas\u0131, \u0130nki\u015faf\u0131 v\u0259 B\u0259rpas\u0131 \u00fczr\u0259 D\u00f6vl\u0259t Xidm\u0259tind\u0259n Report\u201da <a href=\"https:\/\/report.az\/medeniyyet-siyaseti\/radio-merkezi-kimi-taninan-tarixi-ehemiyyetli-bina-sokulme-tehlukesi-ile-uz-uzedir\/\">bildiribl\u0259r<\/a> ki, bina tarix-m\u0259d\u0259niyy\u0259t abid\u0259l\u0259rinin reyestrin\u0259 daxil deyil. D\u00f6vl\u0259t Xidm\u0259ti binan\u0131n reyestr\u0259 daxil edilm\u0259sinin n\u0259z\u0259rd\u0259n ke\u00e7iril\u0259c\u0259yini elan edib.<\/p>\n\n\n\n<p>D\u00f6vl\u0259t \u015e\u0259h\u0259rsalma v\u0259 Arxitektura Komit\u0259sind\u0259n is\u0259 bildirilib ki, komit\u0259 yan\u0131nda Bak\u0131 \u015e\u0259h\u0259r Memarl\u0131q v\u0259 \u015e\u0259h\u0259rsalma Ba\u015f \u0130dar\u0259sinin \u0259m\u0259kda\u015flar\u0131 t\u0259r\u0259find\u0259n N\u0259sibb\u0259y Yusifb\u0259yli k\u00fc\u00e7\u0259sind\u0259 1930-cu ill\u0259rin ortalar\u0131nda tikilmi\u015f \u201cRadio M\u0259rk\u0259zi\u201d kimi tan\u0131nan binan\u0131n yerl\u0259\u015fdiyi \u0259raziy\u0259 bax\u0131\u015f ke\u00e7irilib v\u0259 binan\u0131n b\u0259zi hiss\u0259l\u0259rind\u0259 s\u00f6k\u00fcnt\u00fc fakt\u0131 a\u015fkarlan\u0131b.<\/p>\n\n\n\n<p>S\u00f6z\u00fcged\u0259n \u00fcnvanda apar\u0131lan i\u015fl\u0259rin he\u00e7 bir m\u00fcvafiq icaz\u0259verici s\u0259n\u0259dl\u0259ri olmad\u0131\u011f\u0131ndan v\u0259 qeyd edil\u0259n binan\u0131n fasad\u0131ndak\u0131 memarl\u0131q elementl\u0259rinin m\u00f6vcudlu\u011funu n\u0259z\u0259r\u0259 alaraq, Bak\u0131 \u015e\u0259h\u0259r Memarl\u0131q v\u0259 \u015e\u0259h\u0259rsalma Ba\u015f \u0130dar\u0259si t\u0259r\u0259find\u0259n i\u015fl\u0259r dayand\u0131r\u0131l\u0131b v\u0259 m\u00fcvafiq t\u0259dbirl\u0259rin g\u00f6r\u00fclm\u0259si \u00fc\u00e7\u00fcn aidiyy\u0259ti qurumlara m\u00fcraci\u0259t edilib.<\/p>\n","protected":false},"excerpt":{"rendered":"<p>\u201c\u018fg\u0259r s\u0259s-k\u00fcy olmasayd\u0131, y\u0259qin ki, s\u00f6k\u00fcnt\u00fc davam ed\u0259c\u0259kdi&#8221; Bak\u0131n\u0131n m\u0259rk\u0259zind\u0259- &#8230; <\/p>\n<p class=\"read-more-container\"><a title=\"\u201cRadio M\u0259rk\u0259zi\u201dnin s\u00f6k\u00fcl\u0259n hiss\u0259si b\u0259rpa edil\u0259c\u0259kmi?\" class=\"read-more button\" href=\"https:\/\/www.meydan.tv\/az\/article\/radio-merkezinin-sokulen-hissesi-berpa-edilecekmi\/#more-307077\" aria-label=\"Read more about \u201cRadio M\u0259rk\u0259zi\u201dnin s\u00f6k\u00fcl\u0259n hiss\u0259si b\u0259rpa edil\u0259c\u0259kmi?\">Davam\u0131<\/a><\/p>\n","protected":false},"author":8,"featured_media":307078,"comment_status":"closed","ping_status":"closed","sticky":false,"template":"","format":"standard","meta":{"_acf_changed":false,"_sitemap_exclude":false,"_sitemap_priority":"","_sitemap_frequency":"","footnotes":""},"categories":[62,56],"tags":[],"class_list":["post-307077","post","type-post","status-publish","format-standard","has-post-thumbnail","hentry","category-sosial","category-xeberler","infinite-scroll-item","generate-columns","tablet-grid-50","mobile-grid-100","grid-parent","grid-33","no-featured-image-padding"],"acf":[],"yoast_head":"<!-- This site is optimized with the Yoast SEO plugin v27.5 - https:\/\/yoast.com\/product\/yoast-seo-wordpress\/ -->\n<title>\u201cRadio M\u0259rk\u0259zi\u201dnin s\u00f6k\u00fcl\u0259n hiss\u0259si b\u0259rpa edil\u0259c\u0259kmi? - MEYDAN.TV<\/title>\n<meta name=\"robots\" content=\"index, follow, max-snippet:-1, max-image-preview:large, max-video-preview:-1\" \/>\n<link rel=\"canonical\" href=\"https:\/\/www.meydan.tv\/az\/article\/radio-merkezinin-sokulen-hissesi-berpa-edilecekmi\/\" \/>\n<meta property=\"og:locale\" content=\"az_AZ\" \/>\n<meta property=\"og:type\" content=\"article\" \/>\n<meta property=\"og:title\" content=\"\u201cRadio M\u0259rk\u0259zi\u201dnin s\u00f6k\u00fcl\u0259n hiss\u0259si b\u0259rpa edil\u0259c\u0259kmi? - MEYDAN.TV\" \/>\n<meta property=\"og:description\" content=\"\u201c\u018fg\u0259r s\u0259s-k\u00fcy olmasayd\u0131, y\u0259qin ki, s\u00f6k\u00fcnt\u00fc davam ed\u0259c\u0259kdi&#8221; Bak\u0131n\u0131n m\u0259rk\u0259zind\u0259- ... Davam\u0131\" \/>\n<meta property=\"og:url\" content=\"https:\/\/www.meydan.tv\/az\/article\/radio-merkezinin-sokulen-hissesi-berpa-edilecekmi\/\" \/>\n<meta property=\"og:site_name\" content=\"MEYDAN.TV\" \/>\n<meta property=\"article:published_time\" content=\"2024-05-30T09:32:19+00:00\" \/>\n<meta property=\"article:modified_time\" content=\"2024-05-30T10:51:08+00:00\" \/>\n<meta property=\"og:image\" content=\"https:\/\/www.meydan.tv\/wp-content\/uploads\/1-75.jpg\" \/>\n\t<meta property=\"og:image:width\" content=\"1200\" \/>\n\t<meta property=\"og:image:height\" content=\"661\" \/>\n\t<meta property=\"og:image:type\" content=\"image\/jpeg\" \/>\n<meta name=\"author\" content=\"elli\" \/>\n<meta name=\"twitter:card\" content=\"summary_large_image\" \/>\n<meta name=\"twitter:creator\" content=\"@elli\" \/>\n<script type=\"application\/ld+json\" class=\"yoast-schema-graph\">{\"@context\":\"https:\\\/\\\/schema.org\",\"@graph\":[{\"@type\":\"Article\",\"@id\":\"https:\\\/\\\/www.meydan.tv\\\/az\\\/article\\\/radio-merkezinin-sokulen-hissesi-berpa-edilecekmi\\\/#article\",\"isPartOf\":{\"@id\":\"https:\\\/\\\/www.meydan.tv\\\/az\\\/article\\\/radio-merkezinin-sokulen-hissesi-berpa-edilecekmi\\\/\"},\"author\":{\"name\":\"elli\",\"@id\":\"https:\\\/\\\/www.meydan.tv\\\/az\\\/#\\\/schema\\\/person\\\/9cdbecf90d17180ce1dfbd95b08dcf47\"},\"headline\":\"\u201cRadio M\u0259rk\u0259zi\u201dnin s\u00f6k\u00fcl\u0259n hiss\u0259si b\u0259rpa edil\u0259c\u0259kmi?\",\"datePublished\":\"2024-05-30T09:32:19+00:00\",\"dateModified\":\"2024-05-30T10:51:08+00:00\",\"mainEntityOfPage\":{\"@id\":\"https:\\\/\\\/www.meydan.tv\\\/az\\\/article\\\/radio-merkezinin-sokulen-hissesi-berpa-edilecekmi\\\/\"},\"wordCount\":639,\"publisher\":{\"@id\":\"https:\\\/\\\/www.meydan.tv\\\/az\\\/#organization\"},\"image\":{\"@id\":\"https:\\\/\\\/www.meydan.tv\\\/az\\\/article\\\/radio-merkezinin-sokulen-hissesi-berpa-edilecekmi\\\/#primaryimage\"},\"thumbnailUrl\":\"https:\\\/\\\/www.meydan.tv\\\/wp-content\\\/uploads\\\/1-75.jpg\",\"articleSection\":[\"Sosial\",\"X\u0259b\u0259rl\u0259r\"],\"inLanguage\":\"az\"},{\"@type\":\"WebPage\",\"@id\":\"https:\\\/\\\/www.meydan.tv\\\/az\\\/article\\\/radio-merkezinin-sokulen-hissesi-berpa-edilecekmi\\\/\",\"url\":\"https:\\\/\\\/www.meydan.tv\\\/az\\\/article\\\/radio-merkezinin-sokulen-hissesi-berpa-edilecekmi\\\/\",\"name\":\"\u201cRadio M\u0259rk\u0259zi\u201dnin s\u00f6k\u00fcl\u0259n hiss\u0259si b\u0259rpa edil\u0259c\u0259kmi? - MEYDAN.TV\",\"isPartOf\":{\"@id\":\"https:\\\/\\\/www.meydan.tv\\\/az\\\/#website\"},\"primaryImageOfPage\":{\"@id\":\"https:\\\/\\\/www.meydan.tv\\\/az\\\/article\\\/radio-merkezinin-sokulen-hissesi-berpa-edilecekmi\\\/#primaryimage\"},\"image\":{\"@id\":\"https:\\\/\\\/www.meydan.tv\\\/az\\\/article\\\/radio-merkezinin-sokulen-hissesi-berpa-edilecekmi\\\/#primaryimage\"},\"thumbnailUrl\":\"https:\\\/\\\/www.meydan.tv\\\/wp-content\\\/uploads\\\/1-75.jpg\",\"datePublished\":\"2024-05-30T09:32:19+00:00\",\"dateModified\":\"2024-05-30T10:51:08+00:00\",\"breadcrumb\":{\"@id\":\"https:\\\/\\\/www.meydan.tv\\\/az\\\/article\\\/radio-merkezinin-sokulen-hissesi-berpa-edilecekmi\\\/#breadcrumb\"},\"inLanguage\":\"az\",\"potentialAction\":[{\"@type\":\"ReadAction\",\"target\":[\"https:\\\/\\\/www.meydan.tv\\\/az\\\/article\\\/radio-merkezinin-sokulen-hissesi-berpa-edilecekmi\\\/\"]}]},{\"@type\":\"ImageObject\",\"inLanguage\":\"az\",\"@id\":\"https:\\\/\\\/www.meydan.tv\\\/az\\\/article\\\/radio-merkezinin-sokulen-hissesi-berpa-edilecekmi\\\/#primaryimage\",\"url\":\"https:\\\/\\\/www.meydan.tv\\\/wp-content\\\/uploads\\\/1-75.jpg\",\"contentUrl\":\"https:\\\/\\\/www.meydan.tv\\\/wp-content\\\/uploads\\\/1-75.jpg\",\"width\":1200,\"height\":661,\"caption\":\"Fotolar: El\u00e7in \u018fliyevindir\"},{\"@type\":\"BreadcrumbList\",\"@id\":\"https:\\\/\\\/www.meydan.tv\\\/az\\\/article\\\/radio-merkezinin-sokulen-hissesi-berpa-edilecekmi\\\/#breadcrumb\",\"itemListElement\":[{\"@type\":\"ListItem\",\"position\":1,\"name\":\"Ana s\u0259hif\u0259\",\"item\":\"https:\\\/\\\/www.meydan.tv\\\/az\\\/\"},{\"@type\":\"ListItem\",\"position\":2,\"name\":\"Sosial\",\"item\":\"https:\\\/\\\/www.meydan.tv\\\/az\\\/section\\\/sosial\\\/\"},{\"@type\":\"ListItem\",\"position\":3,\"name\":\"\u201cRadio M\u0259rk\u0259zi\u201dnin s\u00f6k\u00fcl\u0259n hiss\u0259si b\u0259rpa edil\u0259c\u0259kmi?\"}]},{\"@type\":\"WebSite\",\"@id\":\"https:\\\/\\\/www.meydan.tv\\\/az\\\/#website\",\"url\":\"https:\\\/\\\/www.meydan.tv\\\/az\\\/\",\"name\":\"MEYDAN.TV\",\"description\":\"Meydan TV Az\u0259rbaycan\u0131n media m\u0259kan\u0131ndak\u0131 alternativ s\u0259sidir\",\"publisher\":{\"@id\":\"https:\\\/\\\/www.meydan.tv\\\/az\\\/#organization\"},\"potentialAction\":[{\"@type\":\"SearchAction\",\"target\":{\"@type\":\"EntryPoint\",\"urlTemplate\":\"https:\\\/\\\/www.meydan.tv\\\/az\\\/?s={search_term_string}\"},\"query-input\":{\"@type\":\"PropertyValueSpecification\",\"valueRequired\":true,\"valueName\":\"search_term_string\"}}],\"inLanguage\":\"az\"},{\"@type\":\"Organization\",\"@id\":\"https:\\\/\\\/www.meydan.tv\\\/az\\\/#organization\",\"name\":\"Meydan TV\",\"url\":\"https:\\\/\\\/www.meydan.tv\\\/az\\\/\",\"logo\":{\"@type\":\"ImageObject\",\"inLanguage\":\"az\",\"@id\":\"https:\\\/\\\/www.meydan.tv\\\/az\\\/#\\\/schema\\\/logo\\\/image\\\/\",\"url\":\"https:\\\/\\\/www.meydan.tv\\\/wp-content\\\/uploads\\\/2021\\\/07\\\/meydan-logo.svg\",\"contentUrl\":\"https:\\\/\\\/www.meydan.tv\\\/wp-content\\\/uploads\\\/2021\\\/07\\\/meydan-logo.svg\",\"width\":195,\"height\":46,\"caption\":\"Meydan TV\"},\"image\":{\"@id\":\"https:\\\/\\\/www.meydan.tv\\\/az\\\/#\\\/schema\\\/logo\\\/image\\\/\"}},{\"@type\":\"Person\",\"@id\":\"https:\\\/\\\/www.meydan.tv\\\/az\\\/#\\\/schema\\\/person\\\/9cdbecf90d17180ce1dfbd95b08dcf47\",\"name\":\"elli\",\"sameAs\":[\"https:\\\/\\\/x.com\\\/elli\"]}]}<\/script>\n<!-- \/ Yoast SEO plugin. -->","yoast_head_json":{"title":"\u201cRadio M\u0259rk\u0259zi\u201dnin s\u00f6k\u00fcl\u0259n hiss\u0259si b\u0259rpa edil\u0259c\u0259kmi? - MEYDAN.TV","robots":{"index":"index","follow":"follow","max-snippet":"max-snippet:-1","max-image-preview":"max-image-preview:large","max-video-preview":"max-video-preview:-1"},"canonical":"https:\/\/www.meydan.tv\/az\/article\/radio-merkezinin-sokulen-hissesi-berpa-edilecekmi\/","og_locale":"az_AZ","og_type":"article","og_title":"\u201cRadio M\u0259rk\u0259zi\u201dnin s\u00f6k\u00fcl\u0259n hiss\u0259si b\u0259rpa edil\u0259c\u0259kmi? - MEYDAN.TV","og_description":"\u201c\u018fg\u0259r s\u0259s-k\u00fcy olmasayd\u0131, y\u0259qin ki, s\u00f6k\u00fcnt\u00fc davam ed\u0259c\u0259kdi&#8221; Bak\u0131n\u0131n m\u0259rk\u0259zind\u0259- ... Davam\u0131","og_url":"https:\/\/www.meydan.tv\/az\/article\/radio-merkezinin-sokulen-hissesi-berpa-edilecekmi\/","og_site_name":"MEYDAN.TV","article_published_time":"2024-05-30T09:32:19+00:00","article_modified_time":"2024-05-30T10:51:08+00:00","og_image":[{"width":1200,"height":661,"url":"https:\/\/www.meydan.tv\/wp-content\/uploads\/1-75.jpg","type":"image\/jpeg"}],"author":"elli","twitter_card":"summary_large_image","twitter_creator":"@elli","schema":{"@context":"https:\/\/schema.org","@graph":[{"@type":"Article","@id":"https:\/\/www.meydan.tv\/az\/article\/radio-merkezinin-sokulen-hissesi-berpa-edilecekmi\/#article","isPartOf":{"@id":"https:\/\/www.meydan.tv\/az\/article\/radio-merkezinin-sokulen-hissesi-berpa-edilecekmi\/"},"author":{"name":"elli","@id":"https:\/\/www.meydan.tv\/az\/#\/schema\/person\/9cdbecf90d17180ce1dfbd95b08dcf47"},"headline":"\u201cRadio M\u0259rk\u0259zi\u201dnin s\u00f6k\u00fcl\u0259n hiss\u0259si b\u0259rpa edil\u0259c\u0259kmi?","datePublished":"2024-05-30T09:32:19+00:00","dateModified":"2024-05-30T10:51:08+00:00","mainEntityOfPage":{"@id":"https:\/\/www.meydan.tv\/az\/article\/radio-merkezinin-sokulen-hissesi-berpa-edilecekmi\/"},"wordCount":639,"publisher":{"@id":"https:\/\/www.meydan.tv\/az\/#organization"},"image":{"@id":"https:\/\/www.meydan.tv\/az\/article\/radio-merkezinin-sokulen-hissesi-berpa-edilecekmi\/#primaryimage"},"thumbnailUrl":"https:\/\/www.meydan.tv\/wp-content\/uploads\/1-75.jpg","articleSection":["Sosial","X\u0259b\u0259rl\u0259r"],"inLanguage":"az"},{"@type":"WebPage","@id":"https:\/\/www.meydan.tv\/az\/article\/radio-merkezinin-sokulen-hissesi-berpa-edilecekmi\/","url":"https:\/\/www.meydan.tv\/az\/article\/radio-merkezinin-sokulen-hissesi-berpa-edilecekmi\/","name":"\u201cRadio M\u0259rk\u0259zi\u201dnin s\u00f6k\u00fcl\u0259n hiss\u0259si b\u0259rpa edil\u0259c\u0259kmi? - MEYDAN.TV","isPartOf":{"@id":"https:\/\/www.meydan.tv\/az\/#website"},"primaryImageOfPage":{"@id":"https:\/\/www.meydan.tv\/az\/article\/radio-merkezinin-sokulen-hissesi-berpa-edilecekmi\/#primaryimage"},"image":{"@id":"https:\/\/www.meydan.tv\/az\/article\/radio-merkezinin-sokulen-hissesi-berpa-edilecekmi\/#primaryimage"},"thumbnailUrl":"https:\/\/www.meydan.tv\/wp-content\/uploads\/1-75.jpg","datePublished":"2024-05-30T09:32:19+00:00","dateModified":"2024-05-30T10:51:08+00:00","breadcrumb":{"@id":"https:\/\/www.meydan.tv\/az\/article\/radio-merkezinin-sokulen-hissesi-berpa-edilecekmi\/#breadcrumb"},"inLanguage":"az","potentialAction":[{"@type":"ReadAction","target":["https:\/\/www.meydan.tv\/az\/article\/radio-merkezinin-sokulen-hissesi-berpa-edilecekmi\/"]}]},{"@type":"ImageObject","inLanguage":"az","@id":"https:\/\/www.meydan.tv\/az\/article\/radio-merkezinin-sokulen-hissesi-berpa-edilecekmi\/#primaryimage","url":"https:\/\/www.meydan.tv\/wp-content\/uploads\/1-75.jpg","contentUrl":"https:\/\/www.meydan.tv\/wp-content\/uploads\/1-75.jpg","width":1200,"height":661,"caption":"Fotolar: El\u00e7in \u018fliyevindir"},{"@type":"BreadcrumbList","@id":"https:\/\/www.meydan.tv\/az\/article\/radio-merkezinin-sokulen-hissesi-berpa-edilecekmi\/#breadcrumb","itemListElement":[{"@type":"ListItem","position":1,"name":"Ana s\u0259hif\u0259","item":"https:\/\/www.meydan.tv\/az\/"},{"@type":"ListItem","position":2,"name":"Sosial","item":"https:\/\/www.meydan.tv\/az\/section\/sosial\/"},{"@type":"ListItem","position":3,"name":"\u201cRadio M\u0259rk\u0259zi\u201dnin s\u00f6k\u00fcl\u0259n hiss\u0259si b\u0259rpa edil\u0259c\u0259kmi?"}]},{"@type":"WebSite","@id":"https:\/\/www.meydan.tv\/az\/#website","url":"https:\/\/www.meydan.tv\/az\/","name":"MEYDAN.TV","description":"Meydan TV Az\u0259rbaycan\u0131n media m\u0259kan\u0131ndak\u0131 alternativ s\u0259sidir","publisher":{"@id":"https:\/\/www.meydan.tv\/az\/#organization"},"potentialAction":[{"@type":"SearchAction","target":{"@type":"EntryPoint","urlTemplate":"https:\/\/www.meydan.tv\/az\/?s={search_term_string}"},"query-input":{"@type":"PropertyValueSpecification","valueRequired":true,"valueName":"search_term_string"}}],"inLanguage":"az"},{"@type":"Organization","@id":"https:\/\/www.meydan.tv\/az\/#organization","name":"Meydan TV","url":"https:\/\/www.meydan.tv\/az\/","logo":{"@type":"ImageObject","inLanguage":"az","@id":"https:\/\/www.meydan.tv\/az\/#\/schema\/logo\/image\/","url":"https:\/\/www.meydan.tv\/wp-content\/uploads\/2021\/07\/meydan-logo.svg","contentUrl":"https:\/\/www.meydan.tv\/wp-content\/uploads\/2021\/07\/meydan-logo.svg","width":195,"height":46,"caption":"Meydan TV"},"image":{"@id":"https:\/\/www.meydan.tv\/az\/#\/schema\/logo\/image\/"}},{"@type":"Person","@id":"https:\/\/www.meydan.tv\/az\/#\/schema\/person\/9cdbecf90d17180ce1dfbd95b08dcf47","name":"elli","sameAs":["https:\/\/x.com\/elli"]}]}},"_links":{"self":[{"href":"https:\/\/www.meydan.tv\/az\/wp-json\/wp\/v2\/posts\/307077","targetHints":{"allow":["GET"]}}],"collection":[{"href":"https:\/\/www.meydan.tv\/az\/wp-json\/wp\/v2\/posts"}],"about":[{"href":"https:\/\/www.meydan.tv\/az\/wp-json\/wp\/v2\/types\/post"}],"author":[{"embeddable":true,"href":"https:\/\/www.meydan.tv\/az\/wp-json\/wp\/v2\/users\/8"}],"replies":[{"embeddable":true,"href":"https:\/\/www.meydan.tv\/az\/wp-json\/wp\/v2\/comments?post=307077"}],"version-history":[{"count":3,"href":"https:\/\/www.meydan.tv\/az\/wp-json\/wp\/v2\/posts\/307077\/revisions"}],"predecessor-version":[{"id":307091,"href":"https:\/\/www.meydan.tv\/az\/wp-json\/wp\/v2\/posts\/307077\/revisions\/307091"}],"wp:featuredmedia":[{"embeddable":true,"href":"https:\/\/www.meydan.tv\/az\/wp-json\/wp\/v2\/media\/307078"}],"wp:attachment":[{"href":"https:\/\/www.meydan.tv\/az\/wp-json\/wp\/v2\/media?parent=307077"}],"wp:term":[{"taxonomy":"category","embeddable":true,"href":"https:\/\/www.meydan.tv\/az\/wp-json\/wp\/v2\/categories?post=307077"},{"taxonomy":"post_tag","embeddable":true,"href":"https:\/\/www.meydan.tv\/az\/wp-json\/wp\/v2\/tags?post=307077"}],"curies":[{"name":"wp","href":"https:\/\/api.w.org\/{rel}","templated":true}]}}