{"id":306991,"date":"2024-05-29T18:23:24","date_gmt":"2024-05-29T14:23:24","guid":{"rendered":"https:\/\/www.meydan.tv\/?p=306991"},"modified":"2024-05-29T18:23:31","modified_gmt":"2024-05-29T14:23:31","slug":"samaxi-sakini-evimiz-basimiza-yixilib-colde-yatiriq","status":"publish","type":"post","link":"https:\/\/www.meydan.tv\/az\/article\/samaxi-sakini-evimiz-basimiza-yixilib-colde-yatiriq\/","title":{"rendered":"\u015eamax\u0131 sakini: \u201cEvimiz ba\u015f\u0131m\u0131za y\u0131x\u0131l\u0131b, \u00e7\u00f6ld\u0259 yat\u0131r\u0131q\u201d"},"content":{"rendered":"\n<p><\/p>\n\n\n\n<p><strong><em>\u0130cra hakimiyy\u0259ti m\u0259suliyy\u0259ti FHN-nin \u00fcst\u00fcn\u0259 at\u0131r<\/em><\/strong><\/p>\n\n\n\n<p>\u201c<em>10 g\u00fcn \u0259vv\u0259l evin tavan\u0131 \u00e7\u00f6kd\u00fc, avadanl\u0131qlar\u0131m\u0131z, yor\u011fan-d\u00f6\u015f\u0259yimiz, stol-stulumuzun ham\u0131s\u0131 da\u011f\u0131nt\u0131n\u0131n alt\u0131nda qald\u0131. Ya\u011f\u0131\u015fl\u0131 g\u00fcnl\u0259rd\u0259 d\u0259 \u00e7\u00f6ld\u0259 bir yer tap\u0131b yat\u0131r\u0131q. Ev\u0259 girm\u0259y\u0259 qorxuruq. N\u0259 z\u0259lz\u0259l\u0259 vaxt\u0131 sahib \u00e7\u0131xan oldu, n\u0259 d\u0259 indi g\u0259lib baxan var. Allah \u00fcmidin\u0259 ya\u015fay\u0131r\u0131q\u201d.<\/em><\/p>\n\n\n\n<p>Bunu Meydan TV-y\u0259 \u015eamax\u0131 sakini H\u0259qiq\u0259t B\u0259d\u0259lova deyir.<\/p>\n\n\n\n<p>5 il \u0259vv\u0259l \u015eamax\u0131da ba\u015f vermi\u015f z\u0259lz\u0259l\u0259 n\u0259tic\u0259sind\u0259 b\u0259zi evl\u0259r tamamil\u0259 da\u011f\u0131l\u0131b, b\u0259zil\u0259ri ciddi z\u0259d\u0259l\u0259nib.<\/p>\n\n\n\n<p>F\u00f6vq\u0259lad\u0259 Hallar Nazirliyinin hesabatlar\u0131na g\u00f6r\u0259, z\u0259r\u0259r \u00e7\u0259kmi\u015f ail\u0259l\u0259r yeni tikilmi\u015f evl\u0259r\u0259 yerl\u0259\u015fdirilib, t\u0259mir-b\u0259rpaya ehtiyac\u0131 olan evl\u0259r \u0259sasl\u0131 t\u0259mir olunub. Ancaq\u00a0 \u00f6t\u0259n 5 il \u0259rzind\u0259 Meydan TV-y\u0259 d\u0259f\u0259l\u0259rl\u0259 z\u0259lz\u0259l\u0259 z\u0259r\u0259r\u00e7\u0259kmi\u015fl\u0259ri t\u0259r\u0259find\u0259n xeyli \u015fikay\u0259t daxil olub.<\/p>\n\n\n\n<p>H\u0259min \u015fikay\u0259tl\u0259r ara\u015fd\u0131r\u0131laraq, i\u015f\u0131qland\u0131r\u0131l\u0131b v\u0259 n\u0259tic\u0259d\u0259 m\u0259lum olub ki, d\u00f6vl\u0259t qurumlar\u0131n\u0131n a\u00e7\u0131qlama v\u0259 hesabatlar\u0131 h\u0259qiq\u0259t\u0259uy\u011fun deyil.<\/p>\n\n\n<div class=\"wp-block-image\">\n<figure class=\"aligncenter size-large\"><img decoding=\"async\" width=\"1113\" height=\"821\" data-src=\"https:\/\/www.meydan.tv\/wp-content\/uploads\/screenshot_2024-05-29_180036-1113x821.png\" alt=\"\" class=\"wp-image-306988 lazyload\" src=\"data:image\/svg+xml;base64,PHN2ZyB3aWR0aD0iMSIgaGVpZ2h0PSIxIiB4bWxucz0iaHR0cDovL3d3dy53My5vcmcvMjAwMC9zdmciPjwvc3ZnPg==\" style=\"--smush-placeholder-width: 1113px; --smush-placeholder-aspect-ratio: 1113\/821;\" \/><figcaption class=\"wp-element-caption\">H\u0259qiq\u0259t B\u0259d\u0259lova<\/figcaption><\/figure>\n<\/div>\n\n\n<p>Bud\u0259f\u0259ki \u015fikay\u0259t\u00e7i d\u0259 \u015eamax\u0131n\u0131n Niyazi N\u0259c\u0259fov k\u00fc\u00e7\u0259sind\u0259ki 15 sayl\u0131 evd\u0259 ya\u015fayan H\u0259qiq\u0259t B\u0259d\u0259lovad\u0131r.<\/p>\n\n\n\n<p>Onun s\u00f6zl\u0259rin\u0259 g\u00f6r\u0259, 5 il \u0259vv\u0259l ba\u015f vermi\u015f z\u0259lz\u0259l\u0259 n\u0259tic\u0259sind\u0259 evi q\u0259zal\u0131 v\u0259ziyy\u0259t\u0259 d\u00fc\u015fs\u0259 d\u0259, h\u0259r hans\u0131 t\u0259dbir g\u00f6r\u00fclm\u0259yib.<\/p>\n\n\n\n<p><strong>\u201cH\u0259r \u015fey da\u011f\u0131nt\u0131n\u0131n alt\u0131nda qald\u0131\u201d<\/strong><\/p>\n\n\n\n<p>10 g\u00fcn \u0259vv\u0259ls\u0259 H\u0259qiq\u0259t xan\u0131m\u0131n evinin tavan\u0131 \u00e7\u00f6k\u00fcb:<\/p>\n\n\n\n<p>\u201c<em>Bu il may\u0131n 18-d\u0259 otaqdan h\u0259y\u0259t\u0259 \u00e7\u0131xma\u011f\u0131mla otaqlardan birinin tavan\u0131n\u0131n \u00e7\u00f6km\u0259si bir oldu. Toz-tozanaqdan g\u00f6z-g\u00f6z\u00fc g\u00f6rm\u00fcrd\u00fc. B\u00fct\u00fcn avadanl\u0131\u011f\u0131m, yor\u011fan-d\u00f6\u015f\u0259yim, pal-paltar olan dolab, dig\u0259r ev \u0259\u015fyalar\u0131 \u2013 ham\u0131s\u0131 da\u011f\u0131nt\u0131n\u0131n alt\u0131nda qald\u0131. El\u0259 g\u0259zirdik, aya\u011f\u0131m\u0131z\u0131n alt\u0131nda d\u00f6\u015f\u0259m\u0259, ba\u015f\u0131m\u0131z\u0131n \u00fcst\u00fcnd\u0259 tavan titr\u0259yirdi, bilirdim ki, bir g\u00fcn ba\u015f\u0131m\u0131za \u00e7\u00f6k\u0259c\u0259k\u201d.<\/em><\/p>\n\n\n\n<p><strong>\u201cD\u00fc\u015f\u00fcnd\u00fck ki, Prezident n\u0259zar\u0259t edir, m\u0259suliyy\u0259tli olarlar\u201d&nbsp;<\/strong><\/p>\n\n\n\n<p>H\u0259qiq\u0259t B\u0259d\u0259lovan\u0131n s\u00f6zl\u0259rin\u0259 g\u00f6r\u0259, 2019-cu ilin fevral\u0131nda z\u0259lz\u0259l\u0259 ba\u015f ver\u0259nd\u0259n d\u0259rhal sonra dig\u0259r evl\u0259r kimi bu ev\u0259 d\u0259 komissiya t\u0259r\u0259find\u0259n bax\u0131\u015f ke\u00e7irilib.<\/p>\n\n\n\n<p>Komissiya \u00fczvl\u0259ri ail\u0259y\u0259 evd\u0259 ya\u015fama\u011f\u0131n t\u0259hl\u00fck\u0259li oldu\u011funu, h\u0259r an u\u00e7a bil\u0259c\u0259yini deyib, evi siyah\u0131ya daxil edib.<\/p>\n\n\n<div class=\"wp-block-image\">\n<figure class=\"aligncenter size-large\"><img decoding=\"async\" width=\"1095\" height=\"821\" data-src=\"https:\/\/www.meydan.tv\/wp-content\/uploads\/4-6-1095x821.jpg\" alt=\"\" class=\"wp-image-306979 lazyload\" src=\"data:image\/svg+xml;base64,PHN2ZyB3aWR0aD0iMSIgaGVpZ2h0PSIxIiB4bWxucz0iaHR0cDovL3d3dy53My5vcmcvMjAwMC9zdmciPjwvc3ZnPg==\" style=\"--smush-placeholder-width: 1095px; --smush-placeholder-aspect-ratio: 1095\/821;\" \/><\/figure>\n<\/div>\n\n\n<p>Komissiya \u00fczvl\u0259ri t\u0259r\u0259find\u0259n ail\u0259y\u0259 t\u00f6vsiy\u0259 olunub ki, yeni ev tikil\u0259n\u0259d\u0259k m\u00fcv\u0259qq\u0259ti ba\u015fqa yer\u0259 s\u0131\u011f\u0131ns\u0131n. Ancaq ail\u0259nin getm\u0259y\u0259 yeri olmad\u0131\u011f\u0131na g\u00f6r\u0259 el\u0259 q\u0259zal\u0131 evd\u0259 ya\u015fama\u011fa davam edib:<\/p>\n\n\n\n<p>\u201c<em>Dedil\u0259r ki, \u00e7\u0131x\u0131n buradan, \u00e7ox t\u0259hl\u00fck\u0259lidir. D\u00fc\u015f\u00fcnd\u00fck ki, yeni ev tikil\u0259n\u0259d\u0259k el\u0259 birt\u0259h\u0259r burada ya\u015fayaq, onsuz da m\u00fcv\u0259qq\u0259tidir. \u00c7\u00fcnki getm\u0259y\u0259 yerimiz d\u0259 yox idi. Prezident d\u0259 \u015eamax\u0131ya g\u0259lib-gedirdi, tap\u015f\u0131r\u0131qlar\u0131n\u0131 verirdi, d\u00fc\u015f\u00fcn\u00fcrd\u00fck ki, h\u0259r \u015fey onun n\u0259zar\u0259tind\u0259dir, i\u015f\u0259 m\u0259suliyy\u0259tli yana\u015farlar, bu i\u015fl\u0259r tezlikl\u0259 yekunla\u015far, biz d\u0259 bu t\u0259hl\u00fck\u0259li evd\u0259n \u00e7\u0131xar\u0131q. Ancaq bel\u0259 olmad\u0131&#8221;.<\/em><\/p>\n\n\n\n<p><em>&#8220;Kim pul verdi, yeni tikdikl\u0259ri binaya k\u00f6\u00e7\u00fcr\u00fcld\u00fc. Kimisini yax\u0131n k\u0259ndl\u0259rd\u0259 tikil\u0259n evl\u0259r\u0259 k\u00f6\u00e7\u00fcrtd\u00fcl\u0259r. H\u0259tta evi az z\u0259r\u0259r \u00e7\u0259k\u0259nl\u0259r d\u0259 k\u00f6\u00e7\u00fcr\u00fcld\u00fc. Halbuki y\u00fcng\u00fclvari b\u0259rkitm\u0259, t\u0259mir i\u015fi il\u0259 evl\u0259rind\u0259 qala bil\u0259rdil\u0259r. Ancaq pul verib, tikil\u0259n binalardak\u0131 t\u0259z\u0259 evl\u0259r\u0259 k\u00f6\u00e7d\u00fcl\u0259r\u201d<\/em>, &#8211; dey\u0259 o qeyd edib.<\/p>\n\n\n\n<p><strong>Yar\u0131q divarlar, \u00e7\u00f6km\u0259y\u0259 haz\u0131r ev, \u00e7ar\u0259siz ail\u0259&#8230;<\/strong><\/p>\n\n\n\n<p>H\u0259qiq\u0259t B\u0259d\u0259lova deyir, indiy\u0259d\u0259k evinin tikil\u0259c\u0259yin\u0259 \u00fcmid etdiyi \u00fc\u00e7\u00fcn he\u00e7 bir quruma r\u0259smi m\u0259ktubla m\u00fcraci\u0259t etm\u0259yib.<\/p>\n\n\n\n<p>Yaln\u0131z \u015eamax\u0131 Rayon \u0130cra Hakimiyy\u0259tin\u0259 gedib-g\u0259lir v\u0259 \u015fifahi m\u00fcraci\u0259tl\u0259r edib. \u00c7ar\u0259sizlikd\u0259n g\u00f6zl\u0259rini dig\u0259r otaqlar\u0131n yar\u0131q divarlar\u0131na v\u0259 \u00e7\u00fcr\u00fcm\u00fc\u015f taxta dayaqlar\u0131n h\u0259l\u0259lik saxlaya bildiyi tavana dikib.<\/p>\n\n\n<div class=\"wp-block-image\">\n<figure class=\"aligncenter size-large\"><img decoding=\"async\" width=\"1095\" height=\"821\" data-src=\"https:\/\/www.meydan.tv\/wp-content\/uploads\/2-18-1095x821.jpg\" alt=\"\" class=\"wp-image-306985 lazyload\" src=\"data:image\/svg+xml;base64,PHN2ZyB3aWR0aD0iMSIgaGVpZ2h0PSIxIiB4bWxucz0iaHR0cDovL3d3dy53My5vcmcvMjAwMC9zdmciPjwvc3ZnPg==\" style=\"--smush-placeholder-width: 1095px; --smush-placeholder-aspect-ratio: 1095\/821;\" \/><\/figure>\n<\/div>\n\n\n<p>\u015eamax\u0131 Rayon \u0130cra Hakimiyy\u0259tind\u0259n bildirilib ki, z\u0259lz\u0259l\u0259d\u0259n z\u0259r\u0259r \u00e7\u0259kmi\u015f evl\u0259rl\u0259 ba\u011fl\u0131 yaln\u0131z t\u0259mir i\u015fl\u0259ri bu qurum t\u0259r\u0259find\u0259n h\u0259yata ke\u00e7irilir.<\/p>\n\n\n\n<p>H\u0259qiq\u0259t B\u0259d\u0259lovan\u0131n evi t\u0259mir siyah\u0131s\u0131nda olmay\u0131b.<\/p>\n\n\n\n<p>Qurumdan deyilib ki, b\u0259rpa v\u0259 yenid\u0259n bina tikintisi F\u00f6vq\u0259lad\u0259 Hallar Nazirliyinin s\u0259lahiyy\u0259tind\u0259 olub:<\/p>\n\n\n\n<p><em>\u201cT\u0259mir kateqoriyas\u0131na veril\u0259n evl\u0259rin t\u0259miri bizim t\u0259r\u0259fimizd\u0259n h\u0259yata ke\u00e7irilir. B\u0259rpa v\u0259 q\u0259zal\u0131 v\u0259ziyy\u0259td\u0259 olan evl\u0259rl\u0259 ba\u011fl\u0131 v\u0259saiti FHN k\u00f6\u00e7\u00fcr\u00fcr. V\u0259t\u0259nda\u015f m\u0259s\u0259l\u0259ni h\u0259min qurumla ayd\u0131nla\u015fd\u0131rmal\u0131d\u0131r\u201d.<\/em><\/p>\n\n\n\n<p>5 fevral 2019-cu ild\u0259 gec\u0259 saatlar\u0131nda \u015eamax\u0131-\u0130smay\u0131ll\u0131 b\u00f6lg\u0259sind\u0259 z\u0259lz\u0259l\u0259 ba\u015f verib.<\/p>\n\n\n\n<p>Ba\u015f ver\u0259n t\u0259bii f\u0259lak\u0259t \u015eamax\u0131da bir s\u0131ra f\u0259sadlar t\u00f6r\u0259dib.<\/p>\n\n\n\n<p>Z\u0259lz\u0259l\u0259 bir \u00e7ox evl\u0259rin da\u011f\u0131lmas\u0131na s\u0259b\u0259b olub.<\/p>\n","protected":false},"excerpt":{"rendered":"<p>\u0130cra hakimiyy\u0259ti m\u0259suliyy\u0259ti FHN-nin \u00fcst\u00fcn\u0259 at\u0131r \u201c10 g\u00fcn \u0259vv\u0259l evin &#8230; <\/p>\n<p class=\"read-more-container\"><a title=\"\u015eamax\u0131 sakini: \u201cEvimiz ba\u015f\u0131m\u0131za y\u0131x\u0131l\u0131b, \u00e7\u00f6ld\u0259 yat\u0131r\u0131q\u201d\" class=\"read-more button\" href=\"https:\/\/www.meydan.tv\/az\/article\/samaxi-sakini-evimiz-basimiza-yixilib-colde-yatiriq\/#more-306991\" aria-label=\"Read more about \u015eamax\u0131 sakini: \u201cEvimiz ba\u015f\u0131m\u0131za y\u0131x\u0131l\u0131b, \u00e7\u00f6ld\u0259 yat\u0131r\u0131q\u201d\">Davam\u0131<\/a><\/p>\n","protected":false},"author":8,"featured_media":306982,"comment_status":"closed","ping_status":"closed","sticky":false,"template":"","format":"standard","meta":{"_acf_changed":false,"_sitemap_exclude":false,"_sitemap_priority":"","_sitemap_frequency":"","footnotes":""},"categories":[60,79,56],"tags":[],"class_list":["post-306991","post","type-post","status-publish","format-standard","has-post-thumbnail","hentry","category-bolge","category-featured","category-xeberler","infinite-scroll-item","generate-columns","tablet-grid-50","mobile-grid-100","grid-parent","grid-33","no-featured-image-padding"],"acf":[],"yoast_head":"<!-- This site is optimized with the Yoast SEO plugin v27.4 - https:\/\/yoast.com\/product\/yoast-seo-wordpress\/ -->\n<title>\u015eamax\u0131 sakini: \u201cEvimiz ba\u015f\u0131m\u0131za y\u0131x\u0131l\u0131b, \u00e7\u00f6ld\u0259 yat\u0131r\u0131q\u201d - MEYDAN.TV<\/title>\n<meta name=\"robots\" content=\"index, follow, max-snippet:-1, max-image-preview:large, max-video-preview:-1\" \/>\n<link rel=\"canonical\" href=\"https:\/\/www.meydan.tv\/az\/article\/samaxi-sakini-evimiz-basimiza-yixilib-colde-yatiriq\/\" \/>\n<meta property=\"og:locale\" content=\"az_AZ\" \/>\n<meta property=\"og:type\" content=\"article\" \/>\n<meta property=\"og:title\" content=\"\u015eamax\u0131 sakini: \u201cEvimiz ba\u015f\u0131m\u0131za y\u0131x\u0131l\u0131b, \u00e7\u00f6ld\u0259 yat\u0131r\u0131q\u201d - MEYDAN.TV\" \/>\n<meta property=\"og:description\" content=\"\u0130cra hakimiyy\u0259ti m\u0259suliyy\u0259ti FHN-nin \u00fcst\u00fcn\u0259 at\u0131r \u201c10 g\u00fcn \u0259vv\u0259l evin ... Davam\u0131\" \/>\n<meta property=\"og:url\" content=\"https:\/\/www.meydan.tv\/az\/article\/samaxi-sakini-evimiz-basimiza-yixilib-colde-yatiriq\/\" \/>\n<meta property=\"og:site_name\" content=\"MEYDAN.TV\" \/>\n<meta property=\"article:published_time\" content=\"2024-05-29T14:23:24+00:00\" \/>\n<meta property=\"article:modified_time\" content=\"2024-05-29T14:23:31+00:00\" \/>\n<meta property=\"og:image\" content=\"https:\/\/www.meydan.tv\/wp-content\/uploads\/3-10.jpg\" \/>\n\t<meta property=\"og:image:width\" content=\"1200\" \/>\n\t<meta property=\"og:image:height\" content=\"900\" \/>\n\t<meta property=\"og:image:type\" content=\"image\/jpeg\" \/>\n<meta name=\"author\" content=\"elli\" \/>\n<meta name=\"twitter:card\" content=\"summary_large_image\" \/>\n<meta name=\"twitter:creator\" content=\"@elli\" \/>\n<script type=\"application\/ld+json\" class=\"yoast-schema-graph\">{\"@context\":\"https:\\\/\\\/schema.org\",\"@graph\":[{\"@type\":\"Article\",\"@id\":\"https:\\\/\\\/www.meydan.tv\\\/az\\\/article\\\/samaxi-sakini-evimiz-basimiza-yixilib-colde-yatiriq\\\/#article\",\"isPartOf\":{\"@id\":\"https:\\\/\\\/www.meydan.tv\\\/az\\\/article\\\/samaxi-sakini-evimiz-basimiza-yixilib-colde-yatiriq\\\/\"},\"author\":{\"name\":\"elli\",\"@id\":\"https:\\\/\\\/www.meydan.tv\\\/az\\\/#\\\/schema\\\/person\\\/9cdbecf90d17180ce1dfbd95b08dcf47\"},\"headline\":\"\u015eamax\u0131 sakini: \u201cEvimiz ba\u015f\u0131m\u0131za y\u0131x\u0131l\u0131b, \u00e7\u00f6ld\u0259 yat\u0131r\u0131q\u201d\",\"datePublished\":\"2024-05-29T14:23:24+00:00\",\"dateModified\":\"2024-05-29T14:23:31+00:00\",\"mainEntityOfPage\":{\"@id\":\"https:\\\/\\\/www.meydan.tv\\\/az\\\/article\\\/samaxi-sakini-evimiz-basimiza-yixilib-colde-yatiriq\\\/\"},\"wordCount\":962,\"publisher\":{\"@id\":\"https:\\\/\\\/www.meydan.tv\\\/az\\\/#organization\"},\"image\":{\"@id\":\"https:\\\/\\\/www.meydan.tv\\\/az\\\/article\\\/samaxi-sakini-evimiz-basimiza-yixilib-colde-yatiriq\\\/#primaryimage\"},\"thumbnailUrl\":\"https:\\\/\\\/www.meydan.tv\\\/wp-content\\\/uploads\\\/3-10.jpg\",\"articleSection\":[\"B\u00f6lg\u0259\",\"T\u00f6vsiy\u0259\",\"X\u0259b\u0259rl\u0259r\"],\"inLanguage\":\"az\"},{\"@type\":\"WebPage\",\"@id\":\"https:\\\/\\\/www.meydan.tv\\\/az\\\/article\\\/samaxi-sakini-evimiz-basimiza-yixilib-colde-yatiriq\\\/\",\"url\":\"https:\\\/\\\/www.meydan.tv\\\/az\\\/article\\\/samaxi-sakini-evimiz-basimiza-yixilib-colde-yatiriq\\\/\",\"name\":\"\u015eamax\u0131 sakini: \u201cEvimiz ba\u015f\u0131m\u0131za y\u0131x\u0131l\u0131b, \u00e7\u00f6ld\u0259 yat\u0131r\u0131q\u201d - MEYDAN.TV\",\"isPartOf\":{\"@id\":\"https:\\\/\\\/www.meydan.tv\\\/az\\\/#website\"},\"primaryImageOfPage\":{\"@id\":\"https:\\\/\\\/www.meydan.tv\\\/az\\\/article\\\/samaxi-sakini-evimiz-basimiza-yixilib-colde-yatiriq\\\/#primaryimage\"},\"image\":{\"@id\":\"https:\\\/\\\/www.meydan.tv\\\/az\\\/article\\\/samaxi-sakini-evimiz-basimiza-yixilib-colde-yatiriq\\\/#primaryimage\"},\"thumbnailUrl\":\"https:\\\/\\\/www.meydan.tv\\\/wp-content\\\/uploads\\\/3-10.jpg\",\"datePublished\":\"2024-05-29T14:23:24+00:00\",\"dateModified\":\"2024-05-29T14:23:31+00:00\",\"breadcrumb\":{\"@id\":\"https:\\\/\\\/www.meydan.tv\\\/az\\\/article\\\/samaxi-sakini-evimiz-basimiza-yixilib-colde-yatiriq\\\/#breadcrumb\"},\"inLanguage\":\"az\",\"potentialAction\":[{\"@type\":\"ReadAction\",\"target\":[\"https:\\\/\\\/www.meydan.tv\\\/az\\\/article\\\/samaxi-sakini-evimiz-basimiza-yixilib-colde-yatiriq\\\/\"]}]},{\"@type\":\"ImageObject\",\"inLanguage\":\"az\",\"@id\":\"https:\\\/\\\/www.meydan.tv\\\/az\\\/article\\\/samaxi-sakini-evimiz-basimiza-yixilib-colde-yatiriq\\\/#primaryimage\",\"url\":\"https:\\\/\\\/www.meydan.tv\\\/wp-content\\\/uploads\\\/3-10.jpg\",\"contentUrl\":\"https:\\\/\\\/www.meydan.tv\\\/wp-content\\\/uploads\\\/3-10.jpg\",\"width\":1200,\"height\":900,\"caption\":\"Fotolar: Meydan TV\"},{\"@type\":\"BreadcrumbList\",\"@id\":\"https:\\\/\\\/www.meydan.tv\\\/az\\\/article\\\/samaxi-sakini-evimiz-basimiza-yixilib-colde-yatiriq\\\/#breadcrumb\",\"itemListElement\":[{\"@type\":\"ListItem\",\"position\":1,\"name\":\"Ana s\u0259hif\u0259\",\"item\":\"https:\\\/\\\/www.meydan.tv\\\/az\\\/\"},{\"@type\":\"ListItem\",\"position\":2,\"name\":\"B\u00f6lg\u0259\",\"item\":\"https:\\\/\\\/www.meydan.tv\\\/az\\\/section\\\/bolge\\\/\"},{\"@type\":\"ListItem\",\"position\":3,\"name\":\"\u015eamax\u0131 sakini: \u201cEvimiz ba\u015f\u0131m\u0131za y\u0131x\u0131l\u0131b, \u00e7\u00f6ld\u0259 yat\u0131r\u0131q\u201d\"}]},{\"@type\":\"WebSite\",\"@id\":\"https:\\\/\\\/www.meydan.tv\\\/az\\\/#website\",\"url\":\"https:\\\/\\\/www.meydan.tv\\\/az\\\/\",\"name\":\"MEYDAN.TV\",\"description\":\"Meydan TV Az\u0259rbaycan\u0131n media m\u0259kan\u0131ndak\u0131 alternativ s\u0259sidir\",\"publisher\":{\"@id\":\"https:\\\/\\\/www.meydan.tv\\\/az\\\/#organization\"},\"potentialAction\":[{\"@type\":\"SearchAction\",\"target\":{\"@type\":\"EntryPoint\",\"urlTemplate\":\"https:\\\/\\\/www.meydan.tv\\\/az\\\/?s={search_term_string}\"},\"query-input\":{\"@type\":\"PropertyValueSpecification\",\"valueRequired\":true,\"valueName\":\"search_term_string\"}}],\"inLanguage\":\"az\"},{\"@type\":\"Organization\",\"@id\":\"https:\\\/\\\/www.meydan.tv\\\/az\\\/#organization\",\"name\":\"Meydan TV\",\"url\":\"https:\\\/\\\/www.meydan.tv\\\/az\\\/\",\"logo\":{\"@type\":\"ImageObject\",\"inLanguage\":\"az\",\"@id\":\"https:\\\/\\\/www.meydan.tv\\\/az\\\/#\\\/schema\\\/logo\\\/image\\\/\",\"url\":\"https:\\\/\\\/www.meydan.tv\\\/wp-content\\\/uploads\\\/2021\\\/07\\\/meydan-logo.svg\",\"contentUrl\":\"https:\\\/\\\/www.meydan.tv\\\/wp-content\\\/uploads\\\/2021\\\/07\\\/meydan-logo.svg\",\"width\":195,\"height\":46,\"caption\":\"Meydan TV\"},\"image\":{\"@id\":\"https:\\\/\\\/www.meydan.tv\\\/az\\\/#\\\/schema\\\/logo\\\/image\\\/\"}},{\"@type\":\"Person\",\"@id\":\"https:\\\/\\\/www.meydan.tv\\\/az\\\/#\\\/schema\\\/person\\\/9cdbecf90d17180ce1dfbd95b08dcf47\",\"name\":\"elli\",\"sameAs\":[\"https:\\\/\\\/x.com\\\/elli\"]}]}<\/script>\n<!-- \/ Yoast SEO plugin. -->","yoast_head_json":{"title":"\u015eamax\u0131 sakini: \u201cEvimiz ba\u015f\u0131m\u0131za y\u0131x\u0131l\u0131b, \u00e7\u00f6ld\u0259 yat\u0131r\u0131q\u201d - MEYDAN.TV","robots":{"index":"index","follow":"follow","max-snippet":"max-snippet:-1","max-image-preview":"max-image-preview:large","max-video-preview":"max-video-preview:-1"},"canonical":"https:\/\/www.meydan.tv\/az\/article\/samaxi-sakini-evimiz-basimiza-yixilib-colde-yatiriq\/","og_locale":"az_AZ","og_type":"article","og_title":"\u015eamax\u0131 sakini: \u201cEvimiz ba\u015f\u0131m\u0131za y\u0131x\u0131l\u0131b, \u00e7\u00f6ld\u0259 yat\u0131r\u0131q\u201d - MEYDAN.TV","og_description":"\u0130cra hakimiyy\u0259ti m\u0259suliyy\u0259ti FHN-nin \u00fcst\u00fcn\u0259 at\u0131r \u201c10 g\u00fcn \u0259vv\u0259l evin ... Davam\u0131","og_url":"https:\/\/www.meydan.tv\/az\/article\/samaxi-sakini-evimiz-basimiza-yixilib-colde-yatiriq\/","og_site_name":"MEYDAN.TV","article_published_time":"2024-05-29T14:23:24+00:00","article_modified_time":"2024-05-29T14:23:31+00:00","og_image":[{"width":1200,"height":900,"url":"https:\/\/www.meydan.tv\/wp-content\/uploads\/3-10.jpg","type":"image\/jpeg"}],"author":"elli","twitter_card":"summary_large_image","twitter_creator":"@elli","schema":{"@context":"https:\/\/schema.org","@graph":[{"@type":"Article","@id":"https:\/\/www.meydan.tv\/az\/article\/samaxi-sakini-evimiz-basimiza-yixilib-colde-yatiriq\/#article","isPartOf":{"@id":"https:\/\/www.meydan.tv\/az\/article\/samaxi-sakini-evimiz-basimiza-yixilib-colde-yatiriq\/"},"author":{"name":"elli","@id":"https:\/\/www.meydan.tv\/az\/#\/schema\/person\/9cdbecf90d17180ce1dfbd95b08dcf47"},"headline":"\u015eamax\u0131 sakini: \u201cEvimiz ba\u015f\u0131m\u0131za y\u0131x\u0131l\u0131b, \u00e7\u00f6ld\u0259 yat\u0131r\u0131q\u201d","datePublished":"2024-05-29T14:23:24+00:00","dateModified":"2024-05-29T14:23:31+00:00","mainEntityOfPage":{"@id":"https:\/\/www.meydan.tv\/az\/article\/samaxi-sakini-evimiz-basimiza-yixilib-colde-yatiriq\/"},"wordCount":962,"publisher":{"@id":"https:\/\/www.meydan.tv\/az\/#organization"},"image":{"@id":"https:\/\/www.meydan.tv\/az\/article\/samaxi-sakini-evimiz-basimiza-yixilib-colde-yatiriq\/#primaryimage"},"thumbnailUrl":"https:\/\/www.meydan.tv\/wp-content\/uploads\/3-10.jpg","articleSection":["B\u00f6lg\u0259","T\u00f6vsiy\u0259","X\u0259b\u0259rl\u0259r"],"inLanguage":"az"},{"@type":"WebPage","@id":"https:\/\/www.meydan.tv\/az\/article\/samaxi-sakini-evimiz-basimiza-yixilib-colde-yatiriq\/","url":"https:\/\/www.meydan.tv\/az\/article\/samaxi-sakini-evimiz-basimiza-yixilib-colde-yatiriq\/","name":"\u015eamax\u0131 sakini: \u201cEvimiz ba\u015f\u0131m\u0131za y\u0131x\u0131l\u0131b, \u00e7\u00f6ld\u0259 yat\u0131r\u0131q\u201d - MEYDAN.TV","isPartOf":{"@id":"https:\/\/www.meydan.tv\/az\/#website"},"primaryImageOfPage":{"@id":"https:\/\/www.meydan.tv\/az\/article\/samaxi-sakini-evimiz-basimiza-yixilib-colde-yatiriq\/#primaryimage"},"image":{"@id":"https:\/\/www.meydan.tv\/az\/article\/samaxi-sakini-evimiz-basimiza-yixilib-colde-yatiriq\/#primaryimage"},"thumbnailUrl":"https:\/\/www.meydan.tv\/wp-content\/uploads\/3-10.jpg","datePublished":"2024-05-29T14:23:24+00:00","dateModified":"2024-05-29T14:23:31+00:00","breadcrumb":{"@id":"https:\/\/www.meydan.tv\/az\/article\/samaxi-sakini-evimiz-basimiza-yixilib-colde-yatiriq\/#breadcrumb"},"inLanguage":"az","potentialAction":[{"@type":"ReadAction","target":["https:\/\/www.meydan.tv\/az\/article\/samaxi-sakini-evimiz-basimiza-yixilib-colde-yatiriq\/"]}]},{"@type":"ImageObject","inLanguage":"az","@id":"https:\/\/www.meydan.tv\/az\/article\/samaxi-sakini-evimiz-basimiza-yixilib-colde-yatiriq\/#primaryimage","url":"https:\/\/www.meydan.tv\/wp-content\/uploads\/3-10.jpg","contentUrl":"https:\/\/www.meydan.tv\/wp-content\/uploads\/3-10.jpg","width":1200,"height":900,"caption":"Fotolar: Meydan TV"},{"@type":"BreadcrumbList","@id":"https:\/\/www.meydan.tv\/az\/article\/samaxi-sakini-evimiz-basimiza-yixilib-colde-yatiriq\/#breadcrumb","itemListElement":[{"@type":"ListItem","position":1,"name":"Ana s\u0259hif\u0259","item":"https:\/\/www.meydan.tv\/az\/"},{"@type":"ListItem","position":2,"name":"B\u00f6lg\u0259","item":"https:\/\/www.meydan.tv\/az\/section\/bolge\/"},{"@type":"ListItem","position":3,"name":"\u015eamax\u0131 sakini: \u201cEvimiz ba\u015f\u0131m\u0131za y\u0131x\u0131l\u0131b, \u00e7\u00f6ld\u0259 yat\u0131r\u0131q\u201d"}]},{"@type":"WebSite","@id":"https:\/\/www.meydan.tv\/az\/#website","url":"https:\/\/www.meydan.tv\/az\/","name":"MEYDAN.TV","description":"Meydan TV Az\u0259rbaycan\u0131n media m\u0259kan\u0131ndak\u0131 alternativ s\u0259sidir","publisher":{"@id":"https:\/\/www.meydan.tv\/az\/#organization"},"potentialAction":[{"@type":"SearchAction","target":{"@type":"EntryPoint","urlTemplate":"https:\/\/www.meydan.tv\/az\/?s={search_term_string}"},"query-input":{"@type":"PropertyValueSpecification","valueRequired":true,"valueName":"search_term_string"}}],"inLanguage":"az"},{"@type":"Organization","@id":"https:\/\/www.meydan.tv\/az\/#organization","name":"Meydan TV","url":"https:\/\/www.meydan.tv\/az\/","logo":{"@type":"ImageObject","inLanguage":"az","@id":"https:\/\/www.meydan.tv\/az\/#\/schema\/logo\/image\/","url":"https:\/\/www.meydan.tv\/wp-content\/uploads\/2021\/07\/meydan-logo.svg","contentUrl":"https:\/\/www.meydan.tv\/wp-content\/uploads\/2021\/07\/meydan-logo.svg","width":195,"height":46,"caption":"Meydan TV"},"image":{"@id":"https:\/\/www.meydan.tv\/az\/#\/schema\/logo\/image\/"}},{"@type":"Person","@id":"https:\/\/www.meydan.tv\/az\/#\/schema\/person\/9cdbecf90d17180ce1dfbd95b08dcf47","name":"elli","sameAs":["https:\/\/x.com\/elli"]}]}},"_links":{"self":[{"href":"https:\/\/www.meydan.tv\/az\/wp-json\/wp\/v2\/posts\/306991","targetHints":{"allow":["GET"]}}],"collection":[{"href":"https:\/\/www.meydan.tv\/az\/wp-json\/wp\/v2\/posts"}],"about":[{"href":"https:\/\/www.meydan.tv\/az\/wp-json\/wp\/v2\/types\/post"}],"author":[{"embeddable":true,"href":"https:\/\/www.meydan.tv\/az\/wp-json\/wp\/v2\/users\/8"}],"replies":[{"embeddable":true,"href":"https:\/\/www.meydan.tv\/az\/wp-json\/wp\/v2\/comments?post=306991"}],"version-history":[{"count":3,"href":"https:\/\/www.meydan.tv\/az\/wp-json\/wp\/v2\/posts\/306991\/revisions"}],"predecessor-version":[{"id":306999,"href":"https:\/\/www.meydan.tv\/az\/wp-json\/wp\/v2\/posts\/306991\/revisions\/306999"}],"wp:featuredmedia":[{"embeddable":true,"href":"https:\/\/www.meydan.tv\/az\/wp-json\/wp\/v2\/media\/306982"}],"wp:attachment":[{"href":"https:\/\/www.meydan.tv\/az\/wp-json\/wp\/v2\/media?parent=306991"}],"wp:term":[{"taxonomy":"category","embeddable":true,"href":"https:\/\/www.meydan.tv\/az\/wp-json\/wp\/v2\/categories?post=306991"},{"taxonomy":"post_tag","embeddable":true,"href":"https:\/\/www.meydan.tv\/az\/wp-json\/wp\/v2\/tags?post=306991"}],"curies":[{"name":"wp","href":"https:\/\/api.w.org\/{rel}","templated":true}]}}