{"id":306961,"date":"2024-05-29T15:47:04","date_gmt":"2024-05-29T11:47:04","guid":{"rendered":"https:\/\/www.meydan.tv\/?p=306961"},"modified":"2024-05-29T15:47:09","modified_gmt":"2024-05-29T11:47:09","slug":"restoran-sahibinin-iscilerin-sexsi-esyalarini-yoxlamasina-etiraz-eden-aspaz-isden-cixarilib","status":"publish","type":"post","link":"https:\/\/www.meydan.tv\/az\/article\/restoran-sahibinin-iscilerin-sexsi-esyalarini-yoxlamasina-etiraz-eden-aspaz-isden-cixarilib\/","title":{"rendered":"Restoran sahibinin i\u015f\u00e7il\u0259rin \u015f\u0259xsi \u0259\u015fyalar\u0131n\u0131 yoxlamas\u0131na etiraz ed\u0259n a\u015fpaz i\u015fd\u0259n \u00e7\u0131xar\u0131l\u0131b"},"content":{"rendered":"\n<p><\/p>\n\n\n\n<p><strong><em>Tural F\u0259rzili \u018fm\u0259k M\u00fcf\u0259tti\u015fliyi Xidm\u0259tin\u0259 v\u0259 m\u0259hk\u0259m\u0259y\u0259 m\u00fcraci\u0259t ed\u0259c\u0259yini deyir<\/em><\/strong><\/p>\n\n\n\n<p>\u0130\u015f\u00e7i Masas\u0131 H\u0259mkarlar \u0130ttifaqlar\u0131 Konfederasiyas\u0131n\u0131n \u0130dar\u0259 Hey\u0259tinin \u00fczv\u00fc Tural F\u0259rzili a\u015fpaz i\u015fl\u0259diyi restorandan i\u015fd\u0259n \u00e7\u0131xar\u0131ld\u0131\u011f\u0131n\u0131 a\u00e7\u0131qlay\u0131b.<\/p>\n\n\n\n<p>O, Meydan TV-y\u0259 bildirib ki, \u201c\u0130stanbul CFC\u201d restoranlar \u015f\u0259b\u0259k\u0259sinin Xudu M\u0259mm\u0259dov 41 \u00fcnvan\u0131nda (H\u0259zi Aslanov metrostansiyas\u0131 yax\u0131nl\u0131\u011f\u0131nda) yerl\u0259\u015f\u0259n filial\u0131nda a\u015fpaz i\u015fl\u0259yir.<\/p>\n\n\n\n<p>Dediyin\u0259 g\u00f6r\u0259, may\u0131n 26-da restoran i\u015f\u00e7il\u0259rinin geyimd\u0259yi\u015fm\u0259 otaqlar\u0131ndak\u0131 \u015f\u0259xsi \u0259\u015fyalar\u0131n\u0131 qoyduqlar\u0131 dolablar\u0131 onlara x\u0259b\u0259rdarl\u0131q edilm\u0259d\u0259n s\u0131nd\u0131r\u0131laraq i\u00e7\u0259risin\u0259 bax\u0131\u015f ke\u00e7irilib.<\/p>\n\n\n\n<p><em>\u201cBir ne\u00e7\u0259 g\u00fcnd\u00fcr ki, i\u015f\u00e7il\u0259r bundan naraz\u0131 idil\u0259r, ona g\u00f6r\u0259 d\u0259 bu g\u00fcn (may\u0131n 28-d\u0259) r\u0259hb\u0259rlik iclas ke\u00e7ir\u0259r\u0259k a\u00e7\u0131qlama verm\u0259k q\u0259rar\u0131na g\u0259ldi. Ham\u0131m\u0131z\u0131 toplay\u0131b, bir y\u0131\u011f\u0131n na\u011f\u0131l dan\u0131\u015fd\u0131lar. M\u0259s\u0259l\u0259nin, \u0259slind\u0259, \u201c\u0130stanbul CFC\u201d restoranlar \u015f\u0259b\u0259k\u0259sinin ba\u015fqa filial\u0131nda i\u015f\u00e7il\u0259rin o\u011furluq etm\u0259si il\u0259 ba\u011fl\u0131 oldu\u011funu dedil\u0259r. M\u0259n is\u0259 d\u00f6zm\u0259yib, restoran\u0131n aid oldu\u011fu \u015firk\u0259tin r\u0259hb\u0259ri X\u0259qani \u0130brahimovdan dan\u0131\u015fmaq \u00fc\u00e7\u00fcn icaz\u0259 ist\u0259dim. O is\u0259 icaz\u0259 verm\u0259di. Ard\u0131nca is\u0259 \u00f6z\u00fcm\u00fc toparlay\u0131b, X\u0259qani \u0130brahimovun s\u00f6z\u00fcn\u00fc k\u0259sdim v\u0259 i\u015f\u00e7il\u0259r\u0259 qar\u015f\u0131 edil\u0259n t\u0259rbiy\u0259sizliy\u0259 \u00f6z etiraz\u0131m\u0131 bildirdim\u201d.<\/em><\/p>\n\n\n\n<p>Tural F\u0259rzili deyir ki, etiraz etdiyi \u00fc\u00e7\u00fcn r\u0259hb\u0259rlik onu iclas ota\u011f\u0131ndan uzaqla\u015fd\u0131r\u0131b.<\/p>\n\n\n\n<p>Daha sonra t\u0259krar onunla s\u00f6hb\u0259t ed\u0259rk\u0259n z\u0259r\u0259r\u00e7\u0259k\u0259n restoran r\u0259hb\u0259rin\u0259 icaz\u0259siz onlara aid dolablar\u0131n s\u0131nd\u0131r\u0131laraq yoxlan\u0131lmas\u0131na etiraz\u0131n\u0131 bildirib.<\/p>\n\n\n\n<p>N\u0259tic\u0259d\u0259 X\u0259qani \u0130brahimov onu i\u015fd\u0259n \u00e7\u0131xard\u0131\u011f\u0131n\u0131 deyib:<\/p>\n\n\n\n<p>\u201c<em>O, bundan sonra ham\u0131n\u0131n dolab\u0131n\u0131 yoxlayaca\u011f\u0131n\u0131 dedi. \u018flav\u0259 etdi ki, buna g\u00f6r\u0259 he\u00e7 kimd\u0259n icaz\u0259 al\u0131nmayacaq. Dedi ki, sizi i\u015f\u0259 m\u0259n g\u00f6t\u00fcrm\u00fc\u015f\u0259m, m\u0259n bel\u0259 i\u015fl\u0259yir\u0259m, s\u0259nin d\u0259 i\u015fin\u0259 xitam verir\u0259m. M\u0259nim irad\u0259md\u0259n k\u0259nar 15 g\u00fcn i\u015fl\u0259m\u0259yim\u0259 m\u00f6hl\u0259t qoyublar. Yerim\u0259 yeni i\u015f\u00e7i t\u0259yin olunandan sonra i\u015fd\u0259n \u00e7\u0131xaracaqlar&#8221;.<\/em><\/p>\n\n\n\n<p>&#8220;<em>M\u0259n bununla raz\u0131 deyil\u0259m, i\u015fd\u0259n \u00e7\u0131xmaq fikrim d\u0259 yoxdur. M\u0259ni i\u015fd\u0259n \u00e7\u0131xarma\u011fa c\u0259hd ets\u0259l\u0259r, D\u00f6vl\u0259t \u018fm\u0259k M\u00fcf\u0259tti\u015fliyi Xidm\u0259tin\u0259 v\u0259 m\u0259hk\u0259m\u0259y\u0259 m\u00fcraci\u0259t ed\u0259c\u0259y\u0259m\u201d<\/em>, &#8211; \u015fikay\u0259t\u00e7i bildirib.<\/p>\n\n\n\n<p>\u201c\u0130stanbul CFC\u201d restoranlar \u015f\u0259b\u0259k\u0259sinin &#8220;H\u0259zi Aslanov&#8221; metrostansiyas\u0131 yax\u0131nl\u0131\u011f\u0131nda yerl\u0259\u015f\u0259n filial\u0131ndan m\u0259s\u0259l\u0259y\u0259 m\u00fcnasib\u0259t bildirilm\u0259yib.<\/p>\n","protected":false},"excerpt":{"rendered":"<p>Tural F\u0259rzili \u018fm\u0259k M\u00fcf\u0259tti\u015fliyi Xidm\u0259tin\u0259 v\u0259 m\u0259hk\u0259m\u0259y\u0259 m\u00fcraci\u0259t ed\u0259c\u0259yini deyir &#8230; <\/p>\n<p class=\"read-more-container\"><a title=\"Restoran sahibinin i\u015f\u00e7il\u0259rin \u015f\u0259xsi \u0259\u015fyalar\u0131n\u0131 yoxlamas\u0131na etiraz ed\u0259n a\u015fpaz i\u015fd\u0259n \u00e7\u0131xar\u0131l\u0131b\" class=\"read-more button\" href=\"https:\/\/www.meydan.tv\/az\/article\/restoran-sahibinin-iscilerin-sexsi-esyalarini-yoxlamasina-etiraz-eden-aspaz-isden-cixarilib\/#more-306961\" aria-label=\"Read more about Restoran sahibinin i\u015f\u00e7il\u0259rin \u015f\u0259xsi \u0259\u015fyalar\u0131n\u0131 yoxlamas\u0131na etiraz ed\u0259n a\u015fpaz i\u015fd\u0259n \u00e7\u0131xar\u0131l\u0131b\">Davam\u0131<\/a><\/p>\n","protected":false},"author":8,"featured_media":306954,"comment_status":"closed","ping_status":"closed","sticky":false,"template":"","format":"standard","meta":{"_acf_changed":false,"_sitemap_exclude":false,"_sitemap_priority":"","_sitemap_frequency":"","footnotes":""},"categories":[62,56],"tags":[],"class_list":["post-306961","post","type-post","status-publish","format-standard","has-post-thumbnail","hentry","category-sosial","category-xeberler","infinite-scroll-item","generate-columns","tablet-grid-50","mobile-grid-100","grid-parent","grid-33","no-featured-image-padding"],"acf":[],"yoast_head":"<!-- This site is optimized with the Yoast SEO plugin v27.5 - https:\/\/yoast.com\/product\/yoast-seo-wordpress\/ -->\n<title>Restoran sahibinin i\u015f\u00e7il\u0259rin \u015f\u0259xsi \u0259\u015fyalar\u0131n\u0131 yoxlamas\u0131na etiraz ed\u0259n a\u015fpaz i\u015fd\u0259n \u00e7\u0131xar\u0131l\u0131b - MEYDAN.TV<\/title>\n<meta name=\"robots\" content=\"index, follow, max-snippet:-1, max-image-preview:large, max-video-preview:-1\" \/>\n<link rel=\"canonical\" href=\"https:\/\/www.meydan.tv\/az\/article\/restoran-sahibinin-iscilerin-sexsi-esyalarini-yoxlamasina-etiraz-eden-aspaz-isden-cixarilib\/\" \/>\n<meta property=\"og:locale\" content=\"az_AZ\" \/>\n<meta property=\"og:type\" content=\"article\" \/>\n<meta property=\"og:title\" content=\"Restoran sahibinin i\u015f\u00e7il\u0259rin \u015f\u0259xsi \u0259\u015fyalar\u0131n\u0131 yoxlamas\u0131na etiraz ed\u0259n a\u015fpaz i\u015fd\u0259n \u00e7\u0131xar\u0131l\u0131b - MEYDAN.TV\" \/>\n<meta property=\"og:description\" content=\"Tural F\u0259rzili \u018fm\u0259k M\u00fcf\u0259tti\u015fliyi Xidm\u0259tin\u0259 v\u0259 m\u0259hk\u0259m\u0259y\u0259 m\u00fcraci\u0259t ed\u0259c\u0259yini deyir ... Davam\u0131\" \/>\n<meta property=\"og:url\" content=\"https:\/\/www.meydan.tv\/az\/article\/restoran-sahibinin-iscilerin-sexsi-esyalarini-yoxlamasina-etiraz-eden-aspaz-isden-cixarilib\/\" \/>\n<meta property=\"og:site_name\" content=\"MEYDAN.TV\" \/>\n<meta property=\"article:published_time\" content=\"2024-05-29T11:47:04+00:00\" \/>\n<meta property=\"article:modified_time\" content=\"2024-05-29T11:47:09+00:00\" \/>\n<meta property=\"og:image\" content=\"https:\/\/www.meydan.tv\/wp-content\/uploads\/1-74.jpg\" \/>\n\t<meta property=\"og:image:width\" content=\"1200\" \/>\n\t<meta property=\"og:image:height\" content=\"675\" \/>\n\t<meta property=\"og:image:type\" content=\"image\/jpeg\" \/>\n<meta name=\"author\" content=\"elli\" \/>\n<meta name=\"twitter:card\" content=\"summary_large_image\" \/>\n<meta name=\"twitter:creator\" content=\"@elli\" \/>\n<script type=\"application\/ld+json\" class=\"yoast-schema-graph\">{\"@context\":\"https:\\\/\\\/schema.org\",\"@graph\":[{\"@type\":\"Article\",\"@id\":\"https:\\\/\\\/www.meydan.tv\\\/az\\\/article\\\/restoran-sahibinin-iscilerin-sexsi-esyalarini-yoxlamasina-etiraz-eden-aspaz-isden-cixarilib\\\/#article\",\"isPartOf\":{\"@id\":\"https:\\\/\\\/www.meydan.tv\\\/az\\\/article\\\/restoran-sahibinin-iscilerin-sexsi-esyalarini-yoxlamasina-etiraz-eden-aspaz-isden-cixarilib\\\/\"},\"author\":{\"name\":\"elli\",\"@id\":\"https:\\\/\\\/www.meydan.tv\\\/az\\\/#\\\/schema\\\/person\\\/9cdbecf90d17180ce1dfbd95b08dcf47\"},\"headline\":\"Restoran sahibinin i\u015f\u00e7il\u0259rin \u015f\u0259xsi \u0259\u015fyalar\u0131n\u0131 yoxlamas\u0131na etiraz ed\u0259n a\u015fpaz i\u015fd\u0259n \u00e7\u0131xar\u0131l\u0131b\",\"datePublished\":\"2024-05-29T11:47:04+00:00\",\"dateModified\":\"2024-05-29T11:47:09+00:00\",\"mainEntityOfPage\":{\"@id\":\"https:\\\/\\\/www.meydan.tv\\\/az\\\/article\\\/restoran-sahibinin-iscilerin-sexsi-esyalarini-yoxlamasina-etiraz-eden-aspaz-isden-cixarilib\\\/\"},\"wordCount\":509,\"publisher\":{\"@id\":\"https:\\\/\\\/www.meydan.tv\\\/az\\\/#organization\"},\"image\":{\"@id\":\"https:\\\/\\\/www.meydan.tv\\\/az\\\/article\\\/restoran-sahibinin-iscilerin-sexsi-esyalarini-yoxlamasina-etiraz-eden-aspaz-isden-cixarilib\\\/#primaryimage\"},\"thumbnailUrl\":\"https:\\\/\\\/www.meydan.tv\\\/wp-content\\\/uploads\\\/1-74.jpg\",\"articleSection\":[\"Sosial\",\"X\u0259b\u0259rl\u0259r\"],\"inLanguage\":\"az\"},{\"@type\":\"WebPage\",\"@id\":\"https:\\\/\\\/www.meydan.tv\\\/az\\\/article\\\/restoran-sahibinin-iscilerin-sexsi-esyalarini-yoxlamasina-etiraz-eden-aspaz-isden-cixarilib\\\/\",\"url\":\"https:\\\/\\\/www.meydan.tv\\\/az\\\/article\\\/restoran-sahibinin-iscilerin-sexsi-esyalarini-yoxlamasina-etiraz-eden-aspaz-isden-cixarilib\\\/\",\"name\":\"Restoran sahibinin i\u015f\u00e7il\u0259rin \u015f\u0259xsi \u0259\u015fyalar\u0131n\u0131 yoxlamas\u0131na etiraz ed\u0259n a\u015fpaz i\u015fd\u0259n \u00e7\u0131xar\u0131l\u0131b - MEYDAN.TV\",\"isPartOf\":{\"@id\":\"https:\\\/\\\/www.meydan.tv\\\/az\\\/#website\"},\"primaryImageOfPage\":{\"@id\":\"https:\\\/\\\/www.meydan.tv\\\/az\\\/article\\\/restoran-sahibinin-iscilerin-sexsi-esyalarini-yoxlamasina-etiraz-eden-aspaz-isden-cixarilib\\\/#primaryimage\"},\"image\":{\"@id\":\"https:\\\/\\\/www.meydan.tv\\\/az\\\/article\\\/restoran-sahibinin-iscilerin-sexsi-esyalarini-yoxlamasina-etiraz-eden-aspaz-isden-cixarilib\\\/#primaryimage\"},\"thumbnailUrl\":\"https:\\\/\\\/www.meydan.tv\\\/wp-content\\\/uploads\\\/1-74.jpg\",\"datePublished\":\"2024-05-29T11:47:04+00:00\",\"dateModified\":\"2024-05-29T11:47:09+00:00\",\"breadcrumb\":{\"@id\":\"https:\\\/\\\/www.meydan.tv\\\/az\\\/article\\\/restoran-sahibinin-iscilerin-sexsi-esyalarini-yoxlamasina-etiraz-eden-aspaz-isden-cixarilib\\\/#breadcrumb\"},\"inLanguage\":\"az\",\"potentialAction\":[{\"@type\":\"ReadAction\",\"target\":[\"https:\\\/\\\/www.meydan.tv\\\/az\\\/article\\\/restoran-sahibinin-iscilerin-sexsi-esyalarini-yoxlamasina-etiraz-eden-aspaz-isden-cixarilib\\\/\"]}]},{\"@type\":\"ImageObject\",\"inLanguage\":\"az\",\"@id\":\"https:\\\/\\\/www.meydan.tv\\\/az\\\/article\\\/restoran-sahibinin-iscilerin-sexsi-esyalarini-yoxlamasina-etiraz-eden-aspaz-isden-cixarilib\\\/#primaryimage\",\"url\":\"https:\\\/\\\/www.meydan.tv\\\/wp-content\\\/uploads\\\/1-74.jpg\",\"contentUrl\":\"https:\\\/\\\/www.meydan.tv\\\/wp-content\\\/uploads\\\/1-74.jpg\",\"width\":1200,\"height\":675,\"caption\":\"Foto: Tural F\u0259rzilinin \u015f\u0259xsi arxivind\u0259n\"},{\"@type\":\"BreadcrumbList\",\"@id\":\"https:\\\/\\\/www.meydan.tv\\\/az\\\/article\\\/restoran-sahibinin-iscilerin-sexsi-esyalarini-yoxlamasina-etiraz-eden-aspaz-isden-cixarilib\\\/#breadcrumb\",\"itemListElement\":[{\"@type\":\"ListItem\",\"position\":1,\"name\":\"Ana s\u0259hif\u0259\",\"item\":\"https:\\\/\\\/www.meydan.tv\\\/az\\\/\"},{\"@type\":\"ListItem\",\"position\":2,\"name\":\"Sosial\",\"item\":\"https:\\\/\\\/www.meydan.tv\\\/az\\\/section\\\/sosial\\\/\"},{\"@type\":\"ListItem\",\"position\":3,\"name\":\"Restoran sahibinin i\u015f\u00e7il\u0259rin \u015f\u0259xsi \u0259\u015fyalar\u0131n\u0131 yoxlamas\u0131na etiraz ed\u0259n a\u015fpaz i\u015fd\u0259n \u00e7\u0131xar\u0131l\u0131b\"}]},{\"@type\":\"WebSite\",\"@id\":\"https:\\\/\\\/www.meydan.tv\\\/az\\\/#website\",\"url\":\"https:\\\/\\\/www.meydan.tv\\\/az\\\/\",\"name\":\"MEYDAN.TV\",\"description\":\"Meydan TV Az\u0259rbaycan\u0131n media m\u0259kan\u0131ndak\u0131 alternativ s\u0259sidir\",\"publisher\":{\"@id\":\"https:\\\/\\\/www.meydan.tv\\\/az\\\/#organization\"},\"potentialAction\":[{\"@type\":\"SearchAction\",\"target\":{\"@type\":\"EntryPoint\",\"urlTemplate\":\"https:\\\/\\\/www.meydan.tv\\\/az\\\/?s={search_term_string}\"},\"query-input\":{\"@type\":\"PropertyValueSpecification\",\"valueRequired\":true,\"valueName\":\"search_term_string\"}}],\"inLanguage\":\"az\"},{\"@type\":\"Organization\",\"@id\":\"https:\\\/\\\/www.meydan.tv\\\/az\\\/#organization\",\"name\":\"Meydan TV\",\"url\":\"https:\\\/\\\/www.meydan.tv\\\/az\\\/\",\"logo\":{\"@type\":\"ImageObject\",\"inLanguage\":\"az\",\"@id\":\"https:\\\/\\\/www.meydan.tv\\\/az\\\/#\\\/schema\\\/logo\\\/image\\\/\",\"url\":\"https:\\\/\\\/www.meydan.tv\\\/wp-content\\\/uploads\\\/2021\\\/07\\\/meydan-logo.svg\",\"contentUrl\":\"https:\\\/\\\/www.meydan.tv\\\/wp-content\\\/uploads\\\/2021\\\/07\\\/meydan-logo.svg\",\"width\":195,\"height\":46,\"caption\":\"Meydan TV\"},\"image\":{\"@id\":\"https:\\\/\\\/www.meydan.tv\\\/az\\\/#\\\/schema\\\/logo\\\/image\\\/\"}},{\"@type\":\"Person\",\"@id\":\"https:\\\/\\\/www.meydan.tv\\\/az\\\/#\\\/schema\\\/person\\\/9cdbecf90d17180ce1dfbd95b08dcf47\",\"name\":\"elli\",\"sameAs\":[\"https:\\\/\\\/x.com\\\/elli\"]}]}<\/script>\n<!-- \/ Yoast SEO plugin. -->","yoast_head_json":{"title":"Restoran sahibinin i\u015f\u00e7il\u0259rin \u015f\u0259xsi \u0259\u015fyalar\u0131n\u0131 yoxlamas\u0131na etiraz ed\u0259n a\u015fpaz i\u015fd\u0259n \u00e7\u0131xar\u0131l\u0131b - MEYDAN.TV","robots":{"index":"index","follow":"follow","max-snippet":"max-snippet:-1","max-image-preview":"max-image-preview:large","max-video-preview":"max-video-preview:-1"},"canonical":"https:\/\/www.meydan.tv\/az\/article\/restoran-sahibinin-iscilerin-sexsi-esyalarini-yoxlamasina-etiraz-eden-aspaz-isden-cixarilib\/","og_locale":"az_AZ","og_type":"article","og_title":"Restoran sahibinin i\u015f\u00e7il\u0259rin \u015f\u0259xsi \u0259\u015fyalar\u0131n\u0131 yoxlamas\u0131na etiraz ed\u0259n a\u015fpaz i\u015fd\u0259n \u00e7\u0131xar\u0131l\u0131b - MEYDAN.TV","og_description":"Tural F\u0259rzili \u018fm\u0259k M\u00fcf\u0259tti\u015fliyi Xidm\u0259tin\u0259 v\u0259 m\u0259hk\u0259m\u0259y\u0259 m\u00fcraci\u0259t ed\u0259c\u0259yini deyir ... Davam\u0131","og_url":"https:\/\/www.meydan.tv\/az\/article\/restoran-sahibinin-iscilerin-sexsi-esyalarini-yoxlamasina-etiraz-eden-aspaz-isden-cixarilib\/","og_site_name":"MEYDAN.TV","article_published_time":"2024-05-29T11:47:04+00:00","article_modified_time":"2024-05-29T11:47:09+00:00","og_image":[{"width":1200,"height":675,"url":"https:\/\/www.meydan.tv\/wp-content\/uploads\/1-74.jpg","type":"image\/jpeg"}],"author":"elli","twitter_card":"summary_large_image","twitter_creator":"@elli","schema":{"@context":"https:\/\/schema.org","@graph":[{"@type":"Article","@id":"https:\/\/www.meydan.tv\/az\/article\/restoran-sahibinin-iscilerin-sexsi-esyalarini-yoxlamasina-etiraz-eden-aspaz-isden-cixarilib\/#article","isPartOf":{"@id":"https:\/\/www.meydan.tv\/az\/article\/restoran-sahibinin-iscilerin-sexsi-esyalarini-yoxlamasina-etiraz-eden-aspaz-isden-cixarilib\/"},"author":{"name":"elli","@id":"https:\/\/www.meydan.tv\/az\/#\/schema\/person\/9cdbecf90d17180ce1dfbd95b08dcf47"},"headline":"Restoran sahibinin i\u015f\u00e7il\u0259rin \u015f\u0259xsi \u0259\u015fyalar\u0131n\u0131 yoxlamas\u0131na etiraz ed\u0259n a\u015fpaz i\u015fd\u0259n \u00e7\u0131xar\u0131l\u0131b","datePublished":"2024-05-29T11:47:04+00:00","dateModified":"2024-05-29T11:47:09+00:00","mainEntityOfPage":{"@id":"https:\/\/www.meydan.tv\/az\/article\/restoran-sahibinin-iscilerin-sexsi-esyalarini-yoxlamasina-etiraz-eden-aspaz-isden-cixarilib\/"},"wordCount":509,"publisher":{"@id":"https:\/\/www.meydan.tv\/az\/#organization"},"image":{"@id":"https:\/\/www.meydan.tv\/az\/article\/restoran-sahibinin-iscilerin-sexsi-esyalarini-yoxlamasina-etiraz-eden-aspaz-isden-cixarilib\/#primaryimage"},"thumbnailUrl":"https:\/\/www.meydan.tv\/wp-content\/uploads\/1-74.jpg","articleSection":["Sosial","X\u0259b\u0259rl\u0259r"],"inLanguage":"az"},{"@type":"WebPage","@id":"https:\/\/www.meydan.tv\/az\/article\/restoran-sahibinin-iscilerin-sexsi-esyalarini-yoxlamasina-etiraz-eden-aspaz-isden-cixarilib\/","url":"https:\/\/www.meydan.tv\/az\/article\/restoran-sahibinin-iscilerin-sexsi-esyalarini-yoxlamasina-etiraz-eden-aspaz-isden-cixarilib\/","name":"Restoran sahibinin i\u015f\u00e7il\u0259rin \u015f\u0259xsi \u0259\u015fyalar\u0131n\u0131 yoxlamas\u0131na etiraz ed\u0259n a\u015fpaz i\u015fd\u0259n \u00e7\u0131xar\u0131l\u0131b - MEYDAN.TV","isPartOf":{"@id":"https:\/\/www.meydan.tv\/az\/#website"},"primaryImageOfPage":{"@id":"https:\/\/www.meydan.tv\/az\/article\/restoran-sahibinin-iscilerin-sexsi-esyalarini-yoxlamasina-etiraz-eden-aspaz-isden-cixarilib\/#primaryimage"},"image":{"@id":"https:\/\/www.meydan.tv\/az\/article\/restoran-sahibinin-iscilerin-sexsi-esyalarini-yoxlamasina-etiraz-eden-aspaz-isden-cixarilib\/#primaryimage"},"thumbnailUrl":"https:\/\/www.meydan.tv\/wp-content\/uploads\/1-74.jpg","datePublished":"2024-05-29T11:47:04+00:00","dateModified":"2024-05-29T11:47:09+00:00","breadcrumb":{"@id":"https:\/\/www.meydan.tv\/az\/article\/restoran-sahibinin-iscilerin-sexsi-esyalarini-yoxlamasina-etiraz-eden-aspaz-isden-cixarilib\/#breadcrumb"},"inLanguage":"az","potentialAction":[{"@type":"ReadAction","target":["https:\/\/www.meydan.tv\/az\/article\/restoran-sahibinin-iscilerin-sexsi-esyalarini-yoxlamasina-etiraz-eden-aspaz-isden-cixarilib\/"]}]},{"@type":"ImageObject","inLanguage":"az","@id":"https:\/\/www.meydan.tv\/az\/article\/restoran-sahibinin-iscilerin-sexsi-esyalarini-yoxlamasina-etiraz-eden-aspaz-isden-cixarilib\/#primaryimage","url":"https:\/\/www.meydan.tv\/wp-content\/uploads\/1-74.jpg","contentUrl":"https:\/\/www.meydan.tv\/wp-content\/uploads\/1-74.jpg","width":1200,"height":675,"caption":"Foto: Tural F\u0259rzilinin \u015f\u0259xsi arxivind\u0259n"},{"@type":"BreadcrumbList","@id":"https:\/\/www.meydan.tv\/az\/article\/restoran-sahibinin-iscilerin-sexsi-esyalarini-yoxlamasina-etiraz-eden-aspaz-isden-cixarilib\/#breadcrumb","itemListElement":[{"@type":"ListItem","position":1,"name":"Ana s\u0259hif\u0259","item":"https:\/\/www.meydan.tv\/az\/"},{"@type":"ListItem","position":2,"name":"Sosial","item":"https:\/\/www.meydan.tv\/az\/section\/sosial\/"},{"@type":"ListItem","position":3,"name":"Restoran sahibinin i\u015f\u00e7il\u0259rin \u015f\u0259xsi \u0259\u015fyalar\u0131n\u0131 yoxlamas\u0131na etiraz ed\u0259n a\u015fpaz i\u015fd\u0259n \u00e7\u0131xar\u0131l\u0131b"}]},{"@type":"WebSite","@id":"https:\/\/www.meydan.tv\/az\/#website","url":"https:\/\/www.meydan.tv\/az\/","name":"MEYDAN.TV","description":"Meydan TV Az\u0259rbaycan\u0131n media m\u0259kan\u0131ndak\u0131 alternativ s\u0259sidir","publisher":{"@id":"https:\/\/www.meydan.tv\/az\/#organization"},"potentialAction":[{"@type":"SearchAction","target":{"@type":"EntryPoint","urlTemplate":"https:\/\/www.meydan.tv\/az\/?s={search_term_string}"},"query-input":{"@type":"PropertyValueSpecification","valueRequired":true,"valueName":"search_term_string"}}],"inLanguage":"az"},{"@type":"Organization","@id":"https:\/\/www.meydan.tv\/az\/#organization","name":"Meydan TV","url":"https:\/\/www.meydan.tv\/az\/","logo":{"@type":"ImageObject","inLanguage":"az","@id":"https:\/\/www.meydan.tv\/az\/#\/schema\/logo\/image\/","url":"https:\/\/www.meydan.tv\/wp-content\/uploads\/2021\/07\/meydan-logo.svg","contentUrl":"https:\/\/www.meydan.tv\/wp-content\/uploads\/2021\/07\/meydan-logo.svg","width":195,"height":46,"caption":"Meydan TV"},"image":{"@id":"https:\/\/www.meydan.tv\/az\/#\/schema\/logo\/image\/"}},{"@type":"Person","@id":"https:\/\/www.meydan.tv\/az\/#\/schema\/person\/9cdbecf90d17180ce1dfbd95b08dcf47","name":"elli","sameAs":["https:\/\/x.com\/elli"]}]}},"_links":{"self":[{"href":"https:\/\/www.meydan.tv\/az\/wp-json\/wp\/v2\/posts\/306961","targetHints":{"allow":["GET"]}}],"collection":[{"href":"https:\/\/www.meydan.tv\/az\/wp-json\/wp\/v2\/posts"}],"about":[{"href":"https:\/\/www.meydan.tv\/az\/wp-json\/wp\/v2\/types\/post"}],"author":[{"embeddable":true,"href":"https:\/\/www.meydan.tv\/az\/wp-json\/wp\/v2\/users\/8"}],"replies":[{"embeddable":true,"href":"https:\/\/www.meydan.tv\/az\/wp-json\/wp\/v2\/comments?post=306961"}],"version-history":[{"count":3,"href":"https:\/\/www.meydan.tv\/az\/wp-json\/wp\/v2\/posts\/306961\/revisions"}],"predecessor-version":[{"id":306964,"href":"https:\/\/www.meydan.tv\/az\/wp-json\/wp\/v2\/posts\/306961\/revisions\/306964"}],"wp:featuredmedia":[{"embeddable":true,"href":"https:\/\/www.meydan.tv\/az\/wp-json\/wp\/v2\/media\/306954"}],"wp:attachment":[{"href":"https:\/\/www.meydan.tv\/az\/wp-json\/wp\/v2\/media?parent=306961"}],"wp:term":[{"taxonomy":"category","embeddable":true,"href":"https:\/\/www.meydan.tv\/az\/wp-json\/wp\/v2\/categories?post=306961"},{"taxonomy":"post_tag","embeddable":true,"href":"https:\/\/www.meydan.tv\/az\/wp-json\/wp\/v2\/tags?post=306961"}],"curies":[{"name":"wp","href":"https:\/\/api.w.org\/{rel}","templated":true}]}}