{"id":306947,"date":"2024-05-29T15:26:46","date_gmt":"2024-05-29T11:26:46","guid":{"rendered":"https:\/\/www.meydan.tv\/?p=306947"},"modified":"2024-05-29T15:26:48","modified_gmt":"2024-05-29T11:26:48","slug":"avropa-ittifaqi-azerbaycani-siyasi-mehbuslari-azad-etmeye-cagirib","status":"publish","type":"post","link":"https:\/\/www.meydan.tv\/az\/article\/avropa-ittifaqi-azerbaycani-siyasi-mehbuslari-azad-etmeye-cagirib\/","title":{"rendered":"Avropa \u0130ttifaq\u0131 Az\u0259rbaycan\u0131 siyasi m\u0259hbuslar\u0131 azad etm\u0259y\u0259 \u00e7a\u011f\u0131r\u0131b"},"content":{"rendered":"\n<p><\/p>\n\n\n\n<p><strong><em>\u00c7a\u011f\u0131r\u0131\u015fda Prezident \u0130lham \u018fliyevin imzalad\u0131\u011f\u0131 sonuncu \u0259fv s\u0259r\u0259ncam\u0131ndan dan\u0131\u015f\u0131l\u0131b<\/em><\/strong><\/p>\n\n\n\n<p>Avropa \u0130ttifaq\u0131 Az\u0259rbaycan\u0131 \u0259sas h\u00fcquqlar\u0131n\u0131 h\u0259yata ke\u00e7irdikl\u0259rin\u0259 g\u00f6r\u0259 h\u0259bsd\u0259 olan b\u00fct\u00fcn \u015f\u0259xsl\u0259ri azad etm\u0259y\u0259 \u00e7a\u011f\u0131r\u0131b.<\/p>\n\n\n\n<p>Bu bar\u0259d\u0259 qurumun yayd\u0131\u011f\u0131 <a href=\"https:\/\/www.eeas.europa.eu\/eeas\/azerbaijan-statement-spokesperson-human-rights-situation_en?channel=eeas_press_alerts&amp;date=2024-05-29&amp;newsid=0&amp;langid=en&amp;source=mail\">m\u0259lumatda<\/a> h\u0259m\u00e7inin Az\u0259rbaycan h\u00f6kum\u0259ti m\u0259hbuslar \u00fc\u00e7\u00fcn l\u0259yaq\u0259tli v\u0259 t\u0259hl\u00fck\u0259siz \u015f\u0259raiti, o c\u00fcml\u0259d\u0259n onlar\u0131n sa\u011flaml\u0131q v\u0259 m\u00fcst\u0259qil h\u00fcquqi xidm\u0259tl\u0259rd\u0259n tam istifad\u0259sini t\u0259min etm\u0259y\u0259 \u00e7a\u011f\u0131r\u0131l\u0131b.<\/p>\n\n\n\n<p><em>\u201cAz\u0259rbaycan Prezidenti \u0130lham \u018fliyev may\u0131n 25-d\u0259 154 m\u0259hkumun \u0259fv edilm\u0259si haqq\u0131nda s\u0259r\u0259ncam imzalay\u0131b. Ke\u00e7mi\u015fd\u0259n f\u0259rqli olaraq bu il f\u0259rmana fundamental h\u00fcquqlar\u0131n\u0131 h\u0259yata ke\u00e7irdikl\u0259rin\u0259 g\u00f6r\u0259 c\u0259za \u00e7\u0259k\u0259n \u015f\u0259xsl\u0259r daxil edilm\u0259yib\u201d,<\/em> &#8211; Avropa \u0130ttifaq\u0131n\u0131n yayd\u0131\u011f\u0131 m\u0259lumatda qeyd edilir.<\/p>\n\n\n\n<p>A\u0130 qeyd edir ki, son aylar Az\u0259rbaycanda m\u00fcst\u0259qil jurnalistl\u0259rin, h\u00fcquq m\u00fcdafi\u0259\u00e7il\u0259rinin v\u0259 siyasi f\u0259allar\u0131n siyasi motivli ittihamlarla h\u0259bsl\u0259rinin narahatedici art\u0131m\u0131 m\u00fc\u015fahid\u0259 olunur. X\u00fcsusil\u0259 \u201cAbzasMedia\u201d, \u201cToplum TV\u201d, \u201cKanal 11\u201d v\u0259 \u201cKanal 13\u201d kimi m\u00fcst\u0259qil medialar\u0131n \u0259m\u0259kda\u015flar\u0131, III Respublika Platformas\u0131 kimi siyasi h\u0259r\u0259katlar, \u0259m\u0259k h\u00fcquqlar\u0131n\u0131 m\u00fcdafi\u0259 ed\u0259n qruplar v\u0259 Demokratik T\u0259\u015f\u0259bb\u00fcsl\u0259r \u0130nstitutu kimi dig\u0259r t\u0259\u015fkilatlar h\u0259d\u0259f\u0259 al\u0131n\u0131b.<\/p>\n\n\n\n<p><em>\u201cOnlar\u0131n bir \u00e7oxunun h\u0259bs m\u00fcdd\u0259ti d\u0259f\u0259l\u0259rl\u0259 uzad\u0131l\u0131b. Bizi x\u00fcsusil\u0259 Qubad \u0130bado\u011flu v\u0259 \u018fl\u0259sg\u0259r M\u0259mm\u0259dlinin sa\u011flaml\u0131q v\u0259ziyy\u0259ti narahat edir. Biz Az\u0259rbaycan hakimiyy\u0259tini bir daha \u00e7a\u011f\u0131r\u0131r\u0131q ki, c\u0259nab \u0130bado\u011flunun t\u0259cili ehtiyac\u0131 olan tibbi m\u00fcalic\u0259ni almas\u0131 \u00fc\u00e7\u00fcn onun s\u0259yah\u0259t qada\u011fas\u0131n\u0131 l\u0259\u011fv etsin\u201d.<\/em><\/p>\n\n\n\n<p>A\u00e7\u0131qlamada Az\u0259rbaycan\u0131n noyabrda ev sahibliyi ed\u0259c\u0259yi BMT-nin \u0130qlim D\u0259yi\u015fikliyi \u00fczr\u0259 Qlobal Konfrans yada sal\u0131n\u0131r. Bildirilir ki, bel\u0259 t\u0259dbirl\u0259in m\u0259rk\u0259zind\u0259 v\u0259t\u0259nda\u015f c\u0259miyy\u0259tinin i\u015ftirak\u0131 dayan\u0131r:<\/p>\n\n\n\n<p>\u201c<em>\u201cCOP29\u201d Az\u0259rbaycan \u00fc\u00e7\u00fcn beyn\u0259lxalq h\u00fcquq \u00fczr\u0259 \u00f6hd\u0259likl\u0259rin\u0259 sadiqliyini t\u0259sdiql\u0259m\u0259k, azad v\u0259 m\u00fcst\u0259qil v\u0259t\u0259nda\u015f c\u0259miyy\u0259tinin i\u015fi \u00fc\u00e7\u00fcn \u015f\u0259rait yaratmaq imkan\u0131d\u0131r. Bu, h\u0259m d\u0259 2021-ci ilin dekabr\u0131nda \u015e\u0259rq T\u0259r\u0259fda\u015fl\u0131\u011f\u0131 Sammiti B\u0259yannam\u0259sind\u0259 t\u0259krarland\u0131\u011f\u0131 kimi, Az\u0259rbaycan\u0131n \u015e\u0259rq T\u0259r\u0259fda\u015fl\u0131\u011f\u0131n\u0131n \u00fczv\u00fc kimi \u00f6hd\u0259likl\u0259rin\u0259 uy\u011fundur.<\/em><\/p>\n\n\n\n<p><em>Avropa \u0130ttifaq\u0131 Az\u0259rbaycanda b\u00fct\u00fcn insanlar\u0131n m\u0259nafeyi namin\u0259 insan h\u00fcquqlar\u0131 v\u0259 qanunun aliliyi d\u0259 daxil olmaqla \u0259m\u0259kda\u015fl\u0131\u011f\u0131m\u0131z\u0131n b\u00fct\u00fcn \u0259sas istiqam\u0259tl\u0259ri \u00fczr\u0259 Az\u0259rbaycanla dialoqu davam etdirm\u0259y\u0259 sadiqdir\u201d.<\/em><\/p>\n\n\n\n<p>May\u0131n 25-d\u0259 Prezident \u0130lham \u018fliyev &#8220;M\u0259hkum edilmi\u015f bir s\u0131ra \u015f\u0259xsl\u0259rin \u0259fv olunmas\u0131 haqq\u0131nda&#8221; S\u0259r\u0259ncam imzalay\u0131b. S\u0259r\u0259ncam \u00fcmumilikd\u0259 154 n\u0259f\u0259r\u0259 \u015famil edilib.<\/p>\n\n\n\n<p>S\u0259n\u0259d\u0259 \u0259sas\u0259n, azadl\u0131qdan m\u0259hrumetm\u0259 c\u0259zas\u0131na m\u0259hkum olunmu\u015f 63 n\u0259f\u0259r c\u0259zas\u0131n\u0131n \u00e7\u0259kilm\u0259mi\u015f hiss\u0259sind\u0259n azad edilib.<\/p>\n\n\n\n<p>Siyah\u0131da bir n\u0259f\u0259r bel\u0259 siyasi m\u0259hbusun ad\u0131 olmay\u0131b.<\/p>\n","protected":false},"excerpt":{"rendered":"<p>\u00c7a\u011f\u0131r\u0131\u015fda Prezident \u0130lham \u018fliyevin imzalad\u0131\u011f\u0131 sonuncu \u0259fv s\u0259r\u0259ncam\u0131ndan dan\u0131\u015f\u0131l\u0131b Avropa &#8230; <\/p>\n<p class=\"read-more-container\"><a title=\"Avropa \u0130ttifaq\u0131 Az\u0259rbaycan\u0131 siyasi m\u0259hbuslar\u0131 azad etm\u0259y\u0259 \u00e7a\u011f\u0131r\u0131b\" class=\"read-more button\" href=\"https:\/\/www.meydan.tv\/az\/article\/avropa-ittifaqi-azerbaycani-siyasi-mehbuslari-azad-etmeye-cagirib\/#more-306947\" aria-label=\"Read more about Avropa \u0130ttifaq\u0131 Az\u0259rbaycan\u0131 siyasi m\u0259hbuslar\u0131 azad etm\u0259y\u0259 \u00e7a\u011f\u0131r\u0131b\">Davam\u0131<\/a><\/p>\n","protected":false},"author":8,"featured_media":233753,"comment_status":"closed","ping_status":"closed","sticky":false,"template":"","format":"standard","meta":{"_acf_changed":false,"_sitemap_exclude":false,"_sitemap_priority":"","_sitemap_frequency":"","footnotes":""},"categories":[59,79,56],"tags":[],"class_list":["post-306947","post","type-post","status-publish","format-standard","has-post-thumbnail","hentry","category-siyaset","category-featured","category-xeberler","infinite-scroll-item","generate-columns","tablet-grid-50","mobile-grid-100","grid-parent","grid-33","no-featured-image-padding"],"acf":[],"yoast_head":"<!-- This site is optimized with the Yoast SEO plugin v27.4 - https:\/\/yoast.com\/product\/yoast-seo-wordpress\/ -->\n<title>Avropa \u0130ttifaq\u0131 Az\u0259rbaycan\u0131 siyasi m\u0259hbuslar\u0131 azad etm\u0259y\u0259 \u00e7a\u011f\u0131r\u0131b - MEYDAN.TV<\/title>\n<meta name=\"robots\" content=\"index, follow, max-snippet:-1, max-image-preview:large, max-video-preview:-1\" \/>\n<link rel=\"canonical\" href=\"https:\/\/www.meydan.tv\/az\/article\/avropa-ittifaqi-azerbaycani-siyasi-mehbuslari-azad-etmeye-cagirib\/\" \/>\n<meta property=\"og:locale\" content=\"az_AZ\" \/>\n<meta property=\"og:type\" content=\"article\" \/>\n<meta property=\"og:title\" content=\"Avropa \u0130ttifaq\u0131 Az\u0259rbaycan\u0131 siyasi m\u0259hbuslar\u0131 azad etm\u0259y\u0259 \u00e7a\u011f\u0131r\u0131b - MEYDAN.TV\" \/>\n<meta property=\"og:description\" content=\"\u00c7a\u011f\u0131r\u0131\u015fda Prezident \u0130lham \u018fliyevin imzalad\u0131\u011f\u0131 sonuncu \u0259fv s\u0259r\u0259ncam\u0131ndan dan\u0131\u015f\u0131l\u0131b Avropa ... Davam\u0131\" \/>\n<meta property=\"og:url\" content=\"https:\/\/www.meydan.tv\/az\/article\/avropa-ittifaqi-azerbaycani-siyasi-mehbuslari-azad-etmeye-cagirib\/\" \/>\n<meta property=\"og:site_name\" content=\"MEYDAN.TV\" \/>\n<meta property=\"article:published_time\" content=\"2024-05-29T11:26:46+00:00\" \/>\n<meta property=\"article:modified_time\" content=\"2024-05-29T11:26:48+00:00\" \/>\n<meta property=\"og:image\" content=\"https:\/\/www.meydan.tv\/wp-content\/uploads\/shutterstock_1122719429-e1643960172145.jpg\" \/>\n\t<meta property=\"og:image:width\" content=\"1200\" \/>\n\t<meta property=\"og:image:height\" content=\"693\" \/>\n\t<meta property=\"og:image:type\" content=\"image\/jpeg\" \/>\n<meta name=\"author\" content=\"elli\" \/>\n<meta name=\"twitter:card\" content=\"summary_large_image\" \/>\n<meta name=\"twitter:creator\" content=\"@elli\" \/>\n<script type=\"application\/ld+json\" class=\"yoast-schema-graph\">{\"@context\":\"https:\\\/\\\/schema.org\",\"@graph\":[{\"@type\":\"Article\",\"@id\":\"https:\\\/\\\/www.meydan.tv\\\/az\\\/article\\\/avropa-ittifaqi-azerbaycani-siyasi-mehbuslari-azad-etmeye-cagirib\\\/#article\",\"isPartOf\":{\"@id\":\"https:\\\/\\\/www.meydan.tv\\\/az\\\/article\\\/avropa-ittifaqi-azerbaycani-siyasi-mehbuslari-azad-etmeye-cagirib\\\/\"},\"author\":{\"name\":\"elli\",\"@id\":\"https:\\\/\\\/www.meydan.tv\\\/az\\\/#\\\/schema\\\/person\\\/9cdbecf90d17180ce1dfbd95b08dcf47\"},\"headline\":\"Avropa \u0130ttifaq\u0131 Az\u0259rbaycan\u0131 siyasi m\u0259hbuslar\u0131 azad etm\u0259y\u0259 \u00e7a\u011f\u0131r\u0131b\",\"datePublished\":\"2024-05-29T11:26:46+00:00\",\"dateModified\":\"2024-05-29T11:26:48+00:00\",\"mainEntityOfPage\":{\"@id\":\"https:\\\/\\\/www.meydan.tv\\\/az\\\/article\\\/avropa-ittifaqi-azerbaycani-siyasi-mehbuslari-azad-etmeye-cagirib\\\/\"},\"wordCount\":570,\"publisher\":{\"@id\":\"https:\\\/\\\/www.meydan.tv\\\/az\\\/#organization\"},\"image\":{\"@id\":\"https:\\\/\\\/www.meydan.tv\\\/az\\\/article\\\/avropa-ittifaqi-azerbaycani-siyasi-mehbuslari-azad-etmeye-cagirib\\\/#primaryimage\"},\"thumbnailUrl\":\"https:\\\/\\\/www.meydan.tv\\\/wp-content\\\/uploads\\\/shutterstock_1122719429-e1643960172145.jpg\",\"articleSection\":[\"Siyas\u0259t\",\"T\u00f6vsiy\u0259\",\"X\u0259b\u0259rl\u0259r\"],\"inLanguage\":\"az\"},{\"@type\":\"WebPage\",\"@id\":\"https:\\\/\\\/www.meydan.tv\\\/az\\\/article\\\/avropa-ittifaqi-azerbaycani-siyasi-mehbuslari-azad-etmeye-cagirib\\\/\",\"url\":\"https:\\\/\\\/www.meydan.tv\\\/az\\\/article\\\/avropa-ittifaqi-azerbaycani-siyasi-mehbuslari-azad-etmeye-cagirib\\\/\",\"name\":\"Avropa \u0130ttifaq\u0131 Az\u0259rbaycan\u0131 siyasi m\u0259hbuslar\u0131 azad etm\u0259y\u0259 \u00e7a\u011f\u0131r\u0131b - MEYDAN.TV\",\"isPartOf\":{\"@id\":\"https:\\\/\\\/www.meydan.tv\\\/az\\\/#website\"},\"primaryImageOfPage\":{\"@id\":\"https:\\\/\\\/www.meydan.tv\\\/az\\\/article\\\/avropa-ittifaqi-azerbaycani-siyasi-mehbuslari-azad-etmeye-cagirib\\\/#primaryimage\"},\"image\":{\"@id\":\"https:\\\/\\\/www.meydan.tv\\\/az\\\/article\\\/avropa-ittifaqi-azerbaycani-siyasi-mehbuslari-azad-etmeye-cagirib\\\/#primaryimage\"},\"thumbnailUrl\":\"https:\\\/\\\/www.meydan.tv\\\/wp-content\\\/uploads\\\/shutterstock_1122719429-e1643960172145.jpg\",\"datePublished\":\"2024-05-29T11:26:46+00:00\",\"dateModified\":\"2024-05-29T11:26:48+00:00\",\"breadcrumb\":{\"@id\":\"https:\\\/\\\/www.meydan.tv\\\/az\\\/article\\\/avropa-ittifaqi-azerbaycani-siyasi-mehbuslari-azad-etmeye-cagirib\\\/#breadcrumb\"},\"inLanguage\":\"az\",\"potentialAction\":[{\"@type\":\"ReadAction\",\"target\":[\"https:\\\/\\\/www.meydan.tv\\\/az\\\/article\\\/avropa-ittifaqi-azerbaycani-siyasi-mehbuslari-azad-etmeye-cagirib\\\/\"]}]},{\"@type\":\"ImageObject\",\"inLanguage\":\"az\",\"@id\":\"https:\\\/\\\/www.meydan.tv\\\/az\\\/article\\\/avropa-ittifaqi-azerbaycani-siyasi-mehbuslari-azad-etmeye-cagirib\\\/#primaryimage\",\"url\":\"https:\\\/\\\/www.meydan.tv\\\/wp-content\\\/uploads\\\/shutterstock_1122719429-e1643960172145.jpg\",\"contentUrl\":\"https:\\\/\\\/www.meydan.tv\\\/wp-content\\\/uploads\\\/shutterstock_1122719429-e1643960172145.jpg\",\"width\":1200,\"height\":693,\"caption\":\"Avropa \u0130ttifaq\u0131, Foto: Alexandros Michailidis\\\/shutterstock\"},{\"@type\":\"BreadcrumbList\",\"@id\":\"https:\\\/\\\/www.meydan.tv\\\/az\\\/article\\\/avropa-ittifaqi-azerbaycani-siyasi-mehbuslari-azad-etmeye-cagirib\\\/#breadcrumb\",\"itemListElement\":[{\"@type\":\"ListItem\",\"position\":1,\"name\":\"Ana s\u0259hif\u0259\",\"item\":\"https:\\\/\\\/www.meydan.tv\\\/az\\\/\"},{\"@type\":\"ListItem\",\"position\":2,\"name\":\"Siyas\u0259t\",\"item\":\"https:\\\/\\\/www.meydan.tv\\\/az\\\/section\\\/siyaset\\\/\"},{\"@type\":\"ListItem\",\"position\":3,\"name\":\"Avropa \u0130ttifaq\u0131 Az\u0259rbaycan\u0131 siyasi m\u0259hbuslar\u0131 azad etm\u0259y\u0259 \u00e7a\u011f\u0131r\u0131b\"}]},{\"@type\":\"WebSite\",\"@id\":\"https:\\\/\\\/www.meydan.tv\\\/az\\\/#website\",\"url\":\"https:\\\/\\\/www.meydan.tv\\\/az\\\/\",\"name\":\"MEYDAN.TV\",\"description\":\"Meydan TV Az\u0259rbaycan\u0131n media m\u0259kan\u0131ndak\u0131 alternativ s\u0259sidir\",\"publisher\":{\"@id\":\"https:\\\/\\\/www.meydan.tv\\\/az\\\/#organization\"},\"potentialAction\":[{\"@type\":\"SearchAction\",\"target\":{\"@type\":\"EntryPoint\",\"urlTemplate\":\"https:\\\/\\\/www.meydan.tv\\\/az\\\/?s={search_term_string}\"},\"query-input\":{\"@type\":\"PropertyValueSpecification\",\"valueRequired\":true,\"valueName\":\"search_term_string\"}}],\"inLanguage\":\"az\"},{\"@type\":\"Organization\",\"@id\":\"https:\\\/\\\/www.meydan.tv\\\/az\\\/#organization\",\"name\":\"Meydan TV\",\"url\":\"https:\\\/\\\/www.meydan.tv\\\/az\\\/\",\"logo\":{\"@type\":\"ImageObject\",\"inLanguage\":\"az\",\"@id\":\"https:\\\/\\\/www.meydan.tv\\\/az\\\/#\\\/schema\\\/logo\\\/image\\\/\",\"url\":\"https:\\\/\\\/www.meydan.tv\\\/wp-content\\\/uploads\\\/2021\\\/07\\\/meydan-logo.svg\",\"contentUrl\":\"https:\\\/\\\/www.meydan.tv\\\/wp-content\\\/uploads\\\/2021\\\/07\\\/meydan-logo.svg\",\"width\":195,\"height\":46,\"caption\":\"Meydan TV\"},\"image\":{\"@id\":\"https:\\\/\\\/www.meydan.tv\\\/az\\\/#\\\/schema\\\/logo\\\/image\\\/\"}},{\"@type\":\"Person\",\"@id\":\"https:\\\/\\\/www.meydan.tv\\\/az\\\/#\\\/schema\\\/person\\\/9cdbecf90d17180ce1dfbd95b08dcf47\",\"name\":\"elli\",\"sameAs\":[\"https:\\\/\\\/x.com\\\/elli\"]}]}<\/script>\n<!-- \/ Yoast SEO plugin. -->","yoast_head_json":{"title":"Avropa \u0130ttifaq\u0131 Az\u0259rbaycan\u0131 siyasi m\u0259hbuslar\u0131 azad etm\u0259y\u0259 \u00e7a\u011f\u0131r\u0131b - MEYDAN.TV","robots":{"index":"index","follow":"follow","max-snippet":"max-snippet:-1","max-image-preview":"max-image-preview:large","max-video-preview":"max-video-preview:-1"},"canonical":"https:\/\/www.meydan.tv\/az\/article\/avropa-ittifaqi-azerbaycani-siyasi-mehbuslari-azad-etmeye-cagirib\/","og_locale":"az_AZ","og_type":"article","og_title":"Avropa \u0130ttifaq\u0131 Az\u0259rbaycan\u0131 siyasi m\u0259hbuslar\u0131 azad etm\u0259y\u0259 \u00e7a\u011f\u0131r\u0131b - MEYDAN.TV","og_description":"\u00c7a\u011f\u0131r\u0131\u015fda Prezident \u0130lham \u018fliyevin imzalad\u0131\u011f\u0131 sonuncu \u0259fv s\u0259r\u0259ncam\u0131ndan dan\u0131\u015f\u0131l\u0131b Avropa ... Davam\u0131","og_url":"https:\/\/www.meydan.tv\/az\/article\/avropa-ittifaqi-azerbaycani-siyasi-mehbuslari-azad-etmeye-cagirib\/","og_site_name":"MEYDAN.TV","article_published_time":"2024-05-29T11:26:46+00:00","article_modified_time":"2024-05-29T11:26:48+00:00","og_image":[{"width":1200,"height":693,"url":"https:\/\/www.meydan.tv\/wp-content\/uploads\/shutterstock_1122719429-e1643960172145.jpg","type":"image\/jpeg"}],"author":"elli","twitter_card":"summary_large_image","twitter_creator":"@elli","schema":{"@context":"https:\/\/schema.org","@graph":[{"@type":"Article","@id":"https:\/\/www.meydan.tv\/az\/article\/avropa-ittifaqi-azerbaycani-siyasi-mehbuslari-azad-etmeye-cagirib\/#article","isPartOf":{"@id":"https:\/\/www.meydan.tv\/az\/article\/avropa-ittifaqi-azerbaycani-siyasi-mehbuslari-azad-etmeye-cagirib\/"},"author":{"name":"elli","@id":"https:\/\/www.meydan.tv\/az\/#\/schema\/person\/9cdbecf90d17180ce1dfbd95b08dcf47"},"headline":"Avropa \u0130ttifaq\u0131 Az\u0259rbaycan\u0131 siyasi m\u0259hbuslar\u0131 azad etm\u0259y\u0259 \u00e7a\u011f\u0131r\u0131b","datePublished":"2024-05-29T11:26:46+00:00","dateModified":"2024-05-29T11:26:48+00:00","mainEntityOfPage":{"@id":"https:\/\/www.meydan.tv\/az\/article\/avropa-ittifaqi-azerbaycani-siyasi-mehbuslari-azad-etmeye-cagirib\/"},"wordCount":570,"publisher":{"@id":"https:\/\/www.meydan.tv\/az\/#organization"},"image":{"@id":"https:\/\/www.meydan.tv\/az\/article\/avropa-ittifaqi-azerbaycani-siyasi-mehbuslari-azad-etmeye-cagirib\/#primaryimage"},"thumbnailUrl":"https:\/\/www.meydan.tv\/wp-content\/uploads\/shutterstock_1122719429-e1643960172145.jpg","articleSection":["Siyas\u0259t","T\u00f6vsiy\u0259","X\u0259b\u0259rl\u0259r"],"inLanguage":"az"},{"@type":"WebPage","@id":"https:\/\/www.meydan.tv\/az\/article\/avropa-ittifaqi-azerbaycani-siyasi-mehbuslari-azad-etmeye-cagirib\/","url":"https:\/\/www.meydan.tv\/az\/article\/avropa-ittifaqi-azerbaycani-siyasi-mehbuslari-azad-etmeye-cagirib\/","name":"Avropa \u0130ttifaq\u0131 Az\u0259rbaycan\u0131 siyasi m\u0259hbuslar\u0131 azad etm\u0259y\u0259 \u00e7a\u011f\u0131r\u0131b - MEYDAN.TV","isPartOf":{"@id":"https:\/\/www.meydan.tv\/az\/#website"},"primaryImageOfPage":{"@id":"https:\/\/www.meydan.tv\/az\/article\/avropa-ittifaqi-azerbaycani-siyasi-mehbuslari-azad-etmeye-cagirib\/#primaryimage"},"image":{"@id":"https:\/\/www.meydan.tv\/az\/article\/avropa-ittifaqi-azerbaycani-siyasi-mehbuslari-azad-etmeye-cagirib\/#primaryimage"},"thumbnailUrl":"https:\/\/www.meydan.tv\/wp-content\/uploads\/shutterstock_1122719429-e1643960172145.jpg","datePublished":"2024-05-29T11:26:46+00:00","dateModified":"2024-05-29T11:26:48+00:00","breadcrumb":{"@id":"https:\/\/www.meydan.tv\/az\/article\/avropa-ittifaqi-azerbaycani-siyasi-mehbuslari-azad-etmeye-cagirib\/#breadcrumb"},"inLanguage":"az","potentialAction":[{"@type":"ReadAction","target":["https:\/\/www.meydan.tv\/az\/article\/avropa-ittifaqi-azerbaycani-siyasi-mehbuslari-azad-etmeye-cagirib\/"]}]},{"@type":"ImageObject","inLanguage":"az","@id":"https:\/\/www.meydan.tv\/az\/article\/avropa-ittifaqi-azerbaycani-siyasi-mehbuslari-azad-etmeye-cagirib\/#primaryimage","url":"https:\/\/www.meydan.tv\/wp-content\/uploads\/shutterstock_1122719429-e1643960172145.jpg","contentUrl":"https:\/\/www.meydan.tv\/wp-content\/uploads\/shutterstock_1122719429-e1643960172145.jpg","width":1200,"height":693,"caption":"Avropa \u0130ttifaq\u0131, Foto: Alexandros Michailidis\/shutterstock"},{"@type":"BreadcrumbList","@id":"https:\/\/www.meydan.tv\/az\/article\/avropa-ittifaqi-azerbaycani-siyasi-mehbuslari-azad-etmeye-cagirib\/#breadcrumb","itemListElement":[{"@type":"ListItem","position":1,"name":"Ana s\u0259hif\u0259","item":"https:\/\/www.meydan.tv\/az\/"},{"@type":"ListItem","position":2,"name":"Siyas\u0259t","item":"https:\/\/www.meydan.tv\/az\/section\/siyaset\/"},{"@type":"ListItem","position":3,"name":"Avropa \u0130ttifaq\u0131 Az\u0259rbaycan\u0131 siyasi m\u0259hbuslar\u0131 azad etm\u0259y\u0259 \u00e7a\u011f\u0131r\u0131b"}]},{"@type":"WebSite","@id":"https:\/\/www.meydan.tv\/az\/#website","url":"https:\/\/www.meydan.tv\/az\/","name":"MEYDAN.TV","description":"Meydan TV Az\u0259rbaycan\u0131n media m\u0259kan\u0131ndak\u0131 alternativ s\u0259sidir","publisher":{"@id":"https:\/\/www.meydan.tv\/az\/#organization"},"potentialAction":[{"@type":"SearchAction","target":{"@type":"EntryPoint","urlTemplate":"https:\/\/www.meydan.tv\/az\/?s={search_term_string}"},"query-input":{"@type":"PropertyValueSpecification","valueRequired":true,"valueName":"search_term_string"}}],"inLanguage":"az"},{"@type":"Organization","@id":"https:\/\/www.meydan.tv\/az\/#organization","name":"Meydan TV","url":"https:\/\/www.meydan.tv\/az\/","logo":{"@type":"ImageObject","inLanguage":"az","@id":"https:\/\/www.meydan.tv\/az\/#\/schema\/logo\/image\/","url":"https:\/\/www.meydan.tv\/wp-content\/uploads\/2021\/07\/meydan-logo.svg","contentUrl":"https:\/\/www.meydan.tv\/wp-content\/uploads\/2021\/07\/meydan-logo.svg","width":195,"height":46,"caption":"Meydan TV"},"image":{"@id":"https:\/\/www.meydan.tv\/az\/#\/schema\/logo\/image\/"}},{"@type":"Person","@id":"https:\/\/www.meydan.tv\/az\/#\/schema\/person\/9cdbecf90d17180ce1dfbd95b08dcf47","name":"elli","sameAs":["https:\/\/x.com\/elli"]}]}},"_links":{"self":[{"href":"https:\/\/www.meydan.tv\/az\/wp-json\/wp\/v2\/posts\/306947","targetHints":{"allow":["GET"]}}],"collection":[{"href":"https:\/\/www.meydan.tv\/az\/wp-json\/wp\/v2\/posts"}],"about":[{"href":"https:\/\/www.meydan.tv\/az\/wp-json\/wp\/v2\/types\/post"}],"author":[{"embeddable":true,"href":"https:\/\/www.meydan.tv\/az\/wp-json\/wp\/v2\/users\/8"}],"replies":[{"embeddable":true,"href":"https:\/\/www.meydan.tv\/az\/wp-json\/wp\/v2\/comments?post=306947"}],"version-history":[{"count":3,"href":"https:\/\/www.meydan.tv\/az\/wp-json\/wp\/v2\/posts\/306947\/revisions"}],"predecessor-version":[{"id":306958,"href":"https:\/\/www.meydan.tv\/az\/wp-json\/wp\/v2\/posts\/306947\/revisions\/306958"}],"wp:featuredmedia":[{"embeddable":true,"href":"https:\/\/www.meydan.tv\/az\/wp-json\/wp\/v2\/media\/233753"}],"wp:attachment":[{"href":"https:\/\/www.meydan.tv\/az\/wp-json\/wp\/v2\/media?parent=306947"}],"wp:term":[{"taxonomy":"category","embeddable":true,"href":"https:\/\/www.meydan.tv\/az\/wp-json\/wp\/v2\/categories?post=306947"},{"taxonomy":"post_tag","embeddable":true,"href":"https:\/\/www.meydan.tv\/az\/wp-json\/wp\/v2\/tags?post=306947"}],"curies":[{"name":"wp","href":"https:\/\/api.w.org\/{rel}","templated":true}]}}