{"id":306898,"date":"2024-05-29T11:26:10","date_gmt":"2024-05-29T07:26:10","guid":{"rendered":"https:\/\/www.meydan.tv\/?p=306898"},"modified":"2024-05-29T15:21:03","modified_gmt":"2024-05-29T11:21:03","slug":"bakida-aldadildigini-deyen-vetendas-polis-deleduzlarla-elbirdir","status":"publish","type":"post","link":"https:\/\/www.meydan.tv\/az\/article\/bakida-aldadildigini-deyen-vetendas-polis-deleduzlarla-elbirdir\/","title":{"rendered":"Bak\u0131da aldad\u0131ld\u0131\u011f\u0131n\u0131 dey\u0259n v\u0259t\u0259nda\u015f: &#8220;Polis d\u0259l\u0259duzlarla \u0259lbirdir&#8221;"},"content":{"rendered":"\n<p><\/p>\n\n\n\n<p><strong><em>Q\u0131zqay\u0131t \u0130sayeva haz\u0131rda h\u0259yat\u0131n\u0131n t\u0259hl\u00fck\u0259d\u0259 oldu\u011funu bildirir<\/em><\/strong><\/p>\n\n\n\n<p>Paytaxt\u0131n X\u0259tai rayonunda ya\u015fayan, \u0259sl\u0259n K\u0259lb\u0259c\u0259rin \u0130lyaslar k\u0259nd sakini 43 ya\u015fl\u0131 Q\u0131zqay\u0131t&nbsp; S\u0259rdar q\u0131z\u0131 \u0130sayeva h\u0259yat\u0131n\u0131n t\u0259hl\u00fck\u0259d\u0259 oldu\u011funu deyir.<\/p>\n\n\n\n<p>Meydan TV-y\u0259 dan\u0131\u015fan \u0130sayeva deyir ki, 2019-cu ild\u0259 d\u0259l\u0259duzluqla \u00fczl\u0259\u015fib.<\/p>\n\n\n\n<p>&#8220;<em>M\u0259cburi k\u00f6\u00e7k\u00fcnl\u0259r \u00fc\u00e7\u00fcn n\u0259z\u0259rd\u0259 tutulan 14 m\u0259rt\u0259b\u0259li binada qon\u015fum 35 ya\u015fl\u0131 K\u0259rimova G\u00fclyan\u0259 \u0130slam q\u0131z\u0131&nbsp; v\u0259 onun qeyri-r\u0259smi h\u0259yat yolda\u015f\u0131 30 ya\u015fl\u0131 Muradzad\u0259 Tahir Tanr\u0131verdi o\u011flu birl\u0259\u015f\u0259r\u0259k m\u0259n\u0259 qar\u015f\u0131 d\u0259l\u0259duzluq etdil\u0259r. N\u0259tic\u0259d\u0259 m\u0259n\u0259 k\u00fclli miqdarda maddi v\u0259 m\u0259n\u0259vi ziyan d\u0259ydi&#8221;, <\/em>&#8211; dey\u0259 o qeyd edib.<\/p>\n\n\n\n<p>V\u0259t\u0259nda\u015f iddia edir ki, qon\u015fular onun t\u0259k ya\u015famas\u0131ndan istifad\u0259 ed\u0259r\u0259k dostluq m\u00fcnasib\u0259ti yarad\u0131blar. Daha sonra is\u0259 \u00f6z m\u0259qs\u0259dl\u0259ri \u00fc\u00e7\u00fcn yalan i\u015fl\u0259tm\u0259kl\u0259 ondan pul borc al\u0131blar.<\/p>\n\n\n\n<p>Bir ild\u0259n sonra aldad\u0131ld\u0131\u011f\u0131n\u0131 d\u0259rk ed\u0259n v\u0259t\u0259nda\u015f 4 illik m\u0259hk\u0259m\u0259 \u00e7\u0259ki\u015fm\u0259l\u0259rind\u0259n sonra G\u00fclyan\u0259 K\u0259rimovadan m\u0259n\u0259vi v\u0259 maddi ziyan kimi 2 min manat ala bils\u0259 d\u0259, Tahir Muradzad\u0259d\u0259n m\u0259hk\u0259m\u0259 yolu il\u0259 d\u0259 pulunu ala bilmir.<\/p>\n\n\n<div class=\"wp-block-image\">\n<figure class=\"alignleft size-full is-resized\"><img decoding=\"async\" width=\"534\" height=\"719\" data-src=\"https:\/\/www.meydan.tv\/wp-content\/uploads\/3_720-3.jpg\" alt=\"\" class=\"wp-image-306949 lazyload\" style=\"--smush-placeholder-width: 534px; --smush-placeholder-aspect-ratio: 534\/719;width:410px;height:auto\" src=\"data:image\/svg+xml;base64,PHN2ZyB3aWR0aD0iMSIgaGVpZ2h0PSIxIiB4bWxucz0iaHR0cDovL3d3dy53My5vcmcvMjAwMC9zdmciPjwvc3ZnPg==\" \/><figcaption class=\"wp-element-caption\">Q\u0131zqay\u0131t \u0130sayeva. Fotolar: \u015fikay\u0259t\u00e7inin \u015f\u0259xsi arxivind\u0259n<\/figcaption><\/figure>\n<\/div>\n\n\n<p>O deyir ki, polis d\u0259l\u0259duzlar\u0131 himay\u0259 edir v\u0259 ona h\u0259d\u0259-qorxu g\u0259lirl\u0259r:<\/p>\n\n\n\n<p><em>&#8220;D\u0259l\u0259duzlar\u0131 himay\u0259 edib saxlay\u0131rlar. M\u0259nim kimi haqq\u0131n\u0131 t\u0259l\u0259b ed\u0259n m\u00fc\u0259llimi, iki kitab m\u00fc\u0259llifini rahat \u015f\u0259kild\u0259 \u015f\u0259rl\u0259yib h\u0259bs edirl\u0259r, t\u0259hqir edirl\u0259r. \u00c7oxsayl\u0131 \u015fikay\u0259tl\u0259rim\u0259 baxmayaraq polis h\u0259r\u0259k\u0259t\u0259 ke\u00e7mir, ancaq sosial \u015f\u0259b\u0259k\u0259d\u0259 polis s\u0259hl\u0259nkarl\u0131\u011f\u0131na dair video payla\u015fan kimi polis z\u0259ng edib m\u0259ni b\u00f6lm\u0259y\u0259 \u00e7a\u011f\u0131r\u0131r. Polis d\u0259l\u0259duzlarla \u0259lbirdir. H\u0259yat\u0131m t\u0259hl\u00fck\u0259d\u0259dir, \u00fc\u00e7 d\u0259f\u0259 polis z\u0259ng edib b\u00f6lm\u0259y\u0259 \u00e7a\u011f\u0131r\u0131b. Getmir\u0259m ki, narkotikl\u0259 \u015f\u0259rl\u0259yib saxlayarlar&#8221;.<\/em><\/p>\n\n\n\n<p><strong>&#8220;Dig\u0259r adamlara qar\u015f\u0131 da d\u0259l\u0259duzluq edibl\u0259r&#8221;<\/strong><\/p>\n\n\n\n<p>Q\u0131zqay\u0131t \u0130sayeva deyir ki, X\u0259tai Rayon M\u0259hk\u0259m\u0259si \u0259n son q\u0259rarda 1330 manat m\u0259bl\u0259\u011find\u0259 pulun geri qaytar\u0131lmas\u0131 \u00fc\u00e7\u00fcn Tahir Muradzad\u0259nin axtar\u0131\u015f\u0131n\u0131 X\u0259tai Rayon Polis \u0130dar\u0259sin\u0259 h\u0259val\u0259 edib. Ancaq aidiyy\u0259ti qurum bu q\u0259rar\u0131 icra etmir, \u0259ksin\u0259, etdiyi \u015fikay\u0259tl\u0259r\u0259 g\u00f6r\u0259, onu t\u0259hqir v\u0259 t\u0259hdid ed\u0259r\u0259k 34-c\u00fc b\u00f6lm\u0259y\u0259 \u00e7a\u011f\u0131r\u0131r:<\/p>\n\n\n\n<p>&#8220;<em>Bu binada t\u0259k qal\u0131rd\u0131m. Ali t\u0259hsilli saz m\u00fc\u0259llimiy\u0259m. \u0130ndi ya\u015fl\u0131 atam rayondan g\u0259lib dey\u0259 onunla qal\u0131ram. Bunlar m\u0259nim t\u0259kliyimd\u0259n v\u0259 safl\u0131\u011f\u0131mdan&nbsp; istifad\u0259 edib dostluq, ev\u0259 gedi\u015f-g\u0259li\u015f m\u00fcnasib\u0259ti yaratd\u0131lar. Xalas\u0131 da, anas\u0131 da mehriban qon\u015fuluq m\u00fcnasib\u0259ti yaratd\u0131. Tahiri d\u0259 h\u0259yat yolda\u015f\u0131 kimi q\u0259l\u0259m\u0259 verdi. S\u0259n dem\u0259, m\u0259ni hipnoz edirmi\u015fl\u0259r. G\u00fclyan\u0259 hicabl\u0131 qad\u0131nd\u0131r. Dindar obrazl\u0131 imans\u0131z d\u0259l\u0259duzlar imi\u015f.&nbsp; Xo\u015f m\u00fcnasib\u0259t yarad\u0131b hiss\u0259-hiss\u0259 pullar\u0131m\u0131 al\u0131b x\u0259rcl\u0259dil\u0259r. Sonra G\u00fclyan\u0259 xahi\u015f etdi ki, guya h\u0259yat yolda\u015f\u0131 ma\u011fazadan televizor, telefon g\u00f6t\u00fcr\u00fcb lombarda qoyub. Onlara t\u0259cili pul laz\u0131md\u0131r. Dedi ki, \u0259\u015fyalar\u0131 sat\u0131b pulu qaytaracaqlar. verib \u00e7\u0131xar\u0131m t\u0259cili. Bir az pul toplam\u0131\u015fd\u0131m ki, evim\u0259 m\u0259i\u015f\u0259t, m\u0259tb\u0259x \u0259\u015fyas\u0131 alaca\u011fam. M\u0259n d\u0259 insand\u0131r deyib pulu verdim v\u0259 \u0259\u015fyalar\u0131 lombarddan \u00e7\u0131xartd\u0131m&#8221;.<\/em><\/p>\n\n\n<div class=\"wp-block-image\">\n<figure class=\"aligncenter size-full\"><img decoding=\"async\" width=\"1024\" height=\"768\" data-src=\"https:\/\/www.meydan.tv\/wp-content\/uploads\/xtai-rayon-mhkmsi-002.jpg\" alt=\"X\u0259tai Rayon M\u0259hk\u0259m\u0259si\" class=\"wp-image-138258 lazyload\" src=\"data:image\/svg+xml;base64,PHN2ZyB3aWR0aD0iMSIgaGVpZ2h0PSIxIiB4bWxucz0iaHR0cDovL3d3dy53My5vcmcvMjAwMC9zdmciPjwvc3ZnPg==\" style=\"--smush-placeholder-width: 1024px; --smush-placeholder-aspect-ratio: 1024\/768;\" \/><figcaption class=\"wp-element-caption\"> Foto: arxiv<\/figcaption><\/figure>\n<\/div>\n\n\n<p><em>&#8220;Sonra g\u0259lib \u0259\u015fyalar\u0131 evimd\u0259n apard\u0131lar ki, sat\u0131b pulunu ver\u0259c\u0259yik. Pulu soru\u015fanda aliment kart\u0131n\u0131 verdi ki, bura ke\u00e7mi\u015f h\u0259yat yolda\u015f\u0131 pul k\u00f6\u00e7\u00fcr\u0259c\u0259k, guya ordan \u00e7\u0131xararam. Onun da i\u00e7ind\u0259 pul olmad\u0131. Bir m\u00fcdd\u0259t qeydiyyatda oldu\u011fu F\u00fczuli rayonu Horadiz q\u0259s\u0259b\u0259sind\u0259 gizl\u0259ndi. Ad\u0131na po\u00e7tdan m\u0259hk\u0259m\u0259 bildiri\u015fi g\u0259l\u0259nd\u0259 \u00f6yr\u0259ndim ki, dig\u0259r adamlara qar\u015f\u0131 da d\u0259l\u0259duzluq edibl\u0259r. Y\u0259ni \u00e7ox adama m\u0259i\u015f\u0259t texnikas\u0131n\u0131 lombarddan g\u00f6t\u00fczd\u00fcr\u00fcb pulunu \u00f6d\u0259tdirirl\u0259r, sonra da at\u0131b qa\u00e7\u0131rlar&#8221;, <\/em>&#8211; \u015fikay\u0259t\u00e7i qeyd edib.<\/p>\n\n\n\n<p><strong>&#8220;M\u0259nd\u0259 \u00f6d\u0259ni\u015f\u0259 dair \u00e7ekl\u0259r, s\u0259s yaz\u0131lar\u0131 v\u0259&nbsp;m\u0259hk\u0259m\u0259 q\u0259rarlar\u0131 var&#8221;<\/strong><\/p>\n\n\n\n<p>\u015eikay\u0259t\u00e7i bildirir ki, d\u0259l\u0259duz adland\u0131rd\u0131\u011f\u0131 \u015f\u0259xsl\u0259r&nbsp; ona 5 min manat d\u0259y\u0259rind\u0259 ziyan vurublar:<\/p>\n\n\n\n<p><em>&#8220;M\u0259n r\u0259smi h\u0259yat yolda\u015f\u0131 kimi tan\u0131td\u0131\u011f\u0131 adam\u0131n da onunla qeyri-r\u0259smi nikahla ya\u015fad\u0131\u011f\u0131n\u0131 \u00f6yr\u0259ndim. \u00dcmumilikd\u0259 5 min\u0259 yax\u0131n pulum \u00e7\u0131xsa da, ancaq r\u0259smi imza il\u0259 verdiyim, y\u0259ni m\u0259hk\u0259m\u0259 il\u0259 s\u00fcbut ed\u0259c\u0259yim 2 min manat&nbsp; pulu G\u00fclyan\u0259 v\u0259 1330 manat pulu is\u0259 Tahir \u00f6d\u0259m\u0259li idi. Dig\u0259rl\u0259ri d\u0259lilsiz-s\u00fcbutsuz batd\u0131. Polis v\u0259 icra m\u0259murlar\u0131 \u0259lbir oldu\u011fu G\u00fclyan\u0259 K\u0259rimovan\u0131 m\u00fcdafi\u0259 ets\u0259l\u0259r d\u0259, \u0259n son bu ilin aprelind\u0259 m\u0259n ondan m\u0259hk\u0259m\u0259 yolu il\u0259 2 min pulumu ala bildim. Ancaq \u00f6t\u0259n ild\u0259n axtar\u0131\u015fda olan Tahir Muradzad\u0259 is\u0259 pulu \u00f6d\u0259mir, polis onu guya axtar\u0131b tapm\u0131r. Halbuki eyni binada ya\u015fay\u0131r\u0131q, eyni k\u00fc\u00e7\u0259d\u0259 oluruq. M\u0259nd\u0259 \u00f6d\u0259ni\u015f\u0259 dair \u00e7ekl\u0259r, s\u0259s yaz\u0131lar\u0131 v\u0259&nbsp; m\u0259hk\u0259m\u0259 q\u0259rarlar\u0131 var&#8221;<\/em>.<\/p>\n\n\n\n<p>2022-ci ild\u0259 \u00e7\u0131xar\u0131lan m\u0259hk\u0259m\u0259 q\u0259rar\u0131ndan g\u00f6r\u00fcn\u00fcr ki, Tahir Muradzad\u0259nin axtar\u0131\u015f\u0131 \u00f6nc\u0259 qeydiyyatda oldu\u011fu F\u00fczuli Rayon Polis \u0130dar\u0259sin\u0259,&nbsp; daha sonra is\u0259 Bak\u0131da ya\u015fad\u0131\u011f\u0131 \u00fc\u00e7\u00fcn \u00f6t\u0259n ilin yanvar\u0131ndan X\u0259tai Rayon Polis \u0130dar\u0259sin\u0259 h\u0259val\u0259 edilib.<\/p>\n\n\n\n<p>Z\u0259r\u0259r\u00e7\u0259k\u0259n iddia edir ki, bu m\u00fcdd\u0259t \u0259rzind\u0259 \u00e7oxsayl\u0131 \u015fikay\u0259tl\u0259ri n\u0259tic\u0259 vermir.<\/p>\n\n\n\n<p>X\u0259tai Rayon Polis \u0130dar\u0259si is\u0259 Tahir Muradzad\u0259nin axtar\u0131\u015fda olmad\u0131\u011f\u0131n\u0131 dey\u0259r\u0259k \u015fikay\u0259tl\u0259r\u0259 baxm\u0131r.<\/p>\n\n\n\n<p>Bak\u0131 \u015e\u0259h\u0259r X\u0259tai Rayon \u0130cra \u015e\u00f6b\u0259sinin 20 sentyabr 2022-ci il tarixli q\u0259rar\u0131na \u0259sas\u0259n is\u0259 d\u0259l\u0259duzluqda ittiham edil\u0259n \u015f\u0259xs &#8211; Tahir Muradzad\u0259&nbsp; axtar\u0131\u015fdad\u0131r.<\/p>\n\n\n\n<p><strong>&#8220;S\u0259ni narkotikl\u0259 \u015f\u0259rl\u0259yib h\u0259bs ed\u0259rik&#8221;<\/strong><\/p>\n\n\n\n<p>V\u0259t\u0259nda\u015f deyir ki, polisd\u0259n etdiyi \u015fikay\u0259tl\u0259r\u0259 v\u0259 sosial \u015f\u0259b\u0259k\u0259 \u00fcz\u0259rind\u0259n payla\u015fd\u0131\u011f\u0131 q\u0131sa videoya g\u00f6r\u0259 X\u0259tai Rayon Polis \u0130dar\u0259sinin 34-c\u00fc B\u00f6lm\u0259si t\u0259r\u0259find\u0259n t\u0259hdid olunur.<\/p>\n\n\n\n<p>2023-c\u00fc ilin may\u0131nda is\u0259 i\u015f\u0259 ged\u0259rk\u0259n polis t\u0259r\u0259find\u0259n saxlan\u0131laraq 5 sutka h\u0259bs c\u0259zas\u0131 al\u0131b. H\u0259bs\u0259 s\u0259b\u0259b kimi v\u0259t\u0259nda\u015f\u0131n polisi t\u0259hqir etm\u0259si g\u00f6st\u0259rils\u0259 d\u0259, sonradan ittiham\u0131 d\u0259yi\u015fibl\u0259r, y\u0259ni m\u0259hk\u0259m\u0259 q\u0259rar\u0131nda &#8220;k\u00fc\u00e7\u0259d\u0259 ged\u0259rk\u0259n telefonda nam\u0259lum \u015f\u0259xs\u0259 s\u00f6y\u00fc\u015f s\u00f6ym\u0259si&#8221; g\u00f6st\u0259rilib. Ancaq n\u0259 nam\u0259lum \u015f\u0259xsin kimliyi, n\u0259 d\u0259 buna dair video, audio d\u0259lil, s\u00fcbut a\u015fkarlan\u0131b.<\/p>\n\n\n\n<p>Deyir ki, polisd\u0259 saxlan\u0131ld\u0131\u011f\u0131 m\u00fcdd\u0259td\u0259 t\u0259hqir edilib, d\u00f6y\u00fcl\u00fcb v\u0259 d\u0259f\u0259l\u0259rl\u0259 hu\u015funu itirib:<\/p>\n\n\n\n<p>&#8220;<em>T\u0259cridxanada da el\u0259 pis v\u0259ziyy\u0259td\u0259 d\u00f6y\u00fcld\u00fcm ki, hu\u015fum getdi, t\u0259cili tibbi yard\u0131m \u00e7a\u011f\u0131r\u0131ld\u0131. H\u0259tta x\u0259st\u0259xanaya apar\u0131b m\u0259n\u0259 iki sistem qo\u015fdular. T\u0259cridxanada e\u015fitdim ki, polis Tahir\u0259 z\u0259ng edib onu ax\u015fam g\u00f6r\u00fc\u015f\u0259 \u00e7a\u011f\u0131r\u0131b v\u0259 deyib ki, Q\u0131zqay\u0131t\u0131 tutmu\u015fam. Onda tam \u0259min oldum ki, bunlar d\u0259l\u0259duzlarla \u0259lbirdirl\u0259r&#8221;.<\/em><\/p>\n\n\n<div class=\"wp-block-image\">\n<figure class=\"aligncenter size-large\"><img decoding=\"async\" width=\"998\" height=\"821\" data-src=\"https:\/\/www.meydan.tv\/wp-content\/uploads\/img-20240524-wa0017-998x821.jpg\" alt=\"\" class=\"wp-image-306883 lazyload\" src=\"data:image\/svg+xml;base64,PHN2ZyB3aWR0aD0iMSIgaGVpZ2h0PSIxIiB4bWxucz0iaHR0cDovL3d3dy53My5vcmcvMjAwMC9zdmciPjwvc3ZnPg==\" style=\"--smush-placeholder-width: 998px; --smush-placeholder-aspect-ratio: 998\/821;\" \/><\/figure>\n<\/div>\n\n\n<p>Q\u0131zqay\u0131t \u0130sayeva bildirir ki, haz\u0131rda polis onu sosial \u015f\u0259b\u0259k\u0259d\u0259 yayd\u0131\u011f\u0131 videoya g\u00f6r\u0259 b\u00f6lm\u0259y\u0259 \u00e7a\u011f\u0131r\u0131r:<\/p>\n\n\n\n<p>&#8220;<em>Bir ne\u00e7\u0259 g\u00fcnd\u00fcr ki, polisin guya Tahiri tapa bilm\u0259m\u0259si il\u0259 ba\u011fl\u0131 videom\u00fcraci\u0259t yayd\u0131m. Bundan d\u0259rhal sonra r\u0259is z\u0259ng edib m\u0259ni b\u00f6lm\u0259y\u0259 \u00e7a\u011f\u0131rd\u0131. Art\u0131q 3 d\u0259f\u0259 \u00e7a\u011f\u0131r\u0131blar. \u00d6t\u0259n d\u0259f\u0259 h\u0259bsd\u0259 m\u0259n\u0259 dedil\u0259r ki, \u015fikay\u0259tl\u0259rd\u0259n \u0259l \u00e7\u0259km\u0259s\u0259n, s\u0259ni narkotikl\u0259 \u015f\u0259rl\u0259yib h\u0259bs ed\u0259rik. Ona g\u00f6r\u0259 polis \u015f\u00f6b\u0259sin\u0259 getmir\u0259m. \u0130cra m\u0259muru Vidadi Mahmudov deyir ki, Tahir axtar\u0131\u015fdad\u0131r. Polis is\u0259 deyir ki, bizd\u0259 axtar\u0131\u015fda deyil. Bu nec\u0259 olur? M\u0259nim h\u0259yat\u0131m t\u0259hl\u00fck\u0259d\u0259dir. Bilir\u0259m ki, haql\u0131 irad v\u0259 \u015fikay\u0259tl\u0259rim\u0259 g\u00f6r\u0259 evimd\u0259c\u0259 h\u0259bs ed\u0259rl\u0259r. Ancaq haqq\u0131m\u0131 t\u0259l\u0259b edir\u0259m, ed\u0259c\u0259y\u0259m d\u0259&#8221;.<\/em><\/p>\n\n\n\n<p><strong>D\u0130N \u015fikay\u0259t\u00e7inin, \u015fikay\u0259t\u00e7i D\u0130N-in dedikl\u0259rini \u0259sass\u0131z say\u0131r&#8230;<\/strong><\/p>\n\n\n\n<p>Meydan TV v\u0259t\u0259nda\u015f\u0131n qanunsuz h\u0259bsi, h\u0259yat\u0131n\u0131n t\u0259hl\u00fck\u0259d\u0259 olmas\u0131 v\u0259 ona qar\u015f\u0131 d\u0259l\u0259duzluq fakt\u0131n\u0131n olmas\u0131 il\u0259 ba\u011fl\u0131 \u015fikay\u0259tin\u0259 Daxili \u0130\u015fl\u0259r Nazirliyind\u0259n (D\u0130N) m\u00fcnasib\u0259t \u00f6yr\u0259n\u0259 bilm\u0259yib.<\/p>\n\n\n\n<p>Q\u0131zqay\u0131t \u0130sayevan\u0131n h\u0259yat\u0131n\u0131n t\u0259hl\u00fck\u0259d\u0259 olmas\u0131 il\u0259 ba\u011fl\u0131 sosial \u015f\u0259b\u0259k\u0259d\u0259 yayd\u0131\u011f\u0131 son videom\u00fcraci\u0259t\u0259 is\u0259 D\u0130N-nin \u015f\u0259rhi bel\u0259 olub:<\/p>\n\n\n<div class=\"wp-block-image\">\n<figure class=\"alignright size-large is-resized\"><img decoding=\"async\" width=\"535\" height=\"821\" data-src=\"https:\/\/www.meydan.tv\/wp-content\/uploads\/img-20240523-wa0064-535x821.jpg\" alt=\"\" class=\"wp-image-306877 lazyload\" style=\"--smush-placeholder-width: 535px; --smush-placeholder-aspect-ratio: 535\/821;width:414px;height:auto\" src=\"data:image\/svg+xml;base64,PHN2ZyB3aWR0aD0iMSIgaGVpZ2h0PSIxIiB4bWxucz0iaHR0cDovL3d3dy53My5vcmcvMjAwMC9zdmciPjwvc3ZnPg==\" \/><\/figure>\n<\/div>\n\n\n<p>&#8220;<em>V\u0259t\u0259nda\u015f Q\u0131zqay\u0131t \u0130sayevan\u0131n ona qar\u015f\u0131 d\u0259l\u0259duzluq etmi\u015f qad\u0131n\u0131n \u0259m\u0259ll\u0259rinin \u00f6rt-bas\u0131r edilm\u0259si, d\u0259f\u0259l\u0259rl\u0259 d\u00f6y\u00fclm\u0259si, t\u0259hqir olunmas\u0131 v\u0259 dig\u0259r qanunsuzluqlara m\u0259ruz qalmas\u0131 il\u0259 ba\u011fl\u0131 s\u0259sl\u0259ndirdiyi iddialar h\u0259qiq\u0259ti \u0259ks etdirmir. Q\u0131zqay\u0131t \u0130sayevan\u0131n m\u00fcxt\u0259lif m\u0259s\u0259l\u0259l\u0259r \u00fczr\u0259 m\u00fcraci\u0259tl\u0259ri X\u0259tai Rayon Polis \u0130dar\u0259sind\u0259 ara\u015fd\u0131r\u0131l\u0131b v\u0259 13&nbsp; m\u00fcraci\u0259ti \u00fczr\u0259 cinay\u0259t i\u015finin ba\u015flad\u0131lmas\u0131n\u0131n r\u0259dd edilm\u0259si bar\u0259d\u0259 q\u0259rar q\u0259bul edilib. Q\u0131zqay\u0131t \u0130sayeva 2018-ci ild\u0259n haz\u0131rki vaxta q\u0259d\u0259r qon\u015fular\u0131 v\u0259 dig\u0259r \u015f\u0259xsl\u0259r bar\u0259d\u0259 \u0259sass\u0131z olaraq D\u0130N-nin &#8220;102-Xidm\u0259ti&#8221;n\u0259 z\u0259ng edib. \u015e\u0259xsin \u015fikay\u0259tl\u0259ri il\u0259 ba\u011fl\u0131 m\u00fcxt\u0259lif vaxtlarda q\u0259bul edil\u0259r\u0259k onunla m\u00fcvafiq izahedici s\u00f6hb\u0259tl\u0259r apar\u0131l\u0131b&#8221;.<\/em><\/p>\n\n\n\n<p>\u015eikay\u0259t\u00e7i is\u0259 D\u0130N-nin bu a\u00e7\u0131qlamas\u0131 il\u0259 raz\u0131la\u015fm\u0131r.<\/p>\n\n\n\n<p>Bu a\u00e7\u0131qlaman\u0131n ciddi d\u0259lil v\u0259 s\u00fcbutlara deyil, onlar\u0131n maraqlar\u0131na xidm\u0259t etdiyini deyir:<\/p>\n\n\n\n<p>&#8220;<em>Bu, yaland\u0131r. Bu q\u0259d\u0259r d\u0259lil, s\u00fcbut vark\u0259n m\u0259hk\u0259m\u0259 q\u0259rarlar\u0131n\u0131 niy\u0259 g\u00f6rm\u0259zd\u0259n g\u0259lirl\u0259r? \u015eikay\u0259tl\u0259rimi niy\u0259 ara\u015fd\u0131rm\u0131rlar? Niy\u0259 d\u0259l\u0259duzlar\u0131 yox, m\u0259ni \u015fikay\u0259t etdiyim, haqq\u0131m\u0131 t\u0259l\u0259b etdiyim\u00e7\u00fcn c\u0259zaland\u0131r\u0131rlar?&#8221;.<\/em><\/p>\n\n\n\n<p>Meydan TV yaz\u0131da ad\u0131 \u00e7\u0259kil\u0259n G\u00fclyan\u0259 K\u0259rimova v\u0259 Tahir Muradzad\u0259d\u0259n m\u00fcnasib\u0259t \u00f6yr\u0259n\u0259 bilm\u0259yib.<\/p>\n","protected":false},"excerpt":{"rendered":"<p>Q\u0131zqay\u0131t \u0130sayeva haz\u0131rda h\u0259yat\u0131n\u0131n t\u0259hl\u00fck\u0259d\u0259 oldu\u011funu bildirir Paytaxt\u0131n X\u0259tai rayonunda &#8230; <\/p>\n<p class=\"read-more-container\"><a title=\"Bak\u0131da aldad\u0131ld\u0131\u011f\u0131n\u0131 dey\u0259n v\u0259t\u0259nda\u015f: &#8220;Polis d\u0259l\u0259duzlarla \u0259lbirdir&#8221;\" class=\"read-more button\" href=\"https:\/\/www.meydan.tv\/az\/article\/bakida-aldadildigini-deyen-vetendas-polis-deleduzlarla-elbirdir\/#more-306898\" aria-label=\"Read more about Bak\u0131da aldad\u0131ld\u0131\u011f\u0131n\u0131 dey\u0259n v\u0259t\u0259nda\u015f: &#8220;Polis d\u0259l\u0259duzlarla \u0259lbirdir&#8221;\">Davam\u0131<\/a><\/p>\n","protected":false},"author":8,"featured_media":247152,"comment_status":"closed","ping_status":"closed","sticky":false,"template":"","format":"standard","meta":{"_acf_changed":false,"_sitemap_exclude":false,"_sitemap_priority":"","_sitemap_frequency":"","footnotes":""},"categories":[62,79,56],"tags":[],"class_list":["post-306898","post","type-post","status-publish","format-standard","has-post-thumbnail","hentry","category-sosial","category-featured","category-xeberler","infinite-scroll-item","generate-columns","tablet-grid-50","mobile-grid-100","grid-parent","grid-33","no-featured-image-padding"],"acf":[],"yoast_head":"<!-- This site is optimized with the Yoast SEO plugin v27.5 - https:\/\/yoast.com\/product\/yoast-seo-wordpress\/ -->\n<title>Bak\u0131da aldad\u0131ld\u0131\u011f\u0131n\u0131 dey\u0259n v\u0259t\u0259nda\u015f: &quot;Polis d\u0259l\u0259duzlarla \u0259lbirdir&quot; - MEYDAN.TV<\/title>\n<meta name=\"robots\" content=\"index, follow, max-snippet:-1, max-image-preview:large, max-video-preview:-1\" \/>\n<link rel=\"canonical\" href=\"https:\/\/www.meydan.tv\/az\/article\/bakida-aldadildigini-deyen-vetendas-polis-deleduzlarla-elbirdir\/\" \/>\n<meta property=\"og:locale\" content=\"az_AZ\" \/>\n<meta property=\"og:type\" content=\"article\" \/>\n<meta property=\"og:title\" content=\"Bak\u0131da aldad\u0131ld\u0131\u011f\u0131n\u0131 dey\u0259n v\u0259t\u0259nda\u015f: &quot;Polis d\u0259l\u0259duzlarla \u0259lbirdir&quot; - MEYDAN.TV\" \/>\n<meta property=\"og:description\" content=\"Q\u0131zqay\u0131t \u0130sayeva haz\u0131rda h\u0259yat\u0131n\u0131n t\u0259hl\u00fck\u0259d\u0259 oldu\u011funu bildirir Paytaxt\u0131n X\u0259tai rayonunda ... Davam\u0131\" \/>\n<meta property=\"og:url\" content=\"https:\/\/www.meydan.tv\/az\/article\/bakida-aldadildigini-deyen-vetendas-polis-deleduzlarla-elbirdir\/\" \/>\n<meta property=\"og:site_name\" content=\"MEYDAN.TV\" \/>\n<meta property=\"article:published_time\" content=\"2024-05-29T07:26:10+00:00\" \/>\n<meta property=\"article:modified_time\" content=\"2024-05-29T11:21:03+00:00\" \/>\n<meta property=\"og:image\" content=\"https:\/\/www.meydan.tv\/wp-content\/uploads\/polis-3.jpg\" \/>\n\t<meta property=\"og:image:width\" content=\"1350\" \/>\n\t<meta property=\"og:image:height\" content=\"900\" \/>\n\t<meta property=\"og:image:type\" content=\"image\/jpeg\" \/>\n<meta name=\"author\" content=\"elli\" \/>\n<meta name=\"twitter:card\" content=\"summary_large_image\" \/>\n<meta name=\"twitter:creator\" content=\"@elli\" \/>\n<script type=\"application\/ld+json\" class=\"yoast-schema-graph\">{\"@context\":\"https:\\\/\\\/schema.org\",\"@graph\":[{\"@type\":\"Article\",\"@id\":\"https:\\\/\\\/www.meydan.tv\\\/az\\\/article\\\/bakida-aldadildigini-deyen-vetendas-polis-deleduzlarla-elbirdir\\\/#article\",\"isPartOf\":{\"@id\":\"https:\\\/\\\/www.meydan.tv\\\/az\\\/article\\\/bakida-aldadildigini-deyen-vetendas-polis-deleduzlarla-elbirdir\\\/\"},\"author\":{\"name\":\"elli\",\"@id\":\"https:\\\/\\\/www.meydan.tv\\\/az\\\/#\\\/schema\\\/person\\\/9cdbecf90d17180ce1dfbd95b08dcf47\"},\"headline\":\"Bak\u0131da aldad\u0131ld\u0131\u011f\u0131n\u0131 dey\u0259n v\u0259t\u0259nda\u015f: &#8220;Polis d\u0259l\u0259duzlarla \u0259lbirdir&#8221;\",\"datePublished\":\"2024-05-29T07:26:10+00:00\",\"dateModified\":\"2024-05-29T11:21:03+00:00\",\"mainEntityOfPage\":{\"@id\":\"https:\\\/\\\/www.meydan.tv\\\/az\\\/article\\\/bakida-aldadildigini-deyen-vetendas-polis-deleduzlarla-elbirdir\\\/\"},\"wordCount\":1871,\"publisher\":{\"@id\":\"https:\\\/\\\/www.meydan.tv\\\/az\\\/#organization\"},\"image\":{\"@id\":\"https:\\\/\\\/www.meydan.tv\\\/az\\\/article\\\/bakida-aldadildigini-deyen-vetendas-polis-deleduzlarla-elbirdir\\\/#primaryimage\"},\"thumbnailUrl\":\"https:\\\/\\\/www.meydan.tv\\\/wp-content\\\/uploads\\\/polis-3.jpg\",\"articleSection\":[\"Sosial\",\"T\u00f6vsiy\u0259\",\"X\u0259b\u0259rl\u0259r\"],\"inLanguage\":\"az\"},{\"@type\":\"WebPage\",\"@id\":\"https:\\\/\\\/www.meydan.tv\\\/az\\\/article\\\/bakida-aldadildigini-deyen-vetendas-polis-deleduzlarla-elbirdir\\\/\",\"url\":\"https:\\\/\\\/www.meydan.tv\\\/az\\\/article\\\/bakida-aldadildigini-deyen-vetendas-polis-deleduzlarla-elbirdir\\\/\",\"name\":\"Bak\u0131da aldad\u0131ld\u0131\u011f\u0131n\u0131 dey\u0259n v\u0259t\u0259nda\u015f: \\\"Polis d\u0259l\u0259duzlarla \u0259lbirdir\\\" - MEYDAN.TV\",\"isPartOf\":{\"@id\":\"https:\\\/\\\/www.meydan.tv\\\/az\\\/#website\"},\"primaryImageOfPage\":{\"@id\":\"https:\\\/\\\/www.meydan.tv\\\/az\\\/article\\\/bakida-aldadildigini-deyen-vetendas-polis-deleduzlarla-elbirdir\\\/#primaryimage\"},\"image\":{\"@id\":\"https:\\\/\\\/www.meydan.tv\\\/az\\\/article\\\/bakida-aldadildigini-deyen-vetendas-polis-deleduzlarla-elbirdir\\\/#primaryimage\"},\"thumbnailUrl\":\"https:\\\/\\\/www.meydan.tv\\\/wp-content\\\/uploads\\\/polis-3.jpg\",\"datePublished\":\"2024-05-29T07:26:10+00:00\",\"dateModified\":\"2024-05-29T11:21:03+00:00\",\"breadcrumb\":{\"@id\":\"https:\\\/\\\/www.meydan.tv\\\/az\\\/article\\\/bakida-aldadildigini-deyen-vetendas-polis-deleduzlarla-elbirdir\\\/#breadcrumb\"},\"inLanguage\":\"az\",\"potentialAction\":[{\"@type\":\"ReadAction\",\"target\":[\"https:\\\/\\\/www.meydan.tv\\\/az\\\/article\\\/bakida-aldadildigini-deyen-vetendas-polis-deleduzlarla-elbirdir\\\/\"]}]},{\"@type\":\"ImageObject\",\"inLanguage\":\"az\",\"@id\":\"https:\\\/\\\/www.meydan.tv\\\/az\\\/article\\\/bakida-aldadildigini-deyen-vetendas-polis-deleduzlarla-elbirdir\\\/#primaryimage\",\"url\":\"https:\\\/\\\/www.meydan.tv\\\/wp-content\\\/uploads\\\/polis-3.jpg\",\"contentUrl\":\"https:\\\/\\\/www.meydan.tv\\\/wp-content\\\/uploads\\\/polis-3.jpg\",\"width\":1350,\"height\":900,\"caption\":\"Foto: D\u0130N\"},{\"@type\":\"BreadcrumbList\",\"@id\":\"https:\\\/\\\/www.meydan.tv\\\/az\\\/article\\\/bakida-aldadildigini-deyen-vetendas-polis-deleduzlarla-elbirdir\\\/#breadcrumb\",\"itemListElement\":[{\"@type\":\"ListItem\",\"position\":1,\"name\":\"Ana s\u0259hif\u0259\",\"item\":\"https:\\\/\\\/www.meydan.tv\\\/az\\\/\"},{\"@type\":\"ListItem\",\"position\":2,\"name\":\"T\u00f6vsiy\u0259\",\"item\":\"https:\\\/\\\/www.meydan.tv\\\/az\\\/section\\\/featured\\\/\"},{\"@type\":\"ListItem\",\"position\":3,\"name\":\"Bak\u0131da aldad\u0131ld\u0131\u011f\u0131n\u0131 dey\u0259n v\u0259t\u0259nda\u015f: &#8220;Polis d\u0259l\u0259duzlarla \u0259lbirdir&#8221;\"}]},{\"@type\":\"WebSite\",\"@id\":\"https:\\\/\\\/www.meydan.tv\\\/az\\\/#website\",\"url\":\"https:\\\/\\\/www.meydan.tv\\\/az\\\/\",\"name\":\"MEYDAN.TV\",\"description\":\"Meydan TV Az\u0259rbaycan\u0131n media m\u0259kan\u0131ndak\u0131 alternativ s\u0259sidir\",\"publisher\":{\"@id\":\"https:\\\/\\\/www.meydan.tv\\\/az\\\/#organization\"},\"potentialAction\":[{\"@type\":\"SearchAction\",\"target\":{\"@type\":\"EntryPoint\",\"urlTemplate\":\"https:\\\/\\\/www.meydan.tv\\\/az\\\/?s={search_term_string}\"},\"query-input\":{\"@type\":\"PropertyValueSpecification\",\"valueRequired\":true,\"valueName\":\"search_term_string\"}}],\"inLanguage\":\"az\"},{\"@type\":\"Organization\",\"@id\":\"https:\\\/\\\/www.meydan.tv\\\/az\\\/#organization\",\"name\":\"Meydan TV\",\"url\":\"https:\\\/\\\/www.meydan.tv\\\/az\\\/\",\"logo\":{\"@type\":\"ImageObject\",\"inLanguage\":\"az\",\"@id\":\"https:\\\/\\\/www.meydan.tv\\\/az\\\/#\\\/schema\\\/logo\\\/image\\\/\",\"url\":\"https:\\\/\\\/www.meydan.tv\\\/wp-content\\\/uploads\\\/2021\\\/07\\\/meydan-logo.svg\",\"contentUrl\":\"https:\\\/\\\/www.meydan.tv\\\/wp-content\\\/uploads\\\/2021\\\/07\\\/meydan-logo.svg\",\"width\":195,\"height\":46,\"caption\":\"Meydan TV\"},\"image\":{\"@id\":\"https:\\\/\\\/www.meydan.tv\\\/az\\\/#\\\/schema\\\/logo\\\/image\\\/\"}},{\"@type\":\"Person\",\"@id\":\"https:\\\/\\\/www.meydan.tv\\\/az\\\/#\\\/schema\\\/person\\\/9cdbecf90d17180ce1dfbd95b08dcf47\",\"name\":\"elli\",\"sameAs\":[\"https:\\\/\\\/x.com\\\/elli\"]}]}<\/script>\n<!-- \/ Yoast SEO plugin. -->","yoast_head_json":{"title":"Bak\u0131da aldad\u0131ld\u0131\u011f\u0131n\u0131 dey\u0259n v\u0259t\u0259nda\u015f: \"Polis d\u0259l\u0259duzlarla \u0259lbirdir\" - MEYDAN.TV","robots":{"index":"index","follow":"follow","max-snippet":"max-snippet:-1","max-image-preview":"max-image-preview:large","max-video-preview":"max-video-preview:-1"},"canonical":"https:\/\/www.meydan.tv\/az\/article\/bakida-aldadildigini-deyen-vetendas-polis-deleduzlarla-elbirdir\/","og_locale":"az_AZ","og_type":"article","og_title":"Bak\u0131da aldad\u0131ld\u0131\u011f\u0131n\u0131 dey\u0259n v\u0259t\u0259nda\u015f: \"Polis d\u0259l\u0259duzlarla \u0259lbirdir\" - MEYDAN.TV","og_description":"Q\u0131zqay\u0131t \u0130sayeva haz\u0131rda h\u0259yat\u0131n\u0131n t\u0259hl\u00fck\u0259d\u0259 oldu\u011funu bildirir Paytaxt\u0131n X\u0259tai rayonunda ... Davam\u0131","og_url":"https:\/\/www.meydan.tv\/az\/article\/bakida-aldadildigini-deyen-vetendas-polis-deleduzlarla-elbirdir\/","og_site_name":"MEYDAN.TV","article_published_time":"2024-05-29T07:26:10+00:00","article_modified_time":"2024-05-29T11:21:03+00:00","og_image":[{"width":1350,"height":900,"url":"https:\/\/www.meydan.tv\/wp-content\/uploads\/polis-3.jpg","type":"image\/jpeg"}],"author":"elli","twitter_card":"summary_large_image","twitter_creator":"@elli","schema":{"@context":"https:\/\/schema.org","@graph":[{"@type":"Article","@id":"https:\/\/www.meydan.tv\/az\/article\/bakida-aldadildigini-deyen-vetendas-polis-deleduzlarla-elbirdir\/#article","isPartOf":{"@id":"https:\/\/www.meydan.tv\/az\/article\/bakida-aldadildigini-deyen-vetendas-polis-deleduzlarla-elbirdir\/"},"author":{"name":"elli","@id":"https:\/\/www.meydan.tv\/az\/#\/schema\/person\/9cdbecf90d17180ce1dfbd95b08dcf47"},"headline":"Bak\u0131da aldad\u0131ld\u0131\u011f\u0131n\u0131 dey\u0259n v\u0259t\u0259nda\u015f: &#8220;Polis d\u0259l\u0259duzlarla \u0259lbirdir&#8221;","datePublished":"2024-05-29T07:26:10+00:00","dateModified":"2024-05-29T11:21:03+00:00","mainEntityOfPage":{"@id":"https:\/\/www.meydan.tv\/az\/article\/bakida-aldadildigini-deyen-vetendas-polis-deleduzlarla-elbirdir\/"},"wordCount":1871,"publisher":{"@id":"https:\/\/www.meydan.tv\/az\/#organization"},"image":{"@id":"https:\/\/www.meydan.tv\/az\/article\/bakida-aldadildigini-deyen-vetendas-polis-deleduzlarla-elbirdir\/#primaryimage"},"thumbnailUrl":"https:\/\/www.meydan.tv\/wp-content\/uploads\/polis-3.jpg","articleSection":["Sosial","T\u00f6vsiy\u0259","X\u0259b\u0259rl\u0259r"],"inLanguage":"az"},{"@type":"WebPage","@id":"https:\/\/www.meydan.tv\/az\/article\/bakida-aldadildigini-deyen-vetendas-polis-deleduzlarla-elbirdir\/","url":"https:\/\/www.meydan.tv\/az\/article\/bakida-aldadildigini-deyen-vetendas-polis-deleduzlarla-elbirdir\/","name":"Bak\u0131da aldad\u0131ld\u0131\u011f\u0131n\u0131 dey\u0259n v\u0259t\u0259nda\u015f: \"Polis d\u0259l\u0259duzlarla \u0259lbirdir\" - MEYDAN.TV","isPartOf":{"@id":"https:\/\/www.meydan.tv\/az\/#website"},"primaryImageOfPage":{"@id":"https:\/\/www.meydan.tv\/az\/article\/bakida-aldadildigini-deyen-vetendas-polis-deleduzlarla-elbirdir\/#primaryimage"},"image":{"@id":"https:\/\/www.meydan.tv\/az\/article\/bakida-aldadildigini-deyen-vetendas-polis-deleduzlarla-elbirdir\/#primaryimage"},"thumbnailUrl":"https:\/\/www.meydan.tv\/wp-content\/uploads\/polis-3.jpg","datePublished":"2024-05-29T07:26:10+00:00","dateModified":"2024-05-29T11:21:03+00:00","breadcrumb":{"@id":"https:\/\/www.meydan.tv\/az\/article\/bakida-aldadildigini-deyen-vetendas-polis-deleduzlarla-elbirdir\/#breadcrumb"},"inLanguage":"az","potentialAction":[{"@type":"ReadAction","target":["https:\/\/www.meydan.tv\/az\/article\/bakida-aldadildigini-deyen-vetendas-polis-deleduzlarla-elbirdir\/"]}]},{"@type":"ImageObject","inLanguage":"az","@id":"https:\/\/www.meydan.tv\/az\/article\/bakida-aldadildigini-deyen-vetendas-polis-deleduzlarla-elbirdir\/#primaryimage","url":"https:\/\/www.meydan.tv\/wp-content\/uploads\/polis-3.jpg","contentUrl":"https:\/\/www.meydan.tv\/wp-content\/uploads\/polis-3.jpg","width":1350,"height":900,"caption":"Foto: D\u0130N"},{"@type":"BreadcrumbList","@id":"https:\/\/www.meydan.tv\/az\/article\/bakida-aldadildigini-deyen-vetendas-polis-deleduzlarla-elbirdir\/#breadcrumb","itemListElement":[{"@type":"ListItem","position":1,"name":"Ana s\u0259hif\u0259","item":"https:\/\/www.meydan.tv\/az\/"},{"@type":"ListItem","position":2,"name":"T\u00f6vsiy\u0259","item":"https:\/\/www.meydan.tv\/az\/section\/featured\/"},{"@type":"ListItem","position":3,"name":"Bak\u0131da aldad\u0131ld\u0131\u011f\u0131n\u0131 dey\u0259n v\u0259t\u0259nda\u015f: &#8220;Polis d\u0259l\u0259duzlarla \u0259lbirdir&#8221;"}]},{"@type":"WebSite","@id":"https:\/\/www.meydan.tv\/az\/#website","url":"https:\/\/www.meydan.tv\/az\/","name":"MEYDAN.TV","description":"Meydan TV Az\u0259rbaycan\u0131n media m\u0259kan\u0131ndak\u0131 alternativ s\u0259sidir","publisher":{"@id":"https:\/\/www.meydan.tv\/az\/#organization"},"potentialAction":[{"@type":"SearchAction","target":{"@type":"EntryPoint","urlTemplate":"https:\/\/www.meydan.tv\/az\/?s={search_term_string}"},"query-input":{"@type":"PropertyValueSpecification","valueRequired":true,"valueName":"search_term_string"}}],"inLanguage":"az"},{"@type":"Organization","@id":"https:\/\/www.meydan.tv\/az\/#organization","name":"Meydan TV","url":"https:\/\/www.meydan.tv\/az\/","logo":{"@type":"ImageObject","inLanguage":"az","@id":"https:\/\/www.meydan.tv\/az\/#\/schema\/logo\/image\/","url":"https:\/\/www.meydan.tv\/wp-content\/uploads\/2021\/07\/meydan-logo.svg","contentUrl":"https:\/\/www.meydan.tv\/wp-content\/uploads\/2021\/07\/meydan-logo.svg","width":195,"height":46,"caption":"Meydan TV"},"image":{"@id":"https:\/\/www.meydan.tv\/az\/#\/schema\/logo\/image\/"}},{"@type":"Person","@id":"https:\/\/www.meydan.tv\/az\/#\/schema\/person\/9cdbecf90d17180ce1dfbd95b08dcf47","name":"elli","sameAs":["https:\/\/x.com\/elli"]}]}},"_links":{"self":[{"href":"https:\/\/www.meydan.tv\/az\/wp-json\/wp\/v2\/posts\/306898","targetHints":{"allow":["GET"]}}],"collection":[{"href":"https:\/\/www.meydan.tv\/az\/wp-json\/wp\/v2\/posts"}],"about":[{"href":"https:\/\/www.meydan.tv\/az\/wp-json\/wp\/v2\/types\/post"}],"author":[{"embeddable":true,"href":"https:\/\/www.meydan.tv\/az\/wp-json\/wp\/v2\/users\/8"}],"replies":[{"embeddable":true,"href":"https:\/\/www.meydan.tv\/az\/wp-json\/wp\/v2\/comments?post=306898"}],"version-history":[{"count":8,"href":"https:\/\/www.meydan.tv\/az\/wp-json\/wp\/v2\/posts\/306898\/revisions"}],"predecessor-version":[{"id":306952,"href":"https:\/\/www.meydan.tv\/az\/wp-json\/wp\/v2\/posts\/306898\/revisions\/306952"}],"wp:featuredmedia":[{"embeddable":true,"href":"https:\/\/www.meydan.tv\/az\/wp-json\/wp\/v2\/media\/247152"}],"wp:attachment":[{"href":"https:\/\/www.meydan.tv\/az\/wp-json\/wp\/v2\/media?parent=306898"}],"wp:term":[{"taxonomy":"category","embeddable":true,"href":"https:\/\/www.meydan.tv\/az\/wp-json\/wp\/v2\/categories?post=306898"},{"taxonomy":"post_tag","embeddable":true,"href":"https:\/\/www.meydan.tv\/az\/wp-json\/wp\/v2\/tags?post=306898"}],"curies":[{"name":"wp","href":"https:\/\/api.w.org\/{rel}","templated":true}]}}