{"id":306816,"date":"2024-05-28T16:31:54","date_gmt":"2024-05-28T12:31:54","guid":{"rendered":"https:\/\/www.meydan.tv\/?p=306816"},"modified":"2024-05-28T17:44:55","modified_gmt":"2024-05-28T13:44:55","slug":"gence-sakini-belece-burada-curuyurem","status":"publish","type":"post","link":"https:\/\/www.meydan.tv\/az\/article\/gence-sakini-belece-burada-curuyurem\/","title":{"rendered":"G\u0259nc\u0259 sakini: \u201cBel\u0259c\u0259, burada \u00e7\u00fcr\u00fcy\u00fcr\u0259m\u201d"},"content":{"rendered":"\n<p><\/p>\n\n\n\n<p><strong><em>C\u0259nn\u0259t H\u0259s\u0259nova: \u201cS\u0259h\u0259r\u0259 yax\u0131n saat 4-5-\u0259 q\u0259d\u0259r i\u015fl\u0259yirik, b\u0259z\u0259n i\u015fd\u0259 ba\u015f\u0131m f\u0131rlan\u0131r, hu\u015fumu itirib y\u0131x\u0131l\u0131ram\u201d<\/em><\/strong><\/p>\n\n\n\n<p>G\u0259nc\u0259 sakini C\u0259nn\u0259t H\u0259s\u0259nova Meydan TV-y\u0259 deyir ki, ill\u0259rdir sa\u011flaml\u0131\u011f\u0131nda ciddi probleml\u0259r var, m\u00fcxt\u0259lif x\u0259st\u0259likl\u0259rd\u0259n \u0259ziyy\u0259t \u00e7\u0259kir. Buna baxmayaraq, i\u015fl\u0259m\u0259k m\u0259cburiyy\u0259tind\u0259dir. \u00c7\u00fcnki n\u0259 pensiya ala bilir, n\u0259 d\u0259 ona maddi yard\u0131m ed\u0259c\u0259k kims\u0259 var.<\/p>\n\n\n\n<p>59 ya\u015fl\u0131 C\u0259nn\u0259t H\u0259s\u0259nova G\u0259nc\u0259d\u0259ki yataqxanalardan birind\u0259 nimda\u015f otaqda t\u0259k ya\u015fay\u0131r.<\/p>\n\n\n\n<p>Dan\u0131\u015f\u0131r ki, otaqdak\u0131 r\u00fctub\u0259t, \u015f\u0259raitsizlik onsuz da a\u011f\u0131r olan s\u0259hh\u0259tin\u0259 daha da pis t\u0259sir g\u00f6st\u0259rir:<\/p>\n\n\n\n<p>\u201c<em>Kanalizasiya yox, su yox, divarlar u\u00e7ub t\u00f6k\u00fcl\u00fcr&#8230; R\u00fctub\u0259tli, \u015f\u0259raitsiz, qaranl\u0131q bir otaqd\u0131r. He\u00e7 x\u0259st\u0259likl\u0259rimi m\u00fcalic\u0259 el\u0259m\u0259y\u0259 imkan yoxdur, \u015f\u0259raitimi nec\u0259 d\u00fcz\u0259ldim. Bel\u0259c\u0259, \u00f6z\u00fcm d\u0259 burada \u00e7\u00fcr\u00fcy\u00fcr\u0259m. Ba\u015f\u0131mda boynumun arxas\u0131nda 5 millimetr \u00f6l\u00e7\u00fcd\u0259 ocaqlar var. Sol qoluma maye y\u0131\u011f\u0131l\u0131b. \u00dcr\u0259yimd\u0259 ciddi probleml\u0259r var. B\u00f6yr\u0259yim b\u00fcz\u00fc\u015f\u00fcr. X\u0259stlikl\u0259rimi saymaqla bitmir. Normal m\u00fcalic\u0259 d\u0259 ala bilmir\u0259m\u201d.<\/em><\/p>\n\n\n<div class=\"wp-block-image\">\n<figure class=\"alignleft size-large is-resized\"><img decoding=\"async\" width=\"489\" height=\"821\" data-src=\"https:\/\/www.meydan.tv\/wp-content\/uploads\/2-17-489x821.jpg\" alt=\"\" class=\"wp-image-306817 lazyload\" style=\"--smush-placeholder-width: 489px; --smush-placeholder-aspect-ratio: 489\/821;width:328px;height:auto\" src=\"data:image\/svg+xml;base64,PHN2ZyB3aWR0aD0iMSIgaGVpZ2h0PSIxIiB4bWxucz0iaHR0cDovL3d3dy53My5vcmcvMjAwMC9zdmciPjwvc3ZnPg==\" \/><figcaption class=\"wp-element-caption\">C\u0259nn\u0259t H\u0259s\u0259nova. Foto: \u015fikay\u0259t\u00e7inin arxivind\u0259n<\/figcaption><\/figure>\n<\/div>\n\n\n<p>C\u0259nn\u0259t H\u0259s\u0259nova G\u0259nc\u0259 \u015e\u0259h\u0259r M\u0259nzil-Kommunal T\u0259s\u0259rr\u00fcfat\u0131 \u0130stehsalat Birliyind\u0259 i\u015fl\u0259yir, xadim\u0259dir, yollar\u0131n t\u0259mizliyi il\u0259 m\u0259\u015f\u011ful olur.<\/p>\n\n\n\n<p>\u018fsas\u0259n, gec\u0259l\u0259r i\u015fl\u0259diyini dey\u0259n C\u0259nn\u0259t H\u0259s\u0259novan\u0131n s\u00f6zl\u0259rin\u0259 g\u00f6r\u0259, maa\u015f\u0131 az olsa da, ac\u0131ndan \u00f6lm\u0259m\u0259k \u00fc\u00e7\u00fcn buna m\u0259cburdur:<\/p>\n\n\n\n<p>\u201c<em>Yollar\u0131 s\u00fcp\u00fcr\u00fcr\u0259m. Ad\u0259t\u0259n, gec\u0259 saat 1-d\u0259n s\u0259h\u0259r\u0259 yax\u0131n 4-5-\u0259 q\u0259d\u0259r i\u015fl\u0259yirik. O vaxtlar k\u00fc\u00e7\u0259d\u0259 ma\u015f\u0131n da, adam da az olur. Maa\u015f\u0131m 320 manatd\u0131r. Bu, birt\u0259h\u0259r dolanma\u011fa zorla \u00e7atan puldur. Amma dolan\u0131\u015f\u0131qdan k\u0259sib, b\u0259zi d\u0259rmanlar\u0131m\u0131 al\u0131ram. Amma bu, tam m\u00fcalic\u0259 deyil ax\u0131&#8230; X\u0259st\u0259likl\u0259r m\u0259n\u0259 i\u015fl\u0259m\u0259y\u0259 d\u0259 imkan vermir. B\u0259z\u0259n i\u015fl\u0259y\u0259nd\u0259 ba\u015f\u0131m f\u0131rlan\u0131r, hu\u015fumu itirib y\u0131x\u0131l\u0131ram. Sol t\u0259r\u0259fim az qala, i\u015fl\u0259mir, hiss el\u0259mir\u0259m, bir d\u0259 bax\u0131ram ki, y\u0131x\u0131lm\u0131\u015fam\u201d.<\/em><\/p>\n\n\n\n<p>C\u0259nn\u0259t H\u0259s\u0259novan\u0131 \u015fikay\u0259tl\u0259ndiyi \u0259sas m\u0259s\u0259l\u0259 is\u0259 bir \u00e7ox x\u0259st\u0259likl\u0259rd\u0259n \u0259ziyy\u0259t \u00e7\u0259km\u0259sin\u0259 baxmayaraq, ona \u0259lillik t\u0259yin olunmamas\u0131d\u0131r.<\/p>\n\n\n\n<p>O iddia edir ki, bir ne\u00e7\u0259 il \u00f6nc\u0259 m\u00fcayin\u0259l\u0259rd\u0259n ke\u00e7s\u0259 d\u0259, onun n\u0259tic\u0259l\u0259ril\u0259 ba\u011fl\u0131 s\u0259n\u0259dl\u0259rd\u0259n ba\u015fqas\u0131 \u00fc\u00e7\u00fcn istifad\u0259 olunub v\u0259 h\u0259min \u015f\u0259xs\u0259 \u0259lillik t\u0259yin olunub, pensiya al\u0131r:<\/p>\n\n\n\n<p>\u201c<em>H\u0259min adam\u0131n kim oldu\u011funu da bilir\u0259m. O vaxt ba\u015f\u0131m h\u0259rl\u0259ndi, y\u0131x\u0131ld\u0131m. H\u0259kim m\u0259ni MRT m\u00fcayin\u0259sin\u0259 g\u00f6nd\u0259rdi. G\u0259nc\u0259d\u0259ki Beyn\u0259lxalq X\u0259st\u0259xanada m\u00fcayin\u0259d\u0259n ke\u00e7dim. Ba\u015f\u0131mda v\u0259 boynumda ocaqlar a\u015fkarland\u0131. Bak\u0131ya \u2013 Mirqas\u0131mov ad\u0131na Respublika X\u0259st\u0259xanas\u0131na g\u00f6nd\u0259rdil\u0259r. Sonra G\u0259nc\u0259y\u0259 &#8211; Abbas S\u0259hh\u0259t ad\u0131na X\u0259st\u0259xanaya g\u00f6nd\u0259rdil\u0259r. Ba\u015f\u0131ma oyun g\u0259tirdil\u0259r. M\u0259nim diaqnozumdan ba\u015fqas\u0131n\u0131n xeyrin\u0259 istifad\u0259 el\u0259dil\u0259r. 3 ay 15 g\u00fcnl\u00fck b\u00fclletenim d\u0259 c\u0259mi 20 g\u00fcn yaz\u0131ld\u0131&#8230;\u201d.<\/em><\/p>\n\n\n\n<p>17 il \u0259m\u0259k staj\u0131 oldu\u011funu dey\u0259n C\u0259nn\u0259t H\u0259s\u0259nova gileyl\u0259nir ki, sa\u011flaml\u0131\u011f\u0131 i\u015fl\u0259m\u0259y\u0259 imkan verm\u0259y\u0259nd\u0259 b\u00fclleten\u0259 d\u0259 \u00e7\u0131xa bilmir, \u00e7\u00fcnki ona icaz\u0259 vermirl\u0259r:<\/p>\n\n\n\n<p>\u201c<em>Deyirl\u0259r ki, \u201ci\u015fl\u0259y\u0259 bilmirs\u0259ns\u0259, \u00e7\u0131x\u201d. M\u0259n d\u0259 i\u015fd\u0259n \u00e7\u0131x\u0131m, b\u0259s n\u0259 yeyim?\u201d<\/em><\/p>\n\n\n<div class=\"wp-block-image\">\n<figure class=\"alignright size-large is-resized\"><img decoding=\"async\" width=\"594\" height=\"821\" data-src=\"https:\/\/www.meydan.tv\/wp-content\/uploads\/img_7200-594x821.jpg\" alt=\"\" class=\"wp-image-306823 lazyload\" style=\"--smush-placeholder-width: 594px; --smush-placeholder-aspect-ratio: 594\/821;width:362px;height:auto\" src=\"data:image\/svg+xml;base64,PHN2ZyB3aWR0aD0iMSIgaGVpZ2h0PSIxIiB4bWxucz0iaHR0cDovL3d3dy53My5vcmcvMjAwMC9zdmciPjwvc3ZnPg==\" \/><\/figure>\n<\/div>\n\n\n<p>O \u0259lav\u0259 edib ki, bir ne\u00e7\u0259 d\u0259f\u0259 G\u0259nc\u0259nin icra ba\u015f\u00e7\u0131s\u0131n\u0131n q\u0259buluna yaz\u0131l\u0131b, lakin onu q\u0259bul el\u0259y\u0259n olmay\u0131b.<\/p>\n\n\n\n<p>C\u0259nn\u0259t H\u0259s\u0259nova d\u00f6vl\u0259t ba\u015f\u00e7\u0131s\u0131 v\u0259 onun xan\u0131m\u0131ndan k\u00f6m\u0259k ist\u0259yir. Deyir ki, x\u0259st\u0259lik s\u0259n\u0259dl\u0259rinin ciddi ara\u015fd\u0131r\u0131lmas\u0131na ehtiyac var:<\/p>\n\n\n\n<p><em>\u201cXahi\u015f edir\u0259m ki, Mehriban xan\u0131m x\u0259st\u0259lik s\u0259n\u0259dl\u0259rimin ciddi ara\u015fd\u0131r\u0131lmas\u0131nda m\u0259n\u0259 k\u00f6m\u0259k el\u0259sin. M\u0259n bu v\u0259ziyy\u0259td\u0259 z\u00fclm \u00e7\u0259k\u0259-\u00e7\u0259k\u0259 ya\u015fay\u0131ram. \u00dcst\u0259lik, m\u0259ni h\u0259d\u0259l\u0259yirl\u0259r ki, \u015fikay\u0259tl\u0259rimi dayand\u0131rmasam, n\u0259tic\u0259si daha a\u011f\u0131r olacaq\u201d.<\/em><\/p>\n\n\n\n<p>G\u0259nc\u0259 \u015e\u0259h\u0259r \u0130cra Hakimiyy\u0259tind\u0259n Meydan TV-y\u0259 bildirilib ki, bu qurumda b\u00fct\u00fcn v\u0259t\u0259nda\u015flar\u0131n m\u00fcraci\u0259tin\u0259, probleml\u0259rin\u0259 h\u0259ssas yana\u015f\u0131l\u0131r:<\/p>\n\n\n\n<p>\u201c<em>Kimliyind\u0259n as\u0131l\u0131 olmayaraq, icra hakimiyy\u0259tin\u0259 m\u00fcraci\u0259t ed\u0259n h\u0259r bir v\u0259t\u0259nda\u015fa h\u0259ssas m\u00fcnasib\u0259t var. M\u00fcmk\u00fcn deyil ki, kims\u0259 G\u0259nc\u0259 \u015e\u0259h\u0259r \u0130cra Hakimiyy\u0259tin\u0259 d\u0259f\u0259l\u0259rl\u0259 m\u00fcraci\u0259t el\u0259sin, ona \u0259h\u0259miyy\u0259t verilm\u0259sin\u201d.<\/em><\/p>\n\n\n\n<p>G\u0259nc\u0259d\u0259 yerl\u0259\u015f\u0259n Abbas S\u0259hh\u0259t ad\u0131na 1 n\u00f6mr\u0259li \u015e\u0259h\u0259r X\u0259st\u0259xanas\u0131ndan da bildirilib ki, C\u0259nn\u0259t H\u0259s\u0259novan\u0131n diaqnozunun ba\u015fqas\u0131n\u0131n tibbi s\u0259n\u0259dl\u0259rind\u0259 istifad\u0259 olunmas\u0131 v\u0259 n\u0259tic\u0259d\u0259 h\u0259min \u015f\u0259xs\u0259 \u0259lillik t\u0259yin olunmas\u0131 haqda iddialar h\u0259qiq\u0259t\u0259uy\u011fun deyil.<\/p>\n","protected":false},"excerpt":{"rendered":"<p>C\u0259nn\u0259t H\u0259s\u0259nova: \u201cS\u0259h\u0259r\u0259 yax\u0131n saat 4-5-\u0259 q\u0259d\u0259r i\u015fl\u0259yirik, b\u0259z\u0259n i\u015fd\u0259 &#8230; <\/p>\n<p class=\"read-more-container\"><a title=\"G\u0259nc\u0259 sakini: \u201cBel\u0259c\u0259, burada \u00e7\u00fcr\u00fcy\u00fcr\u0259m\u201d\" class=\"read-more button\" href=\"https:\/\/www.meydan.tv\/az\/article\/gence-sakini-belece-burada-curuyurem\/#more-306816\" aria-label=\"Read more about G\u0259nc\u0259 sakini: \u201cBel\u0259c\u0259, burada \u00e7\u00fcr\u00fcy\u00fcr\u0259m\u201d\">Davam\u0131<\/a><\/p>\n","protected":false},"author":8,"featured_media":306820,"comment_status":"closed","ping_status":"closed","sticky":false,"template":"","format":"standard","meta":{"_acf_changed":false,"_sitemap_exclude":false,"_sitemap_priority":"","_sitemap_frequency":"","footnotes":""},"categories":[60,79,56],"tags":[],"class_list":["post-306816","post","type-post","status-publish","format-standard","has-post-thumbnail","hentry","category-bolge","category-featured","category-xeberler","infinite-scroll-item","generate-columns","tablet-grid-50","mobile-grid-100","grid-parent","grid-33","no-featured-image-padding"],"acf":[],"yoast_head":"<!-- This site is optimized with the Yoast SEO plugin v27.4 - https:\/\/yoast.com\/product\/yoast-seo-wordpress\/ -->\n<title>G\u0259nc\u0259 sakini: \u201cBel\u0259c\u0259, burada \u00e7\u00fcr\u00fcy\u00fcr\u0259m\u201d - MEYDAN.TV<\/title>\n<meta name=\"robots\" content=\"index, follow, max-snippet:-1, max-image-preview:large, max-video-preview:-1\" \/>\n<link rel=\"canonical\" href=\"https:\/\/www.meydan.tv\/az\/article\/gence-sakini-belece-burada-curuyurem\/\" \/>\n<meta property=\"og:locale\" content=\"az_AZ\" \/>\n<meta property=\"og:type\" content=\"article\" \/>\n<meta property=\"og:title\" content=\"G\u0259nc\u0259 sakini: \u201cBel\u0259c\u0259, burada \u00e7\u00fcr\u00fcy\u00fcr\u0259m\u201d - MEYDAN.TV\" \/>\n<meta property=\"og:description\" content=\"C\u0259nn\u0259t H\u0259s\u0259nova: \u201cS\u0259h\u0259r\u0259 yax\u0131n saat 4-5-\u0259 q\u0259d\u0259r i\u015fl\u0259yirik, b\u0259z\u0259n i\u015fd\u0259 ... Davam\u0131\" \/>\n<meta property=\"og:url\" content=\"https:\/\/www.meydan.tv\/az\/article\/gence-sakini-belece-burada-curuyurem\/\" \/>\n<meta property=\"og:site_name\" content=\"MEYDAN.TV\" \/>\n<meta property=\"article:published_time\" content=\"2024-05-28T12:31:54+00:00\" \/>\n<meta property=\"article:modified_time\" content=\"2024-05-28T13:44:55+00:00\" \/>\n<meta property=\"og:image\" content=\"https:\/\/www.meydan.tv\/wp-content\/uploads\/1455715049201019495_1200x630.jpg\" \/>\n\t<meta property=\"og:image:width\" content=\"1200\" \/>\n\t<meta property=\"og:image:height\" content=\"799\" \/>\n\t<meta property=\"og:image:type\" content=\"image\/jpeg\" \/>\n<meta name=\"author\" content=\"elli\" \/>\n<meta name=\"twitter:card\" content=\"summary_large_image\" \/>\n<meta name=\"twitter:creator\" content=\"@elli\" \/>\n<script type=\"application\/ld+json\" class=\"yoast-schema-graph\">{\"@context\":\"https:\\\/\\\/schema.org\",\"@graph\":[{\"@type\":\"Article\",\"@id\":\"https:\\\/\\\/www.meydan.tv\\\/az\\\/article\\\/gence-sakini-belece-burada-curuyurem\\\/#article\",\"isPartOf\":{\"@id\":\"https:\\\/\\\/www.meydan.tv\\\/az\\\/article\\\/gence-sakini-belece-burada-curuyurem\\\/\"},\"author\":{\"name\":\"elli\",\"@id\":\"https:\\\/\\\/www.meydan.tv\\\/az\\\/#\\\/schema\\\/person\\\/9cdbecf90d17180ce1dfbd95b08dcf47\"},\"headline\":\"G\u0259nc\u0259 sakini: \u201cBel\u0259c\u0259, burada \u00e7\u00fcr\u00fcy\u00fcr\u0259m\u201d\",\"datePublished\":\"2024-05-28T12:31:54+00:00\",\"dateModified\":\"2024-05-28T13:44:55+00:00\",\"mainEntityOfPage\":{\"@id\":\"https:\\\/\\\/www.meydan.tv\\\/az\\\/article\\\/gence-sakini-belece-burada-curuyurem\\\/\"},\"wordCount\":970,\"publisher\":{\"@id\":\"https:\\\/\\\/www.meydan.tv\\\/az\\\/#organization\"},\"image\":{\"@id\":\"https:\\\/\\\/www.meydan.tv\\\/az\\\/article\\\/gence-sakini-belece-burada-curuyurem\\\/#primaryimage\"},\"thumbnailUrl\":\"https:\\\/\\\/www.meydan.tv\\\/wp-content\\\/uploads\\\/1455715049201019495_1200x630.jpg\",\"articleSection\":[\"B\u00f6lg\u0259\",\"T\u00f6vsiy\u0259\",\"X\u0259b\u0259rl\u0259r\"],\"inLanguage\":\"az\"},{\"@type\":\"WebPage\",\"@id\":\"https:\\\/\\\/www.meydan.tv\\\/az\\\/article\\\/gence-sakini-belece-burada-curuyurem\\\/\",\"url\":\"https:\\\/\\\/www.meydan.tv\\\/az\\\/article\\\/gence-sakini-belece-burada-curuyurem\\\/\",\"name\":\"G\u0259nc\u0259 sakini: \u201cBel\u0259c\u0259, burada \u00e7\u00fcr\u00fcy\u00fcr\u0259m\u201d - MEYDAN.TV\",\"isPartOf\":{\"@id\":\"https:\\\/\\\/www.meydan.tv\\\/az\\\/#website\"},\"primaryImageOfPage\":{\"@id\":\"https:\\\/\\\/www.meydan.tv\\\/az\\\/article\\\/gence-sakini-belece-burada-curuyurem\\\/#primaryimage\"},\"image\":{\"@id\":\"https:\\\/\\\/www.meydan.tv\\\/az\\\/article\\\/gence-sakini-belece-burada-curuyurem\\\/#primaryimage\"},\"thumbnailUrl\":\"https:\\\/\\\/www.meydan.tv\\\/wp-content\\\/uploads\\\/1455715049201019495_1200x630.jpg\",\"datePublished\":\"2024-05-28T12:31:54+00:00\",\"dateModified\":\"2024-05-28T13:44:55+00:00\",\"breadcrumb\":{\"@id\":\"https:\\\/\\\/www.meydan.tv\\\/az\\\/article\\\/gence-sakini-belece-burada-curuyurem\\\/#breadcrumb\"},\"inLanguage\":\"az\",\"potentialAction\":[{\"@type\":\"ReadAction\",\"target\":[\"https:\\\/\\\/www.meydan.tv\\\/az\\\/article\\\/gence-sakini-belece-burada-curuyurem\\\/\"]}]},{\"@type\":\"ImageObject\",\"inLanguage\":\"az\",\"@id\":\"https:\\\/\\\/www.meydan.tv\\\/az\\\/article\\\/gence-sakini-belece-burada-curuyurem\\\/#primaryimage\",\"url\":\"https:\\\/\\\/www.meydan.tv\\\/wp-content\\\/uploads\\\/1455715049201019495_1200x630.jpg\",\"contentUrl\":\"https:\\\/\\\/www.meydan.tv\\\/wp-content\\\/uploads\\\/1455715049201019495_1200x630.jpg\",\"width\":1200,\"height\":799,\"caption\":\"G\u0259nc\u0259 Abbas S\u0259hh\u0259t ad\u0131na X\u0259st\u0259xana. Foto: Az\u0259rtac\"},{\"@type\":\"BreadcrumbList\",\"@id\":\"https:\\\/\\\/www.meydan.tv\\\/az\\\/article\\\/gence-sakini-belece-burada-curuyurem\\\/#breadcrumb\",\"itemListElement\":[{\"@type\":\"ListItem\",\"position\":1,\"name\":\"Ana s\u0259hif\u0259\",\"item\":\"https:\\\/\\\/www.meydan.tv\\\/az\\\/\"},{\"@type\":\"ListItem\",\"position\":2,\"name\":\"B\u00f6lg\u0259\",\"item\":\"https:\\\/\\\/www.meydan.tv\\\/az\\\/section\\\/bolge\\\/\"},{\"@type\":\"ListItem\",\"position\":3,\"name\":\"G\u0259nc\u0259 sakini: \u201cBel\u0259c\u0259, burada \u00e7\u00fcr\u00fcy\u00fcr\u0259m\u201d\"}]},{\"@type\":\"WebSite\",\"@id\":\"https:\\\/\\\/www.meydan.tv\\\/az\\\/#website\",\"url\":\"https:\\\/\\\/www.meydan.tv\\\/az\\\/\",\"name\":\"MEYDAN.TV\",\"description\":\"Meydan TV Az\u0259rbaycan\u0131n media m\u0259kan\u0131ndak\u0131 alternativ s\u0259sidir\",\"publisher\":{\"@id\":\"https:\\\/\\\/www.meydan.tv\\\/az\\\/#organization\"},\"potentialAction\":[{\"@type\":\"SearchAction\",\"target\":{\"@type\":\"EntryPoint\",\"urlTemplate\":\"https:\\\/\\\/www.meydan.tv\\\/az\\\/?s={search_term_string}\"},\"query-input\":{\"@type\":\"PropertyValueSpecification\",\"valueRequired\":true,\"valueName\":\"search_term_string\"}}],\"inLanguage\":\"az\"},{\"@type\":\"Organization\",\"@id\":\"https:\\\/\\\/www.meydan.tv\\\/az\\\/#organization\",\"name\":\"Meydan TV\",\"url\":\"https:\\\/\\\/www.meydan.tv\\\/az\\\/\",\"logo\":{\"@type\":\"ImageObject\",\"inLanguage\":\"az\",\"@id\":\"https:\\\/\\\/www.meydan.tv\\\/az\\\/#\\\/schema\\\/logo\\\/image\\\/\",\"url\":\"https:\\\/\\\/www.meydan.tv\\\/wp-content\\\/uploads\\\/2021\\\/07\\\/meydan-logo.svg\",\"contentUrl\":\"https:\\\/\\\/www.meydan.tv\\\/wp-content\\\/uploads\\\/2021\\\/07\\\/meydan-logo.svg\",\"width\":195,\"height\":46,\"caption\":\"Meydan TV\"},\"image\":{\"@id\":\"https:\\\/\\\/www.meydan.tv\\\/az\\\/#\\\/schema\\\/logo\\\/image\\\/\"}},{\"@type\":\"Person\",\"@id\":\"https:\\\/\\\/www.meydan.tv\\\/az\\\/#\\\/schema\\\/person\\\/9cdbecf90d17180ce1dfbd95b08dcf47\",\"name\":\"elli\",\"sameAs\":[\"https:\\\/\\\/x.com\\\/elli\"]}]}<\/script>\n<!-- \/ Yoast SEO plugin. -->","yoast_head_json":{"title":"G\u0259nc\u0259 sakini: \u201cBel\u0259c\u0259, burada \u00e7\u00fcr\u00fcy\u00fcr\u0259m\u201d - MEYDAN.TV","robots":{"index":"index","follow":"follow","max-snippet":"max-snippet:-1","max-image-preview":"max-image-preview:large","max-video-preview":"max-video-preview:-1"},"canonical":"https:\/\/www.meydan.tv\/az\/article\/gence-sakini-belece-burada-curuyurem\/","og_locale":"az_AZ","og_type":"article","og_title":"G\u0259nc\u0259 sakini: \u201cBel\u0259c\u0259, burada \u00e7\u00fcr\u00fcy\u00fcr\u0259m\u201d - MEYDAN.TV","og_description":"C\u0259nn\u0259t H\u0259s\u0259nova: \u201cS\u0259h\u0259r\u0259 yax\u0131n saat 4-5-\u0259 q\u0259d\u0259r i\u015fl\u0259yirik, b\u0259z\u0259n i\u015fd\u0259 ... Davam\u0131","og_url":"https:\/\/www.meydan.tv\/az\/article\/gence-sakini-belece-burada-curuyurem\/","og_site_name":"MEYDAN.TV","article_published_time":"2024-05-28T12:31:54+00:00","article_modified_time":"2024-05-28T13:44:55+00:00","og_image":[{"width":1200,"height":799,"url":"https:\/\/www.meydan.tv\/wp-content\/uploads\/1455715049201019495_1200x630.jpg","type":"image\/jpeg"}],"author":"elli","twitter_card":"summary_large_image","twitter_creator":"@elli","schema":{"@context":"https:\/\/schema.org","@graph":[{"@type":"Article","@id":"https:\/\/www.meydan.tv\/az\/article\/gence-sakini-belece-burada-curuyurem\/#article","isPartOf":{"@id":"https:\/\/www.meydan.tv\/az\/article\/gence-sakini-belece-burada-curuyurem\/"},"author":{"name":"elli","@id":"https:\/\/www.meydan.tv\/az\/#\/schema\/person\/9cdbecf90d17180ce1dfbd95b08dcf47"},"headline":"G\u0259nc\u0259 sakini: \u201cBel\u0259c\u0259, burada \u00e7\u00fcr\u00fcy\u00fcr\u0259m\u201d","datePublished":"2024-05-28T12:31:54+00:00","dateModified":"2024-05-28T13:44:55+00:00","mainEntityOfPage":{"@id":"https:\/\/www.meydan.tv\/az\/article\/gence-sakini-belece-burada-curuyurem\/"},"wordCount":970,"publisher":{"@id":"https:\/\/www.meydan.tv\/az\/#organization"},"image":{"@id":"https:\/\/www.meydan.tv\/az\/article\/gence-sakini-belece-burada-curuyurem\/#primaryimage"},"thumbnailUrl":"https:\/\/www.meydan.tv\/wp-content\/uploads\/1455715049201019495_1200x630.jpg","articleSection":["B\u00f6lg\u0259","T\u00f6vsiy\u0259","X\u0259b\u0259rl\u0259r"],"inLanguage":"az"},{"@type":"WebPage","@id":"https:\/\/www.meydan.tv\/az\/article\/gence-sakini-belece-burada-curuyurem\/","url":"https:\/\/www.meydan.tv\/az\/article\/gence-sakini-belece-burada-curuyurem\/","name":"G\u0259nc\u0259 sakini: \u201cBel\u0259c\u0259, burada \u00e7\u00fcr\u00fcy\u00fcr\u0259m\u201d - MEYDAN.TV","isPartOf":{"@id":"https:\/\/www.meydan.tv\/az\/#website"},"primaryImageOfPage":{"@id":"https:\/\/www.meydan.tv\/az\/article\/gence-sakini-belece-burada-curuyurem\/#primaryimage"},"image":{"@id":"https:\/\/www.meydan.tv\/az\/article\/gence-sakini-belece-burada-curuyurem\/#primaryimage"},"thumbnailUrl":"https:\/\/www.meydan.tv\/wp-content\/uploads\/1455715049201019495_1200x630.jpg","datePublished":"2024-05-28T12:31:54+00:00","dateModified":"2024-05-28T13:44:55+00:00","breadcrumb":{"@id":"https:\/\/www.meydan.tv\/az\/article\/gence-sakini-belece-burada-curuyurem\/#breadcrumb"},"inLanguage":"az","potentialAction":[{"@type":"ReadAction","target":["https:\/\/www.meydan.tv\/az\/article\/gence-sakini-belece-burada-curuyurem\/"]}]},{"@type":"ImageObject","inLanguage":"az","@id":"https:\/\/www.meydan.tv\/az\/article\/gence-sakini-belece-burada-curuyurem\/#primaryimage","url":"https:\/\/www.meydan.tv\/wp-content\/uploads\/1455715049201019495_1200x630.jpg","contentUrl":"https:\/\/www.meydan.tv\/wp-content\/uploads\/1455715049201019495_1200x630.jpg","width":1200,"height":799,"caption":"G\u0259nc\u0259 Abbas S\u0259hh\u0259t ad\u0131na X\u0259st\u0259xana. Foto: Az\u0259rtac"},{"@type":"BreadcrumbList","@id":"https:\/\/www.meydan.tv\/az\/article\/gence-sakini-belece-burada-curuyurem\/#breadcrumb","itemListElement":[{"@type":"ListItem","position":1,"name":"Ana s\u0259hif\u0259","item":"https:\/\/www.meydan.tv\/az\/"},{"@type":"ListItem","position":2,"name":"B\u00f6lg\u0259","item":"https:\/\/www.meydan.tv\/az\/section\/bolge\/"},{"@type":"ListItem","position":3,"name":"G\u0259nc\u0259 sakini: \u201cBel\u0259c\u0259, burada \u00e7\u00fcr\u00fcy\u00fcr\u0259m\u201d"}]},{"@type":"WebSite","@id":"https:\/\/www.meydan.tv\/az\/#website","url":"https:\/\/www.meydan.tv\/az\/","name":"MEYDAN.TV","description":"Meydan TV Az\u0259rbaycan\u0131n media m\u0259kan\u0131ndak\u0131 alternativ s\u0259sidir","publisher":{"@id":"https:\/\/www.meydan.tv\/az\/#organization"},"potentialAction":[{"@type":"SearchAction","target":{"@type":"EntryPoint","urlTemplate":"https:\/\/www.meydan.tv\/az\/?s={search_term_string}"},"query-input":{"@type":"PropertyValueSpecification","valueRequired":true,"valueName":"search_term_string"}}],"inLanguage":"az"},{"@type":"Organization","@id":"https:\/\/www.meydan.tv\/az\/#organization","name":"Meydan TV","url":"https:\/\/www.meydan.tv\/az\/","logo":{"@type":"ImageObject","inLanguage":"az","@id":"https:\/\/www.meydan.tv\/az\/#\/schema\/logo\/image\/","url":"https:\/\/www.meydan.tv\/wp-content\/uploads\/2021\/07\/meydan-logo.svg","contentUrl":"https:\/\/www.meydan.tv\/wp-content\/uploads\/2021\/07\/meydan-logo.svg","width":195,"height":46,"caption":"Meydan TV"},"image":{"@id":"https:\/\/www.meydan.tv\/az\/#\/schema\/logo\/image\/"}},{"@type":"Person","@id":"https:\/\/www.meydan.tv\/az\/#\/schema\/person\/9cdbecf90d17180ce1dfbd95b08dcf47","name":"elli","sameAs":["https:\/\/x.com\/elli"]}]}},"_links":{"self":[{"href":"https:\/\/www.meydan.tv\/az\/wp-json\/wp\/v2\/posts\/306816","targetHints":{"allow":["GET"]}}],"collection":[{"href":"https:\/\/www.meydan.tv\/az\/wp-json\/wp\/v2\/posts"}],"about":[{"href":"https:\/\/www.meydan.tv\/az\/wp-json\/wp\/v2\/types\/post"}],"author":[{"embeddable":true,"href":"https:\/\/www.meydan.tv\/az\/wp-json\/wp\/v2\/users\/8"}],"replies":[{"embeddable":true,"href":"https:\/\/www.meydan.tv\/az\/wp-json\/wp\/v2\/comments?post=306816"}],"version-history":[{"count":3,"href":"https:\/\/www.meydan.tv\/az\/wp-json\/wp\/v2\/posts\/306816\/revisions"}],"predecessor-version":[{"id":306859,"href":"https:\/\/www.meydan.tv\/az\/wp-json\/wp\/v2\/posts\/306816\/revisions\/306859"}],"wp:featuredmedia":[{"embeddable":true,"href":"https:\/\/www.meydan.tv\/az\/wp-json\/wp\/v2\/media\/306820"}],"wp:attachment":[{"href":"https:\/\/www.meydan.tv\/az\/wp-json\/wp\/v2\/media?parent=306816"}],"wp:term":[{"taxonomy":"category","embeddable":true,"href":"https:\/\/www.meydan.tv\/az\/wp-json\/wp\/v2\/categories?post=306816"},{"taxonomy":"post_tag","embeddable":true,"href":"https:\/\/www.meydan.tv\/az\/wp-json\/wp\/v2\/tags?post=306816"}],"curies":[{"name":"wp","href":"https:\/\/api.w.org\/{rel}","templated":true}]}}