{"id":306780,"date":"2024-05-27T20:37:50","date_gmt":"2024-05-27T16:37:50","guid":{"rendered":"https:\/\/www.meydan.tv\/?p=306780"},"modified":"2024-05-27T21:03:25","modified_gmt":"2024-05-27T17:03:25","slug":"qanunsuz-saxlanildigini-deyen-surucu-yol-polisinden-bas-prokurora-sikayet-edir","status":"publish","type":"post","link":"https:\/\/www.meydan.tv\/az\/article\/qanunsuz-saxlanildigini-deyen-surucu-yol-polisinden-bas-prokurora-sikayet-edir\/","title":{"rendered":"Qanunsuz saxlan\u0131ld\u0131\u011f\u0131n\u0131 dey\u0259n s\u00fcr\u00fcc\u00fc yol polisind\u0259n Ba\u015f prokurora \u015fikay\u0259t edir"},"content":{"rendered":"\n<p><\/p>\n\n\n\n<p><strong><em>&#8220;Xahi\u015f edir\u0259m, polis ad\u0131na l\u0259k\u0259 g\u0259tir\u0259n bel\u0259 m\u0259murun \u00f6zba\u015f\u0131nal\u0131\u011f\u0131na son qoyas\u0131n\u0131z&#8221;<\/em><\/strong><\/p>\n\n\n\n<p>Bak\u0131 sakini \u015e\u0259bn\u0259m Topba\u015ftekin deyir ki, bu il mart\u0131n 23-d\u0259 istifad\u0259sind\u0259 olan 77GS448 d\u00f6vl\u0259t n\u00f6mr\u0259 ni\u015fanl\u0131 &#8220;Ford Mustang&#8221; markal\u0131 avtomobil Yasamal rayonu, Qurban X\u0259lilov 4A k\u00fc\u00e7\u0259sind\u0259 h\u0259r\u0259k\u0259td\u0259 olark\u0259n DYP \u0259m\u0259kda\u015f\u0131 t\u0259r\u0259find\u0259n saxlan\u0131l\u0131b.<\/p>\n\n\n\n<p>Avtomobili saxlayan yol patrul xidm\u0259tinin \u0259m\u0259kda\u015f\u0131 ondan s\u0259n\u0259dl\u0259rini t\u0259l\u0259b edib.<\/p>\n\n\n\n<p>\u015e\u0259bn\u0259m Topba\u015ftekin Meydan TV-y\u0259 deyir ki, s\u00fcr\u00fcc\u00fcl\u00fck v\u0259siq\u0259sinin, n\u0259qliyyat vasit\u0259sinin \u015f\u0259had\u0259tnam\u0259sinin yoxlan\u0131lmas\u0131n\u0131n yaln\u0131z stasionar postlarda h\u0259yata ke\u00e7irildiyini bils\u0259 d\u0259, m\u00fcbahis\u0259 etm\u0259m\u0259k \u00fc\u00e7\u00fcn s\u0259n\u0259dl\u0259rini t\u0259qdim edib.<\/p>\n\n\n\n<p>S\u00fcr\u00fcc\u00fc polisd\u0259n ad v\u0259 soyad\u0131n\u0131, h\u0259m\u00e7inin r\u00fctb\u0259sini s\u00f6ru\u015fsa da, o, he\u00e7 bir m\u0259lumat verm\u0259yib.<\/p>\n\n\n\n<p>Polis \u0259m\u0259kda\u015f\u0131 avtomobilin s\u0259sbo\u011fucusunda olan qaynaq izini g\u00f6st\u0259r\u0259r\u0259k \u0259lav\u0259 avadanl\u0131q qura\u015fd\u0131r\u0131ld\u0131\u011f\u0131n\u0131 iddia edib. Ona g\u00f6r\u0259 d\u0259 s\u00fcr\u00fcc\u00fcl\u00fck v\u0259siq\u0259sini geri qaytarmay\u0131b.<\/p>\n\n\n\n<p>Bundan ba\u015fqa, ona v\u0259siq\u0259ni \u0259v\u0259z ed\u0259n m\u00fcv\u0259qq\u0259ti s\u0259n\u0259d d\u0259 verm\u0259yib.<\/p>\n\n\n\n<p>\u015e\u0259bn\u0259m Topba\u015ftekin deyir ki, yol polisin\u0259 avtomobild\u0259 h\u0259r hans\u0131 \u0259lav\u0259 qur\u011fu qura\u015fd\u0131r\u0131lmad\u0131\u011f\u0131n\u0131 des\u0259 d\u0259, faydas\u0131 olmay\u0131b:<\/p>\n\n\n\n<p>\u201c<em>Avtomobilimd\u0259 he\u00e7 bir avadanl\u0131q, o c\u00fcml\u0259d\u0259n, s\u0259sbo\u011fucu d\u0259yi\u015fdirm\u0259mi\u015f\u0259m.&nbsp; H\u0259min ma\u015f\u0131n\u0131 2023-c\u00fc ilin iyun ay\u0131nda bir saytdan sifari\u015f edib, alm\u0131\u015fam. H\u0259min model ma\u015f\u0131nlarda (2022 model Ford Mustang) olan s\u0259sbo\u011fucu m\u0259nim ma\u015f\u0131n\u0131mda oldu\u011fu kimidir. Ma\u015f\u0131n Az\u0259rbaycana g\u0259tirildikd\u0259 D\u00f6vl\u0259t Yol Polisi \u0130dar\u0259sind\u0259 d\u00f6vl\u0259t qeydiyyat\u0131na d\u00fc\u015f\u0259rk\u0259n, texniki bax\u0131\u015fdan ke\u00e7ib, \u0259g\u0259r s\u0259sbo\u011fucu normativ qaydalara uy\u011fun olmasayd\u0131, d\u00f6vl\u0259t qeydiyyat\u0131ndan imtina olunard\u0131. Bunlar\u0131 yol polisin\u0259 des\u0259m d\u0259, n\u0259tic\u0259si olmad\u0131. O, yol qaydas\u0131n\u0131n pozulmas\u0131 haqq\u0131nda he\u00e7 bir madd\u0259 bildirm\u0259di, he\u00e7 bir protokol yazmad\u0131. M\u0259n\u0259: \u201cBunun c\u0259rim\u0259si 800 manatd\u0131r, yerind\u0259 \u00f6d\u0259 ki, ma\u015f\u0131n\u0131n\u0131 aparmay\u0131m\u201d, &#8211; dedi. Protokolsuz bu pulu m\u0259nd\u0259n t\u0259l\u0259b etm\u0259kl\u0259 qanunu pozdu\u011funu xat\u0131rlatsam da, m\u0259h\u0259l qoymad\u0131\u201d.<\/em><\/p>\n\n\n\n<p>Onun s\u00f6zl\u0259rin\u0259 g\u00f6r\u0259, yol polisi il\u0259 m\u00fcbahis\u0259 etm\u0259yib v\u0259 h\u0259min vaxt onun avtomobilind\u0259 olan iki xan\u0131mla birlikd\u0259 d\u00fc\u015f\u0259r\u0259k yax\u0131nl\u0131qdak\u0131 \u00fcnvana gedib. Geri qay\u0131danda is\u0259 ma\u015f\u0131n\u0131 yerind\u0259 tapmay\u0131b:<\/p>\n\n\n\n<p>\u201c<em>\u018ftrafdaki tan\u0131\u015flardan ma\u015f\u0131n\u0131m\u0131 h\u0259min yol patrul xidm\u0259tinin evakuatorla apard\u0131\u011f\u0131n\u0131 \u00f6yr\u0259ndim. Mart\u0131n 26-da m\u0259n v\u0259 yolda\u015f\u0131m D\u0130N &#8220;102 Xidm\u0259ti&#8221;n\u0259 d\u0259f\u0259l\u0259rl\u0259 z\u0259ng edib ma\u015f\u0131n\u0131n yol polisi t\u0259r\u0259find\u0259n evakuatorla apar\u0131lmas\u0131 bar\u0259d\u0259 m\u0259lumat verdik. 24 saatdan \u00e7ox m\u00fcdd\u0259t ke\u00e7m\u0259sin\u0259 baxmayaraq polisd\u0259n geri d\u00f6n\u00fc\u015f olmad\u0131, telefonuma protokol&nbsp; haqq\u0131nda mesaj da g\u0259lm\u0259di\u201d.<\/em><\/p>\n\n\n<div class=\"wp-block-image\">\n<figure class=\"aligncenter size-large\"><img decoding=\"async\" width=\"929\" height=\"821\" data-src=\"https:\/\/www.meydan.tv\/wp-content\/uploads\/4-5-929x821.jpg\" alt=\"\" class=\"wp-image-306781 lazyload\" src=\"data:image\/svg+xml;base64,PHN2ZyB3aWR0aD0iMSIgaGVpZ2h0PSIxIiB4bWxucz0iaHR0cDovL3d3dy53My5vcmcvMjAwMC9zdmciPjwvc3ZnPg==\" style=\"--smush-placeholder-width: 929px; --smush-placeholder-aspect-ratio: 929\/821;\" \/><figcaption class=\"wp-element-caption\">Foto: Meydan TV<\/figcaption><\/figure>\n<\/div>\n\n\n<p>Narahatl\u0131\u011f\u0131 artan v\u0259t\u0259nda\u015f mart\u0131n 27-d\u0259 Daxili \u0130\u015fl\u0259r Nazirliyin\u0259 onlayn, Bak\u0131 \u015e\u0259h\u0259r Yol Polis \u0130dar\u0259sin\u0259 is\u0259 \u0259riz\u0259yl\u0259 \u0259yani m\u00fcraci\u0259t edib.<\/p>\n\n\n\n<p>Ona bildirilib ki, ba\u015f ver\u0259nl\u0259rd\u0259 h\u0259r hans\u0131 qanun pozuntusu yoxdur v\u0259 onunla \u00f6zl\u0259ri \u0259laq\u0259 saxlayacaqlar.<\/p>\n\n\n\n<p>V\u0259t\u0259nda\u015fsa daha bir g\u00fcn d\u0259 g\u00f6zl\u0259y\u0259nd\u0259n sonra ba\u015f\u0131na g\u0259l\u0259nl\u0259ri ictimail\u0259\u015fdirm\u0259k q\u0259rar\u0131na g\u0259lib v\u0259 yerli x\u0259b\u0259r portallar\u0131na m\u0259lumat verib:<\/p>\n\n\n\n<p><em>\u201cX\u0259b\u0259r portal\u0131 Daxili \u0130\u015fl\u0259r Nazirliyin\u0259 sor\u011fu g\u00f6nd\u0259rdikd\u0259n sonra \u2013 mart\u0131n 29-da istifad\u0259md\u0259 olan telefona q\u0259rars\u0131z c\u0259rim\u0259 haqq\u0131nda mesaj g\u0259ldi. Mesajda g\u00f6st\u0259ril\u0259n tarix 3 g\u00fcn \u0259vv\u0259l\u0259 &#8211; mart\u0131n 26-na qeyd olunmu\u015fdu. Ancaq yen\u0259 d\u0259 ma\u015f\u0131n\u0131n yeri bar\u0259d\u0259 h\u0259r hans\u0131 m\u0259lumat yox idi. Avtomobilimin konkret hans\u0131 yol patrul ma\u015f\u0131n\u0131 t\u0259r\u0259find\u0259n apar\u0131ld\u0131\u011fn\u0131 bildirs\u0259m d\u0259, 102&nbsp; Xidm\u0259tind\u0259n v\u0259 B\u015eDYP-d\u0259n mart\u0131n 30-d\u0259k harada saxland\u0131\u011f\u0131 bar\u0259d\u0259 m\u0259lumat almad\u0131\u011f\u0131mdan \u00e7ox narahat idim. Ona g\u00f6r\u0259 d\u0259 ma\u015f\u0131n\u0131m\u0131n itm\u0259si v\u0259 ba\u015f\u0131ma g\u0259l\u0259nl\u0259rl\u0259 ba\u011fl\u0131 mart\u0131n 30-da Yasamal Rayon Prokurorlu\u011funa m\u00fcraci\u0259t etdim. Prokuror k\u00f6m\u0259k\u00e7isi m\u0259ni q\u0259bul etdikd\u0259n 10 d\u0259qiq\u0259 sonra ma\u015f\u0131n\u0131m\u0131n hans\u0131 c\u0259rim\u0259 meydan\u00e7as\u0131nda oldu\u011fu bar\u0259d\u0259 m\u0259lumatland\u0131r\u0131ld\u0131m\u201d.<\/em><\/p>\n\n\n\n<p>\u015eikay\u0259t\u00e7i qeyd edib ki, problem bununla da bitm\u0259yib. Sonradan &#8220;\u0130nzibati x\u0259ta haqq\u0131nda&#8221; Protokolun t\u0259rtib edilm\u0259si \u00fc\u00e7\u00fcn Yasamal DYP-n\u0259 \u00e7a\u011f\u0131r\u0131landa ona m\u0259lum olub ki, s\u0259n\u0259dl\u0259rd\u0259ki tarixl\u0259r saxtala\u015fd\u0131r\u0131l\u0131b. Aprelin 17-d\u0259 n\u00f6vb\u0259ti d\u0259f\u0259 Yasamal DYP-d\u0259 olub. Ondan protokolu oxumadan imzalanmas\u0131 t\u0259l\u0259b edilib:<\/p>\n\n\n\n<p><em>\u201c10-cu otaqda m\u00fclki geyimd\u0259 olan v\u0259 \u00f6z\u00fcn\u00fc t\u0259qdim etm\u0259y\u0259n \u015f\u0259xs&nbsp; m\u0259niml\u0259 kobud r\u0259ftar ed\u0259r\u0259k protokolu oxumadan imzalama\u011f\u0131m\u0131 t\u0259l\u0259b etdi. M\u0259n oxumaq \u00fc\u00e7\u00fcn israr etdikd\u0259 ota\u011f\u0131ndan \u00e7\u0131xma\u011f\u0131m\u0131, protokolu oxuma\u011f\u0131ma icaz\u0259 verm\u0259diyini bildirdi\u201d.<\/em><\/p>\n\n\n<div class=\"wp-block-image\">\n<figure class=\"aligncenter size-full\"><img decoding=\"async\" width=\"1200\" height=\"800\" data-src=\"https:\/\/www.meydan.tv\/wp-content\/uploads\/din-1.jpg\" alt=\"\" class=\"wp-image-294906 lazyload\" src=\"data:image\/svg+xml;base64,PHN2ZyB3aWR0aD0iMSIgaGVpZ2h0PSIxIiB4bWxucz0iaHR0cDovL3d3dy53My5vcmcvMjAwMC9zdmciPjwvc3ZnPg==\" style=\"--smush-placeholder-width: 1200px; --smush-placeholder-aspect-ratio: 1200\/800;\" \/><figcaption class=\"wp-element-caption\">Daxili \u0130\u015fl\u0259r Nazirliyi. Foto: D\u0130N<\/figcaption><\/figure>\n<\/div>\n\n\n<p>Aprelin 19-da \u015e\u0259bn\u0259m Topba\u015ftekinin i\u015ftirak\u0131yla &#8220;\u0130nzibati x\u0259ta haqq\u0131nda&#8221; Protokol t\u0259rtib olunub. Protokolda qeyd edilib ki, s\u00fcr\u00fcc\u00fc \u0130nzibati X\u0259talar M\u0259c\u0259ll\u0259sinin 342.2 (normativ t\u0259l\u0259bl\u0259r pozulmaqla \u0259lav\u0259 avadanl\u0131\u011f\u0131n qura\u015fd\u0131r\u0131lmas\u0131) v\u0259 327.1 (manevr etm\u0259 qaydalar\u0131n\u0131n pozulmas\u0131) madd\u0259l\u0259rind\u0259 n\u0259z\u0259rd\u0259 tutulmu\u015f inzibati x\u0259tan\u0131 t\u00f6r\u0259dib. \u00d6z\u00fc is\u0259 bununla raz\u0131 deyil:<\/p>\n\n\n\n<p>\u201c<em>\u0130nzibati X\u0259talar M\u0259c\u0259ll\u0259sinin 100.1.4-c\u00fc madd\u0259sin\u0259 \u0259sas\u0259n, protokokda inzibati x\u0259tan\u0131n mahiyy\u0259ti g\u00f6st\u0259rilm\u0259lidir. Hans\u0131 h\u00fcquq pozuntusu v\u0259 inzibati x\u0259ta t\u00f6r\u0259tm\u0259kd\u0259 t\u0259qsirl\u0259ndirildiyim is\u0259 bu protokolda ayd\u0131n deyildi. Hans\u0131 manevr qaydas\u0131n\u0131 pozmu\u015fam, hans\u0131 avadanl\u0131\u011f\u0131 qura\u015fd\u0131r\u0131m\u0131\u015fam, avadanl\u0131q qura\u015fd\u0131r\u0131l\u0131bsa, hans\u0131 normativ\u0259 ziddir, bunlar bar\u0259d\u0259 m\u0259lumat yoxdur&#8221;<\/em>.<\/p>\n\n\n\n<p>&#8220;<em>Bak\u0131 \u015e\u0259h\u0259r Yasamal Rayon Polis \u0130dar\u0259sinin D\u00f6vl\u0259t Yol Polisi \u015e\u00f6b\u0259sin\u0259 inzibati x\u0259ta haqq\u0131nda i\u015f \u00fczr\u0259 icraata xitam verilm\u0259sin\u0259 v\u0259 polisin intizam m\u0259suliyy\u0259tin\u0259 c\u0259lb edilm\u0259si haqq\u0131nda po\u00e7tla yaz\u0131l\u0131 \u015f\u0259kild\u0259 g\u00f6nd\u0259rdiyim m\u0259ktub aprelin 23-d\u0259 imzalanaraq q\u0259bul edils\u0259 d\u0259, sonradan \u00e7oxlu m\u00fcraci\u0259tl\u0259rimd\u0259n, n\u0259hay\u0259t, daxili i\u015fl\u0259r naziri Vilay\u0259t Eyvazova m\u00fcraci\u0259td\u0259n sonra m\u0259ktub ald\u0131m. M\u0259ktubda yaz\u0131lana g\u00f6r\u0259, guya avtomobil yoxlan\u0131lark\u0259n istismar qaydalar\u0131n\u0131n pozulmas\u0131 fakt\u0131 t\u0259sdiqini tap\u0131b. Halbuki, avtomobil m\u0259nim \u015f\u0259xsi \u0259mlak\u0131md\u0131r v\u0259 i\u015ftirak\u0131m olmadan yoxlan\u0131lmas\u0131 qanunsuzdur. Avtomobilin a\u00e7ar\u0131 m\u0259nd\u0259 oldu\u011fu halda, ma\u015f\u0131n\u0131n qaz\u0131 verilm\u0259d\u0259n s\u0259sbo\u011fucunu nec\u0259 yoxlay\u0131blar, bu da ayr\u0131 biab\u0131r\u00e7\u0131l\u0131qd\u0131r\u201d,<\/em> &#8211; dey\u0259 o vur\u011fulay\u0131b.<\/p>\n\n\n<div class=\"wp-block-image\">\n<figure class=\"aligncenter size-large\"><img decoding=\"async\" width=\"1200\" height=\"668\" data-src=\"https:\/\/www.meydan.tv\/wp-content\/uploads\/screenshot-at-aug-10-14-51-49-1200x668.png\" alt=\"Ba\u015f Prokurorluq. Foto: Meydan TV\" class=\"wp-image-252941 lazyload\" src=\"data:image\/svg+xml;base64,PHN2ZyB3aWR0aD0iMSIgaGVpZ2h0PSIxIiB4bWxucz0iaHR0cDovL3d3dy53My5vcmcvMjAwMC9zdmciPjwvc3ZnPg==\" style=\"--smush-placeholder-width: 1200px; --smush-placeholder-aspect-ratio: 1200\/668;\" \/><figcaption class=\"wp-element-caption\">Ba\u015f Prokurorluq. Foto: Meydan TV<\/figcaption><\/figure>\n<\/div>\n\n\n<p>\u015e\u0259bn\u0259m Topba\u015ftekinin iddias\u0131na g\u00f6r\u0259, onun v\u0259 ekspertin i\u015ftirak\u0131 olmadan bel\u0259 bir protokolun yaz\u0131lmas\u0131 qanun pozuntusudur.<\/p>\n\n\n\n<p>V\u0259t\u0259nda\u015f ba\u015f\u0131na g\u0259l\u0259nl\u0259ri Ba\u015f prokuror Kamran \u018fliyev\u0259 d\u0259 yaz\u0131b v\u0259 m\u0259s\u0259l\u0259ni n\u0259zar\u0259t\u0259 g\u00f6t\u00fcrm\u0259sini xahi\u015f edib:<\/p>\n\n\n\n<p><em>\u201cMay\u0131n 5-d\u0259 Yasamal Rayon Polis \u0130dar\u0259sin\u0259 gedib inzibati t\u0259nbehverm\u0259 haqq\u0131nda q\u0259rar\u0131 alsam da, d\u0131rnaqaras\u0131 s\u0259n\u0259dd\u0259 he\u00e7 bir v\u0259zif\u0259li \u015f\u0259xsin imzas\u0131 v\u0259 d\u00f6vl\u0259t m\u00f6h\u00fcr\u00fc yoxdur. C\u0259nab Ba\u015f prokuror, Sizd\u0259n xahi\u015f edir\u0259m ki, polis ad\u0131na l\u0259k\u0259 g\u0259tir\u0259n bel\u0259 m\u0259mur \u00f6zba\u015f\u0131nal\u0131\u011f\u0131na son qoyulmas\u0131 \u00fc\u00e7\u00fcn qanuni t\u0259dbirl\u0259r g\u00f6r\u0259siniz\u201d.<\/em><\/p>\n\n\n\n<p>Meydan TV iddialara ayd\u0131nl\u0131q g\u0259tirilm\u0259si \u00fc\u00e7\u00fcn \u00f6t\u0259n h\u0259ft\u0259 Daxili \u0130\u015fl\u0259r Nazirliyinin M\u0259tbuat Xidm\u0259ti \u0130dar\u0259sinin s\u00f6z\u00e7\u00fcs\u00fc Zeyni H\u00fcseynova m\u00fcraci\u0259t edib, ancaq h\u0259l\u0259lik m\u0259s\u0259l\u0259y\u0259 r\u0259smi m\u00fcnasib\u0259t bildirilm\u0259yib.<\/p>\n\n\n\n<p>Bak\u0131 \u015e\u0259h\u0259r Ba\u015f Polis \u0130dar\u0259sinin DYP \u0130dar\u0259sind\u0259n bildirilib ki, s\u00fcr\u00fcc\u00fc \u015e.Topba\u015ftekin manevretm\u0259 qaydalar\u0131n\u0131 pozdu\u011fu \u00fc\u00e7\u00fcn DYP \u0259m\u0259kda\u015f\u0131 t\u0259r\u0259find\u0259n saxlan\u0131l\u0131b:<\/p>\n\n\n\n<p>\u201c<em>Bu zaman m\u00fcvafiq s\u0259n\u0259dl\u0259r yoxlan\u0131l\u0131b, el\u0259c\u0259 d\u0259 avtomobil\u0259 bax\u0131\u015f ke\u00e7iril\u0259rk\u0259n n\u0259qliyyat vasit\u0259sind\u0259 konstruksiya d\u0259yi\u015fikliyi edilm\u0259si a\u015fkar olunub. Bununla ba\u011fl\u0131 olaraq n\u0259qliyyat vasit\u0259si qanunvericiliy\u0259 uy\u011fun olaraq m\u00fchafiz\u0259 il\u0259 t\u0259min edilmi\u015f duraca\u011fa yerl\u0259\u015fdirilib\u201d.<\/em><\/p>\n","protected":false},"excerpt":{"rendered":"<p>&#8220;Xahi\u015f edir\u0259m, polis ad\u0131na l\u0259k\u0259 g\u0259tir\u0259n bel\u0259 m\u0259murun \u00f6zba\u015f\u0131nal\u0131\u011f\u0131na son &#8230; <\/p>\n<p class=\"read-more-container\"><a title=\"Qanunsuz saxlan\u0131ld\u0131\u011f\u0131n\u0131 dey\u0259n s\u00fcr\u00fcc\u00fc yol polisind\u0259n Ba\u015f prokurora \u015fikay\u0259t edir\" class=\"read-more button\" href=\"https:\/\/www.meydan.tv\/az\/article\/qanunsuz-saxlanildigini-deyen-surucu-yol-polisinden-bas-prokurora-sikayet-edir\/#more-306780\" aria-label=\"Read more about Qanunsuz saxlan\u0131ld\u0131\u011f\u0131n\u0131 dey\u0259n s\u00fcr\u00fcc\u00fc yol polisind\u0259n Ba\u015f prokurora \u015fikay\u0259t edir\">Davam\u0131<\/a><\/p>\n","protected":false},"author":8,"featured_media":274056,"comment_status":"closed","ping_status":"closed","sticky":false,"template":"","format":"standard","meta":{"_acf_changed":false,"_sitemap_exclude":false,"_sitemap_priority":"","_sitemap_frequency":"","footnotes":""},"categories":[62,56],"tags":[],"class_list":["post-306780","post","type-post","status-publish","format-standard","has-post-thumbnail","hentry","category-sosial","category-xeberler","infinite-scroll-item","generate-columns","tablet-grid-50","mobile-grid-100","grid-parent","grid-33","no-featured-image-padding"],"acf":[],"yoast_head":"<!-- This site is optimized with the Yoast SEO plugin v27.5 - https:\/\/yoast.com\/product\/yoast-seo-wordpress\/ -->\n<title>Qanunsuz saxlan\u0131ld\u0131\u011f\u0131n\u0131 dey\u0259n s\u00fcr\u00fcc\u00fc yol polisind\u0259n Ba\u015f prokurora \u015fikay\u0259t edir - MEYDAN.TV<\/title>\n<meta name=\"robots\" content=\"index, follow, max-snippet:-1, max-image-preview:large, max-video-preview:-1\" \/>\n<link rel=\"canonical\" href=\"https:\/\/www.meydan.tv\/az\/article\/qanunsuz-saxlanildigini-deyen-surucu-yol-polisinden-bas-prokurora-sikayet-edir\/\" \/>\n<meta property=\"og:locale\" content=\"az_AZ\" \/>\n<meta property=\"og:type\" content=\"article\" \/>\n<meta property=\"og:title\" content=\"Qanunsuz saxlan\u0131ld\u0131\u011f\u0131n\u0131 dey\u0259n s\u00fcr\u00fcc\u00fc yol polisind\u0259n Ba\u015f prokurora \u015fikay\u0259t edir - MEYDAN.TV\" \/>\n<meta property=\"og:description\" content=\"&#8220;Xahi\u015f edir\u0259m, polis ad\u0131na l\u0259k\u0259 g\u0259tir\u0259n bel\u0259 m\u0259murun \u00f6zba\u015f\u0131nal\u0131\u011f\u0131na son ... Davam\u0131\" \/>\n<meta property=\"og:url\" content=\"https:\/\/www.meydan.tv\/az\/article\/qanunsuz-saxlanildigini-deyen-surucu-yol-polisinden-bas-prokurora-sikayet-edir\/\" \/>\n<meta property=\"og:site_name\" content=\"MEYDAN.TV\" \/>\n<meta property=\"article:published_time\" content=\"2024-05-27T16:37:50+00:00\" \/>\n<meta property=\"article:modified_time\" content=\"2024-05-27T17:03:25+00:00\" \/>\n<meta property=\"og:image\" content=\"https:\/\/www.meydan.tv\/wp-content\/uploads\/0a0691c0-4f46-4d1c-96da-08c6e79ba148-e1682944932538.jpg\" \/>\n\t<meta property=\"og:image:width\" content=\"1200\" \/>\n\t<meta property=\"og:image:height\" content=\"537\" \/>\n\t<meta property=\"og:image:type\" content=\"image\/jpeg\" \/>\n<meta name=\"author\" content=\"elli\" \/>\n<meta name=\"twitter:card\" content=\"summary_large_image\" \/>\n<meta name=\"twitter:creator\" content=\"@elli\" \/>\n<script type=\"application\/ld+json\" class=\"yoast-schema-graph\">{\"@context\":\"https:\\\/\\\/schema.org\",\"@graph\":[{\"@type\":\"Article\",\"@id\":\"https:\\\/\\\/www.meydan.tv\\\/az\\\/article\\\/qanunsuz-saxlanildigini-deyen-surucu-yol-polisinden-bas-prokurora-sikayet-edir\\\/#article\",\"isPartOf\":{\"@id\":\"https:\\\/\\\/www.meydan.tv\\\/az\\\/article\\\/qanunsuz-saxlanildigini-deyen-surucu-yol-polisinden-bas-prokurora-sikayet-edir\\\/\"},\"author\":{\"name\":\"elli\",\"@id\":\"https:\\\/\\\/www.meydan.tv\\\/az\\\/#\\\/schema\\\/person\\\/9cdbecf90d17180ce1dfbd95b08dcf47\"},\"headline\":\"Qanunsuz saxlan\u0131ld\u0131\u011f\u0131n\u0131 dey\u0259n s\u00fcr\u00fcc\u00fc yol polisind\u0259n Ba\u015f prokurora \u015fikay\u0259t edir\",\"datePublished\":\"2024-05-27T16:37:50+00:00\",\"dateModified\":\"2024-05-27T17:03:25+00:00\",\"mainEntityOfPage\":{\"@id\":\"https:\\\/\\\/www.meydan.tv\\\/az\\\/article\\\/qanunsuz-saxlanildigini-deyen-surucu-yol-polisinden-bas-prokurora-sikayet-edir\\\/\"},\"wordCount\":1491,\"publisher\":{\"@id\":\"https:\\\/\\\/www.meydan.tv\\\/az\\\/#organization\"},\"image\":{\"@id\":\"https:\\\/\\\/www.meydan.tv\\\/az\\\/article\\\/qanunsuz-saxlanildigini-deyen-surucu-yol-polisinden-bas-prokurora-sikayet-edir\\\/#primaryimage\"},\"thumbnailUrl\":\"https:\\\/\\\/www.meydan.tv\\\/wp-content\\\/uploads\\\/0a0691c0-4f46-4d1c-96da-08c6e79ba148-e1682944932538.jpg\",\"articleSection\":[\"Sosial\",\"X\u0259b\u0259rl\u0259r\"],\"inLanguage\":\"az\"},{\"@type\":\"WebPage\",\"@id\":\"https:\\\/\\\/www.meydan.tv\\\/az\\\/article\\\/qanunsuz-saxlanildigini-deyen-surucu-yol-polisinden-bas-prokurora-sikayet-edir\\\/\",\"url\":\"https:\\\/\\\/www.meydan.tv\\\/az\\\/article\\\/qanunsuz-saxlanildigini-deyen-surucu-yol-polisinden-bas-prokurora-sikayet-edir\\\/\",\"name\":\"Qanunsuz saxlan\u0131ld\u0131\u011f\u0131n\u0131 dey\u0259n s\u00fcr\u00fcc\u00fc yol polisind\u0259n Ba\u015f prokurora \u015fikay\u0259t edir - MEYDAN.TV\",\"isPartOf\":{\"@id\":\"https:\\\/\\\/www.meydan.tv\\\/az\\\/#website\"},\"primaryImageOfPage\":{\"@id\":\"https:\\\/\\\/www.meydan.tv\\\/az\\\/article\\\/qanunsuz-saxlanildigini-deyen-surucu-yol-polisinden-bas-prokurora-sikayet-edir\\\/#primaryimage\"},\"image\":{\"@id\":\"https:\\\/\\\/www.meydan.tv\\\/az\\\/article\\\/qanunsuz-saxlanildigini-deyen-surucu-yol-polisinden-bas-prokurora-sikayet-edir\\\/#primaryimage\"},\"thumbnailUrl\":\"https:\\\/\\\/www.meydan.tv\\\/wp-content\\\/uploads\\\/0a0691c0-4f46-4d1c-96da-08c6e79ba148-e1682944932538.jpg\",\"datePublished\":\"2024-05-27T16:37:50+00:00\",\"dateModified\":\"2024-05-27T17:03:25+00:00\",\"breadcrumb\":{\"@id\":\"https:\\\/\\\/www.meydan.tv\\\/az\\\/article\\\/qanunsuz-saxlanildigini-deyen-surucu-yol-polisinden-bas-prokurora-sikayet-edir\\\/#breadcrumb\"},\"inLanguage\":\"az\",\"potentialAction\":[{\"@type\":\"ReadAction\",\"target\":[\"https:\\\/\\\/www.meydan.tv\\\/az\\\/article\\\/qanunsuz-saxlanildigini-deyen-surucu-yol-polisinden-bas-prokurora-sikayet-edir\\\/\"]}]},{\"@type\":\"ImageObject\",\"inLanguage\":\"az\",\"@id\":\"https:\\\/\\\/www.meydan.tv\\\/az\\\/article\\\/qanunsuz-saxlanildigini-deyen-surucu-yol-polisinden-bas-prokurora-sikayet-edir\\\/#primaryimage\",\"url\":\"https:\\\/\\\/www.meydan.tv\\\/wp-content\\\/uploads\\\/0a0691c0-4f46-4d1c-96da-08c6e79ba148-e1682944932538.jpg\",\"contentUrl\":\"https:\\\/\\\/www.meydan.tv\\\/wp-content\\\/uploads\\\/0a0691c0-4f46-4d1c-96da-08c6e79ba148-e1682944932538.jpg\",\"width\":1200,\"height\":537,\"caption\":\"Yol polisi. Foto: D\u0130N\"},{\"@type\":\"BreadcrumbList\",\"@id\":\"https:\\\/\\\/www.meydan.tv\\\/az\\\/article\\\/qanunsuz-saxlanildigini-deyen-surucu-yol-polisinden-bas-prokurora-sikayet-edir\\\/#breadcrumb\",\"itemListElement\":[{\"@type\":\"ListItem\",\"position\":1,\"name\":\"Ana s\u0259hif\u0259\",\"item\":\"https:\\\/\\\/www.meydan.tv\\\/az\\\/\"},{\"@type\":\"ListItem\",\"position\":2,\"name\":\"Sosial\",\"item\":\"https:\\\/\\\/www.meydan.tv\\\/az\\\/section\\\/sosial\\\/\"},{\"@type\":\"ListItem\",\"position\":3,\"name\":\"Qanunsuz saxlan\u0131ld\u0131\u011f\u0131n\u0131 dey\u0259n s\u00fcr\u00fcc\u00fc yol polisind\u0259n Ba\u015f prokurora \u015fikay\u0259t edir\"}]},{\"@type\":\"WebSite\",\"@id\":\"https:\\\/\\\/www.meydan.tv\\\/az\\\/#website\",\"url\":\"https:\\\/\\\/www.meydan.tv\\\/az\\\/\",\"name\":\"MEYDAN.TV\",\"description\":\"Meydan TV Az\u0259rbaycan\u0131n media m\u0259kan\u0131ndak\u0131 alternativ s\u0259sidir\",\"publisher\":{\"@id\":\"https:\\\/\\\/www.meydan.tv\\\/az\\\/#organization\"},\"potentialAction\":[{\"@type\":\"SearchAction\",\"target\":{\"@type\":\"EntryPoint\",\"urlTemplate\":\"https:\\\/\\\/www.meydan.tv\\\/az\\\/?s={search_term_string}\"},\"query-input\":{\"@type\":\"PropertyValueSpecification\",\"valueRequired\":true,\"valueName\":\"search_term_string\"}}],\"inLanguage\":\"az\"},{\"@type\":\"Organization\",\"@id\":\"https:\\\/\\\/www.meydan.tv\\\/az\\\/#organization\",\"name\":\"Meydan TV\",\"url\":\"https:\\\/\\\/www.meydan.tv\\\/az\\\/\",\"logo\":{\"@type\":\"ImageObject\",\"inLanguage\":\"az\",\"@id\":\"https:\\\/\\\/www.meydan.tv\\\/az\\\/#\\\/schema\\\/logo\\\/image\\\/\",\"url\":\"https:\\\/\\\/www.meydan.tv\\\/wp-content\\\/uploads\\\/2021\\\/07\\\/meydan-logo.svg\",\"contentUrl\":\"https:\\\/\\\/www.meydan.tv\\\/wp-content\\\/uploads\\\/2021\\\/07\\\/meydan-logo.svg\",\"width\":195,\"height\":46,\"caption\":\"Meydan TV\"},\"image\":{\"@id\":\"https:\\\/\\\/www.meydan.tv\\\/az\\\/#\\\/schema\\\/logo\\\/image\\\/\"}},{\"@type\":\"Person\",\"@id\":\"https:\\\/\\\/www.meydan.tv\\\/az\\\/#\\\/schema\\\/person\\\/9cdbecf90d17180ce1dfbd95b08dcf47\",\"name\":\"elli\",\"sameAs\":[\"https:\\\/\\\/x.com\\\/elli\"]}]}<\/script>\n<!-- \/ Yoast SEO plugin. -->","yoast_head_json":{"title":"Qanunsuz saxlan\u0131ld\u0131\u011f\u0131n\u0131 dey\u0259n s\u00fcr\u00fcc\u00fc yol polisind\u0259n Ba\u015f prokurora \u015fikay\u0259t edir - MEYDAN.TV","robots":{"index":"index","follow":"follow","max-snippet":"max-snippet:-1","max-image-preview":"max-image-preview:large","max-video-preview":"max-video-preview:-1"},"canonical":"https:\/\/www.meydan.tv\/az\/article\/qanunsuz-saxlanildigini-deyen-surucu-yol-polisinden-bas-prokurora-sikayet-edir\/","og_locale":"az_AZ","og_type":"article","og_title":"Qanunsuz saxlan\u0131ld\u0131\u011f\u0131n\u0131 dey\u0259n s\u00fcr\u00fcc\u00fc yol polisind\u0259n Ba\u015f prokurora \u015fikay\u0259t edir - MEYDAN.TV","og_description":"&#8220;Xahi\u015f edir\u0259m, polis ad\u0131na l\u0259k\u0259 g\u0259tir\u0259n bel\u0259 m\u0259murun \u00f6zba\u015f\u0131nal\u0131\u011f\u0131na son ... Davam\u0131","og_url":"https:\/\/www.meydan.tv\/az\/article\/qanunsuz-saxlanildigini-deyen-surucu-yol-polisinden-bas-prokurora-sikayet-edir\/","og_site_name":"MEYDAN.TV","article_published_time":"2024-05-27T16:37:50+00:00","article_modified_time":"2024-05-27T17:03:25+00:00","og_image":[{"width":1200,"height":537,"url":"https:\/\/www.meydan.tv\/wp-content\/uploads\/0a0691c0-4f46-4d1c-96da-08c6e79ba148-e1682944932538.jpg","type":"image\/jpeg"}],"author":"elli","twitter_card":"summary_large_image","twitter_creator":"@elli","schema":{"@context":"https:\/\/schema.org","@graph":[{"@type":"Article","@id":"https:\/\/www.meydan.tv\/az\/article\/qanunsuz-saxlanildigini-deyen-surucu-yol-polisinden-bas-prokurora-sikayet-edir\/#article","isPartOf":{"@id":"https:\/\/www.meydan.tv\/az\/article\/qanunsuz-saxlanildigini-deyen-surucu-yol-polisinden-bas-prokurora-sikayet-edir\/"},"author":{"name":"elli","@id":"https:\/\/www.meydan.tv\/az\/#\/schema\/person\/9cdbecf90d17180ce1dfbd95b08dcf47"},"headline":"Qanunsuz saxlan\u0131ld\u0131\u011f\u0131n\u0131 dey\u0259n s\u00fcr\u00fcc\u00fc yol polisind\u0259n Ba\u015f prokurora \u015fikay\u0259t edir","datePublished":"2024-05-27T16:37:50+00:00","dateModified":"2024-05-27T17:03:25+00:00","mainEntityOfPage":{"@id":"https:\/\/www.meydan.tv\/az\/article\/qanunsuz-saxlanildigini-deyen-surucu-yol-polisinden-bas-prokurora-sikayet-edir\/"},"wordCount":1491,"publisher":{"@id":"https:\/\/www.meydan.tv\/az\/#organization"},"image":{"@id":"https:\/\/www.meydan.tv\/az\/article\/qanunsuz-saxlanildigini-deyen-surucu-yol-polisinden-bas-prokurora-sikayet-edir\/#primaryimage"},"thumbnailUrl":"https:\/\/www.meydan.tv\/wp-content\/uploads\/0a0691c0-4f46-4d1c-96da-08c6e79ba148-e1682944932538.jpg","articleSection":["Sosial","X\u0259b\u0259rl\u0259r"],"inLanguage":"az"},{"@type":"WebPage","@id":"https:\/\/www.meydan.tv\/az\/article\/qanunsuz-saxlanildigini-deyen-surucu-yol-polisinden-bas-prokurora-sikayet-edir\/","url":"https:\/\/www.meydan.tv\/az\/article\/qanunsuz-saxlanildigini-deyen-surucu-yol-polisinden-bas-prokurora-sikayet-edir\/","name":"Qanunsuz saxlan\u0131ld\u0131\u011f\u0131n\u0131 dey\u0259n s\u00fcr\u00fcc\u00fc yol polisind\u0259n Ba\u015f prokurora \u015fikay\u0259t edir - MEYDAN.TV","isPartOf":{"@id":"https:\/\/www.meydan.tv\/az\/#website"},"primaryImageOfPage":{"@id":"https:\/\/www.meydan.tv\/az\/article\/qanunsuz-saxlanildigini-deyen-surucu-yol-polisinden-bas-prokurora-sikayet-edir\/#primaryimage"},"image":{"@id":"https:\/\/www.meydan.tv\/az\/article\/qanunsuz-saxlanildigini-deyen-surucu-yol-polisinden-bas-prokurora-sikayet-edir\/#primaryimage"},"thumbnailUrl":"https:\/\/www.meydan.tv\/wp-content\/uploads\/0a0691c0-4f46-4d1c-96da-08c6e79ba148-e1682944932538.jpg","datePublished":"2024-05-27T16:37:50+00:00","dateModified":"2024-05-27T17:03:25+00:00","breadcrumb":{"@id":"https:\/\/www.meydan.tv\/az\/article\/qanunsuz-saxlanildigini-deyen-surucu-yol-polisinden-bas-prokurora-sikayet-edir\/#breadcrumb"},"inLanguage":"az","potentialAction":[{"@type":"ReadAction","target":["https:\/\/www.meydan.tv\/az\/article\/qanunsuz-saxlanildigini-deyen-surucu-yol-polisinden-bas-prokurora-sikayet-edir\/"]}]},{"@type":"ImageObject","inLanguage":"az","@id":"https:\/\/www.meydan.tv\/az\/article\/qanunsuz-saxlanildigini-deyen-surucu-yol-polisinden-bas-prokurora-sikayet-edir\/#primaryimage","url":"https:\/\/www.meydan.tv\/wp-content\/uploads\/0a0691c0-4f46-4d1c-96da-08c6e79ba148-e1682944932538.jpg","contentUrl":"https:\/\/www.meydan.tv\/wp-content\/uploads\/0a0691c0-4f46-4d1c-96da-08c6e79ba148-e1682944932538.jpg","width":1200,"height":537,"caption":"Yol polisi. Foto: D\u0130N"},{"@type":"BreadcrumbList","@id":"https:\/\/www.meydan.tv\/az\/article\/qanunsuz-saxlanildigini-deyen-surucu-yol-polisinden-bas-prokurora-sikayet-edir\/#breadcrumb","itemListElement":[{"@type":"ListItem","position":1,"name":"Ana s\u0259hif\u0259","item":"https:\/\/www.meydan.tv\/az\/"},{"@type":"ListItem","position":2,"name":"Sosial","item":"https:\/\/www.meydan.tv\/az\/section\/sosial\/"},{"@type":"ListItem","position":3,"name":"Qanunsuz saxlan\u0131ld\u0131\u011f\u0131n\u0131 dey\u0259n s\u00fcr\u00fcc\u00fc yol polisind\u0259n Ba\u015f prokurora \u015fikay\u0259t edir"}]},{"@type":"WebSite","@id":"https:\/\/www.meydan.tv\/az\/#website","url":"https:\/\/www.meydan.tv\/az\/","name":"MEYDAN.TV","description":"Meydan TV Az\u0259rbaycan\u0131n media m\u0259kan\u0131ndak\u0131 alternativ s\u0259sidir","publisher":{"@id":"https:\/\/www.meydan.tv\/az\/#organization"},"potentialAction":[{"@type":"SearchAction","target":{"@type":"EntryPoint","urlTemplate":"https:\/\/www.meydan.tv\/az\/?s={search_term_string}"},"query-input":{"@type":"PropertyValueSpecification","valueRequired":true,"valueName":"search_term_string"}}],"inLanguage":"az"},{"@type":"Organization","@id":"https:\/\/www.meydan.tv\/az\/#organization","name":"Meydan TV","url":"https:\/\/www.meydan.tv\/az\/","logo":{"@type":"ImageObject","inLanguage":"az","@id":"https:\/\/www.meydan.tv\/az\/#\/schema\/logo\/image\/","url":"https:\/\/www.meydan.tv\/wp-content\/uploads\/2021\/07\/meydan-logo.svg","contentUrl":"https:\/\/www.meydan.tv\/wp-content\/uploads\/2021\/07\/meydan-logo.svg","width":195,"height":46,"caption":"Meydan TV"},"image":{"@id":"https:\/\/www.meydan.tv\/az\/#\/schema\/logo\/image\/"}},{"@type":"Person","@id":"https:\/\/www.meydan.tv\/az\/#\/schema\/person\/9cdbecf90d17180ce1dfbd95b08dcf47","name":"elli","sameAs":["https:\/\/x.com\/elli"]}]}},"_links":{"self":[{"href":"https:\/\/www.meydan.tv\/az\/wp-json\/wp\/v2\/posts\/306780","targetHints":{"allow":["GET"]}}],"collection":[{"href":"https:\/\/www.meydan.tv\/az\/wp-json\/wp\/v2\/posts"}],"about":[{"href":"https:\/\/www.meydan.tv\/az\/wp-json\/wp\/v2\/types\/post"}],"author":[{"embeddable":true,"href":"https:\/\/www.meydan.tv\/az\/wp-json\/wp\/v2\/users\/8"}],"replies":[{"embeddable":true,"href":"https:\/\/www.meydan.tv\/az\/wp-json\/wp\/v2\/comments?post=306780"}],"version-history":[{"count":3,"href":"https:\/\/www.meydan.tv\/az\/wp-json\/wp\/v2\/posts\/306780\/revisions"}],"predecessor-version":[{"id":306786,"href":"https:\/\/www.meydan.tv\/az\/wp-json\/wp\/v2\/posts\/306780\/revisions\/306786"}],"wp:featuredmedia":[{"embeddable":true,"href":"https:\/\/www.meydan.tv\/az\/wp-json\/wp\/v2\/media\/274056"}],"wp:attachment":[{"href":"https:\/\/www.meydan.tv\/az\/wp-json\/wp\/v2\/media?parent=306780"}],"wp:term":[{"taxonomy":"category","embeddable":true,"href":"https:\/\/www.meydan.tv\/az\/wp-json\/wp\/v2\/categories?post=306780"},{"taxonomy":"post_tag","embeddable":true,"href":"https:\/\/www.meydan.tv\/az\/wp-json\/wp\/v2\/tags?post=306780"}],"curies":[{"name":"wp","href":"https:\/\/api.w.org\/{rel}","templated":true}]}}