{"id":306761,"date":"2024-05-27T18:06:54","date_gmt":"2024-05-27T14:06:54","guid":{"rendered":"https:\/\/www.meydan.tv\/?p=306761"},"modified":"2024-05-27T18:07:50","modified_gmt":"2024-05-27T14:07:50","slug":"etirazcilar-arxiyepiskopu-bas-nazir-vezifesine-ireli-surub","status":"publish","type":"post","link":"https:\/\/www.meydan.tv\/az\/article\/etirazcilar-arxiyepiskopu-bas-nazir-vezifesine-ireli-surub\/","title":{"rendered":"Etiraz\u00e7\u0131lar arxiyepiskopu Ba\u015f nazir v\u0259zif\u0259sin\u0259 ir\u0259li s\u00fcr\u00fcb"},"content":{"rendered":"\n<figure class=\"wp-block-embed is-type-video is-provider-youtube wp-block-embed-youtube wp-embed-aspect-16-9 wp-has-aspect-ratio\"><div class=\"wp-block-embed__wrapper\">\n<iframe title=\"Etiraz\u00e7\u0131lar arxiyepiskopu ba\u015f nazir v\u0259zif\u0259sin\u0259 ir\u0259li s\u00fcr\u00fcb\" width=\"1200\" height=\"675\" data-src=\"https:\/\/www.youtube.com\/embed\/Z2zKM2jeRHc?feature=oembed\" frameborder=\"0\" allow=\"accelerometer; autoplay; clipboard-write; encrypted-media; gyroscope; picture-in-picture; web-share\" referrerpolicy=\"strict-origin-when-cross-origin\" allowfullscreen src=\"data:image\/svg+xml;base64,PHN2ZyB3aWR0aD0iMSIgaGVpZ2h0PSIxIiB4bWxucz0iaHR0cDovL3d3dy53My5vcmcvMjAwMC9zdmciPjwvc3ZnPg==\" class=\"lazyload\" data-load-mode=\"1\"><\/iframe>\n<\/div><\/figure>\n\n\n\n<!--more-->\n\n\n\n<p><\/p>\n\n\n\n<p>\u201cV\u0259t\u0259n namin\u0259 Tavu\u015f\u201d etiraz h\u0259r\u0259kat\u0131n\u0131n \u00fczvl\u0259ri v\u0259 t\u0259r\u0259fdarlar\u0131 may\u0131n 26-da Yerevanda mitinq edib.<\/p>\n\n\n\n<p>H\u0259r\u0259kat\u0131n lideri, Tavu\u015f yeparxiyas\u0131n\u0131n arxiyepiskopu Baqrat Qalstyan Ba\u015f nazir Nikol Pa\u015finyan\u0131 istefaya \u00e7a\u011f\u0131r\u0131b. <\/p>\n\n\n\n<p>Bu haqda daha \u0259trafl\u0131 \u201cKavkazski uzel\u201din Yerevanda \u00e7\u0259kdiyi reportaj \u0259sas\u0131nda haz\u0131rlanan Meydan TV-nin videomaterial\u0131n\u0131 izl\u0259yin.<\/p>\n","protected":false},"excerpt":{"rendered":"","protected":false},"author":12,"featured_media":306763,"comment_status":"closed","ping_status":"closed","sticky":false,"template":"","format":"standard","meta":{"_acf_changed":false,"_sitemap_exclude":false,"_sitemap_priority":"","_sitemap_frequency":"","footnotes":""},"categories":[64,63],"tags":[],"class_list":["post-306761","post","type-post","status-publish","format-standard","has-post-thumbnail","hentry","category-dunya","category-video-2","infinite-scroll-item","generate-columns","tablet-grid-50","mobile-grid-100","grid-parent","grid-33","no-featured-image-padding"],"acf":[],"yoast_head":"<!-- This site is optimized with the Yoast SEO plugin v27.4 - https:\/\/yoast.com\/product\/yoast-seo-wordpress\/ -->\n<title>Etiraz\u00e7\u0131lar arxiyepiskopu Ba\u015f nazir v\u0259zif\u0259sin\u0259 ir\u0259li s\u00fcr\u00fcb - MEYDAN.TV<\/title>\n<meta name=\"robots\" content=\"index, follow, max-snippet:-1, max-image-preview:large, max-video-preview:-1\" \/>\n<link rel=\"canonical\" href=\"https:\/\/www.meydan.tv\/az\/article\/etirazcilar-arxiyepiskopu-bas-nazir-vezifesine-ireli-surub\/\" \/>\n<meta property=\"og:locale\" content=\"az_AZ\" \/>\n<meta property=\"og:type\" content=\"article\" \/>\n<meta property=\"og:title\" content=\"Etiraz\u00e7\u0131lar arxiyepiskopu Ba\u015f nazir v\u0259zif\u0259sin\u0259 ir\u0259li s\u00fcr\u00fcb - MEYDAN.TV\" \/>\n<meta property=\"og:url\" content=\"https:\/\/www.meydan.tv\/az\/article\/etirazcilar-arxiyepiskopu-bas-nazir-vezifesine-ireli-surub\/\" \/>\n<meta property=\"og:site_name\" content=\"MEYDAN.TV\" \/>\n<meta property=\"article:published_time\" content=\"2024-05-27T14:06:54+00:00\" \/>\n<meta property=\"article:modified_time\" content=\"2024-05-27T14:07:50+00:00\" \/>\n<meta property=\"og:image\" content=\"https:\/\/www.meydan.tv\/wp-content\/uploads\/66538b8f64548.webp\" \/>\n\t<meta property=\"og:image:width\" content=\"1200\" \/>\n\t<meta property=\"og:image:height\" content=\"800\" \/>\n\t<meta property=\"og:image:type\" content=\"image\/webp\" \/>\n<meta name=\"author\" content=\"aleks\" \/>\n<meta name=\"twitter:card\" content=\"summary_large_image\" \/>\n<script type=\"application\/ld+json\" class=\"yoast-schema-graph\">{\"@context\":\"https:\\\/\\\/schema.org\",\"@graph\":[{\"@type\":\"Article\",\"@id\":\"https:\\\/\\\/www.meydan.tv\\\/az\\\/article\\\/etirazcilar-arxiyepiskopu-bas-nazir-vezifesine-ireli-surub\\\/#article\",\"isPartOf\":{\"@id\":\"https:\\\/\\\/www.meydan.tv\\\/az\\\/article\\\/etirazcilar-arxiyepiskopu-bas-nazir-vezifesine-ireli-surub\\\/\"},\"author\":{\"name\":\"aleks\",\"@id\":\"https:\\\/\\\/www.meydan.tv\\\/az\\\/#\\\/schema\\\/person\\\/476e9360e593fa131d5d71d51866f8da\"},\"headline\":\"Etiraz\u00e7\u0131lar arxiyepiskopu Ba\u015f nazir v\u0259zif\u0259sin\u0259 ir\u0259li s\u00fcr\u00fcb\",\"datePublished\":\"2024-05-27T14:06:54+00:00\",\"dateModified\":\"2024-05-27T14:07:50+00:00\",\"mainEntityOfPage\":{\"@id\":\"https:\\\/\\\/www.meydan.tv\\\/az\\\/article\\\/etirazcilar-arxiyepiskopu-bas-nazir-vezifesine-ireli-surub\\\/\"},\"wordCount\":83,\"publisher\":{\"@id\":\"https:\\\/\\\/www.meydan.tv\\\/az\\\/#organization\"},\"image\":{\"@id\":\"https:\\\/\\\/www.meydan.tv\\\/az\\\/article\\\/etirazcilar-arxiyepiskopu-bas-nazir-vezifesine-ireli-surub\\\/#primaryimage\"},\"thumbnailUrl\":\"https:\\\/\\\/www.meydan.tv\\\/wp-content\\\/uploads\\\/66538b8f64548.webp\",\"articleSection\":[\"D\u00fcnya\",\"Video\"],\"inLanguage\":\"az\"},{\"@type\":\"WebPage\",\"@id\":\"https:\\\/\\\/www.meydan.tv\\\/az\\\/article\\\/etirazcilar-arxiyepiskopu-bas-nazir-vezifesine-ireli-surub\\\/\",\"url\":\"https:\\\/\\\/www.meydan.tv\\\/az\\\/article\\\/etirazcilar-arxiyepiskopu-bas-nazir-vezifesine-ireli-surub\\\/\",\"name\":\"Etiraz\u00e7\u0131lar arxiyepiskopu Ba\u015f nazir v\u0259zif\u0259sin\u0259 ir\u0259li s\u00fcr\u00fcb - MEYDAN.TV\",\"isPartOf\":{\"@id\":\"https:\\\/\\\/www.meydan.tv\\\/az\\\/#website\"},\"primaryImageOfPage\":{\"@id\":\"https:\\\/\\\/www.meydan.tv\\\/az\\\/article\\\/etirazcilar-arxiyepiskopu-bas-nazir-vezifesine-ireli-surub\\\/#primaryimage\"},\"image\":{\"@id\":\"https:\\\/\\\/www.meydan.tv\\\/az\\\/article\\\/etirazcilar-arxiyepiskopu-bas-nazir-vezifesine-ireli-surub\\\/#primaryimage\"},\"thumbnailUrl\":\"https:\\\/\\\/www.meydan.tv\\\/wp-content\\\/uploads\\\/66538b8f64548.webp\",\"datePublished\":\"2024-05-27T14:06:54+00:00\",\"dateModified\":\"2024-05-27T14:07:50+00:00\",\"breadcrumb\":{\"@id\":\"https:\\\/\\\/www.meydan.tv\\\/az\\\/article\\\/etirazcilar-arxiyepiskopu-bas-nazir-vezifesine-ireli-surub\\\/#breadcrumb\"},\"inLanguage\":\"az\",\"potentialAction\":[{\"@type\":\"ReadAction\",\"target\":[\"https:\\\/\\\/www.meydan.tv\\\/az\\\/article\\\/etirazcilar-arxiyepiskopu-bas-nazir-vezifesine-ireli-surub\\\/\"]}]},{\"@type\":\"ImageObject\",\"inLanguage\":\"az\",\"@id\":\"https:\\\/\\\/www.meydan.tv\\\/az\\\/article\\\/etirazcilar-arxiyepiskopu-bas-nazir-vezifesine-ireli-surub\\\/#primaryimage\",\"url\":\"https:\\\/\\\/www.meydan.tv\\\/wp-content\\\/uploads\\\/66538b8f64548.webp\",\"contentUrl\":\"https:\\\/\\\/www.meydan.tv\\\/wp-content\\\/uploads\\\/66538b8f64548.webp\",\"width\":1200,\"height\":800},{\"@type\":\"BreadcrumbList\",\"@id\":\"https:\\\/\\\/www.meydan.tv\\\/az\\\/article\\\/etirazcilar-arxiyepiskopu-bas-nazir-vezifesine-ireli-surub\\\/#breadcrumb\",\"itemListElement\":[{\"@type\":\"ListItem\",\"position\":1,\"name\":\"Ana s\u0259hif\u0259\",\"item\":\"https:\\\/\\\/www.meydan.tv\\\/az\\\/\"},{\"@type\":\"ListItem\",\"position\":2,\"name\":\"Video\",\"item\":\"https:\\\/\\\/www.meydan.tv\\\/az\\\/section\\\/video-2\\\/\"},{\"@type\":\"ListItem\",\"position\":3,\"name\":\"Etiraz\u00e7\u0131lar arxiyepiskopu Ba\u015f nazir v\u0259zif\u0259sin\u0259 ir\u0259li s\u00fcr\u00fcb\"}]},{\"@type\":\"WebSite\",\"@id\":\"https:\\\/\\\/www.meydan.tv\\\/az\\\/#website\",\"url\":\"https:\\\/\\\/www.meydan.tv\\\/az\\\/\",\"name\":\"MEYDAN.TV\",\"description\":\"Meydan TV Az\u0259rbaycan\u0131n media m\u0259kan\u0131ndak\u0131 alternativ s\u0259sidir\",\"publisher\":{\"@id\":\"https:\\\/\\\/www.meydan.tv\\\/az\\\/#organization\"},\"potentialAction\":[{\"@type\":\"SearchAction\",\"target\":{\"@type\":\"EntryPoint\",\"urlTemplate\":\"https:\\\/\\\/www.meydan.tv\\\/az\\\/?s={search_term_string}\"},\"query-input\":{\"@type\":\"PropertyValueSpecification\",\"valueRequired\":true,\"valueName\":\"search_term_string\"}}],\"inLanguage\":\"az\"},{\"@type\":\"Organization\",\"@id\":\"https:\\\/\\\/www.meydan.tv\\\/az\\\/#organization\",\"name\":\"Meydan TV\",\"url\":\"https:\\\/\\\/www.meydan.tv\\\/az\\\/\",\"logo\":{\"@type\":\"ImageObject\",\"inLanguage\":\"az\",\"@id\":\"https:\\\/\\\/www.meydan.tv\\\/az\\\/#\\\/schema\\\/logo\\\/image\\\/\",\"url\":\"https:\\\/\\\/www.meydan.tv\\\/wp-content\\\/uploads\\\/2021\\\/07\\\/meydan-logo.svg\",\"contentUrl\":\"https:\\\/\\\/www.meydan.tv\\\/wp-content\\\/uploads\\\/2021\\\/07\\\/meydan-logo.svg\",\"width\":195,\"height\":46,\"caption\":\"Meydan TV\"},\"image\":{\"@id\":\"https:\\\/\\\/www.meydan.tv\\\/az\\\/#\\\/schema\\\/logo\\\/image\\\/\"}},{\"@type\":\"Person\",\"@id\":\"https:\\\/\\\/www.meydan.tv\\\/az\\\/#\\\/schema\\\/person\\\/476e9360e593fa131d5d71d51866f8da\",\"name\":\"aleks\"}]}<\/script>\n<!-- \/ Yoast SEO plugin. -->","yoast_head_json":{"title":"Etiraz\u00e7\u0131lar arxiyepiskopu Ba\u015f nazir v\u0259zif\u0259sin\u0259 ir\u0259li s\u00fcr\u00fcb - MEYDAN.TV","robots":{"index":"index","follow":"follow","max-snippet":"max-snippet:-1","max-image-preview":"max-image-preview:large","max-video-preview":"max-video-preview:-1"},"canonical":"https:\/\/www.meydan.tv\/az\/article\/etirazcilar-arxiyepiskopu-bas-nazir-vezifesine-ireli-surub\/","og_locale":"az_AZ","og_type":"article","og_title":"Etiraz\u00e7\u0131lar arxiyepiskopu Ba\u015f nazir v\u0259zif\u0259sin\u0259 ir\u0259li s\u00fcr\u00fcb - MEYDAN.TV","og_url":"https:\/\/www.meydan.tv\/az\/article\/etirazcilar-arxiyepiskopu-bas-nazir-vezifesine-ireli-surub\/","og_site_name":"MEYDAN.TV","article_published_time":"2024-05-27T14:06:54+00:00","article_modified_time":"2024-05-27T14:07:50+00:00","og_image":[{"width":1200,"height":800,"url":"https:\/\/www.meydan.tv\/wp-content\/uploads\/66538b8f64548.webp","type":"image\/webp"}],"author":"aleks","twitter_card":"summary_large_image","schema":{"@context":"https:\/\/schema.org","@graph":[{"@type":"Article","@id":"https:\/\/www.meydan.tv\/az\/article\/etirazcilar-arxiyepiskopu-bas-nazir-vezifesine-ireli-surub\/#article","isPartOf":{"@id":"https:\/\/www.meydan.tv\/az\/article\/etirazcilar-arxiyepiskopu-bas-nazir-vezifesine-ireli-surub\/"},"author":{"name":"aleks","@id":"https:\/\/www.meydan.tv\/az\/#\/schema\/person\/476e9360e593fa131d5d71d51866f8da"},"headline":"Etiraz\u00e7\u0131lar arxiyepiskopu Ba\u015f nazir v\u0259zif\u0259sin\u0259 ir\u0259li s\u00fcr\u00fcb","datePublished":"2024-05-27T14:06:54+00:00","dateModified":"2024-05-27T14:07:50+00:00","mainEntityOfPage":{"@id":"https:\/\/www.meydan.tv\/az\/article\/etirazcilar-arxiyepiskopu-bas-nazir-vezifesine-ireli-surub\/"},"wordCount":83,"publisher":{"@id":"https:\/\/www.meydan.tv\/az\/#organization"},"image":{"@id":"https:\/\/www.meydan.tv\/az\/article\/etirazcilar-arxiyepiskopu-bas-nazir-vezifesine-ireli-surub\/#primaryimage"},"thumbnailUrl":"https:\/\/www.meydan.tv\/wp-content\/uploads\/66538b8f64548.webp","articleSection":["D\u00fcnya","Video"],"inLanguage":"az"},{"@type":"WebPage","@id":"https:\/\/www.meydan.tv\/az\/article\/etirazcilar-arxiyepiskopu-bas-nazir-vezifesine-ireli-surub\/","url":"https:\/\/www.meydan.tv\/az\/article\/etirazcilar-arxiyepiskopu-bas-nazir-vezifesine-ireli-surub\/","name":"Etiraz\u00e7\u0131lar arxiyepiskopu Ba\u015f nazir v\u0259zif\u0259sin\u0259 ir\u0259li s\u00fcr\u00fcb - MEYDAN.TV","isPartOf":{"@id":"https:\/\/www.meydan.tv\/az\/#website"},"primaryImageOfPage":{"@id":"https:\/\/www.meydan.tv\/az\/article\/etirazcilar-arxiyepiskopu-bas-nazir-vezifesine-ireli-surub\/#primaryimage"},"image":{"@id":"https:\/\/www.meydan.tv\/az\/article\/etirazcilar-arxiyepiskopu-bas-nazir-vezifesine-ireli-surub\/#primaryimage"},"thumbnailUrl":"https:\/\/www.meydan.tv\/wp-content\/uploads\/66538b8f64548.webp","datePublished":"2024-05-27T14:06:54+00:00","dateModified":"2024-05-27T14:07:50+00:00","breadcrumb":{"@id":"https:\/\/www.meydan.tv\/az\/article\/etirazcilar-arxiyepiskopu-bas-nazir-vezifesine-ireli-surub\/#breadcrumb"},"inLanguage":"az","potentialAction":[{"@type":"ReadAction","target":["https:\/\/www.meydan.tv\/az\/article\/etirazcilar-arxiyepiskopu-bas-nazir-vezifesine-ireli-surub\/"]}]},{"@type":"ImageObject","inLanguage":"az","@id":"https:\/\/www.meydan.tv\/az\/article\/etirazcilar-arxiyepiskopu-bas-nazir-vezifesine-ireli-surub\/#primaryimage","url":"https:\/\/www.meydan.tv\/wp-content\/uploads\/66538b8f64548.webp","contentUrl":"https:\/\/www.meydan.tv\/wp-content\/uploads\/66538b8f64548.webp","width":1200,"height":800},{"@type":"BreadcrumbList","@id":"https:\/\/www.meydan.tv\/az\/article\/etirazcilar-arxiyepiskopu-bas-nazir-vezifesine-ireli-surub\/#breadcrumb","itemListElement":[{"@type":"ListItem","position":1,"name":"Ana s\u0259hif\u0259","item":"https:\/\/www.meydan.tv\/az\/"},{"@type":"ListItem","position":2,"name":"Video","item":"https:\/\/www.meydan.tv\/az\/section\/video-2\/"},{"@type":"ListItem","position":3,"name":"Etiraz\u00e7\u0131lar arxiyepiskopu Ba\u015f nazir v\u0259zif\u0259sin\u0259 ir\u0259li s\u00fcr\u00fcb"}]},{"@type":"WebSite","@id":"https:\/\/www.meydan.tv\/az\/#website","url":"https:\/\/www.meydan.tv\/az\/","name":"MEYDAN.TV","description":"Meydan TV Az\u0259rbaycan\u0131n media m\u0259kan\u0131ndak\u0131 alternativ s\u0259sidir","publisher":{"@id":"https:\/\/www.meydan.tv\/az\/#organization"},"potentialAction":[{"@type":"SearchAction","target":{"@type":"EntryPoint","urlTemplate":"https:\/\/www.meydan.tv\/az\/?s={search_term_string}"},"query-input":{"@type":"PropertyValueSpecification","valueRequired":true,"valueName":"search_term_string"}}],"inLanguage":"az"},{"@type":"Organization","@id":"https:\/\/www.meydan.tv\/az\/#organization","name":"Meydan TV","url":"https:\/\/www.meydan.tv\/az\/","logo":{"@type":"ImageObject","inLanguage":"az","@id":"https:\/\/www.meydan.tv\/az\/#\/schema\/logo\/image\/","url":"https:\/\/www.meydan.tv\/wp-content\/uploads\/2021\/07\/meydan-logo.svg","contentUrl":"https:\/\/www.meydan.tv\/wp-content\/uploads\/2021\/07\/meydan-logo.svg","width":195,"height":46,"caption":"Meydan TV"},"image":{"@id":"https:\/\/www.meydan.tv\/az\/#\/schema\/logo\/image\/"}},{"@type":"Person","@id":"https:\/\/www.meydan.tv\/az\/#\/schema\/person\/476e9360e593fa131d5d71d51866f8da","name":"aleks"}]}},"_links":{"self":[{"href":"https:\/\/www.meydan.tv\/az\/wp-json\/wp\/v2\/posts\/306761","targetHints":{"allow":["GET"]}}],"collection":[{"href":"https:\/\/www.meydan.tv\/az\/wp-json\/wp\/v2\/posts"}],"about":[{"href":"https:\/\/www.meydan.tv\/az\/wp-json\/wp\/v2\/types\/post"}],"author":[{"embeddable":true,"href":"https:\/\/www.meydan.tv\/az\/wp-json\/wp\/v2\/users\/12"}],"replies":[{"embeddable":true,"href":"https:\/\/www.meydan.tv\/az\/wp-json\/wp\/v2\/comments?post=306761"}],"version-history":[{"count":4,"href":"https:\/\/www.meydan.tv\/az\/wp-json\/wp\/v2\/posts\/306761\/revisions"}],"predecessor-version":[{"id":306770,"href":"https:\/\/www.meydan.tv\/az\/wp-json\/wp\/v2\/posts\/306761\/revisions\/306770"}],"wp:featuredmedia":[{"embeddable":true,"href":"https:\/\/www.meydan.tv\/az\/wp-json\/wp\/v2\/media\/306763"}],"wp:attachment":[{"href":"https:\/\/www.meydan.tv\/az\/wp-json\/wp\/v2\/media?parent=306761"}],"wp:term":[{"taxonomy":"category","embeddable":true,"href":"https:\/\/www.meydan.tv\/az\/wp-json\/wp\/v2\/categories?post=306761"},{"taxonomy":"post_tag","embeddable":true,"href":"https:\/\/www.meydan.tv\/az\/wp-json\/wp\/v2\/tags?post=306761"}],"curies":[{"name":"wp","href":"https:\/\/api.w.org\/{rel}","templated":true}]}}