{"id":306756,"date":"2024-05-27T18:04:41","date_gmt":"2024-05-27T14:04:41","guid":{"rendered":"https:\/\/www.meydan.tv\/?p=306756"},"modified":"2024-05-27T18:04:43","modified_gmt":"2024-05-27T14:04:43","slug":"israilin-hava-hucumu-bu-defe-qacqin-kampinda-45-neferi-oldurdu","status":"publish","type":"post","link":"https:\/\/www.meydan.tv\/az\/article\/israilin-hava-hucumu-bu-defe-qacqin-kampinda-45-neferi-oldurdu\/","title":{"rendered":"\u0130srailin hava h\u00fccumu bu d\u0259f\u0259 qa\u00e7q\u0131n kamp\u0131nda 45 n\u0259f\u0259ri \u00f6ld\u00fcrd\u00fc"},"content":{"rendered":"\n<figure class=\"wp-block-embed is-type-video is-provider-youtube wp-block-embed-youtube wp-embed-aspect-16-9 wp-has-aspect-ratio\"><div class=\"wp-block-embed__wrapper\">\n<iframe title=\"\u0130srailin hava h\u00fccumu bu d\u0259f\u0259 qa\u00e7q\u0131n kamp\u0131nda 45 n\u0259f\u0259ri \u00f6ld\u00fcrd\u00fc\" width=\"1200\" height=\"675\" data-src=\"https:\/\/www.youtube.com\/embed\/PVP4N7domZM?feature=oembed\" frameborder=\"0\" allow=\"accelerometer; autoplay; clipboard-write; encrypted-media; gyroscope; picture-in-picture; web-share\" referrerpolicy=\"strict-origin-when-cross-origin\" allowfullscreen src=\"data:image\/svg+xml;base64,PHN2ZyB3aWR0aD0iMSIgaGVpZ2h0PSIxIiB4bWxucz0iaHR0cDovL3d3dy53My5vcmcvMjAwMC9zdmciPjwvc3ZnPg==\" class=\"lazyload\" data-load-mode=\"1\"><\/iframe>\n<\/div><\/figure>\n\n\n\n<!--more-->\n\n\n\n<p><\/p>\n\n\n\n<p>\u0130srailin hava h\u00fccumu bu d\u0259f\u0259 qa\u00e7q\u0131n kamp\u0131nda 23-\u00fc qad\u0131n, u\u015faq v\u0259 ya\u015fl\u0131 olmaqla 45 n\u0259f\u0259rin \u00f6l\u00fcm\u00fcn\u0259 s\u0259b\u0259b olub. <\/p>\n\n\n\n<p>Son vaxtlar Q\u0259zzan\u0131n c\u0259nubundak\u0131 R\u0259faha h\u00fccum etm\u0259m\u0259si \u00fc\u00e7\u00fcn beyn\u0259lxalq ictimaiyy\u0259t \u0130srail\u0259 t\u0259zyiq edirdi. <\/p>\n\n\n\n<p>Beyn\u0259lxalq \u018fdal\u0259t M\u0259hk\u0259m\u0259si d\u0259 \u0130srailin R\u0259fahda h\u0259rbi \u0259m\u0259liyyatlar\u0131 d\u0259rhal dayand\u0131rmas\u0131 il\u0259 ba\u011fl\u0131 q\u0259rar vermi\u015fdi.<\/p>\n","protected":false},"excerpt":{"rendered":"","protected":false},"author":12,"featured_media":306758,"comment_status":"closed","ping_status":"closed","sticky":false,"template":"","format":"standard","meta":{"_acf_changed":false,"_sitemap_exclude":false,"_sitemap_priority":"","_sitemap_frequency":"","footnotes":""},"categories":[64,63,56],"tags":[],"class_list":["post-306756","post","type-post","status-publish","format-standard","has-post-thumbnail","hentry","category-dunya","category-video-2","category-xeberler","infinite-scroll-item","generate-columns","tablet-grid-50","mobile-grid-100","grid-parent","grid-33","no-featured-image-padding"],"acf":[],"yoast_head":"<!-- This site is optimized with the Yoast SEO plugin v27.4 - https:\/\/yoast.com\/product\/yoast-seo-wordpress\/ -->\n<title>\u0130srailin hava h\u00fccumu bu d\u0259f\u0259 qa\u00e7q\u0131n kamp\u0131nda 45 n\u0259f\u0259ri \u00f6ld\u00fcrd\u00fc - MEYDAN.TV<\/title>\n<meta name=\"robots\" content=\"index, follow, max-snippet:-1, max-image-preview:large, max-video-preview:-1\" \/>\n<link rel=\"canonical\" href=\"https:\/\/www.meydan.tv\/az\/article\/israilin-hava-hucumu-bu-defe-qacqin-kampinda-45-neferi-oldurdu\/\" \/>\n<meta property=\"og:locale\" content=\"az_AZ\" \/>\n<meta property=\"og:type\" content=\"article\" \/>\n<meta property=\"og:title\" content=\"\u0130srailin hava h\u00fccumu bu d\u0259f\u0259 qa\u00e7q\u0131n kamp\u0131nda 45 n\u0259f\u0259ri \u00f6ld\u00fcrd\u00fc - MEYDAN.TV\" \/>\n<meta property=\"og:url\" content=\"https:\/\/www.meydan.tv\/az\/article\/israilin-hava-hucumu-bu-defe-qacqin-kampinda-45-neferi-oldurdu\/\" \/>\n<meta property=\"og:site_name\" content=\"MEYDAN.TV\" \/>\n<meta property=\"article:published_time\" content=\"2024-05-27T14:04:41+00:00\" \/>\n<meta property=\"article:modified_time\" content=\"2024-05-27T14:04:43+00:00\" \/>\n<meta property=\"og:image\" content=\"https:\/\/www.meydan.tv\/wp-content\/uploads\/feuer-rafah-gazastreifen-100.jpg\" \/>\n\t<meta property=\"og:image:width\" content=\"1920\" \/>\n\t<meta property=\"og:image:height\" content=\"1080\" \/>\n\t<meta property=\"og:image:type\" content=\"image\/jpeg\" \/>\n<meta name=\"author\" content=\"aleks\" \/>\n<meta name=\"twitter:card\" content=\"summary_large_image\" \/>\n<script type=\"application\/ld+json\" class=\"yoast-schema-graph\">{\"@context\":\"https:\\\/\\\/schema.org\",\"@graph\":[{\"@type\":\"Article\",\"@id\":\"https:\\\/\\\/www.meydan.tv\\\/az\\\/article\\\/israilin-hava-hucumu-bu-defe-qacqin-kampinda-45-neferi-oldurdu\\\/#article\",\"isPartOf\":{\"@id\":\"https:\\\/\\\/www.meydan.tv\\\/az\\\/article\\\/israilin-hava-hucumu-bu-defe-qacqin-kampinda-45-neferi-oldurdu\\\/\"},\"author\":{\"name\":\"aleks\",\"@id\":\"https:\\\/\\\/www.meydan.tv\\\/az\\\/#\\\/schema\\\/person\\\/476e9360e593fa131d5d71d51866f8da\"},\"headline\":\"\u0130srailin hava h\u00fccumu bu d\u0259f\u0259 qa\u00e7q\u0131n kamp\u0131nda 45 n\u0259f\u0259ri \u00f6ld\u00fcrd\u00fc\",\"datePublished\":\"2024-05-27T14:04:41+00:00\",\"dateModified\":\"2024-05-27T14:04:43+00:00\",\"mainEntityOfPage\":{\"@id\":\"https:\\\/\\\/www.meydan.tv\\\/az\\\/article\\\/israilin-hava-hucumu-bu-defe-qacqin-kampinda-45-neferi-oldurdu\\\/\"},\"wordCount\":104,\"publisher\":{\"@id\":\"https:\\\/\\\/www.meydan.tv\\\/az\\\/#organization\"},\"image\":{\"@id\":\"https:\\\/\\\/www.meydan.tv\\\/az\\\/article\\\/israilin-hava-hucumu-bu-defe-qacqin-kampinda-45-neferi-oldurdu\\\/#primaryimage\"},\"thumbnailUrl\":\"https:\\\/\\\/www.meydan.tv\\\/wp-content\\\/uploads\\\/feuer-rafah-gazastreifen-100.jpg\",\"articleSection\":[\"D\u00fcnya\",\"Video\",\"X\u0259b\u0259rl\u0259r\"],\"inLanguage\":\"az\"},{\"@type\":\"WebPage\",\"@id\":\"https:\\\/\\\/www.meydan.tv\\\/az\\\/article\\\/israilin-hava-hucumu-bu-defe-qacqin-kampinda-45-neferi-oldurdu\\\/\",\"url\":\"https:\\\/\\\/www.meydan.tv\\\/az\\\/article\\\/israilin-hava-hucumu-bu-defe-qacqin-kampinda-45-neferi-oldurdu\\\/\",\"name\":\"\u0130srailin hava h\u00fccumu bu d\u0259f\u0259 qa\u00e7q\u0131n kamp\u0131nda 45 n\u0259f\u0259ri \u00f6ld\u00fcrd\u00fc - MEYDAN.TV\",\"isPartOf\":{\"@id\":\"https:\\\/\\\/www.meydan.tv\\\/az\\\/#website\"},\"primaryImageOfPage\":{\"@id\":\"https:\\\/\\\/www.meydan.tv\\\/az\\\/article\\\/israilin-hava-hucumu-bu-defe-qacqin-kampinda-45-neferi-oldurdu\\\/#primaryimage\"},\"image\":{\"@id\":\"https:\\\/\\\/www.meydan.tv\\\/az\\\/article\\\/israilin-hava-hucumu-bu-defe-qacqin-kampinda-45-neferi-oldurdu\\\/#primaryimage\"},\"thumbnailUrl\":\"https:\\\/\\\/www.meydan.tv\\\/wp-content\\\/uploads\\\/feuer-rafah-gazastreifen-100.jpg\",\"datePublished\":\"2024-05-27T14:04:41+00:00\",\"dateModified\":\"2024-05-27T14:04:43+00:00\",\"breadcrumb\":{\"@id\":\"https:\\\/\\\/www.meydan.tv\\\/az\\\/article\\\/israilin-hava-hucumu-bu-defe-qacqin-kampinda-45-neferi-oldurdu\\\/#breadcrumb\"},\"inLanguage\":\"az\",\"potentialAction\":[{\"@type\":\"ReadAction\",\"target\":[\"https:\\\/\\\/www.meydan.tv\\\/az\\\/article\\\/israilin-hava-hucumu-bu-defe-qacqin-kampinda-45-neferi-oldurdu\\\/\"]}]},{\"@type\":\"ImageObject\",\"inLanguage\":\"az\",\"@id\":\"https:\\\/\\\/www.meydan.tv\\\/az\\\/article\\\/israilin-hava-hucumu-bu-defe-qacqin-kampinda-45-neferi-oldurdu\\\/#primaryimage\",\"url\":\"https:\\\/\\\/www.meydan.tv\\\/wp-content\\\/uploads\\\/feuer-rafah-gazastreifen-100.jpg\",\"contentUrl\":\"https:\\\/\\\/www.meydan.tv\\\/wp-content\\\/uploads\\\/feuer-rafah-gazastreifen-100.jpg\",\"width\":1920,\"height\":1080,\"caption\":\"Fire rages following an Israeli strike on an area designated for displaced Palestinians, amid the ongoing conflict between Israel and Hamas, in Rafah in the southern Gaza Strip, in this still picture taken from a video, May 26, 2024. REUTERS\\\/Reuters TV TPX IMAGES OF THE DAY\"},{\"@type\":\"BreadcrumbList\",\"@id\":\"https:\\\/\\\/www.meydan.tv\\\/az\\\/article\\\/israilin-hava-hucumu-bu-defe-qacqin-kampinda-45-neferi-oldurdu\\\/#breadcrumb\",\"itemListElement\":[{\"@type\":\"ListItem\",\"position\":1,\"name\":\"Ana s\u0259hif\u0259\",\"item\":\"https:\\\/\\\/www.meydan.tv\\\/az\\\/\"},{\"@type\":\"ListItem\",\"position\":2,\"name\":\"X\u0259b\u0259rl\u0259r\",\"item\":\"https:\\\/\\\/www.meydan.tv\\\/az\\\/section\\\/xeberler\\\/\"},{\"@type\":\"ListItem\",\"position\":3,\"name\":\"\u0130srailin hava h\u00fccumu bu d\u0259f\u0259 qa\u00e7q\u0131n kamp\u0131nda 45 n\u0259f\u0259ri \u00f6ld\u00fcrd\u00fc\"}]},{\"@type\":\"WebSite\",\"@id\":\"https:\\\/\\\/www.meydan.tv\\\/az\\\/#website\",\"url\":\"https:\\\/\\\/www.meydan.tv\\\/az\\\/\",\"name\":\"MEYDAN.TV\",\"description\":\"Meydan TV Az\u0259rbaycan\u0131n media m\u0259kan\u0131ndak\u0131 alternativ s\u0259sidir\",\"publisher\":{\"@id\":\"https:\\\/\\\/www.meydan.tv\\\/az\\\/#organization\"},\"potentialAction\":[{\"@type\":\"SearchAction\",\"target\":{\"@type\":\"EntryPoint\",\"urlTemplate\":\"https:\\\/\\\/www.meydan.tv\\\/az\\\/?s={search_term_string}\"},\"query-input\":{\"@type\":\"PropertyValueSpecification\",\"valueRequired\":true,\"valueName\":\"search_term_string\"}}],\"inLanguage\":\"az\"},{\"@type\":\"Organization\",\"@id\":\"https:\\\/\\\/www.meydan.tv\\\/az\\\/#organization\",\"name\":\"Meydan TV\",\"url\":\"https:\\\/\\\/www.meydan.tv\\\/az\\\/\",\"logo\":{\"@type\":\"ImageObject\",\"inLanguage\":\"az\",\"@id\":\"https:\\\/\\\/www.meydan.tv\\\/az\\\/#\\\/schema\\\/logo\\\/image\\\/\",\"url\":\"https:\\\/\\\/www.meydan.tv\\\/wp-content\\\/uploads\\\/2021\\\/07\\\/meydan-logo.svg\",\"contentUrl\":\"https:\\\/\\\/www.meydan.tv\\\/wp-content\\\/uploads\\\/2021\\\/07\\\/meydan-logo.svg\",\"width\":195,\"height\":46,\"caption\":\"Meydan TV\"},\"image\":{\"@id\":\"https:\\\/\\\/www.meydan.tv\\\/az\\\/#\\\/schema\\\/logo\\\/image\\\/\"}},{\"@type\":\"Person\",\"@id\":\"https:\\\/\\\/www.meydan.tv\\\/az\\\/#\\\/schema\\\/person\\\/476e9360e593fa131d5d71d51866f8da\",\"name\":\"aleks\"}]}<\/script>\n<!-- \/ Yoast SEO plugin. -->","yoast_head_json":{"title":"\u0130srailin hava h\u00fccumu bu d\u0259f\u0259 qa\u00e7q\u0131n kamp\u0131nda 45 n\u0259f\u0259ri \u00f6ld\u00fcrd\u00fc - MEYDAN.TV","robots":{"index":"index","follow":"follow","max-snippet":"max-snippet:-1","max-image-preview":"max-image-preview:large","max-video-preview":"max-video-preview:-1"},"canonical":"https:\/\/www.meydan.tv\/az\/article\/israilin-hava-hucumu-bu-defe-qacqin-kampinda-45-neferi-oldurdu\/","og_locale":"az_AZ","og_type":"article","og_title":"\u0130srailin hava h\u00fccumu bu d\u0259f\u0259 qa\u00e7q\u0131n kamp\u0131nda 45 n\u0259f\u0259ri \u00f6ld\u00fcrd\u00fc - MEYDAN.TV","og_url":"https:\/\/www.meydan.tv\/az\/article\/israilin-hava-hucumu-bu-defe-qacqin-kampinda-45-neferi-oldurdu\/","og_site_name":"MEYDAN.TV","article_published_time":"2024-05-27T14:04:41+00:00","article_modified_time":"2024-05-27T14:04:43+00:00","og_image":[{"width":1920,"height":1080,"url":"https:\/\/www.meydan.tv\/wp-content\/uploads\/feuer-rafah-gazastreifen-100.jpg","type":"image\/jpeg"}],"author":"aleks","twitter_card":"summary_large_image","schema":{"@context":"https:\/\/schema.org","@graph":[{"@type":"Article","@id":"https:\/\/www.meydan.tv\/az\/article\/israilin-hava-hucumu-bu-defe-qacqin-kampinda-45-neferi-oldurdu\/#article","isPartOf":{"@id":"https:\/\/www.meydan.tv\/az\/article\/israilin-hava-hucumu-bu-defe-qacqin-kampinda-45-neferi-oldurdu\/"},"author":{"name":"aleks","@id":"https:\/\/www.meydan.tv\/az\/#\/schema\/person\/476e9360e593fa131d5d71d51866f8da"},"headline":"\u0130srailin hava h\u00fccumu bu d\u0259f\u0259 qa\u00e7q\u0131n kamp\u0131nda 45 n\u0259f\u0259ri \u00f6ld\u00fcrd\u00fc","datePublished":"2024-05-27T14:04:41+00:00","dateModified":"2024-05-27T14:04:43+00:00","mainEntityOfPage":{"@id":"https:\/\/www.meydan.tv\/az\/article\/israilin-hava-hucumu-bu-defe-qacqin-kampinda-45-neferi-oldurdu\/"},"wordCount":104,"publisher":{"@id":"https:\/\/www.meydan.tv\/az\/#organization"},"image":{"@id":"https:\/\/www.meydan.tv\/az\/article\/israilin-hava-hucumu-bu-defe-qacqin-kampinda-45-neferi-oldurdu\/#primaryimage"},"thumbnailUrl":"https:\/\/www.meydan.tv\/wp-content\/uploads\/feuer-rafah-gazastreifen-100.jpg","articleSection":["D\u00fcnya","Video","X\u0259b\u0259rl\u0259r"],"inLanguage":"az"},{"@type":"WebPage","@id":"https:\/\/www.meydan.tv\/az\/article\/israilin-hava-hucumu-bu-defe-qacqin-kampinda-45-neferi-oldurdu\/","url":"https:\/\/www.meydan.tv\/az\/article\/israilin-hava-hucumu-bu-defe-qacqin-kampinda-45-neferi-oldurdu\/","name":"\u0130srailin hava h\u00fccumu bu d\u0259f\u0259 qa\u00e7q\u0131n kamp\u0131nda 45 n\u0259f\u0259ri \u00f6ld\u00fcrd\u00fc - MEYDAN.TV","isPartOf":{"@id":"https:\/\/www.meydan.tv\/az\/#website"},"primaryImageOfPage":{"@id":"https:\/\/www.meydan.tv\/az\/article\/israilin-hava-hucumu-bu-defe-qacqin-kampinda-45-neferi-oldurdu\/#primaryimage"},"image":{"@id":"https:\/\/www.meydan.tv\/az\/article\/israilin-hava-hucumu-bu-defe-qacqin-kampinda-45-neferi-oldurdu\/#primaryimage"},"thumbnailUrl":"https:\/\/www.meydan.tv\/wp-content\/uploads\/feuer-rafah-gazastreifen-100.jpg","datePublished":"2024-05-27T14:04:41+00:00","dateModified":"2024-05-27T14:04:43+00:00","breadcrumb":{"@id":"https:\/\/www.meydan.tv\/az\/article\/israilin-hava-hucumu-bu-defe-qacqin-kampinda-45-neferi-oldurdu\/#breadcrumb"},"inLanguage":"az","potentialAction":[{"@type":"ReadAction","target":["https:\/\/www.meydan.tv\/az\/article\/israilin-hava-hucumu-bu-defe-qacqin-kampinda-45-neferi-oldurdu\/"]}]},{"@type":"ImageObject","inLanguage":"az","@id":"https:\/\/www.meydan.tv\/az\/article\/israilin-hava-hucumu-bu-defe-qacqin-kampinda-45-neferi-oldurdu\/#primaryimage","url":"https:\/\/www.meydan.tv\/wp-content\/uploads\/feuer-rafah-gazastreifen-100.jpg","contentUrl":"https:\/\/www.meydan.tv\/wp-content\/uploads\/feuer-rafah-gazastreifen-100.jpg","width":1920,"height":1080,"caption":"Fire rages following an Israeli strike on an area designated for displaced Palestinians, amid the ongoing conflict between Israel and Hamas, in Rafah in the southern Gaza Strip, in this still picture taken from a video, May 26, 2024. REUTERS\/Reuters TV TPX IMAGES OF THE DAY"},{"@type":"BreadcrumbList","@id":"https:\/\/www.meydan.tv\/az\/article\/israilin-hava-hucumu-bu-defe-qacqin-kampinda-45-neferi-oldurdu\/#breadcrumb","itemListElement":[{"@type":"ListItem","position":1,"name":"Ana s\u0259hif\u0259","item":"https:\/\/www.meydan.tv\/az\/"},{"@type":"ListItem","position":2,"name":"X\u0259b\u0259rl\u0259r","item":"https:\/\/www.meydan.tv\/az\/section\/xeberler\/"},{"@type":"ListItem","position":3,"name":"\u0130srailin hava h\u00fccumu bu d\u0259f\u0259 qa\u00e7q\u0131n kamp\u0131nda 45 n\u0259f\u0259ri \u00f6ld\u00fcrd\u00fc"}]},{"@type":"WebSite","@id":"https:\/\/www.meydan.tv\/az\/#website","url":"https:\/\/www.meydan.tv\/az\/","name":"MEYDAN.TV","description":"Meydan TV Az\u0259rbaycan\u0131n media m\u0259kan\u0131ndak\u0131 alternativ s\u0259sidir","publisher":{"@id":"https:\/\/www.meydan.tv\/az\/#organization"},"potentialAction":[{"@type":"SearchAction","target":{"@type":"EntryPoint","urlTemplate":"https:\/\/www.meydan.tv\/az\/?s={search_term_string}"},"query-input":{"@type":"PropertyValueSpecification","valueRequired":true,"valueName":"search_term_string"}}],"inLanguage":"az"},{"@type":"Organization","@id":"https:\/\/www.meydan.tv\/az\/#organization","name":"Meydan TV","url":"https:\/\/www.meydan.tv\/az\/","logo":{"@type":"ImageObject","inLanguage":"az","@id":"https:\/\/www.meydan.tv\/az\/#\/schema\/logo\/image\/","url":"https:\/\/www.meydan.tv\/wp-content\/uploads\/2021\/07\/meydan-logo.svg","contentUrl":"https:\/\/www.meydan.tv\/wp-content\/uploads\/2021\/07\/meydan-logo.svg","width":195,"height":46,"caption":"Meydan TV"},"image":{"@id":"https:\/\/www.meydan.tv\/az\/#\/schema\/logo\/image\/"}},{"@type":"Person","@id":"https:\/\/www.meydan.tv\/az\/#\/schema\/person\/476e9360e593fa131d5d71d51866f8da","name":"aleks"}]}},"_links":{"self":[{"href":"https:\/\/www.meydan.tv\/az\/wp-json\/wp\/v2\/posts\/306756","targetHints":{"allow":["GET"]}}],"collection":[{"href":"https:\/\/www.meydan.tv\/az\/wp-json\/wp\/v2\/posts"}],"about":[{"href":"https:\/\/www.meydan.tv\/az\/wp-json\/wp\/v2\/types\/post"}],"author":[{"embeddable":true,"href":"https:\/\/www.meydan.tv\/az\/wp-json\/wp\/v2\/users\/12"}],"replies":[{"embeddable":true,"href":"https:\/\/www.meydan.tv\/az\/wp-json\/wp\/v2\/comments?post=306756"}],"version-history":[{"count":3,"href":"https:\/\/www.meydan.tv\/az\/wp-json\/wp\/v2\/posts\/306756\/revisions"}],"predecessor-version":[{"id":306767,"href":"https:\/\/www.meydan.tv\/az\/wp-json\/wp\/v2\/posts\/306756\/revisions\/306767"}],"wp:featuredmedia":[{"embeddable":true,"href":"https:\/\/www.meydan.tv\/az\/wp-json\/wp\/v2\/media\/306758"}],"wp:attachment":[{"href":"https:\/\/www.meydan.tv\/az\/wp-json\/wp\/v2\/media?parent=306756"}],"wp:term":[{"taxonomy":"category","embeddable":true,"href":"https:\/\/www.meydan.tv\/az\/wp-json\/wp\/v2\/categories?post=306756"},{"taxonomy":"post_tag","embeddable":true,"href":"https:\/\/www.meydan.tv\/az\/wp-json\/wp\/v2\/tags?post=306756"}],"curies":[{"name":"wp","href":"https:\/\/api.w.org\/{rel}","templated":true}]}}