{"id":306679,"date":"2024-05-25T22:04:42","date_gmt":"2024-05-25T18:04:42","guid":{"rendered":"https:\/\/www.meydan.tv\/?p=306679"},"modified":"2024-05-26T11:51:10","modified_gmt":"2024-05-26T07:51:10","slug":"prezident-efv-serencami-imzaladi-siyahida-siyasi-mehbus-kimi-taninan-hec-kimin-adi-yoxdur","status":"publish","type":"post","link":"https:\/\/www.meydan.tv\/az\/article\/prezident-efv-serencami-imzaladi-siyahida-siyasi-mehbus-kimi-taninan-hec-kimin-adi-yoxdur\/","title":{"rendered":"Prezident \u018ffv S\u0259r\u0259ncam\u0131 imzalad\u0131: Siyah\u0131da siyasi m\u0259hbus kimi tan\u0131nan he\u00e7 kimin ad\u0131 yoxdur"},"content":{"rendered":"\n<p><\/p>\n\n\n\n<p><strong><em>H\u00fcquq m\u00fcdafi\u0259\u00e7il\u0259ri son s\u0259r\u0259ncamdan naraz\u0131d\u0131r<\/em><\/strong><\/p>\n\n\n\n<p>May\u0131n 25-d\u0259 Az\u0259rbaycan Prezidenti \u0130lham \u018fliyev 154 m\u0259hbusu \u0259fv <a href=\"https:\/\/president.az\/az\/articles\/view\/66020\">edib<\/a>.<\/p>\n\n\n\n<p>Prezidentin imzalad\u0131\u011f\u0131 \u201cM\u0259hkum edilmi\u015f bir s\u0131ra \u015f\u0259xsl\u0259rin \u0259fv olunmas\u0131 haqq\u0131nda\u201d S\u0259r\u0259ncama \u0259sas\u0259n, 3 n\u0259f\u0259r azadl\u0131qdan m\u0259hrumetm\u0259 c\u0259zas\u0131ndan azad edilib;&nbsp; 52 m\u0259hbusun c\u0259zas\u0131n\u0131n \u00e7\u0259kilm\u0259mi\u015f hiss\u0259si yar\u0131yad\u0259k azald\u0131l\u0131b; 1 n\u0259f\u0259r t\u0259xir\u0259 sal\u0131nm\u0131\u015f c\u0259zadan, 28-i elektron qolbaqdan xilas olub. 3 n\u0259f\u0259rin is\u0259 elektron qolbaq c\u0259zas\u0131 yar\u0131ya sal\u0131n\u0131b. \u0130slah i\u015fl\u0259rin\u0259 m\u0259hkum edilmi\u015f 2 n\u0259f\u0259r c\u0259zas\u0131n\u0131n \u00e7\u0259kilm\u0259mi\u015f hiss\u0259sind\u0259n azad edilib.<\/p>\n\n\n\n<p>C\u0259rim\u0259 c\u0259zas\u0131na m\u0259hkum edilmi\u015f 4 n\u0259f\u0259r c\u0259zadan qurtulub, 1 n\u0259f\u0259rin m\u0259hkumlu\u011fu \u00fcz\u0259rind\u0259n g\u00f6t\u00fcr\u00fcl\u00fcb.<\/p>\n\n\n\n<p>H\u00fcquq m\u00fcdqafi\u0259\u00e7il\u0259rinin dediyin\u0259 g\u00f6r\u0259, \u0259fv olunanlar aras\u0131nda bir n\u0259f\u0259r bel\u0259 siyasi m\u0259hbus kimi tan\u0131nan \u015f\u0259xs yoxdur. \u00d6lk\u0259nin h\u00fcquq m\u00fcdafi\u0259 t\u0259\u015fkilatlar\u0131n\u0131n hesablamalar\u0131na g\u00f6r\u0259, haz\u0131rda 300 n\u0259f\u0259r\u0259d\u0259k insan siyasi m\u0259hbus h\u0259yat\u0131 ya\u015fay\u0131r.<\/p>\n\n\n\n<p>Dilar\u0259 \u018fliyeva ad\u0131na Az\u0259rbaycan Qad\u0131n H\u00fcquqlar\u0131n\u0131 M\u00fcdafi\u0259 C\u0259miyy\u0259tinin s\u0259dri Novella C\u0259f\u0259ro\u011flu \u201cTuran\u201da bildirib ki, \u0259fv s\u0259r\u0259ncamlar\u0131n\u0131n imzalanmas\u0131 h\u0259mi\u015f\u0259 m\u00fcsb\u0259t bir add\u0131md\u0131r:<\/p>\n\n\n\n<p>&#8220;<em>\u00c7\u00fcnki h\u0259bsd\u0259 olan adamlar azadl\u0131\u011fa burax\u0131l\u0131r, \u00f6z do\u011fmalar\u0131na qovu\u015fur&#8221;.<\/em><\/p>\n\n\n<div class=\"wp-block-image\">\n<figure class=\"alignright size-full is-resized\"><img decoding=\"async\" width=\"1200\" height=\"800\" data-src=\"https:\/\/www.meydan.tv\/wp-content\/uploads\/novella_ceferoglu_5.jpg\" alt=\"\" class=\"wp-image-226889 lazyload\" style=\"--smush-placeholder-width: 1200px; --smush-placeholder-aspect-ratio: 1200\/800;width:331px;height:auto\" src=\"data:image\/svg+xml;base64,PHN2ZyB3aWR0aD0iMSIgaGVpZ2h0PSIxIiB4bWxucz0iaHR0cDovL3d3dy53My5vcmcvMjAwMC9zdmciPjwvc3ZnPg==\" \/><figcaption class=\"wp-element-caption\">Novella C\u0259f\u0259ro\u011flu, Foto: Teleqraf.com<\/figcaption><\/figure>\n<\/div>\n\n\n<p>Eyni zamanda, h\u00fcquq m\u00fcdafi\u0259\u00e7i qeyd edib ki, \u018ffv S\u0259r\u0259ncam\u0131nda bar\u0259l\u0259rind\u0259 m\u0259hk\u0259m\u0259 q\u0259rar\u0131 olan jurnalistl\u0259rin adlar\u0131n\u0131n olmad\u0131\u011f\u0131na g\u00f6r\u0259 \u00e7ox t\u0259\u0259ss\u00fcf edir: <\/p>\n\n\n\n<p><em>&#8220;H\u0259m\u00e7inin siyah\u0131m\u0131zda olanlar\u0131n he\u00e7 biri \u0259fv\u0259 d\u00fc\u015fm\u0259di. Bu, \u00e7ox t\u0259\u0259ss\u00fcfedicidir&#8221;.<\/em><\/p>\n\n\n\n<p>N.C\u0259f\u0259ro\u011flu hesab edir ki, \u018ffv Komissiyas\u0131n\u0131n t\u0259rkibind\u0259 d\u0259yi\u015fiklikl\u0259r edilm\u0259lidir:<\/p>\n\n\n\n<p>&#8220;<em>\u00c7\u00fcnki h\u0259min siyah\u0131lar\u0131 komissiya t\u0259rtib edir. M\u0259n hesab edir\u0259m ki, jurnalist qurumlar\u0131n\u0131n r\u0259hb\u0259rl\u0259ri v\u0259 redaktorlar\u0131, h\u00fcquq m\u00fcdafi\u0259\u00e7il\u0259ri Prezident \u0130lham \u018fliyevl\u0259 g\u00f6r\u00fc\u015f\u00fcb ona jurnalistl\u0259rl\u0259 ba\u011fl\u0131 v\u0259ziyy\u0259t bar\u0259d\u0259 m\u0259lumat verm\u0259lidir&#8221;.<\/em><\/p>\n\n\n\n<p>\u201cM\u00fcdafi\u0259 X\u0259tti\u201d h\u00fcquq m\u00fcdafi\u0259 t\u0259\u015fkilat\u0131n\u0131n icra\u00e7\u0131 direktoru R\u00fcf\u0259t S\u0259f\u0259rov da \u201cTuran\u201da deyib ki, bir n\u0259f\u0259r bel\u0259 siyasi v\u0259 vicdan m\u0259hbusu \u0259fv olunmay\u0131b.<\/p>\n\n\n\n<p>\u201c<em>\u00c7ox t\u0259\u0259ss\u00fcf edir\u0259m ki, son ill\u0259r imzalanan \u0259fv s\u0259r\u0259camlar\u0131 aras\u0131nda yegan\u0259 hald\u0131r ki, bir siyasi m\u0259hbus bel\u0259 s\u0259r\u0259ncam\u0131n h\u00fcquqi dair\u0259sin\u0259 d\u00fc\u015fm\u0259yib. Bu, onu g\u00f6st\u0259rir ki, Az\u0259rbaycan hakimiyy\u0259ti b\u00fct\u00f6vl\u00fckd\u0259 h\u00fcquqi v\u0259 siyasi a\u00e7\u0131l\u0131mlara n\u0259inki haz\u0131r deyil, he\u00e7 irad\u0259 ist\u0259yi d\u0259 yoxdur. X\u00fcsusil\u0259 n\u0259z\u0259r\u0259 alaq ki, son bir il \u0259rzind\u0259 beyn\u0259lxalq siyasi g\u00fcc m\u0259rk\u0259zl\u0259ri, h\u00fcquq m\u00fcdafi\u0259 t\u0259\u015fkilatlar\u0131, m\u00f6t\u0259b\u0259r h\u00fcquqi mexanizml\u0259r, AB\u015e-dan, Avropa Birliyind\u0259n, Avropa \u015euras\u0131ndan insan haqlar\u0131n\u0131n durumu, siyasi m\u0259hbuslar\u0131n v\u0259ziyy\u0259ti, onlar\u0131n azadl\u0131\u011fa burax\u0131lmas\u0131 il\u0259 ba\u011fl\u0131 \u00e7ox ciddi q\u0259rarlar, q\u0259tnam\u0259l\u0259r v\u0259 \u00e7a\u011f\u0131r\u0131\u015flar var\u201d<\/em>, &#8211; o qeyd edib.<\/p>\n\n\n<div class=\"wp-block-image\">\n<figure class=\"alignleft size-full is-resized\"><img decoding=\"async\" width=\"1136\" height=\"638\" data-src=\"https:\/\/www.meydan.tv\/wp-content\/uploads\/25690.jpg\" alt=\"R\u00fcf\u0259t S\u0259f\u0259rov\" class=\"wp-image-67241 lazyload\" style=\"--smush-placeholder-width: 1136px; --smush-placeholder-aspect-ratio: 1136\/638;width:376px;height:auto\" src=\"data:image\/svg+xml;base64,PHN2ZyB3aWR0aD0iMSIgaGVpZ2h0PSIxIiB4bWxucz0iaHR0cDovL3d3dy53My5vcmcvMjAwMC9zdmciPjwvc3ZnPg==\" \/><figcaption class=\"wp-element-caption\">Foto: R\u00fcf\u0259t S\u0259f\u0259rovun \u015f\u0259xsi arxivind\u0259n<\/figcaption><\/figure>\n<\/div>\n\n\n<p>H\u00fcquq m\u00fcdafi\u0259\u00e7isi onu da deyib ki, \u0259fv s\u0259r\u0259ncam\u0131ndan ciddi g\u00f6zl\u0259ntil\u0259ri olmay\u0131b:<\/p>\n\n\n\n<p>\u201c<em>\u015e\u0259xs\u0259n m\u0259nd\u0259 bel\u0259 g\u00f6zl\u0259nti yox idi ki, bu \u0259fv s\u0259r\u0259ncam\u0131 il\u0259 300-\u0259 yax\u0131nla\u015fan siyasi m\u0259hbus azadl\u0131\u011fa burax\u0131lacaq. Amma beyn\u0259lxalq t\u0259pkil\u0259r v\u0259 t\u0259nqidl\u0259rin fonunda m\u00fc\u0259yy\u0259n \u00fcmidl\u0259rim var idi ki, he\u00e7 olmasa bir ne\u00e7\u0259 siyasi m\u0259hbus azadl\u0131\u011fa burax\u0131la bil\u0259r. Bunun is\u0259 tam \u0259ksini g\u00f6rd\u00fck\u201d.<\/em><\/p>\n\n\n\n<p>R\u00fcf\u0259t S\u0259f\u0259rovun fikrinc\u0259, bel\u0259 \u0259fv s\u0259r\u0259ncam\u0131 il\u0259 r\u0259smi Bak\u0131 onu g\u00f6st\u0259rm\u0259k ist\u0259yir ki, biz \u00f6lk\u0259nin daxilind\u0259ki h\u00fcquq v\u0259 azadl\u0131qlara qar\u015f\u0131 son d\u0259r\u0259c\u0259 k\u0259skin bir siyas\u0259t y\u00fcr\u00fcd\u00fcr\u00fcks\u0259, bu, bizim daxili i\u015fimiz ola bil\u0259r.<\/p>\n\n\n\n<p><em>&#8220;Beyn\u0259lxalq m\u00f6vqel\u0259r v\u0259 \u00e7a\u011f\u0131r\u0131\u015flar bizim \u00fc\u00e7\u00fcn he\u00e7 bir ciddiyy\u0259t k\u0259sb etmir. \u00c7\u00fcnki haz\u0131rki hakimiyy\u0259tin d\u00f6vr\u00fcnd\u0259, 30 il \u0259rzind\u0259 imzalanan \u0259fv s\u0259r\u0259ncamlar\u0131n\u0131n h\u0259r birind\u0259 az sayda olsa da, siyasi v\u0259 vicdan m\u0259hbuslar\u0131 azadl\u0131\u011fa \u00e7\u0131x\u0131b. Bu, yegan\u0259 \u0259fvdir ki, siyasi m\u0259hbus azadl\u0131\u011fa burax\u0131lmay\u0131b. D\u00fc\u015f\u00fcn\u00fcr\u0259m ki, bu, hakimiyy\u0259tin siyasi-emosional qeyri-h\u00fcquqi davran\u0131\u015f\u0131n\u0131n n\u0259tic\u0259sidir\u201d,<\/em> -h\u00fcquq m\u00fcdafi\u0259\u00e7isi qeyd edib.<\/p>\n","protected":false},"excerpt":{"rendered":"<p>H\u00fcquq m\u00fcdafi\u0259\u00e7il\u0259ri son s\u0259r\u0259ncamdan naraz\u0131d\u0131r May\u0131n 25-d\u0259 Az\u0259rbaycan Prezidenti \u0130lham &#8230; <\/p>\n<p class=\"read-more-container\"><a title=\"Prezident \u018ffv S\u0259r\u0259ncam\u0131 imzalad\u0131: Siyah\u0131da siyasi m\u0259hbus kimi tan\u0131nan he\u00e7 kimin ad\u0131 yoxdur\" class=\"read-more button\" href=\"https:\/\/www.meydan.tv\/az\/article\/prezident-efv-serencami-imzaladi-siyahida-siyasi-mehbus-kimi-taninan-hec-kimin-adi-yoxdur\/#more-306679\" aria-label=\"Read more about Prezident \u018ffv S\u0259r\u0259ncam\u0131 imzalad\u0131: Siyah\u0131da siyasi m\u0259hbus kimi tan\u0131nan he\u00e7 kimin ad\u0131 yoxdur\">Davam\u0131<\/a><\/p>\n","protected":false},"author":8,"featured_media":104151,"comment_status":"closed","ping_status":"closed","sticky":false,"template":"","format":"standard","meta":{"_acf_changed":false,"_sitemap_exclude":false,"_sitemap_priority":"","_sitemap_frequency":"","footnotes":""},"categories":[59,79,56],"tags":[],"class_list":["post-306679","post","type-post","status-publish","format-standard","has-post-thumbnail","hentry","category-siyaset","category-featured","category-xeberler","infinite-scroll-item","generate-columns","tablet-grid-50","mobile-grid-100","grid-parent","grid-33","no-featured-image-padding"],"acf":[],"yoast_head":"<!-- This site is optimized with the Yoast SEO plugin v27.4 - https:\/\/yoast.com\/product\/yoast-seo-wordpress\/ -->\n<title>Prezident \u018ffv S\u0259r\u0259ncam\u0131 imzalad\u0131: Siyah\u0131da siyasi m\u0259hbus kimi tan\u0131nan he\u00e7 kimin ad\u0131 yoxdur - MEYDAN.TV<\/title>\n<meta name=\"robots\" content=\"index, follow, max-snippet:-1, max-image-preview:large, max-video-preview:-1\" \/>\n<link rel=\"canonical\" href=\"https:\/\/www.meydan.tv\/az\/article\/prezident-efv-serencami-imzaladi-siyahida-siyasi-mehbus-kimi-taninan-hec-kimin-adi-yoxdur\/\" \/>\n<meta property=\"og:locale\" content=\"az_AZ\" \/>\n<meta property=\"og:type\" content=\"article\" \/>\n<meta property=\"og:title\" content=\"Prezident \u018ffv S\u0259r\u0259ncam\u0131 imzalad\u0131: Siyah\u0131da siyasi m\u0259hbus kimi tan\u0131nan he\u00e7 kimin ad\u0131 yoxdur - MEYDAN.TV\" \/>\n<meta property=\"og:description\" content=\"H\u00fcquq m\u00fcdafi\u0259\u00e7il\u0259ri son s\u0259r\u0259ncamdan naraz\u0131d\u0131r May\u0131n 25-d\u0259 Az\u0259rbaycan Prezidenti \u0130lham ... Davam\u0131\" \/>\n<meta property=\"og:url\" content=\"https:\/\/www.meydan.tv\/az\/article\/prezident-efv-serencami-imzaladi-siyahida-siyasi-mehbus-kimi-taninan-hec-kimin-adi-yoxdur\/\" \/>\n<meta property=\"og:site_name\" content=\"MEYDAN.TV\" \/>\n<meta property=\"article:published_time\" content=\"2024-05-25T18:04:42+00:00\" \/>\n<meta property=\"article:modified_time\" content=\"2024-05-26T07:51:10+00:00\" \/>\n<meta property=\"og:image\" content=\"https:\/\/www.meydan.tv\/wp-content\/uploads\/41321.jpg\" \/>\n\t<meta property=\"og:image:width\" content=\"2000\" \/>\n\t<meta property=\"og:image:height\" content=\"877\" \/>\n\t<meta property=\"og:image:type\" content=\"image\/jpeg\" \/>\n<meta name=\"author\" content=\"elli\" \/>\n<meta name=\"twitter:card\" content=\"summary_large_image\" \/>\n<meta name=\"twitter:creator\" content=\"@elli\" \/>\n<script type=\"application\/ld+json\" class=\"yoast-schema-graph\">{\"@context\":\"https:\\\/\\\/schema.org\",\"@graph\":[{\"@type\":\"Article\",\"@id\":\"https:\\\/\\\/www.meydan.tv\\\/az\\\/article\\\/prezident-efv-serencami-imzaladi-siyahida-siyasi-mehbus-kimi-taninan-hec-kimin-adi-yoxdur\\\/#article\",\"isPartOf\":{\"@id\":\"https:\\\/\\\/www.meydan.tv\\\/az\\\/article\\\/prezident-efv-serencami-imzaladi-siyahida-siyasi-mehbus-kimi-taninan-hec-kimin-adi-yoxdur\\\/\"},\"author\":{\"name\":\"elli\",\"@id\":\"https:\\\/\\\/www.meydan.tv\\\/az\\\/#\\\/schema\\\/person\\\/9cdbecf90d17180ce1dfbd95b08dcf47\"},\"headline\":\"Prezident \u018ffv S\u0259r\u0259ncam\u0131 imzalad\u0131: Siyah\u0131da siyasi m\u0259hbus kimi tan\u0131nan he\u00e7 kimin ad\u0131 yoxdur\",\"datePublished\":\"2024-05-25T18:04:42+00:00\",\"dateModified\":\"2024-05-26T07:51:10+00:00\",\"mainEntityOfPage\":{\"@id\":\"https:\\\/\\\/www.meydan.tv\\\/az\\\/article\\\/prezident-efv-serencami-imzaladi-siyahida-siyasi-mehbus-kimi-taninan-hec-kimin-adi-yoxdur\\\/\"},\"wordCount\":847,\"publisher\":{\"@id\":\"https:\\\/\\\/www.meydan.tv\\\/az\\\/#organization\"},\"image\":{\"@id\":\"https:\\\/\\\/www.meydan.tv\\\/az\\\/article\\\/prezident-efv-serencami-imzaladi-siyahida-siyasi-mehbus-kimi-taninan-hec-kimin-adi-yoxdur\\\/#primaryimage\"},\"thumbnailUrl\":\"https:\\\/\\\/www.meydan.tv\\\/wp-content\\\/uploads\\\/41321.jpg\",\"articleSection\":[\"Siyas\u0259t\",\"T\u00f6vsiy\u0259\",\"X\u0259b\u0259rl\u0259r\"],\"inLanguage\":\"az\"},{\"@type\":\"WebPage\",\"@id\":\"https:\\\/\\\/www.meydan.tv\\\/az\\\/article\\\/prezident-efv-serencami-imzaladi-siyahida-siyasi-mehbus-kimi-taninan-hec-kimin-adi-yoxdur\\\/\",\"url\":\"https:\\\/\\\/www.meydan.tv\\\/az\\\/article\\\/prezident-efv-serencami-imzaladi-siyahida-siyasi-mehbus-kimi-taninan-hec-kimin-adi-yoxdur\\\/\",\"name\":\"Prezident \u018ffv S\u0259r\u0259ncam\u0131 imzalad\u0131: Siyah\u0131da siyasi m\u0259hbus kimi tan\u0131nan he\u00e7 kimin ad\u0131 yoxdur - MEYDAN.TV\",\"isPartOf\":{\"@id\":\"https:\\\/\\\/www.meydan.tv\\\/az\\\/#website\"},\"primaryImageOfPage\":{\"@id\":\"https:\\\/\\\/www.meydan.tv\\\/az\\\/article\\\/prezident-efv-serencami-imzaladi-siyahida-siyasi-mehbus-kimi-taninan-hec-kimin-adi-yoxdur\\\/#primaryimage\"},\"image\":{\"@id\":\"https:\\\/\\\/www.meydan.tv\\\/az\\\/article\\\/prezident-efv-serencami-imzaladi-siyahida-siyasi-mehbus-kimi-taninan-hec-kimin-adi-yoxdur\\\/#primaryimage\"},\"thumbnailUrl\":\"https:\\\/\\\/www.meydan.tv\\\/wp-content\\\/uploads\\\/41321.jpg\",\"datePublished\":\"2024-05-25T18:04:42+00:00\",\"dateModified\":\"2024-05-26T07:51:10+00:00\",\"breadcrumb\":{\"@id\":\"https:\\\/\\\/www.meydan.tv\\\/az\\\/article\\\/prezident-efv-serencami-imzaladi-siyahida-siyasi-mehbus-kimi-taninan-hec-kimin-adi-yoxdur\\\/#breadcrumb\"},\"inLanguage\":\"az\",\"potentialAction\":[{\"@type\":\"ReadAction\",\"target\":[\"https:\\\/\\\/www.meydan.tv\\\/az\\\/article\\\/prezident-efv-serencami-imzaladi-siyahida-siyasi-mehbus-kimi-taninan-hec-kimin-adi-yoxdur\\\/\"]}]},{\"@type\":\"ImageObject\",\"inLanguage\":\"az\",\"@id\":\"https:\\\/\\\/www.meydan.tv\\\/az\\\/article\\\/prezident-efv-serencami-imzaladi-siyahida-siyasi-mehbus-kimi-taninan-hec-kimin-adi-yoxdur\\\/#primaryimage\",\"url\":\"https:\\\/\\\/www.meydan.tv\\\/wp-content\\\/uploads\\\/41321.jpg\",\"contentUrl\":\"https:\\\/\\\/www.meydan.tv\\\/wp-content\\\/uploads\\\/41321.jpg\",\"width\":2000,\"height\":877,\"caption\":\"Foto: Meydan TV\"},{\"@type\":\"BreadcrumbList\",\"@id\":\"https:\\\/\\\/www.meydan.tv\\\/az\\\/article\\\/prezident-efv-serencami-imzaladi-siyahida-siyasi-mehbus-kimi-taninan-hec-kimin-adi-yoxdur\\\/#breadcrumb\",\"itemListElement\":[{\"@type\":\"ListItem\",\"position\":1,\"name\":\"Ana s\u0259hif\u0259\",\"item\":\"https:\\\/\\\/www.meydan.tv\\\/az\\\/\"},{\"@type\":\"ListItem\",\"position\":2,\"name\":\"Siyas\u0259t\",\"item\":\"https:\\\/\\\/www.meydan.tv\\\/az\\\/section\\\/siyaset\\\/\"},{\"@type\":\"ListItem\",\"position\":3,\"name\":\"Prezident \u018ffv S\u0259r\u0259ncam\u0131 imzalad\u0131: Siyah\u0131da siyasi m\u0259hbus kimi tan\u0131nan he\u00e7 kimin ad\u0131 yoxdur\"}]},{\"@type\":\"WebSite\",\"@id\":\"https:\\\/\\\/www.meydan.tv\\\/az\\\/#website\",\"url\":\"https:\\\/\\\/www.meydan.tv\\\/az\\\/\",\"name\":\"MEYDAN.TV\",\"description\":\"Meydan TV Az\u0259rbaycan\u0131n media m\u0259kan\u0131ndak\u0131 alternativ s\u0259sidir\",\"publisher\":{\"@id\":\"https:\\\/\\\/www.meydan.tv\\\/az\\\/#organization\"},\"potentialAction\":[{\"@type\":\"SearchAction\",\"target\":{\"@type\":\"EntryPoint\",\"urlTemplate\":\"https:\\\/\\\/www.meydan.tv\\\/az\\\/?s={search_term_string}\"},\"query-input\":{\"@type\":\"PropertyValueSpecification\",\"valueRequired\":true,\"valueName\":\"search_term_string\"}}],\"inLanguage\":\"az\"},{\"@type\":\"Organization\",\"@id\":\"https:\\\/\\\/www.meydan.tv\\\/az\\\/#organization\",\"name\":\"Meydan TV\",\"url\":\"https:\\\/\\\/www.meydan.tv\\\/az\\\/\",\"logo\":{\"@type\":\"ImageObject\",\"inLanguage\":\"az\",\"@id\":\"https:\\\/\\\/www.meydan.tv\\\/az\\\/#\\\/schema\\\/logo\\\/image\\\/\",\"url\":\"https:\\\/\\\/www.meydan.tv\\\/wp-content\\\/uploads\\\/2021\\\/07\\\/meydan-logo.svg\",\"contentUrl\":\"https:\\\/\\\/www.meydan.tv\\\/wp-content\\\/uploads\\\/2021\\\/07\\\/meydan-logo.svg\",\"width\":195,\"height\":46,\"caption\":\"Meydan TV\"},\"image\":{\"@id\":\"https:\\\/\\\/www.meydan.tv\\\/az\\\/#\\\/schema\\\/logo\\\/image\\\/\"}},{\"@type\":\"Person\",\"@id\":\"https:\\\/\\\/www.meydan.tv\\\/az\\\/#\\\/schema\\\/person\\\/9cdbecf90d17180ce1dfbd95b08dcf47\",\"name\":\"elli\",\"sameAs\":[\"https:\\\/\\\/x.com\\\/elli\"]}]}<\/script>\n<!-- \/ Yoast SEO plugin. -->","yoast_head_json":{"title":"Prezident \u018ffv S\u0259r\u0259ncam\u0131 imzalad\u0131: Siyah\u0131da siyasi m\u0259hbus kimi tan\u0131nan he\u00e7 kimin ad\u0131 yoxdur - MEYDAN.TV","robots":{"index":"index","follow":"follow","max-snippet":"max-snippet:-1","max-image-preview":"max-image-preview:large","max-video-preview":"max-video-preview:-1"},"canonical":"https:\/\/www.meydan.tv\/az\/article\/prezident-efv-serencami-imzaladi-siyahida-siyasi-mehbus-kimi-taninan-hec-kimin-adi-yoxdur\/","og_locale":"az_AZ","og_type":"article","og_title":"Prezident \u018ffv S\u0259r\u0259ncam\u0131 imzalad\u0131: Siyah\u0131da siyasi m\u0259hbus kimi tan\u0131nan he\u00e7 kimin ad\u0131 yoxdur - MEYDAN.TV","og_description":"H\u00fcquq m\u00fcdafi\u0259\u00e7il\u0259ri son s\u0259r\u0259ncamdan naraz\u0131d\u0131r May\u0131n 25-d\u0259 Az\u0259rbaycan Prezidenti \u0130lham ... Davam\u0131","og_url":"https:\/\/www.meydan.tv\/az\/article\/prezident-efv-serencami-imzaladi-siyahida-siyasi-mehbus-kimi-taninan-hec-kimin-adi-yoxdur\/","og_site_name":"MEYDAN.TV","article_published_time":"2024-05-25T18:04:42+00:00","article_modified_time":"2024-05-26T07:51:10+00:00","og_image":[{"width":2000,"height":877,"url":"https:\/\/www.meydan.tv\/wp-content\/uploads\/41321.jpg","type":"image\/jpeg"}],"author":"elli","twitter_card":"summary_large_image","twitter_creator":"@elli","schema":{"@context":"https:\/\/schema.org","@graph":[{"@type":"Article","@id":"https:\/\/www.meydan.tv\/az\/article\/prezident-efv-serencami-imzaladi-siyahida-siyasi-mehbus-kimi-taninan-hec-kimin-adi-yoxdur\/#article","isPartOf":{"@id":"https:\/\/www.meydan.tv\/az\/article\/prezident-efv-serencami-imzaladi-siyahida-siyasi-mehbus-kimi-taninan-hec-kimin-adi-yoxdur\/"},"author":{"name":"elli","@id":"https:\/\/www.meydan.tv\/az\/#\/schema\/person\/9cdbecf90d17180ce1dfbd95b08dcf47"},"headline":"Prezident \u018ffv S\u0259r\u0259ncam\u0131 imzalad\u0131: Siyah\u0131da siyasi m\u0259hbus kimi tan\u0131nan he\u00e7 kimin ad\u0131 yoxdur","datePublished":"2024-05-25T18:04:42+00:00","dateModified":"2024-05-26T07:51:10+00:00","mainEntityOfPage":{"@id":"https:\/\/www.meydan.tv\/az\/article\/prezident-efv-serencami-imzaladi-siyahida-siyasi-mehbus-kimi-taninan-hec-kimin-adi-yoxdur\/"},"wordCount":847,"publisher":{"@id":"https:\/\/www.meydan.tv\/az\/#organization"},"image":{"@id":"https:\/\/www.meydan.tv\/az\/article\/prezident-efv-serencami-imzaladi-siyahida-siyasi-mehbus-kimi-taninan-hec-kimin-adi-yoxdur\/#primaryimage"},"thumbnailUrl":"https:\/\/www.meydan.tv\/wp-content\/uploads\/41321.jpg","articleSection":["Siyas\u0259t","T\u00f6vsiy\u0259","X\u0259b\u0259rl\u0259r"],"inLanguage":"az"},{"@type":"WebPage","@id":"https:\/\/www.meydan.tv\/az\/article\/prezident-efv-serencami-imzaladi-siyahida-siyasi-mehbus-kimi-taninan-hec-kimin-adi-yoxdur\/","url":"https:\/\/www.meydan.tv\/az\/article\/prezident-efv-serencami-imzaladi-siyahida-siyasi-mehbus-kimi-taninan-hec-kimin-adi-yoxdur\/","name":"Prezident \u018ffv S\u0259r\u0259ncam\u0131 imzalad\u0131: Siyah\u0131da siyasi m\u0259hbus kimi tan\u0131nan he\u00e7 kimin ad\u0131 yoxdur - MEYDAN.TV","isPartOf":{"@id":"https:\/\/www.meydan.tv\/az\/#website"},"primaryImageOfPage":{"@id":"https:\/\/www.meydan.tv\/az\/article\/prezident-efv-serencami-imzaladi-siyahida-siyasi-mehbus-kimi-taninan-hec-kimin-adi-yoxdur\/#primaryimage"},"image":{"@id":"https:\/\/www.meydan.tv\/az\/article\/prezident-efv-serencami-imzaladi-siyahida-siyasi-mehbus-kimi-taninan-hec-kimin-adi-yoxdur\/#primaryimage"},"thumbnailUrl":"https:\/\/www.meydan.tv\/wp-content\/uploads\/41321.jpg","datePublished":"2024-05-25T18:04:42+00:00","dateModified":"2024-05-26T07:51:10+00:00","breadcrumb":{"@id":"https:\/\/www.meydan.tv\/az\/article\/prezident-efv-serencami-imzaladi-siyahida-siyasi-mehbus-kimi-taninan-hec-kimin-adi-yoxdur\/#breadcrumb"},"inLanguage":"az","potentialAction":[{"@type":"ReadAction","target":["https:\/\/www.meydan.tv\/az\/article\/prezident-efv-serencami-imzaladi-siyahida-siyasi-mehbus-kimi-taninan-hec-kimin-adi-yoxdur\/"]}]},{"@type":"ImageObject","inLanguage":"az","@id":"https:\/\/www.meydan.tv\/az\/article\/prezident-efv-serencami-imzaladi-siyahida-siyasi-mehbus-kimi-taninan-hec-kimin-adi-yoxdur\/#primaryimage","url":"https:\/\/www.meydan.tv\/wp-content\/uploads\/41321.jpg","contentUrl":"https:\/\/www.meydan.tv\/wp-content\/uploads\/41321.jpg","width":2000,"height":877,"caption":"Foto: Meydan TV"},{"@type":"BreadcrumbList","@id":"https:\/\/www.meydan.tv\/az\/article\/prezident-efv-serencami-imzaladi-siyahida-siyasi-mehbus-kimi-taninan-hec-kimin-adi-yoxdur\/#breadcrumb","itemListElement":[{"@type":"ListItem","position":1,"name":"Ana s\u0259hif\u0259","item":"https:\/\/www.meydan.tv\/az\/"},{"@type":"ListItem","position":2,"name":"Siyas\u0259t","item":"https:\/\/www.meydan.tv\/az\/section\/siyaset\/"},{"@type":"ListItem","position":3,"name":"Prezident \u018ffv S\u0259r\u0259ncam\u0131 imzalad\u0131: Siyah\u0131da siyasi m\u0259hbus kimi tan\u0131nan he\u00e7 kimin ad\u0131 yoxdur"}]},{"@type":"WebSite","@id":"https:\/\/www.meydan.tv\/az\/#website","url":"https:\/\/www.meydan.tv\/az\/","name":"MEYDAN.TV","description":"Meydan TV Az\u0259rbaycan\u0131n media m\u0259kan\u0131ndak\u0131 alternativ s\u0259sidir","publisher":{"@id":"https:\/\/www.meydan.tv\/az\/#organization"},"potentialAction":[{"@type":"SearchAction","target":{"@type":"EntryPoint","urlTemplate":"https:\/\/www.meydan.tv\/az\/?s={search_term_string}"},"query-input":{"@type":"PropertyValueSpecification","valueRequired":true,"valueName":"search_term_string"}}],"inLanguage":"az"},{"@type":"Organization","@id":"https:\/\/www.meydan.tv\/az\/#organization","name":"Meydan TV","url":"https:\/\/www.meydan.tv\/az\/","logo":{"@type":"ImageObject","inLanguage":"az","@id":"https:\/\/www.meydan.tv\/az\/#\/schema\/logo\/image\/","url":"https:\/\/www.meydan.tv\/wp-content\/uploads\/2021\/07\/meydan-logo.svg","contentUrl":"https:\/\/www.meydan.tv\/wp-content\/uploads\/2021\/07\/meydan-logo.svg","width":195,"height":46,"caption":"Meydan TV"},"image":{"@id":"https:\/\/www.meydan.tv\/az\/#\/schema\/logo\/image\/"}},{"@type":"Person","@id":"https:\/\/www.meydan.tv\/az\/#\/schema\/person\/9cdbecf90d17180ce1dfbd95b08dcf47","name":"elli","sameAs":["https:\/\/x.com\/elli"]}]}},"_links":{"self":[{"href":"https:\/\/www.meydan.tv\/az\/wp-json\/wp\/v2\/posts\/306679","targetHints":{"allow":["GET"]}}],"collection":[{"href":"https:\/\/www.meydan.tv\/az\/wp-json\/wp\/v2\/posts"}],"about":[{"href":"https:\/\/www.meydan.tv\/az\/wp-json\/wp\/v2\/types\/post"}],"author":[{"embeddable":true,"href":"https:\/\/www.meydan.tv\/az\/wp-json\/wp\/v2\/users\/8"}],"replies":[{"embeddable":true,"href":"https:\/\/www.meydan.tv\/az\/wp-json\/wp\/v2\/comments?post=306679"}],"version-history":[{"count":3,"href":"https:\/\/www.meydan.tv\/az\/wp-json\/wp\/v2\/posts\/306679\/revisions"}],"predecessor-version":[{"id":306693,"href":"https:\/\/www.meydan.tv\/az\/wp-json\/wp\/v2\/posts\/306679\/revisions\/306693"}],"wp:featuredmedia":[{"embeddable":true,"href":"https:\/\/www.meydan.tv\/az\/wp-json\/wp\/v2\/media\/104151"}],"wp:attachment":[{"href":"https:\/\/www.meydan.tv\/az\/wp-json\/wp\/v2\/media?parent=306679"}],"wp:term":[{"taxonomy":"category","embeddable":true,"href":"https:\/\/www.meydan.tv\/az\/wp-json\/wp\/v2\/categories?post=306679"},{"taxonomy":"post_tag","embeddable":true,"href":"https:\/\/www.meydan.tv\/az\/wp-json\/wp\/v2\/tags?post=306679"}],"curies":[{"name":"wp","href":"https:\/\/api.w.org\/{rel}","templated":true}]}}