{"id":306641,"date":"2024-05-25T16:50:50","date_gmt":"2024-05-25T12:50:50","guid":{"rendered":"https:\/\/www.meydan.tv\/?p=306641"},"modified":"2024-05-25T20:54:25","modified_gmt":"2024-05-25T16:54:25","slug":"harda-yazilib-ki-isa-qember-partiyadaxili-seckilerde-her-zaman-biteref-olmalidir","status":"publish","type":"post","link":"https:\/\/www.meydan.tv\/az\/article\/harda-yazilib-ki-isa-qember-partiyadaxili-seckilerde-her-zaman-biteref-olmalidir\/","title":{"rendered":"\u201cHarda yaz\u0131l\u0131b ki, \u0130sa Q\u0259mb\u0259r partiyadaxili se\u00e7kil\u0259rd\u0259 h\u0259r zaman bit\u0259r\u0259f olmal\u0131d\u0131r?\u201d"},"content":{"rendered":"\n<figure class=\"wp-block-embed is-type-video is-provider-youtube wp-block-embed-youtube wp-embed-aspect-16-9 wp-has-aspect-ratio\"><div class=\"wp-block-embed__wrapper\">\n<iframe title=\"\u201cHarda yaz\u0131l\u0131b ki, \u0130sa Q\u0259mb\u0259r partiyadaxili se\u00e7kil\u0259rd\u0259 h\u0259r zaman bit\u0259r\u0259f olmal\u0131d\u0131r?\u201d\" width=\"1200\" height=\"675\" data-src=\"https:\/\/www.youtube.com\/embed\/Z-ZT2cF0chE?feature=oembed\" frameborder=\"0\" allow=\"accelerometer; autoplay; clipboard-write; encrypted-media; gyroscope; picture-in-picture; web-share\" referrerpolicy=\"strict-origin-when-cross-origin\" allowfullscreen src=\"data:image\/svg+xml;base64,PHN2ZyB3aWR0aD0iMSIgaGVpZ2h0PSIxIiB4bWxucz0iaHR0cDovL3d3dy53My5vcmcvMjAwMC9zdmciPjwvc3ZnPg==\" class=\"lazyload\" data-load-mode=\"1\"><\/iframe>\n<\/div><\/figure>\n\n\n\n<!--more-->\n\n\n\n<p><em><strong>\u0130sa Q\u0259mb\u0259r:\u00a0\u201cAz\u0259rbaycanda d\u0259yi\u015fiklikl\u0259rin ba\u015f verm\u0259si qa\u00e7\u0131lmazd\u0131r\u201d<\/strong><\/em><\/p>\n\n\n\n<p><strong>1992-2014-c\u00fc ill\u0259rd\u0259 M\u00fcsavat Partiyas\u0131n\u0131n ba\u015fqan\u0131 olan \u0130sa Q\u0259mb\u0259r may\u0131n 4-d\u0259 yenid\u0259n partiyan\u0131n ba\u015fqan\u0131 se\u00e7ilib. Partiyan\u0131n XI qurultay\u0131 \u00f6z\u00fcnd\u0259n \u0259vv\u0259lki qurultaylarla m\u00fcqayis\u0259d\u0259 bir s\u0131ra suallar\u0131 g\u00fcnd\u0259m\u0259 g\u0259tirdiyind\u0259n \u0130sa Q\u0259mb\u0259rl\u0259 s\u00f6hb\u0259timizin predmetin\u0259 \u00e7evrildi. &nbsp;&nbsp;<\/strong><\/p>\n\n\n\n<p><em>&#8211; \u0130sa b\u0259y, yenid\u0259n ba\u015fqanl\u0131\u011fa qay\u0131tma\u011f\u0131n\u0131z\u0131 \u00f6z\u00fcn\u00fcz ist\u0259diniz, yoxsa m\u00fcsavat\u00e7\u0131lar?<\/em><\/p>\n\n\n\n<p>&#8211; 2014-c\u00fc ild\u0259 nizamnam\u0259 t\u0259l\u0259bin\u0259 g\u00f6r\u0259 ba\u015fqanl\u0131qdan ayr\u0131landan sonra geri d\u00f6nm\u0259k niyy\u0259tim olmay\u0131b. Sad\u0259c\u0259, bu m\u0259rh\u0259l\u0259d\u0259 m\u00fcsavat\u00e7\u0131lar\u0131n \u0259ks\u0259riyy\u0259ti yenid\u0259n ba\u015fqanl\u0131\u011fa namiz\u0259dliyimi ir\u0259li s\u00fcrm\u0259yimi ist\u0259dil\u0259r, israr v\u0259 t\u0259kid etdil\u0259r. V\u0259 m\u0259n d\u0259 onlar\u0131n \u00e7a\u011f\u0131r\u0131\u015f\u0131na laqeyd qala bilm\u0259dim, \u00e7\u00fcnki m\u00fcsavat\u00e7\u0131lar m\u0259nim \u00fc\u00e7\u00fcn \u00e7ox \u00f6n\u0259mlidirl\u0259r. Onlar\u0131 Az\u0259rbaycan c\u0259miyy\u0259tinin \u00e7ox \u00f6n\u0259mli bir hiss\u0259si hesab edir\u0259m.<\/p>\n\n\n\n<p>&#8211;&nbsp;<em>2023-c\u00fc ilin oktyabr\u0131nda m\u00fcsahib\u0259nizd\u0259 se\u00e7kil\u0259r\u0259 qat\u0131lmaq fikrinizin olmad\u0131\u011f\u0131n\u0131, namiz\u0259dliyinizi ir\u0259li s\u00fcrm\u0259y\u0259c\u0259yinizi demi\u015fdiniz\u2026Do\u011frudanm\u0131, yaln\u0131z m\u00fcsavat\u00e7\u0131lar\u0131n israr\u0131yla se\u00e7kil\u0259r\u0259 qat\u0131ld\u0131\u011f\u0131n\u0131z?<\/em><\/p>\n\n\n\n<p>&#8211; Yaln\u0131z v\u0259 yaln\u0131z m\u00fcsavat\u00e7\u0131lar\u0131n \u00e7a\u011f\u0131r\u0131\u015f\u0131 m\u0259nim q\u0259rar\u0131m\u0131n d\u0259yi\u015fm\u0259sin\u0259 s\u0259b\u0259b oldu. Ba\u015fqa he\u00e7 bir s\u0259b\u0259b yoxdur.<\/p>\n\n\n\n<p><em>&#8211; 4 may qurultay\u0131nda 3 n\u0259f\u0259r \u0259leyhiniz\u0259 olmaqla alternativsiz se\u00e7ildiniz. Hakimiyy\u0259ti d\u0259 alternativsizlikd\u0259, daha \u00e7ox faiz s\u0259s y\u0131\u011fmaqda ittiham ed\u0259n m\u00fcxalif\u0259t niy\u0259 bu yolu se\u00e7di?<\/em><\/p>\n\n\n\n<p>&#8211; \u018fvv\u0259la, hakimiyy\u0259tl\u0259 partiyan\u0131 m\u00fcqayis\u0259 etm\u0259k olmaz. \u00c7\u00fcnki \u00f6lk\u0259d\u0259 m\u00fcxt\u0259lif siyasi q\u00fcvv\u0259l\u0259r v\u0259 \u0259hval-ruhiyy\u0259l\u0259r var. V\u0259 bir n\u0259f\u0259rin \u00e7ox y\u00fcks\u0259k faizl\u0259 s\u0259s almas\u0131 o q\u0259d\u0259r d\u0259 real bir m\u0259nz\u0259r\u0259 deyil. Bu, ancaq b\u00f6y\u00fck sars\u0131nt\u0131lardan sonra olur ki, xalq hans\u0131sa bir hakimiyy\u0259td\u0259n bezir, yeni q\u00fcvv\u0259nin hakimiyy\u0259t\u0259 g\u0259lm\u0259sini ist\u0259yir v\u0259 n\u00fcfuzlu bir \u015f\u0259xsi b\u00f6y\u00fck \u00fcst\u00fcnl\u00fckl\u0259 v\u0259zif\u0259y\u0259 se\u00e7irl\u0259r. Partiyalarda is\u0259 v\u0259ziyy\u0259t f\u0259rqlidir, x\u00fcsus\u0259n f\u0259rqli fraksiyalar\u0131n v\u0259 yana\u015fmalar\u0131n olmas\u0131 he\u00e7 d\u0259 h\u0259mi\u015f\u0259 m\u00f6vcud olmur. M\u00fcsavat Partiyas\u0131n\u0131n \u0259ks\u0259riyy\u0259ti bu m\u00f6vqed\u0259ydi, m\u0259n namiz\u0259dliyimi ir\u0259li s\u00fcr\u0259n\u0259 q\u0259d\u0259r iki namiz\u0259d vard\u0131, t\u0259\u0259ss\u00fcf ki, onlar namiz\u0259dlikl\u0259rini geri \u00e7\u0259km\u0259k q\u0259rar\u0131na g\u0259ldil\u0259r. H\u0259tta dostcas\u0131na ara\u015fd\u0131rma\u011fa \u00e7al\u0131\u015fd\u0131q ki, namiz\u0259dliyinizi niy\u0259 geri g\u00f6t\u00fcr\u00fcrs\u00fcn\u00fcz? Onlar\u0131n h\u0259r biri ayr\u0131-ayr\u0131l\u0131qda bel\u0259 bir m\u00f6vqe s\u0259rgil\u0259dil\u0259r ki, biz g\u00f6r\u00fcnt\u00fc namin\u0259 yox, do\u011frudan da, M\u00fcsavat Partiyas\u0131n\u0131n ba\u015fqan\u0131 olmaq iddias\u0131nday\u0131q v\u0259 hesab edirik ki, siz\u0259 b\u00f6y\u00fck f\u0259rql\u0259 m\u0259\u011flub olsaq, bu g\u0259l\u0259c\u0259k se\u00e7kil\u0259rd\u0259ki \u015fan\u015f\u0131m\u0131z\u0131, imkanlar\u0131m\u0131z\u0131 m\u0259hdudla\u015fd\u0131ra bil\u0259r. Ona g\u00f6r\u0259 d\u0259 namiz\u0259dlikl\u0259rini geri g\u00f6t\u00fcrd\u00fcl\u0259r.<\/p>\n\n\n\n<p>&#8211;&nbsp;<em>Fraksiyalardan s\u00f6z d\u00fc\u015fm\u00fc\u015fk\u0259n, m\u0259s\u0259l\u0259n, 2014-c\u00fc il qurultay\u0131nda \u0259n g\u0259nc namiz\u0259d Tural Abbasl\u0131yd\u0131, 20 s\u0259s ald\u0131, Qubad \u0130bado\u011flu 200 s\u0259s. Y\u0259ni Arif Hac\u0131l\u0131n\u0131n alternativl\u0259ri vard\u0131, sizin is\u0259 alternativiniz yox idi. Bu, o dem\u0259k deyilmi partiyan\u0131zda fraksiya da yoxdur?<\/em><\/p>\n\n\n\n<p>&#8211; Arif Hac\u0131l\u0131 Az\u0259rbaycan\u0131n \u0259n g\u00f6rk\u0259mli d\u00f6vl\u0259t adamlar\u0131ndan biridir. Onu da x\u00fcsusi qeyd etdim ki, M\u0259h\u0259mm\u0259d \u018fmin R\u0259sulzad\u0259 d\u0259 daxil M\u00fcsavat Partiyas\u0131n\u0131n b\u00fct\u00fcn ba\u015fqanlar\u0131 aras\u0131nda yegan\u0259 ba\u015fqan Arif Hac\u0131l\u0131d\u0131r ki, ciddi r\u0259qab\u0259t \u015f\u0259raitind\u0259 ba\u015fqan se\u00e7ilib. Bunu da qiym\u0259tl\u0259ndirm\u0259k laz\u0131md\u0131r.<\/p>\n\n\n\n<p><em>&#8211; B\u0259li, Arif Hac\u0131l\u0131n\u0131n 2019-cu il qurultay\u0131nda da ciddi opponentl\u0259ri vard\u0131. Tofiq Yaqublu v\u0259 Yadigar Sad\u0131ql\u0131, amma siz yen\u0259 d\u0259 opponentsiz se\u00e7ildiniz. Bunu nec\u0259 izah ed\u0259rdiniz?<\/em><\/p>\n\n\n\n<p>&#8211; B\u0259li, iki namiz\u0259d vard\u0131, onlar ikisi bir yerd\u0259 71 s\u0259s toplam\u0131\u015fd\u0131lar. Onlardan biri yen\u0259 d\u0259 20 s\u0259sl\u0259 kifay\u0259tl\u0259nmi\u015fdi, dig\u0259ri 51 s\u0259s toplam\u0131\u015fd\u0131. T\u0259bii ki, r\u0259qab\u0259t vard\u0131, amma 2014-c\u00fc ild\u0259 olan ciddi r\u0259qab\u0259t 2019-cu ild\u0259 al\u0131nmad\u0131. Sad\u0259c\u0259, maraql\u0131 se\u00e7ki yar\u0131\u015f\u0131 getdi. Bilirsiniz, detallar\u0131n ham\u0131s\u0131 \u00f6n\u0259mlidir, amma \u0259n \u00f6n\u0259mli c\u0259h\u0259ti n\u0259 siz, n\u0259 ba\u015fqa jurnalistl\u0259r qeyd edirsiniz. Bu, ondan ibar\u0259tdir ki, M\u00fcsavat Partiyas\u0131nda azad v\u0259 \u0259dal\u0259tli, se\u00e7ki, gizli s\u0259sverm\u0259 ke\u00e7irilir, \u015f\u0259ffaf s\u0259ssayma n\u00fcmayi\u015f etdirilir. Y\u0259ni bir \u015f\u0259xsin ard\u0131c\u0131l olaraq eyni v\u0259zif\u0259y\u0259 g\u0259lm\u0259m\u0259si prinsipini 2001-ci ild\u0259 q\u0259bul etmi\u015fik, 2014-c\u00fc ild\u0259n b\u0259ri nizamnam\u0259nin bu m\u00fcdd\u0259as\u0131 q\u00fcvv\u0259d\u0259dir. Biz bunu h\u0259yata ke\u00e7ir\u0259rk\u0259n \u00fcmumi demokratik prosesi ir\u0259lil\u0259tm\u0259y\u0259 \u00e7al\u0131\u015fm\u0131\u015fd\u0131q, eyni zamanda, d\u00fc\u015f\u00fcn\u00fcrd\u00fck ki, hakimiyy\u0259t\u0259 d\u0259 n\u00fcmun\u0259 g\u00f6st\u0259rdik. \u00c7\u00fcnki 2009-cu ild\u0259 hakimiyy\u0259t referendum t\u0259\u015fkil ed\u0259r\u0259k, h\u0259min m\u00fcdd\u0259an\u0131 Konstitusiyadan \u00e7\u0131xartd\u0131. Ancaq hakimiyy\u0259td\u0259n daha \u00e7ox siyasi partiyalar\u0131n h\u0259min n\u00fcmun\u0259d\u0259n istifad\u0259 ed\u0259c\u0259kl\u0259rin\u0259 inan\u0131rd\u0131q. T\u0259\u0259ss\u00fcf ki, M\u00fcsavat Partiyas\u0131ndan ba\u015fqa he\u00e7 bir partiya bu n\u00fcmun\u0259ni g\u00f6st\u0259rm\u0259di. V\u0259 t\u0259\u0259ss\u00fcf ki, \u015f\u0259xsi s\u00f6hb\u0259tl\u0259r istisna olaraq n\u0259 jurnalistl\u0259r, n\u0259 ba\u015fqa ictimai-siyasi xadiml\u0259r bu add\u0131m\u0131n Az\u0259rbaycan demokratik inki\u015faf\u0131 \u00fc\u00e7\u00fcn \u00f6n\u0259mini vur\u011fulamad\u0131lar. M\u00fcsavat\u0131n bel\u0259 d\u00fczg\u00fcn, g\u00fccl\u00fc t\u0259\u015f\u0259bb\u00fcs ir\u0259li s\u00fcrd\u00fcy\u00fcn\u00fc qiym\u0259tl\u0259ndirm\u0259dil\u0259r. \u0130ndiki halda da alternativ namiz\u0259d olmasa da, gizli s\u0259sverm\u0259 ke\u00e7irilib v\u0259 h\u0259r k\u0259s\u0259 \u00f6z m\u00f6vqeyini a\u00e7\u0131q \u015f\u0259kild\u0259 ifad\u0259 etm\u0259y\u0259 \u015f\u0259rait yarad\u0131l\u0131b. \u0130ndiki m\u0259rh\u0259l\u0259d\u0259 n\u0259tic\u0259 bundan ibar\u0259tdir.<\/p>\n\n\n\n<p>&#8211;&nbsp;<em>B\u0259li, d\u00fczd\u00fcr ki, partiyada demokratik se\u00e7kil\u0259r n\u0259tic\u0259sind\u0259 r\u0259hb\u0259rlik formala\u015fd\u0131r\u0131l\u0131r. Amma 2014-c\u00fc ild\u0259n f\u0259rqli olaraq 2019-cu ild\u0259 s\u0259dar\u0259td\u0259 olsan\u0131z da, bit\u0259r\u0259fliyinizi qoruya bilm\u0259diniz, Ar\u0131f Hac\u0131l\u0131ya a\u00e7\u0131q d\u0259st\u0259k verdiniz. Bunu nec\u0259 izah ed\u0259 bil\u0259rsiniz?<\/em><\/p>\n\n\n\n<p>&#8211; Harada yaz\u0131l\u0131b ki, \u0130sa Q\u0259mb\u0259r partiyadaxili se\u00e7kil\u0259rd\u0259 h\u0259r zaman bit\u0259r\u0259f olmal\u0131d\u0131r? Y\u0259ni, 2014-c\u00fc ild\u0259 bit\u0259r\u0259fliyimi saxlad\u0131m, \u00e7\u00fcnki hesab edirdim ki, \u0259g\u0259r biz ba\u015fqan\u0131n se\u00e7ilm\u0259si \u00fc\u00e7\u00fcn partiya \u00fczvl\u0259rimiz\u0259 tam r\u0259qab\u0259tli \u015f\u0259rait yarad\u0131r\u0131qsa, m\u0259nim bit\u0259r\u0259f qalma\u011f\u0131m daha \u0259dal\u0259tli olar. Do\u011frusu, m\u0259nim kimis\u0259 m\u00fcdafi\u0259 etm\u0259yim h\u0259min \u015f\u0259xsin \u00fcst\u00fcnl\u00fcy\u00fcn\u00fc art\u0131ra bil\u0259r. Ancaq 2019-cu ild\u0259, art\u0131q 5 il ke\u00e7mi\u015fdi v\u0259 ba\u011f\u0131\u015flay\u0131n, n\u00fcfuzumdan ba\u015fqa prosesl\u0259r\u0259 t\u0259sir etm\u0259y\u0259 h\u0259r hans\u0131 resursum yox idi. M\u00fcsavat Partiyas\u0131n\u0131n \u00fczv\u00fc oldu\u011fumdan ixtiyar\u0131m var ki, se\u00e7kid\u0259 namiz\u0259dl\u0259rd\u0259n birini m\u00fcdafi\u0259 edim.<\/p>\n\n\n\n<p>&#8211;&nbsp;<em>Lakin s\u0259dar\u0259td\u0259 oldu\u011funuzdan he\u00e7 bir namiz\u0259di m\u00fcdafi\u0259 etm\u0259m\u0259liydiniz, d\u00fczd\u00fcr?<\/em><\/p>\n\n\n\n<p>&#8211; Harada yaz\u0131l\u0131b o?<\/p>\n\n\n\n<p><em>&#8211; Reqlament vard\u0131 v\u0259 Tofiq Yaqublu buna g\u00f6r\u0259 siz\u0259 irad tutdu\u2026V\u0259 siz d\u0259 dediniz ki, 2 n\u0259f\u0259ri v\u0259 onlar\u0131 m\u00fcdafi\u0259 ed\u0259n 5-10 n\u0259f\u0259rin ist\u0259yi \u00fcz\u0259rin\u0259 idar\u0259 ed\u0259c\u0259yik? Yad\u0131n\u0131za g\u0259lirmi?<\/em><\/p>\n\n\n\n<p>&#8211; M\u00fcsavat Partiyas\u0131n\u0131n Nizamnam\u0259sind\u0259 v\u0259 se\u00e7ki t\u0259limatlar\u0131nda qurultay\u0131n s\u0259dar\u0259tind\u0259 \u0259yl\u0259\u015f\u0259n \u015f\u0259xsl\u0259rin t\u0259r\u0259f olmaq h\u00fcququ yoxdur kimi bir m\u00fcdd\u0259a yoxdur. Bilmir\u0259m, bunu haradan uydurmusunuz, bu da sizin yana\u015fman\u0131zd\u0131r.<\/p>\n\n\n\n<p>&#8211;&nbsp;<em>M\u0259n uydurmam\u0131\u015fam, sizin opponentl\u0259riniz onu s\u0259sl\u0259ndirir\u2026<\/em><\/p>\n\n\n\n<p>&#8211; Canlar\u0131 sa\u011f olsun. Opponent onun \u00fc\u00e7\u00fcnd\u00fcr ki, h\u0259m haql\u0131, h\u0259m d\u0259&nbsp; haqs\u0131z iradlar\u0131 s\u0259sl\u0259ndirsinl\u0259r.<\/p>\n\n\n\n<p>&#8211;&nbsp;<em>B\u00fct\u00fcn hallarda niy\u0259 s\u0259dar\u0259t olaraq bit\u0259r\u0259f qalmad\u0131n\u0131z?<\/em><\/p>\n\n\n\n<p>&#8211; Y\u0259ni deyir\u0259m ki, bizim n\u0259 Nizamnam\u0259d\u0259, n\u0259 se\u00e7ki t\u0259limat\u0131nda el\u0259 m\u00fcdd\u0259a var. Bu, m\u0259nim h\u00fcququmdur v\u0259 hesab edirdim ki, o m\u0259rh\u0259l\u0259d\u0259 namiz\u0259dl\u0259r aras\u0131nda partiyan\u0131n maraqlar\u0131na \u0259n \u00e7ox cavab ver\u0259n namiz\u0259d Arif Hac\u0131l\u0131d\u0131r, o m\u00f6vqeyimi d\u0259 a\u00e7\u0131q \u015f\u0259kild\u0259 bildirdim.<\/p>\n\n\n\n<p>&#8211;&nbsp;<em>V\u0259 Arif Hac\u0131l\u0131 da m\u0259clisin s\u0259dri oldu. Bir ne\u00e7\u0259 g\u00fcn \u0259vv\u0259l \u201eTuran\u201c agentliyin\u0259 m\u00fcsahib\u0259nizd\u0259 bir suala \u00e7ox s\u0259rt cavab verdiniz. M\u00fcsavat Partiyas\u0131nda Putin-Medvedev ssenarisi m\u0259s\u0259l\u0259sin\u0259. H\u0259l\u0259 2014-c\u00fc il qurultay\u0131nda A.Hac\u0131l\u0131 ba\u015fqan se\u00e7il\u0259nd\u0259 Az\u0259r Qas\u0131ml\u0131 bu bar\u0259d\u0259 dan\u0131\u015fanda, m\u00fcsavat\u00e7\u0131lar onu lin\u00e7 edirdi. Bel\u0259 \u00e7\u0131x\u0131r ki, o, do\u011fru deyirmi\u015f, Putin-Medvedev m\u0259nz\u0259r\u0259si yaranmad\u0131m\u0131?<\/em><\/p>\n\n\n\n<p>&#8211; Qeyri-ciddi s\u00f6hb\u0259tl\u0259ri niy\u0259 yay\u0131rs\u0131n\u0131z?<\/p>\n\n\n\n<p>&#8211;&nbsp;<em>Yaym\u0131r\u0131q, sual veririk.<\/em><\/p>\n\n\n\n<p>&#8211; Niy\u0259 bu q\u0259d\u0259r qeyri-ciddi m\u00f6vzulardan l\u0259zz\u0259t al\u0131rs\u0131n\u0131z, \u00fczr ist\u0259yir\u0259m, \u00e7ox q\u0259rib\u0259dir. M\u00fcqayis\u0259 tamamil\u0259 \u0259sass\u0131zd\u0131r. \u018fvv\u0259la, Putin faktiki olaraq Medvedevi prezident v\u0259zif\u0259sin\u0259 t\u0259yin etmi\u015fdi, 4 ild\u0259n sonra da o v\u0259zif\u0259y\u0259 qay\u0131tmaq ist\u0259di v\u0259 qay\u0131td\u0131 da. Bununla ba\u011fl\u0131 ke\u00e7iril\u0259n se\u00e7kil\u0259r d\u0259 azad v\u0259 \u0259dal\u0259tli se\u00e7kil\u0259r kimi qiym\u0259tl\u0259ndiril\u0259 bilm\u0259z. M\u00fcsavat Partiyas\u0131nda is\u0259 azad v\u0259 \u0259dal\u0259tli se\u00e7kil\u0259r \u00fc\u00e7\u00fcn m\u00fchit yarad\u0131l\u0131b, namiz\u0259dl\u0259r \u00fc\u00e7\u00fcn h\u0259r c\u00fcr imkanlar var. B\u00fct\u00fcn m\u00fcsavat\u00e7\u0131lar\u0131n, \u0259g\u0259r ist\u0259yirl\u0259rs\u0259, namiz\u0259dlikl\u0259rini ir\u0259li s\u00fcrm\u0259sin\u0259 \u015f\u0259rait yarad\u0131l\u0131b. Onlar\u0131n t\u0259bli\u011fat v\u0259 \u0259ks-t\u0259bli\u011fat h\u00fcquqlar\u0131 tan\u0131n\u0131b. Biz se\u00e7ki t\u0259limatlar\u0131m\u0131za bir m\u00fcdd\u0259a daxil etdik ki, se\u00e7kid\u0259 i\u015ftirak ed\u0259n \u015f\u0259xsl\u0259rin se\u00e7ki komissiyas\u0131na \u00f6z n\u00fcmay\u0259nd\u0259l\u0259rini t\u0259yin etm\u0259k h\u00fcququ var. 2014-c\u00fc il se\u00e7kisind\u0259 s\u0259hv etmir\u0259ms\u0259, 15 v\u0259 bir q\u0259d\u0259r \u00e7ox komissiya \u00fczv\u00fc vard\u0131, 4 namiz\u0259din h\u0259r\u0259si 4 \u00f6z ist\u0259diyi m\u00fcsavat\u00e7\u0131n\u0131 h\u0259min komissiyaya daxil etmi\u015fdil\u0259r. Putin-Medvedev s\u00f6hb\u0259tind\u0259 buna ox\u015fayan m\u00fcdd\u0259a olubmu? Yox, olmay\u0131b.<\/p>\n\n\n\n<p>&#8211;&nbsp;<em>M\u0259s\u0259l\u0259 ondad\u0131r ki, Qas\u0131ml\u0131 proqnoz vermi\u015fdi ki, siz gedirsiniz, Arif Hac\u0131l\u0131 se\u00e7ilir, yenid\u0259n siz qay\u0131d\u0131rs\u0131n\u0131z\u2026<\/em><\/p>\n\n\n\n<p>&#8211; N\u0259 2014-c\u00fc ild\u0259 m\u0259n Arif Hac\u0131l\u0131n\u0131 partiya ba\u015fqan\u0131 v\u0259zif\u0259sin\u0259 g\u0259tirmi\u015f\u0259m, m\u00fcsavat\u00e7\u0131lar\u0131n irad\u0259si il\u0259 g\u0259rgin se\u00e7ki m\u00fcbariz\u0259sind\u0259 se\u00e7ilib, n\u0259 d\u0259 2024-c\u00fc ild\u0259 Arif Hac\u0131l\u0131 m\u0259ni v\u0259zif\u0259y\u0259 qaytar\u0131b, m\u00fcsavat\u00e7\u0131lar\u0131n \u0259ks\u0259riyy\u0259tinin israr\u0131 il\u0259 se\u00e7ki prosesin\u0259 qat\u0131lm\u0131\u015fam. Sa\u011f olsunlar etimadlar\u0131na g\u00f6r\u0259, m\u00fcsavat\u00e7\u0131lar m\u0259n\u0259 s\u0259s veribl\u0259r. O ki qald\u0131 \u0130sa Q\u0259mb\u0259r-Arif Hac\u0131l\u0131 m\u00fcnasib\u0259tl\u0259rin\u0259, \u00f6z\u00fcm haqq\u0131nda dan\u0131\u015fma\u011fa ehtiyac duymuram. Arif Hac\u0131l\u0131 g\u0259nc ya\u015flar\u0131ndan Az\u0259rbaycanda azadl\u0131q m\u00fcbariz\u0259sind\u0259 i\u015ftirak ed\u0259n v\u0259 q\u0131sa m\u00fcdd\u0259td\u0259 xalq azadl\u0131q h\u0259r\u0259kat\u0131n\u0131n liderl\u0259rind\u0259n birin\u0259 \u00e7evril\u0259n \u015f\u0259xsiyy\u0259tdir. G\u0259nc ya\u015flar\u0131ndan mill\u0259t v\u0259kili se\u00e7ilib, istiqlal\u00e7\u0131 mill\u0259t v\u0259kili kimi imzas\u0131n\u0131 Az\u0259rbaycan\u0131n tarixin\u0259 yaz\u0131b. Xalq C\u0259bh\u0259sinin m\u0259clis s\u0259dri kimi \u00f6n\u0259mli missiyan\u0131n da\u015f\u0131y\u0131c\u0131s\u0131 olub. El\u00e7ib\u0259y hakimiyy\u0259tind\u0259 \u00f6n\u0259mli bir d\u00f6vl\u0259t v\u0259zif\u0259si tutub. Amma d\u00f6vl\u0259t v\u0259zif\u0259sini kabinetd\u0259 oturmaqla m\u0259hdudla\u015fd\u0131rmay\u0131b, f\u0259aliyy\u0259tinin az qala yar\u0131dan \u00e7oxu s\u0259ng\u0259rl\u0259rd\u0259 ke\u00e7ib. H\u0259r zaman prinsipial m\u00f6vqeyi olub, haqq\u0131 v\u0259 \u0259dal\u0259ti m\u00fcdafi\u0259 edib. Az\u0259rbaycan\u0131n \u0259n g\u00fccl\u00fc natiql\u0259rind\u0259n biridir. 10 il \u0259rzind\u0259 d\u0259 M\u00fcsavat Partiyas\u0131na y\u00fcks\u0259k s\u0259viyy\u0259d\u0259 r\u0259hb\u0259rlik edib. Y\u0259ni Arif Hac\u0131l\u0131n\u0131n bioqrafiyas\u0131n\u0131 q\u0131saca da olsa, vur\u011fulad\u0131m. \u00c7oxmu adam saya bil\u0259rsiniz ki, onlar\u0131n bioqrafiyas\u0131nda dedikl\u0259rimin yar\u0131s\u0131 olsun? \u00c7\u0259tin\u2026 Arif Hac\u0131l\u0131 Az\u0259rbaycan\u0131n \u0259n \u00f6n\u0259mli d\u00f6vl\u0259t adamlar\u0131ndan, \u0259n g\u00fccl\u00fc siyas\u0259t\u00e7il\u0259rind\u0259n v\u0259 partiyam\u0131z\u0131n g\u00fccl\u00fc resurslar\u0131ndan biridir.&nbsp; Ona g\u00f6r\u0259 d\u0259 onun ba\u015fqan v\u0259zif\u0259sini da\u015f\u0131ma\u011fa da, m\u0259clis s\u0259dri olma\u011fa da h\u0259m m\u0259n\u0259vi, h\u0259m d\u0259 siyasi \u0259saslar\u0131 var. Y\u00fcks\u0259k s\u0259viyy\u0259d\u0259 v\u0259zif\u0259sini icra edib, d\u00fc\u015f\u00fcn\u00fcr\u0259m ki, m\u0259clis s\u0259dri kimi partiyam\u0131z\u0131n f\u0259aliyy\u0259tinin h\u0259yata ke\u00e7m\u0259sind\u0259 \u00f6n\u0259mli rol oynayacaq.<\/p>\n\n\n\n<p>&#8211;&nbsp;<em>Alternativsizliyi dedik. Arif Hac\u0131l\u0131 v\u0259 \u0130sa Q\u0259mb\u0259ri bildik, b\u0259s 30 ild\u0259 partiyan\u0131 idar\u0259 ed\u0259c\u0259k liderl\u0259rin yeti\u015fm\u0259m\u0259si n\u0259 il\u0259 izah edil\u0259 bil\u0259r?<\/em><\/p>\n\n\n\n<p>&#8211; M\u00fcsavat Partiyas\u0131nda n\u0259inki partiyan\u0131, Az\u0259rbaycan\u0131 idar\u0259 ed\u0259c\u0259k n\u0259 q\u0259d\u0259r \u015f\u0259xsl\u0259r var. D\u00f6vl\u0259t r\u0259hb\u0259rliyind\u0259 d\u0259, \u0259n \u00f6n\u0259mli nazir v\u0259zif\u0259l\u0259rind\u0259 d\u0259 i\u015fl\u0259m\u0259y\u0259 haz\u0131r insanlar da o c\u00fcml\u0259d\u0259n. \u0130ndiki m\u0259rh\u0259l\u0259d\u0259 onlar ba\u015fqanl\u0131q yar\u0131\u015f\u0131nda i\u015ftirak etm\u0259k ist\u0259m\u0259dil\u0259rs\u0259, bu da h\u0259min insanlar\u0131n demokratik h\u00fcququdur. Ba\u015fqan se\u00e7kil\u0259rin\u0259 qat\u0131lmaq v\u0259zif\u0259 deyil, h\u00fcquqdur. M\u00fcsavat\u00e7\u0131lar \u00f6zl\u0259ri q\u0259rar verir ki, hans\u0131 m\u0259rh\u0259l\u0259d\u0259 hans\u0131 h\u00fcquqlar\u0131ndan istifad\u0259 edirl\u0259r.<\/p>\n\n\n\n<p>&#8211;&nbsp;<em>B\u0259lk\u0259 lider kimi yeti\u015f\u0259nl\u0259r olmu\u015fdu, onlar sizin v\u0259 Arif b\u0259yin f\u0259aliyy\u0259ti n\u0259tic\u0259sind\u0259 partiyadan getdil\u0259r\u2026<\/em><\/p>\n\n\n\n<p>&#8211; Lap yax\u015f\u0131, bu, onlar\u0131n se\u00e7imidir. Kim onlara mane olurdu ki, bacar\u0131qlar\u0131n\u0131, istedadlar\u0131n\u0131, keyfiyy\u0259tl\u0259rini t\u0259tbiq etsinl\u0259r v\u0259 Az\u0259rbaycan\u0131n \u0259n g\u00fccl\u00fc m\u00fcxalif\u0259t partiyas\u0131n\u0131 yarats\u0131nlar v\u0259 m\u00fcxalif\u0259t q\u00fcvv\u0259l\u0259rinin liderin\u0259 \u00e7evrilsinl\u0259r? Onlar\u0131n imkanlar\u0131 varsa, etsinl\u0259r d\u0259, n\u0259 problem var?!<\/p>\n\n\n\n<p>&#8211;&nbsp;<em>Deyirl\u0259r, \u0130sa b\u0259yl\u0259 Arif b\u0259y imkan vermir\u2026<\/em><\/p>\n\n\n\n<p>&#8211; Y\u0259ni dem\u0259yin\u0259 \u00e7ox adam \u00e7ox \u015fey deyir. \u0130ndi kim n\u0259 deyirs\u0259, siz onlar\u0131n ham\u0131s\u0131n\u0131 bir-bir t\u0259krar etm\u0259lisiniz?<\/p>\n\n\n\n<p>&#8211;&nbsp;<em>Yox, t\u0259krar etmir\u0259m, yada sal\u0131ram.<\/em><\/p>\n\n\n\n<p>&#8211; Sad\u0259 bir h\u0259qiq\u0259t var, m\u00fcxalif\u0259t lideri olmaq kimins\u0259 t\u0259r\u0259find\u0259n m\u00fc\u0259yy\u0259nl\u0259\u015f\u0259n bir \u015fey deyil. Bu, h\u0259min \u015f\u0259xsin bacar\u0131\u011f\u0131ndan, istedad\u0131ndan, c\u0259sar\u0259tind\u0259n, f\u0259dakarl\u0131\u011f\u0131ndan, f\u0259aliyy\u0259tind\u0259n as\u0131l\u0131 olan bir m\u0259qamd\u0131r. C\u0259miyy\u0259tin verdiyi qiym\u0259t n\u0259tic\u0259sind\u0259 m\u00fcxalif\u0259t lideri, \u00fcmumiyy\u0259tl\u0259, parlaq siyas\u0259t\u00e7il\u0259r f\u0259rql\u0259nm\u0259y\u0259 ba\u015flay\u0131rlar. V\u0259 he\u00e7 bir partiya, he\u00e7 bir tan\u0131nm\u0131\u015f siyasi lider ba\u015fqa \u015f\u0259xsl\u0259rin n\u00fcfuzunun artmas\u0131n\u0131n, onlar\u0131n c\u0259miyy\u0259tin h\u0259lledici q\u00fcvv\u0259sin\u0259 \u00e7evrilm\u0259sinin qar\u015f\u0131s\u0131n\u0131 ala bilm\u0259z, h\u0259tta ist\u0259s\u0259 d\u0259, ala bilm\u0259z. Halbuki, n\u0259 m\u0259n, n\u0259 d\u0259 Arif b\u0259y he\u00e7 kimin par\u0131ldamas\u0131na, \u00f6z bacar\u0131\u011f\u0131n\u0131, istedad\u0131n\u0131 ortaya qoymas\u0131na he\u00e7 zaman problem yaratmam\u0131\u015f\u0131q, bundan sonra da yaratmayaca\u011f\u0131q. Y\u0259ni M\u00fcsavat Partiyas\u0131nda se\u00e7ki olub, siz y\u0259qin Arif b\u0259y\u0259 uduzan \u015f\u0259xsl\u0259ri n\u0259z\u0259rd\u0259 tutursunuz\u2026<\/p>\n\n\n\n<p><em>&#8211; Siz d\u0259 Arif b\u0259y\u0259 d\u0259st\u0259k vermisiniz\u2026<\/em><\/p>\n\n\n\n<p>&#8211; 2014-c\u00fc il qurultay\u0131nda d\u0259st\u0259k verm\u0259mi\u015f\u0259m, amma 2019-cu il qurultay\u0131nda d\u0259st\u0259k vermi\u015f\u0259m. Obyektiv m\u00fc\u015fahid\u0259\u00e7il\u0259r \u00fc\u00e7\u00fcn ayd\u0131nd\u0131r ki, 2019-cu il qurultay\u0131nda Arif Hac\u0131l\u0131ya d\u0259st\u0259k verm\u0259s\u0259ydim d\u0259, b\u00f6y\u00fck f\u0259rql\u0259 se\u00e7kil\u0259rd\u0259 qalib g\u0259l\u0259c\u0259kdi.<\/p>\n\n\n\n<p>&#8211;&nbsp;<em>Olmazd\u0131m\u0131 d\u0259st\u0259k verm\u0259zdiniz?<\/em><\/p>\n\n\n\n<p>&#8211;&nbsp; 2014-c\u00fc ild\u0259 d\u0259st\u0259k vem\u0259mi\u015f\u0259m, onu niy\u0259 qiym\u0259tl\u0259ndirmirsiniz?<\/p>\n\n\n\n<p>&#8211;&nbsp;<em>Qiym\u0259tl\u0259ndirdiyimiz \u00fc\u00e7\u00fcn deyirik ki, 2019-cu ild\u0259 d\u0259 davam ed\u0259rdiniz\u2026<\/em><\/p>\n\n\n\n<p>&#8211; Y\u0259ni bu, m\u0259nim h\u00fcququmdur, m\u0259n bil\u0259r\u0259m ki, kim\u0259s\u0259 d\u0259st\u0259k ver\u0259r\u0259m.<\/p>\n\n\n\n<p>&#8211;&nbsp;<em>Amma onlar deyirl\u0259r ki, bu, do\u011fru deyildi.<\/em><\/p>\n\n\n\n<p>&#8211; \u00c7ox s\u00f6z dey\u0259 bil\u0259rl\u0259r Natiq b\u0259y, bunu dan\u0131\u015fd\u0131q, sual\u0131 t\u0259krar etm\u0259k xasiyy\u0259tini siz h\u0259l\u0259 t\u0259rgitm\u0259mi\u015fsiniz. M\u0259n siz\u0259 dedim ki, n\u0259 partiyan\u0131n Nizamnam\u0259sind\u0259, n\u0259 se\u00e7ki t\u0259limatlar\u0131m\u0131zda bel\u0259 bir m\u00fcdd\u0259a yoxdur.<\/p>\n\n\n\n<p>&#8211;&nbsp;<em>Ancaq Tofiq Yaqublu sizi reqlamenti pozmaqda ittiham edirdi&#8230;<\/em><\/p>\n\n\n\n<p>&#8211; S\u00f6z\u00fcm\u00fc k\u0259sm\u0259yin xahi\u015f edir\u0259m&#8230;<\/p>\n\n\n\n<p>&#8211;&nbsp;<em>Buyurun.<\/em><\/p>\n\n\n\n<p>&#8211; H\u0259min s\u0259n\u0259dl\u0259rd\u0259 bel\u0259 m\u00fcdd\u0259a yoxdur ki, s\u0259dar\u0259td\u0259 olan \u015f\u0259xsl\u0259r t\u0259r\u0259f ola bilm\u0259z. Olmayan \u015feyi niy\u0259 s\u0131r\u0131maq ist\u0259yirsiniz?<\/p>\n\n\n\n<p>&#8211;&nbsp;<em>B\u0259s reqlamenti pozman\u0131zla ba\u011fl\u0131 deyil\u0259n m\u0259qam?<\/em><\/p>\n\n\n\n<p>&#8211; He\u00e7 kimin h\u00fcquqlar\u0131 pozulmay\u0131b v\u0259 ham\u0131ya da \u015f\u0259rait yarad\u0131l\u0131b, ist\u0259dikl\u0259ri q\u0259d\u0259r d\u0259 dan\u0131\u015f\u0131blar. H\u0259m 2014, h\u0259m d\u0259 2019-cu il se\u00e7ki haz\u0131rl\u0131qlar\u0131nda qurultaya haz\u0131rl\u0131q \u00fczr\u0259 T\u0259\u015fkilat Komit\u0259sinin toplant\u0131lar\u0131n\u0131 xat\u0131rlay\u0131ram, h\u0259r ikisind\u0259 Arif Hac\u0131l\u0131n\u0131n r\u0259qibl\u0259ri hans\u0131 d\u0259yi\u015fikl\u0259ri t\u0259klif edibl\u0259rs\u0259, ham\u0131s\u0131 q\u0259bul olunub. B\u0259z\u0259n h\u0259tta \u0259dal\u0259tsiz olan, onlara \u00fcst\u00fcnl\u00fck yaradan ideyalar ir\u0259li s\u00fcr\u00fcbl\u0259r v\u0259 m\u0259hz Arif b\u0259yin t\u0259kidi il\u0259 q\u0259bul edilib, y\u0259ni onlar n\u0259 c\u00fcr ist\u0259yibl\u0259rs\u0259, se\u00e7ki o c\u00fcr d\u0259 ke\u00e7irilib. Ona g\u00f6r\u0259 d\u0259 onlar\u0131n se\u00e7ki h\u00fcquqlar\u0131n\u0131n m\u0259hdudla\u015fd\u0131r\u0131lmas\u0131 haqq\u0131nda deyil\u0259nl\u0259r d\u00fczg\u00fcn deyil.<\/p>\n\n\n\n<p>&#8211;&nbsp;<em>G\u0259l\u0259k qurultaydak\u0131 \u00e7\u0131x\u0131\u015f\u0131n\u0131za, 2 ay \u0259vv\u0259l prezident se\u00e7kil\u0259ri ke\u00e7irilib, amma bu bar\u0259d\u0259 m\u00fcnasib\u0259tiniz e\u015fidilm\u0259di. Niy\u0259?<\/em><\/p>\n\n\n\n<p>&#8211; T\u0259bii ki, \u00e7ox m\u0259s\u0259l\u0259y\u0259 m\u00fcnasib\u0259t bildirm\u0259k olar, ancaq reqlament\u0259 g\u00f6r\u0259 vaxt ayr\u0131lm\u0131\u015fd\u0131, h\u0259min vaxtda hans\u0131 fikirl\u0259ri bildirm\u0259k ist\u0259dims\u0259, onlar\u0131 da dedim.<\/p>\n\n\n\n<p>&#8211;&nbsp;<em>M\u0259s\u0259l\u0259n, sizin \u00e7\u0131x\u0131\u015f\u0131n\u0131zda jurnalistl\u0259rin h\u0259bsi, onlar\u0131n g\u00fcnl\u0259rl\u0259 yoxa \u00e7\u0131xmas\u0131 bar\u0259d\u0259 he\u00e7 n\u0259 e\u015fitm\u0259dim\u2026<\/em><\/p>\n\n\n\n<p>&#8211; Y\u0259ni Az\u0259rbaycan\u0131n probleml\u0259ri o q\u0259d\u0259r \u00e7oxdur ki, onlar\u0131 sadalama\u011fa ba\u015flasayd\u0131m, saatlarla \u00e7\u0131x\u0131\u015f etm\u0259liydim. M\u0259n is\u0259 \u00fcmumi m\u0259nz\u0259r\u0259ni v\u0259 h\u0259d\u0259fl\u0259ri dedim, istiqam\u0259tl\u0259ri m\u00fc\u0259yy\u0259nl\u0259\u015fdirdim. Bir n\u00f6v ba\u015fqanl\u0131\u011fa namiz\u0259din \u00e7\u0131x\u0131\u015f\u0131 idi ki, hans\u0131 istiqam\u0259tl\u0259r\u0259 diqq\u0259t yetir\u0259c\u0259m. Eyni zamanda, h\u0259m \u00e7\u0131x\u0131\u015flar\u0131m\u0131zda, h\u0259m d\u0259 qurultay\u0131n b\u0259yanat\u0131nda ayr\u0131ca siyasi m\u0259hbuslar m\u0259s\u0259l\u0259si ciddi \u015f\u0259kild\u0259 qald\u0131r\u0131l\u0131b.<\/p>\n\n\n\n<p>&#8211;&nbsp;<em>Qurultayda hakimiyy\u0259tl\u0259 c\u0259miyy\u0259t aras\u0131nda, hakimiyy\u0259tl\u0259 m\u00fcxalif\u0259t aras\u0131nda ictimai sazi\u015f vacibliyini deyirsiniz. Dediyiniz ictimai sazi\u015f \u00f6z\u00fcnd\u0259 n\u0259yi ehtiva edir?<\/em><\/p>\n\n\n\n<p>&#8211; Bu ideyan\u0131n izahat\u0131n\u0131 da verdim ki, biz xalq h\u0259r\u0259kat\u0131na ba\u015flayanda \u0259sas 3 h\u0259d\u0259fimiz vard\u0131, birincisi istiqlal idi, El\u00e7ib\u0259yin liderliyi il\u0259 bunu \u0259ld\u0259 etdik. \u0130kincisi \u0259razi b\u00fct\u00f6vl\u00fcy\u00fc m\u0259s\u0259l\u0259siydi, bu, indiki hakimiyy\u0259tin d\u00f6n\u0259min\u0259 t\u0259sad\u00fcf etdi. \u00dc\u00e7\u00fcnc\u00fc h\u0259d\u0259fimiz Az\u0259rbaycan\u0131n demokratik inki\u015faf\u0131 idi, burada ciddi probleml\u0259r var v\u0259 onlar\u0131 aradan qald\u0131rmaq laz\u0131md\u0131r. Ona nail olma\u011f\u0131n az ehtimal etdiyimiz variant\u0131 hakimiyy\u0259tin ciddi \u015f\u0259kild\u0259 s\u00f6zd\u0259 yox, \u0259m\u0259ld\u0259 islahatlara ba\u015flayaraq add\u0131mlar atmas\u0131d\u0131r. \u00c7ox ehtimal edil\u0259n variant is\u0259 xalq\u0131n aya\u011fa qalx\u0131b \u00f6z irad\u0259sini ortaya qoymas\u0131d\u0131r. Amma bunun da m\u00fc\u0259yy\u0259n n\u00fcmun\u0259l\u0259rini bilirik ki, o q\u0259d\u0259r g\u0259rgin, \u00e7\u0259tin ke\u00e7\u0259n proses olur. Ona g\u00f6r\u0259 d\u0259 bu variantlar\u0131n aras\u0131ndan ictimai sazi\u015f t\u0259klifimi ir\u0259li s\u00fcrd\u00fcm. Hakimiyy\u0259tin v\u0259 c\u0259miyy\u0259tin aras\u0131nda ictimai sazi\u015f \u0259ld\u0259 edilm\u0259sinin \u00f6n\u0259mini vur\u011fulad\u0131m. \u018fslind\u0259, ideya kifay\u0259t q\u0259d\u0259r \u0259ks-s\u0259da do\u011furub, r\u0259sm\u0259n deyilm\u0259s\u0259 d\u0259, m\u00fcxt\u0259lif dair\u0259l\u0259rd\u0259 hallan\u0131r.<\/p>\n\n\n\n<p>&#8211;<em>H\u0259tta hakimiyy\u0259t dair\u0259l\u0259rind\u0259 d\u0259?<\/em><\/p>\n\n\n\n<p>&#8211; Y\u0259ni hiss olunur ki, bu ideya diqq\u0259ti c\u0259lb edib. \u0130ndi biz M\u00fcsavat Partiyas\u0131n\u0131n r\u0259hb\u0259rliyinin formala\u015fmas\u0131 m\u0259rh\u0259l\u0259sini ke\u00e7irik, \u0259sas\u0259n tamamlan\u0131r, bir-iki add\u0131m qal\u0131b, bu m\u0259s\u0259l\u0259ni tamamlayaca\u011f\u0131q. Ard\u0131nca partiyam\u0131z\u0131n strateji x\u0259ttin\u0259 uy\u011fun \u015f\u0259kild\u0259 f\u0259aliyy\u0259timizi davam etdirm\u0259kl\u0259 yana\u015f\u0131, ictimai sazi\u015f ideyas\u0131n\u0131 m\u00fczakir\u0259 ed\u0259c\u0259yik. Partiyan\u0131n kollegial q\u0259rar\u0131 n\u0259 olsa, ona uy\u011fun da add\u0131m ataca\u011f\u0131q. \u018fslin\u0259 qalsa, h\u0259l\u0259 2012-c\u00fc ild\u0259, \u0130ctimai Palata d\u00f6n\u0259mind\u0259 \u201eYol x\u0259rit\u0259si\u201c haz\u0131rlam\u0131\u015fd\u0131q, s\u0259n\u0259dd\u0259 ictimai sazi\u015fin bir variant\u0131 ir\u0259li s\u00fcr\u00fcl\u00fcrd\u00fc. T\u0259\u0259ss\u00fcf ki, hakimiyy\u0259t o zaman diqq\u0259t g\u00f6st\u0259rm\u0259di, \u0259m\u0259l etm\u0259di. \u0130ndi d\u0259 partiya m\u0259sl\u0259h\u0259t bils\u0259, t\u0259\u015f\u0259bb\u00fcs m\u0259rh\u0259l\u0259sind\u0259n s\u0259n\u0259d m\u0259rh\u0259l\u0259sin\u0259 ke\u00e7ir\u0259c\u0259yik, sonra da ictimaiyy\u0259tin diqq\u0259tin\u0259 t\u0259qdim ed\u0259c\u0259yik, g\u00f6r\u0259c\u0259yik, c\u0259miyy\u0259t n\u0259 c\u00fcr reaksiya verir.<\/p>\n\n\n\n<p>&#8211;&nbsp;<em>\u0130ctimai Palatan\u0131n ox\u015far t\u0259klifini n\u0259z\u0259r\u0259 al\u0131nmad\u0131\u011f\u0131n\u0131 yada sald\u0131n\u0131z. 30 il hakimiyy\u0259td\u0259 olan bir ail\u0259nin m\u00fcxalif\u0259tl\u0259 ictimai sazi\u015f\u0259 ged\u0259c\u0259yi inand\u0131r\u0131c\u0131drm\u0131?<\/em><\/p>\n\n\n\n<p>&#8211; \u00c7ox inand\u0131r\u0131c\u0131 deyil, ancaq biz ideyam\u0131z\u0131 ir\u0259li s\u00fcr\u00fcr\u00fck. \u018fn az\u0131ndan Az\u0259rbaycan c\u0259miyy\u0259tinin d\u00fc\u015f\u00fcn\u0259n insanlar\u0131 g\u00f6r\u0259c\u0259kl\u0259r ki, demokratik q\u00fcvv\u0259l\u0259r, M\u00fcsavat Partiyas\u0131 prosesl\u0259rin dinc yolla, qar\u015f\u0131l\u0131ql\u0131 anla\u015fma yoluyla ir\u0259li getm\u0259sinin variantlar\u0131n\u0131 t\u0259klif edir. Y\u0259ni b\u0259z\u0259n deyirl\u0259r ki, m\u00fcxalif\u0259tin he\u00e7 bir ideyas\u0131 yoxdur, yaln\u0131z t\u0259nqid etm\u0259kl\u0259 m\u0259\u015f\u011fuldur. Hesab edir\u0259m ki, ir\u0259li s\u00fcrd\u00fcy\u00fcm ideya da bir daha c\u0259miyy\u0259t\u0259 t\u0259qdim etm\u0259y\u0259 imkan ver\u0259c\u0259k ki, demokratik d\u00fc\u015f\u0259rg\u0259nin,&nbsp; m\u00fcxalif\u0259tin konkret t\u0259klifl\u0259ri d\u0259 var.<\/p>\n\n\n\n<p>&#8211;&nbsp;<em>Bug\u00fcnl\u0259rd\u0259 Prezident Administrasiyas\u0131n\u0131n t\u0259\u015f\u0259bb\u00fcs\u00fcyl\u0259 partiyalarla g\u00f6r\u00fc\u015f ke\u00e7irildi, M\u00fcsavat Partiyas\u0131 da qat\u0131lm\u0131\u015fd\u0131. D\u00fczd\u00fcr, sosial \u015f\u0259b\u0259k\u0259l\u0259rd\u0259 m\u00fcxt\u0259lif yana\u015fmalar oldu. Siz m\u0259clisin sonuncu iclas\u0131nda dediniz ki, partiya r\u0259hb\u0259rliyi i\u015ftirak haqda q\u0259rar verib. Amma G\u00fcla\u011fa Aslanl\u0131 m\u0259n\u0259 demi\u015fdi ki, m\u0259lum toplant\u0131ya qat\u0131lmaqla ba\u011fl\u0131 qurultaydan \u0259vv\u0259l Divan\u0131n q\u0259rar\u0131 olub. Hans\u0131 d\u00fczd\u00fcr, sizin, yoxsa G\u00fcla\u011fa b\u0259yin s\u00f6yl\u0259diyi?<\/em><\/p>\n\n\n\n<p>&#8211; Bu m\u00f6vzu ba\u015fqan se\u00e7il\u0259nd\u0259n sonra m\u0259n\u0259 b\u0259lli olub v\u0259 o m\u0259rh\u0259l\u0259d\u0259 d\u0259 partiyada t\u0259msil olunan \u015f\u0259xsl\u0259rl\u0259 fikir m\u00fcbadil\u0259si apar\u0131b hesab etmi\u015fik ki, toplant\u0131da i\u015ftirak d\u00fczg\u00fcnd\u00fcr. \u00c7\u00fcnki b\u0259zil\u0259rinin qeyd etdiyi kimi bu, bir dialoq deyil. Hakimiyy\u0259t \u00f6z\u00fc d\u0259 t\u0259dbiri dialoq adland\u0131rm\u0131r. Toplant\u0131 \u201eSiyasi partiyalar haqq\u0131nda\u201c qanunun t\u0259tbiqi m\u0259s\u0259l\u0259l\u0259rin\u0259 h\u0259sr olunmu\u015fdu, hakimiyy\u0259t d\u0259 d\u0259v\u0259t ed\u0259rk\u0259n bu m\u00f6vzunu bildirmi\u015f, eyni zamanda, demi\u015fdil\u0259r ki, orada texniki m\u0259s\u0259l\u0259l\u0259r&nbsp; m\u00fczakir\u0259 olunacaq. T\u0259xmin\u0259n el\u0259 d\u0259 oldu, h\u0259m \u018fdliyy\u0259 Nazirliyinin, h\u0259m Prezident Administrasiyas\u0131n\u0131n m\u00fcvafiq \u015f\u00f6b\u0259sinin, h\u0259m M\u0259rk\u0259zi Se\u00e7ki Komissiyas\u0131n\u0131n t\u0259msil\u00e7il\u0259ri i\u015ftirak edibl\u0259r. Partiyalar\u0131n qeydiyyat\u0131, hesabatlar\u0131, audit m\u0259s\u0259l\u0259l\u0259ri m\u00fczakir\u0259 edilib. Hesab edir\u0259m ki, m\u00fcvafiq qanun xo\u015fumuza g\u0259ls\u0259 d\u0259, g\u0259lm\u0259s\u0259 d\u0259, t\u0259\u0259ss\u00fcf ki, biz v\u0259 bir s\u0131ra partiyalar qar\u015f\u0131s\u0131n\u0131 ala bilm\u0259dik. Qanun q\u0259bul edildi, \u00f6lk\u0259d\u0259ki b\u00fct\u00fcn siyasi partiyalar qanunun q\u0259bulunu bir ger\u00e7\u0259klik kimi qar\u015f\u0131lad\u0131lar. Qanunun t\u0259l\u0259biyl\u0259 5 min \u00fczv\u00fcm\u00fcz\u00fcn siyah\u0131s\u0131n\u0131 haz\u0131rlay\u0131b hakimiyy\u0259t\u0259 t\u0259qdim edirik, qurultaylar\u0131n protokollar\u0131n\u0131 verib qeydiyyat m\u0259s\u0259l\u0259l\u0259sini yenil\u0259yirik. Y\u0259ni qanunun t\u0259l\u0259bi olan b\u00fct\u00fcn \u015f\u0259rtl\u0259r\u0259 tabe oluruq, b\u00fct\u00fcn partiyalar da tabe olur. \u018fg\u0259r qanunun ger\u00e7\u0259kliyini q\u0259bul edib ona uy\u011fun add\u0131mlar at\u0131r\u0131q\u0131sa, h\u0259min qanunun m\u00fczakir\u0259si il\u0259 ba\u011fl\u0131 t\u0259dbird\u0259 i\u015ftirakdan imtina etm\u0259yin m\u0259nas\u0131n\u0131 g\u00f6rm\u00fcr\u0259m.<\/p>\n\n\n\n<p>&#8211;&nbsp;<em>B\u0259s n\u00f6vb\u0259ti toplant\u0131lar olsa, yen\u0259 qat\u0131lacaqs\u0131n\u0131zm\u0131?<\/em><\/p>\n\n\n\n<p>&#8211; \u018fg\u0259r texniki m\u0259s\u0259l\u0259l\u0259r olsa, qanunla ba\u011fl\u0131 konkret m\u00f6vzular olsa, i\u015ftirak ed\u0259c\u0259yik. F\u0259rqli m\u00f6vzular olacaqsa, onda partiya r\u0259hb\u0259rliyind\u0259 m\u00fczakir\u0259 ed\u0259c\u0259yik, bunu ictimaiyy\u0259t v\u0259 partiyalar\u0131n f\u0259aliyy\u0259ti \u00fc\u00e7\u00fcn \u00f6n\u0259mli saysaq, i\u015ftirak ed\u0259c\u0259yik. Yox, b\u0259y\u0259nm\u0259s\u0259k, i\u015ftirak etm\u0259y\u0259c\u0259yik, bu, partiyan\u0131n kollegial q\u0259rarlar\u0131nda \u0259ks olunacaq.<\/p>\n\n\n\n<p>&#8211;&nbsp;<em>Bir s\u0131ra sosial \u015f\u0259b\u0259k\u0259 istifad\u0259\u00e7il\u0259rinin dediyi kimi, M\u00fcsavat Partiyas\u0131 da \u201eavtobusa mindimi\u201d?<\/em><\/p>\n\n\n\n<p>&#8211; Anektodlar\u0131 \u015f\u0259b\u0259k\u0259 q\u0259hr\u0259manlar\u0131na saxlay\u0131n. Onlar\u0131n aras\u0131nda xeyli hakimiyy\u0259tin quca\u011f\u0131nda oturan q\u00fcvv\u0259l\u0259r var ki, M\u00fcsavat Partiyas\u0131na s\u00f6z atmaqdan z\u00f6vq al\u0131r. Bu, onlar\u0131n h\u0259yat t\u0259rzidir, bizi he\u00e7 bir \u015f\u0259kild\u0259 ilgil\u0259ndirmir, narahat etmir. Biz M\u00fcsavata qar\u015f\u0131 d\u00fc\u015fm\u0259n\u00e7iliyi pe\u015f\u0259y\u0259 \u00e7evirmi\u015f q\u00fcvv\u0259l\u0259rin dediyi il\u0259 oturub-durmaq fikrind\u0259 deyilik.<\/p>\n\n\n\n<p>&#8211;&nbsp;<em>Parlament se\u00e7kil\u0259ri g\u00f6zl\u0259nilir, MSK s\u0259dri M\u0259zahir P\u0259nahov bu bar\u0259d\u0259 dan\u0131\u015fd\u0131. \u0130\u015ftirak ed\u0259c\u0259ksinizmi?<\/em><\/p>\n\n\n\n<p>&#8211; M\u00fczakir\u0259 ed\u0259c\u0259yik. M\u00fcsavat Partiyas\u0131nda he\u00e7 zaman yaln\u0131z&nbsp; ba\u015fqan\u0131n s\u00f6z\u00fcyl\u0259, bir n\u0259f\u0259rin irad\u0259si il\u0259 q\u0259rarlar q\u0259bul olunmur. Tarix boyu bel\u0259 olmay\u0131b, biz d\u0259 1992-ci ild\u0259n partiyan\u0131n f\u0259aliyy\u0259tini Az\u0259rbaycanda b\u0259rq\u0259rar ed\u0259nd\u0259n bug\u00fcn\u0259 q\u0259d\u0259r kollegial m\u00fczakir\u0259l\u0259r olur v\u0259 q\u0259rarlar q\u0259bul edilir.&nbsp;\u0130ndi d\u0259 se\u00e7ki haqq\u0131nda r\u0259smi q\u0259rar olacaqsa, m\u00fczakir\u0259 ed\u0259c\u0259yik. Bel\u0259 ba\u015fa d\u00fc\u015f\u00fcr\u0259m ki, \u00e7ox \u00e7\u0259tin q\u0259rar olacaq, yeri g\u0259lmi\u015fk\u0259n, hans\u0131 q\u0259rar\u0131 q\u0259bul ets\u0259k, yen\u0259 d\u0259 partiyaya h\u00fccumlar olacaq. \u00c7\u00fcnki t\u0259cr\u00fcb\u0259d\u0259n g\u00f6r\u00fcr\u00fck ki, partiyam\u0131z\u0131n se\u00e7kid\u0259 i\u015ftirak etdiyi hallarda \u201em\u00fcsavat\u015f\u00fcnaslar\u201c bizi hakimiyy\u0259tl\u0259 anla\u015fmada ittiham edirl\u0259r. Se\u00e7kid\u0259 i\u015ftirak etm\u0259y\u0259nd\u0259 is\u0259 b\u0259z\u0259n eyni q\u00fcvv\u0259l\u0259r, eyni jurnalistl\u0259r v\u0259 f\u0259allar yaz\u0131rlar ki, M\u00fcsavat Partiyas\u0131 se\u00e7kid\u0259 i\u015ftirak etm\u0259m\u0259kl\u0259 meydan\u0131 hakimiyy\u0259tin ixtiyar\u0131na verdi, m\u00fcqavim\u0259tsiz hakimiyy\u0259tin ist\u0259diyini h\u0259yata ke\u00e7irm\u0259sin\u0259 imkan yaratd\u0131. Ona g\u00f6r\u0259 d\u0259 ba\u015fa d\u00fc\u015f\u00fcr\u00fck ki, hans\u0131 q\u0259rar\u0131 q\u0259bul ets\u0259k, s\u00f6z-s\u00f6hb\u0259t olacaq. Ancaq biz yersiz s\u00f6z-s\u00f6hb\u0259tl\u0259r\u0259 yox, \u00f6lk\u0259mizin, demokratik q\u00fcvv\u0259l\u0259rin maraqlar\u0131na hans\u0131 uy\u011fundursa, q\u0259rarlar q\u0259bul ed\u0259c\u0259yik.<\/p>\n\n\n\n<p>&#8211;&nbsp;<em>M\u00fcsavat\u00e7\u0131 Novella C\u0259f\u0259ro\u011flu \u0130sa Q\u0259mb\u0259rin parlament\u0259 layiq oldu\u011funu deyir, siz n\u0259 d\u00fc\u015f\u00fcn\u00fcrs\u00fcn\u00fcz?<\/em><\/p>\n\n\n\n<p>&#8211; Bir az qeyri-t\u0259vaz\u00f6karl\u0131q olsa da, \u00f6lk\u0259d\u0259 insanlar\u0131n \u0259ks\u0259riyy\u0259tind\u0259n soru\u015fsan\u0131z, haqq\u0131mda h\u0259min fikri dey\u0259 bil\u0259rl\u0259r. Suallar\u0131n\u0131zla m\u0259ni b\u0259z\u0259n qeyri-t\u0259vaz\u00f6kar olma\u011fa m\u0259cbur edirsiniz. Az\u0259rbaycan\u0131n \u0259n tan\u0131nm\u0131\u015f yaz\u0131\u00e7\u0131lar\u0131ndan biri \u00e7ox-\u00e7ox \u0259vv\u0259ll\u0259r m\u00fcsahib\u0259sind\u0259 bir c\u00fcml\u0259 i\u015fl\u0259tmi\u015fdi, deyir ki, \u0130sa Q\u0259mb\u0259ri parlament\u0259 buraxmamaq, F\u00fczulini Yaz\u0131\u00e7\u0131lar \u0130ttifaq\u0131na q\u0259bul etm\u0259m\u0259k kimi bir \u015feydir. Hakimiyy\u0259t d\u0259 sa\u011f olsun, 1995-ci ild\u0259n b\u0259ri b\u00fct\u00fcn parlament se\u00e7kil\u0259rind\u0259 i\u015ftirak etmi\u015f\u0259m, prezident se\u00e7kil\u0259rind\u0259 is\u0259 yaln\u0131z bir d\u0259f\u0259 qat\u0131lm\u0131\u015fam. \u0130\u015ftirak etdiyim b\u00fct\u00fcn parlament se\u00e7kil\u0259rinin ham\u0131s\u0131nda hesab edir\u0259m ki, qalib g\u0259lmi\u015f\u0259m, amma he\u00e7 birind\u0259 m\u0259ni qanunverici orqana buraxmay\u0131blar. Ona g\u00f6r\u0259 d\u0259 c\u0259miyy\u0259tin fikrin\u0259 h\u00f6rm\u0259tl\u0259 yana\u015f\u0131ram, hakimiyy\u0259tin m\u0259n\u0259 m\u00fcnasib\u0259tini d\u0259 bug\u00fcn\u00fcn ger\u00e7\u0259kliyi kimi q\u0259bul edir\u0259m.<\/p>\n\n\n\n<p>&#8211;&nbsp;&nbsp;<em>Sizi parlament\u0259 buraxm\u0131rlar, se\u00e7kil\u0259r saxta say\u0131l\u0131r, b\u0259s bu d\u0259f\u0259 parlament\u0259 buraxsalar, se\u00e7kil\u0259r \u015f\u0259ffaf say\u0131lacaqm\u0131?<\/em><\/p>\n\n\n\n<p>&#8211; Bu m\u0259s\u0259l\u0259 bel\u0259dir ki, bir n\u0259f\u0259rin q\u0259l\u0259b\u0259sinin tan\u0131nmas\u0131 se\u00e7kil\u0259rin b\u00fct\u00f6vl\u00fckd\u0259 azad v\u0259 \u0259dal\u0259tli ke\u00e7m\u0259sin\u0259 d\u0259lal\u0259t etmir. Sizin dediyiniz ehtimal olunan bir \u015feydir. H\u0259l\u0259 b\u0259lli deyil ki, M\u00fcsavat Partiyas\u0131 se\u00e7kid\u0259 i\u015ftirak ed\u0259c\u0259k, etm\u0259y\u0259c\u0259k, yaxud m\u0259nim d\u0259 i\u015ftirak\u0131m m\u0259lum deyil. Ancaq siz art\u0131q bunu modell\u0259\u015fdirirsiniz, m\u0259n d\u0259 konkret cavab verir\u0259m. N\u0259 m\u0259nim, n\u0259 d\u0259 ba\u015fqa \u00f6z g\u00fcc\u00fcyl\u0259 qalib g\u0259lm\u0259y\u0259 qadir olan \u015f\u0259xsin q\u0259l\u0259b\u0259sinin tan\u0131nmas\u0131 se\u00e7kil\u0259rin azad v\u0259 \u0259dal\u0259tli olmas\u0131na d\u0259lal\u0259t etmir. Bunun \u00fc\u00e7\u00fcn b\u00fct\u00f6vl\u00fckd\u0259 se\u00e7kil\u0259r azad v\u0259 \u0259dal\u0259tli ke\u00e7irilm\u0259lidir.<\/p>\n\n\n\n<p>&#8211;&nbsp;<em>Siz Novella xan\u0131m\u0131n \u0130lham \u018fliyev haqda t\u0259rifl\u0259rini nec\u0259 qiym\u0259tl\u0259ndirirsiniz? Ona g\u00f6r\u0259 bu sual\u0131 verir\u0259m ki, \u00e7ox dan\u0131\u015f\u0131l\u0131r bu bar\u0259d\u0259, Novella xan\u0131m do\u011fru deyirmi?<\/em><\/p>\n\n\n\n<p>&#8211;&nbsp;M\u00fcsavat Partiyas\u0131n\u0131n minl\u0259rl\u0259 \u00fczv\u00fc var, \u0259n tan\u0131nm\u0131\u015f \u00fczvl\u0259rind\u0259n biri d\u0259 Novella xan\u0131md\u0131r. Bu da onun fikridir, t\u0259bii ki, b\u0259y\u0259nmirik v\u0259 haql\u0131 hesab etmirik. Amma M\u00fcsavat Partiyas\u0131nda demokratik qaydalar \u00e7ox ciddi \u015f\u0259kild\u0259 m\u00f6vcuddur. Bir q\u0259d\u0259r \u0259vv\u0259l olmayan m\u0259s\u0259l\u0259ni biz\u0259 aid etdiniz. Lakin partiyam\u0131zda demokratiya il\u0259 ba\u011fl\u0131 bir m\u00fcdd\u0259a var ki, onu n\u0259 siz, n\u0259 d\u0259 ba\u015fqas\u0131 qeyd edir. Nizamnam\u0259d\u0259 yaz\u0131l\u0131b ki, h\u0259tta q\u0259rar q\u0259bul edil\u0259nd\u0259n sonra da M\u00fcsavat Partiyas\u0131n\u0131n \u00fczvl\u0259rinin q\u0259rarla raz\u0131la\u015fmamaq v\u0259 f\u0259rqli m\u00f6vqe bildirm\u0259k h\u00fcququ var. Y\u0259ni bunu bel\u0259 d\u0259 q\u0259bul etm\u0259k laz\u0131md\u0131r. Yoxsa M\u00fcsavat Partiyas\u0131n\u0131n \u00fczvl\u0259rind\u0259n biri bel\u0259 deyib, b\u00f6y\u00fck faci\u0259y\u0259 \u00e7evirm\u0259k\u2026<\/p>\n\n\n\n<p>&#8211;<em>Faci\u0259y\u0259 \u00e7evirmirik, Novella xan\u0131m s\u0131radan bir m\u00fcsavat\u00e7\u0131 deyil v\u0259 sizin d\u0259 yax\u0131n dostunuzdur\u2026<\/em><\/p>\n\n\n\n<p>&#8211; M\u00fcsavat Partiyas\u0131n\u0131n b\u00fct\u00fcn \u00fczvl\u0259ri dostumdur.<\/p>\n\n\n\n<p>&#8211;&nbsp;<em>Novella xan\u0131m veteranlardand\u0131r, lap yax\u0131n dostunuzdur\u2026<\/em><\/p>\n\n\n\n<p>&#8211; Sizin d\u0259 m\u0259n bil\u0259n yax\u015f\u0131 m\u00fcnasib\u0259tl\u0259riniz olub h\u0259r zaman, bilmir\u0259m, d\u0259yi\u015fib, d\u0259yi\u015fm\u0259yib. Ancaq Novella xan\u0131m v\u0259 ba\u015fqalar\u0131 il\u0259 dostluq etdiyinizi bilir\u0259m.<\/p>\n\n\n\n<p>&#8211;&nbsp;<em>M\u0259n jurnalist\u0259m, amma siz siyas\u0259t\u00e7isiniz v\u0259 prezidentliy\u0259 iddial\u0131 \u015f\u0259xssiniz\u2026<\/em><\/p>\n\n\n\n<p>&#8211; Y\u0259ni partiyan\u0131n s\u0131rav\u0131 \u00fczv\u00fc demokratik azadl\u0131qlardan istifad\u0259 edib s\u0259hv fikir deyibs\u0259, m\u0259n ba\u015fqan kimi n\u0259 etm\u0259liy\u0259m ki?<\/p>\n\n\n\n<p>&#8211;&nbsp;<em>O s\u0259hvdirmi?<\/em><\/p>\n\n\n\n<p>-\u018flb\u0259tt\u0259 s\u0259hvdir.<\/p>\n\n\n\n<p>&#8211;&nbsp;<em>Ciddi s\u0259hvdirmi?<\/em><\/p>\n\n\n\n<p>&#8211; Onu art\u0131q ictimai r\u0259y m\u00fc\u0259yy\u0259nl\u0259\u015fdirir, ciddi, yoxsa qeyri-ciddi s\u0259hvdir.&nbsp;&nbsp;<\/p>\n\n\n\n<p><em>&#8211; \u0130sa b\u0259y, qurultayda \u00e7\u0131x\u0131\u015f\u0131n\u0131zda inqilablar\u0131n g\u0259l\u0259c\u0259k d\u00f6n\u0259m \u00fc\u00e7\u00fcn \u00e7oxlu probleml\u0259r yaratd\u0131\u011f\u0131n\u0131 s\u00f6yl\u0259misiniz. Xat\u0131rlay\u0131ram sizin 2005-ci il parlament se\u00e7kisind\u0259n \u00f6nc\u0259, AB\u015e s\u0259f\u0259rind\u0259n qay\u0131dandan sonra ke\u00e7irdiyiniz m\u0259tbuat konfrans\u0131n\u0131. Deyirdiniz ki, \u201cdemokratik inqilab bizim m\u0259qs\u0259dimiz deyil, biz se\u00e7ki ist\u0259yirik. Ancaq a\u00e7\u0131q s\u0259kild\u0259 b\u0259yan edirik ki, \u0259g\u0259r hakimiyy\u0259t yen\u0259 d\u0259 se\u00e7kil\u0259ri saxtala\u015fd\u0131rsa, demokratik se\u00e7ki inqilab\u0131 qa\u00e7\u0131lmaz, lab\u00fcd olacaq. Bu lab\u00fcdl\u00fcy\u00fc biz d\u0259 g\u00f6r\u00fcr\u00fck v\u0259 h\u0259min se\u00e7ki inqilab\u0131n\u0131n m\u0259suliyy\u0259tini \u00fcz\u0259rimiz\u0259 g\u00f6t\u00fcrm\u0259y\u0259 haz\u0131r\u0131q\u201d. Bu a\u00e7\u0131qlaman\u0131zdan sonra 2005-ci il d\u0259 daxil 3 parlament se\u00e7kisi ke\u00e7irilib v\u0259 yerli v\u0259 xarici m\u00fc\u015fahid\u0259\u00e7il\u0259r ham\u0131s\u0131n\u0131n saxtala\u015fd\u0131r\u0131ld\u0131\u011f\u0131n\u0131 bildirib\u2026<\/em><\/p>\n\n\n\n<p>&#8211; Siz n\u0259 deyirsiniz, yax\u015f\u0131 se\u00e7kil\u0259r olub?<\/p>\n\n\n\n<p>&#8211;<em>Xeyr, el\u0259 \u015fey dem\u0259k olar? Eyibdir\u2026Qay\u0131daq suala, se\u00e7kil\u0259r saxtala\u015fd\u0131r\u0131ld\u0131, amma se\u00e7ki inqilab\u0131 olmad\u0131, niy\u0259?<\/em><\/p>\n\n\n\n<p>&#8211; Bu, el\u0259 bir m\u0259s\u0259l\u0259dir ki, bunu n\u0259 siyas\u0259t\u00e7il\u0259r, ara\u015fd\u0131rma\u00e7\u0131lar, aliml\u0259r sona q\u0259d\u0259r proqnozla\u015fd\u0131ra bilmirl\u0259r. G\u00f6r\u00fcrs\u0259n ki, uzun ill\u0259r c\u0259miyy\u0259td\u0259n g\u00f6zl\u0259nil\u0259n add\u0131mlar olmur v\u0259 he\u00e7 kimin g\u00f6zl\u0259m\u0259diyi halda hans\u0131sa ki\u00e7ik bir q\u0131\u011f\u0131lc\u0131m kimi proses ba\u015flay\u0131r, c\u0259miyy\u0259t d\u0259 aya\u011fa qalx\u0131b h\u00fcququnu t\u0259l\u0259b edir. 2005-ci ild\u0259 s\u0259sl\u0259ndirdiyim s\u00f6zl\u0259r \u0259slind\u0259 sonuncu qurultayda da dedikl\u0259rimdir. B\u0259lk\u0259 s\u00f6zl\u0259r f\u0259rqlidir, amma m\u00f6vqe h\u0259mindir. \u018fmin\u0259m ki, avtoritar rejiml\u0259rin repressiyalar\u0131, xalqa qar\u015f\u0131 f\u0259aliyy\u0259ti uzun m\u00fcdd\u0259t susqunluqla qar\u015f\u0131lana bil\u0259r, amma hans\u0131sa m\u0259rh\u0259l\u0259d\u0259 xalq dir\u0259nib aya\u011fa qalxa bil\u0259r. V\u0259 xalq\u0131n f\u0259alla\u015fmas\u0131 da ciddi d\u0259yi\u015fiklikl\u0259r\u0259 g\u0259tirib \u00e7\u0131xara bil\u0259r. Sad\u0259c\u0259, d\u0259yi\u015fiklikl\u0259rin m\u00fcsb\u0259t olaca\u011f\u0131na \u015f\u00fcbh\u0259m yoxdur, amma d\u0259yi\u015fiklikl\u0259r prosesinin \u00f6z\u00fcn\u00fcn hans\u0131 formada ged\u0259c\u0259yi, xalqa, c\u0259miyy\u0259t\u0259, \u00f6lk\u0259y\u0259 hans\u0131 probleml\u0259r yaradaca\u011f\u0131n\u0131 t\u0259kc\u0259 m\u00fcxalif\u0259t deyil, hakimiyy\u0259t d\u0259 d\u00fc\u015f\u00fcnm\u0259lidir. Ona g\u00f6r\u0259 d\u0259 islahatlar v\u0259 d\u0259yi\u015fiklikl\u0259r haqq\u0131nda deyil\u0259nl\u0259r s\u00f6zd\u0259n \u0259m\u0259l m\u0259rh\u0259l\u0259sin\u0259 ke\u00e7m\u0259lidir.<\/p>\n\n\n\n<p>&#8211;&nbsp;<em>B\u0259lk\u0259 G\u00fcrc\u00fcstan v\u0259 Ukrayna hadis\u0259l\u0259ri sizi bu b\u0259yanat\u0131 verm\u0259y\u0259 s\u00f6vq etmi\u015fdi, yaxud AB\u015e s\u0259f\u0259rind\u0259 v\u0259dl\u0259r alm\u0131\u015fd\u0131n\u0131z\u2026?<\/em><\/p>\n\n\n\n<p>&#8211; Yox, m\u0259n\u0259 he\u00e7 bir yerd\u0259 he\u00e7 bir v\u0259d olmay\u0131b. T\u0259bii ki, d\u00fcnyada v\u0259 regiondak\u0131 prosesl\u0259r\u0259 h\u0259r zaman diqq\u0259tl\u0259 yana\u015fm\u0131\u015f\u0131q. Amma h\u0259r zaman onu da demi\u015fik ki, he\u00e7 bir ba\u015fqa \u00f6lk\u0259d\u0259ki proses Az\u0259rbaycanda da eyni prosesin getm\u0259sini \u015f\u0259rtl\u0259ndirmir. Sad\u0259c\u0259, Az\u0259rbaycan\u0131n \u00f6z probleml\u0259ri, dinamikas\u0131 var v\u0259 \u0259vv\u0259l-ax\u0131r demokratiya, haqq-\u0259dal\u0259t yolu b\u00fct\u00fcn b\u0259\u015f\u0259riyy\u0259tin yolu oldu\u011fundan \u00f6lk\u0259mizd\u0259 d\u0259 bu istiqam\u0259td\u0259 d\u0259yi\u015fiklikl\u0259rin ba\u015f verm\u0259si qa\u00e7\u0131lmazd\u0131r. Bu, n\u0259 q\u0259d\u0259r tez v\u0259 dinc \u015f\u0259kild\u0259 olarsa, i\u015fin xeyrin\u0259dir.&nbsp;<\/p>\n","protected":false},"excerpt":{"rendered":"","protected":false},"author":12,"featured_media":306667,"comment_status":"closed","ping_status":"closed","sticky":false,"template":"","format":"standard","meta":{"_acf_changed":false,"_sitemap_exclude":false,"_sitemap_priority":"","_sitemap_frequency":"","footnotes":""},"categories":[59,79,63,56],"tags":[],"class_list":["post-306641","post","type-post","status-publish","format-standard","has-post-thumbnail","hentry","category-siyaset","category-featured","category-video-2","category-xeberler","infinite-scroll-item","generate-columns","tablet-grid-50","mobile-grid-100","grid-parent","grid-33","no-featured-image-padding"],"acf":[],"yoast_head":"<!-- This site is optimized with the Yoast SEO plugin v27.4 - https:\/\/yoast.com\/product\/yoast-seo-wordpress\/ -->\n<title>\u201cHarda yaz\u0131l\u0131b ki, \u0130sa Q\u0259mb\u0259r partiyadaxili se\u00e7kil\u0259rd\u0259 h\u0259r zaman bit\u0259r\u0259f olmal\u0131d\u0131r?\u201d - MEYDAN.TV<\/title>\n<meta name=\"robots\" content=\"index, follow, max-snippet:-1, max-image-preview:large, max-video-preview:-1\" \/>\n<link rel=\"canonical\" href=\"https:\/\/www.meydan.tv\/az\/article\/harda-yazilib-ki-isa-qember-partiyadaxili-seckilerde-her-zaman-biteref-olmalidir\/\" \/>\n<meta property=\"og:locale\" content=\"az_AZ\" \/>\n<meta property=\"og:type\" content=\"article\" \/>\n<meta property=\"og:title\" content=\"\u201cHarda yaz\u0131l\u0131b ki, \u0130sa Q\u0259mb\u0259r partiyadaxili se\u00e7kil\u0259rd\u0259 h\u0259r zaman bit\u0259r\u0259f olmal\u0131d\u0131r?\u201d - MEYDAN.TV\" \/>\n<meta property=\"og:url\" content=\"https:\/\/www.meydan.tv\/az\/article\/harda-yazilib-ki-isa-qember-partiyadaxili-seckilerde-her-zaman-biteref-olmalidir\/\" \/>\n<meta property=\"og:site_name\" content=\"MEYDAN.TV\" \/>\n<meta property=\"article:published_time\" content=\"2024-05-25T12:50:50+00:00\" \/>\n<meta property=\"article:modified_time\" content=\"2024-05-25T16:54:25+00:00\" \/>\n<meta property=\"og:image\" content=\"https:\/\/www.meydan.tv\/wp-content\/uploads\/photo_2024-05-25-14.49.44-e1716642709940.jpeg\" \/>\n\t<meta property=\"og:image:width\" content=\"1262\" \/>\n\t<meta property=\"og:image:height\" content=\"607\" \/>\n\t<meta property=\"og:image:type\" content=\"image\/jpeg\" \/>\n<meta name=\"author\" content=\"aleks\" \/>\n<meta name=\"twitter:card\" content=\"summary_large_image\" \/>\n<script type=\"application\/ld+json\" class=\"yoast-schema-graph\">{\"@context\":\"https:\\\/\\\/schema.org\",\"@graph\":[{\"@type\":\"Article\",\"@id\":\"https:\\\/\\\/www.meydan.tv\\\/az\\\/article\\\/harda-yazilib-ki-isa-qember-partiyadaxili-seckilerde-her-zaman-biteref-olmalidir\\\/#article\",\"isPartOf\":{\"@id\":\"https:\\\/\\\/www.meydan.tv\\\/az\\\/article\\\/harda-yazilib-ki-isa-qember-partiyadaxili-seckilerde-her-zaman-biteref-olmalidir\\\/\"},\"author\":{\"name\":\"aleks\",\"@id\":\"https:\\\/\\\/www.meydan.tv\\\/az\\\/#\\\/schema\\\/person\\\/476e9360e593fa131d5d71d51866f8da\"},\"headline\":\"\u201cHarda yaz\u0131l\u0131b ki, \u0130sa Q\u0259mb\u0259r partiyadaxili se\u00e7kil\u0259rd\u0259 h\u0259r zaman bit\u0259r\u0259f olmal\u0131d\u0131r?\u201d\",\"datePublished\":\"2024-05-25T12:50:50+00:00\",\"dateModified\":\"2024-05-25T16:54:25+00:00\",\"mainEntityOfPage\":{\"@id\":\"https:\\\/\\\/www.meydan.tv\\\/az\\\/article\\\/harda-yazilib-ki-isa-qember-partiyadaxili-seckilerde-her-zaman-biteref-olmalidir\\\/\"},\"wordCount\":6150,\"publisher\":{\"@id\":\"https:\\\/\\\/www.meydan.tv\\\/az\\\/#organization\"},\"image\":{\"@id\":\"https:\\\/\\\/www.meydan.tv\\\/az\\\/article\\\/harda-yazilib-ki-isa-qember-partiyadaxili-seckilerde-her-zaman-biteref-olmalidir\\\/#primaryimage\"},\"thumbnailUrl\":\"https:\\\/\\\/www.meydan.tv\\\/wp-content\\\/uploads\\\/photo_2024-05-25-14.49.44-e1716642709940.jpeg\",\"articleSection\":[\"Siyas\u0259t\",\"T\u00f6vsiy\u0259\",\"Video\",\"X\u0259b\u0259rl\u0259r\"],\"inLanguage\":\"az\"},{\"@type\":\"WebPage\",\"@id\":\"https:\\\/\\\/www.meydan.tv\\\/az\\\/article\\\/harda-yazilib-ki-isa-qember-partiyadaxili-seckilerde-her-zaman-biteref-olmalidir\\\/\",\"url\":\"https:\\\/\\\/www.meydan.tv\\\/az\\\/article\\\/harda-yazilib-ki-isa-qember-partiyadaxili-seckilerde-her-zaman-biteref-olmalidir\\\/\",\"name\":\"\u201cHarda yaz\u0131l\u0131b ki, \u0130sa Q\u0259mb\u0259r partiyadaxili se\u00e7kil\u0259rd\u0259 h\u0259r zaman bit\u0259r\u0259f olmal\u0131d\u0131r?\u201d - MEYDAN.TV\",\"isPartOf\":{\"@id\":\"https:\\\/\\\/www.meydan.tv\\\/az\\\/#website\"},\"primaryImageOfPage\":{\"@id\":\"https:\\\/\\\/www.meydan.tv\\\/az\\\/article\\\/harda-yazilib-ki-isa-qember-partiyadaxili-seckilerde-her-zaman-biteref-olmalidir\\\/#primaryimage\"},\"image\":{\"@id\":\"https:\\\/\\\/www.meydan.tv\\\/az\\\/article\\\/harda-yazilib-ki-isa-qember-partiyadaxili-seckilerde-her-zaman-biteref-olmalidir\\\/#primaryimage\"},\"thumbnailUrl\":\"https:\\\/\\\/www.meydan.tv\\\/wp-content\\\/uploads\\\/photo_2024-05-25-14.49.44-e1716642709940.jpeg\",\"datePublished\":\"2024-05-25T12:50:50+00:00\",\"dateModified\":\"2024-05-25T16:54:25+00:00\",\"breadcrumb\":{\"@id\":\"https:\\\/\\\/www.meydan.tv\\\/az\\\/article\\\/harda-yazilib-ki-isa-qember-partiyadaxili-seckilerde-her-zaman-biteref-olmalidir\\\/#breadcrumb\"},\"inLanguage\":\"az\",\"potentialAction\":[{\"@type\":\"ReadAction\",\"target\":[\"https:\\\/\\\/www.meydan.tv\\\/az\\\/article\\\/harda-yazilib-ki-isa-qember-partiyadaxili-seckilerde-her-zaman-biteref-olmalidir\\\/\"]}]},{\"@type\":\"ImageObject\",\"inLanguage\":\"az\",\"@id\":\"https:\\\/\\\/www.meydan.tv\\\/az\\\/article\\\/harda-yazilib-ki-isa-qember-partiyadaxili-seckilerde-her-zaman-biteref-olmalidir\\\/#primaryimage\",\"url\":\"https:\\\/\\\/www.meydan.tv\\\/wp-content\\\/uploads\\\/photo_2024-05-25-14.49.44-e1716642709940.jpeg\",\"contentUrl\":\"https:\\\/\\\/www.meydan.tv\\\/wp-content\\\/uploads\\\/photo_2024-05-25-14.49.44-e1716642709940.jpeg\",\"width\":1262,\"height\":607,\"caption\":\"\u0130sa Q\u0259mb\u0259r, foto: Meydan Tv\"},{\"@type\":\"BreadcrumbList\",\"@id\":\"https:\\\/\\\/www.meydan.tv\\\/az\\\/article\\\/harda-yazilib-ki-isa-qember-partiyadaxili-seckilerde-her-zaman-biteref-olmalidir\\\/#breadcrumb\",\"itemListElement\":[{\"@type\":\"ListItem\",\"position\":1,\"name\":\"Ana s\u0259hif\u0259\",\"item\":\"https:\\\/\\\/www.meydan.tv\\\/az\\\/\"},{\"@type\":\"ListItem\",\"position\":2,\"name\":\"T\u00f6vsiy\u0259\",\"item\":\"https:\\\/\\\/www.meydan.tv\\\/az\\\/section\\\/featured\\\/\"},{\"@type\":\"ListItem\",\"position\":3,\"name\":\"\u201cHarda yaz\u0131l\u0131b ki, \u0130sa Q\u0259mb\u0259r partiyadaxili se\u00e7kil\u0259rd\u0259 h\u0259r zaman bit\u0259r\u0259f olmal\u0131d\u0131r?\u201d\"}]},{\"@type\":\"WebSite\",\"@id\":\"https:\\\/\\\/www.meydan.tv\\\/az\\\/#website\",\"url\":\"https:\\\/\\\/www.meydan.tv\\\/az\\\/\",\"name\":\"MEYDAN.TV\",\"description\":\"Meydan TV Az\u0259rbaycan\u0131n media m\u0259kan\u0131ndak\u0131 alternativ s\u0259sidir\",\"publisher\":{\"@id\":\"https:\\\/\\\/www.meydan.tv\\\/az\\\/#organization\"},\"potentialAction\":[{\"@type\":\"SearchAction\",\"target\":{\"@type\":\"EntryPoint\",\"urlTemplate\":\"https:\\\/\\\/www.meydan.tv\\\/az\\\/?s={search_term_string}\"},\"query-input\":{\"@type\":\"PropertyValueSpecification\",\"valueRequired\":true,\"valueName\":\"search_term_string\"}}],\"inLanguage\":\"az\"},{\"@type\":\"Organization\",\"@id\":\"https:\\\/\\\/www.meydan.tv\\\/az\\\/#organization\",\"name\":\"Meydan TV\",\"url\":\"https:\\\/\\\/www.meydan.tv\\\/az\\\/\",\"logo\":{\"@type\":\"ImageObject\",\"inLanguage\":\"az\",\"@id\":\"https:\\\/\\\/www.meydan.tv\\\/az\\\/#\\\/schema\\\/logo\\\/image\\\/\",\"url\":\"https:\\\/\\\/www.meydan.tv\\\/wp-content\\\/uploads\\\/2021\\\/07\\\/meydan-logo.svg\",\"contentUrl\":\"https:\\\/\\\/www.meydan.tv\\\/wp-content\\\/uploads\\\/2021\\\/07\\\/meydan-logo.svg\",\"width\":195,\"height\":46,\"caption\":\"Meydan TV\"},\"image\":{\"@id\":\"https:\\\/\\\/www.meydan.tv\\\/az\\\/#\\\/schema\\\/logo\\\/image\\\/\"}},{\"@type\":\"Person\",\"@id\":\"https:\\\/\\\/www.meydan.tv\\\/az\\\/#\\\/schema\\\/person\\\/476e9360e593fa131d5d71d51866f8da\",\"name\":\"aleks\"}]}<\/script>\n<!-- \/ Yoast SEO plugin. -->","yoast_head_json":{"title":"\u201cHarda yaz\u0131l\u0131b ki, \u0130sa Q\u0259mb\u0259r partiyadaxili se\u00e7kil\u0259rd\u0259 h\u0259r zaman bit\u0259r\u0259f olmal\u0131d\u0131r?\u201d - MEYDAN.TV","robots":{"index":"index","follow":"follow","max-snippet":"max-snippet:-1","max-image-preview":"max-image-preview:large","max-video-preview":"max-video-preview:-1"},"canonical":"https:\/\/www.meydan.tv\/az\/article\/harda-yazilib-ki-isa-qember-partiyadaxili-seckilerde-her-zaman-biteref-olmalidir\/","og_locale":"az_AZ","og_type":"article","og_title":"\u201cHarda yaz\u0131l\u0131b ki, \u0130sa Q\u0259mb\u0259r partiyadaxili se\u00e7kil\u0259rd\u0259 h\u0259r zaman bit\u0259r\u0259f olmal\u0131d\u0131r?\u201d - MEYDAN.TV","og_url":"https:\/\/www.meydan.tv\/az\/article\/harda-yazilib-ki-isa-qember-partiyadaxili-seckilerde-her-zaman-biteref-olmalidir\/","og_site_name":"MEYDAN.TV","article_published_time":"2024-05-25T12:50:50+00:00","article_modified_time":"2024-05-25T16:54:25+00:00","og_image":[{"width":1262,"height":607,"url":"https:\/\/www.meydan.tv\/wp-content\/uploads\/photo_2024-05-25-14.49.44-e1716642709940.jpeg","type":"image\/jpeg"}],"author":"aleks","twitter_card":"summary_large_image","schema":{"@context":"https:\/\/schema.org","@graph":[{"@type":"Article","@id":"https:\/\/www.meydan.tv\/az\/article\/harda-yazilib-ki-isa-qember-partiyadaxili-seckilerde-her-zaman-biteref-olmalidir\/#article","isPartOf":{"@id":"https:\/\/www.meydan.tv\/az\/article\/harda-yazilib-ki-isa-qember-partiyadaxili-seckilerde-her-zaman-biteref-olmalidir\/"},"author":{"name":"aleks","@id":"https:\/\/www.meydan.tv\/az\/#\/schema\/person\/476e9360e593fa131d5d71d51866f8da"},"headline":"\u201cHarda yaz\u0131l\u0131b ki, \u0130sa Q\u0259mb\u0259r partiyadaxili se\u00e7kil\u0259rd\u0259 h\u0259r zaman bit\u0259r\u0259f olmal\u0131d\u0131r?\u201d","datePublished":"2024-05-25T12:50:50+00:00","dateModified":"2024-05-25T16:54:25+00:00","mainEntityOfPage":{"@id":"https:\/\/www.meydan.tv\/az\/article\/harda-yazilib-ki-isa-qember-partiyadaxili-seckilerde-her-zaman-biteref-olmalidir\/"},"wordCount":6150,"publisher":{"@id":"https:\/\/www.meydan.tv\/az\/#organization"},"image":{"@id":"https:\/\/www.meydan.tv\/az\/article\/harda-yazilib-ki-isa-qember-partiyadaxili-seckilerde-her-zaman-biteref-olmalidir\/#primaryimage"},"thumbnailUrl":"https:\/\/www.meydan.tv\/wp-content\/uploads\/photo_2024-05-25-14.49.44-e1716642709940.jpeg","articleSection":["Siyas\u0259t","T\u00f6vsiy\u0259","Video","X\u0259b\u0259rl\u0259r"],"inLanguage":"az"},{"@type":"WebPage","@id":"https:\/\/www.meydan.tv\/az\/article\/harda-yazilib-ki-isa-qember-partiyadaxili-seckilerde-her-zaman-biteref-olmalidir\/","url":"https:\/\/www.meydan.tv\/az\/article\/harda-yazilib-ki-isa-qember-partiyadaxili-seckilerde-her-zaman-biteref-olmalidir\/","name":"\u201cHarda yaz\u0131l\u0131b ki, \u0130sa Q\u0259mb\u0259r partiyadaxili se\u00e7kil\u0259rd\u0259 h\u0259r zaman bit\u0259r\u0259f olmal\u0131d\u0131r?\u201d - MEYDAN.TV","isPartOf":{"@id":"https:\/\/www.meydan.tv\/az\/#website"},"primaryImageOfPage":{"@id":"https:\/\/www.meydan.tv\/az\/article\/harda-yazilib-ki-isa-qember-partiyadaxili-seckilerde-her-zaman-biteref-olmalidir\/#primaryimage"},"image":{"@id":"https:\/\/www.meydan.tv\/az\/article\/harda-yazilib-ki-isa-qember-partiyadaxili-seckilerde-her-zaman-biteref-olmalidir\/#primaryimage"},"thumbnailUrl":"https:\/\/www.meydan.tv\/wp-content\/uploads\/photo_2024-05-25-14.49.44-e1716642709940.jpeg","datePublished":"2024-05-25T12:50:50+00:00","dateModified":"2024-05-25T16:54:25+00:00","breadcrumb":{"@id":"https:\/\/www.meydan.tv\/az\/article\/harda-yazilib-ki-isa-qember-partiyadaxili-seckilerde-her-zaman-biteref-olmalidir\/#breadcrumb"},"inLanguage":"az","potentialAction":[{"@type":"ReadAction","target":["https:\/\/www.meydan.tv\/az\/article\/harda-yazilib-ki-isa-qember-partiyadaxili-seckilerde-her-zaman-biteref-olmalidir\/"]}]},{"@type":"ImageObject","inLanguage":"az","@id":"https:\/\/www.meydan.tv\/az\/article\/harda-yazilib-ki-isa-qember-partiyadaxili-seckilerde-her-zaman-biteref-olmalidir\/#primaryimage","url":"https:\/\/www.meydan.tv\/wp-content\/uploads\/photo_2024-05-25-14.49.44-e1716642709940.jpeg","contentUrl":"https:\/\/www.meydan.tv\/wp-content\/uploads\/photo_2024-05-25-14.49.44-e1716642709940.jpeg","width":1262,"height":607,"caption":"\u0130sa Q\u0259mb\u0259r, foto: Meydan Tv"},{"@type":"BreadcrumbList","@id":"https:\/\/www.meydan.tv\/az\/article\/harda-yazilib-ki-isa-qember-partiyadaxili-seckilerde-her-zaman-biteref-olmalidir\/#breadcrumb","itemListElement":[{"@type":"ListItem","position":1,"name":"Ana s\u0259hif\u0259","item":"https:\/\/www.meydan.tv\/az\/"},{"@type":"ListItem","position":2,"name":"T\u00f6vsiy\u0259","item":"https:\/\/www.meydan.tv\/az\/section\/featured\/"},{"@type":"ListItem","position":3,"name":"\u201cHarda yaz\u0131l\u0131b ki, \u0130sa Q\u0259mb\u0259r partiyadaxili se\u00e7kil\u0259rd\u0259 h\u0259r zaman bit\u0259r\u0259f olmal\u0131d\u0131r?\u201d"}]},{"@type":"WebSite","@id":"https:\/\/www.meydan.tv\/az\/#website","url":"https:\/\/www.meydan.tv\/az\/","name":"MEYDAN.TV","description":"Meydan TV Az\u0259rbaycan\u0131n media m\u0259kan\u0131ndak\u0131 alternativ s\u0259sidir","publisher":{"@id":"https:\/\/www.meydan.tv\/az\/#organization"},"potentialAction":[{"@type":"SearchAction","target":{"@type":"EntryPoint","urlTemplate":"https:\/\/www.meydan.tv\/az\/?s={search_term_string}"},"query-input":{"@type":"PropertyValueSpecification","valueRequired":true,"valueName":"search_term_string"}}],"inLanguage":"az"},{"@type":"Organization","@id":"https:\/\/www.meydan.tv\/az\/#organization","name":"Meydan TV","url":"https:\/\/www.meydan.tv\/az\/","logo":{"@type":"ImageObject","inLanguage":"az","@id":"https:\/\/www.meydan.tv\/az\/#\/schema\/logo\/image\/","url":"https:\/\/www.meydan.tv\/wp-content\/uploads\/2021\/07\/meydan-logo.svg","contentUrl":"https:\/\/www.meydan.tv\/wp-content\/uploads\/2021\/07\/meydan-logo.svg","width":195,"height":46,"caption":"Meydan TV"},"image":{"@id":"https:\/\/www.meydan.tv\/az\/#\/schema\/logo\/image\/"}},{"@type":"Person","@id":"https:\/\/www.meydan.tv\/az\/#\/schema\/person\/476e9360e593fa131d5d71d51866f8da","name":"aleks"}]}},"_links":{"self":[{"href":"https:\/\/www.meydan.tv\/az\/wp-json\/wp\/v2\/posts\/306641","targetHints":{"allow":["GET"]}}],"collection":[{"href":"https:\/\/www.meydan.tv\/az\/wp-json\/wp\/v2\/posts"}],"about":[{"href":"https:\/\/www.meydan.tv\/az\/wp-json\/wp\/v2\/types\/post"}],"author":[{"embeddable":true,"href":"https:\/\/www.meydan.tv\/az\/wp-json\/wp\/v2\/users\/12"}],"replies":[{"embeddable":true,"href":"https:\/\/www.meydan.tv\/az\/wp-json\/wp\/v2\/comments?post=306641"}],"version-history":[{"count":5,"href":"https:\/\/www.meydan.tv\/az\/wp-json\/wp\/v2\/posts\/306641\/revisions"}],"predecessor-version":[{"id":306678,"href":"https:\/\/www.meydan.tv\/az\/wp-json\/wp\/v2\/posts\/306641\/revisions\/306678"}],"wp:featuredmedia":[{"embeddable":true,"href":"https:\/\/www.meydan.tv\/az\/wp-json\/wp\/v2\/media\/306667"}],"wp:attachment":[{"href":"https:\/\/www.meydan.tv\/az\/wp-json\/wp\/v2\/media?parent=306641"}],"wp:term":[{"taxonomy":"category","embeddable":true,"href":"https:\/\/www.meydan.tv\/az\/wp-json\/wp\/v2\/categories?post=306641"},{"taxonomy":"post_tag","embeddable":true,"href":"https:\/\/www.meydan.tv\/az\/wp-json\/wp\/v2\/tags?post=306641"}],"curies":[{"name":"wp","href":"https:\/\/api.w.org\/{rel}","templated":true}]}}