{"id":306533,"date":"2024-05-23T23:58:36","date_gmt":"2024-05-23T19:58:36","guid":{"rendered":"https:\/\/www.meydan.tv\/?p=306533"},"modified":"2024-05-24T11:37:38","modified_gmt":"2024-05-24T07:37:38","slug":"prezident-kecen-yolda-sokuntu-lotuluqla-obyektleri-dagidirlar","status":"publish","type":"post","link":"https:\/\/www.meydan.tv\/az\/article\/prezident-kecen-yolda-sokuntu-lotuluqla-obyektleri-dagidirlar\/","title":{"rendered":"Prezident ke\u00e7\u0259n yolda s\u00f6k\u00fcnt\u00fc: \u201cLotuluqla obyektl\u0259ri da\u011f\u0131d\u0131rlar\u201d"},"content":{"rendered":"\n<figure class=\"wp-block-embed is-type-video is-provider-youtube wp-block-embed-youtube wp-embed-aspect-16-9 wp-has-aspect-ratio\"><div class=\"wp-block-embed__wrapper\">\n<iframe title=\"Prezident ke\u00e7\u0259n yolda s\u00f6k\u00fcnt\u00fc: \u201cLotuluqla obyektl\u0259ri da\u011f\u0131d\u0131rlar\u201d\" width=\"1200\" height=\"675\" data-src=\"https:\/\/www.youtube.com\/embed\/7R0PiXrXChA?feature=oembed\" frameborder=\"0\" allow=\"accelerometer; autoplay; clipboard-write; encrypted-media; gyroscope; picture-in-picture; web-share\" referrerpolicy=\"strict-origin-when-cross-origin\" allowfullscreen src=\"data:image\/svg+xml;base64,PHN2ZyB3aWR0aD0iMSIgaGVpZ2h0PSIxIiB4bWxucz0iaHR0cDovL3d3dy53My5vcmcvMjAwMC9zdmciPjwvc3ZnPg==\" class=\"lazyload\" data-load-mode=\"1\"><\/iframe>\n<\/div><\/figure>\n\n\n\n<!--more-->\n\n\n\n<p><\/p>\n\n\n\n<p>Da\u011f\u0131d\u0131lan qap\u0131-p\u0259nc\u0259r\u0259, \u015f\u00fc\u015f\u0259 q\u0131r\u0131qlar\u0131 i\u00e7ind\u0259 g\u0259z\u0259n m\u00fclk yiy\u0259l\u0259ri. May\u0131n 23-d\u0259 Bak\u0131da tan\u0131\u015f m\u0259nz\u0259r\u0259 t\u0259krarlan\u0131b. Yusif S\u0259f\u0259rov k\u00fc\u00e7\u0259sind\u0259 ia\u015f\u0259 obyektl\u0259ri m\u0259hk\u0259m\u0259 q\u0259rar\u0131 olmadan da\u011f\u0131d\u0131l\u0131b.<\/p>\n\n\n\n<p>Sahibkarlar deyir ki, s\u00f6k\u00fcnt\u00fc Bak\u0131 \u015e\u0259h\u0259r \u0130cra Hakimiyy\u0259ti n\u00fcmay\u0259nd\u0259sinin g\u00f6st\u0259ri\u015fil\u0259, polisl\u0259rin n\u0259zar\u0259ti alt\u0131nda h\u0259yata ke\u00e7irilib.<\/p>\n\n\n\n<p>X\u0259tai Rayon \u0130cra Hakimiyy\u0259tind\u0259n sakinl\u0259r\u0259 bildirilib ki, \u0259razid\u0259 park sal\u0131nacaq. Bu s\u0259b\u0259bl\u0259 t\u0259kc\u0259 obyektl\u0259r yox, ya\u015fay\u0131\u015f yerl\u0259ri d\u0259 s\u00f6k\u00fclm\u0259lidir.<\/p>\n\n\n\n<p>\u018frazid\u0259 polis \u0259m\u0259kda\u015flar\u0131 v\u0259 icra n\u00fcmay\u0259nd\u0259l\u0259ri dola\u015fark\u0259n sahibkarlar\u0131n bir hiss\u0259si m\u00fclkl\u0259rinin \u00f6n\u00fcnd\u0259 canl\u0131 s\u0259dd qurub, da\u011f\u0131nt\u0131ya mane olma\u011fa \u00e7al\u0131\u015f\u0131blar.<\/p>\n\n\n\n<p>Dig\u0259rl\u0259ri is\u0259 X\u0259tai Rayon \u0130cra Hakimiyy\u0259tin\u0259 \u00fcz tutub. V\u0259t\u0259nda\u015flar\u0131 h\u00fcquqi m\u0259s\u0259l\u0259l\u0259r \u00fczr\u0259 \u015f\u00f6b\u0259 m\u00fcdiri Teymur \u018fzizov q\u0259bul edib. O \u00e7\u0131x\u0131\u015f\u0131nda bildirib ki, sahibkarla qanunauy\u011fun \u015f\u0259kild\u0259 raz\u0131l\u0131q \u0259ld\u0259 olunub v\u0259 b\u00fct\u00fcn m\u0259s\u0259l\u0259l\u0259r protokolda \u00f6z \u0259ksini tap\u0131b. Lakin d\u00f6vl\u0259t r\u0259smisi raz\u0131l\u0131q verm\u0259diyi halda obyekti s\u00f6k\u00fcl\u0259n v\u0259t\u0259nda\u015flar\u0131n suallar\u0131n\u0131 cavabland\u0131ra bilm\u0259yib.<\/p>\n\n\n\n<p>Naraz\u0131 sahibkarlar\u0131n may\u0131n 24-d\u0259 icra hakimiyy\u0259tin\u0259 d\u0259v\u0259t olundu\u011fu bildirilir.<\/p>\n","protected":false},"excerpt":{"rendered":"","protected":false},"author":12,"featured_media":306534,"comment_status":"closed","ping_status":"closed","sticky":false,"template":"","format":"standard","meta":{"_acf_changed":false,"_sitemap_exclude":false,"_sitemap_priority":"","_sitemap_frequency":"","footnotes":""},"categories":[62,63,56],"tags":[],"class_list":["post-306533","post","type-post","status-publish","format-standard","has-post-thumbnail","hentry","category-sosial","category-video-2","category-xeberler","infinite-scroll-item","generate-columns","tablet-grid-50","mobile-grid-100","grid-parent","grid-33","no-featured-image-padding"],"acf":[],"yoast_head":"<!-- This site is optimized with the Yoast SEO plugin v27.4 - https:\/\/yoast.com\/product\/yoast-seo-wordpress\/ -->\n<title>Prezident ke\u00e7\u0259n yolda s\u00f6k\u00fcnt\u00fc: \u201cLotuluqla obyektl\u0259ri da\u011f\u0131d\u0131rlar\u201d - MEYDAN.TV<\/title>\n<meta name=\"robots\" content=\"index, follow, max-snippet:-1, max-image-preview:large, max-video-preview:-1\" \/>\n<link rel=\"canonical\" href=\"https:\/\/www.meydan.tv\/az\/article\/prezident-kecen-yolda-sokuntu-lotuluqla-obyektleri-dagidirlar\/\" \/>\n<meta property=\"og:locale\" content=\"az_AZ\" \/>\n<meta property=\"og:type\" content=\"article\" \/>\n<meta property=\"og:title\" content=\"Prezident ke\u00e7\u0259n yolda s\u00f6k\u00fcnt\u00fc: \u201cLotuluqla obyektl\u0259ri da\u011f\u0131d\u0131rlar\u201d - MEYDAN.TV\" \/>\n<meta property=\"og:url\" content=\"https:\/\/www.meydan.tv\/az\/article\/prezident-kecen-yolda-sokuntu-lotuluqla-obyektleri-dagidirlar\/\" \/>\n<meta property=\"og:site_name\" content=\"MEYDAN.TV\" \/>\n<meta property=\"article:published_time\" content=\"2024-05-23T19:58:36+00:00\" \/>\n<meta property=\"article:modified_time\" content=\"2024-05-24T07:37:38+00:00\" \/>\n<meta property=\"og:image\" content=\"https:\/\/www.meydan.tv\/wp-content\/uploads\/reportaj-cover-8-6.png\" \/>\n\t<meta property=\"og:image:width\" content=\"1280\" \/>\n\t<meta property=\"og:image:height\" content=\"720\" \/>\n\t<meta property=\"og:image:type\" content=\"image\/png\" \/>\n<meta name=\"author\" content=\"aleks\" \/>\n<meta name=\"twitter:card\" content=\"summary_large_image\" \/>\n<script type=\"application\/ld+json\" class=\"yoast-schema-graph\">{\"@context\":\"https:\\\/\\\/schema.org\",\"@graph\":[{\"@type\":\"Article\",\"@id\":\"https:\\\/\\\/www.meydan.tv\\\/az\\\/article\\\/prezident-kecen-yolda-sokuntu-lotuluqla-obyektleri-dagidirlar\\\/#article\",\"isPartOf\":{\"@id\":\"https:\\\/\\\/www.meydan.tv\\\/az\\\/article\\\/prezident-kecen-yolda-sokuntu-lotuluqla-obyektleri-dagidirlar\\\/\"},\"author\":{\"name\":\"aleks\",\"@id\":\"https:\\\/\\\/www.meydan.tv\\\/az\\\/#\\\/schema\\\/person\\\/476e9360e593fa131d5d71d51866f8da\"},\"headline\":\"Prezident ke\u00e7\u0259n yolda s\u00f6k\u00fcnt\u00fc: \u201cLotuluqla obyektl\u0259ri da\u011f\u0131d\u0131rlar\u201d\",\"datePublished\":\"2024-05-23T19:58:36+00:00\",\"dateModified\":\"2024-05-24T07:37:38+00:00\",\"mainEntityOfPage\":{\"@id\":\"https:\\\/\\\/www.meydan.tv\\\/az\\\/article\\\/prezident-kecen-yolda-sokuntu-lotuluqla-obyektleri-dagidirlar\\\/\"},\"wordCount\":279,\"publisher\":{\"@id\":\"https:\\\/\\\/www.meydan.tv\\\/az\\\/#organization\"},\"image\":{\"@id\":\"https:\\\/\\\/www.meydan.tv\\\/az\\\/article\\\/prezident-kecen-yolda-sokuntu-lotuluqla-obyektleri-dagidirlar\\\/#primaryimage\"},\"thumbnailUrl\":\"https:\\\/\\\/www.meydan.tv\\\/wp-content\\\/uploads\\\/reportaj-cover-8-6.png\",\"articleSection\":[\"Sosial\",\"Video\",\"X\u0259b\u0259rl\u0259r\"],\"inLanguage\":\"az\"},{\"@type\":\"WebPage\",\"@id\":\"https:\\\/\\\/www.meydan.tv\\\/az\\\/article\\\/prezident-kecen-yolda-sokuntu-lotuluqla-obyektleri-dagidirlar\\\/\",\"url\":\"https:\\\/\\\/www.meydan.tv\\\/az\\\/article\\\/prezident-kecen-yolda-sokuntu-lotuluqla-obyektleri-dagidirlar\\\/\",\"name\":\"Prezident ke\u00e7\u0259n yolda s\u00f6k\u00fcnt\u00fc: \u201cLotuluqla obyektl\u0259ri da\u011f\u0131d\u0131rlar\u201d - MEYDAN.TV\",\"isPartOf\":{\"@id\":\"https:\\\/\\\/www.meydan.tv\\\/az\\\/#website\"},\"primaryImageOfPage\":{\"@id\":\"https:\\\/\\\/www.meydan.tv\\\/az\\\/article\\\/prezident-kecen-yolda-sokuntu-lotuluqla-obyektleri-dagidirlar\\\/#primaryimage\"},\"image\":{\"@id\":\"https:\\\/\\\/www.meydan.tv\\\/az\\\/article\\\/prezident-kecen-yolda-sokuntu-lotuluqla-obyektleri-dagidirlar\\\/#primaryimage\"},\"thumbnailUrl\":\"https:\\\/\\\/www.meydan.tv\\\/wp-content\\\/uploads\\\/reportaj-cover-8-6.png\",\"datePublished\":\"2024-05-23T19:58:36+00:00\",\"dateModified\":\"2024-05-24T07:37:38+00:00\",\"breadcrumb\":{\"@id\":\"https:\\\/\\\/www.meydan.tv\\\/az\\\/article\\\/prezident-kecen-yolda-sokuntu-lotuluqla-obyektleri-dagidirlar\\\/#breadcrumb\"},\"inLanguage\":\"az\",\"potentialAction\":[{\"@type\":\"ReadAction\",\"target\":[\"https:\\\/\\\/www.meydan.tv\\\/az\\\/article\\\/prezident-kecen-yolda-sokuntu-lotuluqla-obyektleri-dagidirlar\\\/\"]}]},{\"@type\":\"ImageObject\",\"inLanguage\":\"az\",\"@id\":\"https:\\\/\\\/www.meydan.tv\\\/az\\\/article\\\/prezident-kecen-yolda-sokuntu-lotuluqla-obyektleri-dagidirlar\\\/#primaryimage\",\"url\":\"https:\\\/\\\/www.meydan.tv\\\/wp-content\\\/uploads\\\/reportaj-cover-8-6.png\",\"contentUrl\":\"https:\\\/\\\/www.meydan.tv\\\/wp-content\\\/uploads\\\/reportaj-cover-8-6.png\",\"width\":1280,\"height\":720},{\"@type\":\"BreadcrumbList\",\"@id\":\"https:\\\/\\\/www.meydan.tv\\\/az\\\/article\\\/prezident-kecen-yolda-sokuntu-lotuluqla-obyektleri-dagidirlar\\\/#breadcrumb\",\"itemListElement\":[{\"@type\":\"ListItem\",\"position\":1,\"name\":\"Ana s\u0259hif\u0259\",\"item\":\"https:\\\/\\\/www.meydan.tv\\\/az\\\/\"},{\"@type\":\"ListItem\",\"position\":2,\"name\":\"X\u0259b\u0259rl\u0259r\",\"item\":\"https:\\\/\\\/www.meydan.tv\\\/az\\\/section\\\/xeberler\\\/\"},{\"@type\":\"ListItem\",\"position\":3,\"name\":\"Prezident ke\u00e7\u0259n yolda s\u00f6k\u00fcnt\u00fc: \u201cLotuluqla obyektl\u0259ri da\u011f\u0131d\u0131rlar\u201d\"}]},{\"@type\":\"WebSite\",\"@id\":\"https:\\\/\\\/www.meydan.tv\\\/az\\\/#website\",\"url\":\"https:\\\/\\\/www.meydan.tv\\\/az\\\/\",\"name\":\"MEYDAN.TV\",\"description\":\"Meydan TV Az\u0259rbaycan\u0131n media m\u0259kan\u0131ndak\u0131 alternativ s\u0259sidir\",\"publisher\":{\"@id\":\"https:\\\/\\\/www.meydan.tv\\\/az\\\/#organization\"},\"potentialAction\":[{\"@type\":\"SearchAction\",\"target\":{\"@type\":\"EntryPoint\",\"urlTemplate\":\"https:\\\/\\\/www.meydan.tv\\\/az\\\/?s={search_term_string}\"},\"query-input\":{\"@type\":\"PropertyValueSpecification\",\"valueRequired\":true,\"valueName\":\"search_term_string\"}}],\"inLanguage\":\"az\"},{\"@type\":\"Organization\",\"@id\":\"https:\\\/\\\/www.meydan.tv\\\/az\\\/#organization\",\"name\":\"Meydan TV\",\"url\":\"https:\\\/\\\/www.meydan.tv\\\/az\\\/\",\"logo\":{\"@type\":\"ImageObject\",\"inLanguage\":\"az\",\"@id\":\"https:\\\/\\\/www.meydan.tv\\\/az\\\/#\\\/schema\\\/logo\\\/image\\\/\",\"url\":\"https:\\\/\\\/www.meydan.tv\\\/wp-content\\\/uploads\\\/2021\\\/07\\\/meydan-logo.svg\",\"contentUrl\":\"https:\\\/\\\/www.meydan.tv\\\/wp-content\\\/uploads\\\/2021\\\/07\\\/meydan-logo.svg\",\"width\":195,\"height\":46,\"caption\":\"Meydan TV\"},\"image\":{\"@id\":\"https:\\\/\\\/www.meydan.tv\\\/az\\\/#\\\/schema\\\/logo\\\/image\\\/\"}},{\"@type\":\"Person\",\"@id\":\"https:\\\/\\\/www.meydan.tv\\\/az\\\/#\\\/schema\\\/person\\\/476e9360e593fa131d5d71d51866f8da\",\"name\":\"aleks\"}]}<\/script>\n<!-- \/ Yoast SEO plugin. -->","yoast_head_json":{"title":"Prezident ke\u00e7\u0259n yolda s\u00f6k\u00fcnt\u00fc: \u201cLotuluqla obyektl\u0259ri da\u011f\u0131d\u0131rlar\u201d - MEYDAN.TV","robots":{"index":"index","follow":"follow","max-snippet":"max-snippet:-1","max-image-preview":"max-image-preview:large","max-video-preview":"max-video-preview:-1"},"canonical":"https:\/\/www.meydan.tv\/az\/article\/prezident-kecen-yolda-sokuntu-lotuluqla-obyektleri-dagidirlar\/","og_locale":"az_AZ","og_type":"article","og_title":"Prezident ke\u00e7\u0259n yolda s\u00f6k\u00fcnt\u00fc: \u201cLotuluqla obyektl\u0259ri da\u011f\u0131d\u0131rlar\u201d - MEYDAN.TV","og_url":"https:\/\/www.meydan.tv\/az\/article\/prezident-kecen-yolda-sokuntu-lotuluqla-obyektleri-dagidirlar\/","og_site_name":"MEYDAN.TV","article_published_time":"2024-05-23T19:58:36+00:00","article_modified_time":"2024-05-24T07:37:38+00:00","og_image":[{"width":1280,"height":720,"url":"https:\/\/www.meydan.tv\/wp-content\/uploads\/reportaj-cover-8-6.png","type":"image\/png"}],"author":"aleks","twitter_card":"summary_large_image","schema":{"@context":"https:\/\/schema.org","@graph":[{"@type":"Article","@id":"https:\/\/www.meydan.tv\/az\/article\/prezident-kecen-yolda-sokuntu-lotuluqla-obyektleri-dagidirlar\/#article","isPartOf":{"@id":"https:\/\/www.meydan.tv\/az\/article\/prezident-kecen-yolda-sokuntu-lotuluqla-obyektleri-dagidirlar\/"},"author":{"name":"aleks","@id":"https:\/\/www.meydan.tv\/az\/#\/schema\/person\/476e9360e593fa131d5d71d51866f8da"},"headline":"Prezident ke\u00e7\u0259n yolda s\u00f6k\u00fcnt\u00fc: \u201cLotuluqla obyektl\u0259ri da\u011f\u0131d\u0131rlar\u201d","datePublished":"2024-05-23T19:58:36+00:00","dateModified":"2024-05-24T07:37:38+00:00","mainEntityOfPage":{"@id":"https:\/\/www.meydan.tv\/az\/article\/prezident-kecen-yolda-sokuntu-lotuluqla-obyektleri-dagidirlar\/"},"wordCount":279,"publisher":{"@id":"https:\/\/www.meydan.tv\/az\/#organization"},"image":{"@id":"https:\/\/www.meydan.tv\/az\/article\/prezident-kecen-yolda-sokuntu-lotuluqla-obyektleri-dagidirlar\/#primaryimage"},"thumbnailUrl":"https:\/\/www.meydan.tv\/wp-content\/uploads\/reportaj-cover-8-6.png","articleSection":["Sosial","Video","X\u0259b\u0259rl\u0259r"],"inLanguage":"az"},{"@type":"WebPage","@id":"https:\/\/www.meydan.tv\/az\/article\/prezident-kecen-yolda-sokuntu-lotuluqla-obyektleri-dagidirlar\/","url":"https:\/\/www.meydan.tv\/az\/article\/prezident-kecen-yolda-sokuntu-lotuluqla-obyektleri-dagidirlar\/","name":"Prezident ke\u00e7\u0259n yolda s\u00f6k\u00fcnt\u00fc: \u201cLotuluqla obyektl\u0259ri da\u011f\u0131d\u0131rlar\u201d - MEYDAN.TV","isPartOf":{"@id":"https:\/\/www.meydan.tv\/az\/#website"},"primaryImageOfPage":{"@id":"https:\/\/www.meydan.tv\/az\/article\/prezident-kecen-yolda-sokuntu-lotuluqla-obyektleri-dagidirlar\/#primaryimage"},"image":{"@id":"https:\/\/www.meydan.tv\/az\/article\/prezident-kecen-yolda-sokuntu-lotuluqla-obyektleri-dagidirlar\/#primaryimage"},"thumbnailUrl":"https:\/\/www.meydan.tv\/wp-content\/uploads\/reportaj-cover-8-6.png","datePublished":"2024-05-23T19:58:36+00:00","dateModified":"2024-05-24T07:37:38+00:00","breadcrumb":{"@id":"https:\/\/www.meydan.tv\/az\/article\/prezident-kecen-yolda-sokuntu-lotuluqla-obyektleri-dagidirlar\/#breadcrumb"},"inLanguage":"az","potentialAction":[{"@type":"ReadAction","target":["https:\/\/www.meydan.tv\/az\/article\/prezident-kecen-yolda-sokuntu-lotuluqla-obyektleri-dagidirlar\/"]}]},{"@type":"ImageObject","inLanguage":"az","@id":"https:\/\/www.meydan.tv\/az\/article\/prezident-kecen-yolda-sokuntu-lotuluqla-obyektleri-dagidirlar\/#primaryimage","url":"https:\/\/www.meydan.tv\/wp-content\/uploads\/reportaj-cover-8-6.png","contentUrl":"https:\/\/www.meydan.tv\/wp-content\/uploads\/reportaj-cover-8-6.png","width":1280,"height":720},{"@type":"BreadcrumbList","@id":"https:\/\/www.meydan.tv\/az\/article\/prezident-kecen-yolda-sokuntu-lotuluqla-obyektleri-dagidirlar\/#breadcrumb","itemListElement":[{"@type":"ListItem","position":1,"name":"Ana s\u0259hif\u0259","item":"https:\/\/www.meydan.tv\/az\/"},{"@type":"ListItem","position":2,"name":"X\u0259b\u0259rl\u0259r","item":"https:\/\/www.meydan.tv\/az\/section\/xeberler\/"},{"@type":"ListItem","position":3,"name":"Prezident ke\u00e7\u0259n yolda s\u00f6k\u00fcnt\u00fc: \u201cLotuluqla obyektl\u0259ri da\u011f\u0131d\u0131rlar\u201d"}]},{"@type":"WebSite","@id":"https:\/\/www.meydan.tv\/az\/#website","url":"https:\/\/www.meydan.tv\/az\/","name":"MEYDAN.TV","description":"Meydan TV Az\u0259rbaycan\u0131n media m\u0259kan\u0131ndak\u0131 alternativ s\u0259sidir","publisher":{"@id":"https:\/\/www.meydan.tv\/az\/#organization"},"potentialAction":[{"@type":"SearchAction","target":{"@type":"EntryPoint","urlTemplate":"https:\/\/www.meydan.tv\/az\/?s={search_term_string}"},"query-input":{"@type":"PropertyValueSpecification","valueRequired":true,"valueName":"search_term_string"}}],"inLanguage":"az"},{"@type":"Organization","@id":"https:\/\/www.meydan.tv\/az\/#organization","name":"Meydan TV","url":"https:\/\/www.meydan.tv\/az\/","logo":{"@type":"ImageObject","inLanguage":"az","@id":"https:\/\/www.meydan.tv\/az\/#\/schema\/logo\/image\/","url":"https:\/\/www.meydan.tv\/wp-content\/uploads\/2021\/07\/meydan-logo.svg","contentUrl":"https:\/\/www.meydan.tv\/wp-content\/uploads\/2021\/07\/meydan-logo.svg","width":195,"height":46,"caption":"Meydan TV"},"image":{"@id":"https:\/\/www.meydan.tv\/az\/#\/schema\/logo\/image\/"}},{"@type":"Person","@id":"https:\/\/www.meydan.tv\/az\/#\/schema\/person\/476e9360e593fa131d5d71d51866f8da","name":"aleks"}]}},"_links":{"self":[{"href":"https:\/\/www.meydan.tv\/az\/wp-json\/wp\/v2\/posts\/306533","targetHints":{"allow":["GET"]}}],"collection":[{"href":"https:\/\/www.meydan.tv\/az\/wp-json\/wp\/v2\/posts"}],"about":[{"href":"https:\/\/www.meydan.tv\/az\/wp-json\/wp\/v2\/types\/post"}],"author":[{"embeddable":true,"href":"https:\/\/www.meydan.tv\/az\/wp-json\/wp\/v2\/users\/12"}],"replies":[{"embeddable":true,"href":"https:\/\/www.meydan.tv\/az\/wp-json\/wp\/v2\/comments?post=306533"}],"version-history":[{"count":4,"href":"https:\/\/www.meydan.tv\/az\/wp-json\/wp\/v2\/posts\/306533\/revisions"}],"predecessor-version":[{"id":306554,"href":"https:\/\/www.meydan.tv\/az\/wp-json\/wp\/v2\/posts\/306533\/revisions\/306554"}],"wp:featuredmedia":[{"embeddable":true,"href":"https:\/\/www.meydan.tv\/az\/wp-json\/wp\/v2\/media\/306534"}],"wp:attachment":[{"href":"https:\/\/www.meydan.tv\/az\/wp-json\/wp\/v2\/media?parent=306533"}],"wp:term":[{"taxonomy":"category","embeddable":true,"href":"https:\/\/www.meydan.tv\/az\/wp-json\/wp\/v2\/categories?post=306533"},{"taxonomy":"post_tag","embeddable":true,"href":"https:\/\/www.meydan.tv\/az\/wp-json\/wp\/v2\/tags?post=306533"}],"curies":[{"name":"wp","href":"https:\/\/api.w.org\/{rel}","templated":true}]}}