{"id":306496,"date":"2024-05-23T15:53:39","date_gmt":"2024-05-23T11:53:39","guid":{"rendered":"https:\/\/www.meydan.tv\/?p=306496"},"modified":"2024-05-23T15:54:48","modified_gmt":"2024-05-23T11:54:48","slug":"goycaylilari-narazi-salan-monopoliya-ucuz-qiymet-ve-alternativ-bazarin-yoxlugu","status":"publish","type":"post","link":"https:\/\/www.meydan.tv\/az\/article\/goycaylilari-narazi-salan-monopoliya-ucuz-qiymet-ve-alternativ-bazarin-yoxlugu\/","title":{"rendered":"G\u00f6y\u00e7ayl\u0131lar\u0131 naraz\u0131 salan monopoliya, ucuz qiym\u0259t v\u0259 alternativ bazar\u0131n yoxlu\u011fu"},"content":{"rendered":"\n<p><\/p>\n\n\n\n<p><strong><em>Ekspert: &#8220;M\u0259hsul istehsal\u00e7\u0131lar\u0131 Avropa bazarlar\u0131na \u00e7\u0131xmal\u0131, t\u0259k bazar v\u0259 monopoliya l\u0259\u011fv edilm\u0259lidir&#8221;<\/em><\/strong><\/p>\n\n\n\n<p><em>&#8220;M\u0259hsul qiym\u0259t\u0259 ged\u0259r dey\u0259 \u015f\u0259rikli 10 min pomidor \u015fitili \u0259kmi\u015f\u0259m. Pe\u015fmanam, n\u0259 \u00e7\u0259kdiyimiz x\u0259rc \u00f6d\u0259nir, n\u0259 d\u0259 xarici bazar faktoru i\u015fl\u0259yir. Daxili bazar\u0131n \u00fcmidin\u0259 qalm\u0131\u015f\u0131q. Ya\u011fmurlu hava \u015f\u0259raiti d\u0259 m\u0259hsulu bir ay gecikdirdi, bitkid\u0259 inki\u015faf dayan\u0131b dey\u0259 art\u0131q \u00e7\u00fcr\u00fcm\u0259 ba\u015flay\u0131b&#8221;.<\/em><\/p>\n\n\n\n<p>Bunu Meydan TV-y\u0259 G\u00f6y\u00e7ay\u0131n L\u0259k\u00e7\u0131plaq k\u0259nd sakini \u018fziz \u018fliyev deyir.<\/p>\n\n\n\n<p><strong>&#8220;\u0130lk salx\u0131m \u00e7\u00fcr\u00fcd\u00fc, z\u0259hm\u0259t h\u0259d\u0259r getdi&#8221;<\/strong><\/p>\n\n\n\n<p>O, ill\u0259rdir ki, istixana \u0259kini il\u0259 dolan\u0131r. May\u0131n ilk ong\u00fcnl\u00fcy\u00fcnd\u0259n etibar\u0259n pomidor y\u0131\u011f\u0131m\u0131na ba\u015flasa da, n\u0259 \u0259ld\u0259 etdiyi m\u0259hsul, n\u0259 d\u0259 bazar faktoru \u00e7\u0259kdiyi x\u0259rci, \u0259ziyy\u0259ti qar\u015f\u0131lay\u0131r.<\/p>\n\n\n\n<p>Dediyin\u0259 g\u00f6r\u0259, h\u0259r il rayonda xarici bazar faktoru \u00f6nc\u00fcl olsa da, bu il \u00e7ox z\u0259ifdir. Daxili bazarda is\u0259 qiym\u0259t h\u0259r g\u00fcn \u00fc\u00e7\u00fcn d\u0259llallar vasit\u0259si il\u0259 a\u015fa\u011f\u0131 sal\u0131n\u0131r.<\/p>\n\n\n<div class=\"wp-block-image\">\n<figure class=\"aligncenter size-large\"><img decoding=\"async\" width=\"1200\" height=\"675\" data-src=\"https:\/\/www.meydan.tv\/wp-content\/uploads\/img-20230522-wa0031-1200x675.jpg\" alt=\"\" class=\"wp-image-306478 lazyload\" src=\"data:image\/svg+xml;base64,PHN2ZyB3aWR0aD0iMSIgaGVpZ2h0PSIxIiB4bWxucz0iaHR0cDovL3d3dy53My5vcmcvMjAwMC9zdmciPjwvc3ZnPg==\" style=\"--smush-placeholder-width: 1200px; --smush-placeholder-aspect-ratio: 1200\/675;\" \/><\/figure>\n<\/div>\n\n\n<p>Daxili bazarda qiym\u0259t xarici bazardan 40-50 q\u0259pik \u00fcst\u00fcnd\u00fcr.<\/p>\n\n\n\n<p><em>&#8220;Yanvarda \u0259kdik ki, qaba\u011fa d\u00fc\u015f\u0259k. 4-5 d\u0259f\u0259 y\u0131\u011f\u0131b satd\u0131q. Ancaq \u00f6t\u0259n il mayda qiym\u0259t 2 manata yax\u0131n idi. \u0130ndi is\u0259 \u0259n yax\u015f\u0131 halda 1.40 &#8211; 1.50 q\u0259pik aras\u0131d\u0131r. B\u0259z\u0259n 10 q\u0259pik bel\u0259 d\u00fc\u015f\u00fcr. F\u0259hl\u0259sinin, q\u0131\u015f boyu yuxusuz gec\u0259l\u0259rin, 5-6 ma\u015f\u0131n odun pulunu, bir s\u00fcr\u00fc \u0259kin, bec\u0259rilm\u0259 x\u0259rcl\u0259rini hesablayanda 13-14 min x\u0259rc \u00e7\u0259kilib. \u00c7\u0259kil\u0259n x\u0259rcd\u0259n \u0259lav\u0259 h\u0259r birimiz\u0259 min&nbsp; manat qalsa sevin\u0259rik. Halbuki \u0259k\u0259nd\u0259 daha \u00e7ox m\u0259bl\u0259\u011f bar\u0259d\u0259 g\u00f6zl\u0259ntimiz vard\u0131. \u00c7\u00fcnki ya\u011f\u0131\u015flara g\u00f6r\u0259 m\u0259hsul gecikdi, ilk salx\u0131m \u00e7\u00fcr\u00fcd\u00fc, z\u0259hm\u0259t h\u0259d\u0259r getdi &#8220;, <\/em>&#8211; dey\u0259 \u0259kin\u00e7i bildirib.<\/p>\n\n\n\n<p><strong>&#8220;Qazanan d\u0259llal, uduzan k\u0259ndli&#8230;&#8221;<\/strong><\/p>\n\n\n\n<p>G\u00f6y\u00e7ay sakini Da\u015fq\u0131n \u018fliyev is\u0259 deyir ki, indiy\u0259 q\u0259d\u0259r 4 min \u015fitil \u0259kib. O d\u00fc\u015f\u00fcn\u00fcr ki, m\u0259hsuldarl\u0131q yax\u015f\u0131 olarsa, bankdan g\u00f6t\u00fcrd\u00fcy\u00fc 15 min manat kreditini d\u0259 \u00f6d\u0259y\u0259 bil\u0259r, amma havalar\u0131n ya\u011fmurlu ke\u00e7m\u0259si onu bir q\u0259d\u0259r \u00fcmidsizl\u0259\u015fdirir. \u00c7\u00fcnki m\u0259hsulun y\u0131\u011f\u0131m\u0131 ya\u011f\u0131nt\u0131lar s\u0259b\u0259bind\u0259n ge\u00e7ikir.<\/p>\n\n\n<div class=\"wp-block-image\">\n<figure class=\"aligncenter size-large\"><img decoding=\"async\" width=\"1200\" height=\"675\" data-src=\"https:\/\/www.meydan.tv\/wp-content\/uploads\/img-20230904-wa0112-1200x675.jpg\" alt=\"\" class=\"wp-image-306475 lazyload\" src=\"data:image\/svg+xml;base64,PHN2ZyB3aWR0aD0iMSIgaGVpZ2h0PSIxIiB4bWxucz0iaHR0cDovL3d3dy53My5vcmcvMjAwMC9zdmciPjwvc3ZnPg==\" style=\"--smush-placeholder-width: 1200px; --smush-placeholder-aspect-ratio: 1200\/675;\" \/><\/figure>\n<\/div>\n\n\n<p>Bundan ba\u015fqa, z\u0259if al\u0131c\u0131l\u0131\u011f\u0131 il\u0259 se\u00e7il\u0259n xarici bazar faktoru onu da narahat edir:<\/p>\n\n\n\n<p><em>&#8220;Rusiyaya \u0259n yax\u015f\u0131 halda sat\u0131\u015f 1 manatd\u0131r. Onu da nadir halda se\u00e7m\u0259 m\u0259hsul \u00fc\u00e7\u00fcn ist\u0259yirl\u0259r. \u00c7ox q\u0131rm\u0131z\u0131, iri m\u0259hsulu alm\u0131rlar. Halbuki \u00f6t\u0259n il Rusiya bazar\u0131na t\u0259l\u0259b vard\u0131. Qiym\u0259t d\u0259 1.70-1.80 q\u0259pik aras\u0131 idi. Daxili bazarda bu g\u00fcn \u00fc\u00e7\u00fcn qiym\u0259t 1.30-1.40 manatd\u0131r ki, \u0259vv\u0259l d\u0259 bundan 10 q\u0259pik baha sata bil\u0259nl\u0259r olub. \u0130ki g\u00fcn satm\u0131rsan m\u0259hsul 10-15 q\u0259pik d\u0259 a\u015fa\u011f\u0131 d\u00fc\u015f\u00fcr. Hava soyuqdur dey\u0259 m\u0259hsulu 15-20 g\u00fcn gec y\u0131\u011fd\u0131q. M\u0259n c\u0259mi iki d\u0259f\u0259 satm\u0131\u015fam. He\u00e7 1 ton olmay\u0131b. Halbuki may\u0131n ilk g\u00fcnl\u0259ri yeti\u015fm\u0259li idi&#8221;.<\/em><\/p>\n\n\n\n<p>&#8220;<em>Hava isti olmayanda m\u0259hsul gec yeti\u015fir, gec saral\u0131r. D\u0259llallar da k\u0259ndl\u0259r\u0259 toplan\u0131b h\u0259r g\u00fcn qiym\u0259ti sal\u0131r ki, xeyir onlara qals\u0131n. H\u0259tta t\u0259l\u0259b qoyurlar. D\u00fc\u015f\u00fcn\u00fcrl\u0259r ki, n\u0259 q\u0259d\u0259r ucuz alsalar, paytaxt bazar v\u0259 marketl\u0259rind\u0259 baha satarlar. Qazanan d\u0259llal, uduzan k\u0259ndli&#8221;, <\/em>&#8211; dey\u0259 o qeyd edib.<\/p>\n\n\n\n<p><strong>&#8220;\u018fn a\u015fa\u011f\u0131 sat\u0131\u015f qiym\u0259ti 2.50 q\u0259pik olmal\u0131d\u0131r&#8221;<\/strong><\/p>\n\n\n\n<p>K\u0259ndli Elnur K\u0259rimov da m\u0259hsulun bazarda ucuzlu\u011fundan narahat olanlardand\u0131r.<\/p>\n\n\n\n<p>O, m\u0259hsulun qiym\u0259tinin ucuz olmas\u0131n\u0131 h\u0259m d\u0259 Rusiyadan ba\u015fqa xarici bazar faktorunun olmamas\u0131 il\u0259 \u0259laq\u0259l\u0259ndirir.<\/p>\n\n\n<div class=\"wp-block-image\">\n<figure class=\"aligncenter size-large\"><img decoding=\"async\" width=\"1200\" height=\"675\" data-src=\"https:\/\/www.meydan.tv\/wp-content\/uploads\/img-20230522-wa0169-1200x675.jpg\" alt=\"\" class=\"wp-image-306490 lazyload\" src=\"data:image\/svg+xml;base64,PHN2ZyB3aWR0aD0iMSIgaGVpZ2h0PSIxIiB4bWxucz0iaHR0cDovL3d3dy53My5vcmcvMjAwMC9zdmciPjwvc3ZnPg==\" style=\"--smush-placeholder-width: 1200px; --smush-placeholder-aspect-ratio: 1200\/675;\" \/><\/figure>\n<\/div>\n\n\n<p>Onun s\u00f6zl\u0259rin\u0259 g\u00f6r\u0259, daxili bazarda is\u0259 monopoliya k\u0259ndlil\u0259rin m\u0259hsulunun ucuz qiym\u0259t\u0259 al\u0131nmas\u0131na s\u0259b\u0259b olur:<\/p>\n\n\n\n<p><em>&#8220;M\u0259hsulun 40 faizi h\u0259l\u0259 \u00e7\u0131xmay\u0131b. H\u0259l\u0259 ya\u011f\u0131\u015fdan \u0259vv\u0259l n\u0259 q\u0259d\u0259r m\u0259hsul \u00e7\u00fcr\u00fcm\u0259 x\u0259st\u0259liyin\u0259 yoluxub. Yeddi min \u015fitild\u0259n c\u0259mi 40 ye\u015fik m\u0259hsul satm\u0131\u015fam. O da bir manat 40 q\u0259pikd\u0259n. \u018fn yax\u015f\u0131 m\u0259hsul bu qiym\u0259t\u0259dir. Bak\u0131da bundan iki d\u0259f\u0259 bahad\u0131r. H\u0259tta b\u0259zi m\u0259hsullar 1 manata, 80-90 q\u0259piy\u0259 d\u0259 sat\u0131l\u0131r. Getdikc\u0259 d\u00fc\u015f\u0259c\u0259k, h\u0259tta qiym\u0259t 40-50 q\u0259pik olacaq. \u0130ld\u0259n il\u0259 sortlar d\u0259yi\u015fir v\u0259 m\u0259hsuldarl\u0131q da d\u0259yi\u015fir. Hibrid sortlar getdikc\u0259 s\u0259rf etmir, s\u00fcni m\u00fcdaxil\u0259 var. Halbuki indi v\u0259ziyy\u0259td\u0259n \u00e7\u0131xmaq v\u0259 borclar\u0131 \u00f6d\u0259m\u0259k \u00fc\u00e7\u00fcn qiym\u0259t \u0259n a\u015fa\u011f\u0131 2.50 q\u0259pik olmal\u0131d\u0131r&#8221;.<\/em><\/p>\n\n\n\n<p><strong>&#8220;K\u0259ndli \u0259ziyy\u0259t \u00e7\u0259kir, ancaq biz d\u0259 qazanmaq ist\u0259yirik&#8221;<\/strong><\/p>\n\n\n\n<p>K\u0259ndlil\u0259rd\u0259n m\u0259hsul al\u0131b bazara \u00e7\u0131xaran d\u0259llallar da bazar\u0131n \u015f\u0259rtl\u0259rind\u0259n as\u0131l\u0131 olduqlar\u0131n\u0131 deyirl\u0259r. Y\u0259ni onlar da iri m\u0259hsul alver\u00e7il\u0259rind\u0259n as\u0131l\u0131d\u0131rlar v\u0259 qoyulan t\u0259l\u0259b\u0259 uy\u011fun davran\u0131rlar.<\/p>\n\n\n\n<p>Dedikl\u0259rin\u0259 g\u00f6r\u0259, k\u0259ndli \u0259ziyy\u0259t \u00e7\u0259ks\u0259 d\u0259, qiym\u0259t&nbsp; xarici bazar\u0131n t\u0259l\u0259bl\u0259rin\u0259 uy\u011fun&nbsp; nizamlan\u0131r. Bu il soyuq hava \u015f\u0259raiti v\u0259 m\u0259hsullar\u0131n d\u0259rmanlanmas\u0131 xarici bazar faktorunu z\u0259ifl\u0259dib.<\/p>\n\n\n<div class=\"wp-block-image\">\n<figure class=\"aligncenter size-large\"><img decoding=\"async\" width=\"1200\" height=\"675\" data-src=\"https:\/\/www.meydan.tv\/wp-content\/uploads\/img-20230521-wa0041-1200x675.jpg\" alt=\"\" class=\"wp-image-306484 lazyload\" src=\"data:image\/svg+xml;base64,PHN2ZyB3aWR0aD0iMSIgaGVpZ2h0PSIxIiB4bWxucz0iaHR0cDovL3d3dy53My5vcmcvMjAwMC9zdmciPjwvc3ZnPg==\" style=\"--smush-placeholder-width: 1200px; --smush-placeholder-aspect-ratio: 1200\/675;\" \/><\/figure>\n<\/div>\n\n\n<p>M\u00fct\u0259madi m\u0259hsul ald\u0131\u011f\u0131ndan ad\u0131n\u0131n a\u00e7\u0131qlanmas\u0131n\u0131 ist\u0259m\u0259y\u0259n m\u0259hsul d\u0259llal\u0131 Meydan TV-y\u0259 deyir ki, onlar da qazanc \u00fc\u00e7\u00fcn qiym\u0259ti a\u015fa\u011f\u0131 salmaq m\u0259cburiyy\u0259tind\u0259dir:<\/p>\n\n\n\n<p>&#8220;<em>Biz maydan G\u00f6y\u00e7ay, A\u011fda\u015f bazar\u0131nda oluruq. K\u0259ndl\u0259rd\u0259n t\u0259dar\u00fck edirik. M\u0259hsul manat yar\u0131mdan qalxm\u0131r. Biz d\u0259llallar da bu 10, 20 q\u0259pik sal\u0131b topdan al\u0131b qabla\u015fd\u0131r\u0131b marketl\u0259r\u0259 1.80- 1.90\u00a0 q\u0259piy\u0259 t\u0259hvil veririk. Marketl\u0259r d\u0259 \u00f6z faizini\u00a0 qoyub sat\u0131r. B\u0259z\u0259n insafs\u0131zca, b\u0259z\u0259n az faiz qoyurlar. \u015e\u0259xs\u0259n \u0259n sonuncunu 1.85 q\u0259pikd\u0259n t\u0259hvil verdik. Rusiya-Ukrayna m\u00fcharib\u0259si pomidor bazar\u0131na iki ildir ki, m\u0259nfi t\u0259sir edir. H\u0259m\u00e7inin havalar\u0131n soyuq ke\u00e7m\u0259si h\u0259m m\u0259hsulun yeti\u015fm\u0259sini gecikdirdi,\u00a0 h\u0259m d\u0259 istehlak t\u0259l\u0259bat\u0131n\u0131 azaltd\u0131. \u0130kinci s\u0259b\u0259b b\u0259zi regionlarda pomidor d\u0259rmanlan\u0131b\u00a0 g\u00f6nd\u0259rildi. \u0130lk etapda g\u00f6mr\u00fckd\u0259 d\u0259 t\u0131xac yarand\u0131 dey\u0259 m\u0259hsul \u00e7ox gecikdi, d\u0259rmanlanm\u0131\u015f tonlarla m\u0259hsul\u00a0 ora \u00e7atanda art\u0131q xarab olurdu. M\u0259cbur olub mayas\u0131ndan a\u015fa\u011f\u0131 satd\u0131q&#8221;.<\/em><\/p>\n\n\n<div class=\"wp-block-image\">\n<figure class=\"aligncenter size-large\"><img decoding=\"async\" width=\"1200\" height=\"675\" data-src=\"https:\/\/www.meydan.tv\/wp-content\/uploads\/img-20230522-wa0023-1200x675.jpg\" alt=\"\" class=\"wp-image-306481 lazyload\" src=\"data:image\/svg+xml;base64,PHN2ZyB3aWR0aD0iMSIgaGVpZ2h0PSIxIiB4bWxucz0iaHR0cDovL3d3dy53My5vcmcvMjAwMC9zdmciPjwvc3ZnPg==\" style=\"--smush-placeholder-width: 1200px; --smush-placeholder-aspect-ratio: 1200\/675;\" \/><\/figure>\n<\/div>\n\n\n<p>&#8220;<em>K\u0259ndli \u0259ziyy\u0259t \u00e7\u0259kir, ancaq biz d\u0259 qazanmaq ist\u0259yirik. G\u00f6y\u00e7ayl\u0131lar bundan naraz\u0131d\u0131r, ancaq bizim d\u0259 qabla\u015fd\u0131rmaya, yola x\u0259rcimiz \u00e7\u0131x\u0131r. Rusiya da son ill\u0259r istixana\u00a0 \u0259kinini\u00a0 art\u0131r\u0131b. Bir \u00e7ox regionlar\u0131 bu i\u015fl\u0259 k\u00fctl\u0259vi m\u0259\u015f\u011ful olur, bu da pomidora t\u0259l\u0259bat\u0131 azald\u0131r&#8221; ,<\/em> &#8211; dey\u0259 o durumu izah etm\u0259y\u0259 \u00e7al\u0131\u015f\u0131r.<\/p>\n\n\n\n<p><strong>&#8220;Alternativ bazar olmay\u0131nca k\u0259ndlil\u0259r h\u0259mi\u015f\u0259 \u0259ziyy\u0259t \u00e7\u0259k\u0259c\u0259kl\u0259r&#8221;<\/strong><\/p>\n\n\n\n<p>G\u00f6y\u00e7ay\u0131n 15 k\u0259ndind\u0259 istixana \u0259kini apar\u0131lsa da, be\u015f k\u0259ndi k\u00fctl\u0259vi&nbsp; m\u0259\u015f\u011fuldur.<\/p>\n\n\n\n<p>Haz\u0131rda rayonda&nbsp; 6 mind\u0259n \u00e7ox istixana var ki, \u0259halinin 35-40 faizi bu t\u0259s\u0259rr\u00fcfatdan g\u0259l\u0259n g\u0259lirl\u0259&nbsp; dolan\u0131r.<\/p>\n\n\n\n<p>\u0130ll\u0259rdir ki, k\u0259ndlil\u0259ri \u015fitil il\u0259 t\u0259min ed\u0259n, bu sah\u0259d\u0259n qazanan \u015eahin Yaqubov da bu il v\u0259ziyy\u0259tin \u00e7\u0259tin oldu\u011funu deyir:<\/p>\n\n\n<div class=\"wp-block-image\">\n<figure class=\"aligncenter size-large\"><img decoding=\"async\" width=\"1095\" height=\"821\" data-src=\"https:\/\/www.meydan.tv\/wp-content\/uploads\/img-20240522-wa0035-1095x821.jpg\" alt=\"\" class=\"wp-image-306487 lazyload\" src=\"data:image\/svg+xml;base64,PHN2ZyB3aWR0aD0iMSIgaGVpZ2h0PSIxIiB4bWxucz0iaHR0cDovL3d3dy53My5vcmcvMjAwMC9zdmciPjwvc3ZnPg==\" style=\"--smush-placeholder-width: 1095px; --smush-placeholder-aspect-ratio: 1095\/821;\" \/><\/figure>\n<\/div>\n\n\n<p>&#8220;<em>Daxili bazar&nbsp; b\u00f6y\u00fck deyil v\u0259 bu bazarda k\u0259ndlinin diqt\u0259 etm\u0259si \u00e7\u0259tindir. K\u00f6hn\u0259 m\u0259hsulu is\u0259&nbsp; alan olmur. Bazar t\u0259l\u0259bi var. Daxili bazarda is\u0259 \u00f6t\u0259n ill\u0259r\u0259 nisb\u0259t\u0259n qiym\u0259tin normal getm\u0259si is\u0259 h\u0259l\u0259 m\u0259hsulun tam \u00e7\u0131xmamas\u0131 il\u0259 ba\u011fl\u0131d\u0131r. Bir azdan m\u0259hsul bol olacaq, daxili bazara da t\u0259l\u0259b olmayacaq. Xarici bazara rus rublunun da d\u0259y\u0259ri t\u0259sir edir. \u018fvv\u0259lki kimi o bazarda da qazanc yoxdur. K\u0259ndlil\u0259r alternativ bazar olmay\u0131nca h\u0259mi\u015f\u0259 \u0259ziyy\u0259t \u00e7\u0259k\u0259c\u0259kl\u0259r&#8221;.<\/em><\/p>\n\n\n\n<p><strong>&#8220;Avropa bazarlar\u0131na ixrac \u00fc\u00e7\u00fcn \u00e7al\u0131\u015f\u0131lmal\u0131d\u0131r&#8221;<\/strong><\/p>\n\n\n\n<p>\u0130qtisad\u00e7\u0131 ekspert Akif N\u0259sirli Meydan TV-y\u0259 deyir ki, Rusiya bazar\u0131 sanksiyalardan dolay\u0131 Az\u0259rbaycan\u0131n&nbsp; m\u0259hsul istehsal\u00e7\u0131lar\u0131 \u00fc\u00e7\u00fcn getdikc\u0259 aktuall\u0131\u011f\u0131n\u0131 itirir.<\/p>\n\n\n\n<p>\u00dcst\u0259lik, iki \u00f6lk\u0259 aras\u0131ndak\u0131 d\u0259miryolu da\u015f\u0131nmas\u0131n\u0131n dayand\u0131r\u0131lmas\u0131 x\u0259rcl\u0259ri art\u0131r\u0131r. Bu da m\u0259hsulun sat\u0131\u015f qiym\u0259tin\u0259 t\u0259sir g\u00f6st\u0259rir.<\/p>\n\n\n\n<p>Onun fikrinc\u0259, d\u00f6vl\u0259td\u0259n d\u0259st\u0259k g\u00f6rm\u0259y\u0259n k\u0259ndli \u00f6z\u00fc bazar tapmaqda maraql\u0131 olmal\u0131d\u0131r:<\/p>\n\n\n<div class=\"wp-block-image\">\n<figure class=\"alignleft size-full is-resized\"><img decoding=\"async\" width=\"1200\" height=\"673\" data-src=\"https:\/\/www.meydan.tv\/wp-content\/uploads\/akif_nesirli.jpg\" alt=\"\" class=\"wp-image-275224 lazyload\" style=\"--smush-placeholder-width: 1200px; --smush-placeholder-aspect-ratio: 1200\/673;width:411px;height:auto\" src=\"data:image\/svg+xml;base64,PHN2ZyB3aWR0aD0iMSIgaGVpZ2h0PSIxIiB4bWxucz0iaHR0cDovL3d3dy53My5vcmcvMjAwMC9zdmciPjwvc3ZnPg==\" \/><figcaption class=\"wp-element-caption\">Akif N\u0259sirli. Foto: &#8220;Telegraf.az&#8221;<\/figcaption><\/figure>\n<\/div>\n\n\n<p>&#8220;<em>Pomidor ixracat\u0131 avtomobil vasit\u0259sil\u0259 h\u0259yata ke\u00e7irilir ki, bu da\u015f\u0131nmada ciddi problem yarad\u0131r, maya d\u0259y\u0259rini, x\u0259rcini art\u0131r\u0131r. Bir ton pomidor avtomobill\u0259 150 dollara \u00e7atd\u0131r\u0131ld\u0131\u011f\u0131 halda, qatarla 20-25&nbsp; manata ba\u015fa g\u0259lir. \u00dcst\u0259lik, Az\u0259rbaycan pomidoru T\u00fcrkiy\u0259 il\u0259 m\u00fcqayis\u0259d\u0259&nbsp; o q\u0259d\u0259r d\u0259 keyfiyy\u0259tli deyil. Keyfiyy\u0259t bax\u0131m\u0131ndan da m\u0259hsul istehsal\u00e7\u0131lar\u0131 bazar\u0131 itirir. Art\u0131q Avropa bazarlar\u0131na ixrac \u00fc\u00e7\u00fcn \u00e7al\u0131\u015fmal\u0131d\u0131r&#8221;.<\/em><\/p>\n\n\n\n<p>&#8220;<em>Keyfiyy\u0259t&nbsp; standartlar\u0131na cavab verm\u0259si, orqanik olmas\u0131 da burada \u0259sas \u015f\u0259rtdir. Mineral g\u00fcbr\u0259 v\u0259 pestisidl\u0259rd\u0259n&nbsp; istifad\u0259 ehtiyaclar daxilind\u0259 edilm\u0259lidir. Y\u0259ni \u0259kin\u0259, m\u0259hsula verim qaydas\u0131&nbsp; maarifl\u0259ndirilm\u0259lidir. \u0130ndiki halda pomidor&nbsp; istehsal\u00e7\u0131lar\u0131 \u00f6zl\u0259ri \u00f6yr\u0259nm\u0259li, ara\u015fd\u0131rmal\u0131 v\u0259 normal yeti\u015fdirdiyi m\u0259hsula uy\u011fun bazar tapma\u011fa c\u0259hd etm\u0259lidir. Bunun \u00fc\u00e7\u00fcn istehsal\u00e7\u0131lara aqrar t\u0259s\u0259rr\u00fcfat birlikl\u0259ri m\u00fct\u0259madi k\u00f6m\u0259k etm\u0259lidir. \u00d6lk\u0259d\u0259 h\u00f6k\u00fcm\u0259tin uy\u011fun \u015f\u0259rait yaratmas\u0131&nbsp; v\u0259 d\u0259st\u0259yi d\u0259 qa\u00e7\u0131lmazd\u0131r&#8221;, &#8211;<\/em> dey\u0259 o qeyd edib.<\/p>\n\n\n\n<p><strong>\u00dcmumd\u00fcnya Ticar\u0259t T\u0259\u015fkilat\u0131na gecik\u0259n \u00fczvl\u00fck&#8230;<\/strong><\/p>\n\n\n\n<p>Ekspert deyir ki, Avropa&nbsp; bazarlar\u0131na \u00e7\u0131x\u0131\u015f \u00fc\u00e7\u00fcn Az\u0259rbaycan h\u0259m d\u0259 \u00dcmumd\u00fcnya Ticar\u0259t T\u0259\u015fkilat\u0131na \u00fczv olmal\u0131d\u0131r. Bu \u00fczvl\u00fcy\u0259 gecikm\u0259 m\u0259hsul istehsal\u00e7\u0131lar\u0131n\u0131 qazanc dividentind\u0259n m\u0259hrum edir:<\/p>\n\n\n<div class=\"wp-block-image\">\n<figure class=\"aligncenter size-large\"><img decoding=\"async\" width=\"1200\" height=\"675\" data-src=\"https:\/\/www.meydan.tv\/wp-content\/uploads\/img-20230522-wa0048-1200x675.jpg\" alt=\"\" class=\"wp-image-306497 lazyload\" src=\"data:image\/svg+xml;base64,PHN2ZyB3aWR0aD0iMSIgaGVpZ2h0PSIxIiB4bWxucz0iaHR0cDovL3d3dy53My5vcmcvMjAwMC9zdmciPjwvc3ZnPg==\" style=\"--smush-placeholder-width: 1200px; --smush-placeholder-aspect-ratio: 1200\/675;\" \/><\/figure>\n<\/div>\n\n\n<p>&#8220;<em>\u00dcmumd\u00fcnya Ticar\u0259t T\u0259\u015fkilat\u0131na qo\u015fulmaqda \u0259sas t\u0259l\u0259b \u00f6lk\u0259 daxilind\u0259 t\u0259s\u0259rr\u00fcfatlara subsidiya verilm\u0259m\u0259si \u015f\u0259rtidir. Bu bir t\u0259l\u0259bdir. Az\u0259rbaycan \u00fczv deyil, \u0259g\u0259r \u00fczv olarsa, Avropa \u00f6lk\u0259l\u0259rinin \u00fcmumi g\u00f6mr\u00fck b\u0259yannam\u0259sin\u0259 g\u00f6r\u0259 2.5 %-lik vergi dividentind\u0259n istifad\u0259 ed\u0259 bil\u0259c\u0259k. M\u0259hsul\u00a0 idxal ed\u0259nd\u0259 2.5 % g\u00f6mr\u00fck r\u00fcsumu \u00f6d\u0259y\u0259c\u0259k. M\u0259hsul istehsal\u00e7\u0131lar\u0131 da\u00a0 ist\u0259nil\u0259n Avropa bazar\u0131na m\u0259hsul\u00a0 ixrac ed\u0259 bil\u0259c\u0259k. \u018fslind\u0259, bu \u00fczvl\u00fck olmal\u0131d\u0131r. Bel\u0259 olanda h\u00f6kum\u0259t deyil, v\u0259t\u0259nda\u015flar, sahibkarl\u0131q subyektl\u0259ri qazanacaq. \u00d6lk\u0259d\u0259n m\u0259hsul istehsal ixrac ed\u0259nd\u0259 22 %-lik g\u00f6mr\u00fck r\u00fcsumu h\u0259yata ke\u00e7iril\u0259c\u0259k ki, bu da onlar \u00fc\u00e7\u00fcn dividentdir&#8221;.<\/em><\/p>\n\n\n\n<p><strong>&#8220;T\u0259k bazar diqt\u0259 t\u0259l\u0259b edir&#8221;<\/strong><\/p>\n\n\n\n<p>Daxili bazarda is\u0259 m\u0259hsul istehsal\u00e7\u0131lar\u0131n\u0131 m\u00f6ht\u0259kirl\u0259rd\u0259n xilas etm\u0259k&nbsp; \u00fc\u00e7\u00fcn h\u00f6k\u00fcm\u0259t bir bazardan as\u0131l\u0131l\u0131\u011f\u0131 aradan qald\u0131rmal\u0131, \u0259lav\u0259 topdan sat\u0131\u015f yerl\u0259ri formala\u015fd\u0131rmal\u0131d\u0131r:<\/p>\n\n\n<div class=\"wp-block-image\">\n<figure class=\"aligncenter size-large\"><img decoding=\"async\" width=\"1200\" height=\"675\" data-src=\"https:\/\/www.meydan.tv\/wp-content\/uploads\/img-20230904-wa0099-1200x675.jpg\" alt=\"\" class=\"wp-image-306500 lazyload\" src=\"data:image\/svg+xml;base64,PHN2ZyB3aWR0aD0iMSIgaGVpZ2h0PSIxIiB4bWxucz0iaHR0cDovL3d3dy53My5vcmcvMjAwMC9zdmciPjwvc3ZnPg==\" style=\"--smush-placeholder-width: 1200px; --smush-placeholder-aspect-ratio: 1200\/675;\" \/><\/figure>\n<\/div>\n\n\n<p>&#8220;<em>K\u0259ndlil\u0259rin m\u0259hsulunun iri \u015f\u0259h\u0259rl\u0259r\u0259 birba\u015fa \u00e7\u0131x\u0131\u015f\u0131na h\u00f6k\u00fcm\u0259t \u00f6z\u00fc k\u00f6m\u0259k etm\u0259lidir. &#8220;Meyv\u0259li&#8221; adl\u0131 bazara \u00e7ox miqdarda pul v\u0259 vaxt laz\u0131md\u0131r ki, k\u0259ndli orada m\u0259hsulunu g\u0259tirib sata bilsin. Yer pulu v\u0259 sat\u0131\u015f x\u0259rcl\u0259ri var. Bak\u0131 daxil, Ab\u015feronda&nbsp; t\u0259k bir bazar deyil, bir ne\u00e7\u0259 bel\u0259 bazar olmal\u0131d\u0131r. Bu bazarlara giri\u015f, sat\u0131\u015f rahat t\u0259\u015fkil olunmal\u0131d\u0131r. Bazar \u00e7ox olarsa sa\u011flam r\u0259qab\u0259t olar. Daha m\u00f6ht\u0259kirl\u0259rd\u0259n as\u0131l\u0131l\u0131q yaranmaz. T\u0259k bazar diqt\u0259 t\u0259l\u0259b edir.&nbsp; \u0130stehlak\u00e7\u0131lar istehsal\u00e7\u0131dan birba\u015fa alar. Qiym\u0259t d\u0259 bel\u0259 baha olmaz. K\u0259ndli yol&nbsp; v\u0259 qabla\u015fd\u0131rma x\u0259rci daxil&nbsp; m\u0259s\u0259l\u0259n iki manata m\u0259hsulunu paytaxt bazar\u0131nda sata bil\u0259r. Ancaq indi 2-3&nbsp; d\u0259f\u0259 baha sat\u0131l\u0131r, \u00e7\u00fcnki arada m\u00f6ht\u0259kirl\u0259r var. Topdansat\u0131\u015f yarmarkalar\u0131n olmas\u0131 qa\u00e7\u0131lmazd\u0131r. Bunun \u00fc\u00e7\u00fcn \u015f\u0259rait v\u0259 yer var. Sad\u0259c\u0259, maraql\u0131 olub&nbsp; t\u0259\u015fkil etm\u0259lidirl\u0259r&#8221;, &#8211;<\/em> dey\u0259 ekspert&nbsp; \u00e7\u0131x\u0131\u015f yolu kimi monopoliyan\u0131n l\u0259\u011fvini g\u00f6r\u00fcr.<\/p>\n","protected":false},"excerpt":{"rendered":"<p>Ekspert: &#8220;M\u0259hsul istehsal\u00e7\u0131lar\u0131 Avropa bazarlar\u0131na \u00e7\u0131xmal\u0131, t\u0259k bazar v\u0259 monopoliya &#8230; <\/p>\n<p class=\"read-more-container\"><a title=\"G\u00f6y\u00e7ayl\u0131lar\u0131 naraz\u0131 salan monopoliya, ucuz qiym\u0259t v\u0259 alternativ bazar\u0131n yoxlu\u011fu\" class=\"read-more button\" href=\"https:\/\/www.meydan.tv\/az\/article\/goycaylilari-narazi-salan-monopoliya-ucuz-qiymet-ve-alternativ-bazarin-yoxlugu\/#more-306496\" aria-label=\"Read more about G\u00f6y\u00e7ayl\u0131lar\u0131 naraz\u0131 salan monopoliya, ucuz qiym\u0259t v\u0259 alternativ bazar\u0131n yoxlu\u011fu\">Davam\u0131<\/a><\/p>\n","protected":false},"author":8,"featured_media":306493,"comment_status":"closed","ping_status":"closed","sticky":false,"template":"","format":"standard","meta":{"_acf_changed":false,"_sitemap_exclude":false,"_sitemap_priority":"","_sitemap_frequency":"","footnotes":""},"categories":[60,79,56],"tags":[],"class_list":["post-306496","post","type-post","status-publish","format-standard","has-post-thumbnail","hentry","category-bolge","category-featured","category-xeberler","infinite-scroll-item","generate-columns","tablet-grid-50","mobile-grid-100","grid-parent","grid-33","no-featured-image-padding"],"acf":[],"yoast_head":"<!-- This site is optimized with the Yoast SEO plugin v27.4 - https:\/\/yoast.com\/product\/yoast-seo-wordpress\/ -->\n<title>G\u00f6y\u00e7ayl\u0131lar\u0131 naraz\u0131 salan monopoliya, ucuz qiym\u0259t v\u0259 alternativ bazar\u0131n yoxlu\u011fu - MEYDAN.TV<\/title>\n<meta name=\"robots\" content=\"index, follow, max-snippet:-1, max-image-preview:large, max-video-preview:-1\" \/>\n<link rel=\"canonical\" href=\"https:\/\/www.meydan.tv\/az\/article\/goycaylilari-narazi-salan-monopoliya-ucuz-qiymet-ve-alternativ-bazarin-yoxlugu\/\" \/>\n<meta property=\"og:locale\" content=\"az_AZ\" \/>\n<meta property=\"og:type\" content=\"article\" \/>\n<meta property=\"og:title\" content=\"G\u00f6y\u00e7ayl\u0131lar\u0131 naraz\u0131 salan monopoliya, ucuz qiym\u0259t v\u0259 alternativ bazar\u0131n yoxlu\u011fu - MEYDAN.TV\" \/>\n<meta property=\"og:description\" content=\"Ekspert: &#8220;M\u0259hsul istehsal\u00e7\u0131lar\u0131 Avropa bazarlar\u0131na \u00e7\u0131xmal\u0131, t\u0259k bazar v\u0259 monopoliya ... Davam\u0131\" \/>\n<meta property=\"og:url\" content=\"https:\/\/www.meydan.tv\/az\/article\/goycaylilari-narazi-salan-monopoliya-ucuz-qiymet-ve-alternativ-bazarin-yoxlugu\/\" \/>\n<meta property=\"og:site_name\" content=\"MEYDAN.TV\" \/>\n<meta property=\"article:published_time\" content=\"2024-05-23T11:53:39+00:00\" \/>\n<meta property=\"article:modified_time\" content=\"2024-05-23T11:54:48+00:00\" \/>\n<meta property=\"og:image\" content=\"https:\/\/www.meydan.tv\/wp-content\/uploads\/img-20230904-wa0096.jpg\" \/>\n\t<meta property=\"og:image:width\" content=\"1280\" \/>\n\t<meta property=\"og:image:height\" content=\"720\" \/>\n\t<meta property=\"og:image:type\" content=\"image\/jpeg\" \/>\n<meta name=\"author\" content=\"elli\" \/>\n<meta name=\"twitter:card\" content=\"summary_large_image\" \/>\n<meta name=\"twitter:creator\" content=\"@elli\" \/>\n<script type=\"application\/ld+json\" class=\"yoast-schema-graph\">{\"@context\":\"https:\\\/\\\/schema.org\",\"@graph\":[{\"@type\":\"Article\",\"@id\":\"https:\\\/\\\/www.meydan.tv\\\/az\\\/article\\\/goycaylilari-narazi-salan-monopoliya-ucuz-qiymet-ve-alternativ-bazarin-yoxlugu\\\/#article\",\"isPartOf\":{\"@id\":\"https:\\\/\\\/www.meydan.tv\\\/az\\\/article\\\/goycaylilari-narazi-salan-monopoliya-ucuz-qiymet-ve-alternativ-bazarin-yoxlugu\\\/\"},\"author\":{\"name\":\"elli\",\"@id\":\"https:\\\/\\\/www.meydan.tv\\\/az\\\/#\\\/schema\\\/person\\\/9cdbecf90d17180ce1dfbd95b08dcf47\"},\"headline\":\"G\u00f6y\u00e7ayl\u0131lar\u0131 naraz\u0131 salan monopoliya, ucuz qiym\u0259t v\u0259 alternativ bazar\u0131n yoxlu\u011fu\",\"datePublished\":\"2024-05-23T11:53:39+00:00\",\"dateModified\":\"2024-05-23T11:54:48+00:00\",\"mainEntityOfPage\":{\"@id\":\"https:\\\/\\\/www.meydan.tv\\\/az\\\/article\\\/goycaylilari-narazi-salan-monopoliya-ucuz-qiymet-ve-alternativ-bazarin-yoxlugu\\\/\"},\"wordCount\":2132,\"publisher\":{\"@id\":\"https:\\\/\\\/www.meydan.tv\\\/az\\\/#organization\"},\"image\":{\"@id\":\"https:\\\/\\\/www.meydan.tv\\\/az\\\/article\\\/goycaylilari-narazi-salan-monopoliya-ucuz-qiymet-ve-alternativ-bazarin-yoxlugu\\\/#primaryimage\"},\"thumbnailUrl\":\"https:\\\/\\\/www.meydan.tv\\\/wp-content\\\/uploads\\\/img-20230904-wa0096.jpg\",\"articleSection\":[\"B\u00f6lg\u0259\",\"T\u00f6vsiy\u0259\",\"X\u0259b\u0259rl\u0259r\"],\"inLanguage\":\"az\"},{\"@type\":\"WebPage\",\"@id\":\"https:\\\/\\\/www.meydan.tv\\\/az\\\/article\\\/goycaylilari-narazi-salan-monopoliya-ucuz-qiymet-ve-alternativ-bazarin-yoxlugu\\\/\",\"url\":\"https:\\\/\\\/www.meydan.tv\\\/az\\\/article\\\/goycaylilari-narazi-salan-monopoliya-ucuz-qiymet-ve-alternativ-bazarin-yoxlugu\\\/\",\"name\":\"G\u00f6y\u00e7ayl\u0131lar\u0131 naraz\u0131 salan monopoliya, ucuz qiym\u0259t v\u0259 alternativ bazar\u0131n yoxlu\u011fu - MEYDAN.TV\",\"isPartOf\":{\"@id\":\"https:\\\/\\\/www.meydan.tv\\\/az\\\/#website\"},\"primaryImageOfPage\":{\"@id\":\"https:\\\/\\\/www.meydan.tv\\\/az\\\/article\\\/goycaylilari-narazi-salan-monopoliya-ucuz-qiymet-ve-alternativ-bazarin-yoxlugu\\\/#primaryimage\"},\"image\":{\"@id\":\"https:\\\/\\\/www.meydan.tv\\\/az\\\/article\\\/goycaylilari-narazi-salan-monopoliya-ucuz-qiymet-ve-alternativ-bazarin-yoxlugu\\\/#primaryimage\"},\"thumbnailUrl\":\"https:\\\/\\\/www.meydan.tv\\\/wp-content\\\/uploads\\\/img-20230904-wa0096.jpg\",\"datePublished\":\"2024-05-23T11:53:39+00:00\",\"dateModified\":\"2024-05-23T11:54:48+00:00\",\"breadcrumb\":{\"@id\":\"https:\\\/\\\/www.meydan.tv\\\/az\\\/article\\\/goycaylilari-narazi-salan-monopoliya-ucuz-qiymet-ve-alternativ-bazarin-yoxlugu\\\/#breadcrumb\"},\"inLanguage\":\"az\",\"potentialAction\":[{\"@type\":\"ReadAction\",\"target\":[\"https:\\\/\\\/www.meydan.tv\\\/az\\\/article\\\/goycaylilari-narazi-salan-monopoliya-ucuz-qiymet-ve-alternativ-bazarin-yoxlugu\\\/\"]}]},{\"@type\":\"ImageObject\",\"inLanguage\":\"az\",\"@id\":\"https:\\\/\\\/www.meydan.tv\\\/az\\\/article\\\/goycaylilari-narazi-salan-monopoliya-ucuz-qiymet-ve-alternativ-bazarin-yoxlugu\\\/#primaryimage\",\"url\":\"https:\\\/\\\/www.meydan.tv\\\/wp-content\\\/uploads\\\/img-20230904-wa0096.jpg\",\"contentUrl\":\"https:\\\/\\\/www.meydan.tv\\\/wp-content\\\/uploads\\\/img-20230904-wa0096.jpg\",\"width\":1280,\"height\":720,\"caption\":\"Fotolar: Meydan TV\"},{\"@type\":\"BreadcrumbList\",\"@id\":\"https:\\\/\\\/www.meydan.tv\\\/az\\\/article\\\/goycaylilari-narazi-salan-monopoliya-ucuz-qiymet-ve-alternativ-bazarin-yoxlugu\\\/#breadcrumb\",\"itemListElement\":[{\"@type\":\"ListItem\",\"position\":1,\"name\":\"Ana s\u0259hif\u0259\",\"item\":\"https:\\\/\\\/www.meydan.tv\\\/az\\\/\"},{\"@type\":\"ListItem\",\"position\":2,\"name\":\"B\u00f6lg\u0259\",\"item\":\"https:\\\/\\\/www.meydan.tv\\\/az\\\/section\\\/bolge\\\/\"},{\"@type\":\"ListItem\",\"position\":3,\"name\":\"G\u00f6y\u00e7ayl\u0131lar\u0131 naraz\u0131 salan monopoliya, ucuz qiym\u0259t v\u0259 alternativ bazar\u0131n yoxlu\u011fu\"}]},{\"@type\":\"WebSite\",\"@id\":\"https:\\\/\\\/www.meydan.tv\\\/az\\\/#website\",\"url\":\"https:\\\/\\\/www.meydan.tv\\\/az\\\/\",\"name\":\"MEYDAN.TV\",\"description\":\"Meydan TV Az\u0259rbaycan\u0131n media m\u0259kan\u0131ndak\u0131 alternativ s\u0259sidir\",\"publisher\":{\"@id\":\"https:\\\/\\\/www.meydan.tv\\\/az\\\/#organization\"},\"potentialAction\":[{\"@type\":\"SearchAction\",\"target\":{\"@type\":\"EntryPoint\",\"urlTemplate\":\"https:\\\/\\\/www.meydan.tv\\\/az\\\/?s={search_term_string}\"},\"query-input\":{\"@type\":\"PropertyValueSpecification\",\"valueRequired\":true,\"valueName\":\"search_term_string\"}}],\"inLanguage\":\"az\"},{\"@type\":\"Organization\",\"@id\":\"https:\\\/\\\/www.meydan.tv\\\/az\\\/#organization\",\"name\":\"Meydan TV\",\"url\":\"https:\\\/\\\/www.meydan.tv\\\/az\\\/\",\"logo\":{\"@type\":\"ImageObject\",\"inLanguage\":\"az\",\"@id\":\"https:\\\/\\\/www.meydan.tv\\\/az\\\/#\\\/schema\\\/logo\\\/image\\\/\",\"url\":\"https:\\\/\\\/www.meydan.tv\\\/wp-content\\\/uploads\\\/2021\\\/07\\\/meydan-logo.svg\",\"contentUrl\":\"https:\\\/\\\/www.meydan.tv\\\/wp-content\\\/uploads\\\/2021\\\/07\\\/meydan-logo.svg\",\"width\":195,\"height\":46,\"caption\":\"Meydan TV\"},\"image\":{\"@id\":\"https:\\\/\\\/www.meydan.tv\\\/az\\\/#\\\/schema\\\/logo\\\/image\\\/\"}},{\"@type\":\"Person\",\"@id\":\"https:\\\/\\\/www.meydan.tv\\\/az\\\/#\\\/schema\\\/person\\\/9cdbecf90d17180ce1dfbd95b08dcf47\",\"name\":\"elli\",\"sameAs\":[\"https:\\\/\\\/x.com\\\/elli\"]}]}<\/script>\n<!-- \/ Yoast SEO plugin. -->","yoast_head_json":{"title":"G\u00f6y\u00e7ayl\u0131lar\u0131 naraz\u0131 salan monopoliya, ucuz qiym\u0259t v\u0259 alternativ bazar\u0131n yoxlu\u011fu - MEYDAN.TV","robots":{"index":"index","follow":"follow","max-snippet":"max-snippet:-1","max-image-preview":"max-image-preview:large","max-video-preview":"max-video-preview:-1"},"canonical":"https:\/\/www.meydan.tv\/az\/article\/goycaylilari-narazi-salan-monopoliya-ucuz-qiymet-ve-alternativ-bazarin-yoxlugu\/","og_locale":"az_AZ","og_type":"article","og_title":"G\u00f6y\u00e7ayl\u0131lar\u0131 naraz\u0131 salan monopoliya, ucuz qiym\u0259t v\u0259 alternativ bazar\u0131n yoxlu\u011fu - MEYDAN.TV","og_description":"Ekspert: &#8220;M\u0259hsul istehsal\u00e7\u0131lar\u0131 Avropa bazarlar\u0131na \u00e7\u0131xmal\u0131, t\u0259k bazar v\u0259 monopoliya ... Davam\u0131","og_url":"https:\/\/www.meydan.tv\/az\/article\/goycaylilari-narazi-salan-monopoliya-ucuz-qiymet-ve-alternativ-bazarin-yoxlugu\/","og_site_name":"MEYDAN.TV","article_published_time":"2024-05-23T11:53:39+00:00","article_modified_time":"2024-05-23T11:54:48+00:00","og_image":[{"width":1280,"height":720,"url":"https:\/\/www.meydan.tv\/wp-content\/uploads\/img-20230904-wa0096.jpg","type":"image\/jpeg"}],"author":"elli","twitter_card":"summary_large_image","twitter_creator":"@elli","schema":{"@context":"https:\/\/schema.org","@graph":[{"@type":"Article","@id":"https:\/\/www.meydan.tv\/az\/article\/goycaylilari-narazi-salan-monopoliya-ucuz-qiymet-ve-alternativ-bazarin-yoxlugu\/#article","isPartOf":{"@id":"https:\/\/www.meydan.tv\/az\/article\/goycaylilari-narazi-salan-monopoliya-ucuz-qiymet-ve-alternativ-bazarin-yoxlugu\/"},"author":{"name":"elli","@id":"https:\/\/www.meydan.tv\/az\/#\/schema\/person\/9cdbecf90d17180ce1dfbd95b08dcf47"},"headline":"G\u00f6y\u00e7ayl\u0131lar\u0131 naraz\u0131 salan monopoliya, ucuz qiym\u0259t v\u0259 alternativ bazar\u0131n yoxlu\u011fu","datePublished":"2024-05-23T11:53:39+00:00","dateModified":"2024-05-23T11:54:48+00:00","mainEntityOfPage":{"@id":"https:\/\/www.meydan.tv\/az\/article\/goycaylilari-narazi-salan-monopoliya-ucuz-qiymet-ve-alternativ-bazarin-yoxlugu\/"},"wordCount":2132,"publisher":{"@id":"https:\/\/www.meydan.tv\/az\/#organization"},"image":{"@id":"https:\/\/www.meydan.tv\/az\/article\/goycaylilari-narazi-salan-monopoliya-ucuz-qiymet-ve-alternativ-bazarin-yoxlugu\/#primaryimage"},"thumbnailUrl":"https:\/\/www.meydan.tv\/wp-content\/uploads\/img-20230904-wa0096.jpg","articleSection":["B\u00f6lg\u0259","T\u00f6vsiy\u0259","X\u0259b\u0259rl\u0259r"],"inLanguage":"az"},{"@type":"WebPage","@id":"https:\/\/www.meydan.tv\/az\/article\/goycaylilari-narazi-salan-monopoliya-ucuz-qiymet-ve-alternativ-bazarin-yoxlugu\/","url":"https:\/\/www.meydan.tv\/az\/article\/goycaylilari-narazi-salan-monopoliya-ucuz-qiymet-ve-alternativ-bazarin-yoxlugu\/","name":"G\u00f6y\u00e7ayl\u0131lar\u0131 naraz\u0131 salan monopoliya, ucuz qiym\u0259t v\u0259 alternativ bazar\u0131n yoxlu\u011fu - MEYDAN.TV","isPartOf":{"@id":"https:\/\/www.meydan.tv\/az\/#website"},"primaryImageOfPage":{"@id":"https:\/\/www.meydan.tv\/az\/article\/goycaylilari-narazi-salan-monopoliya-ucuz-qiymet-ve-alternativ-bazarin-yoxlugu\/#primaryimage"},"image":{"@id":"https:\/\/www.meydan.tv\/az\/article\/goycaylilari-narazi-salan-monopoliya-ucuz-qiymet-ve-alternativ-bazarin-yoxlugu\/#primaryimage"},"thumbnailUrl":"https:\/\/www.meydan.tv\/wp-content\/uploads\/img-20230904-wa0096.jpg","datePublished":"2024-05-23T11:53:39+00:00","dateModified":"2024-05-23T11:54:48+00:00","breadcrumb":{"@id":"https:\/\/www.meydan.tv\/az\/article\/goycaylilari-narazi-salan-monopoliya-ucuz-qiymet-ve-alternativ-bazarin-yoxlugu\/#breadcrumb"},"inLanguage":"az","potentialAction":[{"@type":"ReadAction","target":["https:\/\/www.meydan.tv\/az\/article\/goycaylilari-narazi-salan-monopoliya-ucuz-qiymet-ve-alternativ-bazarin-yoxlugu\/"]}]},{"@type":"ImageObject","inLanguage":"az","@id":"https:\/\/www.meydan.tv\/az\/article\/goycaylilari-narazi-salan-monopoliya-ucuz-qiymet-ve-alternativ-bazarin-yoxlugu\/#primaryimage","url":"https:\/\/www.meydan.tv\/wp-content\/uploads\/img-20230904-wa0096.jpg","contentUrl":"https:\/\/www.meydan.tv\/wp-content\/uploads\/img-20230904-wa0096.jpg","width":1280,"height":720,"caption":"Fotolar: Meydan TV"},{"@type":"BreadcrumbList","@id":"https:\/\/www.meydan.tv\/az\/article\/goycaylilari-narazi-salan-monopoliya-ucuz-qiymet-ve-alternativ-bazarin-yoxlugu\/#breadcrumb","itemListElement":[{"@type":"ListItem","position":1,"name":"Ana s\u0259hif\u0259","item":"https:\/\/www.meydan.tv\/az\/"},{"@type":"ListItem","position":2,"name":"B\u00f6lg\u0259","item":"https:\/\/www.meydan.tv\/az\/section\/bolge\/"},{"@type":"ListItem","position":3,"name":"G\u00f6y\u00e7ayl\u0131lar\u0131 naraz\u0131 salan monopoliya, ucuz qiym\u0259t v\u0259 alternativ bazar\u0131n yoxlu\u011fu"}]},{"@type":"WebSite","@id":"https:\/\/www.meydan.tv\/az\/#website","url":"https:\/\/www.meydan.tv\/az\/","name":"MEYDAN.TV","description":"Meydan TV Az\u0259rbaycan\u0131n media m\u0259kan\u0131ndak\u0131 alternativ s\u0259sidir","publisher":{"@id":"https:\/\/www.meydan.tv\/az\/#organization"},"potentialAction":[{"@type":"SearchAction","target":{"@type":"EntryPoint","urlTemplate":"https:\/\/www.meydan.tv\/az\/?s={search_term_string}"},"query-input":{"@type":"PropertyValueSpecification","valueRequired":true,"valueName":"search_term_string"}}],"inLanguage":"az"},{"@type":"Organization","@id":"https:\/\/www.meydan.tv\/az\/#organization","name":"Meydan TV","url":"https:\/\/www.meydan.tv\/az\/","logo":{"@type":"ImageObject","inLanguage":"az","@id":"https:\/\/www.meydan.tv\/az\/#\/schema\/logo\/image\/","url":"https:\/\/www.meydan.tv\/wp-content\/uploads\/2021\/07\/meydan-logo.svg","contentUrl":"https:\/\/www.meydan.tv\/wp-content\/uploads\/2021\/07\/meydan-logo.svg","width":195,"height":46,"caption":"Meydan TV"},"image":{"@id":"https:\/\/www.meydan.tv\/az\/#\/schema\/logo\/image\/"}},{"@type":"Person","@id":"https:\/\/www.meydan.tv\/az\/#\/schema\/person\/9cdbecf90d17180ce1dfbd95b08dcf47","name":"elli","sameAs":["https:\/\/x.com\/elli"]}]}},"_links":{"self":[{"href":"https:\/\/www.meydan.tv\/az\/wp-json\/wp\/v2\/posts\/306496","targetHints":{"allow":["GET"]}}],"collection":[{"href":"https:\/\/www.meydan.tv\/az\/wp-json\/wp\/v2\/posts"}],"about":[{"href":"https:\/\/www.meydan.tv\/az\/wp-json\/wp\/v2\/types\/post"}],"author":[{"embeddable":true,"href":"https:\/\/www.meydan.tv\/az\/wp-json\/wp\/v2\/users\/8"}],"replies":[{"embeddable":true,"href":"https:\/\/www.meydan.tv\/az\/wp-json\/wp\/v2\/comments?post=306496"}],"version-history":[{"count":3,"href":"https:\/\/www.meydan.tv\/az\/wp-json\/wp\/v2\/posts\/306496\/revisions"}],"predecessor-version":[{"id":306504,"href":"https:\/\/www.meydan.tv\/az\/wp-json\/wp\/v2\/posts\/306496\/revisions\/306504"}],"wp:featuredmedia":[{"embeddable":true,"href":"https:\/\/www.meydan.tv\/az\/wp-json\/wp\/v2\/media\/306493"}],"wp:attachment":[{"href":"https:\/\/www.meydan.tv\/az\/wp-json\/wp\/v2\/media?parent=306496"}],"wp:term":[{"taxonomy":"category","embeddable":true,"href":"https:\/\/www.meydan.tv\/az\/wp-json\/wp\/v2\/categories?post=306496"},{"taxonomy":"post_tag","embeddable":true,"href":"https:\/\/www.meydan.tv\/az\/wp-json\/wp\/v2\/tags?post=306496"}],"curies":[{"name":"wp","href":"https:\/\/api.w.org\/{rel}","templated":true}]}}