{"id":306441,"date":"2024-05-23T14:16:03","date_gmt":"2024-05-23T10:16:03","guid":{"rendered":"https:\/\/www.meydan.tv\/?p=306441"},"modified":"2024-05-23T14:16:09","modified_gmt":"2024-05-23T10:16:09","slug":"gence-heyder-eliyev-prospektindeki-ustu-bezek-bina","status":"publish","type":"post","link":"https:\/\/www.meydan.tv\/az\/article\/gence-heyder-eliyev-prospektindeki-ustu-bezek-bina\/","title":{"rendered":"G\u0259nc\u0259: Heyd\u0259r \u018fliyev prospektind\u0259ki \u201c\u00fcst\u00fc b\u0259z\u0259k\u201d bina"},"content":{"rendered":"\n<p><\/p>\n\n\n\n<p><strong><em>Sakinl\u0259r deyir ki, Prezident g\u0259l\u0259nd\u0259 g\u00f6rm\u0259sin dey\u0259 binan\u0131n bay\u0131r hiss\u0259sini b\u0259z\u0259yibl\u0259r<\/em><\/strong><\/p>\n\n\n\n<p><em>\u201cYa\u015fad\u0131\u011f\u0131m\u0131z bina t\u0259xmin\u0259n 70 il \u0259vv\u0259l istifad\u0259y\u0259 verilib. \u0130stismar m\u00fcdd\u0259ti \u00e7oxdan ba\u015fa \u00e7at\u0131b. Kanalizasiya x\u0259tl\u0259ri \u00e7\u00fcr\u00fck, \u0259razisi is\u0259 bax\u0131ms\u0131zd\u0131r. M\u00fcraci\u0259t etdiyimiz qurumlar da m\u0259suliyy\u0259ti bir-birinin \u00fcz\u0259rin\u0259 at\u0131r\u201d<\/em>.<\/p>\n\n\n\n<p>Bunu Meydan TV-y\u0259 G\u0259nc\u0259 \u015f\u0259h\u0259ri, Nizami rayonu, Heyd\u0259r \u018fliyev prospektind\u0259ki 56 sayl\u0131 binan\u0131n sakinl\u0259ri deyir. \u00c7oxillik bina 4 blokdan ibar\u0259tdir. Binada t\u0259qrib\u0259n 50 ail\u0259 ya\u015fay\u0131r.<\/p>\n\n\n\n<p><strong>\u201c\u00dczl\u00fcy\u0259 kibrit vursan, al\u0131\u015far\u201d<\/strong><\/p>\n\n\n\n<p>Bina sakini R\u0259van\u0259 \u018fliyeva deyir ki, binada yaln\u0131z bir d\u0259f\u0259 dam \u00f6rt\u00fcy\u00fcnd\u0259 t\u0259mir i\u015fi apar\u0131l\u0131b. Bir d\u0259 ill\u0259r \u0259vv\u0259l binan\u0131n Heyd\u0259r \u018fliyev prospektin\u0259 baxan t\u0259r\u0259fi tezal\u0131\u015fan penoplastla \u00fczl\u0259nib:<\/p>\n\n\n\n<p><em>\u201cO vaxt guya abadla\u015fd\u0131rma i\u015fl\u0259ri apar\u0131l\u0131rd\u0131, g\u0259lib binan\u0131n dam \u00f6rt\u00fcy\u00fcn\u00fc ortabab t\u0259mir el\u0259dil\u0259r, m\u0259qs\u0259d he\u00e7 d\u0259 sakinl\u0259rin rahatl\u0131\u011f\u0131 deyildi. Sad\u0259c\u0259 olaraq, binan\u0131n bir t\u0259r\u0259fi Heyd\u0259r \u018fliyev prospektin\u0259 bax\u0131r, guya bunlar abadl\u0131q i\u015fl\u0259ri g\u00f6r\u00fcrl\u0259r. O vaxt prospekt\u0259 t\u0259r\u0259f baxan hiss\u0259ni penoplast materialla \u00fczl\u0259dil\u0259r. O \u00fczl\u00fcy\u00fcn s\u00f6k\u00fclm\u0259si \u00fc\u00e7\u00fcn m\u00fcraci\u0259t etm\u0259diyimiz yer qalmay\u0131b. B\u0259zi hiss\u0259l\u0259ri \u00f6z-\u00f6z\u00fcn\u0259 s\u00f6k\u00fcl\u00fcb, t\u00f6k\u00fcl\u00fcb. O hiss\u0259l\u0259r\u0259 d\u0259 g\u0259tirib r\u0259ng \u00e7\u0259kibl\u0259r. Bu \u00fczl\u00fck insan h\u0259yat\u0131 \u00fc\u00e7\u00fcn t\u0259hl\u00fck\u0259lidir, Allah el\u0259m\u0259mi\u015f, kibrit vursan, al\u0131\u015far\u201d<\/em>.<\/p>\n\n\n\n<p><strong>\u201cKanalizasiya x\u0259tl\u0259ri \u00e7\u00fcr\u00fcy\u00fcb\u201d<\/strong><\/p>\n\n\n<div class=\"wp-block-image\">\n<figure class=\"alignleft size-large\"><img decoding=\"async\" width=\"462\" height=\"821\" data-src=\"https:\/\/www.meydan.tv\/wp-content\/uploads\/photo-2024-05-21-14-10-36-1-462x821.jpg\" alt=\"\" class=\"wp-image-306442 lazyload\" src=\"data:image\/svg+xml;base64,PHN2ZyB3aWR0aD0iMSIgaGVpZ2h0PSIxIiB4bWxucz0iaHR0cDovL3d3dy53My5vcmcvMjAwMC9zdmciPjwvc3ZnPg==\" style=\"--smush-placeholder-width: 462px; --smush-placeholder-aspect-ratio: 462\/821;\" \/><\/figure>\n<\/div>\n\n\n<p>Sakin Afaq H\u0259s\u0259novan\u0131 narahat ed\u0259ns\u0259 binadak\u0131 kommunikasiya x\u0259tl\u0259ridir. Deyir, kanalizasiya x\u0259tl\u0259ri 70 ild\u0259 birc\u0259 d\u0259f\u0259 d\u0259 \u0259sasl\u0131 t\u0259mir olunmay\u0131b. Bu s\u0259b\u0259bd\u0259n d\u0259 m\u0259nzill\u0259rin tualetl\u0259rind\u0259 tez-tez \u00e7irkab sular dolub-da\u015f\u0131r: <\/p>\n\n\n\n<p><em>\u201cH\u0259tta b\u0259z\u0259n \u00e7irkab sular a\u015fa\u011f\u0131 m\u0259rt\u0259b\u0259l\u0259rd\u0259ki qon\u015fu m\u0259nzill\u0259r\u0259 d\u0259 s\u00fcz\u00fcl\u00fcr. Bezmi\u015fik\u201d<\/em>.<\/p>\n\n\n\n<p>Sakin Kamil Qas\u0131movsa bloklardan v\u0259 binan\u0131n h\u0259y\u0259tyan\u0131 sah\u0259sind\u0259n dan\u0131\u015f\u0131r. Onun s\u00f6zl\u0259rin\u0259 g\u00f6r\u0259, h\u0259y\u0259tyan\u0131 \u0259razid\u0259 indiy\u0259d\u0259k h\u0259r hans\u0131 t\u0259mizlik, abadl\u0131q i\u015fl\u0259ri g\u00f6r\u00fclm\u0259yib:<\/p>\n\n\n\n<p><em>\u201cSovet vaxt\u0131 \u00e7\u0259kilmi\u015f asfalt \u00f6rt\u00fcy\u00fcn\u00fc ill\u0259rin ya\u011fan ya\u011f\u0131\u015f\u0131 \u00e7oxdan yuyub apar\u0131b. H\u0259y\u0259td\u0259 yer var, ancaq u\u015faqlar \u00fc\u00e7\u00fcn bir meydan\u00e7a d\u00fcz\u0259ltmirl\u0259r. Bloklara giri\u015fl\u0259r pis v\u0259ziyy\u0259td\u0259dir. \u00d6z\u00fcm\u00fczd\u0259 d\u0259 imkan yoxdur ki, \u0259l g\u0259zdir\u0259k\u201d<\/em>.<\/p>\n\n\n\n<p>Sakinl\u0259r deyir, qon\u015fuluqdak\u0131 57 sayl\u0131 bina da eyni v\u0259ziyy\u0259td\u0259dir.<\/p>\n\n\n\n<p><\/p>\n\n\n\n<p><strong>Qurum: \u201cPis g\u00f6r\u00fcnm\u0259sin dey\u0259, al\u00e7ipanla \u00f6rtd\u00fck\u201d<\/strong><\/p>\n\n\n\n<p>Aprelin 9-da Prezident \u0130lham \u018fliyev G\u0259nc\u0259y\u0259 s\u0259f\u0259r ed\u0259nd\u0259 bu binalar\u0131n qar\u015f\u0131s\u0131ndan \u00f6t\u00fcb ke\u00e7ib. Sakinl\u0259r deyir, \u00e7ox arzulay\u0131blar ki, Prezident ma\u015f\u0131ndan d\u00fc\u015f\u00fcb binan\u0131n \u00fczl\u00fcy\u00fc il\u0259 maraqlans\u0131n:<\/p>\n\n\n\n<p><em>\u201cPrezidentin s\u0259f\u0259rin\u0259 \u00fc\u00e7 g\u00fcn qalm\u0131\u015f icra hakimiyy\u0259ti f\u0259hl\u0259l\u0259ri t\u00f6kd\u00fc prospektd\u0259ki binalar\u0131n qar\u015f\u0131s\u0131na, penoplastlar\u0131n \u00e7\u00fcr\u00fcm\u00fc\u015f hiss\u0259l\u0259rini qa\u015f\u0131y\u0131b yerin\u0259 al\u00e7ipan vurub, \u00fcst\u00fcn\u00fc r\u0259ngl\u0259dil\u0259r. Ka\u015f ki, Prezident \u015f\u0259xs\u0259n yax\u0131nla\u015f\u0131b binalar\u0131n prospekt\u0259 t\u0259r\u0259f baxan hiss\u0259sinin \u00fczl\u00fcy\u00fc il\u0259 maraqlanayd\u0131. Binalar\u0131n h\u0259y\u0259tl\u0259rin\u0259 burulub daxili hiss\u0259l\u0259rini d\u0259 g\u00f6r\u0259ydi. Ka\u015f bil\u0259ydi ki, m\u0259murlar onun 10 il \u0259vv\u0259l tezal\u0131\u015fan \u00fczl\u00fckl\u0259rin s\u00f6k\u00fclm\u0259siyl\u0259 ba\u011fl\u0131 verdiyi tap\u015f\u0131r\u0131qlar\u0131 yerin\u0259 yetirmir\u201d<\/em>.<\/p>\n\n\n\n<figure class=\"wp-block-image size-large\"><img decoding=\"async\" width=\"1095\" height=\"821\" data-src=\"https:\/\/www.meydan.tv\/wp-content\/uploads\/photo-2024-05-21-14-10-20-1095x821.jpg\" alt=\"\" class=\"wp-image-306445 lazyload\" src=\"data:image\/svg+xml;base64,PHN2ZyB3aWR0aD0iMSIgaGVpZ2h0PSIxIiB4bWxucz0iaHR0cDovL3d3dy53My5vcmcvMjAwMC9zdmciPjwvc3ZnPg==\" style=\"--smush-placeholder-width: 1095px; --smush-placeholder-aspect-ratio: 1095\/821;\" \/><\/figure>\n\n\n\n<p>G\u0259nc\u0259 \u015e\u0259h\u0259r M\u0259nzil Kommunal T\u0259s\u0259rr\u00fcfat\u0131 \u0130stehsalat Birliyind\u0259n Meydan TV-y\u0259 bildirilib ki, h\u0259min binada t\u0259mir-abadl\u0131q i\u015fl\u0259ri t\u0259dbirl\u0259r plan\u0131na sal\u0131n\u0131b. Ancaq bu, n\u0259 vaxt ba\u015f tutacaq, h\u0259l\u0259lik m\u0259lum deyil: <\/p>\n\n\n\n<p><em>\u201cBinan\u0131n \u00fczl\u00fckl\u0259rinin b\u0259zi hiss\u0259l\u0259ri s\u00f6k\u00fclm\u00fc\u015fd\u00fc. D\u00fczd\u00fcr, c\u0259nab Prezident g\u0259l\u0259n\u0259 yax\u0131n pis g\u00f6r\u00fcnm\u0259sin dey\u0259, o hiss\u0259l\u0259ri al\u00e7ipanla ba\u011flad\u0131q. Ancaq t\u0259dbirl\u0259r plan\u0131na sal\u0131n\u0131b, o m\u0259h\u0259ll\u0259d\u0259 \u0259sasl\u0131 abadl\u0131q i\u015fl\u0259ri apar\u0131lacaq\u201d<\/em>.<\/p>\n","protected":false},"excerpt":{"rendered":"<p>Sakinl\u0259r deyir ki, Prezident g\u0259l\u0259nd\u0259 g\u00f6rm\u0259sin dey\u0259 binan\u0131n bay\u0131r hiss\u0259sini &#8230; <\/p>\n<p class=\"read-more-container\"><a title=\"G\u0259nc\u0259: Heyd\u0259r \u018fliyev prospektind\u0259ki \u201c\u00fcst\u00fc b\u0259z\u0259k\u201d bina\" class=\"read-more button\" href=\"https:\/\/www.meydan.tv\/az\/article\/gence-heyder-eliyev-prospektindeki-ustu-bezek-bina\/#more-306441\" aria-label=\"Read more about G\u0259nc\u0259: Heyd\u0259r \u018fliyev prospektind\u0259ki \u201c\u00fcst\u00fc b\u0259z\u0259k\u201d bina\">Davam\u0131<\/a><\/p>\n","protected":false},"author":21,"featured_media":306448,"comment_status":"closed","ping_status":"closed","sticky":false,"template":"","format":"standard","meta":{"_acf_changed":false,"_sitemap_exclude":false,"_sitemap_priority":"","_sitemap_frequency":"","footnotes":""},"categories":[60,62,79,56],"tags":[],"class_list":["post-306441","post","type-post","status-publish","format-standard","has-post-thumbnail","hentry","category-bolge","category-sosial","category-featured","category-xeberler","infinite-scroll-item","generate-columns","tablet-grid-50","mobile-grid-100","grid-parent","grid-33","no-featured-image-padding"],"acf":[],"yoast_head":"<!-- This site is optimized with the Yoast SEO plugin v27.4 - https:\/\/yoast.com\/product\/yoast-seo-wordpress\/ -->\n<title>G\u0259nc\u0259: Heyd\u0259r \u018fliyev prospektind\u0259ki \u201c\u00fcst\u00fc b\u0259z\u0259k\u201d bina - MEYDAN.TV<\/title>\n<meta name=\"robots\" content=\"index, follow, max-snippet:-1, max-image-preview:large, max-video-preview:-1\" \/>\n<link rel=\"canonical\" href=\"https:\/\/www.meydan.tv\/az\/article\/gence-heyder-eliyev-prospektindeki-ustu-bezek-bina\/\" \/>\n<meta property=\"og:locale\" content=\"az_AZ\" \/>\n<meta property=\"og:type\" content=\"article\" \/>\n<meta property=\"og:title\" content=\"G\u0259nc\u0259: Heyd\u0259r \u018fliyev prospektind\u0259ki \u201c\u00fcst\u00fc b\u0259z\u0259k\u201d bina - MEYDAN.TV\" \/>\n<meta property=\"og:description\" content=\"Sakinl\u0259r deyir ki, Prezident g\u0259l\u0259nd\u0259 g\u00f6rm\u0259sin dey\u0259 binan\u0131n bay\u0131r hiss\u0259sini ... Davam\u0131\" \/>\n<meta property=\"og:url\" content=\"https:\/\/www.meydan.tv\/az\/article\/gence-heyder-eliyev-prospektindeki-ustu-bezek-bina\/\" \/>\n<meta property=\"og:site_name\" content=\"MEYDAN.TV\" \/>\n<meta property=\"article:published_time\" content=\"2024-05-23T10:16:03+00:00\" \/>\n<meta property=\"article:modified_time\" content=\"2024-05-23T10:16:09+00:00\" \/>\n<meta property=\"og:image\" content=\"https:\/\/www.meydan.tv\/wp-content\/uploads\/photo-2024-05-21-14-09-34.jpg\" \/>\n\t<meta property=\"og:image:width\" content=\"1600\" \/>\n\t<meta property=\"og:image:height\" content=\"1200\" \/>\n\t<meta property=\"og:image:type\" content=\"image\/jpeg\" \/>\n<meta name=\"author\" content=\"mahmud\" \/>\n<meta name=\"twitter:card\" content=\"summary_large_image\" \/>\n<script type=\"application\/ld+json\" class=\"yoast-schema-graph\">{\"@context\":\"https:\\\/\\\/schema.org\",\"@graph\":[{\"@type\":\"Article\",\"@id\":\"https:\\\/\\\/www.meydan.tv\\\/az\\\/article\\\/gence-heyder-eliyev-prospektindeki-ustu-bezek-bina\\\/#article\",\"isPartOf\":{\"@id\":\"https:\\\/\\\/www.meydan.tv\\\/az\\\/article\\\/gence-heyder-eliyev-prospektindeki-ustu-bezek-bina\\\/\"},\"author\":{\"name\":\"mahmud\",\"@id\":\"https:\\\/\\\/www.meydan.tv\\\/az\\\/#\\\/schema\\\/person\\\/09863e516102a829e72bedcf3f84c6b0\"},\"headline\":\"G\u0259nc\u0259: Heyd\u0259r \u018fliyev prospektind\u0259ki \u201c\u00fcst\u00fc b\u0259z\u0259k\u201d bina\",\"datePublished\":\"2024-05-23T10:16:03+00:00\",\"dateModified\":\"2024-05-23T10:16:09+00:00\",\"mainEntityOfPage\":{\"@id\":\"https:\\\/\\\/www.meydan.tv\\\/az\\\/article\\\/gence-heyder-eliyev-prospektindeki-ustu-bezek-bina\\\/\"},\"wordCount\":759,\"publisher\":{\"@id\":\"https:\\\/\\\/www.meydan.tv\\\/az\\\/#organization\"},\"image\":{\"@id\":\"https:\\\/\\\/www.meydan.tv\\\/az\\\/article\\\/gence-heyder-eliyev-prospektindeki-ustu-bezek-bina\\\/#primaryimage\"},\"thumbnailUrl\":\"https:\\\/\\\/www.meydan.tv\\\/wp-content\\\/uploads\\\/photo-2024-05-21-14-09-34.jpg\",\"articleSection\":[\"B\u00f6lg\u0259\",\"Sosial\",\"T\u00f6vsiy\u0259\",\"X\u0259b\u0259rl\u0259r\"],\"inLanguage\":\"az\"},{\"@type\":\"WebPage\",\"@id\":\"https:\\\/\\\/www.meydan.tv\\\/az\\\/article\\\/gence-heyder-eliyev-prospektindeki-ustu-bezek-bina\\\/\",\"url\":\"https:\\\/\\\/www.meydan.tv\\\/az\\\/article\\\/gence-heyder-eliyev-prospektindeki-ustu-bezek-bina\\\/\",\"name\":\"G\u0259nc\u0259: Heyd\u0259r \u018fliyev prospektind\u0259ki \u201c\u00fcst\u00fc b\u0259z\u0259k\u201d bina - MEYDAN.TV\",\"isPartOf\":{\"@id\":\"https:\\\/\\\/www.meydan.tv\\\/az\\\/#website\"},\"primaryImageOfPage\":{\"@id\":\"https:\\\/\\\/www.meydan.tv\\\/az\\\/article\\\/gence-heyder-eliyev-prospektindeki-ustu-bezek-bina\\\/#primaryimage\"},\"image\":{\"@id\":\"https:\\\/\\\/www.meydan.tv\\\/az\\\/article\\\/gence-heyder-eliyev-prospektindeki-ustu-bezek-bina\\\/#primaryimage\"},\"thumbnailUrl\":\"https:\\\/\\\/www.meydan.tv\\\/wp-content\\\/uploads\\\/photo-2024-05-21-14-09-34.jpg\",\"datePublished\":\"2024-05-23T10:16:03+00:00\",\"dateModified\":\"2024-05-23T10:16:09+00:00\",\"breadcrumb\":{\"@id\":\"https:\\\/\\\/www.meydan.tv\\\/az\\\/article\\\/gence-heyder-eliyev-prospektindeki-ustu-bezek-bina\\\/#breadcrumb\"},\"inLanguage\":\"az\",\"potentialAction\":[{\"@type\":\"ReadAction\",\"target\":[\"https:\\\/\\\/www.meydan.tv\\\/az\\\/article\\\/gence-heyder-eliyev-prospektindeki-ustu-bezek-bina\\\/\"]}]},{\"@type\":\"ImageObject\",\"inLanguage\":\"az\",\"@id\":\"https:\\\/\\\/www.meydan.tv\\\/az\\\/article\\\/gence-heyder-eliyev-prospektindeki-ustu-bezek-bina\\\/#primaryimage\",\"url\":\"https:\\\/\\\/www.meydan.tv\\\/wp-content\\\/uploads\\\/photo-2024-05-21-14-09-34.jpg\",\"contentUrl\":\"https:\\\/\\\/www.meydan.tv\\\/wp-content\\\/uploads\\\/photo-2024-05-21-14-09-34.jpg\",\"width\":1600,\"height\":1200,\"caption\":\"Fotolar: Meydan TV\"},{\"@type\":\"BreadcrumbList\",\"@id\":\"https:\\\/\\\/www.meydan.tv\\\/az\\\/article\\\/gence-heyder-eliyev-prospektindeki-ustu-bezek-bina\\\/#breadcrumb\",\"itemListElement\":[{\"@type\":\"ListItem\",\"position\":1,\"name\":\"Ana s\u0259hif\u0259\",\"item\":\"https:\\\/\\\/www.meydan.tv\\\/az\\\/\"},{\"@type\":\"ListItem\",\"position\":2,\"name\":\"B\u00f6lg\u0259\",\"item\":\"https:\\\/\\\/www.meydan.tv\\\/az\\\/section\\\/bolge\\\/\"},{\"@type\":\"ListItem\",\"position\":3,\"name\":\"G\u0259nc\u0259: Heyd\u0259r \u018fliyev prospektind\u0259ki \u201c\u00fcst\u00fc b\u0259z\u0259k\u201d bina\"}]},{\"@type\":\"WebSite\",\"@id\":\"https:\\\/\\\/www.meydan.tv\\\/az\\\/#website\",\"url\":\"https:\\\/\\\/www.meydan.tv\\\/az\\\/\",\"name\":\"MEYDAN.TV\",\"description\":\"Meydan TV Az\u0259rbaycan\u0131n media m\u0259kan\u0131ndak\u0131 alternativ s\u0259sidir\",\"publisher\":{\"@id\":\"https:\\\/\\\/www.meydan.tv\\\/az\\\/#organization\"},\"potentialAction\":[{\"@type\":\"SearchAction\",\"target\":{\"@type\":\"EntryPoint\",\"urlTemplate\":\"https:\\\/\\\/www.meydan.tv\\\/az\\\/?s={search_term_string}\"},\"query-input\":{\"@type\":\"PropertyValueSpecification\",\"valueRequired\":true,\"valueName\":\"search_term_string\"}}],\"inLanguage\":\"az\"},{\"@type\":\"Organization\",\"@id\":\"https:\\\/\\\/www.meydan.tv\\\/az\\\/#organization\",\"name\":\"Meydan TV\",\"url\":\"https:\\\/\\\/www.meydan.tv\\\/az\\\/\",\"logo\":{\"@type\":\"ImageObject\",\"inLanguage\":\"az\",\"@id\":\"https:\\\/\\\/www.meydan.tv\\\/az\\\/#\\\/schema\\\/logo\\\/image\\\/\",\"url\":\"https:\\\/\\\/www.meydan.tv\\\/wp-content\\\/uploads\\\/2021\\\/07\\\/meydan-logo.svg\",\"contentUrl\":\"https:\\\/\\\/www.meydan.tv\\\/wp-content\\\/uploads\\\/2021\\\/07\\\/meydan-logo.svg\",\"width\":195,\"height\":46,\"caption\":\"Meydan TV\"},\"image\":{\"@id\":\"https:\\\/\\\/www.meydan.tv\\\/az\\\/#\\\/schema\\\/logo\\\/image\\\/\"}},{\"@type\":\"Person\",\"@id\":\"https:\\\/\\\/www.meydan.tv\\\/az\\\/#\\\/schema\\\/person\\\/09863e516102a829e72bedcf3f84c6b0\",\"name\":\"mahmud\"}]}<\/script>\n<!-- \/ Yoast SEO plugin. -->","yoast_head_json":{"title":"G\u0259nc\u0259: Heyd\u0259r \u018fliyev prospektind\u0259ki \u201c\u00fcst\u00fc b\u0259z\u0259k\u201d bina - MEYDAN.TV","robots":{"index":"index","follow":"follow","max-snippet":"max-snippet:-1","max-image-preview":"max-image-preview:large","max-video-preview":"max-video-preview:-1"},"canonical":"https:\/\/www.meydan.tv\/az\/article\/gence-heyder-eliyev-prospektindeki-ustu-bezek-bina\/","og_locale":"az_AZ","og_type":"article","og_title":"G\u0259nc\u0259: Heyd\u0259r \u018fliyev prospektind\u0259ki \u201c\u00fcst\u00fc b\u0259z\u0259k\u201d bina - MEYDAN.TV","og_description":"Sakinl\u0259r deyir ki, Prezident g\u0259l\u0259nd\u0259 g\u00f6rm\u0259sin dey\u0259 binan\u0131n bay\u0131r hiss\u0259sini ... Davam\u0131","og_url":"https:\/\/www.meydan.tv\/az\/article\/gence-heyder-eliyev-prospektindeki-ustu-bezek-bina\/","og_site_name":"MEYDAN.TV","article_published_time":"2024-05-23T10:16:03+00:00","article_modified_time":"2024-05-23T10:16:09+00:00","og_image":[{"width":1600,"height":1200,"url":"https:\/\/www.meydan.tv\/wp-content\/uploads\/photo-2024-05-21-14-09-34.jpg","type":"image\/jpeg"}],"author":"mahmud","twitter_card":"summary_large_image","schema":{"@context":"https:\/\/schema.org","@graph":[{"@type":"Article","@id":"https:\/\/www.meydan.tv\/az\/article\/gence-heyder-eliyev-prospektindeki-ustu-bezek-bina\/#article","isPartOf":{"@id":"https:\/\/www.meydan.tv\/az\/article\/gence-heyder-eliyev-prospektindeki-ustu-bezek-bina\/"},"author":{"name":"mahmud","@id":"https:\/\/www.meydan.tv\/az\/#\/schema\/person\/09863e516102a829e72bedcf3f84c6b0"},"headline":"G\u0259nc\u0259: Heyd\u0259r \u018fliyev prospektind\u0259ki \u201c\u00fcst\u00fc b\u0259z\u0259k\u201d bina","datePublished":"2024-05-23T10:16:03+00:00","dateModified":"2024-05-23T10:16:09+00:00","mainEntityOfPage":{"@id":"https:\/\/www.meydan.tv\/az\/article\/gence-heyder-eliyev-prospektindeki-ustu-bezek-bina\/"},"wordCount":759,"publisher":{"@id":"https:\/\/www.meydan.tv\/az\/#organization"},"image":{"@id":"https:\/\/www.meydan.tv\/az\/article\/gence-heyder-eliyev-prospektindeki-ustu-bezek-bina\/#primaryimage"},"thumbnailUrl":"https:\/\/www.meydan.tv\/wp-content\/uploads\/photo-2024-05-21-14-09-34.jpg","articleSection":["B\u00f6lg\u0259","Sosial","T\u00f6vsiy\u0259","X\u0259b\u0259rl\u0259r"],"inLanguage":"az"},{"@type":"WebPage","@id":"https:\/\/www.meydan.tv\/az\/article\/gence-heyder-eliyev-prospektindeki-ustu-bezek-bina\/","url":"https:\/\/www.meydan.tv\/az\/article\/gence-heyder-eliyev-prospektindeki-ustu-bezek-bina\/","name":"G\u0259nc\u0259: Heyd\u0259r \u018fliyev prospektind\u0259ki \u201c\u00fcst\u00fc b\u0259z\u0259k\u201d bina - MEYDAN.TV","isPartOf":{"@id":"https:\/\/www.meydan.tv\/az\/#website"},"primaryImageOfPage":{"@id":"https:\/\/www.meydan.tv\/az\/article\/gence-heyder-eliyev-prospektindeki-ustu-bezek-bina\/#primaryimage"},"image":{"@id":"https:\/\/www.meydan.tv\/az\/article\/gence-heyder-eliyev-prospektindeki-ustu-bezek-bina\/#primaryimage"},"thumbnailUrl":"https:\/\/www.meydan.tv\/wp-content\/uploads\/photo-2024-05-21-14-09-34.jpg","datePublished":"2024-05-23T10:16:03+00:00","dateModified":"2024-05-23T10:16:09+00:00","breadcrumb":{"@id":"https:\/\/www.meydan.tv\/az\/article\/gence-heyder-eliyev-prospektindeki-ustu-bezek-bina\/#breadcrumb"},"inLanguage":"az","potentialAction":[{"@type":"ReadAction","target":["https:\/\/www.meydan.tv\/az\/article\/gence-heyder-eliyev-prospektindeki-ustu-bezek-bina\/"]}]},{"@type":"ImageObject","inLanguage":"az","@id":"https:\/\/www.meydan.tv\/az\/article\/gence-heyder-eliyev-prospektindeki-ustu-bezek-bina\/#primaryimage","url":"https:\/\/www.meydan.tv\/wp-content\/uploads\/photo-2024-05-21-14-09-34.jpg","contentUrl":"https:\/\/www.meydan.tv\/wp-content\/uploads\/photo-2024-05-21-14-09-34.jpg","width":1600,"height":1200,"caption":"Fotolar: Meydan TV"},{"@type":"BreadcrumbList","@id":"https:\/\/www.meydan.tv\/az\/article\/gence-heyder-eliyev-prospektindeki-ustu-bezek-bina\/#breadcrumb","itemListElement":[{"@type":"ListItem","position":1,"name":"Ana s\u0259hif\u0259","item":"https:\/\/www.meydan.tv\/az\/"},{"@type":"ListItem","position":2,"name":"B\u00f6lg\u0259","item":"https:\/\/www.meydan.tv\/az\/section\/bolge\/"},{"@type":"ListItem","position":3,"name":"G\u0259nc\u0259: Heyd\u0259r \u018fliyev prospektind\u0259ki \u201c\u00fcst\u00fc b\u0259z\u0259k\u201d bina"}]},{"@type":"WebSite","@id":"https:\/\/www.meydan.tv\/az\/#website","url":"https:\/\/www.meydan.tv\/az\/","name":"MEYDAN.TV","description":"Meydan TV Az\u0259rbaycan\u0131n media m\u0259kan\u0131ndak\u0131 alternativ s\u0259sidir","publisher":{"@id":"https:\/\/www.meydan.tv\/az\/#organization"},"potentialAction":[{"@type":"SearchAction","target":{"@type":"EntryPoint","urlTemplate":"https:\/\/www.meydan.tv\/az\/?s={search_term_string}"},"query-input":{"@type":"PropertyValueSpecification","valueRequired":true,"valueName":"search_term_string"}}],"inLanguage":"az"},{"@type":"Organization","@id":"https:\/\/www.meydan.tv\/az\/#organization","name":"Meydan TV","url":"https:\/\/www.meydan.tv\/az\/","logo":{"@type":"ImageObject","inLanguage":"az","@id":"https:\/\/www.meydan.tv\/az\/#\/schema\/logo\/image\/","url":"https:\/\/www.meydan.tv\/wp-content\/uploads\/2021\/07\/meydan-logo.svg","contentUrl":"https:\/\/www.meydan.tv\/wp-content\/uploads\/2021\/07\/meydan-logo.svg","width":195,"height":46,"caption":"Meydan TV"},"image":{"@id":"https:\/\/www.meydan.tv\/az\/#\/schema\/logo\/image\/"}},{"@type":"Person","@id":"https:\/\/www.meydan.tv\/az\/#\/schema\/person\/09863e516102a829e72bedcf3f84c6b0","name":"mahmud"}]}},"_links":{"self":[{"href":"https:\/\/www.meydan.tv\/az\/wp-json\/wp\/v2\/posts\/306441","targetHints":{"allow":["GET"]}}],"collection":[{"href":"https:\/\/www.meydan.tv\/az\/wp-json\/wp\/v2\/posts"}],"about":[{"href":"https:\/\/www.meydan.tv\/az\/wp-json\/wp\/v2\/types\/post"}],"author":[{"embeddable":true,"href":"https:\/\/www.meydan.tv\/az\/wp-json\/wp\/v2\/users\/21"}],"replies":[{"embeddable":true,"href":"https:\/\/www.meydan.tv\/az\/wp-json\/wp\/v2\/comments?post=306441"}],"version-history":[{"count":3,"href":"https:\/\/www.meydan.tv\/az\/wp-json\/wp\/v2\/posts\/306441\/revisions"}],"predecessor-version":[{"id":306454,"href":"https:\/\/www.meydan.tv\/az\/wp-json\/wp\/v2\/posts\/306441\/revisions\/306454"}],"wp:featuredmedia":[{"embeddable":true,"href":"https:\/\/www.meydan.tv\/az\/wp-json\/wp\/v2\/media\/306448"}],"wp:attachment":[{"href":"https:\/\/www.meydan.tv\/az\/wp-json\/wp\/v2\/media?parent=306441"}],"wp:term":[{"taxonomy":"category","embeddable":true,"href":"https:\/\/www.meydan.tv\/az\/wp-json\/wp\/v2\/categories?post=306441"},{"taxonomy":"post_tag","embeddable":true,"href":"https:\/\/www.meydan.tv\/az\/wp-json\/wp\/v2\/tags?post=306441"}],"curies":[{"name":"wp","href":"https:\/\/api.w.org\/{rel}","templated":true}]}}