{"id":306415,"date":"2024-05-22T21:38:18","date_gmt":"2024-05-22T17:38:18","guid":{"rendered":"https:\/\/www.meydan.tv\/?p=306415"},"modified":"2024-05-23T11:00:12","modified_gmt":"2024-05-23T07:00:12","slug":"zaqatalanin-kendinde-evler-su-altinda-qalib","status":"publish","type":"post","link":"https:\/\/www.meydan.tv\/az\/article\/zaqatalanin-kendinde-evler-su-altinda-qalib\/","title":{"rendered":"Zaqatalan\u0131n k\u0259ndind\u0259 evl\u0259r su alt\u0131nda qal\u0131b"},"content":{"rendered":"\n<figure class=\"wp-block-embed is-type-video is-provider-youtube wp-block-embed-youtube wp-embed-aspect-16-9 wp-has-aspect-ratio\"><div class=\"wp-block-embed__wrapper\">\n<iframe title=\"Zaqatalan\u0131n k\u0259ndind\u0259 evl\u0259r su alt\u0131nda qal\u0131b\" width=\"1200\" height=\"675\" data-src=\"https:\/\/www.youtube.com\/embed\/OZZCf067GgI?feature=oembed\" frameborder=\"0\" allow=\"accelerometer; autoplay; clipboard-write; encrypted-media; gyroscope; picture-in-picture; web-share\" referrerpolicy=\"strict-origin-when-cross-origin\" allowfullscreen src=\"data:image\/svg+xml;base64,PHN2ZyB3aWR0aD0iMSIgaGVpZ2h0PSIxIiB4bWxucz0iaHR0cDovL3d3dy53My5vcmcvMjAwMC9zdmciPjwvc3ZnPg==\" class=\"lazyload\" data-load-mode=\"1\"><\/iframe>\n<\/div><\/figure>\n\n\n\n<!--more-->\n\n\n\n<p><strong><em>Sel basm\u0131\u015f \u0259kin sah\u0259l\u0259ri, suyun alt\u0131nda qalm\u0131\u015f ya\u015fay\u0131r yerl\u0259ri<\/em><\/strong><\/p>\n\n\n\n<p>Zaqatalan\u0131n \u00dc\u00e7\u00fcnc\u00fc Tala k\u0259ndinin sakinl\u0259ri ill\u0259rdir da\u015fq\u0131n v\u0259 sel sular\u0131n\u0131n onlara z\u0259r\u0259r vurmas\u0131ndan \u015fikay\u0259t\u00e7idir.<\/p>\n\n\n\n<p>May\u0131n 20-d\u0259 ba\u015flayan leysan ya\u011f\u0131\u015fa g\u00f6r\u0259 Zaqatalan\u0131n \u00dc\u00e7\u00fcnc\u00fc Tala k\u0259ndind\u0259 t\u0259xmin\u0259n 250 evi su bas\u0131b. Rayon m\u0259rk\u0259zind\u0259n 25 km aral\u0131da yerl\u0259\u015f\u0259n k\u0259ndin sakinl\u0259ri deyir ki, ill\u0259rdir bu hal t\u0259krarlan\u0131r &#8211; \u0259kin sah\u0259l\u0259ri suyun alt\u0131nda qal\u0131r, evl\u0259rinin zirz\u0259mil\u0259rin\u0259 su dolur. <\/p>\n\n\n\n<p>Yusif Zamanov da onlardan biridir. Deyir, minl\u0259rl\u0259 meyv\u0259 a\u011fac\u0131 tonlarla suyun alt\u0131nda qal\u0131b, t\u0259s\u0259rr\u00fcfat\u0131na ciddi ziyan d\u0259yib. Lakin d\u0259f\u0259l\u0259rl\u0259 d\u00f6vl\u0259t qurumlar\u0131na bu bar\u0259d\u0259 m\u00fcraci\u0259t ets\u0259 d\u0259, m\u00fcraci\u0259tl\u0259ri cavabs\u0131z qal\u0131b.<\/p>\n\n\n\n<p>Evini su basm\u0131\u015f sakinl\u0259r d\u0259 deyir ki, bu hal h\u0259r il t\u0259krarland\u0131\u011f\u0131na g\u00f6r\u0259, m\u0259cbur olub evl\u0259rini h\u0259r il t\u0259mir etdirirl\u0259r. Bu is\u0259 b\u00f6y\u00fck x\u0259rc t\u0259l\u0259b edir. \u00dcst\u0259lik da\u015fq\u0131n n\u0259tic\u0259sind\u0259 onlar\u0131n toyuq-c\u00fcc\u0259l\u0259ri d\u0259 t\u0259l\u0259f olub.<\/p>\n\n\n\n<p>Sakinl\u0259rin t\u0259k \u00fcmid yeri is\u0259 d\u00f6vl\u0259tin onlara yard\u0131m etm\u0259sidir.<\/p>\n\n\n\n<p>\u00dc\u00e7\u00fcnc\u00fc Tala k\u0259nd icra n\u00fcmay\u0259nd\u0259si \u00dclviyy\u0259 \u015eabanova Meydan Tv-y\u0259 a\u00e7\u0131qlamas\u0131nda bildirib ki, k\u0259ndd\u0259 m\u00fc\u0259yy\u0259n i\u015fl\u0259r g\u00f6r\u00fcl\u00fcb. Onun s\u00f6zl\u0259rin\u0259 g\u00f6r\u0259, texnikalar c\u0259lb olunub, kanallar t\u0259mizl\u0259nib:<\/p>\n\n\n\n<p> <em>\u201cV\u0259t\u0259nda\u015flar\u0131n xahi\u015fi FHN, \u0130cra hakimiyy\u0259tinin n\u00fcmay\u0259nd\u0259l\u0259rinin i\u015ftirak\u0131yla \u0259razid\u0259 olduq. T\u0259s\u0259rr\u00fcfatlara d\u0259y\u0259n ziyanla ba\u011fl\u0131 aktla\u015fd\u0131rma olub&#8221;<\/em>.<\/p>\n","protected":false},"excerpt":{"rendered":"","protected":false},"author":12,"featured_media":306416,"comment_status":"closed","ping_status":"closed","sticky":false,"template":"","format":"standard","meta":{"_acf_changed":false,"_sitemap_exclude":false,"_sitemap_priority":"","_sitemap_frequency":"","footnotes":""},"categories":[60,62,63],"tags":[],"class_list":["post-306415","post","type-post","status-publish","format-standard","has-post-thumbnail","hentry","category-bolge","category-sosial","category-video-2","infinite-scroll-item","generate-columns","tablet-grid-50","mobile-grid-100","grid-parent","grid-33","no-featured-image-padding"],"acf":[],"yoast_head":"<!-- This site is optimized with the Yoast SEO plugin v27.4 - https:\/\/yoast.com\/product\/yoast-seo-wordpress\/ -->\n<title>Zaqatalan\u0131n k\u0259ndind\u0259 evl\u0259r su alt\u0131nda qal\u0131b - MEYDAN.TV<\/title>\n<meta name=\"robots\" content=\"index, follow, max-snippet:-1, max-image-preview:large, max-video-preview:-1\" \/>\n<link rel=\"canonical\" href=\"https:\/\/www.meydan.tv\/az\/article\/zaqatalanin-kendinde-evler-su-altinda-qalib\/\" \/>\n<meta property=\"og:locale\" content=\"az_AZ\" \/>\n<meta property=\"og:type\" content=\"article\" \/>\n<meta property=\"og:title\" content=\"Zaqatalan\u0131n k\u0259ndind\u0259 evl\u0259r su alt\u0131nda qal\u0131b - MEYDAN.TV\" \/>\n<meta property=\"og:url\" content=\"https:\/\/www.meydan.tv\/az\/article\/zaqatalanin-kendinde-evler-su-altinda-qalib\/\" \/>\n<meta property=\"og:site_name\" content=\"MEYDAN.TV\" \/>\n<meta property=\"article:published_time\" content=\"2024-05-22T17:38:18+00:00\" \/>\n<meta property=\"article:modified_time\" content=\"2024-05-23T07:00:12+00:00\" \/>\n<meta property=\"og:image\" content=\"https:\/\/www.meydan.tv\/wp-content\/uploads\/img_3656-1200x554.png\" \/>\n\t<meta property=\"og:image:width\" content=\"1200\" \/>\n\t<meta property=\"og:image:height\" content=\"554\" \/>\n\t<meta property=\"og:image:type\" content=\"image\/png\" \/>\n<meta name=\"author\" content=\"aleks\" \/>\n<meta name=\"twitter:card\" content=\"summary_large_image\" \/>\n<script type=\"application\/ld+json\" class=\"yoast-schema-graph\">{\"@context\":\"https:\\\/\\\/schema.org\",\"@graph\":[{\"@type\":\"Article\",\"@id\":\"https:\\\/\\\/www.meydan.tv\\\/az\\\/article\\\/zaqatalanin-kendinde-evler-su-altinda-qalib\\\/#article\",\"isPartOf\":{\"@id\":\"https:\\\/\\\/www.meydan.tv\\\/az\\\/article\\\/zaqatalanin-kendinde-evler-su-altinda-qalib\\\/\"},\"author\":{\"name\":\"aleks\",\"@id\":\"https:\\\/\\\/www.meydan.tv\\\/az\\\/#\\\/schema\\\/person\\\/476e9360e593fa131d5d71d51866f8da\"},\"headline\":\"Zaqatalan\u0131n k\u0259ndind\u0259 evl\u0259r su alt\u0131nda qal\u0131b\",\"datePublished\":\"2024-05-22T17:38:18+00:00\",\"dateModified\":\"2024-05-23T07:00:12+00:00\",\"mainEntityOfPage\":{\"@id\":\"https:\\\/\\\/www.meydan.tv\\\/az\\\/article\\\/zaqatalanin-kendinde-evler-su-altinda-qalib\\\/\"},\"wordCount\":327,\"publisher\":{\"@id\":\"https:\\\/\\\/www.meydan.tv\\\/az\\\/#organization\"},\"image\":{\"@id\":\"https:\\\/\\\/www.meydan.tv\\\/az\\\/article\\\/zaqatalanin-kendinde-evler-su-altinda-qalib\\\/#primaryimage\"},\"thumbnailUrl\":\"https:\\\/\\\/www.meydan.tv\\\/wp-content\\\/uploads\\\/img_3656.png\",\"articleSection\":[\"B\u00f6lg\u0259\",\"Sosial\",\"Video\"],\"inLanguage\":\"az\"},{\"@type\":\"WebPage\",\"@id\":\"https:\\\/\\\/www.meydan.tv\\\/az\\\/article\\\/zaqatalanin-kendinde-evler-su-altinda-qalib\\\/\",\"url\":\"https:\\\/\\\/www.meydan.tv\\\/az\\\/article\\\/zaqatalanin-kendinde-evler-su-altinda-qalib\\\/\",\"name\":\"Zaqatalan\u0131n k\u0259ndind\u0259 evl\u0259r su alt\u0131nda qal\u0131b - MEYDAN.TV\",\"isPartOf\":{\"@id\":\"https:\\\/\\\/www.meydan.tv\\\/az\\\/#website\"},\"primaryImageOfPage\":{\"@id\":\"https:\\\/\\\/www.meydan.tv\\\/az\\\/article\\\/zaqatalanin-kendinde-evler-su-altinda-qalib\\\/#primaryimage\"},\"image\":{\"@id\":\"https:\\\/\\\/www.meydan.tv\\\/az\\\/article\\\/zaqatalanin-kendinde-evler-su-altinda-qalib\\\/#primaryimage\"},\"thumbnailUrl\":\"https:\\\/\\\/www.meydan.tv\\\/wp-content\\\/uploads\\\/img_3656.png\",\"datePublished\":\"2024-05-22T17:38:18+00:00\",\"dateModified\":\"2024-05-23T07:00:12+00:00\",\"breadcrumb\":{\"@id\":\"https:\\\/\\\/www.meydan.tv\\\/az\\\/article\\\/zaqatalanin-kendinde-evler-su-altinda-qalib\\\/#breadcrumb\"},\"inLanguage\":\"az\",\"potentialAction\":[{\"@type\":\"ReadAction\",\"target\":[\"https:\\\/\\\/www.meydan.tv\\\/az\\\/article\\\/zaqatalanin-kendinde-evler-su-altinda-qalib\\\/\"]}]},{\"@type\":\"ImageObject\",\"inLanguage\":\"az\",\"@id\":\"https:\\\/\\\/www.meydan.tv\\\/az\\\/article\\\/zaqatalanin-kendinde-evler-su-altinda-qalib\\\/#primaryimage\",\"url\":\"https:\\\/\\\/www.meydan.tv\\\/wp-content\\\/uploads\\\/img_3656.png\",\"contentUrl\":\"https:\\\/\\\/www.meydan.tv\\\/wp-content\\\/uploads\\\/img_3656.png\",\"width\":2556,\"height\":1179},{\"@type\":\"BreadcrumbList\",\"@id\":\"https:\\\/\\\/www.meydan.tv\\\/az\\\/article\\\/zaqatalanin-kendinde-evler-su-altinda-qalib\\\/#breadcrumb\",\"itemListElement\":[{\"@type\":\"ListItem\",\"position\":1,\"name\":\"Ana s\u0259hif\u0259\",\"item\":\"https:\\\/\\\/www.meydan.tv\\\/az\\\/\"},{\"@type\":\"ListItem\",\"position\":2,\"name\":\"Video\",\"item\":\"https:\\\/\\\/www.meydan.tv\\\/az\\\/section\\\/video-2\\\/\"},{\"@type\":\"ListItem\",\"position\":3,\"name\":\"Zaqatalan\u0131n k\u0259ndind\u0259 evl\u0259r su alt\u0131nda qal\u0131b\"}]},{\"@type\":\"WebSite\",\"@id\":\"https:\\\/\\\/www.meydan.tv\\\/az\\\/#website\",\"url\":\"https:\\\/\\\/www.meydan.tv\\\/az\\\/\",\"name\":\"MEYDAN.TV\",\"description\":\"Meydan TV Az\u0259rbaycan\u0131n media m\u0259kan\u0131ndak\u0131 alternativ s\u0259sidir\",\"publisher\":{\"@id\":\"https:\\\/\\\/www.meydan.tv\\\/az\\\/#organization\"},\"potentialAction\":[{\"@type\":\"SearchAction\",\"target\":{\"@type\":\"EntryPoint\",\"urlTemplate\":\"https:\\\/\\\/www.meydan.tv\\\/az\\\/?s={search_term_string}\"},\"query-input\":{\"@type\":\"PropertyValueSpecification\",\"valueRequired\":true,\"valueName\":\"search_term_string\"}}],\"inLanguage\":\"az\"},{\"@type\":\"Organization\",\"@id\":\"https:\\\/\\\/www.meydan.tv\\\/az\\\/#organization\",\"name\":\"Meydan TV\",\"url\":\"https:\\\/\\\/www.meydan.tv\\\/az\\\/\",\"logo\":{\"@type\":\"ImageObject\",\"inLanguage\":\"az\",\"@id\":\"https:\\\/\\\/www.meydan.tv\\\/az\\\/#\\\/schema\\\/logo\\\/image\\\/\",\"url\":\"https:\\\/\\\/www.meydan.tv\\\/wp-content\\\/uploads\\\/2021\\\/07\\\/meydan-logo.svg\",\"contentUrl\":\"https:\\\/\\\/www.meydan.tv\\\/wp-content\\\/uploads\\\/2021\\\/07\\\/meydan-logo.svg\",\"width\":195,\"height\":46,\"caption\":\"Meydan TV\"},\"image\":{\"@id\":\"https:\\\/\\\/www.meydan.tv\\\/az\\\/#\\\/schema\\\/logo\\\/image\\\/\"}},{\"@type\":\"Person\",\"@id\":\"https:\\\/\\\/www.meydan.tv\\\/az\\\/#\\\/schema\\\/person\\\/476e9360e593fa131d5d71d51866f8da\",\"name\":\"aleks\"}]}<\/script>\n<!-- \/ Yoast SEO plugin. -->","yoast_head_json":{"title":"Zaqatalan\u0131n k\u0259ndind\u0259 evl\u0259r su alt\u0131nda qal\u0131b - MEYDAN.TV","robots":{"index":"index","follow":"follow","max-snippet":"max-snippet:-1","max-image-preview":"max-image-preview:large","max-video-preview":"max-video-preview:-1"},"canonical":"https:\/\/www.meydan.tv\/az\/article\/zaqatalanin-kendinde-evler-su-altinda-qalib\/","og_locale":"az_AZ","og_type":"article","og_title":"Zaqatalan\u0131n k\u0259ndind\u0259 evl\u0259r su alt\u0131nda qal\u0131b - MEYDAN.TV","og_url":"https:\/\/www.meydan.tv\/az\/article\/zaqatalanin-kendinde-evler-su-altinda-qalib\/","og_site_name":"MEYDAN.TV","article_published_time":"2024-05-22T17:38:18+00:00","article_modified_time":"2024-05-23T07:00:12+00:00","og_image":[{"width":1200,"height":554,"url":"https:\/\/www.meydan.tv\/wp-content\/uploads\/img_3656-1200x554.png","type":"image\/png"}],"author":"aleks","twitter_card":"summary_large_image","schema":{"@context":"https:\/\/schema.org","@graph":[{"@type":"Article","@id":"https:\/\/www.meydan.tv\/az\/article\/zaqatalanin-kendinde-evler-su-altinda-qalib\/#article","isPartOf":{"@id":"https:\/\/www.meydan.tv\/az\/article\/zaqatalanin-kendinde-evler-su-altinda-qalib\/"},"author":{"name":"aleks","@id":"https:\/\/www.meydan.tv\/az\/#\/schema\/person\/476e9360e593fa131d5d71d51866f8da"},"headline":"Zaqatalan\u0131n k\u0259ndind\u0259 evl\u0259r su alt\u0131nda qal\u0131b","datePublished":"2024-05-22T17:38:18+00:00","dateModified":"2024-05-23T07:00:12+00:00","mainEntityOfPage":{"@id":"https:\/\/www.meydan.tv\/az\/article\/zaqatalanin-kendinde-evler-su-altinda-qalib\/"},"wordCount":327,"publisher":{"@id":"https:\/\/www.meydan.tv\/az\/#organization"},"image":{"@id":"https:\/\/www.meydan.tv\/az\/article\/zaqatalanin-kendinde-evler-su-altinda-qalib\/#primaryimage"},"thumbnailUrl":"https:\/\/www.meydan.tv\/wp-content\/uploads\/img_3656.png","articleSection":["B\u00f6lg\u0259","Sosial","Video"],"inLanguage":"az"},{"@type":"WebPage","@id":"https:\/\/www.meydan.tv\/az\/article\/zaqatalanin-kendinde-evler-su-altinda-qalib\/","url":"https:\/\/www.meydan.tv\/az\/article\/zaqatalanin-kendinde-evler-su-altinda-qalib\/","name":"Zaqatalan\u0131n k\u0259ndind\u0259 evl\u0259r su alt\u0131nda qal\u0131b - MEYDAN.TV","isPartOf":{"@id":"https:\/\/www.meydan.tv\/az\/#website"},"primaryImageOfPage":{"@id":"https:\/\/www.meydan.tv\/az\/article\/zaqatalanin-kendinde-evler-su-altinda-qalib\/#primaryimage"},"image":{"@id":"https:\/\/www.meydan.tv\/az\/article\/zaqatalanin-kendinde-evler-su-altinda-qalib\/#primaryimage"},"thumbnailUrl":"https:\/\/www.meydan.tv\/wp-content\/uploads\/img_3656.png","datePublished":"2024-05-22T17:38:18+00:00","dateModified":"2024-05-23T07:00:12+00:00","breadcrumb":{"@id":"https:\/\/www.meydan.tv\/az\/article\/zaqatalanin-kendinde-evler-su-altinda-qalib\/#breadcrumb"},"inLanguage":"az","potentialAction":[{"@type":"ReadAction","target":["https:\/\/www.meydan.tv\/az\/article\/zaqatalanin-kendinde-evler-su-altinda-qalib\/"]}]},{"@type":"ImageObject","inLanguage":"az","@id":"https:\/\/www.meydan.tv\/az\/article\/zaqatalanin-kendinde-evler-su-altinda-qalib\/#primaryimage","url":"https:\/\/www.meydan.tv\/wp-content\/uploads\/img_3656.png","contentUrl":"https:\/\/www.meydan.tv\/wp-content\/uploads\/img_3656.png","width":2556,"height":1179},{"@type":"BreadcrumbList","@id":"https:\/\/www.meydan.tv\/az\/article\/zaqatalanin-kendinde-evler-su-altinda-qalib\/#breadcrumb","itemListElement":[{"@type":"ListItem","position":1,"name":"Ana s\u0259hif\u0259","item":"https:\/\/www.meydan.tv\/az\/"},{"@type":"ListItem","position":2,"name":"Video","item":"https:\/\/www.meydan.tv\/az\/section\/video-2\/"},{"@type":"ListItem","position":3,"name":"Zaqatalan\u0131n k\u0259ndind\u0259 evl\u0259r su alt\u0131nda qal\u0131b"}]},{"@type":"WebSite","@id":"https:\/\/www.meydan.tv\/az\/#website","url":"https:\/\/www.meydan.tv\/az\/","name":"MEYDAN.TV","description":"Meydan TV Az\u0259rbaycan\u0131n media m\u0259kan\u0131ndak\u0131 alternativ s\u0259sidir","publisher":{"@id":"https:\/\/www.meydan.tv\/az\/#organization"},"potentialAction":[{"@type":"SearchAction","target":{"@type":"EntryPoint","urlTemplate":"https:\/\/www.meydan.tv\/az\/?s={search_term_string}"},"query-input":{"@type":"PropertyValueSpecification","valueRequired":true,"valueName":"search_term_string"}}],"inLanguage":"az"},{"@type":"Organization","@id":"https:\/\/www.meydan.tv\/az\/#organization","name":"Meydan TV","url":"https:\/\/www.meydan.tv\/az\/","logo":{"@type":"ImageObject","inLanguage":"az","@id":"https:\/\/www.meydan.tv\/az\/#\/schema\/logo\/image\/","url":"https:\/\/www.meydan.tv\/wp-content\/uploads\/2021\/07\/meydan-logo.svg","contentUrl":"https:\/\/www.meydan.tv\/wp-content\/uploads\/2021\/07\/meydan-logo.svg","width":195,"height":46,"caption":"Meydan TV"},"image":{"@id":"https:\/\/www.meydan.tv\/az\/#\/schema\/logo\/image\/"}},{"@type":"Person","@id":"https:\/\/www.meydan.tv\/az\/#\/schema\/person\/476e9360e593fa131d5d71d51866f8da","name":"aleks"}]}},"_links":{"self":[{"href":"https:\/\/www.meydan.tv\/az\/wp-json\/wp\/v2\/posts\/306415","targetHints":{"allow":["GET"]}}],"collection":[{"href":"https:\/\/www.meydan.tv\/az\/wp-json\/wp\/v2\/posts"}],"about":[{"href":"https:\/\/www.meydan.tv\/az\/wp-json\/wp\/v2\/types\/post"}],"author":[{"embeddable":true,"href":"https:\/\/www.meydan.tv\/az\/wp-json\/wp\/v2\/users\/12"}],"replies":[{"embeddable":true,"href":"https:\/\/www.meydan.tv\/az\/wp-json\/wp\/v2\/comments?post=306415"}],"version-history":[{"count":5,"href":"https:\/\/www.meydan.tv\/az\/wp-json\/wp\/v2\/posts\/306415\/revisions"}],"predecessor-version":[{"id":306436,"href":"https:\/\/www.meydan.tv\/az\/wp-json\/wp\/v2\/posts\/306415\/revisions\/306436"}],"wp:featuredmedia":[{"embeddable":true,"href":"https:\/\/www.meydan.tv\/az\/wp-json\/wp\/v2\/media\/306416"}],"wp:attachment":[{"href":"https:\/\/www.meydan.tv\/az\/wp-json\/wp\/v2\/media?parent=306415"}],"wp:term":[{"taxonomy":"category","embeddable":true,"href":"https:\/\/www.meydan.tv\/az\/wp-json\/wp\/v2\/categories?post=306415"},{"taxonomy":"post_tag","embeddable":true,"href":"https:\/\/www.meydan.tv\/az\/wp-json\/wp\/v2\/tags?post=306415"}],"curies":[{"name":"wp","href":"https:\/\/api.w.org\/{rel}","templated":true}]}}