{"id":306337,"date":"2024-05-22T11:10:45","date_gmt":"2024-05-22T07:10:45","guid":{"rendered":"https:\/\/www.meydan.tv\/?p=306337"},"modified":"2024-05-22T11:10:48","modified_gmt":"2024-05-22T07:10:48","slug":"viza-liberallasdirilmasi-ticaret-tehlukesizlik-gurcustan-demokratiyaya-qayidacagi-halda-abs-dan-ne-alacaq","status":"publish","type":"post","link":"https:\/\/www.meydan.tv\/az\/article\/viza-liberallasdirilmasi-ticaret-tehlukesizlik-gurcustan-demokratiyaya-qayidacagi-halda-abs-dan-ne-alacaq\/","title":{"rendered":"\u201cViza liberalla\u015fd\u0131r\u0131lmas\u0131, ticar\u0259t, t\u0259hl\u00fck\u0259sizlik\u201d \u2013 G\u00fcrc\u00fcstan demokratiyaya qay\u0131daca\u011f\u0131 halda AB\u015e-dan n\u0259 alacaq?"},"content":{"rendered":"\n<p><strong><em>Konqresmen Co Uilson qanun layih\u0259si haz\u0131rlay\u0131b<\/em><\/strong><\/p>\n\n\n\n<p><a href=\"https:\/\/jam-news.net\/ru\/%D1%87%D1%82%D0%BE-%D1%81%D1%88%D0%B0-%D0%BE%D0%B1%D0%B5%D1%89%D0%B0%D1%8E%D1%82-%D0%B3%D1%80%D1%83%D0%B7%D0%B8%D0%B8-%D0%B2-%D1%81%D0%BB%D1%83%D1%87%D0%B0%D0%B5-%D0%BE%D1%82%D0%BA%D0%B0%D0%B7%D0%B0\/\">&#8220;Jamnews&#8221;<\/a>un material\u0131<\/p>\n\n\n\n<p>\u018fg\u0259r G\u00fcrc\u00fcstan hakimiyy\u0259ti anti-demokratik kursundan \u0259l \u00e7\u0259k\u0259rs\u0259, AB\u015e G\u00fcrc\u00fcstana m\u00fch\u00fcm h\u0259rbi, ticar\u0259t paketini v\u0259 viza rejiminin liberalla\u015fd\u0131r\u0131lmas\u0131 ehtimal\u0131n\u0131 n\u0259z\u0259rd\u0259n ke\u00e7ir\u0259c\u0259k. Bu bar\u0259d\u0259 amerikal\u0131 konqresmen Co Uilsonun haz\u0131rlad\u0131\u011f\u0131 qanun layih\u0259sind\u0259 dan\u0131\u015f\u0131l\u0131r.<\/p>\n\n\n\n<p>Uilsonun t\u0259klif etdiyi \u201cG\u00fcrc\u00fcstan\u0131n hesabat verm\u0259, sabitlik v\u0259 m\u00fcst\u0259qillik \u00fc\u00e7\u00fcn s\u0259f\u0259rb\u0259rlik v\u0259 imkanlar\u0131n\u0131n geni\u015fl\u0259ndirilm\u0259si haqq\u0131nda qanun\u201d (MEGOBARI Act) a\u015fa\u011f\u0131dak\u0131lar\u0131 n\u0259z\u0259rd\u0259 tutur:<\/p>\n\n\n\n<ul class=\"wp-block-list\">\n<li>G\u00fcrc\u00fcstan h\u00f6kum\u0259ti getdikc\u0259 artan Q\u0259rb \u0259leyhin\u0259 ritorikas\u0131ndan \u0259l \u00e7\u0259k\u0259rs\u0259 v\u0259 insan haqlar\u0131n\u0131n qorunmas\u0131 sah\u0259sind\u0259 geril\u0259m\u0259ni dayand\u0131rarsa, Va\u015finqton iqtisadi d\u0259st\u0259k v\u0259 t\u0259hl\u00fck\u0259sizlik d\u0259st\u0259yi paketin\u0259 qol \u00e7\u0259k\u0259 bil\u0259r;<\/li>\n\n\n\n<li>\u00d6lk\u0259 \u0259sas siyasi meyarlara cavab ver\u0259rs\u0259, AB\u015e \u201cg\u00fccl\u00fc preferensial ticar\u0259t rejimi\u201d a\u00e7maq \u00fc\u00e7\u00fcn dan\u0131\u015f\u0131qlara ba\u015flayacaq;<\/li>\n\n\n\n<li>G\u00fcrc\u00fcstan v\u0259t\u0259nda\u015flar\u0131 \u00fc\u00e7\u00fcn viza rejiminin liberalla\u015fd\u0131r\u0131lmas\u0131 m\u00fcmk\u00fcnd\u00fcr;<\/li>\n<\/ul>\n\n\n\n<p>M\u0259murlara G\u00fcrc\u00fcstana h\u0259rbi yard\u0131m paketi i\u015fl\u0259yib-haz\u0131rlamaq tap\u015f\u0131r\u0131l\u0131b ki, bu paket\u0259 \u201cRusiya t\u0259cav\u00fcz\u00fcnd\u0259n \u0259raz\u0131 m\u00fcdafi\u0259si \u00fc\u00e7\u00fcn ideal uy\u011fun olan t\u0259hl\u00fck\u0259sizlik texnikas\u0131 v\u0259 m\u00fcdafi\u0259nin t\u0259qdim olunmas\u0131, h\u0259m\u00e7inin m\u00fcvafiq haz\u0131rl\u0131q, xidm\u0259t v\u0259 elementl\u0259rin d\u0259st\u0259yi il\u0259 \u0259m\u0259liyyat\u0131n ke\u00e7irilm\u0259si\u201d daxildir.<\/p>\n\n\n\n<p>AB\u015e bu proqram\u0131 yaln\u0131z \u201cG\u00fcrc\u00fcstan \u00f6z demokratiyas\u0131n\u0131 dir\u00e7\u0259ltm\u0259kd\u0259 davaml\u0131 t\u0259r\u0259qqi \u0259ld\u0259 ed\u0259c\u0259yi t\u0259qdird\u0259, bunu, \u0259n az\u0131ndan, \u0259dal\u0259tli v\u0259 azad se\u00e7kil\u0259r v\u0259 tarazla\u015fd\u0131r\u0131lm\u0131\u015f se\u00e7ki m\u00fchiti il\u0259 t\u0259sdiql\u0259diyi halda\u201d ger\u00e7\u0259kl\u0259\u015fdir\u0259c\u0259k.<\/p>\n\n\n\n<p>\u201cPOLITICO\u201d yaz\u0131r ki, h\u00f6kum\u0259t may\u0131n 14-\u00fc q\u0259bul etdiyi \u201cxarici agentl\u0259r haqq\u0131nda\u201d qanunu geri \u00e7\u0259k\u0259nd\u0259n sonra bu, G\u00fcrc\u00fcstan\u0131 azad se\u00e7kil\u0259rin ke\u00e7irilm\u0259sin\u0259 h\u0259v\u0259sl\u0259ndir\u0259 bil\u0259r. G\u00fcrc\u00fcstanda parlament se\u00e7kil\u0259ri 2024-c\u00fc ilin oktyabr ay\u0131na planla\u015fd\u0131r\u0131l\u0131b.<\/p>\n\n\n\n<p>\u201cPOLITICO\u201d may\u0131n 20-d\u0259 x\u0259b\u0259r verib ki, AB\u015e Konqresin\u0259 t\u0259qdim olunacaq qanun layih\u0259si G\u00fcrc\u00fcstan h\u00f6kum\u0259tinin Rusiya n\u00fcmun\u0259si il\u0259 \u201cxarici agent\u201d haqq\u0131nda qanunu d\u0259st\u0259kl\u0259y\u0259n n\u00fcmay\u0259nd\u0259l\u0259rinin aktivl\u0259rinin dondurulmas\u0131n\u0131 v\u0259 onlar\u0131n viza almas\u0131n\u0131n qada\u011fan edilm\u0259sini n\u0259z\u0259rd\u0259 tutur.<\/p>\n\n\n\n<p>AB\u015e D\u00f6vl\u0259t Katibinin k\u00f6m\u0259k\u00e7isi Ceyms \u00a0O&#8217;Brayn may\u0131n 14-15-i Tbilisiy\u0259 g\u0259lib.\u00a0O&#8217;Brayn G\u00fcrc\u00fcstan\u0131n Ba\u015f naziri, m\u00fcxalif\u0259t v\u0259 v\u0259t\u0259nda\u015f c\u0259miyy\u0259ti il\u0259 g\u00f6r\u00fc\u015fd\u00fckd\u0259n sonra brifinq ke\u00e7irib v\u0259 b\u0259yan edib ki, \u201cxarici agentl\u0259r haqda\u201d qanun Avropa \u0130ttifaq\u0131n\u0131n standartlar\u0131 il\u0259 uy\u011fun deyil. O, h\u0259m\u00e7inin G\u00fcrc\u00fcstan\u0131n y\u00fcks\u0259k v\u0259zif\u0259li m\u0259murlar\u0131na qar\u015f\u0131 m\u00fcmk\u00fcn sanksiyalara eyham vurub.<\/p>\n","protected":false},"excerpt":{"rendered":"<p>Konqresmen Co Uilson qanun layih\u0259si haz\u0131rlay\u0131b &#8220;Jamnews&#8221;un material\u0131 \u018fg\u0259r G\u00fcrc\u00fcstan &#8230; <\/p>\n<p class=\"read-more-container\"><a title=\"\u201cViza liberalla\u015fd\u0131r\u0131lmas\u0131, ticar\u0259t, t\u0259hl\u00fck\u0259sizlik\u201d \u2013 G\u00fcrc\u00fcstan demokratiyaya qay\u0131daca\u011f\u0131 halda AB\u015e-dan n\u0259 alacaq?\" class=\"read-more button\" href=\"https:\/\/www.meydan.tv\/az\/article\/viza-liberallasdirilmasi-ticaret-tehlukesizlik-gurcustan-demokratiyaya-qayidacagi-halda-abs-dan-ne-alacaq\/#more-306337\" aria-label=\"Read more about \u201cViza liberalla\u015fd\u0131r\u0131lmas\u0131, ticar\u0259t, t\u0259hl\u00fck\u0259sizlik\u201d \u2013 G\u00fcrc\u00fcstan demokratiyaya qay\u0131daca\u011f\u0131 halda AB\u015e-dan n\u0259 alacaq?\">Davam\u0131<\/a><\/p>\n","protected":false},"author":16,"featured_media":304887,"comment_status":"closed","ping_status":"closed","sticky":false,"template":"","format":"standard","meta":{"_acf_changed":false,"_sitemap_exclude":false,"_sitemap_priority":"","_sitemap_frequency":"","footnotes":""},"categories":[64,59],"tags":[],"class_list":["post-306337","post","type-post","status-publish","format-standard","has-post-thumbnail","hentry","category-dunya","category-siyaset","infinite-scroll-item","generate-columns","tablet-grid-50","mobile-grid-100","grid-parent","grid-33","no-featured-image-padding"],"acf":[],"yoast_head":"<!-- This site is optimized with the Yoast SEO plugin v27.5 - https:\/\/yoast.com\/product\/yoast-seo-wordpress\/ -->\n<title>\u201cViza liberalla\u015fd\u0131r\u0131lmas\u0131, ticar\u0259t, t\u0259hl\u00fck\u0259sizlik\u201d \u2013 G\u00fcrc\u00fcstan demokratiyaya qay\u0131daca\u011f\u0131 halda AB\u015e-dan n\u0259 alacaq? - MEYDAN.TV<\/title>\n<meta name=\"robots\" content=\"index, follow, max-snippet:-1, max-image-preview:large, max-video-preview:-1\" \/>\n<link rel=\"canonical\" href=\"https:\/\/www.meydan.tv\/az\/article\/viza-liberallasdirilmasi-ticaret-tehlukesizlik-gurcustan-demokratiyaya-qayidacagi-halda-abs-dan-ne-alacaq\/\" \/>\n<meta property=\"og:locale\" content=\"az_AZ\" \/>\n<meta property=\"og:type\" content=\"article\" \/>\n<meta property=\"og:title\" content=\"\u201cViza liberalla\u015fd\u0131r\u0131lmas\u0131, ticar\u0259t, t\u0259hl\u00fck\u0259sizlik\u201d \u2013 G\u00fcrc\u00fcstan demokratiyaya qay\u0131daca\u011f\u0131 halda AB\u015e-dan n\u0259 alacaq? - MEYDAN.TV\" \/>\n<meta property=\"og:description\" content=\"Konqresmen Co Uilson qanun layih\u0259si haz\u0131rlay\u0131b &#8220;Jamnews&#8221;un material\u0131 \u018fg\u0259r G\u00fcrc\u00fcstan ... Davam\u0131\" \/>\n<meta property=\"og:url\" content=\"https:\/\/www.meydan.tv\/az\/article\/viza-liberallasdirilmasi-ticaret-tehlukesizlik-gurcustan-demokratiyaya-qayidacagi-halda-abs-dan-ne-alacaq\/\" \/>\n<meta property=\"og:site_name\" content=\"MEYDAN.TV\" \/>\n<meta property=\"article:published_time\" content=\"2024-05-22T07:10:45+00:00\" \/>\n<meta property=\"article:modified_time\" content=\"2024-05-22T07:10:48+00:00\" \/>\n<meta property=\"og:image\" content=\"https:\/\/www.meydan.tv\/wp-content\/uploads\/439726407_276171432239247_5516208584958244855_n-1024x5761-1.jpg\" \/>\n\t<meta property=\"og:image:width\" content=\"1024\" \/>\n\t<meta property=\"og:image:height\" content=\"576\" \/>\n\t<meta property=\"og:image:type\" content=\"image\/jpeg\" \/>\n<meta name=\"author\" content=\"sevda\" \/>\n<meta name=\"twitter:card\" content=\"summary_large_image\" \/>\n<script type=\"application\/ld+json\" class=\"yoast-schema-graph\">{\"@context\":\"https:\\\/\\\/schema.org\",\"@graph\":[{\"@type\":\"Article\",\"@id\":\"https:\\\/\\\/www.meydan.tv\\\/az\\\/article\\\/viza-liberallasdirilmasi-ticaret-tehlukesizlik-gurcustan-demokratiyaya-qayidacagi-halda-abs-dan-ne-alacaq\\\/#article\",\"isPartOf\":{\"@id\":\"https:\\\/\\\/www.meydan.tv\\\/az\\\/article\\\/viza-liberallasdirilmasi-ticaret-tehlukesizlik-gurcustan-demokratiyaya-qayidacagi-halda-abs-dan-ne-alacaq\\\/\"},\"author\":{\"name\":\"sevda\",\"@id\":\"https:\\\/\\\/www.meydan.tv\\\/az\\\/#\\\/schema\\\/person\\\/49b5f2bad5b126bb8ea9320eeb3e4dc9\"},\"headline\":\"\u201cViza liberalla\u015fd\u0131r\u0131lmas\u0131, ticar\u0259t, t\u0259hl\u00fck\u0259sizlik\u201d \u2013 G\u00fcrc\u00fcstan demokratiyaya qay\u0131daca\u011f\u0131 halda AB\u015e-dan n\u0259 alacaq?\",\"datePublished\":\"2024-05-22T07:10:45+00:00\",\"dateModified\":\"2024-05-22T07:10:48+00:00\",\"mainEntityOfPage\":{\"@id\":\"https:\\\/\\\/www.meydan.tv\\\/az\\\/article\\\/viza-liberallasdirilmasi-ticaret-tehlukesizlik-gurcustan-demokratiyaya-qayidacagi-halda-abs-dan-ne-alacaq\\\/\"},\"wordCount\":554,\"publisher\":{\"@id\":\"https:\\\/\\\/www.meydan.tv\\\/az\\\/#organization\"},\"image\":{\"@id\":\"https:\\\/\\\/www.meydan.tv\\\/az\\\/article\\\/viza-liberallasdirilmasi-ticaret-tehlukesizlik-gurcustan-demokratiyaya-qayidacagi-halda-abs-dan-ne-alacaq\\\/#primaryimage\"},\"thumbnailUrl\":\"https:\\\/\\\/www.meydan.tv\\\/wp-content\\\/uploads\\\/439726407_276171432239247_5516208584958244855_n-1024x5761-1.jpg\",\"articleSection\":[\"D\u00fcnya\",\"Siyas\u0259t\"],\"inLanguage\":\"az\"},{\"@type\":\"WebPage\",\"@id\":\"https:\\\/\\\/www.meydan.tv\\\/az\\\/article\\\/viza-liberallasdirilmasi-ticaret-tehlukesizlik-gurcustan-demokratiyaya-qayidacagi-halda-abs-dan-ne-alacaq\\\/\",\"url\":\"https:\\\/\\\/www.meydan.tv\\\/az\\\/article\\\/viza-liberallasdirilmasi-ticaret-tehlukesizlik-gurcustan-demokratiyaya-qayidacagi-halda-abs-dan-ne-alacaq\\\/\",\"name\":\"\u201cViza liberalla\u015fd\u0131r\u0131lmas\u0131, ticar\u0259t, t\u0259hl\u00fck\u0259sizlik\u201d \u2013 G\u00fcrc\u00fcstan demokratiyaya qay\u0131daca\u011f\u0131 halda AB\u015e-dan n\u0259 alacaq? - MEYDAN.TV\",\"isPartOf\":{\"@id\":\"https:\\\/\\\/www.meydan.tv\\\/az\\\/#website\"},\"primaryImageOfPage\":{\"@id\":\"https:\\\/\\\/www.meydan.tv\\\/az\\\/article\\\/viza-liberallasdirilmasi-ticaret-tehlukesizlik-gurcustan-demokratiyaya-qayidacagi-halda-abs-dan-ne-alacaq\\\/#primaryimage\"},\"image\":{\"@id\":\"https:\\\/\\\/www.meydan.tv\\\/az\\\/article\\\/viza-liberallasdirilmasi-ticaret-tehlukesizlik-gurcustan-demokratiyaya-qayidacagi-halda-abs-dan-ne-alacaq\\\/#primaryimage\"},\"thumbnailUrl\":\"https:\\\/\\\/www.meydan.tv\\\/wp-content\\\/uploads\\\/439726407_276171432239247_5516208584958244855_n-1024x5761-1.jpg\",\"datePublished\":\"2024-05-22T07:10:45+00:00\",\"dateModified\":\"2024-05-22T07:10:48+00:00\",\"breadcrumb\":{\"@id\":\"https:\\\/\\\/www.meydan.tv\\\/az\\\/article\\\/viza-liberallasdirilmasi-ticaret-tehlukesizlik-gurcustan-demokratiyaya-qayidacagi-halda-abs-dan-ne-alacaq\\\/#breadcrumb\"},\"inLanguage\":\"az\",\"potentialAction\":[{\"@type\":\"ReadAction\",\"target\":[\"https:\\\/\\\/www.meydan.tv\\\/az\\\/article\\\/viza-liberallasdirilmasi-ticaret-tehlukesizlik-gurcustan-demokratiyaya-qayidacagi-halda-abs-dan-ne-alacaq\\\/\"]}]},{\"@type\":\"ImageObject\",\"inLanguage\":\"az\",\"@id\":\"https:\\\/\\\/www.meydan.tv\\\/az\\\/article\\\/viza-liberallasdirilmasi-ticaret-tehlukesizlik-gurcustan-demokratiyaya-qayidacagi-halda-abs-dan-ne-alacaq\\\/#primaryimage\",\"url\":\"https:\\\/\\\/www.meydan.tv\\\/wp-content\\\/uploads\\\/439726407_276171432239247_5516208584958244855_n-1024x5761-1.jpg\",\"contentUrl\":\"https:\\\/\\\/www.meydan.tv\\\/wp-content\\\/uploads\\\/439726407_276171432239247_5516208584958244855_n-1024x5761-1.jpg\",\"width\":1024,\"height\":576,\"caption\":\"G\u00fcrc\u00fcstan. Aksiya. Foto: David Pipia\\\/JAMnews\"},{\"@type\":\"BreadcrumbList\",\"@id\":\"https:\\\/\\\/www.meydan.tv\\\/az\\\/article\\\/viza-liberallasdirilmasi-ticaret-tehlukesizlik-gurcustan-demokratiyaya-qayidacagi-halda-abs-dan-ne-alacaq\\\/#breadcrumb\",\"itemListElement\":[{\"@type\":\"ListItem\",\"position\":1,\"name\":\"Ana s\u0259hif\u0259\",\"item\":\"https:\\\/\\\/www.meydan.tv\\\/az\\\/\"},{\"@type\":\"ListItem\",\"position\":2,\"name\":\"Siyas\u0259t\",\"item\":\"https:\\\/\\\/www.meydan.tv\\\/az\\\/section\\\/siyaset\\\/\"},{\"@type\":\"ListItem\",\"position\":3,\"name\":\"\u201cViza liberalla\u015fd\u0131r\u0131lmas\u0131, ticar\u0259t, t\u0259hl\u00fck\u0259sizlik\u201d \u2013 G\u00fcrc\u00fcstan demokratiyaya qay\u0131daca\u011f\u0131 halda AB\u015e-dan n\u0259 alacaq?\"}]},{\"@type\":\"WebSite\",\"@id\":\"https:\\\/\\\/www.meydan.tv\\\/az\\\/#website\",\"url\":\"https:\\\/\\\/www.meydan.tv\\\/az\\\/\",\"name\":\"MEYDAN.TV\",\"description\":\"Meydan TV Az\u0259rbaycan\u0131n media m\u0259kan\u0131ndak\u0131 alternativ s\u0259sidir\",\"publisher\":{\"@id\":\"https:\\\/\\\/www.meydan.tv\\\/az\\\/#organization\"},\"potentialAction\":[{\"@type\":\"SearchAction\",\"target\":{\"@type\":\"EntryPoint\",\"urlTemplate\":\"https:\\\/\\\/www.meydan.tv\\\/az\\\/?s={search_term_string}\"},\"query-input\":{\"@type\":\"PropertyValueSpecification\",\"valueRequired\":true,\"valueName\":\"search_term_string\"}}],\"inLanguage\":\"az\"},{\"@type\":\"Organization\",\"@id\":\"https:\\\/\\\/www.meydan.tv\\\/az\\\/#organization\",\"name\":\"Meydan TV\",\"url\":\"https:\\\/\\\/www.meydan.tv\\\/az\\\/\",\"logo\":{\"@type\":\"ImageObject\",\"inLanguage\":\"az\",\"@id\":\"https:\\\/\\\/www.meydan.tv\\\/az\\\/#\\\/schema\\\/logo\\\/image\\\/\",\"url\":\"https:\\\/\\\/www.meydan.tv\\\/wp-content\\\/uploads\\\/2021\\\/07\\\/meydan-logo.svg\",\"contentUrl\":\"https:\\\/\\\/www.meydan.tv\\\/wp-content\\\/uploads\\\/2021\\\/07\\\/meydan-logo.svg\",\"width\":195,\"height\":46,\"caption\":\"Meydan TV\"},\"image\":{\"@id\":\"https:\\\/\\\/www.meydan.tv\\\/az\\\/#\\\/schema\\\/logo\\\/image\\\/\"}},{\"@type\":\"Person\",\"@id\":\"https:\\\/\\\/www.meydan.tv\\\/az\\\/#\\\/schema\\\/person\\\/49b5f2bad5b126bb8ea9320eeb3e4dc9\",\"name\":\"sevda\"}]}<\/script>\n<!-- \/ Yoast SEO plugin. -->","yoast_head_json":{"title":"\u201cViza liberalla\u015fd\u0131r\u0131lmas\u0131, ticar\u0259t, t\u0259hl\u00fck\u0259sizlik\u201d \u2013 G\u00fcrc\u00fcstan demokratiyaya qay\u0131daca\u011f\u0131 halda AB\u015e-dan n\u0259 alacaq? - MEYDAN.TV","robots":{"index":"index","follow":"follow","max-snippet":"max-snippet:-1","max-image-preview":"max-image-preview:large","max-video-preview":"max-video-preview:-1"},"canonical":"https:\/\/www.meydan.tv\/az\/article\/viza-liberallasdirilmasi-ticaret-tehlukesizlik-gurcustan-demokratiyaya-qayidacagi-halda-abs-dan-ne-alacaq\/","og_locale":"az_AZ","og_type":"article","og_title":"\u201cViza liberalla\u015fd\u0131r\u0131lmas\u0131, ticar\u0259t, t\u0259hl\u00fck\u0259sizlik\u201d \u2013 G\u00fcrc\u00fcstan demokratiyaya qay\u0131daca\u011f\u0131 halda AB\u015e-dan n\u0259 alacaq? - MEYDAN.TV","og_description":"Konqresmen Co Uilson qanun layih\u0259si haz\u0131rlay\u0131b &#8220;Jamnews&#8221;un material\u0131 \u018fg\u0259r G\u00fcrc\u00fcstan ... Davam\u0131","og_url":"https:\/\/www.meydan.tv\/az\/article\/viza-liberallasdirilmasi-ticaret-tehlukesizlik-gurcustan-demokratiyaya-qayidacagi-halda-abs-dan-ne-alacaq\/","og_site_name":"MEYDAN.TV","article_published_time":"2024-05-22T07:10:45+00:00","article_modified_time":"2024-05-22T07:10:48+00:00","og_image":[{"width":1024,"height":576,"url":"https:\/\/www.meydan.tv\/wp-content\/uploads\/439726407_276171432239247_5516208584958244855_n-1024x5761-1.jpg","type":"image\/jpeg"}],"author":"sevda","twitter_card":"summary_large_image","schema":{"@context":"https:\/\/schema.org","@graph":[{"@type":"Article","@id":"https:\/\/www.meydan.tv\/az\/article\/viza-liberallasdirilmasi-ticaret-tehlukesizlik-gurcustan-demokratiyaya-qayidacagi-halda-abs-dan-ne-alacaq\/#article","isPartOf":{"@id":"https:\/\/www.meydan.tv\/az\/article\/viza-liberallasdirilmasi-ticaret-tehlukesizlik-gurcustan-demokratiyaya-qayidacagi-halda-abs-dan-ne-alacaq\/"},"author":{"name":"sevda","@id":"https:\/\/www.meydan.tv\/az\/#\/schema\/person\/49b5f2bad5b126bb8ea9320eeb3e4dc9"},"headline":"\u201cViza liberalla\u015fd\u0131r\u0131lmas\u0131, ticar\u0259t, t\u0259hl\u00fck\u0259sizlik\u201d \u2013 G\u00fcrc\u00fcstan demokratiyaya qay\u0131daca\u011f\u0131 halda AB\u015e-dan n\u0259 alacaq?","datePublished":"2024-05-22T07:10:45+00:00","dateModified":"2024-05-22T07:10:48+00:00","mainEntityOfPage":{"@id":"https:\/\/www.meydan.tv\/az\/article\/viza-liberallasdirilmasi-ticaret-tehlukesizlik-gurcustan-demokratiyaya-qayidacagi-halda-abs-dan-ne-alacaq\/"},"wordCount":554,"publisher":{"@id":"https:\/\/www.meydan.tv\/az\/#organization"},"image":{"@id":"https:\/\/www.meydan.tv\/az\/article\/viza-liberallasdirilmasi-ticaret-tehlukesizlik-gurcustan-demokratiyaya-qayidacagi-halda-abs-dan-ne-alacaq\/#primaryimage"},"thumbnailUrl":"https:\/\/www.meydan.tv\/wp-content\/uploads\/439726407_276171432239247_5516208584958244855_n-1024x5761-1.jpg","articleSection":["D\u00fcnya","Siyas\u0259t"],"inLanguage":"az"},{"@type":"WebPage","@id":"https:\/\/www.meydan.tv\/az\/article\/viza-liberallasdirilmasi-ticaret-tehlukesizlik-gurcustan-demokratiyaya-qayidacagi-halda-abs-dan-ne-alacaq\/","url":"https:\/\/www.meydan.tv\/az\/article\/viza-liberallasdirilmasi-ticaret-tehlukesizlik-gurcustan-demokratiyaya-qayidacagi-halda-abs-dan-ne-alacaq\/","name":"\u201cViza liberalla\u015fd\u0131r\u0131lmas\u0131, ticar\u0259t, t\u0259hl\u00fck\u0259sizlik\u201d \u2013 G\u00fcrc\u00fcstan demokratiyaya qay\u0131daca\u011f\u0131 halda AB\u015e-dan n\u0259 alacaq? - MEYDAN.TV","isPartOf":{"@id":"https:\/\/www.meydan.tv\/az\/#website"},"primaryImageOfPage":{"@id":"https:\/\/www.meydan.tv\/az\/article\/viza-liberallasdirilmasi-ticaret-tehlukesizlik-gurcustan-demokratiyaya-qayidacagi-halda-abs-dan-ne-alacaq\/#primaryimage"},"image":{"@id":"https:\/\/www.meydan.tv\/az\/article\/viza-liberallasdirilmasi-ticaret-tehlukesizlik-gurcustan-demokratiyaya-qayidacagi-halda-abs-dan-ne-alacaq\/#primaryimage"},"thumbnailUrl":"https:\/\/www.meydan.tv\/wp-content\/uploads\/439726407_276171432239247_5516208584958244855_n-1024x5761-1.jpg","datePublished":"2024-05-22T07:10:45+00:00","dateModified":"2024-05-22T07:10:48+00:00","breadcrumb":{"@id":"https:\/\/www.meydan.tv\/az\/article\/viza-liberallasdirilmasi-ticaret-tehlukesizlik-gurcustan-demokratiyaya-qayidacagi-halda-abs-dan-ne-alacaq\/#breadcrumb"},"inLanguage":"az","potentialAction":[{"@type":"ReadAction","target":["https:\/\/www.meydan.tv\/az\/article\/viza-liberallasdirilmasi-ticaret-tehlukesizlik-gurcustan-demokratiyaya-qayidacagi-halda-abs-dan-ne-alacaq\/"]}]},{"@type":"ImageObject","inLanguage":"az","@id":"https:\/\/www.meydan.tv\/az\/article\/viza-liberallasdirilmasi-ticaret-tehlukesizlik-gurcustan-demokratiyaya-qayidacagi-halda-abs-dan-ne-alacaq\/#primaryimage","url":"https:\/\/www.meydan.tv\/wp-content\/uploads\/439726407_276171432239247_5516208584958244855_n-1024x5761-1.jpg","contentUrl":"https:\/\/www.meydan.tv\/wp-content\/uploads\/439726407_276171432239247_5516208584958244855_n-1024x5761-1.jpg","width":1024,"height":576,"caption":"G\u00fcrc\u00fcstan. Aksiya. Foto: David Pipia\/JAMnews"},{"@type":"BreadcrumbList","@id":"https:\/\/www.meydan.tv\/az\/article\/viza-liberallasdirilmasi-ticaret-tehlukesizlik-gurcustan-demokratiyaya-qayidacagi-halda-abs-dan-ne-alacaq\/#breadcrumb","itemListElement":[{"@type":"ListItem","position":1,"name":"Ana s\u0259hif\u0259","item":"https:\/\/www.meydan.tv\/az\/"},{"@type":"ListItem","position":2,"name":"Siyas\u0259t","item":"https:\/\/www.meydan.tv\/az\/section\/siyaset\/"},{"@type":"ListItem","position":3,"name":"\u201cViza liberalla\u015fd\u0131r\u0131lmas\u0131, ticar\u0259t, t\u0259hl\u00fck\u0259sizlik\u201d \u2013 G\u00fcrc\u00fcstan demokratiyaya qay\u0131daca\u011f\u0131 halda AB\u015e-dan n\u0259 alacaq?"}]},{"@type":"WebSite","@id":"https:\/\/www.meydan.tv\/az\/#website","url":"https:\/\/www.meydan.tv\/az\/","name":"MEYDAN.TV","description":"Meydan TV Az\u0259rbaycan\u0131n media m\u0259kan\u0131ndak\u0131 alternativ s\u0259sidir","publisher":{"@id":"https:\/\/www.meydan.tv\/az\/#organization"},"potentialAction":[{"@type":"SearchAction","target":{"@type":"EntryPoint","urlTemplate":"https:\/\/www.meydan.tv\/az\/?s={search_term_string}"},"query-input":{"@type":"PropertyValueSpecification","valueRequired":true,"valueName":"search_term_string"}}],"inLanguage":"az"},{"@type":"Organization","@id":"https:\/\/www.meydan.tv\/az\/#organization","name":"Meydan TV","url":"https:\/\/www.meydan.tv\/az\/","logo":{"@type":"ImageObject","inLanguage":"az","@id":"https:\/\/www.meydan.tv\/az\/#\/schema\/logo\/image\/","url":"https:\/\/www.meydan.tv\/wp-content\/uploads\/2021\/07\/meydan-logo.svg","contentUrl":"https:\/\/www.meydan.tv\/wp-content\/uploads\/2021\/07\/meydan-logo.svg","width":195,"height":46,"caption":"Meydan TV"},"image":{"@id":"https:\/\/www.meydan.tv\/az\/#\/schema\/logo\/image\/"}},{"@type":"Person","@id":"https:\/\/www.meydan.tv\/az\/#\/schema\/person\/49b5f2bad5b126bb8ea9320eeb3e4dc9","name":"sevda"}]}},"_links":{"self":[{"href":"https:\/\/www.meydan.tv\/az\/wp-json\/wp\/v2\/posts\/306337","targetHints":{"allow":["GET"]}}],"collection":[{"href":"https:\/\/www.meydan.tv\/az\/wp-json\/wp\/v2\/posts"}],"about":[{"href":"https:\/\/www.meydan.tv\/az\/wp-json\/wp\/v2\/types\/post"}],"author":[{"embeddable":true,"href":"https:\/\/www.meydan.tv\/az\/wp-json\/wp\/v2\/users\/16"}],"replies":[{"embeddable":true,"href":"https:\/\/www.meydan.tv\/az\/wp-json\/wp\/v2\/comments?post=306337"}],"version-history":[{"count":4,"href":"https:\/\/www.meydan.tv\/az\/wp-json\/wp\/v2\/posts\/306337\/revisions"}],"predecessor-version":[{"id":306341,"href":"https:\/\/www.meydan.tv\/az\/wp-json\/wp\/v2\/posts\/306337\/revisions\/306341"}],"wp:featuredmedia":[{"embeddable":true,"href":"https:\/\/www.meydan.tv\/az\/wp-json\/wp\/v2\/media\/304887"}],"wp:attachment":[{"href":"https:\/\/www.meydan.tv\/az\/wp-json\/wp\/v2\/media?parent=306337"}],"wp:term":[{"taxonomy":"category","embeddable":true,"href":"https:\/\/www.meydan.tv\/az\/wp-json\/wp\/v2\/categories?post=306337"},{"taxonomy":"post_tag","embeddable":true,"href":"https:\/\/www.meydan.tv\/az\/wp-json\/wp\/v2\/tags?post=306337"}],"curies":[{"name":"wp","href":"https:\/\/api.w.org\/{rel}","templated":true}]}}