{"id":306301,"date":"2024-05-21T16:18:21","date_gmt":"2024-05-21T12:18:21","guid":{"rendered":"https:\/\/www.meydan.tv\/?p=306301"},"modified":"2024-05-21T16:18:24","modified_gmt":"2024-05-21T12:18:24","slug":"ekspert-azerbaycanda-su-ehtiyatlari-tukenir-deyib-kimi-aldadirlar-olke-bascisini","status":"publish","type":"post","link":"https:\/\/www.meydan.tv\/az\/article\/ekspert-azerbaycanda-su-ehtiyatlari-tukenir-deyib-kimi-aldadirlar-olke-bascisini\/","title":{"rendered":"Ekspert: &#8220;&#8221;Az\u0259rbaycanda su ehtiyatlar\u0131 t\u00fck\u0259nir&#8221; deyib kimi aldad\u0131rlar, \u00f6lk\u0259 ba\u015f\u00e7\u0131s\u0131n\u0131?&#8221;"},"content":{"rendered":"\n<p><\/p>\n\n\n\n<p><strong><em>&#8220;Su ehtiyatlar\u0131n\u0131n t\u00fck\u0259nm\u0259si il\u0259 ba\u011fl\u0131 deyil\u0259nl\u0259r c\u0259f\u0259ngiyyatd\u0131r, onlara pul laz\u0131md\u0131r&#8221;<\/em><\/strong><\/p>\n\n\n\n<p>Son ill\u0259r ba\u015f ver\u0259n iqlim d\u0259yi\u015fiklikl\u0259ri s\u0259b\u0259bind\u0259n Az\u0259rbaycanda yer\u00fcst\u00fc su ehtiyatlar\u0131n\u0131n k\u0259skin azald\u0131\u011f\u0131 bildirilir.<\/p>\n\n\n\n<p>Bu bar\u0259d\u0259 Ekologiya v\u0259 T\u0259bii S\u0259rv\u0259tl\u0259r Nazirliyinin Milli Hidrometeorologiya Xidm\u0259tinin r\u0259is m\u00fcavini \u018fkb\u0259r \u018fsg\u0259rov <a href=\"https:\/\/azertag.az\/xeber\/nazirlik_resmisi_azerbaycanin_su_ehtiyatlari_15_faizedek_azalib-3004514\">dan\u0131\u015f\u0131b.<\/a><\/p>\n\n\n\n<p>\u201c<em>\u00d6lk\u0259d\u0259 su obyektl\u0259ri \u00fcz\u0259rind\u0259 m\u00fc\u015fahid\u0259l\u0259r apar\u0131l\u0131r. Biz qlobal istil\u0259\u015fm\u0259nin bu sah\u0259d\u0259 yaratd\u0131\u011f\u0131 f\u0259sadlar\u0131n \u015fahidi oluruq. M\u0259hz bu s\u0259b\u0259bd\u0259n Az\u0259rbaycan\u0131n su ehtiyatlar\u0131nda 15 faiz\u0259 q\u0259d\u0259r azalma var\u201d, &#8211;<\/em> \u018fkb\u0259r \u018fsg\u0259rov deyib.<\/p>\n\n\n\n<p>Az\u0259rbaycan\u0131n yer\u00fcst\u00fc su ehtiyatlar\u0131 30 milyard kubmetrdir. Bunun 30 %-i \u00f6lk\u0259d\u0259 daxilind\u0259 formala\u015f\u0131r, 70 %-i is\u0259 qon\u015fu \u00f6lk\u0259l\u0259rd\u0259n daxil olur.<\/p>\n\n\n<div class=\"wp-block-image\">\n<figure class=\"aligncenter size-full\"><img decoding=\"async\" width=\"1200\" height=\"795\" data-src=\"https:\/\/www.meydan.tv\/wp-content\/uploads\/20191009161545_29047700jpeg-1715842212.jpg\" alt=\"\" class=\"wp-image-306306 lazyload\" src=\"data:image\/svg+xml;base64,PHN2ZyB3aWR0aD0iMSIgaGVpZ2h0PSIxIiB4bWxucz0iaHR0cDovL3d3dy53My5vcmcvMjAwMC9zdmciPjwvc3ZnPg==\" style=\"--smush-placeholder-width: 1200px; --smush-placeholder-aspect-ratio: 1200\/795;\" \/><figcaption class=\"wp-element-caption\">\u018fkb\u0259r \u018fsg\u0259rov. Foto: Ekologiya v\u0259 T\u0259bii S\u0259rv\u0259tl\u0259r Nazirliyi<\/figcaption><\/figure>\n<\/div>\n\n\n<p>Bildirilir ki, t\u0259kc\u0259 Az\u0259rbaycanda yox, T\u00fcrkiy\u0259, Erm\u0259nistan, G\u00fcrc\u00fcstan v\u0259 \u0130randa atmosfer ya\u011f\u0131nt\u0131lar\u0131n\u0131n paralel olaraq azalmas\u0131 ba\u015f verir. Buna g\u00f6r\u0259 d\u0259 Az\u0259rbaycan\u0131n su ehtiyatlar\u0131 h\u0259m transs\u0259rh\u0259d, h\u0259m d\u0259 yerli miqyasda azalma\u011fa do\u011fru gedir.<\/p>\n\n\n\n<p>D\u00fcnya Bank\u0131n\u0131n Az\u0259rbaycan \u00fczr\u0259 \u00f6lk\u0259 meneceri Stefani Stallmeister qeyd edib ki, Az\u0259rbaycan qlobal miqyasda dekorbanizasiyan\u0131n t\u0259sirin\u0259 birba\u015fa m\u0259ruz qala bil\u0259c\u0259k \u00f6lk\u0259l\u0259rd\u0259n biridir v\u0259 n\u00f6vb\u0259ti ill\u0259rd\u0259 h\u0259m su q\u0131tl\u0131\u011f\u0131, h\u0259m d\u0259 ekstremal isti hava k\u00fctl\u0259si il\u0259 <a href=\"https:\/\/stm.az\/az\/news\/1324\/dunyada-su-qitligi-azerbaycani-ne-gozleyir\">\u00fczl\u0259\u015f\u0259c\u0259k.<\/a><\/p>\n\n\n\n<p>Yerli ekspertl\u0259r is\u0259 Az\u0259rbaycan\u0131n kifay\u0259t q\u0259d\u0259r yeralt\u0131 v\u0259 yer\u00fcst\u00fc su ehtiyatlar\u0131n\u0131n oldu\u011funu deyirl\u0259r.<\/p>\n\n\n\n<p>Onlar\u0131n fikrinc\u0259, su ehtiyatlar\u0131n\u0131n azalmas\u0131 il\u0259 \u0259laq\u0259dar s\u00f6yl\u0259nil\u0259nl\u0259r h\u0259qiq\u0259ti \u0259ks etdirmir, sad\u0259c\u0259, resurslardan d\u00fczg\u00fcn istifad\u0259 olunmur.<\/p>\n\n\n\n<p><strong>&#8220;Cavand\u0131rlar, amma yenilik\u00e7i deyill\u0259r, d\u0259yi\u015f\u0259n \u015f\u0259rait\u0259 uy\u011fun d\u00fc\u015f\u00fcn\u0259, proqnoz ver\u0259 bilmirl\u0259r&#8221;<\/strong><\/p>\n\n\n\n<p>M\u00fcst\u0259qil ekspert Vahid M\u0259h\u0259rr\u0259mli Meydan TV-y\u0259 a\u00e7\u0131qlamas\u0131nda Az\u0259rbaycan\u0131n su ehtiyatlar\u0131n\u0131n t\u00fck\u0259nm\u0259si il\u0259 ba\u011fl\u0131 deyil\u0259nl\u0259ri c\u0259f\u0259ngiyyat adland\u0131r\u0131b:<\/p>\n\n\n\n<p><em>\u201cAz\u0259rbaycanda su resurslar\u0131n\u0131n n\u0259 q\u0259d\u0259r oldu\u011funu K\u00fcr v\u0259 Araz \u00e7aylar\u0131na \u0259sas\u0259n m\u00fc\u0259yy\u0259n edirl\u0259r. Amma bu, do\u011fru deyil. M\u0259s\u0259l\u0259n, \u0259vv\u0259ll\u0259r qar ya\u011f\u0131rd\u0131, da\u011flarda \u0259riyirdi. \u018friy\u0259n sular K\u00fcr v\u0259 Araz \u00e7aylar\u0131na axard\u0131. Art\u0131q qlobal istil\u0259\u015fm\u0259 n\u0259tic\u0259sind\u0259 qar ya\u011fm\u0131r. \u018fv\u0259zind\u0259 is\u0259 intensiv ya\u011f\u0131\u015flar ya\u011f\u0131r. \u0130nki\u015faf etmi\u015f \u00f6lk\u0259l\u0259rd\u0259 ya\u011f\u0131\u015f sular\u0131 x\u00fcsusi anbarlarda, su h\u00f6vz\u0259l\u0259rind\u0259 y\u0131\u011f\u0131l\u0131r. \u0130srail v\u0259 T\u00fcrkiy\u0259d\u0259 bu t\u0259cr\u00fcb\u0259d\u0259n istifad\u0259 olunur. G\u00fcrc\u00fcstan da daha \u00e7ox ya\u011f\u0131\u015f suyundan istifad\u0259 etm\u0259y\u0259 ba\u015flay\u0131b. Az\u0259rbaycanda da\u011f\u0259t\u0259yi rayonlarda s\u00fcni g\u00f6ll\u0259r yarad\u0131lmal\u0131d\u0131r. Ya\u011f\u0131\u015f sular\u0131 h\u0259min g\u00f6ll\u0259rd\u0259 toplanmal\u0131 v\u0259 boru vasit\u0259sil\u0259 t\u0259s\u0259rr\u00fcfatlara \u00f6t\u00fcr\u00fclm\u0259lidir. Bu i\u015fl\u0259r b\u00f6y\u00fck x\u0259rc t\u0259l\u0259b etmir\u201d.<\/em><\/p>\n\n\n<div class=\"wp-block-image\">\n<figure class=\"aligncenter size-full\"><img decoding=\"async\" width=\"1200\" height=\"797\" data-src=\"https:\/\/www.meydan.tv\/wp-content\/uploads\/5fc624f129c5c.jpg\" alt=\"\" class=\"wp-image-306302 lazyload\" src=\"data:image\/svg+xml;base64,PHN2ZyB3aWR0aD0iMSIgaGVpZ2h0PSIxIiB4bWxucz0iaHR0cDovL3d3dy53My5vcmcvMjAwMC9zdmciPjwvc3ZnPg==\" style=\"--smush-placeholder-width: 1200px; --smush-placeholder-aspect-ratio: 1200\/797;\" \/><figcaption class=\"wp-element-caption\">Araz \u00e7ay\u0131. Foto: &#8220;science.gov.az&#8221;<\/figcaption><\/figure>\n<\/div>\n\n\n<p>Ekspert hesab edir ki, aidiyy\u0259ti qurumlar v\u0259 n\u00fcmay\u0259nd\u0259l\u0259ri bu m\u0259s\u0259l\u0259d\u0259 maraql\u0131 deyill\u0259r:<\/p>\n\n\n\n<p>\u201c<em>Bu i\u015f\u0259 cavabdeh \u015f\u0259xsl\u0259r kabinetl\u0259rd\u0259 oturublar, sad\u0259c\u0259, faktlar\u0131n konstatasiya il\u0259 m\u0259\u015f\u011fuldurlar; su azal\u0131b, bundan sonra da azalacaq v\u0259 s. kimi c\u0259f\u0259ng fikirl\u0259r s\u0259sl\u0259ndirirl\u0259r. Cavand\u0131rlar, amma yenilik\u00e7i deyill\u0259r. D\u0259yi\u015f\u0259n \u015f\u0259rait\u0259 uy\u011fun d\u00fc\u015f\u00fcn\u0259, proqnoz ver\u0259, d\u00fczg\u00fcn h\u0259r\u0259k\u0259t ed\u0259 bilmirl\u0259r. Ona g\u00f6r\u0259 d\u0259 biz gerid\u0259 qalm\u0131\u015f\u0131q. \u018fll\u0259rind\u0259 b\u0259han\u0259 var; \u00f6lk\u0259 ba\u015f\u00e7\u0131s\u0131na desinl\u0259r ki, suyumuz azal\u0131b, v\u0259ziyy\u0259t pisdir, nazirlikl\u0259r\u0259 v\u0259 yaxud da agentlikl\u0259r\u0259 bir az maliyy\u0259 resursu ay\u0131rmaq laz\u0131md\u0131r. Guya bunlar su ehtiyatlar\u0131n\u0131n azalmas\u0131n\u0131n qar\u015f\u0131n\u0131 almaq istiqam\u0259tind\u0259 m\u00fcbariz\u0259 apar\u0131rlar, n\u0259s\u0259 i\u015f g\u00f6r\u00fcrl\u0259r. Bunlar ham\u0131s\u0131 bo\u015f s\u00f6hb\u0259tl\u0259rdir. Su \u00fcmumiyy\u0259tl\u0259, yoxa \u00e7\u0131xm\u0131r. T\u0259bi\u0259td\u0259 su buxarlan\u0131r, sonra ya\u011f\u0131\u015f, qar v\u0259 yaxud da dolu kimi t\u0259krar yer\u0259 d\u00fc\u015f\u00fcr\u201d.<\/em><\/p>\n\n\n\n<p>Vahid M\u0259h\u0259rr\u0259mli h\u0259m\u00e7inin deyir ki, Az\u0259rbaycanda su ehtiyatlar\u0131 h\u0259ddind\u0259n art\u0131q itkiy\u0259 verilir:<\/p>\n\n\n<div class=\"wp-block-image\">\n<figure class=\"alignleft size-full is-resized\"><img decoding=\"async\" width=\"960\" height=\"506\" data-src=\"https:\/\/www.meydan.tv\/wp-content\/uploads\/45447-e1687097833687.jpg\" alt=\"Vahid M\u0259h\u0259rr\u0259mli\" class=\"wp-image-114069 lazyload\" style=\"--smush-placeholder-width: 960px; --smush-placeholder-aspect-ratio: 960\/506;width:425px;height:auto\" src=\"data:image\/svg+xml;base64,PHN2ZyB3aWR0aD0iMSIgaGVpZ2h0PSIxIiB4bWxucz0iaHR0cDovL3d3dy53My5vcmcvMjAwMC9zdmciPjwvc3ZnPg==\" \/><figcaption class=\"wp-element-caption\">Vahid M\u0259h\u0259rr\u0259mli. Foto: Meydan TV<\/figcaption><\/figure>\n<\/div>\n\n\n<p>\u201c<em>Az\u0259rbaycan postsovet m\u0259kan\u0131nda \u0259n \u00e7ox su itkisin\u0259 yol ver\u0259n \u00f6lk\u0259dir. Bu r\u0259q\u0259m h\u0259tta 35 faiz\u0259 q\u0259d\u0259r art\u0131r. T\u0259s\u0259vv\u00fcr edin, m\u0259nb\u0259d\u0259n 12 milyard kub metr su n\u0259ql zaman\u0131 4 milyard\u0131 itir. \u018fhaliy\u0259 i\u00e7m\u0259li v\u0259 t\u0259s\u0259rr\u00fcfat \u00fc\u00e7\u00fcn veril\u0259n suyun da 50 faizi itkiy\u0259 gedir. Sonra da deyirl\u0259r ki, su yoxdur. N\u0259 q\u0259d\u0259r su olmal\u0131d\u0131r ki, bunlar onu ba\u015fl\u0131-ba\u015f\u0131na ax\u0131ts\u0131nlar. Hara bax\u0131rs\u0131n\u0131z, su var, ba\u015fl\u0131-ba\u015f\u0131na bo\u015f yer\u0259 ax\u0131b gedir. Su t\u0259l\u0259bat\u0131m\u0131z \u00fcmumilikd\u0259 5 milyard kub metr oldu\u011fu halda, m\u0259nb\u0259d\u0259n 12 milyard kub metr su g\u00f6t\u00fcr\u00fcr\u00fck. Bundan \u0259lav\u0259 d\u0259 bu g\u00fcn bizim resursumuz 25 milyard kubmetrd\u0259n \u00e7oxdur. Y\u0259ni bunlar na\u011f\u0131l dan\u0131\u015f\u0131rlar. Kimin \u00fc\u00e7\u00fcn dan\u0131\u015f\u0131rlar bu na\u011fl\u0131? \u018fhali onsuz da su g\u00f6rm\u00fcr. Kran\u0131 a\u00e7\u0131r ki, su yoxdur. T\u0259s\u0259rr\u00fcfat\u0131n\u0131 suvarmaq ist\u0259yir, su yoxdur. B\u0259s &#8220;Az\u0259rbaycanda su ehtiyatlar\u0131 t\u00fck\u0259nir&#8221; deyib kimi aldad\u0131rlar, \u00f6lk\u0259 ba\u015f\u00e7\u0131s\u0131n\u0131?&#8221;.<\/em><\/p>\n\n\n\n<p>Ekspert i\u00e7m\u0259li suyun da keyfiyy\u0259tinin \u00e7ox a\u015fa\u011f\u0131 oldu\u011funu diqq\u0259t\u0259 \u00e7atd\u0131r\u0131b:<\/p>\n\n\n\n<p>\u201c<em>Uzun m\u00fcdd\u0259tdir deyirl\u0259r ki, i\u00e7m\u0259li suyun keyfiyy\u0259ti yax\u015f\u0131la\u015fd\u0131r\u0131l\u0131r. Halbuki Bak\u0131da b\u00fct\u00fcn istehlak\u00e7\u0131lar \u0259ziyy\u0259t \u00e7\u0259kirl\u0259r. Bu kranlar\u0131 n\u0259 q\u0259d\u0259r d\u0259yi\u015fm\u0259k olar? Su \u00e7irkli oldu\u011fu \u00fc\u00e7\u00fcn istilik sistemi d\u0259 ild\u0259 ik-\u00fc\u00e7 d\u0259f\u0259 s\u0131radan \u00e7\u0131x\u0131r. Suyun t\u0259kibind\u0259 a\u011f\u0131r metallard\u0131r, qum, gil v\u0259 n\u0259 yoxdur?! Ne\u00e7\u0259 d\u0259f\u0259 qiym\u0259ti art\u0131r\u0131blar. B\u0259s niy\u0259 keyfiyy\u0259t yax\u015f\u0131la\u015fmay\u0131b? Bunlar ham\u0131s\u0131 bo\u015f s\u00f6zl\u0259rdir, onlara pul laz\u0131md\u0131r. Xidm\u0259tin keyfiyy\u0259tini art\u0131rmadan h\u0259m \u0259halinin, h\u0259m d\u0259 d\u00f6vl\u0259t b\u00fcdc\u0259sinin hesab\u0131na pul \u0259ld\u0259 etm\u0259k ist\u0259yirl\u0259r. Bu m\u0259qs\u0259dl\u0259 d\u0259 bo\u015f-bo\u015f proqnozlar verirl\u0259r: d\u00fcnya da\u011f\u0131lacaq, Az\u0259rbaycanda su olmayacaq, bunlar ham\u0131s\u0131 yaland\u0131r\u201d.<\/em><\/p>\n\n\n\n<p><strong>&#8220;Yalan m\u0259lumat yay\u0131nca, yax\u015f\u0131 olar ki, h\u0259min \u00e7aylardan bir ne\u00e7\u0259sini birl\u0259\u015fdirib su anbarlar\u0131 yarats\u0131nlar&#8221;<\/strong><\/p>\n\n\n\n<p>Ekoloq Telman Zeynalov Meydan TV-y\u0259 deyir ki, Az\u0259rbaycan su ehtiyat\u0131n\u0131n t\u00fck\u0259nm\u0259 ehtimal\u0131 yoxdur:<\/p>\n\n\n<div class=\"wp-block-image\">\n<figure class=\"alignright size-full is-resized\"><img decoding=\"async\" width=\"1000\" height=\"541\" data-src=\"https:\/\/www.meydan.tv\/wp-content\/uploads\/403001371.jpg\" alt=\"Telman Zeynalov\" class=\"wp-image-143732 lazyload\" style=\"--smush-placeholder-width: 1000px; --smush-placeholder-aspect-ratio: 1000\/541;width:341px;height:auto\" src=\"data:image\/svg+xml;base64,PHN2ZyB3aWR0aD0iMSIgaGVpZ2h0PSIxIiB4bWxucz0iaHR0cDovL3d3dy53My5vcmcvMjAwMC9zdmciPjwvc3ZnPg==\" \/><figcaption class=\"wp-element-caption\">Foto: arxiv<\/figcaption><\/figure>\n<\/div>\n\n\n<p>\u201c<em>Az\u0259rbaycanda 8400 \u00e7ay var. \u00d6lk\u0259d\u0259 su ehtiyatlar\u0131n\u0131n t\u00fck\u0259nm\u0259si il\u0259 ba\u011fl\u0131 yalan m\u0259lumat yay\u0131nca, yax\u015f\u0131 olar ki, h\u0259min \u00e7aylardan bir ne\u00e7\u0259sini birl\u0259\u015fdirib su anbarlar\u0131 yarats\u0131nlar. Az\u0259rbaycan he\u00e7 vaxt su q\u0131tl\u0131\u011f\u0131 il\u0259 \u00fczl\u0259\u015f\u0259 bilm\u0259z. Bel\u0259 yalan fikirl\u0259r s\u0259sl\u0259ndirm\u0259k ay\u0131bd\u0131r. Dediyim kimi, x\u0131rda \u00e7aylardan 4-5-ni birl\u0259\u015fdirib, su anbarlar\u0131 yaratsalar, Az\u0259rbaycan suyu xaric\u0259 satar. He\u00e7 kim bu i\u015fl\u0259 m\u0259\u015f\u011ful olmaq niyy\u0259tind\u0259 deyil\u201d.<\/em><\/p>\n\n\n\n<p><em>\u201cK\u0259nd yerl\u0259rind\u0259 camaata t\u0259s\u0259rr\u00fcfat\u0131n\u0131 suvarmaq \u00fc\u00e7\u00fcn su vermirl\u0259r. Suyu ma\u015f\u0131nla, \u00f6z\u00fc d\u0259 od qiym\u0259tin\u0259 sat\u0131rlar. \u018fg\u0259r su yoxdursa, ma\u015f\u0131nlar h\u0259min suyu haradan tap\u0131r?\u201d<\/em>, &#8211; ekoloq deyib.<\/p>\n","protected":false},"excerpt":{"rendered":"<p>&#8220;Su ehtiyatlar\u0131n\u0131n t\u00fck\u0259nm\u0259si il\u0259 ba\u011fl\u0131 deyil\u0259nl\u0259r c\u0259f\u0259ngiyyatd\u0131r, onlara pul laz\u0131md\u0131r&#8221; &#8230; <\/p>\n<p class=\"read-more-container\"><a title=\"Ekspert: &#8220;&#8221;Az\u0259rbaycanda su ehtiyatlar\u0131 t\u00fck\u0259nir&#8221; deyib kimi aldad\u0131rlar, \u00f6lk\u0259 ba\u015f\u00e7\u0131s\u0131n\u0131?&#8221;\" class=\"read-more button\" href=\"https:\/\/www.meydan.tv\/az\/article\/ekspert-azerbaycanda-su-ehtiyatlari-tukenir-deyib-kimi-aldadirlar-olke-bascisini\/#more-306301\" aria-label=\"Read more about Ekspert: &#8220;&#8221;Az\u0259rbaycanda su ehtiyatlar\u0131 t\u00fck\u0259nir&#8221; deyib kimi aldad\u0131rlar, \u00f6lk\u0259 ba\u015f\u00e7\u0131s\u0131n\u0131?&#8221;\">Davam\u0131<\/a><\/p>\n","protected":false},"author":8,"featured_media":290967,"comment_status":"closed","ping_status":"closed","sticky":false,"template":"","format":"standard","meta":{"_acf_changed":false,"_sitemap_exclude":false,"_sitemap_priority":"","_sitemap_frequency":"","footnotes":""},"categories":[62,79,56],"tags":[],"class_list":["post-306301","post","type-post","status-publish","format-standard","has-post-thumbnail","hentry","category-sosial","category-featured","category-xeberler","infinite-scroll-item","generate-columns","tablet-grid-50","mobile-grid-100","grid-parent","grid-33","no-featured-image-padding"],"acf":[],"yoast_head":"<!-- This site is optimized with the Yoast SEO plugin v27.5 - https:\/\/yoast.com\/product\/yoast-seo-wordpress\/ -->\n<title>Ekspert: &quot;&quot;Az\u0259rbaycanda su ehtiyatlar\u0131 t\u00fck\u0259nir&quot; deyib kimi aldad\u0131rlar, \u00f6lk\u0259 ba\u015f\u00e7\u0131s\u0131n\u0131?&quot; - MEYDAN.TV<\/title>\n<meta name=\"robots\" content=\"index, follow, max-snippet:-1, max-image-preview:large, max-video-preview:-1\" \/>\n<link rel=\"canonical\" href=\"https:\/\/www.meydan.tv\/az\/article\/ekspert-azerbaycanda-su-ehtiyatlari-tukenir-deyib-kimi-aldadirlar-olke-bascisini\/\" \/>\n<meta property=\"og:locale\" content=\"az_AZ\" \/>\n<meta property=\"og:type\" content=\"article\" \/>\n<meta property=\"og:title\" content=\"Ekspert: &quot;&quot;Az\u0259rbaycanda su ehtiyatlar\u0131 t\u00fck\u0259nir&quot; deyib kimi aldad\u0131rlar, \u00f6lk\u0259 ba\u015f\u00e7\u0131s\u0131n\u0131?&quot; - MEYDAN.TV\" \/>\n<meta property=\"og:description\" content=\"&#8220;Su ehtiyatlar\u0131n\u0131n t\u00fck\u0259nm\u0259si il\u0259 ba\u011fl\u0131 deyil\u0259nl\u0259r c\u0259f\u0259ngiyyatd\u0131r, onlara pul laz\u0131md\u0131r&#8221; ... Davam\u0131\" \/>\n<meta property=\"og:url\" content=\"https:\/\/www.meydan.tv\/az\/article\/ekspert-azerbaycanda-su-ehtiyatlari-tukenir-deyib-kimi-aldadirlar-olke-bascisini\/\" \/>\n<meta property=\"og:site_name\" content=\"MEYDAN.TV\" \/>\n<meta property=\"article:published_time\" content=\"2024-05-21T12:18:21+00:00\" \/>\n<meta property=\"article:modified_time\" content=\"2024-05-21T12:18:24+00:00\" \/>\n<meta property=\"og:image\" content=\"https:\/\/www.meydan.tv\/wp-content\/uploads\/1566569990604916808_1200x630.jpg\" \/>\n\t<meta property=\"og:image:width\" content=\"1200\" \/>\n\t<meta property=\"og:image:height\" content=\"820\" \/>\n\t<meta property=\"og:image:type\" content=\"image\/jpeg\" \/>\n<meta name=\"author\" content=\"elli\" \/>\n<meta name=\"twitter:card\" content=\"summary_large_image\" \/>\n<meta name=\"twitter:creator\" content=\"@elli\" \/>\n<script type=\"application\/ld+json\" class=\"yoast-schema-graph\">{\"@context\":\"https:\\\/\\\/schema.org\",\"@graph\":[{\"@type\":\"Article\",\"@id\":\"https:\\\/\\\/www.meydan.tv\\\/az\\\/article\\\/ekspert-azerbaycanda-su-ehtiyatlari-tukenir-deyib-kimi-aldadirlar-olke-bascisini\\\/#article\",\"isPartOf\":{\"@id\":\"https:\\\/\\\/www.meydan.tv\\\/az\\\/article\\\/ekspert-azerbaycanda-su-ehtiyatlari-tukenir-deyib-kimi-aldadirlar-olke-bascisini\\\/\"},\"author\":{\"name\":\"elli\",\"@id\":\"https:\\\/\\\/www.meydan.tv\\\/az\\\/#\\\/schema\\\/person\\\/9cdbecf90d17180ce1dfbd95b08dcf47\"},\"headline\":\"Ekspert: &#8220;&#8221;Az\u0259rbaycanda su ehtiyatlar\u0131 t\u00fck\u0259nir&#8221; deyib kimi aldad\u0131rlar, \u00f6lk\u0259 ba\u015f\u00e7\u0131s\u0131n\u0131?&#8221;\",\"datePublished\":\"2024-05-21T12:18:21+00:00\",\"dateModified\":\"2024-05-21T12:18:24+00:00\",\"mainEntityOfPage\":{\"@id\":\"https:\\\/\\\/www.meydan.tv\\\/az\\\/article\\\/ekspert-azerbaycanda-su-ehtiyatlari-tukenir-deyib-kimi-aldadirlar-olke-bascisini\\\/\"},\"wordCount\":1320,\"publisher\":{\"@id\":\"https:\\\/\\\/www.meydan.tv\\\/az\\\/#organization\"},\"image\":{\"@id\":\"https:\\\/\\\/www.meydan.tv\\\/az\\\/article\\\/ekspert-azerbaycanda-su-ehtiyatlari-tukenir-deyib-kimi-aldadirlar-olke-bascisini\\\/#primaryimage\"},\"thumbnailUrl\":\"https:\\\/\\\/www.meydan.tv\\\/wp-content\\\/uploads\\\/1566569990604916808_1200x630.jpg\",\"articleSection\":[\"Sosial\",\"T\u00f6vsiy\u0259\",\"X\u0259b\u0259rl\u0259r\"],\"inLanguage\":\"az\"},{\"@type\":\"WebPage\",\"@id\":\"https:\\\/\\\/www.meydan.tv\\\/az\\\/article\\\/ekspert-azerbaycanda-su-ehtiyatlari-tukenir-deyib-kimi-aldadirlar-olke-bascisini\\\/\",\"url\":\"https:\\\/\\\/www.meydan.tv\\\/az\\\/article\\\/ekspert-azerbaycanda-su-ehtiyatlari-tukenir-deyib-kimi-aldadirlar-olke-bascisini\\\/\",\"name\":\"Ekspert: \\\"\\\"Az\u0259rbaycanda su ehtiyatlar\u0131 t\u00fck\u0259nir\\\" deyib kimi aldad\u0131rlar, \u00f6lk\u0259 ba\u015f\u00e7\u0131s\u0131n\u0131?\\\" - MEYDAN.TV\",\"isPartOf\":{\"@id\":\"https:\\\/\\\/www.meydan.tv\\\/az\\\/#website\"},\"primaryImageOfPage\":{\"@id\":\"https:\\\/\\\/www.meydan.tv\\\/az\\\/article\\\/ekspert-azerbaycanda-su-ehtiyatlari-tukenir-deyib-kimi-aldadirlar-olke-bascisini\\\/#primaryimage\"},\"image\":{\"@id\":\"https:\\\/\\\/www.meydan.tv\\\/az\\\/article\\\/ekspert-azerbaycanda-su-ehtiyatlari-tukenir-deyib-kimi-aldadirlar-olke-bascisini\\\/#primaryimage\"},\"thumbnailUrl\":\"https:\\\/\\\/www.meydan.tv\\\/wp-content\\\/uploads\\\/1566569990604916808_1200x630.jpg\",\"datePublished\":\"2024-05-21T12:18:21+00:00\",\"dateModified\":\"2024-05-21T12:18:24+00:00\",\"breadcrumb\":{\"@id\":\"https:\\\/\\\/www.meydan.tv\\\/az\\\/article\\\/ekspert-azerbaycanda-su-ehtiyatlari-tukenir-deyib-kimi-aldadirlar-olke-bascisini\\\/#breadcrumb\"},\"inLanguage\":\"az\",\"potentialAction\":[{\"@type\":\"ReadAction\",\"target\":[\"https:\\\/\\\/www.meydan.tv\\\/az\\\/article\\\/ekspert-azerbaycanda-su-ehtiyatlari-tukenir-deyib-kimi-aldadirlar-olke-bascisini\\\/\"]}]},{\"@type\":\"ImageObject\",\"inLanguage\":\"az\",\"@id\":\"https:\\\/\\\/www.meydan.tv\\\/az\\\/article\\\/ekspert-azerbaycanda-su-ehtiyatlari-tukenir-deyib-kimi-aldadirlar-olke-bascisini\\\/#primaryimage\",\"url\":\"https:\\\/\\\/www.meydan.tv\\\/wp-content\\\/uploads\\\/1566569990604916808_1200x630.jpg\",\"contentUrl\":\"https:\\\/\\\/www.meydan.tv\\\/wp-content\\\/uploads\\\/1566569990604916808_1200x630.jpg\",\"width\":1200,\"height\":820,\"caption\":\"Su ehtiyatlar\u0131. Foto: \\\"Az\u0259rtac\\\"\"},{\"@type\":\"BreadcrumbList\",\"@id\":\"https:\\\/\\\/www.meydan.tv\\\/az\\\/article\\\/ekspert-azerbaycanda-su-ehtiyatlari-tukenir-deyib-kimi-aldadirlar-olke-bascisini\\\/#breadcrumb\",\"itemListElement\":[{\"@type\":\"ListItem\",\"position\":1,\"name\":\"Ana s\u0259hif\u0259\",\"item\":\"https:\\\/\\\/www.meydan.tv\\\/az\\\/\"},{\"@type\":\"ListItem\",\"position\":2,\"name\":\"Sosial\",\"item\":\"https:\\\/\\\/www.meydan.tv\\\/az\\\/section\\\/sosial\\\/\"},{\"@type\":\"ListItem\",\"position\":3,\"name\":\"Ekspert: &#8220;&#8221;Az\u0259rbaycanda su ehtiyatlar\u0131 t\u00fck\u0259nir&#8221; deyib kimi aldad\u0131rlar, \u00f6lk\u0259 ba\u015f\u00e7\u0131s\u0131n\u0131?&#8221;\"}]},{\"@type\":\"WebSite\",\"@id\":\"https:\\\/\\\/www.meydan.tv\\\/az\\\/#website\",\"url\":\"https:\\\/\\\/www.meydan.tv\\\/az\\\/\",\"name\":\"MEYDAN.TV\",\"description\":\"Meydan TV Az\u0259rbaycan\u0131n media m\u0259kan\u0131ndak\u0131 alternativ s\u0259sidir\",\"publisher\":{\"@id\":\"https:\\\/\\\/www.meydan.tv\\\/az\\\/#organization\"},\"potentialAction\":[{\"@type\":\"SearchAction\",\"target\":{\"@type\":\"EntryPoint\",\"urlTemplate\":\"https:\\\/\\\/www.meydan.tv\\\/az\\\/?s={search_term_string}\"},\"query-input\":{\"@type\":\"PropertyValueSpecification\",\"valueRequired\":true,\"valueName\":\"search_term_string\"}}],\"inLanguage\":\"az\"},{\"@type\":\"Organization\",\"@id\":\"https:\\\/\\\/www.meydan.tv\\\/az\\\/#organization\",\"name\":\"Meydan TV\",\"url\":\"https:\\\/\\\/www.meydan.tv\\\/az\\\/\",\"logo\":{\"@type\":\"ImageObject\",\"inLanguage\":\"az\",\"@id\":\"https:\\\/\\\/www.meydan.tv\\\/az\\\/#\\\/schema\\\/logo\\\/image\\\/\",\"url\":\"https:\\\/\\\/www.meydan.tv\\\/wp-content\\\/uploads\\\/2021\\\/07\\\/meydan-logo.svg\",\"contentUrl\":\"https:\\\/\\\/www.meydan.tv\\\/wp-content\\\/uploads\\\/2021\\\/07\\\/meydan-logo.svg\",\"width\":195,\"height\":46,\"caption\":\"Meydan TV\"},\"image\":{\"@id\":\"https:\\\/\\\/www.meydan.tv\\\/az\\\/#\\\/schema\\\/logo\\\/image\\\/\"}},{\"@type\":\"Person\",\"@id\":\"https:\\\/\\\/www.meydan.tv\\\/az\\\/#\\\/schema\\\/person\\\/9cdbecf90d17180ce1dfbd95b08dcf47\",\"name\":\"elli\",\"sameAs\":[\"https:\\\/\\\/x.com\\\/elli\"]}]}<\/script>\n<!-- \/ Yoast SEO plugin. -->","yoast_head_json":{"title":"Ekspert: \"\"Az\u0259rbaycanda su ehtiyatlar\u0131 t\u00fck\u0259nir\" deyib kimi aldad\u0131rlar, \u00f6lk\u0259 ba\u015f\u00e7\u0131s\u0131n\u0131?\" - MEYDAN.TV","robots":{"index":"index","follow":"follow","max-snippet":"max-snippet:-1","max-image-preview":"max-image-preview:large","max-video-preview":"max-video-preview:-1"},"canonical":"https:\/\/www.meydan.tv\/az\/article\/ekspert-azerbaycanda-su-ehtiyatlari-tukenir-deyib-kimi-aldadirlar-olke-bascisini\/","og_locale":"az_AZ","og_type":"article","og_title":"Ekspert: \"\"Az\u0259rbaycanda su ehtiyatlar\u0131 t\u00fck\u0259nir\" deyib kimi aldad\u0131rlar, \u00f6lk\u0259 ba\u015f\u00e7\u0131s\u0131n\u0131?\" - MEYDAN.TV","og_description":"&#8220;Su ehtiyatlar\u0131n\u0131n t\u00fck\u0259nm\u0259si il\u0259 ba\u011fl\u0131 deyil\u0259nl\u0259r c\u0259f\u0259ngiyyatd\u0131r, onlara pul laz\u0131md\u0131r&#8221; ... Davam\u0131","og_url":"https:\/\/www.meydan.tv\/az\/article\/ekspert-azerbaycanda-su-ehtiyatlari-tukenir-deyib-kimi-aldadirlar-olke-bascisini\/","og_site_name":"MEYDAN.TV","article_published_time":"2024-05-21T12:18:21+00:00","article_modified_time":"2024-05-21T12:18:24+00:00","og_image":[{"width":1200,"height":820,"url":"https:\/\/www.meydan.tv\/wp-content\/uploads\/1566569990604916808_1200x630.jpg","type":"image\/jpeg"}],"author":"elli","twitter_card":"summary_large_image","twitter_creator":"@elli","schema":{"@context":"https:\/\/schema.org","@graph":[{"@type":"Article","@id":"https:\/\/www.meydan.tv\/az\/article\/ekspert-azerbaycanda-su-ehtiyatlari-tukenir-deyib-kimi-aldadirlar-olke-bascisini\/#article","isPartOf":{"@id":"https:\/\/www.meydan.tv\/az\/article\/ekspert-azerbaycanda-su-ehtiyatlari-tukenir-deyib-kimi-aldadirlar-olke-bascisini\/"},"author":{"name":"elli","@id":"https:\/\/www.meydan.tv\/az\/#\/schema\/person\/9cdbecf90d17180ce1dfbd95b08dcf47"},"headline":"Ekspert: &#8220;&#8221;Az\u0259rbaycanda su ehtiyatlar\u0131 t\u00fck\u0259nir&#8221; deyib kimi aldad\u0131rlar, \u00f6lk\u0259 ba\u015f\u00e7\u0131s\u0131n\u0131?&#8221;","datePublished":"2024-05-21T12:18:21+00:00","dateModified":"2024-05-21T12:18:24+00:00","mainEntityOfPage":{"@id":"https:\/\/www.meydan.tv\/az\/article\/ekspert-azerbaycanda-su-ehtiyatlari-tukenir-deyib-kimi-aldadirlar-olke-bascisini\/"},"wordCount":1320,"publisher":{"@id":"https:\/\/www.meydan.tv\/az\/#organization"},"image":{"@id":"https:\/\/www.meydan.tv\/az\/article\/ekspert-azerbaycanda-su-ehtiyatlari-tukenir-deyib-kimi-aldadirlar-olke-bascisini\/#primaryimage"},"thumbnailUrl":"https:\/\/www.meydan.tv\/wp-content\/uploads\/1566569990604916808_1200x630.jpg","articleSection":["Sosial","T\u00f6vsiy\u0259","X\u0259b\u0259rl\u0259r"],"inLanguage":"az"},{"@type":"WebPage","@id":"https:\/\/www.meydan.tv\/az\/article\/ekspert-azerbaycanda-su-ehtiyatlari-tukenir-deyib-kimi-aldadirlar-olke-bascisini\/","url":"https:\/\/www.meydan.tv\/az\/article\/ekspert-azerbaycanda-su-ehtiyatlari-tukenir-deyib-kimi-aldadirlar-olke-bascisini\/","name":"Ekspert: \"\"Az\u0259rbaycanda su ehtiyatlar\u0131 t\u00fck\u0259nir\" deyib kimi aldad\u0131rlar, \u00f6lk\u0259 ba\u015f\u00e7\u0131s\u0131n\u0131?\" - MEYDAN.TV","isPartOf":{"@id":"https:\/\/www.meydan.tv\/az\/#website"},"primaryImageOfPage":{"@id":"https:\/\/www.meydan.tv\/az\/article\/ekspert-azerbaycanda-su-ehtiyatlari-tukenir-deyib-kimi-aldadirlar-olke-bascisini\/#primaryimage"},"image":{"@id":"https:\/\/www.meydan.tv\/az\/article\/ekspert-azerbaycanda-su-ehtiyatlari-tukenir-deyib-kimi-aldadirlar-olke-bascisini\/#primaryimage"},"thumbnailUrl":"https:\/\/www.meydan.tv\/wp-content\/uploads\/1566569990604916808_1200x630.jpg","datePublished":"2024-05-21T12:18:21+00:00","dateModified":"2024-05-21T12:18:24+00:00","breadcrumb":{"@id":"https:\/\/www.meydan.tv\/az\/article\/ekspert-azerbaycanda-su-ehtiyatlari-tukenir-deyib-kimi-aldadirlar-olke-bascisini\/#breadcrumb"},"inLanguage":"az","potentialAction":[{"@type":"ReadAction","target":["https:\/\/www.meydan.tv\/az\/article\/ekspert-azerbaycanda-su-ehtiyatlari-tukenir-deyib-kimi-aldadirlar-olke-bascisini\/"]}]},{"@type":"ImageObject","inLanguage":"az","@id":"https:\/\/www.meydan.tv\/az\/article\/ekspert-azerbaycanda-su-ehtiyatlari-tukenir-deyib-kimi-aldadirlar-olke-bascisini\/#primaryimage","url":"https:\/\/www.meydan.tv\/wp-content\/uploads\/1566569990604916808_1200x630.jpg","contentUrl":"https:\/\/www.meydan.tv\/wp-content\/uploads\/1566569990604916808_1200x630.jpg","width":1200,"height":820,"caption":"Su ehtiyatlar\u0131. Foto: \"Az\u0259rtac\""},{"@type":"BreadcrumbList","@id":"https:\/\/www.meydan.tv\/az\/article\/ekspert-azerbaycanda-su-ehtiyatlari-tukenir-deyib-kimi-aldadirlar-olke-bascisini\/#breadcrumb","itemListElement":[{"@type":"ListItem","position":1,"name":"Ana s\u0259hif\u0259","item":"https:\/\/www.meydan.tv\/az\/"},{"@type":"ListItem","position":2,"name":"Sosial","item":"https:\/\/www.meydan.tv\/az\/section\/sosial\/"},{"@type":"ListItem","position":3,"name":"Ekspert: &#8220;&#8221;Az\u0259rbaycanda su ehtiyatlar\u0131 t\u00fck\u0259nir&#8221; deyib kimi aldad\u0131rlar, \u00f6lk\u0259 ba\u015f\u00e7\u0131s\u0131n\u0131?&#8221;"}]},{"@type":"WebSite","@id":"https:\/\/www.meydan.tv\/az\/#website","url":"https:\/\/www.meydan.tv\/az\/","name":"MEYDAN.TV","description":"Meydan TV Az\u0259rbaycan\u0131n media m\u0259kan\u0131ndak\u0131 alternativ s\u0259sidir","publisher":{"@id":"https:\/\/www.meydan.tv\/az\/#organization"},"potentialAction":[{"@type":"SearchAction","target":{"@type":"EntryPoint","urlTemplate":"https:\/\/www.meydan.tv\/az\/?s={search_term_string}"},"query-input":{"@type":"PropertyValueSpecification","valueRequired":true,"valueName":"search_term_string"}}],"inLanguage":"az"},{"@type":"Organization","@id":"https:\/\/www.meydan.tv\/az\/#organization","name":"Meydan TV","url":"https:\/\/www.meydan.tv\/az\/","logo":{"@type":"ImageObject","inLanguage":"az","@id":"https:\/\/www.meydan.tv\/az\/#\/schema\/logo\/image\/","url":"https:\/\/www.meydan.tv\/wp-content\/uploads\/2021\/07\/meydan-logo.svg","contentUrl":"https:\/\/www.meydan.tv\/wp-content\/uploads\/2021\/07\/meydan-logo.svg","width":195,"height":46,"caption":"Meydan TV"},"image":{"@id":"https:\/\/www.meydan.tv\/az\/#\/schema\/logo\/image\/"}},{"@type":"Person","@id":"https:\/\/www.meydan.tv\/az\/#\/schema\/person\/9cdbecf90d17180ce1dfbd95b08dcf47","name":"elli","sameAs":["https:\/\/x.com\/elli"]}]}},"_links":{"self":[{"href":"https:\/\/www.meydan.tv\/az\/wp-json\/wp\/v2\/posts\/306301","targetHints":{"allow":["GET"]}}],"collection":[{"href":"https:\/\/www.meydan.tv\/az\/wp-json\/wp\/v2\/posts"}],"about":[{"href":"https:\/\/www.meydan.tv\/az\/wp-json\/wp\/v2\/types\/post"}],"author":[{"embeddable":true,"href":"https:\/\/www.meydan.tv\/az\/wp-json\/wp\/v2\/users\/8"}],"replies":[{"embeddable":true,"href":"https:\/\/www.meydan.tv\/az\/wp-json\/wp\/v2\/comments?post=306301"}],"version-history":[{"count":3,"href":"https:\/\/www.meydan.tv\/az\/wp-json\/wp\/v2\/posts\/306301\/revisions"}],"predecessor-version":[{"id":306316,"href":"https:\/\/www.meydan.tv\/az\/wp-json\/wp\/v2\/posts\/306301\/revisions\/306316"}],"wp:featuredmedia":[{"embeddable":true,"href":"https:\/\/www.meydan.tv\/az\/wp-json\/wp\/v2\/media\/290967"}],"wp:attachment":[{"href":"https:\/\/www.meydan.tv\/az\/wp-json\/wp\/v2\/media?parent=306301"}],"wp:term":[{"taxonomy":"category","embeddable":true,"href":"https:\/\/www.meydan.tv\/az\/wp-json\/wp\/v2\/categories?post=306301"},{"taxonomy":"post_tag","embeddable":true,"href":"https:\/\/www.meydan.tv\/az\/wp-json\/wp\/v2\/tags?post=306301"}],"curies":[{"name":"wp","href":"https:\/\/api.w.org\/{rel}","templated":true}]}}