{"id":306230,"date":"2024-05-21T12:48:47","date_gmt":"2024-05-21T08:48:47","guid":{"rendered":"https:\/\/www.meydan.tv\/?p=306230"},"modified":"2024-05-21T12:48:53","modified_gmt":"2024-05-21T08:48:53","slug":"memur-surundurmeciliyinden-bezen-vetendas-intihar-heddindeyem","status":"publish","type":"post","link":"https:\/\/www.meydan.tv\/az\/article\/memur-surundurmeciliyinden-bezen-vetendas-intihar-heddindeyem\/","title":{"rendered":"M\u0259mur s\u00fcr\u00fcnd\u00fcrm\u0259\u00e7iliyind\u0259n bez\u0259n v\u0259t\u0259nda\u015f: &#8220;\u0130ntihar h\u0259ddind\u0259y\u0259m&#8221;"},"content":{"rendered":"\n<p><\/p>\n\n\n\n<p><strong><em>C\u0259lilabad sakini deyir ki, r\u00fc\u015fv\u0259t verm\u0259diyi \u00fc\u00e7\u00fcn D\u00f6vl\u0259t M\u0259\u015f\u011fulluq Agentliyi onun m\u00fcraci\u0259tin\u0259 baxm\u0131r<\/em><\/strong><\/p>\n\n\n\n<p><em>&#8220;Alt\u0131 ildir ki, g\u00f6zl\u0259yirik. Bu i\u015fl\u0259r \u0259rzind\u0259 \u00e7ox tan\u0131d\u0131\u011f\u0131m heyvan\u0131n\u0131 ald\u0131, ancaq m\u0259n\u0259 \u00e7atanda h\u0259l\u0259 100-c\u00fc adam oluram. M\u00fcraci\u0259timi el\u0259 yola verib aldad\u0131rlar. Bezmi\u015f\u0259m, intihar h\u0259ddind\u0259y\u0259m&#8221;<\/em><\/p>\n\n\n\n<p>C\u0259lilabad\u0131n S\u0259hr\u0259dabad k\u0259nd sakini Dam\u0259ddin S\u0259hr\u0259dov D\u00f6vl\u0259t M\u0259\u015f\u011fulluq Agentliyind\u0259n naraz\u0131d\u0131r.<\/p>\n\n\n<div class=\"wp-block-image\">\n<figure class=\"aligncenter size-large\"><img decoding=\"async\" width=\"1095\" height=\"821\" data-src=\"https:\/\/www.meydan.tv\/wp-content\/uploads\/img-20240508-wa0027-1095x821.jpg\" alt=\"\" class=\"wp-image-306251 lazyload\" src=\"data:image\/svg+xml;base64,PHN2ZyB3aWR0aD0iMSIgaGVpZ2h0PSIxIiB4bWxucz0iaHR0cDovL3d3dy53My5vcmcvMjAwMC9zdmciPjwvc3ZnPg==\" style=\"--smush-placeholder-width: 1095px; --smush-placeholder-aspect-ratio: 1095\/821;\" \/><\/figure>\n<\/div>\n\n\n<p>Meydan TV-y\u0259 dan\u0131\u015fan sakin deyir ki, s\u00fcr\u00fcnd\u00fcrm\u0259\u00e7ilik v\u0259 bigan\u0259 m\u00fcnasib\u0259t onu intihar h\u0259ddin\u0259 \u00e7atd\u0131r\u0131b.<\/p>\n\n\n\n<p>Onun s\u00f6zl\u0259rin\u0259 g\u00f6r\u0259, 6 ildir ki, qurumun qap\u0131lar\u0131nda qal\u0131b.<\/p>\n\n\n\n<p><strong>&#8220;H\u0259bs h\u0259yat\u0131 ya\u015fam\u0131san, s\u0259n\u0259 d\u00fc\u015fm\u00fcr&#8221;<\/strong><\/p>\n\n\n\n<p>S\u0259rh\u0259dov 2017-ci ild\u0259 m\u00fcbahis\u0259 \u00fcst\u00fcnd\u0259 h\u0259bs h\u0259yat\u0131 ya\u015fay\u0131b. Bir il sonra azadl\u0131\u011fa \u00e7\u0131xaraq ail\u0259nin a\u011f\u0131r sosial-iqtisadi durumuna v\u0259 i\u015fsizliy\u0259 g\u00f6r\u0259 heyvan \u00fc\u00e7\u00fcn \u00f6z\u00fcn\u00fcm\u0259\u015f\u011fulluq proqram\u0131na yaz\u0131l\u0131b.<\/p>\n\n\n\n<p>Ancaq yenid\u0259n v\u0259t\u0259nda\u015f\u0131n ilin sonunda eyni i\u015f \u00fczr\u0259 h\u0259bsi D\u00f6vl\u0259t M\u0259\u015f\u011fulluq Agentliyinin v\u0259t\u0259nda\u015fa heyvan verm\u0259kd\u0259n imtina etm\u0259si il\u0259 n\u0259tic\u0259l\u0259nib. S\u0259b\u0259b kimi d\u0259 h\u0259bs h\u0259yat\u0131 ya\u015famas\u0131 g\u00f6st\u0259rilir. Yenid\u0259n qeydiyyat is\u0259 \u0259lav\u0259 vaxt al\u0131r. N\u0259tic\u0259 is\u0259 yoxdur.<\/p>\n\n\n<div class=\"wp-block-image\">\n<figure class=\"aligncenter size-full\"><img decoding=\"async\" width=\"1200\" height=\"675\" data-src=\"https:\/\/www.meydan.tv\/wp-content\/uploads\/1-68.jpg\" alt=\"\" class=\"wp-image-306231 lazyload\" src=\"data:image\/svg+xml;base64,PHN2ZyB3aWR0aD0iMSIgaGVpZ2h0PSIxIiB4bWxucz0iaHR0cDovL3d3dy53My5vcmcvMjAwMC9zdmciPjwvc3ZnPg==\" style=\"--smush-placeholder-width: 1200px; --smush-placeholder-aspect-ratio: 1200\/675;\" \/><figcaption class=\"wp-element-caption\"> Dam\u0259ddin S\u0259hr\u0259dov <\/figcaption><\/figure>\n<\/div>\n\n\n<p><em>&#8220;2017-ci ild\u0259 5 ay h\u0259bs h\u0259yat\u0131 ya\u015fam\u0131\u015fam. H\u0259bsd\u0259n sonra heyvan almaq \u00fc\u00e7\u00fcn qeydiyyata d\u00fc\u015fd\u00fcm. 2018-ci ilin iyununda yenid\u0259n eyni i\u015f \u00fczr\u0259 &#8211; m\u00fcbahis\u0259 \u00fcst\u00fcnd\u0259 h\u0259bs olundum. 2022-ci ild\u0259 h\u0259bsd\u0259n \u00e7\u0131x\u0131b getdim ki, 4 ild\u0259 niy\u0259 ail\u0259m\u0259 heyvan\u0131 verm\u0259misiniz? Dedil\u0259r ki, s\u0259n\u0259 d\u00fc\u015fm\u00fcr, h\u0259bs h\u0259yat\u0131 ya\u015fam\u0131san, h\u0259m d\u0259 x\u0259st\u0259liyin a\u011f\u0131rd\u0131r. Sonra da dedil\u0259r ki, h\u0259yat yolda\u015f\u0131n\u0131 g\u0259tir, onu qeydiyyata alaq. B\u00fct\u00fcn bunlar\u0131 i\u015fi uzatmaq \u00fc\u00e7\u00fcn q\u0259sd\u0259n edirl\u0259r. \u00c7\u00fcnki m\u0259n adam \u00f6ld\u00fcrm\u0259mi\u015f\u0259m, qatil deyil\u0259m. H\u0259bsd\u0259 yatan ya\u015famamal\u0131d\u0131r?&#8221;<\/em>.<\/p>\n\n\n\n<p>Dediyin\u0259 g\u00f6r\u0259, h\u0259yat yolda\u015f\u0131 da iki ildir ki, qeydiyyatdad\u0131r, ancaq x\u0259b\u0259r yoxdur:<\/p>\n\n\n\n<p>&#8220;<em>Bu ilin fevral\u0131nda \u00e7a\u011f\u0131r\u0131b bir \u0259riz\u0259 veribl\u0259r ki, bir aya olacaq, g\u00f6zl\u0259yin. \u00dcst\u00fcnd\u0259n \u00fc\u00e7 ay ke\u00e7ib. Bizd\u0259n sonra qeydiyyata d\u00fc\u015f\u00fcb alanlar\u0131 tan\u0131y\u0131ram. Hans\u0131 ki 500-600 manat \u015firinlik &#8211; pul veribl\u0259r. Dedim ki, pulum yoxdur, r\u00fc\u015fv\u0259t vermir\u0259m dey\u0259 vermirsiniz? Deyirl\u0259r ki, el\u0259 \u015fey yoxdur, yaland\u0131r. Etiraf ed\u0259rl\u0259rmi r\u00fc\u015fv\u0259ti? Xeyr, etm\u0259zl\u0259r. N\u0259 adam\u0131m var, n\u0259 \u015firinlik \u00fc\u00e7\u00fcn pulum&#8230;&#8221;.<\/em><\/p>\n\n\n<div class=\"wp-block-image\">\n<figure class=\"aligncenter size-large\"><img decoding=\"async\" width=\"1095\" height=\"821\" data-src=\"https:\/\/www.meydan.tv\/wp-content\/uploads\/img-20240508-wa0056-1-1095x821.jpg\" alt=\"\" class=\"wp-image-306237 lazyload\" src=\"data:image\/svg+xml;base64,PHN2ZyB3aWR0aD0iMSIgaGVpZ2h0PSIxIiB4bWxucz0iaHR0cDovL3d3dy53My5vcmcvMjAwMC9zdmciPjwvc3ZnPg==\" style=\"--smush-placeholder-width: 1095px; --smush-placeholder-aspect-ratio: 1095\/821;\" \/><\/figure>\n<\/div>\n\n\n<p>D\u00f6rd n\u0259f\u0259rlik S\u0259hr\u0259dovlar ail\u0259sinin iki o\u011ful \u00f6vlad\u0131 a\u011f\u0131r \u00fcr\u0259k \u00e7at\u0131\u015fmazl\u0131\u011f\u0131ndan \u0259ziyy\u0259t \u00e7\u0259kir. 21 ya\u015fl\u0131 \u0130mamir\u0259ddin v\u0259 22 ya\u015fl\u0131 S\u0259dr\u0259ddin qarda\u015flar\u0131n\u0131n x\u0259st\u0259likl\u0259rind\u0259n dolay\u0131 i\u015f qabiliyy\u0259ti yoxdur,\u00a0 veril\u0259n \u0259lillik pensiyas\u0131 da 18 ya\u015flar\u0131nda k\u0259silib.<\/p>\n\n\n\n<p>Dam\u0259ddin S\u0259rh\u0259dov deyir ki, ya\u015fl\u0131 h\u0259yat yolda\u015f\u0131 Sona N\u0259ciyeva v\u0259 \u00f6z\u00fc d\u0259 a\u011f\u0131r \u0259s\u0259b x\u0259st\u0259sidir. Ail\u0259nin t\u0259k g\u0259liri onun II qrup kimi ald\u0131\u011f\u0131 \u0259lillik pensiyas\u0131d\u0131r. \u018flav\u0259 g\u0259lir olmad\u0131\u011f\u0131na g\u00f6r\u0259 n\u0259 \u0259kin t\u0259s\u0259rr\u00fcfat\u0131n\u0131 qura bilir, n\u0259 heyvan al\u0131b saxlaya. T\u0259k \u00fcmidi D\u00f6vl\u0259t M\u0259\u015f\u011fuluq Agentliyinin \u00f6z\u00fcn\u00fcm\u0259\u015f\u011fulluq x\u0259tti il\u0259 ail\u0259sin\u0259 veril\u0259c\u0259yi x\u0131rdabuynuzlu heyvand\u0131r, o da qism\u0259t olsa&#8230;<\/p>\n\n\n\n<p><strong>&#8220;M\u0259murlar i\u015fsiz, kas\u0131b v\u0259t\u0259nda\u015flar\u0131 \u00e7ox incidir&#8221;<\/strong><\/p>\n\n\n\n<p>Sosial durumunun a\u011f\u0131r oldu\u011funu dey\u0259n v\u0259t\u0259nda\u015f \u00e7\u0131x\u0131\u015f yolu axtar\u0131r, amma yerli qurum onun xahi\u015f v\u0259 t\u0259l\u0259bl\u0259rin\u0259 bigan\u0259 m\u00fcnasib\u0259t b\u0259sl\u0259yir:<\/p>\n\n\n<div class=\"wp-block-image\">\n<figure class=\"aligncenter size-full\"><img decoding=\"async\" width=\"1200\" height=\"675\" data-src=\"https:\/\/www.meydan.tv\/wp-content\/uploads\/2-15.jpg\" alt=\"\" class=\"wp-image-306244 lazyload\" src=\"data:image\/svg+xml;base64,PHN2ZyB3aWR0aD0iMSIgaGVpZ2h0PSIxIiB4bWxucz0iaHR0cDovL3d3dy53My5vcmcvMjAwMC9zdmciPjwvc3ZnPg==\" style=\"--smush-placeholder-width: 1200px; --smush-placeholder-aspect-ratio: 1200\/675;\" \/><\/figure>\n<\/div>\n\n\n<p>&#8220;<em>Bir ail\u0259nin dolan\u0131\u015f\u0131\u011f\u0131 t\u0259k adam\u0131n pensiyas\u0131d\u0131rsa, nec\u0259 olar? \u00d6vladlar\u0131m x\u0259st\u0259dir dey\u0259 i\u015f\u0259 yaram\u0131r, i\u015f g\u00f6r\u0259n kimi \u00fcr\u0259kl\u0259ri gedir. H\u0259rbi xidm\u0259t\u0259 yaram\u0131r, amma pensiyas\u0131n\u0131 \u00f6l\u00fcm aya\u011f\u0131nda deyill\u0259r dey\u0259 vermirl\u0259r. Bunlar nec\u0259 i\u015fl\u0259yib ail\u0259 saxlas\u0131n? H\u0259y\u0259timizd\u0259 5-6 \u0259d\u0259d ev qu\u015fu var. T\u00f6vl\u0259 var, heyvan yox. \u00d6z\u00fc d\u0259 guya t\u00f6vl\u0259si olana verirl\u0259r. Z\u0259ng el\u0259m\u0259kd\u0259n, gedib g\u0259lm\u0259kd\u0259n ayaqlar\u0131m qara su g\u0259tirib&#8221;.<\/em><\/p>\n\n\n\n<p>&#8220;<em>\u00d6lk\u0259 r\u0259hb\u0259rliyi deyir ki, m\u0259murlar v\u0259t\u0259nda\u015f\u0131 incidirs\u0259, ona bildir\u0259k. D\u0259f\u0259l\u0259rl\u0259 deyir\u0259m, ancaq e\u015fid\u0259n yoxdur. M\u0259murlar m\u0259nim kimi k\u00f6m\u0259ksiz, kas\u0131b v\u0259t\u0259nda\u015flar\u0131 \u00e7ox incidir, s\u00fcr\u00fcnd\u00fcr\u00fcr, \u015fikay\u0259tl\u0259r qulaqard\u0131na edilir. C\u0259lilabadda m\u0259murlar at oynad\u0131r. \u00d6zl\u0259ri t\u0259minatl\u0131, kas\u0131b t\u0259b\u0259q\u0259 ehtiyac i\u00e7ind\u0259dir. Heyvan d\u00f6vl\u0259t hesab\u0131na verilir d\u0259, el\u0259 bil \u015f\u0259xsi cibl\u0259rind\u0259ndir. \u00d6z\u00fcn\u00fcm\u0259\u015f\u011fulluq proqram\u0131 i\u015fsiz, ehtiyacl\u0131, kas\u0131b \u00fc\u00e7\u00fcn deyil? Bir evim var, bir ota\u011f\u0131 ancaq y\u00fcng\u00fcl t\u0259mirdi. Ail\u0259m m\u0259nim \u00fcmidim\u0259dir. Bir hektar torpaq sah\u0259miz olsa da, bu il pulsuzluqdan noxudu da \u0259k\u0259 bilm\u0259dik. \u018fkin\u0259, t\u0259s\u0259rr\u00fcfata pul laz\u0131md\u0131r. Ald\u0131\u011f\u0131m pensiyan\u0131n 300 manat\u0131 \u0259m\u0259liyyat \u00fc\u00e7\u00fcn g\u00f6t\u00fcrd\u00fcy\u00fcm kredit\u0259 gedir, 63 manat \u0259rza\u011fa, kommunala qal\u0131r. \u0130\u015f yox, m\u0259\u015f\u011fulluq yox. Nec\u0259 dolanaq? &#8220;, &#8211; <\/em>dey\u0259 o naraz\u0131l\u0131\u011f\u0131n\u0131 bel\u0259 ifad\u0259 edir.<\/p>\n\n\n\n<p><strong>Agentlik ittihamlar\u0131 q\u0259bul etmir&#8230;<\/strong><\/p>\n\n\n\n<p>D\u00f6vl\u0259t M\u0259\u015f\u011fulluq Agentliyinin m\u0259tbuat xidm\u0259tinin r\u0259hb\u0259ri \u018fsm\u0259r N\u0259cm\u0259ddin q\u0131z\u0131 is\u0259 v\u0259t\u0259nda\u015f\u0131n ittihamlar\u0131n\u0131 q\u0259bul etmir.<\/p>\n\n\n\n<p>Deyir ki, 2018-ci ild\u0259 v\u0259t\u0259nda\u015f r\u0259smi deyil, \u015fifahi m\u00fcraci\u0259t etdiyind\u0259n qeydiyyata al\u0131nmay\u0131b.<\/p>\n\n\n<div class=\"wp-block-image\">\n<figure class=\"aligncenter size-full\"><img decoding=\"async\" width=\"1200\" height=\"675\" data-src=\"https:\/\/www.meydan.tv\/wp-content\/uploads\/sened-8.jpg\" alt=\"\" class=\"wp-image-306240 lazyload\" src=\"data:image\/svg+xml;base64,PHN2ZyB3aWR0aD0iMSIgaGVpZ2h0PSIxIiB4bWxucz0iaHR0cDovL3d3dy53My5vcmcvMjAwMC9zdmciPjwvc3ZnPg==\" style=\"--smush-placeholder-width: 1200px; --smush-placeholder-aspect-ratio: 1200\/675;\" \/><\/figure>\n<\/div>\n\n\n<p>Onun s\u00f6zl\u0259rin\u0259 g\u00f6r\u0259, 2022-ci ild\u0259 is\u0259 h\u0259bs h\u0259yat\u0131na g\u00f6r\u0259 deyil, \u0259m\u0259k qabiliyy\u0259tinin olmamas\u0131na g\u00f6r\u0259 \u00f6z\u00fcn\u00fcm\u0259\u015f\u011fulluq proqram\u0131 \u00fczr\u0259 qeydiyyata \u00f6z\u00fc deyil, h\u0259yat yolda\u015f\u0131 al\u0131n\u0131b:<\/p>\n\n\n\n<p><em>&#8220;V\u0259t\u0259nda\u015f S\u0259hr\u0259dov Dam\u0259ddin C\u0259bi o\u011flunun m\u00fcraci\u0259ti t\u0259r\u0259fimizd\u0259n ara\u015fd\u0131r\u0131l\u0131b. O, 04.04.2022-cil tarixind\u0259n qoyun\u00e7uluq z\u0259rfi \u00fczr\u0259 \u00f6z\u00fcn\u00fcm\u0259\u015f\u011fulluq proqram\u0131na m\u00fcraci\u0259t edib. V\u0259t\u0259nda\u015f\u0131n proqram \u00fc\u00e7\u00fcn uy\u011funlu\u011fu ara\u015fd\u0131r\u0131lan zaman Dam\u0259ddin S\u0259hr\u0259dovun 2-ci qrup \u0259lilliyinin oldu\u011fu v\u0259 \u0259m\u0259k qabiliyy\u0259tinin olmad\u0131\u011f\u0131 m\u00fc\u0259yy\u0259n edilib. Bu s\u0259b\u0259bd\u0259n v\u0259t\u0259nda\u015f\u0131n \u00f6z\u00fcn\u00fcm\u0259\u015f\u011fulluq proqram\u0131na c\u0259lbi m\u00fcmk\u00fcn olmay\u0131b. Bir ne\u00e7\u0259 d\u0259f\u0259 v\u0259t\u0259nda\u015fa bu bar\u0259d\u0259 m\u0259lumat verilib. &#8220;M\u0259\u015f\u011fulluq haqq\u0131nda&#8221; Qanuna \u0259sas\u0259n, \u00f6z\u00fcn\u00fcm\u0259\u015f\u011fulluq proqram\u0131na i\u015fsiz v\u0259 \u0259m\u0259k qabiliyy\u0259tli \u015f\u0259xsl\u0259r c\u0259lb edil\u0259 bil\u0259r&#8221;<\/em>.<\/p>\n\n\n\n<figure class=\"wp-block-image size-full\"><img decoding=\"async\" width=\"1200\" height=\"471\" data-src=\"https:\/\/www.meydan.tv\/wp-content\/uploads\/dovlet_mesgulluq_agentliyi_logo.png\" alt=\"\" class=\"wp-image-272597 lazyload\" src=\"data:image\/svg+xml;base64,PHN2ZyB3aWR0aD0iMSIgaGVpZ2h0PSIxIiB4bWxucz0iaHR0cDovL3d3dy53My5vcmcvMjAwMC9zdmciPjwvc3ZnPg==\" style=\"--smush-placeholder-width: 1200px; --smush-placeholder-aspect-ratio: 1200\/471;\" \/><figcaption class=\"wp-element-caption\">D\u00f6vl\u0259t M\u0259\u015f\u011fulluq Xidm\u0259ti<\/figcaption><\/figure>\n\n\n\n<p>&#8220;<em>Ail\u0259y\u0259 d\u0259st\u0259k olmaq \u00fc\u00e7\u00fcn v\u0259t\u0259nda\u015f\u0131n h\u0259yat yolda\u015f\u0131 N\u0259ciyeva Sona H\u00fcseyn q\u0131z\u0131n\u0131n qeydiyyat\u0131 apar\u0131l\u0131b v\u0259 onlar\u0131n ist\u0259dikl\u0259ri istiqam\u0259t \u00fczr\u0259 \u00f6z\u00fcn\u00fcm\u0259\u015f\u011fulluq proqram\u0131na c\u0259lb edilm\u0259si m\u0259qs\u0259dil\u0259 n\u00f6vb\u0259lilik qaydas\u0131nda \u015f\u0259raitin\u0259 bax\u0131\u015f ke\u00e7iril\u0259c\u0259k v\u0259 m\u00fcvafiq t\u0259dbirl\u0259rin g\u00f6r\u00fclm\u0259si t\u0259min edil\u0259c\u0259k&#8221;, &#8211;<\/em> qurumun r\u0259smisi bildirib.<\/p>\n\n\n\n<p>Agentliyin s\u00f6z\u00e7\u00fcs\u00fc deyir ki, bu proses n\u00f6vb\u0259li v\u0259 m\u0259rk\u0259zl\u0259\u015fdirilmi\u015f qaydada h\u0259yata ke\u00e7irilir:<\/p>\n\n\n\n<p><em>&#8220;O ki qald\u0131 son iki ild\u0259 prosedurun gecikm\u0259sin\u0259, biz he\u00e7 bir v\u0259t\u0259nda\u015fa konkret vaxt demirik. Bu n\u00f6vb\u0259d\u0259 olan \u015f\u0259xsl\u0259rin say\u0131ndan, uy\u011funlu\u011fundan, eyni zamanda, monitorinql\u0259rin ke\u00e7irilm\u0259 aral\u0131\u011f\u0131ndan as\u0131l\u0131d\u0131r. Bu proses birm\u0259nal\u0131 n\u00f6vb\u0259li v\u0259 m\u0259rk\u0259zl\u0259\u015fdirilmi\u015f qaydada h\u0259yata ke\u00e7irilir. Sayt\u0131m\u0131zda a\u00e7\u0131q reyestr var. V\u0259t\u0259nda\u015flar \u00f6zl\u0259ri d\u0259 prosesi ayd\u0131n izl\u0259y\u0259 bil\u0259rl\u0259r&#8221;.<\/em><\/p>\n\n\n\n<p><strong>V\u0259t\u0259nda\u015f qurumun a\u00e7\u0131qlamas\u0131n\u0131 &#8220;a\u011f yalan&#8221; say\u0131r&#8230;<\/strong><\/p>\n\n\n\n<p>Dam\u0259ddin S\u0259hr\u0259dov qurumun bu m\u00f6vqeyi il\u0259 raz\u0131la\u015fm\u0131r, h\u0259tta &#8220;a\u011f yalan&#8221; adland\u0131r\u0131r:<\/p>\n\n\n\n<p>&#8220;<em>Yaland\u0131r. 2018-ci ilin mart ay\u0131nda m\u0259ni M\u0259\u015f\u011fulluq Agentliyinin regional idar\u0259sind\u0259 M\u0259tl\u0259b adl\u0131 \u0259m\u0259kda\u015f r\u0259smi qeydiyyata ald\u0131. Onda \u0259lil d\u0259r\u0259c\u0259m var idi v\u0259 m\u0259n\u0259 bu bar\u0259d\u0259 m\u0259lumat verilm\u0259di ki, II qrup \u0259lil \u0259m\u0259k qabiliyy\u0259tini itirmi\u015f say\u0131l\u0131r v\u0259 ona d\u00fc\u015fm\u00fcr. H\u0259tta m\u0259n h\u0259bsd\u0259 olark\u0259n h\u0259yat yolda\u015f\u0131m v\u0259 o\u011flum yenid\u0259n idar\u0259y\u0259 gedib heyvanla maraqlananda deyibl\u0259r ki, ya h\u0259bsd\u0259n \u00e7\u0131xmal\u0131, ya ad\u0131ndan etibarnam\u0259 g\u0259tirm\u0259lisiniz&#8221;.<\/em><\/p>\n\n\n<div class=\"wp-block-image\">\n<figure class=\"aligncenter size-large\"><img decoding=\"async\" width=\"1095\" height=\"821\" data-src=\"https:\/\/www.meydan.tv\/wp-content\/uploads\/img-20240508-wa0026-1095x821.jpg\" alt=\"\" class=\"wp-image-306248 lazyload\" src=\"data:image\/svg+xml;base64,PHN2ZyB3aWR0aD0iMSIgaGVpZ2h0PSIxIiB4bWxucz0iaHR0cDovL3d3dy53My5vcmcvMjAwMC9zdmciPjwvc3ZnPg==\" style=\"--smush-placeholder-width: 1095px; --smush-placeholder-aspect-ratio: 1095\/821;\" \/><\/figure>\n<\/div>\n\n\n<p><em>&#8220;2022-ci ilin aprelind\u0259 is\u0259 b\u0259ra\u0259t al\u0131b h\u0259bsd\u0259n \u00e7\u0131xanda t\u0259krar getmi\u015f\u0259m v\u0259 m\u0259n\u0259 bildiribl\u0259r ki, h\u0259m h\u0259bs h\u0259yat\u0131n, h\u0259m d\u0259 a\u011f\u0131r x\u0259st\u0259lik d\u0259r\u0259c\u0259n s\u0259n\u0259 imkan vermir. N\u0259tic\u0259d\u0259 m\u0259n\u0259 \u0259riz\u0259 yazd\u0131r\u0131b d\u00f6rd illik g\u00f6zl\u0259tm\u0259ni l\u0259\u011fv etdiribl\u0259r. Bu s\u0259b\u0259bd\u0259n h\u0259yat yolda\u015f\u0131m t\u0259krar yaz\u0131l\u0131b v\u0259 o da bel\u0259 bo\u015f v\u0259dl\u0259rl\u0259 uzad\u0131l\u0131r. M\u0259qs\u0259dl\u0259ri v\u0259t\u0259nda\u015f\u0131 h\u0259yat\u0131ndan bezdirm\u0259k, hans\u0131sa bir cinay\u0259t \u0259m\u0259lin\u0259 t\u0259hrik etm\u0259kdir&#8221;, <\/em>&#8211; dey\u0259 o D\u00f6vl\u0259t M\u0259\u015f\u011fulluq Agentliyini q\u0131nay\u0131b.<\/p>\n","protected":false},"excerpt":{"rendered":"<p>C\u0259lilabad sakini deyir ki, r\u00fc\u015fv\u0259t verm\u0259diyi \u00fc\u00e7\u00fcn D\u00f6vl\u0259t M\u0259\u015f\u011fulluq Agentliyi &#8230; <\/p>\n<p class=\"read-more-container\"><a title=\"M\u0259mur s\u00fcr\u00fcnd\u00fcrm\u0259\u00e7iliyind\u0259n bez\u0259n v\u0259t\u0259nda\u015f: &#8220;\u0130ntihar h\u0259ddind\u0259y\u0259m&#8221;\" class=\"read-more button\" href=\"https:\/\/www.meydan.tv\/az\/article\/memur-surundurmeciliyinden-bezen-vetendas-intihar-heddindeyem\/#more-306230\" aria-label=\"Read more about M\u0259mur s\u00fcr\u00fcnd\u00fcrm\u0259\u00e7iliyind\u0259n bez\u0259n v\u0259t\u0259nda\u015f: &#8220;\u0130ntihar h\u0259ddind\u0259y\u0259m&#8221;\">Davam\u0131<\/a><\/p>\n","protected":false},"author":8,"featured_media":306234,"comment_status":"closed","ping_status":"closed","sticky":false,"template":"","format":"standard","meta":{"_acf_changed":false,"_sitemap_exclude":false,"_sitemap_priority":"","_sitemap_frequency":"","footnotes":""},"categories":[60,79,56],"tags":[],"class_list":["post-306230","post","type-post","status-publish","format-standard","has-post-thumbnail","hentry","category-bolge","category-featured","category-xeberler","infinite-scroll-item","generate-columns","tablet-grid-50","mobile-grid-100","grid-parent","grid-33","no-featured-image-padding"],"acf":[],"yoast_head":"<!-- This site is optimized with the Yoast SEO plugin v27.4 - https:\/\/yoast.com\/product\/yoast-seo-wordpress\/ -->\n<title>M\u0259mur s\u00fcr\u00fcnd\u00fcrm\u0259\u00e7iliyind\u0259n bez\u0259n v\u0259t\u0259nda\u015f: &quot;\u0130ntihar h\u0259ddind\u0259y\u0259m&quot; - MEYDAN.TV<\/title>\n<meta name=\"robots\" content=\"index, follow, max-snippet:-1, max-image-preview:large, max-video-preview:-1\" \/>\n<link rel=\"canonical\" href=\"https:\/\/www.meydan.tv\/az\/article\/memur-surundurmeciliyinden-bezen-vetendas-intihar-heddindeyem\/\" \/>\n<meta property=\"og:locale\" content=\"az_AZ\" \/>\n<meta property=\"og:type\" content=\"article\" \/>\n<meta property=\"og:title\" content=\"M\u0259mur s\u00fcr\u00fcnd\u00fcrm\u0259\u00e7iliyind\u0259n bez\u0259n v\u0259t\u0259nda\u015f: &quot;\u0130ntihar h\u0259ddind\u0259y\u0259m&quot; - MEYDAN.TV\" \/>\n<meta property=\"og:description\" content=\"C\u0259lilabad sakini deyir ki, r\u00fc\u015fv\u0259t verm\u0259diyi \u00fc\u00e7\u00fcn D\u00f6vl\u0259t M\u0259\u015f\u011fulluq Agentliyi ... Davam\u0131\" \/>\n<meta property=\"og:url\" content=\"https:\/\/www.meydan.tv\/az\/article\/memur-surundurmeciliyinden-bezen-vetendas-intihar-heddindeyem\/\" \/>\n<meta property=\"og:site_name\" content=\"MEYDAN.TV\" \/>\n<meta property=\"article:published_time\" content=\"2024-05-21T08:48:47+00:00\" \/>\n<meta property=\"article:modified_time\" content=\"2024-05-21T08:48:53+00:00\" \/>\n<meta property=\"og:image\" content=\"https:\/\/www.meydan.tv\/wp-content\/uploads\/img-20240508-wa0054-1.jpg\" \/>\n\t<meta property=\"og:image:width\" content=\"1200\" \/>\n\t<meta property=\"og:image:height\" content=\"900\" \/>\n\t<meta property=\"og:image:type\" content=\"image\/jpeg\" \/>\n<meta name=\"author\" content=\"elli\" \/>\n<meta name=\"twitter:card\" content=\"summary_large_image\" \/>\n<meta name=\"twitter:creator\" content=\"@elli\" \/>\n<script type=\"application\/ld+json\" class=\"yoast-schema-graph\">{\"@context\":\"https:\\\/\\\/schema.org\",\"@graph\":[{\"@type\":\"Article\",\"@id\":\"https:\\\/\\\/www.meydan.tv\\\/az\\\/article\\\/memur-surundurmeciliyinden-bezen-vetendas-intihar-heddindeyem\\\/#article\",\"isPartOf\":{\"@id\":\"https:\\\/\\\/www.meydan.tv\\\/az\\\/article\\\/memur-surundurmeciliyinden-bezen-vetendas-intihar-heddindeyem\\\/\"},\"author\":{\"name\":\"elli\",\"@id\":\"https:\\\/\\\/www.meydan.tv\\\/az\\\/#\\\/schema\\\/person\\\/9cdbecf90d17180ce1dfbd95b08dcf47\"},\"headline\":\"M\u0259mur s\u00fcr\u00fcnd\u00fcrm\u0259\u00e7iliyind\u0259n bez\u0259n v\u0259t\u0259nda\u015f: &#8220;\u0130ntihar h\u0259ddind\u0259y\u0259m&#8221;\",\"datePublished\":\"2024-05-21T08:48:47+00:00\",\"dateModified\":\"2024-05-21T08:48:53+00:00\",\"mainEntityOfPage\":{\"@id\":\"https:\\\/\\\/www.meydan.tv\\\/az\\\/article\\\/memur-surundurmeciliyinden-bezen-vetendas-intihar-heddindeyem\\\/\"},\"wordCount\":1635,\"publisher\":{\"@id\":\"https:\\\/\\\/www.meydan.tv\\\/az\\\/#organization\"},\"image\":{\"@id\":\"https:\\\/\\\/www.meydan.tv\\\/az\\\/article\\\/memur-surundurmeciliyinden-bezen-vetendas-intihar-heddindeyem\\\/#primaryimage\"},\"thumbnailUrl\":\"https:\\\/\\\/www.meydan.tv\\\/wp-content\\\/uploads\\\/img-20240508-wa0054-1.jpg\",\"articleSection\":[\"B\u00f6lg\u0259\",\"T\u00f6vsiy\u0259\",\"X\u0259b\u0259rl\u0259r\"],\"inLanguage\":\"az\"},{\"@type\":\"WebPage\",\"@id\":\"https:\\\/\\\/www.meydan.tv\\\/az\\\/article\\\/memur-surundurmeciliyinden-bezen-vetendas-intihar-heddindeyem\\\/\",\"url\":\"https:\\\/\\\/www.meydan.tv\\\/az\\\/article\\\/memur-surundurmeciliyinden-bezen-vetendas-intihar-heddindeyem\\\/\",\"name\":\"M\u0259mur s\u00fcr\u00fcnd\u00fcrm\u0259\u00e7iliyind\u0259n bez\u0259n v\u0259t\u0259nda\u015f: \\\"\u0130ntihar h\u0259ddind\u0259y\u0259m\\\" - MEYDAN.TV\",\"isPartOf\":{\"@id\":\"https:\\\/\\\/www.meydan.tv\\\/az\\\/#website\"},\"primaryImageOfPage\":{\"@id\":\"https:\\\/\\\/www.meydan.tv\\\/az\\\/article\\\/memur-surundurmeciliyinden-bezen-vetendas-intihar-heddindeyem\\\/#primaryimage\"},\"image\":{\"@id\":\"https:\\\/\\\/www.meydan.tv\\\/az\\\/article\\\/memur-surundurmeciliyinden-bezen-vetendas-intihar-heddindeyem\\\/#primaryimage\"},\"thumbnailUrl\":\"https:\\\/\\\/www.meydan.tv\\\/wp-content\\\/uploads\\\/img-20240508-wa0054-1.jpg\",\"datePublished\":\"2024-05-21T08:48:47+00:00\",\"dateModified\":\"2024-05-21T08:48:53+00:00\",\"breadcrumb\":{\"@id\":\"https:\\\/\\\/www.meydan.tv\\\/az\\\/article\\\/memur-surundurmeciliyinden-bezen-vetendas-intihar-heddindeyem\\\/#breadcrumb\"},\"inLanguage\":\"az\",\"potentialAction\":[{\"@type\":\"ReadAction\",\"target\":[\"https:\\\/\\\/www.meydan.tv\\\/az\\\/article\\\/memur-surundurmeciliyinden-bezen-vetendas-intihar-heddindeyem\\\/\"]}]},{\"@type\":\"ImageObject\",\"inLanguage\":\"az\",\"@id\":\"https:\\\/\\\/www.meydan.tv\\\/az\\\/article\\\/memur-surundurmeciliyinden-bezen-vetendas-intihar-heddindeyem\\\/#primaryimage\",\"url\":\"https:\\\/\\\/www.meydan.tv\\\/wp-content\\\/uploads\\\/img-20240508-wa0054-1.jpg\",\"contentUrl\":\"https:\\\/\\\/www.meydan.tv\\\/wp-content\\\/uploads\\\/img-20240508-wa0054-1.jpg\",\"width\":1200,\"height\":900,\"caption\":\"Fotolar: Meydan TV\"},{\"@type\":\"BreadcrumbList\",\"@id\":\"https:\\\/\\\/www.meydan.tv\\\/az\\\/article\\\/memur-surundurmeciliyinden-bezen-vetendas-intihar-heddindeyem\\\/#breadcrumb\",\"itemListElement\":[{\"@type\":\"ListItem\",\"position\":1,\"name\":\"Ana s\u0259hif\u0259\",\"item\":\"https:\\\/\\\/www.meydan.tv\\\/az\\\/\"},{\"@type\":\"ListItem\",\"position\":2,\"name\":\"B\u00f6lg\u0259\",\"item\":\"https:\\\/\\\/www.meydan.tv\\\/az\\\/section\\\/bolge\\\/\"},{\"@type\":\"ListItem\",\"position\":3,\"name\":\"M\u0259mur s\u00fcr\u00fcnd\u00fcrm\u0259\u00e7iliyind\u0259n bez\u0259n v\u0259t\u0259nda\u015f: &#8220;\u0130ntihar h\u0259ddind\u0259y\u0259m&#8221;\"}]},{\"@type\":\"WebSite\",\"@id\":\"https:\\\/\\\/www.meydan.tv\\\/az\\\/#website\",\"url\":\"https:\\\/\\\/www.meydan.tv\\\/az\\\/\",\"name\":\"MEYDAN.TV\",\"description\":\"Meydan TV Az\u0259rbaycan\u0131n media m\u0259kan\u0131ndak\u0131 alternativ s\u0259sidir\",\"publisher\":{\"@id\":\"https:\\\/\\\/www.meydan.tv\\\/az\\\/#organization\"},\"potentialAction\":[{\"@type\":\"SearchAction\",\"target\":{\"@type\":\"EntryPoint\",\"urlTemplate\":\"https:\\\/\\\/www.meydan.tv\\\/az\\\/?s={search_term_string}\"},\"query-input\":{\"@type\":\"PropertyValueSpecification\",\"valueRequired\":true,\"valueName\":\"search_term_string\"}}],\"inLanguage\":\"az\"},{\"@type\":\"Organization\",\"@id\":\"https:\\\/\\\/www.meydan.tv\\\/az\\\/#organization\",\"name\":\"Meydan TV\",\"url\":\"https:\\\/\\\/www.meydan.tv\\\/az\\\/\",\"logo\":{\"@type\":\"ImageObject\",\"inLanguage\":\"az\",\"@id\":\"https:\\\/\\\/www.meydan.tv\\\/az\\\/#\\\/schema\\\/logo\\\/image\\\/\",\"url\":\"https:\\\/\\\/www.meydan.tv\\\/wp-content\\\/uploads\\\/2021\\\/07\\\/meydan-logo.svg\",\"contentUrl\":\"https:\\\/\\\/www.meydan.tv\\\/wp-content\\\/uploads\\\/2021\\\/07\\\/meydan-logo.svg\",\"width\":195,\"height\":46,\"caption\":\"Meydan TV\"},\"image\":{\"@id\":\"https:\\\/\\\/www.meydan.tv\\\/az\\\/#\\\/schema\\\/logo\\\/image\\\/\"}},{\"@type\":\"Person\",\"@id\":\"https:\\\/\\\/www.meydan.tv\\\/az\\\/#\\\/schema\\\/person\\\/9cdbecf90d17180ce1dfbd95b08dcf47\",\"name\":\"elli\",\"sameAs\":[\"https:\\\/\\\/x.com\\\/elli\"]}]}<\/script>\n<!-- \/ Yoast SEO plugin. -->","yoast_head_json":{"title":"M\u0259mur s\u00fcr\u00fcnd\u00fcrm\u0259\u00e7iliyind\u0259n bez\u0259n v\u0259t\u0259nda\u015f: \"\u0130ntihar h\u0259ddind\u0259y\u0259m\" - MEYDAN.TV","robots":{"index":"index","follow":"follow","max-snippet":"max-snippet:-1","max-image-preview":"max-image-preview:large","max-video-preview":"max-video-preview:-1"},"canonical":"https:\/\/www.meydan.tv\/az\/article\/memur-surundurmeciliyinden-bezen-vetendas-intihar-heddindeyem\/","og_locale":"az_AZ","og_type":"article","og_title":"M\u0259mur s\u00fcr\u00fcnd\u00fcrm\u0259\u00e7iliyind\u0259n bez\u0259n v\u0259t\u0259nda\u015f: \"\u0130ntihar h\u0259ddind\u0259y\u0259m\" - MEYDAN.TV","og_description":"C\u0259lilabad sakini deyir ki, r\u00fc\u015fv\u0259t verm\u0259diyi \u00fc\u00e7\u00fcn D\u00f6vl\u0259t M\u0259\u015f\u011fulluq Agentliyi ... Davam\u0131","og_url":"https:\/\/www.meydan.tv\/az\/article\/memur-surundurmeciliyinden-bezen-vetendas-intihar-heddindeyem\/","og_site_name":"MEYDAN.TV","article_published_time":"2024-05-21T08:48:47+00:00","article_modified_time":"2024-05-21T08:48:53+00:00","og_image":[{"width":1200,"height":900,"url":"https:\/\/www.meydan.tv\/wp-content\/uploads\/img-20240508-wa0054-1.jpg","type":"image\/jpeg"}],"author":"elli","twitter_card":"summary_large_image","twitter_creator":"@elli","schema":{"@context":"https:\/\/schema.org","@graph":[{"@type":"Article","@id":"https:\/\/www.meydan.tv\/az\/article\/memur-surundurmeciliyinden-bezen-vetendas-intihar-heddindeyem\/#article","isPartOf":{"@id":"https:\/\/www.meydan.tv\/az\/article\/memur-surundurmeciliyinden-bezen-vetendas-intihar-heddindeyem\/"},"author":{"name":"elli","@id":"https:\/\/www.meydan.tv\/az\/#\/schema\/person\/9cdbecf90d17180ce1dfbd95b08dcf47"},"headline":"M\u0259mur s\u00fcr\u00fcnd\u00fcrm\u0259\u00e7iliyind\u0259n bez\u0259n v\u0259t\u0259nda\u015f: &#8220;\u0130ntihar h\u0259ddind\u0259y\u0259m&#8221;","datePublished":"2024-05-21T08:48:47+00:00","dateModified":"2024-05-21T08:48:53+00:00","mainEntityOfPage":{"@id":"https:\/\/www.meydan.tv\/az\/article\/memur-surundurmeciliyinden-bezen-vetendas-intihar-heddindeyem\/"},"wordCount":1635,"publisher":{"@id":"https:\/\/www.meydan.tv\/az\/#organization"},"image":{"@id":"https:\/\/www.meydan.tv\/az\/article\/memur-surundurmeciliyinden-bezen-vetendas-intihar-heddindeyem\/#primaryimage"},"thumbnailUrl":"https:\/\/www.meydan.tv\/wp-content\/uploads\/img-20240508-wa0054-1.jpg","articleSection":["B\u00f6lg\u0259","T\u00f6vsiy\u0259","X\u0259b\u0259rl\u0259r"],"inLanguage":"az"},{"@type":"WebPage","@id":"https:\/\/www.meydan.tv\/az\/article\/memur-surundurmeciliyinden-bezen-vetendas-intihar-heddindeyem\/","url":"https:\/\/www.meydan.tv\/az\/article\/memur-surundurmeciliyinden-bezen-vetendas-intihar-heddindeyem\/","name":"M\u0259mur s\u00fcr\u00fcnd\u00fcrm\u0259\u00e7iliyind\u0259n bez\u0259n v\u0259t\u0259nda\u015f: \"\u0130ntihar h\u0259ddind\u0259y\u0259m\" - MEYDAN.TV","isPartOf":{"@id":"https:\/\/www.meydan.tv\/az\/#website"},"primaryImageOfPage":{"@id":"https:\/\/www.meydan.tv\/az\/article\/memur-surundurmeciliyinden-bezen-vetendas-intihar-heddindeyem\/#primaryimage"},"image":{"@id":"https:\/\/www.meydan.tv\/az\/article\/memur-surundurmeciliyinden-bezen-vetendas-intihar-heddindeyem\/#primaryimage"},"thumbnailUrl":"https:\/\/www.meydan.tv\/wp-content\/uploads\/img-20240508-wa0054-1.jpg","datePublished":"2024-05-21T08:48:47+00:00","dateModified":"2024-05-21T08:48:53+00:00","breadcrumb":{"@id":"https:\/\/www.meydan.tv\/az\/article\/memur-surundurmeciliyinden-bezen-vetendas-intihar-heddindeyem\/#breadcrumb"},"inLanguage":"az","potentialAction":[{"@type":"ReadAction","target":["https:\/\/www.meydan.tv\/az\/article\/memur-surundurmeciliyinden-bezen-vetendas-intihar-heddindeyem\/"]}]},{"@type":"ImageObject","inLanguage":"az","@id":"https:\/\/www.meydan.tv\/az\/article\/memur-surundurmeciliyinden-bezen-vetendas-intihar-heddindeyem\/#primaryimage","url":"https:\/\/www.meydan.tv\/wp-content\/uploads\/img-20240508-wa0054-1.jpg","contentUrl":"https:\/\/www.meydan.tv\/wp-content\/uploads\/img-20240508-wa0054-1.jpg","width":1200,"height":900,"caption":"Fotolar: Meydan TV"},{"@type":"BreadcrumbList","@id":"https:\/\/www.meydan.tv\/az\/article\/memur-surundurmeciliyinden-bezen-vetendas-intihar-heddindeyem\/#breadcrumb","itemListElement":[{"@type":"ListItem","position":1,"name":"Ana s\u0259hif\u0259","item":"https:\/\/www.meydan.tv\/az\/"},{"@type":"ListItem","position":2,"name":"B\u00f6lg\u0259","item":"https:\/\/www.meydan.tv\/az\/section\/bolge\/"},{"@type":"ListItem","position":3,"name":"M\u0259mur s\u00fcr\u00fcnd\u00fcrm\u0259\u00e7iliyind\u0259n bez\u0259n v\u0259t\u0259nda\u015f: &#8220;\u0130ntihar h\u0259ddind\u0259y\u0259m&#8221;"}]},{"@type":"WebSite","@id":"https:\/\/www.meydan.tv\/az\/#website","url":"https:\/\/www.meydan.tv\/az\/","name":"MEYDAN.TV","description":"Meydan TV Az\u0259rbaycan\u0131n media m\u0259kan\u0131ndak\u0131 alternativ s\u0259sidir","publisher":{"@id":"https:\/\/www.meydan.tv\/az\/#organization"},"potentialAction":[{"@type":"SearchAction","target":{"@type":"EntryPoint","urlTemplate":"https:\/\/www.meydan.tv\/az\/?s={search_term_string}"},"query-input":{"@type":"PropertyValueSpecification","valueRequired":true,"valueName":"search_term_string"}}],"inLanguage":"az"},{"@type":"Organization","@id":"https:\/\/www.meydan.tv\/az\/#organization","name":"Meydan TV","url":"https:\/\/www.meydan.tv\/az\/","logo":{"@type":"ImageObject","inLanguage":"az","@id":"https:\/\/www.meydan.tv\/az\/#\/schema\/logo\/image\/","url":"https:\/\/www.meydan.tv\/wp-content\/uploads\/2021\/07\/meydan-logo.svg","contentUrl":"https:\/\/www.meydan.tv\/wp-content\/uploads\/2021\/07\/meydan-logo.svg","width":195,"height":46,"caption":"Meydan TV"},"image":{"@id":"https:\/\/www.meydan.tv\/az\/#\/schema\/logo\/image\/"}},{"@type":"Person","@id":"https:\/\/www.meydan.tv\/az\/#\/schema\/person\/9cdbecf90d17180ce1dfbd95b08dcf47","name":"elli","sameAs":["https:\/\/x.com\/elli"]}]}},"_links":{"self":[{"href":"https:\/\/www.meydan.tv\/az\/wp-json\/wp\/v2\/posts\/306230","targetHints":{"allow":["GET"]}}],"collection":[{"href":"https:\/\/www.meydan.tv\/az\/wp-json\/wp\/v2\/posts"}],"about":[{"href":"https:\/\/www.meydan.tv\/az\/wp-json\/wp\/v2\/types\/post"}],"author":[{"embeddable":true,"href":"https:\/\/www.meydan.tv\/az\/wp-json\/wp\/v2\/users\/8"}],"replies":[{"embeddable":true,"href":"https:\/\/www.meydan.tv\/az\/wp-json\/wp\/v2\/comments?post=306230"}],"version-history":[{"count":3,"href":"https:\/\/www.meydan.tv\/az\/wp-json\/wp\/v2\/posts\/306230\/revisions"}],"predecessor-version":[{"id":306261,"href":"https:\/\/www.meydan.tv\/az\/wp-json\/wp\/v2\/posts\/306230\/revisions\/306261"}],"wp:featuredmedia":[{"embeddable":true,"href":"https:\/\/www.meydan.tv\/az\/wp-json\/wp\/v2\/media\/306234"}],"wp:attachment":[{"href":"https:\/\/www.meydan.tv\/az\/wp-json\/wp\/v2\/media?parent=306230"}],"wp:term":[{"taxonomy":"category","embeddable":true,"href":"https:\/\/www.meydan.tv\/az\/wp-json\/wp\/v2\/categories?post=306230"},{"taxonomy":"post_tag","embeddable":true,"href":"https:\/\/www.meydan.tv\/az\/wp-json\/wp\/v2\/tags?post=306230"}],"curies":[{"name":"wp","href":"https:\/\/api.w.org\/{rel}","templated":true}]}}