{"id":306161,"date":"2024-05-20T13:41:24","date_gmt":"2024-05-20T09:41:24","guid":{"rendered":"https:\/\/www.meydan.tv\/?p=306161"},"modified":"2024-05-20T13:41:29","modified_gmt":"2024-05-20T09:41:29","slug":"yagmurlu-hava-fermerleri-ziyana-salib","status":"publish","type":"post","link":"https:\/\/www.meydan.tv\/az\/article\/yagmurlu-hava-fermerleri-ziyana-salib\/","title":{"rendered":"Ya\u011fmurlu hava fermerl\u0259ri ziyana sal\u0131b"},"content":{"rendered":"\n<p><\/p>\n\n\n\n<p><strong><em>Bu il tax\u0131l, yonca, t\u0259r\u0259v\u0259z m\u0259hsullar\u0131n\u0131n az olaca\u011f\u0131 bildirilir<\/em><\/strong><\/p>\n\n\n\n<p>Az\u0259rbaycan\u0131n b\u00f6lg\u0259l\u0259rind\u0259 bir ne\u00e7\u0259 g\u00fcnd\u00fcr davam ed\u0259n ya\u011fmurlu hava \u015f\u0259raiti t\u0259s\u0259rr\u00fcfatlara ciddi ziyan vurub. Leysan ya\u011f\u0131\u015flar, sel s\u0259b\u0259bind\u0259n hektarlarla pamb\u0131q, tax\u0131l, yonca, t\u0259r\u0259v\u0259z sah\u0259l\u0259rini su bas\u0131b, bir ne\u00e7\u0259 rayonda dolu meyv\u0259 a\u011faclar\u0131n\u0131 m\u0259hv edib.<\/p>\n\n\n\n<p>Fermerl\u0259r deyirl\u0259r ki, x\u00fcsusil\u0259 yonca v\u0259 tax\u0131l sah\u0259l\u0259rind\u0259 m\u0259hsuldarl\u0131q y\u00fcks\u0259k olmayacaq. Bir il \u00e7\u0259kdikl\u0259ri \u0259ziyy\u0259t bo\u015fa ged\u0259c\u0259k. H\u0259m\u00e7inin \u00e7iy\u0259l\u0259k, gilas, \u0259rik v\u0259 dig\u0259r m\u00f6vs\u00fcmi meyv\u0259l\u0259rin d\u0259 bol olaca\u011f\u0131 g\u00f6zl\u0259nilmir.<\/p>\n\n\n\n<p>Qazaxl\u0131 fermer M\u0259mm\u0259d \u018fliyev bildirib ki, 3 hektar tax\u0131l, yonca sah\u0259si su alt\u0131nda qal\u0131b. Su \u00e7\u0259kildikd\u0259n sonra da bir m\u00fcdd\u0259t sah\u0259y\u0259 girm\u0259k m\u00fcmk\u00fcn olmay\u0131b.<\/p>\n\n\n\n<p>\u201c<em>X\u0259rcl\u0259rimiz artm\u0131\u015fd\u0131, amma \u00e7ox \u00fcmidli idik ki, bu il m\u0259hsuldarl\u0131q y\u00fcks\u0259k olacaq, qazanaca\u011f\u0131q. Bir aydan sonra bi\u00e7in olacaq. Bu il d\u0259 hava imkan verm\u0259di. Borclar\u0131m\u0131 \u00f6d\u0259y\u0259 bilm\u0259y\u0259c\u0259m\u201d,-<\/em> M\u0259h\u0259mm\u0259d \u018fliyev deyib.<\/p>\n\n\n<div class=\"wp-block-image\">\n<figure class=\"aligncenter size-large\"><img decoding=\"async\" width=\"1200\" height=\"809\" data-src=\"https:\/\/www.meydan.tv\/wp-content\/uploads\/25705-1200x809.jpg\" alt=\"Tax\u0131l\" class=\"wp-image-67289 lazyload\" src=\"data:image\/svg+xml;base64,PHN2ZyB3aWR0aD0iMSIgaGVpZ2h0PSIxIiB4bWxucz0iaHR0cDovL3d3dy53My5vcmcvMjAwMC9zdmciPjwvc3ZnPg==\" style=\"--smush-placeholder-width: 1200px; --smush-placeholder-aspect-ratio: 1200\/809;\" \/><figcaption class=\"wp-element-caption\">Foto: arxiv<\/figcaption><\/figure>\n<\/div>\n\n\n<p>Ya\u011f\u0131\u015flardan sonra \u00e7ay\u0131n da\u015fmas\u0131 n\u0259tic\u0259sind\u0259 Qazax\u0131n A\u015fa\u011f\u0131 Salahl\u0131 v\u0259 Orta Salahl\u0131 k\u0259ndl\u0259rinin \u0259kin torpaqlar\u0131 su alt\u0131nda qal\u0131b. A\u015fa\u011f\u0131 Salahl\u0131 k\u0259ndind\u0259 k\u0259ndlil\u0259r\u0259 m\u0259xsus 230 hektara yax\u0131n sah\u0259ni su bas\u0131b. Sel \u00e7ay k\u0259nar\u0131nda yerl\u0259\u015f\u0259n t\u0259s\u0259rr\u00fcfatlar\u0131, x\u00fcsus\u0259n d\u0259 tax\u0131l, yonca, qar\u011f\u0131dal\u0131 sah\u0259l\u0259rini yuyub.<\/p>\n\n\n\n<p>Zaqatalada arams\u0131z leysan ya\u011f\u0131\u015flar\u0131ndan \u0259lav\u0259 dolu da sah\u0259l\u0259ri m\u0259hv edib. Fermerl\u0259r deyirl\u0259r ki, tax\u0131ldan g\u00f6zl\u0259ntil\u0259ri azd\u0131r.<\/p>\n\n\n\n<p>A\u011fdamda is\u0259 pamb\u0131q, tax\u0131ldan \u0259lav\u0259 so\u011fan sah\u0259l\u0259rini d\u0259 su bas\u0131b. Fermerl\u0259r d\u0259ymi\u015f z\u0259r\u0259rin m\u0259bl\u0259\u011fini bilmirl\u0259r.<\/p>\n\n\n\n<p>\u201c<em>Su laz\u0131m olanda \u00e7\u0259tinlik \u00e7\u0259kirik. \u0130ndi d\u0259 laz\u0131m olmayanda sah\u0259l\u0259ri su bas\u0131r. El\u0259 bil hava da kas\u0131b\u0131n q\u0259nimidir\u201d,<\/em>&#8211; a\u011fdaml\u0131 fermer Kamil Babayev deyib.<\/p>\n\n\n\n<p>K\u0259nd t\u0259s\u0259rr\u00fcfat\u0131 \u00fczr\u0259 ekspert Vahid M\u0259h\u0259rr\u0259mli Meydan TV-y\u0259 bildirib ki, qlobal iqlim d\u0259yi\u015fm\u0259si ba\u015f verir, may ay\u0131 \u00fc\u00e7\u00fcn xarakterik olmayan anomal hava \u015f\u0259raiti m\u00fc\u015fahid\u0259 edilir.<\/p>\n\n\n\n<p>\u201c<em>Havan\u0131n temperaturu a\u015fa\u011f\u0131 d\u00fc\u015f\u00fcb, intensiv ya\u011f\u0131\u015flar ya\u011f\u0131r. \u018fvv\u0259ll\u0259r dolu noxud boyda olurdusa, indi toyuq yumurtas\u0131 boyda dolu ya\u011f\u0131r, t\u0259s\u0259rr\u00fcfatlara ciddi ziyan vurur. Bu hal b\u00fct\u00fcn d\u00fcnyada ba\u015f verir\u201d,<\/em>&#8211; ekspert deyib.<\/p>\n\n\n<div class=\"wp-block-image\">\n<figure class=\"alignleft size-full is-resized\"><img decoding=\"async\" width=\"960\" height=\"506\" data-src=\"https:\/\/www.meydan.tv\/wp-content\/uploads\/45447-e1687097833687.jpg\" alt=\"Vahid M\u0259h\u0259rr\u0259mli\" class=\"wp-image-114069 lazyload\" style=\"--smush-placeholder-width: 960px; --smush-placeholder-aspect-ratio: 960\/506;width:373px;height:auto\" src=\"data:image\/svg+xml;base64,PHN2ZyB3aWR0aD0iMSIgaGVpZ2h0PSIxIiB4bWxucz0iaHR0cDovL3d3dy53My5vcmcvMjAwMC9zdmciPjwvc3ZnPg==\" \/><figcaption class=\"wp-element-caption\">Vahid M\u0259h\u0259rr\u0259mli. Foto: Meydan TV<\/figcaption><\/figure>\n<\/div>\n\n\n<p>Onun s\u00f6zl\u0259rin\u0259 g\u00f6r\u0259, temperaturun a\u015fa\u011f\u0131 d\u00fc\u015fm\u0259si bitkinin normal inki\u015faf\u0131n\u0131n qar\u015f\u0131s\u0131n\u0131 al\u0131r:<\/p>\n\n\n\n<p>\u201c<em>\u00d6lk\u0259 \u0259razisind\u0259 \u0259kin sah\u0259l\u0259rinin 60 faizind\u0259 tax\u0131l \u0259kinidir. \u0130ntensiv ya\u011f\u0131\u015flar fermerl\u0259rin sah\u0259d\u0259 i\u015fl\u0259m\u0259sin\u0259 imkan vermir. Ya\u011f\u0131\u015flar 10 g\u00fcn davam ed\u0259rs\u0259, m\u0259hsuldarl\u0131q ciddi \u015f\u0259kild\u0259 a\u015fa\u011f\u0131 d\u00fc\u015f\u0259c\u0259k\u201d.<\/em><\/p>\n\n\n\n<p>V.M\u0259h\u0259rr\u0259mli deyib ki, stress amill\u0259r\u0259 d\u00f6z\u00fcml\u00fc yerli sortlar \u0259kilmir. Maarifl\u0259ndirm\u0259 az apar\u0131ld\u0131\u011f\u0131ndan fermerl\u0259rin \u00e7oxu b\u0259zi g\u00fcbr\u0259l\u0259rd\u0259n, elementl\u0259rd\u0259n az istifad\u0259 edirl\u0259r:<\/p>\n\n\n\n<p>\u201c<em>\u00c7iy\u0259l\u0259k \u0259kini il\u0259 m\u0259\u015f\u011ful olan fermerl\u0259rin \u00e7oxu m\u0259hsuldarl\u0131\u011f\u0131n a\u015fa\u011f\u0131 olmas\u0131ndan \u015fikay\u0259tl\u0259nirl\u0259r. Elementl\u0259r az oldu\u011fundan bitkil\u0259r z\u0259if inki\u015faf edir. Bunu fermer\u0259 \u00f6yr\u0259tm\u0259k laz\u0131md\u0131r. Ya\u011f\u0131\u015flardan sonra temperatur k\u0259skin artarsa, g\u00f6b\u0259l\u0259k x\u0259st\u0259liyini m\u00fc\u015fahid\u0259 ed\u0259c\u0259yik. Fermerl\u0259r buna haz\u0131r olmal\u0131d\u0131rlar, d\u0259rhal m\u00fcbariz\u0259 t\u0259dbirl\u0259ri h\u0259yata ke\u00e7irm\u0259lidirl\u0259r. Ot istehsal\u0131nda da probleml\u0259r var, ot y\u0131\u011f\u0131ld\u0131, ya\u011f\u0131\u015f imkan verm\u0259diyi \u00fc\u00e7\u00fcn \u00e7\u00fcr\u00fcd\u00fc\u201d.<\/em><\/p>\n\n\n\n<p>Ekspert deyir ki, b\u0259zi sah\u0259l\u0259rd\u0259 vaxt\u0131nda \u0259kin apar\u0131lmad\u0131, ya\u011f\u0131\u015flardan sonra t\u0259krar \u0259kin\u0259 ehtiyac yaranacaq.<\/p>\n\n\n\n<p>H\u00f6kum\u0259t z\u0259r\u0259r\u00e7\u0259kmi\u015f fermerl\u0259r\u0259 hans\u0131 d\u0259st\u0259yi ver\u0259c\u0259yini a\u00e7\u0131qlamay\u0131b.<\/p>\n","protected":false},"excerpt":{"rendered":"<p>Bu il tax\u0131l, yonca, t\u0259r\u0259v\u0259z m\u0259hsullar\u0131n\u0131n az olaca\u011f\u0131 bildirilir Az\u0259rbaycan\u0131n &#8230; <\/p>\n<p class=\"read-more-container\"><a title=\"Ya\u011fmurlu hava fermerl\u0259ri ziyana sal\u0131b\" class=\"read-more button\" href=\"https:\/\/www.meydan.tv\/az\/article\/yagmurlu-hava-fermerleri-ziyana-salib\/#more-306161\" aria-label=\"Read more about Ya\u011fmurlu hava fermerl\u0259ri ziyana sal\u0131b\">Davam\u0131<\/a><\/p>\n","protected":false},"author":8,"featured_media":306162,"comment_status":"closed","ping_status":"closed","sticky":false,"template":"","format":"standard","meta":{"_acf_changed":false,"_sitemap_exclude":false,"_sitemap_priority":"","_sitemap_frequency":"","footnotes":""},"categories":[60,56],"tags":[],"class_list":["post-306161","post","type-post","status-publish","format-standard","has-post-thumbnail","hentry","category-bolge","category-xeberler","infinite-scroll-item","generate-columns","tablet-grid-50","mobile-grid-100","grid-parent","grid-33","no-featured-image-padding"],"acf":[],"yoast_head":"<!-- This site is optimized with the Yoast SEO plugin v27.4 - https:\/\/yoast.com\/product\/yoast-seo-wordpress\/ -->\n<title>Ya\u011fmurlu hava fermerl\u0259ri ziyana sal\u0131b - MEYDAN.TV<\/title>\n<meta name=\"robots\" content=\"index, follow, max-snippet:-1, max-image-preview:large, max-video-preview:-1\" \/>\n<link rel=\"canonical\" href=\"https:\/\/www.meydan.tv\/az\/article\/yagmurlu-hava-fermerleri-ziyana-salib\/\" \/>\n<meta property=\"og:locale\" content=\"az_AZ\" \/>\n<meta property=\"og:type\" content=\"article\" \/>\n<meta property=\"og:title\" content=\"Ya\u011fmurlu hava fermerl\u0259ri ziyana sal\u0131b - MEYDAN.TV\" \/>\n<meta property=\"og:description\" content=\"Bu il tax\u0131l, yonca, t\u0259r\u0259v\u0259z m\u0259hsullar\u0131n\u0131n az olaca\u011f\u0131 bildirilir Az\u0259rbaycan\u0131n ... Davam\u0131\" \/>\n<meta property=\"og:url\" content=\"https:\/\/www.meydan.tv\/az\/article\/yagmurlu-hava-fermerleri-ziyana-salib\/\" \/>\n<meta property=\"og:site_name\" content=\"MEYDAN.TV\" \/>\n<meta property=\"article:published_time\" content=\"2024-05-20T09:41:24+00:00\" \/>\n<meta property=\"article:modified_time\" content=\"2024-05-20T09:41:29+00:00\" \/>\n<meta property=\"og:image\" content=\"https:\/\/www.meydan.tv\/wp-content\/uploads\/trend_teseruffat_220621.jpg\" \/>\n\t<meta property=\"og:image:width\" content=\"1200\" \/>\n\t<meta property=\"og:image:height\" content=\"675\" \/>\n\t<meta property=\"og:image:type\" content=\"image\/jpeg\" \/>\n<meta name=\"author\" content=\"elli\" \/>\n<meta name=\"twitter:card\" content=\"summary_large_image\" \/>\n<meta name=\"twitter:creator\" content=\"@elli\" \/>\n<script type=\"application\/ld+json\" class=\"yoast-schema-graph\">{\"@context\":\"https:\\\/\\\/schema.org\",\"@graph\":[{\"@type\":\"Article\",\"@id\":\"https:\\\/\\\/www.meydan.tv\\\/az\\\/article\\\/yagmurlu-hava-fermerleri-ziyana-salib\\\/#article\",\"isPartOf\":{\"@id\":\"https:\\\/\\\/www.meydan.tv\\\/az\\\/article\\\/yagmurlu-hava-fermerleri-ziyana-salib\\\/\"},\"author\":{\"name\":\"elli\",\"@id\":\"https:\\\/\\\/www.meydan.tv\\\/az\\\/#\\\/schema\\\/person\\\/9cdbecf90d17180ce1dfbd95b08dcf47\"},\"headline\":\"Ya\u011fmurlu hava fermerl\u0259ri ziyana sal\u0131b\",\"datePublished\":\"2024-05-20T09:41:24+00:00\",\"dateModified\":\"2024-05-20T09:41:29+00:00\",\"mainEntityOfPage\":{\"@id\":\"https:\\\/\\\/www.meydan.tv\\\/az\\\/article\\\/yagmurlu-hava-fermerleri-ziyana-salib\\\/\"},\"wordCount\":719,\"publisher\":{\"@id\":\"https:\\\/\\\/www.meydan.tv\\\/az\\\/#organization\"},\"image\":{\"@id\":\"https:\\\/\\\/www.meydan.tv\\\/az\\\/article\\\/yagmurlu-hava-fermerleri-ziyana-salib\\\/#primaryimage\"},\"thumbnailUrl\":\"https:\\\/\\\/www.meydan.tv\\\/wp-content\\\/uploads\\\/trend_teseruffat_220621-e1722236598349.jpg\",\"articleSection\":[\"B\u00f6lg\u0259\",\"X\u0259b\u0259rl\u0259r\"],\"inLanguage\":\"az\"},{\"@type\":\"WebPage\",\"@id\":\"https:\\\/\\\/www.meydan.tv\\\/az\\\/article\\\/yagmurlu-hava-fermerleri-ziyana-salib\\\/\",\"url\":\"https:\\\/\\\/www.meydan.tv\\\/az\\\/article\\\/yagmurlu-hava-fermerleri-ziyana-salib\\\/\",\"name\":\"Ya\u011fmurlu hava fermerl\u0259ri ziyana sal\u0131b - MEYDAN.TV\",\"isPartOf\":{\"@id\":\"https:\\\/\\\/www.meydan.tv\\\/az\\\/#website\"},\"primaryImageOfPage\":{\"@id\":\"https:\\\/\\\/www.meydan.tv\\\/az\\\/article\\\/yagmurlu-hava-fermerleri-ziyana-salib\\\/#primaryimage\"},\"image\":{\"@id\":\"https:\\\/\\\/www.meydan.tv\\\/az\\\/article\\\/yagmurlu-hava-fermerleri-ziyana-salib\\\/#primaryimage\"},\"thumbnailUrl\":\"https:\\\/\\\/www.meydan.tv\\\/wp-content\\\/uploads\\\/trend_teseruffat_220621-e1722236598349.jpg\",\"datePublished\":\"2024-05-20T09:41:24+00:00\",\"dateModified\":\"2024-05-20T09:41:29+00:00\",\"breadcrumb\":{\"@id\":\"https:\\\/\\\/www.meydan.tv\\\/az\\\/article\\\/yagmurlu-hava-fermerleri-ziyana-salib\\\/#breadcrumb\"},\"inLanguage\":\"az\",\"potentialAction\":[{\"@type\":\"ReadAction\",\"target\":[\"https:\\\/\\\/www.meydan.tv\\\/az\\\/article\\\/yagmurlu-hava-fermerleri-ziyana-salib\\\/\"]}]},{\"@type\":\"ImageObject\",\"inLanguage\":\"az\",\"@id\":\"https:\\\/\\\/www.meydan.tv\\\/az\\\/article\\\/yagmurlu-hava-fermerleri-ziyana-salib\\\/#primaryimage\",\"url\":\"https:\\\/\\\/www.meydan.tv\\\/wp-content\\\/uploads\\\/trend_teseruffat_220621-e1722236598349.jpg\",\"contentUrl\":\"https:\\\/\\\/www.meydan.tv\\\/wp-content\\\/uploads\\\/trend_teseruffat_220621-e1722236598349.jpg\",\"width\":1200,\"height\":526,\"caption\":\"Fermer. Foto: arxiv\"},{\"@type\":\"BreadcrumbList\",\"@id\":\"https:\\\/\\\/www.meydan.tv\\\/az\\\/article\\\/yagmurlu-hava-fermerleri-ziyana-salib\\\/#breadcrumb\",\"itemListElement\":[{\"@type\":\"ListItem\",\"position\":1,\"name\":\"Ana s\u0259hif\u0259\",\"item\":\"https:\\\/\\\/www.meydan.tv\\\/az\\\/\"},{\"@type\":\"ListItem\",\"position\":2,\"name\":\"B\u00f6lg\u0259\",\"item\":\"https:\\\/\\\/www.meydan.tv\\\/az\\\/section\\\/bolge\\\/\"},{\"@type\":\"ListItem\",\"position\":3,\"name\":\"Ya\u011fmurlu hava fermerl\u0259ri ziyana sal\u0131b\"}]},{\"@type\":\"WebSite\",\"@id\":\"https:\\\/\\\/www.meydan.tv\\\/az\\\/#website\",\"url\":\"https:\\\/\\\/www.meydan.tv\\\/az\\\/\",\"name\":\"MEYDAN.TV\",\"description\":\"Meydan TV Az\u0259rbaycan\u0131n media m\u0259kan\u0131ndak\u0131 alternativ s\u0259sidir\",\"publisher\":{\"@id\":\"https:\\\/\\\/www.meydan.tv\\\/az\\\/#organization\"},\"potentialAction\":[{\"@type\":\"SearchAction\",\"target\":{\"@type\":\"EntryPoint\",\"urlTemplate\":\"https:\\\/\\\/www.meydan.tv\\\/az\\\/?s={search_term_string}\"},\"query-input\":{\"@type\":\"PropertyValueSpecification\",\"valueRequired\":true,\"valueName\":\"search_term_string\"}}],\"inLanguage\":\"az\"},{\"@type\":\"Organization\",\"@id\":\"https:\\\/\\\/www.meydan.tv\\\/az\\\/#organization\",\"name\":\"Meydan TV\",\"url\":\"https:\\\/\\\/www.meydan.tv\\\/az\\\/\",\"logo\":{\"@type\":\"ImageObject\",\"inLanguage\":\"az\",\"@id\":\"https:\\\/\\\/www.meydan.tv\\\/az\\\/#\\\/schema\\\/logo\\\/image\\\/\",\"url\":\"https:\\\/\\\/www.meydan.tv\\\/wp-content\\\/uploads\\\/2021\\\/07\\\/meydan-logo.svg\",\"contentUrl\":\"https:\\\/\\\/www.meydan.tv\\\/wp-content\\\/uploads\\\/2021\\\/07\\\/meydan-logo.svg\",\"width\":195,\"height\":46,\"caption\":\"Meydan TV\"},\"image\":{\"@id\":\"https:\\\/\\\/www.meydan.tv\\\/az\\\/#\\\/schema\\\/logo\\\/image\\\/\"}},{\"@type\":\"Person\",\"@id\":\"https:\\\/\\\/www.meydan.tv\\\/az\\\/#\\\/schema\\\/person\\\/9cdbecf90d17180ce1dfbd95b08dcf47\",\"name\":\"elli\",\"sameAs\":[\"https:\\\/\\\/x.com\\\/elli\"]}]}<\/script>\n<!-- \/ Yoast SEO plugin. -->","yoast_head_json":{"title":"Ya\u011fmurlu hava fermerl\u0259ri ziyana sal\u0131b - MEYDAN.TV","robots":{"index":"index","follow":"follow","max-snippet":"max-snippet:-1","max-image-preview":"max-image-preview:large","max-video-preview":"max-video-preview:-1"},"canonical":"https:\/\/www.meydan.tv\/az\/article\/yagmurlu-hava-fermerleri-ziyana-salib\/","og_locale":"az_AZ","og_type":"article","og_title":"Ya\u011fmurlu hava fermerl\u0259ri ziyana sal\u0131b - MEYDAN.TV","og_description":"Bu il tax\u0131l, yonca, t\u0259r\u0259v\u0259z m\u0259hsullar\u0131n\u0131n az olaca\u011f\u0131 bildirilir Az\u0259rbaycan\u0131n ... Davam\u0131","og_url":"https:\/\/www.meydan.tv\/az\/article\/yagmurlu-hava-fermerleri-ziyana-salib\/","og_site_name":"MEYDAN.TV","article_published_time":"2024-05-20T09:41:24+00:00","article_modified_time":"2024-05-20T09:41:29+00:00","og_image":[{"width":1200,"height":675,"url":"https:\/\/www.meydan.tv\/wp-content\/uploads\/trend_teseruffat_220621.jpg","type":"image\/jpeg"}],"author":"elli","twitter_card":"summary_large_image","twitter_creator":"@elli","schema":{"@context":"https:\/\/schema.org","@graph":[{"@type":"Article","@id":"https:\/\/www.meydan.tv\/az\/article\/yagmurlu-hava-fermerleri-ziyana-salib\/#article","isPartOf":{"@id":"https:\/\/www.meydan.tv\/az\/article\/yagmurlu-hava-fermerleri-ziyana-salib\/"},"author":{"name":"elli","@id":"https:\/\/www.meydan.tv\/az\/#\/schema\/person\/9cdbecf90d17180ce1dfbd95b08dcf47"},"headline":"Ya\u011fmurlu hava fermerl\u0259ri ziyana sal\u0131b","datePublished":"2024-05-20T09:41:24+00:00","dateModified":"2024-05-20T09:41:29+00:00","mainEntityOfPage":{"@id":"https:\/\/www.meydan.tv\/az\/article\/yagmurlu-hava-fermerleri-ziyana-salib\/"},"wordCount":719,"publisher":{"@id":"https:\/\/www.meydan.tv\/az\/#organization"},"image":{"@id":"https:\/\/www.meydan.tv\/az\/article\/yagmurlu-hava-fermerleri-ziyana-salib\/#primaryimage"},"thumbnailUrl":"https:\/\/www.meydan.tv\/wp-content\/uploads\/trend_teseruffat_220621-e1722236598349.jpg","articleSection":["B\u00f6lg\u0259","X\u0259b\u0259rl\u0259r"],"inLanguage":"az"},{"@type":"WebPage","@id":"https:\/\/www.meydan.tv\/az\/article\/yagmurlu-hava-fermerleri-ziyana-salib\/","url":"https:\/\/www.meydan.tv\/az\/article\/yagmurlu-hava-fermerleri-ziyana-salib\/","name":"Ya\u011fmurlu hava fermerl\u0259ri ziyana sal\u0131b - MEYDAN.TV","isPartOf":{"@id":"https:\/\/www.meydan.tv\/az\/#website"},"primaryImageOfPage":{"@id":"https:\/\/www.meydan.tv\/az\/article\/yagmurlu-hava-fermerleri-ziyana-salib\/#primaryimage"},"image":{"@id":"https:\/\/www.meydan.tv\/az\/article\/yagmurlu-hava-fermerleri-ziyana-salib\/#primaryimage"},"thumbnailUrl":"https:\/\/www.meydan.tv\/wp-content\/uploads\/trend_teseruffat_220621-e1722236598349.jpg","datePublished":"2024-05-20T09:41:24+00:00","dateModified":"2024-05-20T09:41:29+00:00","breadcrumb":{"@id":"https:\/\/www.meydan.tv\/az\/article\/yagmurlu-hava-fermerleri-ziyana-salib\/#breadcrumb"},"inLanguage":"az","potentialAction":[{"@type":"ReadAction","target":["https:\/\/www.meydan.tv\/az\/article\/yagmurlu-hava-fermerleri-ziyana-salib\/"]}]},{"@type":"ImageObject","inLanguage":"az","@id":"https:\/\/www.meydan.tv\/az\/article\/yagmurlu-hava-fermerleri-ziyana-salib\/#primaryimage","url":"https:\/\/www.meydan.tv\/wp-content\/uploads\/trend_teseruffat_220621-e1722236598349.jpg","contentUrl":"https:\/\/www.meydan.tv\/wp-content\/uploads\/trend_teseruffat_220621-e1722236598349.jpg","width":1200,"height":526,"caption":"Fermer. Foto: arxiv"},{"@type":"BreadcrumbList","@id":"https:\/\/www.meydan.tv\/az\/article\/yagmurlu-hava-fermerleri-ziyana-salib\/#breadcrumb","itemListElement":[{"@type":"ListItem","position":1,"name":"Ana s\u0259hif\u0259","item":"https:\/\/www.meydan.tv\/az\/"},{"@type":"ListItem","position":2,"name":"B\u00f6lg\u0259","item":"https:\/\/www.meydan.tv\/az\/section\/bolge\/"},{"@type":"ListItem","position":3,"name":"Ya\u011fmurlu hava fermerl\u0259ri ziyana sal\u0131b"}]},{"@type":"WebSite","@id":"https:\/\/www.meydan.tv\/az\/#website","url":"https:\/\/www.meydan.tv\/az\/","name":"MEYDAN.TV","description":"Meydan TV Az\u0259rbaycan\u0131n media m\u0259kan\u0131ndak\u0131 alternativ s\u0259sidir","publisher":{"@id":"https:\/\/www.meydan.tv\/az\/#organization"},"potentialAction":[{"@type":"SearchAction","target":{"@type":"EntryPoint","urlTemplate":"https:\/\/www.meydan.tv\/az\/?s={search_term_string}"},"query-input":{"@type":"PropertyValueSpecification","valueRequired":true,"valueName":"search_term_string"}}],"inLanguage":"az"},{"@type":"Organization","@id":"https:\/\/www.meydan.tv\/az\/#organization","name":"Meydan TV","url":"https:\/\/www.meydan.tv\/az\/","logo":{"@type":"ImageObject","inLanguage":"az","@id":"https:\/\/www.meydan.tv\/az\/#\/schema\/logo\/image\/","url":"https:\/\/www.meydan.tv\/wp-content\/uploads\/2021\/07\/meydan-logo.svg","contentUrl":"https:\/\/www.meydan.tv\/wp-content\/uploads\/2021\/07\/meydan-logo.svg","width":195,"height":46,"caption":"Meydan TV"},"image":{"@id":"https:\/\/www.meydan.tv\/az\/#\/schema\/logo\/image\/"}},{"@type":"Person","@id":"https:\/\/www.meydan.tv\/az\/#\/schema\/person\/9cdbecf90d17180ce1dfbd95b08dcf47","name":"elli","sameAs":["https:\/\/x.com\/elli"]}]}},"_links":{"self":[{"href":"https:\/\/www.meydan.tv\/az\/wp-json\/wp\/v2\/posts\/306161","targetHints":{"allow":["GET"]}}],"collection":[{"href":"https:\/\/www.meydan.tv\/az\/wp-json\/wp\/v2\/posts"}],"about":[{"href":"https:\/\/www.meydan.tv\/az\/wp-json\/wp\/v2\/types\/post"}],"author":[{"embeddable":true,"href":"https:\/\/www.meydan.tv\/az\/wp-json\/wp\/v2\/users\/8"}],"replies":[{"embeddable":true,"href":"https:\/\/www.meydan.tv\/az\/wp-json\/wp\/v2\/comments?post=306161"}],"version-history":[{"count":3,"href":"https:\/\/www.meydan.tv\/az\/wp-json\/wp\/v2\/posts\/306161\/revisions"}],"predecessor-version":[{"id":306169,"href":"https:\/\/www.meydan.tv\/az\/wp-json\/wp\/v2\/posts\/306161\/revisions\/306169"}],"wp:featuredmedia":[{"embeddable":true,"href":"https:\/\/www.meydan.tv\/az\/wp-json\/wp\/v2\/media\/306162"}],"wp:attachment":[{"href":"https:\/\/www.meydan.tv\/az\/wp-json\/wp\/v2\/media?parent=306161"}],"wp:term":[{"taxonomy":"category","embeddable":true,"href":"https:\/\/www.meydan.tv\/az\/wp-json\/wp\/v2\/categories?post=306161"},{"taxonomy":"post_tag","embeddable":true,"href":"https:\/\/www.meydan.tv\/az\/wp-json\/wp\/v2\/tags?post=306161"}],"curies":[{"name":"wp","href":"https:\/\/api.w.org\/{rel}","templated":true}]}}