{"id":306157,"date":"2024-05-20T13:16:20","date_gmt":"2024-05-20T09:16:20","guid":{"rendered":"https:\/\/www.meydan.tv\/?p=306157"},"modified":"2024-05-20T13:16:24","modified_gmt":"2024-05-20T09:16:24","slug":"neftcilerin-neqliyyat-derdi-helikopter-son-anda-qezadan-yayina-bildi","status":"publish","type":"post","link":"https:\/\/www.meydan.tv\/az\/article\/neftcilerin-neqliyyat-derdi-helikopter-son-anda-qezadan-yayina-bildi\/","title":{"rendered":"Neft\u00e7il\u0259rin n\u0259qliyyat d\u0259rdi: Helikopter son anda q\u0259zadan yay\u0131na bildi"},"content":{"rendered":"\n<p><\/p>\n\n\n\n<p>\u201c<strong><em>AZE 72 sayl\u0131 helikopter bloklararas\u0131 u\u00e7u\u015f ke\u00e7ir\u0259rk\u0259n b\u00f6y\u00fck q\u0259zadan qurtar\u0131b\u201d<\/em><\/strong><\/p>\n\n\n\n<p>D\u0259nizd\u0259 \u00e7al\u0131\u015fan neft\u00e7il\u0259r ill\u0259rdir n\u0259qliyyat probleminin h\u0259ll edilm\u0259m\u0259sind\u0259n \u015fikay\u0259t\u00e7idirl\u0259r. Neft\u00e7il\u0259r deyirl\u0259r ki, k\u00fcl\u0259kli, f\u0131rt\u0131nal\u0131, ya\u011f\u0131\u015fl\u0131 g\u00fcnl\u0259rd\u0259 n\u00f6vb\u0259 d\u0259yi\u015f\u0259 bilmirl\u0259r.<\/p>\n\n\n\n<p>\u0130\u015fd\u0259n \u00e7\u0131xar\u0131lma t\u0259hl\u00fck\u0259sind\u0259n ad\u0131n\u0131n a\u00e7\u0131qlanmas\u0131n\u0131 ist\u0259m\u0259y\u0259n neft\u00e7il\u0259rd\u0259n biri Meydan TV-y\u0259 dan\u0131\u015f\u0131b ki, may\u0131n 19-da helikopter bloklararas\u0131 u\u00e7u\u015f ed\u0259rk\u0259n q\u0259zadan son anda yay\u0131na bilibl\u0259r.<\/p>\n\n\n\n<p>\u201c<em>Neft\u00e7il\u0259rin h\u0259yat\u0131 n\u0259z\u0259r\u0259 al\u0131nm\u0131r, ya helikopter, ya da g\u0259mi nasaz olur. Allah\u0131n \u00fcmidin\u0259 qalm\u0131\u015f\u0131q, h\u0259r n\u00f6vb\u0259 d\u0259yi\u015f\u0259nd\u0259 stress v\u0259 narahatl\u0131\u011fa \u00fcr\u0259yimiz dayanm\u0131r. T\u0259k \u00e7ar\u0259miz bunlar\u0131 biz\u0259 ya\u015fadanlar\u0131n eyni hissl\u0259r ke\u00e7irm\u0259sin\u0259 \u00fcmid etm\u0259kdir. B\u0259lk\u0259 onda \u00e7\u0259kdikl\u0259rimizi ba\u015fa d\u00fc\u015f\u0259rl\u0259r\u201d,-<\/em> neft\u00e7i deyib.<\/p>\n\n\n\n<p>Ba\u015fqa bir neft\u00e7i is\u0259 bildirib ki, helikopterin nasazl\u0131\u011f\u0131 s\u0259b\u0259bind\u0259n t\u0259hl\u00fck\u0259li v\u0259ziyy\u0259tin yaranmas\u0131 yeni deyil, bu hal bir ne\u00e7\u0259 d\u0259f\u0259 t\u0259krarlan\u0131b.<\/p>\n\n\n\n<p>Neft\u00e7il\u0259rin H\u00fcquqlar\u0131n\u0131 M\u00fcdafi\u0259 T\u0259\u015fkilat\u0131n\u0131n s\u0259dri Mirvari Q\u0259hr\u0259manl\u0131 bildirib ki, bununla ba\u011fl\u0131 onun r\u0259hb\u0259rlik etdiyi t\u0259\u015fkilata m\u00fcraci\u0259tl\u0259r daxil olub.<\/p>\n\n\n<div class=\"wp-block-image\">\n<figure class=\"alignleft size-full is-resized\"><img decoding=\"async\" width=\"1200\" height=\"800\" data-src=\"https:\/\/www.meydan.tv\/wp-content\/uploads\/mimrvari.jpeg\" alt=\"\" class=\"wp-image-279089 lazyload\" style=\"--smush-placeholder-width: 1200px; --smush-placeholder-aspect-ratio: 1200\/800;width:365px;height:auto\" src=\"data:image\/svg+xml;base64,PHN2ZyB3aWR0aD0iMSIgaGVpZ2h0PSIxIiB4bWxucz0iaHR0cDovL3d3dy53My5vcmcvMjAwMC9zdmciPjwvc3ZnPg==\" \/><figcaption class=\"wp-element-caption\">Mirvari Q\u0259hr\u0259manl\u0131. Foto: G\u00fclzar M\u0259mm\u0259dli<\/figcaption><\/figure>\n<\/div>\n\n\n<p><em>\u201cNeft\u00e7il\u0259r bildiribl\u0259r ki, AZE 72 sayl\u0131 helikopter bloklararas\u0131 u\u00e7u\u015f ke\u00e7ir\u0259rk\u0259n b\u00f6y\u00fck q\u0259zadan qurtar\u0131b. Saat 11-d\u0259 8 sayl\u0131 \u00f6z\u00fcl\u0259 eni\u015f-qalx\u0131\u015f edib, t\u0259xmin\u0259n 11:10 da 7-ci blokda dayana bilm\u0259yib. Mexanik onlara t\u0259rp\u0259nm\u0259m\u0259yi, \u0259zilm\u0259m\u0259k \u00fc\u00e7\u00fcn bir yerd\u0259n tutma\u011f\u0131 m\u0259sl\u0259h\u0259t g\u00f6r\u00fcb. Helikopter Pirallah\u0131ya g\u0259lib v\u0259 orada m\u0259cburi q\u0259za eni\u015fi edib\u201d<\/em>,- h\u00fcquq m\u00fcdafi\u0259\u00e7isi deyib.<\/p>\n\n\n\n<p>Mirvari Q\u0259hr\u0259manl\u0131 deyir ki, neft\u00e7il\u0259r AZE 72-nin nasaz oldu\u011funu qeyd edibl\u0259r:<\/p>\n\n\n\n<p><em>\u201cHelikopterin ne\u00e7\u0259 d\u0259f\u0259 nasaz oldu\u011funu ara\u015fd\u0131ra bil\u0259rl\u0259r. Neft\u00e7il\u0259r deyirl\u0259r ki, \u00f6t\u0259n ilin may\u0131nda 5 d\u0259f\u0259 helikopterd\u0259 nasazl\u0131q ba\u015f verib. \u0130yunda da olub. Q\u0259za ba\u015f ver\u0259rs\u0259, 20 neft\u00e7i x\u0259sar\u0259t ala, \u00f6l\u0259 bil\u0259rdi. Faci\u0259 ba\u015f verm\u0259d\u0259n t\u0259dbir g\u00f6r\u00fclm\u0259lidir\u201d.<\/em><\/p>\n\n\n\n<p>T\u0259\u015fkilat r\u0259hb\u0259ri deyib ki, \u015firk\u0259t\u0259 \u015fikay\u0259t \u00fcnvanlay\u0131b.<\/p>\n\n\n\n<p>SOCAR-dan \u015fikay\u0259tl\u0259 ba\u011fl\u0131 cavab verilm\u0259yib.<\/p>\n","protected":false},"excerpt":{"rendered":"<p>\u201cAZE 72 sayl\u0131 helikopter bloklararas\u0131 u\u00e7u\u015f ke\u00e7ir\u0259rk\u0259n b\u00f6y\u00fck q\u0259zadan qurtar\u0131b\u201d &#8230; <\/p>\n<p class=\"read-more-container\"><a title=\"Neft\u00e7il\u0259rin n\u0259qliyyat d\u0259rdi: Helikopter son anda q\u0259zadan yay\u0131na bildi\" class=\"read-more button\" href=\"https:\/\/www.meydan.tv\/az\/article\/neftcilerin-neqliyyat-derdi-helikopter-son-anda-qezadan-yayina-bildi\/#more-306157\" aria-label=\"Read more about Neft\u00e7il\u0259rin n\u0259qliyyat d\u0259rdi: Helikopter son anda q\u0259zadan yay\u0131na bildi\">Davam\u0131<\/a><\/p>\n","protected":false},"author":8,"featured_media":232345,"comment_status":"closed","ping_status":"closed","sticky":false,"template":"","format":"standard","meta":{"_acf_changed":false,"_sitemap_exclude":false,"_sitemap_priority":"","_sitemap_frequency":"","footnotes":""},"categories":[62,56],"tags":[],"class_list":["post-306157","post","type-post","status-publish","format-standard","has-post-thumbnail","hentry","category-sosial","category-xeberler","infinite-scroll-item","generate-columns","tablet-grid-50","mobile-grid-100","grid-parent","grid-33","no-featured-image-padding"],"acf":[],"yoast_head":"<!-- This site is optimized with the Yoast SEO plugin v27.5 - https:\/\/yoast.com\/product\/yoast-seo-wordpress\/ -->\n<title>Neft\u00e7il\u0259rin n\u0259qliyyat d\u0259rdi: Helikopter son anda q\u0259zadan yay\u0131na bildi - MEYDAN.TV<\/title>\n<meta name=\"robots\" content=\"index, follow, max-snippet:-1, max-image-preview:large, max-video-preview:-1\" \/>\n<link rel=\"canonical\" href=\"https:\/\/www.meydan.tv\/az\/article\/neftcilerin-neqliyyat-derdi-helikopter-son-anda-qezadan-yayina-bildi\/\" \/>\n<meta property=\"og:locale\" content=\"az_AZ\" \/>\n<meta property=\"og:type\" content=\"article\" \/>\n<meta property=\"og:title\" content=\"Neft\u00e7il\u0259rin n\u0259qliyyat d\u0259rdi: Helikopter son anda q\u0259zadan yay\u0131na bildi - MEYDAN.TV\" \/>\n<meta property=\"og:description\" content=\"\u201cAZE 72 sayl\u0131 helikopter bloklararas\u0131 u\u00e7u\u015f ke\u00e7ir\u0259rk\u0259n b\u00f6y\u00fck q\u0259zadan qurtar\u0131b\u201d ... Davam\u0131\" \/>\n<meta property=\"og:url\" content=\"https:\/\/www.meydan.tv\/az\/article\/neftcilerin-neqliyyat-derdi-helikopter-son-anda-qezadan-yayina-bildi\/\" \/>\n<meta property=\"og:site_name\" content=\"MEYDAN.TV\" \/>\n<meta property=\"article:published_time\" content=\"2024-05-20T09:16:20+00:00\" \/>\n<meta property=\"article:modified_time\" content=\"2024-05-20T09:16:24+00:00\" \/>\n<meta property=\"og:image\" content=\"https:\/\/www.meydan.tv\/wp-content\/uploads\/shutterstock_1898701711.jpg\" \/>\n\t<meta property=\"og:image:width\" content=\"1200\" \/>\n\t<meta property=\"og:image:height\" content=\"800\" \/>\n\t<meta property=\"og:image:type\" content=\"image\/jpeg\" \/>\n<meta name=\"author\" content=\"elli\" \/>\n<meta name=\"twitter:card\" content=\"summary_large_image\" \/>\n<meta name=\"twitter:creator\" content=\"@elli\" \/>\n<script type=\"application\/ld+json\" class=\"yoast-schema-graph\">{\"@context\":\"https:\\\/\\\/schema.org\",\"@graph\":[{\"@type\":\"Article\",\"@id\":\"https:\\\/\\\/www.meydan.tv\\\/az\\\/article\\\/neftcilerin-neqliyyat-derdi-helikopter-son-anda-qezadan-yayina-bildi\\\/#article\",\"isPartOf\":{\"@id\":\"https:\\\/\\\/www.meydan.tv\\\/az\\\/article\\\/neftcilerin-neqliyyat-derdi-helikopter-son-anda-qezadan-yayina-bildi\\\/\"},\"author\":{\"name\":\"elli\",\"@id\":\"https:\\\/\\\/www.meydan.tv\\\/az\\\/#\\\/schema\\\/person\\\/9cdbecf90d17180ce1dfbd95b08dcf47\"},\"headline\":\"Neft\u00e7il\u0259rin n\u0259qliyyat d\u0259rdi: Helikopter son anda q\u0259zadan yay\u0131na bildi\",\"datePublished\":\"2024-05-20T09:16:20+00:00\",\"dateModified\":\"2024-05-20T09:16:24+00:00\",\"mainEntityOfPage\":{\"@id\":\"https:\\\/\\\/www.meydan.tv\\\/az\\\/article\\\/neftcilerin-neqliyyat-derdi-helikopter-son-anda-qezadan-yayina-bildi\\\/\"},\"wordCount\":454,\"publisher\":{\"@id\":\"https:\\\/\\\/www.meydan.tv\\\/az\\\/#organization\"},\"image\":{\"@id\":\"https:\\\/\\\/www.meydan.tv\\\/az\\\/article\\\/neftcilerin-neqliyyat-derdi-helikopter-son-anda-qezadan-yayina-bildi\\\/#primaryimage\"},\"thumbnailUrl\":\"https:\\\/\\\/www.meydan.tv\\\/wp-content\\\/uploads\\\/shutterstock_1898701711.jpg\",\"articleSection\":[\"Sosial\",\"X\u0259b\u0259rl\u0259r\"],\"inLanguage\":\"az\"},{\"@type\":\"WebPage\",\"@id\":\"https:\\\/\\\/www.meydan.tv\\\/az\\\/article\\\/neftcilerin-neqliyyat-derdi-helikopter-son-anda-qezadan-yayina-bildi\\\/\",\"url\":\"https:\\\/\\\/www.meydan.tv\\\/az\\\/article\\\/neftcilerin-neqliyyat-derdi-helikopter-son-anda-qezadan-yayina-bildi\\\/\",\"name\":\"Neft\u00e7il\u0259rin n\u0259qliyyat d\u0259rdi: Helikopter son anda q\u0259zadan yay\u0131na bildi - MEYDAN.TV\",\"isPartOf\":{\"@id\":\"https:\\\/\\\/www.meydan.tv\\\/az\\\/#website\"},\"primaryImageOfPage\":{\"@id\":\"https:\\\/\\\/www.meydan.tv\\\/az\\\/article\\\/neftcilerin-neqliyyat-derdi-helikopter-son-anda-qezadan-yayina-bildi\\\/#primaryimage\"},\"image\":{\"@id\":\"https:\\\/\\\/www.meydan.tv\\\/az\\\/article\\\/neftcilerin-neqliyyat-derdi-helikopter-son-anda-qezadan-yayina-bildi\\\/#primaryimage\"},\"thumbnailUrl\":\"https:\\\/\\\/www.meydan.tv\\\/wp-content\\\/uploads\\\/shutterstock_1898701711.jpg\",\"datePublished\":\"2024-05-20T09:16:20+00:00\",\"dateModified\":\"2024-05-20T09:16:24+00:00\",\"breadcrumb\":{\"@id\":\"https:\\\/\\\/www.meydan.tv\\\/az\\\/article\\\/neftcilerin-neqliyyat-derdi-helikopter-son-anda-qezadan-yayina-bildi\\\/#breadcrumb\"},\"inLanguage\":\"az\",\"potentialAction\":[{\"@type\":\"ReadAction\",\"target\":[\"https:\\\/\\\/www.meydan.tv\\\/az\\\/article\\\/neftcilerin-neqliyyat-derdi-helikopter-son-anda-qezadan-yayina-bildi\\\/\"]}]},{\"@type\":\"ImageObject\",\"inLanguage\":\"az\",\"@id\":\"https:\\\/\\\/www.meydan.tv\\\/az\\\/article\\\/neftcilerin-neqliyyat-derdi-helikopter-son-anda-qezadan-yayina-bildi\\\/#primaryimage\",\"url\":\"https:\\\/\\\/www.meydan.tv\\\/wp-content\\\/uploads\\\/shutterstock_1898701711.jpg\",\"contentUrl\":\"https:\\\/\\\/www.meydan.tv\\\/wp-content\\\/uploads\\\/shutterstock_1898701711.jpg\",\"width\":1200,\"height\":800,\"caption\":\"SOCAR, Nurlan Mammadzada\\\/shutterstock\"},{\"@type\":\"BreadcrumbList\",\"@id\":\"https:\\\/\\\/www.meydan.tv\\\/az\\\/article\\\/neftcilerin-neqliyyat-derdi-helikopter-son-anda-qezadan-yayina-bildi\\\/#breadcrumb\",\"itemListElement\":[{\"@type\":\"ListItem\",\"position\":1,\"name\":\"Ana s\u0259hif\u0259\",\"item\":\"https:\\\/\\\/www.meydan.tv\\\/az\\\/\"},{\"@type\":\"ListItem\",\"position\":2,\"name\":\"Sosial\",\"item\":\"https:\\\/\\\/www.meydan.tv\\\/az\\\/section\\\/sosial\\\/\"},{\"@type\":\"ListItem\",\"position\":3,\"name\":\"Neft\u00e7il\u0259rin n\u0259qliyyat d\u0259rdi: Helikopter son anda q\u0259zadan yay\u0131na bildi\"}]},{\"@type\":\"WebSite\",\"@id\":\"https:\\\/\\\/www.meydan.tv\\\/az\\\/#website\",\"url\":\"https:\\\/\\\/www.meydan.tv\\\/az\\\/\",\"name\":\"MEYDAN.TV\",\"description\":\"Meydan TV Az\u0259rbaycan\u0131n media m\u0259kan\u0131ndak\u0131 alternativ s\u0259sidir\",\"publisher\":{\"@id\":\"https:\\\/\\\/www.meydan.tv\\\/az\\\/#organization\"},\"potentialAction\":[{\"@type\":\"SearchAction\",\"target\":{\"@type\":\"EntryPoint\",\"urlTemplate\":\"https:\\\/\\\/www.meydan.tv\\\/az\\\/?s={search_term_string}\"},\"query-input\":{\"@type\":\"PropertyValueSpecification\",\"valueRequired\":true,\"valueName\":\"search_term_string\"}}],\"inLanguage\":\"az\"},{\"@type\":\"Organization\",\"@id\":\"https:\\\/\\\/www.meydan.tv\\\/az\\\/#organization\",\"name\":\"Meydan TV\",\"url\":\"https:\\\/\\\/www.meydan.tv\\\/az\\\/\",\"logo\":{\"@type\":\"ImageObject\",\"inLanguage\":\"az\",\"@id\":\"https:\\\/\\\/www.meydan.tv\\\/az\\\/#\\\/schema\\\/logo\\\/image\\\/\",\"url\":\"https:\\\/\\\/www.meydan.tv\\\/wp-content\\\/uploads\\\/2021\\\/07\\\/meydan-logo.svg\",\"contentUrl\":\"https:\\\/\\\/www.meydan.tv\\\/wp-content\\\/uploads\\\/2021\\\/07\\\/meydan-logo.svg\",\"width\":195,\"height\":46,\"caption\":\"Meydan TV\"},\"image\":{\"@id\":\"https:\\\/\\\/www.meydan.tv\\\/az\\\/#\\\/schema\\\/logo\\\/image\\\/\"}},{\"@type\":\"Person\",\"@id\":\"https:\\\/\\\/www.meydan.tv\\\/az\\\/#\\\/schema\\\/person\\\/9cdbecf90d17180ce1dfbd95b08dcf47\",\"name\":\"elli\",\"sameAs\":[\"https:\\\/\\\/x.com\\\/elli\"]}]}<\/script>\n<!-- \/ Yoast SEO plugin. -->","yoast_head_json":{"title":"Neft\u00e7il\u0259rin n\u0259qliyyat d\u0259rdi: Helikopter son anda q\u0259zadan yay\u0131na bildi - MEYDAN.TV","robots":{"index":"index","follow":"follow","max-snippet":"max-snippet:-1","max-image-preview":"max-image-preview:large","max-video-preview":"max-video-preview:-1"},"canonical":"https:\/\/www.meydan.tv\/az\/article\/neftcilerin-neqliyyat-derdi-helikopter-son-anda-qezadan-yayina-bildi\/","og_locale":"az_AZ","og_type":"article","og_title":"Neft\u00e7il\u0259rin n\u0259qliyyat d\u0259rdi: Helikopter son anda q\u0259zadan yay\u0131na bildi - MEYDAN.TV","og_description":"\u201cAZE 72 sayl\u0131 helikopter bloklararas\u0131 u\u00e7u\u015f ke\u00e7ir\u0259rk\u0259n b\u00f6y\u00fck q\u0259zadan qurtar\u0131b\u201d ... Davam\u0131","og_url":"https:\/\/www.meydan.tv\/az\/article\/neftcilerin-neqliyyat-derdi-helikopter-son-anda-qezadan-yayina-bildi\/","og_site_name":"MEYDAN.TV","article_published_time":"2024-05-20T09:16:20+00:00","article_modified_time":"2024-05-20T09:16:24+00:00","og_image":[{"width":1200,"height":800,"url":"https:\/\/www.meydan.tv\/wp-content\/uploads\/shutterstock_1898701711.jpg","type":"image\/jpeg"}],"author":"elli","twitter_card":"summary_large_image","twitter_creator":"@elli","schema":{"@context":"https:\/\/schema.org","@graph":[{"@type":"Article","@id":"https:\/\/www.meydan.tv\/az\/article\/neftcilerin-neqliyyat-derdi-helikopter-son-anda-qezadan-yayina-bildi\/#article","isPartOf":{"@id":"https:\/\/www.meydan.tv\/az\/article\/neftcilerin-neqliyyat-derdi-helikopter-son-anda-qezadan-yayina-bildi\/"},"author":{"name":"elli","@id":"https:\/\/www.meydan.tv\/az\/#\/schema\/person\/9cdbecf90d17180ce1dfbd95b08dcf47"},"headline":"Neft\u00e7il\u0259rin n\u0259qliyyat d\u0259rdi: Helikopter son anda q\u0259zadan yay\u0131na bildi","datePublished":"2024-05-20T09:16:20+00:00","dateModified":"2024-05-20T09:16:24+00:00","mainEntityOfPage":{"@id":"https:\/\/www.meydan.tv\/az\/article\/neftcilerin-neqliyyat-derdi-helikopter-son-anda-qezadan-yayina-bildi\/"},"wordCount":454,"publisher":{"@id":"https:\/\/www.meydan.tv\/az\/#organization"},"image":{"@id":"https:\/\/www.meydan.tv\/az\/article\/neftcilerin-neqliyyat-derdi-helikopter-son-anda-qezadan-yayina-bildi\/#primaryimage"},"thumbnailUrl":"https:\/\/www.meydan.tv\/wp-content\/uploads\/shutterstock_1898701711.jpg","articleSection":["Sosial","X\u0259b\u0259rl\u0259r"],"inLanguage":"az"},{"@type":"WebPage","@id":"https:\/\/www.meydan.tv\/az\/article\/neftcilerin-neqliyyat-derdi-helikopter-son-anda-qezadan-yayina-bildi\/","url":"https:\/\/www.meydan.tv\/az\/article\/neftcilerin-neqliyyat-derdi-helikopter-son-anda-qezadan-yayina-bildi\/","name":"Neft\u00e7il\u0259rin n\u0259qliyyat d\u0259rdi: Helikopter son anda q\u0259zadan yay\u0131na bildi - MEYDAN.TV","isPartOf":{"@id":"https:\/\/www.meydan.tv\/az\/#website"},"primaryImageOfPage":{"@id":"https:\/\/www.meydan.tv\/az\/article\/neftcilerin-neqliyyat-derdi-helikopter-son-anda-qezadan-yayina-bildi\/#primaryimage"},"image":{"@id":"https:\/\/www.meydan.tv\/az\/article\/neftcilerin-neqliyyat-derdi-helikopter-son-anda-qezadan-yayina-bildi\/#primaryimage"},"thumbnailUrl":"https:\/\/www.meydan.tv\/wp-content\/uploads\/shutterstock_1898701711.jpg","datePublished":"2024-05-20T09:16:20+00:00","dateModified":"2024-05-20T09:16:24+00:00","breadcrumb":{"@id":"https:\/\/www.meydan.tv\/az\/article\/neftcilerin-neqliyyat-derdi-helikopter-son-anda-qezadan-yayina-bildi\/#breadcrumb"},"inLanguage":"az","potentialAction":[{"@type":"ReadAction","target":["https:\/\/www.meydan.tv\/az\/article\/neftcilerin-neqliyyat-derdi-helikopter-son-anda-qezadan-yayina-bildi\/"]}]},{"@type":"ImageObject","inLanguage":"az","@id":"https:\/\/www.meydan.tv\/az\/article\/neftcilerin-neqliyyat-derdi-helikopter-son-anda-qezadan-yayina-bildi\/#primaryimage","url":"https:\/\/www.meydan.tv\/wp-content\/uploads\/shutterstock_1898701711.jpg","contentUrl":"https:\/\/www.meydan.tv\/wp-content\/uploads\/shutterstock_1898701711.jpg","width":1200,"height":800,"caption":"SOCAR, Nurlan Mammadzada\/shutterstock"},{"@type":"BreadcrumbList","@id":"https:\/\/www.meydan.tv\/az\/article\/neftcilerin-neqliyyat-derdi-helikopter-son-anda-qezadan-yayina-bildi\/#breadcrumb","itemListElement":[{"@type":"ListItem","position":1,"name":"Ana s\u0259hif\u0259","item":"https:\/\/www.meydan.tv\/az\/"},{"@type":"ListItem","position":2,"name":"Sosial","item":"https:\/\/www.meydan.tv\/az\/section\/sosial\/"},{"@type":"ListItem","position":3,"name":"Neft\u00e7il\u0259rin n\u0259qliyyat d\u0259rdi: Helikopter son anda q\u0259zadan yay\u0131na bildi"}]},{"@type":"WebSite","@id":"https:\/\/www.meydan.tv\/az\/#website","url":"https:\/\/www.meydan.tv\/az\/","name":"MEYDAN.TV","description":"Meydan TV Az\u0259rbaycan\u0131n media m\u0259kan\u0131ndak\u0131 alternativ s\u0259sidir","publisher":{"@id":"https:\/\/www.meydan.tv\/az\/#organization"},"potentialAction":[{"@type":"SearchAction","target":{"@type":"EntryPoint","urlTemplate":"https:\/\/www.meydan.tv\/az\/?s={search_term_string}"},"query-input":{"@type":"PropertyValueSpecification","valueRequired":true,"valueName":"search_term_string"}}],"inLanguage":"az"},{"@type":"Organization","@id":"https:\/\/www.meydan.tv\/az\/#organization","name":"Meydan TV","url":"https:\/\/www.meydan.tv\/az\/","logo":{"@type":"ImageObject","inLanguage":"az","@id":"https:\/\/www.meydan.tv\/az\/#\/schema\/logo\/image\/","url":"https:\/\/www.meydan.tv\/wp-content\/uploads\/2021\/07\/meydan-logo.svg","contentUrl":"https:\/\/www.meydan.tv\/wp-content\/uploads\/2021\/07\/meydan-logo.svg","width":195,"height":46,"caption":"Meydan TV"},"image":{"@id":"https:\/\/www.meydan.tv\/az\/#\/schema\/logo\/image\/"}},{"@type":"Person","@id":"https:\/\/www.meydan.tv\/az\/#\/schema\/person\/9cdbecf90d17180ce1dfbd95b08dcf47","name":"elli","sameAs":["https:\/\/x.com\/elli"]}]}},"_links":{"self":[{"href":"https:\/\/www.meydan.tv\/az\/wp-json\/wp\/v2\/posts\/306157","targetHints":{"allow":["GET"]}}],"collection":[{"href":"https:\/\/www.meydan.tv\/az\/wp-json\/wp\/v2\/posts"}],"about":[{"href":"https:\/\/www.meydan.tv\/az\/wp-json\/wp\/v2\/types\/post"}],"author":[{"embeddable":true,"href":"https:\/\/www.meydan.tv\/az\/wp-json\/wp\/v2\/users\/8"}],"replies":[{"embeddable":true,"href":"https:\/\/www.meydan.tv\/az\/wp-json\/wp\/v2\/comments?post=306157"}],"version-history":[{"count":3,"href":"https:\/\/www.meydan.tv\/az\/wp-json\/wp\/v2\/posts\/306157\/revisions"}],"predecessor-version":[{"id":306160,"href":"https:\/\/www.meydan.tv\/az\/wp-json\/wp\/v2\/posts\/306157\/revisions\/306160"}],"wp:featuredmedia":[{"embeddable":true,"href":"https:\/\/www.meydan.tv\/az\/wp-json\/wp\/v2\/media\/232345"}],"wp:attachment":[{"href":"https:\/\/www.meydan.tv\/az\/wp-json\/wp\/v2\/media?parent=306157"}],"wp:term":[{"taxonomy":"category","embeddable":true,"href":"https:\/\/www.meydan.tv\/az\/wp-json\/wp\/v2\/categories?post=306157"},{"taxonomy":"post_tag","embeddable":true,"href":"https:\/\/www.meydan.tv\/az\/wp-json\/wp\/v2\/tags?post=306157"}],"curies":[{"name":"wp","href":"https:\/\/api.w.org\/{rel}","templated":true}]}}