{"id":306119,"date":"2024-05-20T07:57:26","date_gmt":"2024-05-20T03:57:26","guid":{"rendered":"https:\/\/www.meydan.tv\/?p=306119"},"modified":"2024-05-20T22:03:42","modified_gmt":"2024-05-20T18:03:42","slug":"iran-qizil-aypara-cemiyyeti-sernisinler-arasinda-hec-bir-heyat-elameti-askar-edilmeyib","status":"publish","type":"post","link":"https:\/\/www.meydan.tv\/az\/article\/iran-qizil-aypara-cemiyyeti-sernisinler-arasinda-hec-bir-heyat-elameti-askar-edilmeyib\/","title":{"rendered":"Prezident v\u0259 hey\u0259t helikopter q\u0259zas\u0131nda h\u0259lak olub (yenil\u0259nib)"},"content":{"rendered":"\n<figure class=\"wp-block-embed is-type-video is-provider-youtube wp-block-embed-youtube wp-embed-aspect-16-9 wp-has-aspect-ratio\"><div class=\"wp-block-embed__wrapper\">\n<iframe title=\"\u0130randa prezident \u00f6ld\u00fc, 5 g\u00fcnl\u00fck mat\u0259m elan olundu\" width=\"1200\" height=\"675\" data-src=\"https:\/\/www.youtube.com\/embed\/q8ks4F_AKwY?feature=oembed\" frameborder=\"0\" allow=\"accelerometer; autoplay; clipboard-write; encrypted-media; gyroscope; picture-in-picture; web-share\" referrerpolicy=\"strict-origin-when-cross-origin\" allowfullscreen src=\"data:image\/svg+xml;base64,PHN2ZyB3aWR0aD0iMSIgaGVpZ2h0PSIxIiB4bWxucz0iaHR0cDovL3d3dy53My5vcmcvMjAwMC9zdmciPjwvc3ZnPg==\" class=\"lazyload\" data-load-mode=\"1\"><\/iframe>\n<\/div><\/figure>\n\n\n\n<!--more-->\n\n\n\n<p><strong>\u0130ran \u0130slam Respublikas\u0131nda 5 g\u00fcnl\u00fck mat\u0259m elan olunub.<\/strong><\/p>\n\n\n\n<p><strong>Bu bar\u0259d\u0259 may\u0131n 20-d\u0259 \u0130ran \u0130slam Respublikas\u0131n\u0131n Ali R\u0259hb\u0259ri Ay\u0259tullah Seyid \u018fli Xameneyinin Prezident \u0130brahim R\u0259isi, xarici i\u015fl\u0259r naziri H\u00fcseyn \u018fmir-Abdullahian,&nbsp; T\u0259brizin imam c\u00fcm\u0259si Ali-Ha\u015fim v\u0259 \u015e\u0259rqi Az\u0259rbaycan valisi Malik R\u0259hm\u0259tinin h\u0259lak olmas\u0131 il\u0259 ba\u011fl\u0131 m\u00fcraci\u0259tind\u0259 qeyd edilib.<\/strong><\/p>\n\n\n\n<p><strong>M\u0259lumat\u0131 \u0130RNA agentliyi <a href=\"https:\/\/az.irna.ir\/news\/85483585\/%C4%B0ran-%C4%B0slam-%C4%B0nqilab%C4%B1n%C4%B1n-R%C9%99hb%C9%99ri-prezidentin-v%C9%99-onun-%C9%99ziz-yolda%C5%9Flar%C4%B1n%C4%B1n\">yay\u0131b.<\/a><\/strong><\/p>\n\n\n\n<p>&#8220;<em>M\u0259n be\u015f g\u00fcnl\u00fck mat\u0259m elan edir\u0259m v\u0259 \u0259ziz \u0130ran xalq\u0131na ba\u015fsa\u011fl\u0131\u011f\u0131 verir\u0259m. Konstitusiyan\u0131n 131-ci madd\u0259sin\u0259 \u0259sas\u0259n, c\u0259nab M\u00f6hb\u0259r icra\u00e7\u0131 orqanlar\u0131 idar\u0259 etm\u0259k v\u0259zif\u0259sind\u0259dir v\u0259 o, \u0259n \u00e7oxu 50 g\u00fcn \u0259rzind\u0259 qanunvericilik v\u0259 m\u0259hk\u0259m\u0259 orqanlar\u0131n\u0131n r\u0259hb\u0259rl\u0259ri il\u0259 yeni prezidentin se\u00e7ilm\u0259si il\u0259 ba\u011fl\u0131 \u015f\u0259raiti haz\u0131rlama\u011fa m\u00fck\u0259ll\u0259fdir&#8221;,<\/em> &#8211; Xameneyi qeyd edib.<\/p>\n\n\n\n<p><strong>O, q\u0259zada h\u0259lak olanlar\u0131n ail\u0259l\u0259rin\u0259 ba\u015fsa\u011fl\u0131\u011f\u0131 da verib:<\/strong><\/p>\n\n\n\n<p><em>&#8220;Sonda c\u0259nab R\u0259isinin \u0259ziz anas\u0131 v\u0259 onun m\u00f6ht\u0259r\u0259m h\u0259yat yolda\u015f\u0131na v\u0259 Prezidentin sa\u011f qalan dig\u0259r qohumlar\u0131na v\u0259 onunla birg\u0259 olanlar\u0131n h\u00f6rm\u0259tli ail\u0259l\u0259rin\u0259, x\u00fcsus\u0259n d\u0259 c\u0259nab Ali-Ha\u015fimin \u0259ziz atas\u0131na d\u0259rin h\u00fcznl\u0259 ba\u015fsa\u011fl\u0131\u011f\u0131 verir\u0259m. Allahdan onlara s\u0259br v\u0259 t\u0259s\u0259lli v\u0259 m\u0259rhumlara r\u0259hm\u0259t dil\u0259yir\u0259m&#8221;.<\/em><\/p>\n\n\n\n<p><\/p>\n\n\n<div class=\"wp-block-image\">\n<figure class=\"aligncenter size-full\"><img decoding=\"async\" width=\"1200\" height=\"675\" data-src=\"https:\/\/www.meydan.tv\/wp-content\/uploads\/171154973.jpg\" alt=\"\" class=\"wp-image-306170 lazyload\" src=\"data:image\/svg+xml;base64,PHN2ZyB3aWR0aD0iMSIgaGVpZ2h0PSIxIiB4bWxucz0iaHR0cDovL3d3dy53My5vcmcvMjAwMC9zdmciPjwvc3ZnPg==\" style=\"--smush-placeholder-width: 1200px; --smush-placeholder-aspect-ratio: 1200\/675;\" \/><figcaption class=\"wp-element-caption\">Foto: \u0130RNA<\/figcaption><\/figure>\n<\/div>\n\n\n<hr class=\"wp-block-separator has-alpha-channel-opacity\"\/>\n\n\n\n<p><strong>\u0130ran qanunlar\u0131na \u0259sas\u0259n 50 g\u00fcn sonra prezident se\u00e7kil\u0259ri <a href=\"https:\/\/www.reuters.com\/world\/middle-east\/iran-live-president-raisi-dead-after-helicopter-crash-2024-05-20\/\">ke\u00e7irilm\u0259lidir.<\/a><\/strong><\/p>\n\n\n\n<p><strong>Se\u00e7kil\u0259r\u0259 q\u0259d\u0259r \u0130ran\u0131n prezidenti s\u0259lahiyy\u0259tl\u0259rini vitse-prezident M\u0259h\u0259mm\u0259d M\u00f6hb\u0259r icra ed\u0259c\u0259k.<\/strong><\/p>\n\n\n\n<hr class=\"wp-block-separator has-alpha-channel-opacity\"\/>\n\n\n\n<p><strong>Az\u0259rbaycan\u0131n d\u00f6vl\u0259t ba\u015f\u00e7\u0131s\u0131 \u0130lham \u018fliyev \u0130ran \u0130slam Respublikas\u0131n\u0131n Ali R\u0259hb\u0259ri Ay\u0259tullah Seyid \u018fli Xamneyiy\u0259 Prezident Seyid \u0130brahim R\u0259isinin, xarici i\u015fl\u0259r naziri H\u00fcseyn \u018fmir Abdollahian\u0131n v\u0259 dig\u0259r m\u00fc\u015fayi\u0259t ed\u0259n \u015f\u0259xsl\u0259rin helikopter q\u0259zas\u0131nda h\u0259lak olmas\u0131 il\u0259 ba\u011fl\u0131 ba\u015fsa\u011fl\u0131\u011f\u0131 <a href=\"https:\/\/president.az\/az\/articles\/view\/65906\">verib.<\/a><\/strong><\/p>\n\n\n\n<p><\/p>\n\n\n\n<hr class=\"wp-block-separator has-alpha-channel-opacity\"\/>\n\n\n\n<p><strong>\u0130ran \u0130slam Respublikas\u0131n\u0131n medias\u0131 helikopterd\u0259kil\u0259rin h\u0259lak oldu\u011funu t\u0259sdiql\u0259yib.<\/strong><\/p>\n\n\n\n<p>&#8220;<strong>Mehr&#8221; agentliyinin yazd\u0131\u011f\u0131na g\u00f6r\u0259, helikopterin s\u0259rni\u015finl\u0259ri, o c\u00fcml\u0259d\u0259n  Prezident Seyid \u0130brahim R\u0259isi, xarici i\u015fl\u0259r naziri H\u00fcseyn \u018fmir-Abdollahian, \u0130ran\u0131n \u015e\u0259rqi Az\u0259rbaycan vilay\u0259tinin valisi M\u0259l\u0259k R\u0259hm\u0259ti v\u0259 \u0130slam \u0130nqilab\u0131 R\u0259hb\u0259rinin \u015e\u0259rqi Az\u0259rbaycan \u0259yal\u0259tind\u0259ki n\u00fcmay\u0259nd\u0259si Ay\u0259tullah M\u0259h\u0259mm\u0259d \u018fli Ale-Ha\u015fem v\u0259 bir ne\u00e7\u0259 n\u0259f\u0259r h\u0259lak<a href=\"https:\/\/en.mehrnews.com\/news\/215379\/All-passengers-of-crashed-helicopter-martyred\"> olub.<\/a><\/strong><\/p>\n\n\n\n<hr class=\"wp-block-separator has-alpha-channel-opacity\"\/>\n\n\n\n<figure class=\"wp-block-pullquote\"><blockquote><p><strong>\u0130ran \u0130slam Respublikas\u0131n\u0131n Prezidenti Seyid \u0130brahim R\u0259isi 1960-c\u0131 ild\u0259 M\u0259\u015fh\u0259dd\u0259 do\u011fulub.<br>Seyid \u0130brahim R\u0259isi Qumda t\u0259hsil alandan sonra \u015e\u0259hid M\u00fct\u0259hh\u0259ri ad\u0131na Universitetd\u0259 Fiqh fak\u00fclt\u0259sinin doktoranturas\u0131n\u0131 bitirib.<br>O, 2004-2014-c\u00fc ill\u0259rd\u0259 \u018fdliyy\u0259 Nazirliyinin birinci m\u00fcavini, ard\u0131nca Ba\u015f prokuror postunda f\u0259aliyy\u0259t g\u00f6st\u0259rib.<br>Seyid \u0130brahim R\u0259isi 2021-ci ild\u0259 \u0130ran \u0130slam Respublikas\u0131n\u0131n Prezidenti se\u00e7ilib.<br>Onun hakimiyy\u0259ti d\u00f6vr\u00fcnd\u0259 \u0259xlaq qanunlar\u0131 s\u0259rtl\u0259\u015fdirilib.<br>Se\u00e7ilm\u0259sind\u0259n bir il sonra \u0130randa qad\u0131nlar\u0131n geyim v\u0259 davran\u0131\u015flar\u0131n\u0131 m\u0259hdudla\u015fd\u0131ran \u201chicab v\u0259 iff\u0259t qanunu\u201dnun daha s\u0259rt \u015f\u0259kild\u0259 t\u0259tbiq edilm\u0259sini \u0259mr edib.<br>\u00d6t\u0259n il is\u0259 M\u0259hsa Amini qanunu pozdu\u011fu iddias\u0131 il\u0259 \u0259xlaq polisi t\u0259r\u0259find\u0259n h\u0259bs olunub v\u0259 h\u0259bsd\u0259 m\u00fc\u0259mmal\u0131 \u015f\u0259kild\u0259 h\u0259yat\u0131n\u0131 <a href=\"https:\/\/www.reuters.com\/world\/middle-east\/iran-live-president-raisi-dead-after-helicopter-crash-2024-05-20\/\">itirib.<\/a><\/strong><\/p><\/blockquote><\/figure>\n\n\n\n<p><\/p>\n\n\n\n<hr class=\"wp-block-separator has-alpha-channel-opacity\"\/>\n\n\n\n<p><\/p>\n\n\n\n<p><strong><em>&#8220;V\u0259ziyy\u0259t yax\u015f\u0131 g\u00f6r\u00fcnm\u00fcr&#8221;<\/em><\/strong><\/p>\n\n\n\n<p>\u0130ran \u0130slam Respublikas\u0131n\u0131n Prezidenti Seyid \u0130brahim R\u0259isinin helikopterinin q\u0259za n\u0259tic\u0259sind\u0259 tamamil\u0259 yand\u0131\u011f\u0131 bildirilir.<\/p>\n\n\n\n<p>Bu bar\u0259d\u0259 m\u0259lumat\u0131 &#8220;Reuters&#8221; agentliyin\u0259 Tehran\u0131n ad\u0131n\u0131 a\u00e7\u0131qlamayan r\u0259smisi s\u00f6yl\u0259yib.<\/p>\n\n\n\n<p>\u0130ran\u0131n Q\u0131z\u0131l Aypara C\u0259miyy\u0259tinin r\u0259hb\u0259ri Pirh\u00fcseyn Kolivand is\u0259 may\u0131n 20-d\u0259 d\u00f6vl\u0259t televiziyas\u0131na bel\u0259 deyib:<\/p>\n\n\n\n<p><em>\u201cBiz da\u011f\u0131nt\u0131lar\u0131 g\u00f6r\u00fcr\u00fck v\u0259 v\u0259ziyy\u0259t yax\u015f\u0131 g\u00f6r\u00fcnm\u00fcr. Q\u0259za yerinin a\u015fkarlanmas\u0131 il\u0259 helikopterin s\u0259rni\u015finl\u0259ri aras\u0131nda he\u00e7 bir h\u0259yat \u0259lam\u0259ti a\u015fkar <a href=\"https:\/\/www.reuters.com\/world\/middle-east\/hopes-fade-wreckage-found-helicopter-carrying-iranian-president-raisi-2024-05-20\/\">edilm\u0259yib\u201d<\/a>.<\/em><\/p>\n\n\n\n<p>May\u0131n 19-da \u0130ran\u0131n v\u0259 Az\u0259rbaycan\u0131n d\u00f6vl\u0259t ba\u015f\u00e7\u0131lar\u0131 iki d\u00f6vl\u0259tin s\u0259rh\u0259dind\u0259 in\u015fa edilmi\u015f \u201cXudaf\u0259rin\u201d hidroqov\u015fa\u011f\u0131n\u0131n istismara verilm\u0259si v\u0259 \u201cQ\u0131z Qalas\u0131\u201d hidroqov\u015fa\u011f\u0131n\u0131n a\u00e7\u0131l\u0131\u015f\u0131n\u0131 edibl\u0259r. <\/p>\n\n\n\n<p>T\u0259dbird\u0259n sonra \u0130rana qay\u0131dan Prezident Seyid \u0130brahim R\u0259isinin helikopterinin Uzi v\u0259 Pir Davud k\u0259ndl\u0259ri aras\u0131ndak\u0131 Dizmar me\u015f\u0259sind\u0259 q\u0259zaya u\u011frad\u0131\u011f\u0131 haqda m\u0259lumat yay\u0131l\u0131b. Helikopterd\u0259 \u015e\u0259rqi Az\u0259rbaycan valisi Ay\u0259tullah \u018fl-Ha\u015fimi v\u0259 \u0130ran\u0131n xarici i\u015fl\u0259r naziri H\u00fcseyn \u018fmir-Abdollahian, \u015e\u0259rqi Az\u0259rbaycan valisi Malik R\u0259hm\u0259ti v\u0259 dig\u0259r \u015f\u0259xsl\u0259rin oldu\u011fu <a href=\"https:\/\/storage.googleapis.com\/qurium\/www.meydan.tv\/az-article-ilham-eliyevle-gorusden-qayidan-iran-prezidentinin-helikopteri-qeza-enisi-edib.html\">bildirilir<\/a>.<\/p>\n","protected":false},"excerpt":{"rendered":"","protected":false},"author":8,"featured_media":306132,"comment_status":"closed","ping_status":"closed","sticky":false,"template":"","format":"standard","meta":{"_acf_changed":false,"_sitemap_exclude":false,"_sitemap_priority":"","_sitemap_frequency":"","footnotes":""},"categories":[64,59,79,63,56],"tags":[],"class_list":["post-306119","post","type-post","status-publish","format-standard","has-post-thumbnail","hentry","category-dunya","category-siyaset","category-featured","category-video-2","category-xeberler","infinite-scroll-item","generate-columns","tablet-grid-50","mobile-grid-100","grid-parent","grid-33","no-featured-image-padding"],"acf":[],"yoast_head":"<!-- This site is optimized with the Yoast SEO plugin v27.4 - https:\/\/yoast.com\/product\/yoast-seo-wordpress\/ -->\n<title>Prezident v\u0259 hey\u0259t helikopter q\u0259zas\u0131nda h\u0259lak olub (yenil\u0259nib) - MEYDAN.TV<\/title>\n<meta name=\"robots\" content=\"index, follow, max-snippet:-1, max-image-preview:large, max-video-preview:-1\" \/>\n<link rel=\"canonical\" href=\"https:\/\/www.meydan.tv\/az\/article\/iran-qizil-aypara-cemiyyeti-sernisinler-arasinda-hec-bir-heyat-elameti-askar-edilmeyib\/\" \/>\n<meta property=\"og:locale\" content=\"az_AZ\" \/>\n<meta property=\"og:type\" content=\"article\" \/>\n<meta property=\"og:title\" content=\"Prezident v\u0259 hey\u0259t helikopter q\u0259zas\u0131nda h\u0259lak olub (yenil\u0259nib) - MEYDAN.TV\" \/>\n<meta property=\"og:url\" content=\"https:\/\/www.meydan.tv\/az\/article\/iran-qizil-aypara-cemiyyeti-sernisinler-arasinda-hec-bir-heyat-elameti-askar-edilmeyib\/\" \/>\n<meta property=\"og:site_name\" content=\"MEYDAN.TV\" \/>\n<meta property=\"article:published_time\" content=\"2024-05-20T03:57:26+00:00\" \/>\n<meta property=\"article:modified_time\" content=\"2024-05-20T18:03:42+00:00\" \/>\n<meta property=\"og:image\" content=\"https:\/\/www.meydan.tv\/wp-content\/uploads\/img_1086.jpg\" \/>\n\t<meta property=\"og:image:width\" content=\"1280\" \/>\n\t<meta property=\"og:image:height\" content=\"720\" \/>\n\t<meta property=\"og:image:type\" content=\"image\/jpeg\" \/>\n<meta name=\"author\" content=\"elli\" \/>\n<meta name=\"twitter:card\" content=\"summary_large_image\" \/>\n<meta name=\"twitter:creator\" content=\"@elli\" \/>\n<script type=\"application\/ld+json\" class=\"yoast-schema-graph\">{\"@context\":\"https:\\\/\\\/schema.org\",\"@graph\":[{\"@type\":\"Article\",\"@id\":\"https:\\\/\\\/www.meydan.tv\\\/az\\\/article\\\/iran-qizil-aypara-cemiyyeti-sernisinler-arasinda-hec-bir-heyat-elameti-askar-edilmeyib\\\/#article\",\"isPartOf\":{\"@id\":\"https:\\\/\\\/www.meydan.tv\\\/az\\\/article\\\/iran-qizil-aypara-cemiyyeti-sernisinler-arasinda-hec-bir-heyat-elameti-askar-edilmeyib\\\/\"},\"author\":{\"name\":\"elli\",\"@id\":\"https:\\\/\\\/www.meydan.tv\\\/az\\\/#\\\/schema\\\/person\\\/9cdbecf90d17180ce1dfbd95b08dcf47\"},\"headline\":\"Prezident v\u0259 hey\u0259t helikopter q\u0259zas\u0131nda h\u0259lak olub (yenil\u0259nib)\",\"datePublished\":\"2024-05-20T03:57:26+00:00\",\"dateModified\":\"2024-05-20T18:03:42+00:00\",\"mainEntityOfPage\":{\"@id\":\"https:\\\/\\\/www.meydan.tv\\\/az\\\/article\\\/iran-qizil-aypara-cemiyyeti-sernisinler-arasinda-hec-bir-heyat-elameti-askar-edilmeyib\\\/\"},\"wordCount\":848,\"publisher\":{\"@id\":\"https:\\\/\\\/www.meydan.tv\\\/az\\\/#organization\"},\"image\":{\"@id\":\"https:\\\/\\\/www.meydan.tv\\\/az\\\/article\\\/iran-qizil-aypara-cemiyyeti-sernisinler-arasinda-hec-bir-heyat-elameti-askar-edilmeyib\\\/#primaryimage\"},\"thumbnailUrl\":\"https:\\\/\\\/www.meydan.tv\\\/wp-content\\\/uploads\\\/img_1086.jpg\",\"articleSection\":[\"D\u00fcnya\",\"Siyas\u0259t\",\"T\u00f6vsiy\u0259\",\"Video\",\"X\u0259b\u0259rl\u0259r\"],\"inLanguage\":\"az\"},{\"@type\":\"WebPage\",\"@id\":\"https:\\\/\\\/www.meydan.tv\\\/az\\\/article\\\/iran-qizil-aypara-cemiyyeti-sernisinler-arasinda-hec-bir-heyat-elameti-askar-edilmeyib\\\/\",\"url\":\"https:\\\/\\\/www.meydan.tv\\\/az\\\/article\\\/iran-qizil-aypara-cemiyyeti-sernisinler-arasinda-hec-bir-heyat-elameti-askar-edilmeyib\\\/\",\"name\":\"Prezident v\u0259 hey\u0259t helikopter q\u0259zas\u0131nda h\u0259lak olub (yenil\u0259nib) - MEYDAN.TV\",\"isPartOf\":{\"@id\":\"https:\\\/\\\/www.meydan.tv\\\/az\\\/#website\"},\"primaryImageOfPage\":{\"@id\":\"https:\\\/\\\/www.meydan.tv\\\/az\\\/article\\\/iran-qizil-aypara-cemiyyeti-sernisinler-arasinda-hec-bir-heyat-elameti-askar-edilmeyib\\\/#primaryimage\"},\"image\":{\"@id\":\"https:\\\/\\\/www.meydan.tv\\\/az\\\/article\\\/iran-qizil-aypara-cemiyyeti-sernisinler-arasinda-hec-bir-heyat-elameti-askar-edilmeyib\\\/#primaryimage\"},\"thumbnailUrl\":\"https:\\\/\\\/www.meydan.tv\\\/wp-content\\\/uploads\\\/img_1086.jpg\",\"datePublished\":\"2024-05-20T03:57:26+00:00\",\"dateModified\":\"2024-05-20T18:03:42+00:00\",\"breadcrumb\":{\"@id\":\"https:\\\/\\\/www.meydan.tv\\\/az\\\/article\\\/iran-qizil-aypara-cemiyyeti-sernisinler-arasinda-hec-bir-heyat-elameti-askar-edilmeyib\\\/#breadcrumb\"},\"inLanguage\":\"az\",\"potentialAction\":[{\"@type\":\"ReadAction\",\"target\":[\"https:\\\/\\\/www.meydan.tv\\\/az\\\/article\\\/iran-qizil-aypara-cemiyyeti-sernisinler-arasinda-hec-bir-heyat-elameti-askar-edilmeyib\\\/\"]}]},{\"@type\":\"ImageObject\",\"inLanguage\":\"az\",\"@id\":\"https:\\\/\\\/www.meydan.tv\\\/az\\\/article\\\/iran-qizil-aypara-cemiyyeti-sernisinler-arasinda-hec-bir-heyat-elameti-askar-edilmeyib\\\/#primaryimage\",\"url\":\"https:\\\/\\\/www.meydan.tv\\\/wp-content\\\/uploads\\\/img_1086.jpg\",\"contentUrl\":\"https:\\\/\\\/www.meydan.tv\\\/wp-content\\\/uploads\\\/img_1086.jpg\",\"width\":1280,\"height\":720,\"caption\":\"Helokopterd\u0259 h\u0259lak olanlar: H\u00fcseyn \u018fmir-Abdollahian, M\u0259l\u0259k R\u0259hm\u0259ti, Seyid \u0130brahim R\u0259isi, Ay\u0259tullah M\u0259h\u0259mm\u0259d \u018fli Ale-Ha\u015fem. Foto: Meydan TV\"},{\"@type\":\"BreadcrumbList\",\"@id\":\"https:\\\/\\\/www.meydan.tv\\\/az\\\/article\\\/iran-qizil-aypara-cemiyyeti-sernisinler-arasinda-hec-bir-heyat-elameti-askar-edilmeyib\\\/#breadcrumb\",\"itemListElement\":[{\"@type\":\"ListItem\",\"position\":1,\"name\":\"Ana s\u0259hif\u0259\",\"item\":\"https:\\\/\\\/www.meydan.tv\\\/az\\\/\"},{\"@type\":\"ListItem\",\"position\":2,\"name\":\"Siyas\u0259t\",\"item\":\"https:\\\/\\\/www.meydan.tv\\\/az\\\/section\\\/siyaset\\\/\"},{\"@type\":\"ListItem\",\"position\":3,\"name\":\"Prezident v\u0259 hey\u0259t helikopter q\u0259zas\u0131nda h\u0259lak olub (yenil\u0259nib)\"}]},{\"@type\":\"WebSite\",\"@id\":\"https:\\\/\\\/www.meydan.tv\\\/az\\\/#website\",\"url\":\"https:\\\/\\\/www.meydan.tv\\\/az\\\/\",\"name\":\"MEYDAN.TV\",\"description\":\"Meydan TV Az\u0259rbaycan\u0131n media m\u0259kan\u0131ndak\u0131 alternativ s\u0259sidir\",\"publisher\":{\"@id\":\"https:\\\/\\\/www.meydan.tv\\\/az\\\/#organization\"},\"potentialAction\":[{\"@type\":\"SearchAction\",\"target\":{\"@type\":\"EntryPoint\",\"urlTemplate\":\"https:\\\/\\\/www.meydan.tv\\\/az\\\/?s={search_term_string}\"},\"query-input\":{\"@type\":\"PropertyValueSpecification\",\"valueRequired\":true,\"valueName\":\"search_term_string\"}}],\"inLanguage\":\"az\"},{\"@type\":\"Organization\",\"@id\":\"https:\\\/\\\/www.meydan.tv\\\/az\\\/#organization\",\"name\":\"Meydan TV\",\"url\":\"https:\\\/\\\/www.meydan.tv\\\/az\\\/\",\"logo\":{\"@type\":\"ImageObject\",\"inLanguage\":\"az\",\"@id\":\"https:\\\/\\\/www.meydan.tv\\\/az\\\/#\\\/schema\\\/logo\\\/image\\\/\",\"url\":\"https:\\\/\\\/www.meydan.tv\\\/wp-content\\\/uploads\\\/2021\\\/07\\\/meydan-logo.svg\",\"contentUrl\":\"https:\\\/\\\/www.meydan.tv\\\/wp-content\\\/uploads\\\/2021\\\/07\\\/meydan-logo.svg\",\"width\":195,\"height\":46,\"caption\":\"Meydan TV\"},\"image\":{\"@id\":\"https:\\\/\\\/www.meydan.tv\\\/az\\\/#\\\/schema\\\/logo\\\/image\\\/\"}},{\"@type\":\"Person\",\"@id\":\"https:\\\/\\\/www.meydan.tv\\\/az\\\/#\\\/schema\\\/person\\\/9cdbecf90d17180ce1dfbd95b08dcf47\",\"name\":\"elli\",\"sameAs\":[\"https:\\\/\\\/x.com\\\/elli\"]}]}<\/script>\n<!-- \/ Yoast SEO plugin. -->","yoast_head_json":{"title":"Prezident v\u0259 hey\u0259t helikopter q\u0259zas\u0131nda h\u0259lak olub (yenil\u0259nib) - MEYDAN.TV","robots":{"index":"index","follow":"follow","max-snippet":"max-snippet:-1","max-image-preview":"max-image-preview:large","max-video-preview":"max-video-preview:-1"},"canonical":"https:\/\/www.meydan.tv\/az\/article\/iran-qizil-aypara-cemiyyeti-sernisinler-arasinda-hec-bir-heyat-elameti-askar-edilmeyib\/","og_locale":"az_AZ","og_type":"article","og_title":"Prezident v\u0259 hey\u0259t helikopter q\u0259zas\u0131nda h\u0259lak olub (yenil\u0259nib) - MEYDAN.TV","og_url":"https:\/\/www.meydan.tv\/az\/article\/iran-qizil-aypara-cemiyyeti-sernisinler-arasinda-hec-bir-heyat-elameti-askar-edilmeyib\/","og_site_name":"MEYDAN.TV","article_published_time":"2024-05-20T03:57:26+00:00","article_modified_time":"2024-05-20T18:03:42+00:00","og_image":[{"width":1280,"height":720,"url":"https:\/\/www.meydan.tv\/wp-content\/uploads\/img_1086.jpg","type":"image\/jpeg"}],"author":"elli","twitter_card":"summary_large_image","twitter_creator":"@elli","schema":{"@context":"https:\/\/schema.org","@graph":[{"@type":"Article","@id":"https:\/\/www.meydan.tv\/az\/article\/iran-qizil-aypara-cemiyyeti-sernisinler-arasinda-hec-bir-heyat-elameti-askar-edilmeyib\/#article","isPartOf":{"@id":"https:\/\/www.meydan.tv\/az\/article\/iran-qizil-aypara-cemiyyeti-sernisinler-arasinda-hec-bir-heyat-elameti-askar-edilmeyib\/"},"author":{"name":"elli","@id":"https:\/\/www.meydan.tv\/az\/#\/schema\/person\/9cdbecf90d17180ce1dfbd95b08dcf47"},"headline":"Prezident v\u0259 hey\u0259t helikopter q\u0259zas\u0131nda h\u0259lak olub (yenil\u0259nib)","datePublished":"2024-05-20T03:57:26+00:00","dateModified":"2024-05-20T18:03:42+00:00","mainEntityOfPage":{"@id":"https:\/\/www.meydan.tv\/az\/article\/iran-qizil-aypara-cemiyyeti-sernisinler-arasinda-hec-bir-heyat-elameti-askar-edilmeyib\/"},"wordCount":848,"publisher":{"@id":"https:\/\/www.meydan.tv\/az\/#organization"},"image":{"@id":"https:\/\/www.meydan.tv\/az\/article\/iran-qizil-aypara-cemiyyeti-sernisinler-arasinda-hec-bir-heyat-elameti-askar-edilmeyib\/#primaryimage"},"thumbnailUrl":"https:\/\/www.meydan.tv\/wp-content\/uploads\/img_1086.jpg","articleSection":["D\u00fcnya","Siyas\u0259t","T\u00f6vsiy\u0259","Video","X\u0259b\u0259rl\u0259r"],"inLanguage":"az"},{"@type":"WebPage","@id":"https:\/\/www.meydan.tv\/az\/article\/iran-qizil-aypara-cemiyyeti-sernisinler-arasinda-hec-bir-heyat-elameti-askar-edilmeyib\/","url":"https:\/\/www.meydan.tv\/az\/article\/iran-qizil-aypara-cemiyyeti-sernisinler-arasinda-hec-bir-heyat-elameti-askar-edilmeyib\/","name":"Prezident v\u0259 hey\u0259t helikopter q\u0259zas\u0131nda h\u0259lak olub (yenil\u0259nib) - MEYDAN.TV","isPartOf":{"@id":"https:\/\/www.meydan.tv\/az\/#website"},"primaryImageOfPage":{"@id":"https:\/\/www.meydan.tv\/az\/article\/iran-qizil-aypara-cemiyyeti-sernisinler-arasinda-hec-bir-heyat-elameti-askar-edilmeyib\/#primaryimage"},"image":{"@id":"https:\/\/www.meydan.tv\/az\/article\/iran-qizil-aypara-cemiyyeti-sernisinler-arasinda-hec-bir-heyat-elameti-askar-edilmeyib\/#primaryimage"},"thumbnailUrl":"https:\/\/www.meydan.tv\/wp-content\/uploads\/img_1086.jpg","datePublished":"2024-05-20T03:57:26+00:00","dateModified":"2024-05-20T18:03:42+00:00","breadcrumb":{"@id":"https:\/\/www.meydan.tv\/az\/article\/iran-qizil-aypara-cemiyyeti-sernisinler-arasinda-hec-bir-heyat-elameti-askar-edilmeyib\/#breadcrumb"},"inLanguage":"az","potentialAction":[{"@type":"ReadAction","target":["https:\/\/www.meydan.tv\/az\/article\/iran-qizil-aypara-cemiyyeti-sernisinler-arasinda-hec-bir-heyat-elameti-askar-edilmeyib\/"]}]},{"@type":"ImageObject","inLanguage":"az","@id":"https:\/\/www.meydan.tv\/az\/article\/iran-qizil-aypara-cemiyyeti-sernisinler-arasinda-hec-bir-heyat-elameti-askar-edilmeyib\/#primaryimage","url":"https:\/\/www.meydan.tv\/wp-content\/uploads\/img_1086.jpg","contentUrl":"https:\/\/www.meydan.tv\/wp-content\/uploads\/img_1086.jpg","width":1280,"height":720,"caption":"Helokopterd\u0259 h\u0259lak olanlar: H\u00fcseyn \u018fmir-Abdollahian, M\u0259l\u0259k R\u0259hm\u0259ti, Seyid \u0130brahim R\u0259isi, Ay\u0259tullah M\u0259h\u0259mm\u0259d \u018fli Ale-Ha\u015fem. Foto: Meydan TV"},{"@type":"BreadcrumbList","@id":"https:\/\/www.meydan.tv\/az\/article\/iran-qizil-aypara-cemiyyeti-sernisinler-arasinda-hec-bir-heyat-elameti-askar-edilmeyib\/#breadcrumb","itemListElement":[{"@type":"ListItem","position":1,"name":"Ana s\u0259hif\u0259","item":"https:\/\/www.meydan.tv\/az\/"},{"@type":"ListItem","position":2,"name":"Siyas\u0259t","item":"https:\/\/www.meydan.tv\/az\/section\/siyaset\/"},{"@type":"ListItem","position":3,"name":"Prezident v\u0259 hey\u0259t helikopter q\u0259zas\u0131nda h\u0259lak olub (yenil\u0259nib)"}]},{"@type":"WebSite","@id":"https:\/\/www.meydan.tv\/az\/#website","url":"https:\/\/www.meydan.tv\/az\/","name":"MEYDAN.TV","description":"Meydan TV Az\u0259rbaycan\u0131n media m\u0259kan\u0131ndak\u0131 alternativ s\u0259sidir","publisher":{"@id":"https:\/\/www.meydan.tv\/az\/#organization"},"potentialAction":[{"@type":"SearchAction","target":{"@type":"EntryPoint","urlTemplate":"https:\/\/www.meydan.tv\/az\/?s={search_term_string}"},"query-input":{"@type":"PropertyValueSpecification","valueRequired":true,"valueName":"search_term_string"}}],"inLanguage":"az"},{"@type":"Organization","@id":"https:\/\/www.meydan.tv\/az\/#organization","name":"Meydan TV","url":"https:\/\/www.meydan.tv\/az\/","logo":{"@type":"ImageObject","inLanguage":"az","@id":"https:\/\/www.meydan.tv\/az\/#\/schema\/logo\/image\/","url":"https:\/\/www.meydan.tv\/wp-content\/uploads\/2021\/07\/meydan-logo.svg","contentUrl":"https:\/\/www.meydan.tv\/wp-content\/uploads\/2021\/07\/meydan-logo.svg","width":195,"height":46,"caption":"Meydan TV"},"image":{"@id":"https:\/\/www.meydan.tv\/az\/#\/schema\/logo\/image\/"}},{"@type":"Person","@id":"https:\/\/www.meydan.tv\/az\/#\/schema\/person\/9cdbecf90d17180ce1dfbd95b08dcf47","name":"elli","sameAs":["https:\/\/x.com\/elli"]}]}},"_links":{"self":[{"href":"https:\/\/www.meydan.tv\/az\/wp-json\/wp\/v2\/posts\/306119","targetHints":{"allow":["GET"]}}],"collection":[{"href":"https:\/\/www.meydan.tv\/az\/wp-json\/wp\/v2\/posts"}],"about":[{"href":"https:\/\/www.meydan.tv\/az\/wp-json\/wp\/v2\/types\/post"}],"author":[{"embeddable":true,"href":"https:\/\/www.meydan.tv\/az\/wp-json\/wp\/v2\/users\/8"}],"replies":[{"embeddable":true,"href":"https:\/\/www.meydan.tv\/az\/wp-json\/wp\/v2\/comments?post=306119"}],"version-history":[{"count":13,"href":"https:\/\/www.meydan.tv\/az\/wp-json\/wp\/v2\/posts\/306119\/revisions"}],"predecessor-version":[{"id":306216,"href":"https:\/\/www.meydan.tv\/az\/wp-json\/wp\/v2\/posts\/306119\/revisions\/306216"}],"wp:featuredmedia":[{"embeddable":true,"href":"https:\/\/www.meydan.tv\/az\/wp-json\/wp\/v2\/media\/306132"}],"wp:attachment":[{"href":"https:\/\/www.meydan.tv\/az\/wp-json\/wp\/v2\/media?parent=306119"}],"wp:term":[{"taxonomy":"category","embeddable":true,"href":"https:\/\/www.meydan.tv\/az\/wp-json\/wp\/v2\/categories?post=306119"},{"taxonomy":"post_tag","embeddable":true,"href":"https:\/\/www.meydan.tv\/az\/wp-json\/wp\/v2\/tags?post=306119"}],"curies":[{"name":"wp","href":"https:\/\/api.w.org\/{rel}","templated":true}]}}