{"id":306047,"date":"2024-05-17T18:52:14","date_gmt":"2024-05-17T14:52:14","guid":{"rendered":"https:\/\/www.meydan.tv\/?p=306047"},"modified":"2024-05-17T18:52:21","modified_gmt":"2024-05-17T14:52:21","slug":"gurcu-arzusu-ve-rus-qanunu-vetendas-cemiyyetine-qarsi","status":"publish","type":"post","link":"https:\/\/www.meydan.tv\/az\/article\/gurcu-arzusu-ve-rus-qanunu-vetendas-cemiyyetine-qarsi\/","title":{"rendered":"\u201cG\u00fcrc\u00fc arzusu\u201d v\u0259 \u201crus qanunu\u201d v\u0259t\u0259nda\u015f c\u0259miyy\u0259tin\u0259 qar\u015f\u0131"},"content":{"rendered":"\n<p><\/p>\n\n\n\n<p><em><strong>Tbilisid\u0259 niy\u0259 etirazlar s\u0259ngimir v\u0259 G\u00fcrc\u00fcstan hakimiyy\u0259tinin israrla yeritdikl\u0259ri qanunda yanl\u0131\u015f olan n\u0259dir?<\/strong><\/em><\/p>\n\n\n\n<p><em>May\u0131n 14-\u00fc G\u00fcrc\u00fcstan parlamenti \u201cXarici t\u0259sirin \u015f\u0259ffafl\u0131\u011f\u0131 haqq\u0131nda\u201d qanun layih\u0259sini yekun \u00fc\u00e7\u00fcnc\u00fc oxunu\u015fda q\u0259bul edib. Bu, G\u00fcrc\u00fcstan paytaxt\u0131nda art\u0131q bir aydan \u00e7oxdur ki, qaynayan irimiqyasl\u0131 etirazlar fonunda ba\u015f verib. \u00d6t\u0259n il etirazlar s\u0259b\u0259bi il\u0259 geri g\u00f6t\u00fcrd\u00fcy\u00fc, bu il n\u0259yin bahas\u0131na olursa olsun h\u0259min qanunu q\u0259bul etm\u0259si q\u0259rar\u0131n\u0131 G\u00fcrc\u00fcstan hakimiyy\u0259tinin on iki illik idar\u0259si d\u00f6vr\u00fcnd\u0259 \u0259n qeyri-populyar add\u0131m\u0131 adland\u0131rmaq olar. M\u0259lum m\u0259s\u0259l\u0259nin g\u00fcnd\u0259m\u0259 q\u0259fil qay\u0131tmas\u0131 bu ilin aprelind\u0259 y\u00fcz minl\u0259rl\u0259 adam\u0131 k\u00fc\u00e7\u0259l\u0259r\u0259 \u00e7\u0131xard\u0131. Bu qanun niy\u0259 g\u00fcrc\u00fc c\u0259miyy\u0259tinin xo\u015funa g\u0259lmir v\u0259 hakimiyy\u0259t niy\u0259 onu bu q\u0259d\u0259r sevir?&nbsp;&nbsp;<\/em><strong><em> &nbsp;<\/em><\/strong><\/p>\n\n\n\n<h6 class=\"wp-block-heading\"><strong>Qanun haqq\u0131nda n\u0259 bilm\u0259k laz\u0131md\u0131r?<\/strong><\/h6>\n\n\n\n<p>Qanun layih\u0259sin\u0259 uy\u011fun olaraq, \u00f6z qeyri-kommersiya g\u0259lirl\u0259rinin 20 faizind\u0259n \u00e7oxunu xaricd\u0259n alan b\u00fct\u00fcn media v\u0259 qeyri-h\u00f6kum\u0259t t\u0259\u015fkilatlar\u0131 xarici t\u0259sir agentl\u0259rinin reyestrind\u0259 qeydiyyatdan ke\u00e7m\u0259lidir. Bu \u00e7oxlu sayda qeyri-h\u00f6kum\u0259t t\u0259\u015fkilatlar\u0131n\u0131, o c\u00fcml\u0259d\u0259n Q\u0259rbd\u0259n qrant alanlar\u0131 z\u0259rb\u0259 alt\u0131nda qoyur. Bunlara, m\u0259s\u0259l\u0259n, xaricd\u0259 t\u0259hsil \u00fc\u00e7\u00fcn t\u0259qa\u00fcd alan t\u0259l\u0259b\u0259l\u0259r, ya da k\u0259nd t\u0259s\u0259rr\u00fcfat\u0131 texnikas\u0131n\u0131n maliyy\u0259l\u0259\u015fdirilm\u0259si m\u00fcsabiq\u0259sind\u0259 udan fermerl\u0259r d\u0259 aiddir. Y\u0259ni \u0259g\u0259r qanun q\u0259bul olunarsa, siyas\u0259td\u0259n uzaq adamlar da \u00f6zl\u0259rini xarici agent adland\u0131rmal\u0131 olacaqlar.<\/p>\n\n\n\n<p>Qanun a\u015fkar \u015f\u0259kild\u0259 mediaya z\u0259r\u0259r ver\u0259c\u0259k \u2013 \u00f6lk\u0259d\u0259 reklam bazar\u0131 kas\u0131bd\u0131r, auditoriyan\u0131n al\u0131c\u0131l\u0131q qabiliyy\u0259ti y\u00fcks\u0259k deyil, odur ki, m\u00fcst\u0259qil median\u0131n b\u00f6y\u00fck bir hiss\u0259si yaln\u0131z xarici qrant say\u0259sind\u0259 i\u015fl\u0259yir. &nbsp;&nbsp;&nbsp;&nbsp;&nbsp;&nbsp;&nbsp;&nbsp;&nbsp;<\/p>\n\n\n\n<p>Qanunun q\u0259bul edilm\u0259sin\u0259 qar\u015f\u0131 olan \u0259sas arqumentl\u0259rd\u0259n biri ondan ibar\u0259tdir ki, G\u00fcrc\u00fcstanda f\u0259aliyy\u0259t g\u00f6st\u0259r\u0259n qeyri-h\u00f6kum\u0259t t\u0259\u015fkilatlar\u0131n\u0131n \u00e7oxunun b\u00fcdc\u0259si onsuz da \u015f\u0259ffafd\u0131r \u2013 \u00f6lk\u0259d\u0259 qeydiyyatdan ke\u00e7mi\u015f ist\u0259nil\u0259n QHT-nin g\u0259lirl\u0259ri v\u0259 onlar\u0131n m\u0259nb\u0259l\u0259ri bar\u0259d\u0259 tam hesabat Maliyy\u0259 Nazirliyinin s\u0259r\u0259ncam\u0131ndad\u0131r. Qanunun opponentl\u0259ri hesab edirl\u0259r ki, onun q\u0259bul olunmas\u0131 qeyri-h\u00f6kum\u0259t t\u0259\u015fkilatlar\u0131n\u0131n stiqmatizasiyas\u0131na r\u0259vac ver\u0259c\u0259k ki, bu da onlar\u0131 \u0259vv\u0259lc\u0259 \u00f6zl\u0259rin\u0259 xarici agent m\u00f6h\u00fcr\u00fc vurma\u011fa, sonra da dig\u0259r t\u0259zyiq mexanizml\u0259ri t\u0259tbiq etm\u0259y\u0259 m\u0259cbur ed\u0259c\u0259k.<\/p>\n\n\n\n<p>\u00dcst\u0259lik qanun G\u00fcrc\u00fcstan\u0131n A\u0130 \u00fczvl\u00fcy\u00fcn\u0259 namiz\u0259d kimi q\u0259bul edilm\u0259si \u00fc\u00e7\u00fcn raz\u0131la\u015fd\u0131\u011f\u0131 plana ziddir.&nbsp; &nbsp;&nbsp;&nbsp;<\/p>\n\n\n\n<h6 class=\"wp-block-heading\"><strong>Qanun niy\u0259 \u201crus qanunu\u201d adlan\u0131r?<\/strong><\/h6>\n\n\n\n<p>M\u00fc\u0259llifl\u0259rin dediyin\u0259 g\u00f6r\u0259, onlar bu qanunu yazark\u0259n 1938-ci ild\u0259 Amerikada q\u0259bul olunmu\u015f \u201cXarici agentl\u0259rin qeydiyyat\u0131 haqq\u0131nda akt\u201da \u0259saslan\u0131blar. Lakin h\u00fcquq\u015f\u00fcnaslar v\u0259 h\u00fcquq m\u00fcdafi\u0259\u00e7il\u0259ri b\u0259yan edibl\u0259r ki, qanunun G\u00fcrc\u00fcstan versiyas\u0131na Amerika qanununun m\u00fch\u00fcm hiss\u0259si \u2013 m\u00fcst\u0259snalar daxil edilm\u0259yib. \u00dcst\u0259lik, \u0130kinci D\u00fcnya m\u00fcharib\u0259sinin \u0259vv\u0259lind\u0259 q\u0259bul olunmu\u015f Amerika akt\u0131 g\u00fcrc\u00fc versiyas\u0131ndan f\u0259rqli olaraq, QHT ovuna y\u00f6n\u0259lm\u0259yib \u2013 onun m\u00fc\u0259llifl\u0259ri vur\u011funun m\u0259hz qeyri-h\u00f6kum\u0259t sektoruna vuruldu\u011funu gizl\u0259tmirl\u0259r.&nbsp;&nbsp; &nbsp;&nbsp;&nbsp;&nbsp;<\/p>\n\n\n\n<p>Vaxtil\u0259 Rusiya hakimiyy\u0259ti d\u0259 Amerika akt\u0131na \u0259saslanaraq, 2012-ci ild\u0259 xarici agentl\u0259r haqq\u0131nda qanun q\u0259bul edib. Rusiya qanunu ilk ba\u015fda yaln\u0131z siyasi t\u0259\u015fkilatlara \u015famil olunub, lakin onun t\u0259tbiq sah\u0259si getdikc\u0259 geni\u015fl\u0259nib v\u0259 Ukraynada m\u00fcharib\u0259 ba\u015flayandan sonra Rusiyada ist\u0259nil\u0259n t\u0259nqidi d\u00fc\u015f\u00fcnc\u0259nin k\u00f6k\u00fcn\u00fc tamamil\u0259 k\u0259sm\u0259y\u0259 m\u00fcv\u0259ff\u0259q olub.&nbsp;&nbsp;&nbsp;<\/p>\n\n\n\n<p>Hakimiyy\u0259t t\u0259nqid\u00e7il\u0259rinin dediyin\u0259 g\u00f6r\u0259, m\u0259hz Rusiyan\u0131n xarici agentl\u0259r haqq\u0131nda qanunu g\u00fcrc\u00fc t\u0259\u015f\u0259bb\u00fcs\u00e7\u00fcl\u0259rinin prototipi olub. Hakim partiyan\u0131n son bir ild\u0259 \u00f6z\u00fcn\u00fc nec\u0259 aparmas\u0131 buna bariz s\u00fcbutdur. M\u0259s\u0259l\u0259 buras\u0131ndad\u0131r ki, Ukraynada tammiqyasl\u0131 m\u00fcharib\u0259 ba\u015flayandan sonra G\u00fcrc\u00fcstan hakimiyy\u0259tinin Kreml sevgisi a\u015fkara \u00e7\u0131xd\u0131. M\u00fcharib\u0259nin ilk g\u00fcnl\u0259rind\u0259c\u0259 g\u00fcrc\u00fc h\u00f6kum\u0259tinin Ukraynaya t\u0259mkinl\u0259 h\u0259mr\u0259ylik g\u00f6st\u0259rm\u0259si g\u00fcrc\u00fcl\u0259ri xo\u015f olmayacaq \u015f\u0259kild\u0259 t\u0259\u0259cc\u00fcbl\u0259ndirdi. Bundan sonra pe\u015fman\u00e7\u0131l\u0131qlar\u0131n v\u0259 qaranl\u0131q \u015f\u00fcbh\u0259l\u0259rin sonu g\u00f6r\u00fcnm\u0259di.\u00a0 \u00a0\u00a0\u00a0\u00a0<\/p>\n\n\n\n<h6 class=\"wp-block-heading\"><strong>C\u0259miyy\u0259t ona nec\u0259 yana\u015f\u0131r?<\/strong><\/h6>\n\n\n\n<p>Qanuna qar\u015f\u0131 etiraz c\u0259miyy\u0259ti h\u0259l\u0259 \u00f6t\u0259n il yumruq hal\u0131na g\u0259tirdi, bel\u0259 ki, m\u00fcxt\u0259lif bax\u0131\u015fl\u0131 siyas\u0259t\u00e7il\u0259ri, jurnalistl\u0259ri, idman\u00e7\u0131lar\u0131, yaz\u0131\u00e7\u0131lar\u0131 v\u0259 musiqi\u00e7il\u0259ri birl\u0259\u015fdirdi. G\u00fcrc\u00fcstanda Q\u0259rb d\u0259y\u0259rl\u0259rin\u0259 can atma h\u0259mi\u015f\u0259 siyasi \u0259n\u0259n\u0259 say\u0131l\u0131b, hakimiyy\u0259t orqanlar\u0131n\u0131n \u00f6lk\u0259ni Avroatlantik strukturlara inteqrasiya etdirm\u0259si Konstitusiyada t\u0259sbit olunub. \u0130ctimai r\u0259y sor\u011fular\u0131nda respondentl\u0259rin b\u00f6y\u00fck \u0259ks\u0259riyy\u0259ti \u0259n\u0259n\u0259vi olaraq Avropaya inteqrasiyan\u0131 v\u0259 NATO \u00fczvl\u00fcy\u00fcn\u00fc d\u0259st\u0259kl\u0259yir.\u00a0 \u00a0\u00a0\u00a0\u00a0\u00a0\u00a0\u00a0\u00a0<\/p>\n\n\n\n<p>C\u0259miyy\u0259td\u0259 x\u00fcsusil\u0259 k\u0259skin reaksiyan\u0131 hakim partiyan\u0131n m\u0259murlar\u0131n\u0131n, h\u0259m\u00e7inin onlar\u0131n ideoloji ilhamvericisinin \u2013 Rusiyada varlanm\u0131\u015f milyarder Bidzina \u0130vani\u015fvilinin son b\u0259yanatlar\u0131 oldu. \u0130vani\u015fvili 2012-ci ild\u0259 \u201cG\u00fcrc\u00fc Arzusu\u201d Partiyas\u0131n\u0131 yarad\u0131b v\u0259 ona el\u0259 h\u0259min il parlament se\u00e7kil\u0259rind\u0259 qalib g\u0259lm\u0259y\u0259 k\u00f6m\u0259k edib. \u0130vani\u015fvilini h\u0259min vaxtdan k\u00f6lg\u0259 h\u00f6kmdar\u0131 say\u0131rlar, bel\u0259 ki, bu adam\u0131n g\u00f6st\u0259ri\u015fi olmadan he\u00e7 bir siyasi q\u0259rar q\u0259bul olunmur.<\/p>\n\n\n\n<p>Aprelin 29-u hakimiyy\u0259t t\u0259r\u0259fdarlar\u0131n\u0131n mitinqind\u0259 qanunu d\u0259st\u0259kl\u0259y\u0259n \u0130vani\u015fvili b\u0259yan edib ki, Q\u0259rbi, m\u00fcxalif\u0259ti v\u0259 qeyri-h\u00f6kum\u0259t t\u0259\u015fkilatlar\u0131n\u0131 \u00f6z hakimiyy\u0259tinin d\u00fc\u015fm\u0259nl\u0259ri hesab edir. O, G\u00fcrc\u00fcstan\u0131n Q\u0259rb partnyorlar\u0131n\u0131 \u201cxarici agent\u201d v\u0259 \u201cqlobal m\u00fcharib\u0259 partiyas\u0131\u201d adland\u0131r\u0131b. \u0130vani\u015fvilinin fikrinc\u0259, \u201cqlobal m\u00fcharib\u0259 partiyas\u0131\u201d QHT-nin k\u00f6m\u0259yi il\u0259 G\u00fcrc\u00fcstan\u0131n m\u00fcst\u0259qilliyini \u0259lind\u0259n almaq ist\u0259yir.\u00a0 \u00a0\u00a0\u00a0\u00a0\u00a0\u00a0\u00a0\u00a0<\/p>\n\n\n\n<p>M\u00fcst\u0259qil jurnalistl\u0259r v\u0259 siyasi m\u00fc\u015fahid\u0259\u00e7il\u0259r qeyd edibl\u0259r ki, G\u00fcr\u00fcstanda he\u00e7 bir siyas\u0259t\u00e7i bel\u0259 bir ritorikaya yol verm\u0259yib \u2013 Avropaya canatma v\u0259 Rusiyadan m\u00fcst\u0259qil olmaq \u00f6lk\u0259nin m\u00fcst\u0259qilliyin ilk g\u00fcnl\u0259rind\u0259n b\u0259ri siyasi meynstrimin sars\u0131lmaz d\u0259y\u0259ri olub.&nbsp;&nbsp;<\/p>\n\n\n\n<p>Y\u0259qin ki, bu b\u0259yanata g\u00f6r\u0259 Tbilisi k\u00fc\u00e7\u0259l\u0259rind\u0259 etiraz ed\u0259nl\u0259rin say\u0131 daha da artd\u0131; b\u0259zil\u0259rinin fikrinc\u0259, onlar qanunun q\u0259bul olunmas\u0131 m\u0259s\u0259l\u0259sini faktiki olaraq ekzistensial hesab edirl\u0259r. May\u0131n 11-i ax\u015fam saatlar\u0131nda Tbilisinin m\u0259rk\u0259zind\u0259 200 min adam y\u0131\u011f\u0131\u015fd\u0131. &nbsp;<\/p>\n\n\n\n<h6 class=\"wp-block-heading\"><strong>Partnyorlar n\u0259 deyir?<\/strong><\/h6>\n\n\n\n<h6 class=\"wp-block-heading\">Qanun layih\u0259sini G\u00fcrc\u00fcstan\u0131n Q\u0259rb partnyorlar\u0131 da \u2013 s\u0259firlikl\u0259r, beyn\u0259lxalq t\u0259\u015fkilatlar, amerikal\u0131 konqresmenl\u0259r, Avropan\u0131n r\u0259smi simalar\u0131, BMT, AB\u015e-nin D\u00f6vl\u0259t Departamenti v\u0259 s. k\u0259skin t\u0259nqid at\u0259\u015fin\u0259 tutur. Sanksiyalar\u0131n t\u0259tbiq olunmas\u0131 m\u0259s\u0259l\u0259si d\u0259 g\u00f6zl\u0259nilir: Avropa \u0130ttifaq\u0131 b\u0259yan edib ki, qanun q\u0259bul edildiyi t\u0259qdird\u0259 G\u00fcrc\u00fcstanda viza rejiminin l\u0259\u011fvi m\u0259s\u0259l\u0259sin\u0259 yenid\u0259n baxma\u011fa m\u0259cbur olacaq. T\u0259bii ki, burda h\u0259m\u00e7inin A\u0130 \u00fczvl\u00fcy\u00fcn\u0259 namiz\u0259d \u00f6lk\u0259 statusunun dayand\u0131r\u0131lmas\u0131 da n\u0259z\u0259rd\u0259 tutulur.\u00a0 \u00a0\u00a0\u00a0\u00a0\u00a0<\/h6>\n\n\n\n<p>Lakin G\u00fcrc\u00fcstan hakimiyy\u0259ti sanksiyadan qorxmad\u0131\u011f\u0131na a\u015fkar \u015f\u0259kild\u0259 eyham vurur, \u0259n az\u0131ndan Ba\u015f nazir \u0130rakli Kobaxidze b\u0259yan edib ki, <em>\u201cbu g\u00fcn G\u00fcrc\u00fcstan d\u00f6vl\u0259ti he\u00e7 olmad\u0131\u011f\u0131 q\u0259d\u0259r m\u00fcst\u0259qildir\u201d<\/em> v\u0259 qanun m\u00fctl\u0259q q\u0259bul olunacaq, etiraz ed\u0259n \u201cradikallar\u201d is\u0259 c\u0259zaland\u0131r\u0131lacaq. \u00a0<\/p>\n\n\n\n<h6 class=\"wp-block-heading\"><strong>Bu c\u00fcr qeyri-populyar add\u0131m\u0131 atmaq n\u0259y\u0259 laz\u0131md\u0131r?<\/strong><\/h6>\n\n\n\n<p>Oktyabr ay\u0131nda G\u00fcrc\u00fcstanda parlament se\u00e7kil\u0259ri ke\u00e7irilm\u0259lidir v\u0259 \u00f6lk\u0259d\u0259 bir \u00e7oxu hesab edir ki, \u0259g\u0259r se\u00e7kil\u0259r d\u00fcr\u00fcst ke\u00e7iril\u0259rs\u0259, hakim partiyan\u0131n z\u0259rr\u0259 q\u0259d\u0259r d\u0259 qalib g\u0259lm\u0259k \u015fans\u0131 yoxdur. \u018fg\u0259r hakimiyy\u0259t se\u00e7kil\u0259ri saxtala\u015fd\u0131rmaq ist\u0259y\u0259rs\u0259, QHT v\u0259 m\u00fcst\u0259qil median\u0131n vintl\u0259rinin s\u0131x\u0131lmas\u0131 ciddi k\u00f6m\u0259k ola bil\u0259rdi. Yeri g\u0259lmi\u015fk\u0259n, \u00f6t\u0259n parlament se\u00e7kil\u0259rind\u0259 (onlar 2020-ci ilin oktyabr ay\u0131nda, COV\u0130D19 m\u0259hdudiyy\u0259tl\u0259rinin q\u0131z\u011f\u0131n \u00e7a\u011f\u0131nda ke\u00e7irdi) m\u00fc\u015fahid\u0259\u00e7il\u0259rin se\u00e7kil\u0259rin \u0259dal\u0259tli \u015f\u0259kild\u0259 ke\u00e7irilm\u0259si, \u201cG\u00fcrc\u00fc Arzusu\u201dnun q\u0259l\u0259b\u0259sinin legitimliyi il\u0259 ba\u011fl\u0131 \u00e7oxlu suallar\u0131 olub. M\u00fcxalif\u0259t uzun m\u00fcdd\u0259t n\u0259tic\u0259 il\u0259 raz\u0131 olmay\u0131b v\u0259 parlament\u0259 t\u0259kc\u0259 Q\u0259rb t\u0259\u015fkilatlar\u0131n\u0131n k\u00f6m\u0259yi il\u0259 daxil olub. H\u0259min vaxtdan b\u0259ri hakim partiya daha \u00e7ox d\u0259st\u0259yini itirib.\u00a0 \u00a0\u00a0\u00a0\u00a0\u00a0\u00a0\u00a0\u00a0\u00a0<\/p>\n\n\n\n<h6 class=\"wp-block-heading\"><strong>Bundan sonra n\u0259 olacaq?<\/strong><\/h6>\n\n\n\n<p>Hakimiyy\u0259t etiraz aksiyalar\u0131n\u0131 n\u00fcmayi\u015fkaran\u0259 \u015f\u0259kild\u0259 g\u00f6rm\u0259zd\u0259n g\u0259lir \u2013 m\u0259s\u0259l\u0259n, parlamentin h\u00fcquq komit\u0259si bay\u0131rda etiraz\u00e7\u0131 izdiham\u0131na r\u0259\u011fm\u0259n, may\u0131n 13-\u00fc qanun layih\u0259sini rekord 67 saniy\u0259 \u0259rzind\u0259 n\u0259z\u0259rd\u0259n ke\u00e7irib v\u0259 s\u0259sverm\u0259y\u0259 qoyub.<\/p>\n\n\n\n<p>\u018fvv\u0259ld\u0259n qanun layih\u0259sin\u0259 qar\u015f\u0131 olan G\u00fcrc\u00fcstan Prezidenti Salome Zurabi\u015fvili ona veto qoyaca\u011f\u0131n\u0131 b\u0259yan edib. Amma bu add\u0131m\u0131 h\u0259lledici adland\u0131rmaq olmaz, \u00e7\u00fcnki \u201cG\u00fcrc\u00fc Arzusu\u201d Prezident vetosunun \u00f6hd\u0259sind\u0259n asanl\u0131qla g\u0259l\u0259c\u0259k. \u00a0\u00a0\u00a0<\/p>\n\n\n\n<p>Bu arada etirazlar davam edir; bazar ert\u0259sind\u0259n etibar\u0259n G\u00fcrc\u00fcstan ali t\u0259hsil m\u00fc\u0259ssis\u0259l\u0259rinin bir \u00e7oxunun t\u0259l\u0259b\u0259l\u0259ri t\u0259til elan edib, onlara b\u0259zi m\u00fc\u0259lliml\u0259r d\u0259 qo\u015fulublar. Mitinql\u0259r G\u00fcrc\u00fcstan\u0131n dig\u0259r \u015f\u0259h\u0259rl\u0259rin\u0259 d\u0259 yay\u0131l\u0131b, diaspor n\u00fcmay\u0259nd\u0259l\u0259ri xaricd\u0259ki etiraz\u00e7\u0131larla h\u0259mr\u0259ylik n\u00fcmayi\u015f etdiribl\u0259r. \u00a0\u00a0\u00a0<\/p>\n","protected":false},"excerpt":{"rendered":"<p>Tbilisid\u0259 niy\u0259 etirazlar s\u0259ngimir v\u0259 G\u00fcrc\u00fcstan hakimiyy\u0259tinin israrla yeritdikl\u0259ri qanunda &#8230; <\/p>\n<p class=\"read-more-container\"><a title=\"\u201cG\u00fcrc\u00fc arzusu\u201d v\u0259 \u201crus qanunu\u201d v\u0259t\u0259nda\u015f c\u0259miyy\u0259tin\u0259 qar\u015f\u0131\" class=\"read-more button\" href=\"https:\/\/www.meydan.tv\/az\/article\/gurcu-arzusu-ve-rus-qanunu-vetendas-cemiyyetine-qarsi\/#more-306047\" aria-label=\"Read more about \u201cG\u00fcrc\u00fc arzusu\u201d v\u0259 \u201crus qanunu\u201d v\u0259t\u0259nda\u015f c\u0259miyy\u0259tin\u0259 qar\u015f\u0131\">Davam\u0131<\/a><\/p>\n","protected":false},"author":16,"featured_media":304887,"comment_status":"closed","ping_status":"closed","sticky":false,"template":"","format":"standard","meta":{"_acf_changed":false,"_sitemap_exclude":false,"_sitemap_priority":"","_sitemap_frequency":"","footnotes":""},"categories":[64,59,56],"tags":[],"class_list":["post-306047","post","type-post","status-publish","format-standard","has-post-thumbnail","hentry","category-dunya","category-siyaset","category-xeberler","infinite-scroll-item","generate-columns","tablet-grid-50","mobile-grid-100","grid-parent","grid-33","no-featured-image-padding"],"acf":[],"yoast_head":"<!-- This site is optimized with the Yoast SEO plugin v27.5 - https:\/\/yoast.com\/product\/yoast-seo-wordpress\/ -->\n<title>\u201cG\u00fcrc\u00fc arzusu\u201d v\u0259 \u201crus qanunu\u201d v\u0259t\u0259nda\u015f c\u0259miyy\u0259tin\u0259 qar\u015f\u0131 - MEYDAN.TV<\/title>\n<meta name=\"robots\" content=\"index, follow, max-snippet:-1, max-image-preview:large, max-video-preview:-1\" \/>\n<link rel=\"canonical\" href=\"https:\/\/www.meydan.tv\/az\/article\/gurcu-arzusu-ve-rus-qanunu-vetendas-cemiyyetine-qarsi\/\" \/>\n<meta property=\"og:locale\" content=\"az_AZ\" \/>\n<meta property=\"og:type\" content=\"article\" \/>\n<meta property=\"og:title\" content=\"\u201cG\u00fcrc\u00fc arzusu\u201d v\u0259 \u201crus qanunu\u201d v\u0259t\u0259nda\u015f c\u0259miyy\u0259tin\u0259 qar\u015f\u0131 - MEYDAN.TV\" \/>\n<meta property=\"og:description\" content=\"Tbilisid\u0259 niy\u0259 etirazlar s\u0259ngimir v\u0259 G\u00fcrc\u00fcstan hakimiyy\u0259tinin israrla yeritdikl\u0259ri qanunda ... Davam\u0131\" \/>\n<meta property=\"og:url\" content=\"https:\/\/www.meydan.tv\/az\/article\/gurcu-arzusu-ve-rus-qanunu-vetendas-cemiyyetine-qarsi\/\" \/>\n<meta property=\"og:site_name\" content=\"MEYDAN.TV\" \/>\n<meta property=\"article:published_time\" content=\"2024-05-17T14:52:14+00:00\" \/>\n<meta property=\"article:modified_time\" content=\"2024-05-17T14:52:21+00:00\" \/>\n<meta property=\"og:image\" content=\"https:\/\/www.meydan.tv\/wp-content\/uploads\/439726407_276171432239247_5516208584958244855_n-1024x5761-1.jpg\" \/>\n\t<meta property=\"og:image:width\" content=\"1024\" \/>\n\t<meta property=\"og:image:height\" content=\"576\" \/>\n\t<meta property=\"og:image:type\" content=\"image\/jpeg\" \/>\n<meta name=\"author\" content=\"sevda\" \/>\n<meta name=\"twitter:card\" content=\"summary_large_image\" \/>\n<script type=\"application\/ld+json\" class=\"yoast-schema-graph\">{\"@context\":\"https:\\\/\\\/schema.org\",\"@graph\":[{\"@type\":\"Article\",\"@id\":\"https:\\\/\\\/www.meydan.tv\\\/az\\\/article\\\/gurcu-arzusu-ve-rus-qanunu-vetendas-cemiyyetine-qarsi\\\/#article\",\"isPartOf\":{\"@id\":\"https:\\\/\\\/www.meydan.tv\\\/az\\\/article\\\/gurcu-arzusu-ve-rus-qanunu-vetendas-cemiyyetine-qarsi\\\/\"},\"author\":{\"name\":\"sevda\",\"@id\":\"https:\\\/\\\/www.meydan.tv\\\/az\\\/#\\\/schema\\\/person\\\/49b5f2bad5b126bb8ea9320eeb3e4dc9\"},\"headline\":\"\u201cG\u00fcrc\u00fc arzusu\u201d v\u0259 \u201crus qanunu\u201d v\u0259t\u0259nda\u015f c\u0259miyy\u0259tin\u0259 qar\u015f\u0131\",\"datePublished\":\"2024-05-17T14:52:14+00:00\",\"dateModified\":\"2024-05-17T14:52:21+00:00\",\"mainEntityOfPage\":{\"@id\":\"https:\\\/\\\/www.meydan.tv\\\/az\\\/article\\\/gurcu-arzusu-ve-rus-qanunu-vetendas-cemiyyetine-qarsi\\\/\"},\"wordCount\":1769,\"publisher\":{\"@id\":\"https:\\\/\\\/www.meydan.tv\\\/az\\\/#organization\"},\"image\":{\"@id\":\"https:\\\/\\\/www.meydan.tv\\\/az\\\/article\\\/gurcu-arzusu-ve-rus-qanunu-vetendas-cemiyyetine-qarsi\\\/#primaryimage\"},\"thumbnailUrl\":\"https:\\\/\\\/www.meydan.tv\\\/wp-content\\\/uploads\\\/439726407_276171432239247_5516208584958244855_n-1024x5761-1.jpg\",\"articleSection\":[\"D\u00fcnya\",\"Siyas\u0259t\",\"X\u0259b\u0259rl\u0259r\"],\"inLanguage\":\"az\"},{\"@type\":\"WebPage\",\"@id\":\"https:\\\/\\\/www.meydan.tv\\\/az\\\/article\\\/gurcu-arzusu-ve-rus-qanunu-vetendas-cemiyyetine-qarsi\\\/\",\"url\":\"https:\\\/\\\/www.meydan.tv\\\/az\\\/article\\\/gurcu-arzusu-ve-rus-qanunu-vetendas-cemiyyetine-qarsi\\\/\",\"name\":\"\u201cG\u00fcrc\u00fc arzusu\u201d v\u0259 \u201crus qanunu\u201d v\u0259t\u0259nda\u015f c\u0259miyy\u0259tin\u0259 qar\u015f\u0131 - MEYDAN.TV\",\"isPartOf\":{\"@id\":\"https:\\\/\\\/www.meydan.tv\\\/az\\\/#website\"},\"primaryImageOfPage\":{\"@id\":\"https:\\\/\\\/www.meydan.tv\\\/az\\\/article\\\/gurcu-arzusu-ve-rus-qanunu-vetendas-cemiyyetine-qarsi\\\/#primaryimage\"},\"image\":{\"@id\":\"https:\\\/\\\/www.meydan.tv\\\/az\\\/article\\\/gurcu-arzusu-ve-rus-qanunu-vetendas-cemiyyetine-qarsi\\\/#primaryimage\"},\"thumbnailUrl\":\"https:\\\/\\\/www.meydan.tv\\\/wp-content\\\/uploads\\\/439726407_276171432239247_5516208584958244855_n-1024x5761-1.jpg\",\"datePublished\":\"2024-05-17T14:52:14+00:00\",\"dateModified\":\"2024-05-17T14:52:21+00:00\",\"breadcrumb\":{\"@id\":\"https:\\\/\\\/www.meydan.tv\\\/az\\\/article\\\/gurcu-arzusu-ve-rus-qanunu-vetendas-cemiyyetine-qarsi\\\/#breadcrumb\"},\"inLanguage\":\"az\",\"potentialAction\":[{\"@type\":\"ReadAction\",\"target\":[\"https:\\\/\\\/www.meydan.tv\\\/az\\\/article\\\/gurcu-arzusu-ve-rus-qanunu-vetendas-cemiyyetine-qarsi\\\/\"]}]},{\"@type\":\"ImageObject\",\"inLanguage\":\"az\",\"@id\":\"https:\\\/\\\/www.meydan.tv\\\/az\\\/article\\\/gurcu-arzusu-ve-rus-qanunu-vetendas-cemiyyetine-qarsi\\\/#primaryimage\",\"url\":\"https:\\\/\\\/www.meydan.tv\\\/wp-content\\\/uploads\\\/439726407_276171432239247_5516208584958244855_n-1024x5761-1.jpg\",\"contentUrl\":\"https:\\\/\\\/www.meydan.tv\\\/wp-content\\\/uploads\\\/439726407_276171432239247_5516208584958244855_n-1024x5761-1.jpg\",\"width\":1024,\"height\":576,\"caption\":\"G\u00fcrc\u00fcstan. Aksiya. Foto: David Pipia\\\/JAMnews\"},{\"@type\":\"BreadcrumbList\",\"@id\":\"https:\\\/\\\/www.meydan.tv\\\/az\\\/article\\\/gurcu-arzusu-ve-rus-qanunu-vetendas-cemiyyetine-qarsi\\\/#breadcrumb\",\"itemListElement\":[{\"@type\":\"ListItem\",\"position\":1,\"name\":\"Ana s\u0259hif\u0259\",\"item\":\"https:\\\/\\\/www.meydan.tv\\\/az\\\/\"},{\"@type\":\"ListItem\",\"position\":2,\"name\":\"X\u0259b\u0259rl\u0259r\",\"item\":\"https:\\\/\\\/www.meydan.tv\\\/az\\\/section\\\/xeberler\\\/\"},{\"@type\":\"ListItem\",\"position\":3,\"name\":\"\u201cG\u00fcrc\u00fc arzusu\u201d v\u0259 \u201crus qanunu\u201d v\u0259t\u0259nda\u015f c\u0259miyy\u0259tin\u0259 qar\u015f\u0131\"}]},{\"@type\":\"WebSite\",\"@id\":\"https:\\\/\\\/www.meydan.tv\\\/az\\\/#website\",\"url\":\"https:\\\/\\\/www.meydan.tv\\\/az\\\/\",\"name\":\"MEYDAN.TV\",\"description\":\"Meydan TV Az\u0259rbaycan\u0131n media m\u0259kan\u0131ndak\u0131 alternativ s\u0259sidir\",\"publisher\":{\"@id\":\"https:\\\/\\\/www.meydan.tv\\\/az\\\/#organization\"},\"potentialAction\":[{\"@type\":\"SearchAction\",\"target\":{\"@type\":\"EntryPoint\",\"urlTemplate\":\"https:\\\/\\\/www.meydan.tv\\\/az\\\/?s={search_term_string}\"},\"query-input\":{\"@type\":\"PropertyValueSpecification\",\"valueRequired\":true,\"valueName\":\"search_term_string\"}}],\"inLanguage\":\"az\"},{\"@type\":\"Organization\",\"@id\":\"https:\\\/\\\/www.meydan.tv\\\/az\\\/#organization\",\"name\":\"Meydan TV\",\"url\":\"https:\\\/\\\/www.meydan.tv\\\/az\\\/\",\"logo\":{\"@type\":\"ImageObject\",\"inLanguage\":\"az\",\"@id\":\"https:\\\/\\\/www.meydan.tv\\\/az\\\/#\\\/schema\\\/logo\\\/image\\\/\",\"url\":\"https:\\\/\\\/www.meydan.tv\\\/wp-content\\\/uploads\\\/2021\\\/07\\\/meydan-logo.svg\",\"contentUrl\":\"https:\\\/\\\/www.meydan.tv\\\/wp-content\\\/uploads\\\/2021\\\/07\\\/meydan-logo.svg\",\"width\":195,\"height\":46,\"caption\":\"Meydan TV\"},\"image\":{\"@id\":\"https:\\\/\\\/www.meydan.tv\\\/az\\\/#\\\/schema\\\/logo\\\/image\\\/\"}},{\"@type\":\"Person\",\"@id\":\"https:\\\/\\\/www.meydan.tv\\\/az\\\/#\\\/schema\\\/person\\\/49b5f2bad5b126bb8ea9320eeb3e4dc9\",\"name\":\"sevda\"}]}<\/script>\n<!-- \/ Yoast SEO plugin. -->","yoast_head_json":{"title":"\u201cG\u00fcrc\u00fc arzusu\u201d v\u0259 \u201crus qanunu\u201d v\u0259t\u0259nda\u015f c\u0259miyy\u0259tin\u0259 qar\u015f\u0131 - MEYDAN.TV","robots":{"index":"index","follow":"follow","max-snippet":"max-snippet:-1","max-image-preview":"max-image-preview:large","max-video-preview":"max-video-preview:-1"},"canonical":"https:\/\/www.meydan.tv\/az\/article\/gurcu-arzusu-ve-rus-qanunu-vetendas-cemiyyetine-qarsi\/","og_locale":"az_AZ","og_type":"article","og_title":"\u201cG\u00fcrc\u00fc arzusu\u201d v\u0259 \u201crus qanunu\u201d v\u0259t\u0259nda\u015f c\u0259miyy\u0259tin\u0259 qar\u015f\u0131 - MEYDAN.TV","og_description":"Tbilisid\u0259 niy\u0259 etirazlar s\u0259ngimir v\u0259 G\u00fcrc\u00fcstan hakimiyy\u0259tinin israrla yeritdikl\u0259ri qanunda ... Davam\u0131","og_url":"https:\/\/www.meydan.tv\/az\/article\/gurcu-arzusu-ve-rus-qanunu-vetendas-cemiyyetine-qarsi\/","og_site_name":"MEYDAN.TV","article_published_time":"2024-05-17T14:52:14+00:00","article_modified_time":"2024-05-17T14:52:21+00:00","og_image":[{"width":1024,"height":576,"url":"https:\/\/www.meydan.tv\/wp-content\/uploads\/439726407_276171432239247_5516208584958244855_n-1024x5761-1.jpg","type":"image\/jpeg"}],"author":"sevda","twitter_card":"summary_large_image","schema":{"@context":"https:\/\/schema.org","@graph":[{"@type":"Article","@id":"https:\/\/www.meydan.tv\/az\/article\/gurcu-arzusu-ve-rus-qanunu-vetendas-cemiyyetine-qarsi\/#article","isPartOf":{"@id":"https:\/\/www.meydan.tv\/az\/article\/gurcu-arzusu-ve-rus-qanunu-vetendas-cemiyyetine-qarsi\/"},"author":{"name":"sevda","@id":"https:\/\/www.meydan.tv\/az\/#\/schema\/person\/49b5f2bad5b126bb8ea9320eeb3e4dc9"},"headline":"\u201cG\u00fcrc\u00fc arzusu\u201d v\u0259 \u201crus qanunu\u201d v\u0259t\u0259nda\u015f c\u0259miyy\u0259tin\u0259 qar\u015f\u0131","datePublished":"2024-05-17T14:52:14+00:00","dateModified":"2024-05-17T14:52:21+00:00","mainEntityOfPage":{"@id":"https:\/\/www.meydan.tv\/az\/article\/gurcu-arzusu-ve-rus-qanunu-vetendas-cemiyyetine-qarsi\/"},"wordCount":1769,"publisher":{"@id":"https:\/\/www.meydan.tv\/az\/#organization"},"image":{"@id":"https:\/\/www.meydan.tv\/az\/article\/gurcu-arzusu-ve-rus-qanunu-vetendas-cemiyyetine-qarsi\/#primaryimage"},"thumbnailUrl":"https:\/\/www.meydan.tv\/wp-content\/uploads\/439726407_276171432239247_5516208584958244855_n-1024x5761-1.jpg","articleSection":["D\u00fcnya","Siyas\u0259t","X\u0259b\u0259rl\u0259r"],"inLanguage":"az"},{"@type":"WebPage","@id":"https:\/\/www.meydan.tv\/az\/article\/gurcu-arzusu-ve-rus-qanunu-vetendas-cemiyyetine-qarsi\/","url":"https:\/\/www.meydan.tv\/az\/article\/gurcu-arzusu-ve-rus-qanunu-vetendas-cemiyyetine-qarsi\/","name":"\u201cG\u00fcrc\u00fc arzusu\u201d v\u0259 \u201crus qanunu\u201d v\u0259t\u0259nda\u015f c\u0259miyy\u0259tin\u0259 qar\u015f\u0131 - MEYDAN.TV","isPartOf":{"@id":"https:\/\/www.meydan.tv\/az\/#website"},"primaryImageOfPage":{"@id":"https:\/\/www.meydan.tv\/az\/article\/gurcu-arzusu-ve-rus-qanunu-vetendas-cemiyyetine-qarsi\/#primaryimage"},"image":{"@id":"https:\/\/www.meydan.tv\/az\/article\/gurcu-arzusu-ve-rus-qanunu-vetendas-cemiyyetine-qarsi\/#primaryimage"},"thumbnailUrl":"https:\/\/www.meydan.tv\/wp-content\/uploads\/439726407_276171432239247_5516208584958244855_n-1024x5761-1.jpg","datePublished":"2024-05-17T14:52:14+00:00","dateModified":"2024-05-17T14:52:21+00:00","breadcrumb":{"@id":"https:\/\/www.meydan.tv\/az\/article\/gurcu-arzusu-ve-rus-qanunu-vetendas-cemiyyetine-qarsi\/#breadcrumb"},"inLanguage":"az","potentialAction":[{"@type":"ReadAction","target":["https:\/\/www.meydan.tv\/az\/article\/gurcu-arzusu-ve-rus-qanunu-vetendas-cemiyyetine-qarsi\/"]}]},{"@type":"ImageObject","inLanguage":"az","@id":"https:\/\/www.meydan.tv\/az\/article\/gurcu-arzusu-ve-rus-qanunu-vetendas-cemiyyetine-qarsi\/#primaryimage","url":"https:\/\/www.meydan.tv\/wp-content\/uploads\/439726407_276171432239247_5516208584958244855_n-1024x5761-1.jpg","contentUrl":"https:\/\/www.meydan.tv\/wp-content\/uploads\/439726407_276171432239247_5516208584958244855_n-1024x5761-1.jpg","width":1024,"height":576,"caption":"G\u00fcrc\u00fcstan. Aksiya. Foto: David Pipia\/JAMnews"},{"@type":"BreadcrumbList","@id":"https:\/\/www.meydan.tv\/az\/article\/gurcu-arzusu-ve-rus-qanunu-vetendas-cemiyyetine-qarsi\/#breadcrumb","itemListElement":[{"@type":"ListItem","position":1,"name":"Ana s\u0259hif\u0259","item":"https:\/\/www.meydan.tv\/az\/"},{"@type":"ListItem","position":2,"name":"X\u0259b\u0259rl\u0259r","item":"https:\/\/www.meydan.tv\/az\/section\/xeberler\/"},{"@type":"ListItem","position":3,"name":"\u201cG\u00fcrc\u00fc arzusu\u201d v\u0259 \u201crus qanunu\u201d v\u0259t\u0259nda\u015f c\u0259miyy\u0259tin\u0259 qar\u015f\u0131"}]},{"@type":"WebSite","@id":"https:\/\/www.meydan.tv\/az\/#website","url":"https:\/\/www.meydan.tv\/az\/","name":"MEYDAN.TV","description":"Meydan TV Az\u0259rbaycan\u0131n media m\u0259kan\u0131ndak\u0131 alternativ s\u0259sidir","publisher":{"@id":"https:\/\/www.meydan.tv\/az\/#organization"},"potentialAction":[{"@type":"SearchAction","target":{"@type":"EntryPoint","urlTemplate":"https:\/\/www.meydan.tv\/az\/?s={search_term_string}"},"query-input":{"@type":"PropertyValueSpecification","valueRequired":true,"valueName":"search_term_string"}}],"inLanguage":"az"},{"@type":"Organization","@id":"https:\/\/www.meydan.tv\/az\/#organization","name":"Meydan TV","url":"https:\/\/www.meydan.tv\/az\/","logo":{"@type":"ImageObject","inLanguage":"az","@id":"https:\/\/www.meydan.tv\/az\/#\/schema\/logo\/image\/","url":"https:\/\/www.meydan.tv\/wp-content\/uploads\/2021\/07\/meydan-logo.svg","contentUrl":"https:\/\/www.meydan.tv\/wp-content\/uploads\/2021\/07\/meydan-logo.svg","width":195,"height":46,"caption":"Meydan TV"},"image":{"@id":"https:\/\/www.meydan.tv\/az\/#\/schema\/logo\/image\/"}},{"@type":"Person","@id":"https:\/\/www.meydan.tv\/az\/#\/schema\/person\/49b5f2bad5b126bb8ea9320eeb3e4dc9","name":"sevda"}]}},"_links":{"self":[{"href":"https:\/\/www.meydan.tv\/az\/wp-json\/wp\/v2\/posts\/306047","targetHints":{"allow":["GET"]}}],"collection":[{"href":"https:\/\/www.meydan.tv\/az\/wp-json\/wp\/v2\/posts"}],"about":[{"href":"https:\/\/www.meydan.tv\/az\/wp-json\/wp\/v2\/types\/post"}],"author":[{"embeddable":true,"href":"https:\/\/www.meydan.tv\/az\/wp-json\/wp\/v2\/users\/16"}],"replies":[{"embeddable":true,"href":"https:\/\/www.meydan.tv\/az\/wp-json\/wp\/v2\/comments?post=306047"}],"version-history":[{"count":3,"href":"https:\/\/www.meydan.tv\/az\/wp-json\/wp\/v2\/posts\/306047\/revisions"}],"predecessor-version":[{"id":306051,"href":"https:\/\/www.meydan.tv\/az\/wp-json\/wp\/v2\/posts\/306047\/revisions\/306051"}],"wp:featuredmedia":[{"embeddable":true,"href":"https:\/\/www.meydan.tv\/az\/wp-json\/wp\/v2\/media\/304887"}],"wp:attachment":[{"href":"https:\/\/www.meydan.tv\/az\/wp-json\/wp\/v2\/media?parent=306047"}],"wp:term":[{"taxonomy":"category","embeddable":true,"href":"https:\/\/www.meydan.tv\/az\/wp-json\/wp\/v2\/categories?post=306047"},{"taxonomy":"post_tag","embeddable":true,"href":"https:\/\/www.meydan.tv\/az\/wp-json\/wp\/v2\/tags?post=306047"}],"curies":[{"name":"wp","href":"https:\/\/api.w.org\/{rel}","templated":true}]}}