{"id":306036,"date":"2024-05-17T17:39:30","date_gmt":"2024-05-17T13:39:30","guid":{"rendered":"https:\/\/www.meydan.tv\/?p=306036"},"modified":"2024-05-17T17:39:32","modified_gmt":"2024-05-17T13:39:32","slug":"xaricde-islemeye-geden-azerbaycanlinin-hekayesi","status":"publish","type":"post","link":"https:\/\/www.meydan.tv\/az\/article\/xaricde-islemeye-geden-azerbaycanlinin-hekayesi\/","title":{"rendered":"Xaricd\u0259 i\u015fl\u0259m\u0259y\u0259 ged\u0259n az\u0259rbaycanl\u0131n\u0131n hekay\u0259si"},"content":{"rendered":"\n<figure class=\"wp-block-embed is-type-video is-provider-youtube wp-block-embed-youtube wp-embed-aspect-16-9 wp-has-aspect-ratio\"><div class=\"wp-block-embed__wrapper\">\n<iframe title=\"Xaricd\u0259 i\u015fl\u0259m\u0259y\u0259 ged\u0259n az\u0259rbaycanl\u0131n\u0131n hekay\u0259si\" width=\"1200\" height=\"675\" data-src=\"https:\/\/www.youtube.com\/embed\/Y1nXizqhoXQ?feature=oembed\" frameborder=\"0\" allow=\"accelerometer; autoplay; clipboard-write; encrypted-media; gyroscope; picture-in-picture; web-share\" referrerpolicy=\"strict-origin-when-cross-origin\" allowfullscreen src=\"data:image\/svg+xml;base64,PHN2ZyB3aWR0aD0iMSIgaGVpZ2h0PSIxIiB4bWxucz0iaHR0cDovL3d3dy53My5vcmcvMjAwMC9zdmciPjwvc3ZnPg==\" class=\"lazyload\" data-load-mode=\"1\"><\/iframe>\n<\/div><\/figure>\n\n\n\n<!--more-->\n\n\n\n<p><\/p>\n\n\n\n<p>H\u0259r il \u0259ks\u0259riyy\u0259ti g\u0259ncl\u0259r olmaqla y\u00fczl\u0259rl\u0259 insan i\u015f \u00fc\u00e7\u00fcn G\u00fcrc\u00fcstandan Avropaya \u00fcz tutur. Onlar\u0131n aras\u0131nda az\u0259rbaycanl\u0131lar da var. \u018fvv\u0259lki ill\u0259rd\u0259 G\u00fcrc\u00fcstan az\u0259rbaycanl\u0131lar\u0131 Az\u0259rbaycana \u00fcz tutsalar da, son ill\u0259rd\u0259 daha \u00e7ox Avropaya, \u0259sas\u0259n Pol\u015faya yollan\u0131rlar. Onlardan biri d\u0259 Qardabani rayonu, T\u0259k\u0259li k\u0259nd sakini El\u015f\u0259n H\u00fcseynovdur.<\/p>\n\n\n\n<p>G\u00fcrc\u00fcstan Milli Statistika Agentliyinin m\u0259lumat\u0131na g\u00f6r\u0259, \u00f6t\u0259n ilin IV r\u00fcb\u00fcnd\u0259 i\u015fsizl\u0259rin say\u0131 \u0259vv\u0259lki ilin m\u00fcvafiq d\u00f6vr\u00fc il\u0259 m\u00fcqayis\u0259d\u0259 0,9 min n\u0259f\u0259r (0,4%) azalaraq 248,6 min n\u0259f\u0259r olub. H\u0259min r\u00fcb muzdla i\u015fl\u0259y\u0259nl\u0259rin say\u0131 74,3 min n\u0259f\u0259r (8,4%) artaraq 958,4 min olub, \u00f6z\u00fcn\u00fcm\u0259\u015f\u011fullar\u0131n say\u0131 is\u0259 azal\u0131b. Bu r\u0259q\u0259m 6,6 min (1,6%) v\u0259 413,8 min t\u0259\u015fkil edib.<\/p>\n","protected":false},"excerpt":{"rendered":"","protected":false},"author":12,"featured_media":306037,"comment_status":"closed","ping_status":"closed","sticky":false,"template":"","format":"standard","meta":{"_acf_changed":false,"_sitemap_exclude":false,"_sitemap_priority":"","_sitemap_frequency":"","footnotes":""},"categories":[62,63],"tags":[],"class_list":["post-306036","post","type-post","status-publish","format-standard","has-post-thumbnail","hentry","category-sosial","category-video-2","infinite-scroll-item","generate-columns","tablet-grid-50","mobile-grid-100","grid-parent","grid-33","no-featured-image-padding"],"acf":[],"yoast_head":"<!-- This site is optimized with the Yoast SEO plugin v27.4 - https:\/\/yoast.com\/product\/yoast-seo-wordpress\/ -->\n<title>Xaricd\u0259 i\u015fl\u0259m\u0259y\u0259 ged\u0259n az\u0259rbaycanl\u0131n\u0131n hekay\u0259si - MEYDAN.TV<\/title>\n<meta name=\"robots\" content=\"index, follow, max-snippet:-1, max-image-preview:large, max-video-preview:-1\" \/>\n<link rel=\"canonical\" href=\"https:\/\/www.meydan.tv\/az\/article\/xaricde-islemeye-geden-azerbaycanlinin-hekayesi\/\" \/>\n<meta property=\"og:locale\" content=\"az_AZ\" \/>\n<meta property=\"og:type\" content=\"article\" \/>\n<meta property=\"og:title\" content=\"Xaricd\u0259 i\u015fl\u0259m\u0259y\u0259 ged\u0259n az\u0259rbaycanl\u0131n\u0131n hekay\u0259si - MEYDAN.TV\" \/>\n<meta property=\"og:url\" content=\"https:\/\/www.meydan.tv\/az\/article\/xaricde-islemeye-geden-azerbaycanlinin-hekayesi\/\" \/>\n<meta property=\"og:site_name\" content=\"MEYDAN.TV\" \/>\n<meta property=\"article:published_time\" content=\"2024-05-17T13:39:30+00:00\" \/>\n<meta property=\"article:modified_time\" content=\"2024-05-17T13:39:32+00:00\" \/>\n<meta property=\"og:image\" content=\"https:\/\/www.meydan.tv\/wp-content\/uploads\/reportaj-cover-8-1.png\" \/>\n\t<meta property=\"og:image:width\" content=\"1280\" \/>\n\t<meta property=\"og:image:height\" content=\"720\" \/>\n\t<meta property=\"og:image:type\" content=\"image\/png\" \/>\n<meta name=\"author\" content=\"aleks\" \/>\n<meta name=\"twitter:card\" content=\"summary_large_image\" \/>\n<script type=\"application\/ld+json\" class=\"yoast-schema-graph\">{\"@context\":\"https:\\\/\\\/schema.org\",\"@graph\":[{\"@type\":\"Article\",\"@id\":\"https:\\\/\\\/www.meydan.tv\\\/az\\\/article\\\/xaricde-islemeye-geden-azerbaycanlinin-hekayesi\\\/#article\",\"isPartOf\":{\"@id\":\"https:\\\/\\\/www.meydan.tv\\\/az\\\/article\\\/xaricde-islemeye-geden-azerbaycanlinin-hekayesi\\\/\"},\"author\":{\"name\":\"aleks\",\"@id\":\"https:\\\/\\\/www.meydan.tv\\\/az\\\/#\\\/schema\\\/person\\\/476e9360e593fa131d5d71d51866f8da\"},\"headline\":\"Xaricd\u0259 i\u015fl\u0259m\u0259y\u0259 ged\u0259n az\u0259rbaycanl\u0131n\u0131n hekay\u0259si\",\"datePublished\":\"2024-05-17T13:39:30+00:00\",\"dateModified\":\"2024-05-17T13:39:32+00:00\",\"mainEntityOfPage\":{\"@id\":\"https:\\\/\\\/www.meydan.tv\\\/az\\\/article\\\/xaricde-islemeye-geden-azerbaycanlinin-hekayesi\\\/\"},\"wordCount\":171,\"publisher\":{\"@id\":\"https:\\\/\\\/www.meydan.tv\\\/az\\\/#organization\"},\"image\":{\"@id\":\"https:\\\/\\\/www.meydan.tv\\\/az\\\/article\\\/xaricde-islemeye-geden-azerbaycanlinin-hekayesi\\\/#primaryimage\"},\"thumbnailUrl\":\"https:\\\/\\\/www.meydan.tv\\\/wp-content\\\/uploads\\\/reportaj-cover-8-1.png\",\"articleSection\":[\"Sosial\",\"Video\"],\"inLanguage\":\"az\"},{\"@type\":\"WebPage\",\"@id\":\"https:\\\/\\\/www.meydan.tv\\\/az\\\/article\\\/xaricde-islemeye-geden-azerbaycanlinin-hekayesi\\\/\",\"url\":\"https:\\\/\\\/www.meydan.tv\\\/az\\\/article\\\/xaricde-islemeye-geden-azerbaycanlinin-hekayesi\\\/\",\"name\":\"Xaricd\u0259 i\u015fl\u0259m\u0259y\u0259 ged\u0259n az\u0259rbaycanl\u0131n\u0131n hekay\u0259si - MEYDAN.TV\",\"isPartOf\":{\"@id\":\"https:\\\/\\\/www.meydan.tv\\\/az\\\/#website\"},\"primaryImageOfPage\":{\"@id\":\"https:\\\/\\\/www.meydan.tv\\\/az\\\/article\\\/xaricde-islemeye-geden-azerbaycanlinin-hekayesi\\\/#primaryimage\"},\"image\":{\"@id\":\"https:\\\/\\\/www.meydan.tv\\\/az\\\/article\\\/xaricde-islemeye-geden-azerbaycanlinin-hekayesi\\\/#primaryimage\"},\"thumbnailUrl\":\"https:\\\/\\\/www.meydan.tv\\\/wp-content\\\/uploads\\\/reportaj-cover-8-1.png\",\"datePublished\":\"2024-05-17T13:39:30+00:00\",\"dateModified\":\"2024-05-17T13:39:32+00:00\",\"breadcrumb\":{\"@id\":\"https:\\\/\\\/www.meydan.tv\\\/az\\\/article\\\/xaricde-islemeye-geden-azerbaycanlinin-hekayesi\\\/#breadcrumb\"},\"inLanguage\":\"az\",\"potentialAction\":[{\"@type\":\"ReadAction\",\"target\":[\"https:\\\/\\\/www.meydan.tv\\\/az\\\/article\\\/xaricde-islemeye-geden-azerbaycanlinin-hekayesi\\\/\"]}]},{\"@type\":\"ImageObject\",\"inLanguage\":\"az\",\"@id\":\"https:\\\/\\\/www.meydan.tv\\\/az\\\/article\\\/xaricde-islemeye-geden-azerbaycanlinin-hekayesi\\\/#primaryimage\",\"url\":\"https:\\\/\\\/www.meydan.tv\\\/wp-content\\\/uploads\\\/reportaj-cover-8-1.png\",\"contentUrl\":\"https:\\\/\\\/www.meydan.tv\\\/wp-content\\\/uploads\\\/reportaj-cover-8-1.png\",\"width\":1280,\"height\":720},{\"@type\":\"BreadcrumbList\",\"@id\":\"https:\\\/\\\/www.meydan.tv\\\/az\\\/article\\\/xaricde-islemeye-geden-azerbaycanlinin-hekayesi\\\/#breadcrumb\",\"itemListElement\":[{\"@type\":\"ListItem\",\"position\":1,\"name\":\"Ana s\u0259hif\u0259\",\"item\":\"https:\\\/\\\/www.meydan.tv\\\/az\\\/\"},{\"@type\":\"ListItem\",\"position\":2,\"name\":\"Video\",\"item\":\"https:\\\/\\\/www.meydan.tv\\\/az\\\/section\\\/video-2\\\/\"},{\"@type\":\"ListItem\",\"position\":3,\"name\":\"Xaricd\u0259 i\u015fl\u0259m\u0259y\u0259 ged\u0259n az\u0259rbaycanl\u0131n\u0131n hekay\u0259si\"}]},{\"@type\":\"WebSite\",\"@id\":\"https:\\\/\\\/www.meydan.tv\\\/az\\\/#website\",\"url\":\"https:\\\/\\\/www.meydan.tv\\\/az\\\/\",\"name\":\"MEYDAN.TV\",\"description\":\"Meydan TV Az\u0259rbaycan\u0131n media m\u0259kan\u0131ndak\u0131 alternativ s\u0259sidir\",\"publisher\":{\"@id\":\"https:\\\/\\\/www.meydan.tv\\\/az\\\/#organization\"},\"potentialAction\":[{\"@type\":\"SearchAction\",\"target\":{\"@type\":\"EntryPoint\",\"urlTemplate\":\"https:\\\/\\\/www.meydan.tv\\\/az\\\/?s={search_term_string}\"},\"query-input\":{\"@type\":\"PropertyValueSpecification\",\"valueRequired\":true,\"valueName\":\"search_term_string\"}}],\"inLanguage\":\"az\"},{\"@type\":\"Organization\",\"@id\":\"https:\\\/\\\/www.meydan.tv\\\/az\\\/#organization\",\"name\":\"Meydan TV\",\"url\":\"https:\\\/\\\/www.meydan.tv\\\/az\\\/\",\"logo\":{\"@type\":\"ImageObject\",\"inLanguage\":\"az\",\"@id\":\"https:\\\/\\\/www.meydan.tv\\\/az\\\/#\\\/schema\\\/logo\\\/image\\\/\",\"url\":\"https:\\\/\\\/www.meydan.tv\\\/wp-content\\\/uploads\\\/2021\\\/07\\\/meydan-logo.svg\",\"contentUrl\":\"https:\\\/\\\/www.meydan.tv\\\/wp-content\\\/uploads\\\/2021\\\/07\\\/meydan-logo.svg\",\"width\":195,\"height\":46,\"caption\":\"Meydan TV\"},\"image\":{\"@id\":\"https:\\\/\\\/www.meydan.tv\\\/az\\\/#\\\/schema\\\/logo\\\/image\\\/\"}},{\"@type\":\"Person\",\"@id\":\"https:\\\/\\\/www.meydan.tv\\\/az\\\/#\\\/schema\\\/person\\\/476e9360e593fa131d5d71d51866f8da\",\"name\":\"aleks\"}]}<\/script>\n<!-- \/ Yoast SEO plugin. -->","yoast_head_json":{"title":"Xaricd\u0259 i\u015fl\u0259m\u0259y\u0259 ged\u0259n az\u0259rbaycanl\u0131n\u0131n hekay\u0259si - MEYDAN.TV","robots":{"index":"index","follow":"follow","max-snippet":"max-snippet:-1","max-image-preview":"max-image-preview:large","max-video-preview":"max-video-preview:-1"},"canonical":"https:\/\/www.meydan.tv\/az\/article\/xaricde-islemeye-geden-azerbaycanlinin-hekayesi\/","og_locale":"az_AZ","og_type":"article","og_title":"Xaricd\u0259 i\u015fl\u0259m\u0259y\u0259 ged\u0259n az\u0259rbaycanl\u0131n\u0131n hekay\u0259si - MEYDAN.TV","og_url":"https:\/\/www.meydan.tv\/az\/article\/xaricde-islemeye-geden-azerbaycanlinin-hekayesi\/","og_site_name":"MEYDAN.TV","article_published_time":"2024-05-17T13:39:30+00:00","article_modified_time":"2024-05-17T13:39:32+00:00","og_image":[{"width":1280,"height":720,"url":"https:\/\/www.meydan.tv\/wp-content\/uploads\/reportaj-cover-8-1.png","type":"image\/png"}],"author":"aleks","twitter_card":"summary_large_image","schema":{"@context":"https:\/\/schema.org","@graph":[{"@type":"Article","@id":"https:\/\/www.meydan.tv\/az\/article\/xaricde-islemeye-geden-azerbaycanlinin-hekayesi\/#article","isPartOf":{"@id":"https:\/\/www.meydan.tv\/az\/article\/xaricde-islemeye-geden-azerbaycanlinin-hekayesi\/"},"author":{"name":"aleks","@id":"https:\/\/www.meydan.tv\/az\/#\/schema\/person\/476e9360e593fa131d5d71d51866f8da"},"headline":"Xaricd\u0259 i\u015fl\u0259m\u0259y\u0259 ged\u0259n az\u0259rbaycanl\u0131n\u0131n hekay\u0259si","datePublished":"2024-05-17T13:39:30+00:00","dateModified":"2024-05-17T13:39:32+00:00","mainEntityOfPage":{"@id":"https:\/\/www.meydan.tv\/az\/article\/xaricde-islemeye-geden-azerbaycanlinin-hekayesi\/"},"wordCount":171,"publisher":{"@id":"https:\/\/www.meydan.tv\/az\/#organization"},"image":{"@id":"https:\/\/www.meydan.tv\/az\/article\/xaricde-islemeye-geden-azerbaycanlinin-hekayesi\/#primaryimage"},"thumbnailUrl":"https:\/\/www.meydan.tv\/wp-content\/uploads\/reportaj-cover-8-1.png","articleSection":["Sosial","Video"],"inLanguage":"az"},{"@type":"WebPage","@id":"https:\/\/www.meydan.tv\/az\/article\/xaricde-islemeye-geden-azerbaycanlinin-hekayesi\/","url":"https:\/\/www.meydan.tv\/az\/article\/xaricde-islemeye-geden-azerbaycanlinin-hekayesi\/","name":"Xaricd\u0259 i\u015fl\u0259m\u0259y\u0259 ged\u0259n az\u0259rbaycanl\u0131n\u0131n hekay\u0259si - MEYDAN.TV","isPartOf":{"@id":"https:\/\/www.meydan.tv\/az\/#website"},"primaryImageOfPage":{"@id":"https:\/\/www.meydan.tv\/az\/article\/xaricde-islemeye-geden-azerbaycanlinin-hekayesi\/#primaryimage"},"image":{"@id":"https:\/\/www.meydan.tv\/az\/article\/xaricde-islemeye-geden-azerbaycanlinin-hekayesi\/#primaryimage"},"thumbnailUrl":"https:\/\/www.meydan.tv\/wp-content\/uploads\/reportaj-cover-8-1.png","datePublished":"2024-05-17T13:39:30+00:00","dateModified":"2024-05-17T13:39:32+00:00","breadcrumb":{"@id":"https:\/\/www.meydan.tv\/az\/article\/xaricde-islemeye-geden-azerbaycanlinin-hekayesi\/#breadcrumb"},"inLanguage":"az","potentialAction":[{"@type":"ReadAction","target":["https:\/\/www.meydan.tv\/az\/article\/xaricde-islemeye-geden-azerbaycanlinin-hekayesi\/"]}]},{"@type":"ImageObject","inLanguage":"az","@id":"https:\/\/www.meydan.tv\/az\/article\/xaricde-islemeye-geden-azerbaycanlinin-hekayesi\/#primaryimage","url":"https:\/\/www.meydan.tv\/wp-content\/uploads\/reportaj-cover-8-1.png","contentUrl":"https:\/\/www.meydan.tv\/wp-content\/uploads\/reportaj-cover-8-1.png","width":1280,"height":720},{"@type":"BreadcrumbList","@id":"https:\/\/www.meydan.tv\/az\/article\/xaricde-islemeye-geden-azerbaycanlinin-hekayesi\/#breadcrumb","itemListElement":[{"@type":"ListItem","position":1,"name":"Ana s\u0259hif\u0259","item":"https:\/\/www.meydan.tv\/az\/"},{"@type":"ListItem","position":2,"name":"Video","item":"https:\/\/www.meydan.tv\/az\/section\/video-2\/"},{"@type":"ListItem","position":3,"name":"Xaricd\u0259 i\u015fl\u0259m\u0259y\u0259 ged\u0259n az\u0259rbaycanl\u0131n\u0131n hekay\u0259si"}]},{"@type":"WebSite","@id":"https:\/\/www.meydan.tv\/az\/#website","url":"https:\/\/www.meydan.tv\/az\/","name":"MEYDAN.TV","description":"Meydan TV Az\u0259rbaycan\u0131n media m\u0259kan\u0131ndak\u0131 alternativ s\u0259sidir","publisher":{"@id":"https:\/\/www.meydan.tv\/az\/#organization"},"potentialAction":[{"@type":"SearchAction","target":{"@type":"EntryPoint","urlTemplate":"https:\/\/www.meydan.tv\/az\/?s={search_term_string}"},"query-input":{"@type":"PropertyValueSpecification","valueRequired":true,"valueName":"search_term_string"}}],"inLanguage":"az"},{"@type":"Organization","@id":"https:\/\/www.meydan.tv\/az\/#organization","name":"Meydan TV","url":"https:\/\/www.meydan.tv\/az\/","logo":{"@type":"ImageObject","inLanguage":"az","@id":"https:\/\/www.meydan.tv\/az\/#\/schema\/logo\/image\/","url":"https:\/\/www.meydan.tv\/wp-content\/uploads\/2021\/07\/meydan-logo.svg","contentUrl":"https:\/\/www.meydan.tv\/wp-content\/uploads\/2021\/07\/meydan-logo.svg","width":195,"height":46,"caption":"Meydan TV"},"image":{"@id":"https:\/\/www.meydan.tv\/az\/#\/schema\/logo\/image\/"}},{"@type":"Person","@id":"https:\/\/www.meydan.tv\/az\/#\/schema\/person\/476e9360e593fa131d5d71d51866f8da","name":"aleks"}]}},"_links":{"self":[{"href":"https:\/\/www.meydan.tv\/az\/wp-json\/wp\/v2\/posts\/306036","targetHints":{"allow":["GET"]}}],"collection":[{"href":"https:\/\/www.meydan.tv\/az\/wp-json\/wp\/v2\/posts"}],"about":[{"href":"https:\/\/www.meydan.tv\/az\/wp-json\/wp\/v2\/types\/post"}],"author":[{"embeddable":true,"href":"https:\/\/www.meydan.tv\/az\/wp-json\/wp\/v2\/users\/12"}],"replies":[{"embeddable":true,"href":"https:\/\/www.meydan.tv\/az\/wp-json\/wp\/v2\/comments?post=306036"}],"version-history":[{"count":2,"href":"https:\/\/www.meydan.tv\/az\/wp-json\/wp\/v2\/posts\/306036\/revisions"}],"predecessor-version":[{"id":306042,"href":"https:\/\/www.meydan.tv\/az\/wp-json\/wp\/v2\/posts\/306036\/revisions\/306042"}],"wp:featuredmedia":[{"embeddable":true,"href":"https:\/\/www.meydan.tv\/az\/wp-json\/wp\/v2\/media\/306037"}],"wp:attachment":[{"href":"https:\/\/www.meydan.tv\/az\/wp-json\/wp\/v2\/media?parent=306036"}],"wp:term":[{"taxonomy":"category","embeddable":true,"href":"https:\/\/www.meydan.tv\/az\/wp-json\/wp\/v2\/categories?post=306036"},{"taxonomy":"post_tag","embeddable":true,"href":"https:\/\/www.meydan.tv\/az\/wp-json\/wp\/v2\/tags?post=306036"}],"curies":[{"name":"wp","href":"https:\/\/api.w.org\/{rel}","templated":true}]}}