{"id":305990,"date":"2024-05-17T13:41:52","date_gmt":"2024-05-17T09:41:52","guid":{"rendered":"https:\/\/www.meydan.tv\/?p=305990"},"modified":"2024-05-17T13:41:56","modified_gmt":"2024-05-17T09:41:56","slug":"deputatin-qudasi-nazir-muavininin-adindan-istifade-etmekle-deleduzluqda-ittiham-olunur","status":"publish","type":"post","link":"https:\/\/www.meydan.tv\/az\/article\/deputatin-qudasi-nazir-muavininin-adindan-istifade-etmekle-deleduzluqda-ittiham-olunur\/","title":{"rendered":"Deputat\u0131n qudas\u0131 nazir m\u00fcavininin ad\u0131ndan istifad\u0259 etm\u0259kl\u0259 d\u0259l\u0259duzluqda ittiham olunur"},"content":{"rendered":"\n<p><\/p>\n\n\n\n<p><strong>Milli Elml\u0259r Akademiyas\u0131n\u0131n Azad H\u0259mkarlar \u0130ttifaq\u0131n\u0131n s\u0259dr m\u00fcavini 11 n\u0259f\u0259r\u0259 qar\u015f\u0131 d\u0259l\u0259duzluq ittiham\u0131yla m\u00fchakim\u0259 edilir<\/strong><\/p>\n\n\n\n<p>Az\u0259rbaycan Milli Elml\u0259r Akademiyas\u0131n\u0131n Azad H\u0259mkarlar \u0130ttifaq\u0131n\u0131n s\u0259dr m\u00fcavini, professor Raya N\u0259c\u0259fova 11 n\u0259f\u0259r\u0259 qar\u015f\u0131 d\u0259l\u0259duzluqda ittiham olunur. Eyni zamanda, Elm v\u0259 T\u0259hsil Nazirliyinin tabeliyind\u0259ki Neft-Kimya Prosesl\u0259ri \u0130nstitutunda ba\u015f elmi i\u015f\u00e7isi olan Raya N\u0259c\u0259fova onlar\u0131 m\u00fcxt\u0259lif nazirlikl\u0259rd\u0259, d\u00f6vl\u0259t komit\u0259l\u0259rind\u0259 i\u015f\u0259 d\u00fcz\u0259ltm\u0259k ad\u0131yla aldad\u0131b, pullar\u0131n\u0131 \u0259l\u0259 ke\u00e7irm\u0259kd\u0259 t\u0259qsirl\u0259ndirilir.<\/p>\n\n\n\n<p>\u018fvv\u0259ll\u0259r Az\u0259rbaycan M\u00fc\u0259lliml\u0259r \u0130nstitutunun Sumqay\u0131t filial\u0131n\u0131n direktoru olmu\u015f 1964-c\u00fc il t\u0259v\u0259ll\u00fcdl\u00fc Raya N\u0259c\u0259fovaya qar\u015f\u0131 Cinay\u0259t M\u0259c\u0259ll\u0259sinin 178.2.2, 178.2.3 (qulluq m\u00f6vqeyind\u0259n istifad\u0259 etm\u0259kd\u0259 t\u0259krar d\u0259l\u0259duzluq), 29,178 (d\u0259l\u0259duzlu\u011fa c\u0259hd) v\u0259 310-cu (v\u0259zif\u0259li \u015f\u0259xsin s\u0259lahiyy\u0259tl\u0259rini m\u0259nims\u0259m\u0259) madd\u0259l\u0259ril\u0259 ittiham ir\u0259li s\u00fcr\u00fcl\u00fcb.<\/p>\n\n\n\n<p>\u0130ttihama \u0259sas\u0259n, Raya N\u0259c\u0259fova adamlar\u0131 aldadark\u0259n ekologiya v\u0259 t\u0259bii s\u0259rv\u0259tl\u0259r nazirinin m\u00fcavini Firdovsi \u018fliyevin ad\u0131ndan istifad\u0259 edib. Bu nazirliy\u0259 i\u015f\u0259 d\u00fcz\u0259lm\u0259k ist\u0259y\u0259n \u015f\u0259xsl\u0259r\u0259 \u00f6z\u00fcn\u00fc nazir m\u00fcavininin k\u00f6m\u0259k\u00e7isi kimi t\u0259qdim ed\u0259r\u0259k, bu adla onlarla dan\u0131\u015f\u0131b, mesajlar g\u00f6nd\u0259rib.<\/p>\n\n\n<div class=\"wp-block-image\">\n<figure class=\"alignleft size-large is-resized\"><img decoding=\"async\" width=\"611\" height=\"821\" data-src=\"https:\/\/www.meydan.tv\/wp-content\/uploads\/photo-2024-05-16-18-36-19-611x821.jpg\" alt=\"\" class=\"wp-image-305994 lazyload\" style=\"--smush-placeholder-width: 611px; --smush-placeholder-aspect-ratio: 611\/821;width:331px;height:auto\" src=\"data:image\/svg+xml;base64,PHN2ZyB3aWR0aD0iMSIgaGVpZ2h0PSIxIiB4bWxucz0iaHR0cDovL3d3dy53My5vcmcvMjAwMC9zdmciPjwvc3ZnPg==\" \/><\/figure>\n<\/div>\n\n\n<p>Firdovsi \u018fliyev h\u0259min d\u00f6vrd\u0259 nazir m\u00fcavini v\u0259zif\u0259sind\u0259 olsa da, t\u0259xmin\u0259n 7 ayd\u0131r ki, Samux Rayon \u0130cra Hakimiyy\u0259tinin ba\u015f\u00e7\u0131s\u0131d\u0131r. O, 2023-c\u00fc il oktyabr\u0131n 25-d\u0259 bu v\u0259zif\u0259y\u0259 t\u0259yin edilib.<\/p>\n\n\n\n<p>Raya N\u0259c\u0259fova z\u0259r\u0259r\u00e7\u0259kmi\u015fl\u0259rd\u0259n P\u0259rvan\u0259 Qay\u0131bova, P\u0259rvan\u0259 N\u0259c\u0259fova v\u0259 dig\u0259rl\u0259rinin Ba\u015f Prokurorlu\u011fa \u015fikay\u0259ti \u0259sas\u0131nda cinay\u0259t m\u0259suliyy\u0259tin\u0259 c\u0259lb olunub. Korrupsiyaya Qar\u015f\u0131 M\u00fcbariz\u0259 \u0130dar\u0259sind\u0259 onun haqq\u0131nda cinay\u0259t i\u015fi ba\u015flan\u0131b. Bu ilin fevral\u0131ndan is\u0259 onun i\u015fin\u0259 Yasamal Rayon M\u0259hk\u0259m\u0259sind\u0259 hakim Rauf Da\u015fd\u0259mirovun s\u0259drliyil\u0259 bax\u0131l\u0131r.<\/p>\n\n\n\n<p>\u0130stintaq v\u0259 m\u0259hk\u0259m\u0259 d\u00f6vr\u00fc \u00fc\u00e7\u00fcn Raya N\u0259c\u0259fovan\u0131n bar\u0259sind\u0259 h\u0259bs q\u0259timkan t\u0259dbiri se\u00e7ilm\u0259yib. Lakin z\u0259r\u0259r\u00e7\u0259kmi\u015fl\u0259rin bir ne\u00e7\u0259si m\u0259hk\u0259m\u0259d\u0259 bildirib ki, onun h\u0259bs olunmas\u0131n\u0131 v\u0259 \u0259m\u0259ll\u0259rin\u0259 g\u00f6r\u0259 c\u0259za almas\u0131n\u0131 ist\u0259yir.<\/p>\n\n\n\n<p>\u0130ttihama \u0259sas\u0259n, Raya N\u0259c\u0259fova z\u0259r\u0259r\u00e7\u0259kmi\u015fl\u0259ri M\u00fcdafi\u0259 S\u0259nayesi Nazirliyi, Elml\u0259r Akademiyas\u0131, \u018fm\u0259k v\u0259 \u018fhalinin Sosial M\u00fcdafi\u0259si Nazirliyi, Qa\u00e7q\u0131nlar v\u0259 M\u0259cburi K\u00f6\u00e7k\u00fcnl\u0259rin \u0130\u015fl\u0259ri \u00fczr\u0259 D\u00f6vl\u0259t Komit\u0259si, Ekologiya v\u0259 T\u0259bii S\u0259rv\u0259tl\u0259r Nazirliyi, \u0130qtisadiyyat Nazirliyi d\u0259 daxil olmaqla, m\u00fcxt\u0259lif d\u00f6vl\u0259t orqanlar\u0131na i\u015f\u0259 d\u00fcz\u0259ltm\u0259k ad\u0131yla aldad\u0131b.<\/p>\n\n\n\n<p>Z\u0259r\u0259r\u00e7\u0259kmi\u015f 11 n\u0259f\u0259r bunlard\u0131r: Aynur Nift\u0259liyeva, Nat\u0259van Allahverdiyeva, Arzu F\u0259ttahova, \u018fmin Hac\u0131m\u0259mm\u0259dov, Ceyran \u0130sayeva, Tural Yusifov, G\u00fcl\u0259r Musayeva, Sevinc Qay\u0131bova, P\u0259rvan\u0259 N\u0259c\u0259fova, L\u0259taf\u0259t Qurbanova v\u0259 V\u0259li S\u0259f\u0259rov.<\/p>\n\n\n\n<p>Sevinc Qay\u0131bova ifad\u0259sind\u0259 bildirib ki, Az\u0259rbaycan D\u00f6vl\u0259t Pedaqoji Universitetinin kimya-biologiya fak\u00fclt\u0259sini bitirib. Onun s\u00f6zl\u0259rin\u0259 g\u00f6r\u0259, Raya N\u0259c\u0259fovan\u0131 t\u0259l\u0259b\u0259 yolda\u015f\u0131 F\u0259rzan\u0259 vasit\u0259sil\u0259 tan\u0131y\u0131b. Raya N\u0259c\u0259fova ona yax\u015f\u0131 \u0259laq\u0259l\u0259ri oldu\u011funu, 16 min manata M\u00fcdafi\u0259 S\u0259nayesi Nazirliyin\u0259, yaxud da \u018fm\u0259k v\u0259 \u018fhalinin Sosial M\u00fcdafi\u0259si Nazirliyin\u0259 i\u015f\u0259 d\u00fcz\u0259ld\u0259 bil\u0259c\u0259yini deyib:<\/p>\n\n\n\n<p><em>\u201c2022-ci ilin noyabr\u0131nda Elml\u0259r Akademiyas\u0131n\u0131n binas\u0131n\u0131n h\u0259y\u0259tind\u0259 g\u00f6r\u00fc\u015fd\u00fck. M\u0259ni Elml\u0259r Akademiyas\u0131n\u0131n binas\u0131n\u0131n 4-c\u00fc m\u0259rt\u0259b\u0259sind\u0259 kabinetin\u0259 apard\u0131. Dedi ki, bu nazirlikl\u0259rd\u0259 y\u00fcks\u0259k v\u0259zif\u0259l\u0259rd\u0259 \u00e7al\u0131\u015fan adamlar\u0131 var. M\u0259nd\u0259n diplomumu, \u015f\u0259xsiyy\u0259t v\u0259siq\u0259mi, d\u00f6vl\u0259t qullu\u011fu il\u0259 ba\u011fl\u0131 sertifikat\u0131 ist\u0259di. Bu s\u0259n\u0259dl\u0259rin ham\u0131s\u0131n\u0131n sur\u0259tl\u0259rini verdim. Valideynl\u0259rim\u0259 dedim, anam bankdan kredit g\u00f6t\u00fcrd\u00fc. Raya N\u0259c\u0259fova m\u0259n\u0259 bank kart\u0131n\u0131n \u015f\u0259klini atd\u0131, 8 min k\u00f6\u00e7\u00fcrd\u00fcm. M\u0259bl\u0259\u011fi 16 mind\u0259n 12 min\u0259 sald\u0131. Qalan 4 mini apar\u0131b kabinetind\u0259 verdim. M\u0259n\u0259 demi\u015fdi ki, 40 g\u00fcn \u0259rzind\u0259 M\u00fcdafi\u0259 S\u0259nayesi Nazirliyin\u0259 \u0259mrim veril\u0259c\u0259k.<br>Bir m\u00fcdd\u0259t ke\u00e7di, \u00f6z\u00fcn\u00fc Xanlar m\u00fc\u0259llim kimi t\u0259qdim el\u0259y\u0259n bir n\u0259f\u0259r z\u0259ng el\u0259di. Dedi ki, M\u00fcdafi\u0259 S\u0259nayesi Nazirliyi al\u0131nm\u0131r, \u018fm\u0259k v\u0259 \u018fhalinin Sosial M\u00fcdafi\u0259si Nazirliyin\u0259 d\u00fcz\u0259ld\u0259c\u0259k. Vaxt ke\u00e7di, g\u00f6rd\u00fcm ki, d\u00fcz\u0259lmir. Pulumu t\u0259l\u0259b el\u0259dim\u201d.<\/em><\/p>\n\n\n\n<p>Sevinc Qay\u0131bova onu da \u0259lav\u0259 edib ki, Raya N\u0259c\u0259fova \u0259vv\u0259l puldan 6400 manat qaytar\u0131b. Prokurorlu\u011fa \u015fikay\u0259tind\u0259n sonra is\u0259 bir ne\u00e7\u0259 d\u0259f\u0259y\u0259 qalan 5600 manat\u0131 da \u00f6d\u0259nilib.<br>Sevinc Qay\u0131bovan\u0131n ifad\u0259sind\u0259 b\u0259hs etdiyi Xanlar N\u0259sirov bir ne\u00e7\u0259 il \u00f6nc\u0259 liseynziyas\u0131 l\u0259\u011fv edilmi\u015f Az\u0259rbaycan Beyn\u0259lxalq Universitetinin prorektoru olub. O da \u015fahid qismind\u0259 dindirilib, Raya N\u0259c\u0259fova il\u0259 \u00fczl\u0259\u015fdirilib. \u00c7\u00fcnki Raya N\u0259c\u0259fova ifad\u0259sind\u0259 bildirib ki, Sevinc Qay\u0131bovan\u0131n aldad\u0131lmas\u0131nda \u00f6z\u00fcn\u00fcn he\u00e7 bir t\u0259qsiri yoxdur, buna g\u00f6r\u0259 Xanlar N\u0259sirov m\u0259suliyy\u0259t da\u015f\u0131y\u0131r. \u00c7\u00fcnki pulu ona verib.<\/p>\n\n\n\n<p>Xanlar N\u0259sirov is\u0259 bildirir ki, Raya N\u0259c\u0259fova yalan dan\u0131\u015f\u0131r. Onun s\u00f6zl\u0259rin\u0259 g\u00f6r\u0259, g\u00fcnl\u0259rin birind\u0259 Raya N\u0259c\u0259fova ondan Sevinc Qay\u0131bovaya z\u0259ng etm\u0259sini xahi\u015f edib:<\/p>\n\n\n\n<p>\u201c<em>Raya m\u0259n\u0259 dedi ki, Sevinc adl\u0131 qohumu \u018fm\u0259k v\u0259 \u018fhalinin Sosial M\u00fcdafi\u0259si Nazirliyin\u0259 d\u00fcz\u0259ld\u0259c\u0259y\u0259m. \u0130\u015f uzan\u0131r, o da narahatd\u0131r. M\u0259nd\u0259n xahi\u015f el\u0259di ki, z\u0259ng el\u0259yim, i\u015fin tezlikl\u0259 d\u00fcz\u0259l\u0259c\u0259yini deyim, q\u0131z da sakitl\u0259\u015fsin. M\u0259n d\u0259 onun xahi\u015fi il\u0259 dan\u0131\u015fd\u0131m, tezlikl\u0259 i\u015fin d\u00fcz\u0259l\u0259c\u0259yini dedim. Raya yalan deyir, n\u0259 m\u0259n pul alm\u0131\u015fam, n\u0259 d\u0259 pul qaytarm\u0131\u015fam. \u018fksin\u0259, Raya m\u0259nim ad\u0131mdan istifad\u0259 el\u0259yib, adamlara yalan v\u0259dl\u0259r verib\u201d.<\/em><\/p>\n\n\n\n<p>Bir ne\u00e7\u0259 n\u0259f\u0259r ba\u015fqa \u015fahidl\u0259r d\u0259 b\u0259nz\u0259r ifad\u0259l\u0259r ver\u0259r\u0259k bildiribl\u0259r ki, Raya N\u0259c\u0259fova onlardan da m\u00fcxt\u0259lif adamlarla \u0259laq\u0259 saxlay\u0131b, i\u015fin tezlikl\u0259 d\u00fcz\u0259l\u0259c\u0259yi bar\u0259d\u0259 dan\u0131\u015fmalar\u0131n\u0131 xahi\u015f edib.<br>Raya N\u0259c\u0259fova \u00f6z\u00fc is\u0259 z\u0259r\u0259r\u00e7\u0259kmi\u015fl\u0259rd\u0259n b\u0259zil\u0259ri il\u0259 nazir m\u00fcavininin k\u00f6m\u0259k\u00e7isi ad\u0131 il\u0259 dan\u0131\u015f\u0131b. Bununla ba\u011fl\u0131 s\u0259s yaz\u0131lar\u0131, mesajlar da i\u015f materiallar\u0131na \u0259lav\u0259 olunub.<\/p>\n\n\n\n<p>Lakin Raya N\u0259c\u0259fova \u00f6z\u00fcn\u00fc t\u0259qsirli bilmir. O bildirib ki, m\u00fcxt\u0259lif tan\u0131\u015flar\u0131 ondan m\u00fc\u0259yy\u0259n adamlarla dan\u0131\u015f\u0131b, vaxt almas\u0131n\u0131 xahi\u015f edibl\u0259r. O da k\u00f6m\u0259k etm\u0259k \u00fc\u00e7\u00fcn raz\u0131la\u015f\u0131b. Onun s\u00f6zl\u0259rin\u0259 g\u00f6r\u0259, he\u00e7 kim\u0259 qar\u015f\u0131 d\u0259l\u0259duzluq etm\u0259yib, i\u015f\u0259 d\u00fcz\u0259ltm\u0259k ad\u0131yla aldatmay\u0131b.<br>D\u0259l\u0259duzluqda t\u0259qsirl\u0259ndiril\u0259n professorun m\u0259hk\u0259m\u0259si may\u0131n 30-da davam ed\u0259c\u0259k.<br>Raya N\u0259c\u0259fova deputat \u00dclvi Quliyevin qudas\u0131d\u0131r.<\/p>\n\n\n\n<p>Meydan TV-nin \u0259ld\u0259 etdiyi m\u0259lumata g\u00f6r\u0259, Korrupsiyaya Qar\u015f\u0131 M\u00fcbariz\u0259 \u0130dar\u0259sind\u0259n g\u00f6nd\u0259ril\u0259n m\u0259ktubdan sonra Raya N\u0259c\u0259fova Az\u0259rbaycan Milli Elml\u0259r Akademiyas\u0131nda Azad H\u0259mkarlar \u0130ttifaq\u0131n\u0131n s\u0259dr m\u00fcavini v\u0259zif\u0259sind\u0259n azad edilib. Lakin onun \u00f6z \u0259riz\u0259si il\u0259 i\u015fd\u0259n \u00e7\u0131xd\u0131\u011f\u0131 r\u0259smil\u0259\u015fdirilib.<\/p>\n\n\n\n<p>Neft-Kimya Prosesl\u0259ri \u0130nstitutundak\u0131 v\u0259zif\u0259sind\u0259 is\u0259 qal\u0131r. Bu institut \u0259vv\u0259ll\u0259r Elml\u0259r Akademiyas\u0131n\u0131n tabeliyind\u0259 olub. Son iki ild\u0259 is\u0259 Elm v\u0259 T\u0259hsil Nazirliyinin tabeliyin\u0259 verilib<\/p>\n","protected":false},"excerpt":{"rendered":"<p>Milli Elml\u0259r Akademiyas\u0131n\u0131n Azad H\u0259mkarlar \u0130ttifaq\u0131n\u0131n s\u0259dr m\u00fcavini 11 n\u0259f\u0259r\u0259 &#8230; <\/p>\n<p class=\"read-more-container\"><a title=\"Deputat\u0131n qudas\u0131 nazir m\u00fcavininin ad\u0131ndan istifad\u0259 etm\u0259kl\u0259 d\u0259l\u0259duzluqda ittiham olunur\" class=\"read-more button\" href=\"https:\/\/www.meydan.tv\/az\/article\/deputatin-qudasi-nazir-muavininin-adindan-istifade-etmekle-deleduzluqda-ittiham-olunur\/#more-305990\" aria-label=\"Read more about Deputat\u0131n qudas\u0131 nazir m\u00fcavininin ad\u0131ndan istifad\u0259 etm\u0259kl\u0259 d\u0259l\u0259duzluqda ittiham olunur\">Davam\u0131<\/a><\/p>\n","protected":false},"author":8,"featured_media":305991,"comment_status":"closed","ping_status":"closed","sticky":false,"template":"","format":"standard","meta":{"_acf_changed":false,"_sitemap_exclude":false,"_sitemap_priority":"","_sitemap_frequency":"","footnotes":""},"categories":[62,79,56],"tags":[],"class_list":["post-305990","post","type-post","status-publish","format-standard","has-post-thumbnail","hentry","category-sosial","category-featured","category-xeberler","infinite-scroll-item","generate-columns","tablet-grid-50","mobile-grid-100","grid-parent","grid-33","no-featured-image-padding"],"acf":[],"yoast_head":"<!-- This site is optimized with the Yoast SEO plugin v27.5 - https:\/\/yoast.com\/product\/yoast-seo-wordpress\/ -->\n<title>Deputat\u0131n qudas\u0131 nazir m\u00fcavininin ad\u0131ndan istifad\u0259 etm\u0259kl\u0259 d\u0259l\u0259duzluqda ittiham olunur - MEYDAN.TV<\/title>\n<meta name=\"robots\" content=\"index, follow, max-snippet:-1, max-image-preview:large, max-video-preview:-1\" \/>\n<link rel=\"canonical\" href=\"https:\/\/www.meydan.tv\/az\/article\/deputatin-qudasi-nazir-muavininin-adindan-istifade-etmekle-deleduzluqda-ittiham-olunur\/\" \/>\n<meta property=\"og:locale\" content=\"az_AZ\" \/>\n<meta property=\"og:type\" content=\"article\" \/>\n<meta property=\"og:title\" content=\"Deputat\u0131n qudas\u0131 nazir m\u00fcavininin ad\u0131ndan istifad\u0259 etm\u0259kl\u0259 d\u0259l\u0259duzluqda ittiham olunur - MEYDAN.TV\" \/>\n<meta property=\"og:description\" content=\"Milli Elml\u0259r Akademiyas\u0131n\u0131n Azad H\u0259mkarlar \u0130ttifaq\u0131n\u0131n s\u0259dr m\u00fcavini 11 n\u0259f\u0259r\u0259 ... Davam\u0131\" \/>\n<meta property=\"og:url\" content=\"https:\/\/www.meydan.tv\/az\/article\/deputatin-qudasi-nazir-muavininin-adindan-istifade-etmekle-deleduzluqda-ittiham-olunur\/\" \/>\n<meta property=\"og:site_name\" content=\"MEYDAN.TV\" \/>\n<meta property=\"article:published_time\" content=\"2024-05-17T09:41:52+00:00\" \/>\n<meta property=\"article:modified_time\" content=\"2024-05-17T09:41:56+00:00\" \/>\n<meta property=\"og:image\" content=\"https:\/\/www.meydan.tv\/wp-content\/uploads\/1539_1642419357.jpg\" \/>\n\t<meta property=\"og:image:width\" content=\"1200\" \/>\n\t<meta property=\"og:image:height\" content=\"643\" \/>\n\t<meta property=\"og:image:type\" content=\"image\/jpeg\" \/>\n<meta name=\"author\" content=\"elli\" \/>\n<meta name=\"twitter:card\" content=\"summary_large_image\" \/>\n<meta name=\"twitter:creator\" content=\"@elli\" \/>\n<script type=\"application\/ld+json\" class=\"yoast-schema-graph\">{\"@context\":\"https:\\\/\\\/schema.org\",\"@graph\":[{\"@type\":\"Article\",\"@id\":\"https:\\\/\\\/www.meydan.tv\\\/az\\\/article\\\/deputatin-qudasi-nazir-muavininin-adindan-istifade-etmekle-deleduzluqda-ittiham-olunur\\\/#article\",\"isPartOf\":{\"@id\":\"https:\\\/\\\/www.meydan.tv\\\/az\\\/article\\\/deputatin-qudasi-nazir-muavininin-adindan-istifade-etmekle-deleduzluqda-ittiham-olunur\\\/\"},\"author\":{\"name\":\"elli\",\"@id\":\"https:\\\/\\\/www.meydan.tv\\\/az\\\/#\\\/schema\\\/person\\\/9cdbecf90d17180ce1dfbd95b08dcf47\"},\"headline\":\"Deputat\u0131n qudas\u0131 nazir m\u00fcavininin ad\u0131ndan istifad\u0259 etm\u0259kl\u0259 d\u0259l\u0259duzluqda ittiham olunur\",\"datePublished\":\"2024-05-17T09:41:52+00:00\",\"dateModified\":\"2024-05-17T09:41:56+00:00\",\"mainEntityOfPage\":{\"@id\":\"https:\\\/\\\/www.meydan.tv\\\/az\\\/article\\\/deputatin-qudasi-nazir-muavininin-adindan-istifade-etmekle-deleduzluqda-ittiham-olunur\\\/\"},\"wordCount\":1387,\"publisher\":{\"@id\":\"https:\\\/\\\/www.meydan.tv\\\/az\\\/#organization\"},\"image\":{\"@id\":\"https:\\\/\\\/www.meydan.tv\\\/az\\\/article\\\/deputatin-qudasi-nazir-muavininin-adindan-istifade-etmekle-deleduzluqda-ittiham-olunur\\\/#primaryimage\"},\"thumbnailUrl\":\"https:\\\/\\\/www.meydan.tv\\\/wp-content\\\/uploads\\\/1539_1642419357.jpg\",\"articleSection\":[\"Sosial\",\"T\u00f6vsiy\u0259\",\"X\u0259b\u0259rl\u0259r\"],\"inLanguage\":\"az\"},{\"@type\":\"WebPage\",\"@id\":\"https:\\\/\\\/www.meydan.tv\\\/az\\\/article\\\/deputatin-qudasi-nazir-muavininin-adindan-istifade-etmekle-deleduzluqda-ittiham-olunur\\\/\",\"url\":\"https:\\\/\\\/www.meydan.tv\\\/az\\\/article\\\/deputatin-qudasi-nazir-muavininin-adindan-istifade-etmekle-deleduzluqda-ittiham-olunur\\\/\",\"name\":\"Deputat\u0131n qudas\u0131 nazir m\u00fcavininin ad\u0131ndan istifad\u0259 etm\u0259kl\u0259 d\u0259l\u0259duzluqda ittiham olunur - MEYDAN.TV\",\"isPartOf\":{\"@id\":\"https:\\\/\\\/www.meydan.tv\\\/az\\\/#website\"},\"primaryImageOfPage\":{\"@id\":\"https:\\\/\\\/www.meydan.tv\\\/az\\\/article\\\/deputatin-qudasi-nazir-muavininin-adindan-istifade-etmekle-deleduzluqda-ittiham-olunur\\\/#primaryimage\"},\"image\":{\"@id\":\"https:\\\/\\\/www.meydan.tv\\\/az\\\/article\\\/deputatin-qudasi-nazir-muavininin-adindan-istifade-etmekle-deleduzluqda-ittiham-olunur\\\/#primaryimage\"},\"thumbnailUrl\":\"https:\\\/\\\/www.meydan.tv\\\/wp-content\\\/uploads\\\/1539_1642419357.jpg\",\"datePublished\":\"2024-05-17T09:41:52+00:00\",\"dateModified\":\"2024-05-17T09:41:56+00:00\",\"breadcrumb\":{\"@id\":\"https:\\\/\\\/www.meydan.tv\\\/az\\\/article\\\/deputatin-qudasi-nazir-muavininin-adindan-istifade-etmekle-deleduzluqda-ittiham-olunur\\\/#breadcrumb\"},\"inLanguage\":\"az\",\"potentialAction\":[{\"@type\":\"ReadAction\",\"target\":[\"https:\\\/\\\/www.meydan.tv\\\/az\\\/article\\\/deputatin-qudasi-nazir-muavininin-adindan-istifade-etmekle-deleduzluqda-ittiham-olunur\\\/\"]}]},{\"@type\":\"ImageObject\",\"inLanguage\":\"az\",\"@id\":\"https:\\\/\\\/www.meydan.tv\\\/az\\\/article\\\/deputatin-qudasi-nazir-muavininin-adindan-istifade-etmekle-deleduzluqda-ittiham-olunur\\\/#primaryimage\",\"url\":\"https:\\\/\\\/www.meydan.tv\\\/wp-content\\\/uploads\\\/1539_1642419357.jpg\",\"contentUrl\":\"https:\\\/\\\/www.meydan.tv\\\/wp-content\\\/uploads\\\/1539_1642419357.jpg\",\"width\":1200,\"height\":643,\"caption\":\"Raya N\u0259c\u0259fova (sa\u011fda). Foto: \\\"science.gov\\\"\"},{\"@type\":\"BreadcrumbList\",\"@id\":\"https:\\\/\\\/www.meydan.tv\\\/az\\\/article\\\/deputatin-qudasi-nazir-muavininin-adindan-istifade-etmekle-deleduzluqda-ittiham-olunur\\\/#breadcrumb\",\"itemListElement\":[{\"@type\":\"ListItem\",\"position\":1,\"name\":\"Ana s\u0259hif\u0259\",\"item\":\"https:\\\/\\\/www.meydan.tv\\\/az\\\/\"},{\"@type\":\"ListItem\",\"position\":2,\"name\":\"Sosial\",\"item\":\"https:\\\/\\\/www.meydan.tv\\\/az\\\/section\\\/sosial\\\/\"},{\"@type\":\"ListItem\",\"position\":3,\"name\":\"Deputat\u0131n qudas\u0131 nazir m\u00fcavininin ad\u0131ndan istifad\u0259 etm\u0259kl\u0259 d\u0259l\u0259duzluqda ittiham olunur\"}]},{\"@type\":\"WebSite\",\"@id\":\"https:\\\/\\\/www.meydan.tv\\\/az\\\/#website\",\"url\":\"https:\\\/\\\/www.meydan.tv\\\/az\\\/\",\"name\":\"MEYDAN.TV\",\"description\":\"Meydan TV Az\u0259rbaycan\u0131n media m\u0259kan\u0131ndak\u0131 alternativ s\u0259sidir\",\"publisher\":{\"@id\":\"https:\\\/\\\/www.meydan.tv\\\/az\\\/#organization\"},\"potentialAction\":[{\"@type\":\"SearchAction\",\"target\":{\"@type\":\"EntryPoint\",\"urlTemplate\":\"https:\\\/\\\/www.meydan.tv\\\/az\\\/?s={search_term_string}\"},\"query-input\":{\"@type\":\"PropertyValueSpecification\",\"valueRequired\":true,\"valueName\":\"search_term_string\"}}],\"inLanguage\":\"az\"},{\"@type\":\"Organization\",\"@id\":\"https:\\\/\\\/www.meydan.tv\\\/az\\\/#organization\",\"name\":\"Meydan TV\",\"url\":\"https:\\\/\\\/www.meydan.tv\\\/az\\\/\",\"logo\":{\"@type\":\"ImageObject\",\"inLanguage\":\"az\",\"@id\":\"https:\\\/\\\/www.meydan.tv\\\/az\\\/#\\\/schema\\\/logo\\\/image\\\/\",\"url\":\"https:\\\/\\\/www.meydan.tv\\\/wp-content\\\/uploads\\\/2021\\\/07\\\/meydan-logo.svg\",\"contentUrl\":\"https:\\\/\\\/www.meydan.tv\\\/wp-content\\\/uploads\\\/2021\\\/07\\\/meydan-logo.svg\",\"width\":195,\"height\":46,\"caption\":\"Meydan TV\"},\"image\":{\"@id\":\"https:\\\/\\\/www.meydan.tv\\\/az\\\/#\\\/schema\\\/logo\\\/image\\\/\"}},{\"@type\":\"Person\",\"@id\":\"https:\\\/\\\/www.meydan.tv\\\/az\\\/#\\\/schema\\\/person\\\/9cdbecf90d17180ce1dfbd95b08dcf47\",\"name\":\"elli\",\"sameAs\":[\"https:\\\/\\\/x.com\\\/elli\"]}]}<\/script>\n<!-- \/ Yoast SEO plugin. -->","yoast_head_json":{"title":"Deputat\u0131n qudas\u0131 nazir m\u00fcavininin ad\u0131ndan istifad\u0259 etm\u0259kl\u0259 d\u0259l\u0259duzluqda ittiham olunur - MEYDAN.TV","robots":{"index":"index","follow":"follow","max-snippet":"max-snippet:-1","max-image-preview":"max-image-preview:large","max-video-preview":"max-video-preview:-1"},"canonical":"https:\/\/www.meydan.tv\/az\/article\/deputatin-qudasi-nazir-muavininin-adindan-istifade-etmekle-deleduzluqda-ittiham-olunur\/","og_locale":"az_AZ","og_type":"article","og_title":"Deputat\u0131n qudas\u0131 nazir m\u00fcavininin ad\u0131ndan istifad\u0259 etm\u0259kl\u0259 d\u0259l\u0259duzluqda ittiham olunur - MEYDAN.TV","og_description":"Milli Elml\u0259r Akademiyas\u0131n\u0131n Azad H\u0259mkarlar \u0130ttifaq\u0131n\u0131n s\u0259dr m\u00fcavini 11 n\u0259f\u0259r\u0259 ... Davam\u0131","og_url":"https:\/\/www.meydan.tv\/az\/article\/deputatin-qudasi-nazir-muavininin-adindan-istifade-etmekle-deleduzluqda-ittiham-olunur\/","og_site_name":"MEYDAN.TV","article_published_time":"2024-05-17T09:41:52+00:00","article_modified_time":"2024-05-17T09:41:56+00:00","og_image":[{"width":1200,"height":643,"url":"https:\/\/www.meydan.tv\/wp-content\/uploads\/1539_1642419357.jpg","type":"image\/jpeg"}],"author":"elli","twitter_card":"summary_large_image","twitter_creator":"@elli","schema":{"@context":"https:\/\/schema.org","@graph":[{"@type":"Article","@id":"https:\/\/www.meydan.tv\/az\/article\/deputatin-qudasi-nazir-muavininin-adindan-istifade-etmekle-deleduzluqda-ittiham-olunur\/#article","isPartOf":{"@id":"https:\/\/www.meydan.tv\/az\/article\/deputatin-qudasi-nazir-muavininin-adindan-istifade-etmekle-deleduzluqda-ittiham-olunur\/"},"author":{"name":"elli","@id":"https:\/\/www.meydan.tv\/az\/#\/schema\/person\/9cdbecf90d17180ce1dfbd95b08dcf47"},"headline":"Deputat\u0131n qudas\u0131 nazir m\u00fcavininin ad\u0131ndan istifad\u0259 etm\u0259kl\u0259 d\u0259l\u0259duzluqda ittiham olunur","datePublished":"2024-05-17T09:41:52+00:00","dateModified":"2024-05-17T09:41:56+00:00","mainEntityOfPage":{"@id":"https:\/\/www.meydan.tv\/az\/article\/deputatin-qudasi-nazir-muavininin-adindan-istifade-etmekle-deleduzluqda-ittiham-olunur\/"},"wordCount":1387,"publisher":{"@id":"https:\/\/www.meydan.tv\/az\/#organization"},"image":{"@id":"https:\/\/www.meydan.tv\/az\/article\/deputatin-qudasi-nazir-muavininin-adindan-istifade-etmekle-deleduzluqda-ittiham-olunur\/#primaryimage"},"thumbnailUrl":"https:\/\/www.meydan.tv\/wp-content\/uploads\/1539_1642419357.jpg","articleSection":["Sosial","T\u00f6vsiy\u0259","X\u0259b\u0259rl\u0259r"],"inLanguage":"az"},{"@type":"WebPage","@id":"https:\/\/www.meydan.tv\/az\/article\/deputatin-qudasi-nazir-muavininin-adindan-istifade-etmekle-deleduzluqda-ittiham-olunur\/","url":"https:\/\/www.meydan.tv\/az\/article\/deputatin-qudasi-nazir-muavininin-adindan-istifade-etmekle-deleduzluqda-ittiham-olunur\/","name":"Deputat\u0131n qudas\u0131 nazir m\u00fcavininin ad\u0131ndan istifad\u0259 etm\u0259kl\u0259 d\u0259l\u0259duzluqda ittiham olunur - MEYDAN.TV","isPartOf":{"@id":"https:\/\/www.meydan.tv\/az\/#website"},"primaryImageOfPage":{"@id":"https:\/\/www.meydan.tv\/az\/article\/deputatin-qudasi-nazir-muavininin-adindan-istifade-etmekle-deleduzluqda-ittiham-olunur\/#primaryimage"},"image":{"@id":"https:\/\/www.meydan.tv\/az\/article\/deputatin-qudasi-nazir-muavininin-adindan-istifade-etmekle-deleduzluqda-ittiham-olunur\/#primaryimage"},"thumbnailUrl":"https:\/\/www.meydan.tv\/wp-content\/uploads\/1539_1642419357.jpg","datePublished":"2024-05-17T09:41:52+00:00","dateModified":"2024-05-17T09:41:56+00:00","breadcrumb":{"@id":"https:\/\/www.meydan.tv\/az\/article\/deputatin-qudasi-nazir-muavininin-adindan-istifade-etmekle-deleduzluqda-ittiham-olunur\/#breadcrumb"},"inLanguage":"az","potentialAction":[{"@type":"ReadAction","target":["https:\/\/www.meydan.tv\/az\/article\/deputatin-qudasi-nazir-muavininin-adindan-istifade-etmekle-deleduzluqda-ittiham-olunur\/"]}]},{"@type":"ImageObject","inLanguage":"az","@id":"https:\/\/www.meydan.tv\/az\/article\/deputatin-qudasi-nazir-muavininin-adindan-istifade-etmekle-deleduzluqda-ittiham-olunur\/#primaryimage","url":"https:\/\/www.meydan.tv\/wp-content\/uploads\/1539_1642419357.jpg","contentUrl":"https:\/\/www.meydan.tv\/wp-content\/uploads\/1539_1642419357.jpg","width":1200,"height":643,"caption":"Raya N\u0259c\u0259fova (sa\u011fda). Foto: \"science.gov\""},{"@type":"BreadcrumbList","@id":"https:\/\/www.meydan.tv\/az\/article\/deputatin-qudasi-nazir-muavininin-adindan-istifade-etmekle-deleduzluqda-ittiham-olunur\/#breadcrumb","itemListElement":[{"@type":"ListItem","position":1,"name":"Ana s\u0259hif\u0259","item":"https:\/\/www.meydan.tv\/az\/"},{"@type":"ListItem","position":2,"name":"Sosial","item":"https:\/\/www.meydan.tv\/az\/section\/sosial\/"},{"@type":"ListItem","position":3,"name":"Deputat\u0131n qudas\u0131 nazir m\u00fcavininin ad\u0131ndan istifad\u0259 etm\u0259kl\u0259 d\u0259l\u0259duzluqda ittiham olunur"}]},{"@type":"WebSite","@id":"https:\/\/www.meydan.tv\/az\/#website","url":"https:\/\/www.meydan.tv\/az\/","name":"MEYDAN.TV","description":"Meydan TV Az\u0259rbaycan\u0131n media m\u0259kan\u0131ndak\u0131 alternativ s\u0259sidir","publisher":{"@id":"https:\/\/www.meydan.tv\/az\/#organization"},"potentialAction":[{"@type":"SearchAction","target":{"@type":"EntryPoint","urlTemplate":"https:\/\/www.meydan.tv\/az\/?s={search_term_string}"},"query-input":{"@type":"PropertyValueSpecification","valueRequired":true,"valueName":"search_term_string"}}],"inLanguage":"az"},{"@type":"Organization","@id":"https:\/\/www.meydan.tv\/az\/#organization","name":"Meydan TV","url":"https:\/\/www.meydan.tv\/az\/","logo":{"@type":"ImageObject","inLanguage":"az","@id":"https:\/\/www.meydan.tv\/az\/#\/schema\/logo\/image\/","url":"https:\/\/www.meydan.tv\/wp-content\/uploads\/2021\/07\/meydan-logo.svg","contentUrl":"https:\/\/www.meydan.tv\/wp-content\/uploads\/2021\/07\/meydan-logo.svg","width":195,"height":46,"caption":"Meydan TV"},"image":{"@id":"https:\/\/www.meydan.tv\/az\/#\/schema\/logo\/image\/"}},{"@type":"Person","@id":"https:\/\/www.meydan.tv\/az\/#\/schema\/person\/9cdbecf90d17180ce1dfbd95b08dcf47","name":"elli","sameAs":["https:\/\/x.com\/elli"]}]}},"_links":{"self":[{"href":"https:\/\/www.meydan.tv\/az\/wp-json\/wp\/v2\/posts\/305990","targetHints":{"allow":["GET"]}}],"collection":[{"href":"https:\/\/www.meydan.tv\/az\/wp-json\/wp\/v2\/posts"}],"about":[{"href":"https:\/\/www.meydan.tv\/az\/wp-json\/wp\/v2\/types\/post"}],"author":[{"embeddable":true,"href":"https:\/\/www.meydan.tv\/az\/wp-json\/wp\/v2\/users\/8"}],"replies":[{"embeddable":true,"href":"https:\/\/www.meydan.tv\/az\/wp-json\/wp\/v2\/comments?post=305990"}],"version-history":[{"count":3,"href":"https:\/\/www.meydan.tv\/az\/wp-json\/wp\/v2\/posts\/305990\/revisions"}],"predecessor-version":[{"id":305999,"href":"https:\/\/www.meydan.tv\/az\/wp-json\/wp\/v2\/posts\/305990\/revisions\/305999"}],"wp:featuredmedia":[{"embeddable":true,"href":"https:\/\/www.meydan.tv\/az\/wp-json\/wp\/v2\/media\/305991"}],"wp:attachment":[{"href":"https:\/\/www.meydan.tv\/az\/wp-json\/wp\/v2\/media?parent=305990"}],"wp:term":[{"taxonomy":"category","embeddable":true,"href":"https:\/\/www.meydan.tv\/az\/wp-json\/wp\/v2\/categories?post=305990"},{"taxonomy":"post_tag","embeddable":true,"href":"https:\/\/www.meydan.tv\/az\/wp-json\/wp\/v2\/tags?post=305990"}],"curies":[{"name":"wp","href":"https:\/\/api.w.org\/{rel}","templated":true}]}}