{"id":305979,"date":"2024-05-17T13:00:44","date_gmt":"2024-05-17T09:00:44","guid":{"rendered":"https:\/\/www.meydan.tv\/?p=305979"},"modified":"2024-05-17T13:00:50","modified_gmt":"2024-05-17T09:00:50","slug":"taksilerle-bagli-reyd-kecirilib-surucu-az-qalir-boyreyinde-das-olmadigi-barede-de-arayis-teqdim-etsin","status":"publish","type":"post","link":"https:\/\/www.meydan.tv\/az\/article\/taksilerle-bagli-reyd-kecirilib-surucu-az-qalir-boyreyinde-das-olmadigi-barede-de-arayis-teqdim-etsin\/","title":{"rendered":"Taksil\u0259rl\u0259 ba\u011fl\u0131 reyd ke\u00e7irilib: \u201cS\u00fcr\u00fcc\u00fc az qal\u0131r b\u00f6yr\u0259yind\u0259 da\u015f olmad\u0131\u011f\u0131 bar\u0259d\u0259 d\u0259 aray\u0131\u015f t\u0259qdim etsin\u201d"},"content":{"rendered":"\n<p><\/p>\n\n\n\n<p><strong><em>\u0130qtisad\u00e7\u0131lar q\u0259rarlar\u0131 t\u0259nqid edir<\/em><\/strong><\/p>\n\n\n\n<p>Bak\u0131da taksi s\u00fcr\u00fcc\u00fcl\u0259rin\u0259 qar\u015f\u0131 reyd ke\u00e7irib. Reydi Bak\u0131 \u015e\u0259h\u0259r D\u00f6vl\u0259t Yol Polisi \u0130dar\u0259si (B\u015eDYP\u0130) v\u0259 Az\u0259rbaycan Yer\u00fcst\u00fc N\u0259qliyyat Agentliyi (AYNA) edib.<\/p>\n\n\n\n<p>Bununla ba\u011fl\u0131 veril\u0259n <a href=\"https:\/\/ayna.gov.az\/news\/492\">a\u00e7\u0131qlamada<\/a> bildirilir ki, m\u0259qs\u0259d s\u00fcr\u00fcc\u00fcl\u0259rin m\u00fcvafiq icaz\u0259l\u0259r \u0259sas\u0131nda f\u0259aliyy\u0259t g\u00f6st\u0259rm\u0259y\u0259 c\u0259lb edilm\u0259si, el\u0259c\u0259 d\u0259 bu bar\u0259d\u0259 maarifl\u0259ndirilm\u0259sidir.<\/p>\n\n\n\n<p>Sosial \u015f\u0259b\u0259k\u0259l\u0259rd\u0259 reydl\u0259 ba\u011fl\u0131 yay\u0131lan g\u00f6r\u00fcnt\u00fcl\u0259rd\u0259 t\u0259l\u0259b edil\u0259n s\u0259n\u0259dl\u0259rin \u00e7oxlu\u011fu m\u00fczakir\u0259y\u0259 \u00e7evrilib.<\/p>\n\n\n\n<p>Az\u0259rbaycanda bir m\u00fcdd\u0259t \u00f6nc\u0259 izinsiz taksi f\u0259aliyy\u0259ti il\u0259 m\u0259\u015f\u011ful olanlara qar\u015f\u0131 inzibati t\u0259nbeh t\u0259dbirl\u0259ri h\u0259yata ke\u00e7iril\u0259c\u0259yi il\u0259 ba\u011fl\u0131 q\u0259rar q\u0259bul edilib.<\/p>\n\n\n<div class=\"wp-block-image\">\n<figure class=\"aligncenter size-large\"><img decoding=\"async\" width=\"1160\" height=\"821\" data-src=\"https:\/\/www.meydan.tv\/wp-content\/uploads\/ayna_logo_blue-1160x821.png\" alt=\"\" class=\"wp-image-302494 lazyload\" src=\"data:image\/svg+xml;base64,PHN2ZyB3aWR0aD0iMSIgaGVpZ2h0PSIxIiB4bWxucz0iaHR0cDovL3d3dy53My5vcmcvMjAwMC9zdmciPjwvc3ZnPg==\" style=\"--smush-placeholder-width: 1160px; --smush-placeholder-aspect-ratio: 1160\/821;\" \/><figcaption class=\"wp-element-caption\">Az\u0259rbaycan Yer\u00fcst\u00fc N\u0259qliyyat Agentliyi (AYNA). Foto: AYNA<\/figcaption><\/figure>\n<\/div>\n\n\n<p>Yeni qaydaya g\u00f6r\u0259, s\u0259rni\u015finda\u015f\u0131malarla m\u0259\u015f\u011ful olmaq ist\u0259y\u0259n h\u00fcquqi \u015f\u0259xsl\u0259r v\u0259 f\u0259rdi sahibkarlar icaz\u0259 \u0259sas\u0131nda f\u0259aliyy\u0259t g\u00f6st\u0259rm\u0259lidir.<\/p>\n\n\n\n<p>\u0130qtisad\u00e7\u0131 Natiq C\u0259f\u0259rli deyir ki, yeni q\u0259rarlardan sonra Az\u0259rbaycanda taksi qiym\u0259tl\u0259rind\u0259 art\u0131m olub. Bu, g\u00f6zl\u0259nil\u0259n idi.<\/p>\n\n\n\n<p>Onun s\u00f6zl\u0259rin\u0259 g\u00f6r\u0259, taksi xidm\u0259tinin qiym\u0259tl\u0259ri iyunun 1-d\u0259n sonra daha da artacaq, \u0259n ucuz gedi\u015f haqq\u0131n\u0131n 4,5 manat olmas\u0131 g\u00f6zl\u0259nilir:<\/p>\n\n\n\n<p><em>\u201cBel\u0259 \u00e7\u0131x\u0131r ki, h\u00f6kum\u0259tin m\u0259qs\u0259di ancaq qiym\u0259t art\u0131m\u0131 idi, \u00e7\u00fcnki, keyfiyy\u0259t artmay\u0131b, arta da bilm\u0259zdi, \u00e7\u00fcnki eyni avtomobill\u0259r, amma daha az sayda taksi xidm\u0259ti g\u00f6st\u0259rir. \u0130qtisadiyyat\u0131n \u201cq\u0131z\u0131l qanunu\u201d i\u015f\u0259 d\u00fc\u015f\u00fcr \u2013 t\u0259klif azal\u0131r, t\u0259l\u0259b yerind\u0259 qal\u0131r, n\u0259tic\u0259d\u0259 qiym\u0259tl\u0259r y\u00fcks\u0259lir\u201d.<\/em><\/p>\n\n\n<div class=\"wp-block-image\">\n<figure class=\"alignright size-large is-resized\"><img decoding=\"async\" width=\"1200\" height=\"696\" data-src=\"https:\/\/www.meydan.tv\/wp-content\/uploads\/image_from_ios_178-scaled-e1648798569981-1200x696.jpg\" alt=\"Natiq C\u0259f\u0259rli\" class=\"wp-image-210013 lazyload\" style=\"--smush-placeholder-width: 1200px; --smush-placeholder-aspect-ratio: 1200\/696;width:400px;height:auto\" src=\"data:image\/svg+xml;base64,PHN2ZyB3aWR0aD0iMSIgaGVpZ2h0PSIxIiB4bWxucz0iaHR0cDovL3d3dy53My5vcmcvMjAwMC9zdmciPjwvc3ZnPg==\" \/><figcaption class=\"wp-element-caption\">Natiq C\u0259f\u0259rli, Foto: Meydan TV<\/figcaption><\/figure>\n<\/div>\n\n\n<p>\u0130qtisad\u00e7\u0131 bildirir ki, bu add\u0131mlar\u0131n h\u0259r hans\u0131 m\u0259ntiqi izah\u0131 da yoxdur:<\/p>\n\n\n\n<p><em>\u201cDeyim ki, h\u00f6kum\u0259t v\u0259 ya m\u0259murlar bundan \u0259lav\u0259 pul qazan\u0131rlar \u2013 tam da el\u0259 deyil, bu sah\u0259 h\u0259l\u0259 d\u0259 \u0259n az inhisarla\u015fan sah\u0259dir, yax\u015f\u0131 b\u0259s bu israr n\u0259d\u0259n qaynaqlan\u0131r? COP29 t\u0259dbirind\u0259nmi? D\u00fc\u015f\u00fcn\u00fclm\u0259mi\u015f q\u0259rarverm\u0259 mexanizml\u0259rinin sistemd\u0259 \u0259sas davran\u0131\u015f qaydas\u0131 olmas\u0131ndanm\u0131?\u201d.<\/em><\/p>\n\n\n\n<p>Natiq C\u0259f\u0259rli bildirir ki, \u0259slind\u0259 suallar \u00e7oxdur, sad\u0259c\u0259 cavab ver\u0259n yoxdur. \u018fziyy\u0259ti is\u0259 sad\u0259 v\u0259t\u0259nda\u015f \u00e7\u0259kir:<\/p>\n\n\n\n<p><em>\u201cS\u00fcr\u00fcc\u00fc az qal\u0131r b\u00f6yr\u0259yind\u0259, sidik kis\u0259sind\u0259 da\u015f olmad\u0131\u011f\u0131 bar\u0259d\u0259 d\u0259 aray\u0131\u015f t\u0259qdim etsin ki, taksi s\u00fcr\u0259 bilsin. A\u015f\u0131r\u0131 t\u0259nziml\u0259m\u0259 Avropada iqtisadiyyat\u0131 \u00e7\u00f6kd\u00fcrm\u0259k \u00fczr\u0259dir, indi eyni yana\u015fman\u0131 Az\u0259rbaycana da t\u0259dbiq edirl\u0259r, y\u0259ni he\u00e7 d\u0259rs \u00e7\u0131xarm\u0131rlar\u2026\u201d.<\/em><\/p>\n\n\n\n<p>Ba\u015fqa bir iqtisad\u00e7\u0131 To\u011frul V\u0259liyev is\u0259 \u00f6z\u00fcn\u00fcn \u201cTelegram\u201d kanal\u0131nda yaz\u0131b ki, Az\u0259rbaycan Yer\u00fcst\u00fc N\u0259qliyyat Agentliyinin reydl\u0259 ba\u011fl\u0131 m\u0259lumat\u0131ndan Az\u0259rbaycanda yeni qeyri-qanuni f\u0259aliyy\u0259t n\u00f6v\u00fcn\u00fcn yarand\u0131\u011f\u0131 anla\u015f\u0131l\u0131r. Sanki taksi s\u00fcr\u00fcc\u00fcl\u0259ri qeyri-qanuni i\u015fl\u0259 m\u0259\u015f\u011fuldur:<\/p>\n\n\n<div class=\"wp-block-image\">\n<figure class=\"alignleft size-full is-resized\"><img decoding=\"async\" width=\"1200\" height=\"720\" data-src=\"https:\/\/www.meydan.tv\/wp-content\/uploads\/togrul-masalli.jpg\" alt=\"To\u011frul Ma\u015fall\u0131\" class=\"wp-image-123130 lazyload\" style=\"--smush-placeholder-width: 1200px; --smush-placeholder-aspect-ratio: 1200\/720;width:352px;height:auto\" src=\"data:image\/svg+xml;base64,PHN2ZyB3aWR0aD0iMSIgaGVpZ2h0PSIxIiB4bWxucz0iaHR0cDovL3d3dy53My5vcmcvMjAwMC9zdmciPjwvc3ZnPg==\" \/><figcaption class=\"wp-element-caption\">Foto: To\u011frul V\u0259liyevin \u015f\u0259xsi arxivind\u0259n<\/figcaption><\/figure>\n<\/div>\n\n\n<p><em>\u201cY\u0259ni r\u0259smi saytda veril\u0259n bu x\u0259b\u0259ri ba\u015fqa c\u00fcr izah etm\u0259k \u00e7\u0259tindir. Reyd hans\u0131sa qayda-qanun pozuntusuna qar\u015f\u0131 v\u0259 ya m\u0259tnd\u0259 qeyd olunan maarifl\u0259ndirm\u0259 m\u0259qs\u0259dil\u0259 ke\u00e7iril\u0259 bil\u0259r. Hans\u0131sa f\u0259aliyy\u0259t sah\u0259sind\u0259 m\u0259\u015f\u011ful olan \u015f\u0259xsl\u0259r\u0259 qar\u015f\u0131 ke\u00e7irildiyi halda, bu, o dem\u0259kdir ki, m\u00fcvafiq sah\u0259 d\u0259 qeyri-qanunidir\u201d.<\/em><\/p>\n\n\n\n<p>M\u0259lumatda h\u0259m\u00e7inin, bildirilir ki, \u00fcmumilikd\u0259 150-d\u0259n art\u0131q s\u00fcr\u00fcc\u00fc il\u0259 maarifl\u0259ndirici s\u00f6hb\u0259t apar\u0131l\u0131b v\u0259 onlara qanunvericiliyin t\u0259l\u0259bl\u0259ri izah edilib. Qanunsuz s\u0259rni\u015finda\u015f\u0131ma f\u0259aliyy\u0259ti il\u0259 m\u0259\u015f\u011ful olan bir ne\u00e7\u0259 taksi s\u00fcr\u00fcc\u00fcs\u00fc c\u0259rim\u0259l\u0259nib.<\/p>\n\n\n\n<p>Yeni qaydalara g\u00f6r\u0259, minik avtomobill\u0259ri il\u0259 s\u0259rni\u015finda\u015f\u0131malarla m\u0259\u015f\u011ful olmaq ist\u0259y\u0259n h\u00fcquqi \u015f\u0259xsl\u0259r v\u0259 f\u0259rdi sahibkarlar m\u00fcvafiq icaz\u0259l\u0259r \u0259sas\u0131nda f\u0259aliyy\u0259t g\u00f6st\u0259rm\u0259lidirl\u0259r. Bunun \u00fc\u00e7\u00fcn burax\u0131l\u0131\u015f v\u0259siq\u0259si v\u0259 burax\u0131l\u0131\u015f kart\u0131 al\u0131nmal\u0131d\u0131r. \u0130stehsal tarixind\u0259n 15 ild\u0259n art\u0131q m\u00fcdd\u0259t ke\u00e7\u0259n avtomobil n\u0259qliyyat\u0131 vasit\u0259l\u0259ri taksi minik avtomobill\u0259ri kimi istifad\u0259 edil\u0259 bilm\u0259z.<\/p>\n\n\n\n<p>Taksi f\u0259aliyy\u0259ti il\u0259 m\u0259\u015f\u011ful olmaq \u00fc\u00e7\u00fcn m\u00fcvafiq t\u0259l\u0259bl\u0259ri \u00f6d\u0259y\u0259n s\u00fcr\u00fcc\u00fcl\u0259r 2024-c\u00fc ilin iyul ay\u0131n\u0131n 1-n\u0259 q\u0259d\u0259r AYNA-ya m\u00fcraci\u0259t ed\u0259r\u0259k burax\u0131l\u0131\u015f ilind\u0259n 15 il ke\u00e7m\u0259y\u0259n n\u0259qliyyat vasit\u0259l\u0259rin\u0259 burax\u0131l\u0131\u015f kart\u0131 ala bil\u0259rl\u0259r. 2024-c\u00fc ilin iyul ay\u0131n\u0131n 1-d\u0259n sonra burax\u0131l\u0131\u015f kart\u0131 almaq \u00fc\u00e7\u00fcn avtomobill\u0259rin ya\u015f\u0131 8 ild\u0259n \u00e7ox olmamal\u0131d\u0131r.<\/p>\n","protected":false},"excerpt":{"rendered":"<p>\u0130qtisad\u00e7\u0131lar q\u0259rarlar\u0131 t\u0259nqid edir Bak\u0131da taksi s\u00fcr\u00fcc\u00fcl\u0259rin\u0259 qar\u015f\u0131 reyd ke\u00e7irib. &#8230; <\/p>\n<p class=\"read-more-container\"><a title=\"Taksil\u0259rl\u0259 ba\u011fl\u0131 reyd ke\u00e7irilib: \u201cS\u00fcr\u00fcc\u00fc az qal\u0131r b\u00f6yr\u0259yind\u0259 da\u015f olmad\u0131\u011f\u0131 bar\u0259d\u0259 d\u0259 aray\u0131\u015f t\u0259qdim etsin\u201d\" class=\"read-more button\" href=\"https:\/\/www.meydan.tv\/az\/article\/taksilerle-bagli-reyd-kecirilib-surucu-az-qalir-boyreyinde-das-olmadigi-barede-de-arayis-teqdim-etsin\/#more-305979\" aria-label=\"Read more about Taksil\u0259rl\u0259 ba\u011fl\u0131 reyd ke\u00e7irilib: \u201cS\u00fcr\u00fcc\u00fc az qal\u0131r b\u00f6yr\u0259yind\u0259 da\u015f olmad\u0131\u011f\u0131 bar\u0259d\u0259 d\u0259 aray\u0131\u015f t\u0259qdim etsin\u201d\">Davam\u0131<\/a><\/p>\n","protected":false},"author":8,"featured_media":277290,"comment_status":"closed","ping_status":"closed","sticky":false,"template":"","format":"standard","meta":{"_acf_changed":false,"_sitemap_exclude":false,"_sitemap_priority":"","_sitemap_frequency":"","footnotes":""},"categories":[62,79,56],"tags":[],"class_list":["post-305979","post","type-post","status-publish","format-standard","has-post-thumbnail","hentry","category-sosial","category-featured","category-xeberler","infinite-scroll-item","generate-columns","tablet-grid-50","mobile-grid-100","grid-parent","grid-33","no-featured-image-padding"],"acf":[],"yoast_head":"<!-- This site is optimized with the Yoast SEO plugin v27.5 - https:\/\/yoast.com\/product\/yoast-seo-wordpress\/ -->\n<title>Taksil\u0259rl\u0259 ba\u011fl\u0131 reyd ke\u00e7irilib: \u201cS\u00fcr\u00fcc\u00fc az qal\u0131r b\u00f6yr\u0259yind\u0259 da\u015f olmad\u0131\u011f\u0131 bar\u0259d\u0259 d\u0259 aray\u0131\u015f t\u0259qdim etsin\u201d - MEYDAN.TV<\/title>\n<meta name=\"robots\" content=\"index, follow, max-snippet:-1, max-image-preview:large, max-video-preview:-1\" \/>\n<link rel=\"canonical\" href=\"https:\/\/www.meydan.tv\/az\/article\/taksilerle-bagli-reyd-kecirilib-surucu-az-qalir-boyreyinde-das-olmadigi-barede-de-arayis-teqdim-etsin\/\" \/>\n<meta property=\"og:locale\" content=\"az_AZ\" \/>\n<meta property=\"og:type\" content=\"article\" \/>\n<meta property=\"og:title\" content=\"Taksil\u0259rl\u0259 ba\u011fl\u0131 reyd ke\u00e7irilib: \u201cS\u00fcr\u00fcc\u00fc az qal\u0131r b\u00f6yr\u0259yind\u0259 da\u015f olmad\u0131\u011f\u0131 bar\u0259d\u0259 d\u0259 aray\u0131\u015f t\u0259qdim etsin\u201d - MEYDAN.TV\" \/>\n<meta property=\"og:description\" content=\"\u0130qtisad\u00e7\u0131lar q\u0259rarlar\u0131 t\u0259nqid edir Bak\u0131da taksi s\u00fcr\u00fcc\u00fcl\u0259rin\u0259 qar\u015f\u0131 reyd ke\u00e7irib. ... Davam\u0131\" \/>\n<meta property=\"og:url\" content=\"https:\/\/www.meydan.tv\/az\/article\/taksilerle-bagli-reyd-kecirilib-surucu-az-qalir-boyreyinde-das-olmadigi-barede-de-arayis-teqdim-etsin\/\" \/>\n<meta property=\"og:site_name\" content=\"MEYDAN.TV\" \/>\n<meta property=\"article:published_time\" content=\"2024-05-17T09:00:44+00:00\" \/>\n<meta property=\"article:modified_time\" content=\"2024-05-17T09:00:50+00:00\" \/>\n<meta property=\"og:image\" content=\"https:\/\/www.meydan.tv\/wp-content\/uploads\/shutterstock_1999280993.jpg\" \/>\n\t<meta property=\"og:image:width\" content=\"1200\" \/>\n\t<meta property=\"og:image:height\" content=\"794\" \/>\n\t<meta property=\"og:image:type\" content=\"image\/jpeg\" \/>\n<meta name=\"author\" content=\"elli\" \/>\n<meta name=\"twitter:card\" content=\"summary_large_image\" \/>\n<meta name=\"twitter:creator\" content=\"@elli\" \/>\n<script type=\"application\/ld+json\" class=\"yoast-schema-graph\">{\"@context\":\"https:\\\/\\\/schema.org\",\"@graph\":[{\"@type\":\"Article\",\"@id\":\"https:\\\/\\\/www.meydan.tv\\\/az\\\/article\\\/taksilerle-bagli-reyd-kecirilib-surucu-az-qalir-boyreyinde-das-olmadigi-barede-de-arayis-teqdim-etsin\\\/#article\",\"isPartOf\":{\"@id\":\"https:\\\/\\\/www.meydan.tv\\\/az\\\/article\\\/taksilerle-bagli-reyd-kecirilib-surucu-az-qalir-boyreyinde-das-olmadigi-barede-de-arayis-teqdim-etsin\\\/\"},\"author\":{\"name\":\"elli\",\"@id\":\"https:\\\/\\\/www.meydan.tv\\\/az\\\/#\\\/schema\\\/person\\\/9cdbecf90d17180ce1dfbd95b08dcf47\"},\"headline\":\"Taksil\u0259rl\u0259 ba\u011fl\u0131 reyd ke\u00e7irilib: \u201cS\u00fcr\u00fcc\u00fc az qal\u0131r b\u00f6yr\u0259yind\u0259 da\u015f olmad\u0131\u011f\u0131 bar\u0259d\u0259 d\u0259 aray\u0131\u015f t\u0259qdim etsin\u201d\",\"datePublished\":\"2024-05-17T09:00:44+00:00\",\"dateModified\":\"2024-05-17T09:00:50+00:00\",\"mainEntityOfPage\":{\"@id\":\"https:\\\/\\\/www.meydan.tv\\\/az\\\/article\\\/taksilerle-bagli-reyd-kecirilib-surucu-az-qalir-boyreyinde-das-olmadigi-barede-de-arayis-teqdim-etsin\\\/\"},\"wordCount\":856,\"publisher\":{\"@id\":\"https:\\\/\\\/www.meydan.tv\\\/az\\\/#organization\"},\"image\":{\"@id\":\"https:\\\/\\\/www.meydan.tv\\\/az\\\/article\\\/taksilerle-bagli-reyd-kecirilib-surucu-az-qalir-boyreyinde-das-olmadigi-barede-de-arayis-teqdim-etsin\\\/#primaryimage\"},\"thumbnailUrl\":\"https:\\\/\\\/www.meydan.tv\\\/wp-content\\\/uploads\\\/shutterstock_1999280993.jpg\",\"articleSection\":[\"Sosial\",\"T\u00f6vsiy\u0259\",\"X\u0259b\u0259rl\u0259r\"],\"inLanguage\":\"az\"},{\"@type\":\"WebPage\",\"@id\":\"https:\\\/\\\/www.meydan.tv\\\/az\\\/article\\\/taksilerle-bagli-reyd-kecirilib-surucu-az-qalir-boyreyinde-das-olmadigi-barede-de-arayis-teqdim-etsin\\\/\",\"url\":\"https:\\\/\\\/www.meydan.tv\\\/az\\\/article\\\/taksilerle-bagli-reyd-kecirilib-surucu-az-qalir-boyreyinde-das-olmadigi-barede-de-arayis-teqdim-etsin\\\/\",\"name\":\"Taksil\u0259rl\u0259 ba\u011fl\u0131 reyd ke\u00e7irilib: \u201cS\u00fcr\u00fcc\u00fc az qal\u0131r b\u00f6yr\u0259yind\u0259 da\u015f olmad\u0131\u011f\u0131 bar\u0259d\u0259 d\u0259 aray\u0131\u015f t\u0259qdim etsin\u201d - MEYDAN.TV\",\"isPartOf\":{\"@id\":\"https:\\\/\\\/www.meydan.tv\\\/az\\\/#website\"},\"primaryImageOfPage\":{\"@id\":\"https:\\\/\\\/www.meydan.tv\\\/az\\\/article\\\/taksilerle-bagli-reyd-kecirilib-surucu-az-qalir-boyreyinde-das-olmadigi-barede-de-arayis-teqdim-etsin\\\/#primaryimage\"},\"image\":{\"@id\":\"https:\\\/\\\/www.meydan.tv\\\/az\\\/article\\\/taksilerle-bagli-reyd-kecirilib-surucu-az-qalir-boyreyinde-das-olmadigi-barede-de-arayis-teqdim-etsin\\\/#primaryimage\"},\"thumbnailUrl\":\"https:\\\/\\\/www.meydan.tv\\\/wp-content\\\/uploads\\\/shutterstock_1999280993.jpg\",\"datePublished\":\"2024-05-17T09:00:44+00:00\",\"dateModified\":\"2024-05-17T09:00:50+00:00\",\"breadcrumb\":{\"@id\":\"https:\\\/\\\/www.meydan.tv\\\/az\\\/article\\\/taksilerle-bagli-reyd-kecirilib-surucu-az-qalir-boyreyinde-das-olmadigi-barede-de-arayis-teqdim-etsin\\\/#breadcrumb\"},\"inLanguage\":\"az\",\"potentialAction\":[{\"@type\":\"ReadAction\",\"target\":[\"https:\\\/\\\/www.meydan.tv\\\/az\\\/article\\\/taksilerle-bagli-reyd-kecirilib-surucu-az-qalir-boyreyinde-das-olmadigi-barede-de-arayis-teqdim-etsin\\\/\"]}]},{\"@type\":\"ImageObject\",\"inLanguage\":\"az\",\"@id\":\"https:\\\/\\\/www.meydan.tv\\\/az\\\/article\\\/taksilerle-bagli-reyd-kecirilib-surucu-az-qalir-boyreyinde-das-olmadigi-barede-de-arayis-teqdim-etsin\\\/#primaryimage\",\"url\":\"https:\\\/\\\/www.meydan.tv\\\/wp-content\\\/uploads\\\/shutterstock_1999280993.jpg\",\"contentUrl\":\"https:\\\/\\\/www.meydan.tv\\\/wp-content\\\/uploads\\\/shutterstock_1999280993.jpg\",\"width\":1200,\"height\":794,\"caption\":\"Taksi. Foto: natatravel\\\/shutterstock\"},{\"@type\":\"BreadcrumbList\",\"@id\":\"https:\\\/\\\/www.meydan.tv\\\/az\\\/article\\\/taksilerle-bagli-reyd-kecirilib-surucu-az-qalir-boyreyinde-das-olmadigi-barede-de-arayis-teqdim-etsin\\\/#breadcrumb\",\"itemListElement\":[{\"@type\":\"ListItem\",\"position\":1,\"name\":\"Ana s\u0259hif\u0259\",\"item\":\"https:\\\/\\\/www.meydan.tv\\\/az\\\/\"},{\"@type\":\"ListItem\",\"position\":2,\"name\":\"Sosial\",\"item\":\"https:\\\/\\\/www.meydan.tv\\\/az\\\/section\\\/sosial\\\/\"},{\"@type\":\"ListItem\",\"position\":3,\"name\":\"Taksil\u0259rl\u0259 ba\u011fl\u0131 reyd ke\u00e7irilib: \u201cS\u00fcr\u00fcc\u00fc az qal\u0131r b\u00f6yr\u0259yind\u0259 da\u015f olmad\u0131\u011f\u0131 bar\u0259d\u0259 d\u0259 aray\u0131\u015f t\u0259qdim etsin\u201d\"}]},{\"@type\":\"WebSite\",\"@id\":\"https:\\\/\\\/www.meydan.tv\\\/az\\\/#website\",\"url\":\"https:\\\/\\\/www.meydan.tv\\\/az\\\/\",\"name\":\"MEYDAN.TV\",\"description\":\"Meydan TV Az\u0259rbaycan\u0131n media m\u0259kan\u0131ndak\u0131 alternativ s\u0259sidir\",\"publisher\":{\"@id\":\"https:\\\/\\\/www.meydan.tv\\\/az\\\/#organization\"},\"potentialAction\":[{\"@type\":\"SearchAction\",\"target\":{\"@type\":\"EntryPoint\",\"urlTemplate\":\"https:\\\/\\\/www.meydan.tv\\\/az\\\/?s={search_term_string}\"},\"query-input\":{\"@type\":\"PropertyValueSpecification\",\"valueRequired\":true,\"valueName\":\"search_term_string\"}}],\"inLanguage\":\"az\"},{\"@type\":\"Organization\",\"@id\":\"https:\\\/\\\/www.meydan.tv\\\/az\\\/#organization\",\"name\":\"Meydan TV\",\"url\":\"https:\\\/\\\/www.meydan.tv\\\/az\\\/\",\"logo\":{\"@type\":\"ImageObject\",\"inLanguage\":\"az\",\"@id\":\"https:\\\/\\\/www.meydan.tv\\\/az\\\/#\\\/schema\\\/logo\\\/image\\\/\",\"url\":\"https:\\\/\\\/www.meydan.tv\\\/wp-content\\\/uploads\\\/2021\\\/07\\\/meydan-logo.svg\",\"contentUrl\":\"https:\\\/\\\/www.meydan.tv\\\/wp-content\\\/uploads\\\/2021\\\/07\\\/meydan-logo.svg\",\"width\":195,\"height\":46,\"caption\":\"Meydan TV\"},\"image\":{\"@id\":\"https:\\\/\\\/www.meydan.tv\\\/az\\\/#\\\/schema\\\/logo\\\/image\\\/\"}},{\"@type\":\"Person\",\"@id\":\"https:\\\/\\\/www.meydan.tv\\\/az\\\/#\\\/schema\\\/person\\\/9cdbecf90d17180ce1dfbd95b08dcf47\",\"name\":\"elli\",\"sameAs\":[\"https:\\\/\\\/x.com\\\/elli\"]}]}<\/script>\n<!-- \/ Yoast SEO plugin. -->","yoast_head_json":{"title":"Taksil\u0259rl\u0259 ba\u011fl\u0131 reyd ke\u00e7irilib: \u201cS\u00fcr\u00fcc\u00fc az qal\u0131r b\u00f6yr\u0259yind\u0259 da\u015f olmad\u0131\u011f\u0131 bar\u0259d\u0259 d\u0259 aray\u0131\u015f t\u0259qdim etsin\u201d - MEYDAN.TV","robots":{"index":"index","follow":"follow","max-snippet":"max-snippet:-1","max-image-preview":"max-image-preview:large","max-video-preview":"max-video-preview:-1"},"canonical":"https:\/\/www.meydan.tv\/az\/article\/taksilerle-bagli-reyd-kecirilib-surucu-az-qalir-boyreyinde-das-olmadigi-barede-de-arayis-teqdim-etsin\/","og_locale":"az_AZ","og_type":"article","og_title":"Taksil\u0259rl\u0259 ba\u011fl\u0131 reyd ke\u00e7irilib: \u201cS\u00fcr\u00fcc\u00fc az qal\u0131r b\u00f6yr\u0259yind\u0259 da\u015f olmad\u0131\u011f\u0131 bar\u0259d\u0259 d\u0259 aray\u0131\u015f t\u0259qdim etsin\u201d - MEYDAN.TV","og_description":"\u0130qtisad\u00e7\u0131lar q\u0259rarlar\u0131 t\u0259nqid edir Bak\u0131da taksi s\u00fcr\u00fcc\u00fcl\u0259rin\u0259 qar\u015f\u0131 reyd ke\u00e7irib. ... Davam\u0131","og_url":"https:\/\/www.meydan.tv\/az\/article\/taksilerle-bagli-reyd-kecirilib-surucu-az-qalir-boyreyinde-das-olmadigi-barede-de-arayis-teqdim-etsin\/","og_site_name":"MEYDAN.TV","article_published_time":"2024-05-17T09:00:44+00:00","article_modified_time":"2024-05-17T09:00:50+00:00","og_image":[{"width":1200,"height":794,"url":"https:\/\/www.meydan.tv\/wp-content\/uploads\/shutterstock_1999280993.jpg","type":"image\/jpeg"}],"author":"elli","twitter_card":"summary_large_image","twitter_creator":"@elli","schema":{"@context":"https:\/\/schema.org","@graph":[{"@type":"Article","@id":"https:\/\/www.meydan.tv\/az\/article\/taksilerle-bagli-reyd-kecirilib-surucu-az-qalir-boyreyinde-das-olmadigi-barede-de-arayis-teqdim-etsin\/#article","isPartOf":{"@id":"https:\/\/www.meydan.tv\/az\/article\/taksilerle-bagli-reyd-kecirilib-surucu-az-qalir-boyreyinde-das-olmadigi-barede-de-arayis-teqdim-etsin\/"},"author":{"name":"elli","@id":"https:\/\/www.meydan.tv\/az\/#\/schema\/person\/9cdbecf90d17180ce1dfbd95b08dcf47"},"headline":"Taksil\u0259rl\u0259 ba\u011fl\u0131 reyd ke\u00e7irilib: \u201cS\u00fcr\u00fcc\u00fc az qal\u0131r b\u00f6yr\u0259yind\u0259 da\u015f olmad\u0131\u011f\u0131 bar\u0259d\u0259 d\u0259 aray\u0131\u015f t\u0259qdim etsin\u201d","datePublished":"2024-05-17T09:00:44+00:00","dateModified":"2024-05-17T09:00:50+00:00","mainEntityOfPage":{"@id":"https:\/\/www.meydan.tv\/az\/article\/taksilerle-bagli-reyd-kecirilib-surucu-az-qalir-boyreyinde-das-olmadigi-barede-de-arayis-teqdim-etsin\/"},"wordCount":856,"publisher":{"@id":"https:\/\/www.meydan.tv\/az\/#organization"},"image":{"@id":"https:\/\/www.meydan.tv\/az\/article\/taksilerle-bagli-reyd-kecirilib-surucu-az-qalir-boyreyinde-das-olmadigi-barede-de-arayis-teqdim-etsin\/#primaryimage"},"thumbnailUrl":"https:\/\/www.meydan.tv\/wp-content\/uploads\/shutterstock_1999280993.jpg","articleSection":["Sosial","T\u00f6vsiy\u0259","X\u0259b\u0259rl\u0259r"],"inLanguage":"az"},{"@type":"WebPage","@id":"https:\/\/www.meydan.tv\/az\/article\/taksilerle-bagli-reyd-kecirilib-surucu-az-qalir-boyreyinde-das-olmadigi-barede-de-arayis-teqdim-etsin\/","url":"https:\/\/www.meydan.tv\/az\/article\/taksilerle-bagli-reyd-kecirilib-surucu-az-qalir-boyreyinde-das-olmadigi-barede-de-arayis-teqdim-etsin\/","name":"Taksil\u0259rl\u0259 ba\u011fl\u0131 reyd ke\u00e7irilib: \u201cS\u00fcr\u00fcc\u00fc az qal\u0131r b\u00f6yr\u0259yind\u0259 da\u015f olmad\u0131\u011f\u0131 bar\u0259d\u0259 d\u0259 aray\u0131\u015f t\u0259qdim etsin\u201d - MEYDAN.TV","isPartOf":{"@id":"https:\/\/www.meydan.tv\/az\/#website"},"primaryImageOfPage":{"@id":"https:\/\/www.meydan.tv\/az\/article\/taksilerle-bagli-reyd-kecirilib-surucu-az-qalir-boyreyinde-das-olmadigi-barede-de-arayis-teqdim-etsin\/#primaryimage"},"image":{"@id":"https:\/\/www.meydan.tv\/az\/article\/taksilerle-bagli-reyd-kecirilib-surucu-az-qalir-boyreyinde-das-olmadigi-barede-de-arayis-teqdim-etsin\/#primaryimage"},"thumbnailUrl":"https:\/\/www.meydan.tv\/wp-content\/uploads\/shutterstock_1999280993.jpg","datePublished":"2024-05-17T09:00:44+00:00","dateModified":"2024-05-17T09:00:50+00:00","breadcrumb":{"@id":"https:\/\/www.meydan.tv\/az\/article\/taksilerle-bagli-reyd-kecirilib-surucu-az-qalir-boyreyinde-das-olmadigi-barede-de-arayis-teqdim-etsin\/#breadcrumb"},"inLanguage":"az","potentialAction":[{"@type":"ReadAction","target":["https:\/\/www.meydan.tv\/az\/article\/taksilerle-bagli-reyd-kecirilib-surucu-az-qalir-boyreyinde-das-olmadigi-barede-de-arayis-teqdim-etsin\/"]}]},{"@type":"ImageObject","inLanguage":"az","@id":"https:\/\/www.meydan.tv\/az\/article\/taksilerle-bagli-reyd-kecirilib-surucu-az-qalir-boyreyinde-das-olmadigi-barede-de-arayis-teqdim-etsin\/#primaryimage","url":"https:\/\/www.meydan.tv\/wp-content\/uploads\/shutterstock_1999280993.jpg","contentUrl":"https:\/\/www.meydan.tv\/wp-content\/uploads\/shutterstock_1999280993.jpg","width":1200,"height":794,"caption":"Taksi. Foto: natatravel\/shutterstock"},{"@type":"BreadcrumbList","@id":"https:\/\/www.meydan.tv\/az\/article\/taksilerle-bagli-reyd-kecirilib-surucu-az-qalir-boyreyinde-das-olmadigi-barede-de-arayis-teqdim-etsin\/#breadcrumb","itemListElement":[{"@type":"ListItem","position":1,"name":"Ana s\u0259hif\u0259","item":"https:\/\/www.meydan.tv\/az\/"},{"@type":"ListItem","position":2,"name":"Sosial","item":"https:\/\/www.meydan.tv\/az\/section\/sosial\/"},{"@type":"ListItem","position":3,"name":"Taksil\u0259rl\u0259 ba\u011fl\u0131 reyd ke\u00e7irilib: \u201cS\u00fcr\u00fcc\u00fc az qal\u0131r b\u00f6yr\u0259yind\u0259 da\u015f olmad\u0131\u011f\u0131 bar\u0259d\u0259 d\u0259 aray\u0131\u015f t\u0259qdim etsin\u201d"}]},{"@type":"WebSite","@id":"https:\/\/www.meydan.tv\/az\/#website","url":"https:\/\/www.meydan.tv\/az\/","name":"MEYDAN.TV","description":"Meydan TV Az\u0259rbaycan\u0131n media m\u0259kan\u0131ndak\u0131 alternativ s\u0259sidir","publisher":{"@id":"https:\/\/www.meydan.tv\/az\/#organization"},"potentialAction":[{"@type":"SearchAction","target":{"@type":"EntryPoint","urlTemplate":"https:\/\/www.meydan.tv\/az\/?s={search_term_string}"},"query-input":{"@type":"PropertyValueSpecification","valueRequired":true,"valueName":"search_term_string"}}],"inLanguage":"az"},{"@type":"Organization","@id":"https:\/\/www.meydan.tv\/az\/#organization","name":"Meydan TV","url":"https:\/\/www.meydan.tv\/az\/","logo":{"@type":"ImageObject","inLanguage":"az","@id":"https:\/\/www.meydan.tv\/az\/#\/schema\/logo\/image\/","url":"https:\/\/www.meydan.tv\/wp-content\/uploads\/2021\/07\/meydan-logo.svg","contentUrl":"https:\/\/www.meydan.tv\/wp-content\/uploads\/2021\/07\/meydan-logo.svg","width":195,"height":46,"caption":"Meydan TV"},"image":{"@id":"https:\/\/www.meydan.tv\/az\/#\/schema\/logo\/image\/"}},{"@type":"Person","@id":"https:\/\/www.meydan.tv\/az\/#\/schema\/person\/9cdbecf90d17180ce1dfbd95b08dcf47","name":"elli","sameAs":["https:\/\/x.com\/elli"]}]}},"_links":{"self":[{"href":"https:\/\/www.meydan.tv\/az\/wp-json\/wp\/v2\/posts\/305979","targetHints":{"allow":["GET"]}}],"collection":[{"href":"https:\/\/www.meydan.tv\/az\/wp-json\/wp\/v2\/posts"}],"about":[{"href":"https:\/\/www.meydan.tv\/az\/wp-json\/wp\/v2\/types\/post"}],"author":[{"embeddable":true,"href":"https:\/\/www.meydan.tv\/az\/wp-json\/wp\/v2\/users\/8"}],"replies":[{"embeddable":true,"href":"https:\/\/www.meydan.tv\/az\/wp-json\/wp\/v2\/comments?post=305979"}],"version-history":[{"count":3,"href":"https:\/\/www.meydan.tv\/az\/wp-json\/wp\/v2\/posts\/305979\/revisions"}],"predecessor-version":[{"id":305983,"href":"https:\/\/www.meydan.tv\/az\/wp-json\/wp\/v2\/posts\/305979\/revisions\/305983"}],"wp:featuredmedia":[{"embeddable":true,"href":"https:\/\/www.meydan.tv\/az\/wp-json\/wp\/v2\/media\/277290"}],"wp:attachment":[{"href":"https:\/\/www.meydan.tv\/az\/wp-json\/wp\/v2\/media?parent=305979"}],"wp:term":[{"taxonomy":"category","embeddable":true,"href":"https:\/\/www.meydan.tv\/az\/wp-json\/wp\/v2\/categories?post=305979"},{"taxonomy":"post_tag","embeddable":true,"href":"https:\/\/www.meydan.tv\/az\/wp-json\/wp\/v2\/tags?post=305979"}],"curies":[{"name":"wp","href":"https:\/\/api.w.org\/{rel}","templated":true}]}}