{"id":305967,"date":"2024-05-17T10:56:51","date_gmt":"2024-05-17T06:56:51","guid":{"rendered":"https:\/\/www.meydan.tv\/?p=305967"},"modified":"2024-05-17T16:28:35","modified_gmt":"2024-05-17T12:28:35","slug":"taleh-bagirzade-hebsxanada-olumle-tehdid-olundugunu-deyir","status":"publish","type":"post","link":"https:\/\/www.meydan.tv\/az\/article\/taleh-bagirzade-hebsxanada-olumle-tehdid-olundugunu-deyir\/","title":{"rendered":"Taleh Ba\u011f\u0131rzad\u0259 h\u0259bsxanada \u00f6l\u00fcml\u0259 t\u0259hdid olundu\u011funu deyir (yenil\u0259nib)"},"content":{"rendered":"\n<figure class=\"wp-block-embed is-type-video is-provider-youtube wp-block-embed-youtube wp-embed-aspect-16-9 wp-has-aspect-ratio\"><div class=\"wp-block-embed__wrapper\">\n<iframe title=\"Taleh Ba\u011f\u0131rzad\u0259 h\u0259bsxanada \u00f6l\u00fcml\u0259 t\u0259hdid olundu\u011funu deyir\" width=\"1200\" height=\"675\" data-src=\"https:\/\/www.youtube.com\/embed\/SNJ7EDg3kvc?feature=oembed\" frameborder=\"0\" allow=\"accelerometer; autoplay; clipboard-write; encrypted-media; gyroscope; picture-in-picture; web-share\" referrerpolicy=\"strict-origin-when-cross-origin\" allowfullscreen src=\"data:image\/svg+xml;base64,PHN2ZyB3aWR0aD0iMSIgaGVpZ2h0PSIxIiB4bWxucz0iaHR0cDovL3d3dy53My5vcmcvMjAwMC9zdmciPjwvc3ZnPg==\" class=\"lazyload\" data-load-mode=\"1\"><\/iframe>\n<\/div><\/figure>\n\n\n\n<!--more-->\n\n\n\n<p><\/p>\n\n\n\n<p><\/p>\n\n\n\n<p><\/p>\n\n\n\n<p><strong>Penitensiar Xidm\u0259t Meydan TV-nin Taleh Ba\u011f\u0131rzad\u0259 il\u0259 ba\u011fl\u0131 sor\u011fusuna cavab verib.<\/strong><\/p>\n\n\n\n<p><strong>Xidm\u0259td\u0259n bildirilib ki, 12 sayl\u0131 C\u0259za\u00e7\u0259km\u0259 M\u00fc\u0259ssis\u0259sind\u0259 m\u0259hkumlar\u0131n m\u0259n\u0259vi v\u0259 fiziki t\u0259zyiql\u0259r\u0259, i\u015fg\u0259nc\u0259l\u0259r\u0259 v\u0259 ya qeyri-insani r\u0259ftara m\u0259ruz qalmas\u0131, onlar\u0131n h\u00fcquqlar\u0131n\u0131n pozulmas\u0131 hallar\u0131 qeyd\u0259 al\u0131nmay\u0131b:<\/strong><\/p>\n\n\n\n<p>&#8220;<em>Su problemi il\u0259 ba\u011fl\u0131 da xidm\u0259tin ba\u015f idar\u0259sin\u0259 he\u00e7 bir \u015fikay\u0259t daxil olmay\u0131b&#8221;.<\/em><\/p>\n\n\n\n<p>&#8220;<em>May\u0131n 8-d\u0259 12 sayl\u0131 c\u0259za\u00e7\u0259km\u0259 m\u00fc\u0259ssis\u0259sinin yerl\u0259\u015fdiyi inzibati \u0259razid\u0259 su t\u0259chizat\u0131nda fasil\u0259l\u0259r yaranm\u0131\u015f, m\u00fc\u0259ssis\u0259 \u0259razisind\u0259 m\u00fcxt\u0259lif yerl\u0259rd\u0259 qura\u015fd\u0131r\u0131lm\u0131\u015f 200 tonluq \u00e7\u0259nl\u0259rd\u0259ki su il\u0259 m\u0259hkumlar\u0131n i\u00e7m\u0259li, h\u0259m d\u0259 m\u0259i\u015f\u0259t ehtiyaclar\u0131 \u00fc\u00e7\u00fcn suya t\u0259l\u0259bat\u0131 t\u0259min edilib<\/em>&#8220;, &#8211; dey\u0259 Penitensiar Xidm\u0259t \u0259lav\u0259 edib.<\/p>\n\n\n\n<p><\/p>\n\n\n\n<p><\/p>\n\n\n\n<hr class=\"wp-block-separator has-alpha-channel-opacity\"\/>\n\n\n\n<p>12 sayl\u0131 c\u0259za\u00e7\u0259km\u0259 m\u00fc\u0259ssis\u0259sind\u0259 h\u0259bsd\u0259 olan M\u00fcs\u0259lman Birliyi H\u0259r\u0259kat\u0131n\u0131n s\u0259dri Taleh Ba\u011f\u0131rzad\u0259 \u00f6l\u00fcml\u0259 t\u0259hdid olundu\u011funu deyir. \u0130lahiyyat\u00e7\u0131 h\u0259m\u00e7inin bir ne\u00e7\u0259 inancl\u0131 \u015f\u0259xsin d\u0259 h\u0259bsxanada i\u015fg\u0259nc\u0259y\u0259 m\u0259ruz qald\u0131\u011f\u0131n\u0131 bildirib.<\/p>\n\n\n\n<p>H\u0259r \u015fey may\u0131n 8-d\u0259 c\u0259za\u00e7\u0259km\u0259 m\u00fc\u0259ssis\u0259sind\u0259 suyun olmama\u011f\u0131na etiraz etm\u0259kl\u0259 ba\u015flay\u0131b.<\/p>\n\n\n\n<p>Taleh Ba\u011f\u0131rzad\u0259 \u015fikay\u0259tini r\u0259hb\u0259rliy\u0259 bildir\u0259rk\u0259n onu qap\u0131da g\u00f6zl\u0259y\u0259n 4 n\u0259f\u0259r inancl\u0131 \u015f\u0259xs karsa sal\u0131naraq, i\u015fg\u0259nc\u0259 g\u00f6r\u00fcb. \u0130\u015fg\u0259nc\u0259 n\u0259tic\u0259sind\u0259 burnu z\u0259d\u0259l\u0259n\u0259n Rasim M\u0259siyev c\u0259za\u00e7\u0259km\u0259 m\u00fc\u0259ssis\u0259sinin tibb m\u0259nt\u0259q\u0259sin\u0259 yerl\u0259\u015fdirilib.<\/p>\n\n\n\n<p>Taleh Ba\u011f\u0131rzad\u0259nin h\u0259yat yolda\u015f\u0131 Leyla \u0130smay\u0131lzad\u0259 deyir ki, ilahiyyat\u00e7\u0131 daha \u00f6nc\u0259 d\u0259 \u00f6l\u00fcm t\u0259hdidl\u0259ri al\u0131b. Onu h\u0259bsxanada t\u0259crid v\u0259ziyy\u0259tind\u0259 saxlamaq ist\u0259yirl\u0259r.<\/p>\n\n\n\n<p>M\u0259s\u0259l\u0259 il\u0259 ba\u011fl\u0131 Penitensiar Xidm\u0259t\u0259 suallar\u0131m\u0131z\u0131 \u00fcnvanlasaq da, cavab almaq m\u00fcmk\u00fcn olmay\u0131b.<\/p>\n\n\n\n<p>M\u00fcs\u0259lman Birliyi H\u0259r\u0259kat\u0131 m\u0259s\u0259l\u0259 il\u0259 ba\u011fl\u0131 h\u00fcquq-m\u00fchafiz\u0259 orqanlar\u0131na m\u00fcraci\u0259t edib.<\/p>\n\n\n\n<p>Nardaran hadis\u0259l\u0259ri zaman\u0131 h\u0259bs olunan Taleh Ba\u011f\u0131rzad\u0259 9 ildir h\u0259bsd\u0259dir. D\u00f6vl\u0259t \u00e7evrili\u015fin\u0259 c\u0259hd, silah-sursat saxlama, q\u0259sd\u0259n adam \u00f6ld\u00fcrm\u0259 kimi madd\u0259l\u0259rl\u0259 su\u00e7lanan ilahiyyat\u00e7\u0131 20 il azadl\u0131qdan m\u0259hrum edilib. <\/p>\n\n\n\n<p>Taleh Ba\u011f\u0131rzad\u0259 ittihamlar\u0131 q\u0259bul etmir, siyasi g\u00f6st\u0259ri\u015f \u0259sas\u0131nda h\u0259bs olundu\u011funu bildirir.<\/p>\n","protected":false},"excerpt":{"rendered":"","protected":false},"author":12,"featured_media":264731,"comment_status":"closed","ping_status":"closed","sticky":false,"template":"","format":"standard","meta":{"_acf_changed":false,"_sitemap_exclude":false,"_sitemap_priority":"","_sitemap_frequency":"","footnotes":""},"categories":[59,63],"tags":[],"class_list":["post-305967","post","type-post","status-publish","format-standard","has-post-thumbnail","hentry","category-siyaset","category-video-2","infinite-scroll-item","generate-columns","tablet-grid-50","mobile-grid-100","grid-parent","grid-33","no-featured-image-padding"],"acf":[],"yoast_head":"<!-- This site is optimized with the Yoast SEO plugin v27.4 - https:\/\/yoast.com\/product\/yoast-seo-wordpress\/ -->\n<title>Taleh Ba\u011f\u0131rzad\u0259 h\u0259bsxanada \u00f6l\u00fcml\u0259 t\u0259hdid olundu\u011funu deyir (yenil\u0259nib) - MEYDAN.TV<\/title>\n<meta name=\"robots\" content=\"index, follow, max-snippet:-1, max-image-preview:large, max-video-preview:-1\" \/>\n<link rel=\"canonical\" href=\"https:\/\/www.meydan.tv\/az\/article\/taleh-bagirzade-hebsxanada-olumle-tehdid-olundugunu-deyir\/\" \/>\n<meta property=\"og:locale\" content=\"az_AZ\" \/>\n<meta property=\"og:type\" content=\"article\" \/>\n<meta property=\"og:title\" content=\"Taleh Ba\u011f\u0131rzad\u0259 h\u0259bsxanada \u00f6l\u00fcml\u0259 t\u0259hdid olundu\u011funu deyir (yenil\u0259nib) - MEYDAN.TV\" \/>\n<meta property=\"og:url\" content=\"https:\/\/www.meydan.tv\/az\/article\/taleh-bagirzade-hebsxanada-olumle-tehdid-olundugunu-deyir\/\" \/>\n<meta property=\"og:site_name\" content=\"MEYDAN.TV\" \/>\n<meta property=\"article:published_time\" content=\"2024-05-17T06:56:51+00:00\" \/>\n<meta property=\"article:modified_time\" content=\"2024-05-17T12:28:35+00:00\" \/>\n<meta property=\"og:image\" content=\"https:\/\/www.meydan.tv\/wp-content\/uploads\/img_9464-scaled-e1680875381281.jpg\" \/>\n\t<meta property=\"og:image:width\" content=\"2560\" \/>\n\t<meta property=\"og:image:height\" content=\"1145\" \/>\n\t<meta property=\"og:image:type\" content=\"image\/jpeg\" \/>\n<meta name=\"author\" content=\"aleks\" \/>\n<meta name=\"twitter:card\" content=\"summary_large_image\" \/>\n<script type=\"application\/ld+json\" class=\"yoast-schema-graph\">{\"@context\":\"https:\\\/\\\/schema.org\",\"@graph\":[{\"@type\":\"Article\",\"@id\":\"https:\\\/\\\/www.meydan.tv\\\/az\\\/article\\\/taleh-bagirzade-hebsxanada-olumle-tehdid-olundugunu-deyir\\\/#article\",\"isPartOf\":{\"@id\":\"https:\\\/\\\/www.meydan.tv\\\/az\\\/article\\\/taleh-bagirzade-hebsxanada-olumle-tehdid-olundugunu-deyir\\\/\"},\"author\":{\"name\":\"aleks\",\"@id\":\"https:\\\/\\\/www.meydan.tv\\\/az\\\/#\\\/schema\\\/person\\\/476e9360e593fa131d5d71d51866f8da\"},\"headline\":\"Taleh Ba\u011f\u0131rzad\u0259 h\u0259bsxanada \u00f6l\u00fcml\u0259 t\u0259hdid olundu\u011funu deyir (yenil\u0259nib)\",\"datePublished\":\"2024-05-17T06:56:51+00:00\",\"dateModified\":\"2024-05-17T12:28:35+00:00\",\"mainEntityOfPage\":{\"@id\":\"https:\\\/\\\/www.meydan.tv\\\/az\\\/article\\\/taleh-bagirzade-hebsxanada-olumle-tehdid-olundugunu-deyir\\\/\"},\"wordCount\":439,\"publisher\":{\"@id\":\"https:\\\/\\\/www.meydan.tv\\\/az\\\/#organization\"},\"image\":{\"@id\":\"https:\\\/\\\/www.meydan.tv\\\/az\\\/article\\\/taleh-bagirzade-hebsxanada-olumle-tehdid-olundugunu-deyir\\\/#primaryimage\"},\"thumbnailUrl\":\"https:\\\/\\\/www.meydan.tv\\\/wp-content\\\/uploads\\\/img_9464-scaled-e1680875381281.jpg\",\"articleSection\":[\"Siyas\u0259t\",\"Video\"],\"inLanguage\":\"az\"},{\"@type\":\"WebPage\",\"@id\":\"https:\\\/\\\/www.meydan.tv\\\/az\\\/article\\\/taleh-bagirzade-hebsxanada-olumle-tehdid-olundugunu-deyir\\\/\",\"url\":\"https:\\\/\\\/www.meydan.tv\\\/az\\\/article\\\/taleh-bagirzade-hebsxanada-olumle-tehdid-olundugunu-deyir\\\/\",\"name\":\"Taleh Ba\u011f\u0131rzad\u0259 h\u0259bsxanada \u00f6l\u00fcml\u0259 t\u0259hdid olundu\u011funu deyir (yenil\u0259nib) - MEYDAN.TV\",\"isPartOf\":{\"@id\":\"https:\\\/\\\/www.meydan.tv\\\/az\\\/#website\"},\"primaryImageOfPage\":{\"@id\":\"https:\\\/\\\/www.meydan.tv\\\/az\\\/article\\\/taleh-bagirzade-hebsxanada-olumle-tehdid-olundugunu-deyir\\\/#primaryimage\"},\"image\":{\"@id\":\"https:\\\/\\\/www.meydan.tv\\\/az\\\/article\\\/taleh-bagirzade-hebsxanada-olumle-tehdid-olundugunu-deyir\\\/#primaryimage\"},\"thumbnailUrl\":\"https:\\\/\\\/www.meydan.tv\\\/wp-content\\\/uploads\\\/img_9464-scaled-e1680875381281.jpg\",\"datePublished\":\"2024-05-17T06:56:51+00:00\",\"dateModified\":\"2024-05-17T12:28:35+00:00\",\"breadcrumb\":{\"@id\":\"https:\\\/\\\/www.meydan.tv\\\/az\\\/article\\\/taleh-bagirzade-hebsxanada-olumle-tehdid-olundugunu-deyir\\\/#breadcrumb\"},\"inLanguage\":\"az\",\"potentialAction\":[{\"@type\":\"ReadAction\",\"target\":[\"https:\\\/\\\/www.meydan.tv\\\/az\\\/article\\\/taleh-bagirzade-hebsxanada-olumle-tehdid-olundugunu-deyir\\\/\"]}]},{\"@type\":\"ImageObject\",\"inLanguage\":\"az\",\"@id\":\"https:\\\/\\\/www.meydan.tv\\\/az\\\/article\\\/taleh-bagirzade-hebsxanada-olumle-tehdid-olundugunu-deyir\\\/#primaryimage\",\"url\":\"https:\\\/\\\/www.meydan.tv\\\/wp-content\\\/uploads\\\/img_9464-scaled-e1680875381281.jpg\",\"contentUrl\":\"https:\\\/\\\/www.meydan.tv\\\/wp-content\\\/uploads\\\/img_9464-scaled-e1680875381281.jpg\",\"width\":2560,\"height\":1145,\"caption\":\"Taleh Ba\u011f\u0131rzad\u0259. \u0130ll\u00fcstrasiya: Meydan TV\"},{\"@type\":\"BreadcrumbList\",\"@id\":\"https:\\\/\\\/www.meydan.tv\\\/az\\\/article\\\/taleh-bagirzade-hebsxanada-olumle-tehdid-olundugunu-deyir\\\/#breadcrumb\",\"itemListElement\":[{\"@type\":\"ListItem\",\"position\":1,\"name\":\"Ana s\u0259hif\u0259\",\"item\":\"https:\\\/\\\/www.meydan.tv\\\/az\\\/\"},{\"@type\":\"ListItem\",\"position\":2,\"name\":\"Video\",\"item\":\"https:\\\/\\\/www.meydan.tv\\\/az\\\/section\\\/video-2\\\/\"},{\"@type\":\"ListItem\",\"position\":3,\"name\":\"Taleh Ba\u011f\u0131rzad\u0259 h\u0259bsxanada \u00f6l\u00fcml\u0259 t\u0259hdid olundu\u011funu deyir (yenil\u0259nib)\"}]},{\"@type\":\"WebSite\",\"@id\":\"https:\\\/\\\/www.meydan.tv\\\/az\\\/#website\",\"url\":\"https:\\\/\\\/www.meydan.tv\\\/az\\\/\",\"name\":\"MEYDAN.TV\",\"description\":\"Meydan TV Az\u0259rbaycan\u0131n media m\u0259kan\u0131ndak\u0131 alternativ s\u0259sidir\",\"publisher\":{\"@id\":\"https:\\\/\\\/www.meydan.tv\\\/az\\\/#organization\"},\"potentialAction\":[{\"@type\":\"SearchAction\",\"target\":{\"@type\":\"EntryPoint\",\"urlTemplate\":\"https:\\\/\\\/www.meydan.tv\\\/az\\\/?s={search_term_string}\"},\"query-input\":{\"@type\":\"PropertyValueSpecification\",\"valueRequired\":true,\"valueName\":\"search_term_string\"}}],\"inLanguage\":\"az\"},{\"@type\":\"Organization\",\"@id\":\"https:\\\/\\\/www.meydan.tv\\\/az\\\/#organization\",\"name\":\"Meydan TV\",\"url\":\"https:\\\/\\\/www.meydan.tv\\\/az\\\/\",\"logo\":{\"@type\":\"ImageObject\",\"inLanguage\":\"az\",\"@id\":\"https:\\\/\\\/www.meydan.tv\\\/az\\\/#\\\/schema\\\/logo\\\/image\\\/\",\"url\":\"https:\\\/\\\/www.meydan.tv\\\/wp-content\\\/uploads\\\/2021\\\/07\\\/meydan-logo.svg\",\"contentUrl\":\"https:\\\/\\\/www.meydan.tv\\\/wp-content\\\/uploads\\\/2021\\\/07\\\/meydan-logo.svg\",\"width\":195,\"height\":46,\"caption\":\"Meydan TV\"},\"image\":{\"@id\":\"https:\\\/\\\/www.meydan.tv\\\/az\\\/#\\\/schema\\\/logo\\\/image\\\/\"}},{\"@type\":\"Person\",\"@id\":\"https:\\\/\\\/www.meydan.tv\\\/az\\\/#\\\/schema\\\/person\\\/476e9360e593fa131d5d71d51866f8da\",\"name\":\"aleks\"}]}<\/script>\n<!-- \/ Yoast SEO plugin. -->","yoast_head_json":{"title":"Taleh Ba\u011f\u0131rzad\u0259 h\u0259bsxanada \u00f6l\u00fcml\u0259 t\u0259hdid olundu\u011funu deyir (yenil\u0259nib) - MEYDAN.TV","robots":{"index":"index","follow":"follow","max-snippet":"max-snippet:-1","max-image-preview":"max-image-preview:large","max-video-preview":"max-video-preview:-1"},"canonical":"https:\/\/www.meydan.tv\/az\/article\/taleh-bagirzade-hebsxanada-olumle-tehdid-olundugunu-deyir\/","og_locale":"az_AZ","og_type":"article","og_title":"Taleh Ba\u011f\u0131rzad\u0259 h\u0259bsxanada \u00f6l\u00fcml\u0259 t\u0259hdid olundu\u011funu deyir (yenil\u0259nib) - MEYDAN.TV","og_url":"https:\/\/www.meydan.tv\/az\/article\/taleh-bagirzade-hebsxanada-olumle-tehdid-olundugunu-deyir\/","og_site_name":"MEYDAN.TV","article_published_time":"2024-05-17T06:56:51+00:00","article_modified_time":"2024-05-17T12:28:35+00:00","og_image":[{"width":2560,"height":1145,"url":"https:\/\/www.meydan.tv\/wp-content\/uploads\/img_9464-scaled-e1680875381281.jpg","type":"image\/jpeg"}],"author":"aleks","twitter_card":"summary_large_image","schema":{"@context":"https:\/\/schema.org","@graph":[{"@type":"Article","@id":"https:\/\/www.meydan.tv\/az\/article\/taleh-bagirzade-hebsxanada-olumle-tehdid-olundugunu-deyir\/#article","isPartOf":{"@id":"https:\/\/www.meydan.tv\/az\/article\/taleh-bagirzade-hebsxanada-olumle-tehdid-olundugunu-deyir\/"},"author":{"name":"aleks","@id":"https:\/\/www.meydan.tv\/az\/#\/schema\/person\/476e9360e593fa131d5d71d51866f8da"},"headline":"Taleh Ba\u011f\u0131rzad\u0259 h\u0259bsxanada \u00f6l\u00fcml\u0259 t\u0259hdid olundu\u011funu deyir (yenil\u0259nib)","datePublished":"2024-05-17T06:56:51+00:00","dateModified":"2024-05-17T12:28:35+00:00","mainEntityOfPage":{"@id":"https:\/\/www.meydan.tv\/az\/article\/taleh-bagirzade-hebsxanada-olumle-tehdid-olundugunu-deyir\/"},"wordCount":439,"publisher":{"@id":"https:\/\/www.meydan.tv\/az\/#organization"},"image":{"@id":"https:\/\/www.meydan.tv\/az\/article\/taleh-bagirzade-hebsxanada-olumle-tehdid-olundugunu-deyir\/#primaryimage"},"thumbnailUrl":"https:\/\/www.meydan.tv\/wp-content\/uploads\/img_9464-scaled-e1680875381281.jpg","articleSection":["Siyas\u0259t","Video"],"inLanguage":"az"},{"@type":"WebPage","@id":"https:\/\/www.meydan.tv\/az\/article\/taleh-bagirzade-hebsxanada-olumle-tehdid-olundugunu-deyir\/","url":"https:\/\/www.meydan.tv\/az\/article\/taleh-bagirzade-hebsxanada-olumle-tehdid-olundugunu-deyir\/","name":"Taleh Ba\u011f\u0131rzad\u0259 h\u0259bsxanada \u00f6l\u00fcml\u0259 t\u0259hdid olundu\u011funu deyir (yenil\u0259nib) - MEYDAN.TV","isPartOf":{"@id":"https:\/\/www.meydan.tv\/az\/#website"},"primaryImageOfPage":{"@id":"https:\/\/www.meydan.tv\/az\/article\/taleh-bagirzade-hebsxanada-olumle-tehdid-olundugunu-deyir\/#primaryimage"},"image":{"@id":"https:\/\/www.meydan.tv\/az\/article\/taleh-bagirzade-hebsxanada-olumle-tehdid-olundugunu-deyir\/#primaryimage"},"thumbnailUrl":"https:\/\/www.meydan.tv\/wp-content\/uploads\/img_9464-scaled-e1680875381281.jpg","datePublished":"2024-05-17T06:56:51+00:00","dateModified":"2024-05-17T12:28:35+00:00","breadcrumb":{"@id":"https:\/\/www.meydan.tv\/az\/article\/taleh-bagirzade-hebsxanada-olumle-tehdid-olundugunu-deyir\/#breadcrumb"},"inLanguage":"az","potentialAction":[{"@type":"ReadAction","target":["https:\/\/www.meydan.tv\/az\/article\/taleh-bagirzade-hebsxanada-olumle-tehdid-olundugunu-deyir\/"]}]},{"@type":"ImageObject","inLanguage":"az","@id":"https:\/\/www.meydan.tv\/az\/article\/taleh-bagirzade-hebsxanada-olumle-tehdid-olundugunu-deyir\/#primaryimage","url":"https:\/\/www.meydan.tv\/wp-content\/uploads\/img_9464-scaled-e1680875381281.jpg","contentUrl":"https:\/\/www.meydan.tv\/wp-content\/uploads\/img_9464-scaled-e1680875381281.jpg","width":2560,"height":1145,"caption":"Taleh Ba\u011f\u0131rzad\u0259. \u0130ll\u00fcstrasiya: Meydan TV"},{"@type":"BreadcrumbList","@id":"https:\/\/www.meydan.tv\/az\/article\/taleh-bagirzade-hebsxanada-olumle-tehdid-olundugunu-deyir\/#breadcrumb","itemListElement":[{"@type":"ListItem","position":1,"name":"Ana s\u0259hif\u0259","item":"https:\/\/www.meydan.tv\/az\/"},{"@type":"ListItem","position":2,"name":"Video","item":"https:\/\/www.meydan.tv\/az\/section\/video-2\/"},{"@type":"ListItem","position":3,"name":"Taleh Ba\u011f\u0131rzad\u0259 h\u0259bsxanada \u00f6l\u00fcml\u0259 t\u0259hdid olundu\u011funu deyir (yenil\u0259nib)"}]},{"@type":"WebSite","@id":"https:\/\/www.meydan.tv\/az\/#website","url":"https:\/\/www.meydan.tv\/az\/","name":"MEYDAN.TV","description":"Meydan TV Az\u0259rbaycan\u0131n media m\u0259kan\u0131ndak\u0131 alternativ s\u0259sidir","publisher":{"@id":"https:\/\/www.meydan.tv\/az\/#organization"},"potentialAction":[{"@type":"SearchAction","target":{"@type":"EntryPoint","urlTemplate":"https:\/\/www.meydan.tv\/az\/?s={search_term_string}"},"query-input":{"@type":"PropertyValueSpecification","valueRequired":true,"valueName":"search_term_string"}}],"inLanguage":"az"},{"@type":"Organization","@id":"https:\/\/www.meydan.tv\/az\/#organization","name":"Meydan TV","url":"https:\/\/www.meydan.tv\/az\/","logo":{"@type":"ImageObject","inLanguage":"az","@id":"https:\/\/www.meydan.tv\/az\/#\/schema\/logo\/image\/","url":"https:\/\/www.meydan.tv\/wp-content\/uploads\/2021\/07\/meydan-logo.svg","contentUrl":"https:\/\/www.meydan.tv\/wp-content\/uploads\/2021\/07\/meydan-logo.svg","width":195,"height":46,"caption":"Meydan TV"},"image":{"@id":"https:\/\/www.meydan.tv\/az\/#\/schema\/logo\/image\/"}},{"@type":"Person","@id":"https:\/\/www.meydan.tv\/az\/#\/schema\/person\/476e9360e593fa131d5d71d51866f8da","name":"aleks"}]}},"_links":{"self":[{"href":"https:\/\/www.meydan.tv\/az\/wp-json\/wp\/v2\/posts\/305967","targetHints":{"allow":["GET"]}}],"collection":[{"href":"https:\/\/www.meydan.tv\/az\/wp-json\/wp\/v2\/posts"}],"about":[{"href":"https:\/\/www.meydan.tv\/az\/wp-json\/wp\/v2\/types\/post"}],"author":[{"embeddable":true,"href":"https:\/\/www.meydan.tv\/az\/wp-json\/wp\/v2\/users\/12"}],"replies":[{"embeddable":true,"href":"https:\/\/www.meydan.tv\/az\/wp-json\/wp\/v2\/comments?post=305967"}],"version-history":[{"count":6,"href":"https:\/\/www.meydan.tv\/az\/wp-json\/wp\/v2\/posts\/305967\/revisions"}],"predecessor-version":[{"id":306028,"href":"https:\/\/www.meydan.tv\/az\/wp-json\/wp\/v2\/posts\/305967\/revisions\/306028"}],"wp:featuredmedia":[{"embeddable":true,"href":"https:\/\/www.meydan.tv\/az\/wp-json\/wp\/v2\/media\/264731"}],"wp:attachment":[{"href":"https:\/\/www.meydan.tv\/az\/wp-json\/wp\/v2\/media?parent=305967"}],"wp:term":[{"taxonomy":"category","embeddable":true,"href":"https:\/\/www.meydan.tv\/az\/wp-json\/wp\/v2\/categories?post=305967"},{"taxonomy":"post_tag","embeddable":true,"href":"https:\/\/www.meydan.tv\/az\/wp-json\/wp\/v2\/tags?post=305967"}],"curies":[{"name":"wp","href":"https:\/\/api.w.org\/{rel}","templated":true}]}}