{"id":305949,"date":"2024-05-16T18:08:15","date_gmt":"2024-05-16T14:08:15","guid":{"rendered":"https:\/\/www.meydan.tv\/?p=305949"},"modified":"2024-05-16T18:08:18","modified_gmt":"2024-05-16T14:08:18","slug":"qusar-belediyyesinin-sedri-hebs-olunub","status":"publish","type":"post","link":"https:\/\/www.meydan.tv\/az\/article\/qusar-belediyyesinin-sedri-hebs-olunub\/","title":{"rendered":"Qusar b\u0259l\u0259diyy\u0259sinin s\u0259dri h\u0259bs olunub"},"content":{"rendered":"\n<p><\/p>\n\n\n\n<p><strong><em>\u018flf\u0259ddin \u0130brahimov v\u0259zif\u0259 saxtakarl\u0131\u011f\u0131nda, r\u00fc\u015fv\u0259t almaqda ittiham edilir<\/em><\/strong><\/p>\n\n\n\n<p>Qusar \u015e\u0259h\u0259r B\u0259l\u0259diyy\u0259sinin s\u0259dri \u018flf\u0259ddin \u0130brahimov h\u0259bs olunub. O, torpaq sah\u0259l\u0259rinin qanunsuz sat\u0131lmas\u0131 v\u0259 r\u00fc\u015fv\u0259t almaqda ittiham olunur. Bu bar\u0259d\u0259 Ba\u015f Prokurorlu\u011fun m\u0259tbuat xidm\u0259ti m\u0259lumat yay\u0131b.<\/p>\n\n\n\n<p>\u0130ddia olunur ki, Qusarda me\u015f\u0259 fonduna aid 22,3 hektar torpaq sah\u0259sinin t\u0259yinat\u0131 \u0259sass\u0131z \u015f\u0259kild\u0259 d\u0259yi\u015fdiril\u0259r\u0259k, ya\u015fay\u0131\u015f m\u0259nt\u0259q\u0259l\u0259rinin torpaqlar\u0131 kimi Qusar \u015e\u0259h\u0259r B\u0259l\u0259diyy\u0259sinin balans\u0131na verilib. H\u0259min torpaq sah\u0259l\u0259ri m\u00fcxt\u0259lif v\u0259t\u0259nda\u015flara sat\u0131l\u0131b, \u0259razid\u0259ki a\u011faclar is\u0259 qanunsuz k\u0259silib. Bununla da h\u0259m me\u015f\u0259 fonduna, h\u0259m d\u0259 t\u0259bi\u0259t\u0259 ziyan d\u0259yib.<\/p>\n\n\n\n<p>Prokurorlu\u011fun m\u0259lumat\u0131na g\u00f6r\u0259, Qusarda ba\u015f ver\u0259nl\u0259rl\u0259 ba\u011fl\u0131 ara\u015fd\u0131rmalar rayonda a\u011faclar\u0131n qanunsuz k\u0259silm\u0259si bar\u0259d\u0259 daxil olmu\u015f m\u0259lumatlar \u0259sas\u0131nda ba\u015flay\u0131b. Ara\u015fd\u0131rmalar zaman\u0131 hadis\u0259 yerin\u0259 bax\u0131\u015f ke\u00e7irilib, foto\u015f\u0259kill\u0259r v\u0259 videg\u00f6r\u00fcnt\u00fcl\u0259r \u00e7\u0259kilib, m\u00fcxt\u0259lif d\u00f6vl\u0259t qurumlar\u0131n\u0131n r\u0259yl\u0259ri al\u0131n\u0131b, izahatlar toplan\u0131b.<\/p>\n\n\n\n<p>\u018flf\u0259ddin \u0130brahimova qar\u015f\u0131 Cinay\u0259t M\u0259c\u0259ll\u0259sinin 309.2 (v\u0259zif\u0259 s\u0259lahiyy\u0259tl\u0259rini a\u015fma &#8211; a\u011f\u0131r n\u0259tic\u0259l\u0259r\u0259 s\u0259b\u0259b olduqda), 311.3.3 (k\u00fclli miqdarda r\u00fc\u015fv\u0259t alma) v\u0259 313-c\u00fc (v\u0259zif\u0259 saxtakarl\u0131\u011f\u0131) madd\u0259l\u0259ri il\u0259 ittiham ir\u0259li s\u00fcr\u00fcl\u00fcb. Bu madd\u0259l\u0259rd\u0259 12 il\u0259 q\u0259d\u0259r azadl\u0131qdan m\u0259hrumetm\u0259 c\u0259zas\u0131 n\u0259z\u0259rd\u0259 tutulub.<\/p>\n\n\n\n<p>B\u0259l\u0259diyy\u0259 s\u0259dri il\u0259 ba\u011fl\u0131 istintaq Korrupsiyaya Qar\u015f\u0131 M\u00fcbariz\u0259 \u0130dar\u0259sind\u0259 apar\u0131l\u0131r.<\/p>\n\n\n\n<p>\u018flf\u0259ddin \u0130brahimovun ittihama m\u00fcnasib\u0259ti, \u00f6z\u00fcn\u00fc t\u0259qsirli bilib-bilm\u0259diyi m\u0259lum deyil.<\/p>\n","protected":false},"excerpt":{"rendered":"<p>\u018flf\u0259ddin \u0130brahimov v\u0259zif\u0259 saxtakarl\u0131\u011f\u0131nda, r\u00fc\u015fv\u0259t almaqda ittiham edilir Qusar \u015e\u0259h\u0259r &#8230; <\/p>\n<p class=\"read-more-container\"><a title=\"Qusar b\u0259l\u0259diyy\u0259sinin s\u0259dri h\u0259bs olunub\" class=\"read-more button\" href=\"https:\/\/www.meydan.tv\/az\/article\/qusar-belediyyesinin-sedri-hebs-olunub\/#more-305949\" aria-label=\"Read more about Qusar b\u0259l\u0259diyy\u0259sinin s\u0259dri h\u0259bs olunub\">Davam\u0131<\/a><\/p>\n","protected":false},"author":8,"featured_media":257656,"comment_status":"closed","ping_status":"closed","sticky":false,"template":"","format":"standard","meta":{"_acf_changed":false,"_sitemap_exclude":false,"_sitemap_priority":"","_sitemap_frequency":"","footnotes":""},"categories":[60,56],"tags":[],"class_list":["post-305949","post","type-post","status-publish","format-standard","has-post-thumbnail","hentry","category-bolge","category-xeberler","infinite-scroll-item","generate-columns","tablet-grid-50","mobile-grid-100","grid-parent","grid-33","no-featured-image-padding"],"acf":[],"yoast_head":"<!-- This site is optimized with the Yoast SEO plugin v27.4 - https:\/\/yoast.com\/product\/yoast-seo-wordpress\/ -->\n<title>Qusar b\u0259l\u0259diyy\u0259sinin s\u0259dri h\u0259bs olunub - MEYDAN.TV<\/title>\n<meta name=\"robots\" content=\"index, follow, max-snippet:-1, max-image-preview:large, max-video-preview:-1\" \/>\n<link rel=\"canonical\" href=\"https:\/\/www.meydan.tv\/az\/article\/qusar-belediyyesinin-sedri-hebs-olunub\/\" \/>\n<meta property=\"og:locale\" content=\"az_AZ\" \/>\n<meta property=\"og:type\" content=\"article\" \/>\n<meta property=\"og:title\" content=\"Qusar b\u0259l\u0259diyy\u0259sinin s\u0259dri h\u0259bs olunub - MEYDAN.TV\" \/>\n<meta property=\"og:description\" content=\"\u018flf\u0259ddin \u0130brahimov v\u0259zif\u0259 saxtakarl\u0131\u011f\u0131nda, r\u00fc\u015fv\u0259t almaqda ittiham edilir Qusar \u015e\u0259h\u0259r ... Davam\u0131\" \/>\n<meta property=\"og:url\" content=\"https:\/\/www.meydan.tv\/az\/article\/qusar-belediyyesinin-sedri-hebs-olunub\/\" \/>\n<meta property=\"og:site_name\" content=\"MEYDAN.TV\" \/>\n<meta property=\"article:published_time\" content=\"2024-05-16T14:08:15+00:00\" \/>\n<meta property=\"article:modified_time\" content=\"2024-05-16T14:08:18+00:00\" \/>\n<meta property=\"og:image\" content=\"https:\/\/www.meydan.tv\/wp-content\/uploads\/untitled_artwork_1-2.jpg\" \/>\n\t<meta property=\"og:image:width\" content=\"1200\" \/>\n\t<meta property=\"og:image:height\" content=\"675\" \/>\n\t<meta property=\"og:image:type\" content=\"image\/jpeg\" \/>\n<meta name=\"author\" content=\"elli\" \/>\n<meta name=\"twitter:card\" content=\"summary_large_image\" \/>\n<meta name=\"twitter:creator\" content=\"@elli\" \/>\n<script type=\"application\/ld+json\" class=\"yoast-schema-graph\">{\"@context\":\"https:\\\/\\\/schema.org\",\"@graph\":[{\"@type\":\"Article\",\"@id\":\"https:\\\/\\\/www.meydan.tv\\\/az\\\/article\\\/qusar-belediyyesinin-sedri-hebs-olunub\\\/#article\",\"isPartOf\":{\"@id\":\"https:\\\/\\\/www.meydan.tv\\\/az\\\/article\\\/qusar-belediyyesinin-sedri-hebs-olunub\\\/\"},\"author\":{\"name\":\"elli\",\"@id\":\"https:\\\/\\\/www.meydan.tv\\\/az\\\/#\\\/schema\\\/person\\\/9cdbecf90d17180ce1dfbd95b08dcf47\"},\"headline\":\"Qusar b\u0259l\u0259diyy\u0259sinin s\u0259dri h\u0259bs olunub\",\"datePublished\":\"2024-05-16T14:08:15+00:00\",\"dateModified\":\"2024-05-16T14:08:18+00:00\",\"mainEntityOfPage\":{\"@id\":\"https:\\\/\\\/www.meydan.tv\\\/az\\\/article\\\/qusar-belediyyesinin-sedri-hebs-olunub\\\/\"},\"wordCount\":323,\"publisher\":{\"@id\":\"https:\\\/\\\/www.meydan.tv\\\/az\\\/#organization\"},\"image\":{\"@id\":\"https:\\\/\\\/www.meydan.tv\\\/az\\\/article\\\/qusar-belediyyesinin-sedri-hebs-olunub\\\/#primaryimage\"},\"thumbnailUrl\":\"https:\\\/\\\/www.meydan.tv\\\/wp-content\\\/uploads\\\/untitled_artwork_1-2.jpg\",\"articleSection\":[\"B\u00f6lg\u0259\",\"X\u0259b\u0259rl\u0259r\"],\"inLanguage\":\"az\"},{\"@type\":\"WebPage\",\"@id\":\"https:\\\/\\\/www.meydan.tv\\\/az\\\/article\\\/qusar-belediyyesinin-sedri-hebs-olunub\\\/\",\"url\":\"https:\\\/\\\/www.meydan.tv\\\/az\\\/article\\\/qusar-belediyyesinin-sedri-hebs-olunub\\\/\",\"name\":\"Qusar b\u0259l\u0259diyy\u0259sinin s\u0259dri h\u0259bs olunub - MEYDAN.TV\",\"isPartOf\":{\"@id\":\"https:\\\/\\\/www.meydan.tv\\\/az\\\/#website\"},\"primaryImageOfPage\":{\"@id\":\"https:\\\/\\\/www.meydan.tv\\\/az\\\/article\\\/qusar-belediyyesinin-sedri-hebs-olunub\\\/#primaryimage\"},\"image\":{\"@id\":\"https:\\\/\\\/www.meydan.tv\\\/az\\\/article\\\/qusar-belediyyesinin-sedri-hebs-olunub\\\/#primaryimage\"},\"thumbnailUrl\":\"https:\\\/\\\/www.meydan.tv\\\/wp-content\\\/uploads\\\/untitled_artwork_1-2.jpg\",\"datePublished\":\"2024-05-16T14:08:15+00:00\",\"dateModified\":\"2024-05-16T14:08:18+00:00\",\"breadcrumb\":{\"@id\":\"https:\\\/\\\/www.meydan.tv\\\/az\\\/article\\\/qusar-belediyyesinin-sedri-hebs-olunub\\\/#breadcrumb\"},\"inLanguage\":\"az\",\"potentialAction\":[{\"@type\":\"ReadAction\",\"target\":[\"https:\\\/\\\/www.meydan.tv\\\/az\\\/article\\\/qusar-belediyyesinin-sedri-hebs-olunub\\\/\"]}]},{\"@type\":\"ImageObject\",\"inLanguage\":\"az\",\"@id\":\"https:\\\/\\\/www.meydan.tv\\\/az\\\/article\\\/qusar-belediyyesinin-sedri-hebs-olunub\\\/#primaryimage\",\"url\":\"https:\\\/\\\/www.meydan.tv\\\/wp-content\\\/uploads\\\/untitled_artwork_1-2.jpg\",\"contentUrl\":\"https:\\\/\\\/www.meydan.tv\\\/wp-content\\\/uploads\\\/untitled_artwork_1-2.jpg\",\"width\":1200,\"height\":675,\"caption\":\"\u0130ll\u00fcstrasiya: Meydan TV\"},{\"@type\":\"BreadcrumbList\",\"@id\":\"https:\\\/\\\/www.meydan.tv\\\/az\\\/article\\\/qusar-belediyyesinin-sedri-hebs-olunub\\\/#breadcrumb\",\"itemListElement\":[{\"@type\":\"ListItem\",\"position\":1,\"name\":\"Ana s\u0259hif\u0259\",\"item\":\"https:\\\/\\\/www.meydan.tv\\\/az\\\/\"},{\"@type\":\"ListItem\",\"position\":2,\"name\":\"B\u00f6lg\u0259\",\"item\":\"https:\\\/\\\/www.meydan.tv\\\/az\\\/section\\\/bolge\\\/\"},{\"@type\":\"ListItem\",\"position\":3,\"name\":\"Qusar b\u0259l\u0259diyy\u0259sinin s\u0259dri h\u0259bs olunub\"}]},{\"@type\":\"WebSite\",\"@id\":\"https:\\\/\\\/www.meydan.tv\\\/az\\\/#website\",\"url\":\"https:\\\/\\\/www.meydan.tv\\\/az\\\/\",\"name\":\"MEYDAN.TV\",\"description\":\"Meydan TV Az\u0259rbaycan\u0131n media m\u0259kan\u0131ndak\u0131 alternativ s\u0259sidir\",\"publisher\":{\"@id\":\"https:\\\/\\\/www.meydan.tv\\\/az\\\/#organization\"},\"potentialAction\":[{\"@type\":\"SearchAction\",\"target\":{\"@type\":\"EntryPoint\",\"urlTemplate\":\"https:\\\/\\\/www.meydan.tv\\\/az\\\/?s={search_term_string}\"},\"query-input\":{\"@type\":\"PropertyValueSpecification\",\"valueRequired\":true,\"valueName\":\"search_term_string\"}}],\"inLanguage\":\"az\"},{\"@type\":\"Organization\",\"@id\":\"https:\\\/\\\/www.meydan.tv\\\/az\\\/#organization\",\"name\":\"Meydan TV\",\"url\":\"https:\\\/\\\/www.meydan.tv\\\/az\\\/\",\"logo\":{\"@type\":\"ImageObject\",\"inLanguage\":\"az\",\"@id\":\"https:\\\/\\\/www.meydan.tv\\\/az\\\/#\\\/schema\\\/logo\\\/image\\\/\",\"url\":\"https:\\\/\\\/www.meydan.tv\\\/wp-content\\\/uploads\\\/2021\\\/07\\\/meydan-logo.svg\",\"contentUrl\":\"https:\\\/\\\/www.meydan.tv\\\/wp-content\\\/uploads\\\/2021\\\/07\\\/meydan-logo.svg\",\"width\":195,\"height\":46,\"caption\":\"Meydan TV\"},\"image\":{\"@id\":\"https:\\\/\\\/www.meydan.tv\\\/az\\\/#\\\/schema\\\/logo\\\/image\\\/\"}},{\"@type\":\"Person\",\"@id\":\"https:\\\/\\\/www.meydan.tv\\\/az\\\/#\\\/schema\\\/person\\\/9cdbecf90d17180ce1dfbd95b08dcf47\",\"name\":\"elli\",\"sameAs\":[\"https:\\\/\\\/x.com\\\/elli\"]}]}<\/script>\n<!-- \/ Yoast SEO plugin. -->","yoast_head_json":{"title":"Qusar b\u0259l\u0259diyy\u0259sinin s\u0259dri h\u0259bs olunub - MEYDAN.TV","robots":{"index":"index","follow":"follow","max-snippet":"max-snippet:-1","max-image-preview":"max-image-preview:large","max-video-preview":"max-video-preview:-1"},"canonical":"https:\/\/www.meydan.tv\/az\/article\/qusar-belediyyesinin-sedri-hebs-olunub\/","og_locale":"az_AZ","og_type":"article","og_title":"Qusar b\u0259l\u0259diyy\u0259sinin s\u0259dri h\u0259bs olunub - MEYDAN.TV","og_description":"\u018flf\u0259ddin \u0130brahimov v\u0259zif\u0259 saxtakarl\u0131\u011f\u0131nda, r\u00fc\u015fv\u0259t almaqda ittiham edilir Qusar \u015e\u0259h\u0259r ... Davam\u0131","og_url":"https:\/\/www.meydan.tv\/az\/article\/qusar-belediyyesinin-sedri-hebs-olunub\/","og_site_name":"MEYDAN.TV","article_published_time":"2024-05-16T14:08:15+00:00","article_modified_time":"2024-05-16T14:08:18+00:00","og_image":[{"width":1200,"height":675,"url":"https:\/\/www.meydan.tv\/wp-content\/uploads\/untitled_artwork_1-2.jpg","type":"image\/jpeg"}],"author":"elli","twitter_card":"summary_large_image","twitter_creator":"@elli","schema":{"@context":"https:\/\/schema.org","@graph":[{"@type":"Article","@id":"https:\/\/www.meydan.tv\/az\/article\/qusar-belediyyesinin-sedri-hebs-olunub\/#article","isPartOf":{"@id":"https:\/\/www.meydan.tv\/az\/article\/qusar-belediyyesinin-sedri-hebs-olunub\/"},"author":{"name":"elli","@id":"https:\/\/www.meydan.tv\/az\/#\/schema\/person\/9cdbecf90d17180ce1dfbd95b08dcf47"},"headline":"Qusar b\u0259l\u0259diyy\u0259sinin s\u0259dri h\u0259bs olunub","datePublished":"2024-05-16T14:08:15+00:00","dateModified":"2024-05-16T14:08:18+00:00","mainEntityOfPage":{"@id":"https:\/\/www.meydan.tv\/az\/article\/qusar-belediyyesinin-sedri-hebs-olunub\/"},"wordCount":323,"publisher":{"@id":"https:\/\/www.meydan.tv\/az\/#organization"},"image":{"@id":"https:\/\/www.meydan.tv\/az\/article\/qusar-belediyyesinin-sedri-hebs-olunub\/#primaryimage"},"thumbnailUrl":"https:\/\/www.meydan.tv\/wp-content\/uploads\/untitled_artwork_1-2.jpg","articleSection":["B\u00f6lg\u0259","X\u0259b\u0259rl\u0259r"],"inLanguage":"az"},{"@type":"WebPage","@id":"https:\/\/www.meydan.tv\/az\/article\/qusar-belediyyesinin-sedri-hebs-olunub\/","url":"https:\/\/www.meydan.tv\/az\/article\/qusar-belediyyesinin-sedri-hebs-olunub\/","name":"Qusar b\u0259l\u0259diyy\u0259sinin s\u0259dri h\u0259bs olunub - MEYDAN.TV","isPartOf":{"@id":"https:\/\/www.meydan.tv\/az\/#website"},"primaryImageOfPage":{"@id":"https:\/\/www.meydan.tv\/az\/article\/qusar-belediyyesinin-sedri-hebs-olunub\/#primaryimage"},"image":{"@id":"https:\/\/www.meydan.tv\/az\/article\/qusar-belediyyesinin-sedri-hebs-olunub\/#primaryimage"},"thumbnailUrl":"https:\/\/www.meydan.tv\/wp-content\/uploads\/untitled_artwork_1-2.jpg","datePublished":"2024-05-16T14:08:15+00:00","dateModified":"2024-05-16T14:08:18+00:00","breadcrumb":{"@id":"https:\/\/www.meydan.tv\/az\/article\/qusar-belediyyesinin-sedri-hebs-olunub\/#breadcrumb"},"inLanguage":"az","potentialAction":[{"@type":"ReadAction","target":["https:\/\/www.meydan.tv\/az\/article\/qusar-belediyyesinin-sedri-hebs-olunub\/"]}]},{"@type":"ImageObject","inLanguage":"az","@id":"https:\/\/www.meydan.tv\/az\/article\/qusar-belediyyesinin-sedri-hebs-olunub\/#primaryimage","url":"https:\/\/www.meydan.tv\/wp-content\/uploads\/untitled_artwork_1-2.jpg","contentUrl":"https:\/\/www.meydan.tv\/wp-content\/uploads\/untitled_artwork_1-2.jpg","width":1200,"height":675,"caption":"\u0130ll\u00fcstrasiya: Meydan TV"},{"@type":"BreadcrumbList","@id":"https:\/\/www.meydan.tv\/az\/article\/qusar-belediyyesinin-sedri-hebs-olunub\/#breadcrumb","itemListElement":[{"@type":"ListItem","position":1,"name":"Ana s\u0259hif\u0259","item":"https:\/\/www.meydan.tv\/az\/"},{"@type":"ListItem","position":2,"name":"B\u00f6lg\u0259","item":"https:\/\/www.meydan.tv\/az\/section\/bolge\/"},{"@type":"ListItem","position":3,"name":"Qusar b\u0259l\u0259diyy\u0259sinin s\u0259dri h\u0259bs olunub"}]},{"@type":"WebSite","@id":"https:\/\/www.meydan.tv\/az\/#website","url":"https:\/\/www.meydan.tv\/az\/","name":"MEYDAN.TV","description":"Meydan TV Az\u0259rbaycan\u0131n media m\u0259kan\u0131ndak\u0131 alternativ s\u0259sidir","publisher":{"@id":"https:\/\/www.meydan.tv\/az\/#organization"},"potentialAction":[{"@type":"SearchAction","target":{"@type":"EntryPoint","urlTemplate":"https:\/\/www.meydan.tv\/az\/?s={search_term_string}"},"query-input":{"@type":"PropertyValueSpecification","valueRequired":true,"valueName":"search_term_string"}}],"inLanguage":"az"},{"@type":"Organization","@id":"https:\/\/www.meydan.tv\/az\/#organization","name":"Meydan TV","url":"https:\/\/www.meydan.tv\/az\/","logo":{"@type":"ImageObject","inLanguage":"az","@id":"https:\/\/www.meydan.tv\/az\/#\/schema\/logo\/image\/","url":"https:\/\/www.meydan.tv\/wp-content\/uploads\/2021\/07\/meydan-logo.svg","contentUrl":"https:\/\/www.meydan.tv\/wp-content\/uploads\/2021\/07\/meydan-logo.svg","width":195,"height":46,"caption":"Meydan TV"},"image":{"@id":"https:\/\/www.meydan.tv\/az\/#\/schema\/logo\/image\/"}},{"@type":"Person","@id":"https:\/\/www.meydan.tv\/az\/#\/schema\/person\/9cdbecf90d17180ce1dfbd95b08dcf47","name":"elli","sameAs":["https:\/\/x.com\/elli"]}]}},"_links":{"self":[{"href":"https:\/\/www.meydan.tv\/az\/wp-json\/wp\/v2\/posts\/305949","targetHints":{"allow":["GET"]}}],"collection":[{"href":"https:\/\/www.meydan.tv\/az\/wp-json\/wp\/v2\/posts"}],"about":[{"href":"https:\/\/www.meydan.tv\/az\/wp-json\/wp\/v2\/types\/post"}],"author":[{"embeddable":true,"href":"https:\/\/www.meydan.tv\/az\/wp-json\/wp\/v2\/users\/8"}],"replies":[{"embeddable":true,"href":"https:\/\/www.meydan.tv\/az\/wp-json\/wp\/v2\/comments?post=305949"}],"version-history":[{"count":1,"href":"https:\/\/www.meydan.tv\/az\/wp-json\/wp\/v2\/posts\/305949\/revisions"}],"predecessor-version":[{"id":305950,"href":"https:\/\/www.meydan.tv\/az\/wp-json\/wp\/v2\/posts\/305949\/revisions\/305950"}],"wp:featuredmedia":[{"embeddable":true,"href":"https:\/\/www.meydan.tv\/az\/wp-json\/wp\/v2\/media\/257656"}],"wp:attachment":[{"href":"https:\/\/www.meydan.tv\/az\/wp-json\/wp\/v2\/media?parent=305949"}],"wp:term":[{"taxonomy":"category","embeddable":true,"href":"https:\/\/www.meydan.tv\/az\/wp-json\/wp\/v2\/categories?post=305949"},{"taxonomy":"post_tag","embeddable":true,"href":"https:\/\/www.meydan.tv\/az\/wp-json\/wp\/v2\/tags?post=305949"}],"curies":[{"name":"wp","href":"https:\/\/api.w.org\/{rel}","templated":true}]}}