{"id":305914,"date":"2024-05-16T15:01:14","date_gmt":"2024-05-16T11:01:14","guid":{"rendered":"https:\/\/www.meydan.tv\/?p=305914"},"modified":"2024-05-16T15:01:16","modified_gmt":"2024-05-16T11:01:16","slug":"zibil-basan-kendden-reportaj-bura-haminin-yadindan-cixib","status":"publish","type":"post","link":"https:\/\/www.meydan.tv\/az\/article\/zibil-basan-kendden-reportaj-bura-haminin-yadindan-cixib\/","title":{"rendered":"Zibil seli g\u0259l\u0259n k\u0259ndd\u0259n reportaj: Bura ham\u0131n\u0131n yad\u0131ndan \u00e7\u0131x\u0131b"},"content":{"rendered":"\n<figure class=\"wp-block-embed is-type-video is-provider-youtube wp-block-embed-youtube wp-embed-aspect-16-9 wp-has-aspect-ratio\"><div class=\"wp-block-embed__wrapper\">\n<iframe title=\"Zibil seli g\u0259l\u0259n k\u0259ndd\u0259n reportaj: Bura ham\u0131n\u0131n yad\u0131ndan \u00e7\u0131x\u0131b\" width=\"1200\" height=\"675\" data-src=\"https:\/\/www.youtube.com\/embed\/--39EunklGI?feature=oembed\" frameborder=\"0\" allow=\"accelerometer; autoplay; clipboard-write; encrypted-media; gyroscope; picture-in-picture; web-share\" referrerpolicy=\"strict-origin-when-cross-origin\" allowfullscreen src=\"data:image\/svg+xml;base64,PHN2ZyB3aWR0aD0iMSIgaGVpZ2h0PSIxIiB4bWxucz0iaHR0cDovL3d3dy53My5vcmcvMjAwMC9zdmciPjwvc3ZnPg==\" class=\"lazyload\" data-load-mode=\"1\"><\/iframe>\n<\/div><\/figure>\n\n\n\n<!--more-->\n\n\n\n<p><\/p>\n\n\n\n<p>G\u00f6y\u00e7ayda ba\u015f ver\u0259n sel hadis\u0259si k\u0259ndl\u0259r\u0259 t\u0259kc\u0259 su yox, h\u0259m d\u0259 zibil da\u015f\u0131y\u0131b. Rayonun m\u0259i\u015f\u0259t tullant\u0131lar\u0131 k\u0259ndl\u0259rin yax\u0131nl\u0131\u011f\u0131ndak\u0131 da\u011flar\u0131n aras\u0131nda qalan d\u0259r\u0259y\u0259 toplan\u0131r. Bu da\u011flar k\u0259ndlil\u0259rin \u00f6r\u00fc\u015f yeri, d\u0259r\u0259d\u0259n axan suya qar\u0131\u015fan arxlar is\u0259 onlar\u0131n yegan\u0259 i\u00e7m\u0259li su m\u0259nb\u0259yidir.<\/p>\n\n\n\n<p>Zibil poliqonundan 3 k\u0259nd &#8211; Qarabaqqal, B\u0131\u011f\u0131r v\u0259 Hacal\u0131k\u0259nd \u0259halisi \u0259ziyy\u0259t \u00e7\u0259kir. K\u0259ndlil\u0259r deyir ki, sanki d\u00f6vl\u0259t bu yerl\u0259rd\u0259 insan ya\u015fad\u0131\u011f\u0131n\u0131 unudub.<\/p>\n\n\n\n<p>K\u0259ndlil\u0259r on ill\u0259rdir s\u0259ras\u0259r d\u00f6vl\u0259t qurumlar\u0131n\u0131 g\u0259zir, \u015f\u0259raitl\u0259rini dan\u0131\u015f\u0131r. Lakin n\u0259 paytaxtdan xo\u015f bir x\u0259b\u0259r g\u0259lib, n\u0259 d\u0259 d\u0259yi\u015f\u0259n yerli m\u0259murlar v\u0259ziyy\u0259ti d\u00fcz\u0259ldib.<\/p>\n\n\n\n<p>2018-2022-ci ill\u0259r \u00fczr\u0259 D\u00f6vl\u0259t Proqram\u0131na b\u0259rk m\u0259i\u015f\u0259t tullant\u0131lar\u0131n\u0131n idar\u0259 edilm\u0259si \u00fczr\u0259 obyektl\u0259rin tikintisi d\u0259 daxil edilib. Lakin Ekologiya v\u0259 T\u0259bii S\u0259rv\u0259tl\u0259r Nazirliyi m\u0259s\u0259l\u0259 il\u0259 ba\u011fl\u0131 suallar\u0131m\u0131z\u0131 cavabland\u0131rmay\u0131b, bizi yerli quruma y\u00f6nl\u0259ndirib.<\/p>\n\n\n\n<p>G\u00f6y\u00e7ay Rayon Icra Hakimiyy\u0259tind\u0259n bildirilib ki, rayonda m\u0259i\u015f\u0259t tullant\u0131lar\u0131n\u0131 emal ed\u0259n m\u00fc\u0259ssis\u0259 yoxdur. Bu s\u0259b\u0259bd\u0259n, zibil da\u011fl\u0131q \u0259razid\u0259 toplan\u0131r, \u00fcst\u00fc ya torpaqla basd\u0131r\u0131l\u0131r, ya da t\u0259bii \u00e7\u00fcr\u00fcm\u0259 yolu il\u0259 m\u0259hv edilir. M\u00fc\u0259ssis\u0259nin tikintisi \u00fc\u00e7\u00fcn Nazirl\u0259r Kabineti s\u0259r\u0259ncam verm\u0259lidir.<\/p>\n\n\n\n<p>D\u00f6vl\u0259t qurumlar\u0131 m\u0259suliyy\u0259ti bir-birinin \u00fcz\u0259rind\u0259n atark\u0259n, k\u0259ndlil\u0259r bir g\u00fcn\u00fc d\u0259 \u00e7irkli v\u0259 qoxulu su il\u0259 ba\u015fa vurur.<\/p>\n","protected":false},"excerpt":{"rendered":"","protected":false},"author":12,"featured_media":305915,"comment_status":"closed","ping_status":"closed","sticky":false,"template":"","format":"standard","meta":{"_acf_changed":false,"_sitemap_exclude":false,"_sitemap_priority":"","_sitemap_frequency":"","footnotes":""},"categories":[60,62,63],"tags":[],"class_list":["post-305914","post","type-post","status-publish","format-standard","has-post-thumbnail","hentry","category-bolge","category-sosial","category-video-2","infinite-scroll-item","generate-columns","tablet-grid-50","mobile-grid-100","grid-parent","grid-33","no-featured-image-padding"],"acf":[],"yoast_head":"<!-- This site is optimized with the Yoast SEO plugin v27.4 - https:\/\/yoast.com\/product\/yoast-seo-wordpress\/ -->\n<title>Zibil seli g\u0259l\u0259n k\u0259ndd\u0259n reportaj: Bura ham\u0131n\u0131n yad\u0131ndan \u00e7\u0131x\u0131b - MEYDAN.TV<\/title>\n<meta name=\"robots\" content=\"index, follow, max-snippet:-1, max-image-preview:large, max-video-preview:-1\" \/>\n<link rel=\"canonical\" href=\"https:\/\/www.meydan.tv\/az\/article\/zibil-basan-kendden-reportaj-bura-haminin-yadindan-cixib\/\" \/>\n<meta property=\"og:locale\" content=\"az_AZ\" \/>\n<meta property=\"og:type\" content=\"article\" \/>\n<meta property=\"og:title\" content=\"Zibil seli g\u0259l\u0259n k\u0259ndd\u0259n reportaj: Bura ham\u0131n\u0131n yad\u0131ndan \u00e7\u0131x\u0131b - MEYDAN.TV\" \/>\n<meta property=\"og:url\" content=\"https:\/\/www.meydan.tv\/az\/article\/zibil-basan-kendden-reportaj-bura-haminin-yadindan-cixib\/\" \/>\n<meta property=\"og:site_name\" content=\"MEYDAN.TV\" \/>\n<meta property=\"article:published_time\" content=\"2024-05-16T11:01:14+00:00\" \/>\n<meta property=\"article:modified_time\" content=\"2024-05-16T11:01:16+00:00\" \/>\n<meta property=\"og:image\" content=\"https:\/\/www.meydan.tv\/wp-content\/uploads\/screenshot-2024-05-16-at-14.43.40-1200x608.png\" \/>\n\t<meta property=\"og:image:width\" content=\"1200\" \/>\n\t<meta property=\"og:image:height\" content=\"608\" \/>\n\t<meta property=\"og:image:type\" content=\"image\/png\" \/>\n<meta name=\"author\" content=\"aleks\" \/>\n<meta name=\"twitter:card\" content=\"summary_large_image\" \/>\n<script type=\"application\/ld+json\" class=\"yoast-schema-graph\">{\"@context\":\"https:\\\/\\\/schema.org\",\"@graph\":[{\"@type\":\"Article\",\"@id\":\"https:\\\/\\\/www.meydan.tv\\\/az\\\/article\\\/zibil-basan-kendden-reportaj-bura-haminin-yadindan-cixib\\\/#article\",\"isPartOf\":{\"@id\":\"https:\\\/\\\/www.meydan.tv\\\/az\\\/article\\\/zibil-basan-kendden-reportaj-bura-haminin-yadindan-cixib\\\/\"},\"author\":{\"name\":\"aleks\",\"@id\":\"https:\\\/\\\/www.meydan.tv\\\/az\\\/#\\\/schema\\\/person\\\/476e9360e593fa131d5d71d51866f8da\"},\"headline\":\"Zibil seli g\u0259l\u0259n k\u0259ndd\u0259n reportaj: Bura ham\u0131n\u0131n yad\u0131ndan \u00e7\u0131x\u0131b\",\"datePublished\":\"2024-05-16T11:01:14+00:00\",\"dateModified\":\"2024-05-16T11:01:16+00:00\",\"mainEntityOfPage\":{\"@id\":\"https:\\\/\\\/www.meydan.tv\\\/az\\\/article\\\/zibil-basan-kendden-reportaj-bura-haminin-yadindan-cixib\\\/\"},\"wordCount\":328,\"publisher\":{\"@id\":\"https:\\\/\\\/www.meydan.tv\\\/az\\\/#organization\"},\"image\":{\"@id\":\"https:\\\/\\\/www.meydan.tv\\\/az\\\/article\\\/zibil-basan-kendden-reportaj-bura-haminin-yadindan-cixib\\\/#primaryimage\"},\"thumbnailUrl\":\"https:\\\/\\\/www.meydan.tv\\\/wp-content\\\/uploads\\\/screenshot-2024-05-16-at-14.43.40.png\",\"articleSection\":[\"B\u00f6lg\u0259\",\"Sosial\",\"Video\"],\"inLanguage\":\"az\"},{\"@type\":\"WebPage\",\"@id\":\"https:\\\/\\\/www.meydan.tv\\\/az\\\/article\\\/zibil-basan-kendden-reportaj-bura-haminin-yadindan-cixib\\\/\",\"url\":\"https:\\\/\\\/www.meydan.tv\\\/az\\\/article\\\/zibil-basan-kendden-reportaj-bura-haminin-yadindan-cixib\\\/\",\"name\":\"Zibil seli g\u0259l\u0259n k\u0259ndd\u0259n reportaj: Bura ham\u0131n\u0131n yad\u0131ndan \u00e7\u0131x\u0131b - MEYDAN.TV\",\"isPartOf\":{\"@id\":\"https:\\\/\\\/www.meydan.tv\\\/az\\\/#website\"},\"primaryImageOfPage\":{\"@id\":\"https:\\\/\\\/www.meydan.tv\\\/az\\\/article\\\/zibil-basan-kendden-reportaj-bura-haminin-yadindan-cixib\\\/#primaryimage\"},\"image\":{\"@id\":\"https:\\\/\\\/www.meydan.tv\\\/az\\\/article\\\/zibil-basan-kendden-reportaj-bura-haminin-yadindan-cixib\\\/#primaryimage\"},\"thumbnailUrl\":\"https:\\\/\\\/www.meydan.tv\\\/wp-content\\\/uploads\\\/screenshot-2024-05-16-at-14.43.40.png\",\"datePublished\":\"2024-05-16T11:01:14+00:00\",\"dateModified\":\"2024-05-16T11:01:16+00:00\",\"breadcrumb\":{\"@id\":\"https:\\\/\\\/www.meydan.tv\\\/az\\\/article\\\/zibil-basan-kendden-reportaj-bura-haminin-yadindan-cixib\\\/#breadcrumb\"},\"inLanguage\":\"az\",\"potentialAction\":[{\"@type\":\"ReadAction\",\"target\":[\"https:\\\/\\\/www.meydan.tv\\\/az\\\/article\\\/zibil-basan-kendden-reportaj-bura-haminin-yadindan-cixib\\\/\"]}]},{\"@type\":\"ImageObject\",\"inLanguage\":\"az\",\"@id\":\"https:\\\/\\\/www.meydan.tv\\\/az\\\/article\\\/zibil-basan-kendden-reportaj-bura-haminin-yadindan-cixib\\\/#primaryimage\",\"url\":\"https:\\\/\\\/www.meydan.tv\\\/wp-content\\\/uploads\\\/screenshot-2024-05-16-at-14.43.40.png\",\"contentUrl\":\"https:\\\/\\\/www.meydan.tv\\\/wp-content\\\/uploads\\\/screenshot-2024-05-16-at-14.43.40.png\",\"width\":1804,\"height\":914},{\"@type\":\"BreadcrumbList\",\"@id\":\"https:\\\/\\\/www.meydan.tv\\\/az\\\/article\\\/zibil-basan-kendden-reportaj-bura-haminin-yadindan-cixib\\\/#breadcrumb\",\"itemListElement\":[{\"@type\":\"ListItem\",\"position\":1,\"name\":\"Ana s\u0259hif\u0259\",\"item\":\"https:\\\/\\\/www.meydan.tv\\\/az\\\/\"},{\"@type\":\"ListItem\",\"position\":2,\"name\":\"Video\",\"item\":\"https:\\\/\\\/www.meydan.tv\\\/az\\\/section\\\/video-2\\\/\"},{\"@type\":\"ListItem\",\"position\":3,\"name\":\"Zibil seli g\u0259l\u0259n k\u0259ndd\u0259n reportaj: Bura ham\u0131n\u0131n yad\u0131ndan \u00e7\u0131x\u0131b\"}]},{\"@type\":\"WebSite\",\"@id\":\"https:\\\/\\\/www.meydan.tv\\\/az\\\/#website\",\"url\":\"https:\\\/\\\/www.meydan.tv\\\/az\\\/\",\"name\":\"MEYDAN.TV\",\"description\":\"Meydan TV Az\u0259rbaycan\u0131n media m\u0259kan\u0131ndak\u0131 alternativ s\u0259sidir\",\"publisher\":{\"@id\":\"https:\\\/\\\/www.meydan.tv\\\/az\\\/#organization\"},\"potentialAction\":[{\"@type\":\"SearchAction\",\"target\":{\"@type\":\"EntryPoint\",\"urlTemplate\":\"https:\\\/\\\/www.meydan.tv\\\/az\\\/?s={search_term_string}\"},\"query-input\":{\"@type\":\"PropertyValueSpecification\",\"valueRequired\":true,\"valueName\":\"search_term_string\"}}],\"inLanguage\":\"az\"},{\"@type\":\"Organization\",\"@id\":\"https:\\\/\\\/www.meydan.tv\\\/az\\\/#organization\",\"name\":\"Meydan TV\",\"url\":\"https:\\\/\\\/www.meydan.tv\\\/az\\\/\",\"logo\":{\"@type\":\"ImageObject\",\"inLanguage\":\"az\",\"@id\":\"https:\\\/\\\/www.meydan.tv\\\/az\\\/#\\\/schema\\\/logo\\\/image\\\/\",\"url\":\"https:\\\/\\\/www.meydan.tv\\\/wp-content\\\/uploads\\\/2021\\\/07\\\/meydan-logo.svg\",\"contentUrl\":\"https:\\\/\\\/www.meydan.tv\\\/wp-content\\\/uploads\\\/2021\\\/07\\\/meydan-logo.svg\",\"width\":195,\"height\":46,\"caption\":\"Meydan TV\"},\"image\":{\"@id\":\"https:\\\/\\\/www.meydan.tv\\\/az\\\/#\\\/schema\\\/logo\\\/image\\\/\"}},{\"@type\":\"Person\",\"@id\":\"https:\\\/\\\/www.meydan.tv\\\/az\\\/#\\\/schema\\\/person\\\/476e9360e593fa131d5d71d51866f8da\",\"name\":\"aleks\"}]}<\/script>\n<!-- \/ Yoast SEO plugin. -->","yoast_head_json":{"title":"Zibil seli g\u0259l\u0259n k\u0259ndd\u0259n reportaj: Bura ham\u0131n\u0131n yad\u0131ndan \u00e7\u0131x\u0131b - MEYDAN.TV","robots":{"index":"index","follow":"follow","max-snippet":"max-snippet:-1","max-image-preview":"max-image-preview:large","max-video-preview":"max-video-preview:-1"},"canonical":"https:\/\/www.meydan.tv\/az\/article\/zibil-basan-kendden-reportaj-bura-haminin-yadindan-cixib\/","og_locale":"az_AZ","og_type":"article","og_title":"Zibil seli g\u0259l\u0259n k\u0259ndd\u0259n reportaj: Bura ham\u0131n\u0131n yad\u0131ndan \u00e7\u0131x\u0131b - MEYDAN.TV","og_url":"https:\/\/www.meydan.tv\/az\/article\/zibil-basan-kendden-reportaj-bura-haminin-yadindan-cixib\/","og_site_name":"MEYDAN.TV","article_published_time":"2024-05-16T11:01:14+00:00","article_modified_time":"2024-05-16T11:01:16+00:00","og_image":[{"width":1200,"height":608,"url":"https:\/\/www.meydan.tv\/wp-content\/uploads\/screenshot-2024-05-16-at-14.43.40-1200x608.png","type":"image\/png"}],"author":"aleks","twitter_card":"summary_large_image","schema":{"@context":"https:\/\/schema.org","@graph":[{"@type":"Article","@id":"https:\/\/www.meydan.tv\/az\/article\/zibil-basan-kendden-reportaj-bura-haminin-yadindan-cixib\/#article","isPartOf":{"@id":"https:\/\/www.meydan.tv\/az\/article\/zibil-basan-kendden-reportaj-bura-haminin-yadindan-cixib\/"},"author":{"name":"aleks","@id":"https:\/\/www.meydan.tv\/az\/#\/schema\/person\/476e9360e593fa131d5d71d51866f8da"},"headline":"Zibil seli g\u0259l\u0259n k\u0259ndd\u0259n reportaj: Bura ham\u0131n\u0131n yad\u0131ndan \u00e7\u0131x\u0131b","datePublished":"2024-05-16T11:01:14+00:00","dateModified":"2024-05-16T11:01:16+00:00","mainEntityOfPage":{"@id":"https:\/\/www.meydan.tv\/az\/article\/zibil-basan-kendden-reportaj-bura-haminin-yadindan-cixib\/"},"wordCount":328,"publisher":{"@id":"https:\/\/www.meydan.tv\/az\/#organization"},"image":{"@id":"https:\/\/www.meydan.tv\/az\/article\/zibil-basan-kendden-reportaj-bura-haminin-yadindan-cixib\/#primaryimage"},"thumbnailUrl":"https:\/\/www.meydan.tv\/wp-content\/uploads\/screenshot-2024-05-16-at-14.43.40.png","articleSection":["B\u00f6lg\u0259","Sosial","Video"],"inLanguage":"az"},{"@type":"WebPage","@id":"https:\/\/www.meydan.tv\/az\/article\/zibil-basan-kendden-reportaj-bura-haminin-yadindan-cixib\/","url":"https:\/\/www.meydan.tv\/az\/article\/zibil-basan-kendden-reportaj-bura-haminin-yadindan-cixib\/","name":"Zibil seli g\u0259l\u0259n k\u0259ndd\u0259n reportaj: Bura ham\u0131n\u0131n yad\u0131ndan \u00e7\u0131x\u0131b - MEYDAN.TV","isPartOf":{"@id":"https:\/\/www.meydan.tv\/az\/#website"},"primaryImageOfPage":{"@id":"https:\/\/www.meydan.tv\/az\/article\/zibil-basan-kendden-reportaj-bura-haminin-yadindan-cixib\/#primaryimage"},"image":{"@id":"https:\/\/www.meydan.tv\/az\/article\/zibil-basan-kendden-reportaj-bura-haminin-yadindan-cixib\/#primaryimage"},"thumbnailUrl":"https:\/\/www.meydan.tv\/wp-content\/uploads\/screenshot-2024-05-16-at-14.43.40.png","datePublished":"2024-05-16T11:01:14+00:00","dateModified":"2024-05-16T11:01:16+00:00","breadcrumb":{"@id":"https:\/\/www.meydan.tv\/az\/article\/zibil-basan-kendden-reportaj-bura-haminin-yadindan-cixib\/#breadcrumb"},"inLanguage":"az","potentialAction":[{"@type":"ReadAction","target":["https:\/\/www.meydan.tv\/az\/article\/zibil-basan-kendden-reportaj-bura-haminin-yadindan-cixib\/"]}]},{"@type":"ImageObject","inLanguage":"az","@id":"https:\/\/www.meydan.tv\/az\/article\/zibil-basan-kendden-reportaj-bura-haminin-yadindan-cixib\/#primaryimage","url":"https:\/\/www.meydan.tv\/wp-content\/uploads\/screenshot-2024-05-16-at-14.43.40.png","contentUrl":"https:\/\/www.meydan.tv\/wp-content\/uploads\/screenshot-2024-05-16-at-14.43.40.png","width":1804,"height":914},{"@type":"BreadcrumbList","@id":"https:\/\/www.meydan.tv\/az\/article\/zibil-basan-kendden-reportaj-bura-haminin-yadindan-cixib\/#breadcrumb","itemListElement":[{"@type":"ListItem","position":1,"name":"Ana s\u0259hif\u0259","item":"https:\/\/www.meydan.tv\/az\/"},{"@type":"ListItem","position":2,"name":"Video","item":"https:\/\/www.meydan.tv\/az\/section\/video-2\/"},{"@type":"ListItem","position":3,"name":"Zibil seli g\u0259l\u0259n k\u0259ndd\u0259n reportaj: Bura ham\u0131n\u0131n yad\u0131ndan \u00e7\u0131x\u0131b"}]},{"@type":"WebSite","@id":"https:\/\/www.meydan.tv\/az\/#website","url":"https:\/\/www.meydan.tv\/az\/","name":"MEYDAN.TV","description":"Meydan TV Az\u0259rbaycan\u0131n media m\u0259kan\u0131ndak\u0131 alternativ s\u0259sidir","publisher":{"@id":"https:\/\/www.meydan.tv\/az\/#organization"},"potentialAction":[{"@type":"SearchAction","target":{"@type":"EntryPoint","urlTemplate":"https:\/\/www.meydan.tv\/az\/?s={search_term_string}"},"query-input":{"@type":"PropertyValueSpecification","valueRequired":true,"valueName":"search_term_string"}}],"inLanguage":"az"},{"@type":"Organization","@id":"https:\/\/www.meydan.tv\/az\/#organization","name":"Meydan TV","url":"https:\/\/www.meydan.tv\/az\/","logo":{"@type":"ImageObject","inLanguage":"az","@id":"https:\/\/www.meydan.tv\/az\/#\/schema\/logo\/image\/","url":"https:\/\/www.meydan.tv\/wp-content\/uploads\/2021\/07\/meydan-logo.svg","contentUrl":"https:\/\/www.meydan.tv\/wp-content\/uploads\/2021\/07\/meydan-logo.svg","width":195,"height":46,"caption":"Meydan TV"},"image":{"@id":"https:\/\/www.meydan.tv\/az\/#\/schema\/logo\/image\/"}},{"@type":"Person","@id":"https:\/\/www.meydan.tv\/az\/#\/schema\/person\/476e9360e593fa131d5d71d51866f8da","name":"aleks"}]}},"_links":{"self":[{"href":"https:\/\/www.meydan.tv\/az\/wp-json\/wp\/v2\/posts\/305914","targetHints":{"allow":["GET"]}}],"collection":[{"href":"https:\/\/www.meydan.tv\/az\/wp-json\/wp\/v2\/posts"}],"about":[{"href":"https:\/\/www.meydan.tv\/az\/wp-json\/wp\/v2\/types\/post"}],"author":[{"embeddable":true,"href":"https:\/\/www.meydan.tv\/az\/wp-json\/wp\/v2\/users\/12"}],"replies":[{"embeddable":true,"href":"https:\/\/www.meydan.tv\/az\/wp-json\/wp\/v2\/comments?post=305914"}],"version-history":[{"count":5,"href":"https:\/\/www.meydan.tv\/az\/wp-json\/wp\/v2\/posts\/305914\/revisions"}],"predecessor-version":[{"id":305922,"href":"https:\/\/www.meydan.tv\/az\/wp-json\/wp\/v2\/posts\/305914\/revisions\/305922"}],"wp:featuredmedia":[{"embeddable":true,"href":"https:\/\/www.meydan.tv\/az\/wp-json\/wp\/v2\/media\/305915"}],"wp:attachment":[{"href":"https:\/\/www.meydan.tv\/az\/wp-json\/wp\/v2\/media?parent=305914"}],"wp:term":[{"taxonomy":"category","embeddable":true,"href":"https:\/\/www.meydan.tv\/az\/wp-json\/wp\/v2\/categories?post=305914"},{"taxonomy":"post_tag","embeddable":true,"href":"https:\/\/www.meydan.tv\/az\/wp-json\/wp\/v2\/tags?post=305914"}],"curies":[{"name":"wp","href":"https:\/\/api.w.org\/{rel}","templated":true}]}}