{"id":305906,"date":"2024-05-16T13:54:18","date_gmt":"2024-05-16T09:54:18","guid":{"rendered":"https:\/\/www.meydan.tv\/?p=305906"},"modified":"2024-05-17T10:38:20","modified_gmt":"2024-05-17T06:38:20","slug":"fransali-nazir-yeni-kaledoniyadaki-igtisasla-bagli-azerbaycanin-adini-hallandirib","status":"publish","type":"post","link":"https:\/\/www.meydan.tv\/az\/article\/fransali-nazir-yeni-kaledoniyadaki-igtisasla-bagli-azerbaycanin-adini-hallandirib\/","title":{"rendered":"Fransal\u0131 nazir Yeni Kaledoniyadak\u0131 i\u011fti\u015fa\u015fla ba\u011fl\u0131 Az\u0259rbaycan\u0131n ad\u0131n\u0131 halland\u0131r\u0131b"},"content":{"rendered":"\n<figure class=\"wp-block-embed is-type-video is-provider-youtube wp-block-embed-youtube wp-embed-aspect-16-9 wp-has-aspect-ratio\"><div class=\"wp-block-embed__wrapper\">\n<iframe title=\"Fransa adaya qo\u015fun yeridir, Az\u0259rbaycan\u0131 i\u011fti\u015fa\u015flara g\u00f6r\u0259 ittiham edir\" width=\"1200\" height=\"675\" data-src=\"https:\/\/www.youtube.com\/embed\/p8bWdSOfoQ4?feature=oembed\" frameborder=\"0\" allow=\"accelerometer; autoplay; clipboard-write; encrypted-media; gyroscope; picture-in-picture; web-share\" referrerpolicy=\"strict-origin-when-cross-origin\" allowfullscreen src=\"data:image\/svg+xml;base64,PHN2ZyB3aWR0aD0iMSIgaGVpZ2h0PSIxIiB4bWxucz0iaHR0cDovL3d3dy53My5vcmcvMjAwMC9zdmciPjwvc3ZnPg==\" class=\"lazyload\" data-load-mode=\"1\"><\/iframe>\n<\/div><\/figure>\n\n\n\n<!--more-->\n\n\n\n<p><strong><em>Az\u0259rbaycan X\u0130N hesab edir ki, nazir diqq\u0259ti \u00f6lk\u0259sinin u\u011fursuz siyas\u0259tin\u0259 y\u00f6n\u0259ltm\u0259lidir<\/em><\/strong><\/p>\n\n\n\n<p>Sakit okean\u0131n c\u0259nubunda yerl\u0259\u015f\u0259n v\u0259 Fransan\u0131n x\u00fcsusi inzibati-\u0259razi qurumu olan Yeni Kaledoniyada m\u00fcst\u0259qillik t\u0259r\u0259fdarlar\u0131 v\u0259 buna qar\u015f\u0131 olanlar aras\u0131nda g\u00fcnl\u0259rdir i\u011fti\u015fa\u015flar davam <a href=\"https:\/\/www.reuters.com\/world\/asia-pacific\/hundreds-arrested-roads-barricaded-new-caledonia-riots-continue-2024-05-16\/\">edir<\/a>. <\/p>\n\n\n\n<p>\u0130\u011fti\u015fa\u015flarda d\u00f6rd n\u0259f\u0259r \u00f6l\u00fcb, y\u00fczl\u0259rl\u0259 insan h\u0259bs edilib.Etirazlar\u0131n Yeni Kaledoniyada ya\u015fayan frans\u0131zlar\u0131n s\u0259sverm\u0259 h\u00fcquqlar\u0131n\u0131 geni\u015fl\u0259ndir\u0259n qanuna g\u00f6r\u0259 ba\u015flad\u0131\u011f\u0131 bildirilir. Fransa \u0259razid\u0259 f\u00f6vq\u0259lad\u0259 v\u0259ziyy\u0259t elan edib v\u0259 s\u0259lahiyy\u0259tlil\u0259r\u0259 insanlar\u0131n ada \u0259traf\u0131nda h\u0259r\u0259k\u0259tini qada\u011fan etm\u0259k \u00fc\u00e7\u00fcn \u0259lav\u0259 \u00f6hd\u0259likl\u0259r verib.<\/p>\n\n\n\n<p>May\u0131n 14-d\u0259 Parisd\u0259 q\u0259bul edil\u0259n qanunda bildirilir ki, 10 ild\u0259n art\u0131q Yeni Kaledoniyada ya\u015fayan frans\u0131z sakinl\u0259ri \u0259yal\u0259t se\u00e7kil\u0259rind\u0259 s\u0259s versinl\u0259r. Bu da adan\u0131n yerli sakinl\u0259rinin etiraz\u0131na s\u0259b\u0259b olub.<\/p>\n\n\n\n<p>Ba\u015f nazir Qabriel Attal\u0131n s\u00f6zl\u0259rin\u0259 g\u00f6r\u0259, Fransa hakimiyy\u0259ti f\u00f6vq\u0259lad\u0259 v\u0259ziyy\u0259tin t\u0259tbiq olundu\u011fu Yeni Kaledoniyada etirazlar\u0131 yat\u0131rmaq \u00fc\u00e7\u00fcn ordunun k\u00f6m\u0259yind\u0259n istifad\u0259 etm\u0259k q\u0259rar\u0131na g\u0259lib:<\/p>\n\n\n\n<p><em>\u201cSilahl\u0131 q\u00fcvv\u0259l\u0259rin h\u0259rb\u00e7il\u0259ri Yeni Kaledoniya limanlar\u0131n\u0131n v\u0259 aeroportunun t\u0259hl\u00fck\u0259sizliyini t\u0259min etm\u0259k \u00fc\u00e7\u00fcn yerl\u0259\u015fdiril\u0259c\u0259k&#8221;.<\/em><\/p>\n\n\n<div class=\"wp-block-image\">\n<figure class=\"aligncenter size-full\"><img decoding=\"async\" width=\"1200\" height=\"676\" data-src=\"https:\/\/www.meydan.tv\/wp-content\/uploads\/https___cloudfront-us-east-2.images.arcpublishing.com_reuters_kobsd7u7xzk43m4ixybqh3lwye.jpg\" alt=\"\" class=\"wp-image-305907 lazyload\" src=\"data:image\/svg+xml;base64,PHN2ZyB3aWR0aD0iMSIgaGVpZ2h0PSIxIiB4bWxucz0iaHR0cDovL3d3dy53My5vcmcvMjAwMC9zdmciPjwvc3ZnPg==\" style=\"--smush-placeholder-width: 1200px; --smush-placeholder-aspect-ratio: 1200\/676;\" \/><figcaption class=\"wp-element-caption\"> Yeni Kaledoniya. Foto: Reuters<\/figcaption><\/figure>\n<\/div>\n\n\n<p>Fransan\u0131n daxili i\u015fl\u0259r naziri Gerald Darman is\u0259 deyib ki, Yeni Kaledoniya k\u00fc\u00e7\u0259l\u0259rind\u0259 ordu olmayacaq. <\/p>\n\n\n\n<p>Onun s\u00f6zl\u0259rin\u0259 g\u00f6r\u0259, Yeni Kaledoniyada polis v\u0259 jandarmlar\u0131n say\u0131 1700-d\u0259n 2700-d\u0259k y\u00fcks\u0259l\u0259c\u0259k.&nbsp;<\/p>\n\n\n\n<p>\u201cFrance 2\u201d telekanal\u0131na m\u00fcsahib\u0259sind\u0259 Darman \u201c<em>b\u0259zi m\u00fcst\u0259qillik liderl\u0259ri Az\u0259rbaycanla s\u00f6vd\u0259l\u0259\u015fm\u0259 apar\u0131b\u201d<\/em> dey\u0259r\u0259k, xarici m\u00fcdaxil\u0259d\u0259n dan\u0131\u015f\u0131b, lakin he\u00e7 bir s\u00fcbut g\u00f6st\u0259rm\u0259yib.<\/p>\n\n\n\n<p>Az\u0259rbaycan Xarici \u0130\u015fl\u0259r Nazirliyi (X\u0130N) Darman\u0131n bu \u00e7\u0131x\u0131\u015f\u0131 il\u0259 ba\u011fl\u0131 <a href=\"https:\/\/mfa.gov.az\/az\/news\/no22024\">a\u00e7\u0131qlama<\/a> verib. A\u00e7\u0131qlamada Fransan\u0131n daxili i\u015fl\u0259r nazirinin dedikl\u0259ri \u0259sass\u0131z adland\u0131r\u0131l\u0131b. <\/p>\n\n\n\n<p><em>\u201cAz\u0259rbaycan\u0131 Yeni Kaledoniyada m\u00fcst\u0259qillik t\u0259r\u0259fdar\u0131 etirazlar\u0131 d\u0259st\u0259kl\u0259m\u0259kd\u0259 ittiham etm\u0259k \u0259v\u0259zin\u0259, nazir \u00f6lk\u0259sinin bu c\u00fcr etirazlara s\u0259b\u0259b olan d\u0259niza\u015f\u0131r\u0131 b\u00f6lg\u0259l\u0259ri il\u0259 ba\u011fl\u0131 u\u011fursuz siyas\u0259tin\u0259 diqq\u0259t y\u00f6n\u0259ltm\u0259lidir\u201d.<\/em><\/p>\n\n\n<div class=\"wp-block-image\">\n<figure class=\"aligncenter size-full\"><img decoding=\"async\" width=\"1199\" height=\"797\" data-src=\"https:\/\/www.meydan.tv\/wp-content\/uploads\/xinxariciisler_dsc0018_238.jpg\" alt=\"\" class=\"wp-image-230171 lazyload\" src=\"data:image\/svg+xml;base64,PHN2ZyB3aWR0aD0iMSIgaGVpZ2h0PSIxIiB4bWxucz0iaHR0cDovL3d3dy53My5vcmcvMjAwMC9zdmciPjwvc3ZnPg==\" style=\"--smush-placeholder-width: 1199px; --smush-placeholder-aspect-ratio: 1199\/797;\" \/><figcaption class=\"wp-element-caption\">Foto: X\u0130N<\/figcaption><\/figure>\n<\/div>\n\n\n<p>X\u0130N Fransan\u0131 Az\u0259rbaycana qar\u015f\u0131 \u0259sass\u0131z iddialar\u0131n\u0131 dayand\u0131rma\u011fa \u00e7a\u011f\u0131r\u0131b.<\/p>\n\n\n\n<p>Kaledoniyada etirazlara s\u0259b\u0259b olan yeni qanuna qar\u015f\u0131 olanlar d\u00fc\u015f\u00fcn\u00fcr ki, bu, yerli \u0259halinin se\u00e7ki imkanlar\u0131n\u0131 z\u0259ifl\u0259d\u0259c\u0259k v\u0259 Parisin t\u0259sirini art\u0131racaq.<\/p>\n\n\n\n<p>Aprelin \u0259vv\u0259lind\u0259 qanun layih\u0259sini Fransa Senat\u0131, may\u0131n 14-d\u0259 is\u0259 Milli Assambleya (parlamentin a\u015fa\u011f\u0131 palatas\u0131) t\u0259sdiql\u0259yib. Yekun t\u0259sdiq iyunun \u0259vv\u0259lin\u0259 planla\u015fd\u0131r\u0131l\u0131r. 2018-ci ild\u0259n 2021-ci il\u0259 q\u0259d\u0259r Yeni Kaledoniyada Fransadan m\u00fcst\u0259qillik \u0259ld\u0259 etm\u0259k \u00fc\u00e7\u00fcn \u00fc\u00e7 referendum ke\u00e7irilib. Onlar\u0131n h\u0259r biri m\u00fcst\u0259qillik t\u0259r\u0259fdarlar\u0131n\u0131n m\u0259\u011flubiyy\u0259ti il\u0259 ba\u015fa \u00e7at\u0131b.<\/p>\n","protected":false},"excerpt":{"rendered":"","protected":false},"author":8,"featured_media":261060,"comment_status":"closed","ping_status":"closed","sticky":false,"template":"","format":"standard","meta":{"_acf_changed":false,"_sitemap_exclude":false,"_sitemap_priority":"","_sitemap_frequency":"","footnotes":""},"categories":[59,79,63,56],"tags":[],"class_list":["post-305906","post","type-post","status-publish","format-standard","has-post-thumbnail","hentry","category-siyaset","category-featured","category-video-2","category-xeberler","infinite-scroll-item","generate-columns","tablet-grid-50","mobile-grid-100","grid-parent","grid-33","no-featured-image-padding"],"acf":[],"yoast_head":"<!-- This site is optimized with the Yoast SEO plugin v27.4 - https:\/\/yoast.com\/product\/yoast-seo-wordpress\/ -->\n<title>Fransal\u0131 nazir Yeni Kaledoniyadak\u0131 i\u011fti\u015fa\u015fla ba\u011fl\u0131 Az\u0259rbaycan\u0131n ad\u0131n\u0131 halland\u0131r\u0131b - MEYDAN.TV<\/title>\n<meta name=\"robots\" content=\"index, follow, max-snippet:-1, max-image-preview:large, max-video-preview:-1\" \/>\n<link rel=\"canonical\" href=\"https:\/\/www.meydan.tv\/az\/article\/fransali-nazir-yeni-kaledoniyadaki-igtisasla-bagli-azerbaycanin-adini-hallandirib\/\" \/>\n<meta property=\"og:locale\" content=\"az_AZ\" \/>\n<meta property=\"og:type\" content=\"article\" \/>\n<meta property=\"og:title\" content=\"Fransal\u0131 nazir Yeni Kaledoniyadak\u0131 i\u011fti\u015fa\u015fla ba\u011fl\u0131 Az\u0259rbaycan\u0131n ad\u0131n\u0131 halland\u0131r\u0131b - MEYDAN.TV\" \/>\n<meta property=\"og:url\" content=\"https:\/\/www.meydan.tv\/az\/article\/fransali-nazir-yeni-kaledoniyadaki-igtisasla-bagli-azerbaycanin-adini-hallandirib\/\" \/>\n<meta property=\"og:site_name\" content=\"MEYDAN.TV\" \/>\n<meta property=\"article:published_time\" content=\"2024-05-16T09:54:18+00:00\" \/>\n<meta property=\"article:modified_time\" content=\"2024-05-17T06:38:20+00:00\" \/>\n<meta property=\"og:image\" content=\"https:\/\/www.meydan.tv\/wp-content\/uploads\/shutterstock_1476399065.jpg\" \/>\n\t<meta property=\"og:image:width\" content=\"1200\" \/>\n\t<meta property=\"og:image:height\" content=\"399\" \/>\n\t<meta property=\"og:image:type\" content=\"image\/jpeg\" \/>\n<meta name=\"author\" content=\"elli\" \/>\n<meta name=\"twitter:card\" content=\"summary_large_image\" \/>\n<meta name=\"twitter:creator\" content=\"@elli\" \/>\n<script type=\"application\/ld+json\" class=\"yoast-schema-graph\">{\"@context\":\"https:\\\/\\\/schema.org\",\"@graph\":[{\"@type\":\"Article\",\"@id\":\"https:\\\/\\\/www.meydan.tv\\\/az\\\/article\\\/fransali-nazir-yeni-kaledoniyadaki-igtisasla-bagli-azerbaycanin-adini-hallandirib\\\/#article\",\"isPartOf\":{\"@id\":\"https:\\\/\\\/www.meydan.tv\\\/az\\\/article\\\/fransali-nazir-yeni-kaledoniyadaki-igtisasla-bagli-azerbaycanin-adini-hallandirib\\\/\"},\"author\":{\"name\":\"elli\",\"@id\":\"https:\\\/\\\/www.meydan.tv\\\/az\\\/#\\\/schema\\\/person\\\/9cdbecf90d17180ce1dfbd95b08dcf47\"},\"headline\":\"Fransal\u0131 nazir Yeni Kaledoniyadak\u0131 i\u011fti\u015fa\u015fla ba\u011fl\u0131 Az\u0259rbaycan\u0131n ad\u0131n\u0131 halland\u0131r\u0131b\",\"datePublished\":\"2024-05-16T09:54:18+00:00\",\"dateModified\":\"2024-05-17T06:38:20+00:00\",\"mainEntityOfPage\":{\"@id\":\"https:\\\/\\\/www.meydan.tv\\\/az\\\/article\\\/fransali-nazir-yeni-kaledoniyadaki-igtisasla-bagli-azerbaycanin-adini-hallandirib\\\/\"},\"wordCount\":572,\"publisher\":{\"@id\":\"https:\\\/\\\/www.meydan.tv\\\/az\\\/#organization\"},\"image\":{\"@id\":\"https:\\\/\\\/www.meydan.tv\\\/az\\\/article\\\/fransali-nazir-yeni-kaledoniyadaki-igtisasla-bagli-azerbaycanin-adini-hallandirib\\\/#primaryimage\"},\"thumbnailUrl\":\"https:\\\/\\\/www.meydan.tv\\\/wp-content\\\/uploads\\\/shutterstock_1476399065.jpg\",\"articleSection\":[\"Siyas\u0259t\",\"T\u00f6vsiy\u0259\",\"Video\",\"X\u0259b\u0259rl\u0259r\"],\"inLanguage\":\"az\"},{\"@type\":\"WebPage\",\"@id\":\"https:\\\/\\\/www.meydan.tv\\\/az\\\/article\\\/fransali-nazir-yeni-kaledoniyadaki-igtisasla-bagli-azerbaycanin-adini-hallandirib\\\/\",\"url\":\"https:\\\/\\\/www.meydan.tv\\\/az\\\/article\\\/fransali-nazir-yeni-kaledoniyadaki-igtisasla-bagli-azerbaycanin-adini-hallandirib\\\/\",\"name\":\"Fransal\u0131 nazir Yeni Kaledoniyadak\u0131 i\u011fti\u015fa\u015fla ba\u011fl\u0131 Az\u0259rbaycan\u0131n ad\u0131n\u0131 halland\u0131r\u0131b - MEYDAN.TV\",\"isPartOf\":{\"@id\":\"https:\\\/\\\/www.meydan.tv\\\/az\\\/#website\"},\"primaryImageOfPage\":{\"@id\":\"https:\\\/\\\/www.meydan.tv\\\/az\\\/article\\\/fransali-nazir-yeni-kaledoniyadaki-igtisasla-bagli-azerbaycanin-adini-hallandirib\\\/#primaryimage\"},\"image\":{\"@id\":\"https:\\\/\\\/www.meydan.tv\\\/az\\\/article\\\/fransali-nazir-yeni-kaledoniyadaki-igtisasla-bagli-azerbaycanin-adini-hallandirib\\\/#primaryimage\"},\"thumbnailUrl\":\"https:\\\/\\\/www.meydan.tv\\\/wp-content\\\/uploads\\\/shutterstock_1476399065.jpg\",\"datePublished\":\"2024-05-16T09:54:18+00:00\",\"dateModified\":\"2024-05-17T06:38:20+00:00\",\"breadcrumb\":{\"@id\":\"https:\\\/\\\/www.meydan.tv\\\/az\\\/article\\\/fransali-nazir-yeni-kaledoniyadaki-igtisasla-bagli-azerbaycanin-adini-hallandirib\\\/#breadcrumb\"},\"inLanguage\":\"az\",\"potentialAction\":[{\"@type\":\"ReadAction\",\"target\":[\"https:\\\/\\\/www.meydan.tv\\\/az\\\/article\\\/fransali-nazir-yeni-kaledoniyadaki-igtisasla-bagli-azerbaycanin-adini-hallandirib\\\/\"]}]},{\"@type\":\"ImageObject\",\"inLanguage\":\"az\",\"@id\":\"https:\\\/\\\/www.meydan.tv\\\/az\\\/article\\\/fransali-nazir-yeni-kaledoniyadaki-igtisasla-bagli-azerbaycanin-adini-hallandirib\\\/#primaryimage\",\"url\":\"https:\\\/\\\/www.meydan.tv\\\/wp-content\\\/uploads\\\/shutterstock_1476399065.jpg\",\"contentUrl\":\"https:\\\/\\\/www.meydan.tv\\\/wp-content\\\/uploads\\\/shutterstock_1476399065.jpg\",\"width\":1200,\"height\":399,\"caption\":\"Fransa-Az\u0259rbaycan. M\u0259nb\u0259: vladm\\\/shutterstock\"},{\"@type\":\"BreadcrumbList\",\"@id\":\"https:\\\/\\\/www.meydan.tv\\\/az\\\/article\\\/fransali-nazir-yeni-kaledoniyadaki-igtisasla-bagli-azerbaycanin-adini-hallandirib\\\/#breadcrumb\",\"itemListElement\":[{\"@type\":\"ListItem\",\"position\":1,\"name\":\"Ana s\u0259hif\u0259\",\"item\":\"https:\\\/\\\/www.meydan.tv\\\/az\\\/\"},{\"@type\":\"ListItem\",\"position\":2,\"name\":\"Siyas\u0259t\",\"item\":\"https:\\\/\\\/www.meydan.tv\\\/az\\\/section\\\/siyaset\\\/\"},{\"@type\":\"ListItem\",\"position\":3,\"name\":\"Fransal\u0131 nazir Yeni Kaledoniyadak\u0131 i\u011fti\u015fa\u015fla ba\u011fl\u0131 Az\u0259rbaycan\u0131n ad\u0131n\u0131 halland\u0131r\u0131b\"}]},{\"@type\":\"WebSite\",\"@id\":\"https:\\\/\\\/www.meydan.tv\\\/az\\\/#website\",\"url\":\"https:\\\/\\\/www.meydan.tv\\\/az\\\/\",\"name\":\"MEYDAN.TV\",\"description\":\"Meydan TV Az\u0259rbaycan\u0131n media m\u0259kan\u0131ndak\u0131 alternativ s\u0259sidir\",\"publisher\":{\"@id\":\"https:\\\/\\\/www.meydan.tv\\\/az\\\/#organization\"},\"potentialAction\":[{\"@type\":\"SearchAction\",\"target\":{\"@type\":\"EntryPoint\",\"urlTemplate\":\"https:\\\/\\\/www.meydan.tv\\\/az\\\/?s={search_term_string}\"},\"query-input\":{\"@type\":\"PropertyValueSpecification\",\"valueRequired\":true,\"valueName\":\"search_term_string\"}}],\"inLanguage\":\"az\"},{\"@type\":\"Organization\",\"@id\":\"https:\\\/\\\/www.meydan.tv\\\/az\\\/#organization\",\"name\":\"Meydan TV\",\"url\":\"https:\\\/\\\/www.meydan.tv\\\/az\\\/\",\"logo\":{\"@type\":\"ImageObject\",\"inLanguage\":\"az\",\"@id\":\"https:\\\/\\\/www.meydan.tv\\\/az\\\/#\\\/schema\\\/logo\\\/image\\\/\",\"url\":\"https:\\\/\\\/www.meydan.tv\\\/wp-content\\\/uploads\\\/2021\\\/07\\\/meydan-logo.svg\",\"contentUrl\":\"https:\\\/\\\/www.meydan.tv\\\/wp-content\\\/uploads\\\/2021\\\/07\\\/meydan-logo.svg\",\"width\":195,\"height\":46,\"caption\":\"Meydan TV\"},\"image\":{\"@id\":\"https:\\\/\\\/www.meydan.tv\\\/az\\\/#\\\/schema\\\/logo\\\/image\\\/\"}},{\"@type\":\"Person\",\"@id\":\"https:\\\/\\\/www.meydan.tv\\\/az\\\/#\\\/schema\\\/person\\\/9cdbecf90d17180ce1dfbd95b08dcf47\",\"name\":\"elli\",\"sameAs\":[\"https:\\\/\\\/x.com\\\/elli\"]}]}<\/script>\n<!-- \/ Yoast SEO plugin. -->","yoast_head_json":{"title":"Fransal\u0131 nazir Yeni Kaledoniyadak\u0131 i\u011fti\u015fa\u015fla ba\u011fl\u0131 Az\u0259rbaycan\u0131n ad\u0131n\u0131 halland\u0131r\u0131b - MEYDAN.TV","robots":{"index":"index","follow":"follow","max-snippet":"max-snippet:-1","max-image-preview":"max-image-preview:large","max-video-preview":"max-video-preview:-1"},"canonical":"https:\/\/www.meydan.tv\/az\/article\/fransali-nazir-yeni-kaledoniyadaki-igtisasla-bagli-azerbaycanin-adini-hallandirib\/","og_locale":"az_AZ","og_type":"article","og_title":"Fransal\u0131 nazir Yeni Kaledoniyadak\u0131 i\u011fti\u015fa\u015fla ba\u011fl\u0131 Az\u0259rbaycan\u0131n ad\u0131n\u0131 halland\u0131r\u0131b - MEYDAN.TV","og_url":"https:\/\/www.meydan.tv\/az\/article\/fransali-nazir-yeni-kaledoniyadaki-igtisasla-bagli-azerbaycanin-adini-hallandirib\/","og_site_name":"MEYDAN.TV","article_published_time":"2024-05-16T09:54:18+00:00","article_modified_time":"2024-05-17T06:38:20+00:00","og_image":[{"width":1200,"height":399,"url":"https:\/\/www.meydan.tv\/wp-content\/uploads\/shutterstock_1476399065.jpg","type":"image\/jpeg"}],"author":"elli","twitter_card":"summary_large_image","twitter_creator":"@elli","schema":{"@context":"https:\/\/schema.org","@graph":[{"@type":"Article","@id":"https:\/\/www.meydan.tv\/az\/article\/fransali-nazir-yeni-kaledoniyadaki-igtisasla-bagli-azerbaycanin-adini-hallandirib\/#article","isPartOf":{"@id":"https:\/\/www.meydan.tv\/az\/article\/fransali-nazir-yeni-kaledoniyadaki-igtisasla-bagli-azerbaycanin-adini-hallandirib\/"},"author":{"name":"elli","@id":"https:\/\/www.meydan.tv\/az\/#\/schema\/person\/9cdbecf90d17180ce1dfbd95b08dcf47"},"headline":"Fransal\u0131 nazir Yeni Kaledoniyadak\u0131 i\u011fti\u015fa\u015fla ba\u011fl\u0131 Az\u0259rbaycan\u0131n ad\u0131n\u0131 halland\u0131r\u0131b","datePublished":"2024-05-16T09:54:18+00:00","dateModified":"2024-05-17T06:38:20+00:00","mainEntityOfPage":{"@id":"https:\/\/www.meydan.tv\/az\/article\/fransali-nazir-yeni-kaledoniyadaki-igtisasla-bagli-azerbaycanin-adini-hallandirib\/"},"wordCount":572,"publisher":{"@id":"https:\/\/www.meydan.tv\/az\/#organization"},"image":{"@id":"https:\/\/www.meydan.tv\/az\/article\/fransali-nazir-yeni-kaledoniyadaki-igtisasla-bagli-azerbaycanin-adini-hallandirib\/#primaryimage"},"thumbnailUrl":"https:\/\/www.meydan.tv\/wp-content\/uploads\/shutterstock_1476399065.jpg","articleSection":["Siyas\u0259t","T\u00f6vsiy\u0259","Video","X\u0259b\u0259rl\u0259r"],"inLanguage":"az"},{"@type":"WebPage","@id":"https:\/\/www.meydan.tv\/az\/article\/fransali-nazir-yeni-kaledoniyadaki-igtisasla-bagli-azerbaycanin-adini-hallandirib\/","url":"https:\/\/www.meydan.tv\/az\/article\/fransali-nazir-yeni-kaledoniyadaki-igtisasla-bagli-azerbaycanin-adini-hallandirib\/","name":"Fransal\u0131 nazir Yeni Kaledoniyadak\u0131 i\u011fti\u015fa\u015fla ba\u011fl\u0131 Az\u0259rbaycan\u0131n ad\u0131n\u0131 halland\u0131r\u0131b - MEYDAN.TV","isPartOf":{"@id":"https:\/\/www.meydan.tv\/az\/#website"},"primaryImageOfPage":{"@id":"https:\/\/www.meydan.tv\/az\/article\/fransali-nazir-yeni-kaledoniyadaki-igtisasla-bagli-azerbaycanin-adini-hallandirib\/#primaryimage"},"image":{"@id":"https:\/\/www.meydan.tv\/az\/article\/fransali-nazir-yeni-kaledoniyadaki-igtisasla-bagli-azerbaycanin-adini-hallandirib\/#primaryimage"},"thumbnailUrl":"https:\/\/www.meydan.tv\/wp-content\/uploads\/shutterstock_1476399065.jpg","datePublished":"2024-05-16T09:54:18+00:00","dateModified":"2024-05-17T06:38:20+00:00","breadcrumb":{"@id":"https:\/\/www.meydan.tv\/az\/article\/fransali-nazir-yeni-kaledoniyadaki-igtisasla-bagli-azerbaycanin-adini-hallandirib\/#breadcrumb"},"inLanguage":"az","potentialAction":[{"@type":"ReadAction","target":["https:\/\/www.meydan.tv\/az\/article\/fransali-nazir-yeni-kaledoniyadaki-igtisasla-bagli-azerbaycanin-adini-hallandirib\/"]}]},{"@type":"ImageObject","inLanguage":"az","@id":"https:\/\/www.meydan.tv\/az\/article\/fransali-nazir-yeni-kaledoniyadaki-igtisasla-bagli-azerbaycanin-adini-hallandirib\/#primaryimage","url":"https:\/\/www.meydan.tv\/wp-content\/uploads\/shutterstock_1476399065.jpg","contentUrl":"https:\/\/www.meydan.tv\/wp-content\/uploads\/shutterstock_1476399065.jpg","width":1200,"height":399,"caption":"Fransa-Az\u0259rbaycan. M\u0259nb\u0259: vladm\/shutterstock"},{"@type":"BreadcrumbList","@id":"https:\/\/www.meydan.tv\/az\/article\/fransali-nazir-yeni-kaledoniyadaki-igtisasla-bagli-azerbaycanin-adini-hallandirib\/#breadcrumb","itemListElement":[{"@type":"ListItem","position":1,"name":"Ana s\u0259hif\u0259","item":"https:\/\/www.meydan.tv\/az\/"},{"@type":"ListItem","position":2,"name":"Siyas\u0259t","item":"https:\/\/www.meydan.tv\/az\/section\/siyaset\/"},{"@type":"ListItem","position":3,"name":"Fransal\u0131 nazir Yeni Kaledoniyadak\u0131 i\u011fti\u015fa\u015fla ba\u011fl\u0131 Az\u0259rbaycan\u0131n ad\u0131n\u0131 halland\u0131r\u0131b"}]},{"@type":"WebSite","@id":"https:\/\/www.meydan.tv\/az\/#website","url":"https:\/\/www.meydan.tv\/az\/","name":"MEYDAN.TV","description":"Meydan TV Az\u0259rbaycan\u0131n media m\u0259kan\u0131ndak\u0131 alternativ s\u0259sidir","publisher":{"@id":"https:\/\/www.meydan.tv\/az\/#organization"},"potentialAction":[{"@type":"SearchAction","target":{"@type":"EntryPoint","urlTemplate":"https:\/\/www.meydan.tv\/az\/?s={search_term_string}"},"query-input":{"@type":"PropertyValueSpecification","valueRequired":true,"valueName":"search_term_string"}}],"inLanguage":"az"},{"@type":"Organization","@id":"https:\/\/www.meydan.tv\/az\/#organization","name":"Meydan TV","url":"https:\/\/www.meydan.tv\/az\/","logo":{"@type":"ImageObject","inLanguage":"az","@id":"https:\/\/www.meydan.tv\/az\/#\/schema\/logo\/image\/","url":"https:\/\/www.meydan.tv\/wp-content\/uploads\/2021\/07\/meydan-logo.svg","contentUrl":"https:\/\/www.meydan.tv\/wp-content\/uploads\/2021\/07\/meydan-logo.svg","width":195,"height":46,"caption":"Meydan TV"},"image":{"@id":"https:\/\/www.meydan.tv\/az\/#\/schema\/logo\/image\/"}},{"@type":"Person","@id":"https:\/\/www.meydan.tv\/az\/#\/schema\/person\/9cdbecf90d17180ce1dfbd95b08dcf47","name":"elli","sameAs":["https:\/\/x.com\/elli"]}]}},"_links":{"self":[{"href":"https:\/\/www.meydan.tv\/az\/wp-json\/wp\/v2\/posts\/305906","targetHints":{"allow":["GET"]}}],"collection":[{"href":"https:\/\/www.meydan.tv\/az\/wp-json\/wp\/v2\/posts"}],"about":[{"href":"https:\/\/www.meydan.tv\/az\/wp-json\/wp\/v2\/types\/post"}],"author":[{"embeddable":true,"href":"https:\/\/www.meydan.tv\/az\/wp-json\/wp\/v2\/users\/8"}],"replies":[{"embeddable":true,"href":"https:\/\/www.meydan.tv\/az\/wp-json\/wp\/v2\/comments?post=305906"}],"version-history":[{"count":4,"href":"https:\/\/www.meydan.tv\/az\/wp-json\/wp\/v2\/posts\/305906\/revisions"}],"predecessor-version":[{"id":305969,"href":"https:\/\/www.meydan.tv\/az\/wp-json\/wp\/v2\/posts\/305906\/revisions\/305969"}],"wp:featuredmedia":[{"embeddable":true,"href":"https:\/\/www.meydan.tv\/az\/wp-json\/wp\/v2\/media\/261060"}],"wp:attachment":[{"href":"https:\/\/www.meydan.tv\/az\/wp-json\/wp\/v2\/media?parent=305906"}],"wp:term":[{"taxonomy":"category","embeddable":true,"href":"https:\/\/www.meydan.tv\/az\/wp-json\/wp\/v2\/categories?post=305906"},{"taxonomy":"post_tag","embeddable":true,"href":"https:\/\/www.meydan.tv\/az\/wp-json\/wp\/v2\/tags?post=305906"}],"curies":[{"name":"wp","href":"https:\/\/api.w.org\/{rel}","templated":true}]}}