{"id":305786,"date":"2024-05-15T12:26:57","date_gmt":"2024-05-15T08:26:57","guid":{"rendered":"https:\/\/www.meydan.tv\/?p=305786"},"modified":"2024-05-15T12:27:01","modified_gmt":"2024-05-15T08:27:01","slug":"sayt-rehberi-hakimin-davranisina-etiraz-olaraq-acliq-edir","status":"publish","type":"post","link":"https:\/\/www.meydan.tv\/az\/article\/sayt-rehberi-hakimin-davranisina-etiraz-olaraq-acliq-edir\/","title":{"rendered":"Sayt r\u0259hb\u0259ri hakimin davran\u0131\u015f\u0131na etiraz olaraq acl\u0131q edir"},"content":{"rendered":"\n<p><\/p>\n\n\n\n<p>\u201c<strong><em>Hakimiyy\u0259t \u00f6l\u00fcm\u00fcml\u0259 rahatla\u015facaqsa, \u00f6l\u0259r\u0259m\u201d<\/em><\/strong><\/p>\n\n\n\n<p>G\u00f6yg\u00f6l rayon sakini, G\u0259nc\u0259d\u0259ki 2 sayl\u0131 istintaq t\u0259cridxanas\u0131nda saxlan\u0131lan Osman Rzayevin h\u0259bsd\u0259 acl\u0131q etdiyi bildirilir. <\/p>\n\n\n\n<p>Bu bar\u0259d\u0259 Meydan TV-y\u0259 dan\u0131\u015fan Arzu Rzayeva deyir ki, h\u0259yat yolda\u015f\u0131 qanunsuz h\u0259bsin\u0259, x\u00fcsusil\u0259 d\u0259 haz\u0131rda G\u0259nc\u0259 Apelyasiya M\u0259hk\u0259m\u0259sind\u0259 onun i\u015fin\u0259 baxan hakiml\u0259rin davran\u0131\u015f\u0131na etiraz olaraq, \u00f6z\u00fcn\u0259 q\u0259sd edir.<\/p>\n\n\n\n<p>\u201cDemokratik.az\u201d sayt\u0131n\u0131n r\u0259hb\u0259ri olan 40 ya\u015fl\u0131 Osman Rzayev iki il\u0259 yax\u0131nd\u0131r ki, h\u0259bsd\u0259dir. Osman N\u0259rimano\u011flu kimi tan\u0131nan sayt r\u0259hb\u0259rin\u0259 2023-c\u00fc ilin yanvar\u0131nda 6 il 6 ay h\u0259bs c\u0259zas\u0131 k\u0259silib. O, G\u00f6yg\u00f6l Rayon M\u0259rk\u0259zi X\u0259st\u0259xanas\u0131n\u0131n r\u0259hb\u0259rliyi v\u0259 \u0259m\u0259kda\u015flar\u0131 da daxil olmaqla, 9 n\u0259f\u0259ri saytda r\u00fcsvay etm\u0259kl\u0259 h\u0259d\u0259l\u0259yib, pul almaqda ittiham olunur. \u00d6z\u00fc is\u0259 bu ittiham\u0131 r\u0259dd edir, ya\u015fad\u0131\u011f\u0131 rayonun x\u0259st\u0259xanas\u0131nda ba\u015f ver\u0259n korrupsiyan\u0131, d\u0259rman maxinasiyalar\u0131n\u0131 ictimail\u0259\u015fdirdiyin\u0259 g\u00f6r\u0259 c\u0259zaland\u0131r\u0131ld\u0131\u011f\u0131n\u0131 deyir. O bildirir ki, x\u0259st\u0259xanan\u0131n direktoru Vasif \u018fliyevin rayonun prokuroru il\u0259 yax\u0131n m\u00fcnasib\u0259tl\u0259ri var. Bu m\u00fcnasib\u0259tl\u0259rd\u0259n d\u0259 istifad\u0259 ed\u0259r\u0259k, onu c\u0259zaland\u0131r\u0131b.<\/p>\n\n\n\n<p><strong>\u201cSanki m\u0259hk\u0259m\u0259 zal\u0131nda yox, k\u00fc\u00e7\u0259d\u0259dir\u201d<\/strong><\/p>\n\n\n\n<p>Osman N\u0259rimano\u011flu h\u00f6kmd\u0259n \u015fikay\u0259t verib v\u0259 xeyli vaxtd\u0131r ki, bu i\u015f\u0259 G\u0259nc\u0259 Apelyasiya M\u0259hk\u0259m\u0259sind\u0259 bax\u0131l\u0131r. Apelyasiya \u015fikay\u0259ti hakim Salman H\u00fcseynovun icraat\u0131ndad\u0131r.<br>Arzu Rzayeva deyir ki, h\u0259yat yolda\u015f\u0131n\u0131 hakimin ona qar\u015f\u0131 kobud davran\u0131\u015f\u0131, q\u0259r\u0259zli m\u00fcnasib\u0259ti vadar edib:<\/p>\n\n\n\n<figure class=\"wp-block-image size-full\"><img decoding=\"async\" width=\"1200\" height=\"723\" data-src=\"https:\/\/www.meydan.tv\/wp-content\/uploads\/g-nc-apellyasiya-m-hk-m-sin-milyon-cox-v-sait-ayrilib.jpg\" alt=\"\" class=\"wp-image-243500 lazyload\" src=\"data:image\/svg+xml;base64,PHN2ZyB3aWR0aD0iMSIgaGVpZ2h0PSIxIiB4bWxucz0iaHR0cDovL3d3dy53My5vcmcvMjAwMC9zdmciPjwvc3ZnPg==\" style=\"--smush-placeholder-width: 1200px; --smush-placeholder-aspect-ratio: 1200\/723;\" \/><figcaption class=\"wp-element-caption\">G\u0259nc\u0259 Apelyasiya M\u0259hk\u0259m\u0259si. Foto: &#8220;gancapost.info\/&#8221;<\/figcaption><\/figure>\n\n\n\n<p><em>\u201cOsmana dan\u0131\u015fma\u011fa imkan vermir. \u00c7ox kobud, hakim\u0259 yara\u015fmayan ifad\u0259l\u0259r i\u015fl\u0259dir. Sanki m\u0259hk\u0259m\u0259 zal\u0131nda yox, k\u00fc\u00e7\u0259d\u0259dir. M\u0259hk\u0259m\u0259 iclaslar\u0131 fasil\u0259siz video v\u0259 audioyaz\u0131 il\u0259 apar\u0131lmal\u0131d\u0131r. Osman s\u00f6z dey\u0259n kimi, ekranda g\u00f6r\u00fcrs\u0259n ki, video s\u00f6nd\u00fcr\u00fcld\u00fc. Niy\u0259? S\u00fcbut\u0131ar\u0131 gizl\u0259tm\u0259k \u00fc\u00e7\u00fcn. \u00d6z\u00fc q\u0131\u015fq\u0131r\u0131r, g\u00fcl\u00fcr, sanki la\u011fa qoyur. El\u0259 bil insan taleyini h\u0259ll el\u0259mir. Osman da g\u00f6rd\u00fc ki, ba\u015fqa \u00e7ar\u0259si yoxdur, may\u0131n 13-d\u0259n acl\u0131q edir. Deyir ki, h\u00fcquqlar\u0131m b\u0259rpa olunana q\u0259d\u0259r dayand\u0131rmayaca\u011fam, onsuz bel\u0259 d\u0259 \u00f6ld\u00fcr\u00fcrl\u0259r m\u0259ni\u2026\u201d.<\/em><\/p>\n\n\n\n<p><strong>\u201cBu i\u015f x\u0131rda m\u0259murluq deyil, daha yuxar\u0131 s\u0259viyy\u0259d\u0259 sifari\u015f g\u0259lib\u201d<\/strong><\/p>\n\n\n\n<p>Arzu Rzayevan\u0131n s\u00f6zl\u0259rin\u0259 g\u00f6r\u0259, h\u0259yat yolda\u015f\u0131n\u0131n i\u015find\u0259 z\u0259r\u0259r\u00e7\u0259kmi\u015f qismind\u0259 tan\u0131nanlar m\u0259hk\u0259m\u0259y\u0259 g\u0259lmir. Osman N\u0259rimano\u011flu onlar\u0131n g\u0259tirilm\u0259sini t\u0259l\u0259b edir, m\u0259hk\u0259m\u0259 prosesinin uzad\u0131lmas\u0131na etiraz\u0131n\u0131 bildirir:<\/p>\n\n\n\n<p><em>\u201cArt\u0131q bel\u0259 fikir formala\u015f\u0131b ki, apelyasiya m\u0259hk\u0259m\u0259si qanunsuz, sifari\u015fli h\u00f6km\u00fc q\u00fcvv\u0259d\u0259 saxlayacaq. He\u00e7 bir d\u0259lil-s\u00fcbut olmadan adama 6 il yar\u0131m c\u0259za verilib, apelyasiya m\u0259hk\u0259m\u0259si d\u0259 bunu ara\u015fd\u0131rmaq ist\u0259mir. Ortada n\u0259 \u015f\u0259kil, n\u0259 video, n\u0259 s\u0259s yaz\u0131s\u0131 var. O hesab edir ki, bu i\u015f x\u0131rda m\u0259murluq deyil, daha yuxar\u0131 s\u0259viyy\u0259d\u0259 sifari\u015f g\u0259lib, ona g\u00f6r\u0259 bel\u0259 rahat \u015f\u0259kild\u0259 bir adam\u0131n, bir ail\u0259nin \u00f6mr\u00fcn\u00fc \u00e7\u00fcr\u00fcd\u00fcrl\u0259r. Ona g\u00f6r\u0259 bu h\u00f6kum\u0259td\u0259n q\u0259ti \u015f\u0259kild\u0259 naraz\u0131d\u0131r. Ayd\u0131n g\u00f6r\u00fcn\u00fcr ki, Osman\u0131n yayd\u0131\u011f\u0131 t\u0259nqidi materiallar kiml\u0259ris\u0259 narahat edib, ona g\u00f6r\u0259 c\u0259zaland\u0131r\u0131blar. X\u0259st\u0259xana ata m\u00fclki kimi talan\u0131r, x\u0259st\u0259l\u0259r d\u0259rmans\u0131z qald\u0131\u011f\u0131 halda, veril\u0259n d\u0259rmanlar \u015f\u0259xsi aptekl\u0259rd\u0259 sat\u0131l\u0131r. Bunlar\u0131 yazd\u0131\u011f\u0131na g\u00f6r\u0259 Osman c\u0259zaland\u0131r\u0131l\u0131r, amma bu cinay\u0259tl\u0259ri el\u0259y\u0259nl\u0259r yox\u2026\u201d.<\/em><\/p>\n\n\n<div class=\"wp-block-image\">\n<figure class=\"aligncenter size-large\"><img decoding=\"async\" width=\"891\" height=\"821\" data-src=\"https:\/\/www.meydan.tv\/wp-content\/uploads\/1-52-891x821.jpg\" alt=\"\" class=\"wp-image-301946 lazyload\" src=\"data:image\/svg+xml;base64,PHN2ZyB3aWR0aD0iMSIgaGVpZ2h0PSIxIiB4bWxucz0iaHR0cDovL3d3dy53My5vcmcvMjAwMC9zdmciPjwvc3ZnPg==\" style=\"--smush-placeholder-width: 891px; --smush-placeholder-aspect-ratio: 891\/821;\" \/><figcaption class=\"wp-element-caption\">Osman N\u0259rimano\u011flu v\u0259 Arzu Rzayeva. Foto: Meydan TV<\/figcaption><\/figure>\n<\/div>\n\n\n<p>H\u0259yat yolda\u015f\u0131n\u0131n s\u0259hh\u0259tind\u0259 ciddi probleml\u0259r oldu\u011funu dey\u0259n Arzu Rzayevan\u0131n s\u00f6zl\u0259rin\u0259 g\u00f6r\u0259, buna baxmayaraq, acl\u0131\u011f\u0131 dayand\u0131rmaq niyy\u0259tind\u0259 deyil:<\/p>\n\n\n\n<p><em>\u201c\u00c7ox \u00fcmidsiz v\u0259ziyy\u0259td\u0259dir. Deyir ki, bu hakimiyy\u0259t m\u0259nim \u00f6l\u00fcm\u00fcml\u0259 rahatla\u015facaqsa, m\u0259n \u00f6l\u0259r\u0259m. Acl\u0131\u011fa ba\u015flamas\u0131 haqda t\u0259cridxana r\u0259hb\u0259rliyin\u0259 m\u0259lumat verib. Onu ba\u015fqa kameraya k\u00f6\u00e7\u00fcr\u00fcbl\u0259r\u201d.<\/em><\/p>\n\n\n\n<p><strong>Penitensiar Xidm\u0259t t\u0259kzib edir<\/strong><\/p>\n\n\n\n<p>Penitensiar Xidm\u0259t is\u0259 Osman N\u0259rimano\u011flunun acl\u0131q etm\u0259si haqda dedikl\u0259rini t\u0259kzib edir. Qurumun ictimaiyy\u0259tl\u0259 \u0259laq\u0259l\u0259r \u015f\u00f6b\u0259sind\u0259n bildirilib ki, o, qida q\u0259bulundan imtina etm\u0259si il\u0259 ba\u011fl\u0131 t\u0259cridxana r\u0259hb\u0259rliyin\u0259 m\u00fcraci\u0259t etm\u0259yib:<\/p>\n\n\n\n<p><em>\u201cHaz\u0131rda dig\u0259r h\u0259bs edilmi\u015f \u015f\u0259xsl\u0259rl\u0259 bir kamerada saxlan\u0131l\u0131r. H\u0259bs edilmi\u015f \u015f\u0259xs qida q\u0259bulundan imtina etm\u0259si il\u0259 ba\u011fl\u0131 m\u00fcraci\u0259t etdiyi halda, onun s\u0259hh\u0259ti h\u0259kim n\u0259zar\u0259tin\u0259 g\u00f6t\u00fcr\u00fclm\u0259kl\u0259, dig\u0259rl\u0259rind\u0259n t\u0259crid edilmi\u015f \u015f\u0259raitd\u0259 saxlan\u0131lmas\u0131 t\u0259min olunacaq\u201d.<\/em><\/p>\n","protected":false},"excerpt":{"rendered":"<p>\u201cHakimiyy\u0259t \u00f6l\u00fcm\u00fcml\u0259 rahatla\u015facaqsa, \u00f6l\u0259r\u0259m\u201d G\u00f6yg\u00f6l rayon sakini, G\u0259nc\u0259d\u0259ki 2 sayl\u0131 &#8230; <\/p>\n<p class=\"read-more-container\"><a title=\"Sayt r\u0259hb\u0259ri hakimin davran\u0131\u015f\u0131na etiraz olaraq acl\u0131q edir\" class=\"read-more button\" href=\"https:\/\/www.meydan.tv\/az\/article\/sayt-rehberi-hakimin-davranisina-etiraz-olaraq-acliq-edir\/#more-305786\" aria-label=\"Read more about Sayt r\u0259hb\u0259ri hakimin davran\u0131\u015f\u0131na etiraz olaraq acl\u0131q edir\">Davam\u0131<\/a><\/p>\n","protected":false},"author":8,"featured_media":296163,"comment_status":"closed","ping_status":"closed","sticky":false,"template":"","format":"standard","meta":{"_acf_changed":false,"_sitemap_exclude":false,"_sitemap_priority":"","_sitemap_frequency":"","footnotes":""},"categories":[60,56],"tags":[],"class_list":["post-305786","post","type-post","status-publish","format-standard","has-post-thumbnail","hentry","category-bolge","category-xeberler","infinite-scroll-item","generate-columns","tablet-grid-50","mobile-grid-100","grid-parent","grid-33","no-featured-image-padding"],"acf":[],"yoast_head":"<!-- This site is optimized with the Yoast SEO plugin v27.4 - https:\/\/yoast.com\/product\/yoast-seo-wordpress\/ -->\n<title>Sayt r\u0259hb\u0259ri hakimin davran\u0131\u015f\u0131na etiraz olaraq acl\u0131q edir - MEYDAN.TV<\/title>\n<meta name=\"robots\" content=\"index, follow, max-snippet:-1, max-image-preview:large, max-video-preview:-1\" \/>\n<link rel=\"canonical\" href=\"https:\/\/www.meydan.tv\/az\/article\/sayt-rehberi-hakimin-davranisina-etiraz-olaraq-acliq-edir\/\" \/>\n<meta property=\"og:locale\" content=\"az_AZ\" \/>\n<meta property=\"og:type\" content=\"article\" \/>\n<meta property=\"og:title\" content=\"Sayt r\u0259hb\u0259ri hakimin davran\u0131\u015f\u0131na etiraz olaraq acl\u0131q edir - MEYDAN.TV\" \/>\n<meta property=\"og:description\" content=\"\u201cHakimiyy\u0259t \u00f6l\u00fcm\u00fcml\u0259 rahatla\u015facaqsa, \u00f6l\u0259r\u0259m\u201d G\u00f6yg\u00f6l rayon sakini, G\u0259nc\u0259d\u0259ki 2 sayl\u0131 ... Davam\u0131\" \/>\n<meta property=\"og:url\" content=\"https:\/\/www.meydan.tv\/az\/article\/sayt-rehberi-hakimin-davranisina-etiraz-olaraq-acliq-edir\/\" \/>\n<meta property=\"og:site_name\" content=\"MEYDAN.TV\" \/>\n<meta property=\"article:published_time\" content=\"2024-05-15T08:26:57+00:00\" \/>\n<meta property=\"article:modified_time\" content=\"2024-05-15T08:27:01+00:00\" \/>\n<meta property=\"og:image\" content=\"https:\/\/www.meydan.tv\/wp-content\/uploads\/photo_229703-e1715761584399.jpg\" \/>\n\t<meta property=\"og:image:width\" content=\"1200\" \/>\n\t<meta property=\"og:image:height\" content=\"590\" \/>\n\t<meta property=\"og:image:type\" content=\"image\/jpeg\" \/>\n<meta name=\"author\" content=\"elli\" \/>\n<meta name=\"twitter:card\" content=\"summary_large_image\" \/>\n<meta name=\"twitter:creator\" content=\"@elli\" \/>\n<script type=\"application\/ld+json\" class=\"yoast-schema-graph\">{\"@context\":\"https:\\\/\\\/schema.org\",\"@graph\":[{\"@type\":\"Article\",\"@id\":\"https:\\\/\\\/www.meydan.tv\\\/az\\\/article\\\/sayt-rehberi-hakimin-davranisina-etiraz-olaraq-acliq-edir\\\/#article\",\"isPartOf\":{\"@id\":\"https:\\\/\\\/www.meydan.tv\\\/az\\\/article\\\/sayt-rehberi-hakimin-davranisina-etiraz-olaraq-acliq-edir\\\/\"},\"author\":{\"name\":\"elli\",\"@id\":\"https:\\\/\\\/www.meydan.tv\\\/az\\\/#\\\/schema\\\/person\\\/9cdbecf90d17180ce1dfbd95b08dcf47\"},\"headline\":\"Sayt r\u0259hb\u0259ri hakimin davran\u0131\u015f\u0131na etiraz olaraq acl\u0131q edir\",\"datePublished\":\"2024-05-15T08:26:57+00:00\",\"dateModified\":\"2024-05-15T08:27:01+00:00\",\"mainEntityOfPage\":{\"@id\":\"https:\\\/\\\/www.meydan.tv\\\/az\\\/article\\\/sayt-rehberi-hakimin-davranisina-etiraz-olaraq-acliq-edir\\\/\"},\"wordCount\":892,\"publisher\":{\"@id\":\"https:\\\/\\\/www.meydan.tv\\\/az\\\/#organization\"},\"image\":{\"@id\":\"https:\\\/\\\/www.meydan.tv\\\/az\\\/article\\\/sayt-rehberi-hakimin-davranisina-etiraz-olaraq-acliq-edir\\\/#primaryimage\"},\"thumbnailUrl\":\"https:\\\/\\\/www.meydan.tv\\\/wp-content\\\/uploads\\\/photo_229703-e1715761584399.jpg\",\"articleSection\":[\"B\u00f6lg\u0259\",\"X\u0259b\u0259rl\u0259r\"],\"inLanguage\":\"az\"},{\"@type\":\"WebPage\",\"@id\":\"https:\\\/\\\/www.meydan.tv\\\/az\\\/article\\\/sayt-rehberi-hakimin-davranisina-etiraz-olaraq-acliq-edir\\\/\",\"url\":\"https:\\\/\\\/www.meydan.tv\\\/az\\\/article\\\/sayt-rehberi-hakimin-davranisina-etiraz-olaraq-acliq-edir\\\/\",\"name\":\"Sayt r\u0259hb\u0259ri hakimin davran\u0131\u015f\u0131na etiraz olaraq acl\u0131q edir - MEYDAN.TV\",\"isPartOf\":{\"@id\":\"https:\\\/\\\/www.meydan.tv\\\/az\\\/#website\"},\"primaryImageOfPage\":{\"@id\":\"https:\\\/\\\/www.meydan.tv\\\/az\\\/article\\\/sayt-rehberi-hakimin-davranisina-etiraz-olaraq-acliq-edir\\\/#primaryimage\"},\"image\":{\"@id\":\"https:\\\/\\\/www.meydan.tv\\\/az\\\/article\\\/sayt-rehberi-hakimin-davranisina-etiraz-olaraq-acliq-edir\\\/#primaryimage\"},\"thumbnailUrl\":\"https:\\\/\\\/www.meydan.tv\\\/wp-content\\\/uploads\\\/photo_229703-e1715761584399.jpg\",\"datePublished\":\"2024-05-15T08:26:57+00:00\",\"dateModified\":\"2024-05-15T08:27:01+00:00\",\"breadcrumb\":{\"@id\":\"https:\\\/\\\/www.meydan.tv\\\/az\\\/article\\\/sayt-rehberi-hakimin-davranisina-etiraz-olaraq-acliq-edir\\\/#breadcrumb\"},\"inLanguage\":\"az\",\"potentialAction\":[{\"@type\":\"ReadAction\",\"target\":[\"https:\\\/\\\/www.meydan.tv\\\/az\\\/article\\\/sayt-rehberi-hakimin-davranisina-etiraz-olaraq-acliq-edir\\\/\"]}]},{\"@type\":\"ImageObject\",\"inLanguage\":\"az\",\"@id\":\"https:\\\/\\\/www.meydan.tv\\\/az\\\/article\\\/sayt-rehberi-hakimin-davranisina-etiraz-olaraq-acliq-edir\\\/#primaryimage\",\"url\":\"https:\\\/\\\/www.meydan.tv\\\/wp-content\\\/uploads\\\/photo_229703-e1715761584399.jpg\",\"contentUrl\":\"https:\\\/\\\/www.meydan.tv\\\/wp-content\\\/uploads\\\/photo_229703-e1715761584399.jpg\",\"width\":1200,\"height\":590,\"caption\":\"Foto: Osman Rzayevin \u015f\u0259xsi arxivind\u0259n\"},{\"@type\":\"BreadcrumbList\",\"@id\":\"https:\\\/\\\/www.meydan.tv\\\/az\\\/article\\\/sayt-rehberi-hakimin-davranisina-etiraz-olaraq-acliq-edir\\\/#breadcrumb\",\"itemListElement\":[{\"@type\":\"ListItem\",\"position\":1,\"name\":\"Ana s\u0259hif\u0259\",\"item\":\"https:\\\/\\\/www.meydan.tv\\\/az\\\/\"},{\"@type\":\"ListItem\",\"position\":2,\"name\":\"B\u00f6lg\u0259\",\"item\":\"https:\\\/\\\/www.meydan.tv\\\/az\\\/section\\\/bolge\\\/\"},{\"@type\":\"ListItem\",\"position\":3,\"name\":\"Sayt r\u0259hb\u0259ri hakimin davran\u0131\u015f\u0131na etiraz olaraq acl\u0131q edir\"}]},{\"@type\":\"WebSite\",\"@id\":\"https:\\\/\\\/www.meydan.tv\\\/az\\\/#website\",\"url\":\"https:\\\/\\\/www.meydan.tv\\\/az\\\/\",\"name\":\"MEYDAN.TV\",\"description\":\"Meydan TV Az\u0259rbaycan\u0131n media m\u0259kan\u0131ndak\u0131 alternativ s\u0259sidir\",\"publisher\":{\"@id\":\"https:\\\/\\\/www.meydan.tv\\\/az\\\/#organization\"},\"potentialAction\":[{\"@type\":\"SearchAction\",\"target\":{\"@type\":\"EntryPoint\",\"urlTemplate\":\"https:\\\/\\\/www.meydan.tv\\\/az\\\/?s={search_term_string}\"},\"query-input\":{\"@type\":\"PropertyValueSpecification\",\"valueRequired\":true,\"valueName\":\"search_term_string\"}}],\"inLanguage\":\"az\"},{\"@type\":\"Organization\",\"@id\":\"https:\\\/\\\/www.meydan.tv\\\/az\\\/#organization\",\"name\":\"Meydan TV\",\"url\":\"https:\\\/\\\/www.meydan.tv\\\/az\\\/\",\"logo\":{\"@type\":\"ImageObject\",\"inLanguage\":\"az\",\"@id\":\"https:\\\/\\\/www.meydan.tv\\\/az\\\/#\\\/schema\\\/logo\\\/image\\\/\",\"url\":\"https:\\\/\\\/www.meydan.tv\\\/wp-content\\\/uploads\\\/2021\\\/07\\\/meydan-logo.svg\",\"contentUrl\":\"https:\\\/\\\/www.meydan.tv\\\/wp-content\\\/uploads\\\/2021\\\/07\\\/meydan-logo.svg\",\"width\":195,\"height\":46,\"caption\":\"Meydan TV\"},\"image\":{\"@id\":\"https:\\\/\\\/www.meydan.tv\\\/az\\\/#\\\/schema\\\/logo\\\/image\\\/\"}},{\"@type\":\"Person\",\"@id\":\"https:\\\/\\\/www.meydan.tv\\\/az\\\/#\\\/schema\\\/person\\\/9cdbecf90d17180ce1dfbd95b08dcf47\",\"name\":\"elli\",\"sameAs\":[\"https:\\\/\\\/x.com\\\/elli\"]}]}<\/script>\n<!-- \/ Yoast SEO plugin. -->","yoast_head_json":{"title":"Sayt r\u0259hb\u0259ri hakimin davran\u0131\u015f\u0131na etiraz olaraq acl\u0131q edir - MEYDAN.TV","robots":{"index":"index","follow":"follow","max-snippet":"max-snippet:-1","max-image-preview":"max-image-preview:large","max-video-preview":"max-video-preview:-1"},"canonical":"https:\/\/www.meydan.tv\/az\/article\/sayt-rehberi-hakimin-davranisina-etiraz-olaraq-acliq-edir\/","og_locale":"az_AZ","og_type":"article","og_title":"Sayt r\u0259hb\u0259ri hakimin davran\u0131\u015f\u0131na etiraz olaraq acl\u0131q edir - MEYDAN.TV","og_description":"\u201cHakimiyy\u0259t \u00f6l\u00fcm\u00fcml\u0259 rahatla\u015facaqsa, \u00f6l\u0259r\u0259m\u201d G\u00f6yg\u00f6l rayon sakini, G\u0259nc\u0259d\u0259ki 2 sayl\u0131 ... Davam\u0131","og_url":"https:\/\/www.meydan.tv\/az\/article\/sayt-rehberi-hakimin-davranisina-etiraz-olaraq-acliq-edir\/","og_site_name":"MEYDAN.TV","article_published_time":"2024-05-15T08:26:57+00:00","article_modified_time":"2024-05-15T08:27:01+00:00","og_image":[{"width":1200,"height":590,"url":"https:\/\/www.meydan.tv\/wp-content\/uploads\/photo_229703-e1715761584399.jpg","type":"image\/jpeg"}],"author":"elli","twitter_card":"summary_large_image","twitter_creator":"@elli","schema":{"@context":"https:\/\/schema.org","@graph":[{"@type":"Article","@id":"https:\/\/www.meydan.tv\/az\/article\/sayt-rehberi-hakimin-davranisina-etiraz-olaraq-acliq-edir\/#article","isPartOf":{"@id":"https:\/\/www.meydan.tv\/az\/article\/sayt-rehberi-hakimin-davranisina-etiraz-olaraq-acliq-edir\/"},"author":{"name":"elli","@id":"https:\/\/www.meydan.tv\/az\/#\/schema\/person\/9cdbecf90d17180ce1dfbd95b08dcf47"},"headline":"Sayt r\u0259hb\u0259ri hakimin davran\u0131\u015f\u0131na etiraz olaraq acl\u0131q edir","datePublished":"2024-05-15T08:26:57+00:00","dateModified":"2024-05-15T08:27:01+00:00","mainEntityOfPage":{"@id":"https:\/\/www.meydan.tv\/az\/article\/sayt-rehberi-hakimin-davranisina-etiraz-olaraq-acliq-edir\/"},"wordCount":892,"publisher":{"@id":"https:\/\/www.meydan.tv\/az\/#organization"},"image":{"@id":"https:\/\/www.meydan.tv\/az\/article\/sayt-rehberi-hakimin-davranisina-etiraz-olaraq-acliq-edir\/#primaryimage"},"thumbnailUrl":"https:\/\/www.meydan.tv\/wp-content\/uploads\/photo_229703-e1715761584399.jpg","articleSection":["B\u00f6lg\u0259","X\u0259b\u0259rl\u0259r"],"inLanguage":"az"},{"@type":"WebPage","@id":"https:\/\/www.meydan.tv\/az\/article\/sayt-rehberi-hakimin-davranisina-etiraz-olaraq-acliq-edir\/","url":"https:\/\/www.meydan.tv\/az\/article\/sayt-rehberi-hakimin-davranisina-etiraz-olaraq-acliq-edir\/","name":"Sayt r\u0259hb\u0259ri hakimin davran\u0131\u015f\u0131na etiraz olaraq acl\u0131q edir - MEYDAN.TV","isPartOf":{"@id":"https:\/\/www.meydan.tv\/az\/#website"},"primaryImageOfPage":{"@id":"https:\/\/www.meydan.tv\/az\/article\/sayt-rehberi-hakimin-davranisina-etiraz-olaraq-acliq-edir\/#primaryimage"},"image":{"@id":"https:\/\/www.meydan.tv\/az\/article\/sayt-rehberi-hakimin-davranisina-etiraz-olaraq-acliq-edir\/#primaryimage"},"thumbnailUrl":"https:\/\/www.meydan.tv\/wp-content\/uploads\/photo_229703-e1715761584399.jpg","datePublished":"2024-05-15T08:26:57+00:00","dateModified":"2024-05-15T08:27:01+00:00","breadcrumb":{"@id":"https:\/\/www.meydan.tv\/az\/article\/sayt-rehberi-hakimin-davranisina-etiraz-olaraq-acliq-edir\/#breadcrumb"},"inLanguage":"az","potentialAction":[{"@type":"ReadAction","target":["https:\/\/www.meydan.tv\/az\/article\/sayt-rehberi-hakimin-davranisina-etiraz-olaraq-acliq-edir\/"]}]},{"@type":"ImageObject","inLanguage":"az","@id":"https:\/\/www.meydan.tv\/az\/article\/sayt-rehberi-hakimin-davranisina-etiraz-olaraq-acliq-edir\/#primaryimage","url":"https:\/\/www.meydan.tv\/wp-content\/uploads\/photo_229703-e1715761584399.jpg","contentUrl":"https:\/\/www.meydan.tv\/wp-content\/uploads\/photo_229703-e1715761584399.jpg","width":1200,"height":590,"caption":"Foto: Osman Rzayevin \u015f\u0259xsi arxivind\u0259n"},{"@type":"BreadcrumbList","@id":"https:\/\/www.meydan.tv\/az\/article\/sayt-rehberi-hakimin-davranisina-etiraz-olaraq-acliq-edir\/#breadcrumb","itemListElement":[{"@type":"ListItem","position":1,"name":"Ana s\u0259hif\u0259","item":"https:\/\/www.meydan.tv\/az\/"},{"@type":"ListItem","position":2,"name":"B\u00f6lg\u0259","item":"https:\/\/www.meydan.tv\/az\/section\/bolge\/"},{"@type":"ListItem","position":3,"name":"Sayt r\u0259hb\u0259ri hakimin davran\u0131\u015f\u0131na etiraz olaraq acl\u0131q edir"}]},{"@type":"WebSite","@id":"https:\/\/www.meydan.tv\/az\/#website","url":"https:\/\/www.meydan.tv\/az\/","name":"MEYDAN.TV","description":"Meydan TV Az\u0259rbaycan\u0131n media m\u0259kan\u0131ndak\u0131 alternativ s\u0259sidir","publisher":{"@id":"https:\/\/www.meydan.tv\/az\/#organization"},"potentialAction":[{"@type":"SearchAction","target":{"@type":"EntryPoint","urlTemplate":"https:\/\/www.meydan.tv\/az\/?s={search_term_string}"},"query-input":{"@type":"PropertyValueSpecification","valueRequired":true,"valueName":"search_term_string"}}],"inLanguage":"az"},{"@type":"Organization","@id":"https:\/\/www.meydan.tv\/az\/#organization","name":"Meydan TV","url":"https:\/\/www.meydan.tv\/az\/","logo":{"@type":"ImageObject","inLanguage":"az","@id":"https:\/\/www.meydan.tv\/az\/#\/schema\/logo\/image\/","url":"https:\/\/www.meydan.tv\/wp-content\/uploads\/2021\/07\/meydan-logo.svg","contentUrl":"https:\/\/www.meydan.tv\/wp-content\/uploads\/2021\/07\/meydan-logo.svg","width":195,"height":46,"caption":"Meydan TV"},"image":{"@id":"https:\/\/www.meydan.tv\/az\/#\/schema\/logo\/image\/"}},{"@type":"Person","@id":"https:\/\/www.meydan.tv\/az\/#\/schema\/person\/9cdbecf90d17180ce1dfbd95b08dcf47","name":"elli","sameAs":["https:\/\/x.com\/elli"]}]}},"_links":{"self":[{"href":"https:\/\/www.meydan.tv\/az\/wp-json\/wp\/v2\/posts\/305786","targetHints":{"allow":["GET"]}}],"collection":[{"href":"https:\/\/www.meydan.tv\/az\/wp-json\/wp\/v2\/posts"}],"about":[{"href":"https:\/\/www.meydan.tv\/az\/wp-json\/wp\/v2\/types\/post"}],"author":[{"embeddable":true,"href":"https:\/\/www.meydan.tv\/az\/wp-json\/wp\/v2\/users\/8"}],"replies":[{"embeddable":true,"href":"https:\/\/www.meydan.tv\/az\/wp-json\/wp\/v2\/comments?post=305786"}],"version-history":[{"count":3,"href":"https:\/\/www.meydan.tv\/az\/wp-json\/wp\/v2\/posts\/305786\/revisions"}],"predecessor-version":[{"id":305789,"href":"https:\/\/www.meydan.tv\/az\/wp-json\/wp\/v2\/posts\/305786\/revisions\/305789"}],"wp:featuredmedia":[{"embeddable":true,"href":"https:\/\/www.meydan.tv\/az\/wp-json\/wp\/v2\/media\/296163"}],"wp:attachment":[{"href":"https:\/\/www.meydan.tv\/az\/wp-json\/wp\/v2\/media?parent=305786"}],"wp:term":[{"taxonomy":"category","embeddable":true,"href":"https:\/\/www.meydan.tv\/az\/wp-json\/wp\/v2\/categories?post=305786"},{"taxonomy":"post_tag","embeddable":true,"href":"https:\/\/www.meydan.tv\/az\/wp-json\/wp\/v2\/tags?post=305786"}],"curies":[{"name":"wp","href":"https:\/\/api.w.org\/{rel}","templated":true}]}}