{"id":305703,"date":"2024-05-14T11:23:51","date_gmt":"2024-05-14T07:23:51","guid":{"rendered":"https:\/\/www.meydan.tv\/?p=305703"},"modified":"2024-05-14T11:23:54","modified_gmt":"2024-05-14T07:23:54","slug":"susada-calisan-fehleler-pullarini-ala-bilmediklerini-deyirler","status":"publish","type":"post","link":"https:\/\/www.meydan.tv\/az\/article\/susada-calisan-fehleler-pullarini-ala-bilmediklerini-deyirler\/","title":{"rendered":"\u015eu\u015fada \u00e7al\u0131\u015fan f\u0259hl\u0259l\u0259r pullar\u0131n\u0131 ala bilm\u0259dikl\u0259rini deyirl\u0259r"},"content":{"rendered":"\n<p><\/p>\n\n\n\n<p><em><strong>\u201cPortaldan ad\u0131m\u0131z silindiyi \u00fc\u00e7\u00fcn \u015eu\u015faya d\u00f6n\u00fcb pulumuzu t\u0259l\u0259b ed\u0259 bilmirik\u201d<\/strong><\/em><\/p>\n\n\n\n<p>\u015eu\u015fada ya\u015fay\u0131\u015f binalar\u0131n\u0131n tikintisind\u0259 f\u0259hl\u0259 kimi \u00e7al\u0131\u015fm\u0131\u015f \u015f\u0259xsl\u0259r onlara v\u0259d edil\u0259n haqq\u0131n \u00f6d\u0259nilm\u0259m\u0259sind\u0259n \u015fikay\u0259t\u00e7idirl\u0259r.<\/p>\n\n\n\n<p>Bu bar\u0259d\u0259 Meydan TV-y\u0259 \u015fikay\u0259t\u00e7i M\u0259mm\u0259d\u0259li A\u011fayev bildirib. Onun s\u00f6zl\u0259rin\u0259 g\u00f6r\u0259, qohumu \u018fli H\u0259s\u0259nzad\u0259 il\u0259 birg\u0259 \u015eu\u015fada ya\u015fay\u0131\u015f binalar\u0131n\u0131n in\u015fas\u0131 il\u0259 m\u0259\u015f\u011ful olan \u201cARCH\u0130CO\u201d MMC-nin podrat\u00e7\u0131s\u0131 olan \u201c\u00dcmid\u201d \u015firk\u0259tind\u0259 m\u00fcqavil\u0259 \u0259sas\u0131nda \u00e7al\u0131\u015f\u0131b.<\/p>\n\n\n\n<p><em>\u201cH\u0259r ikimiz Astaradan \u015eu\u015faya i\u015fl\u0259m\u0259y\u0259 getdik. Biz\u0259 dedil\u0259r ki, g\u00f6rd\u00fcy\u00fcn\u00fcz i\u015fin d\u0259y\u0259rini h\u0259r metr\u0259y\u0259 g\u00f6r\u0259 6 manatdan \u00f6d\u0259y\u0259c\u0259yik. On g\u00fcn\u0259 yax\u0131n i\u015fl\u0259dik, g\u00fcn\u00fcm\u00fcz\u0259 30-50 manat aras\u0131 avans al\u0131rd\u0131q\u201d,- M.A\u011fayev deyib.<\/em><\/p>\n\n\n\n<p>\u015eikay\u0259t\u00e7inin s\u00f6zl\u0259rin\u0259 g\u00f6r\u0259, ail\u0259sind\u0259 problem yarand\u0131\u011f\u0131na g\u00f6r\u0259 Astaraya geri d\u00f6nm\u0259k m\u0259cburiyy\u0259tind\u0259 qal\u0131blar. \u00d6d\u0259ni\u015f zaman\u0131 g\u00f6r\u00fcl\u0259n i\u015fin 6 manatdan deyil, 2,5 manatdan hesabland\u0131\u011f\u0131 b\u0259lli olub:<\/p>\n\n\n\n<p><em>\u201cOlduqca \u00e7\u0259tin \u015f\u0259raitd\u0259, soyuq havada i\u015fl\u0259mi\u015fik. Biz\u0259 dedil\u0259r ki, hesablay\u0131b pulun qalan\u0131n\u0131 g\u00f6nd\u0259r\u0259c\u0259yik. 20 g\u00fcnd\u0259n sonra t\u0259krar m\u00fcraci\u0259t ets\u0259k d\u0259, cavab ala bilm\u0259dik. Portaldan ad\u0131m\u0131z silindiyi \u00fc\u00e7\u00fcn \u015eu\u015faya d\u00f6n\u00fcb pulumuzu t\u0259l\u0259b ed\u0259 bilmirik\u201d.<\/em><\/p>\n\n\n<div class=\"wp-block-image\">\n<figure class=\"aligncenter size-full\"><img decoding=\"async\" width=\"1200\" height=\"527\" data-src=\"https:\/\/www.meydan.tv\/wp-content\/uploads\/bb100d84-ec03-48c2-8a6f-9f7370a40b27.jpg\" alt=\"\" class=\"wp-image-305697 lazyload\" src=\"data:image\/svg+xml;base64,PHN2ZyB3aWR0aD0iMSIgaGVpZ2h0PSIxIiB4bWxucz0iaHR0cDovL3d3dy53My5vcmcvMjAwMC9zdmciPjwvc3ZnPg==\" style=\"--smush-placeholder-width: 1200px; --smush-placeholder-aspect-ratio: 1200\/527;\" \/><\/figure>\n<\/div>\n\n\n<p>Dig\u0259r \u015fikay\u0259t\u00e7i \u018fli H\u0259s\u0259nzad\u0259 d\u0259 pulunu ala bilm\u0259diyini deyir:<\/p>\n\n\n\n<p><em>\u201cBiz f\u0259hl\u0259 adamlar\u0131q, \u00f6z z\u0259hm\u0259timizl\u0259 qazand\u0131\u011f\u0131m\u0131z pulun \u00f6d\u0259nilm\u0259sini ist\u0259yirik\u201d.<\/em><\/p>\n\n\n\n<p>\u015eikay\u0259t\u00e7il\u0259r deyil\u0259r ki, 450 metrlik i\u015f g\u00f6r\u00fcbl\u0259r. G\u00f6r\u00fcl\u0259n i\u015fi 2,5 q\u0259pikd\u0259n hesablay\u0131blar, qalan m\u0259bl\u0259\u011f h\u0259l\u0259 d\u0259 \u00f6d\u0259nilm\u0259yib:<\/p>\n\n\n\n<p>\u201c<em>Bir ne\u00e7\u0259 g\u00fcn yubatd\u0131lar ki, g\u00f6zl\u0259yin, pulunuz tam \u00f6d\u0259nil\u0259c\u0259k. Sonradan dedil\u0259r ki, siz\u0259 borcumuz yoxdur, hara ist\u0259yirsiniz \u015fikay\u0259t edin\u201d.<\/em><\/p>\n\n\n\n<p>\u201c\u00dcmid\u201d \u015firk\u0259tinin ad\u0131n\u0131 a\u00e7\u0131qlamayan \u0259m\u0259kda\u015f\u0131 is\u0259 Meydan TV-y\u0259 bildirib ki, \u015fikay\u0259t\u00e7il\u0259r 10 g\u00fcn\u0259 yax\u0131n i\u015fl\u0259yibl\u0259r. Onlara \u0259vv\u0259lc\u0259d\u0259n raz\u0131la\u015fd\u0131r\u0131lm\u0131\u015f m\u0259bl\u0259\u011f \u00f6d\u0259nilib. Sonradan qalan m\u0259bl\u0259\u011f d\u0259 k\u00f6\u00e7\u00fcr\u00fcl\u00fcb:<\/p>\n\n\n\n<p><em>\u201cOnlar i\u015fi t\u0259hvil verm\u0259d\u0259n ail\u0259 problemin\u0259 g\u00f6r\u0259 geri d\u00f6n\u00fcbl\u0259r. Buna g\u00f6r\u0259 d\u0259 t\u0259klif olunub ki, g\u0259lsinl\u0259r, hesablanma apar\u0131ls\u0131n, \u0259g\u0259r borclu qal\u0131n\u0131bsa, \u00f6d\u0259ni\u015f olsun. \u00d6zl\u0259rin\u0259 d\u0259 demi\u015fik ki, g\u00f6r\u00fcl\u0259n h\u0259r bir i\u015fin d\u0259y\u0259ri \u00f6d\u0259nilir\u201d.<\/em><\/p>\n\n\n\n<p>\u015eirk\u0259td\u0259n onu da \u0259lav\u0259 edibl\u0259r ki, h\u0259r bir i\u015f\u00e7i il\u0259 m\u00fcqavil\u0259 ba\u011flan\u0131r v\u0259 raz\u0131la\u015fma m\u00fcqavil\u0259d\u0259 \u0259ks olunur.<\/p>\n","protected":false},"excerpt":{"rendered":"<p>\u201cPortaldan ad\u0131m\u0131z silindiyi \u00fc\u00e7\u00fcn \u015eu\u015faya d\u00f6n\u00fcb pulumuzu t\u0259l\u0259b ed\u0259 bilmirik\u201d &#8230; <\/p>\n<p class=\"read-more-container\"><a title=\"\u015eu\u015fada \u00e7al\u0131\u015fan f\u0259hl\u0259l\u0259r pullar\u0131n\u0131 ala bilm\u0259dikl\u0259rini deyirl\u0259r\" class=\"read-more button\" href=\"https:\/\/www.meydan.tv\/az\/article\/susada-calisan-fehleler-pullarini-ala-bilmediklerini-deyirler\/#more-305703\" aria-label=\"Read more about \u015eu\u015fada \u00e7al\u0131\u015fan f\u0259hl\u0259l\u0259r pullar\u0131n\u0131 ala bilm\u0259dikl\u0259rini deyirl\u0259r\">Davam\u0131<\/a><\/p>\n","protected":false},"author":8,"featured_media":305700,"comment_status":"closed","ping_status":"closed","sticky":false,"template":"","format":"standard","meta":{"_acf_changed":false,"_sitemap_exclude":false,"_sitemap_priority":"","_sitemap_frequency":"","footnotes":""},"categories":[60,79,56],"tags":[],"class_list":["post-305703","post","type-post","status-publish","format-standard","has-post-thumbnail","hentry","category-bolge","category-featured","category-xeberler","infinite-scroll-item","generate-columns","tablet-grid-50","mobile-grid-100","grid-parent","grid-33","no-featured-image-padding"],"acf":[],"yoast_head":"<!-- This site is optimized with the Yoast SEO plugin v27.4 - https:\/\/yoast.com\/product\/yoast-seo-wordpress\/ -->\n<title>\u015eu\u015fada \u00e7al\u0131\u015fan f\u0259hl\u0259l\u0259r pullar\u0131n\u0131 ala bilm\u0259dikl\u0259rini deyirl\u0259r - MEYDAN.TV<\/title>\n<meta name=\"robots\" content=\"index, follow, max-snippet:-1, max-image-preview:large, max-video-preview:-1\" \/>\n<link rel=\"canonical\" href=\"https:\/\/www.meydan.tv\/az\/article\/susada-calisan-fehleler-pullarini-ala-bilmediklerini-deyirler\/\" \/>\n<meta property=\"og:locale\" content=\"az_AZ\" \/>\n<meta property=\"og:type\" content=\"article\" \/>\n<meta property=\"og:title\" content=\"\u015eu\u015fada \u00e7al\u0131\u015fan f\u0259hl\u0259l\u0259r pullar\u0131n\u0131 ala bilm\u0259dikl\u0259rini deyirl\u0259r - MEYDAN.TV\" \/>\n<meta property=\"og:description\" content=\"\u201cPortaldan ad\u0131m\u0131z silindiyi \u00fc\u00e7\u00fcn \u015eu\u015faya d\u00f6n\u00fcb pulumuzu t\u0259l\u0259b ed\u0259 bilmirik\u201d ... Davam\u0131\" \/>\n<meta property=\"og:url\" content=\"https:\/\/www.meydan.tv\/az\/article\/susada-calisan-fehleler-pullarini-ala-bilmediklerini-deyirler\/\" \/>\n<meta property=\"og:site_name\" content=\"MEYDAN.TV\" \/>\n<meta property=\"article:published_time\" content=\"2024-05-14T07:23:51+00:00\" \/>\n<meta property=\"article:modified_time\" content=\"2024-05-14T07:23:54+00:00\" \/>\n<meta property=\"og:image\" content=\"https:\/\/www.meydan.tv\/wp-content\/uploads\/3bce834f-0988-4e47-953d-26b45e8677cf.jpg\" \/>\n\t<meta property=\"og:image:width\" content=\"1200\" \/>\n\t<meta property=\"og:image:height\" content=\"675\" \/>\n\t<meta property=\"og:image:type\" content=\"image\/jpeg\" \/>\n<meta name=\"author\" content=\"elli\" \/>\n<meta name=\"twitter:card\" content=\"summary_large_image\" \/>\n<meta name=\"twitter:creator\" content=\"@elli\" \/>\n<script type=\"application\/ld+json\" class=\"yoast-schema-graph\">{\"@context\":\"https:\\\/\\\/schema.org\",\"@graph\":[{\"@type\":\"Article\",\"@id\":\"https:\\\/\\\/www.meydan.tv\\\/az\\\/article\\\/susada-calisan-fehleler-pullarini-ala-bilmediklerini-deyirler\\\/#article\",\"isPartOf\":{\"@id\":\"https:\\\/\\\/www.meydan.tv\\\/az\\\/article\\\/susada-calisan-fehleler-pullarini-ala-bilmediklerini-deyirler\\\/\"},\"author\":{\"name\":\"elli\",\"@id\":\"https:\\\/\\\/www.meydan.tv\\\/az\\\/#\\\/schema\\\/person\\\/9cdbecf90d17180ce1dfbd95b08dcf47\"},\"headline\":\"\u015eu\u015fada \u00e7al\u0131\u015fan f\u0259hl\u0259l\u0259r pullar\u0131n\u0131 ala bilm\u0259dikl\u0259rini deyirl\u0259r\",\"datePublished\":\"2024-05-14T07:23:51+00:00\",\"dateModified\":\"2024-05-14T07:23:54+00:00\",\"mainEntityOfPage\":{\"@id\":\"https:\\\/\\\/www.meydan.tv\\\/az\\\/article\\\/susada-calisan-fehleler-pullarini-ala-bilmediklerini-deyirler\\\/\"},\"wordCount\":511,\"publisher\":{\"@id\":\"https:\\\/\\\/www.meydan.tv\\\/az\\\/#organization\"},\"image\":{\"@id\":\"https:\\\/\\\/www.meydan.tv\\\/az\\\/article\\\/susada-calisan-fehleler-pullarini-ala-bilmediklerini-deyirler\\\/#primaryimage\"},\"thumbnailUrl\":\"https:\\\/\\\/www.meydan.tv\\\/wp-content\\\/uploads\\\/3bce834f-0988-4e47-953d-26b45e8677cf.jpg\",\"articleSection\":[\"B\u00f6lg\u0259\",\"T\u00f6vsiy\u0259\",\"X\u0259b\u0259rl\u0259r\"],\"inLanguage\":\"az\"},{\"@type\":\"WebPage\",\"@id\":\"https:\\\/\\\/www.meydan.tv\\\/az\\\/article\\\/susada-calisan-fehleler-pullarini-ala-bilmediklerini-deyirler\\\/\",\"url\":\"https:\\\/\\\/www.meydan.tv\\\/az\\\/article\\\/susada-calisan-fehleler-pullarini-ala-bilmediklerini-deyirler\\\/\",\"name\":\"\u015eu\u015fada \u00e7al\u0131\u015fan f\u0259hl\u0259l\u0259r pullar\u0131n\u0131 ala bilm\u0259dikl\u0259rini deyirl\u0259r - MEYDAN.TV\",\"isPartOf\":{\"@id\":\"https:\\\/\\\/www.meydan.tv\\\/az\\\/#website\"},\"primaryImageOfPage\":{\"@id\":\"https:\\\/\\\/www.meydan.tv\\\/az\\\/article\\\/susada-calisan-fehleler-pullarini-ala-bilmediklerini-deyirler\\\/#primaryimage\"},\"image\":{\"@id\":\"https:\\\/\\\/www.meydan.tv\\\/az\\\/article\\\/susada-calisan-fehleler-pullarini-ala-bilmediklerini-deyirler\\\/#primaryimage\"},\"thumbnailUrl\":\"https:\\\/\\\/www.meydan.tv\\\/wp-content\\\/uploads\\\/3bce834f-0988-4e47-953d-26b45e8677cf.jpg\",\"datePublished\":\"2024-05-14T07:23:51+00:00\",\"dateModified\":\"2024-05-14T07:23:54+00:00\",\"breadcrumb\":{\"@id\":\"https:\\\/\\\/www.meydan.tv\\\/az\\\/article\\\/susada-calisan-fehleler-pullarini-ala-bilmediklerini-deyirler\\\/#breadcrumb\"},\"inLanguage\":\"az\",\"potentialAction\":[{\"@type\":\"ReadAction\",\"target\":[\"https:\\\/\\\/www.meydan.tv\\\/az\\\/article\\\/susada-calisan-fehleler-pullarini-ala-bilmediklerini-deyirler\\\/\"]}]},{\"@type\":\"ImageObject\",\"inLanguage\":\"az\",\"@id\":\"https:\\\/\\\/www.meydan.tv\\\/az\\\/article\\\/susada-calisan-fehleler-pullarini-ala-bilmediklerini-deyirler\\\/#primaryimage\",\"url\":\"https:\\\/\\\/www.meydan.tv\\\/wp-content\\\/uploads\\\/3bce834f-0988-4e47-953d-26b45e8677cf.jpg\",\"contentUrl\":\"https:\\\/\\\/www.meydan.tv\\\/wp-content\\\/uploads\\\/3bce834f-0988-4e47-953d-26b45e8677cf.jpg\",\"width\":1200,\"height\":675,\"caption\":\"\u015eu\u015fada tikinti i\u015fl\u0259ri. Fotolar: Meydan TV\"},{\"@type\":\"BreadcrumbList\",\"@id\":\"https:\\\/\\\/www.meydan.tv\\\/az\\\/article\\\/susada-calisan-fehleler-pullarini-ala-bilmediklerini-deyirler\\\/#breadcrumb\",\"itemListElement\":[{\"@type\":\"ListItem\",\"position\":1,\"name\":\"Ana s\u0259hif\u0259\",\"item\":\"https:\\\/\\\/www.meydan.tv\\\/az\\\/\"},{\"@type\":\"ListItem\",\"position\":2,\"name\":\"B\u00f6lg\u0259\",\"item\":\"https:\\\/\\\/www.meydan.tv\\\/az\\\/section\\\/bolge\\\/\"},{\"@type\":\"ListItem\",\"position\":3,\"name\":\"\u015eu\u015fada \u00e7al\u0131\u015fan f\u0259hl\u0259l\u0259r pullar\u0131n\u0131 ala bilm\u0259dikl\u0259rini deyirl\u0259r\"}]},{\"@type\":\"WebSite\",\"@id\":\"https:\\\/\\\/www.meydan.tv\\\/az\\\/#website\",\"url\":\"https:\\\/\\\/www.meydan.tv\\\/az\\\/\",\"name\":\"MEYDAN.TV\",\"description\":\"Meydan TV Az\u0259rbaycan\u0131n media m\u0259kan\u0131ndak\u0131 alternativ s\u0259sidir\",\"publisher\":{\"@id\":\"https:\\\/\\\/www.meydan.tv\\\/az\\\/#organization\"},\"potentialAction\":[{\"@type\":\"SearchAction\",\"target\":{\"@type\":\"EntryPoint\",\"urlTemplate\":\"https:\\\/\\\/www.meydan.tv\\\/az\\\/?s={search_term_string}\"},\"query-input\":{\"@type\":\"PropertyValueSpecification\",\"valueRequired\":true,\"valueName\":\"search_term_string\"}}],\"inLanguage\":\"az\"},{\"@type\":\"Organization\",\"@id\":\"https:\\\/\\\/www.meydan.tv\\\/az\\\/#organization\",\"name\":\"Meydan TV\",\"url\":\"https:\\\/\\\/www.meydan.tv\\\/az\\\/\",\"logo\":{\"@type\":\"ImageObject\",\"inLanguage\":\"az\",\"@id\":\"https:\\\/\\\/www.meydan.tv\\\/az\\\/#\\\/schema\\\/logo\\\/image\\\/\",\"url\":\"https:\\\/\\\/www.meydan.tv\\\/wp-content\\\/uploads\\\/2021\\\/07\\\/meydan-logo.svg\",\"contentUrl\":\"https:\\\/\\\/www.meydan.tv\\\/wp-content\\\/uploads\\\/2021\\\/07\\\/meydan-logo.svg\",\"width\":195,\"height\":46,\"caption\":\"Meydan TV\"},\"image\":{\"@id\":\"https:\\\/\\\/www.meydan.tv\\\/az\\\/#\\\/schema\\\/logo\\\/image\\\/\"}},{\"@type\":\"Person\",\"@id\":\"https:\\\/\\\/www.meydan.tv\\\/az\\\/#\\\/schema\\\/person\\\/9cdbecf90d17180ce1dfbd95b08dcf47\",\"name\":\"elli\",\"sameAs\":[\"https:\\\/\\\/x.com\\\/elli\"]}]}<\/script>\n<!-- \/ Yoast SEO plugin. -->","yoast_head_json":{"title":"\u015eu\u015fada \u00e7al\u0131\u015fan f\u0259hl\u0259l\u0259r pullar\u0131n\u0131 ala bilm\u0259dikl\u0259rini deyirl\u0259r - MEYDAN.TV","robots":{"index":"index","follow":"follow","max-snippet":"max-snippet:-1","max-image-preview":"max-image-preview:large","max-video-preview":"max-video-preview:-1"},"canonical":"https:\/\/www.meydan.tv\/az\/article\/susada-calisan-fehleler-pullarini-ala-bilmediklerini-deyirler\/","og_locale":"az_AZ","og_type":"article","og_title":"\u015eu\u015fada \u00e7al\u0131\u015fan f\u0259hl\u0259l\u0259r pullar\u0131n\u0131 ala bilm\u0259dikl\u0259rini deyirl\u0259r - MEYDAN.TV","og_description":"\u201cPortaldan ad\u0131m\u0131z silindiyi \u00fc\u00e7\u00fcn \u015eu\u015faya d\u00f6n\u00fcb pulumuzu t\u0259l\u0259b ed\u0259 bilmirik\u201d ... Davam\u0131","og_url":"https:\/\/www.meydan.tv\/az\/article\/susada-calisan-fehleler-pullarini-ala-bilmediklerini-deyirler\/","og_site_name":"MEYDAN.TV","article_published_time":"2024-05-14T07:23:51+00:00","article_modified_time":"2024-05-14T07:23:54+00:00","og_image":[{"width":1200,"height":675,"url":"https:\/\/www.meydan.tv\/wp-content\/uploads\/3bce834f-0988-4e47-953d-26b45e8677cf.jpg","type":"image\/jpeg"}],"author":"elli","twitter_card":"summary_large_image","twitter_creator":"@elli","schema":{"@context":"https:\/\/schema.org","@graph":[{"@type":"Article","@id":"https:\/\/www.meydan.tv\/az\/article\/susada-calisan-fehleler-pullarini-ala-bilmediklerini-deyirler\/#article","isPartOf":{"@id":"https:\/\/www.meydan.tv\/az\/article\/susada-calisan-fehleler-pullarini-ala-bilmediklerini-deyirler\/"},"author":{"name":"elli","@id":"https:\/\/www.meydan.tv\/az\/#\/schema\/person\/9cdbecf90d17180ce1dfbd95b08dcf47"},"headline":"\u015eu\u015fada \u00e7al\u0131\u015fan f\u0259hl\u0259l\u0259r pullar\u0131n\u0131 ala bilm\u0259dikl\u0259rini deyirl\u0259r","datePublished":"2024-05-14T07:23:51+00:00","dateModified":"2024-05-14T07:23:54+00:00","mainEntityOfPage":{"@id":"https:\/\/www.meydan.tv\/az\/article\/susada-calisan-fehleler-pullarini-ala-bilmediklerini-deyirler\/"},"wordCount":511,"publisher":{"@id":"https:\/\/www.meydan.tv\/az\/#organization"},"image":{"@id":"https:\/\/www.meydan.tv\/az\/article\/susada-calisan-fehleler-pullarini-ala-bilmediklerini-deyirler\/#primaryimage"},"thumbnailUrl":"https:\/\/www.meydan.tv\/wp-content\/uploads\/3bce834f-0988-4e47-953d-26b45e8677cf.jpg","articleSection":["B\u00f6lg\u0259","T\u00f6vsiy\u0259","X\u0259b\u0259rl\u0259r"],"inLanguage":"az"},{"@type":"WebPage","@id":"https:\/\/www.meydan.tv\/az\/article\/susada-calisan-fehleler-pullarini-ala-bilmediklerini-deyirler\/","url":"https:\/\/www.meydan.tv\/az\/article\/susada-calisan-fehleler-pullarini-ala-bilmediklerini-deyirler\/","name":"\u015eu\u015fada \u00e7al\u0131\u015fan f\u0259hl\u0259l\u0259r pullar\u0131n\u0131 ala bilm\u0259dikl\u0259rini deyirl\u0259r - MEYDAN.TV","isPartOf":{"@id":"https:\/\/www.meydan.tv\/az\/#website"},"primaryImageOfPage":{"@id":"https:\/\/www.meydan.tv\/az\/article\/susada-calisan-fehleler-pullarini-ala-bilmediklerini-deyirler\/#primaryimage"},"image":{"@id":"https:\/\/www.meydan.tv\/az\/article\/susada-calisan-fehleler-pullarini-ala-bilmediklerini-deyirler\/#primaryimage"},"thumbnailUrl":"https:\/\/www.meydan.tv\/wp-content\/uploads\/3bce834f-0988-4e47-953d-26b45e8677cf.jpg","datePublished":"2024-05-14T07:23:51+00:00","dateModified":"2024-05-14T07:23:54+00:00","breadcrumb":{"@id":"https:\/\/www.meydan.tv\/az\/article\/susada-calisan-fehleler-pullarini-ala-bilmediklerini-deyirler\/#breadcrumb"},"inLanguage":"az","potentialAction":[{"@type":"ReadAction","target":["https:\/\/www.meydan.tv\/az\/article\/susada-calisan-fehleler-pullarini-ala-bilmediklerini-deyirler\/"]}]},{"@type":"ImageObject","inLanguage":"az","@id":"https:\/\/www.meydan.tv\/az\/article\/susada-calisan-fehleler-pullarini-ala-bilmediklerini-deyirler\/#primaryimage","url":"https:\/\/www.meydan.tv\/wp-content\/uploads\/3bce834f-0988-4e47-953d-26b45e8677cf.jpg","contentUrl":"https:\/\/www.meydan.tv\/wp-content\/uploads\/3bce834f-0988-4e47-953d-26b45e8677cf.jpg","width":1200,"height":675,"caption":"\u015eu\u015fada tikinti i\u015fl\u0259ri. Fotolar: Meydan TV"},{"@type":"BreadcrumbList","@id":"https:\/\/www.meydan.tv\/az\/article\/susada-calisan-fehleler-pullarini-ala-bilmediklerini-deyirler\/#breadcrumb","itemListElement":[{"@type":"ListItem","position":1,"name":"Ana s\u0259hif\u0259","item":"https:\/\/www.meydan.tv\/az\/"},{"@type":"ListItem","position":2,"name":"B\u00f6lg\u0259","item":"https:\/\/www.meydan.tv\/az\/section\/bolge\/"},{"@type":"ListItem","position":3,"name":"\u015eu\u015fada \u00e7al\u0131\u015fan f\u0259hl\u0259l\u0259r pullar\u0131n\u0131 ala bilm\u0259dikl\u0259rini deyirl\u0259r"}]},{"@type":"WebSite","@id":"https:\/\/www.meydan.tv\/az\/#website","url":"https:\/\/www.meydan.tv\/az\/","name":"MEYDAN.TV","description":"Meydan TV Az\u0259rbaycan\u0131n media m\u0259kan\u0131ndak\u0131 alternativ s\u0259sidir","publisher":{"@id":"https:\/\/www.meydan.tv\/az\/#organization"},"potentialAction":[{"@type":"SearchAction","target":{"@type":"EntryPoint","urlTemplate":"https:\/\/www.meydan.tv\/az\/?s={search_term_string}"},"query-input":{"@type":"PropertyValueSpecification","valueRequired":true,"valueName":"search_term_string"}}],"inLanguage":"az"},{"@type":"Organization","@id":"https:\/\/www.meydan.tv\/az\/#organization","name":"Meydan TV","url":"https:\/\/www.meydan.tv\/az\/","logo":{"@type":"ImageObject","inLanguage":"az","@id":"https:\/\/www.meydan.tv\/az\/#\/schema\/logo\/image\/","url":"https:\/\/www.meydan.tv\/wp-content\/uploads\/2021\/07\/meydan-logo.svg","contentUrl":"https:\/\/www.meydan.tv\/wp-content\/uploads\/2021\/07\/meydan-logo.svg","width":195,"height":46,"caption":"Meydan TV"},"image":{"@id":"https:\/\/www.meydan.tv\/az\/#\/schema\/logo\/image\/"}},{"@type":"Person","@id":"https:\/\/www.meydan.tv\/az\/#\/schema\/person\/9cdbecf90d17180ce1dfbd95b08dcf47","name":"elli","sameAs":["https:\/\/x.com\/elli"]}]}},"_links":{"self":[{"href":"https:\/\/www.meydan.tv\/az\/wp-json\/wp\/v2\/posts\/305703","targetHints":{"allow":["GET"]}}],"collection":[{"href":"https:\/\/www.meydan.tv\/az\/wp-json\/wp\/v2\/posts"}],"about":[{"href":"https:\/\/www.meydan.tv\/az\/wp-json\/wp\/v2\/types\/post"}],"author":[{"embeddable":true,"href":"https:\/\/www.meydan.tv\/az\/wp-json\/wp\/v2\/users\/8"}],"replies":[{"embeddable":true,"href":"https:\/\/www.meydan.tv\/az\/wp-json\/wp\/v2\/comments?post=305703"}],"version-history":[{"count":3,"href":"https:\/\/www.meydan.tv\/az\/wp-json\/wp\/v2\/posts\/305703\/revisions"}],"predecessor-version":[{"id":305709,"href":"https:\/\/www.meydan.tv\/az\/wp-json\/wp\/v2\/posts\/305703\/revisions\/305709"}],"wp:featuredmedia":[{"embeddable":true,"href":"https:\/\/www.meydan.tv\/az\/wp-json\/wp\/v2\/media\/305700"}],"wp:attachment":[{"href":"https:\/\/www.meydan.tv\/az\/wp-json\/wp\/v2\/media?parent=305703"}],"wp:term":[{"taxonomy":"category","embeddable":true,"href":"https:\/\/www.meydan.tv\/az\/wp-json\/wp\/v2\/categories?post=305703"},{"taxonomy":"post_tag","embeddable":true,"href":"https:\/\/www.meydan.tv\/az\/wp-json\/wp\/v2\/tags?post=305703"}],"curies":[{"name":"wp","href":"https:\/\/api.w.org\/{rel}","templated":true}]}}