{"id":305684,"date":"2024-05-13T21:29:56","date_gmt":"2024-05-13T17:29:56","guid":{"rendered":"https:\/\/www.meydan.tv\/?p=305684"},"modified":"2024-05-14T11:38:41","modified_gmt":"2024-05-14T07:38:41","slug":"monopoliya-inkisafdan-qalan-kend-teserrufati-ve-qeyri-seffaf-subsidiyalar","status":"publish","type":"post","link":"https:\/\/www.meydan.tv\/az\/article\/monopoliya-inkisafdan-qalan-kend-teserrufati-ve-qeyri-seffaf-subsidiyalar\/","title":{"rendered":"Monopoliya, inki\u015fafdan qalan k\u0259nd t\u0259s\u0259rr\u00fcfat\u0131 v\u0259 qeyri-\u015f\u0259ffaf\u00a0 subsidiyalar&#8230;"},"content":{"rendered":"\n<p><\/p>\n\n\n\n<p><strong><em>Ekspert: &#8220;Subsidiya \u00fcz\u0259rind\u0259 monopolist n\u0259zar\u0259t olmamal\u0131, m\u0259bl\u0259\u011f x\u0259rcl\u0259r\u0259 uy\u011funla\u015fd\u0131r\u0131lmal\u0131d\u0131r&#8221;<\/em><\/strong><\/p>\n\n\n\n<p>&#8220;<em>\u0130mkanl\u0131lar torpaqdan \u00fc\u00e7t\u0259r\u0259fli qazanc g\u00f6t\u00fcr\u00fcrl\u0259r. Subsidiya al\u0131b \u0259kirl\u0259r, bi\u00e7\u0259nd\u0259 \u0259n az\u0131 30-40 sentner tax\u0131l g\u00f6t\u00fcr\u00fcrl\u0259r. Z\u0259r\u0259r \u00e7\u0259k\u0259nd\u0259 d\u0259 kompensasiya al\u0131rlar. Y\u0259ni ham\u0131s\u0131 \u00f6z \u0259ll\u0259rind\u0259dir. M\u0259n bu il hektar yar\u0131m \u0259raziy\u0259 bu\u011fda \u0259kdim. Subsidiyan\u0131 da fevral\u0131n 23-d\u0259 ald\u0131m. \u018fvv\u0259lki ill\u0259rd\u0259 d\u0259 bi\u00e7ind\u0259n qabaq subsidiya ala bilm\u0259mi\u015f\u0259m. D\u00f6vl\u0259t subsidiyan\u0131 \u0259kin \u00fc\u00e7\u00fcn ay\u0131r\u0131r, k\u0259nd t\u0259s\u0259rr\u00fcfat\u0131na m\u0259sul \u015f\u0259xsl\u0259ri pulu karta bi\u00e7in\u0259 iki ay qalm\u0131\u015f g\u00fccl\u0259 y\u00fckl\u0259yirl\u0259r. Gec verilir dey\u0259 \u0259kin gecikir, g\u00fcbr\u0259l\u0259m\u0259 getmir v\u0259 n\u0259tic\u0259d\u0259 bi\u00e7in d\u0259 keyfiyy\u0259tsiz olur&#8221;.<\/em><\/p>\n\n\n\n<p>Bu s\u00f6zl\u0259ri Meydan TV-y\u0259 \u015e\u0259kinin B\u00f6y\u00fck D\u0259hn\u0259 k\u0259nd sakini Elm\u0259ddin Quliyev deyir.<\/p>\n\n\n\n<p><strong><em>&#8220;<\/em>Subsidiya \u0259kinin x\u0259rcini \u00f6d\u0259mir&#8221;<\/strong><\/p>\n\n\n\n<p>Onun s\u00f6zl\u0259rin\u0259 g\u00f6r\u0259, d\u00f6vl\u0259t t\u0259r\u0259find\u0259n veril\u0259n subsidiyan\u0131n \u0259kin\u0259 qism\u0259n yard\u0131m\u0131 toxunsa da, \u00e7\u0259kil\u0259n x\u0259rc v\u0259 z\u0259hm\u0259t m\u00fcqabilind\u0259 azd\u0131r. Subsidiyan\u0131n gecikm\u0259si is\u0259 he\u00e7 d\u0259 \u0259kin\u0259 faydal\u0131 deyil.<\/p>\n\n\n\n<p>V\u0259t\u0259nda\u015f deyir ki, torpa\u011f\u0131n\u0131n ikinci kateqoriya kimi qeyd\u0259 al\u0131nmas\u0131 da k\u0259ndlinin \u00e7\u0259kdiyi x\u0259rc v\u0259 \u0259ziyy\u0259tini g\u00f6rm\u0259zd\u0259n g\u0259lir. Y\u0259ni torpa\u011f\u0131n keyfiyy\u0259t v\u0259&nbsp; m\u0259hsuldarl\u0131\u011f\u0131n\u0131 normadan art\u0131q hesablay\u0131rlar:<\/p>\n\n\n<div class=\"wp-block-image\">\n<figure class=\"aligncenter size-large\"><img decoding=\"async\" width=\"1095\" height=\"821\" data-src=\"https:\/\/www.meydan.tv\/wp-content\/uploads\/img-20240510-wa0050-1095x821.jpg\" alt=\"\" class=\"wp-image-305685 lazyload\" src=\"data:image\/svg+xml;base64,PHN2ZyB3aWR0aD0iMSIgaGVpZ2h0PSIxIiB4bWxucz0iaHR0cDovL3d3dy53My5vcmcvMjAwMC9zdmciPjwvc3ZnPg==\" style=\"--smush-placeholder-width: 1095px; --smush-placeholder-aspect-ratio: 1095\/821;\" \/><figcaption class=\"wp-element-caption\">Foto: Meydan TV<\/figcaption><\/figure>\n<\/div>\n\n\n<p>&#8220;<em>Guya m\u0259n ikinci kateqoriyayam, bir hektar torpaqdan \u00fc\u00e7 min manat g\u0259lir g\u00f6t\u00fcr\u00fcr\u0259m. Amma yaland\u0131r. G\u0259lib g\u00f6rs\u00fcnl\u0259r ki,&nbsp; o m\u0259hsuldarl\u0131q \u00e7\u0131x\u0131r? Toxum, texnika x\u0259rci bahad\u0131r, su \u00e7at\u0131\u015fmazl\u0131\u011f\u0131 var, m\u0259hsuldarl\u0131q is\u0259 a\u015fa\u011f\u0131d\u0131r. Subsidiya \u0259kinin x\u0259rcini \u00f6d\u0259mir&#8221;.<\/em><\/p>\n\n\n\n<p><strong>&#8220;Torpaq bo\u015f qalmas\u0131n dey\u0259 \u0259kir\u0259m&#8230; &#8220;<\/strong><\/p>\n\n\n\n<p>G\u00f6y\u00e7ay\u0131n L\u0259k\u00e7\u0131plaq k\u0259nd sakini Rafiq \u018fliyev d\u0259 10 ildir ki, \u0259kin\u0259 g\u00f6r\u0259 subsidiya al\u0131r. Ancaq subsidiyaya g\u00f6r\u0259 deyil, torpaq bo\u015f qalmas\u0131n dey\u0259 \u0259kir. \u018fks halda imkanl\u0131 \u015f\u0259xsl\u0259rin, oliqarxlar\u0131n \u0259lin\u0259 ke\u00e7m\u0259sind\u0259n ehtiyatlan\u0131r.<\/p>\n\n\n\n<p>&#8220;<em>K\u0259ndd\u0259 on n\u0259f\u0259rd\u0259n biri subsidiyan\u0131 rahat alsa da, dig\u0259rl\u0259ri s\u00fcni mane\u0259l\u0259rl\u0259 \u00fcz-\u00fcz\u0259 qal\u0131rlar. S\u00fcni \u0259ng\u0259ll\u0259r d\u0259 dig\u0259r \u0259kin\u00e7il\u0259ri yorur dey\u0259 torpa\u011f\u0131 \u0259km\u0259kd\u0259n qa\u00e7\u0131rlar&#8221;, <\/em>&#8211; deyir \u0259kin\u00e7i.<\/p>\n\n\n\n<p>Onun fikrinc\u0259, \u0259kin\u0259 \u00e7\u0259kdiyi x\u0259rc d\u0259 qazanc\u0131na uy\u011fun deyil:<\/p>\n\n\n<div class=\"wp-block-image\">\n<figure class=\"aligncenter size-large\"><img decoding=\"async\" width=\"1095\" height=\"821\" data-src=\"https:\/\/www.meydan.tv\/wp-content\/uploads\/670919-1095x821.jpg\" alt=\"\" class=\"wp-image-305660 lazyload\" src=\"data:image\/svg+xml;base64,PHN2ZyB3aWR0aD0iMSIgaGVpZ2h0PSIxIiB4bWxucz0iaHR0cDovL3d3dy53My5vcmcvMjAwMC9zdmciPjwvc3ZnPg==\" style=\"--smush-placeholder-width: 1095px; --smush-placeholder-aspect-ratio: 1095\/821;\" \/><figcaption class=\"wp-element-caption\">Foto: Meydan TV<\/figcaption><\/figure>\n<\/div>\n\n\n<p><em>&#8220;\u00d6t\u0259n il qohumla&nbsp;m\u00fc\u015ft\u0259r\u0259k iki hektar pay torpa\u011f\u0131nda arpa \u0259kdik. S\u0259n\u0259dl\u0259ri t\u0259qdim ed\u0259rk\u0259n bizd\u0259n t\u0259l\u0259b etm\u0259s\u0259l\u0259r d\u0259, bir \u00e7ox adam\u0131 geri qaytard\u0131lar ki, gedin \u00e7\u0131xar\u0131\u015f al\u0131n. R\u00fcsum da bahad\u0131r. Kiloqram\u0131 50 q\u0259piy\u0259 400 kiloqram arpa ald\u0131m, 400 manat subsidiya verildi ki, onun 110 manat\u0131 n\u0259\u011fd oldu, qalan\u0131 g\u00fcbr\u0259l\u0259r\u0259 hesabland\u0131. Hans\u0131 ki t\u0259k \u015fuma 100 manat verdim, 400 manat da toxumuna&#8221;.<\/em><\/p>\n\n\n\n<p><em>&#8220;Yayda bi\u00e7in x\u0259rci var, \u00fcst\u0259lik, m\u0259hsuldarl\u0131q da z\u0259if oldu bu il. \u00c7\u00fcnki \u015foran torpaqd\u0131r. \u0130ki hektara ton yar\u0131m m\u0259hsul g\u00f6zl\u0259yir\u0259m. \u018fslind\u0259, torpaq bo\u015f qalmas\u0131n dey\u0259 \u0259kir\u0259m, bel\u0259 na\u011fd \u015f\u0259kild\u0259 arpa alsam, daha s\u0259rf\u0259lidir&#8221;, &#8211;<\/em> dey\u0259 Rafiq \u018fliyev gileyl\u0259nir.<\/p>\n\n\n\n<p><strong>B\u0259s \u0259kin subsidiyas\u0131 n\u0259 q\u0259d\u0259rdir?<\/strong><\/p>\n\n\n\n<p>Aqrar Subsidiya \u015euras\u0131n\u0131n q\u0259rar\u0131na g\u00f6r\u0259, baza m\u0259bl\u0259\u011fi 200 manat olmaqla bu ild\u0259n \u0259kin \u0259msallar\u0131 v\u0259 \u0259kin subsidiyas\u0131n\u0131n m\u0259bl\u0259\u011fi k\u0259nd t\u0259s\u0259rr\u00fcfat\u0131 bitkil\u0259ri \u00fczr\u0259 f\u0259rqlidir.<\/p>\n\n\n\n<p>\u00c7\u0259ltik \u0259kininin hektar\u0131na 380 manat, d\u0259nli bitkil\u0259rd\u0259 220 manat, z\u0259f\u0259ran bitkisind\u0259 bu m\u0259bl\u0259\u011f 440 manat, yonca bitkisind\u0259 is\u0259 \u0259n az 70 manat m\u0259bl\u0259\u011find\u0259 n\u0259z\u0259rd\u0259 tutulub.<\/p>\n\n\n\n<p>\u018fn y\u00fcks\u0259k subsidiya m\u00fcasir suvarma sisteml\u0259ri il\u0259 \u0259hat\u0259 olunmu\u015f h\u0259r hektar\u0131na minumum iyirmi min sertifikatl\u0131 tingin \u0259kilm\u0259 \u015f\u0259rti qoyuldu\u011fu \u00e7ay plantasiyalar\u0131na verilir. H\u0259min m\u0259bl\u0259\u011f 12 min manatd\u0131r.<\/p>\n\n\n<div class=\"wp-block-image\">\n<figure class=\"aligncenter size-large\"><img decoding=\"async\" width=\"1094\" height=\"821\" data-src=\"https:\/\/www.meydan.tv\/wp-content\/uploads\/image_from_ios__4_-1094x821.png\" alt=\"\u018fkin sah\u0259sinin i\u00e7ind\u0259ki alman \u0259sirl\u0259ri q\u0259biristanl\u0131\u011f\u0131\" class=\"wp-image-128733 lazyload\" src=\"data:image\/svg+xml;base64,PHN2ZyB3aWR0aD0iMSIgaGVpZ2h0PSIxIiB4bWxucz0iaHR0cDovL3d3dy53My5vcmcvMjAwMC9zdmciPjwvc3ZnPg==\" style=\"--smush-placeholder-width: 1094px; --smush-placeholder-aspect-ratio: 1094\/821;\" \/><figcaption class=\"wp-element-caption\">Foto: Meydan TV<\/figcaption><\/figure>\n<\/div>\n\n\n<p>\u00d6t\u0259n ilin sentyabr\u0131nda bu ilin 31 may\u0131nad\u0259k sal\u0131nan intensiv meyv\u0259 ba\u011flar\u0131 \u00fc\u00e7\u00fcn subsidiya m\u0259bl\u0259\u011fi sal\u0131nan meyv\u0259 n\u00f6vl\u0259rin\u0259 g\u00f6r\u0259 3-11 min manat m\u0259bl\u0259\u011f aras\u0131nda d\u0259yi\u015fir.<\/p>\n\n\n\n<p>Burada ba\u011flar\u0131n m\u00fcasir suvarma sisteml\u0259ri il\u0259 t\u0259chizat\u0131 v\u0259 b\u0259lli sayda meyv\u0259 tingl\u0259rinin olmas\u0131 \u015f\u0259rtdir. \u00d6t\u0259n ild\u0259n \u0259vv\u0259l sal\u0131nan meyv\u0259 ba\u011flar\u0131nda is\u0259 subsidiya m\u0259bl\u0259\u011fi 240 &#8211; 730 manat aras\u0131nda d\u0259yi\u015fir.<\/p>\n\n\n\n<p><strong><em>&#8220;<\/em>Subsidiyan\u0131 bi\u00e7in\u0259 verm\u0259yin, \u0259kin\u0259 verin&#8230;&#8221;<\/strong><\/p>\n\n\n\n<p>K\u0259ndlil\u0259r deyirl\u0259r ki, n\u0259 iri meyv\u0259 ba\u011flar\u0131, n\u0259 d\u0259 iri hektarda \u0259kin sah\u0259l\u0259ri&nbsp; var. Pay torpaqlar\u0131 il\u0259 yetinm\u0259y\u0259 m\u0259cbur k\u0259ndlil\u0259r \u00fc\u00e7\u00fcn veril\u0259n subsidiya m\u0259bl\u0259\u011fi iri sahibkarlarla m\u00fcqayis\u0259d\u0259 \u0259kin\u0259 d\u0259st\u0259kd\u0259 c\u00fczi m\u0259bl\u0259\u011fdir. Onun da gecikm\u0259si, m\u00fcxt\u0259lif s\u0259b\u0259bl\u0259r \u00fcz\u0259rind\u0259n verilm\u0259m\u0259si d\u0259 problemin dig\u0259r t\u0259r\u0259fidir.<\/p>\n\n\n<div class=\"wp-block-image\">\n<figure class=\"aligncenter size-large\"><img decoding=\"async\" width=\"1095\" height=\"821\" data-src=\"https:\/\/www.meydan.tv\/wp-content\/uploads\/1595567434407635519_1000x669-1095x821.jpg\" alt=\"\" class=\"wp-image-254473 lazyload\" src=\"data:image\/svg+xml;base64,PHN2ZyB3aWR0aD0iMSIgaGVpZ2h0PSIxIiB4bWxucz0iaHR0cDovL3d3dy53My5vcmcvMjAwMC9zdmciPjwvc3ZnPg==\" style=\"--smush-placeholder-width: 1095px; --smush-placeholder-aspect-ratio: 1095\/821;\" \/><figcaption class=\"wp-element-caption\"> Suvarma, su \u00e7at\u0131\u015fmazl\u0131\u011f\u0131. Foto: Az\u0259rtac<\/figcaption><\/figure>\n<\/div>\n\n\n<p><em>&#8220;Subsidiya vaxt\u0131nda verils\u0259, k\u00f6m\u0259k olar. Bizd\u0259 is\u0259 torpaq sentyabrda \u0259kilir. Suvarmada problem olur. Dekabr\u0131n sonuna q\u0259d\u0259r s\u0259n\u0259dl\u0259r toplan\u0131r, fevral &#8211; mart ay\u0131nda da subsidiya verilir. Mart ay\u0131nda g\u00fcbr\u0259l\u0259m\u0259k, suvarmaq gecdir. \u018flind\u0259 v\u0259saiti olmayan k\u0259ndli \u0259k\u0259 bilmir. Bu\u011fdan\u0131n da kiloqram qiym\u0259ti 70-80 manatd\u0131r. G\u00fcbr\u0259 d\u0259 \u00e7ox bahad\u0131r, kis\u0259si 60-70 manat. \u00c7ox \u0259razisi olan torpaq sahibl\u0259rin\u0259 s\u0259rf edir. \u00c7\u00fcnki v\u0259saiti var v\u0259 d\u00f6vl\u0259tin onlara g\u00fcz\u0259\u015fti \u00e7oxdur. Yararlan\u0131r, \u0259kir. \u018fkin d\u0259, suvarma da, bi\u00e7in d\u0259, g\u00fcz\u0259\u015ft d\u0259 onlara s\u0259rf\u0259lidir. Subsidiya x\u0259rci \u00f6d\u0259mir, ancaq b\u0259r\u0259k\u0259t deyib al\u0131r\u0131q. Vaxt\u0131nda verilmir, bu problemdir. Subsidiyan\u0131 bi\u00e7in\u0259 verm\u0259yin, \u0259kin\u0259 verin&#8221;, <\/em>&#8211; dey\u0259 \u0259kin\u00e7i Elm\u0259ddin Quliyev \u015fikay\u0259tl\u0259nir.<\/p>\n\n\n\n<p><strong>&#8220;10 manat subsidiya b\u00f6y\u00fck m\u0259bl\u0259\u011f deyil&#8221;<\/strong><\/p>\n\n\n\n<p>D\u00f6rd ildir ki, ar\u0131\u00e7\u0131l\u0131q t\u0259s\u0259rr\u00fcfatlar\u0131 \u00fc\u00e7\u00fcn n\u0259z\u0259rd\u0259 tutulan subsidiyan\u0131n \u00f6t\u0259n ild\u0259n k\u0259silm\u0259si ar\u0131\u00e7\u0131lar\u0131 da naraz\u0131 duruma sal\u0131b.<\/p>\n\n\n\n<p>\u0130ri m\u0259bl\u0259\u011f olmasa da, ar\u0131\u00e7\u0131lar t\u0259s\u0259rr\u00fcfatlar\u0131n\u0131n art\u0131m\u0131 \u00fc\u00e7\u00fcn d\u00f6vl\u0259t d\u0259st\u0259yin\u0259 ehtiyac oldu\u011funu bildirirl\u0259r.<\/p>\n\n\n<div class=\"wp-block-image\">\n<figure class=\"alignright size-large is-resized\"><img decoding=\"async\" width=\"616\" height=\"821\" data-src=\"https:\/\/www.meydan.tv\/wp-content\/uploads\/img-20220808-wa0082-616x821.jpg\" alt=\"\" class=\"wp-image-305669 lazyload\" style=\"--smush-placeholder-width: 616px; --smush-placeholder-aspect-ratio: 616\/821;width:461px;height:auto\" src=\"data:image\/svg+xml;base64,PHN2ZyB3aWR0aD0iMSIgaGVpZ2h0PSIxIiB4bWxucz0iaHR0cDovL3d3dy53My5vcmcvMjAwMC9zdmciPjwvc3ZnPg==\" \/><figcaption class=\"wp-element-caption\">T\u0259rg\u00fcl N\u0259c\u0259fova. Foto: Meydan TV<\/figcaption><\/figure>\n<\/div>\n\n\n<p>36 ildir ki, ar\u0131\u00e7\u0131l\u0131qla m\u0259\u015f\u011ful olan T\u0259rg\u00fcl N\u0259c\u0259fovan\u0131n dediyin\u0259 g\u00f6r\u0259, iki il h\u0259r ar\u0131 ail\u0259sin\u0259 g\u00f6r\u0259 10 manat m\u0259bl\u0259\u011find\u0259 subsidiya ala bilib. \u00d6t\u0259n ild\u0259n is\u0259 bu d\u0259st\u0259k k\u0259silib v\u0259 g\u00fccl\u0259 art\u0131r\u0131b \u00e7atd\u0131rd\u0131\u011f\u0131 60 ar\u0131 ail\u0259si 35-\u0259 d\u00fc\u015f\u00fcb.<\/p>\n\n\n\n<p>O deyir ki, subsidiyan\u0131n verili\u015fi b\u0259rpa olunsa v\u0259 m\u0259bl\u0259\u011f art\u0131r\u0131lsa, t\u0259s\u0259rr\u00fcfata d\u0259st\u0259kd\u0259n dan\u0131\u015fmaq olar:<\/p>\n\n\n\n<p><em>&#8220;\u00d6t\u0259n il hava \u015f\u0259raiti he\u00e7 yax\u015f\u0131 olmad\u0131 v\u0259 xeyli ar\u0131 ail\u0259si q\u0131r\u0131ld\u0131. Yarmarkaya \u00e7\u0131xar\u0131lan ballar m\u0259ni t\u0259\u0259cc\u00fcbl\u0259ndirdi, \u00e7\u00fcnki \u00f6lk\u0259d\u0259 bal istehsal\u0131 \u00e7ox az idi. Bilm\u0259dik hardand\u0131r bu q\u0259d\u0259r bal. 10 manat subsidiya b\u00f6y\u00fck m\u0259bl\u0259\u011f deyil, bu t\u0259s\u0259rr\u00fcfat da a\u011f\u0131rd\u0131r, z\u0259hm\u0259t, maddi d\u0259st\u0259k laz\u0131md\u0131r. Ar\u0131 ye\u015fikl\u0259ri, \u015fanlar, d\u0259rmanlar, k\u00f6\u00e7\u00fc, ar\u0131 cinsl\u0259ri maddi d\u0259st\u0259k ist\u0259yir. Ancaq iki il ala bildik, \u00f6t\u0259n ild\u0259n k\u0259sdil\u0259r. H\u0259r halda edil\u0259n d\u0259st\u0259k m\u00fc\u0259yy\u0259n i\u015fl\u0259ri g\u00f6r\u00fcrd\u00fc<\/em>&#8220;.<\/p>\n\n\n\n<p>&#8220;<em>D\u00fczd\u00fcr, Qaraba\u011f zonas\u0131na daha \u00e7ox d\u0259st\u0259k var, iri sahibkarlar\u0131n ar\u0131 ail\u0259l\u0259ri ora k\u00f6\u00e7\u00fcr\u00fcl\u00fcr, yeti\u015fdirilir. Ancaq \u00f6lk\u0259 \u00fczr\u0259 ar\u0131 \u00fc\u00e7\u00fcn subsidiyan\u0131n verili\u015fi b\u0259rpa olarsa v\u0259 bu m\u0259bl\u0259\u011f art\u0131r\u0131larsa t\u0259s\u0259rr\u00fcfat\u0131n inki\u015faf\u0131na d\u0259st\u0259k olar&#8221;,<\/em> &#8211; dey\u0259 ar\u0131\u00e7\u0131 qay\u011f\u0131lar\u0131n\u0131 dil\u0259 g\u0259tirir.<\/p>\n\n\n\n<p><strong>&#8220;M\u0259bl\u0259\u011fi art\u0131ran kimi, x\u0259rcini d\u0259 art\u0131r\u0131b he\u00e7-he\u00e7\u0259 edirl\u0259r&#8221;<\/strong><\/p>\n\n\n\n<p>K\u0259ndli v\u0259 fermerl\u0259rin qar\u015f\u0131la\u015fd\u0131\u011f\u0131 dig\u0259r bir problem &#8220;fermer kart\u0131&#8221;n\u0131n t\u0259sdiqi zaman\u0131 sahib oldu\u011fu pay torpa\u011f\u0131n\u0131n \u00e7\u0131xar\u0131\u015f\u0131 il\u0259 ba\u011fl\u0131d\u0131r.<\/p>\n\n\n\n<p>G\u0259l\u0259n ild\u0259n \u015f\u0259rt kimi qoyulan bu t\u0259l\u0259b art\u0131q bir ne\u00e7\u0259 ildir ki, b\u0259zi k\u0259ndlil\u0259rin \u00f6d\u0259nil\u0259c\u0259k r\u00fcsumdan dolay\u0131 subsidiyadan da imtina etm\u0259sin\u0259 s\u0259b\u0259b olur.<\/p>\n\n\n\n<p>Bu\u011fda \u0259kini il\u0259 m\u0259\u015f\u011ful olan Tural \u018fliyev d\u0259 b\u00fcrokratik \u0259ng\u0259ll\u0259rd\u0259n \u0259ziyy\u0259t \u00e7\u0259kdikl\u0259rini deyir:<\/p>\n\n\n<div class=\"wp-block-image\">\n<figure class=\"aligncenter size-large\"><img decoding=\"async\" width=\"1095\" height=\"821\" data-src=\"https:\/\/www.meydan.tv\/wp-content\/uploads\/img-20240510-wa0079-1095x821.jpg\" alt=\"\" class=\"wp-image-305678 lazyload\" src=\"data:image\/svg+xml;base64,PHN2ZyB3aWR0aD0iMSIgaGVpZ2h0PSIxIiB4bWxucz0iaHR0cDovL3d3dy53My5vcmcvMjAwMC9zdmciPjwvc3ZnPg==\" style=\"--smush-placeholder-width: 1095px; --smush-placeholder-aspect-ratio: 1095\/821;\" \/><figcaption class=\"wp-element-caption\">Foto: Meydan TV<\/figcaption><\/figure>\n<\/div>\n\n\n<p>&#8220;<em>B\u00fct\u00fcn r\u00fcsumlar\u0131n qiym\u0259ti qald\u0131r\u0131ld\u0131. \u00dc\u00e7 ildir ki, bu pay torpa\u011f\u0131 akt\u0131n\u0131 \u00e7\u0131xar\u0131\u015flar \u0259v\u0259z edir. Onun da r\u00fcsumu \u0259vv\u0259l 71 manat idi. Ona g\u00f6r\u0259 \u00e7ox k\u0259ndli bunu pulu olmad\u0131\u011f\u0131na g\u00f6r\u0259 ala bilmir, ya s\u0259rf etmir dey\u0259 alm\u0131r. Ya da k\u0259ndli var torpa\u011f\u0131 bir yerd\u0259n verilib, bir s\u0259n\u0259di var, k\u0259ndli d\u0259 var ki, bir hektar torpa\u011f\u0131 k\u0259ndin bir ne\u00e7\u0259 yerind\u0259n verilib, n\u0259tic\u0259d\u0259 ona \u00e7\u0131xar\u0131\u015f almaq \u00e7\u0259tin olur. Adam bezir, subsidiya zaman\u0131 da s\u0259n\u0259dl\u0259ri toplay\u0131b b\u0259yan ed\u0259 bilmir. H\u0259tta s\u0259n\u0259dl\u0259rd\u0259 ad, soyadda h\u0259rf s\u0259hvind\u0259 bel\u0259 bu \u015f\u0259rti t\u0259l\u0259b edirl\u0259r ki, get \u00e7\u0131xar\u0131\u015f al. Be\u015f hektardan yuxar\u0131 olan torpaq sahibl\u0259rini m\u0259cbur aqrar s\u0131\u011fortadan ke\u00e7irirl\u0259r ki, subsidiyadan yararlana bilsin&#8221;.<\/em><\/p>\n\n\n\n<p>&#8220;<em>M\u0259nim hektar yar\u0131m torpa\u011f\u0131m var, bu\u011fda \u0259kmi\u015f\u0259m. D\u00fczd\u00fcr, k\u00f6hn\u0259 aktla 54 manat na\u011fd, qalan\u0131na g\u00fcbr\u0259 ald\u0131m, ancaq g\u0259l\u0259n ild\u0259n \u015f\u0259rt qoyublar ki, \u00e7\u0131xar\u0131\u015f al\u0131ns\u0131n. Onun da qiym\u0259ti 150 manatd\u0131r art\u0131q. Subsidiya da art\u0131b olub 220 manat. N\u0259 s\u0259rf edir ki? On il \u00f6nc\u0259 70-80 manat idi subsidiya, onda s\u0259n\u0259d i\u015fi bel\u0259 \u00e7\u0259tin deyildi. \u0130ndi m\u0259bl\u0259\u011fi art\u0131ran kimi, x\u0259rcini d\u0259 art\u0131r\u0131b he\u00e7-he\u00e7\u0259 edirl\u0259r. G\u00fcbr\u0259ni na\u011fd alsan, 10 manat ucuz olur, kartla alanda baha&#8221;, <\/em>&#8211; dey\u0259 Tural \u018fliyev \u0259kin subsidiyas\u0131n\u0131n \u015f\u0259rtl\u0259rinin a\u011f\u0131rla\u015fd\u0131r\u0131ld\u0131\u011f\u0131ndan naraz\u0131l\u0131q edir.<\/p>\n\n\n\n<p><strong><em>&#8220;<\/em>Bu m\u0259bl\u0259\u011f k\u0259ndlinin hans\u0131sa x\u0259rcin\u0259 yard\u0131m\u00e7\u0131 olmur&#8221;<\/strong><\/p>\n\n\n\n<p>2016-c\u0131 ild\u0259n s\u00fcni mayalanma n\u0259tic\u0259sind\u0259 do\u011fulan h\u0259r buzova g\u00f6r\u0259 veril\u0259n 100 manat m\u0259bl\u0259\u011find\u0259 subsidiyan\u0131 da k\u0259ndlil\u0259r \u00e7\u0259kil\u0259n x\u0259rc m\u00fcqabilind\u0259 az hesab edirl\u0259r:<\/p>\n\n\n\n<p>&#8220;<em>7-8 ildir ki, s\u00fcni mayalanmaya maraq arts\u0131n dey\u0259 bunu t\u0259tbiq edirl\u0259r. Ancaq s\u00fcni mayalanma m\u00fct\u0259x\u0259ssisin\u0259 25-40 manat m\u0259bl\u0259\u011fd\u0259 pul \u00f6d\u0259nilir, iki manat r\u00fcsum ke\u00e7irilir. Yol x\u0259rci, s\u0259n\u0259d i\u015fi, aylar \u00e7\u0259kir, n\u0259tic\u0259d\u0259 o y\u00fcz manat x\u0259rcl\u0259nir. B\u0259z\u0259n d\u0259 s\u00fcni mayalanma prosesi ba\u015f tutmur, verdiyin pul da bat\u0131r. Ot, yem bahad\u0131r dey\u0259 \u0259slind\u0259, veril\u0259n bu m\u0259bl\u0259\u011f k\u0259ndlinin hans\u0131sa x\u0259rcin\u0259 yard\u0131m\u00e7\u0131 olmur, yen\u0259 d\u0259 c\u00fczi d\u0259 olsa, d\u0259st\u0259k deyib almaq ist\u0259y\u0259n al\u0131r&#8221;,<\/em> &#8211; k\u0259ndli Da\u015fq\u0131n \u018fliyev bildirir.<\/p>\n\n\n<div class=\"wp-block-image\">\n<figure class=\"aligncenter size-large\"><img decoding=\"async\" width=\"1096\" height=\"821\" data-src=\"https:\/\/www.meydan.tv\/wp-content\/uploads\/1507887119_2-1096x821.jpg\" alt=\"\" class=\"wp-image-305663 lazyload\" src=\"data:image\/svg+xml;base64,PHN2ZyB3aWR0aD0iMSIgaGVpZ2h0PSIxIiB4bWxucz0iaHR0cDovL3d3dy53My5vcmcvMjAwMC9zdmciPjwvc3ZnPg==\" style=\"--smush-placeholder-width: 1096px; --smush-placeholder-aspect-ratio: 1096\/821;\" \/><figcaption class=\"wp-element-caption\">Foto: Meydan TV<\/figcaption><\/figure>\n<\/div>\n\n\n<p>M\u0259hsul v\u0259 toxum subsidiyas\u0131 da k\u0259ndli \u00fc\u00e7\u00fcn \u0259lveri\u015fli deyil. Bununla daha \u00e7ox iri fermer t\u0259s\u0259rr\u00fcfatlar\u0131 m\u0259\u015f\u011ful olur ki, haz\u0131rda ist\u0259r m\u0259hsul, ist\u0259r toxum \u00fc\u00e7\u00fcn ayr\u0131lan subsidiya m\u0259bl\u0259\u011fi qaneedici deyil. Lakin ill\u0259rdir ki, d\u00f6vl\u0259t b\u00fcdc\u0259sind\u0259n k\u0259nd t\u0259s\u0259rr\u00fcfat\u0131na ayr\u0131lan v\u0259saitd\u0259n subsidiya \u00fc\u00e7\u00fcn xeyli v\u0259sait x\u0259rcl\u0259nir v\u0259 bunun s\u0259m\u0259r\u0259liliyi, fermer\u0259 \u00e7at\u0131ml\u0131\u011f\u0131 \u015f\u0259ffaf yoxlan\u0131lm\u0131r. Hesabatl\u0131l\u0131q is\u0259 yoxdur v\u0259 ya obyektiv deyil&#8230;<\/p>\n\n\n\n<p><strong><em>&#8220;<\/em>R\u0259smi qurumlar\u0131n hesabatl\u0131l\u0131\u011f\u0131 \u015f\u0259ffaf deyil&#8221;<\/strong><\/p>\n\n\n\n<p>K\u0259nd T\u0259s\u0259rr\u00fcfat\u0131 Nazirliyinin m\u0259tbuat xidm\u0259ti Meydan TV-nin Aqrar Kredit v\u0259 \u0130nki\u015faf Agentliyinin illik fermerl\u0259r\u0259 \u00f6d\u0259diyi subsidiya \u00f6d\u0259ni\u015fl\u0259rinin statistikas\u0131na dair so\u011frusuna cavab verm\u0259kd\u0259n imtina edib.<\/p>\n\n\n\n<p>Nazirliyinin m\u0259tbuat xidm\u0259tinin r\u0259hb\u0259ri V\u00fcqar H\u00fcseynov deyib ki, d\u00f6vl\u0259t qurumlar\u0131 m\u00fcst\u0259qil jurnalist tan\u0131m\u0131r v\u0259 jurnalist sor\u011fular\u0131 r\u0259smi qaydada media reyestrind\u0259n ke\u00e7mi\u015f media qurumu ad\u0131ndan g\u00f6nd\u0259rilm\u0259lidir, \u0259ks halda sor\u011fular cavabland\u0131r\u0131lm\u0131r.<\/p>\n\n\n<div class=\"wp-block-image\">\n<figure class=\"aligncenter size-full\"><img decoding=\"async\" width=\"1200\" height=\"806\" data-src=\"https:\/\/www.meydan.tv\/wp-content\/uploads\/vuqar_huseynov.jpg\" alt=\"\" class=\"wp-image-305681 lazyload\" src=\"data:image\/svg+xml;base64,PHN2ZyB3aWR0aD0iMSIgaGVpZ2h0PSIxIiB4bWxucz0iaHR0cDovL3d3dy53My5vcmcvMjAwMC9zdmciPjwvc3ZnPg==\" style=\"--smush-placeholder-width: 1200px; --smush-placeholder-aspect-ratio: 1200\/806;\" \/><figcaption class=\"wp-element-caption\">V\u00fcqar H\u00fcseynov Foto: V\u00fcqar H\u00fcseynovun \u015f\u0259xsi arxivind\u0259n<\/figcaption><\/figure>\n<\/div>\n\n\n<p><em>&#8220;D\u00f6vl\u0259t qurumu \u00fc\u00e7\u00fcn m\u00fcst\u0259qil jurnalist anlay\u0131\u015f\u0131 yoxdur. V\u0259t\u0259nda\u015f sor\u011fusu da tamam f\u0259rqlidir v\u0259 o, yaz\u0131l\u0131 halda olur. Siz hara \u00fc\u00e7\u00fcn haz\u0131rlay\u0131rs\u0131zsa, material h\u0259min qurumun ad\u0131ndan r\u0259smi m\u0259ktub  formas\u0131nda g\u0259lm\u0259lidir. Bel\u0259 d\u0259 a\u00e7\u0131q m\u0259nb\u0259l\u0259rd\u0259 h\u0259r m\u0259lumat var. Sad\u0259c\u0259, zaman al\u0131r dey\u0259 sor\u011fu g\u00f6nd\u0259rirsiniz. Hans\u0131 qurumda i\u015fl\u0259yirsinizs\u0259, o qurum ad\u0131ndan r\u0259smi sor\u011fu g\u00f6nd\u0259rirsiniz ki, V\u00d6EN yoxlan\u0131ls\u0131n, media reyestrd\u0259n ke\u00e7ib, ya yox. Bunu \u00f6z\u00fcn\u00fcz bilirsiniz &#8220;, &#8211; <\/em>dey\u0259 vaxtil\u0259 jurnalist kimi \u00e7al\u0131\u015fm\u0131\u015f m\u0259tbuat katibinin indi b\u00fcrokratik \u0259ng\u0259l say\u0131lan media reyestrini m\u0259mur kimi m\u00fcdafi\u0259 edir.<\/p>\n\n\n\n<p>Onun adland\u0131rd\u0131\u011f\u0131 &#8220;a\u00e7\u0131q m\u0259nb\u0259l\u0259r&#8221;d\u0259 is\u0259 ya he\u00e7, ya da b\u0259lli ill\u0259r\u0259 dair m\u0259hdud statistik g\u00f6st\u0259ricil\u0259r var idi.<\/p>\n\n\n\n<p>D\u00f6vl\u0259t Statistika Komit\u0259sind\u0259n is\u0259 bildiribl\u0259r ki, k\u0259nd t\u0259s\u0259rr\u00fcfat\u0131 sah\u0259l\u0259rin\u0259 ayr\u0131lan subsidiya n\u00f6vl\u0259ri bar\u0259d\u0259 statistik m\u0259lumat yoxdur.<\/p>\n\n\n\n<p>Onu da qeyd edibl\u0259r ki, subsidiya il\u0259 ba\u011fl\u0131 b\u0259zi statistik m\u0259lumatlar qurumun xidm\u0259ti f\u0259aliyy\u0259t \u00fc\u00e7\u00fcn \u0259ld\u0259 edildiyind\u0259n m\u0259tbuat \u00fc\u00e7\u00fcn a\u00e7\u0131qlanm\u0131r.<\/p>\n\n\n<div class=\"wp-block-image\">\n<figure class=\"aligncenter size-full\"><img decoding=\"async\" width=\"1200\" height=\"801\" data-src=\"https:\/\/www.meydan.tv\/wp-content\/uploads\/21b3d2e6-578f-4365-a531-af4b6e1dcefa.jpg\" alt=\"Maliyy\u0259 Nazirliyi\" class=\"wp-image-128763 lazyload\" src=\"data:image\/svg+xml;base64,PHN2ZyB3aWR0aD0iMSIgaGVpZ2h0PSIxIiB4bWxucz0iaHR0cDovL3d3dy53My5vcmcvMjAwMC9zdmciPjwvc3ZnPg==\" style=\"--smush-placeholder-width: 1200px; --smush-placeholder-aspect-ratio: 1200\/801;\" \/><figcaption class=\"wp-element-caption\">Foto: Meydan TV<\/figcaption><\/figure>\n<\/div>\n\n\n<p>&#8220;<em>Maliyy\u0259 Nazirliyi biz\u0259 ayr\u0131-ayr\u0131 strukturlar \u00fczr\u0259 statistika g\u00f6nd\u0259rmir dey\u0259 n\u0259 a\u00e7\u0131qlay\u0131r\u0131q, n\u0259 d\u0259 yay\u0131mlay\u0131r\u0131q. B\u0259z\u0259n a\u00e7\u0131q informasiya olanda a\u00e7\u0131qlay\u0131r\u0131q, a\u00e7\u0131q deyils\u0259, qurumun \u00f6z\u00fcn\u0259 y\u00f6n\u0259ldirik. Bizd\u0259 \u00fcmumi m\u0259lumat olur. K\u0259nd T\u0259s\u0259rr\u00fcfat\u0131 Nazirliyi yan\u0131nda Aqrar Kredit v\u0259 \u0130nki\u015faf Agentliyin\u0259 ayr\u0131lan subsidiyan\u0131n m\u0259bl\u0259\u011fin\u0259 dair m\u0259lumat daxil olur v\u0259 xidm\u0259ti istifad\u0259 \u00fc\u00e7\u00fcnd\u00fcrs\u0259, payla\u015f\u0131lm\u0131r&#8221; <\/em>&#8211; dey\u0259 sor\u011fuya cavabda bildirilir.<\/p>\n\n\n\n<p>Aqrar Kredit v\u0259 \u0130nki\u015faf Agentliyininin d\u0259 r\u0259smi sayt\u0131nda subsidiya n\u00f6vl\u0259ri bar\u0259d\u0259 m\u0259lumat v\u0259 hesabatl\u0131l\u0131q qeyd olunsa da, ancaq hesabat linkl\u0259rin\u0259 daxil olmaq qeyri-m\u00fcmk\u00fcnd\u00fcr, y\u0259ni he\u00e7 bir statistik informasiyan\u0131 \u0259ld\u0259 etm\u0259k olmur. Sanki hesabat namin\u0259 formal g\u00f6r\u00fcnt\u00fc \u00fc\u00e7\u00fcn yerl\u0259\u015fdirilib.<\/p>\n\n\n\n<p><strong>15 ild\u0259 t\u0259xmini 4.5 milyard v\u0259sait subsidiyaya ayr\u0131l\u0131b<\/strong><\/p>\n\n\n\n<p>B\u0259zi aqrar t\u0259dqiqatlara v\u0259 m\u0259tbuata a\u00e7\u0131qlanan statistik m\u0259lumatlara \u0259sas\u0259n, 2022-ci ild\u0259 \u0259kin subsidiyas\u0131 160 min fermeri \u0259hat\u0259 etm\u0259kl\u0259 61 milyon 836 min manat olub.<\/p>\n\n\n\n<p>2023-c\u00fc ild\u0259 is\u0259 258 min hektar sah\u0259d\u0259 apar\u0131lan pay\u0131zl\u0131q v\u0259 \u00e7oxillik \u0259km\u0259l\u0259r\u0259 g\u00f6r\u0259 93 min 904 n\u0259f\u0259r\u0259 48.6 milyon manat subsidiya verilib.<\/p>\n\n\n\n<p>Cari il \u00fc\u00e7\u00fcns\u0259 bu m\u0259bl\u0259\u011f 2.3 d\u0259f\u0259 artaraq 263 992 n\u0259f\u0259r\u0259 \u015famil edilib.<\/p>\n\n\n\n<p>\u00dcmumilikd\u0259 543 298 hektar sah\u0259 \u00fczr\u0259 apar\u0131lan \u0259kin\u0259 g\u00f6r\u0259 109.5 milyon manat m\u0259bl\u0259\u011find\u0259 subsidiya verilib.<\/p>\n\n\n<div class=\"wp-block-image\">\n<figure class=\"aligncenter size-full\"><img decoding=\"async\" width=\"1200\" height=\"819\" data-src=\"https:\/\/www.meydan.tv\/wp-content\/uploads\/17072039346437751300_1200x630.jpg\" alt=\"\" class=\"wp-image-305666 lazyload\" src=\"data:image\/svg+xml;base64,PHN2ZyB3aWR0aD0iMSIgaGVpZ2h0PSIxIiB4bWxucz0iaHR0cDovL3d3dy53My5vcmcvMjAwMC9zdmciPjwvc3ZnPg==\" style=\"--smush-placeholder-width: 1200px; --smush-placeholder-aspect-ratio: 1200\/819;\" \/><figcaption class=\"wp-element-caption\">C\u0259dv\u0259l: K\u0259nd T\u0259s\u0259rr\u00fcfat\u0131 Nazirliyi.<\/figcaption><\/figure>\n<\/div>\n\n\n<p>Son be\u015f ild\u0259 \u0259kin subsidiyas\u0131na t\u0259xmini 300 milyondan art\u0131q v\u0259sait ayr\u0131l\u0131b.<\/p>\n\n\n\n<p>2010-2018-ci ill\u0259r \u0259rzind\u0259 \u00f6lk\u0259d\u0259 k\u0259nd t\u0259s\u0259rr\u00fcfat\u0131na ayr\u0131lan subsidiyan\u0131n \u00fcmumi m\u0259bl\u0259\u011fi is\u0259 1 milyard 447 milyon manat olub. H\u0259min ill\u0259r \u00fczr\u0259 b\u00fcdc\u0259d\u0259 subsidiyalar\u0131n pay g\u00f6st\u0259ricisi 0,95%-d\u0259n 1.51 %-\u0259 q\u0259d\u0259r d\u0259yi\u015fib.<\/p>\n\n\n\n<p>Son \u00fc\u00e7 ild\u0259 is\u0259 k\u0259nd t\u0259s\u0259r\u00fcfat\u0131na ayr\u0131lan subsidiyan\u0131n \u00fcmumi m\u0259bl\u0259\u011fi 3 milyard 84 milyon v\u0259sait olub. Bu il \u00fc\u00e7\u00fcn k\u0259nd t\u0259s\u0259r\u00fcfat\u0131 x\u0259rcl\u0259ri aras\u0131nda subsidiya \u00fc\u00e7\u00fcn 1 milyard 42 milyon 100 min v\u0259sait ayr\u0131l\u0131b.<\/p>\n\n\n\n<p>\u00d6t\u0259n ill\u0259 m\u00fcqayis\u0259d\u0259 m\u0259bl\u0259\u011fd\u0259 639 milyon 700 min manat azalma var.<\/p>\n\n\n\n<p><strong>&#8220;\u0130ld\u0259 3-4 milyard manat aras\u0131 idxala x\u0259rc \u00e7\u0259kilir&#8221;<\/strong><\/p>\n\n\n\n<p>\u0130qtisad\u00e7\u0131 Akif N\u0259sirli Meydan TV-y\u0259 deyib ki, fermer v\u0259 k\u0259ndlinin d\u00f6vl\u0259td\u0259n&nbsp; d\u0259st\u0259y\u0259 ehtiyac\u0131 var. Bu m\u0259qs\u0259dl\u0259 illik d\u00f6vl\u0259t b\u00fcdc\u0259sind\u0259n ayr\u0131lan subsidiya is\u0259 yet\u0259rli deyil.<\/p>\n\n\n\n<p>\u00dcst\u0259lik, verilm\u0259 qaydas\u0131nda s\u0259m\u0259r\u0259sizlik var. Bu s\u0259m\u0259r\u0259sizlik is\u0259 \u00f6lk\u0259nin illik idxal x\u0259rcini art\u0131r\u0131r.<\/p>\n\n\n\n<p>Ekspert bildirir ki, builki subsidiyan\u0131n azl\u0131\u011f\u0131 m\u0259hz d\u00f6vl\u0259t b\u00fcdc\u0259sind\u0259n k\u0259nd t\u0259s\u0259rr\u00fcfat\u0131na ayr\u0131lan b\u00fcdc\u0259 m\u0259bl\u0259\u011finin azalmas\u0131 il\u0259 ba\u011fl\u0131d\u0131r.<\/p>\n\n\n<div class=\"wp-block-image\">\n<figure class=\"alignleft size-full is-resized\"><img decoding=\"async\" width=\"1200\" height=\"673\" data-src=\"https:\/\/www.meydan.tv\/wp-content\/uploads\/akif_nesirli.jpg\" alt=\"\" class=\"wp-image-275224 lazyload\" style=\"--smush-placeholder-width: 1200px; --smush-placeholder-aspect-ratio: 1200\/673;width:385px;height:auto\" src=\"data:image\/svg+xml;base64,PHN2ZyB3aWR0aD0iMSIgaGVpZ2h0PSIxIiB4bWxucz0iaHR0cDovL3d3dy53My5vcmcvMjAwMC9zdmciPjwvc3ZnPg==\" \/><figcaption class=\"wp-element-caption\">Akif N\u0259sirli. Foto: &#8220;Telegraf.az&#8221;<\/figcaption><\/figure>\n<\/div>\n\n\n<p>Bu il \u00fc\u00e7\u00fcn k\u0259nd t\u0259s\u0259rr\u00fcfat\u0131na bir milyard 109 milyon v\u0259sait ayr\u0131l\u0131b ki, Aqrar Kredit v\u0259 \u0130nki\u015faf Agentliyi \u00fc\u00e7\u00fcn ayr\u0131lan b\u00fcdc\u0259 442 milyon 910 min manatd\u0131r.<\/p>\n\n\n\n<p>&#8220;<em>Fermerl\u0259r\u0259, k\u0259ndlil\u0259r\u0259 veril\u0259n subsidiya yet\u0259rli olsayd\u0131, indiy\u0259 q\u0259d\u0259r k\u0259nd t\u0259s\u0259rr\u00fcfat\u0131 m\u0259hsullar\u0131na olan daxili t\u0259l\u0259bat\u0131n yar\u0131dan \u00e7oxunu h\u0259ll etmi\u015fdik. \u0130dxaldan as\u0131l\u0131 olmazd\u0131q. Bu m\u0259qs\u0259d \u00fc\u00e7\u00fcn ild\u0259 3-4 milyard manat aras\u0131 idxala x\u0259rc \u00e7\u0259kilir. \u00d6t\u0259n il k\u0259nd t\u0259s\u0259rr\u00fcfat\u0131na b\u00fcdc\u0259d\u0259n bir milyard 200 milyon v\u0259sait ayr\u0131l\u0131b. Cari il \u00fc\u00e7\u00fcn is\u0259 bu m\u0259bl\u0259\u011f 100 milyon manat azald\u0131l\u0131b. 2021-ci ild\u0259 is\u0259 d\u00f6vl\u0259t b\u00fcdc\u0259sind\u0259n 800 milyon manat, 2023-c\u00fc ild\u0259 bir milyard manat v\u0259sait ayr\u0131l\u0131b. \u018fn az\u0131 \u00fc\u00e7 milyard dollar, bizim pulla 5 milyard 100 milyon manat pul idxala x\u0259rcl\u0259nir. Halbuki o pul idxala deyil, k\u0259nd t\u0259s\u0259rr\u00fcfat\u0131 m\u0259hsullar\u0131n\u0131n istehsal\u0131n\u0131n s\u0259m\u0259r\u0259li art\u0131r\u0131lmas\u0131na y\u00f6n\u0259ldilm\u0259lidir. Hans\u0131 ki bu sah\u0259y\u0259 x\u0259rcl\u0259n\u0259n ayr\u0131lan \u00fcmumi v\u0259saitin idxala x\u0259rcl\u0259n\u0259n m\u0259hsulun be\u015fd\u0259 birini t\u0259\u015fkil edir. Subsidiya da buna daxildir. K\u0259nd t\u0259s\u0259rr\u00fcfat\u0131na illik b\u00fcdc\u0259d\u0259n ayr\u0131lan v\u0259sait ild\u0259n-il\u0259 azald\u0131l\u0131r. Onun da \u00e7ox hiss\u0259si subsidiyaya x\u0259rcl\u0259nir&#8221;.<\/em><\/p>\n\n\n\n<p><strong>&#8220;K\u0259ndlil\u0259r, fermerl\u0259r monopolist \u015firk\u0259tl\u0259r\u0259 t\u0259hkim olunub&#8221;<\/strong><\/p>\n\n\n\n<p>Ekspert k\u0259ndlil\u0259rin subsidiya almas\u0131nda bir s\u0131ra ciddi probleml\u0259r ya\u015fad\u0131\u011f\u0131n\u0131 deyir. Onun s\u00f6zl\u0259rin\u0259 g\u00f6r\u0259, fermer\u0259 t\u0259yin olunan subsidiya m\u0259bl\u0259\u011finin&nbsp; 25 faizi deyil, tam m\u0259bl\u0259\u011fi na\u011fdla\u015fd\u0131r\u0131lmal\u0131d\u0131r.<\/p>\n\n\n\n<p>\u0130ll\u0259rdir ki, bu m\u0259bl\u0259\u011f istehsal vasit\u0259l\u0259rinin al\u0131nmas\u0131 \u00fc\u00e7\u00fcn t\u0259krar monopolist \u015firk\u0259tl\u0259rin hesab\u0131na k\u00f6\u00e7\u00fcr. Hans\u0131 ki Aqrar Kredit v\u0259 \u0130nki\u015faf Agentliyinin sayt\u0131nda yer alan h\u0259min \u015firk\u0259tl\u0259r siyah\u0131s\u0131nda nadir halda d\u0259yi\u015fiklikl\u0259r olur.<\/p>\n\n\n\n<p>Ekpertin dediyin\u0259 g\u00f6r\u0259, bu is\u0259 subsidiya ad\u0131 il\u0259 fermerl\u0259r\u0259 ayr\u0131lan m\u0259bl\u0259\u011fin 75%-n\u0259 sahib \u00e7\u0131xmaqd\u0131r:<\/p>\n\n\n\n<p><em>&#8220;Subsidiya al\u0131nmas\u0131nda k\u0259ndlil\u0259r ciddi problem ya\u015fay\u0131r. \u00c7\u00fcnki \u0259lind\u0259ki pay torpa\u011fa dair d\u00f6vl\u0259t aktlar\u0131nda ad, soyad s\u0259hvl\u0259ri var. \u00dcst\u0259lik, torpaq sah\u0259si realda az hesablan\u0131b, aktda art\u0131q qeyd olunub. Bir s\u0259n\u0259din d\u00fcz\u0259ldilm\u0259si, \u00e7\u0131xar\u0131\u015f\u0131n al\u0131nmas\u0131 250-200 manat x\u0259rc t\u0259l\u0259b edir, y\u0259ni xeyli x\u0259rcdir. \u0130kinci problem torpaq akt\u0131nda ad\u0131 ke\u00e7\u0259n b\u00fct\u00fcn ail\u0259 \u00fczvl\u0259ri imza atmal\u0131d\u0131r ki, b\u0259zisi \u00f6lk\u0259 xaricind\u0259 ya\u015fay\u0131r. Bu fakt da k\u0259ndlini subsidayadan m\u0259hrum qoyur. Dig\u0259r \u0259n ciddi problem is\u0259 veril\u0259n subsidiyan\u0131n faiz nisb\u0259ti il\u0259 na\u011fdla\u015fd\u0131r\u0131lmas\u0131d\u0131r&#8221;.<\/em><\/p>\n\n\n<div class=\"wp-block-image\">\n<figure class=\"aligncenter size-full\"><img decoding=\"async\" width=\"1200\" height=\"724\" data-src=\"https:\/\/www.meydan.tv\/wp-content\/uploads\/ktn-bina-mansetjpg-1686047820.jpg\" alt=\"\" class=\"wp-image-277320 lazyload\" src=\"data:image\/svg+xml;base64,PHN2ZyB3aWR0aD0iMSIgaGVpZ2h0PSIxIiB4bWxucz0iaHR0cDovL3d3dy53My5vcmcvMjAwMC9zdmciPjwvc3ZnPg==\" style=\"--smush-placeholder-width: 1200px; --smush-placeholder-aspect-ratio: 1200\/724;\" \/><figcaption class=\"wp-element-caption\">K\u0259nd T\u0259s\u0259rr\u00fcfat\u0131 Nazirliyi. Foto: president.az<\/figcaption><\/figure>\n<\/div>\n\n\n<p>&#8220;<em>V\u0259t\u0259nda\u015f ancaq 25 faizini \u00e7\u0131xara bil\u0259r, 75 faizini is\u0259 kartla k\u0259nd t\u0259s\u0259rr\u00fcfat\u0131na laz\u0131m istehsal vasit\u0259l\u0259ri &#8211; mineral g\u00fcbr\u0259, pestisid, herbisid, toxum, bihomus al\u0131r. H\u0259min bu vasit\u0259l\u0259ri d\u0259 ill\u0259rdir k\u0259ndliy\u0259 g\u0259tirib satan \u015firk\u0259ti d\u0259 K\u0259nd T\u0259s\u0259rr\u00fcfat\u0131 Nazirliyi \u00f6z\u00fc m\u00fc\u0259yy\u0259n edir. Bu d\u00f6vr \u0259rzind\u0259 \u015firk\u0259tl\u0259rin siyah\u0131s\u0131 oldu\u011fu kimidir, d\u0259yi\u015fiklik istisna olur. O \u015firk\u0259tl\u0259r d\u0259 b\u0259llidir. O \u015firk\u0259tl\u0259r d\u0259 bilir ki, k\u0259ndli, fermer kart\u0131ndak\u0131 75 faizlik m\u0259bl\u0259\u011f v\u0259saiti onlar\u0131n g\u0259tirib satd\u0131\u011f\u0131 m\u0259hsula x\u0259rcl\u0259m\u0259y\u0259 m\u0259cburdur. Y\u0259ni k\u0259ndlil\u0259r, fermerl\u0259r monopolist \u015firk\u0259tl\u0259r\u0259 t\u0259hkim olunub. Onlar da keyfiyy\u0259tsiz k\u0259nd t\u0259s\u0259rr\u00fcfat\u0131 m\u0259hsullar\u0131n\u0131 daxild\u0259n, xaricd\u0259n \u0259ld\u0259 edib g\u0259tirib 10-15 manat bahas\u0131na sat\u0131r. Keyfiyy\u0259tsiz m\u0259hsul da keyfiyy\u0259tli m\u0259hsul yeti\u015fdir\u0259 bilm\u0259z, n\u0259tic\u0259d\u0259 d\u0259 fermer m\u0259hsuldarl\u0131qda da uduzur&#8221;, <\/em>&#8211; dey\u0259 o bildirir.<\/p>\n\n\n\n<p><strong>&#8220;Subsidiya \u00fcz\u0259rind\u0259 monopolist n\u0259zar\u0259t olmamal\u0131d\u0131r&#8221;<\/strong><\/p>\n\n\n\n<p>Akif N\u0259sirli \u00e7\u0131x\u0131\u015f yolunu subsidiyan\u0131n m\u0259bl\u0259\u011finin x\u0259rcl\u0259r\u0259 d\u00fczg\u00fcn uy\u011funla\u015fd\u0131r\u0131lmas\u0131nda v\u0259 monopolist n\u0259zar\u0259tin l\u0259\u011fv edilm\u0259sind\u0259 g\u00f6r\u00fcr:<\/p>\n\n\n\n<p>&#8220;<em>Bu x\u0259rc hesab\u0131 nazirliyin kondisionerli ota\u011f\u0131nda deyil, sah\u0259d\u0259, \u015fumda k\u0259ndlinin, fermerin z\u0259hm\u0259tini, x\u0259rcini \u0259yani g\u00f6r\u00fcb, m\u00fct\u0259x\u0259ssis normativl\u0259ri \u0259sas\u0131nda d\u00fczg\u00fcn hesablan\u0131b haz\u0131rlanmal\u0131d\u0131r. H\u0259min subsidiya da z\u0259hm\u0259tke\u015f\u0259 na\u011fd \u015f\u0259kild\u0259 verilm\u0259lidir ki, \u00f6zl\u0259ri o v\u0259saiti t\u0259s\u0259rr\u00fcfat\u0131na s\u0259m\u0259r\u0259li x\u0259rcl\u0259sin, daha hans\u0131sa \u015firk\u0259tin haz\u0131r qazanc\u0131 olmas\u0131n. Zamanla da subsidiyan\u0131 na\u011fd \u015f\u0259kild\u0259 alan fermerl\u0259r, k\u0259ndlil\u0259r aras\u0131nda \u00e7al\u0131\u015fqan, m\u0259hsuldar b\u0259lli olacaq. Monopoliya olmasa, fermerl\u0259r \u00f6zl\u0259rini \u0259kin\u0259, m\u0259hsul istehsal\u0131na t\u0259\u015fviq ed\u0259c\u0259k. K\u0259nd t\u0259s\u0259rr\u00fcfat\u0131 adam\u0131 olmayan geri \u00e7\u0259kil\u0259c\u0259k. Y\u0259ni sa\u011flam yolla t\u0259m\u0259rk\u00fczl\u0259\u015fm\u0259 getm\u0259lidir. Daha \u0259lveri\u015fli torpaqlar\u0131 g\u00f6t\u00fcr\u00fcb d\u00f6vl\u0259t fermerl\u0259ri ad\u0131 il\u0259 aqroparklar yaratmaq d\u00fczg\u00fcn deyil&#8221;.<\/em><\/p>\n\n\n<div class=\"wp-block-image\">\n<figure class=\"aligncenter size-large\"><img decoding=\"async\" width=\"1095\" height=\"821\" data-src=\"https:\/\/www.meydan.tv\/wp-content\/uploads\/img-20240510-wa0079-1095x821.jpg\" alt=\"\" class=\"wp-image-305678 lazyload\" src=\"data:image\/svg+xml;base64,PHN2ZyB3aWR0aD0iMSIgaGVpZ2h0PSIxIiB4bWxucz0iaHR0cDovL3d3dy53My5vcmcvMjAwMC9zdmciPjwvc3ZnPg==\" style=\"--smush-placeholder-width: 1095px; --smush-placeholder-aspect-ratio: 1095\/821;\" \/><figcaption class=\"wp-element-caption\">Foto: Meydan TV<\/figcaption><\/figure>\n<\/div>\n\n\n<p><em>&#8220;Rusiyada, Qazax\u0131standa, G\u00fcrc\u00fcstanda, Erm\u0259nistanda bizim \u00f6lk\u0259 il\u0259 m\u00fcqayis\u0259d\u0259 5-6 d\u0259f\u0259 art\u0131q subsidiya verirl\u0259r v\u0259 \u00fcz\u0259rind\u0259 bel\u0259 monopolist n\u0259zar\u0259t yoxdur. Fermer, k\u0259ndli ona veril\u0259n subsidiyan\u0131 x\u0259rcl\u0259m\u0259kd\u0259 azadd\u0131r. Subsidiya \u00fcz\u0259rind\u0259 monopolist n\u0259zar\u0259t olmamal\u0131d\u0131r&#8221;,<\/em> &#8211; dey\u0259 ekspert subsidiya x\u0259rcl\u0259rinin \u015f\u0259ffafl\u0131\u011f\u0131n\u0131 \u00f6n\u0259mli hesab edir.<\/p>\n\n\n\n<p><strong><em>&#8220;<\/em>Heyvandarl\u0131\u011f\u0131 pamb\u0131q\u00e7\u0131l\u0131\u011fa qurban verm\u0259kl\u0259 itirdik&#8221;<\/strong><\/p>\n\n\n\n<p>\u0130qtisad\u00e7\u0131 qeyd edib ki, heyvandarl\u0131q v\u0259 m\u0259hsul \u00fczr\u0259 ayr\u0131lan subsidiyan\u0131n da \u015f\u0259ffaf olmad\u0131\u011f\u0131 v\u0259 bu sah\u0259d\u0259 d\u0259 xeyli probleml\u0259rin m\u00f6vcudlu\u011fu haqq\u0131nda d\u0259f\u0259l\u0259rl\u0259 dan\u0131\u015f\u0131l\u0131b.<\/p>\n\n\n\n<p>Onun s\u00f6zl\u0259rin\u0259 g\u00f6r\u0259, \u00f6lk\u0259d\u0259ki heyvanlar qeydiyyata al\u0131nd\u0131qdan sonra inki\u015faf\u0131 \u00fc\u00e7\u00fcn dotasiya ayr\u0131lmal\u0131 v\u0259 n\u0259zar\u0259t edilm\u0259lidir:<\/p>\n\n\n\n<p><em>&#8220;T\u0259s\u0259rr\u00fcfatda olan h\u0259r bir heyvan\u0131n qeydiyyat s\u0259n\u0259di olmal\u0131d\u0131r. M\u00fcvafiq qurum heyvan\u0131n do\u011fumundan d\u00f6vriyy\u0259d\u0259n \u00e7\u0131xar\u0131lmas\u0131na q\u0259d\u0259r b\u00fct\u00fcn x\u0259st\u0259likl\u0259ri , peyv\u0259ndi, m\u00fcalic\u0259si, x\u0259rcl\u0259ri qeyd etm\u0259lidir. Heyvanlar\u0131n 99 faizi qeydiyyatda deyil. \u00d6nc\u0259 qeydiyyat olmal\u0131, sonra inki\u015faf\u0131 \u00fc\u00e7\u00fcn dotasiya ayr\u0131lmal\u0131 v\u0259 n\u0259tic\u0259si n\u0259zar\u0259t\u0259 g\u00f6t\u00fcr\u00fclm\u0259lidir. S\u00fcni mayalanmaya ehtiyac da bundan sonra b\u0259lli olar. N\u0259 s\u00fcni mayalanma perspektivli olub, n\u0259 d\u0259 bu yolla do\u011fulub qeydiyyata al\u0131nan buzova veril\u0259n subsidiya. \u00c7\u00fcnki proses p\u0259rak\u0259nd\u0259 apar\u0131l\u0131r. El\u0259 heyvandarl\u0131\u011fa subsidiya veril\u0259n vaxtdan 2015-2016-c\u0131 ill\u0259rd\u0259 g\u00fccl\u00fc yem ehtiyat\u0131 say\u0131lan \u00f6r\u00fc\u015f sah\u0259l\u0259ri toplam \u015f\u0259kild\u0259 pamb\u0131q\u00e7\u0131l\u0131\u011fa c\u0259lb olundu. Heyvandarl\u0131\u011f\u0131 pamb\u0131q\u00e7\u0131l\u0131\u011fa qurban verm\u0259kl\u0259 itirdik&#8221;.<\/em><\/p>\n\n\n<div class=\"wp-block-image\">\n<figure class=\"aligncenter size-full\"><img decoding=\"async\" width=\"1200\" height=\"800\" data-src=\"https:\/\/www.meydan.tv\/wp-content\/uploads\/shutterstock_761764177.jpg\" alt=\"\" class=\"wp-image-229853 lazyload\" src=\"data:image\/svg+xml;base64,PHN2ZyB3aWR0aD0iMSIgaGVpZ2h0PSIxIiB4bWxucz0iaHR0cDovL3d3dy53My5vcmcvMjAwMC9zdmciPjwvc3ZnPg==\" style=\"--smush-placeholder-width: 1200px; --smush-placeholder-aspect-ratio: 1200\/800;\" \/><figcaption class=\"wp-element-caption\">Pamb\u0131q\u00e7\u0131, Ruad\/Shutterstock<\/figcaption><\/figure>\n<\/div>\n\n\n<p>&#8220;<em>2019-cu il nisb\u0259t\u0259n, ancaq son be\u015f ild\u0259 pamb\u0131q\u00e7\u0131l\u0131q inki\u015faf etm\u0259di. H\u0259l\u0259 d\u0259 bu s\u0259hvi etiraf etm\u0259s\u0259l\u0259r d\u0259 anlay\u0131rlar ki, pamb\u0131q\u00e7\u0131l\u0131\u011f\u0131 strateji sah\u0259 hesab etm\u0259kd\u0259 yan\u0131l\u0131blar. Statistik r\u0259q\u0259ml\u0259r g\u00f6st\u0259rir ki, ild\u0259n &#8211; il\u0259 istehsal azal\u0131r, sat\u0131\u015f\u0131 problem\u0259 \u00e7evrilir, \u0259n \u0259sas\u0131 pamb\u0131q\u00e7\u0131l\u0131qdan \u0259ld\u0259 edil\u0259n valyuta \u0259t idxal\u0131na s\u0131rf edil\u0259n valyutadan d\u0259f\u0259l\u0259rl\u0259 azd\u0131r. Bu itkil\u0259r b\u0259rpa olunmal\u0131, torpaqlar \u00f6z t\u0259yinat\u0131na qay\u0131tmal\u0131, pamb\u0131q\u00e7\u0131l\u0131\u011fa deyil, heyvandarl\u0131\u011fa iri m\u0259bl\u0259\u011fd\u0259 subsidiya x\u0259rcl\u0259nm\u0259lidir&#8221;, &#8211;<\/em> dey\u0259 N\u0259sirli vur\u011fulay\u0131b.<\/p>\n\n\n\n<p><strong>&#8220;M\u0259hsula g\u00f6r\u0259 subsidiya s\u0259m\u0259r\u0259siz, qeyri \u015f\u0259ffafd\u0131r&#8221;<\/strong><\/p>\n\n\n\n<p>Ekspert m\u0259hsula g\u00f6r\u0259 veril\u0259n subsidiyan\u0131 m\u00f6ht\u0259kirlik s\u0259b\u0259bind\u0259n uy\u011fun hesab etmir:<\/p>\n\n\n\n<p>&#8220;<em>\u018fkind\u0259 xeyli x\u0259rc oldu\u011fundan subsidiyan\u0131n \u0259kin\u0259 g\u00f6r\u0259 verilm\u0259si uy\u011fundur. \u0130lk \u00fc\u00e7 ili \u00fc\u00e7\u00fcn \u0259kin subsidiyas\u0131 qa\u00e7\u0131lmazd\u0131r. Ancaq m\u0259hsula g\u00f6r\u0259 subsidiya da qeyri- \u015f\u0259ffafl\u0131q yaradacaq. Az\u0259rbaycanda korrupsiya d\u00f6vl\u0259t s\u0259viyy\u0259sind\u0259 oldu\u011fundan bu \u00fcsulda da yalan olacaq. \u00c7\u00fcnki m\u0259hsula g\u00f6r\u0259 subsidiya olanda \u0259kin aparmadan saxta s\u0259n\u0259dl\u0259 il sonunda y\u00fcz ton m\u0259hsul istehsal olunub ad\u0131 il\u0259 v\u0259sait m\u0259nims\u0259nil\u0259c\u0259k. Sovet d\u00f6vr\u00fcnd\u0259 \u00d6zb\u0259kistan keyfiyy\u0259tsiz Az\u0259rbaycan pamb\u0131\u011f\u0131na g\u00f6r\u0259 pul t\u0259l\u0259b etdi. Onlar da 100 ton pamb\u0131\u011f\u0131n pulunu apar\u0131rd\u0131lar. Y\u0259ni m\u00f6ht\u0259kirliy\u0259 yol verildi. M\u0259hsul subsidiyas\u0131na g\u00f6r\u0259 d\u00fc\u015f\u00fcn\u00fcr\u0259m ki, yen\u0259 bel\u0259 m\u00f6ht\u0259kirlik olacaq. Do\u011frusu, pamb\u0131q m\u0259hsulunda \u0259min\u0259m ki, n\u0259zar\u0259t olsa bel\u0259, indi d\u0259 m\u0259nims\u0259m\u0259 var. M\u0259hsula g\u00f6r\u0259 subsidiya s\u0259m\u0259r\u0259siz, qeyri-\u015f\u0259ffafd\u0131r.&#8221;<\/em><\/p>\n\n\n\n<p><strong><em>&#8220;<\/em>Aidiyy\u0259ti qurumlara bunu anlada bilmirik&#8221;<\/strong><\/p>\n\n\n\n<p>Ar\u0131\u00e7\u0131l\u0131q sah\u0259sind\u0259 is\u0259 2018-2022-ci ill\u0259ri \u0259hat\u0259 etm\u0259kl\u0259 yaln\u0131z be\u015f ild\u0259 subsidiya verilib.<\/p>\n\n\n\n<p>Ekspertl\u0259r ar\u0131\u00e7\u0131l\u0131\u011f\u0131 spesifik sah\u0259 hesab etdiyind\u0259n inki\u015faf\u0131 \u00fc\u00e7\u00fcn ayr\u0131lan \u00fcmumi 25 milyonluq v\u0259saitin d\u0259 az oldu\u011funu deyirl\u0259r.<\/p>\n\n\n\n<p>Onlar\u0131n fikrinc\u0259, subsidiya ar\u0131\u00e7\u0131lar\u0131n xarici v\u0259 daxili bazarda al\u0131c\u0131s\u0131n\u0131, m\u00f6vqeyini tapana v\u0259 vergi \u00f6d\u0259y\u0259n\u0259 q\u0259d\u0259r davam etm\u0259li idi.<\/p>\n\n\n<div class=\"wp-block-image\">\n<figure class=\"aligncenter size-full\"><img decoding=\"async\" width=\"1200\" height=\"795\" data-src=\"https:\/\/www.meydan.tv\/wp-content\/uploads\/unnamed-14.jpg\" alt=\"\" class=\"wp-image-305690 lazyload\" src=\"data:image\/svg+xml;base64,PHN2ZyB3aWR0aD0iMSIgaGVpZ2h0PSIxIiB4bWxucz0iaHR0cDovL3d3dy53My5vcmcvMjAwMC9zdmciPjwvc3ZnPg==\" style=\"--smush-placeholder-width: 1200px; --smush-placeholder-aspect-ratio: 1200\/795;\" \/><figcaption class=\"wp-element-caption\">Ar\u0131\u00e7\u0131l\u0131q. Foto: Masall\u0131 Rayon \u0130cra Hakimiyy\u0259ti<\/figcaption><\/figure>\n<\/div>\n\n\n<p>Az\u0259rbaycan Ar\u0131\u00e7\u0131lar Assosiasiyas\u0131n\u0131n r\u0259hb\u0259ri B\u0259dr\u0259ddin H\u0259sr\u0259tov Meydan TV-y\u0259 deyir ki, aqrar sah\u0259 \u00fc\u00e7\u00fcn n\u0259z\u0259rd\u0259 tutulan subsidiya k\u0259silm\u0259m\u0259lidir. Bu d\u0259st\u0259yin \u00e7\u0259kil\u0259n maya d\u0259y\u0259rinin a\u015fa\u011f\u0131 sal\u0131nmas\u0131 \u00fc\u00e7\u00fcnd\u00fcr.<\/p>\n\n\n\n<p>Ba\u015f ar\u0131\u00e7\u0131n\u0131n s\u00f6zl\u0259rin\u0259 g\u00f6r\u0259, subsidiyan\u0131n k\u0259simi he\u00e7 d\u0259 yax\u015f\u0131 hal deyil:<\/p>\n\n\n\n<p><em>&#8220;Be\u015f il \u0259rzind\u0259 il\u0259 t\u0259xmin\u0259n be\u015f milyon ayr\u0131ld\u0131. Az da olsa d\u0259st\u0259k idi, ancaq 2022-ci ild\u0259n k\u0259sildi. Xo\u015fag\u0259l\u0259n hal deyil, s\u0259b\u0259bi d\u0259 ayd\u0131n deyil biz\u0259. H\u0259tta biz m\u00fcraci\u0259t etdik ki, yenid\u0259n verilsin. T\u00fcrkiy\u0259d\u0259 ar\u0131\u00e7\u0131l\u0131\u011fa bir ne\u00e7\u0259 formada subsidiya verilir. Ar\u0131 ail\u0259sind\u0259n tutmu\u015f, damazl\u0131q ar\u0131 t\u0259s\u0259rr\u00fcfatlar\u0131n\u0131 yeti\u015fdirm\u0259y\u0259 g\u00f6r\u0259, h\u0259tta orqanik bal istehsal\u00e7\u0131lar\u0131na ayr\u0131 subsidiya verilir. \u00dcmumiyy\u0259tl\u0259, aqrar sektor dotasiyalarla ya\u015fay\u0131r. Az-\u00e7ox f\u0259rq etmir, d\u00f6vl\u0259tind\u0259n qay\u011f\u0131 g\u00f6r\u00fcr, d\u0259st\u0259k al\u0131r. Ar\u0131\u00e7\u0131l\u0131q t\u0259kc\u0259 bal istehsal\u0131 \u00fc\u00e7\u00fcn laz\u0131m deyil, b\u00fct\u00f6vl\u00fckd\u0259 bu t\u0259s\u0259rr\u00fcfat k\u0259nd t\u0259s\u0259rr\u00fcfat\u0131n\u0131n inki\u015faf\u0131na d\u0259st\u0259kdir. Bal ar\u0131s\u0131 olmazsa, h\u0259yat 4 ild\u0259n 10 il\u0259d\u0259k m\u00f6vcud olmaz. \u00c7arpaz tozlanman\u0131n 85-90%-n\u0131 bal ar\u0131s\u0131 icra edir. B\u00fct\u00fcn d\u00fcnyada ar\u0131\u00e7\u0131lar\u0131 bala g\u00f6r\u0259 deyil, m\u0259hz h\u0259yat\u0131n m\u00f6vcudlu\u011fu, t\u0259bi\u0259t, ekologiya, meyv\u0259-t\u0259r\u0259v\u0259z, bostan \u00fc\u00e7\u00fcn d\u0259st\u0259kl\u0259yirl\u0259r. Biz aidiyy\u0259ti qurumlara ill\u0259rdir ki, bunu anlada bilmirik<\/em>&#8220;.<\/p>\n\n\n\n<p><strong><em>&#8220;\u00d6lk\u0259nin illik 6 min ton bala t\u0259l\u0259bat\u0131 var&#8221;<\/em><\/strong><\/p>\n\n\n\n<p>M\u00fct\u0259x\u0259ssis onu da \u0259lav\u0259 edir ki, subsidiya b\u0259rpa olarsa m\u00f6vcud 650 min ar\u0131 ail\u0259sinin say\u0131 bir milyona \u00e7atd\u0131r\u0131lar. Haz\u0131rda 25 min ar\u0131\u00e7\u0131 bu d\u0259st\u0259yi g\u00f6zl\u0259yir:<\/p>\n\n\n\n<p>&#8220;<em>D\u0259st\u0259k veril\u0259n vaxtdan, 2018-ci ild\u0259 \u00f6lk\u0259d\u0259 350 min ar\u0131 ail\u0259si vard\u0131, indi is\u0259 650 min ar\u0131 ail\u0259si m\u00f6vcuddur. Bu yax\u015f\u0131 n\u0259tic\u0259dir. Ancaq d\u0259st\u0259k laz\u0131md\u0131r, i\u015f\u011faldan azad olunmu\u015f \u0259razil\u0259r ar\u0131 ail\u0259l\u0259ri il\u0259 t\u0259min olunmal\u0131d\u0131r. H\u0259m ekologiyan\u0131 qorumaq, h\u0259m d\u0259 k\u0259nd t\u0259s\u0259r\u00fcfat\u0131n\u0131 qurmaq \u00fc\u00e7\u00fcn. T\u0259xmini hesablamalar\u0131m\u0131za g\u00f6r\u0259, o zonalarda 300 min ar\u0131 ail\u0259si ya\u015faya bil\u0259r. Bu olarsa \u00f6lk\u0259 \u00fczr\u0259 ar\u0131 ail\u0259l\u0259rin say\u0131 bir milyona \u00e7atar. Haz\u0131rda 25 min \u015f\u0259xs ar\u0131\u00e7\u0131l\u0131qla m\u0259\u015f\u011ful olur. \u00d6lk\u0259d\u0259 \u00f6t\u0259n il bals\u0131z il oldu&#8221;.<\/em><\/p>\n\n\n\n<p>&#8220;<em>Son otuz ilin \u0259n a\u015fa\u011f\u0131 bal olan ilini ya\u015fad\u0131q. \u00d6lk\u0259nin is\u0259 illik 6 min ton bala t\u0259l\u0259bat\u0131 var. Bu il ar\u0131\u00e7\u0131l\u0131q \u00fc\u00e7\u00fcn hava \u015f\u0259raiti uy\u011fundur. \u018fg\u0259r hava d\u0259yi\u015fm\u0259s\u0259 t\u0259xmin\u0259n 8 min ton bal g\u00f6zl\u0259yirik. M\u0259qs\u0259d bal ixrac ed\u0259n \u00f6lk\u0259y\u0259 \u00e7evrilm\u0259kdir ki, v\u0259sait g\u0259lsin \u00f6lk\u0259y\u0259. Az\u0259rbaycan bal\u0131n\u0131n d\u00fcnyada tan\u0131d\u0131lmas\u0131, m\u00f6vqeyini tapmas\u0131, ixrac\u0131 \u00fc\u00e7\u00fcn d\u00f6vl\u0259t d\u0259st\u0259yin\u0259 \u00e7ox ehtiyac\u0131m\u0131z var&#8221;, <\/em>&#8211; dey\u0259 ar\u0131\u00e7\u0131 subsidiyan\u0131n k\u0259simini inki\u015faf \u00fc\u00e7\u00fcn perspektivli hesab etmir.<\/p>\n","protected":false},"excerpt":{"rendered":"<p>Ekspert: &#8220;Subsidiya \u00fcz\u0259rind\u0259 monopolist n\u0259zar\u0259t olmamal\u0131, m\u0259bl\u0259\u011f x\u0259rcl\u0259r\u0259 uy\u011funla\u015fd\u0131r\u0131lmal\u0131d\u0131r&#8221; &#8220;\u0130mkanl\u0131lar &#8230; <\/p>\n<p class=\"read-more-container\"><a title=\"Monopoliya, inki\u015fafdan qalan k\u0259nd t\u0259s\u0259rr\u00fcfat\u0131 v\u0259 qeyri-\u015f\u0259ffaf\u00a0 subsidiyalar&#8230;\" class=\"read-more button\" href=\"https:\/\/www.meydan.tv\/az\/article\/monopoliya-inkisafdan-qalan-kend-teserrufati-ve-qeyri-seffaf-subsidiyalar\/#more-305684\" aria-label=\"Read more about Monopoliya, inki\u015fafdan qalan k\u0259nd t\u0259s\u0259rr\u00fcfat\u0131 v\u0259 qeyri-\u015f\u0259ffaf\u00a0 subsidiyalar&#8230;\">Davam\u0131<\/a><\/p>\n","protected":false},"author":8,"featured_media":305675,"comment_status":"closed","ping_status":"closed","sticky":false,"template":"","format":"standard","meta":{"_acf_changed":false,"_sitemap_exclude":false,"_sitemap_priority":"","_sitemap_frequency":"","footnotes":""},"categories":[60,79,56],"tags":[],"class_list":["post-305684","post","type-post","status-publish","format-standard","has-post-thumbnail","hentry","category-bolge","category-featured","category-xeberler","infinite-scroll-item","generate-columns","tablet-grid-50","mobile-grid-100","grid-parent","grid-33","no-featured-image-padding"],"acf":[],"yoast_head":"<!-- This site is optimized with the Yoast SEO plugin v27.4 - https:\/\/yoast.com\/product\/yoast-seo-wordpress\/ -->\n<title>Monopoliya, inki\u015fafdan qalan k\u0259nd t\u0259s\u0259rr\u00fcfat\u0131 v\u0259 qeyri-\u015f\u0259ffaf\u00a0 subsidiyalar... - MEYDAN.TV<\/title>\n<meta name=\"robots\" content=\"index, follow, max-snippet:-1, max-image-preview:large, max-video-preview:-1\" \/>\n<link rel=\"canonical\" href=\"https:\/\/www.meydan.tv\/az\/article\/monopoliya-inkisafdan-qalan-kend-teserrufati-ve-qeyri-seffaf-subsidiyalar\/\" \/>\n<meta property=\"og:locale\" content=\"az_AZ\" \/>\n<meta property=\"og:type\" content=\"article\" \/>\n<meta property=\"og:title\" content=\"Monopoliya, inki\u015fafdan qalan k\u0259nd t\u0259s\u0259rr\u00fcfat\u0131 v\u0259 qeyri-\u015f\u0259ffaf\u00a0 subsidiyalar... - MEYDAN.TV\" \/>\n<meta property=\"og:description\" content=\"Ekspert: &#8220;Subsidiya \u00fcz\u0259rind\u0259 monopolist n\u0259zar\u0259t olmamal\u0131, m\u0259bl\u0259\u011f x\u0259rcl\u0259r\u0259 uy\u011funla\u015fd\u0131r\u0131lmal\u0131d\u0131r&#8221; &#8220;\u0130mkanl\u0131lar ... Davam\u0131\" \/>\n<meta property=\"og:url\" content=\"https:\/\/www.meydan.tv\/az\/article\/monopoliya-inkisafdan-qalan-kend-teserrufati-ve-qeyri-seffaf-subsidiyalar\/\" \/>\n<meta property=\"og:site_name\" content=\"MEYDAN.TV\" \/>\n<meta property=\"article:published_time\" content=\"2024-05-13T17:29:56+00:00\" \/>\n<meta property=\"article:modified_time\" content=\"2024-05-14T07:38:41+00:00\" \/>\n<meta property=\"og:image\" content=\"https:\/\/www.meydan.tv\/wp-content\/uploads\/img-20240510-wa0066.jpg\" \/>\n\t<meta property=\"og:image:width\" content=\"1200\" \/>\n\t<meta property=\"og:image:height\" content=\"900\" \/>\n\t<meta property=\"og:image:type\" content=\"image\/jpeg\" \/>\n<meta name=\"author\" content=\"elli\" \/>\n<meta name=\"twitter:card\" content=\"summary_large_image\" \/>\n<meta name=\"twitter:creator\" content=\"@elli\" \/>\n<script type=\"application\/ld+json\" class=\"yoast-schema-graph\">{\"@context\":\"https:\\\/\\\/schema.org\",\"@graph\":[{\"@type\":\"Article\",\"@id\":\"https:\\\/\\\/www.meydan.tv\\\/az\\\/article\\\/monopoliya-inkisafdan-qalan-kend-teserrufati-ve-qeyri-seffaf-subsidiyalar\\\/#article\",\"isPartOf\":{\"@id\":\"https:\\\/\\\/www.meydan.tv\\\/az\\\/article\\\/monopoliya-inkisafdan-qalan-kend-teserrufati-ve-qeyri-seffaf-subsidiyalar\\\/\"},\"author\":{\"name\":\"elli\",\"@id\":\"https:\\\/\\\/www.meydan.tv\\\/az\\\/#\\\/schema\\\/person\\\/9cdbecf90d17180ce1dfbd95b08dcf47\"},\"headline\":\"Monopoliya, inki\u015fafdan qalan k\u0259nd t\u0259s\u0259rr\u00fcfat\u0131 v\u0259 qeyri-\u015f\u0259ffaf\u00a0 subsidiyalar&#8230;\",\"datePublished\":\"2024-05-13T17:29:56+00:00\",\"dateModified\":\"2024-05-14T07:38:41+00:00\",\"mainEntityOfPage\":{\"@id\":\"https:\\\/\\\/www.meydan.tv\\\/az\\\/article\\\/monopoliya-inkisafdan-qalan-kend-teserrufati-ve-qeyri-seffaf-subsidiyalar\\\/\"},\"wordCount\":5029,\"publisher\":{\"@id\":\"https:\\\/\\\/www.meydan.tv\\\/az\\\/#organization\"},\"image\":{\"@id\":\"https:\\\/\\\/www.meydan.tv\\\/az\\\/article\\\/monopoliya-inkisafdan-qalan-kend-teserrufati-ve-qeyri-seffaf-subsidiyalar\\\/#primaryimage\"},\"thumbnailUrl\":\"https:\\\/\\\/www.meydan.tv\\\/wp-content\\\/uploads\\\/img-20240510-wa0066.jpg\",\"articleSection\":[\"B\u00f6lg\u0259\",\"T\u00f6vsiy\u0259\",\"X\u0259b\u0259rl\u0259r\"],\"inLanguage\":\"az\"},{\"@type\":\"WebPage\",\"@id\":\"https:\\\/\\\/www.meydan.tv\\\/az\\\/article\\\/monopoliya-inkisafdan-qalan-kend-teserrufati-ve-qeyri-seffaf-subsidiyalar\\\/\",\"url\":\"https:\\\/\\\/www.meydan.tv\\\/az\\\/article\\\/monopoliya-inkisafdan-qalan-kend-teserrufati-ve-qeyri-seffaf-subsidiyalar\\\/\",\"name\":\"Monopoliya, inki\u015fafdan qalan k\u0259nd t\u0259s\u0259rr\u00fcfat\u0131 v\u0259 qeyri-\u015f\u0259ffaf\u00a0 subsidiyalar... - MEYDAN.TV\",\"isPartOf\":{\"@id\":\"https:\\\/\\\/www.meydan.tv\\\/az\\\/#website\"},\"primaryImageOfPage\":{\"@id\":\"https:\\\/\\\/www.meydan.tv\\\/az\\\/article\\\/monopoliya-inkisafdan-qalan-kend-teserrufati-ve-qeyri-seffaf-subsidiyalar\\\/#primaryimage\"},\"image\":{\"@id\":\"https:\\\/\\\/www.meydan.tv\\\/az\\\/article\\\/monopoliya-inkisafdan-qalan-kend-teserrufati-ve-qeyri-seffaf-subsidiyalar\\\/#primaryimage\"},\"thumbnailUrl\":\"https:\\\/\\\/www.meydan.tv\\\/wp-content\\\/uploads\\\/img-20240510-wa0066.jpg\",\"datePublished\":\"2024-05-13T17:29:56+00:00\",\"dateModified\":\"2024-05-14T07:38:41+00:00\",\"breadcrumb\":{\"@id\":\"https:\\\/\\\/www.meydan.tv\\\/az\\\/article\\\/monopoliya-inkisafdan-qalan-kend-teserrufati-ve-qeyri-seffaf-subsidiyalar\\\/#breadcrumb\"},\"inLanguage\":\"az\",\"potentialAction\":[{\"@type\":\"ReadAction\",\"target\":[\"https:\\\/\\\/www.meydan.tv\\\/az\\\/article\\\/monopoliya-inkisafdan-qalan-kend-teserrufati-ve-qeyri-seffaf-subsidiyalar\\\/\"]}]},{\"@type\":\"ImageObject\",\"inLanguage\":\"az\",\"@id\":\"https:\\\/\\\/www.meydan.tv\\\/az\\\/article\\\/monopoliya-inkisafdan-qalan-kend-teserrufati-ve-qeyri-seffaf-subsidiyalar\\\/#primaryimage\",\"url\":\"https:\\\/\\\/www.meydan.tv\\\/wp-content\\\/uploads\\\/img-20240510-wa0066.jpg\",\"contentUrl\":\"https:\\\/\\\/www.meydan.tv\\\/wp-content\\\/uploads\\\/img-20240510-wa0066.jpg\",\"width\":1200,\"height\":900,\"caption\":\"Foto: Meydan TV\"},{\"@type\":\"BreadcrumbList\",\"@id\":\"https:\\\/\\\/www.meydan.tv\\\/az\\\/article\\\/monopoliya-inkisafdan-qalan-kend-teserrufati-ve-qeyri-seffaf-subsidiyalar\\\/#breadcrumb\",\"itemListElement\":[{\"@type\":\"ListItem\",\"position\":1,\"name\":\"Ana s\u0259hif\u0259\",\"item\":\"https:\\\/\\\/www.meydan.tv\\\/az\\\/\"},{\"@type\":\"ListItem\",\"position\":2,\"name\":\"B\u00f6lg\u0259\",\"item\":\"https:\\\/\\\/www.meydan.tv\\\/az\\\/section\\\/bolge\\\/\"},{\"@type\":\"ListItem\",\"position\":3,\"name\":\"Monopoliya, inki\u015fafdan qalan k\u0259nd t\u0259s\u0259rr\u00fcfat\u0131 v\u0259 qeyri-\u015f\u0259ffaf\u00a0 subsidiyalar&#8230;\"}]},{\"@type\":\"WebSite\",\"@id\":\"https:\\\/\\\/www.meydan.tv\\\/az\\\/#website\",\"url\":\"https:\\\/\\\/www.meydan.tv\\\/az\\\/\",\"name\":\"MEYDAN.TV\",\"description\":\"Meydan TV Az\u0259rbaycan\u0131n media m\u0259kan\u0131ndak\u0131 alternativ s\u0259sidir\",\"publisher\":{\"@id\":\"https:\\\/\\\/www.meydan.tv\\\/az\\\/#organization\"},\"potentialAction\":[{\"@type\":\"SearchAction\",\"target\":{\"@type\":\"EntryPoint\",\"urlTemplate\":\"https:\\\/\\\/www.meydan.tv\\\/az\\\/?s={search_term_string}\"},\"query-input\":{\"@type\":\"PropertyValueSpecification\",\"valueRequired\":true,\"valueName\":\"search_term_string\"}}],\"inLanguage\":\"az\"},{\"@type\":\"Organization\",\"@id\":\"https:\\\/\\\/www.meydan.tv\\\/az\\\/#organization\",\"name\":\"Meydan TV\",\"url\":\"https:\\\/\\\/www.meydan.tv\\\/az\\\/\",\"logo\":{\"@type\":\"ImageObject\",\"inLanguage\":\"az\",\"@id\":\"https:\\\/\\\/www.meydan.tv\\\/az\\\/#\\\/schema\\\/logo\\\/image\\\/\",\"url\":\"https:\\\/\\\/www.meydan.tv\\\/wp-content\\\/uploads\\\/2021\\\/07\\\/meydan-logo.svg\",\"contentUrl\":\"https:\\\/\\\/www.meydan.tv\\\/wp-content\\\/uploads\\\/2021\\\/07\\\/meydan-logo.svg\",\"width\":195,\"height\":46,\"caption\":\"Meydan TV\"},\"image\":{\"@id\":\"https:\\\/\\\/www.meydan.tv\\\/az\\\/#\\\/schema\\\/logo\\\/image\\\/\"}},{\"@type\":\"Person\",\"@id\":\"https:\\\/\\\/www.meydan.tv\\\/az\\\/#\\\/schema\\\/person\\\/9cdbecf90d17180ce1dfbd95b08dcf47\",\"name\":\"elli\",\"sameAs\":[\"https:\\\/\\\/x.com\\\/elli\"]}]}<\/script>\n<!-- \/ Yoast SEO plugin. -->","yoast_head_json":{"title":"Monopoliya, inki\u015fafdan qalan k\u0259nd t\u0259s\u0259rr\u00fcfat\u0131 v\u0259 qeyri-\u015f\u0259ffaf\u00a0 subsidiyalar... - MEYDAN.TV","robots":{"index":"index","follow":"follow","max-snippet":"max-snippet:-1","max-image-preview":"max-image-preview:large","max-video-preview":"max-video-preview:-1"},"canonical":"https:\/\/www.meydan.tv\/az\/article\/monopoliya-inkisafdan-qalan-kend-teserrufati-ve-qeyri-seffaf-subsidiyalar\/","og_locale":"az_AZ","og_type":"article","og_title":"Monopoliya, inki\u015fafdan qalan k\u0259nd t\u0259s\u0259rr\u00fcfat\u0131 v\u0259 qeyri-\u015f\u0259ffaf\u00a0 subsidiyalar... - MEYDAN.TV","og_description":"Ekspert: &#8220;Subsidiya \u00fcz\u0259rind\u0259 monopolist n\u0259zar\u0259t olmamal\u0131, m\u0259bl\u0259\u011f x\u0259rcl\u0259r\u0259 uy\u011funla\u015fd\u0131r\u0131lmal\u0131d\u0131r&#8221; &#8220;\u0130mkanl\u0131lar ... Davam\u0131","og_url":"https:\/\/www.meydan.tv\/az\/article\/monopoliya-inkisafdan-qalan-kend-teserrufati-ve-qeyri-seffaf-subsidiyalar\/","og_site_name":"MEYDAN.TV","article_published_time":"2024-05-13T17:29:56+00:00","article_modified_time":"2024-05-14T07:38:41+00:00","og_image":[{"width":1200,"height":900,"url":"https:\/\/www.meydan.tv\/wp-content\/uploads\/img-20240510-wa0066.jpg","type":"image\/jpeg"}],"author":"elli","twitter_card":"summary_large_image","twitter_creator":"@elli","schema":{"@context":"https:\/\/schema.org","@graph":[{"@type":"Article","@id":"https:\/\/www.meydan.tv\/az\/article\/monopoliya-inkisafdan-qalan-kend-teserrufati-ve-qeyri-seffaf-subsidiyalar\/#article","isPartOf":{"@id":"https:\/\/www.meydan.tv\/az\/article\/monopoliya-inkisafdan-qalan-kend-teserrufati-ve-qeyri-seffaf-subsidiyalar\/"},"author":{"name":"elli","@id":"https:\/\/www.meydan.tv\/az\/#\/schema\/person\/9cdbecf90d17180ce1dfbd95b08dcf47"},"headline":"Monopoliya, inki\u015fafdan qalan k\u0259nd t\u0259s\u0259rr\u00fcfat\u0131 v\u0259 qeyri-\u015f\u0259ffaf\u00a0 subsidiyalar&#8230;","datePublished":"2024-05-13T17:29:56+00:00","dateModified":"2024-05-14T07:38:41+00:00","mainEntityOfPage":{"@id":"https:\/\/www.meydan.tv\/az\/article\/monopoliya-inkisafdan-qalan-kend-teserrufati-ve-qeyri-seffaf-subsidiyalar\/"},"wordCount":5029,"publisher":{"@id":"https:\/\/www.meydan.tv\/az\/#organization"},"image":{"@id":"https:\/\/www.meydan.tv\/az\/article\/monopoliya-inkisafdan-qalan-kend-teserrufati-ve-qeyri-seffaf-subsidiyalar\/#primaryimage"},"thumbnailUrl":"https:\/\/www.meydan.tv\/wp-content\/uploads\/img-20240510-wa0066.jpg","articleSection":["B\u00f6lg\u0259","T\u00f6vsiy\u0259","X\u0259b\u0259rl\u0259r"],"inLanguage":"az"},{"@type":"WebPage","@id":"https:\/\/www.meydan.tv\/az\/article\/monopoliya-inkisafdan-qalan-kend-teserrufati-ve-qeyri-seffaf-subsidiyalar\/","url":"https:\/\/www.meydan.tv\/az\/article\/monopoliya-inkisafdan-qalan-kend-teserrufati-ve-qeyri-seffaf-subsidiyalar\/","name":"Monopoliya, inki\u015fafdan qalan k\u0259nd t\u0259s\u0259rr\u00fcfat\u0131 v\u0259 qeyri-\u015f\u0259ffaf\u00a0 subsidiyalar... - MEYDAN.TV","isPartOf":{"@id":"https:\/\/www.meydan.tv\/az\/#website"},"primaryImageOfPage":{"@id":"https:\/\/www.meydan.tv\/az\/article\/monopoliya-inkisafdan-qalan-kend-teserrufati-ve-qeyri-seffaf-subsidiyalar\/#primaryimage"},"image":{"@id":"https:\/\/www.meydan.tv\/az\/article\/monopoliya-inkisafdan-qalan-kend-teserrufati-ve-qeyri-seffaf-subsidiyalar\/#primaryimage"},"thumbnailUrl":"https:\/\/www.meydan.tv\/wp-content\/uploads\/img-20240510-wa0066.jpg","datePublished":"2024-05-13T17:29:56+00:00","dateModified":"2024-05-14T07:38:41+00:00","breadcrumb":{"@id":"https:\/\/www.meydan.tv\/az\/article\/monopoliya-inkisafdan-qalan-kend-teserrufati-ve-qeyri-seffaf-subsidiyalar\/#breadcrumb"},"inLanguage":"az","potentialAction":[{"@type":"ReadAction","target":["https:\/\/www.meydan.tv\/az\/article\/monopoliya-inkisafdan-qalan-kend-teserrufati-ve-qeyri-seffaf-subsidiyalar\/"]}]},{"@type":"ImageObject","inLanguage":"az","@id":"https:\/\/www.meydan.tv\/az\/article\/monopoliya-inkisafdan-qalan-kend-teserrufati-ve-qeyri-seffaf-subsidiyalar\/#primaryimage","url":"https:\/\/www.meydan.tv\/wp-content\/uploads\/img-20240510-wa0066.jpg","contentUrl":"https:\/\/www.meydan.tv\/wp-content\/uploads\/img-20240510-wa0066.jpg","width":1200,"height":900,"caption":"Foto: Meydan TV"},{"@type":"BreadcrumbList","@id":"https:\/\/www.meydan.tv\/az\/article\/monopoliya-inkisafdan-qalan-kend-teserrufati-ve-qeyri-seffaf-subsidiyalar\/#breadcrumb","itemListElement":[{"@type":"ListItem","position":1,"name":"Ana s\u0259hif\u0259","item":"https:\/\/www.meydan.tv\/az\/"},{"@type":"ListItem","position":2,"name":"B\u00f6lg\u0259","item":"https:\/\/www.meydan.tv\/az\/section\/bolge\/"},{"@type":"ListItem","position":3,"name":"Monopoliya, inki\u015fafdan qalan k\u0259nd t\u0259s\u0259rr\u00fcfat\u0131 v\u0259 qeyri-\u015f\u0259ffaf\u00a0 subsidiyalar&#8230;"}]},{"@type":"WebSite","@id":"https:\/\/www.meydan.tv\/az\/#website","url":"https:\/\/www.meydan.tv\/az\/","name":"MEYDAN.TV","description":"Meydan TV Az\u0259rbaycan\u0131n media m\u0259kan\u0131ndak\u0131 alternativ s\u0259sidir","publisher":{"@id":"https:\/\/www.meydan.tv\/az\/#organization"},"potentialAction":[{"@type":"SearchAction","target":{"@type":"EntryPoint","urlTemplate":"https:\/\/www.meydan.tv\/az\/?s={search_term_string}"},"query-input":{"@type":"PropertyValueSpecification","valueRequired":true,"valueName":"search_term_string"}}],"inLanguage":"az"},{"@type":"Organization","@id":"https:\/\/www.meydan.tv\/az\/#organization","name":"Meydan TV","url":"https:\/\/www.meydan.tv\/az\/","logo":{"@type":"ImageObject","inLanguage":"az","@id":"https:\/\/www.meydan.tv\/az\/#\/schema\/logo\/image\/","url":"https:\/\/www.meydan.tv\/wp-content\/uploads\/2021\/07\/meydan-logo.svg","contentUrl":"https:\/\/www.meydan.tv\/wp-content\/uploads\/2021\/07\/meydan-logo.svg","width":195,"height":46,"caption":"Meydan TV"},"image":{"@id":"https:\/\/www.meydan.tv\/az\/#\/schema\/logo\/image\/"}},{"@type":"Person","@id":"https:\/\/www.meydan.tv\/az\/#\/schema\/person\/9cdbecf90d17180ce1dfbd95b08dcf47","name":"elli","sameAs":["https:\/\/x.com\/elli"]}]}},"_links":{"self":[{"href":"https:\/\/www.meydan.tv\/az\/wp-json\/wp\/v2\/posts\/305684","targetHints":{"allow":["GET"]}}],"collection":[{"href":"https:\/\/www.meydan.tv\/az\/wp-json\/wp\/v2\/posts"}],"about":[{"href":"https:\/\/www.meydan.tv\/az\/wp-json\/wp\/v2\/types\/post"}],"author":[{"embeddable":true,"href":"https:\/\/www.meydan.tv\/az\/wp-json\/wp\/v2\/users\/8"}],"replies":[{"embeddable":true,"href":"https:\/\/www.meydan.tv\/az\/wp-json\/wp\/v2\/comments?post=305684"}],"version-history":[{"count":9,"href":"https:\/\/www.meydan.tv\/az\/wp-json\/wp\/v2\/posts\/305684\/revisions"}],"predecessor-version":[{"id":305716,"href":"https:\/\/www.meydan.tv\/az\/wp-json\/wp\/v2\/posts\/305684\/revisions\/305716"}],"wp:featuredmedia":[{"embeddable":true,"href":"https:\/\/www.meydan.tv\/az\/wp-json\/wp\/v2\/media\/305675"}],"wp:attachment":[{"href":"https:\/\/www.meydan.tv\/az\/wp-json\/wp\/v2\/media?parent=305684"}],"wp:term":[{"taxonomy":"category","embeddable":true,"href":"https:\/\/www.meydan.tv\/az\/wp-json\/wp\/v2\/categories?post=305684"},{"taxonomy":"post_tag","embeddable":true,"href":"https:\/\/www.meydan.tv\/az\/wp-json\/wp\/v2\/tags?post=305684"}],"curies":[{"name":"wp","href":"https:\/\/api.w.org\/{rel}","templated":true}]}}