{"id":305613,"date":"2024-05-13T12:56:40","date_gmt":"2024-05-13T08:56:40","guid":{"rendered":"https:\/\/www.meydan.tv\/?p=305613"},"modified":"2024-05-13T12:56:46","modified_gmt":"2024-05-13T08:56:46","slug":"ekspertiza-eyni-reyi-verdi-ehmed-ehmedov-anlaqsizdir","status":"publish","type":"post","link":"https:\/\/www.meydan.tv\/az\/article\/ekspertiza-eyni-reyi-verdi-ehmed-ehmedov-anlaqsizdir\/","title":{"rendered":"Ekspertiza eyni r\u0259yi verdi: \u018fhm\u0259d \u018fhm\u0259dov anlaqs\u0131zd\u0131r"},"content":{"rendered":"\n<p><\/p>\n\n\n\n<p><strong><em>O, hadis\u0259ni t\u00f6r\u0259d\u0259nd\u0259 d\u0259 anlaqs\u0131z v\u0259ziyy\u0259td\u0259 olub<\/em><\/strong><\/p>\n\n\n\n<p>Anas\u0131n\u0131, atas\u0131n\u0131, azya\u015fl\u0131 qarda\u015f\u0131n\u0131, bac\u0131s\u0131n\u0131 v\u0259 onun 5 ya\u015fl\u0131 q\u0131z\u0131n\u0131 \u00f6ld\u00fcrm\u0259kd\u0259 ittiham olunan \u018fhm\u0259d \u018fhm\u0259dovla ba\u011fl\u0131 ekspertiza ikinci d\u0259f\u0259 d\u0259 eyni r\u0259yi verib. Komission m\u0259hk\u0259m\u0259-psixiatrik ekspertizas\u0131n\u0131n may\u0131n \u0259vv\u0259lind\u0259 verdiyi r\u0259y\u0259 \u0259sas\u0259n, o, hadis\u0259ni t\u00f6r\u0259d\u0259rk\u0259n anlaqs\u0131z v\u0259ziyy\u0259td\u0259 olub.<\/p>\n\n\n\n<p>\u018fhm\u0259d \u018fhm\u0259dov ilk d\u0259f\u0259 fevral\u0131n sonunda m\u0259hk\u0259m\u0259 q\u0259rar\u0131yla Ma\u015fta\u011fadak\u0131 Respublika Psixiatriya X\u0259st\u0259xanas\u0131na k\u00f6\u00e7\u00fcr\u00fclm\u00fc\u015f, onu orada m\u00fcayin\u0259 ed\u0259n ekspert-m\u00fct\u0259x\u0259ssisl\u0259r r\u0259y vermi\u015fdi. M\u0259hk\u0259m\u0259-psixiatrik ekspertizas\u0131n\u0131n birinci r\u0259yi aprelin \u0259vv\u0259lind\u0259 prokurorlu\u011fa g\u00f6nd\u0259rilmi\u015f v\u0259 orada \u018fhm\u0259d \u018fhm\u0259dovun anlaqs\u0131z oldu\u011fu g\u00f6st\u0259rilmi\u015fdi.<\/p>\n\n\n\n<p>Lakin prokurorluq bu r\u0259yd\u0259n naraz\u0131 qalaraq, onun yenid\u0259n ekspertizadan ke\u00e7irilm\u0259sin\u0259 q\u0259rar vermi\u015fdi. Bu \u00fczd\u0259n \u018fhm\u0259d \u018fhm\u0259dov bir ne\u00e7\u0259 g\u00fcn sonra yenid\u0259n m\u00fcayin\u0259 olunmas\u0131 \u00fc\u00e7\u00fcn psixiatriya x\u0259st\u0259xanas\u0131na k\u00f6\u00e7\u00fcr\u00fclm\u00fc\u015fd\u00fc.<\/p>\n\n\n\n<p>Bel\u0259 hallarda k\u00f6\u00e7\u00fcr\u00fclm\u0259 q\u0259rar\u0131n\u0131 prokurorlu\u011fun t\u0259qdimat\u0131 \u0259sas\u0131nda m\u0259hk\u0259m\u0259 verir.<\/p>\n\n\n\n<p>Bel\u0259likl\u0259, ekspertl\u0259r t\u0259krar m\u00fcayin\u0259d\u0259n sonra yen\u0259 d\u0259 eyni n\u0259tic\u0259y\u0259 g\u0259l\u0259r\u0259k, \u018fhm\u0259d \u018fhm\u0259dovun h\u0259m cinay\u0259ti t\u00f6r\u0259d\u0259rk\u0259n, h\u0259m d\u0259 haz\u0131rda anlaqs\u0131z oldu\u011funu hesab edir.<\/p>\n\n\n\n<p>\u018fhm\u0259d \u018fhm\u0259dovun i\u015fi \u00fczr\u0259 istintaq X\u0259tai Rayon Prokurorlu\u011funda apar\u0131l\u0131r. Bir m\u00fcdd\u0259t sonra istintaq yekunla\u015facaq v\u0259 i\u015f materiallar\u0131 bax\u0131lmas\u0131 \u00fc\u00e7\u00fcn Bak\u0131 A\u011f\u0131r Cinay\u0259tl\u0259r M\u0259hk\u0259m\u0259sind\u0259 g\u00f6nd\u0259ril\u0259c\u0259k. \u018fhm\u0259d \u018fhm\u0259dovla ba\u011fl\u0131 yekun q\u0259rar\u0131 is\u0259 sonda m\u0259hk\u0259m\u0259 ver\u0259c\u0259k.<\/p>\n\n\n\n<p>Ail\u0259 \u00fczvl\u0259rini q\u0259tl\u0259 yetirm\u0259kd\u0259 ittiham olunan 25 ya\u015fl\u0131 \u018fhm\u0259d \u018fhm\u0259dova qar\u015f\u0131 Cinay\u0259t M\u0259c\u0259ll\u0259sinin 120.2.4 (x\u00fcsusi amans\u0131zl\u0131qla adam \u00f6ld\u00fcrm\u0259), 120.2.7 (iki v\u0259 ya daha \u00e7ox \u015f\u0259xsi \u00f6ld\u00fcrm\u0259) v\u0259 ba\u015fqa madd\u0259l\u0259ril\u0259 ittiham ir\u0259li s\u00fcr\u00fcl\u00fcb. Bu madd\u0259l\u0259rl\u0259 20 il\u0259 q\u0259d\u0259r v\u0259 ya \u00f6m\u00fcrl\u00fck azadl\u0131qdan m\u0259hrumetm\u0259 c\u0259zas\u0131 n\u0259z\u0259rd\u0259 tutulub. Lakin qanuna g\u00f6r\u0259, \u015f\u0259xs cinay\u0259ti anlaqs\u0131z v\u0259ziyy\u0259td\u0259 t\u00f6r\u0259dibs\u0259, bu haqda c\u0259zadan azad edil\u0259, m\u0259cburi m\u00fcalic\u0259y\u0259 g\u00f6nd\u0259ril\u0259 bil\u0259r.<\/p>\n\n\n\n<p>Hadis\u0259 fevral\u0131n 13-d\u0259 ax\u015fam saat 16.30 rad\u0259l\u0259rind\u0259 ba\u015f verib.<\/p>\n\n\n\n<p>\u0130ttihama g\u00f6r\u0259, \u018fhm\u0259d \u018fhm\u0259dov paytaxt\u0131n G\u00fcn\u0259\u015fli q\u0259s\u0259b\u0259sind\u0259 ya\u015fayan bac\u0131s\u0131 \u2013 1997-ci il t\u0259v\u0259ll\u00fcdl\u00fc Elmira \u018fhm\u0259dova v\u0259 onun 5 ya\u015fl\u0131 q\u0131z\u0131n\u0131 balta il\u0259 q\u0259tl\u0259 yetirib. O, daha sonra X\u0259tai rayonu, \u018fhm\u0259dli q\u0259s\u0259b\u0259sind\u0259 valideynl\u0259rinin ya\u015fad\u0131\u011f\u0131 ev\u0259 g\u0259lib. \u00d6nc\u0259 evd\u0259 olan atas\u0131, 1972-ci il t\u0259v\u0259ll\u00fcdl\u00fc Mehman \u018fhm\u0259dovu balta il\u0259 \u00f6ld\u00fcr\u00fcb. Daha sonra anas\u0131 Bik\u0259 \u018fhm\u0259dova v\u0259 9 ya\u015fl\u0131 qarda\u015f\u0131 M\u0259h\u0259mm\u0259din g\u0259lm\u0259sini g\u00f6zl\u0259yib. Ana v\u0259 u\u015faq birlikd\u0259 g\u0259l\u0259nd\u0259 onlar\u0131n da eyni \u00fcsulla \u00f6ld\u00fcr\u00fcld\u00fcy\u00fc bildirilir.<\/p>\n\n\n\n<p>Q\u0259tl\u0259 yetiril\u0259n 47 ya\u015fl\u0131 Bik\u0259 \u018fhm\u0259dova Bak\u0131dak\u0131 59 sayl\u0131 m\u0259kt\u0259bin direktoru idi.<\/p>\n\n\n\n<p>Qohumlar\u0131n\u0131n verdiyi ilkin m\u0259lumatlara g\u00f6r\u0259, \u018fhm\u0259d \u018fhm\u0259dovun psixi probleml\u0259ri vard\u0131. Bu \u00fczd\u0259n onun \u0259vv\u0259ll\u0259r x\u0259st\u0259xanada m\u00fcalic\u0259 ald\u0131\u011f\u0131, davaml\u0131 \u015f\u0259kild\u0259 d\u0259rmanlar q\u0259bul etdiyi bildirilir.<\/p>\n","protected":false},"excerpt":{"rendered":"<p>O, hadis\u0259ni t\u00f6r\u0259d\u0259nd\u0259 d\u0259 anlaqs\u0131z v\u0259ziyy\u0259td\u0259 olub Anas\u0131n\u0131, atas\u0131n\u0131, azya\u015fl\u0131 &#8230; <\/p>\n<p class=\"read-more-container\"><a title=\"Ekspertiza eyni r\u0259yi verdi: \u018fhm\u0259d \u018fhm\u0259dov anlaqs\u0131zd\u0131r\" class=\"read-more button\" href=\"https:\/\/www.meydan.tv\/az\/article\/ekspertiza-eyni-reyi-verdi-ehmed-ehmedov-anlaqsizdir\/#more-305613\" aria-label=\"Read more about Ekspertiza eyni r\u0259yi verdi: \u018fhm\u0259d \u018fhm\u0259dov anlaqs\u0131zd\u0131r\">Davam\u0131<\/a><\/p>\n","protected":false},"author":8,"featured_media":299553,"comment_status":"closed","ping_status":"closed","sticky":false,"template":"","format":"standard","meta":{"_acf_changed":false,"_sitemap_exclude":false,"_sitemap_priority":"","_sitemap_frequency":"","footnotes":""},"categories":[62,56],"tags":[],"class_list":["post-305613","post","type-post","status-publish","format-standard","has-post-thumbnail","hentry","category-sosial","category-xeberler","infinite-scroll-item","generate-columns","tablet-grid-50","mobile-grid-100","grid-parent","grid-33","no-featured-image-padding"],"acf":[],"yoast_head":"<!-- This site is optimized with the Yoast SEO plugin v27.5 - https:\/\/yoast.com\/product\/yoast-seo-wordpress\/ -->\n<title>Ekspertiza eyni r\u0259yi verdi: \u018fhm\u0259d \u018fhm\u0259dov anlaqs\u0131zd\u0131r - MEYDAN.TV<\/title>\n<meta name=\"robots\" content=\"index, follow, max-snippet:-1, max-image-preview:large, max-video-preview:-1\" \/>\n<link rel=\"canonical\" href=\"https:\/\/www.meydan.tv\/az\/article\/ekspertiza-eyni-reyi-verdi-ehmed-ehmedov-anlaqsizdir\/\" \/>\n<meta property=\"og:locale\" content=\"az_AZ\" \/>\n<meta property=\"og:type\" content=\"article\" \/>\n<meta property=\"og:title\" content=\"Ekspertiza eyni r\u0259yi verdi: \u018fhm\u0259d \u018fhm\u0259dov anlaqs\u0131zd\u0131r - MEYDAN.TV\" \/>\n<meta property=\"og:description\" content=\"O, hadis\u0259ni t\u00f6r\u0259d\u0259nd\u0259 d\u0259 anlaqs\u0131z v\u0259ziyy\u0259td\u0259 olub Anas\u0131n\u0131, atas\u0131n\u0131, azya\u015fl\u0131 ... Davam\u0131\" \/>\n<meta property=\"og:url\" content=\"https:\/\/www.meydan.tv\/az\/article\/ekspertiza-eyni-reyi-verdi-ehmed-ehmedov-anlaqsizdir\/\" \/>\n<meta property=\"og:site_name\" content=\"MEYDAN.TV\" \/>\n<meta property=\"article:published_time\" content=\"2024-05-13T08:56:40+00:00\" \/>\n<meta property=\"article:modified_time\" content=\"2024-05-13T08:56:46+00:00\" \/>\n<meta property=\"og:image\" content=\"https:\/\/www.meydan.tv\/wp-content\/uploads\/aztibb.az_googlrmap1_1_809.webp\" \/>\n\t<meta property=\"og:image:width\" content=\"1920\" \/>\n\t<meta property=\"og:image:height\" content=\"1080\" \/>\n\t<meta property=\"og:image:type\" content=\"image\/webp\" \/>\n<meta name=\"author\" content=\"elli\" \/>\n<meta name=\"twitter:card\" content=\"summary_large_image\" \/>\n<meta name=\"twitter:creator\" content=\"@elli\" \/>\n<script type=\"application\/ld+json\" class=\"yoast-schema-graph\">{\"@context\":\"https:\\\/\\\/schema.org\",\"@graph\":[{\"@type\":\"Article\",\"@id\":\"https:\\\/\\\/www.meydan.tv\\\/az\\\/article\\\/ekspertiza-eyni-reyi-verdi-ehmed-ehmedov-anlaqsizdir\\\/#article\",\"isPartOf\":{\"@id\":\"https:\\\/\\\/www.meydan.tv\\\/az\\\/article\\\/ekspertiza-eyni-reyi-verdi-ehmed-ehmedov-anlaqsizdir\\\/\"},\"author\":{\"name\":\"elli\",\"@id\":\"https:\\\/\\\/www.meydan.tv\\\/az\\\/#\\\/schema\\\/person\\\/9cdbecf90d17180ce1dfbd95b08dcf47\"},\"headline\":\"Ekspertiza eyni r\u0259yi verdi: \u018fhm\u0259d \u018fhm\u0259dov anlaqs\u0131zd\u0131r\",\"datePublished\":\"2024-05-13T08:56:40+00:00\",\"dateModified\":\"2024-05-13T08:56:46+00:00\",\"mainEntityOfPage\":{\"@id\":\"https:\\\/\\\/www.meydan.tv\\\/az\\\/article\\\/ekspertiza-eyni-reyi-verdi-ehmed-ehmedov-anlaqsizdir\\\/\"},\"wordCount\":629,\"publisher\":{\"@id\":\"https:\\\/\\\/www.meydan.tv\\\/az\\\/#organization\"},\"image\":{\"@id\":\"https:\\\/\\\/www.meydan.tv\\\/az\\\/article\\\/ekspertiza-eyni-reyi-verdi-ehmed-ehmedov-anlaqsizdir\\\/#primaryimage\"},\"thumbnailUrl\":\"https:\\\/\\\/www.meydan.tv\\\/wp-content\\\/uploads\\\/aztibb.az_googlrmap1_1_809.webp\",\"articleSection\":[\"Sosial\",\"X\u0259b\u0259rl\u0259r\"],\"inLanguage\":\"az\"},{\"@type\":\"WebPage\",\"@id\":\"https:\\\/\\\/www.meydan.tv\\\/az\\\/article\\\/ekspertiza-eyni-reyi-verdi-ehmed-ehmedov-anlaqsizdir\\\/\",\"url\":\"https:\\\/\\\/www.meydan.tv\\\/az\\\/article\\\/ekspertiza-eyni-reyi-verdi-ehmed-ehmedov-anlaqsizdir\\\/\",\"name\":\"Ekspertiza eyni r\u0259yi verdi: \u018fhm\u0259d \u018fhm\u0259dov anlaqs\u0131zd\u0131r - MEYDAN.TV\",\"isPartOf\":{\"@id\":\"https:\\\/\\\/www.meydan.tv\\\/az\\\/#website\"},\"primaryImageOfPage\":{\"@id\":\"https:\\\/\\\/www.meydan.tv\\\/az\\\/article\\\/ekspertiza-eyni-reyi-verdi-ehmed-ehmedov-anlaqsizdir\\\/#primaryimage\"},\"image\":{\"@id\":\"https:\\\/\\\/www.meydan.tv\\\/az\\\/article\\\/ekspertiza-eyni-reyi-verdi-ehmed-ehmedov-anlaqsizdir\\\/#primaryimage\"},\"thumbnailUrl\":\"https:\\\/\\\/www.meydan.tv\\\/wp-content\\\/uploads\\\/aztibb.az_googlrmap1_1_809.webp\",\"datePublished\":\"2024-05-13T08:56:40+00:00\",\"dateModified\":\"2024-05-13T08:56:46+00:00\",\"breadcrumb\":{\"@id\":\"https:\\\/\\\/www.meydan.tv\\\/az\\\/article\\\/ekspertiza-eyni-reyi-verdi-ehmed-ehmedov-anlaqsizdir\\\/#breadcrumb\"},\"inLanguage\":\"az\",\"potentialAction\":[{\"@type\":\"ReadAction\",\"target\":[\"https:\\\/\\\/www.meydan.tv\\\/az\\\/article\\\/ekspertiza-eyni-reyi-verdi-ehmed-ehmedov-anlaqsizdir\\\/\"]}]},{\"@type\":\"ImageObject\",\"inLanguage\":\"az\",\"@id\":\"https:\\\/\\\/www.meydan.tv\\\/az\\\/article\\\/ekspertiza-eyni-reyi-verdi-ehmed-ehmedov-anlaqsizdir\\\/#primaryimage\",\"url\":\"https:\\\/\\\/www.meydan.tv\\\/wp-content\\\/uploads\\\/aztibb.az_googlrmap1_1_809.webp\",\"contentUrl\":\"https:\\\/\\\/www.meydan.tv\\\/wp-content\\\/uploads\\\/aztibb.az_googlrmap1_1_809.webp\",\"width\":1920,\"height\":1080,\"caption\":\"Respublika Psixiatriya X\u0259st\u0259xanas\u0131. Foto: \\\"aztibb\\\"\"},{\"@type\":\"BreadcrumbList\",\"@id\":\"https:\\\/\\\/www.meydan.tv\\\/az\\\/article\\\/ekspertiza-eyni-reyi-verdi-ehmed-ehmedov-anlaqsizdir\\\/#breadcrumb\",\"itemListElement\":[{\"@type\":\"ListItem\",\"position\":1,\"name\":\"Ana s\u0259hif\u0259\",\"item\":\"https:\\\/\\\/www.meydan.tv\\\/az\\\/\"},{\"@type\":\"ListItem\",\"position\":2,\"name\":\"Sosial\",\"item\":\"https:\\\/\\\/www.meydan.tv\\\/az\\\/section\\\/sosial\\\/\"},{\"@type\":\"ListItem\",\"position\":3,\"name\":\"Ekspertiza eyni r\u0259yi verdi: \u018fhm\u0259d \u018fhm\u0259dov anlaqs\u0131zd\u0131r\"}]},{\"@type\":\"WebSite\",\"@id\":\"https:\\\/\\\/www.meydan.tv\\\/az\\\/#website\",\"url\":\"https:\\\/\\\/www.meydan.tv\\\/az\\\/\",\"name\":\"MEYDAN.TV\",\"description\":\"Meydan TV Az\u0259rbaycan\u0131n media m\u0259kan\u0131ndak\u0131 alternativ s\u0259sidir\",\"publisher\":{\"@id\":\"https:\\\/\\\/www.meydan.tv\\\/az\\\/#organization\"},\"potentialAction\":[{\"@type\":\"SearchAction\",\"target\":{\"@type\":\"EntryPoint\",\"urlTemplate\":\"https:\\\/\\\/www.meydan.tv\\\/az\\\/?s={search_term_string}\"},\"query-input\":{\"@type\":\"PropertyValueSpecification\",\"valueRequired\":true,\"valueName\":\"search_term_string\"}}],\"inLanguage\":\"az\"},{\"@type\":\"Organization\",\"@id\":\"https:\\\/\\\/www.meydan.tv\\\/az\\\/#organization\",\"name\":\"Meydan TV\",\"url\":\"https:\\\/\\\/www.meydan.tv\\\/az\\\/\",\"logo\":{\"@type\":\"ImageObject\",\"inLanguage\":\"az\",\"@id\":\"https:\\\/\\\/www.meydan.tv\\\/az\\\/#\\\/schema\\\/logo\\\/image\\\/\",\"url\":\"https:\\\/\\\/www.meydan.tv\\\/wp-content\\\/uploads\\\/2021\\\/07\\\/meydan-logo.svg\",\"contentUrl\":\"https:\\\/\\\/www.meydan.tv\\\/wp-content\\\/uploads\\\/2021\\\/07\\\/meydan-logo.svg\",\"width\":195,\"height\":46,\"caption\":\"Meydan TV\"},\"image\":{\"@id\":\"https:\\\/\\\/www.meydan.tv\\\/az\\\/#\\\/schema\\\/logo\\\/image\\\/\"}},{\"@type\":\"Person\",\"@id\":\"https:\\\/\\\/www.meydan.tv\\\/az\\\/#\\\/schema\\\/person\\\/9cdbecf90d17180ce1dfbd95b08dcf47\",\"name\":\"elli\",\"sameAs\":[\"https:\\\/\\\/x.com\\\/elli\"]}]}<\/script>\n<!-- \/ Yoast SEO plugin. -->","yoast_head_json":{"title":"Ekspertiza eyni r\u0259yi verdi: \u018fhm\u0259d \u018fhm\u0259dov anlaqs\u0131zd\u0131r - MEYDAN.TV","robots":{"index":"index","follow":"follow","max-snippet":"max-snippet:-1","max-image-preview":"max-image-preview:large","max-video-preview":"max-video-preview:-1"},"canonical":"https:\/\/www.meydan.tv\/az\/article\/ekspertiza-eyni-reyi-verdi-ehmed-ehmedov-anlaqsizdir\/","og_locale":"az_AZ","og_type":"article","og_title":"Ekspertiza eyni r\u0259yi verdi: \u018fhm\u0259d \u018fhm\u0259dov anlaqs\u0131zd\u0131r - MEYDAN.TV","og_description":"O, hadis\u0259ni t\u00f6r\u0259d\u0259nd\u0259 d\u0259 anlaqs\u0131z v\u0259ziyy\u0259td\u0259 olub Anas\u0131n\u0131, atas\u0131n\u0131, azya\u015fl\u0131 ... Davam\u0131","og_url":"https:\/\/www.meydan.tv\/az\/article\/ekspertiza-eyni-reyi-verdi-ehmed-ehmedov-anlaqsizdir\/","og_site_name":"MEYDAN.TV","article_published_time":"2024-05-13T08:56:40+00:00","article_modified_time":"2024-05-13T08:56:46+00:00","og_image":[{"width":1920,"height":1080,"url":"https:\/\/www.meydan.tv\/wp-content\/uploads\/aztibb.az_googlrmap1_1_809.webp","type":"image\/webp"}],"author":"elli","twitter_card":"summary_large_image","twitter_creator":"@elli","schema":{"@context":"https:\/\/schema.org","@graph":[{"@type":"Article","@id":"https:\/\/www.meydan.tv\/az\/article\/ekspertiza-eyni-reyi-verdi-ehmed-ehmedov-anlaqsizdir\/#article","isPartOf":{"@id":"https:\/\/www.meydan.tv\/az\/article\/ekspertiza-eyni-reyi-verdi-ehmed-ehmedov-anlaqsizdir\/"},"author":{"name":"elli","@id":"https:\/\/www.meydan.tv\/az\/#\/schema\/person\/9cdbecf90d17180ce1dfbd95b08dcf47"},"headline":"Ekspertiza eyni r\u0259yi verdi: \u018fhm\u0259d \u018fhm\u0259dov anlaqs\u0131zd\u0131r","datePublished":"2024-05-13T08:56:40+00:00","dateModified":"2024-05-13T08:56:46+00:00","mainEntityOfPage":{"@id":"https:\/\/www.meydan.tv\/az\/article\/ekspertiza-eyni-reyi-verdi-ehmed-ehmedov-anlaqsizdir\/"},"wordCount":629,"publisher":{"@id":"https:\/\/www.meydan.tv\/az\/#organization"},"image":{"@id":"https:\/\/www.meydan.tv\/az\/article\/ekspertiza-eyni-reyi-verdi-ehmed-ehmedov-anlaqsizdir\/#primaryimage"},"thumbnailUrl":"https:\/\/www.meydan.tv\/wp-content\/uploads\/aztibb.az_googlrmap1_1_809.webp","articleSection":["Sosial","X\u0259b\u0259rl\u0259r"],"inLanguage":"az"},{"@type":"WebPage","@id":"https:\/\/www.meydan.tv\/az\/article\/ekspertiza-eyni-reyi-verdi-ehmed-ehmedov-anlaqsizdir\/","url":"https:\/\/www.meydan.tv\/az\/article\/ekspertiza-eyni-reyi-verdi-ehmed-ehmedov-anlaqsizdir\/","name":"Ekspertiza eyni r\u0259yi verdi: \u018fhm\u0259d \u018fhm\u0259dov anlaqs\u0131zd\u0131r - MEYDAN.TV","isPartOf":{"@id":"https:\/\/www.meydan.tv\/az\/#website"},"primaryImageOfPage":{"@id":"https:\/\/www.meydan.tv\/az\/article\/ekspertiza-eyni-reyi-verdi-ehmed-ehmedov-anlaqsizdir\/#primaryimage"},"image":{"@id":"https:\/\/www.meydan.tv\/az\/article\/ekspertiza-eyni-reyi-verdi-ehmed-ehmedov-anlaqsizdir\/#primaryimage"},"thumbnailUrl":"https:\/\/www.meydan.tv\/wp-content\/uploads\/aztibb.az_googlrmap1_1_809.webp","datePublished":"2024-05-13T08:56:40+00:00","dateModified":"2024-05-13T08:56:46+00:00","breadcrumb":{"@id":"https:\/\/www.meydan.tv\/az\/article\/ekspertiza-eyni-reyi-verdi-ehmed-ehmedov-anlaqsizdir\/#breadcrumb"},"inLanguage":"az","potentialAction":[{"@type":"ReadAction","target":["https:\/\/www.meydan.tv\/az\/article\/ekspertiza-eyni-reyi-verdi-ehmed-ehmedov-anlaqsizdir\/"]}]},{"@type":"ImageObject","inLanguage":"az","@id":"https:\/\/www.meydan.tv\/az\/article\/ekspertiza-eyni-reyi-verdi-ehmed-ehmedov-anlaqsizdir\/#primaryimage","url":"https:\/\/www.meydan.tv\/wp-content\/uploads\/aztibb.az_googlrmap1_1_809.webp","contentUrl":"https:\/\/www.meydan.tv\/wp-content\/uploads\/aztibb.az_googlrmap1_1_809.webp","width":1920,"height":1080,"caption":"Respublika Psixiatriya X\u0259st\u0259xanas\u0131. Foto: \"aztibb\""},{"@type":"BreadcrumbList","@id":"https:\/\/www.meydan.tv\/az\/article\/ekspertiza-eyni-reyi-verdi-ehmed-ehmedov-anlaqsizdir\/#breadcrumb","itemListElement":[{"@type":"ListItem","position":1,"name":"Ana s\u0259hif\u0259","item":"https:\/\/www.meydan.tv\/az\/"},{"@type":"ListItem","position":2,"name":"Sosial","item":"https:\/\/www.meydan.tv\/az\/section\/sosial\/"},{"@type":"ListItem","position":3,"name":"Ekspertiza eyni r\u0259yi verdi: \u018fhm\u0259d \u018fhm\u0259dov anlaqs\u0131zd\u0131r"}]},{"@type":"WebSite","@id":"https:\/\/www.meydan.tv\/az\/#website","url":"https:\/\/www.meydan.tv\/az\/","name":"MEYDAN.TV","description":"Meydan TV Az\u0259rbaycan\u0131n media m\u0259kan\u0131ndak\u0131 alternativ s\u0259sidir","publisher":{"@id":"https:\/\/www.meydan.tv\/az\/#organization"},"potentialAction":[{"@type":"SearchAction","target":{"@type":"EntryPoint","urlTemplate":"https:\/\/www.meydan.tv\/az\/?s={search_term_string}"},"query-input":{"@type":"PropertyValueSpecification","valueRequired":true,"valueName":"search_term_string"}}],"inLanguage":"az"},{"@type":"Organization","@id":"https:\/\/www.meydan.tv\/az\/#organization","name":"Meydan TV","url":"https:\/\/www.meydan.tv\/az\/","logo":{"@type":"ImageObject","inLanguage":"az","@id":"https:\/\/www.meydan.tv\/az\/#\/schema\/logo\/image\/","url":"https:\/\/www.meydan.tv\/wp-content\/uploads\/2021\/07\/meydan-logo.svg","contentUrl":"https:\/\/www.meydan.tv\/wp-content\/uploads\/2021\/07\/meydan-logo.svg","width":195,"height":46,"caption":"Meydan TV"},"image":{"@id":"https:\/\/www.meydan.tv\/az\/#\/schema\/logo\/image\/"}},{"@type":"Person","@id":"https:\/\/www.meydan.tv\/az\/#\/schema\/person\/9cdbecf90d17180ce1dfbd95b08dcf47","name":"elli","sameAs":["https:\/\/x.com\/elli"]}]}},"_links":{"self":[{"href":"https:\/\/www.meydan.tv\/az\/wp-json\/wp\/v2\/posts\/305613","targetHints":{"allow":["GET"]}}],"collection":[{"href":"https:\/\/www.meydan.tv\/az\/wp-json\/wp\/v2\/posts"}],"about":[{"href":"https:\/\/www.meydan.tv\/az\/wp-json\/wp\/v2\/types\/post"}],"author":[{"embeddable":true,"href":"https:\/\/www.meydan.tv\/az\/wp-json\/wp\/v2\/users\/8"}],"replies":[{"embeddable":true,"href":"https:\/\/www.meydan.tv\/az\/wp-json\/wp\/v2\/comments?post=305613"}],"version-history":[{"count":1,"href":"https:\/\/www.meydan.tv\/az\/wp-json\/wp\/v2\/posts\/305613\/revisions"}],"predecessor-version":[{"id":305614,"href":"https:\/\/www.meydan.tv\/az\/wp-json\/wp\/v2\/posts\/305613\/revisions\/305614"}],"wp:featuredmedia":[{"embeddable":true,"href":"https:\/\/www.meydan.tv\/az\/wp-json\/wp\/v2\/media\/299553"}],"wp:attachment":[{"href":"https:\/\/www.meydan.tv\/az\/wp-json\/wp\/v2\/media?parent=305613"}],"wp:term":[{"taxonomy":"category","embeddable":true,"href":"https:\/\/www.meydan.tv\/az\/wp-json\/wp\/v2\/categories?post=305613"},{"taxonomy":"post_tag","embeddable":true,"href":"https:\/\/www.meydan.tv\/az\/wp-json\/wp\/v2\/tags?post=305613"}],"curies":[{"name":"wp","href":"https:\/\/api.w.org\/{rel}","templated":true}]}}