{"id":305564,"date":"2024-05-11T20:47:32","date_gmt":"2024-05-11T16:47:32","guid":{"rendered":"https:\/\/www.meydan.tv\/?p=305564"},"modified":"2024-05-11T22:55:10","modified_gmt":"2024-05-11T18:55:10","slug":"azerbaycanda-zelzele-olub-daginti-qeyde-alinmayib","status":"publish","type":"post","link":"https:\/\/www.meydan.tv\/az\/article\/azerbaycanda-zelzele-olub-daginti-qeyde-alinmayib\/","title":{"rendered":"Az\u0259rbaycanda z\u0259lz\u0259l\u0259 olub, da\u011f\u0131nt\u0131 qeyd\u0259 al\u0131nmay\u0131b"},"content":{"rendered":"\n<p><\/p>\n\n\n\n<p><em><strong>Z\u0259lz\u0259l\u0259 episentrd\u0259 6 bala yax\u0131n olub<\/strong><\/em><\/p>\n\n\n\n<p>Tal\u0131\u015f da\u011fl\u0131q zonas\u0131nda 5.2 maqnitudal\u0131 z\u0259lz\u0259l\u0259 qeyd\u0259 al\u0131n\u0131b. Bu bar\u0259d\u0259 Z\u0259lz\u0259l\u0259l\u0259rin T\u0259dqiqat\u0131 B\u00fcrosu m\u0259lumat yay\u0131b. Bildirilib ki, ilkin m\u0259lumata g\u00f6r\u0259, z\u0259lz\u0259l\u0259 yerli vaxtla 17:23 rad\u0259l\u0259rind\u0259 olub. Yeralt\u0131 t\u0259kanlar 19 kilometr d\u0259rinlikd\u0259 qeyd\u0259 al\u0131n\u0131b.<\/p>\n\n\n\n<p>Z\u0259lz\u0259l\u0259 episentrd\u0259 6 bala yax\u0131n, L\u0259nk\u0259ran, Lerik, Yard\u0131ml\u0131, C\u0259lilabad, Astara, Neft\u00e7ala, Masall\u0131, Bil\u0259suvar, Saatl\u0131, Salyan, Beyl\u0259qan, \u0130mi\u015fli, F\u00fczuli v\u0259 dig\u0259r rayonlarda 3-5 bala q\u0259d\u0259r hiss olunub. Respublika Seysmoloji Xidm\u0259t M\u0259rk\u0259zinin ba\u015f direktoru Qurban Yetirmi\u015fli bildirib ki, L\u0259nk\u0259ran rayonunda qeyd\u0259 al\u0131nan z\u0259lz\u0259l\u0259d\u0259n sonra after\u015foklar &#8211; x\u0131rda t\u0259kanlar ola bil\u0259r.<br>Yetirmi\u015fli &#8220;Report\u201da a\u00e7\u0131qlamas\u0131nda g\u00fccl\u00fc t\u0259kan\u0131n art\u0131q gerid\u0259 qald\u0131\u011f\u0131n\u0131, \u0259halinin t\u0259\u015fvi\u015f\u0259 d\u00fc\u015fm\u0259m\u0259sini deyib.<\/p>\n\n\n\n<p>Z\u0259lz\u0259l\u0259 n\u0259tic\u0259sind\u0259 h\u0259r hans\u0131 da\u011f\u0131nt\u0131 v\u0259 ya insan x\u0259sar\u0259ti bar\u0259d\u0259 bu vaxtad\u0259k F\u00f6vq\u0259lad\u0259 Hallar Nazirliyin\u0259 (FHN) m\u0259lumat daxil olmay\u0131b. Bu bar\u0259d\u0259 FHN-nin M\u0259tbuat Xidm\u0259tind\u0259n bildirilib. <\/p>\n\n\n\n<p>Az\u0259rbaycan Milli Elml\u0259r Akademiyas\u0131 n\u0259zdind\u0259 Respublika Seysmoloji Xidm\u0259t M\u0259rk\u0259zind\u0259n F\u00f6vq\u0259lad\u0259 Hallar Nazirliyinin B\u00f6hran V\u0259ziyy\u0259tl\u0259rind\u0259 \u0130dar\u0259etm\u0259 M\u0259rk\u0259zin\u0259 daxil olmu\u015f ilkin m\u0259lumata \u0259sas\u0259n, 11.05.2024-c\u00fc il tarixind\u0259 yerli vaxtla saat 17:23-d\u0259 L\u0259nk\u0259ran seysmik stansiyas\u0131ndan 16 kilometr \u015fimal-q\u0259rbd\u0259, L\u0259nk\u0259ran \u015f\u0259h\u0259ri, B\u0259liton k\u0259ndi \u0259razisind\u0259 18 kilometr d\u0259rinlikd\u0259 5.2 maqnitudal\u0131 z\u0259lz\u0259l\u0259 qeyd\u0259 al\u0131n\u0131b. Z\u0259lz\u0259l\u0259 episentrd\u0259 6 bala yax\u0131n, \u0259traf rayonlarda 3-5 bala q\u0259d\u0259r hiss olunub.<\/p>\n","protected":false},"excerpt":{"rendered":"<p>Z\u0259lz\u0259l\u0259 episentrd\u0259 6 bala yax\u0131n olub Tal\u0131\u015f da\u011fl\u0131q zonas\u0131nda 5.2 &#8230; <\/p>\n<p class=\"read-more-container\"><a title=\"Az\u0259rbaycanda z\u0259lz\u0259l\u0259 olub, da\u011f\u0131nt\u0131 qeyd\u0259 al\u0131nmay\u0131b\" class=\"read-more button\" href=\"https:\/\/www.meydan.tv\/az\/article\/azerbaycanda-zelzele-olub-daginti-qeyde-alinmayib\/#more-305564\" aria-label=\"Read more about Az\u0259rbaycanda z\u0259lz\u0259l\u0259 olub, da\u011f\u0131nt\u0131 qeyd\u0259 al\u0131nmay\u0131b\">Davam\u0131<\/a><\/p>\n","protected":false},"author":8,"featured_media":75235,"comment_status":"closed","ping_status":"closed","sticky":false,"template":"","format":"standard","meta":{"_acf_changed":false,"_sitemap_exclude":false,"_sitemap_priority":"","_sitemap_frequency":"","footnotes":""},"categories":[62,56],"tags":[],"class_list":["post-305564","post","type-post","status-publish","format-standard","has-post-thumbnail","hentry","category-sosial","category-xeberler","infinite-scroll-item","generate-columns","tablet-grid-50","mobile-grid-100","grid-parent","grid-33","no-featured-image-padding"],"acf":[],"yoast_head":"<!-- This site is optimized with the Yoast SEO plugin v27.5 - https:\/\/yoast.com\/product\/yoast-seo-wordpress\/ -->\n<title>Az\u0259rbaycanda z\u0259lz\u0259l\u0259 olub, da\u011f\u0131nt\u0131 qeyd\u0259 al\u0131nmay\u0131b - MEYDAN.TV<\/title>\n<meta name=\"robots\" content=\"index, follow, max-snippet:-1, max-image-preview:large, max-video-preview:-1\" \/>\n<link rel=\"canonical\" href=\"https:\/\/www.meydan.tv\/az\/article\/azerbaycanda-zelzele-olub-daginti-qeyde-alinmayib\/\" \/>\n<meta property=\"og:locale\" content=\"az_AZ\" \/>\n<meta property=\"og:type\" content=\"article\" \/>\n<meta property=\"og:title\" content=\"Az\u0259rbaycanda z\u0259lz\u0259l\u0259 olub, da\u011f\u0131nt\u0131 qeyd\u0259 al\u0131nmay\u0131b - MEYDAN.TV\" \/>\n<meta property=\"og:description\" content=\"Z\u0259lz\u0259l\u0259 episentrd\u0259 6 bala yax\u0131n olub Tal\u0131\u015f da\u011fl\u0131q zonas\u0131nda 5.2 ... Davam\u0131\" \/>\n<meta property=\"og:url\" content=\"https:\/\/www.meydan.tv\/az\/article\/azerbaycanda-zelzele-olub-daginti-qeyde-alinmayib\/\" \/>\n<meta property=\"og:site_name\" content=\"MEYDAN.TV\" \/>\n<meta property=\"article:published_time\" content=\"2024-05-11T16:47:32+00:00\" \/>\n<meta property=\"article:modified_time\" content=\"2024-05-11T18:55:10+00:00\" \/>\n<meta property=\"og:image\" content=\"https:\/\/www.meydan.tv\/wp-content\/uploads\/29092.jpg\" \/>\n\t<meta property=\"og:image:width\" content=\"1200\" \/>\n\t<meta property=\"og:image:height\" content=\"625\" \/>\n\t<meta property=\"og:image:type\" content=\"image\/jpeg\" \/>\n<meta name=\"author\" content=\"elli\" \/>\n<meta name=\"twitter:card\" content=\"summary_large_image\" \/>\n<meta name=\"twitter:creator\" content=\"@elli\" \/>\n<script type=\"application\/ld+json\" class=\"yoast-schema-graph\">{\"@context\":\"https:\\\/\\\/schema.org\",\"@graph\":[{\"@type\":\"Article\",\"@id\":\"https:\\\/\\\/www.meydan.tv\\\/az\\\/article\\\/azerbaycanda-zelzele-olub-daginti-qeyde-alinmayib\\\/#article\",\"isPartOf\":{\"@id\":\"https:\\\/\\\/www.meydan.tv\\\/az\\\/article\\\/azerbaycanda-zelzele-olub-daginti-qeyde-alinmayib\\\/\"},\"author\":{\"name\":\"elli\",\"@id\":\"https:\\\/\\\/www.meydan.tv\\\/az\\\/#\\\/schema\\\/person\\\/9cdbecf90d17180ce1dfbd95b08dcf47\"},\"headline\":\"Az\u0259rbaycanda z\u0259lz\u0259l\u0259 olub, da\u011f\u0131nt\u0131 qeyd\u0259 al\u0131nmay\u0131b\",\"datePublished\":\"2024-05-11T16:47:32+00:00\",\"dateModified\":\"2024-05-11T18:55:10+00:00\",\"mainEntityOfPage\":{\"@id\":\"https:\\\/\\\/www.meydan.tv\\\/az\\\/article\\\/azerbaycanda-zelzele-olub-daginti-qeyde-alinmayib\\\/\"},\"wordCount\":313,\"publisher\":{\"@id\":\"https:\\\/\\\/www.meydan.tv\\\/az\\\/#organization\"},\"image\":{\"@id\":\"https:\\\/\\\/www.meydan.tv\\\/az\\\/article\\\/azerbaycanda-zelzele-olub-daginti-qeyde-alinmayib\\\/#primaryimage\"},\"thumbnailUrl\":\"https:\\\/\\\/www.meydan.tv\\\/wp-content\\\/uploads\\\/29092.jpg\",\"articleSection\":[\"Sosial\",\"X\u0259b\u0259rl\u0259r\"],\"inLanguage\":\"az\"},{\"@type\":\"WebPage\",\"@id\":\"https:\\\/\\\/www.meydan.tv\\\/az\\\/article\\\/azerbaycanda-zelzele-olub-daginti-qeyde-alinmayib\\\/\",\"url\":\"https:\\\/\\\/www.meydan.tv\\\/az\\\/article\\\/azerbaycanda-zelzele-olub-daginti-qeyde-alinmayib\\\/\",\"name\":\"Az\u0259rbaycanda z\u0259lz\u0259l\u0259 olub, da\u011f\u0131nt\u0131 qeyd\u0259 al\u0131nmay\u0131b - MEYDAN.TV\",\"isPartOf\":{\"@id\":\"https:\\\/\\\/www.meydan.tv\\\/az\\\/#website\"},\"primaryImageOfPage\":{\"@id\":\"https:\\\/\\\/www.meydan.tv\\\/az\\\/article\\\/azerbaycanda-zelzele-olub-daginti-qeyde-alinmayib\\\/#primaryimage\"},\"image\":{\"@id\":\"https:\\\/\\\/www.meydan.tv\\\/az\\\/article\\\/azerbaycanda-zelzele-olub-daginti-qeyde-alinmayib\\\/#primaryimage\"},\"thumbnailUrl\":\"https:\\\/\\\/www.meydan.tv\\\/wp-content\\\/uploads\\\/29092.jpg\",\"datePublished\":\"2024-05-11T16:47:32+00:00\",\"dateModified\":\"2024-05-11T18:55:10+00:00\",\"breadcrumb\":{\"@id\":\"https:\\\/\\\/www.meydan.tv\\\/az\\\/article\\\/azerbaycanda-zelzele-olub-daginti-qeyde-alinmayib\\\/#breadcrumb\"},\"inLanguage\":\"az\",\"potentialAction\":[{\"@type\":\"ReadAction\",\"target\":[\"https:\\\/\\\/www.meydan.tv\\\/az\\\/article\\\/azerbaycanda-zelzele-olub-daginti-qeyde-alinmayib\\\/\"]}]},{\"@type\":\"ImageObject\",\"inLanguage\":\"az\",\"@id\":\"https:\\\/\\\/www.meydan.tv\\\/az\\\/article\\\/azerbaycanda-zelzele-olub-daginti-qeyde-alinmayib\\\/#primaryimage\",\"url\":\"https:\\\/\\\/www.meydan.tv\\\/wp-content\\\/uploads\\\/29092.jpg\",\"contentUrl\":\"https:\\\/\\\/www.meydan.tv\\\/wp-content\\\/uploads\\\/29092.jpg\",\"width\":1200,\"height\":625,\"caption\":\"Foto: arxiv\"},{\"@type\":\"BreadcrumbList\",\"@id\":\"https:\\\/\\\/www.meydan.tv\\\/az\\\/article\\\/azerbaycanda-zelzele-olub-daginti-qeyde-alinmayib\\\/#breadcrumb\",\"itemListElement\":[{\"@type\":\"ListItem\",\"position\":1,\"name\":\"Ana s\u0259hif\u0259\",\"item\":\"https:\\\/\\\/www.meydan.tv\\\/az\\\/\"},{\"@type\":\"ListItem\",\"position\":2,\"name\":\"Sosial\",\"item\":\"https:\\\/\\\/www.meydan.tv\\\/az\\\/section\\\/sosial\\\/\"},{\"@type\":\"ListItem\",\"position\":3,\"name\":\"Az\u0259rbaycanda z\u0259lz\u0259l\u0259 olub, da\u011f\u0131nt\u0131 qeyd\u0259 al\u0131nmay\u0131b\"}]},{\"@type\":\"WebSite\",\"@id\":\"https:\\\/\\\/www.meydan.tv\\\/az\\\/#website\",\"url\":\"https:\\\/\\\/www.meydan.tv\\\/az\\\/\",\"name\":\"MEYDAN.TV\",\"description\":\"Meydan TV Az\u0259rbaycan\u0131n media m\u0259kan\u0131ndak\u0131 alternativ s\u0259sidir\",\"publisher\":{\"@id\":\"https:\\\/\\\/www.meydan.tv\\\/az\\\/#organization\"},\"potentialAction\":[{\"@type\":\"SearchAction\",\"target\":{\"@type\":\"EntryPoint\",\"urlTemplate\":\"https:\\\/\\\/www.meydan.tv\\\/az\\\/?s={search_term_string}\"},\"query-input\":{\"@type\":\"PropertyValueSpecification\",\"valueRequired\":true,\"valueName\":\"search_term_string\"}}],\"inLanguage\":\"az\"},{\"@type\":\"Organization\",\"@id\":\"https:\\\/\\\/www.meydan.tv\\\/az\\\/#organization\",\"name\":\"Meydan TV\",\"url\":\"https:\\\/\\\/www.meydan.tv\\\/az\\\/\",\"logo\":{\"@type\":\"ImageObject\",\"inLanguage\":\"az\",\"@id\":\"https:\\\/\\\/www.meydan.tv\\\/az\\\/#\\\/schema\\\/logo\\\/image\\\/\",\"url\":\"https:\\\/\\\/www.meydan.tv\\\/wp-content\\\/uploads\\\/2021\\\/07\\\/meydan-logo.svg\",\"contentUrl\":\"https:\\\/\\\/www.meydan.tv\\\/wp-content\\\/uploads\\\/2021\\\/07\\\/meydan-logo.svg\",\"width\":195,\"height\":46,\"caption\":\"Meydan TV\"},\"image\":{\"@id\":\"https:\\\/\\\/www.meydan.tv\\\/az\\\/#\\\/schema\\\/logo\\\/image\\\/\"}},{\"@type\":\"Person\",\"@id\":\"https:\\\/\\\/www.meydan.tv\\\/az\\\/#\\\/schema\\\/person\\\/9cdbecf90d17180ce1dfbd95b08dcf47\",\"name\":\"elli\",\"sameAs\":[\"https:\\\/\\\/x.com\\\/elli\"]}]}<\/script>\n<!-- \/ Yoast SEO plugin. -->","yoast_head_json":{"title":"Az\u0259rbaycanda z\u0259lz\u0259l\u0259 olub, da\u011f\u0131nt\u0131 qeyd\u0259 al\u0131nmay\u0131b - MEYDAN.TV","robots":{"index":"index","follow":"follow","max-snippet":"max-snippet:-1","max-image-preview":"max-image-preview:large","max-video-preview":"max-video-preview:-1"},"canonical":"https:\/\/www.meydan.tv\/az\/article\/azerbaycanda-zelzele-olub-daginti-qeyde-alinmayib\/","og_locale":"az_AZ","og_type":"article","og_title":"Az\u0259rbaycanda z\u0259lz\u0259l\u0259 olub, da\u011f\u0131nt\u0131 qeyd\u0259 al\u0131nmay\u0131b - MEYDAN.TV","og_description":"Z\u0259lz\u0259l\u0259 episentrd\u0259 6 bala yax\u0131n olub Tal\u0131\u015f da\u011fl\u0131q zonas\u0131nda 5.2 ... Davam\u0131","og_url":"https:\/\/www.meydan.tv\/az\/article\/azerbaycanda-zelzele-olub-daginti-qeyde-alinmayib\/","og_site_name":"MEYDAN.TV","article_published_time":"2024-05-11T16:47:32+00:00","article_modified_time":"2024-05-11T18:55:10+00:00","og_image":[{"width":1200,"height":625,"url":"https:\/\/www.meydan.tv\/wp-content\/uploads\/29092.jpg","type":"image\/jpeg"}],"author":"elli","twitter_card":"summary_large_image","twitter_creator":"@elli","schema":{"@context":"https:\/\/schema.org","@graph":[{"@type":"Article","@id":"https:\/\/www.meydan.tv\/az\/article\/azerbaycanda-zelzele-olub-daginti-qeyde-alinmayib\/#article","isPartOf":{"@id":"https:\/\/www.meydan.tv\/az\/article\/azerbaycanda-zelzele-olub-daginti-qeyde-alinmayib\/"},"author":{"name":"elli","@id":"https:\/\/www.meydan.tv\/az\/#\/schema\/person\/9cdbecf90d17180ce1dfbd95b08dcf47"},"headline":"Az\u0259rbaycanda z\u0259lz\u0259l\u0259 olub, da\u011f\u0131nt\u0131 qeyd\u0259 al\u0131nmay\u0131b","datePublished":"2024-05-11T16:47:32+00:00","dateModified":"2024-05-11T18:55:10+00:00","mainEntityOfPage":{"@id":"https:\/\/www.meydan.tv\/az\/article\/azerbaycanda-zelzele-olub-daginti-qeyde-alinmayib\/"},"wordCount":313,"publisher":{"@id":"https:\/\/www.meydan.tv\/az\/#organization"},"image":{"@id":"https:\/\/www.meydan.tv\/az\/article\/azerbaycanda-zelzele-olub-daginti-qeyde-alinmayib\/#primaryimage"},"thumbnailUrl":"https:\/\/www.meydan.tv\/wp-content\/uploads\/29092.jpg","articleSection":["Sosial","X\u0259b\u0259rl\u0259r"],"inLanguage":"az"},{"@type":"WebPage","@id":"https:\/\/www.meydan.tv\/az\/article\/azerbaycanda-zelzele-olub-daginti-qeyde-alinmayib\/","url":"https:\/\/www.meydan.tv\/az\/article\/azerbaycanda-zelzele-olub-daginti-qeyde-alinmayib\/","name":"Az\u0259rbaycanda z\u0259lz\u0259l\u0259 olub, da\u011f\u0131nt\u0131 qeyd\u0259 al\u0131nmay\u0131b - MEYDAN.TV","isPartOf":{"@id":"https:\/\/www.meydan.tv\/az\/#website"},"primaryImageOfPage":{"@id":"https:\/\/www.meydan.tv\/az\/article\/azerbaycanda-zelzele-olub-daginti-qeyde-alinmayib\/#primaryimage"},"image":{"@id":"https:\/\/www.meydan.tv\/az\/article\/azerbaycanda-zelzele-olub-daginti-qeyde-alinmayib\/#primaryimage"},"thumbnailUrl":"https:\/\/www.meydan.tv\/wp-content\/uploads\/29092.jpg","datePublished":"2024-05-11T16:47:32+00:00","dateModified":"2024-05-11T18:55:10+00:00","breadcrumb":{"@id":"https:\/\/www.meydan.tv\/az\/article\/azerbaycanda-zelzele-olub-daginti-qeyde-alinmayib\/#breadcrumb"},"inLanguage":"az","potentialAction":[{"@type":"ReadAction","target":["https:\/\/www.meydan.tv\/az\/article\/azerbaycanda-zelzele-olub-daginti-qeyde-alinmayib\/"]}]},{"@type":"ImageObject","inLanguage":"az","@id":"https:\/\/www.meydan.tv\/az\/article\/azerbaycanda-zelzele-olub-daginti-qeyde-alinmayib\/#primaryimage","url":"https:\/\/www.meydan.tv\/wp-content\/uploads\/29092.jpg","contentUrl":"https:\/\/www.meydan.tv\/wp-content\/uploads\/29092.jpg","width":1200,"height":625,"caption":"Foto: arxiv"},{"@type":"BreadcrumbList","@id":"https:\/\/www.meydan.tv\/az\/article\/azerbaycanda-zelzele-olub-daginti-qeyde-alinmayib\/#breadcrumb","itemListElement":[{"@type":"ListItem","position":1,"name":"Ana s\u0259hif\u0259","item":"https:\/\/www.meydan.tv\/az\/"},{"@type":"ListItem","position":2,"name":"Sosial","item":"https:\/\/www.meydan.tv\/az\/section\/sosial\/"},{"@type":"ListItem","position":3,"name":"Az\u0259rbaycanda z\u0259lz\u0259l\u0259 olub, da\u011f\u0131nt\u0131 qeyd\u0259 al\u0131nmay\u0131b"}]},{"@type":"WebSite","@id":"https:\/\/www.meydan.tv\/az\/#website","url":"https:\/\/www.meydan.tv\/az\/","name":"MEYDAN.TV","description":"Meydan TV Az\u0259rbaycan\u0131n media m\u0259kan\u0131ndak\u0131 alternativ s\u0259sidir","publisher":{"@id":"https:\/\/www.meydan.tv\/az\/#organization"},"potentialAction":[{"@type":"SearchAction","target":{"@type":"EntryPoint","urlTemplate":"https:\/\/www.meydan.tv\/az\/?s={search_term_string}"},"query-input":{"@type":"PropertyValueSpecification","valueRequired":true,"valueName":"search_term_string"}}],"inLanguage":"az"},{"@type":"Organization","@id":"https:\/\/www.meydan.tv\/az\/#organization","name":"Meydan TV","url":"https:\/\/www.meydan.tv\/az\/","logo":{"@type":"ImageObject","inLanguage":"az","@id":"https:\/\/www.meydan.tv\/az\/#\/schema\/logo\/image\/","url":"https:\/\/www.meydan.tv\/wp-content\/uploads\/2021\/07\/meydan-logo.svg","contentUrl":"https:\/\/www.meydan.tv\/wp-content\/uploads\/2021\/07\/meydan-logo.svg","width":195,"height":46,"caption":"Meydan TV"},"image":{"@id":"https:\/\/www.meydan.tv\/az\/#\/schema\/logo\/image\/"}},{"@type":"Person","@id":"https:\/\/www.meydan.tv\/az\/#\/schema\/person\/9cdbecf90d17180ce1dfbd95b08dcf47","name":"elli","sameAs":["https:\/\/x.com\/elli"]}]}},"_links":{"self":[{"href":"https:\/\/www.meydan.tv\/az\/wp-json\/wp\/v2\/posts\/305564","targetHints":{"allow":["GET"]}}],"collection":[{"href":"https:\/\/www.meydan.tv\/az\/wp-json\/wp\/v2\/posts"}],"about":[{"href":"https:\/\/www.meydan.tv\/az\/wp-json\/wp\/v2\/types\/post"}],"author":[{"embeddable":true,"href":"https:\/\/www.meydan.tv\/az\/wp-json\/wp\/v2\/users\/8"}],"replies":[{"embeddable":true,"href":"https:\/\/www.meydan.tv\/az\/wp-json\/wp\/v2\/comments?post=305564"}],"version-history":[{"count":2,"href":"https:\/\/www.meydan.tv\/az\/wp-json\/wp\/v2\/posts\/305564\/revisions"}],"predecessor-version":[{"id":305568,"href":"https:\/\/www.meydan.tv\/az\/wp-json\/wp\/v2\/posts\/305564\/revisions\/305568"}],"wp:featuredmedia":[{"embeddable":true,"href":"https:\/\/www.meydan.tv\/az\/wp-json\/wp\/v2\/media\/75235"}],"wp:attachment":[{"href":"https:\/\/www.meydan.tv\/az\/wp-json\/wp\/v2\/media?parent=305564"}],"wp:term":[{"taxonomy":"category","embeddable":true,"href":"https:\/\/www.meydan.tv\/az\/wp-json\/wp\/v2\/categories?post=305564"},{"taxonomy":"post_tag","embeddable":true,"href":"https:\/\/www.meydan.tv\/az\/wp-json\/wp\/v2\/tags?post=305564"}],"curies":[{"name":"wp","href":"https:\/\/api.w.org\/{rel}","templated":true}]}}