{"id":305554,"date":"2024-05-11T14:07:18","date_gmt":"2024-05-11T10:07:18","guid":{"rendered":"https:\/\/www.meydan.tv\/?p=305554"},"modified":"2024-05-11T16:01:18","modified_gmt":"2024-05-11T12:01:18","slug":"kesle-bazarini-sokseler-yuzlerle-insan-issiz-qala-biler","status":"publish","type":"post","link":"https:\/\/www.meydan.tv\/az\/article\/kesle-bazarini-sokseler-yuzlerle-insan-issiz-qala-biler\/","title":{"rendered":"\u201cKe\u015fl\u0259 bazar\u0131n\u0131 s\u00f6ks\u0259l\u0259r, y\u00fczl\u0259rl\u0259 insan i\u015fsiz qala bil\u0259r\u201d"},"content":{"rendered":"\n<figure class=\"wp-block-embed is-type-video is-provider-youtube wp-block-embed-youtube wp-embed-aspect-16-9 wp-has-aspect-ratio\"><div class=\"wp-block-embed__wrapper\">\n<iframe title=\"\u201cKe\u015fl\u0259 bazar\u0131n\u0131 s\u00f6ks\u0259l\u0259r, y\u00fczl\u0259rl\u0259 insan i\u015fsiz qala bil\u0259r\u201d\" width=\"1200\" height=\"675\" data-src=\"https:\/\/www.youtube.com\/embed\/o_FZnHwPAq4?feature=oembed\" frameborder=\"0\" allow=\"accelerometer; autoplay; clipboard-write; encrypted-media; gyroscope; picture-in-picture; web-share\" referrerpolicy=\"strict-origin-when-cross-origin\" allowfullscreen src=\"data:image\/svg+xml;base64,PHN2ZyB3aWR0aD0iMSIgaGVpZ2h0PSIxIiB4bWxucz0iaHR0cDovL3d3dy53My5vcmcvMjAwMC9zdmciPjwvc3ZnPg==\" class=\"lazyload\" data-load-mode=\"1\"><\/iframe>\n<\/div><\/figure>\n\n\n\n<!--more-->\n\n\n\n<p><\/p>\n\n\n\n<p>30 il\u0259 yax\u0131nd\u0131r f\u0259aliyy\u0259t g\u00f6st\u0259r\u0259n Ke\u015fl\u0259 bazar\u0131 s\u00f6k\u00fclm\u0259k t\u0259hl\u00fck\u0259si il\u0259 \u00fcz-\u00fcz\u0259 qal\u0131b. <\/p>\n\n\n\n<p>Bak\u0131n\u0131n Ba\u015f plan\u0131nda n\u0259z\u0259rd\u0259 tutulan layih\u0259y\u0259 \u0259sas\u0259n, \u201cKoro\u011flu\u201d metrosundan H\u0259s\u0259n \u018fliyev k\u00fc\u00e7\u0259sin\u0259 kimi avtomobil yolu in\u015fa olunacaq.<\/p>\n\n\n\n<p>AAYDA-n\u0131n m\u0259tbuat katibi Anar N\u0259c\u0259fli deyir ki, bazar\u0131n s\u00f6k\u00fcl\u0259c\u0259yi h\u0259l\u0259 d\u0259qiq bilinmir, \u0259razid\u0259 tikinti alt\u0131na d\u00fc\u015f\u0259n ya\u015fay\u0131\u015f v\u0259 qeyri-ya\u015fay\u0131\u015f obyektl\u0259rinin, h\u0259m\u00e7inin torpaq sah\u0259l\u0259rinin \u00f6l\u00e7\u00fcl\u0259ri haz\u0131rlan\u0131r. <\/p>\n\n\n\n<p>\u00dcf\u00fcqd\u0259 buldozer g\u00f6r\u0259n sat\u0131c\u0131lar x\u0259b\u0259ri e\u015fid\u0259r-e\u015fitm\u0259z i\u015f yerl\u0259rini itir\u0259c\u0259kl\u0259rinin nigaranl\u0131\u011f\u0131 i\u00e7ind\u0259 qal\u0131blar. Bazarda geyim satan 72 ya\u015fl\u0131 \u015e\u00f6vk\u0259t Bayramova buran\u0131n s\u00f6k\u00fcl\u0259c\u0259yi t\u0259qdird\u0259 icar\u0259darlar\u0131n ba\u015fqa bir yerl\u0259 t\u0259min olunmas\u0131n\u0131 t\u0259l\u0259b edir. <\/p>\n\n\n\n<p>Ke\u015fl\u0259 bazar\u0131nda bal\u0131q satanlardan tutmu\u015f, ayaqqab\u0131 t\u0259mir\u00e7isin\u0259 kimi tapmaq olar. 30 illik tarixi olan bazar\u0131n \u00f6z\u00fcn\u0259m\u0259xsus, azdan-\u00e7oxdan m\u00fc\u015ft\u0259ri bazas\u0131 da var. <\/p>\n\n\n\n<p>H\u0259yatlar\u0131n\u0131n \u00e7ox hiss\u0259sini bazarda ke\u00e7ir\u0259n i\u015f\u00e7il\u0259r burada icar\u0259 qiym\u0259tl\u0259rinin d\u0259 m\u00fcnasib oldu\u011funu deyir. Bazar\u0131n s\u00f6k\u00fcl\u00fcb-s\u00f6k\u00fclm\u0259y\u0259c\u0259yi, bu q\u0259rar\u0131n n\u0259 zaman r\u0259smi \u015f\u0259kild\u0259 a\u00e7\u0131qlanaca\u011f\u0131 b\u0259lli deyil. Ancaq i\u015f\u00e7il\u0259r deyir ki, bu x\u0259b\u0259r yay\u0131landan bazar\u0131n m\u00fc\u015ft\u0259ril\u0259ri azal\u0131b.<\/p>\n","protected":false},"excerpt":{"rendered":"","protected":false},"author":12,"featured_media":305556,"comment_status":"closed","ping_status":"closed","sticky":false,"template":"","format":"standard","meta":{"_acf_changed":false,"_sitemap_exclude":false,"_sitemap_priority":"","_sitemap_frequency":"","footnotes":""},"categories":[63,56],"tags":[],"class_list":["post-305554","post","type-post","status-publish","format-standard","has-post-thumbnail","hentry","category-video-2","category-xeberler","infinite-scroll-item","generate-columns","tablet-grid-50","mobile-grid-100","grid-parent","grid-33","no-featured-image-padding"],"acf":[],"yoast_head":"<!-- This site is optimized with the Yoast SEO plugin v27.4 - https:\/\/yoast.com\/product\/yoast-seo-wordpress\/ -->\n<title>\u201cKe\u015fl\u0259 bazar\u0131n\u0131 s\u00f6ks\u0259l\u0259r, y\u00fczl\u0259rl\u0259 insan i\u015fsiz qala bil\u0259r\u201d - MEYDAN.TV<\/title>\n<meta name=\"robots\" content=\"index, follow, max-snippet:-1, max-image-preview:large, max-video-preview:-1\" \/>\n<link rel=\"canonical\" href=\"https:\/\/www.meydan.tv\/az\/article\/kesle-bazarini-sokseler-yuzlerle-insan-issiz-qala-biler\/\" \/>\n<meta property=\"og:locale\" content=\"az_AZ\" \/>\n<meta property=\"og:type\" content=\"article\" \/>\n<meta property=\"og:title\" content=\"\u201cKe\u015fl\u0259 bazar\u0131n\u0131 s\u00f6ks\u0259l\u0259r, y\u00fczl\u0259rl\u0259 insan i\u015fsiz qala bil\u0259r\u201d - MEYDAN.TV\" \/>\n<meta property=\"og:url\" content=\"https:\/\/www.meydan.tv\/az\/article\/kesle-bazarini-sokseler-yuzlerle-insan-issiz-qala-biler\/\" \/>\n<meta property=\"og:site_name\" content=\"MEYDAN.TV\" \/>\n<meta property=\"article:published_time\" content=\"2024-05-11T10:07:18+00:00\" \/>\n<meta property=\"article:modified_time\" content=\"2024-05-11T12:01:18+00:00\" \/>\n<meta property=\"og:image\" content=\"https:\/\/www.meydan.tv\/wp-content\/uploads\/screenshot-2024-05-11-at-12.06.38-1200x699.png\" \/>\n\t<meta property=\"og:image:width\" content=\"1200\" \/>\n\t<meta property=\"og:image:height\" content=\"699\" \/>\n\t<meta property=\"og:image:type\" content=\"image\/png\" \/>\n<meta name=\"author\" content=\"aleks\" \/>\n<meta name=\"twitter:card\" content=\"summary_large_image\" \/>\n<script type=\"application\/ld+json\" class=\"yoast-schema-graph\">{\"@context\":\"https:\\\/\\\/schema.org\",\"@graph\":[{\"@type\":\"Article\",\"@id\":\"https:\\\/\\\/www.meydan.tv\\\/az\\\/article\\\/kesle-bazarini-sokseler-yuzlerle-insan-issiz-qala-biler\\\/#article\",\"isPartOf\":{\"@id\":\"https:\\\/\\\/www.meydan.tv\\\/az\\\/article\\\/kesle-bazarini-sokseler-yuzlerle-insan-issiz-qala-biler\\\/\"},\"author\":{\"name\":\"aleks\",\"@id\":\"https:\\\/\\\/www.meydan.tv\\\/az\\\/#\\\/schema\\\/person\\\/476e9360e593fa131d5d71d51866f8da\"},\"headline\":\"\u201cKe\u015fl\u0259 bazar\u0131n\u0131 s\u00f6ks\u0259l\u0259r, y\u00fczl\u0259rl\u0259 insan i\u015fsiz qala bil\u0259r\u201d\",\"datePublished\":\"2024-05-11T10:07:18+00:00\",\"dateModified\":\"2024-05-11T12:01:18+00:00\",\"mainEntityOfPage\":{\"@id\":\"https:\\\/\\\/www.meydan.tv\\\/az\\\/article\\\/kesle-bazarini-sokseler-yuzlerle-insan-issiz-qala-biler\\\/\"},\"wordCount\":294,\"publisher\":{\"@id\":\"https:\\\/\\\/www.meydan.tv\\\/az\\\/#organization\"},\"image\":{\"@id\":\"https:\\\/\\\/www.meydan.tv\\\/az\\\/article\\\/kesle-bazarini-sokseler-yuzlerle-insan-issiz-qala-biler\\\/#primaryimage\"},\"thumbnailUrl\":\"https:\\\/\\\/www.meydan.tv\\\/wp-content\\\/uploads\\\/screenshot-2024-05-11-at-12.06.38.png\",\"articleSection\":[\"Video\",\"X\u0259b\u0259rl\u0259r\"],\"inLanguage\":\"az\"},{\"@type\":\"WebPage\",\"@id\":\"https:\\\/\\\/www.meydan.tv\\\/az\\\/article\\\/kesle-bazarini-sokseler-yuzlerle-insan-issiz-qala-biler\\\/\",\"url\":\"https:\\\/\\\/www.meydan.tv\\\/az\\\/article\\\/kesle-bazarini-sokseler-yuzlerle-insan-issiz-qala-biler\\\/\",\"name\":\"\u201cKe\u015fl\u0259 bazar\u0131n\u0131 s\u00f6ks\u0259l\u0259r, y\u00fczl\u0259rl\u0259 insan i\u015fsiz qala bil\u0259r\u201d - MEYDAN.TV\",\"isPartOf\":{\"@id\":\"https:\\\/\\\/www.meydan.tv\\\/az\\\/#website\"},\"primaryImageOfPage\":{\"@id\":\"https:\\\/\\\/www.meydan.tv\\\/az\\\/article\\\/kesle-bazarini-sokseler-yuzlerle-insan-issiz-qala-biler\\\/#primaryimage\"},\"image\":{\"@id\":\"https:\\\/\\\/www.meydan.tv\\\/az\\\/article\\\/kesle-bazarini-sokseler-yuzlerle-insan-issiz-qala-biler\\\/#primaryimage\"},\"thumbnailUrl\":\"https:\\\/\\\/www.meydan.tv\\\/wp-content\\\/uploads\\\/screenshot-2024-05-11-at-12.06.38.png\",\"datePublished\":\"2024-05-11T10:07:18+00:00\",\"dateModified\":\"2024-05-11T12:01:18+00:00\",\"breadcrumb\":{\"@id\":\"https:\\\/\\\/www.meydan.tv\\\/az\\\/article\\\/kesle-bazarini-sokseler-yuzlerle-insan-issiz-qala-biler\\\/#breadcrumb\"},\"inLanguage\":\"az\",\"potentialAction\":[{\"@type\":\"ReadAction\",\"target\":[\"https:\\\/\\\/www.meydan.tv\\\/az\\\/article\\\/kesle-bazarini-sokseler-yuzlerle-insan-issiz-qala-biler\\\/\"]}]},{\"@type\":\"ImageObject\",\"inLanguage\":\"az\",\"@id\":\"https:\\\/\\\/www.meydan.tv\\\/az\\\/article\\\/kesle-bazarini-sokseler-yuzlerle-insan-issiz-qala-biler\\\/#primaryimage\",\"url\":\"https:\\\/\\\/www.meydan.tv\\\/wp-content\\\/uploads\\\/screenshot-2024-05-11-at-12.06.38.png\",\"contentUrl\":\"https:\\\/\\\/www.meydan.tv\\\/wp-content\\\/uploads\\\/screenshot-2024-05-11-at-12.06.38.png\",\"width\":1726,\"height\":1006},{\"@type\":\"BreadcrumbList\",\"@id\":\"https:\\\/\\\/www.meydan.tv\\\/az\\\/article\\\/kesle-bazarini-sokseler-yuzlerle-insan-issiz-qala-biler\\\/#breadcrumb\",\"itemListElement\":[{\"@type\":\"ListItem\",\"position\":1,\"name\":\"Ana s\u0259hif\u0259\",\"item\":\"https:\\\/\\\/www.meydan.tv\\\/az\\\/\"},{\"@type\":\"ListItem\",\"position\":2,\"name\":\"Video\",\"item\":\"https:\\\/\\\/www.meydan.tv\\\/az\\\/section\\\/video-2\\\/\"},{\"@type\":\"ListItem\",\"position\":3,\"name\":\"\u201cKe\u015fl\u0259 bazar\u0131n\u0131 s\u00f6ks\u0259l\u0259r, y\u00fczl\u0259rl\u0259 insan i\u015fsiz qala bil\u0259r\u201d\"}]},{\"@type\":\"WebSite\",\"@id\":\"https:\\\/\\\/www.meydan.tv\\\/az\\\/#website\",\"url\":\"https:\\\/\\\/www.meydan.tv\\\/az\\\/\",\"name\":\"MEYDAN.TV\",\"description\":\"Meydan TV Az\u0259rbaycan\u0131n media m\u0259kan\u0131ndak\u0131 alternativ s\u0259sidir\",\"publisher\":{\"@id\":\"https:\\\/\\\/www.meydan.tv\\\/az\\\/#organization\"},\"potentialAction\":[{\"@type\":\"SearchAction\",\"target\":{\"@type\":\"EntryPoint\",\"urlTemplate\":\"https:\\\/\\\/www.meydan.tv\\\/az\\\/?s={search_term_string}\"},\"query-input\":{\"@type\":\"PropertyValueSpecification\",\"valueRequired\":true,\"valueName\":\"search_term_string\"}}],\"inLanguage\":\"az\"},{\"@type\":\"Organization\",\"@id\":\"https:\\\/\\\/www.meydan.tv\\\/az\\\/#organization\",\"name\":\"Meydan TV\",\"url\":\"https:\\\/\\\/www.meydan.tv\\\/az\\\/\",\"logo\":{\"@type\":\"ImageObject\",\"inLanguage\":\"az\",\"@id\":\"https:\\\/\\\/www.meydan.tv\\\/az\\\/#\\\/schema\\\/logo\\\/image\\\/\",\"url\":\"https:\\\/\\\/www.meydan.tv\\\/wp-content\\\/uploads\\\/2021\\\/07\\\/meydan-logo.svg\",\"contentUrl\":\"https:\\\/\\\/www.meydan.tv\\\/wp-content\\\/uploads\\\/2021\\\/07\\\/meydan-logo.svg\",\"width\":195,\"height\":46,\"caption\":\"Meydan TV\"},\"image\":{\"@id\":\"https:\\\/\\\/www.meydan.tv\\\/az\\\/#\\\/schema\\\/logo\\\/image\\\/\"}},{\"@type\":\"Person\",\"@id\":\"https:\\\/\\\/www.meydan.tv\\\/az\\\/#\\\/schema\\\/person\\\/476e9360e593fa131d5d71d51866f8da\",\"name\":\"aleks\"}]}<\/script>\n<!-- \/ Yoast SEO plugin. -->","yoast_head_json":{"title":"\u201cKe\u015fl\u0259 bazar\u0131n\u0131 s\u00f6ks\u0259l\u0259r, y\u00fczl\u0259rl\u0259 insan i\u015fsiz qala bil\u0259r\u201d - MEYDAN.TV","robots":{"index":"index","follow":"follow","max-snippet":"max-snippet:-1","max-image-preview":"max-image-preview:large","max-video-preview":"max-video-preview:-1"},"canonical":"https:\/\/www.meydan.tv\/az\/article\/kesle-bazarini-sokseler-yuzlerle-insan-issiz-qala-biler\/","og_locale":"az_AZ","og_type":"article","og_title":"\u201cKe\u015fl\u0259 bazar\u0131n\u0131 s\u00f6ks\u0259l\u0259r, y\u00fczl\u0259rl\u0259 insan i\u015fsiz qala bil\u0259r\u201d - MEYDAN.TV","og_url":"https:\/\/www.meydan.tv\/az\/article\/kesle-bazarini-sokseler-yuzlerle-insan-issiz-qala-biler\/","og_site_name":"MEYDAN.TV","article_published_time":"2024-05-11T10:07:18+00:00","article_modified_time":"2024-05-11T12:01:18+00:00","og_image":[{"width":1200,"height":699,"url":"https:\/\/www.meydan.tv\/wp-content\/uploads\/screenshot-2024-05-11-at-12.06.38-1200x699.png","type":"image\/png"}],"author":"aleks","twitter_card":"summary_large_image","schema":{"@context":"https:\/\/schema.org","@graph":[{"@type":"Article","@id":"https:\/\/www.meydan.tv\/az\/article\/kesle-bazarini-sokseler-yuzlerle-insan-issiz-qala-biler\/#article","isPartOf":{"@id":"https:\/\/www.meydan.tv\/az\/article\/kesle-bazarini-sokseler-yuzlerle-insan-issiz-qala-biler\/"},"author":{"name":"aleks","@id":"https:\/\/www.meydan.tv\/az\/#\/schema\/person\/476e9360e593fa131d5d71d51866f8da"},"headline":"\u201cKe\u015fl\u0259 bazar\u0131n\u0131 s\u00f6ks\u0259l\u0259r, y\u00fczl\u0259rl\u0259 insan i\u015fsiz qala bil\u0259r\u201d","datePublished":"2024-05-11T10:07:18+00:00","dateModified":"2024-05-11T12:01:18+00:00","mainEntityOfPage":{"@id":"https:\/\/www.meydan.tv\/az\/article\/kesle-bazarini-sokseler-yuzlerle-insan-issiz-qala-biler\/"},"wordCount":294,"publisher":{"@id":"https:\/\/www.meydan.tv\/az\/#organization"},"image":{"@id":"https:\/\/www.meydan.tv\/az\/article\/kesle-bazarini-sokseler-yuzlerle-insan-issiz-qala-biler\/#primaryimage"},"thumbnailUrl":"https:\/\/www.meydan.tv\/wp-content\/uploads\/screenshot-2024-05-11-at-12.06.38.png","articleSection":["Video","X\u0259b\u0259rl\u0259r"],"inLanguage":"az"},{"@type":"WebPage","@id":"https:\/\/www.meydan.tv\/az\/article\/kesle-bazarini-sokseler-yuzlerle-insan-issiz-qala-biler\/","url":"https:\/\/www.meydan.tv\/az\/article\/kesle-bazarini-sokseler-yuzlerle-insan-issiz-qala-biler\/","name":"\u201cKe\u015fl\u0259 bazar\u0131n\u0131 s\u00f6ks\u0259l\u0259r, y\u00fczl\u0259rl\u0259 insan i\u015fsiz qala bil\u0259r\u201d - MEYDAN.TV","isPartOf":{"@id":"https:\/\/www.meydan.tv\/az\/#website"},"primaryImageOfPage":{"@id":"https:\/\/www.meydan.tv\/az\/article\/kesle-bazarini-sokseler-yuzlerle-insan-issiz-qala-biler\/#primaryimage"},"image":{"@id":"https:\/\/www.meydan.tv\/az\/article\/kesle-bazarini-sokseler-yuzlerle-insan-issiz-qala-biler\/#primaryimage"},"thumbnailUrl":"https:\/\/www.meydan.tv\/wp-content\/uploads\/screenshot-2024-05-11-at-12.06.38.png","datePublished":"2024-05-11T10:07:18+00:00","dateModified":"2024-05-11T12:01:18+00:00","breadcrumb":{"@id":"https:\/\/www.meydan.tv\/az\/article\/kesle-bazarini-sokseler-yuzlerle-insan-issiz-qala-biler\/#breadcrumb"},"inLanguage":"az","potentialAction":[{"@type":"ReadAction","target":["https:\/\/www.meydan.tv\/az\/article\/kesle-bazarini-sokseler-yuzlerle-insan-issiz-qala-biler\/"]}]},{"@type":"ImageObject","inLanguage":"az","@id":"https:\/\/www.meydan.tv\/az\/article\/kesle-bazarini-sokseler-yuzlerle-insan-issiz-qala-biler\/#primaryimage","url":"https:\/\/www.meydan.tv\/wp-content\/uploads\/screenshot-2024-05-11-at-12.06.38.png","contentUrl":"https:\/\/www.meydan.tv\/wp-content\/uploads\/screenshot-2024-05-11-at-12.06.38.png","width":1726,"height":1006},{"@type":"BreadcrumbList","@id":"https:\/\/www.meydan.tv\/az\/article\/kesle-bazarini-sokseler-yuzlerle-insan-issiz-qala-biler\/#breadcrumb","itemListElement":[{"@type":"ListItem","position":1,"name":"Ana s\u0259hif\u0259","item":"https:\/\/www.meydan.tv\/az\/"},{"@type":"ListItem","position":2,"name":"Video","item":"https:\/\/www.meydan.tv\/az\/section\/video-2\/"},{"@type":"ListItem","position":3,"name":"\u201cKe\u015fl\u0259 bazar\u0131n\u0131 s\u00f6ks\u0259l\u0259r, y\u00fczl\u0259rl\u0259 insan i\u015fsiz qala bil\u0259r\u201d"}]},{"@type":"WebSite","@id":"https:\/\/www.meydan.tv\/az\/#website","url":"https:\/\/www.meydan.tv\/az\/","name":"MEYDAN.TV","description":"Meydan TV Az\u0259rbaycan\u0131n media m\u0259kan\u0131ndak\u0131 alternativ s\u0259sidir","publisher":{"@id":"https:\/\/www.meydan.tv\/az\/#organization"},"potentialAction":[{"@type":"SearchAction","target":{"@type":"EntryPoint","urlTemplate":"https:\/\/www.meydan.tv\/az\/?s={search_term_string}"},"query-input":{"@type":"PropertyValueSpecification","valueRequired":true,"valueName":"search_term_string"}}],"inLanguage":"az"},{"@type":"Organization","@id":"https:\/\/www.meydan.tv\/az\/#organization","name":"Meydan TV","url":"https:\/\/www.meydan.tv\/az\/","logo":{"@type":"ImageObject","inLanguage":"az","@id":"https:\/\/www.meydan.tv\/az\/#\/schema\/logo\/image\/","url":"https:\/\/www.meydan.tv\/wp-content\/uploads\/2021\/07\/meydan-logo.svg","contentUrl":"https:\/\/www.meydan.tv\/wp-content\/uploads\/2021\/07\/meydan-logo.svg","width":195,"height":46,"caption":"Meydan TV"},"image":{"@id":"https:\/\/www.meydan.tv\/az\/#\/schema\/logo\/image\/"}},{"@type":"Person","@id":"https:\/\/www.meydan.tv\/az\/#\/schema\/person\/476e9360e593fa131d5d71d51866f8da","name":"aleks"}]}},"_links":{"self":[{"href":"https:\/\/www.meydan.tv\/az\/wp-json\/wp\/v2\/posts\/305554","targetHints":{"allow":["GET"]}}],"collection":[{"href":"https:\/\/www.meydan.tv\/az\/wp-json\/wp\/v2\/posts"}],"about":[{"href":"https:\/\/www.meydan.tv\/az\/wp-json\/wp\/v2\/types\/post"}],"author":[{"embeddable":true,"href":"https:\/\/www.meydan.tv\/az\/wp-json\/wp\/v2\/users\/12"}],"replies":[{"embeddable":true,"href":"https:\/\/www.meydan.tv\/az\/wp-json\/wp\/v2\/comments?post=305554"}],"version-history":[{"count":4,"href":"https:\/\/www.meydan.tv\/az\/wp-json\/wp\/v2\/posts\/305554\/revisions"}],"predecessor-version":[{"id":305561,"href":"https:\/\/www.meydan.tv\/az\/wp-json\/wp\/v2\/posts\/305554\/revisions\/305561"}],"wp:featuredmedia":[{"embeddable":true,"href":"https:\/\/www.meydan.tv\/az\/wp-json\/wp\/v2\/media\/305556"}],"wp:attachment":[{"href":"https:\/\/www.meydan.tv\/az\/wp-json\/wp\/v2\/media?parent=305554"}],"wp:term":[{"taxonomy":"category","embeddable":true,"href":"https:\/\/www.meydan.tv\/az\/wp-json\/wp\/v2\/categories?post=305554"},{"taxonomy":"post_tag","embeddable":true,"href":"https:\/\/www.meydan.tv\/az\/wp-json\/wp\/v2\/tags?post=305554"}],"curies":[{"name":"wp","href":"https:\/\/api.w.org\/{rel}","templated":true}]}}