{"id":305502,"date":"2024-05-10T15:26:16","date_gmt":"2024-05-10T11:26:16","guid":{"rendered":"https:\/\/www.meydan.tv\/?p=305502"},"modified":"2024-05-10T16:02:46","modified_gmt":"2024-05-10T12:02:46","slug":"rektoru-oldurmekde-teqsirlendirilen-sexslere-hokm-oxunub","status":"publish","type":"post","link":"https:\/\/www.meydan.tv\/az\/article\/rektoru-oldurmekde-teqsirlendirilen-sexslere-hokm-oxunub\/","title":{"rendered":"Rektoru \u00f6ld\u00fcrm\u0259kd\u0259 t\u0259qsirl\u0259ndiril\u0259n \u015f\u0259xsl\u0259r\u0259 h\u00f6km oxunub"},"content":{"rendered":"\n<p><\/p>\n\n\n\n<p><strong><em>Tariyel \u018fhm\u0259dov t\u0259qsirl\u0259ndiril\u0259nl\u0259r aras\u0131nda f\u0259rq qoyulmamas\u0131na etiraz edib<\/em><\/strong><\/p>\n\n\n\n<p>T\u0259f\u0259kk\u00fcr Universitetinin ke\u00e7mi\u015f rektoru, \u0130qtisadiyyat \u0130nstitutunun direktoru M\u00fc\u015ffiq Ataki\u015fiyev 14 il azadl\u0131qdan m\u0259hrum edilib. O, &#8220;T\u0259f\u0259kk\u00fcr&#8221;\u0259 r\u0259hb\u0259rlik etdiyi d\u00f6vrd\u0259 universitetin prorektoru olan Tariyel \u018fhm\u0259dovun q\u0259tlin\u0259 sifari\u015f verm\u0259kd\u0259 t\u0259qsirli bilinib.<\/p>\n\n\n\n<p>Tariyel \u018fhm\u0259dovun 2011-ci ild\u0259 q\u0259tl\u0259 yetirilm\u0259sil\u0259 ba\u011fl\u0131 Bak\u0131 A\u011f\u0131r Cinay\u0259tl\u0259r M\u0259hk\u0259m\u0259sind\u0259 aylard\u0131r davam ed\u0259n m\u0259hk\u0259m\u0259 prosesi yekunla\u015f\u0131b. May\u0131n 10-da bu cinay\u0259td\u0259 ittiham olunan 3 n\u0259f\u0259r\u0259 h\u00f6km oxunub.<\/p>\n\n\n\n<p>Hakim Siyavu\u015f Hac\u0131yevin s\u0259drliyil\u0259 \u00e7\u0131xar\u0131lan h\u00f6km\u0259 \u0259sas\u0259n, ke\u00e7mi\u015f rektor, iqtisad elml\u0259ri namiz\u0259di M\u00fc\u015ffiq Ataki\u015fiyev, bac\u0131s\u0131 o\u011flu &#8211; ke\u00e7mi\u015f polis mayoru D\u0259yan\u0259t Quliyev v\u0259 onun dostu Samir Quliyevin h\u0259r biri 14 il 6 ay azadl\u0131qdan m\u0259hrum edilib.<\/p>\n\n\n\n<p>H\u00f6kmd\u0259n \u00f6nc\u0259 M\u00fc\u015ffiq Ataki\u015fiyev m\u0259hk\u0259m\u0259d\u0259 son s\u00f6z\u00fcn\u00fc deyib. O bildirib ki, prorektorun onunla problemi vard\u0131 dey\u0259, onun \u00f6l\u00fcm\u00fc ona s\u0259rf etmirdi. \u00c7\u00fcnki \u015f\u00fcbh\u0259l\u0259r ona y\u00f6n\u0259l\u0259c\u0259kdi.<br>Onun s\u00f6zl\u0259rin\u0259 g\u00f6r\u0259, rektorluq m\u00fcdd\u0259tinin uzad\u0131lmas\u0131 \u0259r\u0259f\u0259sind\u0259 bir m\u00fcdd\u0259t Tariyel \u018fhm\u0259dovun i\u015fd\u0259n k\u0259narda qalmas\u0131n\u0131, bunun \u00fc\u00e7\u00fcn ona x\u0259sar\u0259t yetirilm\u0259sini ist\u0259yib.<\/p>\n\n\n\n<p>M\u00fc\u015ffiq Ataki\u015fiyev ona Cinay\u0259t M\u0259c\u0259ll\u0259sinin 120-ci (q\u0259sd\u0259n adam \u00f6ld\u00fcrm\u0259) madd\u0259sil\u0259 veril\u0259n ittiham\u0131n Cinay\u0259t M\u0259c\u0259ll\u0259sinin 126-c\u0131 (q\u0259sd\u0259n b\u0259d\u0259n\u0259 a\u011f\u0131r x\u0259sar\u0259t yetirm\u0259) madd\u0259sin\u0259 t\u00f6vsif olunmas\u0131n\u0131 ist\u0259yib.<\/p>\n\n\n\n<p>O, son s\u00f6z\u00fcnd\u0259 vur\u011fulay\u0131b ki, haqq\u0131nda ciddi ara\u015fd\u0131rma aparmadan h\u0259bs q\u0259rar\u0131 verilib v\u0259 i\u015f q\u0131sa m\u00fcdd\u0259td\u0259 m\u0259hk\u0259m\u0259y\u0259 g\u00f6nd\u0259rilib:<\/p>\n\n\n\n<p><em>&#8220;T\u0259\u0259ss\u00fcf ki, bizd\u0259 hans\u0131sa hadis\u0259 ictimail\u0259\u015firs\u0259, o i\u015fi \u0259trafl\u0131 ara\u015fd\u0131rmaq, \u0259dal\u0259tli q\u0259rar \u00e7\u0131xarmaq \u0259v\u0259zin\u0259, adama \u0259n a\u011f\u0131r c\u0259za verirl\u0259r. D\u0259yan\u0259t Quliyevl\u0259 aram\u0131zda \u00fczl\u0259\u015fm\u0259nin videosu da var, orada bir k\u0259lm\u0259 d\u0259 sifari\u015f olmas\u0131 bar\u0259d\u0259 n\u0259s\u0259 yoxdur. \u0130ki qad\u0131n aras\u0131nda qeyb\u0259t v\u0259 dedi-qodu \u0259sas\u0131nda m\u0259n\u0259 bel\u0259 ittiham verilib. Ham\u0131m\u0131za prokuror eyni c\u0259za ist\u0259di. Aram\u0131zda f\u0259rq qoymad\u0131. Cahill\u0259 ziyal\u0131 aras\u0131nda f\u0259rq qoymamaq \u00f6l\u00fc il\u0259 diri aras\u0131nda f\u0259rq qoymamaq kimidir. \u018fg\u0259r ittiham 126-c\u0131 madd\u0259y\u0259 t\u00f6vsif olunmasa, ist\u0259nil\u0259n ba\u015fqa h\u00f6km\u00fc qanunsuz hesab edir\u0259m&#8221;.<\/em><\/p>\n\n\n\n<p>S\u0259yavu\u015f Hac\u0131yev, Ayt\u0259n \u018fliyeva v\u0259 V\u00fcqar Quliyevd\u0259n ibar\u0259t hakiml\u0259r kollegiyas\u0131 onu q\u0259tl\u0259 sifari\u015f verm\u0259kd\u0259, dig\u0259r ikisini is\u0259 q\u0259tlin icras\u0131nda t\u0259qsirli hesab edib.<\/p>\n\n\n\n<p>2011-ci ild\u0259 ba\u015f vermi\u015f q\u0259tlin \u00fcst\u00fc 12 il sonra \u2013 2023-c\u00fc ild\u0259 D\u0259yan\u0259t Quliyevin Daxili \u0130\u015fl\u0259r Nazirliyinin \u201c102\u201d xidm\u0259tin\u0259 z\u0259ng edib, cinay\u0259ti etiraf etm\u0259sil\u0259 a\u00e7\u0131l\u0131b. O, m\u0259lumat ver\u0259rk\u0259n cinay\u0259ti \u00f6z\u00fcn\u00fcn t\u00f6r\u0259tdiyini deyib.<\/p>\n\n\n\n<p>\u0130ttihama \u0259sas\u0259n, M\u00fc\u015ffiq Ataki\u015fiyev prorektorun onu n\u00fcfuzdan sald\u0131\u011f\u0131n\u0131, yerin\u0259 rektor v\u0259zif\u0259sin\u0259 ke\u00e7m\u0259k ist\u0259diyini d\u00fc\u015f\u00fcn\u0259r\u0259k, bac\u0131s\u0131 o\u011flu D\u0259yan\u0259t Quliyev\u0259 onu avtomobill\u0259 vurmaq v\u0259 ya ba\u015fqa bir yolla aradan g\u00f6t\u00fcrm\u0259k tap\u015f\u0131r\u0131\u011f\u0131 verib. Day\u0131s\u0131n\u0131n uzun ill\u0259r ona maddi v\u0259 m\u0259n\u0259vi d\u0259st\u0259yini n\u0259z\u0259r\u0259 alaraq, onun ist\u0259diyini yerin\u0259 yetirm\u0259k q\u0259rar\u0131n\u0131 verib. Lakin o, plandan k\u0259nara \u00e7\u0131xaraq, day\u0131s\u0131n\u0131n tap\u015f\u0131rd\u0131\u011f\u0131 i\u015fi h\u0259myerlisi v\u0259 dostu Samir Quliyev\u0259 40 min dollar m\u00fcqabilind\u0259 h\u0259val\u0259 edib. Lakin ona bu i\u015fin sifari\u015f\u00e7isinin M\u00fc\u015ffiq Ataki\u015fiyev oldu\u011funu bildirm\u0259yib.<\/p>\n\n\n\n<p>D\u0259yan\u0259t Quliyev Samiri prorektorun ya\u015fad\u0131\u011f\u0131 evin yax\u0131nl\u0131\u011f\u0131nda idman etdiyi meydan\u00e7aya apararaq, onu g\u00f6st\u0259rib. Samir Quliyev 10 g\u00fcn \u0259rzind\u0259 onu izl\u0259dikd\u0259n sonra, 2011-ci il sentyabr\u0131n 16-da d\u0259mir boru par\u00e7as\u0131yla onu ba\u015f\u0131ndan vuraraq, q\u0259tl\u0259 yetitib.<\/p>\n\n\n\n<p>D\u0259yan\u0259t Quliyev 2000-2020-ci ill\u0259rd\u0259 daxili i\u015fl\u0259r orqanlar\u0131nda, o c\u00fcml\u0259d\u0259n Bin\u0259q\u0259di rayonu, 7-ci polis b\u00f6lm\u0259sind\u0259 i\u015fl\u0259yib, polis mayoru olub.<\/p>\n\n\n\n<p>\u0130qtisad elml\u0259ri namiz\u0259di olan 1966-c\u0131 il t\u0259v\u0259ll\u00fcdl\u00fc M\u00fc\u015ffiq Ataki\u015fiyev Az\u0259rbaycan Neft v\u0259 Kimya \u0130nstitutunu (haz\u0131rda Az\u0259rbaycan D\u00f6vl\u0259t Neft v\u0259 S\u0259naye Universiteti) bitirib. 2005-ci ild\u0259 professor ad\u0131n\u0131 alan Ataki\u015fiyev 2008-2010-ci ill\u0259rd\u0259 Ali Attestasiya Komissiyas\u0131n\u0131n iqtisadiyyat \u00fczr\u0259 ekspert komissiyas\u0131n\u0131n s\u0259dri, eyni zamanda, 2000-2014-c\u00fc ill\u0259rd\u0259 Az\u0259rbaycan D\u00f6vl\u0259t Neft Akademiyas\u0131n\u0131n kafedra m\u00fcdiri olub. 2022-ci ild\u0259n is\u0259 \u0130qtisadiyyat \u0130nstitutunun icra\u00e7\u0131 direktoru idi.<\/p>\n\n\n\n<p>T\u0259f\u0259kk\u00fcr Universiteti 2017-ci ild\u0259 l\u0259\u011fv edilib.<\/p>\n\n\n\n<p><\/p>\n\n\n\n<p><\/p>\n","protected":false},"excerpt":{"rendered":"<p>Tariyel \u018fhm\u0259dov t\u0259qsirl\u0259ndiril\u0259nl\u0259r aras\u0131nda f\u0259rq qoyulmamas\u0131na etiraz edib T\u0259f\u0259kk\u00fcr Universitetinin &#8230; <\/p>\n<p class=\"read-more-container\"><a title=\"Rektoru \u00f6ld\u00fcrm\u0259kd\u0259 t\u0259qsirl\u0259ndiril\u0259n \u015f\u0259xsl\u0259r\u0259 h\u00f6km oxunub\" class=\"read-more button\" href=\"https:\/\/www.meydan.tv\/az\/article\/rektoru-oldurmekde-teqsirlendirilen-sexslere-hokm-oxunub\/#more-305502\" aria-label=\"Read more about Rektoru \u00f6ld\u00fcrm\u0259kd\u0259 t\u0259qsirl\u0259ndiril\u0259n \u015f\u0259xsl\u0259r\u0259 h\u00f6km oxunub\">Davam\u0131<\/a><\/p>\n","protected":false},"author":8,"featured_media":290523,"comment_status":"closed","ping_status":"closed","sticky":false,"template":"","format":"standard","meta":{"_acf_changed":false,"_sitemap_exclude":false,"_sitemap_priority":"","_sitemap_frequency":"","footnotes":""},"categories":[62,56],"tags":[],"class_list":["post-305502","post","type-post","status-publish","format-standard","has-post-thumbnail","hentry","category-sosial","category-xeberler","infinite-scroll-item","generate-columns","tablet-grid-50","mobile-grid-100","grid-parent","grid-33","no-featured-image-padding"],"acf":[],"yoast_head":"<!-- This site is optimized with the Yoast SEO plugin v27.5 - https:\/\/yoast.com\/product\/yoast-seo-wordpress\/ -->\n<title>Rektoru \u00f6ld\u00fcrm\u0259kd\u0259 t\u0259qsirl\u0259ndiril\u0259n \u015f\u0259xsl\u0259r\u0259 h\u00f6km oxunub - MEYDAN.TV<\/title>\n<meta name=\"robots\" content=\"index, follow, max-snippet:-1, max-image-preview:large, max-video-preview:-1\" \/>\n<link rel=\"canonical\" href=\"https:\/\/www.meydan.tv\/az\/article\/rektoru-oldurmekde-teqsirlendirilen-sexslere-hokm-oxunub\/\" \/>\n<meta property=\"og:locale\" content=\"az_AZ\" \/>\n<meta property=\"og:type\" content=\"article\" \/>\n<meta property=\"og:title\" content=\"Rektoru \u00f6ld\u00fcrm\u0259kd\u0259 t\u0259qsirl\u0259ndiril\u0259n \u015f\u0259xsl\u0259r\u0259 h\u00f6km oxunub - MEYDAN.TV\" \/>\n<meta property=\"og:description\" content=\"Tariyel \u018fhm\u0259dov t\u0259qsirl\u0259ndiril\u0259nl\u0259r aras\u0131nda f\u0259rq qoyulmamas\u0131na etiraz edib T\u0259f\u0259kk\u00fcr Universitetinin ... Davam\u0131\" \/>\n<meta property=\"og:url\" content=\"https:\/\/www.meydan.tv\/az\/article\/rektoru-oldurmekde-teqsirlendirilen-sexslere-hokm-oxunub\/\" \/>\n<meta property=\"og:site_name\" content=\"MEYDAN.TV\" \/>\n<meta property=\"article:published_time\" content=\"2024-05-10T11:26:16+00:00\" \/>\n<meta property=\"article:modified_time\" content=\"2024-05-10T12:02:46+00:00\" \/>\n<meta property=\"og:image\" content=\"https:\/\/www.meydan.tv\/wp-content\/uploads\/copy-of-untitled-design-1-e1700126006966.jpg\" \/>\n\t<meta property=\"og:image:width\" content=\"1920\" \/>\n\t<meta property=\"og:image:height\" content=\"828\" \/>\n\t<meta property=\"og:image:type\" content=\"image\/jpeg\" \/>\n<meta name=\"author\" content=\"elli\" \/>\n<meta name=\"twitter:card\" content=\"summary_large_image\" \/>\n<meta name=\"twitter:creator\" content=\"@elli\" \/>\n<script type=\"application\/ld+json\" class=\"yoast-schema-graph\">{\"@context\":\"https:\\\/\\\/schema.org\",\"@graph\":[{\"@type\":\"Article\",\"@id\":\"https:\\\/\\\/www.meydan.tv\\\/az\\\/article\\\/rektoru-oldurmekde-teqsirlendirilen-sexslere-hokm-oxunub\\\/#article\",\"isPartOf\":{\"@id\":\"https:\\\/\\\/www.meydan.tv\\\/az\\\/article\\\/rektoru-oldurmekde-teqsirlendirilen-sexslere-hokm-oxunub\\\/\"},\"author\":{\"name\":\"elli\",\"@id\":\"https:\\\/\\\/www.meydan.tv\\\/az\\\/#\\\/schema\\\/person\\\/9cdbecf90d17180ce1dfbd95b08dcf47\"},\"headline\":\"Rektoru \u00f6ld\u00fcrm\u0259kd\u0259 t\u0259qsirl\u0259ndiril\u0259n \u015f\u0259xsl\u0259r\u0259 h\u00f6km oxunub\",\"datePublished\":\"2024-05-10T11:26:16+00:00\",\"dateModified\":\"2024-05-10T12:02:46+00:00\",\"mainEntityOfPage\":{\"@id\":\"https:\\\/\\\/www.meydan.tv\\\/az\\\/article\\\/rektoru-oldurmekde-teqsirlendirilen-sexslere-hokm-oxunub\\\/\"},\"wordCount\":849,\"publisher\":{\"@id\":\"https:\\\/\\\/www.meydan.tv\\\/az\\\/#organization\"},\"image\":{\"@id\":\"https:\\\/\\\/www.meydan.tv\\\/az\\\/article\\\/rektoru-oldurmekde-teqsirlendirilen-sexslere-hokm-oxunub\\\/#primaryimage\"},\"thumbnailUrl\":\"https:\\\/\\\/www.meydan.tv\\\/wp-content\\\/uploads\\\/copy-of-untitled-design-1-e1700126006966.jpg\",\"articleSection\":[\"Sosial\",\"X\u0259b\u0259rl\u0259r\"],\"inLanguage\":\"az\"},{\"@type\":\"WebPage\",\"@id\":\"https:\\\/\\\/www.meydan.tv\\\/az\\\/article\\\/rektoru-oldurmekde-teqsirlendirilen-sexslere-hokm-oxunub\\\/\",\"url\":\"https:\\\/\\\/www.meydan.tv\\\/az\\\/article\\\/rektoru-oldurmekde-teqsirlendirilen-sexslere-hokm-oxunub\\\/\",\"name\":\"Rektoru \u00f6ld\u00fcrm\u0259kd\u0259 t\u0259qsirl\u0259ndiril\u0259n \u015f\u0259xsl\u0259r\u0259 h\u00f6km oxunub - MEYDAN.TV\",\"isPartOf\":{\"@id\":\"https:\\\/\\\/www.meydan.tv\\\/az\\\/#website\"},\"primaryImageOfPage\":{\"@id\":\"https:\\\/\\\/www.meydan.tv\\\/az\\\/article\\\/rektoru-oldurmekde-teqsirlendirilen-sexslere-hokm-oxunub\\\/#primaryimage\"},\"image\":{\"@id\":\"https:\\\/\\\/www.meydan.tv\\\/az\\\/article\\\/rektoru-oldurmekde-teqsirlendirilen-sexslere-hokm-oxunub\\\/#primaryimage\"},\"thumbnailUrl\":\"https:\\\/\\\/www.meydan.tv\\\/wp-content\\\/uploads\\\/copy-of-untitled-design-1-e1700126006966.jpg\",\"datePublished\":\"2024-05-10T11:26:16+00:00\",\"dateModified\":\"2024-05-10T12:02:46+00:00\",\"breadcrumb\":{\"@id\":\"https:\\\/\\\/www.meydan.tv\\\/az\\\/article\\\/rektoru-oldurmekde-teqsirlendirilen-sexslere-hokm-oxunub\\\/#breadcrumb\"},\"inLanguage\":\"az\",\"potentialAction\":[{\"@type\":\"ReadAction\",\"target\":[\"https:\\\/\\\/www.meydan.tv\\\/az\\\/article\\\/rektoru-oldurmekde-teqsirlendirilen-sexslere-hokm-oxunub\\\/\"]}]},{\"@type\":\"ImageObject\",\"inLanguage\":\"az\",\"@id\":\"https:\\\/\\\/www.meydan.tv\\\/az\\\/article\\\/rektoru-oldurmekde-teqsirlendirilen-sexslere-hokm-oxunub\\\/#primaryimage\",\"url\":\"https:\\\/\\\/www.meydan.tv\\\/wp-content\\\/uploads\\\/copy-of-untitled-design-1-e1700126006966.jpg\",\"contentUrl\":\"https:\\\/\\\/www.meydan.tv\\\/wp-content\\\/uploads\\\/copy-of-untitled-design-1-e1700126006966.jpg\",\"width\":1920,\"height\":828,\"caption\":\"M\u00fc\u015fviq Ataki\u015fiyev v\u0259 Tariyel \u018fhm\u0259dov. Foto: Wiki\"},{\"@type\":\"BreadcrumbList\",\"@id\":\"https:\\\/\\\/www.meydan.tv\\\/az\\\/article\\\/rektoru-oldurmekde-teqsirlendirilen-sexslere-hokm-oxunub\\\/#breadcrumb\",\"itemListElement\":[{\"@type\":\"ListItem\",\"position\":1,\"name\":\"Ana s\u0259hif\u0259\",\"item\":\"https:\\\/\\\/www.meydan.tv\\\/az\\\/\"},{\"@type\":\"ListItem\",\"position\":2,\"name\":\"Sosial\",\"item\":\"https:\\\/\\\/www.meydan.tv\\\/az\\\/section\\\/sosial\\\/\"},{\"@type\":\"ListItem\",\"position\":3,\"name\":\"Rektoru \u00f6ld\u00fcrm\u0259kd\u0259 t\u0259qsirl\u0259ndiril\u0259n \u015f\u0259xsl\u0259r\u0259 h\u00f6km oxunub\"}]},{\"@type\":\"WebSite\",\"@id\":\"https:\\\/\\\/www.meydan.tv\\\/az\\\/#website\",\"url\":\"https:\\\/\\\/www.meydan.tv\\\/az\\\/\",\"name\":\"MEYDAN.TV\",\"description\":\"Meydan TV Az\u0259rbaycan\u0131n media m\u0259kan\u0131ndak\u0131 alternativ s\u0259sidir\",\"publisher\":{\"@id\":\"https:\\\/\\\/www.meydan.tv\\\/az\\\/#organization\"},\"potentialAction\":[{\"@type\":\"SearchAction\",\"target\":{\"@type\":\"EntryPoint\",\"urlTemplate\":\"https:\\\/\\\/www.meydan.tv\\\/az\\\/?s={search_term_string}\"},\"query-input\":{\"@type\":\"PropertyValueSpecification\",\"valueRequired\":true,\"valueName\":\"search_term_string\"}}],\"inLanguage\":\"az\"},{\"@type\":\"Organization\",\"@id\":\"https:\\\/\\\/www.meydan.tv\\\/az\\\/#organization\",\"name\":\"Meydan TV\",\"url\":\"https:\\\/\\\/www.meydan.tv\\\/az\\\/\",\"logo\":{\"@type\":\"ImageObject\",\"inLanguage\":\"az\",\"@id\":\"https:\\\/\\\/www.meydan.tv\\\/az\\\/#\\\/schema\\\/logo\\\/image\\\/\",\"url\":\"https:\\\/\\\/www.meydan.tv\\\/wp-content\\\/uploads\\\/2021\\\/07\\\/meydan-logo.svg\",\"contentUrl\":\"https:\\\/\\\/www.meydan.tv\\\/wp-content\\\/uploads\\\/2021\\\/07\\\/meydan-logo.svg\",\"width\":195,\"height\":46,\"caption\":\"Meydan TV\"},\"image\":{\"@id\":\"https:\\\/\\\/www.meydan.tv\\\/az\\\/#\\\/schema\\\/logo\\\/image\\\/\"}},{\"@type\":\"Person\",\"@id\":\"https:\\\/\\\/www.meydan.tv\\\/az\\\/#\\\/schema\\\/person\\\/9cdbecf90d17180ce1dfbd95b08dcf47\",\"name\":\"elli\",\"sameAs\":[\"https:\\\/\\\/x.com\\\/elli\"]}]}<\/script>\n<!-- \/ Yoast SEO plugin. -->","yoast_head_json":{"title":"Rektoru \u00f6ld\u00fcrm\u0259kd\u0259 t\u0259qsirl\u0259ndiril\u0259n \u015f\u0259xsl\u0259r\u0259 h\u00f6km oxunub - MEYDAN.TV","robots":{"index":"index","follow":"follow","max-snippet":"max-snippet:-1","max-image-preview":"max-image-preview:large","max-video-preview":"max-video-preview:-1"},"canonical":"https:\/\/www.meydan.tv\/az\/article\/rektoru-oldurmekde-teqsirlendirilen-sexslere-hokm-oxunub\/","og_locale":"az_AZ","og_type":"article","og_title":"Rektoru \u00f6ld\u00fcrm\u0259kd\u0259 t\u0259qsirl\u0259ndiril\u0259n \u015f\u0259xsl\u0259r\u0259 h\u00f6km oxunub - MEYDAN.TV","og_description":"Tariyel \u018fhm\u0259dov t\u0259qsirl\u0259ndiril\u0259nl\u0259r aras\u0131nda f\u0259rq qoyulmamas\u0131na etiraz edib T\u0259f\u0259kk\u00fcr Universitetinin ... Davam\u0131","og_url":"https:\/\/www.meydan.tv\/az\/article\/rektoru-oldurmekde-teqsirlendirilen-sexslere-hokm-oxunub\/","og_site_name":"MEYDAN.TV","article_published_time":"2024-05-10T11:26:16+00:00","article_modified_time":"2024-05-10T12:02:46+00:00","og_image":[{"width":1920,"height":828,"url":"https:\/\/www.meydan.tv\/wp-content\/uploads\/copy-of-untitled-design-1-e1700126006966.jpg","type":"image\/jpeg"}],"author":"elli","twitter_card":"summary_large_image","twitter_creator":"@elli","schema":{"@context":"https:\/\/schema.org","@graph":[{"@type":"Article","@id":"https:\/\/www.meydan.tv\/az\/article\/rektoru-oldurmekde-teqsirlendirilen-sexslere-hokm-oxunub\/#article","isPartOf":{"@id":"https:\/\/www.meydan.tv\/az\/article\/rektoru-oldurmekde-teqsirlendirilen-sexslere-hokm-oxunub\/"},"author":{"name":"elli","@id":"https:\/\/www.meydan.tv\/az\/#\/schema\/person\/9cdbecf90d17180ce1dfbd95b08dcf47"},"headline":"Rektoru \u00f6ld\u00fcrm\u0259kd\u0259 t\u0259qsirl\u0259ndiril\u0259n \u015f\u0259xsl\u0259r\u0259 h\u00f6km oxunub","datePublished":"2024-05-10T11:26:16+00:00","dateModified":"2024-05-10T12:02:46+00:00","mainEntityOfPage":{"@id":"https:\/\/www.meydan.tv\/az\/article\/rektoru-oldurmekde-teqsirlendirilen-sexslere-hokm-oxunub\/"},"wordCount":849,"publisher":{"@id":"https:\/\/www.meydan.tv\/az\/#organization"},"image":{"@id":"https:\/\/www.meydan.tv\/az\/article\/rektoru-oldurmekde-teqsirlendirilen-sexslere-hokm-oxunub\/#primaryimage"},"thumbnailUrl":"https:\/\/www.meydan.tv\/wp-content\/uploads\/copy-of-untitled-design-1-e1700126006966.jpg","articleSection":["Sosial","X\u0259b\u0259rl\u0259r"],"inLanguage":"az"},{"@type":"WebPage","@id":"https:\/\/www.meydan.tv\/az\/article\/rektoru-oldurmekde-teqsirlendirilen-sexslere-hokm-oxunub\/","url":"https:\/\/www.meydan.tv\/az\/article\/rektoru-oldurmekde-teqsirlendirilen-sexslere-hokm-oxunub\/","name":"Rektoru \u00f6ld\u00fcrm\u0259kd\u0259 t\u0259qsirl\u0259ndiril\u0259n \u015f\u0259xsl\u0259r\u0259 h\u00f6km oxunub - MEYDAN.TV","isPartOf":{"@id":"https:\/\/www.meydan.tv\/az\/#website"},"primaryImageOfPage":{"@id":"https:\/\/www.meydan.tv\/az\/article\/rektoru-oldurmekde-teqsirlendirilen-sexslere-hokm-oxunub\/#primaryimage"},"image":{"@id":"https:\/\/www.meydan.tv\/az\/article\/rektoru-oldurmekde-teqsirlendirilen-sexslere-hokm-oxunub\/#primaryimage"},"thumbnailUrl":"https:\/\/www.meydan.tv\/wp-content\/uploads\/copy-of-untitled-design-1-e1700126006966.jpg","datePublished":"2024-05-10T11:26:16+00:00","dateModified":"2024-05-10T12:02:46+00:00","breadcrumb":{"@id":"https:\/\/www.meydan.tv\/az\/article\/rektoru-oldurmekde-teqsirlendirilen-sexslere-hokm-oxunub\/#breadcrumb"},"inLanguage":"az","potentialAction":[{"@type":"ReadAction","target":["https:\/\/www.meydan.tv\/az\/article\/rektoru-oldurmekde-teqsirlendirilen-sexslere-hokm-oxunub\/"]}]},{"@type":"ImageObject","inLanguage":"az","@id":"https:\/\/www.meydan.tv\/az\/article\/rektoru-oldurmekde-teqsirlendirilen-sexslere-hokm-oxunub\/#primaryimage","url":"https:\/\/www.meydan.tv\/wp-content\/uploads\/copy-of-untitled-design-1-e1700126006966.jpg","contentUrl":"https:\/\/www.meydan.tv\/wp-content\/uploads\/copy-of-untitled-design-1-e1700126006966.jpg","width":1920,"height":828,"caption":"M\u00fc\u015fviq Ataki\u015fiyev v\u0259 Tariyel \u018fhm\u0259dov. Foto: Wiki"},{"@type":"BreadcrumbList","@id":"https:\/\/www.meydan.tv\/az\/article\/rektoru-oldurmekde-teqsirlendirilen-sexslere-hokm-oxunub\/#breadcrumb","itemListElement":[{"@type":"ListItem","position":1,"name":"Ana s\u0259hif\u0259","item":"https:\/\/www.meydan.tv\/az\/"},{"@type":"ListItem","position":2,"name":"Sosial","item":"https:\/\/www.meydan.tv\/az\/section\/sosial\/"},{"@type":"ListItem","position":3,"name":"Rektoru \u00f6ld\u00fcrm\u0259kd\u0259 t\u0259qsirl\u0259ndiril\u0259n \u015f\u0259xsl\u0259r\u0259 h\u00f6km oxunub"}]},{"@type":"WebSite","@id":"https:\/\/www.meydan.tv\/az\/#website","url":"https:\/\/www.meydan.tv\/az\/","name":"MEYDAN.TV","description":"Meydan TV Az\u0259rbaycan\u0131n media m\u0259kan\u0131ndak\u0131 alternativ s\u0259sidir","publisher":{"@id":"https:\/\/www.meydan.tv\/az\/#organization"},"potentialAction":[{"@type":"SearchAction","target":{"@type":"EntryPoint","urlTemplate":"https:\/\/www.meydan.tv\/az\/?s={search_term_string}"},"query-input":{"@type":"PropertyValueSpecification","valueRequired":true,"valueName":"search_term_string"}}],"inLanguage":"az"},{"@type":"Organization","@id":"https:\/\/www.meydan.tv\/az\/#organization","name":"Meydan TV","url":"https:\/\/www.meydan.tv\/az\/","logo":{"@type":"ImageObject","inLanguage":"az","@id":"https:\/\/www.meydan.tv\/az\/#\/schema\/logo\/image\/","url":"https:\/\/www.meydan.tv\/wp-content\/uploads\/2021\/07\/meydan-logo.svg","contentUrl":"https:\/\/www.meydan.tv\/wp-content\/uploads\/2021\/07\/meydan-logo.svg","width":195,"height":46,"caption":"Meydan TV"},"image":{"@id":"https:\/\/www.meydan.tv\/az\/#\/schema\/logo\/image\/"}},{"@type":"Person","@id":"https:\/\/www.meydan.tv\/az\/#\/schema\/person\/9cdbecf90d17180ce1dfbd95b08dcf47","name":"elli","sameAs":["https:\/\/x.com\/elli"]}]}},"_links":{"self":[{"href":"https:\/\/www.meydan.tv\/az\/wp-json\/wp\/v2\/posts\/305502","targetHints":{"allow":["GET"]}}],"collection":[{"href":"https:\/\/www.meydan.tv\/az\/wp-json\/wp\/v2\/posts"}],"about":[{"href":"https:\/\/www.meydan.tv\/az\/wp-json\/wp\/v2\/types\/post"}],"author":[{"embeddable":true,"href":"https:\/\/www.meydan.tv\/az\/wp-json\/wp\/v2\/users\/8"}],"replies":[{"embeddable":true,"href":"https:\/\/www.meydan.tv\/az\/wp-json\/wp\/v2\/comments?post=305502"}],"version-history":[{"count":3,"href":"https:\/\/www.meydan.tv\/az\/wp-json\/wp\/v2\/posts\/305502\/revisions"}],"predecessor-version":[{"id":305518,"href":"https:\/\/www.meydan.tv\/az\/wp-json\/wp\/v2\/posts\/305502\/revisions\/305518"}],"wp:featuredmedia":[{"embeddable":true,"href":"https:\/\/www.meydan.tv\/az\/wp-json\/wp\/v2\/media\/290523"}],"wp:attachment":[{"href":"https:\/\/www.meydan.tv\/az\/wp-json\/wp\/v2\/media?parent=305502"}],"wp:term":[{"taxonomy":"category","embeddable":true,"href":"https:\/\/www.meydan.tv\/az\/wp-json\/wp\/v2\/categories?post=305502"},{"taxonomy":"post_tag","embeddable":true,"href":"https:\/\/www.meydan.tv\/az\/wp-json\/wp\/v2\/tags?post=305502"}],"curies":[{"name":"wp","href":"https:\/\/api.w.org\/{rel}","templated":true}]}}