{"id":305481,"date":"2024-05-10T13:46:21","date_gmt":"2024-05-10T09:46:21","guid":{"rendered":"https:\/\/www.meydan.tv\/?p=305481"},"modified":"2024-05-10T13:46:36","modified_gmt":"2024-05-10T09:46:36","slug":"ecofront-prezidente-muraciet-edib-qusarda-mese-erazisi-mehv-edilib-yerinde-evler-tikilir","status":"publish","type":"post","link":"https:\/\/www.meydan.tv\/az\/article\/ecofront-prezidente-muraciet-edib-qusarda-mese-erazisi-mehv-edilib-yerinde-evler-tikilir\/","title":{"rendered":"\u201cEcofront\u201d Prezident\u0259 m\u00fcraci\u0259t edib: Qusarda me\u015f\u0259 \u0259razisi m\u0259hv edilib, yerind\u0259 evl\u0259r tikilir"},"content":{"rendered":"\n<p><\/p>\n\n\n\n<p><strong><em>\u201cBiz qusarl\u0131 g\u0259ncl\u0259r harda ev tik\u0259k?\u201d<\/em><\/strong><\/p>\n\n\n\n<p>Qusar rayonunda \u201cQusar me\u015f\u0259b\u0259yliyi\u201d deyil\u0259n \u0259razid\u0259ki a\u011faclar\u0131n k\u00fctl\u0259vi \u015f\u0259kild\u0259 q\u0131r\u0131ld\u0131\u011f\u0131 bildirilir.<\/p>\n\n\n\n<p>Bu bar\u0259d\u0259 \u201cEcofront\u201d t\u0259\u015fkilat\u0131 m\u0259lumat yay\u0131b. T\u0259\u015fkilat\u0131n r\u0259hb\u0259ri Cavid Qara bildirib ki, \u0259razi sotu \u00fc\u00e7 min manatdan \u0259haliy\u0259 sat\u0131l\u0131r.<\/p>\n\n\n\n<p><em>\u201cMe\u015f\u0259ni da\u011f\u0131tma\u011fa \u00e7al\u0131\u015f\u0131rlar. 22 hektar \u0259razidir. Ekologiya v\u0259 T\u0259bii S\u0259rv\u0259tl\u0259r Nazirliyi \u0259razini sotu 3 min manatdan ev tikm\u0259k \u00fc\u00e7\u00fcn sat\u0131b\u201d,- C.Qara qeyd edib.<\/em><\/p>\n\n\n<div class=\"wp-block-image\">\n<figure class=\"aligncenter size-large\"><img decoding=\"async\" width=\"1138\" height=\"821\" data-src=\"https:\/\/www.meydan.tv\/wp-content\/uploads\/442398438_823917119769376_658016589549921935_n-1138x821.jpg\" alt=\"\" class=\"wp-image-305468 lazyload\" src=\"data:image\/svg+xml;base64,PHN2ZyB3aWR0aD0iMSIgaGVpZ2h0PSIxIiB4bWxucz0iaHR0cDovL3d3dy53My5vcmcvMjAwMC9zdmciPjwvc3ZnPg==\" style=\"--smush-placeholder-width: 1138px; --smush-placeholder-aspect-ratio: 1138\/821;\" \/><\/figure>\n<\/div>\n\n\n<p>T\u0259\u015fkilat me\u015f\u0259 \u0259razisinin m\u0259hv edilm\u0259si il\u0259 ba\u011fl\u0131 Prezident \u0130lham \u018fliyev\u0259 m\u00fcraci\u0259t \u00fcnvanlay\u0131b. \u201cEcofront\u201d Qusarda me\u015f\u0259lik \u0259razisinin m\u0259hv edilm\u0259si il\u0259 ba\u011fl\u0131 daha \u0259vv\u0259l d\u0259 m\u0259lumatlar payla\u015f\u0131b.<\/p>\n\n\n\n<p>Qusar sakini Elnur Orucov Meydan TV-y\u0259 me\u015f\u0259 \u0259razisinin sat\u0131ld\u0131\u011f\u0131n\u0131 t\u0259sdiql\u0259yib. Lakin sakin a\u011faclar\u0131n yerind\u0259 ev tikintisin\u0259 haqq qazand\u0131r\u0131b:<\/p>\n\n\n\n<p><em>\u201cQusarda bir qar\u0131\u015f torpaq qalmay\u0131b. K\u0259nardan g\u0259l\u0259nl\u0259r evl\u0259r, istirah\u0259t m\u0259rk\u0259zl\u0259ri tikibl\u0259r. Biz qusarl\u0131 g\u0259ncl\u0259r harda ev tik\u0259k? Qusarda qusarl\u0131lardan ba\u015fqa ham\u0131ya \u015f\u0259rait yarad\u0131rlar \u201d,-<\/em>Orucov deyib.<\/p>\n\n\n<div class=\"wp-block-image\">\n<figure class=\"aligncenter size-large\"><img decoding=\"async\" width=\"1181\" height=\"821\" data-src=\"https:\/\/www.meydan.tv\/wp-content\/uploads\/441051665_823916996436055_1174690782387795483_n-1181x821.jpg\" alt=\"\" class=\"wp-image-305474 lazyload\" src=\"data:image\/svg+xml;base64,PHN2ZyB3aWR0aD0iMSIgaGVpZ2h0PSIxIiB4bWxucz0iaHR0cDovL3d3dy53My5vcmcvMjAwMC9zdmciPjwvc3ZnPg==\" style=\"--smush-placeholder-width: 1181px; --smush-placeholder-aspect-ratio: 1181\/821;\" \/><\/figure>\n<\/div>\n\n\n<p>Qusar Rayon B\u0259l\u0259diyy\u0259sind\u0259n h\u0259min \u0259razid\u0259 torpa\u011f\u0131n t\u0259yinat\u0131n\u0131n d\u0259yi\u015fdiyini deyibl\u0259r. Bildiribl\u0259r ki, m\u00fcharib\u0259 i\u015ftirak\u00e7\u0131s\u0131, \u015f\u0259hid ail\u0259si, qazi ail\u0259l\u0259ri ev tikm\u0259l\u0259ri \u00fc\u00e7\u00fcn torpaq sah\u0259l\u0259rinin ayr\u0131lmas\u0131 \u00fc\u00e7\u00fcn m\u00fcraci\u0259t edibl\u0259r. Aidiyyat\u0131 t\u0259\u015fkilatlar\u0131n r\u0259yi il\u0259 h\u0259min \u0259razinin t\u0259yinat\u0131n\u0131n d\u0259yi\u015fdirilm\u0259si il\u0259 ba\u011fl\u0131 s\u0259r\u0259ncam verilib.<\/p>\n\n\n\n<p>Qusar Rayon \u0130cra Hakimiyy\u0259tind\u0259n is\u0259 Meydan TV-y\u0259 bildiribl\u0259r ki, \u0259razid\u0259 m\u00fcharib\u0259 i\u015ftirak\u00e7\u0131lar\u0131na, \u015f\u0259hid v\u0259 qazi ail\u0259l\u0259rin\u0259 yer ayr\u0131l\u0131b. Amma a\u011faclar k\u0259silm\u0259yib. \u0130cra hakimiyy\u0259tinin \u00f6z\u00fcn\u00fc t\u0259qdim etm\u0259k ist\u0259m\u0259y\u0259n \u0259m\u0259kda\u015f\u0131 a\u011fac k\u0259sintisi il\u0259 ba\u011fl\u0131 yay\u0131lm\u0131\u015f g\u00f6r\u00fcnt\u00fcl\u0259rin k\u00f6hn\u0259 oldu\u011funu iddia edib.<\/p>\n\n\n\n<p>Ekologiya v\u0259 T\u0259bii S\u0259rv\u0259tl\u0259r Nazirliyinin D\u00f6vl\u0259t Ekoloji T\u0259hl\u00fck\u0259sizlik Xidm\u0259tind\u0259n bildirib ki, son g\u00fcnl\u0259r m\u0259tbuatda ged\u0259n m\u0259lumatlarla ba\u011fl\u0131 \u0259m\u0259kda\u015flar d\u00fcn\u0259n v\u0259 bu g\u00fcn \u0259razid\u0259 olublar, son aylara aid yeni a\u011fac k\u0259silm\u0259si faktlar\u0131 a\u015fkar edilm\u0259yib:<\/p>\n\n\n<div class=\"wp-block-image\">\n<figure class=\"aligncenter size-large\"><img decoding=\"async\" width=\"1101\" height=\"821\" data-src=\"https:\/\/www.meydan.tv\/wp-content\/uploads\/440879656_823916929769395_5055609432309129564_n-1101x821.jpg\" alt=\"\" class=\"wp-image-305477 lazyload\" src=\"data:image\/svg+xml;base64,PHN2ZyB3aWR0aD0iMSIgaGVpZ2h0PSIxIiB4bWxucz0iaHR0cDovL3d3dy53My5vcmcvMjAwMC9zdmciPjwvc3ZnPg==\" style=\"--smush-placeholder-width: 1101px; --smush-placeholder-aspect-ratio: 1101\/821;\" \/><\/figure>\n<\/div>\n\n\n<p><em>\u201c\u018frazid\u0259 olan b\u00fct\u00fcn a\u011faclar h\u0259l\u0259 2023-c\u00fc ild\u0259 t\u0259r\u0259fimizd\u0259n n\u00f6mr\u0259l\u0259nib, siyah\u0131lar s\u0259lahiyy\u0259tl\u0259ri \u00e7\u0259r\u00e7iv\u0259sind\u0259 preventiv t\u0259dbir g\u00f6r\u00fclm\u0259si \u00fc\u00e7\u00fcn yerli icra orqanlar\u0131na verilib, h\u0259m\u00e7inin yeni a\u011fac k\u0259silm\u0259si faktlar\u0131na yol verilm\u0259m\u0259si \u00fc\u00e7\u00fcn \u0259razi n\u0259zar\u0259t\u0259 g\u00f6t\u00fcr\u00fcl\u00fcb\u201d.<\/em><\/p>\n\n\n\n<p>D\u0130N M\u0259tbuat Xidm\u0259tind\u0259n is\u0259 deyibl\u0259r ki, qeyd olunan \u0259razid\u0259 apar\u0131lan b\u00fct\u00fcn tikinti i\u015fl\u0259ri dayand\u0131r\u0131l\u0131b. Polis v\u0259 prokurorluq \u0259m\u0259kda\u015flar\u0131 t\u0259r\u0259find\u0259n ara\u015fd\u0131rma apar\u0131l\u0131r. Ara\u015fd\u0131rman\u0131n n\u0259tic\u0259sind\u0259n as\u0131l\u0131 olaraq \u0259m\u0259l\u0259 h\u00fcquqi qiym\u0259t veril\u0259c\u0259k.<\/p>\n\n\n\n<p><\/p>\n","protected":false},"excerpt":{"rendered":"<p>\u201cBiz qusarl\u0131 g\u0259ncl\u0259r harda ev tik\u0259k?\u201d Qusar rayonunda \u201cQusar me\u015f\u0259b\u0259yliyi\u201d &#8230; <\/p>\n<p class=\"read-more-container\"><a title=\"\u201cEcofront\u201d Prezident\u0259 m\u00fcraci\u0259t edib: Qusarda me\u015f\u0259 \u0259razisi m\u0259hv edilib, yerind\u0259 evl\u0259r tikilir\" class=\"read-more button\" href=\"https:\/\/www.meydan.tv\/az\/article\/ecofront-prezidente-muraciet-edib-qusarda-mese-erazisi-mehv-edilib-yerinde-evler-tikilir\/#more-305481\" aria-label=\"Read more about \u201cEcofront\u201d Prezident\u0259 m\u00fcraci\u0259t edib: Qusarda me\u015f\u0259 \u0259razisi m\u0259hv edilib, yerind\u0259 evl\u0259r tikilir\">Davam\u0131<\/a><\/p>\n","protected":false},"author":8,"featured_media":305471,"comment_status":"closed","ping_status":"closed","sticky":false,"template":"","format":"standard","meta":{"_acf_changed":false,"_sitemap_exclude":false,"_sitemap_priority":"","_sitemap_frequency":"","footnotes":""},"categories":[60,79,56],"tags":[],"class_list":["post-305481","post","type-post","status-publish","format-standard","has-post-thumbnail","hentry","category-bolge","category-featured","category-xeberler","infinite-scroll-item","generate-columns","tablet-grid-50","mobile-grid-100","grid-parent","grid-33","no-featured-image-padding"],"acf":[],"yoast_head":"<!-- This site is optimized with the Yoast SEO plugin v27.4 - https:\/\/yoast.com\/product\/yoast-seo-wordpress\/ -->\n<title>\u201cEcofront\u201d Prezident\u0259 m\u00fcraci\u0259t edib: Qusarda me\u015f\u0259 \u0259razisi m\u0259hv edilib, yerind\u0259 evl\u0259r tikilir - MEYDAN.TV<\/title>\n<meta name=\"robots\" content=\"index, follow, max-snippet:-1, max-image-preview:large, max-video-preview:-1\" \/>\n<link rel=\"canonical\" href=\"https:\/\/www.meydan.tv\/az\/article\/ecofront-prezidente-muraciet-edib-qusarda-mese-erazisi-mehv-edilib-yerinde-evler-tikilir\/\" \/>\n<meta property=\"og:locale\" content=\"az_AZ\" \/>\n<meta property=\"og:type\" content=\"article\" \/>\n<meta property=\"og:title\" content=\"\u201cEcofront\u201d Prezident\u0259 m\u00fcraci\u0259t edib: Qusarda me\u015f\u0259 \u0259razisi m\u0259hv edilib, yerind\u0259 evl\u0259r tikilir - MEYDAN.TV\" \/>\n<meta property=\"og:description\" content=\"\u201cBiz qusarl\u0131 g\u0259ncl\u0259r harda ev tik\u0259k?\u201d Qusar rayonunda \u201cQusar me\u015f\u0259b\u0259yliyi\u201d ... Davam\u0131\" \/>\n<meta property=\"og:url\" content=\"https:\/\/www.meydan.tv\/az\/article\/ecofront-prezidente-muraciet-edib-qusarda-mese-erazisi-mehv-edilib-yerinde-evler-tikilir\/\" \/>\n<meta property=\"og:site_name\" content=\"MEYDAN.TV\" \/>\n<meta property=\"article:published_time\" content=\"2024-05-10T09:46:21+00:00\" \/>\n<meta property=\"article:modified_time\" content=\"2024-05-10T09:46:36+00:00\" \/>\n<meta property=\"og:image\" content=\"https:\/\/www.meydan.tv\/wp-content\/uploads\/440778011_823916823102739_103261373915111515_n.jpg\" \/>\n\t<meta property=\"og:image:width\" content=\"1440\" \/>\n\t<meta property=\"og:image:height\" content=\"1062\" \/>\n\t<meta property=\"og:image:type\" content=\"image\/jpeg\" \/>\n<meta name=\"author\" content=\"elli\" \/>\n<meta name=\"twitter:card\" content=\"summary_large_image\" \/>\n<meta name=\"twitter:creator\" content=\"@elli\" \/>\n<script type=\"application\/ld+json\" class=\"yoast-schema-graph\">{\"@context\":\"https:\\\/\\\/schema.org\",\"@graph\":[{\"@type\":\"Article\",\"@id\":\"https:\\\/\\\/www.meydan.tv\\\/az\\\/article\\\/ecofront-prezidente-muraciet-edib-qusarda-mese-erazisi-mehv-edilib-yerinde-evler-tikilir\\\/#article\",\"isPartOf\":{\"@id\":\"https:\\\/\\\/www.meydan.tv\\\/az\\\/article\\\/ecofront-prezidente-muraciet-edib-qusarda-mese-erazisi-mehv-edilib-yerinde-evler-tikilir\\\/\"},\"author\":{\"name\":\"elli\",\"@id\":\"https:\\\/\\\/www.meydan.tv\\\/az\\\/#\\\/schema\\\/person\\\/9cdbecf90d17180ce1dfbd95b08dcf47\"},\"headline\":\"\u201cEcofront\u201d Prezident\u0259 m\u00fcraci\u0259t edib: Qusarda me\u015f\u0259 \u0259razisi m\u0259hv edilib, yerind\u0259 evl\u0259r tikilir\",\"datePublished\":\"2024-05-10T09:46:21+00:00\",\"dateModified\":\"2024-05-10T09:46:36+00:00\",\"mainEntityOfPage\":{\"@id\":\"https:\\\/\\\/www.meydan.tv\\\/az\\\/article\\\/ecofront-prezidente-muraciet-edib-qusarda-mese-erazisi-mehv-edilib-yerinde-evler-tikilir\\\/\"},\"wordCount\":552,\"publisher\":{\"@id\":\"https:\\\/\\\/www.meydan.tv\\\/az\\\/#organization\"},\"image\":{\"@id\":\"https:\\\/\\\/www.meydan.tv\\\/az\\\/article\\\/ecofront-prezidente-muraciet-edib-qusarda-mese-erazisi-mehv-edilib-yerinde-evler-tikilir\\\/#primaryimage\"},\"thumbnailUrl\":\"https:\\\/\\\/www.meydan.tv\\\/wp-content\\\/uploads\\\/440778011_823916823102739_103261373915111515_n.jpg\",\"articleSection\":[\"B\u00f6lg\u0259\",\"T\u00f6vsiy\u0259\",\"X\u0259b\u0259rl\u0259r\"],\"inLanguage\":\"az\"},{\"@type\":\"WebPage\",\"@id\":\"https:\\\/\\\/www.meydan.tv\\\/az\\\/article\\\/ecofront-prezidente-muraciet-edib-qusarda-mese-erazisi-mehv-edilib-yerinde-evler-tikilir\\\/\",\"url\":\"https:\\\/\\\/www.meydan.tv\\\/az\\\/article\\\/ecofront-prezidente-muraciet-edib-qusarda-mese-erazisi-mehv-edilib-yerinde-evler-tikilir\\\/\",\"name\":\"\u201cEcofront\u201d Prezident\u0259 m\u00fcraci\u0259t edib: Qusarda me\u015f\u0259 \u0259razisi m\u0259hv edilib, yerind\u0259 evl\u0259r tikilir - MEYDAN.TV\",\"isPartOf\":{\"@id\":\"https:\\\/\\\/www.meydan.tv\\\/az\\\/#website\"},\"primaryImageOfPage\":{\"@id\":\"https:\\\/\\\/www.meydan.tv\\\/az\\\/article\\\/ecofront-prezidente-muraciet-edib-qusarda-mese-erazisi-mehv-edilib-yerinde-evler-tikilir\\\/#primaryimage\"},\"image\":{\"@id\":\"https:\\\/\\\/www.meydan.tv\\\/az\\\/article\\\/ecofront-prezidente-muraciet-edib-qusarda-mese-erazisi-mehv-edilib-yerinde-evler-tikilir\\\/#primaryimage\"},\"thumbnailUrl\":\"https:\\\/\\\/www.meydan.tv\\\/wp-content\\\/uploads\\\/440778011_823916823102739_103261373915111515_n.jpg\",\"datePublished\":\"2024-05-10T09:46:21+00:00\",\"dateModified\":\"2024-05-10T09:46:36+00:00\",\"breadcrumb\":{\"@id\":\"https:\\\/\\\/www.meydan.tv\\\/az\\\/article\\\/ecofront-prezidente-muraciet-edib-qusarda-mese-erazisi-mehv-edilib-yerinde-evler-tikilir\\\/#breadcrumb\"},\"inLanguage\":\"az\",\"potentialAction\":[{\"@type\":\"ReadAction\",\"target\":[\"https:\\\/\\\/www.meydan.tv\\\/az\\\/article\\\/ecofront-prezidente-muraciet-edib-qusarda-mese-erazisi-mehv-edilib-yerinde-evler-tikilir\\\/\"]}]},{\"@type\":\"ImageObject\",\"inLanguage\":\"az\",\"@id\":\"https:\\\/\\\/www.meydan.tv\\\/az\\\/article\\\/ecofront-prezidente-muraciet-edib-qusarda-mese-erazisi-mehv-edilib-yerinde-evler-tikilir\\\/#primaryimage\",\"url\":\"https:\\\/\\\/www.meydan.tv\\\/wp-content\\\/uploads\\\/440778011_823916823102739_103261373915111515_n.jpg\",\"contentUrl\":\"https:\\\/\\\/www.meydan.tv\\\/wp-content\\\/uploads\\\/440778011_823916823102739_103261373915111515_n.jpg\",\"width\":1440,\"height\":1062,\"caption\":\"Fotolar \\\"Ecofront\\\"undur\"},{\"@type\":\"BreadcrumbList\",\"@id\":\"https:\\\/\\\/www.meydan.tv\\\/az\\\/article\\\/ecofront-prezidente-muraciet-edib-qusarda-mese-erazisi-mehv-edilib-yerinde-evler-tikilir\\\/#breadcrumb\",\"itemListElement\":[{\"@type\":\"ListItem\",\"position\":1,\"name\":\"Ana s\u0259hif\u0259\",\"item\":\"https:\\\/\\\/www.meydan.tv\\\/az\\\/\"},{\"@type\":\"ListItem\",\"position\":2,\"name\":\"B\u00f6lg\u0259\",\"item\":\"https:\\\/\\\/www.meydan.tv\\\/az\\\/section\\\/bolge\\\/\"},{\"@type\":\"ListItem\",\"position\":3,\"name\":\"\u201cEcofront\u201d Prezident\u0259 m\u00fcraci\u0259t edib: Qusarda me\u015f\u0259 \u0259razisi m\u0259hv edilib, yerind\u0259 evl\u0259r tikilir\"}]},{\"@type\":\"WebSite\",\"@id\":\"https:\\\/\\\/www.meydan.tv\\\/az\\\/#website\",\"url\":\"https:\\\/\\\/www.meydan.tv\\\/az\\\/\",\"name\":\"MEYDAN.TV\",\"description\":\"Meydan TV Az\u0259rbaycan\u0131n media m\u0259kan\u0131ndak\u0131 alternativ s\u0259sidir\",\"publisher\":{\"@id\":\"https:\\\/\\\/www.meydan.tv\\\/az\\\/#organization\"},\"potentialAction\":[{\"@type\":\"SearchAction\",\"target\":{\"@type\":\"EntryPoint\",\"urlTemplate\":\"https:\\\/\\\/www.meydan.tv\\\/az\\\/?s={search_term_string}\"},\"query-input\":{\"@type\":\"PropertyValueSpecification\",\"valueRequired\":true,\"valueName\":\"search_term_string\"}}],\"inLanguage\":\"az\"},{\"@type\":\"Organization\",\"@id\":\"https:\\\/\\\/www.meydan.tv\\\/az\\\/#organization\",\"name\":\"Meydan TV\",\"url\":\"https:\\\/\\\/www.meydan.tv\\\/az\\\/\",\"logo\":{\"@type\":\"ImageObject\",\"inLanguage\":\"az\",\"@id\":\"https:\\\/\\\/www.meydan.tv\\\/az\\\/#\\\/schema\\\/logo\\\/image\\\/\",\"url\":\"https:\\\/\\\/www.meydan.tv\\\/wp-content\\\/uploads\\\/2021\\\/07\\\/meydan-logo.svg\",\"contentUrl\":\"https:\\\/\\\/www.meydan.tv\\\/wp-content\\\/uploads\\\/2021\\\/07\\\/meydan-logo.svg\",\"width\":195,\"height\":46,\"caption\":\"Meydan TV\"},\"image\":{\"@id\":\"https:\\\/\\\/www.meydan.tv\\\/az\\\/#\\\/schema\\\/logo\\\/image\\\/\"}},{\"@type\":\"Person\",\"@id\":\"https:\\\/\\\/www.meydan.tv\\\/az\\\/#\\\/schema\\\/person\\\/9cdbecf90d17180ce1dfbd95b08dcf47\",\"name\":\"elli\",\"sameAs\":[\"https:\\\/\\\/x.com\\\/elli\"]}]}<\/script>\n<!-- \/ Yoast SEO plugin. -->","yoast_head_json":{"title":"\u201cEcofront\u201d Prezident\u0259 m\u00fcraci\u0259t edib: Qusarda me\u015f\u0259 \u0259razisi m\u0259hv edilib, yerind\u0259 evl\u0259r tikilir - MEYDAN.TV","robots":{"index":"index","follow":"follow","max-snippet":"max-snippet:-1","max-image-preview":"max-image-preview:large","max-video-preview":"max-video-preview:-1"},"canonical":"https:\/\/www.meydan.tv\/az\/article\/ecofront-prezidente-muraciet-edib-qusarda-mese-erazisi-mehv-edilib-yerinde-evler-tikilir\/","og_locale":"az_AZ","og_type":"article","og_title":"\u201cEcofront\u201d Prezident\u0259 m\u00fcraci\u0259t edib: Qusarda me\u015f\u0259 \u0259razisi m\u0259hv edilib, yerind\u0259 evl\u0259r tikilir - MEYDAN.TV","og_description":"\u201cBiz qusarl\u0131 g\u0259ncl\u0259r harda ev tik\u0259k?\u201d Qusar rayonunda \u201cQusar me\u015f\u0259b\u0259yliyi\u201d ... Davam\u0131","og_url":"https:\/\/www.meydan.tv\/az\/article\/ecofront-prezidente-muraciet-edib-qusarda-mese-erazisi-mehv-edilib-yerinde-evler-tikilir\/","og_site_name":"MEYDAN.TV","article_published_time":"2024-05-10T09:46:21+00:00","article_modified_time":"2024-05-10T09:46:36+00:00","og_image":[{"width":1440,"height":1062,"url":"https:\/\/www.meydan.tv\/wp-content\/uploads\/440778011_823916823102739_103261373915111515_n.jpg","type":"image\/jpeg"}],"author":"elli","twitter_card":"summary_large_image","twitter_creator":"@elli","schema":{"@context":"https:\/\/schema.org","@graph":[{"@type":"Article","@id":"https:\/\/www.meydan.tv\/az\/article\/ecofront-prezidente-muraciet-edib-qusarda-mese-erazisi-mehv-edilib-yerinde-evler-tikilir\/#article","isPartOf":{"@id":"https:\/\/www.meydan.tv\/az\/article\/ecofront-prezidente-muraciet-edib-qusarda-mese-erazisi-mehv-edilib-yerinde-evler-tikilir\/"},"author":{"name":"elli","@id":"https:\/\/www.meydan.tv\/az\/#\/schema\/person\/9cdbecf90d17180ce1dfbd95b08dcf47"},"headline":"\u201cEcofront\u201d Prezident\u0259 m\u00fcraci\u0259t edib: Qusarda me\u015f\u0259 \u0259razisi m\u0259hv edilib, yerind\u0259 evl\u0259r tikilir","datePublished":"2024-05-10T09:46:21+00:00","dateModified":"2024-05-10T09:46:36+00:00","mainEntityOfPage":{"@id":"https:\/\/www.meydan.tv\/az\/article\/ecofront-prezidente-muraciet-edib-qusarda-mese-erazisi-mehv-edilib-yerinde-evler-tikilir\/"},"wordCount":552,"publisher":{"@id":"https:\/\/www.meydan.tv\/az\/#organization"},"image":{"@id":"https:\/\/www.meydan.tv\/az\/article\/ecofront-prezidente-muraciet-edib-qusarda-mese-erazisi-mehv-edilib-yerinde-evler-tikilir\/#primaryimage"},"thumbnailUrl":"https:\/\/www.meydan.tv\/wp-content\/uploads\/440778011_823916823102739_103261373915111515_n.jpg","articleSection":["B\u00f6lg\u0259","T\u00f6vsiy\u0259","X\u0259b\u0259rl\u0259r"],"inLanguage":"az"},{"@type":"WebPage","@id":"https:\/\/www.meydan.tv\/az\/article\/ecofront-prezidente-muraciet-edib-qusarda-mese-erazisi-mehv-edilib-yerinde-evler-tikilir\/","url":"https:\/\/www.meydan.tv\/az\/article\/ecofront-prezidente-muraciet-edib-qusarda-mese-erazisi-mehv-edilib-yerinde-evler-tikilir\/","name":"\u201cEcofront\u201d Prezident\u0259 m\u00fcraci\u0259t edib: Qusarda me\u015f\u0259 \u0259razisi m\u0259hv edilib, yerind\u0259 evl\u0259r tikilir - MEYDAN.TV","isPartOf":{"@id":"https:\/\/www.meydan.tv\/az\/#website"},"primaryImageOfPage":{"@id":"https:\/\/www.meydan.tv\/az\/article\/ecofront-prezidente-muraciet-edib-qusarda-mese-erazisi-mehv-edilib-yerinde-evler-tikilir\/#primaryimage"},"image":{"@id":"https:\/\/www.meydan.tv\/az\/article\/ecofront-prezidente-muraciet-edib-qusarda-mese-erazisi-mehv-edilib-yerinde-evler-tikilir\/#primaryimage"},"thumbnailUrl":"https:\/\/www.meydan.tv\/wp-content\/uploads\/440778011_823916823102739_103261373915111515_n.jpg","datePublished":"2024-05-10T09:46:21+00:00","dateModified":"2024-05-10T09:46:36+00:00","breadcrumb":{"@id":"https:\/\/www.meydan.tv\/az\/article\/ecofront-prezidente-muraciet-edib-qusarda-mese-erazisi-mehv-edilib-yerinde-evler-tikilir\/#breadcrumb"},"inLanguage":"az","potentialAction":[{"@type":"ReadAction","target":["https:\/\/www.meydan.tv\/az\/article\/ecofront-prezidente-muraciet-edib-qusarda-mese-erazisi-mehv-edilib-yerinde-evler-tikilir\/"]}]},{"@type":"ImageObject","inLanguage":"az","@id":"https:\/\/www.meydan.tv\/az\/article\/ecofront-prezidente-muraciet-edib-qusarda-mese-erazisi-mehv-edilib-yerinde-evler-tikilir\/#primaryimage","url":"https:\/\/www.meydan.tv\/wp-content\/uploads\/440778011_823916823102739_103261373915111515_n.jpg","contentUrl":"https:\/\/www.meydan.tv\/wp-content\/uploads\/440778011_823916823102739_103261373915111515_n.jpg","width":1440,"height":1062,"caption":"Fotolar \"Ecofront\"undur"},{"@type":"BreadcrumbList","@id":"https:\/\/www.meydan.tv\/az\/article\/ecofront-prezidente-muraciet-edib-qusarda-mese-erazisi-mehv-edilib-yerinde-evler-tikilir\/#breadcrumb","itemListElement":[{"@type":"ListItem","position":1,"name":"Ana s\u0259hif\u0259","item":"https:\/\/www.meydan.tv\/az\/"},{"@type":"ListItem","position":2,"name":"B\u00f6lg\u0259","item":"https:\/\/www.meydan.tv\/az\/section\/bolge\/"},{"@type":"ListItem","position":3,"name":"\u201cEcofront\u201d Prezident\u0259 m\u00fcraci\u0259t edib: Qusarda me\u015f\u0259 \u0259razisi m\u0259hv edilib, yerind\u0259 evl\u0259r tikilir"}]},{"@type":"WebSite","@id":"https:\/\/www.meydan.tv\/az\/#website","url":"https:\/\/www.meydan.tv\/az\/","name":"MEYDAN.TV","description":"Meydan TV Az\u0259rbaycan\u0131n media m\u0259kan\u0131ndak\u0131 alternativ s\u0259sidir","publisher":{"@id":"https:\/\/www.meydan.tv\/az\/#organization"},"potentialAction":[{"@type":"SearchAction","target":{"@type":"EntryPoint","urlTemplate":"https:\/\/www.meydan.tv\/az\/?s={search_term_string}"},"query-input":{"@type":"PropertyValueSpecification","valueRequired":true,"valueName":"search_term_string"}}],"inLanguage":"az"},{"@type":"Organization","@id":"https:\/\/www.meydan.tv\/az\/#organization","name":"Meydan TV","url":"https:\/\/www.meydan.tv\/az\/","logo":{"@type":"ImageObject","inLanguage":"az","@id":"https:\/\/www.meydan.tv\/az\/#\/schema\/logo\/image\/","url":"https:\/\/www.meydan.tv\/wp-content\/uploads\/2021\/07\/meydan-logo.svg","contentUrl":"https:\/\/www.meydan.tv\/wp-content\/uploads\/2021\/07\/meydan-logo.svg","width":195,"height":46,"caption":"Meydan TV"},"image":{"@id":"https:\/\/www.meydan.tv\/az\/#\/schema\/logo\/image\/"}},{"@type":"Person","@id":"https:\/\/www.meydan.tv\/az\/#\/schema\/person\/9cdbecf90d17180ce1dfbd95b08dcf47","name":"elli","sameAs":["https:\/\/x.com\/elli"]}]}},"_links":{"self":[{"href":"https:\/\/www.meydan.tv\/az\/wp-json\/wp\/v2\/posts\/305481","targetHints":{"allow":["GET"]}}],"collection":[{"href":"https:\/\/www.meydan.tv\/az\/wp-json\/wp\/v2\/posts"}],"about":[{"href":"https:\/\/www.meydan.tv\/az\/wp-json\/wp\/v2\/types\/post"}],"author":[{"embeddable":true,"href":"https:\/\/www.meydan.tv\/az\/wp-json\/wp\/v2\/users\/8"}],"replies":[{"embeddable":true,"href":"https:\/\/www.meydan.tv\/az\/wp-json\/wp\/v2\/comments?post=305481"}],"version-history":[{"count":3,"href":"https:\/\/www.meydan.tv\/az\/wp-json\/wp\/v2\/posts\/305481\/revisions"}],"predecessor-version":[{"id":305489,"href":"https:\/\/www.meydan.tv\/az\/wp-json\/wp\/v2\/posts\/305481\/revisions\/305489"}],"wp:featuredmedia":[{"embeddable":true,"href":"https:\/\/www.meydan.tv\/az\/wp-json\/wp\/v2\/media\/305471"}],"wp:attachment":[{"href":"https:\/\/www.meydan.tv\/az\/wp-json\/wp\/v2\/media?parent=305481"}],"wp:term":[{"taxonomy":"category","embeddable":true,"href":"https:\/\/www.meydan.tv\/az\/wp-json\/wp\/v2\/categories?post=305481"},{"taxonomy":"post_tag","embeddable":true,"href":"https:\/\/www.meydan.tv\/az\/wp-json\/wp\/v2\/tags?post=305481"}],"curies":[{"name":"wp","href":"https:\/\/api.w.org\/{rel}","templated":true}]}}