{"id":305447,"date":"2024-05-10T12:54:27","date_gmt":"2024-05-10T08:54:27","guid":{"rendered":"https:\/\/www.meydan.tv\/?p=305447"},"modified":"2024-05-10T15:53:45","modified_gmt":"2024-05-10T11:53:45","slug":"arxiyepiskop-telebeleri-de-pasinyana-qarsi-etiraza-cagirib","status":"publish","type":"post","link":"https:\/\/www.meydan.tv\/az\/article\/arxiyepiskop-telebeleri-de-pasinyana-qarsi-etiraza-cagirib\/","title":{"rendered":"Arxiyepiskop t\u0259l\u0259b\u0259l\u0259ri d\u0259 Pa\u015finyana qar\u015f\u0131 etiraza \u00e7a\u011f\u0131r\u0131b"},"content":{"rendered":"\n<figure class=\"wp-block-embed is-type-video is-provider-youtube wp-block-embed-youtube wp-embed-aspect-16-9 wp-has-aspect-ratio\"><div class=\"wp-block-embed__wrapper\">\n<iframe title=\"Erm\u0259nistan m\u00fcxalif\u0259ti dinc ita\u0259tsizlik aksiyalar\u0131na ba\u015flad\u0131\u011f\u0131n\u0131 elan edib\" width=\"1200\" height=\"675\" data-src=\"https:\/\/www.youtube.com\/embed\/-iTTVYRcMZA?feature=oembed\" frameborder=\"0\" allow=\"accelerometer; autoplay; clipboard-write; encrypted-media; gyroscope; picture-in-picture; web-share\" referrerpolicy=\"strict-origin-when-cross-origin\" allowfullscreen src=\"data:image\/svg+xml;base64,PHN2ZyB3aWR0aD0iMSIgaGVpZ2h0PSIxIiB4bWxucz0iaHR0cDovL3d3dy53My5vcmcvMjAwMC9zdmciPjwvc3ZnPg==\" class=\"lazyload\" data-load-mode=\"1\"><\/iframe>\n<\/div><\/figure>\n\n\n\n<!--more-->\n\n\n\n<p><strong><em>&#8220;\u0130nsanlar d\u00f6vl\u0259ti \u015foka salmaq ist\u0259yir, ba\u015fqa yol qoymam\u0131s\u0131n\u0131z&#8221;<\/em><\/strong><\/p>\n\n\n\n<p>May\u0131n 10-dan Erm\u0259nistan m\u00fcxalif\u0259ti b\u00fct\u00fcn \u00f6lk\u0259 boyu dinc ita\u0259tsizlik aksiyalar\u0131na ba\u015flad\u0131\u011f\u0131n\u0131 elan edib.<\/p>\n\n\n\n<p>Bu \u00e7a\u011f\u0131r\u0131\u015f\u0131 d\u00fcn\u0259n arxiyepiskop Baqrat Qalstanyan s\u0259sl\u0259ndirib.<\/p>\n\n\n\n<p>\u201c<em>T\u0259l\u0259b\u0259l\u0259ri, universitetl\u0259ri, pulu y\u00fcks\u0259k d\u0259y\u0259r hesab etm\u0259y\u0259n b\u00fct\u00fcn i\u015f adamlar\u0131n\u0131, dig\u0259r t\u0259hsil ocaqlar\u0131n\u0131 t\u0259til\u0259 \u00e7a\u011f\u0131r\u0131ram. He\u00e7 bir t\u0259cav\u00fcz olmadan, bir ne\u00e7\u0259 g\u00fcn, iki v\u0259 ya \u00fc\u00e7 g\u00fcn, daha \u00e7ox deyil. Rayon sakinl\u0259rimiz\u0259 deyir\u0259m, bu gec\u0259 qay\u0131d\u0131n, orada da silsil\u0259 aksiyalara ba\u015flay\u0131n v\u0259 bu t\u0259zyiq b\u00fct\u00fcn respublika \u0259razisind\u0259 olmal\u0131d\u0131r. \u0130nsanlar d\u00f6vl\u0259ti \u015foka salmaq ist\u0259yir, ba\u015fqa yol qoymam\u0131s\u0131n\u0131z\u201d, &#8211;<\/em> dey\u0259 Qalstanyan bildirib.<\/p>\n\n\n\n<p>Baqrat Qalstanyan Ba\u015f nazir postuna namiz\u0259dl\u0259rinin oldu\u011funu v\u0259 ad\u0131n\u0131 a\u00e7\u0131qlayaca\u011f\u0131n\u0131 da deyib:<\/p>\n\n\n\n<p><em>&#8220;Amma bu, ke\u00e7mi\u015f prezident Robert K\u00f6\u00e7\u0259ryan deyil&#8221;<\/em>.<\/p>\n\n\n<div class=\"wp-block-image\">\n<figure class=\"alignleft size-full is-resized\"><img decoding=\"async\" width=\"700\" height=\"554\" data-src=\"https:\/\/www.meydan.tv\/wp-content\/uploads\/default-3.jpg\" alt=\"\" class=\"wp-image-305441 lazyload\" style=\"--smush-placeholder-width: 700px; --smush-placeholder-aspect-ratio: 700\/554;width:288px;height:auto\" src=\"data:image\/svg+xml;base64,PHN2ZyB3aWR0aD0iMSIgaGVpZ2h0PSIxIiB4bWxucz0iaHR0cDovL3d3dy53My5vcmcvMjAwMC9zdmciPjwvc3ZnPg==\" \/><figcaption class=\"wp-element-caption\">Baqrat Qalstanyan. Foto: news.am<\/figcaption><\/figure>\n<\/div>\n\n\n<p>Ke\u00e7mi\u015f Ombudsman Arman Tatoyan\u0131n namiz\u0259dliyinin ir\u0259li s\u00fcr\u00fcl\u0259 bil\u0259c\u0259yi il\u0259 ba\u011fl\u0131 suala arxiyepiskop m\u00fcsb\u0259t cavab <a href=\"https:\/\/am.sputniknews.ru\/20240510\/kandidatura-kocharyana-na-post-premera-ne-obsuzhdalas-arkhiepiskop-bagrat-galstanyan-75526283.html\">verib<\/a>.<\/p>\n\n\n\n<p>Erm\u0259nistanda may\u0131n \u0259vv\u0259lind\u0259n geni\u015f v\u00fcs\u0259t alan \u201cV\u0259t\u0259n \u00fc\u00e7\u00fcn Tavu\u015f\u201d etiraz h\u0259r\u0259kat\u0131 ba\u015flay\u0131b.<\/p>\n\n\n\n<p>Baqrat Qalstanyan k\u00fc\u00e7\u0259 m\u00fcbariz\u0259sin\u0259 paralel olaraq Ba\u015f nazir Nikol Pa\u015finyan\u0131n impi\u00e7mentin\u0259 nail olmaq \u00fc\u00e7\u00fcn parlamentin d\u0259 k\u00f6m\u0259yin\u0259 ehtiyac duydu\u011funu deyib.<\/p>\n\n\n\n<p>Bu m\u0259qs\u0259dl\u0259 m\u00fcxalif\u0259tin \u201cHayastan\u201d v\u0259 \u201cM\u0259nim \u015f\u0259r\u0259fim var\u201d fraksiyalar\u0131n\u0131n deputatlar\u0131 il\u0259 m\u00fczakir\u0259l\u0259rin apar\u0131ld\u0131\u011f\u0131 deyilir. Lakin bu ideyan\u0131 h\u0259yata ke\u00e7irm\u0259k \u00fc\u00e7\u00fcn m\u00fcxalif\u0259tin kifay\u0259t q\u0259d\u0259r s\u0259si yoxdur.<\/p>\n\n\n\n<p>\u201cMilli M\u0259clisin reqlamenti haqq\u0131nda\u201d Qanuna \u0259sas\u0259n, impi\u00e7ment proseduruna ba\u015flamaq \u00fc\u00e7\u00fcn 36 deputat\u0131n v\u0259 ya parlamentaril\u0259rin \u00fcmumi say\u0131n\u0131n \u00fc\u00e7d\u0259 birinin imzas\u0131n\u0131 toplamaq laz\u0131md\u0131r.<\/p>\n\n\n\n<p>M\u00fcxalif\u0259tin \u00fcmumilikd\u0259 35 deputat\u0131 var, dem\u0259li, onlara daha 1 deputat laz\u0131md\u0131r. N\u0259z\u0259ri c\u0259h\u0259td\u0259n bunu m\u00fcst\u0259qil deputat\u0131n k\u00f6m\u0259yi il\u0259 etm\u0259k olar.<\/p>\n\n\n\n<p>\u0130ndi yaln\u0131z bir bel\u0259 adam var &#8211; N\u0259zar\u0259t Palatas\u0131n\u0131n ke\u00e7mi\u015f r\u0259hb\u0259ri \u0130\u015fxan Zakaryan, o, \u0259vv\u0259ll\u0259r \u201cM\u0259nim \u015e\u0259r\u0259fim Var\u201d fraksiyas\u0131n\u0131n s\u0131ralar\u0131n\u0131 t\u0259rk edib. Ancaq fraksiyan\u0131n katibi Tiqran Abramyan jurnalistl\u0259r\u0259 deyib ki, bu m\u0259s\u0259l\u0259 il\u0259 ba\u011fl\u0131 he\u00e7 bir m\u00fczakir\u0259 apar\u0131lmay\u0131b.<\/p>\n\n\n\n<p>\u201cHayastan\u201ddan olan deputat Artur Xa\u00e7atryan is\u0259 bildirib ki, prosedura ba\u015flamaq \u00fc\u00e7\u00fcn m\u00fcxalif\u0259t ba\u015f nazirliy\u0259 namiz\u0259dini t\u0259qdim etm\u0259lidir:<\/p>\n\n\n\n<p>&#8220;<em>M\u00fcvafiq forma al\u0131nd\u0131qdan sonra 24 saat \u0259rzind\u0259 t\u0259l\u0259b olunan 36 imza toplanmal\u0131, daha sonra 48-72 saat \u0259rzind\u0259 impi\u00e7mentl\u0259 ba\u011fl\u0131 s\u0259sverm\u0259 ke\u00e7irilm\u0259lidir.<\/em><\/p>\n\n\n\n<p><em>\u0130ndi \u0259n \u00e7\u0259tin v\u0259ziyy\u0259t s\u0259sverm\u0259 il\u0259 ba\u011fl\u0131d\u0131r &#8211; impi\u00e7ment \u00fc\u00e7\u00fcn \u0259n az\u0131 54 s\u0259s laz\u0131md\u0131r. M\u00fcxalif\u0259t d\u0259 \u00f6z t\u0259r\u0259fin\u0259 \u0259lav\u0259 18 deputat c\u0259lb etm\u0259lidir. Etiraz h\u0259r\u0259kat\u0131n\u0131n liderl\u0259ri buna k\u00fc\u00e7\u0259 t\u0259zyiqini art\u0131rmaqla nail olma\u011f\u0131 g\u00f6zl\u0259yirl\u0259r&#8221;.<\/em><\/p>\n\n\n\n<p>A.Xa\u00e7atryan impi\u00e7ment prosesinin n\u0259 vaxt ba\u015flayaca\u011f\u0131n\u0131 s\u00f6yl\u0259m\u0259kd\u0259 \u00e7\u0259tinlik \u00e7\u0259kib:<\/p>\n\n\n\n<p><em>&#8220;\u00c7\u00fcnki v\u0259ziyy\u0259tin inki\u015faf\u0131ndan \u00e7ox \u015fey <a href=\"https:\/\/am.sputniknews.ru\/20240510\/chto-predusmotreno-zakonom-dlya-obyavleniya-impichmenta-premeru-armenii-75532368.html\">as\u0131l\u0131d\u0131r&#8221;<\/a>.<\/em><\/p>\n\n\n\n<p>Aprelin 19-da Erm\u0259nistan v\u0259 Az\u0259rbaycan d\u00f6vl\u0259t s\u0259rh\u0259dinin delimitasiyas\u0131 \u00fczr\u0259 komissiyalar\u0131n\u0131n iclas\u0131nda Qazax\u0131n 4 k\u0259ndinin qaytar\u0131lmas\u0131 raz\u0131la\u015fd\u0131r\u0131l\u0131b v\u0259 h\u0259min k\u0259ndl\u0259rd\u0259n demarkasiya i\u015fl\u0259rin\u0259 ba\u015flanaca\u011f\u0131 bildirilib.<\/p>\n\n\n\n<p>Demarkasiyan\u0131n hans\u0131 x\u0259rit\u0259l\u0259r\u0259 \u0259sas\u0259n h\u0259yata ke\u00e7iril\u0259c\u0259yin\u0259 g\u0259linc\u0259, bildirilib ki, prosesin kartoqrafik \u0259sas\u0131n\u0131 SSR\u0130 d\u00f6vr\u00fcnd\u0259n qanuni \u0259sasa malik olan v\u0259 m\u00fcvafiq s\u0259lahiyy\u0259tl\u0259r\u0259 malik orqanlar t\u0259r\u0259find\u0259n t\u0259rtib edilmi\u015f \u0259n son topoqrafik x\u0259rit\u0259l\u0259r t\u0259\u015fkil edir.<\/p>\n\n\n\n<p><strong>Bak\u0131 il\u0259 Yerevan aras\u0131nda n\u0259 ba\u015f verib?<\/strong><\/p>\n\n\n\n<p>2020-ci ilin sentyabr\u0131nda Az\u0259rbaycan v\u0259 Erm\u0259nistan silahl\u0131 q\u00fcvv\u0259l\u0259ri aras\u0131nda 44 g\u00fcnl\u00fck \u0130kinci Qaraba\u011f m\u00fcharib\u0259si ba\u015f verib.<\/p>\n\n\n\n<p>Az\u0259rbaycan Qaraba\u011f\u0131n bir hiss\u0259sin\u0259 v\u0259 \u0259traf 7 rayona n\u0259zar\u0259ti b\u0259rpa edib.<\/p>\n\n\n\n<p>2023-c\u00fc ilin sentyabr\u0131n 19-da Az\u0259rbaycan Qaraba\u011fda lokal h\u0259rbi \u0259m\u0259liyyat ke\u00e7irib.<\/p>\n\n\n\n<p>Sentyabr\u0131n 28-d\u0259 separat\u00e7\u0131 \u201cDa\u011fl\u0131q Qaraba\u011f\u0131n (Artsax) Prezidenti\u201d Samvel \u015eahramanyan \u201crespublika\u201dn\u0131n burax\u0131lmas\u0131 bar\u0259d\u0259 f\u0259rman imzalay\u0131b.<\/p>\n\n\n\n<p>O, f\u0259rman\u0131 19 sentyabr 2023-c\u00fc ild\u0259n sonra yaranm\u0131\u015f v\u0259ziyy\u0259tl\u0259 \u0259laq\u0259l\u0259ndirib.<\/p>\n\n\n\n<p>Oktyabr\u0131n 15-d\u0259 is\u0259 Prezident \u0130lham \u018fliyev Xank\u0259ndid\u0259ki \u00e7\u0131x\u0131\u015f\u0131nda Az\u0259rbaycan\u0131n \u00f6z suverenliyini tam b\u0259rpa etdiyini, Qaraba\u011f probleminin bitdiyini, m\u00fcnaqi\u015f\u0259nin sona \u00e7atd\u0131\u011f\u0131n\u0131 deyib.<\/p>\n\n\n\n<p>Az\u0259rbaycan v\u0259 Erm\u0259nistan aras\u0131nda h\u0259l\u0259 d\u0259 s\u00fclh m\u00fcqavil\u0259si imzalanmay\u0131b.<\/p>\n","protected":false},"excerpt":{"rendered":"","protected":false},"author":8,"featured_media":305458,"comment_status":"closed","ping_status":"closed","sticky":false,"template":"","format":"standard","meta":{"_acf_changed":false,"_sitemap_exclude":false,"_sitemap_priority":"","_sitemap_frequency":"","footnotes":""},"categories":[64,59,79,63,56],"tags":[],"class_list":["post-305447","post","type-post","status-publish","format-standard","has-post-thumbnail","hentry","category-dunya","category-siyaset","category-featured","category-video-2","category-xeberler","infinite-scroll-item","generate-columns","tablet-grid-50","mobile-grid-100","grid-parent","grid-33","no-featured-image-padding"],"acf":[],"yoast_head":"<!-- This site is optimized with the Yoast SEO plugin v27.4 - https:\/\/yoast.com\/product\/yoast-seo-wordpress\/ -->\n<title>Arxiyepiskop t\u0259l\u0259b\u0259l\u0259ri d\u0259 Pa\u015finyana qar\u015f\u0131 etiraza \u00e7a\u011f\u0131r\u0131b - MEYDAN.TV<\/title>\n<meta name=\"robots\" content=\"index, follow, max-snippet:-1, max-image-preview:large, max-video-preview:-1\" \/>\n<link rel=\"canonical\" href=\"https:\/\/www.meydan.tv\/az\/article\/arxiyepiskop-telebeleri-de-pasinyana-qarsi-etiraza-cagirib\/\" \/>\n<meta property=\"og:locale\" content=\"az_AZ\" \/>\n<meta property=\"og:type\" content=\"article\" \/>\n<meta property=\"og:title\" content=\"Arxiyepiskop t\u0259l\u0259b\u0259l\u0259ri d\u0259 Pa\u015finyana qar\u015f\u0131 etiraza \u00e7a\u011f\u0131r\u0131b - MEYDAN.TV\" \/>\n<meta property=\"og:url\" content=\"https:\/\/www.meydan.tv\/az\/article\/arxiyepiskop-telebeleri-de-pasinyana-qarsi-etiraza-cagirib\/\" \/>\n<meta property=\"og:site_name\" content=\"MEYDAN.TV\" \/>\n<meta property=\"article:published_time\" content=\"2024-05-10T08:54:27+00:00\" \/>\n<meta property=\"article:modified_time\" content=\"2024-05-10T11:53:45+00:00\" \/>\n<meta property=\"og:image\" content=\"https:\/\/www.meydan.tv\/wp-content\/uploads\/mhm0156339-1536x1024-1.jpg\" \/>\n\t<meta property=\"og:image:width\" content=\"900\" \/>\n\t<meta property=\"og:image:height\" content=\"538\" \/>\n\t<meta property=\"og:image:type\" content=\"image\/jpeg\" \/>\n<meta name=\"author\" content=\"elli\" \/>\n<meta name=\"twitter:card\" content=\"summary_large_image\" \/>\n<meta name=\"twitter:creator\" content=\"@elli\" \/>\n<script type=\"application\/ld+json\" class=\"yoast-schema-graph\">{\"@context\":\"https:\\\/\\\/schema.org\",\"@graph\":[{\"@type\":\"Article\",\"@id\":\"https:\\\/\\\/www.meydan.tv\\\/az\\\/article\\\/arxiyepiskop-telebeleri-de-pasinyana-qarsi-etiraza-cagirib\\\/#article\",\"isPartOf\":{\"@id\":\"https:\\\/\\\/www.meydan.tv\\\/az\\\/article\\\/arxiyepiskop-telebeleri-de-pasinyana-qarsi-etiraza-cagirib\\\/\"},\"author\":{\"name\":\"elli\",\"@id\":\"https:\\\/\\\/www.meydan.tv\\\/az\\\/#\\\/schema\\\/person\\\/9cdbecf90d17180ce1dfbd95b08dcf47\"},\"headline\":\"Arxiyepiskop t\u0259l\u0259b\u0259l\u0259ri d\u0259 Pa\u015finyana qar\u015f\u0131 etiraza \u00e7a\u011f\u0131r\u0131b\",\"datePublished\":\"2024-05-10T08:54:27+00:00\",\"dateModified\":\"2024-05-10T11:53:45+00:00\",\"mainEntityOfPage\":{\"@id\":\"https:\\\/\\\/www.meydan.tv\\\/az\\\/article\\\/arxiyepiskop-telebeleri-de-pasinyana-qarsi-etiraza-cagirib\\\/\"},\"wordCount\":854,\"publisher\":{\"@id\":\"https:\\\/\\\/www.meydan.tv\\\/az\\\/#organization\"},\"image\":{\"@id\":\"https:\\\/\\\/www.meydan.tv\\\/az\\\/article\\\/arxiyepiskop-telebeleri-de-pasinyana-qarsi-etiraza-cagirib\\\/#primaryimage\"},\"thumbnailUrl\":\"https:\\\/\\\/www.meydan.tv\\\/wp-content\\\/uploads\\\/mhm0156339-1536x1024-1.jpg\",\"articleSection\":[\"D\u00fcnya\",\"Siyas\u0259t\",\"T\u00f6vsiy\u0259\",\"Video\",\"X\u0259b\u0259rl\u0259r\"],\"inLanguage\":\"az\"},{\"@type\":\"WebPage\",\"@id\":\"https:\\\/\\\/www.meydan.tv\\\/az\\\/article\\\/arxiyepiskop-telebeleri-de-pasinyana-qarsi-etiraza-cagirib\\\/\",\"url\":\"https:\\\/\\\/www.meydan.tv\\\/az\\\/article\\\/arxiyepiskop-telebeleri-de-pasinyana-qarsi-etiraza-cagirib\\\/\",\"name\":\"Arxiyepiskop t\u0259l\u0259b\u0259l\u0259ri d\u0259 Pa\u015finyana qar\u015f\u0131 etiraza \u00e7a\u011f\u0131r\u0131b - MEYDAN.TV\",\"isPartOf\":{\"@id\":\"https:\\\/\\\/www.meydan.tv\\\/az\\\/#website\"},\"primaryImageOfPage\":{\"@id\":\"https:\\\/\\\/www.meydan.tv\\\/az\\\/article\\\/arxiyepiskop-telebeleri-de-pasinyana-qarsi-etiraza-cagirib\\\/#primaryimage\"},\"image\":{\"@id\":\"https:\\\/\\\/www.meydan.tv\\\/az\\\/article\\\/arxiyepiskop-telebeleri-de-pasinyana-qarsi-etiraza-cagirib\\\/#primaryimage\"},\"thumbnailUrl\":\"https:\\\/\\\/www.meydan.tv\\\/wp-content\\\/uploads\\\/mhm0156339-1536x1024-1.jpg\",\"datePublished\":\"2024-05-10T08:54:27+00:00\",\"dateModified\":\"2024-05-10T11:53:45+00:00\",\"breadcrumb\":{\"@id\":\"https:\\\/\\\/www.meydan.tv\\\/az\\\/article\\\/arxiyepiskop-telebeleri-de-pasinyana-qarsi-etiraza-cagirib\\\/#breadcrumb\"},\"inLanguage\":\"az\",\"potentialAction\":[{\"@type\":\"ReadAction\",\"target\":[\"https:\\\/\\\/www.meydan.tv\\\/az\\\/article\\\/arxiyepiskop-telebeleri-de-pasinyana-qarsi-etiraza-cagirib\\\/\"]}]},{\"@type\":\"ImageObject\",\"inLanguage\":\"az\",\"@id\":\"https:\\\/\\\/www.meydan.tv\\\/az\\\/article\\\/arxiyepiskop-telebeleri-de-pasinyana-qarsi-etiraza-cagirib\\\/#primaryimage\",\"url\":\"https:\\\/\\\/www.meydan.tv\\\/wp-content\\\/uploads\\\/mhm0156339-1536x1024-1.jpg\",\"contentUrl\":\"https:\\\/\\\/www.meydan.tv\\\/wp-content\\\/uploads\\\/mhm0156339-1536x1024-1.jpg\",\"width\":900,\"height\":538,\"caption\":\"Foto: news.am\"},{\"@type\":\"BreadcrumbList\",\"@id\":\"https:\\\/\\\/www.meydan.tv\\\/az\\\/article\\\/arxiyepiskop-telebeleri-de-pasinyana-qarsi-etiraza-cagirib\\\/#breadcrumb\",\"itemListElement\":[{\"@type\":\"ListItem\",\"position\":1,\"name\":\"Ana s\u0259hif\u0259\",\"item\":\"https:\\\/\\\/www.meydan.tv\\\/az\\\/\"},{\"@type\":\"ListItem\",\"position\":2,\"name\":\"Siyas\u0259t\",\"item\":\"https:\\\/\\\/www.meydan.tv\\\/az\\\/section\\\/siyaset\\\/\"},{\"@type\":\"ListItem\",\"position\":3,\"name\":\"Arxiyepiskop t\u0259l\u0259b\u0259l\u0259ri d\u0259 Pa\u015finyana qar\u015f\u0131 etiraza \u00e7a\u011f\u0131r\u0131b\"}]},{\"@type\":\"WebSite\",\"@id\":\"https:\\\/\\\/www.meydan.tv\\\/az\\\/#website\",\"url\":\"https:\\\/\\\/www.meydan.tv\\\/az\\\/\",\"name\":\"MEYDAN.TV\",\"description\":\"Meydan TV Az\u0259rbaycan\u0131n media m\u0259kan\u0131ndak\u0131 alternativ s\u0259sidir\",\"publisher\":{\"@id\":\"https:\\\/\\\/www.meydan.tv\\\/az\\\/#organization\"},\"potentialAction\":[{\"@type\":\"SearchAction\",\"target\":{\"@type\":\"EntryPoint\",\"urlTemplate\":\"https:\\\/\\\/www.meydan.tv\\\/az\\\/?s={search_term_string}\"},\"query-input\":{\"@type\":\"PropertyValueSpecification\",\"valueRequired\":true,\"valueName\":\"search_term_string\"}}],\"inLanguage\":\"az\"},{\"@type\":\"Organization\",\"@id\":\"https:\\\/\\\/www.meydan.tv\\\/az\\\/#organization\",\"name\":\"Meydan TV\",\"url\":\"https:\\\/\\\/www.meydan.tv\\\/az\\\/\",\"logo\":{\"@type\":\"ImageObject\",\"inLanguage\":\"az\",\"@id\":\"https:\\\/\\\/www.meydan.tv\\\/az\\\/#\\\/schema\\\/logo\\\/image\\\/\",\"url\":\"https:\\\/\\\/www.meydan.tv\\\/wp-content\\\/uploads\\\/2021\\\/07\\\/meydan-logo.svg\",\"contentUrl\":\"https:\\\/\\\/www.meydan.tv\\\/wp-content\\\/uploads\\\/2021\\\/07\\\/meydan-logo.svg\",\"width\":195,\"height\":46,\"caption\":\"Meydan TV\"},\"image\":{\"@id\":\"https:\\\/\\\/www.meydan.tv\\\/az\\\/#\\\/schema\\\/logo\\\/image\\\/\"}},{\"@type\":\"Person\",\"@id\":\"https:\\\/\\\/www.meydan.tv\\\/az\\\/#\\\/schema\\\/person\\\/9cdbecf90d17180ce1dfbd95b08dcf47\",\"name\":\"elli\",\"sameAs\":[\"https:\\\/\\\/x.com\\\/elli\"]}]}<\/script>\n<!-- \/ Yoast SEO plugin. -->","yoast_head_json":{"title":"Arxiyepiskop t\u0259l\u0259b\u0259l\u0259ri d\u0259 Pa\u015finyana qar\u015f\u0131 etiraza \u00e7a\u011f\u0131r\u0131b - MEYDAN.TV","robots":{"index":"index","follow":"follow","max-snippet":"max-snippet:-1","max-image-preview":"max-image-preview:large","max-video-preview":"max-video-preview:-1"},"canonical":"https:\/\/www.meydan.tv\/az\/article\/arxiyepiskop-telebeleri-de-pasinyana-qarsi-etiraza-cagirib\/","og_locale":"az_AZ","og_type":"article","og_title":"Arxiyepiskop t\u0259l\u0259b\u0259l\u0259ri d\u0259 Pa\u015finyana qar\u015f\u0131 etiraza \u00e7a\u011f\u0131r\u0131b - MEYDAN.TV","og_url":"https:\/\/www.meydan.tv\/az\/article\/arxiyepiskop-telebeleri-de-pasinyana-qarsi-etiraza-cagirib\/","og_site_name":"MEYDAN.TV","article_published_time":"2024-05-10T08:54:27+00:00","article_modified_time":"2024-05-10T11:53:45+00:00","og_image":[{"width":900,"height":538,"url":"https:\/\/www.meydan.tv\/wp-content\/uploads\/mhm0156339-1536x1024-1.jpg","type":"image\/jpeg"}],"author":"elli","twitter_card":"summary_large_image","twitter_creator":"@elli","schema":{"@context":"https:\/\/schema.org","@graph":[{"@type":"Article","@id":"https:\/\/www.meydan.tv\/az\/article\/arxiyepiskop-telebeleri-de-pasinyana-qarsi-etiraza-cagirib\/#article","isPartOf":{"@id":"https:\/\/www.meydan.tv\/az\/article\/arxiyepiskop-telebeleri-de-pasinyana-qarsi-etiraza-cagirib\/"},"author":{"name":"elli","@id":"https:\/\/www.meydan.tv\/az\/#\/schema\/person\/9cdbecf90d17180ce1dfbd95b08dcf47"},"headline":"Arxiyepiskop t\u0259l\u0259b\u0259l\u0259ri d\u0259 Pa\u015finyana qar\u015f\u0131 etiraza \u00e7a\u011f\u0131r\u0131b","datePublished":"2024-05-10T08:54:27+00:00","dateModified":"2024-05-10T11:53:45+00:00","mainEntityOfPage":{"@id":"https:\/\/www.meydan.tv\/az\/article\/arxiyepiskop-telebeleri-de-pasinyana-qarsi-etiraza-cagirib\/"},"wordCount":854,"publisher":{"@id":"https:\/\/www.meydan.tv\/az\/#organization"},"image":{"@id":"https:\/\/www.meydan.tv\/az\/article\/arxiyepiskop-telebeleri-de-pasinyana-qarsi-etiraza-cagirib\/#primaryimage"},"thumbnailUrl":"https:\/\/www.meydan.tv\/wp-content\/uploads\/mhm0156339-1536x1024-1.jpg","articleSection":["D\u00fcnya","Siyas\u0259t","T\u00f6vsiy\u0259","Video","X\u0259b\u0259rl\u0259r"],"inLanguage":"az"},{"@type":"WebPage","@id":"https:\/\/www.meydan.tv\/az\/article\/arxiyepiskop-telebeleri-de-pasinyana-qarsi-etiraza-cagirib\/","url":"https:\/\/www.meydan.tv\/az\/article\/arxiyepiskop-telebeleri-de-pasinyana-qarsi-etiraza-cagirib\/","name":"Arxiyepiskop t\u0259l\u0259b\u0259l\u0259ri d\u0259 Pa\u015finyana qar\u015f\u0131 etiraza \u00e7a\u011f\u0131r\u0131b - MEYDAN.TV","isPartOf":{"@id":"https:\/\/www.meydan.tv\/az\/#website"},"primaryImageOfPage":{"@id":"https:\/\/www.meydan.tv\/az\/article\/arxiyepiskop-telebeleri-de-pasinyana-qarsi-etiraza-cagirib\/#primaryimage"},"image":{"@id":"https:\/\/www.meydan.tv\/az\/article\/arxiyepiskop-telebeleri-de-pasinyana-qarsi-etiraza-cagirib\/#primaryimage"},"thumbnailUrl":"https:\/\/www.meydan.tv\/wp-content\/uploads\/mhm0156339-1536x1024-1.jpg","datePublished":"2024-05-10T08:54:27+00:00","dateModified":"2024-05-10T11:53:45+00:00","breadcrumb":{"@id":"https:\/\/www.meydan.tv\/az\/article\/arxiyepiskop-telebeleri-de-pasinyana-qarsi-etiraza-cagirib\/#breadcrumb"},"inLanguage":"az","potentialAction":[{"@type":"ReadAction","target":["https:\/\/www.meydan.tv\/az\/article\/arxiyepiskop-telebeleri-de-pasinyana-qarsi-etiraza-cagirib\/"]}]},{"@type":"ImageObject","inLanguage":"az","@id":"https:\/\/www.meydan.tv\/az\/article\/arxiyepiskop-telebeleri-de-pasinyana-qarsi-etiraza-cagirib\/#primaryimage","url":"https:\/\/www.meydan.tv\/wp-content\/uploads\/mhm0156339-1536x1024-1.jpg","contentUrl":"https:\/\/www.meydan.tv\/wp-content\/uploads\/mhm0156339-1536x1024-1.jpg","width":900,"height":538,"caption":"Foto: news.am"},{"@type":"BreadcrumbList","@id":"https:\/\/www.meydan.tv\/az\/article\/arxiyepiskop-telebeleri-de-pasinyana-qarsi-etiraza-cagirib\/#breadcrumb","itemListElement":[{"@type":"ListItem","position":1,"name":"Ana s\u0259hif\u0259","item":"https:\/\/www.meydan.tv\/az\/"},{"@type":"ListItem","position":2,"name":"Siyas\u0259t","item":"https:\/\/www.meydan.tv\/az\/section\/siyaset\/"},{"@type":"ListItem","position":3,"name":"Arxiyepiskop t\u0259l\u0259b\u0259l\u0259ri d\u0259 Pa\u015finyana qar\u015f\u0131 etiraza \u00e7a\u011f\u0131r\u0131b"}]},{"@type":"WebSite","@id":"https:\/\/www.meydan.tv\/az\/#website","url":"https:\/\/www.meydan.tv\/az\/","name":"MEYDAN.TV","description":"Meydan TV Az\u0259rbaycan\u0131n media m\u0259kan\u0131ndak\u0131 alternativ s\u0259sidir","publisher":{"@id":"https:\/\/www.meydan.tv\/az\/#organization"},"potentialAction":[{"@type":"SearchAction","target":{"@type":"EntryPoint","urlTemplate":"https:\/\/www.meydan.tv\/az\/?s={search_term_string}"},"query-input":{"@type":"PropertyValueSpecification","valueRequired":true,"valueName":"search_term_string"}}],"inLanguage":"az"},{"@type":"Organization","@id":"https:\/\/www.meydan.tv\/az\/#organization","name":"Meydan TV","url":"https:\/\/www.meydan.tv\/az\/","logo":{"@type":"ImageObject","inLanguage":"az","@id":"https:\/\/www.meydan.tv\/az\/#\/schema\/logo\/image\/","url":"https:\/\/www.meydan.tv\/wp-content\/uploads\/2021\/07\/meydan-logo.svg","contentUrl":"https:\/\/www.meydan.tv\/wp-content\/uploads\/2021\/07\/meydan-logo.svg","width":195,"height":46,"caption":"Meydan TV"},"image":{"@id":"https:\/\/www.meydan.tv\/az\/#\/schema\/logo\/image\/"}},{"@type":"Person","@id":"https:\/\/www.meydan.tv\/az\/#\/schema\/person\/9cdbecf90d17180ce1dfbd95b08dcf47","name":"elli","sameAs":["https:\/\/x.com\/elli"]}]}},"_links":{"self":[{"href":"https:\/\/www.meydan.tv\/az\/wp-json\/wp\/v2\/posts\/305447","targetHints":{"allow":["GET"]}}],"collection":[{"href":"https:\/\/www.meydan.tv\/az\/wp-json\/wp\/v2\/posts"}],"about":[{"href":"https:\/\/www.meydan.tv\/az\/wp-json\/wp\/v2\/types\/post"}],"author":[{"embeddable":true,"href":"https:\/\/www.meydan.tv\/az\/wp-json\/wp\/v2\/users\/8"}],"replies":[{"embeddable":true,"href":"https:\/\/www.meydan.tv\/az\/wp-json\/wp\/v2\/comments?post=305447"}],"version-history":[{"count":4,"href":"https:\/\/www.meydan.tv\/az\/wp-json\/wp\/v2\/posts\/305447\/revisions"}],"predecessor-version":[{"id":305512,"href":"https:\/\/www.meydan.tv\/az\/wp-json\/wp\/v2\/posts\/305447\/revisions\/305512"}],"wp:featuredmedia":[{"embeddable":true,"href":"https:\/\/www.meydan.tv\/az\/wp-json\/wp\/v2\/media\/305458"}],"wp:attachment":[{"href":"https:\/\/www.meydan.tv\/az\/wp-json\/wp\/v2\/media?parent=305447"}],"wp:term":[{"taxonomy":"category","embeddable":true,"href":"https:\/\/www.meydan.tv\/az\/wp-json\/wp\/v2\/categories?post=305447"},{"taxonomy":"post_tag","embeddable":true,"href":"https:\/\/www.meydan.tv\/az\/wp-json\/wp\/v2\/tags?post=305447"}],"curies":[{"name":"wp","href":"https:\/\/api.w.org\/{rel}","templated":true}]}}