{"id":305414,"date":"2024-05-09T18:40:06","date_gmt":"2024-05-09T14:40:06","guid":{"rendered":"https:\/\/www.meydan.tv\/?p=305414"},"modified":"2024-05-09T23:00:53","modified_gmt":"2024-05-09T19:00:53","slug":"sayt-rehberleri-ev-dustaqligina-buraxilmadi","status":"publish","type":"post","link":"https:\/\/www.meydan.tv\/az\/article\/sayt-rehberleri-ev-dustaqligina-buraxilmadi\/","title":{"rendered":"Sayt r\u0259hb\u0259rl\u0259ri ev dustaql\u0131\u011f\u0131na burax\u0131lmad\u0131"},"content":{"rendered":"\n<figure class=\"wp-block-embed is-type-video is-provider-youtube wp-block-embed-youtube wp-embed-aspect-16-9 wp-has-aspect-ratio\"><div class=\"wp-block-embed__wrapper\">\n<iframe title=\"Sayt r\u0259hb\u0259rl\u0259ri ev dustaql\u0131\u011f\u0131na burax\u0131lmad\u0131\" width=\"1200\" height=\"675\" data-src=\"https:\/\/www.youtube.com\/embed\/sBiwUBDcXyI?feature=oembed\" frameborder=\"0\" allow=\"accelerometer; autoplay; clipboard-write; encrypted-media; gyroscope; picture-in-picture; web-share\" referrerpolicy=\"strict-origin-when-cross-origin\" allowfullscreen src=\"data:image\/svg+xml;base64,PHN2ZyB3aWR0aD0iMSIgaGVpZ2h0PSIxIiB4bWxucz0iaHR0cDovL3d3dy53My5vcmcvMjAwMC9zdmciPjwvc3ZnPg==\" class=\"lazyload\" data-load-mode=\"1\"><\/iframe>\n<\/div><\/figure>\n\n\n\n<!--more-->\n\n\n\n<p><strong><em>Sevinc Vaqifq\u0131z\u0131: \u201c\u201dAbzasMedia\u201d sor\u011fulay\u0131b ki, niy\u0259 y\u00fczmilyonlarla tenderl\u0259r hakim ail\u0259nin \u015firk\u0259tl\u0259rin\u0259 verilir?\u201d<\/em><\/strong><\/p>\n\n\n\n<p>May\u0131n 9-da X\u0259tai Rayon M\u0259hk\u0259m\u0259sind\u0259 \u201cAbzasMedia\u201d n\u0259\u015frinin direktoru \u00dclvi H\u0259s\u0259nli, ba\u015f redaktoru Sevinc Vaqifq\u0131z\u0131 (Abbasova) v\u0259 \u201cmeclis.info\u201d sayt\u0131n\u0131n r\u0259hb\u0259ri \u0130mran \u018fliyevin ev dustaql\u0131\u011f\u0131na burax\u0131lmas\u0131 \u00fc\u00e7\u00fcn verilmi\u015f v\u0259sat\u0259tl\u0259r\u0259 bax\u0131l\u0131b. H\u0259r \u00fc\u00e7 i\u015f\u0259 hakim Fuad Axundov baxsa da, m\u0259hk\u0259m\u0259 prosesl\u0259ri ayr\u0131-ayr\u0131l\u0131qda ke\u00e7irilib.<\/p>\n\n\n\n<p>H\u0259r \u00fc\u00e7 m\u0259hk\u0259m\u0259 iclaslar\u0131nda v\u0259kill\u0259r bildirib ki, h\u00fcquqlar\u0131n\u0131 m\u00fcdafi\u0259 etdikl\u0259ri \u015f\u0259xsl\u0259rin h\u0259bsd\u0259 saxlanmas\u0131 \u00fc\u00e7\u00fcn \u0259sas yoxdur. V\u0259kill\u0259r vur\u011fulay\u0131b ki, m\u00fcv\u0259kkill\u0259ri istintaqdan yay\u0131nmaq niyy\u0259tind\u0259 deyil, ya\u015fay\u0131\u015f yerl\u0259ri m\u0259lumdur, ilk d\u0259f\u0259dir hans\u0131sa cinay\u0259td\u0259 ittiham olunurlar.<\/p>\n\n\n\n<p>\u00dclvi H\u0259s\u0259nlinin v\u0259kili onun himay\u0259sind\u0259 azya\u015fl\u0131 u\u015fa\u011f\u0131 oldu\u011funu m\u0259hk\u0259m\u0259nin n\u0259z\u0259rin\u0259 \u00e7atd\u0131r\u0131b.<\/p>\n\n\n\n<p>\u0130mran \u018fliyevin v\u0259kili is\u0259 m\u00fcv\u0259kkili h\u0259bs olunark\u0259n onun i\u015fg\u0259nc\u0259y\u0259 m\u0259ruz qalmas\u0131, m\u00fcdafi\u0259 h\u00fcququnun pozulmas\u0131ndan dan\u0131\u015f\u0131b.<\/p>\n\n\n\n<p>T\u0259qsirl\u0259ndiril\u0259n \u015f\u0259xsl\u0259rin \u00f6zl\u0259ri d\u0259 he\u00e7 bir cinay\u0259t t\u00f6r\u0259tm\u0259dikl\u0259rini, pe\u015f\u0259 f\u0259aliyy\u0259tl\u0259rin\u0259 g\u00f6r\u0259 h\u0259bs olunduqlar\u0131n\u0131 bildiribl\u0259r.<\/p>\n\n\n\n<p>Sevinc Vaqifq\u0131z\u0131 deyib ki, \u201cAbzasMedia\u201d il\u0259 ba\u011fl\u0131 cinay\u0259t i\u015fi bu n\u0259\u015frin apard\u0131\u011f\u0131 korrupsiya ara\u015fd\u0131rmalar\u0131na g\u00f6r\u0259dir.<\/p>\n\n\n\n<p>O bildirib ki, Qaraba\u011fda yenid\u0259nqurma v\u0259 b\u0259rpa i\u015fl\u0259ri \u00fc\u00e7\u00fcn tenderl\u0259r \u201cPa\u015fa Holding\u201d\u0259 verilir. \u201cAbzasMedia\u201dn\u0131n bu bar\u0259d\u0259 ara\u015fd\u0131rmas\u0131 olub v\u0259 sor\u011fulay\u0131b ki, niy\u0259 y\u00fczmilyonlarla tenderl\u0259r hakim ail\u0259nin \u015firk\u0259tl\u0259rin\u0259 verilir? O yada sal\u0131b ki, \u201cAbzasMedia\u201dn\u0131n D\u00f6vl\u0259t T\u0259hl\u00fck\u0259sizliyi Xidm\u0259tinin (DTX) r\u0259isi \u018fli Na\u011f\u0131yevin \u0259mlaklar\u0131 bar\u0259d\u0259 d\u0259 ara\u015fd\u0131rmas\u0131 olub.<\/p>\n\n\n\n<p>\u00dclvi H\u0259s\u0259nli d\u0259 he\u00e7 bir cinay\u0259t t\u00f6r\u0259tm\u0259dikl\u0259rini, siyasi sifari\u015fl\u0259 h\u0259bs olundu\u011funu deyib.<br>\u0130mran \u018fliyev d\u0259 t\u0259qsirsiz oldu\u011funu bildirib.<\/p>\n\n\n\n<p>H\u0259r \u00fc\u00e7 m\u0259hk\u0259m\u0259 prosesind\u0259 m\u00fcst\u0259ntiq onlar\u0131n ev dustaql\u0131\u011f\u0131na burax\u0131lmas\u0131na etiraz edib. Deyib ki, Sevinc Vaqifq\u0131z\u0131, \u00dclvi H\u0259s\u0259nli v\u0259 \u0130mran \u018fliyevin h\u0259bs olunmas\u0131 \u00fc\u00e7\u00fcn \u0259saslar aradan qalxmay\u0131b. M\u00fcst\u0259ntiq iddia edib ki, onlar h\u0259bsd\u0259n burax\u0131lsa, istintaqdan yay\u0131nmaq, \u015fahidl\u0259r\u0259 t\u0259sir g\u00f6st\u0259rm\u0259k ehtimal\u0131 var.<\/p>\n\n\n\n<p>H\u0259r \u00fc\u00e7 m\u0259hk\u0259m\u0259 prosesind\u0259 v\u0259kill\u0259rin v\u0259sat\u0259ti t\u0259min olunmay\u0131b. Hakim Fuad Axundov onlar\u0131 ev dustaql\u0131\u011f\u0131na buraxmaqdan imtina edib.<\/p>\n\n\n\n<p>2023-c\u00fc ilin noyabr\u0131ndan bu yana media v\u0259 v\u0259t\u0259nda\u015f c\u0259miyy\u0259tin\u0259 qar\u015f\u0131 cinay\u0259t i\u015fl\u0259ri \u00e7\u0259r\u00e7iv\u0259sind\u0259 20-y\u0259 yax\u0131n jurnalist v\u0259 v\u0259t\u0259nda\u015f c\u0259miyy\u0259ti f\u0259al\u0131 h\u0259bs olunub. Onlar\u0131n aras\u0131nda korrupsiya ara\u015fd\u0131rmalar\u0131yla tan\u0131nan \u201cAbzasMedia\u201d sayt\u0131n\u0131n r\u0259hb\u0259ri \u00dclvi H\u0259s\u0259nli, ba\u015f redaktoru Sevinc Vaqifq\u0131z\u0131 (Abbasova), jurnalistl\u0259r Hafiz Babal\u0131, Elnar\u0259 Qas\u0131mova, N\u0259rgiz Absalamova, \u201cToplum TV\u201d internet televiziyas\u0131n\u0131n t\u0259sis\u00e7isi, media h\u00fcququ \u00fczr\u0259 ekspert \u018fl\u0259sg\u0259r M\u0259mm\u0259dli, kanal\u0131n video readktoru M\u00fc\u015ffiq Cabbar, \u201cKanal 13\u201d internet televiziyas\u0131n\u0131n r\u0259hb\u0259ri \u018fziz Orucov v\u0259 kanal\u0131n \u0259m\u0259kda\u015f\u0131 \u015eamo Eminov, se\u00e7kil\u0259rin m\u00fc\u015fahid\u0259si v\u0259 analizi il\u0259 m\u0259\u015f\u011ful olan Se\u00e7kil\u0259rin Monitorinqi v\u0259 Demokratiyan\u0131n T\u0259drisi M\u0259rk\u0259zinin r\u0259hb\u0259ri Anar M\u0259mm\u0259dli, \u201cmeclis.info\u201d sayt\u0131n\u0131n r\u0259hb\u0259ri \u0130mran \u018fliyev, Demokratik T\u0259\u015f\u0259bb\u00fcsl\u0259r \u0130nstitutunun r\u0259hb\u0259ri Akif Qurbanov, III Respublika Platformas\u0131n\u0131n Qurucu Hey\u0259t \u00fczv\u00fc Ruslan \u0130zz\u0259tli v\u0259 ba\u015fqalar\u0131 var.<\/p>\n\n\n\n<p>Adlar\u0131 \u00e7\u0259kil\u0259n jurnalist v\u0259 ictimai f\u0259allar ayr\u0131-ayr\u0131 cinay\u0259t i\u015fl\u0259ri \u00fczr\u0259 t\u0259qsirl\u0259ndirils\u0259l\u0259r d\u0259, ham\u0131s\u0131na qar\u015f\u0131 maliyy\u0259 qa\u00e7aqmal\u00e7\u0131l\u0131\u011f\u0131 ittiham\u0131 ir\u0259li s\u00fcr\u00fcl\u00fcb. Onlar xaricd\u0259n Az\u0259rbaycana qanunsuz yolla pul g\u0259tirm\u0259kd\u0259 ittiham olunurlar.<\/p>\n\n\n\n<p>Lakin jurnalist v\u0259 f\u0259allar\u0131n he\u00e7 biri \u00f6zl\u0259rini t\u0259qsirli bilmir, bar\u0259l\u0259rind\u0259ki cinay\u0259t i\u015fl\u0259rinin saxta oldu\u011funu, korrupsiya ara\u015fd\u0131rmalar\u0131na, h\u00f6kum\u0259ti t\u0259nqid etdikl\u0259rin\u0259 g\u00f6r\u0259 c\u0259zaland\u0131r\u0131ld\u0131qlar\u0131n\u0131 deyirl\u0259r.<\/p>\n","protected":false},"excerpt":{"rendered":"","protected":false},"author":8,"featured_media":305415,"comment_status":"closed","ping_status":"closed","sticky":false,"template":"","format":"standard","meta":{"_acf_changed":false,"_sitemap_exclude":false,"_sitemap_priority":"","_sitemap_frequency":"","footnotes":""},"categories":[59,79,63,56],"tags":[],"class_list":["post-305414","post","type-post","status-publish","format-standard","has-post-thumbnail","hentry","category-siyaset","category-featured","category-video-2","category-xeberler","infinite-scroll-item","generate-columns","tablet-grid-50","mobile-grid-100","grid-parent","grid-33","no-featured-image-padding"],"acf":[],"yoast_head":"<!-- This site is optimized with the Yoast SEO plugin v27.4 - https:\/\/yoast.com\/product\/yoast-seo-wordpress\/ -->\n<title>Sayt r\u0259hb\u0259rl\u0259ri ev dustaql\u0131\u011f\u0131na burax\u0131lmad\u0131 - MEYDAN.TV<\/title>\n<meta name=\"robots\" content=\"index, follow, max-snippet:-1, max-image-preview:large, max-video-preview:-1\" \/>\n<link rel=\"canonical\" href=\"https:\/\/www.meydan.tv\/az\/article\/sayt-rehberleri-ev-dustaqligina-buraxilmadi\/\" \/>\n<meta property=\"og:locale\" content=\"az_AZ\" \/>\n<meta property=\"og:type\" content=\"article\" \/>\n<meta property=\"og:title\" content=\"Sayt r\u0259hb\u0259rl\u0259ri ev dustaql\u0131\u011f\u0131na burax\u0131lmad\u0131 - MEYDAN.TV\" \/>\n<meta property=\"og:url\" content=\"https:\/\/www.meydan.tv\/az\/article\/sayt-rehberleri-ev-dustaqligina-buraxilmadi\/\" \/>\n<meta property=\"og:site_name\" content=\"MEYDAN.TV\" \/>\n<meta property=\"article:published_time\" content=\"2024-05-09T14:40:06+00:00\" \/>\n<meta property=\"article:modified_time\" content=\"2024-05-09T19:00:53+00:00\" \/>\n<meta property=\"og:image\" content=\"https:\/\/www.meydan.tv\/wp-content\/uploads\/image_from_ios-54.jpg\" \/>\n\t<meta property=\"og:image:width\" content=\"1280\" \/>\n\t<meta property=\"og:image:height\" content=\"730\" \/>\n\t<meta property=\"og:image:type\" content=\"image\/jpeg\" \/>\n<meta name=\"author\" content=\"elli\" \/>\n<meta name=\"twitter:card\" content=\"summary_large_image\" \/>\n<meta name=\"twitter:creator\" content=\"@elli\" \/>\n<script type=\"application\/ld+json\" class=\"yoast-schema-graph\">{\"@context\":\"https:\\\/\\\/schema.org\",\"@graph\":[{\"@type\":\"Article\",\"@id\":\"https:\\\/\\\/www.meydan.tv\\\/az\\\/article\\\/sayt-rehberleri-ev-dustaqligina-buraxilmadi\\\/#article\",\"isPartOf\":{\"@id\":\"https:\\\/\\\/www.meydan.tv\\\/az\\\/article\\\/sayt-rehberleri-ev-dustaqligina-buraxilmadi\\\/\"},\"author\":{\"name\":\"elli\",\"@id\":\"https:\\\/\\\/www.meydan.tv\\\/az\\\/#\\\/schema\\\/person\\\/9cdbecf90d17180ce1dfbd95b08dcf47\"},\"headline\":\"Sayt r\u0259hb\u0259rl\u0259ri ev dustaql\u0131\u011f\u0131na burax\u0131lmad\u0131\",\"datePublished\":\"2024-05-09T14:40:06+00:00\",\"dateModified\":\"2024-05-09T19:00:53+00:00\",\"mainEntityOfPage\":{\"@id\":\"https:\\\/\\\/www.meydan.tv\\\/az\\\/article\\\/sayt-rehberleri-ev-dustaqligina-buraxilmadi\\\/\"},\"wordCount\":755,\"publisher\":{\"@id\":\"https:\\\/\\\/www.meydan.tv\\\/az\\\/#organization\"},\"image\":{\"@id\":\"https:\\\/\\\/www.meydan.tv\\\/az\\\/article\\\/sayt-rehberleri-ev-dustaqligina-buraxilmadi\\\/#primaryimage\"},\"thumbnailUrl\":\"https:\\\/\\\/www.meydan.tv\\\/wp-content\\\/uploads\\\/image_from_ios-54.jpg\",\"articleSection\":[\"Siyas\u0259t\",\"T\u00f6vsiy\u0259\",\"Video\",\"X\u0259b\u0259rl\u0259r\"],\"inLanguage\":\"az\"},{\"@type\":\"WebPage\",\"@id\":\"https:\\\/\\\/www.meydan.tv\\\/az\\\/article\\\/sayt-rehberleri-ev-dustaqligina-buraxilmadi\\\/\",\"url\":\"https:\\\/\\\/www.meydan.tv\\\/az\\\/article\\\/sayt-rehberleri-ev-dustaqligina-buraxilmadi\\\/\",\"name\":\"Sayt r\u0259hb\u0259rl\u0259ri ev dustaql\u0131\u011f\u0131na burax\u0131lmad\u0131 - MEYDAN.TV\",\"isPartOf\":{\"@id\":\"https:\\\/\\\/www.meydan.tv\\\/az\\\/#website\"},\"primaryImageOfPage\":{\"@id\":\"https:\\\/\\\/www.meydan.tv\\\/az\\\/article\\\/sayt-rehberleri-ev-dustaqligina-buraxilmadi\\\/#primaryimage\"},\"image\":{\"@id\":\"https:\\\/\\\/www.meydan.tv\\\/az\\\/article\\\/sayt-rehberleri-ev-dustaqligina-buraxilmadi\\\/#primaryimage\"},\"thumbnailUrl\":\"https:\\\/\\\/www.meydan.tv\\\/wp-content\\\/uploads\\\/image_from_ios-54.jpg\",\"datePublished\":\"2024-05-09T14:40:06+00:00\",\"dateModified\":\"2024-05-09T19:00:53+00:00\",\"breadcrumb\":{\"@id\":\"https:\\\/\\\/www.meydan.tv\\\/az\\\/article\\\/sayt-rehberleri-ev-dustaqligina-buraxilmadi\\\/#breadcrumb\"},\"inLanguage\":\"az\",\"potentialAction\":[{\"@type\":\"ReadAction\",\"target\":[\"https:\\\/\\\/www.meydan.tv\\\/az\\\/article\\\/sayt-rehberleri-ev-dustaqligina-buraxilmadi\\\/\"]}]},{\"@type\":\"ImageObject\",\"inLanguage\":\"az\",\"@id\":\"https:\\\/\\\/www.meydan.tv\\\/az\\\/article\\\/sayt-rehberleri-ev-dustaqligina-buraxilmadi\\\/#primaryimage\",\"url\":\"https:\\\/\\\/www.meydan.tv\\\/wp-content\\\/uploads\\\/image_from_ios-54.jpg\",\"contentUrl\":\"https:\\\/\\\/www.meydan.tv\\\/wp-content\\\/uploads\\\/image_from_ios-54.jpg\",\"width\":1280,\"height\":730,\"caption\":\"Sevinc Vaqifq\u0131z\u0131. Foto: \u00dclviyy\u0259 Ali\"},{\"@type\":\"BreadcrumbList\",\"@id\":\"https:\\\/\\\/www.meydan.tv\\\/az\\\/article\\\/sayt-rehberleri-ev-dustaqligina-buraxilmadi\\\/#breadcrumb\",\"itemListElement\":[{\"@type\":\"ListItem\",\"position\":1,\"name\":\"Ana s\u0259hif\u0259\",\"item\":\"https:\\\/\\\/www.meydan.tv\\\/az\\\/\"},{\"@type\":\"ListItem\",\"position\":2,\"name\":\"Siyas\u0259t\",\"item\":\"https:\\\/\\\/www.meydan.tv\\\/az\\\/section\\\/siyaset\\\/\"},{\"@type\":\"ListItem\",\"position\":3,\"name\":\"Sayt r\u0259hb\u0259rl\u0259ri ev dustaql\u0131\u011f\u0131na burax\u0131lmad\u0131\"}]},{\"@type\":\"WebSite\",\"@id\":\"https:\\\/\\\/www.meydan.tv\\\/az\\\/#website\",\"url\":\"https:\\\/\\\/www.meydan.tv\\\/az\\\/\",\"name\":\"MEYDAN.TV\",\"description\":\"Meydan TV Az\u0259rbaycan\u0131n media m\u0259kan\u0131ndak\u0131 alternativ s\u0259sidir\",\"publisher\":{\"@id\":\"https:\\\/\\\/www.meydan.tv\\\/az\\\/#organization\"},\"potentialAction\":[{\"@type\":\"SearchAction\",\"target\":{\"@type\":\"EntryPoint\",\"urlTemplate\":\"https:\\\/\\\/www.meydan.tv\\\/az\\\/?s={search_term_string}\"},\"query-input\":{\"@type\":\"PropertyValueSpecification\",\"valueRequired\":true,\"valueName\":\"search_term_string\"}}],\"inLanguage\":\"az\"},{\"@type\":\"Organization\",\"@id\":\"https:\\\/\\\/www.meydan.tv\\\/az\\\/#organization\",\"name\":\"Meydan TV\",\"url\":\"https:\\\/\\\/www.meydan.tv\\\/az\\\/\",\"logo\":{\"@type\":\"ImageObject\",\"inLanguage\":\"az\",\"@id\":\"https:\\\/\\\/www.meydan.tv\\\/az\\\/#\\\/schema\\\/logo\\\/image\\\/\",\"url\":\"https:\\\/\\\/www.meydan.tv\\\/wp-content\\\/uploads\\\/2021\\\/07\\\/meydan-logo.svg\",\"contentUrl\":\"https:\\\/\\\/www.meydan.tv\\\/wp-content\\\/uploads\\\/2021\\\/07\\\/meydan-logo.svg\",\"width\":195,\"height\":46,\"caption\":\"Meydan TV\"},\"image\":{\"@id\":\"https:\\\/\\\/www.meydan.tv\\\/az\\\/#\\\/schema\\\/logo\\\/image\\\/\"}},{\"@type\":\"Person\",\"@id\":\"https:\\\/\\\/www.meydan.tv\\\/az\\\/#\\\/schema\\\/person\\\/9cdbecf90d17180ce1dfbd95b08dcf47\",\"name\":\"elli\",\"sameAs\":[\"https:\\\/\\\/x.com\\\/elli\"]}]}<\/script>\n<!-- \/ Yoast SEO plugin. -->","yoast_head_json":{"title":"Sayt r\u0259hb\u0259rl\u0259ri ev dustaql\u0131\u011f\u0131na burax\u0131lmad\u0131 - MEYDAN.TV","robots":{"index":"index","follow":"follow","max-snippet":"max-snippet:-1","max-image-preview":"max-image-preview:large","max-video-preview":"max-video-preview:-1"},"canonical":"https:\/\/www.meydan.tv\/az\/article\/sayt-rehberleri-ev-dustaqligina-buraxilmadi\/","og_locale":"az_AZ","og_type":"article","og_title":"Sayt r\u0259hb\u0259rl\u0259ri ev dustaql\u0131\u011f\u0131na burax\u0131lmad\u0131 - MEYDAN.TV","og_url":"https:\/\/www.meydan.tv\/az\/article\/sayt-rehberleri-ev-dustaqligina-buraxilmadi\/","og_site_name":"MEYDAN.TV","article_published_time":"2024-05-09T14:40:06+00:00","article_modified_time":"2024-05-09T19:00:53+00:00","og_image":[{"width":1280,"height":730,"url":"https:\/\/www.meydan.tv\/wp-content\/uploads\/image_from_ios-54.jpg","type":"image\/jpeg"}],"author":"elli","twitter_card":"summary_large_image","twitter_creator":"@elli","schema":{"@context":"https:\/\/schema.org","@graph":[{"@type":"Article","@id":"https:\/\/www.meydan.tv\/az\/article\/sayt-rehberleri-ev-dustaqligina-buraxilmadi\/#article","isPartOf":{"@id":"https:\/\/www.meydan.tv\/az\/article\/sayt-rehberleri-ev-dustaqligina-buraxilmadi\/"},"author":{"name":"elli","@id":"https:\/\/www.meydan.tv\/az\/#\/schema\/person\/9cdbecf90d17180ce1dfbd95b08dcf47"},"headline":"Sayt r\u0259hb\u0259rl\u0259ri ev dustaql\u0131\u011f\u0131na burax\u0131lmad\u0131","datePublished":"2024-05-09T14:40:06+00:00","dateModified":"2024-05-09T19:00:53+00:00","mainEntityOfPage":{"@id":"https:\/\/www.meydan.tv\/az\/article\/sayt-rehberleri-ev-dustaqligina-buraxilmadi\/"},"wordCount":755,"publisher":{"@id":"https:\/\/www.meydan.tv\/az\/#organization"},"image":{"@id":"https:\/\/www.meydan.tv\/az\/article\/sayt-rehberleri-ev-dustaqligina-buraxilmadi\/#primaryimage"},"thumbnailUrl":"https:\/\/www.meydan.tv\/wp-content\/uploads\/image_from_ios-54.jpg","articleSection":["Siyas\u0259t","T\u00f6vsiy\u0259","Video","X\u0259b\u0259rl\u0259r"],"inLanguage":"az"},{"@type":"WebPage","@id":"https:\/\/www.meydan.tv\/az\/article\/sayt-rehberleri-ev-dustaqligina-buraxilmadi\/","url":"https:\/\/www.meydan.tv\/az\/article\/sayt-rehberleri-ev-dustaqligina-buraxilmadi\/","name":"Sayt r\u0259hb\u0259rl\u0259ri ev dustaql\u0131\u011f\u0131na burax\u0131lmad\u0131 - MEYDAN.TV","isPartOf":{"@id":"https:\/\/www.meydan.tv\/az\/#website"},"primaryImageOfPage":{"@id":"https:\/\/www.meydan.tv\/az\/article\/sayt-rehberleri-ev-dustaqligina-buraxilmadi\/#primaryimage"},"image":{"@id":"https:\/\/www.meydan.tv\/az\/article\/sayt-rehberleri-ev-dustaqligina-buraxilmadi\/#primaryimage"},"thumbnailUrl":"https:\/\/www.meydan.tv\/wp-content\/uploads\/image_from_ios-54.jpg","datePublished":"2024-05-09T14:40:06+00:00","dateModified":"2024-05-09T19:00:53+00:00","breadcrumb":{"@id":"https:\/\/www.meydan.tv\/az\/article\/sayt-rehberleri-ev-dustaqligina-buraxilmadi\/#breadcrumb"},"inLanguage":"az","potentialAction":[{"@type":"ReadAction","target":["https:\/\/www.meydan.tv\/az\/article\/sayt-rehberleri-ev-dustaqligina-buraxilmadi\/"]}]},{"@type":"ImageObject","inLanguage":"az","@id":"https:\/\/www.meydan.tv\/az\/article\/sayt-rehberleri-ev-dustaqligina-buraxilmadi\/#primaryimage","url":"https:\/\/www.meydan.tv\/wp-content\/uploads\/image_from_ios-54.jpg","contentUrl":"https:\/\/www.meydan.tv\/wp-content\/uploads\/image_from_ios-54.jpg","width":1280,"height":730,"caption":"Sevinc Vaqifq\u0131z\u0131. Foto: \u00dclviyy\u0259 Ali"},{"@type":"BreadcrumbList","@id":"https:\/\/www.meydan.tv\/az\/article\/sayt-rehberleri-ev-dustaqligina-buraxilmadi\/#breadcrumb","itemListElement":[{"@type":"ListItem","position":1,"name":"Ana s\u0259hif\u0259","item":"https:\/\/www.meydan.tv\/az\/"},{"@type":"ListItem","position":2,"name":"Siyas\u0259t","item":"https:\/\/www.meydan.tv\/az\/section\/siyaset\/"},{"@type":"ListItem","position":3,"name":"Sayt r\u0259hb\u0259rl\u0259ri ev dustaql\u0131\u011f\u0131na burax\u0131lmad\u0131"}]},{"@type":"WebSite","@id":"https:\/\/www.meydan.tv\/az\/#website","url":"https:\/\/www.meydan.tv\/az\/","name":"MEYDAN.TV","description":"Meydan TV Az\u0259rbaycan\u0131n media m\u0259kan\u0131ndak\u0131 alternativ s\u0259sidir","publisher":{"@id":"https:\/\/www.meydan.tv\/az\/#organization"},"potentialAction":[{"@type":"SearchAction","target":{"@type":"EntryPoint","urlTemplate":"https:\/\/www.meydan.tv\/az\/?s={search_term_string}"},"query-input":{"@type":"PropertyValueSpecification","valueRequired":true,"valueName":"search_term_string"}}],"inLanguage":"az"},{"@type":"Organization","@id":"https:\/\/www.meydan.tv\/az\/#organization","name":"Meydan TV","url":"https:\/\/www.meydan.tv\/az\/","logo":{"@type":"ImageObject","inLanguage":"az","@id":"https:\/\/www.meydan.tv\/az\/#\/schema\/logo\/image\/","url":"https:\/\/www.meydan.tv\/wp-content\/uploads\/2021\/07\/meydan-logo.svg","contentUrl":"https:\/\/www.meydan.tv\/wp-content\/uploads\/2021\/07\/meydan-logo.svg","width":195,"height":46,"caption":"Meydan TV"},"image":{"@id":"https:\/\/www.meydan.tv\/az\/#\/schema\/logo\/image\/"}},{"@type":"Person","@id":"https:\/\/www.meydan.tv\/az\/#\/schema\/person\/9cdbecf90d17180ce1dfbd95b08dcf47","name":"elli","sameAs":["https:\/\/x.com\/elli"]}]}},"_links":{"self":[{"href":"https:\/\/www.meydan.tv\/az\/wp-json\/wp\/v2\/posts\/305414","targetHints":{"allow":["GET"]}}],"collection":[{"href":"https:\/\/www.meydan.tv\/az\/wp-json\/wp\/v2\/posts"}],"about":[{"href":"https:\/\/www.meydan.tv\/az\/wp-json\/wp\/v2\/types\/post"}],"author":[{"embeddable":true,"href":"https:\/\/www.meydan.tv\/az\/wp-json\/wp\/v2\/users\/8"}],"replies":[{"embeddable":true,"href":"https:\/\/www.meydan.tv\/az\/wp-json\/wp\/v2\/comments?post=305414"}],"version-history":[{"count":4,"href":"https:\/\/www.meydan.tv\/az\/wp-json\/wp\/v2\/posts\/305414\/revisions"}],"predecessor-version":[{"id":305429,"href":"https:\/\/www.meydan.tv\/az\/wp-json\/wp\/v2\/posts\/305414\/revisions\/305429"}],"wp:featuredmedia":[{"embeddable":true,"href":"https:\/\/www.meydan.tv\/az\/wp-json\/wp\/v2\/media\/305415"}],"wp:attachment":[{"href":"https:\/\/www.meydan.tv\/az\/wp-json\/wp\/v2\/media?parent=305414"}],"wp:term":[{"taxonomy":"category","embeddable":true,"href":"https:\/\/www.meydan.tv\/az\/wp-json\/wp\/v2\/categories?post=305414"},{"taxonomy":"post_tag","embeddable":true,"href":"https:\/\/www.meydan.tv\/az\/wp-json\/wp\/v2\/tags?post=305414"}],"curies":[{"name":"wp","href":"https:\/\/api.w.org\/{rel}","templated":true}]}}