{"id":305406,"date":"2024-05-09T18:25:37","date_gmt":"2024-05-09T14:25:37","guid":{"rendered":"https:\/\/www.meydan.tv\/?p=305406"},"modified":"2024-05-09T19:09:14","modified_gmt":"2024-05-09T15:09:14","slug":"gurcustanda-xarici-agentler-haqqinda-qanuna-etiraz-eden-feallar-evlerinin-qarsisinda-doyulur","status":"publish","type":"post","link":"https:\/\/www.meydan.tv\/az\/article\/gurcustanda-xarici-agentler-haqqinda-qanuna-etiraz-eden-feallar-evlerinin-qarsisinda-doyulur\/","title":{"rendered":"G\u00fcrc\u00fcstanda xarici agentl\u0259r haqq\u0131nda qanuna etiraz ed\u0259n f\u0259allar evl\u0259rinin qar\u015f\u0131s\u0131nda d\u00f6y\u00fcl\u00fcr"},"content":{"rendered":"\n<p><strong><em>F\u0259allara h\u0259d\u0259-qorxu z\u0259ngl\u0259ri g\u0259lir<\/em><\/strong><\/p>\n\n\n\n<p><a href=\"https:\/\/jam-news.net\/ru\/%d0%b2-%d0%b3%d1%80%d1%83%d0%b7%d0%b8%d0%b8-%d0%b8%d0%b7%d0%b1%d0%b8%d0%b2%d0%b0%d1%8e%d1%82-%d0%bf%d1%80%d0%be%d1%82%d0%b8%d0%b2%d0%bd%d0%b8%d0%ba%d0%be%d0%b2-%d0%b7%d0%b0%d0%ba%d0%be%d0%bd%d0%b0\/\">&#8220;Jamnews&#8221;<\/a>un material\u0131<\/p>\n\n\n\n<p>G\u00fcrc\u00fcstanda \u201cXarici t\u0259sirin \u015f\u0259ffafl\u0131\u011f\u0131 haqq\u0131nda\u201d qanuna qar\u015f\u0131 etiraz aksiyalar\u0131nda i\u015ftirak ed\u0259n f\u0259allara v\u0259 bu etirazlar\u0131 a\u00e7\u0131q \u015f\u0259kild\u0259 d\u0259st\u0259kl\u0259y\u0259n v\u0259 hakim \u201cG\u00fcrc\u00fc Arzusu\u201d Partiyas\u0131na qar\u015f\u0131 \u00e7\u0131xan tan\u0131nm\u0131\u015f simalara qar\u015f\u0131 h\u00fccumlar v\u0259 fiziki t\u0259zyiql\u0259r davam edir.<\/p>\n\n\n\n<p>May\u0131n 8-i ax\u015fam saatlar\u0131nda Tbilisid\u0259 az\u0131 \u00fc\u00e7 f\u0259al nam\u0259lum qruplar t\u0259r\u0259find\u0259n d\u00f6y\u00fcl\u00fcb.<\/p>\n\n\n\n<p>Onlardan biri d\u0259 m\u00fcxalif \u201cMilli H\u0259r\u0259kat\u201d Partiyas\u0131n\u0131n (h\u0259bsd\u0259 olan eks-prezident Mixail Saaka\u015fvili t\u0259r\u0259find\u0259n yarad\u0131lm\u0131\u015f) katibliyinin \u00fczv\u00fc Dimitri \u00c7ikovanidir. \u00c7ikovani ya\u015fad\u0131\u011f\u0131 \u00e7oxm\u0259rt\u0259b\u0259li binan\u0131n giri\u015find\u0259 h\u00fccuma m\u0259ruz qal\u0131b.<\/p>\n\n\n\n<figure class=\"wp-block-image size-large is-resized\"><img decoding=\"async\" data-src=\"https:\/\/jam-news.net\/app\/uploads\/2024\/05\/441197849_1616615502506312_5506557732970805412_n-768x1024.jpeg\" alt=\"\" style=\"--smush-placeholder-width: 768px; --smush-placeholder-aspect-ratio: 768\/1024;width:757px;height:auto\" src=\"data:image\/svg+xml;base64,PHN2ZyB3aWR0aD0iMSIgaGVpZ2h0PSIxIiB4bWxucz0iaHR0cDovL3d3dy53My5vcmcvMjAwMC9zdmciPjwvc3ZnPg==\" class=\"lazyload\" \/><figcaption class=\"wp-element-caption\">\u201cMilli H\u0259r\u0259kat\u201d Partiyas\u0131 katibliyinin \u00fczv\u00fc Dimitri \u00c7ikovani. Foto sosial \u015f\u0259b\u0259k\u0259l\u0259rd\u0259n<\/figcaption><\/figure>\n\n\n\n<p>\u00c7ikovaninin be\u015f n\u0259f\u0259r t\u0259r\u0259find\u0259n d\u00f6y\u00fcld\u00fcy\u00fcn\u00fc g\u00f6st\u0259r\u0259n m\u00fc\u015fahid\u0259 kameras\u0131n\u0131n g\u00f6r\u00fcnt\u00fcl\u0259ri yay\u0131l\u0131b. Videoda onlar\u0131n \u00fczl\u0259ri g\u00f6r\u00fcnm\u00fcr.<\/p>\n\n\n\n<p>K\u0259ll\u0259-beyin travmas\u0131 alm\u0131\u015f siyas\u0259t\u00e7i haz\u0131rda x\u0259st\u0259xanadad\u0131r, onun v\u0259ziyy\u0259ti \u201cnarahatedici\u201d kimi qiym\u0259tl\u0259ndirilir.<\/p>\n\n\n\n<p>El\u0259 h\u0259min g\u00fcn ax\u015fam nam\u0259lum \u015f\u0259xsl\u0259r beyn\u0259lxalq m\u00fcnasib\u0259tl\u0259r \u00fczr\u0259 ekspert Qiya Caparidzey\u0259 h\u00fccum edibl\u0259r. O, \u201cGir\u00e7i &#8211; Daha \u00e7ox azadl\u0131q\u201d m\u00fcxalif\u0259t partiyas\u0131n\u0131n lideri Zurab Caparidzenin qarda\u015f\u0131 v\u0259 xarici agentl\u0259r haqq\u0131nda qanunun \u0259n f\u0259al etiraz\u00e7\u0131lar\u0131ndand\u0131r.<\/p>\n\n\n\n<p>Caparidze d\u0259 k\u0259ll\u0259-beyin travmas\u0131 il\u0259 h\u0259l\u0259lik x\u0259st\u0259xanadad\u0131r.<\/p>\n\n\n\n<figure class=\"wp-block-image size-large\"><img decoding=\"async\" data-src=\"https:\/\/jam-news.net\/app\/uploads\/2024\/05\/441397340_10160143492197291_4714223678798030623_n-768x1024.jpeg\" alt=\"\" src=\"data:image\/svg+xml;base64,PHN2ZyB3aWR0aD0iMSIgaGVpZ2h0PSIxIiB4bWxucz0iaHR0cDovL3d3dy53My5vcmcvMjAwMC9zdmciPjwvc3ZnPg==\" class=\"lazyload\" style=\"--smush-placeholder-width: 768px; --smush-placeholder-aspect-ratio: 768\/1024;\" \/><figcaption class=\"wp-element-caption\">Beyn\u0259lxalq m\u00fcnasib\u0259tl\u0259r \u00fczr\u0259 ekspert Qiya Caparidze. Foto sosial \u015f\u0259b\u0259k\u0259l\u0259rd\u0259n<\/figcaption><\/figure>\n\n\n\n<p>El\u0259 h\u0259min gec\u0259 may\u0131n 8-d\u0259 xarici agentl\u0259r haqq\u0131nda qanunun dig\u0259r f\u0259al \u0259leyhdar\u0131 La\u015fa Qvinianidze k\u00fc\u00e7\u0259d\u0259 d\u00f6y\u00fcl\u00fcb. O, may\u0131n 11-d\u0259 Tbilisid\u0259 ke\u00e7irilm\u0259si planla\u015fd\u0131r\u0131lan \u201cAvropa mar\u015f\u0131\u201dn\u0131n t\u0259\u015fkilat\u00e7\u0131lar\u0131ndan biridir.<\/p>\n\n\n\n<p>H\u00fccum zaman\u0131 Qvinianidze dostu il\u0259 birlikd\u0259 olub v\u0259 o, h\u00fccumdan bir fraqment \u00e7\u0259k\u0259 bilib. F\u0259al\u0131n c\u0131r\u0131lm\u0131\u015f alt doda\u011f\u0131n\u0131 tikibl\u0259r.<\/p>\n\n\n\n<p>Bundan ba\u015fqa, may\u0131n 7-d\u0259 nam\u0259lum \u015f\u0259xs \u0130nformasiya Azadl\u0131\u011f\u0131n\u0131n \u0130nki\u015faf\u0131 \u0130nstitutunun (IDFI) icra\u00e7\u0131 direktoru Giorgi Klidia\u015fviliy\u0259 v\u0259 \u201cFormula\u201d telekanal\u0131n\u0131n \u00e7\u0259kili\u015f qrupuna h\u00fccum edib. H\u00fccum g\u00fcnd\u00fcz saatlar\u0131nda Tbilisinin m\u0259rk\u0259zind\u0259, \u0130sve\u00e7 s\u0259firliyinin d\u00fcz qar\u015f\u0131s\u0131nda ba\u015f verib.<\/p>\n\n\n\n<p>May\u0131n 5-d\u0259 Lan\u00e7xutid\u0259 m\u00fc\u0259llim, beyn\u0259lxalq v\u0259 milli m\u00fckafatlar laureat\u0131 Lado Axazava \u00f6z evinin giri\u015find\u0259 h\u00fccuma m\u0259ruz qal\u0131b. Axazava xarici agentl\u0259r haqq\u0131nda qanuna etirazlarda f\u0259al i\u015ftirak edir. O, h\u00fccum zaman\u0131 o\u011flunun yan\u0131nda olub.<\/p>\n\n\n\n<p>May\u0131n 1-d\u0259 ke\u00e7iril\u0259n mitinqd\u0259 \u201cMilli H\u0259r\u0259kat\u201d\u0131n lideri Levan Xabei\u015fvili x\u00fcsusi t\u0259yinatl\u0131lar t\u0259r\u0259find\u0259n h\u0259bs edilib v\u0259 a\u011f\u0131r d\u00f6y\u00fcl\u00fcb.<\/p>\n\n\n\n<figure class=\"wp-block-image size-large\"><img decoding=\"async\" data-src=\"https:\/\/jam-news.net\/app\/uploads\/2024\/05\/photo_2024-05-01-08.30.52-1-772x1024.jpeg\" alt=\"\" src=\"data:image\/svg+xml;base64,PHN2ZyB3aWR0aD0iMSIgaGVpZ2h0PSIxIiB4bWxucz0iaHR0cDovL3d3dy53My5vcmcvMjAwMC9zdmciPjwvc3ZnPg==\" class=\"lazyload\" style=\"--smush-placeholder-width: 772px; --smush-placeholder-aspect-ratio: 772\/1024;\" \/><figcaption class=\"wp-element-caption\">\u201cMilli H\u0259r\u0259kat\u201d\u0131n lideri Levan Xabei\u015fvili.  Foto sosial \u015f\u0259b\u0259k\u0259l\u0259rd\u0259n<\/figcaption><\/figure>\n\n\n\n<h6 class=\"wp-block-heading\"><strong>Y\u00fczl\u0259rl\u0259 f\u0259al v\u0259 jurnalist\u0259 h\u0259d\u0259-qorxu il\u0259 dolu z\u0259ngl\u0259r g\u0259lir<\/strong><\/h6>\n\n\n\n<p>Fiziki zorak\u0131l\u0131qla yana\u015f\u0131, son g\u00fcnl\u0259r xarici agentl\u0259r haqq\u0131nda qanuna qar\u015f\u0131 \u00e7\u0131xan y\u00fczl\u0259rl\u0259 insan psixoloji zorak\u0131l\u0131\u011fa v\u0259 t\u0259hdidl\u0259r\u0259 m\u0259ruz qal\u0131b. Nam\u0259lum \u015f\u0259xsl\u0259r onlar\u0131n telefonlar\u0131na z\u0259ng edir, ev \u00fcnvan\u0131n\u0131 bildikl\u0259rini s\u00f6yl\u0259y\u0259r\u0259k s\u00f6y\u00fcr v\u0259 h\u0259d\u0259l\u0259yirl\u0259r.<\/p>\n\n\n\n<p>H\u0259m\u00e7inin may\u0131n 8-d\u0259 G\u00fcrc\u00fcstan parlamentinin s\u0259dri \u015ealva Papua\u015fvili bildirib ki, h\u00f6kum\u0259t \u201c\u015fantajda i\u015ftirak ed\u0259n \u015f\u0259xsl\u0259r haqq\u0131nda m\u0259lumatlar\u0131n toplanaca\u011f\u0131\u201d x\u00fcsusi m\u0259lumat bazas\u0131 yarad\u0131r.<\/p>\n\n\n\n<p>V\u0259t\u0259nda\u015f c\u0259miyy\u0259ti n\u00fcmay\u0259nd\u0259l\u0259ri deyirl\u0259r ki, bu t\u0259\u015f\u0259bb\u00fcs mahiyy\u0259tc\u0259 t\u0259nqidi insanlar\u0131n reyestrinin yarad\u0131lmas\u0131n\u0131 n\u0259z\u0259rd\u0259 tutur.<\/p>\n\n\n\n<p>May\u0131n 11-d\u0259 Avropa G\u00fcn\u00fcnd\u0259 Tbilisid\u0259 v\u0259 dig\u0259r \u015f\u0259h\u0259rl\u0259rd\u0259 \u201cXarici agentl\u0259r haqq\u0131nda Rusiya qanunu\u201dna qar\u015f\u0131 y\u00fcr\u00fc\u015f planla\u015fd\u0131r\u0131l\u0131r. Onun i\u015ftirak\u00e7\u0131lar\u0131 eyni vaxtda \u015f\u0259h\u0259rin bir ne\u00e7\u0259 \u0259razisind\u0259 topla\u015faraq parlament binas\u0131na do\u011fru y\u00fcr\u00fc\u015f ed\u0259c\u0259kl\u0259r.<\/p>\n\n\n\n<p>Hakim \u201cG\u00fcrc\u00fc Arzusu\u201d Partiyas\u0131 ilk d\u0259f\u0259 \u201cXarici agentl\u0259r haqq\u0131nda\u201d qanun layih\u0259sini bir il \u0259vv\u0259l, 2023-c\u00fc ilin mart\u0131nda ir\u0259li s\u00fcrm\u00fc\u015fd\u00fc. Parlament bunu birinci oxunu\u015fda q\u0259bul etdi, lakin v\u0259t\u0259nda\u015flar\u0131n k\u00fctl\u0259vi etirazlar\u0131 v\u0259 Q\u0259rbin s\u0259rt t\u0259nqidi n\u0259tic\u0259sind\u0259 h\u00f6kum\u0259t qanunu geri g\u00f6t\u00fcrd\u00fc.<\/p>\n\n\n\n<p>2024-c\u00fc il aprelin 3-d\u0259 hakim partiyan\u0131n qanun layih\u0259sini parlament\u0259 qaytarmaq q\u0259rar\u0131na g\u0259ldiyi m\u0259lum olub. M\u0259zmun eyni qald\u0131, lakin bu d\u0259f\u0259 layih\u0259 \u201cXarici t\u0259sirin \u015f\u0259ffafl\u0131\u011f\u0131 haqq\u0131nda\u201d adland\u0131.<\/p>\n\n\n\n<p>Qanun layih\u0259sinin geri qaytar\u0131lmas\u0131 2023-c\u00fc ild\u0259n daha b\u00f6y\u00fck etirazlarla m\u00fc\u015fayi\u0259t olundu. H\u0259r g\u00fcn 100 min\u0259 yax\u0131n etiraz\u00e7\u0131 k\u00fc\u00e7\u0259l\u0259r\u0259 \u00e7\u0131x\u0131r.<\/p>\n\n\n\n<p>G\u00fcrc\u00fcstan\u0131n Q\u0259rb t\u0259r\u0259fda\u015flar\u0131 qanun layih\u0259sini k\u0259skin t\u0259nqid edir v\u0259 h\u00f6kum\u0259t\u0259 a\u00e7\u0131q \u015f\u0259kild\u0259 x\u0259b\u0259rdarl\u0131q edirl\u0259r ki, bu qanunun q\u0259bulu G\u00fcrc\u00fcstan\u0131n Avropaya inteqrasiyas\u0131na ciddi probleml\u0259r yaradacaq.<\/p>\n\n\n\n<p>Haz\u0131rda layih\u0259 iki oxunu\u015fda q\u0259bul edilib. May\u0131n 17-d\u0259 parlament bunu \u00fc\u00e7\u00fcnc\u00fc, yekun oxunu\u015fda q\u0259bul etm\u0259y\u0259 haz\u0131rla\u015f\u0131r.<\/p>\n","protected":false},"excerpt":{"rendered":"<p>F\u0259allara h\u0259d\u0259-qorxu z\u0259ngl\u0259ri g\u0259lir &#8220;Jamnews&#8221;un material\u0131 G\u00fcrc\u00fcstanda \u201cXarici t\u0259sirin \u015f\u0259ffafl\u0131\u011f\u0131 &#8230; <\/p>\n<p class=\"read-more-container\"><a title=\"G\u00fcrc\u00fcstanda xarici agentl\u0259r haqq\u0131nda qanuna etiraz ed\u0259n f\u0259allar evl\u0259rinin qar\u015f\u0131s\u0131nda d\u00f6y\u00fcl\u00fcr\" class=\"read-more button\" href=\"https:\/\/www.meydan.tv\/az\/article\/gurcustanda-xarici-agentler-haqqinda-qanuna-etiraz-eden-feallar-evlerinin-qarsisinda-doyulur\/#more-305406\" aria-label=\"Read more about G\u00fcrc\u00fcstanda xarici agentl\u0259r haqq\u0131nda qanuna etiraz ed\u0259n f\u0259allar evl\u0259rinin qar\u015f\u0131s\u0131nda d\u00f6y\u00fcl\u00fcr\">Davam\u0131<\/a><\/p>\n","protected":false},"author":16,"featured_media":305394,"comment_status":"closed","ping_status":"closed","sticky":false,"template":"","format":"standard","meta":{"_acf_changed":false,"_sitemap_exclude":false,"_sitemap_priority":"","_sitemap_frequency":"","footnotes":""},"categories":[64,62,56],"tags":[],"class_list":["post-305406","post","type-post","status-publish","format-standard","has-post-thumbnail","hentry","category-dunya","category-sosial","category-xeberler","infinite-scroll-item","generate-columns","tablet-grid-50","mobile-grid-100","grid-parent","grid-33","no-featured-image-padding"],"acf":[],"yoast_head":"<!-- This site is optimized with the Yoast SEO plugin v27.5 - https:\/\/yoast.com\/product\/yoast-seo-wordpress\/ -->\n<title>G\u00fcrc\u00fcstanda xarici agentl\u0259r haqq\u0131nda qanuna etiraz ed\u0259n f\u0259allar evl\u0259rinin qar\u015f\u0131s\u0131nda d\u00f6y\u00fcl\u00fcr - MEYDAN.TV<\/title>\n<meta name=\"robots\" content=\"index, follow, max-snippet:-1, max-image-preview:large, max-video-preview:-1\" \/>\n<link rel=\"canonical\" href=\"https:\/\/www.meydan.tv\/az\/article\/gurcustanda-xarici-agentler-haqqinda-qanuna-etiraz-eden-feallar-evlerinin-qarsisinda-doyulur\/\" \/>\n<meta property=\"og:locale\" content=\"az_AZ\" \/>\n<meta property=\"og:type\" content=\"article\" \/>\n<meta property=\"og:title\" content=\"G\u00fcrc\u00fcstanda xarici agentl\u0259r haqq\u0131nda qanuna etiraz ed\u0259n f\u0259allar evl\u0259rinin qar\u015f\u0131s\u0131nda d\u00f6y\u00fcl\u00fcr - MEYDAN.TV\" \/>\n<meta property=\"og:description\" content=\"F\u0259allara h\u0259d\u0259-qorxu z\u0259ngl\u0259ri g\u0259lir &#8220;Jamnews&#8221;un material\u0131 G\u00fcrc\u00fcstanda \u201cXarici t\u0259sirin \u015f\u0259ffafl\u0131\u011f\u0131 ... Davam\u0131\" \/>\n<meta property=\"og:url\" content=\"https:\/\/www.meydan.tv\/az\/article\/gurcustanda-xarici-agentler-haqqinda-qanuna-etiraz-eden-feallar-evlerinin-qarsisinda-doyulur\/\" \/>\n<meta property=\"og:site_name\" content=\"MEYDAN.TV\" \/>\n<meta property=\"article:published_time\" content=\"2024-05-09T14:25:37+00:00\" \/>\n<meta property=\"article:modified_time\" content=\"2024-05-09T15:09:14+00:00\" \/>\n<meta property=\"og:image\" content=\"https:\/\/www.meydan.tv\/wp-content\/uploads\/441397340_10160143492197291_4714223678798030623_n-768x10241-1.jpeg\" \/>\n\t<meta property=\"og:image:width\" content=\"768\" \/>\n\t<meta property=\"og:image:height\" content=\"1024\" \/>\n\t<meta property=\"og:image:type\" content=\"image\/jpeg\" \/>\n<meta name=\"author\" content=\"sevda\" \/>\n<meta name=\"twitter:card\" content=\"summary_large_image\" \/>\n<script type=\"application\/ld+json\" class=\"yoast-schema-graph\">{\"@context\":\"https:\\\/\\\/schema.org\",\"@graph\":[{\"@type\":\"Article\",\"@id\":\"https:\\\/\\\/www.meydan.tv\\\/az\\\/article\\\/gurcustanda-xarici-agentler-haqqinda-qanuna-etiraz-eden-feallar-evlerinin-qarsisinda-doyulur\\\/#article\",\"isPartOf\":{\"@id\":\"https:\\\/\\\/www.meydan.tv\\\/az\\\/article\\\/gurcustanda-xarici-agentler-haqqinda-qanuna-etiraz-eden-feallar-evlerinin-qarsisinda-doyulur\\\/\"},\"author\":{\"name\":\"sevda\",\"@id\":\"https:\\\/\\\/www.meydan.tv\\\/az\\\/#\\\/schema\\\/person\\\/49b5f2bad5b126bb8ea9320eeb3e4dc9\"},\"headline\":\"G\u00fcrc\u00fcstanda xarici agentl\u0259r haqq\u0131nda qanuna etiraz ed\u0259n f\u0259allar evl\u0259rinin qar\u015f\u0131s\u0131nda d\u00f6y\u00fcl\u00fcr\",\"datePublished\":\"2024-05-09T14:25:37+00:00\",\"dateModified\":\"2024-05-09T15:09:14+00:00\",\"mainEntityOfPage\":{\"@id\":\"https:\\\/\\\/www.meydan.tv\\\/az\\\/article\\\/gurcustanda-xarici-agentler-haqqinda-qanuna-etiraz-eden-feallar-evlerinin-qarsisinda-doyulur\\\/\"},\"wordCount\":961,\"publisher\":{\"@id\":\"https:\\\/\\\/www.meydan.tv\\\/az\\\/#organization\"},\"image\":{\"@id\":\"https:\\\/\\\/www.meydan.tv\\\/az\\\/article\\\/gurcustanda-xarici-agentler-haqqinda-qanuna-etiraz-eden-feallar-evlerinin-qarsisinda-doyulur\\\/#primaryimage\"},\"thumbnailUrl\":\"https:\\\/\\\/www.meydan.tv\\\/wp-content\\\/uploads\\\/441397340_10160143492197291_4714223678798030623_n-768x10241-1.jpeg\",\"articleSection\":[\"D\u00fcnya\",\"Sosial\",\"X\u0259b\u0259rl\u0259r\"],\"inLanguage\":\"az\"},{\"@type\":\"WebPage\",\"@id\":\"https:\\\/\\\/www.meydan.tv\\\/az\\\/article\\\/gurcustanda-xarici-agentler-haqqinda-qanuna-etiraz-eden-feallar-evlerinin-qarsisinda-doyulur\\\/\",\"url\":\"https:\\\/\\\/www.meydan.tv\\\/az\\\/article\\\/gurcustanda-xarici-agentler-haqqinda-qanuna-etiraz-eden-feallar-evlerinin-qarsisinda-doyulur\\\/\",\"name\":\"G\u00fcrc\u00fcstanda xarici agentl\u0259r haqq\u0131nda qanuna etiraz ed\u0259n f\u0259allar evl\u0259rinin qar\u015f\u0131s\u0131nda d\u00f6y\u00fcl\u00fcr - MEYDAN.TV\",\"isPartOf\":{\"@id\":\"https:\\\/\\\/www.meydan.tv\\\/az\\\/#website\"},\"primaryImageOfPage\":{\"@id\":\"https:\\\/\\\/www.meydan.tv\\\/az\\\/article\\\/gurcustanda-xarici-agentler-haqqinda-qanuna-etiraz-eden-feallar-evlerinin-qarsisinda-doyulur\\\/#primaryimage\"},\"image\":{\"@id\":\"https:\\\/\\\/www.meydan.tv\\\/az\\\/article\\\/gurcustanda-xarici-agentler-haqqinda-qanuna-etiraz-eden-feallar-evlerinin-qarsisinda-doyulur\\\/#primaryimage\"},\"thumbnailUrl\":\"https:\\\/\\\/www.meydan.tv\\\/wp-content\\\/uploads\\\/441397340_10160143492197291_4714223678798030623_n-768x10241-1.jpeg\",\"datePublished\":\"2024-05-09T14:25:37+00:00\",\"dateModified\":\"2024-05-09T15:09:14+00:00\",\"breadcrumb\":{\"@id\":\"https:\\\/\\\/www.meydan.tv\\\/az\\\/article\\\/gurcustanda-xarici-agentler-haqqinda-qanuna-etiraz-eden-feallar-evlerinin-qarsisinda-doyulur\\\/#breadcrumb\"},\"inLanguage\":\"az\",\"potentialAction\":[{\"@type\":\"ReadAction\",\"target\":[\"https:\\\/\\\/www.meydan.tv\\\/az\\\/article\\\/gurcustanda-xarici-agentler-haqqinda-qanuna-etiraz-eden-feallar-evlerinin-qarsisinda-doyulur\\\/\"]}]},{\"@type\":\"ImageObject\",\"inLanguage\":\"az\",\"@id\":\"https:\\\/\\\/www.meydan.tv\\\/az\\\/article\\\/gurcustanda-xarici-agentler-haqqinda-qanuna-etiraz-eden-feallar-evlerinin-qarsisinda-doyulur\\\/#primaryimage\",\"url\":\"https:\\\/\\\/www.meydan.tv\\\/wp-content\\\/uploads\\\/441397340_10160143492197291_4714223678798030623_n-768x10241-1.jpeg\",\"contentUrl\":\"https:\\\/\\\/www.meydan.tv\\\/wp-content\\\/uploads\\\/441397340_10160143492197291_4714223678798030623_n-768x10241-1.jpeg\",\"width\":768,\"height\":1024,\"caption\":\"Beyn\u0259lxalq m\u00fcnasib\u0259tl\u0259r \u00fczr\u0259 ekspert Qiya Caparidze. Foto sosial \u015f\u0259b\u0259k\u0259l\u0259rd\u0259n\"},{\"@type\":\"BreadcrumbList\",\"@id\":\"https:\\\/\\\/www.meydan.tv\\\/az\\\/article\\\/gurcustanda-xarici-agentler-haqqinda-qanuna-etiraz-eden-feallar-evlerinin-qarsisinda-doyulur\\\/#breadcrumb\",\"itemListElement\":[{\"@type\":\"ListItem\",\"position\":1,\"name\":\"Ana s\u0259hif\u0259\",\"item\":\"https:\\\/\\\/www.meydan.tv\\\/az\\\/\"},{\"@type\":\"ListItem\",\"position\":2,\"name\":\"X\u0259b\u0259rl\u0259r\",\"item\":\"https:\\\/\\\/www.meydan.tv\\\/az\\\/section\\\/xeberler\\\/\"},{\"@type\":\"ListItem\",\"position\":3,\"name\":\"G\u00fcrc\u00fcstanda xarici agentl\u0259r haqq\u0131nda qanuna etiraz ed\u0259n f\u0259allar evl\u0259rinin qar\u015f\u0131s\u0131nda d\u00f6y\u00fcl\u00fcr\"}]},{\"@type\":\"WebSite\",\"@id\":\"https:\\\/\\\/www.meydan.tv\\\/az\\\/#website\",\"url\":\"https:\\\/\\\/www.meydan.tv\\\/az\\\/\",\"name\":\"MEYDAN.TV\",\"description\":\"Meydan TV Az\u0259rbaycan\u0131n media m\u0259kan\u0131ndak\u0131 alternativ s\u0259sidir\",\"publisher\":{\"@id\":\"https:\\\/\\\/www.meydan.tv\\\/az\\\/#organization\"},\"potentialAction\":[{\"@type\":\"SearchAction\",\"target\":{\"@type\":\"EntryPoint\",\"urlTemplate\":\"https:\\\/\\\/www.meydan.tv\\\/az\\\/?s={search_term_string}\"},\"query-input\":{\"@type\":\"PropertyValueSpecification\",\"valueRequired\":true,\"valueName\":\"search_term_string\"}}],\"inLanguage\":\"az\"},{\"@type\":\"Organization\",\"@id\":\"https:\\\/\\\/www.meydan.tv\\\/az\\\/#organization\",\"name\":\"Meydan TV\",\"url\":\"https:\\\/\\\/www.meydan.tv\\\/az\\\/\",\"logo\":{\"@type\":\"ImageObject\",\"inLanguage\":\"az\",\"@id\":\"https:\\\/\\\/www.meydan.tv\\\/az\\\/#\\\/schema\\\/logo\\\/image\\\/\",\"url\":\"https:\\\/\\\/www.meydan.tv\\\/wp-content\\\/uploads\\\/2021\\\/07\\\/meydan-logo.svg\",\"contentUrl\":\"https:\\\/\\\/www.meydan.tv\\\/wp-content\\\/uploads\\\/2021\\\/07\\\/meydan-logo.svg\",\"width\":195,\"height\":46,\"caption\":\"Meydan TV\"},\"image\":{\"@id\":\"https:\\\/\\\/www.meydan.tv\\\/az\\\/#\\\/schema\\\/logo\\\/image\\\/\"}},{\"@type\":\"Person\",\"@id\":\"https:\\\/\\\/www.meydan.tv\\\/az\\\/#\\\/schema\\\/person\\\/49b5f2bad5b126bb8ea9320eeb3e4dc9\",\"name\":\"sevda\"}]}<\/script>\n<!-- \/ Yoast SEO plugin. -->","yoast_head_json":{"title":"G\u00fcrc\u00fcstanda xarici agentl\u0259r haqq\u0131nda qanuna etiraz ed\u0259n f\u0259allar evl\u0259rinin qar\u015f\u0131s\u0131nda d\u00f6y\u00fcl\u00fcr - MEYDAN.TV","robots":{"index":"index","follow":"follow","max-snippet":"max-snippet:-1","max-image-preview":"max-image-preview:large","max-video-preview":"max-video-preview:-1"},"canonical":"https:\/\/www.meydan.tv\/az\/article\/gurcustanda-xarici-agentler-haqqinda-qanuna-etiraz-eden-feallar-evlerinin-qarsisinda-doyulur\/","og_locale":"az_AZ","og_type":"article","og_title":"G\u00fcrc\u00fcstanda xarici agentl\u0259r haqq\u0131nda qanuna etiraz ed\u0259n f\u0259allar evl\u0259rinin qar\u015f\u0131s\u0131nda d\u00f6y\u00fcl\u00fcr - MEYDAN.TV","og_description":"F\u0259allara h\u0259d\u0259-qorxu z\u0259ngl\u0259ri g\u0259lir &#8220;Jamnews&#8221;un material\u0131 G\u00fcrc\u00fcstanda \u201cXarici t\u0259sirin \u015f\u0259ffafl\u0131\u011f\u0131 ... Davam\u0131","og_url":"https:\/\/www.meydan.tv\/az\/article\/gurcustanda-xarici-agentler-haqqinda-qanuna-etiraz-eden-feallar-evlerinin-qarsisinda-doyulur\/","og_site_name":"MEYDAN.TV","article_published_time":"2024-05-09T14:25:37+00:00","article_modified_time":"2024-05-09T15:09:14+00:00","og_image":[{"width":768,"height":1024,"url":"https:\/\/www.meydan.tv\/wp-content\/uploads\/441397340_10160143492197291_4714223678798030623_n-768x10241-1.jpeg","type":"image\/jpeg"}],"author":"sevda","twitter_card":"summary_large_image","schema":{"@context":"https:\/\/schema.org","@graph":[{"@type":"Article","@id":"https:\/\/www.meydan.tv\/az\/article\/gurcustanda-xarici-agentler-haqqinda-qanuna-etiraz-eden-feallar-evlerinin-qarsisinda-doyulur\/#article","isPartOf":{"@id":"https:\/\/www.meydan.tv\/az\/article\/gurcustanda-xarici-agentler-haqqinda-qanuna-etiraz-eden-feallar-evlerinin-qarsisinda-doyulur\/"},"author":{"name":"sevda","@id":"https:\/\/www.meydan.tv\/az\/#\/schema\/person\/49b5f2bad5b126bb8ea9320eeb3e4dc9"},"headline":"G\u00fcrc\u00fcstanda xarici agentl\u0259r haqq\u0131nda qanuna etiraz ed\u0259n f\u0259allar evl\u0259rinin qar\u015f\u0131s\u0131nda d\u00f6y\u00fcl\u00fcr","datePublished":"2024-05-09T14:25:37+00:00","dateModified":"2024-05-09T15:09:14+00:00","mainEntityOfPage":{"@id":"https:\/\/www.meydan.tv\/az\/article\/gurcustanda-xarici-agentler-haqqinda-qanuna-etiraz-eden-feallar-evlerinin-qarsisinda-doyulur\/"},"wordCount":961,"publisher":{"@id":"https:\/\/www.meydan.tv\/az\/#organization"},"image":{"@id":"https:\/\/www.meydan.tv\/az\/article\/gurcustanda-xarici-agentler-haqqinda-qanuna-etiraz-eden-feallar-evlerinin-qarsisinda-doyulur\/#primaryimage"},"thumbnailUrl":"https:\/\/www.meydan.tv\/wp-content\/uploads\/441397340_10160143492197291_4714223678798030623_n-768x10241-1.jpeg","articleSection":["D\u00fcnya","Sosial","X\u0259b\u0259rl\u0259r"],"inLanguage":"az"},{"@type":"WebPage","@id":"https:\/\/www.meydan.tv\/az\/article\/gurcustanda-xarici-agentler-haqqinda-qanuna-etiraz-eden-feallar-evlerinin-qarsisinda-doyulur\/","url":"https:\/\/www.meydan.tv\/az\/article\/gurcustanda-xarici-agentler-haqqinda-qanuna-etiraz-eden-feallar-evlerinin-qarsisinda-doyulur\/","name":"G\u00fcrc\u00fcstanda xarici agentl\u0259r haqq\u0131nda qanuna etiraz ed\u0259n f\u0259allar evl\u0259rinin qar\u015f\u0131s\u0131nda d\u00f6y\u00fcl\u00fcr - MEYDAN.TV","isPartOf":{"@id":"https:\/\/www.meydan.tv\/az\/#website"},"primaryImageOfPage":{"@id":"https:\/\/www.meydan.tv\/az\/article\/gurcustanda-xarici-agentler-haqqinda-qanuna-etiraz-eden-feallar-evlerinin-qarsisinda-doyulur\/#primaryimage"},"image":{"@id":"https:\/\/www.meydan.tv\/az\/article\/gurcustanda-xarici-agentler-haqqinda-qanuna-etiraz-eden-feallar-evlerinin-qarsisinda-doyulur\/#primaryimage"},"thumbnailUrl":"https:\/\/www.meydan.tv\/wp-content\/uploads\/441397340_10160143492197291_4714223678798030623_n-768x10241-1.jpeg","datePublished":"2024-05-09T14:25:37+00:00","dateModified":"2024-05-09T15:09:14+00:00","breadcrumb":{"@id":"https:\/\/www.meydan.tv\/az\/article\/gurcustanda-xarici-agentler-haqqinda-qanuna-etiraz-eden-feallar-evlerinin-qarsisinda-doyulur\/#breadcrumb"},"inLanguage":"az","potentialAction":[{"@type":"ReadAction","target":["https:\/\/www.meydan.tv\/az\/article\/gurcustanda-xarici-agentler-haqqinda-qanuna-etiraz-eden-feallar-evlerinin-qarsisinda-doyulur\/"]}]},{"@type":"ImageObject","inLanguage":"az","@id":"https:\/\/www.meydan.tv\/az\/article\/gurcustanda-xarici-agentler-haqqinda-qanuna-etiraz-eden-feallar-evlerinin-qarsisinda-doyulur\/#primaryimage","url":"https:\/\/www.meydan.tv\/wp-content\/uploads\/441397340_10160143492197291_4714223678798030623_n-768x10241-1.jpeg","contentUrl":"https:\/\/www.meydan.tv\/wp-content\/uploads\/441397340_10160143492197291_4714223678798030623_n-768x10241-1.jpeg","width":768,"height":1024,"caption":"Beyn\u0259lxalq m\u00fcnasib\u0259tl\u0259r \u00fczr\u0259 ekspert Qiya Caparidze. Foto sosial \u015f\u0259b\u0259k\u0259l\u0259rd\u0259n"},{"@type":"BreadcrumbList","@id":"https:\/\/www.meydan.tv\/az\/article\/gurcustanda-xarici-agentler-haqqinda-qanuna-etiraz-eden-feallar-evlerinin-qarsisinda-doyulur\/#breadcrumb","itemListElement":[{"@type":"ListItem","position":1,"name":"Ana s\u0259hif\u0259","item":"https:\/\/www.meydan.tv\/az\/"},{"@type":"ListItem","position":2,"name":"X\u0259b\u0259rl\u0259r","item":"https:\/\/www.meydan.tv\/az\/section\/xeberler\/"},{"@type":"ListItem","position":3,"name":"G\u00fcrc\u00fcstanda xarici agentl\u0259r haqq\u0131nda qanuna etiraz ed\u0259n f\u0259allar evl\u0259rinin qar\u015f\u0131s\u0131nda d\u00f6y\u00fcl\u00fcr"}]},{"@type":"WebSite","@id":"https:\/\/www.meydan.tv\/az\/#website","url":"https:\/\/www.meydan.tv\/az\/","name":"MEYDAN.TV","description":"Meydan TV Az\u0259rbaycan\u0131n media m\u0259kan\u0131ndak\u0131 alternativ s\u0259sidir","publisher":{"@id":"https:\/\/www.meydan.tv\/az\/#organization"},"potentialAction":[{"@type":"SearchAction","target":{"@type":"EntryPoint","urlTemplate":"https:\/\/www.meydan.tv\/az\/?s={search_term_string}"},"query-input":{"@type":"PropertyValueSpecification","valueRequired":true,"valueName":"search_term_string"}}],"inLanguage":"az"},{"@type":"Organization","@id":"https:\/\/www.meydan.tv\/az\/#organization","name":"Meydan TV","url":"https:\/\/www.meydan.tv\/az\/","logo":{"@type":"ImageObject","inLanguage":"az","@id":"https:\/\/www.meydan.tv\/az\/#\/schema\/logo\/image\/","url":"https:\/\/www.meydan.tv\/wp-content\/uploads\/2021\/07\/meydan-logo.svg","contentUrl":"https:\/\/www.meydan.tv\/wp-content\/uploads\/2021\/07\/meydan-logo.svg","width":195,"height":46,"caption":"Meydan TV"},"image":{"@id":"https:\/\/www.meydan.tv\/az\/#\/schema\/logo\/image\/"}},{"@type":"Person","@id":"https:\/\/www.meydan.tv\/az\/#\/schema\/person\/49b5f2bad5b126bb8ea9320eeb3e4dc9","name":"sevda"}]}},"_links":{"self":[{"href":"https:\/\/www.meydan.tv\/az\/wp-json\/wp\/v2\/posts\/305406","targetHints":{"allow":["GET"]}}],"collection":[{"href":"https:\/\/www.meydan.tv\/az\/wp-json\/wp\/v2\/posts"}],"about":[{"href":"https:\/\/www.meydan.tv\/az\/wp-json\/wp\/v2\/types\/post"}],"author":[{"embeddable":true,"href":"https:\/\/www.meydan.tv\/az\/wp-json\/wp\/v2\/users\/16"}],"replies":[{"embeddable":true,"href":"https:\/\/www.meydan.tv\/az\/wp-json\/wp\/v2\/comments?post=305406"}],"version-history":[{"count":3,"href":"https:\/\/www.meydan.tv\/az\/wp-json\/wp\/v2\/posts\/305406\/revisions"}],"predecessor-version":[{"id":305426,"href":"https:\/\/www.meydan.tv\/az\/wp-json\/wp\/v2\/posts\/305406\/revisions\/305426"}],"wp:featuredmedia":[{"embeddable":true,"href":"https:\/\/www.meydan.tv\/az\/wp-json\/wp\/v2\/media\/305394"}],"wp:attachment":[{"href":"https:\/\/www.meydan.tv\/az\/wp-json\/wp\/v2\/media?parent=305406"}],"wp:term":[{"taxonomy":"category","embeddable":true,"href":"https:\/\/www.meydan.tv\/az\/wp-json\/wp\/v2\/categories?post=305406"},{"taxonomy":"post_tag","embeddable":true,"href":"https:\/\/www.meydan.tv\/az\/wp-json\/wp\/v2\/tags?post=305406"}],"curies":[{"name":"wp","href":"https:\/\/api.w.org\/{rel}","templated":true}]}}