{"id":305400,"date":"2024-05-09T15:24:13","date_gmt":"2024-05-09T11:24:13","guid":{"rendered":"https:\/\/www.meydan.tv\/?p=305400"},"modified":"2024-05-09T18:59:35","modified_gmt":"2024-05-09T14:59:35","slug":"12-sayli-cezacekme-muessisesinde-dini-inanclilarin-isgenceye-meruz-qaldigi-bildirilir","status":"publish","type":"post","link":"https:\/\/www.meydan.tv\/az\/article\/12-sayli-cezacekme-muessisesinde-dini-inanclilarin-isgenceye-meruz-qaldigi-bildirilir\/","title":{"rendered":"12 sayl\u0131 c\u0259za\u00e7\u0259km\u0259 m\u00fc\u0259ssis\u0259sind\u0259 dini inancl\u0131lar\u0131n i\u015fg\u0259nc\u0259y\u0259 m\u0259ruz qald\u0131\u011f\u0131 bildirilir"},"content":{"rendered":"\n<p><\/p>\n\n\n\n<p><strong><em>\u201cTaleh Ba\u011f\u0131rzad\u0259 \u00f6l\u00fcml\u0259 t\u0259hdid olunub\u201d<\/em><\/strong><\/p>\n\n\n\n<p>M\u00fcs\u0259lman Birliyi H\u0259r\u0259kat\u0131n\u0131n s\u0259dri, 9 ildir h\u0259bsd\u0259 olan ilahiyyat\u00e7\u0131 Taleh Ba\u011f\u0131rzad\u0259nin saxland\u0131\u011f\u0131 12 sayl\u0131 c\u0259za\u00e7\u0259km\u0259 m\u00fc\u0259ssis\u0259sind\u0259 \u00f6l\u00fcml\u0259 t\u0259hdid olundu\u011fu, oradak\u0131 bir s\u0131ra dini inancl\u0131 m\u0259hbuslar\u0131n i\u015fg\u0259nc\u0259y\u0259 m\u0259ruz qald\u0131\u011f\u0131 bildirilir.<\/p>\n\n\n\n<p>H\u0259r\u0259katdan Meydan TV-y\u0259 veril\u0259n m\u0259lumata g\u00f6r\u0259, ilahiyyat\u00e7\u0131 \u00f6z\u00fc ba\u015f\u0131na g\u0259l\u0259nl\u0259ri dan\u0131\u015f\u0131b.<br>\u0130lahiyyat\u00e7\u0131 deyib ki, 12 sayl\u0131 c\u0259za\u00e7\u0259km\u0259 m\u00fc\u0259ssis\u0259sind\u0259 su problemi var. X\u00fcsus\u0259n isti aylarda bu problem daha k\u0259skin \u015f\u0259kild\u0259 \u00f6z\u00fcn\u00fc g\u00f6st\u0259rir, m\u00fc\u0259ssis\u0259d\u0259 nat\u0259mizlik olur. Bu \u00fczd\u0259n probleml\u0259 \u0259laq\u0259dar bir ne\u00e7\u0259 d\u0259f\u0259 m\u00fc\u0259ssis\u0259 r\u0259hb\u0259rliyin\u0259 m\u00fcraci\u0259t edib. H\u0259tta media vasit\u0259sil\u0259 d\u0259 c\u0259za\u00e7\u0259km\u0259 m\u00fc\u0259ssis\u0259sind\u0259 susuzlu\u011fun f\u0259sadlar\u0131n\u0131 g\u00fcnd\u0259m\u0259 g\u0259tirib.<\/p>\n\n\n\n<p>Taleh Ba\u011f\u0131rzad\u0259 bildirib ki, g\u00fcnl\u0259rdir, c\u0259za\u00e7\u0259km\u0259 m\u00fc\u0259ssis\u0259sind\u0259 su yoxdur, antisanitariya v\u0259ziyy\u0259ti yaran\u0131b, \u0259traf\u0131 \u00fcfun\u0259t b\u00fcr\u00fcy\u00fcb. O da may\u0131n 8-d\u0259 s\u0259h\u0259r saatlar\u0131nda bu duruma etiraz edib. \u0130lahiyyat\u00e7\u0131 bildirib ki, c\u0259za\u00e7\u0259km\u0259 m\u00fc\u0259ssis\u0259sinin r\u0259hb\u0259rliyi problemi h\u0259ll etm\u0259k \u0259v\u0259zin\u0259, onu dil\u0259 g\u0259tir\u0259nl\u0259ri c\u0259zaland\u0131rmaq q\u0259rar\u0131 verib:<\/p>\n\n\n\n<p>\u201c<em>Oradak\u0131 \u0259m\u0259liyyat\u00e7\u0131lar &#8211; \u018fziz Ta\u011f\u0131yevin ba\u015f\u00e7\u0131l\u0131q etdiyi d\u0259st\u0259 insanlara amans\u0131z i\u015fg\u0259nc\u0259l\u0259r verib\u201d.<\/em><\/p>\n\n\n<div class=\"wp-block-image\">\n<figure class=\"aligncenter size-large\"><img decoding=\"async\" width=\"1200\" height=\"675\" data-src=\"https:\/\/www.meydan.tv\/wp-content\/uploads\/f33e20c1-6a79-443e-8ca9-2904e2a9cddc_cx0_cy15_cw0_w1597_n_r1_st-1200x675.jpg\" alt=\"H\u0259bsxana\" class=\"wp-image-207170 lazyload\" src=\"data:image\/svg+xml;base64,PHN2ZyB3aWR0aD0iMSIgaGVpZ2h0PSIxIiB4bWxucz0iaHR0cDovL3d3dy53My5vcmcvMjAwMC9zdmciPjwvc3ZnPg==\" style=\"--smush-placeholder-width: 1200px; --smush-placeholder-aspect-ratio: 1200\/675;\" \/><figcaption class=\"wp-element-caption\">Foto: Azadl\u0131q.org<\/figcaption><\/figure>\n<\/div>\n\n\n<p>Taleh Ba\u011f\u0131rzad\u0259nin bildirdiyin\u0259 g\u00f6r\u0259, may\u0131n 8-d\u0259 s\u0259h\u0259r etiraz\u0131n\u0131 bildir\u0259nd\u0259n sonra onu v\u0259 m\u00fc\u0259ssis\u0259d\u0259 saxlan\u0131lan R\u0259fael adl\u0131 ba\u015fqa bir inancl\u0131n\u0131 r\u0259hb\u0259rlik dan\u0131\u015f\u0131qlara d\u0259v\u0259t edib. Onlar r\u0259hb\u0259rlikl\u0259 dan\u0131\u015f\u0131qlar apard\u0131\u011f\u0131 m\u00fcdd\u0259td\u0259 4 n\u0259f\u0259r inancl\u0131 &#8211; Kamran H\u00fcseynli, Rasim M\u0259siyev, Fuad \u018fsg\u0259rov v\u0259 Rafiq \u015eahverdiyevi c\u0259zaland\u0131r\u0131blar:<\/p>\n\n\n\n<p><em>\u201c\u018fm\u0259liyyat\u00e7\u0131 Cavid S\u0259f\u0259rov \u0259vv\u0259l onlar\u0131 m\u00fc\u0259ssis\u0259d\u0259 qar\u015f\u0131durma yaratmaqda ittiham edib. Ard\u0131nca onlar\u0131n d\u00f6rd\u00fcn\u00fc d\u0259 c\u0259za ota\u011f\u0131na g\u0259tirdib, t\u0259hqir edib v\u0259 onlara d\u0259h\u015f\u0259tli i\u015fg\u0259nc\u0259l\u0259r verib. Cavid S\u0259f\u0259rov onlara deyib ki, Hac\u0131 Talehin n\u00f6vb\u0259ti etiraz\u0131na cavab daha s\u0259rt olacaq. \u0130\u015fg\u0259nc\u0259 g\u00f6r\u0259n g\u0259ncl\u0259rd\u0259n biri burax\u0131lsa da, qalan 3 n\u0259f\u0259r i\u015fg\u0259nc\u0259 ota\u011f\u0131nda saxlan\u0131l\u0131b\u201d.<\/em><\/p>\n\n\n\n<p>M\u00fcs\u0259lman Birliyi H\u0259r\u0259kat\u0131 vur\u011fulay\u0131b ki, i\u015fg\u0259nc\u0259l\u0259r\u0259 r\u0259hb\u0259rlik ed\u0259n \u018fziz Ta\u011f\u0131yev Taleh Ba\u011f\u0131rzad\u0259ni \u00f6l\u00fcml\u0259 h\u0259d\u0259l\u0259yib. T\u0259\u015fkilat b\u0259yan edib ki, m\u00fc\u0259ssis\u0259d\u0259 m\u0259hbuslara qar\u015f\u0131 bu c\u00fcr davran\u0131\u015f onlar\u0131n h\u0259yat\u0131 v\u0259 sa\u011flaml\u0131\u011f\u0131na ciddi t\u0259hl\u00fck\u0259 oldu\u011funu dem\u0259y\u0259 \u0259sas verir:<\/p>\n\n\n\n<p><em>\u201c\u00d6zba\u015f\u0131nal\u0131qlar\u0131n ya\u015fand\u0131\u011f\u0131 c\u0259za\u00e7\u0259km\u0259 m\u00fc\u0259ssis\u0259l\u0259rind\u0259 says\u0131z-hesabs\u0131z i\u015fg\u0259nc\u0259 faktlar\u0131yla yana\u015f\u0131, q\u0259tl hallar\u0131 da h\u0259bsxanalarda m\u0259hbuslar\u0131n t\u0259hl\u00fck\u0259siz olmad\u0131\u011f\u0131n\u0131 g\u00f6st\u0259rir. \u018fziz Ta\u011f\u0131yev kimi i\u015f\u00e7inin Taleh Ba\u011f\u0131rzad\u0259ni \u00f6l\u00fcml\u0259 t\u0259hdid etm\u0259si is\u0259 bu v\u0259ziyy\u0259td\u0259 daha t\u0259hl\u00fck\u0259li h\u0259y\u0259can t\u0259bili \u00e7alma\u011fa \u0259sas verir\u201d.<\/em><\/p>\n\n\n<div class=\"wp-block-image\">\n<figure class=\"aligncenter size-large\"><img decoding=\"async\" width=\"1200\" height=\"537\" data-src=\"https:\/\/www.meydan.tv\/wp-content\/uploads\/img_9464-scaled-e1680875381281-1200x537.jpg\" alt=\"\" class=\"wp-image-264731 lazyload\" src=\"data:image\/svg+xml;base64,PHN2ZyB3aWR0aD0iMSIgaGVpZ2h0PSIxIiB4bWxucz0iaHR0cDovL3d3dy53My5vcmcvMjAwMC9zdmciPjwvc3ZnPg==\" style=\"--smush-placeholder-width: 1200px; --smush-placeholder-aspect-ratio: 1200\/537;\" \/><figcaption class=\"wp-element-caption\">Taleh Ba\u011f\u0131rzad\u0259. Foto: Meydan TV<\/figcaption><\/figure>\n<\/div>\n\n\n<p>H\u0259r\u0259kat Ombudsman Aparat\u0131 da daxil olmaqla, bir s\u0131ra yerli v\u0259 beyn\u0259lxalq qurumlara m\u00fcraci\u0259t \u00fcnvanlayaraq, onlar\u0131 c\u0259za\u00e7\u0259km\u0259 m\u00fc\u0259ssis\u0259l\u0259rind\u0259 ya\u015fananlara diqq\u0259t yetirm\u0259y\u0259 \u00e7a\u011f\u0131r\u0131b:<\/p>\n\n\n\n<p><em>\u201cOnsuz da g\u00fcnahs\u0131z m\u0259hb\u0259s h\u0259yat\u0131 ya\u015fayan \u015f\u0259xsl\u0259rin h\u0259yat\u0131na olan t\u0259hl\u00fck\u0259l\u0259r ara\u015fd\u0131r\u0131ls\u0131n, g\u00fcnahkarlar c\u0259zaland\u0131r\u0131ls\u0131n&#8230;\u201d.<\/em><\/p>\n\n\n\n<p>12 sayl\u0131 c\u0259za\u00e7\u0259km\u0259 m\u00fc\u0259ssis\u0259sind\u0259 su problemi v\u0259 m\u0259hbuslara i\u015fg\u0259nc\u0259 verilm\u0259sil\u0259 ba\u011fl\u0131 deyil\u0259nl\u0259r\u0259 Penitensiar Xidm\u0259td\u0259n m\u00fcnasib\u0259t \u00f6yr\u0259nm\u0259k m\u00fcmk\u00fcn olmay\u0131b.<\/p>\n\n\n\n<p>Bundan \u00f6nc\u0259 d\u0259 s\u00f6z\u00fcged\u0259n m\u00fc\u0259ssis\u0259d\u0259 i\u015fg\u0259nc\u0259 hallar\u0131yla ba\u011fl\u0131 d\u0259f\u0259l\u0259rl\u0259 \u015fikay\u0259tl\u0259r olub. Bir m\u00fcdd\u0259t \u00f6nc\u0259 m\u00fc\u0259ssis\u0259d\u0259 saxlan\u0131lan m\u0259hkumlar k\u00fctl\u0259vi \u015f\u0259kild\u0259 Prezident \u0130lham \u018fliyev\u0259 m\u00fcraci\u0259t \u00fcnvanlayaraq, orada v\u0259ziyy\u0259tin d\u00f6z\u00fclm\u0259z oldu\u011funu, korrupsiya v\u0259 i\u015fg\u0259nc\u0259 hallar\u0131n\u0131n geni\u015f yay\u0131ld\u0131\u011f\u0131n\u0131 bildirmi\u015fdil\u0259r.<\/p>\n\n\n<div class=\"wp-block-image\">\n<figure class=\"aligncenter size-full\"><img decoding=\"async\" width=\"1200\" height=\"660\" data-src=\"https:\/\/www.meydan.tv\/wp-content\/uploads\/whatsapp-image-2024-02-12-at-17.53.42_944dd56b.jpg\" alt=\"\" class=\"wp-image-299255 lazyload\" src=\"data:image\/svg+xml;base64,PHN2ZyB3aWR0aD0iMSIgaGVpZ2h0PSIxIiB4bWxucz0iaHR0cDovL3d3dy53My5vcmcvMjAwMC9zdmciPjwvc3ZnPg==\" style=\"--smush-placeholder-width: 1200px; --smush-placeholder-aspect-ratio: 1200\/660;\" \/><figcaption class=\"wp-element-caption\">Penitensiar Xidm\u0259t (PX). Foto: PX<\/figcaption><\/figure>\n<\/div>\n\n\n<p>O zaman Penitensiar Xidm\u0259tin ictimaiyy\u0259tl\u0259 \u0259laq\u0259l\u0259r \u015f\u00f6b\u0259si oradak\u0131 qanunsuzluqlar bar\u0259d\u0259 deyil\u0259nl\u0259ri t\u0259kzib etmi\u015fdi. Bildirilmi\u015fdi ki, 12 sayl\u0131 c\u0259za\u00e7\u0259km\u0259 m\u00fc\u0259ssis\u0259si ciddi rejimlidir, orada d\u0259f\u0259l\u0259rl\u0259 m\u0259hkum olunmu\u015f v\u0259 ya ilk d\u0259f\u0259 a\u011f\u0131r cinay\u0259t t\u00f6r\u0259tmi\u015f \u015f\u0259xsl\u0259r c\u0259za \u00e7\u0259kir:<\/p>\n\n\n\n<p><em>\u201cOnlarla i\u015fl\u0259m\u0259k kifay\u0259t q\u0259d\u0259r a\u011f\u0131rd\u0131r v\u0259 psixoloji c\u0259h\u0259td\u0259n pe\u015f\u0259kar olmaq laz\u0131md\u0131r\u201d.<\/em><\/p>\n\n\n\n<p>2015-ci ilin noyabr\u0131ndan Nardaran hadis\u0259l\u0259ri zaman\u0131 h\u0259bs olunan Taleh Ba\u011f\u0131rzad\u0259 20 il azadl\u0131qdan m\u0259hrum edilib. O, polisl\u0259rin \u00f6ld\u00fcr\u00fclm\u0259si, terror\u00e7uluq, qanunsuz silah-sursat saxlama v\u0259 ba\u015fqa a\u011f\u0131r ittihamlarla t\u0259qsirl\u0259ndirils\u0259 d\u0259, bunlar\u0131n he\u00e7 birini q\u0259bul etmir, sifari\u015fl\u0259 h\u0259bs olundu\u011funu bildirir.<\/p>\n\n\n\n<p>\u0130lahiyyat\u00e7\u0131 bildirib ki, Nardaran \u0259m\u0259liyyat\u0131 zaman\u0131 q\u0259tl\u0259 yetiril\u0259n 4 n\u0259f\u0259r yerli sakin v\u0259 2 polisin \u00f6l\u00fcm\u00fcn\u0259 g\u00f6r\u0259 m\u0259suliyy\u0259t \u0259m\u0259liyyat\u0131 ke\u00e7ir\u0259n M\u00fct\u0259\u015f\u0259kkil Cinay\u0259tkarl\u0131\u011fa Qar\u015f\u0131 M\u00fcbariz\u0259 \u0130dar\u0259sinin (\u201cbandotdel\u201d) \u00fcz\u0259rind\u0259dir. \u0130lahiyyat\u00e7\u0131n\u0131n s\u00f6zl\u0259rin\u0259 g\u00f6r\u0259, onlarda \u00fcmumiyy\u0259tl\u0259, silah olmay\u0131b v\u0259 dinc \u015f\u0259kild\u0259 evd\u0259 olduqlar\u0131 halda, polisl\u0259r silahl\u0131 h\u00fccum ed\u0259r\u0259k, 6 n\u0259f\u0259ri \u00f6zl\u0259ri \u00f6ld\u00fcr\u00fcb, qalanlar\u0131 da tutub apar\u0131blar.<\/p>\n\n\n<div class=\"wp-block-image\">\n<figure class=\"aligncenter size-full\"><img decoding=\"async\" width=\"1000\" height=\"562\" data-src=\"https:\/\/www.meydan.tv\/wp-content\/uploads\/15837369221425115375_1000x669.jpg\" alt=\"Daxili \u0130\u015fl\u0259r Nazirliyi Ba\u015f M\u00fct\u0259\u015f\u0259kkil Cinay\u0259tkarl\u0131qla M\u00fcbariz\u0259 \u0130dar\u0259si\" class=\"wp-image-138726 lazyload\" src=\"data:image\/svg+xml;base64,PHN2ZyB3aWR0aD0iMSIgaGVpZ2h0PSIxIiB4bWxucz0iaHR0cDovL3d3dy53My5vcmcvMjAwMC9zdmciPjwvc3ZnPg==\" style=\"--smush-placeholder-width: 1000px; --smush-placeholder-aspect-ratio: 1000\/562;\" \/><figcaption class=\"wp-element-caption\"> Foto: Az\u0259rtac<\/figcaption><\/figure>\n<\/div>\n\n\n<p>Taleh Ba\u011f\u0131rzad\u0259 v\u0259 onunla birlikd\u0259 m\u00fchakim\u0259 olunanlar ist\u0259r saxlan\u0131l\u0131b \u201cbandotdel\u201d\u0259 apar\u0131landa, ist\u0259rs\u0259 d\u0259 g\u00fcnl\u0259rl\u0259 idar\u0259d\u0259 saxland\u0131qlar\u0131 m\u00fcdd\u0259td\u0259 a\u011flas\u0131\u011fmaz i\u015fg\u0259nc\u0259l\u0259r\u0259 m\u0259ruz qald\u0131qlar\u0131n\u0131 bildiribl\u0259r.<br>Lakin Daxili \u0130\u015fl\u0259r Nazirliyi i\u015fg\u0259nc\u0259 iddialar\u0131n\u0131 r\u0259dd edir.<\/p>\n\n\n\n<p>Taleh Ba\u011f\u0131rzad\u0259 ona verilmi\u015f 20 illik c\u0259zan\u0131n 7 ilini Qobustan h\u0259bsxanas\u0131nda \u00e7\u0259kib.<br>Haz\u0131rda Taleh Ba\u011f\u0131rzad\u0259 d\u0259 daxil olmaqla, M\u00fcs\u0259lman Birliyinin 70-d\u0259n \u00e7ox \u00fczv\u00fc h\u0259bsd\u0259dir. Onlar\u0131n he\u00e7 biri ittihamlar\u0131 q\u0259bul etmir, siyasi sifari\u015fl\u0259 h\u0259bs olunduqlar\u0131n\u0131 deyirl\u0259r.<\/p>\n","protected":false},"excerpt":{"rendered":"<p>\u201cTaleh Ba\u011f\u0131rzad\u0259 \u00f6l\u00fcml\u0259 t\u0259hdid olunub\u201d M\u00fcs\u0259lman Birliyi H\u0259r\u0259kat\u0131n\u0131n s\u0259dri, 9 &#8230; <\/p>\n<p class=\"read-more-container\"><a title=\"12 sayl\u0131 c\u0259za\u00e7\u0259km\u0259 m\u00fc\u0259ssis\u0259sind\u0259 dini inancl\u0131lar\u0131n i\u015fg\u0259nc\u0259y\u0259 m\u0259ruz qald\u0131\u011f\u0131 bildirilir\" class=\"read-more button\" href=\"https:\/\/www.meydan.tv\/az\/article\/12-sayli-cezacekme-muessisesinde-dini-inanclilarin-isgenceye-meruz-qaldigi-bildirilir\/#more-305400\" aria-label=\"Read more about 12 sayl\u0131 c\u0259za\u00e7\u0259km\u0259 m\u00fc\u0259ssis\u0259sind\u0259 dini inancl\u0131lar\u0131n i\u015fg\u0259nc\u0259y\u0259 m\u0259ruz qald\u0131\u011f\u0131 bildirilir\">Davam\u0131<\/a><\/p>\n","protected":false},"author":8,"featured_media":136914,"comment_status":"closed","ping_status":"closed","sticky":false,"template":"","format":"standard","meta":{"_acf_changed":false,"_sitemap_exclude":false,"_sitemap_priority":"","_sitemap_frequency":"","footnotes":""},"categories":[59,79,56],"tags":[],"class_list":["post-305400","post","type-post","status-publish","format-standard","has-post-thumbnail","hentry","category-siyaset","category-featured","category-xeberler","infinite-scroll-item","generate-columns","tablet-grid-50","mobile-grid-100","grid-parent","grid-33","no-featured-image-padding"],"acf":[],"yoast_head":"<!-- This site is optimized with the Yoast SEO plugin v27.4 - https:\/\/yoast.com\/product\/yoast-seo-wordpress\/ -->\n<title>12 sayl\u0131 c\u0259za\u00e7\u0259km\u0259 m\u00fc\u0259ssis\u0259sind\u0259 dini inancl\u0131lar\u0131n i\u015fg\u0259nc\u0259y\u0259 m\u0259ruz qald\u0131\u011f\u0131 bildirilir - MEYDAN.TV<\/title>\n<meta name=\"robots\" content=\"index, follow, max-snippet:-1, max-image-preview:large, max-video-preview:-1\" \/>\n<link rel=\"canonical\" href=\"https:\/\/www.meydan.tv\/az\/article\/12-sayli-cezacekme-muessisesinde-dini-inanclilarin-isgenceye-meruz-qaldigi-bildirilir\/\" \/>\n<meta property=\"og:locale\" content=\"az_AZ\" \/>\n<meta property=\"og:type\" content=\"article\" \/>\n<meta property=\"og:title\" content=\"12 sayl\u0131 c\u0259za\u00e7\u0259km\u0259 m\u00fc\u0259ssis\u0259sind\u0259 dini inancl\u0131lar\u0131n i\u015fg\u0259nc\u0259y\u0259 m\u0259ruz qald\u0131\u011f\u0131 bildirilir - MEYDAN.TV\" \/>\n<meta property=\"og:description\" content=\"\u201cTaleh Ba\u011f\u0131rzad\u0259 \u00f6l\u00fcml\u0259 t\u0259hdid olunub\u201d M\u00fcs\u0259lman Birliyi H\u0259r\u0259kat\u0131n\u0131n s\u0259dri, 9 ... Davam\u0131\" \/>\n<meta property=\"og:url\" content=\"https:\/\/www.meydan.tv\/az\/article\/12-sayli-cezacekme-muessisesinde-dini-inanclilarin-isgenceye-meruz-qaldigi-bildirilir\/\" \/>\n<meta property=\"og:site_name\" content=\"MEYDAN.TV\" \/>\n<meta property=\"article:published_time\" content=\"2024-05-09T11:24:13+00:00\" \/>\n<meta property=\"article:modified_time\" content=\"2024-05-09T14:59:35+00:00\" \/>\n<meta property=\"og:image\" content=\"https:\/\/www.meydan.tv\/wp-content\/uploads\/image_from_ios_3_5srselk-scaled-e1661965039947.jpg\" \/>\n\t<meta property=\"og:image:width\" content=\"2560\" \/>\n\t<meta property=\"og:image:height\" content=\"1516\" \/>\n\t<meta property=\"og:image:type\" content=\"image\/jpeg\" \/>\n<meta name=\"author\" content=\"elli\" \/>\n<meta name=\"twitter:card\" content=\"summary_large_image\" \/>\n<meta name=\"twitter:creator\" content=\"@elli\" \/>\n<script type=\"application\/ld+json\" class=\"yoast-schema-graph\">{\"@context\":\"https:\\\/\\\/schema.org\",\"@graph\":[{\"@type\":\"Article\",\"@id\":\"https:\\\/\\\/www.meydan.tv\\\/az\\\/article\\\/12-sayli-cezacekme-muessisesinde-dini-inanclilarin-isgenceye-meruz-qaldigi-bildirilir\\\/#article\",\"isPartOf\":{\"@id\":\"https:\\\/\\\/www.meydan.tv\\\/az\\\/article\\\/12-sayli-cezacekme-muessisesinde-dini-inanclilarin-isgenceye-meruz-qaldigi-bildirilir\\\/\"},\"author\":{\"name\":\"elli\",\"@id\":\"https:\\\/\\\/www.meydan.tv\\\/az\\\/#\\\/schema\\\/person\\\/9cdbecf90d17180ce1dfbd95b08dcf47\"},\"headline\":\"12 sayl\u0131 c\u0259za\u00e7\u0259km\u0259 m\u00fc\u0259ssis\u0259sind\u0259 dini inancl\u0131lar\u0131n i\u015fg\u0259nc\u0259y\u0259 m\u0259ruz qald\u0131\u011f\u0131 bildirilir\",\"datePublished\":\"2024-05-09T11:24:13+00:00\",\"dateModified\":\"2024-05-09T14:59:35+00:00\",\"mainEntityOfPage\":{\"@id\":\"https:\\\/\\\/www.meydan.tv\\\/az\\\/article\\\/12-sayli-cezacekme-muessisesinde-dini-inanclilarin-isgenceye-meruz-qaldigi-bildirilir\\\/\"},\"wordCount\":1117,\"publisher\":{\"@id\":\"https:\\\/\\\/www.meydan.tv\\\/az\\\/#organization\"},\"image\":{\"@id\":\"https:\\\/\\\/www.meydan.tv\\\/az\\\/article\\\/12-sayli-cezacekme-muessisesinde-dini-inanclilarin-isgenceye-meruz-qaldigi-bildirilir\\\/#primaryimage\"},\"thumbnailUrl\":\"https:\\\/\\\/www.meydan.tv\\\/wp-content\\\/uploads\\\/image_from_ios_3_5srselk-scaled-e1661965039947.jpg\",\"articleSection\":[\"Siyas\u0259t\",\"T\u00f6vsiy\u0259\",\"X\u0259b\u0259rl\u0259r\"],\"inLanguage\":\"az\"},{\"@type\":\"WebPage\",\"@id\":\"https:\\\/\\\/www.meydan.tv\\\/az\\\/article\\\/12-sayli-cezacekme-muessisesinde-dini-inanclilarin-isgenceye-meruz-qaldigi-bildirilir\\\/\",\"url\":\"https:\\\/\\\/www.meydan.tv\\\/az\\\/article\\\/12-sayli-cezacekme-muessisesinde-dini-inanclilarin-isgenceye-meruz-qaldigi-bildirilir\\\/\",\"name\":\"12 sayl\u0131 c\u0259za\u00e7\u0259km\u0259 m\u00fc\u0259ssis\u0259sind\u0259 dini inancl\u0131lar\u0131n i\u015fg\u0259nc\u0259y\u0259 m\u0259ruz qald\u0131\u011f\u0131 bildirilir - MEYDAN.TV\",\"isPartOf\":{\"@id\":\"https:\\\/\\\/www.meydan.tv\\\/az\\\/#website\"},\"primaryImageOfPage\":{\"@id\":\"https:\\\/\\\/www.meydan.tv\\\/az\\\/article\\\/12-sayli-cezacekme-muessisesinde-dini-inanclilarin-isgenceye-meruz-qaldigi-bildirilir\\\/#primaryimage\"},\"image\":{\"@id\":\"https:\\\/\\\/www.meydan.tv\\\/az\\\/article\\\/12-sayli-cezacekme-muessisesinde-dini-inanclilarin-isgenceye-meruz-qaldigi-bildirilir\\\/#primaryimage\"},\"thumbnailUrl\":\"https:\\\/\\\/www.meydan.tv\\\/wp-content\\\/uploads\\\/image_from_ios_3_5srselk-scaled-e1661965039947.jpg\",\"datePublished\":\"2024-05-09T11:24:13+00:00\",\"dateModified\":\"2024-05-09T14:59:35+00:00\",\"breadcrumb\":{\"@id\":\"https:\\\/\\\/www.meydan.tv\\\/az\\\/article\\\/12-sayli-cezacekme-muessisesinde-dini-inanclilarin-isgenceye-meruz-qaldigi-bildirilir\\\/#breadcrumb\"},\"inLanguage\":\"az\",\"potentialAction\":[{\"@type\":\"ReadAction\",\"target\":[\"https:\\\/\\\/www.meydan.tv\\\/az\\\/article\\\/12-sayli-cezacekme-muessisesinde-dini-inanclilarin-isgenceye-meruz-qaldigi-bildirilir\\\/\"]}]},{\"@type\":\"ImageObject\",\"inLanguage\":\"az\",\"@id\":\"https:\\\/\\\/www.meydan.tv\\\/az\\\/article\\\/12-sayli-cezacekme-muessisesinde-dini-inanclilarin-isgenceye-meruz-qaldigi-bildirilir\\\/#primaryimage\",\"url\":\"https:\\\/\\\/www.meydan.tv\\\/wp-content\\\/uploads\\\/image_from_ios_3_5srselk-scaled-e1661965039947.jpg\",\"contentUrl\":\"https:\\\/\\\/www.meydan.tv\\\/wp-content\\\/uploads\\\/image_from_ios_3_5srselk-scaled-e1661965039947.jpg\",\"width\":2560,\"height\":1516,\"caption\":\"\u0130ll\u00fcstrasiya: Meydan TV\"},{\"@type\":\"BreadcrumbList\",\"@id\":\"https:\\\/\\\/www.meydan.tv\\\/az\\\/article\\\/12-sayli-cezacekme-muessisesinde-dini-inanclilarin-isgenceye-meruz-qaldigi-bildirilir\\\/#breadcrumb\",\"itemListElement\":[{\"@type\":\"ListItem\",\"position\":1,\"name\":\"Ana s\u0259hif\u0259\",\"item\":\"https:\\\/\\\/www.meydan.tv\\\/az\\\/\"},{\"@type\":\"ListItem\",\"position\":2,\"name\":\"Siyas\u0259t\",\"item\":\"https:\\\/\\\/www.meydan.tv\\\/az\\\/section\\\/siyaset\\\/\"},{\"@type\":\"ListItem\",\"position\":3,\"name\":\"12 sayl\u0131 c\u0259za\u00e7\u0259km\u0259 m\u00fc\u0259ssis\u0259sind\u0259 dini inancl\u0131lar\u0131n i\u015fg\u0259nc\u0259y\u0259 m\u0259ruz qald\u0131\u011f\u0131 bildirilir\"}]},{\"@type\":\"WebSite\",\"@id\":\"https:\\\/\\\/www.meydan.tv\\\/az\\\/#website\",\"url\":\"https:\\\/\\\/www.meydan.tv\\\/az\\\/\",\"name\":\"MEYDAN.TV\",\"description\":\"Meydan TV Az\u0259rbaycan\u0131n media m\u0259kan\u0131ndak\u0131 alternativ s\u0259sidir\",\"publisher\":{\"@id\":\"https:\\\/\\\/www.meydan.tv\\\/az\\\/#organization\"},\"potentialAction\":[{\"@type\":\"SearchAction\",\"target\":{\"@type\":\"EntryPoint\",\"urlTemplate\":\"https:\\\/\\\/www.meydan.tv\\\/az\\\/?s={search_term_string}\"},\"query-input\":{\"@type\":\"PropertyValueSpecification\",\"valueRequired\":true,\"valueName\":\"search_term_string\"}}],\"inLanguage\":\"az\"},{\"@type\":\"Organization\",\"@id\":\"https:\\\/\\\/www.meydan.tv\\\/az\\\/#organization\",\"name\":\"Meydan TV\",\"url\":\"https:\\\/\\\/www.meydan.tv\\\/az\\\/\",\"logo\":{\"@type\":\"ImageObject\",\"inLanguage\":\"az\",\"@id\":\"https:\\\/\\\/www.meydan.tv\\\/az\\\/#\\\/schema\\\/logo\\\/image\\\/\",\"url\":\"https:\\\/\\\/www.meydan.tv\\\/wp-content\\\/uploads\\\/2021\\\/07\\\/meydan-logo.svg\",\"contentUrl\":\"https:\\\/\\\/www.meydan.tv\\\/wp-content\\\/uploads\\\/2021\\\/07\\\/meydan-logo.svg\",\"width\":195,\"height\":46,\"caption\":\"Meydan TV\"},\"image\":{\"@id\":\"https:\\\/\\\/www.meydan.tv\\\/az\\\/#\\\/schema\\\/logo\\\/image\\\/\"}},{\"@type\":\"Person\",\"@id\":\"https:\\\/\\\/www.meydan.tv\\\/az\\\/#\\\/schema\\\/person\\\/9cdbecf90d17180ce1dfbd95b08dcf47\",\"name\":\"elli\",\"sameAs\":[\"https:\\\/\\\/x.com\\\/elli\"]}]}<\/script>\n<!-- \/ Yoast SEO plugin. -->","yoast_head_json":{"title":"12 sayl\u0131 c\u0259za\u00e7\u0259km\u0259 m\u00fc\u0259ssis\u0259sind\u0259 dini inancl\u0131lar\u0131n i\u015fg\u0259nc\u0259y\u0259 m\u0259ruz qald\u0131\u011f\u0131 bildirilir - MEYDAN.TV","robots":{"index":"index","follow":"follow","max-snippet":"max-snippet:-1","max-image-preview":"max-image-preview:large","max-video-preview":"max-video-preview:-1"},"canonical":"https:\/\/www.meydan.tv\/az\/article\/12-sayli-cezacekme-muessisesinde-dini-inanclilarin-isgenceye-meruz-qaldigi-bildirilir\/","og_locale":"az_AZ","og_type":"article","og_title":"12 sayl\u0131 c\u0259za\u00e7\u0259km\u0259 m\u00fc\u0259ssis\u0259sind\u0259 dini inancl\u0131lar\u0131n i\u015fg\u0259nc\u0259y\u0259 m\u0259ruz qald\u0131\u011f\u0131 bildirilir - MEYDAN.TV","og_description":"\u201cTaleh Ba\u011f\u0131rzad\u0259 \u00f6l\u00fcml\u0259 t\u0259hdid olunub\u201d M\u00fcs\u0259lman Birliyi H\u0259r\u0259kat\u0131n\u0131n s\u0259dri, 9 ... Davam\u0131","og_url":"https:\/\/www.meydan.tv\/az\/article\/12-sayli-cezacekme-muessisesinde-dini-inanclilarin-isgenceye-meruz-qaldigi-bildirilir\/","og_site_name":"MEYDAN.TV","article_published_time":"2024-05-09T11:24:13+00:00","article_modified_time":"2024-05-09T14:59:35+00:00","og_image":[{"width":2560,"height":1516,"url":"https:\/\/www.meydan.tv\/wp-content\/uploads\/image_from_ios_3_5srselk-scaled-e1661965039947.jpg","type":"image\/jpeg"}],"author":"elli","twitter_card":"summary_large_image","twitter_creator":"@elli","schema":{"@context":"https:\/\/schema.org","@graph":[{"@type":"Article","@id":"https:\/\/www.meydan.tv\/az\/article\/12-sayli-cezacekme-muessisesinde-dini-inanclilarin-isgenceye-meruz-qaldigi-bildirilir\/#article","isPartOf":{"@id":"https:\/\/www.meydan.tv\/az\/article\/12-sayli-cezacekme-muessisesinde-dini-inanclilarin-isgenceye-meruz-qaldigi-bildirilir\/"},"author":{"name":"elli","@id":"https:\/\/www.meydan.tv\/az\/#\/schema\/person\/9cdbecf90d17180ce1dfbd95b08dcf47"},"headline":"12 sayl\u0131 c\u0259za\u00e7\u0259km\u0259 m\u00fc\u0259ssis\u0259sind\u0259 dini inancl\u0131lar\u0131n i\u015fg\u0259nc\u0259y\u0259 m\u0259ruz qald\u0131\u011f\u0131 bildirilir","datePublished":"2024-05-09T11:24:13+00:00","dateModified":"2024-05-09T14:59:35+00:00","mainEntityOfPage":{"@id":"https:\/\/www.meydan.tv\/az\/article\/12-sayli-cezacekme-muessisesinde-dini-inanclilarin-isgenceye-meruz-qaldigi-bildirilir\/"},"wordCount":1117,"publisher":{"@id":"https:\/\/www.meydan.tv\/az\/#organization"},"image":{"@id":"https:\/\/www.meydan.tv\/az\/article\/12-sayli-cezacekme-muessisesinde-dini-inanclilarin-isgenceye-meruz-qaldigi-bildirilir\/#primaryimage"},"thumbnailUrl":"https:\/\/www.meydan.tv\/wp-content\/uploads\/image_from_ios_3_5srselk-scaled-e1661965039947.jpg","articleSection":["Siyas\u0259t","T\u00f6vsiy\u0259","X\u0259b\u0259rl\u0259r"],"inLanguage":"az"},{"@type":"WebPage","@id":"https:\/\/www.meydan.tv\/az\/article\/12-sayli-cezacekme-muessisesinde-dini-inanclilarin-isgenceye-meruz-qaldigi-bildirilir\/","url":"https:\/\/www.meydan.tv\/az\/article\/12-sayli-cezacekme-muessisesinde-dini-inanclilarin-isgenceye-meruz-qaldigi-bildirilir\/","name":"12 sayl\u0131 c\u0259za\u00e7\u0259km\u0259 m\u00fc\u0259ssis\u0259sind\u0259 dini inancl\u0131lar\u0131n i\u015fg\u0259nc\u0259y\u0259 m\u0259ruz qald\u0131\u011f\u0131 bildirilir - MEYDAN.TV","isPartOf":{"@id":"https:\/\/www.meydan.tv\/az\/#website"},"primaryImageOfPage":{"@id":"https:\/\/www.meydan.tv\/az\/article\/12-sayli-cezacekme-muessisesinde-dini-inanclilarin-isgenceye-meruz-qaldigi-bildirilir\/#primaryimage"},"image":{"@id":"https:\/\/www.meydan.tv\/az\/article\/12-sayli-cezacekme-muessisesinde-dini-inanclilarin-isgenceye-meruz-qaldigi-bildirilir\/#primaryimage"},"thumbnailUrl":"https:\/\/www.meydan.tv\/wp-content\/uploads\/image_from_ios_3_5srselk-scaled-e1661965039947.jpg","datePublished":"2024-05-09T11:24:13+00:00","dateModified":"2024-05-09T14:59:35+00:00","breadcrumb":{"@id":"https:\/\/www.meydan.tv\/az\/article\/12-sayli-cezacekme-muessisesinde-dini-inanclilarin-isgenceye-meruz-qaldigi-bildirilir\/#breadcrumb"},"inLanguage":"az","potentialAction":[{"@type":"ReadAction","target":["https:\/\/www.meydan.tv\/az\/article\/12-sayli-cezacekme-muessisesinde-dini-inanclilarin-isgenceye-meruz-qaldigi-bildirilir\/"]}]},{"@type":"ImageObject","inLanguage":"az","@id":"https:\/\/www.meydan.tv\/az\/article\/12-sayli-cezacekme-muessisesinde-dini-inanclilarin-isgenceye-meruz-qaldigi-bildirilir\/#primaryimage","url":"https:\/\/www.meydan.tv\/wp-content\/uploads\/image_from_ios_3_5srselk-scaled-e1661965039947.jpg","contentUrl":"https:\/\/www.meydan.tv\/wp-content\/uploads\/image_from_ios_3_5srselk-scaled-e1661965039947.jpg","width":2560,"height":1516,"caption":"\u0130ll\u00fcstrasiya: Meydan TV"},{"@type":"BreadcrumbList","@id":"https:\/\/www.meydan.tv\/az\/article\/12-sayli-cezacekme-muessisesinde-dini-inanclilarin-isgenceye-meruz-qaldigi-bildirilir\/#breadcrumb","itemListElement":[{"@type":"ListItem","position":1,"name":"Ana s\u0259hif\u0259","item":"https:\/\/www.meydan.tv\/az\/"},{"@type":"ListItem","position":2,"name":"Siyas\u0259t","item":"https:\/\/www.meydan.tv\/az\/section\/siyaset\/"},{"@type":"ListItem","position":3,"name":"12 sayl\u0131 c\u0259za\u00e7\u0259km\u0259 m\u00fc\u0259ssis\u0259sind\u0259 dini inancl\u0131lar\u0131n i\u015fg\u0259nc\u0259y\u0259 m\u0259ruz qald\u0131\u011f\u0131 bildirilir"}]},{"@type":"WebSite","@id":"https:\/\/www.meydan.tv\/az\/#website","url":"https:\/\/www.meydan.tv\/az\/","name":"MEYDAN.TV","description":"Meydan TV Az\u0259rbaycan\u0131n media m\u0259kan\u0131ndak\u0131 alternativ s\u0259sidir","publisher":{"@id":"https:\/\/www.meydan.tv\/az\/#organization"},"potentialAction":[{"@type":"SearchAction","target":{"@type":"EntryPoint","urlTemplate":"https:\/\/www.meydan.tv\/az\/?s={search_term_string}"},"query-input":{"@type":"PropertyValueSpecification","valueRequired":true,"valueName":"search_term_string"}}],"inLanguage":"az"},{"@type":"Organization","@id":"https:\/\/www.meydan.tv\/az\/#organization","name":"Meydan TV","url":"https:\/\/www.meydan.tv\/az\/","logo":{"@type":"ImageObject","inLanguage":"az","@id":"https:\/\/www.meydan.tv\/az\/#\/schema\/logo\/image\/","url":"https:\/\/www.meydan.tv\/wp-content\/uploads\/2021\/07\/meydan-logo.svg","contentUrl":"https:\/\/www.meydan.tv\/wp-content\/uploads\/2021\/07\/meydan-logo.svg","width":195,"height":46,"caption":"Meydan TV"},"image":{"@id":"https:\/\/www.meydan.tv\/az\/#\/schema\/logo\/image\/"}},{"@type":"Person","@id":"https:\/\/www.meydan.tv\/az\/#\/schema\/person\/9cdbecf90d17180ce1dfbd95b08dcf47","name":"elli","sameAs":["https:\/\/x.com\/elli"]}]}},"_links":{"self":[{"href":"https:\/\/www.meydan.tv\/az\/wp-json\/wp\/v2\/posts\/305400","targetHints":{"allow":["GET"]}}],"collection":[{"href":"https:\/\/www.meydan.tv\/az\/wp-json\/wp\/v2\/posts"}],"about":[{"href":"https:\/\/www.meydan.tv\/az\/wp-json\/wp\/v2\/types\/post"}],"author":[{"embeddable":true,"href":"https:\/\/www.meydan.tv\/az\/wp-json\/wp\/v2\/users\/8"}],"replies":[{"embeddable":true,"href":"https:\/\/www.meydan.tv\/az\/wp-json\/wp\/v2\/comments?post=305400"}],"version-history":[{"count":3,"href":"https:\/\/www.meydan.tv\/az\/wp-json\/wp\/v2\/posts\/305400\/revisions"}],"predecessor-version":[{"id":305421,"href":"https:\/\/www.meydan.tv\/az\/wp-json\/wp\/v2\/posts\/305400\/revisions\/305421"}],"wp:featuredmedia":[{"embeddable":true,"href":"https:\/\/www.meydan.tv\/az\/wp-json\/wp\/v2\/media\/136914"}],"wp:attachment":[{"href":"https:\/\/www.meydan.tv\/az\/wp-json\/wp\/v2\/media?parent=305400"}],"wp:term":[{"taxonomy":"category","embeddable":true,"href":"https:\/\/www.meydan.tv\/az\/wp-json\/wp\/v2\/categories?post=305400"},{"taxonomy":"post_tag","embeddable":true,"href":"https:\/\/www.meydan.tv\/az\/wp-json\/wp\/v2\/tags?post=305400"}],"curies":[{"name":"wp","href":"https:\/\/api.w.org\/{rel}","templated":true}]}}