{"id":305381,"date":"2024-05-09T10:45:30","date_gmt":"2024-05-09T06:45:30","guid":{"rendered":"https:\/\/www.meydan.tv\/?p=305381"},"modified":"2024-05-09T23:01:35","modified_gmt":"2024-05-09T19:01:35","slug":"putinle-pasinyan-gorusub-biz-hemise-ilk-novbede-iqtisadi-emekdasliga-diqqet-yetiririk","status":"publish","type":"post","link":"https:\/\/www.meydan.tv\/az\/article\/putinle-pasinyan-gorusub-biz-hemise-ilk-novbede-iqtisadi-emekdasliga-diqqet-yetiririk\/","title":{"rendered":"Putinl\u0259 Pa\u015finyan g\u00f6r\u00fc\u015f\u00fcb: \u201cBiz h\u0259mi\u015f\u0259, ilk n\u00f6vb\u0259d\u0259, iqtisadi \u0259m\u0259kda\u015fl\u0131\u011fa diqq\u0259t yetiririk\u201d (yenil\u0259nib)"},"content":{"rendered":"\n<figure class=\"wp-block-embed is-type-video is-provider-youtube wp-block-embed-youtube wp-embed-aspect-16-9 wp-has-aspect-ratio\"><div class=\"wp-block-embed__wrapper\">\n<iframe title=\"\u201cRusiya h\u0259rb\u00e7il\u0259rinin bundan sonra \u201cZvartnots\u201d hava liman\u0131nda xidm\u0259t aparmayacaqlar\u201d\" width=\"1200\" height=\"675\" data-src=\"https:\/\/www.youtube.com\/embed\/YIQIKg9NEHk?feature=oembed\" frameborder=\"0\" allow=\"accelerometer; autoplay; clipboard-write; encrypted-media; gyroscope; picture-in-picture; web-share\" referrerpolicy=\"strict-origin-when-cross-origin\" allowfullscreen src=\"data:image\/svg+xml;base64,PHN2ZyB3aWR0aD0iMSIgaGVpZ2h0PSIxIiB4bWxucz0iaHR0cDovL3d3dy53My5vcmcvMjAwMC9zdmciPjwvc3ZnPg==\" class=\"lazyload\" data-load-mode=\"1\"><\/iframe>\n<\/div><\/figure>\n\n\n\n<!--more-->\n\n\n\n<p><strong>Kremlin s\u00f6z\u00e7\u00fcs\u00fc Dmitri Peskov Vladimir Putin v\u0259 Nikol Pa\u015finyan\u0131n Rusiya s\u0259rh\u0259d\u00e7il\u0259rinin Erm\u0259nistan\u0131n Az\u0259rbaycanla s\u0259rh\u0259d \u0259razil\u0259rind\u0259n \u00e7\u0131xar\u0131lmas\u0131 il\u0259 ba\u011fl\u0131 raz\u0131la\u015fmas\u0131n\u0131 t\u0259sdiql\u0259yib.<\/strong><\/p>\n\n\n\n<p><strong>Onun s\u00f6zl\u0259rin\u0259 g\u00f6r\u0259, Yerevan\u0131n t\u0259l\u0259bi il\u0259 Rusiya s\u0259rh\u0259d\u00e7il\u0259ri \u0130ran v\u0259 T\u00fcrkiy\u0259 il\u0259 s\u0259rh\u0259dd\u0259 qalacaqlar.<\/strong><\/p>\n\n\n\n<p><strong>D.Peskov bildirib ki, Putinl\u0259 Pa\u015finyan aras\u0131nda g\u00f6r\u00fc\u015fd\u0259 \u0259sas\u0259n ticar\u0259t-iqtisadi \u0259laq\u0259l\u0259rimizin inki\u015faf\u0131n\u0131n m\u00fcsb\u0259t dinamikas\u0131 m\u00fczakir\u0259 <a href=\"https:\/\/ria.ru\/20240509\/armeniya-1944929143.html\">olunub.<\/a><\/strong><\/p>\n\n\n\n<p><\/p>\n\n\n\n<hr class=\"wp-block-separator has-alpha-channel-opacity\"\/>\n\n\n\n<p><\/p>\n\n\n\n<p><strong><em>Rusiya h\u0259rb\u00e7il\u0259rinin bundan sonra &#8220;Zvartnots&#8221; hava liman\u0131nda xidm\u0259t aparmayacaqlar\u0131na dair raz\u0131la\u015fma oldu\u011fu bildirilir<\/em><\/strong><\/p>\n\n\n\n<p>May\u0131n 8-d\u0259 Kremld\u0259 Erm\u0259nistan\u0131n Ba\u015f naziri Nikol Pa\u015finyan Rusiyan\u0131n Prezidenti Vladimir Putinl\u0259 g\u00f6r\u00fc\u015f\u00fcb. Vladimir Putin 2015-ci ild\u0259n Erm\u0259nistan\u0131n Avrasiya \u0130qtisadi Birliyi \u00f6lk\u0259l\u0259ri il\u0259 ticar\u0259t d\u00f6vriyy\u0259sinin 14 d\u0259f\u0259 artd\u0131\u011f\u0131n\u0131 vur\u011fulayaraq \u0259lav\u0259 edib ki, ikit\u0259r\u0259fli m\u00fcnasib\u0259tl\u0259r \u00e7ox u\u011furla inki\u015faf edir:<\/p>\n\n\n\n<p><em>&#8220;Biz h\u0259mi\u015f\u0259, ilk n\u00f6vb\u0259d\u0259, iqtisadi \u0259m\u0259kda\u015fl\u0131\u011fa diqq\u0259t yetiririk. Son bir ild\u0259 ticar\u0259t d\u00f6vriyy\u0259sinin art\u0131m\u0131 \u00e7ox m\u00fch\u00fcm m\u0259bl\u0259\u011f t\u0259\u015fkil edib v\u0259 bu, \u0259sas\u0259n idxal\u0131n artmas\u0131 il\u0259 ba\u011fl\u0131d\u0131r. Ticar\u0259t d\u00f6vriyy\u0259si is\u0259 7 milyard dollar\u0131 \u00f6t\u00fcb, \u0259laq\u0259l\u0259rimizd\u0259 \u0259vv\u0259ll\u0259r bel\u0259 h\u0259cm olmay\u0131b&#8221;. <\/em><\/p>\n\n\n\n<p><em>&#8220;T\u0259bii ki, t\u0259kc\u0259 ticar\u0259t d\u00f6vriyy\u0259sinin art\u0131m\u0131 il\u0259 ba\u011fl\u0131 m\u0259s\u0259l\u0259l\u0259r yoxdur. Regionda t\u0259hl\u00fck\u0259sizliy\u0259 dair suallar var. \u0130ndi biz bu bar\u0259d\u0259 a\u00e7\u0131q \u015f\u0259kild\u0259 dan\u0131\u015fmayaca\u011f\u0131q, lakin Avrasiya Birliyinin k\u0259nar\u0131nda, \u0259lb\u0259tt\u0259 ki, m\u00fcnasib\u0259tl\u0259rimizin b\u00fct\u00fcn kompleksi haqq\u0131nda, o c\u00fcml\u0259d\u0259n regional t\u0259hl\u00fck\u0259sizlik m\u0259s\u0259l\u0259l\u0259rin\u0259 toxunmaq imkan\u0131 var&#8221;. <\/em><\/p>\n\n\n\n<p>Nikol Pa\u015finyan sonuncu g\u00f6r\u00fc\u015fl\u0259rinin 2023-c\u00fc ilin dekabr\u0131nda oldu\u011funu bildirib:<\/p>\n\n\n\n<p>&#8220;<em>O vaxtdan b\u0259ri, \u0259lb\u0259tt\u0259 ki, m\u00fczakir\u0259 edilm\u0259li suallar y\u0131\u011f\u0131l\u0131b. T\u0259bii ki, biz \u015euran\u0131n iclas\u0131nda art\u0131q iqtisadi bloku m\u00fczakir\u0259 etmi\u015fik. \u0130ndi d\u0259 \u00fcmid edir\u0259m v\u0259 \u0259min\u0259m ki, biz ikit\u0259r\u0259fli m\u00fcnasib\u0259tl\u0259ri v\u0259 regional m\u0259s\u0259l\u0259l\u0259ri m\u00fczakir\u0259 <a href=\"https:\/\/armenpress.am\/rus\/news\/1136683.html\">ed\u0259c\u0259yik&#8221;. <\/a><\/em><\/p>\n\n\n\n<p>Kremlin s\u00f6z\u00e7\u00fcs\u00fc Dmitri Peskov yerli mediaya deyib ki, dan\u0131\u015f\u0131qlar g\u0259l\u0259c\u0259k m\u00fcnasib\u0259tl\u0259rin perspektivl\u0259rin\u0259 \u0259sas\u0259n m\u00fcsb\u0259tdir. O qeyd edib ki, Erm\u0259nistanla m\u00fcnasib\u0259tl\u0259rd\u0259 b\u0259zi \u00e7\u0259tinlikl\u0259r yaran\u0131r, lakin liderl\u0259rin bunu m\u00fczakir\u0259 etm\u0259k \u00fc\u00e7\u00fcn siyasi irad\u0259si var:<\/p>\n\n\n\n<p><em>\u201cDan\u0131\u015f\u0131qlar\u0131n n\u0259tic\u0259l\u0259rini g\u00f6zl\u0259y\u0259c\u0259yik, bu dialoqun davam etdirilm\u0259si \u00fc\u00e7\u00fcn siyasi irad\u0259 var, daha \u00e7ox nikbin olma\u011fa <a href=\"https:\/\/tass.ru\/politika\/20748927\">meyllidirl\u0259r\u201d.<\/a><\/em><\/p>\n\n\n\n<p><em>\u201cS\u00f6hb\u0259tin m\u00fcr\u0259kk\u0259bliyini \u015fi\u015firtm\u0259y\u0259 ehtiyac yoxdur, \u0259lb\u0259tt\u0259 ki, ikit\u0259r\u0259fli m\u00fcnasib\u0259tl\u0259rimizd\u0259 m\u00fc\u0259yy\u0259n problemli m\u00f6vzular var. Lakin iki \u00f6lk\u0259 aras\u0131nda qar\u015f\u0131l\u0131ql\u0131 \u0259laq\u0259 n\u0259 q\u0259d\u0259r s\u0131x olarsa, ikit\u0259r\u0259fli m\u00fcnasib\u0259tl\u0259r d\u0259 bir o q\u0259d\u0259r geni\u015fl\u0259nir v\u0259 daha tez-tez orada m\u00fcxt\u0259lif probleml\u0259r yaran\u0131r\u201d<\/em>, &#8211; dey\u0259 Peskov \u0259lav\u0259<a href=\"https:\/\/ria.ru\/20240508\/otnosheniya-1944826390.html\"> edib.<\/a><\/p>\n\n\n\n<p>&#8220;Bagramyan26&#8221; Telegram kanal\u0131n\u0131n m\u0259lumat\u0131na g\u00f6r\u0259, \u00f6lk\u0259 ba\u015f\u00e7\u0131lar\u0131 Rusiya h\u0259rb\u00e7il\u0259rinin bundan sonra &#8220;Zvartnots&#8221; hava liman\u0131nda xidm\u0259t aparmayacaqlar\u0131na dair raz\u0131la\u015f\u0131blar:<\/p>\n\n\n\n<p>&#8220;<em>Bundan \u0259lav\u0259, Rusiya h\u0259rb\u00e7il\u0259ri 44 g\u00fcnl\u00fck m\u00fcharib\u0259d\u0259n sonra \u015fifahi raz\u0131la\u015fma \u0259sas\u0131nda yerl\u0259\u015fdikl\u0259ri S\u00fcnik, Vayots Dzor, Geqarkunik, Ararat, Tavu\u015fdak\u0131 m\u0259nt\u0259q\u0259l\u0259rini t\u0259rk ed\u0259c\u0259kl\u0259r&#8221;. <\/em><\/p>\n\n\n\n<p>Aprelin 20-d\u0259 Erm\u0259nistan lideri Nikol Pa\u015finyan Rusiya s\u0259rh\u0259d\u00e7il\u0259rinin Tavu\u015fdak\u0131 postlar\u0131 t\u0259rk ed\u0259c\u0259kl\u0259rini <a href=\"https:\/\/storage.googleapis.com\/qurium\/www.meydan.tv\/az-article-pasinyan-rusiya-serhedcileri-tavusdaki-postlari-terk-edecek.html\">bildirmi\u015fdi.<\/a><\/p>\n\n\n\n<p>Eyni zamanda, aprelin 27-d\u0259 Erm\u0259nistan parlamentinin spikeri Alen Simonyan Rusiya s\u0259rh\u0259d\u00e7il\u0259rinin bu ilin avqustunda s\u00f6z\u00fcged\u0259n hava liman\u0131ndan \u00e7\u0131xacaqlar\u0131n\u0131<a href=\"https:\/\/storage.googleapis.com\/qurium\/www.meydan.tv\/az-article-ermenistan-qerar-verdi-rusiya-serhedcileri-zvartnots-hava-limanindan-cixarilacaq.html\"> a\u00e7\u0131qlam\u0131\u015fd\u0131<\/a>.<\/p>\n","protected":false},"excerpt":{"rendered":"","protected":false},"author":8,"featured_media":264974,"comment_status":"closed","ping_status":"closed","sticky":false,"template":"","format":"standard","meta":{"_acf_changed":false,"_sitemap_exclude":false,"_sitemap_priority":"","_sitemap_frequency":"","footnotes":""},"categories":[59,79,63,56],"tags":[],"class_list":["post-305381","post","type-post","status-publish","format-standard","has-post-thumbnail","hentry","category-siyaset","category-featured","category-video-2","category-xeberler","infinite-scroll-item","generate-columns","tablet-grid-50","mobile-grid-100","grid-parent","grid-33","no-featured-image-padding"],"acf":[],"yoast_head":"<!-- This site is optimized with the Yoast SEO plugin v27.4 - https:\/\/yoast.com\/product\/yoast-seo-wordpress\/ -->\n<title>Putinl\u0259 Pa\u015finyan g\u00f6r\u00fc\u015f\u00fcb: \u201cBiz h\u0259mi\u015f\u0259, ilk n\u00f6vb\u0259d\u0259, iqtisadi \u0259m\u0259kda\u015fl\u0131\u011fa diqq\u0259t yetiririk\u201d (yenil\u0259nib) - MEYDAN.TV<\/title>\n<meta name=\"robots\" content=\"index, follow, max-snippet:-1, max-image-preview:large, max-video-preview:-1\" \/>\n<link rel=\"canonical\" href=\"https:\/\/www.meydan.tv\/az\/article\/putinle-pasinyan-gorusub-biz-hemise-ilk-novbede-iqtisadi-emekdasliga-diqqet-yetiririk\/\" \/>\n<meta property=\"og:locale\" content=\"az_AZ\" \/>\n<meta property=\"og:type\" content=\"article\" \/>\n<meta property=\"og:title\" content=\"Putinl\u0259 Pa\u015finyan g\u00f6r\u00fc\u015f\u00fcb: \u201cBiz h\u0259mi\u015f\u0259, ilk n\u00f6vb\u0259d\u0259, iqtisadi \u0259m\u0259kda\u015fl\u0131\u011fa diqq\u0259t yetiririk\u201d (yenil\u0259nib) - MEYDAN.TV\" \/>\n<meta property=\"og:url\" content=\"https:\/\/www.meydan.tv\/az\/article\/putinle-pasinyan-gorusub-biz-hemise-ilk-novbede-iqtisadi-emekdasliga-diqqet-yetiririk\/\" \/>\n<meta property=\"og:site_name\" content=\"MEYDAN.TV\" \/>\n<meta property=\"article:published_time\" content=\"2024-05-09T06:45:30+00:00\" \/>\n<meta property=\"article:modified_time\" content=\"2024-05-09T19:01:35+00:00\" \/>\n<meta property=\"og:image\" content=\"https:\/\/www.meydan.tv\/wp-content\/uploads\/img_9478_720-e1682504558114.jpg\" \/>\n\t<meta property=\"og:image:width\" content=\"1200\" \/>\n\t<meta property=\"og:image:height\" content=\"549\" \/>\n\t<meta property=\"og:image:type\" content=\"image\/jpeg\" \/>\n<meta name=\"author\" content=\"elli\" \/>\n<meta name=\"twitter:card\" content=\"summary_large_image\" \/>\n<meta name=\"twitter:creator\" content=\"@elli\" \/>\n<script type=\"application\/ld+json\" class=\"yoast-schema-graph\">{\"@context\":\"https:\\\/\\\/schema.org\",\"@graph\":[{\"@type\":\"Article\",\"@id\":\"https:\\\/\\\/www.meydan.tv\\\/az\\\/article\\\/putinle-pasinyan-gorusub-biz-hemise-ilk-novbede-iqtisadi-emekdasliga-diqqet-yetiririk\\\/#article\",\"isPartOf\":{\"@id\":\"https:\\\/\\\/www.meydan.tv\\\/az\\\/article\\\/putinle-pasinyan-gorusub-biz-hemise-ilk-novbede-iqtisadi-emekdasliga-diqqet-yetiririk\\\/\"},\"author\":{\"name\":\"elli\",\"@id\":\"https:\\\/\\\/www.meydan.tv\\\/az\\\/#\\\/schema\\\/person\\\/9cdbecf90d17180ce1dfbd95b08dcf47\"},\"headline\":\"Putinl\u0259 Pa\u015finyan g\u00f6r\u00fc\u015f\u00fcb: \u201cBiz h\u0259mi\u015f\u0259, ilk n\u00f6vb\u0259d\u0259, iqtisadi \u0259m\u0259kda\u015fl\u0131\u011fa diqq\u0259t yetiririk\u201d (yenil\u0259nib)\",\"datePublished\":\"2024-05-09T06:45:30+00:00\",\"dateModified\":\"2024-05-09T19:01:35+00:00\",\"mainEntityOfPage\":{\"@id\":\"https:\\\/\\\/www.meydan.tv\\\/az\\\/article\\\/putinle-pasinyan-gorusub-biz-hemise-ilk-novbede-iqtisadi-emekdasliga-diqqet-yetiririk\\\/\"},\"wordCount\":722,\"publisher\":{\"@id\":\"https:\\\/\\\/www.meydan.tv\\\/az\\\/#organization\"},\"image\":{\"@id\":\"https:\\\/\\\/www.meydan.tv\\\/az\\\/article\\\/putinle-pasinyan-gorusub-biz-hemise-ilk-novbede-iqtisadi-emekdasliga-diqqet-yetiririk\\\/#primaryimage\"},\"thumbnailUrl\":\"https:\\\/\\\/www.meydan.tv\\\/wp-content\\\/uploads\\\/img_9478_720-e1682504558114.jpg\",\"articleSection\":[\"Siyas\u0259t\",\"T\u00f6vsiy\u0259\",\"Video\",\"X\u0259b\u0259rl\u0259r\"],\"inLanguage\":\"az\"},{\"@type\":\"WebPage\",\"@id\":\"https:\\\/\\\/www.meydan.tv\\\/az\\\/article\\\/putinle-pasinyan-gorusub-biz-hemise-ilk-novbede-iqtisadi-emekdasliga-diqqet-yetiririk\\\/\",\"url\":\"https:\\\/\\\/www.meydan.tv\\\/az\\\/article\\\/putinle-pasinyan-gorusub-biz-hemise-ilk-novbede-iqtisadi-emekdasliga-diqqet-yetiririk\\\/\",\"name\":\"Putinl\u0259 Pa\u015finyan g\u00f6r\u00fc\u015f\u00fcb: \u201cBiz h\u0259mi\u015f\u0259, ilk n\u00f6vb\u0259d\u0259, iqtisadi \u0259m\u0259kda\u015fl\u0131\u011fa diqq\u0259t yetiririk\u201d (yenil\u0259nib) - MEYDAN.TV\",\"isPartOf\":{\"@id\":\"https:\\\/\\\/www.meydan.tv\\\/az\\\/#website\"},\"primaryImageOfPage\":{\"@id\":\"https:\\\/\\\/www.meydan.tv\\\/az\\\/article\\\/putinle-pasinyan-gorusub-biz-hemise-ilk-novbede-iqtisadi-emekdasliga-diqqet-yetiririk\\\/#primaryimage\"},\"image\":{\"@id\":\"https:\\\/\\\/www.meydan.tv\\\/az\\\/article\\\/putinle-pasinyan-gorusub-biz-hemise-ilk-novbede-iqtisadi-emekdasliga-diqqet-yetiririk\\\/#primaryimage\"},\"thumbnailUrl\":\"https:\\\/\\\/www.meydan.tv\\\/wp-content\\\/uploads\\\/img_9478_720-e1682504558114.jpg\",\"datePublished\":\"2024-05-09T06:45:30+00:00\",\"dateModified\":\"2024-05-09T19:01:35+00:00\",\"breadcrumb\":{\"@id\":\"https:\\\/\\\/www.meydan.tv\\\/az\\\/article\\\/putinle-pasinyan-gorusub-biz-hemise-ilk-novbede-iqtisadi-emekdasliga-diqqet-yetiririk\\\/#breadcrumb\"},\"inLanguage\":\"az\",\"potentialAction\":[{\"@type\":\"ReadAction\",\"target\":[\"https:\\\/\\\/www.meydan.tv\\\/az\\\/article\\\/putinle-pasinyan-gorusub-biz-hemise-ilk-novbede-iqtisadi-emekdasliga-diqqet-yetiririk\\\/\"]}]},{\"@type\":\"ImageObject\",\"inLanguage\":\"az\",\"@id\":\"https:\\\/\\\/www.meydan.tv\\\/az\\\/article\\\/putinle-pasinyan-gorusub-biz-hemise-ilk-novbede-iqtisadi-emekdasliga-diqqet-yetiririk\\\/#primaryimage\",\"url\":\"https:\\\/\\\/www.meydan.tv\\\/wp-content\\\/uploads\\\/img_9478_720-e1682504558114.jpg\",\"contentUrl\":\"https:\\\/\\\/www.meydan.tv\\\/wp-content\\\/uploads\\\/img_9478_720-e1682504558114.jpg\",\"width\":1200,\"height\":549,\"caption\":\"N.Pa\u015finyan v\u0259 V.Putin. Foto: Meydan TV\"},{\"@type\":\"BreadcrumbList\",\"@id\":\"https:\\\/\\\/www.meydan.tv\\\/az\\\/article\\\/putinle-pasinyan-gorusub-biz-hemise-ilk-novbede-iqtisadi-emekdasliga-diqqet-yetiririk\\\/#breadcrumb\",\"itemListElement\":[{\"@type\":\"ListItem\",\"position\":1,\"name\":\"Ana s\u0259hif\u0259\",\"item\":\"https:\\\/\\\/www.meydan.tv\\\/az\\\/\"},{\"@type\":\"ListItem\",\"position\":2,\"name\":\"Siyas\u0259t\",\"item\":\"https:\\\/\\\/www.meydan.tv\\\/az\\\/section\\\/siyaset\\\/\"},{\"@type\":\"ListItem\",\"position\":3,\"name\":\"Putinl\u0259 Pa\u015finyan g\u00f6r\u00fc\u015f\u00fcb: \u201cBiz h\u0259mi\u015f\u0259, ilk n\u00f6vb\u0259d\u0259, iqtisadi \u0259m\u0259kda\u015fl\u0131\u011fa diqq\u0259t yetiririk\u201d (yenil\u0259nib)\"}]},{\"@type\":\"WebSite\",\"@id\":\"https:\\\/\\\/www.meydan.tv\\\/az\\\/#website\",\"url\":\"https:\\\/\\\/www.meydan.tv\\\/az\\\/\",\"name\":\"MEYDAN.TV\",\"description\":\"Meydan TV Az\u0259rbaycan\u0131n media m\u0259kan\u0131ndak\u0131 alternativ s\u0259sidir\",\"publisher\":{\"@id\":\"https:\\\/\\\/www.meydan.tv\\\/az\\\/#organization\"},\"potentialAction\":[{\"@type\":\"SearchAction\",\"target\":{\"@type\":\"EntryPoint\",\"urlTemplate\":\"https:\\\/\\\/www.meydan.tv\\\/az\\\/?s={search_term_string}\"},\"query-input\":{\"@type\":\"PropertyValueSpecification\",\"valueRequired\":true,\"valueName\":\"search_term_string\"}}],\"inLanguage\":\"az\"},{\"@type\":\"Organization\",\"@id\":\"https:\\\/\\\/www.meydan.tv\\\/az\\\/#organization\",\"name\":\"Meydan TV\",\"url\":\"https:\\\/\\\/www.meydan.tv\\\/az\\\/\",\"logo\":{\"@type\":\"ImageObject\",\"inLanguage\":\"az\",\"@id\":\"https:\\\/\\\/www.meydan.tv\\\/az\\\/#\\\/schema\\\/logo\\\/image\\\/\",\"url\":\"https:\\\/\\\/www.meydan.tv\\\/wp-content\\\/uploads\\\/2021\\\/07\\\/meydan-logo.svg\",\"contentUrl\":\"https:\\\/\\\/www.meydan.tv\\\/wp-content\\\/uploads\\\/2021\\\/07\\\/meydan-logo.svg\",\"width\":195,\"height\":46,\"caption\":\"Meydan TV\"},\"image\":{\"@id\":\"https:\\\/\\\/www.meydan.tv\\\/az\\\/#\\\/schema\\\/logo\\\/image\\\/\"}},{\"@type\":\"Person\",\"@id\":\"https:\\\/\\\/www.meydan.tv\\\/az\\\/#\\\/schema\\\/person\\\/9cdbecf90d17180ce1dfbd95b08dcf47\",\"name\":\"elli\",\"sameAs\":[\"https:\\\/\\\/x.com\\\/elli\"]}]}<\/script>\n<!-- \/ Yoast SEO plugin. -->","yoast_head_json":{"title":"Putinl\u0259 Pa\u015finyan g\u00f6r\u00fc\u015f\u00fcb: \u201cBiz h\u0259mi\u015f\u0259, ilk n\u00f6vb\u0259d\u0259, iqtisadi \u0259m\u0259kda\u015fl\u0131\u011fa diqq\u0259t yetiririk\u201d (yenil\u0259nib) - MEYDAN.TV","robots":{"index":"index","follow":"follow","max-snippet":"max-snippet:-1","max-image-preview":"max-image-preview:large","max-video-preview":"max-video-preview:-1"},"canonical":"https:\/\/www.meydan.tv\/az\/article\/putinle-pasinyan-gorusub-biz-hemise-ilk-novbede-iqtisadi-emekdasliga-diqqet-yetiririk\/","og_locale":"az_AZ","og_type":"article","og_title":"Putinl\u0259 Pa\u015finyan g\u00f6r\u00fc\u015f\u00fcb: \u201cBiz h\u0259mi\u015f\u0259, ilk n\u00f6vb\u0259d\u0259, iqtisadi \u0259m\u0259kda\u015fl\u0131\u011fa diqq\u0259t yetiririk\u201d (yenil\u0259nib) - MEYDAN.TV","og_url":"https:\/\/www.meydan.tv\/az\/article\/putinle-pasinyan-gorusub-biz-hemise-ilk-novbede-iqtisadi-emekdasliga-diqqet-yetiririk\/","og_site_name":"MEYDAN.TV","article_published_time":"2024-05-09T06:45:30+00:00","article_modified_time":"2024-05-09T19:01:35+00:00","og_image":[{"width":1200,"height":549,"url":"https:\/\/www.meydan.tv\/wp-content\/uploads\/img_9478_720-e1682504558114.jpg","type":"image\/jpeg"}],"author":"elli","twitter_card":"summary_large_image","twitter_creator":"@elli","schema":{"@context":"https:\/\/schema.org","@graph":[{"@type":"Article","@id":"https:\/\/www.meydan.tv\/az\/article\/putinle-pasinyan-gorusub-biz-hemise-ilk-novbede-iqtisadi-emekdasliga-diqqet-yetiririk\/#article","isPartOf":{"@id":"https:\/\/www.meydan.tv\/az\/article\/putinle-pasinyan-gorusub-biz-hemise-ilk-novbede-iqtisadi-emekdasliga-diqqet-yetiririk\/"},"author":{"name":"elli","@id":"https:\/\/www.meydan.tv\/az\/#\/schema\/person\/9cdbecf90d17180ce1dfbd95b08dcf47"},"headline":"Putinl\u0259 Pa\u015finyan g\u00f6r\u00fc\u015f\u00fcb: \u201cBiz h\u0259mi\u015f\u0259, ilk n\u00f6vb\u0259d\u0259, iqtisadi \u0259m\u0259kda\u015fl\u0131\u011fa diqq\u0259t yetiririk\u201d (yenil\u0259nib)","datePublished":"2024-05-09T06:45:30+00:00","dateModified":"2024-05-09T19:01:35+00:00","mainEntityOfPage":{"@id":"https:\/\/www.meydan.tv\/az\/article\/putinle-pasinyan-gorusub-biz-hemise-ilk-novbede-iqtisadi-emekdasliga-diqqet-yetiririk\/"},"wordCount":722,"publisher":{"@id":"https:\/\/www.meydan.tv\/az\/#organization"},"image":{"@id":"https:\/\/www.meydan.tv\/az\/article\/putinle-pasinyan-gorusub-biz-hemise-ilk-novbede-iqtisadi-emekdasliga-diqqet-yetiririk\/#primaryimage"},"thumbnailUrl":"https:\/\/www.meydan.tv\/wp-content\/uploads\/img_9478_720-e1682504558114.jpg","articleSection":["Siyas\u0259t","T\u00f6vsiy\u0259","Video","X\u0259b\u0259rl\u0259r"],"inLanguage":"az"},{"@type":"WebPage","@id":"https:\/\/www.meydan.tv\/az\/article\/putinle-pasinyan-gorusub-biz-hemise-ilk-novbede-iqtisadi-emekdasliga-diqqet-yetiririk\/","url":"https:\/\/www.meydan.tv\/az\/article\/putinle-pasinyan-gorusub-biz-hemise-ilk-novbede-iqtisadi-emekdasliga-diqqet-yetiririk\/","name":"Putinl\u0259 Pa\u015finyan g\u00f6r\u00fc\u015f\u00fcb: \u201cBiz h\u0259mi\u015f\u0259, ilk n\u00f6vb\u0259d\u0259, iqtisadi \u0259m\u0259kda\u015fl\u0131\u011fa diqq\u0259t yetiririk\u201d (yenil\u0259nib) - MEYDAN.TV","isPartOf":{"@id":"https:\/\/www.meydan.tv\/az\/#website"},"primaryImageOfPage":{"@id":"https:\/\/www.meydan.tv\/az\/article\/putinle-pasinyan-gorusub-biz-hemise-ilk-novbede-iqtisadi-emekdasliga-diqqet-yetiririk\/#primaryimage"},"image":{"@id":"https:\/\/www.meydan.tv\/az\/article\/putinle-pasinyan-gorusub-biz-hemise-ilk-novbede-iqtisadi-emekdasliga-diqqet-yetiririk\/#primaryimage"},"thumbnailUrl":"https:\/\/www.meydan.tv\/wp-content\/uploads\/img_9478_720-e1682504558114.jpg","datePublished":"2024-05-09T06:45:30+00:00","dateModified":"2024-05-09T19:01:35+00:00","breadcrumb":{"@id":"https:\/\/www.meydan.tv\/az\/article\/putinle-pasinyan-gorusub-biz-hemise-ilk-novbede-iqtisadi-emekdasliga-diqqet-yetiririk\/#breadcrumb"},"inLanguage":"az","potentialAction":[{"@type":"ReadAction","target":["https:\/\/www.meydan.tv\/az\/article\/putinle-pasinyan-gorusub-biz-hemise-ilk-novbede-iqtisadi-emekdasliga-diqqet-yetiririk\/"]}]},{"@type":"ImageObject","inLanguage":"az","@id":"https:\/\/www.meydan.tv\/az\/article\/putinle-pasinyan-gorusub-biz-hemise-ilk-novbede-iqtisadi-emekdasliga-diqqet-yetiririk\/#primaryimage","url":"https:\/\/www.meydan.tv\/wp-content\/uploads\/img_9478_720-e1682504558114.jpg","contentUrl":"https:\/\/www.meydan.tv\/wp-content\/uploads\/img_9478_720-e1682504558114.jpg","width":1200,"height":549,"caption":"N.Pa\u015finyan v\u0259 V.Putin. Foto: Meydan TV"},{"@type":"BreadcrumbList","@id":"https:\/\/www.meydan.tv\/az\/article\/putinle-pasinyan-gorusub-biz-hemise-ilk-novbede-iqtisadi-emekdasliga-diqqet-yetiririk\/#breadcrumb","itemListElement":[{"@type":"ListItem","position":1,"name":"Ana s\u0259hif\u0259","item":"https:\/\/www.meydan.tv\/az\/"},{"@type":"ListItem","position":2,"name":"Siyas\u0259t","item":"https:\/\/www.meydan.tv\/az\/section\/siyaset\/"},{"@type":"ListItem","position":3,"name":"Putinl\u0259 Pa\u015finyan g\u00f6r\u00fc\u015f\u00fcb: \u201cBiz h\u0259mi\u015f\u0259, ilk n\u00f6vb\u0259d\u0259, iqtisadi \u0259m\u0259kda\u015fl\u0131\u011fa diqq\u0259t yetiririk\u201d (yenil\u0259nib)"}]},{"@type":"WebSite","@id":"https:\/\/www.meydan.tv\/az\/#website","url":"https:\/\/www.meydan.tv\/az\/","name":"MEYDAN.TV","description":"Meydan TV Az\u0259rbaycan\u0131n media m\u0259kan\u0131ndak\u0131 alternativ s\u0259sidir","publisher":{"@id":"https:\/\/www.meydan.tv\/az\/#organization"},"potentialAction":[{"@type":"SearchAction","target":{"@type":"EntryPoint","urlTemplate":"https:\/\/www.meydan.tv\/az\/?s={search_term_string}"},"query-input":{"@type":"PropertyValueSpecification","valueRequired":true,"valueName":"search_term_string"}}],"inLanguage":"az"},{"@type":"Organization","@id":"https:\/\/www.meydan.tv\/az\/#organization","name":"Meydan TV","url":"https:\/\/www.meydan.tv\/az\/","logo":{"@type":"ImageObject","inLanguage":"az","@id":"https:\/\/www.meydan.tv\/az\/#\/schema\/logo\/image\/","url":"https:\/\/www.meydan.tv\/wp-content\/uploads\/2021\/07\/meydan-logo.svg","contentUrl":"https:\/\/www.meydan.tv\/wp-content\/uploads\/2021\/07\/meydan-logo.svg","width":195,"height":46,"caption":"Meydan TV"},"image":{"@id":"https:\/\/www.meydan.tv\/az\/#\/schema\/logo\/image\/"}},{"@type":"Person","@id":"https:\/\/www.meydan.tv\/az\/#\/schema\/person\/9cdbecf90d17180ce1dfbd95b08dcf47","name":"elli","sameAs":["https:\/\/x.com\/elli"]}]}},"_links":{"self":[{"href":"https:\/\/www.meydan.tv\/az\/wp-json\/wp\/v2\/posts\/305381","targetHints":{"allow":["GET"]}}],"collection":[{"href":"https:\/\/www.meydan.tv\/az\/wp-json\/wp\/v2\/posts"}],"about":[{"href":"https:\/\/www.meydan.tv\/az\/wp-json\/wp\/v2\/types\/post"}],"author":[{"embeddable":true,"href":"https:\/\/www.meydan.tv\/az\/wp-json\/wp\/v2\/users\/8"}],"replies":[{"embeddable":true,"href":"https:\/\/www.meydan.tv\/az\/wp-json\/wp\/v2\/comments?post=305381"}],"version-history":[{"count":8,"href":"https:\/\/www.meydan.tv\/az\/wp-json\/wp\/v2\/posts\/305381\/revisions"}],"predecessor-version":[{"id":305430,"href":"https:\/\/www.meydan.tv\/az\/wp-json\/wp\/v2\/posts\/305381\/revisions\/305430"}],"wp:featuredmedia":[{"embeddable":true,"href":"https:\/\/www.meydan.tv\/az\/wp-json\/wp\/v2\/media\/264974"}],"wp:attachment":[{"href":"https:\/\/www.meydan.tv\/az\/wp-json\/wp\/v2\/media?parent=305381"}],"wp:term":[{"taxonomy":"category","embeddable":true,"href":"https:\/\/www.meydan.tv\/az\/wp-json\/wp\/v2\/categories?post=305381"},{"taxonomy":"post_tag","embeddable":true,"href":"https:\/\/www.meydan.tv\/az\/wp-json\/wp\/v2\/tags?post=305381"}],"curies":[{"name":"wp","href":"https:\/\/api.w.org\/{rel}","templated":true}]}}