{"id":305301,"date":"2024-05-08T14:09:32","date_gmt":"2024-05-08T10:09:32","guid":{"rendered":"https:\/\/www.meydan.tv\/?p=305301"},"modified":"2024-05-08T17:30:17","modified_gmt":"2024-05-08T13:30:17","slug":"ilham-eliyevin-iflic-xestesi-tenqidcisi-hebs-edilib","status":"publish","type":"post","link":"https:\/\/www.meydan.tv\/az\/article\/ilham-eliyevin-iflic-xestesi-tenqidcisi-hebs-edilib\/","title":{"rendered":"\u0130lham \u018fliyevi t\u0259nqid ed\u0259n iflic x\u0259st\u0259si h\u0259bs edilib"},"content":{"rendered":"\n<figure class=\"wp-block-embed is-type-video is-provider-youtube wp-block-embed-youtube wp-embed-aspect-16-9 wp-has-aspect-ratio\"><div class=\"wp-block-embed__wrapper\">\n<iframe title=\"\u0130lham \u018fliyevi t\u0259nqid ed\u0259n iflic x\u0259st\u0259si h\u0259bs edilib\" width=\"1200\" height=\"675\" data-src=\"https:\/\/www.youtube.com\/embed\/ua3MuomIoNw?feature=oembed\" frameborder=\"0\" allow=\"accelerometer; autoplay; clipboard-write; encrypted-media; gyroscope; picture-in-picture; web-share\" referrerpolicy=\"strict-origin-when-cross-origin\" allowfullscreen src=\"data:image\/svg+xml;base64,PHN2ZyB3aWR0aD0iMSIgaGVpZ2h0PSIxIiB4bWxucz0iaHR0cDovL3d3dy53My5vcmcvMjAwMC9zdmciPjwvc3ZnPg==\" class=\"lazyload\" data-load-mode=\"1\"><\/iframe>\n<\/div><\/figure>\n\n\n\n<!--more-->\n\n\n\n<p><\/p>\n\n\n\n<p>Serebral iflic x\u0259st\u0259si, 1-ci qrup \u0259lil Famil X\u0259lilov narkotik sat\u0131\u015f\u0131 ittiham\u0131 il\u0259 h\u0259bs edilib.<\/p>\n\n\n\n<p>Ki\u00e7ikxan\u0131m X\u0259lilova deyir ki, yolda\u015f\u0131 t\u0259nqidi payla\u015f\u0131mlar\u0131na g\u00f6r\u0259 \u015f\u0259rl\u0259nib. Lakin h\u0259r iki \u0259li iflic olan Famil \u00fc\u00e7\u00fcn h\u0259bsxana c\u0259h\u0259nn\u0259m \u0259zab\u0131 olar.<\/p>\n\n\n\n<p>May\u0131n 2-d\u0259 Sulut\u0259p\u0259d\u0259 kiray\u0259 ya\u015fad\u0131qlar\u0131 m\u0259nzil\u0259 onlarla m\u00fclki geyimli polis daxil olub, evd\u0259n narkotik madd\u0259 tapd\u0131qlar\u0131n\u0131 iddia edibl\u0259r. Polisl\u0259r h\u0259m\u00e7inin evd\u0259ki komp\u00fcter v\u0259 telefonlar\u0131 \u00f6zl\u0259ri il\u0259 apar\u0131b. \u0130dar\u0259d\u0259 is\u0259 bu texniki avadanl\u0131qlar\u0131 kilidini X\u0259lilovun 8 ya\u015fl\u0131 q\u0131z\u0131na a\u00e7d\u0131rma\u011fa \u00e7al\u0131\u015f\u0131blar.<\/p>\n\n\n\n<p>X\u0259lilovlar \u00f6t\u0259n ilin yay\u0131nda \u0130sve\u00e7r\u0259d\u0259n deportasiya olunub. Bundan 8 il \u00f6nc\u0259 is\u0259 onlar siyasi v\u0259 humanitar m\u00fchacir\u0259t \u00fc\u00e7\u00fcn m\u00fcraci\u0259t etmi\u015fdi. Avropada onlara \u00f6z neft \u00f6lk\u0259l\u0259rin\u0259 qay\u0131tmal\u0131 olduqlar\u0131 deyilib.<\/p>\n\n\n\n<p>Geri g\u0259ldikl\u0259ri neft \u00f6lk\u0259sind\u0259 is\u0259 onlar\u0131 evsizlik, yoxsulluq g\u00f6zl\u0259yirdi. U\u015faqlar\u0131 t\u0259hsild\u0259n k\u0259nar qalacaqd\u0131. \u00dcst\u0259lik bir d\u0259 Famil h\u0259bs olunacaqd\u0131.<\/p>\n","protected":false},"excerpt":{"rendered":"","protected":false},"author":12,"featured_media":305094,"comment_status":"closed","ping_status":"closed","sticky":false,"template":"","format":"standard","meta":{"_acf_changed":false,"_sitemap_exclude":false,"_sitemap_priority":"","_sitemap_frequency":"","footnotes":""},"categories":[59,63,56],"tags":[],"class_list":["post-305301","post","type-post","status-publish","format-standard","has-post-thumbnail","hentry","category-siyaset","category-video-2","category-xeberler","infinite-scroll-item","generate-columns","tablet-grid-50","mobile-grid-100","grid-parent","grid-33","no-featured-image-padding"],"acf":[],"yoast_head":"<!-- This site is optimized with the Yoast SEO plugin v27.4 - https:\/\/yoast.com\/product\/yoast-seo-wordpress\/ -->\n<title>\u0130lham \u018fliyevi t\u0259nqid ed\u0259n iflic x\u0259st\u0259si h\u0259bs edilib - MEYDAN.TV<\/title>\n<meta name=\"robots\" content=\"index, follow, max-snippet:-1, max-image-preview:large, max-video-preview:-1\" \/>\n<link rel=\"canonical\" href=\"https:\/\/www.meydan.tv\/az\/article\/ilham-eliyevin-iflic-xestesi-tenqidcisi-hebs-edilib\/\" \/>\n<meta property=\"og:locale\" content=\"az_AZ\" \/>\n<meta property=\"og:type\" content=\"article\" \/>\n<meta property=\"og:title\" content=\"\u0130lham \u018fliyevi t\u0259nqid ed\u0259n iflic x\u0259st\u0259si h\u0259bs edilib - MEYDAN.TV\" \/>\n<meta property=\"og:url\" content=\"https:\/\/www.meydan.tv\/az\/article\/ilham-eliyevin-iflic-xestesi-tenqidcisi-hebs-edilib\/\" \/>\n<meta property=\"og:site_name\" content=\"MEYDAN.TV\" \/>\n<meta property=\"article:published_time\" content=\"2024-05-08T10:09:32+00:00\" \/>\n<meta property=\"article:modified_time\" content=\"2024-05-08T13:30:17+00:00\" \/>\n<meta property=\"og:image\" content=\"https:\/\/www.meydan.tv\/wp-content\/uploads\/1-62-e1714990192554.jpg\" \/>\n\t<meta property=\"og:image:width\" content=\"1200\" \/>\n\t<meta property=\"og:image:height\" content=\"511\" \/>\n\t<meta property=\"og:image:type\" content=\"image\/jpeg\" \/>\n<meta name=\"author\" content=\"aleks\" \/>\n<meta name=\"twitter:card\" content=\"summary_large_image\" \/>\n<script type=\"application\/ld+json\" class=\"yoast-schema-graph\">{\"@context\":\"https:\\\/\\\/schema.org\",\"@graph\":[{\"@type\":\"Article\",\"@id\":\"https:\\\/\\\/www.meydan.tv\\\/az\\\/article\\\/ilham-eliyevin-iflic-xestesi-tenqidcisi-hebs-edilib\\\/#article\",\"isPartOf\":{\"@id\":\"https:\\\/\\\/www.meydan.tv\\\/az\\\/article\\\/ilham-eliyevin-iflic-xestesi-tenqidcisi-hebs-edilib\\\/\"},\"author\":{\"name\":\"aleks\",\"@id\":\"https:\\\/\\\/www.meydan.tv\\\/az\\\/#\\\/schema\\\/person\\\/476e9360e593fa131d5d71d51866f8da\"},\"headline\":\"\u0130lham \u018fliyevi t\u0259nqid ed\u0259n iflic x\u0259st\u0259si h\u0259bs edilib\",\"datePublished\":\"2024-05-08T10:09:32+00:00\",\"dateModified\":\"2024-05-08T13:30:17+00:00\",\"mainEntityOfPage\":{\"@id\":\"https:\\\/\\\/www.meydan.tv\\\/az\\\/article\\\/ilham-eliyevin-iflic-xestesi-tenqidcisi-hebs-edilib\\\/\"},\"wordCount\":207,\"publisher\":{\"@id\":\"https:\\\/\\\/www.meydan.tv\\\/az\\\/#organization\"},\"image\":{\"@id\":\"https:\\\/\\\/www.meydan.tv\\\/az\\\/article\\\/ilham-eliyevin-iflic-xestesi-tenqidcisi-hebs-edilib\\\/#primaryimage\"},\"thumbnailUrl\":\"https:\\\/\\\/www.meydan.tv\\\/wp-content\\\/uploads\\\/1-62-e1714990192554.jpg\",\"articleSection\":[\"Siyas\u0259t\",\"Video\",\"X\u0259b\u0259rl\u0259r\"],\"inLanguage\":\"az\"},{\"@type\":\"WebPage\",\"@id\":\"https:\\\/\\\/www.meydan.tv\\\/az\\\/article\\\/ilham-eliyevin-iflic-xestesi-tenqidcisi-hebs-edilib\\\/\",\"url\":\"https:\\\/\\\/www.meydan.tv\\\/az\\\/article\\\/ilham-eliyevin-iflic-xestesi-tenqidcisi-hebs-edilib\\\/\",\"name\":\"\u0130lham \u018fliyevi t\u0259nqid ed\u0259n iflic x\u0259st\u0259si h\u0259bs edilib - MEYDAN.TV\",\"isPartOf\":{\"@id\":\"https:\\\/\\\/www.meydan.tv\\\/az\\\/#website\"},\"primaryImageOfPage\":{\"@id\":\"https:\\\/\\\/www.meydan.tv\\\/az\\\/article\\\/ilham-eliyevin-iflic-xestesi-tenqidcisi-hebs-edilib\\\/#primaryimage\"},\"image\":{\"@id\":\"https:\\\/\\\/www.meydan.tv\\\/az\\\/article\\\/ilham-eliyevin-iflic-xestesi-tenqidcisi-hebs-edilib\\\/#primaryimage\"},\"thumbnailUrl\":\"https:\\\/\\\/www.meydan.tv\\\/wp-content\\\/uploads\\\/1-62-e1714990192554.jpg\",\"datePublished\":\"2024-05-08T10:09:32+00:00\",\"dateModified\":\"2024-05-08T13:30:17+00:00\",\"breadcrumb\":{\"@id\":\"https:\\\/\\\/www.meydan.tv\\\/az\\\/article\\\/ilham-eliyevin-iflic-xestesi-tenqidcisi-hebs-edilib\\\/#breadcrumb\"},\"inLanguage\":\"az\",\"potentialAction\":[{\"@type\":\"ReadAction\",\"target\":[\"https:\\\/\\\/www.meydan.tv\\\/az\\\/article\\\/ilham-eliyevin-iflic-xestesi-tenqidcisi-hebs-edilib\\\/\"]}]},{\"@type\":\"ImageObject\",\"inLanguage\":\"az\",\"@id\":\"https:\\\/\\\/www.meydan.tv\\\/az\\\/article\\\/ilham-eliyevin-iflic-xestesi-tenqidcisi-hebs-edilib\\\/#primaryimage\",\"url\":\"https:\\\/\\\/www.meydan.tv\\\/wp-content\\\/uploads\\\/1-62-e1714990192554.jpg\",\"contentUrl\":\"https:\\\/\\\/www.meydan.tv\\\/wp-content\\\/uploads\\\/1-62-e1714990192554.jpg\",\"width\":1200,\"height\":511,\"caption\":\"Foto: Famil X\u0259lilovun \u015f\u0259xsi arxivind\u0259n\"},{\"@type\":\"BreadcrumbList\",\"@id\":\"https:\\\/\\\/www.meydan.tv\\\/az\\\/article\\\/ilham-eliyevin-iflic-xestesi-tenqidcisi-hebs-edilib\\\/#breadcrumb\",\"itemListElement\":[{\"@type\":\"ListItem\",\"position\":1,\"name\":\"Ana s\u0259hif\u0259\",\"item\":\"https:\\\/\\\/www.meydan.tv\\\/az\\\/\"},{\"@type\":\"ListItem\",\"position\":2,\"name\":\"Video\",\"item\":\"https:\\\/\\\/www.meydan.tv\\\/az\\\/section\\\/video-2\\\/\"},{\"@type\":\"ListItem\",\"position\":3,\"name\":\"\u0130lham \u018fliyevi t\u0259nqid ed\u0259n iflic x\u0259st\u0259si h\u0259bs edilib\"}]},{\"@type\":\"WebSite\",\"@id\":\"https:\\\/\\\/www.meydan.tv\\\/az\\\/#website\",\"url\":\"https:\\\/\\\/www.meydan.tv\\\/az\\\/\",\"name\":\"MEYDAN.TV\",\"description\":\"Meydan TV Az\u0259rbaycan\u0131n media m\u0259kan\u0131ndak\u0131 alternativ s\u0259sidir\",\"publisher\":{\"@id\":\"https:\\\/\\\/www.meydan.tv\\\/az\\\/#organization\"},\"potentialAction\":[{\"@type\":\"SearchAction\",\"target\":{\"@type\":\"EntryPoint\",\"urlTemplate\":\"https:\\\/\\\/www.meydan.tv\\\/az\\\/?s={search_term_string}\"},\"query-input\":{\"@type\":\"PropertyValueSpecification\",\"valueRequired\":true,\"valueName\":\"search_term_string\"}}],\"inLanguage\":\"az\"},{\"@type\":\"Organization\",\"@id\":\"https:\\\/\\\/www.meydan.tv\\\/az\\\/#organization\",\"name\":\"Meydan TV\",\"url\":\"https:\\\/\\\/www.meydan.tv\\\/az\\\/\",\"logo\":{\"@type\":\"ImageObject\",\"inLanguage\":\"az\",\"@id\":\"https:\\\/\\\/www.meydan.tv\\\/az\\\/#\\\/schema\\\/logo\\\/image\\\/\",\"url\":\"https:\\\/\\\/www.meydan.tv\\\/wp-content\\\/uploads\\\/2021\\\/07\\\/meydan-logo.svg\",\"contentUrl\":\"https:\\\/\\\/www.meydan.tv\\\/wp-content\\\/uploads\\\/2021\\\/07\\\/meydan-logo.svg\",\"width\":195,\"height\":46,\"caption\":\"Meydan TV\"},\"image\":{\"@id\":\"https:\\\/\\\/www.meydan.tv\\\/az\\\/#\\\/schema\\\/logo\\\/image\\\/\"}},{\"@type\":\"Person\",\"@id\":\"https:\\\/\\\/www.meydan.tv\\\/az\\\/#\\\/schema\\\/person\\\/476e9360e593fa131d5d71d51866f8da\",\"name\":\"aleks\"}]}<\/script>\n<!-- \/ Yoast SEO plugin. -->","yoast_head_json":{"title":"\u0130lham \u018fliyevi t\u0259nqid ed\u0259n iflic x\u0259st\u0259si h\u0259bs edilib - MEYDAN.TV","robots":{"index":"index","follow":"follow","max-snippet":"max-snippet:-1","max-image-preview":"max-image-preview:large","max-video-preview":"max-video-preview:-1"},"canonical":"https:\/\/www.meydan.tv\/az\/article\/ilham-eliyevin-iflic-xestesi-tenqidcisi-hebs-edilib\/","og_locale":"az_AZ","og_type":"article","og_title":"\u0130lham \u018fliyevi t\u0259nqid ed\u0259n iflic x\u0259st\u0259si h\u0259bs edilib - MEYDAN.TV","og_url":"https:\/\/www.meydan.tv\/az\/article\/ilham-eliyevin-iflic-xestesi-tenqidcisi-hebs-edilib\/","og_site_name":"MEYDAN.TV","article_published_time":"2024-05-08T10:09:32+00:00","article_modified_time":"2024-05-08T13:30:17+00:00","og_image":[{"width":1200,"height":511,"url":"https:\/\/www.meydan.tv\/wp-content\/uploads\/1-62-e1714990192554.jpg","type":"image\/jpeg"}],"author":"aleks","twitter_card":"summary_large_image","schema":{"@context":"https:\/\/schema.org","@graph":[{"@type":"Article","@id":"https:\/\/www.meydan.tv\/az\/article\/ilham-eliyevin-iflic-xestesi-tenqidcisi-hebs-edilib\/#article","isPartOf":{"@id":"https:\/\/www.meydan.tv\/az\/article\/ilham-eliyevin-iflic-xestesi-tenqidcisi-hebs-edilib\/"},"author":{"name":"aleks","@id":"https:\/\/www.meydan.tv\/az\/#\/schema\/person\/476e9360e593fa131d5d71d51866f8da"},"headline":"\u0130lham \u018fliyevi t\u0259nqid ed\u0259n iflic x\u0259st\u0259si h\u0259bs edilib","datePublished":"2024-05-08T10:09:32+00:00","dateModified":"2024-05-08T13:30:17+00:00","mainEntityOfPage":{"@id":"https:\/\/www.meydan.tv\/az\/article\/ilham-eliyevin-iflic-xestesi-tenqidcisi-hebs-edilib\/"},"wordCount":207,"publisher":{"@id":"https:\/\/www.meydan.tv\/az\/#organization"},"image":{"@id":"https:\/\/www.meydan.tv\/az\/article\/ilham-eliyevin-iflic-xestesi-tenqidcisi-hebs-edilib\/#primaryimage"},"thumbnailUrl":"https:\/\/www.meydan.tv\/wp-content\/uploads\/1-62-e1714990192554.jpg","articleSection":["Siyas\u0259t","Video","X\u0259b\u0259rl\u0259r"],"inLanguage":"az"},{"@type":"WebPage","@id":"https:\/\/www.meydan.tv\/az\/article\/ilham-eliyevin-iflic-xestesi-tenqidcisi-hebs-edilib\/","url":"https:\/\/www.meydan.tv\/az\/article\/ilham-eliyevin-iflic-xestesi-tenqidcisi-hebs-edilib\/","name":"\u0130lham \u018fliyevi t\u0259nqid ed\u0259n iflic x\u0259st\u0259si h\u0259bs edilib - MEYDAN.TV","isPartOf":{"@id":"https:\/\/www.meydan.tv\/az\/#website"},"primaryImageOfPage":{"@id":"https:\/\/www.meydan.tv\/az\/article\/ilham-eliyevin-iflic-xestesi-tenqidcisi-hebs-edilib\/#primaryimage"},"image":{"@id":"https:\/\/www.meydan.tv\/az\/article\/ilham-eliyevin-iflic-xestesi-tenqidcisi-hebs-edilib\/#primaryimage"},"thumbnailUrl":"https:\/\/www.meydan.tv\/wp-content\/uploads\/1-62-e1714990192554.jpg","datePublished":"2024-05-08T10:09:32+00:00","dateModified":"2024-05-08T13:30:17+00:00","breadcrumb":{"@id":"https:\/\/www.meydan.tv\/az\/article\/ilham-eliyevin-iflic-xestesi-tenqidcisi-hebs-edilib\/#breadcrumb"},"inLanguage":"az","potentialAction":[{"@type":"ReadAction","target":["https:\/\/www.meydan.tv\/az\/article\/ilham-eliyevin-iflic-xestesi-tenqidcisi-hebs-edilib\/"]}]},{"@type":"ImageObject","inLanguage":"az","@id":"https:\/\/www.meydan.tv\/az\/article\/ilham-eliyevin-iflic-xestesi-tenqidcisi-hebs-edilib\/#primaryimage","url":"https:\/\/www.meydan.tv\/wp-content\/uploads\/1-62-e1714990192554.jpg","contentUrl":"https:\/\/www.meydan.tv\/wp-content\/uploads\/1-62-e1714990192554.jpg","width":1200,"height":511,"caption":"Foto: Famil X\u0259lilovun \u015f\u0259xsi arxivind\u0259n"},{"@type":"BreadcrumbList","@id":"https:\/\/www.meydan.tv\/az\/article\/ilham-eliyevin-iflic-xestesi-tenqidcisi-hebs-edilib\/#breadcrumb","itemListElement":[{"@type":"ListItem","position":1,"name":"Ana s\u0259hif\u0259","item":"https:\/\/www.meydan.tv\/az\/"},{"@type":"ListItem","position":2,"name":"Video","item":"https:\/\/www.meydan.tv\/az\/section\/video-2\/"},{"@type":"ListItem","position":3,"name":"\u0130lham \u018fliyevi t\u0259nqid ed\u0259n iflic x\u0259st\u0259si h\u0259bs edilib"}]},{"@type":"WebSite","@id":"https:\/\/www.meydan.tv\/az\/#website","url":"https:\/\/www.meydan.tv\/az\/","name":"MEYDAN.TV","description":"Meydan TV Az\u0259rbaycan\u0131n media m\u0259kan\u0131ndak\u0131 alternativ s\u0259sidir","publisher":{"@id":"https:\/\/www.meydan.tv\/az\/#organization"},"potentialAction":[{"@type":"SearchAction","target":{"@type":"EntryPoint","urlTemplate":"https:\/\/www.meydan.tv\/az\/?s={search_term_string}"},"query-input":{"@type":"PropertyValueSpecification","valueRequired":true,"valueName":"search_term_string"}}],"inLanguage":"az"},{"@type":"Organization","@id":"https:\/\/www.meydan.tv\/az\/#organization","name":"Meydan TV","url":"https:\/\/www.meydan.tv\/az\/","logo":{"@type":"ImageObject","inLanguage":"az","@id":"https:\/\/www.meydan.tv\/az\/#\/schema\/logo\/image\/","url":"https:\/\/www.meydan.tv\/wp-content\/uploads\/2021\/07\/meydan-logo.svg","contentUrl":"https:\/\/www.meydan.tv\/wp-content\/uploads\/2021\/07\/meydan-logo.svg","width":195,"height":46,"caption":"Meydan TV"},"image":{"@id":"https:\/\/www.meydan.tv\/az\/#\/schema\/logo\/image\/"}},{"@type":"Person","@id":"https:\/\/www.meydan.tv\/az\/#\/schema\/person\/476e9360e593fa131d5d71d51866f8da","name":"aleks"}]}},"_links":{"self":[{"href":"https:\/\/www.meydan.tv\/az\/wp-json\/wp\/v2\/posts\/305301","targetHints":{"allow":["GET"]}}],"collection":[{"href":"https:\/\/www.meydan.tv\/az\/wp-json\/wp\/v2\/posts"}],"about":[{"href":"https:\/\/www.meydan.tv\/az\/wp-json\/wp\/v2\/types\/post"}],"author":[{"embeddable":true,"href":"https:\/\/www.meydan.tv\/az\/wp-json\/wp\/v2\/users\/12"}],"replies":[{"embeddable":true,"href":"https:\/\/www.meydan.tv\/az\/wp-json\/wp\/v2\/comments?post=305301"}],"version-history":[{"count":4,"href":"https:\/\/www.meydan.tv\/az\/wp-json\/wp\/v2\/posts\/305301\/revisions"}],"predecessor-version":[{"id":305343,"href":"https:\/\/www.meydan.tv\/az\/wp-json\/wp\/v2\/posts\/305301\/revisions\/305343"}],"wp:featuredmedia":[{"embeddable":true,"href":"https:\/\/www.meydan.tv\/az\/wp-json\/wp\/v2\/media\/305094"}],"wp:attachment":[{"href":"https:\/\/www.meydan.tv\/az\/wp-json\/wp\/v2\/media?parent=305301"}],"wp:term":[{"taxonomy":"category","embeddable":true,"href":"https:\/\/www.meydan.tv\/az\/wp-json\/wp\/v2\/categories?post=305301"},{"taxonomy":"post_tag","embeddable":true,"href":"https:\/\/www.meydan.tv\/az\/wp-json\/wp\/v2\/tags?post=305301"}],"curies":[{"name":"wp","href":"https:\/\/api.w.org\/{rel}","templated":true}]}}