{"id":305249,"date":"2024-05-07T18:24:08","date_gmt":"2024-05-07T14:24:08","guid":{"rendered":"https:\/\/www.meydan.tv\/?p=305249"},"modified":"2024-05-07T18:42:46","modified_gmt":"2024-05-07T14:42:46","slug":"baki-istintaq-tecridxanasinda-bitin-yayildigi-bildirilir","status":"publish","type":"post","link":"https:\/\/www.meydan.tv\/az\/article\/baki-istintaq-tecridxanasinda-bitin-yayildigi-bildirilir\/","title":{"rendered":"Bak\u0131 \u0130stintaq T\u0259cridxanas\u0131nda bitin yay\u0131ld\u0131\u011f\u0131 bildirilir"},"content":{"rendered":"\n<p><\/p>\n\n\n\n<p><strong><em>Penitensiar Xidm\u0259t m\u0259lumat\u0131 t\u0259kzib edir<\/em><\/strong><\/p>\n\n\n\n<p>1 sayl\u0131 Bak\u0131 \u0130stintaq T\u0259cridxanas\u0131nda anoplura parazitinin (bit) yay\u0131ld\u0131\u011f\u0131 <a href=\"https:\/\/politfm.com\/skandal-baki-istintaq-t%c9%99cridxanasinda-bit-yayilib\/\">bildirilir.<\/a><\/p>\n\n\n\n<p>Bu bar\u0259d\u0259 qad\u0131n koloniyas\u0131na g\u00f6nd\u0259ril\u0259n m\u0259hkum \u00f6z ail\u0259 \u00fczvl\u0259rin\u0259 m\u0259lumat verib.<\/p>\n\n\n\n<p>O deyib ki, v\u0259ziyy\u0259t son d\u0259r\u0259c\u0259 a\u011f\u0131rd\u0131r:<\/p>\n\n\n\n<p>&#8220;<em>H\u0259tta i\u015f o yer\u0259 g\u0259lib ki, qad\u0131n m\u0259hkumlar\u0131n sa\u00e7lar\u0131 q\u0131rx\u0131l\u0131r. Antisanitariyan\u0131n \u0259sas s\u0259b\u0259bl\u0259rind\u0259n biri isti suyun az verilm\u0259si ya da he\u00e7 verilm\u0259m\u0259sidir&#8221;.<\/em><\/p>\n\n\n\n<p>M\u0259hkumun dediyin\u0259 g\u00f6r\u0259, 8-10-12 n\u0259f\u0259rlik kameralarda \u00e7imm\u0259k \u00fc\u00e7\u00fcn isti su h\u0259ft\u0259d\u0259 iki d\u0259f\u0259 olmaqla c\u0259mi iki saat verilir.<\/p>\n\n\n\n<p>Bundan \u0259lav\u0259, m\u0259hkumlar qad\u0131nlara m\u0259xsus spesifik gigiyena m\u0259hsullar\u0131 il\u0259 dem\u0259k olar ki, t\u0259min edilmirl\u0259r.<\/p>\n\n\n<div class=\"wp-block-image\">\n<figure class=\"alignleft size-full is-resized\"><img decoding=\"async\" width=\"1200\" height=\"660\" data-src=\"https:\/\/www.meydan.tv\/wp-content\/uploads\/whatsapp-image-2024-02-12-at-17.53.42_944dd56b.jpg\" alt=\"\" class=\"wp-image-299255 lazyload\" style=\"--smush-placeholder-width: 1200px; --smush-placeholder-aspect-ratio: 1200\/660;width:389px;height:auto\" src=\"data:image\/svg+xml;base64,PHN2ZyB3aWR0aD0iMSIgaGVpZ2h0PSIxIiB4bWxucz0iaHR0cDovL3d3dy53My5vcmcvMjAwMC9zdmciPjwvc3ZnPg==\" \/><figcaption class=\"wp-element-caption\">Penitensiar Xidm\u0259t (PX). Foto: PX<\/figcaption><\/figure>\n<\/div>\n\n\n<p>\u018fdliyy\u0259 Nazirliyinin Penitensiar Xidm\u0259tind\u0259n Meydan TV-y\u0259 bildirilib ki, qeyd edil\u0259nl\u0259r h\u0259qiq\u0259ti \u0259ks etdirmir.<\/p>\n\n\n\n<p>\u201c<em>B\u00fct\u00fcn penitensiar m\u00fc\u0259ssis\u0259l\u0259rd\u0259 m\u00fct\u0259madi olaraq m\u0259hkum v\u0259 h\u0259bs edilmi\u015f \u015f\u0259xsl\u0259rin saxland\u0131\u011f\u0131 kameralarda, yataqxanalarda, h\u0259m\u00e7inin dig\u0259r ya\u015fay\u0131\u015f yerl\u0259rind\u0259 m\u00fct\u0259madi olaraq sanitar-gigiyena v\u0259 \u0259ksepidemik t\u0259dbirl\u0259r qanunvericilikl\u0259 m\u00fc\u0259yy\u0259n edilmi\u015f qaydalara uy\u011fun apar\u0131l\u0131r, daim n\u0259zar\u0259td\u0259 saxlan\u0131l\u0131r\u201d, &#8211; <\/em>Penitensiar Xidm\u0259tin m\u0259lumat\u0131nda deyilir.<\/p>\n\n\n\n<p>H\u0259m\u00e7inin qeyd olunur ki, Bak\u0131 istintaq t\u0259cridxanas\u0131nda qad\u0131nlar\u0131n saxland\u0131\u011f\u0131 h\u0259r bir kamerada du\u015f q\u0259bul etm\u0259k \u00fc\u00e7\u00fcn isti v\u0259 soyuq su il\u0259 t\u0259min edilmi\u015f hamam avadanl\u0131qlar\u0131 v\u0259 sanitar-gigiyena qaydalar\u0131na cavab ver\u0259n sanitar qov\u015faqlar var:<\/p>\n\n\n\n<p><em>\u201cH\u0259bs edilmi\u015f \u015f\u0259xsl\u0259r\u0259 h\u0259ft\u0259d\u0259 bir d\u0259f\u0259d\u0259n az olmayaraq, havalar\u0131n isti ke\u00e7diyi d\u00f6vrl\u0259rd\u0259 daha tez-tez hamam v\u0259 ya du\u015f q\u0259bul etm\u0259k \u00fc\u00e7\u00fcn \u015f\u0259rait yarad\u0131l\u0131r. Penitensiar m\u00fc\u0259ssis\u0259l\u0259rd\u0259 saxlan\u0131lan qad\u0131nlar qanunvericilikd\u0259 n\u0259z\u0259rd\u0259 tutulmu\u015f x\u00fcsusi gigiyena l\u0259vazimatlar\u0131 il\u0259 t\u0259min edilirl\u0259r&#8221;.<\/em><\/p>\n","protected":false},"excerpt":{"rendered":"<p>Penitensiar Xidm\u0259t m\u0259lumat\u0131 t\u0259kzib edir 1 sayl\u0131 Bak\u0131 \u0130stintaq T\u0259cridxanas\u0131nda &#8230; <\/p>\n<p class=\"read-more-container\"><a title=\"Bak\u0131 \u0130stintaq T\u0259cridxanas\u0131nda bitin yay\u0131ld\u0131\u011f\u0131 bildirilir\" class=\"read-more button\" href=\"https:\/\/www.meydan.tv\/az\/article\/baki-istintaq-tecridxanasinda-bitin-yayildigi-bildirilir\/#more-305249\" aria-label=\"Read more about Bak\u0131 \u0130stintaq T\u0259cridxanas\u0131nda bitin yay\u0131ld\u0131\u011f\u0131 bildirilir\">Davam\u0131<\/a><\/p>\n","protected":false},"author":8,"featured_media":278974,"comment_status":"closed","ping_status":"closed","sticky":false,"template":"","format":"standard","meta":{"_acf_changed":false,"_sitemap_exclude":false,"_sitemap_priority":"","_sitemap_frequency":"","footnotes":""},"categories":[62,56],"tags":[],"class_list":["post-305249","post","type-post","status-publish","format-standard","has-post-thumbnail","hentry","category-sosial","category-xeberler","infinite-scroll-item","generate-columns","tablet-grid-50","mobile-grid-100","grid-parent","grid-33","no-featured-image-padding"],"acf":[],"yoast_head":"<!-- This site is optimized with the Yoast SEO plugin v27.5 - https:\/\/yoast.com\/product\/yoast-seo-wordpress\/ -->\n<title>Bak\u0131 \u0130stintaq T\u0259cridxanas\u0131nda bitin yay\u0131ld\u0131\u011f\u0131 bildirilir - MEYDAN.TV<\/title>\n<meta name=\"robots\" content=\"index, follow, max-snippet:-1, max-image-preview:large, max-video-preview:-1\" \/>\n<link rel=\"canonical\" href=\"https:\/\/www.meydan.tv\/az\/article\/baki-istintaq-tecridxanasinda-bitin-yayildigi-bildirilir\/\" \/>\n<meta property=\"og:locale\" content=\"az_AZ\" \/>\n<meta property=\"og:type\" content=\"article\" \/>\n<meta property=\"og:title\" content=\"Bak\u0131 \u0130stintaq T\u0259cridxanas\u0131nda bitin yay\u0131ld\u0131\u011f\u0131 bildirilir - MEYDAN.TV\" \/>\n<meta property=\"og:description\" content=\"Penitensiar Xidm\u0259t m\u0259lumat\u0131 t\u0259kzib edir 1 sayl\u0131 Bak\u0131 \u0130stintaq T\u0259cridxanas\u0131nda ... Davam\u0131\" \/>\n<meta property=\"og:url\" content=\"https:\/\/www.meydan.tv\/az\/article\/baki-istintaq-tecridxanasinda-bitin-yayildigi-bildirilir\/\" \/>\n<meta property=\"og:site_name\" content=\"MEYDAN.TV\" \/>\n<meta property=\"article:published_time\" content=\"2024-05-07T14:24:08+00:00\" \/>\n<meta property=\"article:modified_time\" content=\"2024-05-07T14:42:46+00:00\" \/>\n<meta property=\"og:image\" content=\"https:\/\/www.meydan.tv\/wp-content\/uploads\/untitled-design-3-99.jpg\" \/>\n\t<meta property=\"og:image:width\" content=\"1200\" \/>\n\t<meta property=\"og:image:height\" content=\"800\" \/>\n\t<meta property=\"og:image:type\" content=\"image\/jpeg\" \/>\n<meta name=\"author\" content=\"elli\" \/>\n<meta name=\"twitter:card\" content=\"summary_large_image\" \/>\n<meta name=\"twitter:creator\" content=\"@elli\" \/>\n<script type=\"application\/ld+json\" class=\"yoast-schema-graph\">{\"@context\":\"https:\\\/\\\/schema.org\",\"@graph\":[{\"@type\":\"Article\",\"@id\":\"https:\\\/\\\/www.meydan.tv\\\/az\\\/article\\\/baki-istintaq-tecridxanasinda-bitin-yayildigi-bildirilir\\\/#article\",\"isPartOf\":{\"@id\":\"https:\\\/\\\/www.meydan.tv\\\/az\\\/article\\\/baki-istintaq-tecridxanasinda-bitin-yayildigi-bildirilir\\\/\"},\"author\":{\"name\":\"elli\",\"@id\":\"https:\\\/\\\/www.meydan.tv\\\/az\\\/#\\\/schema\\\/person\\\/9cdbecf90d17180ce1dfbd95b08dcf47\"},\"headline\":\"Bak\u0131 \u0130stintaq T\u0259cridxanas\u0131nda bitin yay\u0131ld\u0131\u011f\u0131 bildirilir\",\"datePublished\":\"2024-05-07T14:24:08+00:00\",\"dateModified\":\"2024-05-07T14:42:46+00:00\",\"mainEntityOfPage\":{\"@id\":\"https:\\\/\\\/www.meydan.tv\\\/az\\\/article\\\/baki-istintaq-tecridxanasinda-bitin-yayildigi-bildirilir\\\/\"},\"wordCount\":352,\"publisher\":{\"@id\":\"https:\\\/\\\/www.meydan.tv\\\/az\\\/#organization\"},\"image\":{\"@id\":\"https:\\\/\\\/www.meydan.tv\\\/az\\\/article\\\/baki-istintaq-tecridxanasinda-bitin-yayildigi-bildirilir\\\/#primaryimage\"},\"thumbnailUrl\":\"https:\\\/\\\/www.meydan.tv\\\/wp-content\\\/uploads\\\/untitled-design-3-99.jpg\",\"articleSection\":[\"Sosial\",\"X\u0259b\u0259rl\u0259r\"],\"inLanguage\":\"az\"},{\"@type\":\"WebPage\",\"@id\":\"https:\\\/\\\/www.meydan.tv\\\/az\\\/article\\\/baki-istintaq-tecridxanasinda-bitin-yayildigi-bildirilir\\\/\",\"url\":\"https:\\\/\\\/www.meydan.tv\\\/az\\\/article\\\/baki-istintaq-tecridxanasinda-bitin-yayildigi-bildirilir\\\/\",\"name\":\"Bak\u0131 \u0130stintaq T\u0259cridxanas\u0131nda bitin yay\u0131ld\u0131\u011f\u0131 bildirilir - MEYDAN.TV\",\"isPartOf\":{\"@id\":\"https:\\\/\\\/www.meydan.tv\\\/az\\\/#website\"},\"primaryImageOfPage\":{\"@id\":\"https:\\\/\\\/www.meydan.tv\\\/az\\\/article\\\/baki-istintaq-tecridxanasinda-bitin-yayildigi-bildirilir\\\/#primaryimage\"},\"image\":{\"@id\":\"https:\\\/\\\/www.meydan.tv\\\/az\\\/article\\\/baki-istintaq-tecridxanasinda-bitin-yayildigi-bildirilir\\\/#primaryimage\"},\"thumbnailUrl\":\"https:\\\/\\\/www.meydan.tv\\\/wp-content\\\/uploads\\\/untitled-design-3-99.jpg\",\"datePublished\":\"2024-05-07T14:24:08+00:00\",\"dateModified\":\"2024-05-07T14:42:46+00:00\",\"breadcrumb\":{\"@id\":\"https:\\\/\\\/www.meydan.tv\\\/az\\\/article\\\/baki-istintaq-tecridxanasinda-bitin-yayildigi-bildirilir\\\/#breadcrumb\"},\"inLanguage\":\"az\",\"potentialAction\":[{\"@type\":\"ReadAction\",\"target\":[\"https:\\\/\\\/www.meydan.tv\\\/az\\\/article\\\/baki-istintaq-tecridxanasinda-bitin-yayildigi-bildirilir\\\/\"]}]},{\"@type\":\"ImageObject\",\"inLanguage\":\"az\",\"@id\":\"https:\\\/\\\/www.meydan.tv\\\/az\\\/article\\\/baki-istintaq-tecridxanasinda-bitin-yayildigi-bildirilir\\\/#primaryimage\",\"url\":\"https:\\\/\\\/www.meydan.tv\\\/wp-content\\\/uploads\\\/untitled-design-3-99.jpg\",\"contentUrl\":\"https:\\\/\\\/www.meydan.tv\\\/wp-content\\\/uploads\\\/untitled-design-3-99.jpg\",\"width\":1200,\"height\":800,\"caption\":\"H\u0259bsxana. Foto: arxiv\"},{\"@type\":\"BreadcrumbList\",\"@id\":\"https:\\\/\\\/www.meydan.tv\\\/az\\\/article\\\/baki-istintaq-tecridxanasinda-bitin-yayildigi-bildirilir\\\/#breadcrumb\",\"itemListElement\":[{\"@type\":\"ListItem\",\"position\":1,\"name\":\"Ana s\u0259hif\u0259\",\"item\":\"https:\\\/\\\/www.meydan.tv\\\/az\\\/\"},{\"@type\":\"ListItem\",\"position\":2,\"name\":\"Sosial\",\"item\":\"https:\\\/\\\/www.meydan.tv\\\/az\\\/section\\\/sosial\\\/\"},{\"@type\":\"ListItem\",\"position\":3,\"name\":\"Bak\u0131 \u0130stintaq T\u0259cridxanas\u0131nda bitin yay\u0131ld\u0131\u011f\u0131 bildirilir\"}]},{\"@type\":\"WebSite\",\"@id\":\"https:\\\/\\\/www.meydan.tv\\\/az\\\/#website\",\"url\":\"https:\\\/\\\/www.meydan.tv\\\/az\\\/\",\"name\":\"MEYDAN.TV\",\"description\":\"Meydan TV Az\u0259rbaycan\u0131n media m\u0259kan\u0131ndak\u0131 alternativ s\u0259sidir\",\"publisher\":{\"@id\":\"https:\\\/\\\/www.meydan.tv\\\/az\\\/#organization\"},\"potentialAction\":[{\"@type\":\"SearchAction\",\"target\":{\"@type\":\"EntryPoint\",\"urlTemplate\":\"https:\\\/\\\/www.meydan.tv\\\/az\\\/?s={search_term_string}\"},\"query-input\":{\"@type\":\"PropertyValueSpecification\",\"valueRequired\":true,\"valueName\":\"search_term_string\"}}],\"inLanguage\":\"az\"},{\"@type\":\"Organization\",\"@id\":\"https:\\\/\\\/www.meydan.tv\\\/az\\\/#organization\",\"name\":\"Meydan TV\",\"url\":\"https:\\\/\\\/www.meydan.tv\\\/az\\\/\",\"logo\":{\"@type\":\"ImageObject\",\"inLanguage\":\"az\",\"@id\":\"https:\\\/\\\/www.meydan.tv\\\/az\\\/#\\\/schema\\\/logo\\\/image\\\/\",\"url\":\"https:\\\/\\\/www.meydan.tv\\\/wp-content\\\/uploads\\\/2021\\\/07\\\/meydan-logo.svg\",\"contentUrl\":\"https:\\\/\\\/www.meydan.tv\\\/wp-content\\\/uploads\\\/2021\\\/07\\\/meydan-logo.svg\",\"width\":195,\"height\":46,\"caption\":\"Meydan TV\"},\"image\":{\"@id\":\"https:\\\/\\\/www.meydan.tv\\\/az\\\/#\\\/schema\\\/logo\\\/image\\\/\"}},{\"@type\":\"Person\",\"@id\":\"https:\\\/\\\/www.meydan.tv\\\/az\\\/#\\\/schema\\\/person\\\/9cdbecf90d17180ce1dfbd95b08dcf47\",\"name\":\"elli\",\"sameAs\":[\"https:\\\/\\\/x.com\\\/elli\"]}]}<\/script>\n<!-- \/ Yoast SEO plugin. -->","yoast_head_json":{"title":"Bak\u0131 \u0130stintaq T\u0259cridxanas\u0131nda bitin yay\u0131ld\u0131\u011f\u0131 bildirilir - MEYDAN.TV","robots":{"index":"index","follow":"follow","max-snippet":"max-snippet:-1","max-image-preview":"max-image-preview:large","max-video-preview":"max-video-preview:-1"},"canonical":"https:\/\/www.meydan.tv\/az\/article\/baki-istintaq-tecridxanasinda-bitin-yayildigi-bildirilir\/","og_locale":"az_AZ","og_type":"article","og_title":"Bak\u0131 \u0130stintaq T\u0259cridxanas\u0131nda bitin yay\u0131ld\u0131\u011f\u0131 bildirilir - MEYDAN.TV","og_description":"Penitensiar Xidm\u0259t m\u0259lumat\u0131 t\u0259kzib edir 1 sayl\u0131 Bak\u0131 \u0130stintaq T\u0259cridxanas\u0131nda ... Davam\u0131","og_url":"https:\/\/www.meydan.tv\/az\/article\/baki-istintaq-tecridxanasinda-bitin-yayildigi-bildirilir\/","og_site_name":"MEYDAN.TV","article_published_time":"2024-05-07T14:24:08+00:00","article_modified_time":"2024-05-07T14:42:46+00:00","og_image":[{"width":1200,"height":800,"url":"https:\/\/www.meydan.tv\/wp-content\/uploads\/untitled-design-3-99.jpg","type":"image\/jpeg"}],"author":"elli","twitter_card":"summary_large_image","twitter_creator":"@elli","schema":{"@context":"https:\/\/schema.org","@graph":[{"@type":"Article","@id":"https:\/\/www.meydan.tv\/az\/article\/baki-istintaq-tecridxanasinda-bitin-yayildigi-bildirilir\/#article","isPartOf":{"@id":"https:\/\/www.meydan.tv\/az\/article\/baki-istintaq-tecridxanasinda-bitin-yayildigi-bildirilir\/"},"author":{"name":"elli","@id":"https:\/\/www.meydan.tv\/az\/#\/schema\/person\/9cdbecf90d17180ce1dfbd95b08dcf47"},"headline":"Bak\u0131 \u0130stintaq T\u0259cridxanas\u0131nda bitin yay\u0131ld\u0131\u011f\u0131 bildirilir","datePublished":"2024-05-07T14:24:08+00:00","dateModified":"2024-05-07T14:42:46+00:00","mainEntityOfPage":{"@id":"https:\/\/www.meydan.tv\/az\/article\/baki-istintaq-tecridxanasinda-bitin-yayildigi-bildirilir\/"},"wordCount":352,"publisher":{"@id":"https:\/\/www.meydan.tv\/az\/#organization"},"image":{"@id":"https:\/\/www.meydan.tv\/az\/article\/baki-istintaq-tecridxanasinda-bitin-yayildigi-bildirilir\/#primaryimage"},"thumbnailUrl":"https:\/\/www.meydan.tv\/wp-content\/uploads\/untitled-design-3-99.jpg","articleSection":["Sosial","X\u0259b\u0259rl\u0259r"],"inLanguage":"az"},{"@type":"WebPage","@id":"https:\/\/www.meydan.tv\/az\/article\/baki-istintaq-tecridxanasinda-bitin-yayildigi-bildirilir\/","url":"https:\/\/www.meydan.tv\/az\/article\/baki-istintaq-tecridxanasinda-bitin-yayildigi-bildirilir\/","name":"Bak\u0131 \u0130stintaq T\u0259cridxanas\u0131nda bitin yay\u0131ld\u0131\u011f\u0131 bildirilir - MEYDAN.TV","isPartOf":{"@id":"https:\/\/www.meydan.tv\/az\/#website"},"primaryImageOfPage":{"@id":"https:\/\/www.meydan.tv\/az\/article\/baki-istintaq-tecridxanasinda-bitin-yayildigi-bildirilir\/#primaryimage"},"image":{"@id":"https:\/\/www.meydan.tv\/az\/article\/baki-istintaq-tecridxanasinda-bitin-yayildigi-bildirilir\/#primaryimage"},"thumbnailUrl":"https:\/\/www.meydan.tv\/wp-content\/uploads\/untitled-design-3-99.jpg","datePublished":"2024-05-07T14:24:08+00:00","dateModified":"2024-05-07T14:42:46+00:00","breadcrumb":{"@id":"https:\/\/www.meydan.tv\/az\/article\/baki-istintaq-tecridxanasinda-bitin-yayildigi-bildirilir\/#breadcrumb"},"inLanguage":"az","potentialAction":[{"@type":"ReadAction","target":["https:\/\/www.meydan.tv\/az\/article\/baki-istintaq-tecridxanasinda-bitin-yayildigi-bildirilir\/"]}]},{"@type":"ImageObject","inLanguage":"az","@id":"https:\/\/www.meydan.tv\/az\/article\/baki-istintaq-tecridxanasinda-bitin-yayildigi-bildirilir\/#primaryimage","url":"https:\/\/www.meydan.tv\/wp-content\/uploads\/untitled-design-3-99.jpg","contentUrl":"https:\/\/www.meydan.tv\/wp-content\/uploads\/untitled-design-3-99.jpg","width":1200,"height":800,"caption":"H\u0259bsxana. Foto: arxiv"},{"@type":"BreadcrumbList","@id":"https:\/\/www.meydan.tv\/az\/article\/baki-istintaq-tecridxanasinda-bitin-yayildigi-bildirilir\/#breadcrumb","itemListElement":[{"@type":"ListItem","position":1,"name":"Ana s\u0259hif\u0259","item":"https:\/\/www.meydan.tv\/az\/"},{"@type":"ListItem","position":2,"name":"Sosial","item":"https:\/\/www.meydan.tv\/az\/section\/sosial\/"},{"@type":"ListItem","position":3,"name":"Bak\u0131 \u0130stintaq T\u0259cridxanas\u0131nda bitin yay\u0131ld\u0131\u011f\u0131 bildirilir"}]},{"@type":"WebSite","@id":"https:\/\/www.meydan.tv\/az\/#website","url":"https:\/\/www.meydan.tv\/az\/","name":"MEYDAN.TV","description":"Meydan TV Az\u0259rbaycan\u0131n media m\u0259kan\u0131ndak\u0131 alternativ s\u0259sidir","publisher":{"@id":"https:\/\/www.meydan.tv\/az\/#organization"},"potentialAction":[{"@type":"SearchAction","target":{"@type":"EntryPoint","urlTemplate":"https:\/\/www.meydan.tv\/az\/?s={search_term_string}"},"query-input":{"@type":"PropertyValueSpecification","valueRequired":true,"valueName":"search_term_string"}}],"inLanguage":"az"},{"@type":"Organization","@id":"https:\/\/www.meydan.tv\/az\/#organization","name":"Meydan TV","url":"https:\/\/www.meydan.tv\/az\/","logo":{"@type":"ImageObject","inLanguage":"az","@id":"https:\/\/www.meydan.tv\/az\/#\/schema\/logo\/image\/","url":"https:\/\/www.meydan.tv\/wp-content\/uploads\/2021\/07\/meydan-logo.svg","contentUrl":"https:\/\/www.meydan.tv\/wp-content\/uploads\/2021\/07\/meydan-logo.svg","width":195,"height":46,"caption":"Meydan TV"},"image":{"@id":"https:\/\/www.meydan.tv\/az\/#\/schema\/logo\/image\/"}},{"@type":"Person","@id":"https:\/\/www.meydan.tv\/az\/#\/schema\/person\/9cdbecf90d17180ce1dfbd95b08dcf47","name":"elli","sameAs":["https:\/\/x.com\/elli"]}]}},"_links":{"self":[{"href":"https:\/\/www.meydan.tv\/az\/wp-json\/wp\/v2\/posts\/305249","targetHints":{"allow":["GET"]}}],"collection":[{"href":"https:\/\/www.meydan.tv\/az\/wp-json\/wp\/v2\/posts"}],"about":[{"href":"https:\/\/www.meydan.tv\/az\/wp-json\/wp\/v2\/types\/post"}],"author":[{"embeddable":true,"href":"https:\/\/www.meydan.tv\/az\/wp-json\/wp\/v2\/users\/8"}],"replies":[{"embeddable":true,"href":"https:\/\/www.meydan.tv\/az\/wp-json\/wp\/v2\/comments?post=305249"}],"version-history":[{"count":2,"href":"https:\/\/www.meydan.tv\/az\/wp-json\/wp\/v2\/posts\/305249\/revisions"}],"predecessor-version":[{"id":305253,"href":"https:\/\/www.meydan.tv\/az\/wp-json\/wp\/v2\/posts\/305249\/revisions\/305253"}],"wp:featuredmedia":[{"embeddable":true,"href":"https:\/\/www.meydan.tv\/az\/wp-json\/wp\/v2\/media\/278974"}],"wp:attachment":[{"href":"https:\/\/www.meydan.tv\/az\/wp-json\/wp\/v2\/media?parent=305249"}],"wp:term":[{"taxonomy":"category","embeddable":true,"href":"https:\/\/www.meydan.tv\/az\/wp-json\/wp\/v2\/categories?post=305249"},{"taxonomy":"post_tag","embeddable":true,"href":"https:\/\/www.meydan.tv\/az\/wp-json\/wp\/v2\/tags?post=305249"}],"curies":[{"name":"wp","href":"https:\/\/api.w.org\/{rel}","templated":true}]}}